{"id":488306,"date":"2020-03-08T23:00:00","date_gmt":"2020-03-09T02:00:00","guid":{"rendered":"https:\/\/www.estrategiaconcursos.com.br\/blog\/?p=488306"},"modified":"2020-03-09T09:53:59","modified_gmt":"2020-03-09T12:53:59","slug":"gabarito-mp-ce-servidor-analista-e-tecnico","status":"publish","type":"post","link":"https:\/\/www.estrategiaconcursos.com.br\/blog\/gabarito-mp-ce-servidor-analista-e-tecnico\/","title":{"rendered":"Gabarito MP CE Servidor &#8211; Analista e T\u00e9cnico: corre\u00e7\u00e3o AO VIVO"},"content":{"rendered":"\n<p>As provas do concurso do Minist\u00e9rio P\u00fablico do Estado do Cear\u00e1 aconteceram neste domingo, 08 de mar\u00e7o. Para os cargos de Analista Ministerial a aplica\u00e7\u00e3o foi realizada \u00e0s 8h. J\u00e1 para T\u00e9cnico Ministerial, \u00e0s 15h.<\/p>\n\n\n\n<p>Ap\u00f3s o exame, essa ansiedade costuma permanecer, mas por outro motivo: <strong>conferir o gabarito<\/strong>! Mesmo depois de meses de prepara\u00e7\u00e3o intensa e 4h30 cansativas de prova, todo concurseiro tem a necessidade de saber como foi o seu desempenho, n\u00e3o \u00e9 mesmo?<\/p>\n\n\n\n<p>Pensando nisso, elaboramos duas transmiss\u00f5es distintas, com o <strong>gabarito extraoficial do concurso MP CE<\/strong>. A partir das 13h, voc\u00ea p\u00f4de acompanhar a corre\u00e7\u00e3o do cargo de Analista Ministerial da \u00e1rea Administrativa. J\u00e1 \u00e0s 19h, realizamos a corre\u00e7\u00e3o para o cargo de T\u00e9cnico Ministerial.<\/p>\n\n\n\n<h2 class=\"wp-block-heading\">Ranking MP CE Servidor- Analista e T\u00e9cnico<\/h2>\n\n\n\n<p>Voc\u00ea pode participar do nosso&nbsp;<strong>ranking classificat\u00f3rio<\/strong>&nbsp;e comparar seu desempenho com seus concorrentes. Para conferir sua nota, basta preencher suas respostas no nosso gabarito eletr\u00f4nico e aguardar a libera\u00e7\u00e3o da classifica\u00e7\u00e3o.<\/p>\n\n\n\n<p class=\"has-background has-text-align-center has-medium-font-size has-very-light-gray-background-color\"><strong><a href=\"https:\/\/docs.google.com\/forms\/d\/e\/1FAIpQLScmbo5ZgqFYSFO2CghRQ6W4_kPmWSmU8ud0LZKkUVR3v6vW3g\/viewform\" target=\"_blank\" rel=\"noreferrer noopener\" aria-label=\"Preencha seu gabarito (abre numa nova aba)\">Preencha seu gabarito<\/a><\/strong><\/p>\n\n\n\n<p class=\"has-background has-text-align-center has-medium-font-size has-very-light-gray-background-color\"><strong><a href=\"https:\/\/docs.google.com\/spreadsheets\/d\/1Pi-qkV3tcv6spJLDjDXOoh3anzhuZmOZfGcbGgwlFp4\/edit?usp=sharing\" target=\"_blank\" rel=\"noreferrer noopener\" aria-label=\"Ranking MP CE \u2013 Analista (abre numa nova aba)\">Ranking MP CE \u2013 Analista<\/a><\/strong><\/p>\n\n\n\n<p class=\"has-background has-text-align-center has-medium-font-size has-very-light-gray-background-color\"><strong><a href=\"https:\/\/docs.google.com\/spreadsheets\/d\/1GavxFPgOf34l_fVipveRLaSKjFefGoUX5be6lozBFZQ\/edit?usp=sharing\" target=\"_blank\" rel=\"noreferrer noopener\" aria-label=\"Ranking MP CE \u2013 T\u00e9cnico (abre numa nova aba)\">Ranking MP CE \u2013 T\u00e9cnico<\/a><\/strong><\/p>\n\n\n\n<h2 class=\"wp-block-heading\">Corre\u00e7\u00e3o ao vivo e Gabarito extraoficial<\/h2>\n\n\n\n<h3 class=\"wp-block-heading\">MP CE \u2013 T\u00e9cnico <strong>Ministerial<\/strong>&nbsp; <\/h3>\n\n\n<figure class=\"wp-block-embed-youtube wp-block-embed is-type-video is-provider-youtube wp-embed-aspect-16-9 wp-has-aspect-ratio\"><div class=\"lyte-wrapper\" style=\"width:853px;max-width:100%;margin:5px;\"><div class=\"lyMe\" id=\"WYL_pmcqxcakkEs\"><div id=\"lyte_pmcqxcakkEs\" data-src=\"\/\/i.ytimg.com\/vi\/pmcqxcakkEs\/hqdefault.jpg\" class=\"pL\"><div class=\"tC\"><div class=\"tT\"><\/div><\/div><div class=\"play\"><\/div><div class=\"ctrl\"><div class=\"Lctrl\"><\/div><div class=\"Rctrl\"><\/div><\/div><\/div><noscript><a href=\"https:\/\/youtu.be\/pmcqxcakkEs\" rel=\"nofollow\"><img loading=\"lazy\" decoding=\"async\" src=\"https:\/\/i.ytimg.com\/vi\/pmcqxcakkEs\/0.jpg\" alt=\"YouTube video thumbnail\" width=\"853\" height=\"460\" \/><br \/>Assista a este v\u00eddeo no YouTube<\/a><\/noscript><\/div><\/div><div class=\"lL\" style=\"max-width:100%;width:853px;margin:5px;\"><\/div><figcaption><\/figcaption><\/figure>\n\n\n<p>Abaixo, voc\u00ea confere os gabaritos das quest\u00f5es corrigidas pelos nossos professores. <\/p>\n\n\n\n<p><strong>Quest\u00e3o 1:&nbsp;<\/strong>A supress\u00e3o do acento indicativo\u2026<br \/><strong><em>Resposta:&nbsp;<\/em><\/strong>ERRADO<\/p>\n\n\n\n<p><strong>Quest\u00e3o 2:&nbsp;<\/strong>A substitui\u00e7\u00e3o do conectivo \u201cAfinal\u201d\u2026<br \/><strong><em>Resposta:<\/em><\/strong>&nbsp;ERRADO<\/p>\n\n\n\n<p><strong>Quest\u00e3o 3:&nbsp;<\/strong>O termo \u201cDesenvolveram-se\u201d poderia ser\u2026<br \/><strong><em>Resposta:<\/em><\/strong>&nbsp;CERTO<\/p>\n\n\n\n<p><strong>Quest\u00e3o 4:&nbsp;<\/strong>A \u201crede mundial de computadores\u201d a que o autor se refere\u2026<br \/><strong><em>Resposta:<\/em><\/strong>&nbsp;CERTO<\/p>\n\n\n\n<p><strong>Quest\u00e3o 5:&nbsp;<\/strong>As formas pronominais \u201cos quais\u201d e \u201ca qual\u201d\u2026<br \/><strong><em>Resposta:<\/em><\/strong>&nbsp;ERRADO<\/p>\n\n\n\n<p><strong>Quest\u00e3o 6:&nbsp;<\/strong>O trecho \u201cSua \u00fanica vantagem \u00e9 que havia tantas galinhas que\u2026<br \/><strong><em>Resposta:<\/em><\/strong>&nbsp;ERRADO<\/p>\n\n\n\n<p><strong>Quest\u00e3o 7:&nbsp;<\/strong>No trecho \u201cpairava ofegante num beiral de telhado\u201d\u2026<br \/><strong><em>Resposta:<\/em><\/strong>&nbsp;ERRADO<\/p>\n\n\n\n<p><strong>Quest\u00e3o 8:&nbsp;<\/strong>As palavras que formam a frase \u201cEst\u00fapida, t\u00edmida e livre\u201d\u2026<br \/><strong><em>Resposta:<\/em><\/strong>&nbsp;CERTO<\/p>\n\n\n\n<p><strong>Quest\u00e3o 9:&nbsp;<\/strong>No trecho \u201c\u00c9 verdade que n\u00e3o se poderia contar com ela para nada\u201d\u2026<br \/><strong><em>Resposta:<\/em><\/strong>&nbsp;CERTO<\/p>\n\n\n\n<p><strong>Quest\u00e3o 10:&nbsp;<\/strong>O trecho \u201d enquanto o rapaz galgava outros com dificuldade\u201d\u2026<br \/><strong><em>Resposta:<\/em><\/strong>&nbsp;CERTO<\/p>\n\n\n\n<p><strong>Quest\u00e3o 11:&nbsp;<\/strong>No trecho \u201cNem ela pr\u00f3pria contava consigo, como o galo cr\u00ea na sua crista\u201d\u2026<br \/><strong><em>Resposta:<\/em><\/strong>&nbsp;ERRADO<\/p>\n\n\n\n<p><strong>Quest\u00e3o 12:&nbsp;<\/strong>O MRPR prev\u00ea somente dois fechos diferentes para\u2026<br \/><strong><em>Resposta:<\/em><\/strong>&nbsp;CERTO<\/p>\n\n\n\n<p><strong>Quest\u00e3o 13:&nbsp;<\/strong>Os assuntos objetos dos expedientes oficiais\u2026<br \/><strong><em>Resposta:<\/em><\/strong>&nbsp;ERRADO<\/p>\n\n\n\n<p><strong>Quest\u00e3o 14:&nbsp;<\/strong>O texto apresentado \u00e9 predominantemente\u2026<br \/><strong><em>Resposta:<\/em><\/strong>&nbsp;ERRADO<\/p>\n\n\n\n<p><strong>Quest\u00e3o 15:&nbsp;<\/strong>A substitui\u00e7\u00e3o do trecho \u201cse for considerado\u201d\u2026<br \/><strong><em>Resposta:<\/em><\/strong>&nbsp;CERTO<\/p>\n\n\n\n<p><strong>Quest\u00e3o 16:&nbsp;<\/strong>A acep\u00e7\u00e3o de ritual empregada nos dois primeiros per\u00edodos\u2026<br \/><strong><em>Resposta:<\/em><\/strong>&nbsp;CERTO<\/p>\n\n\n\n<p><strong>Quest\u00e3o 17:&nbsp;<\/strong>A substitui\u00e7\u00e3o da conjun\u00e7\u00e3o \u201cporque\u201d\u2026<br \/><strong><em>Resposta:<\/em><\/strong>&nbsp;ERRADO<\/p>\n\n\n\n<p><strong>Quest\u00e3o 18:&nbsp;<\/strong>No trecho \u201cem rela\u00e7\u00e3o \u00e0 expectativa de um importante comunicado\u201d\u2026<br \/><strong><em>Resposta:<\/em><\/strong>&nbsp;CERTO<\/p>\n\n\n\n<p><strong>Quest\u00e3o 19:&nbsp;<\/strong>A express\u00e3o \u201csua relev\u00e2ncia\u201d\u2026<br \/><strong><em>Resposta:<\/em><\/strong>&nbsp;CERTO<\/p>\n\n\n\n<p><strong>Quest\u00e3o 20:&nbsp;<\/strong>Depreende-se do trecho \u201cTudo se passa como se n\u00f3s\u2026<br \/><strong><em>Resposta:<\/em><\/strong>&nbsp;ERRADO<\/p>\n\n\n\n<p><strong>Quest\u00e3o 21:&nbsp;<\/strong>O texto defende que, em uma manifesta\u00e7\u00e3o social, o ritual\u2026<br \/><strong><em>Resposta:<\/em><\/strong>&nbsp;ERRADO<\/p>\n\n\n\n<p><strong>Quest\u00e3o 22:&nbsp;<\/strong>A express\u00e3o \u201cdo passado\u201d\u2026<br \/><strong><em>Resposta:<\/em><\/strong>&nbsp;CERTO<\/p>\n\n\n\n<p><strong>Quest\u00e3o 23:&nbsp;<\/strong>Entre os documentos oficiais, o&nbsp;<em>email&nbsp;<\/em>\u00e9 o que apresenta\u2026<br \/><strong><em>Resposta:<\/em><\/strong>&nbsp;ERRADO<\/p>\n\n\n\n<p><strong>Quest\u00e3o 24:&nbsp;<\/strong>A formalidade e a precis\u00e3o da reda\u00e7\u00e3o oficial\u2026<br \/><strong><em>Resposta:<\/em><\/strong>&nbsp;ERRADO<\/p>\n\n\n\n<p><strong>Quest\u00e3o 25:\u00a0<\/strong>O texto de um documento oficial deve seguir a estrutura\u2026<br \/><strong><em>Resposta:<\/em><\/strong>\u00a0CERTO<\/p>\n\n\n\n<p><strong>Quest\u00e3o 26:&nbsp;<\/strong>Membro do Minist\u00e9rio P\u00fablico obt\u00e9m vitaliciedade\u2026<br \/><strong><em>Resposta:<\/em><\/strong>&nbsp;CERTO<\/p>\n\n\n\n<p><strong>Quest\u00e3o 27:&nbsp;<\/strong>\u00c9 vedado aos membros do Minist\u00e9rio P\u00fablico\u2026<br \/><strong><em>Resposta:<\/em><\/strong>&nbsp;CERTO<\/p>\n\n\n\n<p><strong>Quest\u00e3o 28:&nbsp;<\/strong>Para concorrer ao cargo de procurador-geral\u2026<br \/><strong><em>Resposta:<\/em><\/strong>&nbsp;ERRADO<\/p>\n\n\n\n<p><strong>Quest\u00e3o 29:&nbsp;<\/strong>Aumento de remunera\u00e7\u00e3o dos servidores\u2026<br \/><strong><em>Resposta:<\/em><\/strong>&nbsp;ERRADO<\/p>\n\n\n\n<p><strong>Quest\u00e3o 30:&nbsp;<\/strong>O afastamento de servidor, por at\u00e9 dois dias, devido\u2026<br \/><strong><em>Resposta:<\/em><\/strong>&nbsp;ERRADO<\/p>\n\n\n\n<p><strong>Quest\u00e3o 31:&nbsp;<\/strong>Ao funcion\u00e1rio p\u00fablico que cumprir cinco anos\u2026<br \/><strong><em>Resposta:<\/em><\/strong>&nbsp;CERTO<\/p>\n\n\n\n<p><strong>Quest\u00e3o 32:&nbsp;<\/strong>A repreens\u00e3o \u00e9 uma forma de puni\u00e7\u00e3o administrativa\u2026<br \/><strong><em>Resposta:<\/em><\/strong>&nbsp;CERTO<\/p>\n\n\n\n<p><strong>Quest\u00e3o 33:&nbsp;<\/strong>No caso de falecimento de servidor do Minist\u00e9rio P\u00fablico\u2026<br \/><strong><em>Resposta:<\/em><\/strong>&nbsp;ERRADO<\/p>\n\n\n\n<p><strong>Quest\u00e3o 34:&nbsp;<\/strong>Os conv\u00eanios realizados pelo Minist\u00e9rio P\u00fablico para implementa\u00e7\u00e3o\u2026<br \/><strong><em>Resposta:<\/em><\/strong>&nbsp;ERRADO<\/p>\n\n\n\n<p><strong>Quest\u00e3o 35:&nbsp;<\/strong>O Programa Estadual de Prote\u00e7\u00e3o e Defesa do Consumidor\u2026<br \/><strong><em>Resposta:<\/em><\/strong>&nbsp;CERTO<\/p>\n\n\n\n<p><strong>Quest\u00e3o 36:&nbsp;<\/strong>O \u00d3rg\u00e3o Especial do Col\u00e9gio de Procuradores de Justi\u00e7a\u2026<br \/><strong><em>Resposta:<\/em><\/strong>&nbsp;ERRADO<\/p>\n\n\n\n<p><strong>Quest\u00e3o 37:&nbsp;<\/strong>Compete \u00e0 Corregedoria-Geral deliberar sobre a realiza\u00e7\u00e3o de sindic\u00e2ncia\u2026<br \/><strong><em>Resposta:<\/em><\/strong>&nbsp;ERRADO<\/p>\n\n\n\n<p><strong>Quest\u00e3o 38:\u00a0<\/strong>No estado do Cear\u00e1, apenas a comarca de Fortaleza\u2026<br \/><strong><em>Resposta:<\/em><\/strong>\u00a0ERRADO<\/p>\n\n\n\n<p><strong>Quest\u00e3o 39:\u00a0<\/strong>Demiss\u00e3o, aposentadoria compuls\u00f3ria e censura&#8230;<br \/><strong><em>Resposta:<\/em><\/strong> ERRADO  <\/p>\n\n\n\n<p> <strong>Quest\u00e3o 40:\u00a0<\/strong>\u00c9 obrigat\u00f3ria a perman\u00eancia do servidor na comarca\u2026<br \/><strong><em>Resposta:<\/em><\/strong>\u00a0CERTO <\/p>\n\n\n\n<p><strong>Quest\u00e3o 41:&nbsp;<\/strong>O sucessor daquele que enriquecer ilicitamente\u2026<br \/><strong><em>Resposta:<\/em><\/strong>&nbsp;CERTO<\/p>\n\n\n\n<p><strong>Quest\u00e3o 42:&nbsp;<\/strong>As disposi\u00e7\u00f5es da Lei n\u00ba 8.429\/1992 s\u00e3o aplic\u00e1veis\u2026<br \/><strong><em>Resposta:<\/em><\/strong>&nbsp;CERTO<\/p>\n\n\n\n<p><strong>Quest\u00e3o 43:&nbsp;<\/strong>A transitoriedade do exerc\u00edcio da fun\u00e7\u00e3o\u2026<br \/><strong><em>Resposta:<\/em><\/strong>&nbsp;ERRADO<\/p>\n\n\n\n<p><strong>Quest\u00e3o 44:&nbsp;<\/strong>Lealdade \u00e0 institui\u00e7\u00e3o \u00e9 um valor que a Lei\u2026<br \/><strong><em>Resposta:<\/em><\/strong>&nbsp;CERTO<\/p>\n\n\n\n<p><strong>Quest\u00e3o 45:\u00a0<\/strong>A ocorr\u00eancia de preju\u00edzo ao er\u00e1rio \u00e9 condi\u00e7\u00e3o\u2026<br \/><strong><em>Resposta:<\/em><\/strong>\u00a0ERRADO<\/p>\n\n\n\n<p><strong>Quest\u00e3o 46:&nbsp;<\/strong>Os valores \u00e9ticos possuem origem na natureza\u2026<br \/><strong><em>Resposta:<\/em><\/strong>&nbsp;CERTO<\/p>\n\n\n\n<p><strong>Quest\u00e3o 47:&nbsp;<\/strong>A pessoa moral e os valores\u2026<br \/><strong><em>Resposta:<\/em><\/strong>&nbsp;CERTO<\/p>\n\n\n\n<p><strong>Quest\u00e3o 48:&nbsp;<\/strong>O imperativo categ\u00f3rico, para ser considerado \u00e9tico, deve\u2026<br \/><strong><em>Resposta:<\/em><\/strong>&nbsp;ERRADO<\/p>\n\n\n\n<p><strong>Quest\u00e3o 49:&nbsp;<\/strong>Os valores \u00e9ticos s\u00e3o imut\u00e1veis\u2026<br \/><strong><em>Resposta:<\/em><\/strong>&nbsp;ERRADO<\/p>\n\n\n\n<p><strong>Quest\u00e3o 50:&nbsp;<\/strong>A tradi\u00e7\u00e3o \u00e9 um dos elementos que formam\u2026<br \/><strong><em>Resposta:<\/em><\/strong>&nbsp;CERTO<\/p>\n\n\n\n<p><strong>Quest\u00e3o 51:&nbsp;<\/strong>Ministros e secret\u00e1rios estaduais e municipais\u2026<br \/><strong><em>Resposta:<\/em><\/strong>&nbsp;CERTO<\/p>\n\n\n\n<p><strong>Quest\u00e3o 52:&nbsp;<\/strong>A administra\u00e7\u00e3o p\u00fablica indireta \u00e9 composta por \u00f3rg\u00e3os\u2026<br \/><strong><em>Resposta:<\/em><\/strong>&nbsp;ERRADO<\/p>\n\n\n\n<p><strong>Quest\u00e3o 53:&nbsp;<\/strong>Cargos, empregos e fun\u00e7\u00f5es p\u00fablicos devem ser exercidos\u2026<br \/><strong><em>Resposta:<\/em><\/strong>&nbsp;CERTO<\/p>\n\n\n\n<p><strong>Quest\u00e3o 54:&nbsp;<\/strong>Um tenente da Marinha do Brasil determinou\u2026<br \/><strong><em>Resposta:<\/em><\/strong>&nbsp;CERTO<\/p>\n\n\n\n<p><strong>Quest\u00e3o 55:&nbsp;<\/strong>O corpo de bombeiros de determinada cidade\u2026<br \/><strong><em>Resposta:<\/em><\/strong>&nbsp;ERRADO<\/p>\n\n\n\n<p><strong>Quest\u00e3o 56:&nbsp;<\/strong>Caracteriza hip\u00f3tese de dispensa de licita\u00e7\u00e3o\u2026<br \/><strong><em>Resposta:<\/em><\/strong>&nbsp;ERRADO<\/p>\n\n\n\n<p><strong>Quest\u00e3o 57:&nbsp;<\/strong>A responsabilidade civil da pessoa jur\u00eddica\u2026<br \/><strong><em>Resposta:<\/em><\/strong>&nbsp;CERTO<\/p>\n\n\n\n<p><strong>Quest\u00e3o 58:\u00a0<\/strong>Nas a\u00e7\u00f5es de improbidade administrativa\u2026<br \/><strong><em>Resposta:<\/em><\/strong>\u00a0ERRADO<\/p>\n\n\n\n<p><strong>Quest\u00e3o 59:&nbsp;<\/strong>Os analfabetos n\u00e3o podem\u2026<br \/><strong><em>Resposta:<\/em><\/strong>&nbsp;ERRADO<\/p>\n\n\n\n<p><strong>Quest\u00e3o 60:&nbsp;<\/strong>Se, com o intuito de eximir-se de obriga\u00e7\u00e3o legal a todos imposta, uma pessoa\u2026<br \/><strong><em>Resposta:<\/em><\/strong>&nbsp;ERRADO<\/p>\n\n\n\n<p><strong>Quest\u00e3o 61:&nbsp;<\/strong>Brasileiro naturalizado pode ocupar o cargo\u2026<br \/><strong><em>Resposta:<\/em><\/strong>&nbsp;ERRADO<\/p>\n\n\n\n<p><strong>Quest\u00e3o 62:&nbsp;<\/strong>A honra e a imagem das pessoas s\u00e3o inviol\u00e1veis\u2026<br \/><strong><em>Resposta:<\/em><\/strong>&nbsp;CERTO<\/p>\n\n\n\n<p><strong>Quest\u00e3o 63:&nbsp;<\/strong>Compete ao STF processar e julgar o presidente da Rep\u00fablica\u2026<br \/><strong><em>Resposta:<\/em><\/strong>&nbsp;CERTO<\/p>\n\n\n\n<p><strong>Quest\u00e3o 64:&nbsp;<\/strong>O STF \u00e9 o \u00f3rg\u00e3o respons\u00e1vel pelo controle\u2026<br \/><strong><em>Resposta:<\/em><\/strong>&nbsp;ERRADO<\/p>\n\n\n\n<p><strong>Quest\u00e3o 65:&nbsp;<\/strong>O Minist\u00e9rio P\u00fablico, obervando sua autonomia\u2026<br \/><strong><em>Resposta:<\/em><\/strong>&nbsp;CERTO<\/p>\n\n\n\n<p><strong>Quest\u00e3o 66:\u00a0<\/strong>A Advocacia-Geral da Uni\u00e3o \u00e9 respons\u00e1vel\u2026<br \/><strong><em>Resposta:<\/em><\/strong>\u00a0ERRADO<\/p>\n\n\n\n<p><strong>Quest\u00e3o 67:&nbsp;<\/strong>A reforma gerencial ocorrida na administra\u00e7\u00e3o p\u00fablica\u2026<br \/><strong><em>Resposta:<\/em><\/strong>&nbsp;ERRADO<\/p>\n\n\n\n<p><strong>Quest\u00e3o 68:&nbsp;<\/strong>As mudan\u00e7as de gest\u00e3o na alta administra\u00e7\u00e3o\u2026<br \/><strong><em>Resposta:<\/em><\/strong>&nbsp;ERRADO<\/p>\n\n\n\n<p><strong>Quest\u00e3o 69:&nbsp;<\/strong>A excel\u00eancia dos servi\u00e7os p\u00fablicos pode ser\u2026<br \/><strong><em>Resposta:<\/em><\/strong>&nbsp;CERTO<\/p>\n\n\n\n<p><strong>Quest\u00e3o 70:\u00a0<\/strong>O dom\u00ednio anal\u00edtico e restrito aos processos de trabalho\u2026<br \/><strong><em>Resposta:<\/em><\/strong>\u00a0ERRADO<\/p>\n\n\n\n<p><strong>Quest\u00e3o 71:&nbsp;<\/strong>Para favorecer o alcance de resultados\u2026<br \/><strong><em>Resposta:<\/em><\/strong>&nbsp;CERTO<\/p>\n\n\n\n<p><strong>Quest\u00e3o 72:&nbsp;<\/strong>A gest\u00e3o de compet\u00eancias \u00e9 um processo unilateral\u2026<br \/><strong><em>Resposta:<\/em><\/strong>&nbsp;ERRADO<\/p>\n\n\n\n<p><strong>Quest\u00e3o 73:&nbsp;<\/strong>O gerenciamento consiste em monitorar\u2026<br \/><strong><em>Resposta:<\/em><\/strong>&nbsp;CERTO<\/p>\n\n\n\n<p><strong>Quest\u00e3o 74:&nbsp;<\/strong>A educa\u00e7\u00e3o corporativa tem foco no conhecimento acad\u00eamico\u2026<br \/><strong><em>Resposta:<\/em><\/strong>&nbsp;ERRADO<\/p>\n\n\n\n<p><strong>Quest\u00e3o 75:&nbsp;<\/strong>\u00c9 necess\u00e1rio que as empresas, inclusive as nacionais, realizem\u2026<br \/><strong><em>Resposta:<\/em><\/strong>&nbsp;CERTO<\/p>\n\n\n\n<p><strong>Quest\u00e3o 76:&nbsp;<\/strong>O planejamento de metas estrat\u00e9gicas para alcance dos resultados\u2026<br \/><strong><em>Resposta:<\/em><\/strong>&nbsp;CERTO<\/p>\n\n\n\n<p><strong>Quest\u00e3o 77:&nbsp;<\/strong>Por meio da an\u00e1lise SWOT, \u00e9 poss\u00edvel analisar\u2026<br \/><strong><em>Resposta:<\/em><\/strong>&nbsp;CERTO<\/p>\n\n\n\n<p><strong>Quest\u00e3o 78:&nbsp;<\/strong>Pela metodologia BSC\u2026<br \/><strong><em>Resposta:<\/em><\/strong>&nbsp;ERRADO<\/p>\n\n\n\n<p><strong>Quest\u00e3o 79:&nbsp;<\/strong>As organiza\u00e7\u00f5es possuem contextos econ\u00f4micos\u2026<br \/><strong><em>Resposta:<\/em><\/strong>&nbsp;CERTO<\/p>\n\n\n\n<p><strong>Quest\u00e3o 80:&nbsp;<\/strong>A tomada de decis\u00e3o faz parte do papel da lideran\u00e7a\u2026<br \/><strong><em>Resposta:<\/em><\/strong>&nbsp;ERRADO<\/p>\n\n\n\n<p><strong>Quest\u00e3o 81:&nbsp;<\/strong>Na execu\u00e7\u00e3o de um projeto com programa\u00e7\u00e3o\u2026<br \/><strong><em>Resposta:<\/em><\/strong>&nbsp;ERRADO<\/p>\n\n\n\n<p><strong>Quest\u00e3o 82:&nbsp;<\/strong>As atividades referentes ao encerramento\u2026<br \/><strong><em>Resposta:<\/em><\/strong>&nbsp;ERRADO<\/p>\n\n\n\n<p><strong>Quest\u00e3o 83:&nbsp;<\/strong>O agente p\u00fablico responder\u00e1 pessoalmente\u2026<br \/><strong><em>Resposta:<\/em><\/strong>&nbsp;ERRADO<\/p>\n\n\n\n<p><strong>Quest\u00e3o 84:&nbsp;<\/strong>Orienta\u00e7\u00f5es normativas, s\u00famulas e enunciados\u2026<br \/><strong><em>Resposta:<\/em><\/strong>&nbsp;CERTO<\/p>\n\n\n\n<p><strong>Quest\u00e3o 85:&nbsp;<\/strong>Ao decretar a invalida\u00e7\u00e3o de um ato\u2026<br \/><strong><em>Resposta:<\/em><\/strong>&nbsp;CERTO<\/p>\n\n\n\n<p><strong>Quest\u00e3o 86:&nbsp;<\/strong>Os alimentos devem ser fixados na propor\u00e7\u00e3o da necessidade\u2026<br \/><strong><em>Resposta:<\/em><\/strong>&nbsp;CERTO<\/p>\n\n\n\n<p><strong>Quest\u00e3o 87:&nbsp;<\/strong>A tomada de decis\u00e3o apoiada \u00e9 o processo pelo qual\u2026<br \/><strong><em>Resposta:<\/em><\/strong>&nbsp;CERTO<\/p>\n\n\n\n<p><strong>Quest\u00e3o 88:&nbsp;<\/strong>O ex-c\u00f4njuge devedor de alimentos ficar\u00e1 isento\u2026<br \/><strong><em>Resposta:<\/em><\/strong>&nbsp;ERRADO<\/p>\n\n\n\n<p><strong>Quest\u00e3o 89:&nbsp;<\/strong>\u00c9 vedado o envio ou a entrega de qualquer produto\u2026<br \/><strong><em>Resposta:<\/em><\/strong>&nbsp;CERTO<\/p>\n\n\n\n<p><strong>Quest\u00e3o 90:<\/strong>\u00a0Configura venda casada, vedada pelo CDC, condicionar o fornecimento\u2026<br \/><strong><em>Resposta:<\/em><\/strong>\u00a0CERTO<\/p>\n\n\n\n<p><strong>Quest\u00e3o 91:&nbsp;<\/strong>Em caso de danos causados ao consumidor por defeitos na presta\u00e7\u00e3o\u2026<br \/><strong><em>Resposta:<\/em><\/strong>&nbsp;CERTO<\/p>\n\n\n\n<p><strong>Quest\u00e3o 92:&nbsp;<\/strong>O prazo para o consumidor reclamar de v\u00edcios de f\u00e1cil\u2026<br \/><strong><em>Resposta:<\/em><\/strong>&nbsp;ERRADO<\/p>\n\n\n\n<p><strong>Quest\u00e3o 93:&nbsp;<\/strong>Os poderes do juiz no processo civil\u2026<br \/><strong><em>Resposta:<\/em><\/strong>&nbsp;CERTO<\/p>\n\n\n\n<p><strong>Quest\u00e3o 94:&nbsp;<\/strong>Ao constatar ser amigo \u00edntimo do autor\u2026<br \/><strong><em>Resposta:<\/em><\/strong>&nbsp;ERRADO<\/p>\n\n\n\n<p><strong>Quest\u00e3o 95:&nbsp;<\/strong>Em raz\u00e3o de inadimplemento contratual\u2026<br \/><strong><em>Resposta:<\/em><\/strong>&nbsp;ERRADO<\/p>\n\n\n\n<p><strong>Quest\u00e3o 96:&nbsp;<\/strong>A procura\u00e7\u00e3o geral para o foro\u2026<br \/><strong><em>Resposta:<\/em><\/strong>&nbsp;ERRADO<\/p>\n\n\n\n<p><strong>Quest\u00e3o 97:&nbsp;<\/strong>A extin\u00e7\u00e3o do processo por desist\u00eancia da a\u00e7\u00e3o\u2026<br \/><strong><em>Resposta:<\/em><\/strong>&nbsp;ERRADO<\/p>\n\n\n\n<p><strong>Quest\u00e3o 98:&nbsp;<\/strong>Se a determina\u00e7\u00e3o do valor exato da condena\u00e7\u00e3o\u2026<br \/><strong><em>Resposta:<\/em><\/strong>&nbsp;CERTO<\/p>\n\n\n\n<p><strong>Quest\u00e3o 99:&nbsp;<\/strong>Decorrido o prazo para cumprimento volunt\u00e1rio de decis\u00e3o\u2026<br \/><strong><em>Resposta:<\/em><\/strong>&nbsp;CERTO<\/p>\n\n\n\n<p><strong>Quest\u00e3o 100:&nbsp;<\/strong>Caso discorde do pronunciamento\u2026<br \/><strong><em>Resposta:<\/em><\/strong>&nbsp;ERRADO<\/p>\n\n\n\n<p><strong>Quest\u00e3o 101:&nbsp;<\/strong>De acordo com a Resolu\u00e7\u00e3o n\u00ba 36\/2016 do \u00d3rg\u00e3o Especial\u2026<br \/><strong><em>Resposta:<\/em><\/strong>&nbsp;CERTO<\/p>\n\n\n\n<p><strong>Quest\u00e3o 102:&nbsp;<\/strong>Conforme norma prevista no C\u00f3digo de Processo Civil\u2026<br \/><strong><em>Resposta:<\/em><\/strong>&nbsp;CERTO<\/p>\n\n\n\n<p><strong>Quest\u00e3o 103:&nbsp;<\/strong>Porque estava embriagado, M\u00e1rio deve ser considerado\u2026<br \/><strong><em>Resposta:<\/em><\/strong>&nbsp;ERRADO<\/p>\n\n\n\n<p><strong>Quest\u00e3o 104:&nbsp;<\/strong>Se, ap\u00f3s a apura\u00e7\u00e3o dos fatos, a morte do rapaz\u2026<br \/><strong><em>Resposta:<\/em><\/strong>&nbsp;CERTO<\/p>\n\n\n\n<p><strong>Quest\u00e3o 105:&nbsp;<\/strong>M\u00e1rio praticou les\u00e3o corporal leve contra a mo\u00e7a\u2026<br \/><strong><em>Resposta:<\/em><\/strong>&nbsp;ERRADO<\/p>\n\n\n\n<p><strong>Quest\u00e3o 106:&nbsp;<\/strong>O crime praticado por M\u00e1rio contra a mo\u00e7a admite\u2026<br \/><strong><em>Resposta:<\/em><\/strong>&nbsp;ERRADO<\/p>\n\n\n\n<p><strong>Quest\u00e3o 107:&nbsp;<\/strong>Ana estar\u00e1 sujeita a pena privativa de liberdade\u2026<br \/><strong><em>Resposta:<\/em><\/strong>&nbsp;CERTO<\/p>\n\n\n\n<p><strong>Quest\u00e3o 108:&nbsp;<\/strong>Ana deve ser responsabilizada pelo crime\u2026<br \/><strong><em>Resposta:<\/em><\/strong>&nbsp;ERRADO<\/p>\n\n\n\n<p><strong>Quest\u00e3o 109:&nbsp;<\/strong>A amiga de Ana dever\u00e1 responder pelo crime de falso testemunho\u2026<br \/><strong><em>Resposta:<\/em><\/strong>&nbsp;CERTO<\/p>\n\n\n\n<p><strong>Quest\u00e3o 110:&nbsp;<\/strong>A conduta de Ana ao oferecer dinheiro para que a amiga\u2026<br \/><strong><em>Resposta:<\/em><\/strong>&nbsp;CERTO<\/p>\n\n\n\n<p><strong>Quest\u00e3o 111:&nbsp;<\/strong>Marta n\u00e3o poder\u00e1 habilitar-se na a\u00e7\u00e3o penal\u2026<br \/><strong><em>Resposta:<\/em><\/strong>&nbsp;ERRADO<\/p>\n\n\n\n<p><strong>Quest\u00e3o 112:&nbsp;<\/strong>A compet\u00eancia para julgar Tales ser\u00e1 de um dos juizados\u2026<br \/><strong><em>Resposta:<\/em><\/strong>&nbsp;ERRADO<\/p>\n\n\n\n<p><strong>Quest\u00e3o 113:&nbsp;<\/strong>O juiz poder\u00e1 aplicar medidas cautelares a Tales\u2026<br \/><strong><em>Resposta:<\/em><\/strong>&nbsp;CERTO<\/p>\n\n\n\n<p><strong>Quest\u00e3o 114:&nbsp;<\/strong>O crime de estupro n\u00e3o admite\u2026<br \/><strong><em>Resposta:<\/em><\/strong>&nbsp;CERTO<\/p>\n\n\n\n<p><strong>Quest\u00e3o 115:&nbsp;<\/strong>A investiga\u00e7\u00e3o policial n\u00e3o pode ser instaurada\u2026<br \/><strong><em>Resposta:<\/em><\/strong>&nbsp;ERRADO<\/p>\n\n\n\n<p><strong>Quest\u00e3o 116:&nbsp;<\/strong>Caso o processo de Nero seja manifestamente nulo\u2026<br \/><strong><em>Resposta:<\/em><\/strong>&nbsp;CERTO<\/p>\n\n\n\n<p><strong>Quest\u00e3o 117:&nbsp;<\/strong>Nero poder\u00e1 ser obrigado a pagar os honor\u00e1rios\u2026<br \/><strong><em>Resposta:<\/em><\/strong>&nbsp;CERTO<\/p>\n\n\n\n<p><strong>Quest\u00e3o 118:&nbsp;<\/strong>Como n\u00e3o foi encontrado para ser citado\u2026<br \/><strong><em>Resposta:<\/em><\/strong>&nbsp;ERRADO<\/p>\n\n\n\n<p><strong>Quest\u00e3o 119:&nbsp;<\/strong>Da senten\u00e7a que condenou Nero cabe recurso\u2026<br \/><strong><em>Resposta:<\/em><\/strong>&nbsp;ERRADO<\/p>\n\n\n\n<p><strong>Quest\u00e3o 120:&nbsp;<\/strong>Na senten\u00e7a condenat\u00f3ria de Nero, o juiz deve fixar\u2026<br \/><strong><em>Resposta:<\/em><\/strong>&nbsp;CERTO<\/p>\n\n\n\n<h3 class=\"wp-block-heading\">MP CE \u2013 Analista <strong>Ministerial<\/strong> \u00e1rea Administrativa<\/h3>\n\n\n<figure class=\"wp-block-embed-youtube wp-block-embed is-type-video is-provider-youtube wp-embed-aspect-16-9 wp-has-aspect-ratio lyte-align aligncenter\"><div class=\"lyte-wrapper\" style=\"width:853px;max-width:100%;margin:5px;\"><div class=\"lyMe\" id=\"WYL_xy2vmnamJVM\"><div id=\"lyte_xy2vmnamJVM\" data-src=\"\/\/i.ytimg.com\/vi\/xy2vmnamJVM\/hqdefault.jpg\" class=\"pL\"><div class=\"tC\"><div class=\"tT\"><\/div><\/div><div class=\"play\"><\/div><div class=\"ctrl\"><div class=\"Lctrl\"><\/div><div class=\"Rctrl\"><\/div><\/div><\/div><noscript><a href=\"https:\/\/youtu.be\/xy2vmnamJVM\" rel=\"nofollow\"><img loading=\"lazy\" decoding=\"async\" src=\"https:\/\/i.ytimg.com\/vi\/xy2vmnamJVM\/0.jpg\" alt=\"YouTube video thumbnail\" width=\"853\" height=\"460\" \/><br \/>Assista a este v\u00eddeo no YouTube<\/a><\/noscript><\/div><\/div><div class=\"lL\" style=\"max-width:100%;width:853px;margin:5px;\"><\/div><figcaption><\/figcaption><\/figure>\n\n\n<p>Abaixo, voc\u00ea confere os gabaritos das quest\u00f5es corrigidas pelos nossos professores. <\/p>\n\n\n\n<p><strong>Quest\u00e3o 1:&nbsp;<\/strong>Depreende-se do texto que a psicologia experimental\u2026<br \/><strong><em>Resposta:&nbsp;<\/em><\/strong>ERRADO<\/p>\n\n\n\n<p><strong>Quest\u00e3o 2:&nbsp;<\/strong>A professora doutora Patr\u00edcia Izar destaca que, no reino animal\u2026<br \/><strong><em>Resposta:<\/em><\/strong>&nbsp;ERRADO<\/p>\n\n\n\n<p><strong>Quest\u00e3o 3:&nbsp;<\/strong>O emprego de aspas no vocabul\u00e1rio \u2018ra\u00e7as\u2019\u2026<br \/><strong><em>Resposta:<\/em><\/strong>&nbsp;CERTO<\/p>\n\n\n\n<p><strong>Quest\u00e3o 4:&nbsp;<\/strong>A substitui\u00e7\u00e3o da forma verbal \u201cseja\u201d\u2026<br \/><strong><em>Resposta:<\/em><\/strong>&nbsp;CERTO<\/p>\n\n\n\n<p><strong>Quest\u00e3o 5:&nbsp;<\/strong>A corre\u00e7\u00e3o gramatical e os sentidos do texto seriam mantidos\u2026<br \/><strong><em>Resposta:<\/em><\/strong>&nbsp;CERTO<\/p>\n\n\n\n<p><strong>Quest\u00e3o 6:&nbsp;<\/strong>O emprego do sinal indicativo de crase no trecho\u2026<br \/><strong><em>Resposta:<\/em><\/strong>&nbsp;CERTO<\/p>\n\n\n\n<p><strong>Quest\u00e3o 7:&nbsp;<\/strong>A corre\u00e7\u00e3o gramatical do texto seria mantida\u2026<br \/><strong><em>Resposta:<\/em><\/strong>&nbsp;ERRADO<\/p>\n\n\n\n<p><strong>Quest\u00e3o 8:&nbsp;<\/strong>O verbo \u2018postular\u2019 est\u00e1 empregado\u2026<br \/><strong><em>Resposta:<\/em><\/strong>&nbsp;CERTO<\/p>\n\n\n\n<p><strong>Quest\u00e3o 9:&nbsp;<\/strong>Sem altera\u00e7\u00e3o dos sentidos originais do texto\u2026<br \/><strong><em>Resposta:<\/em><\/strong>&nbsp;ERRADO<\/p>\n\n\n\n<p><strong>Quest\u00e3o 10:&nbsp;<\/strong>Embora seja um problema mundial, a contamina\u00e7\u00e3o\u2026<br \/><strong><em>Resposta:<\/em><\/strong>&nbsp;ERRADO<\/p>\n\n\n\n<p><strong>Quest\u00e3o 11:&nbsp;<\/strong>O problema dos alimentos n\u00e3o seguros reflete\u2026<br \/><strong><em>Resposta:<\/em><\/strong>&nbsp;CERTO<\/p>\n\n\n\n<p><strong>Quest\u00e3o 12:&nbsp;<\/strong>No trecho \u201cquase uma em cada dez pessoas no mundo\u201d\u2026<br \/><strong><em>Resposta:<\/em><\/strong>&nbsp;CERTO<\/p>\n\n\n\n<p><strong>Quest\u00e3o 13:&nbsp;<\/strong>A substitui\u00e7\u00e3o da express\u00e3o \u201cmetade delas\u201d\u2026<br \/><strong><em>Resposta:<\/em><\/strong>&nbsp;CERTO<\/p>\n\n\n\n<p><strong>Quest\u00e3o 14:&nbsp;<\/strong>A corre\u00e7\u00e3o gramatical e os sentidos originais\u2026<br \/><strong><em>Resposta:<\/em><\/strong>&nbsp;ERRADO<\/p>\n\n\n\n<p><strong>Quest\u00e3o 15:&nbsp;<\/strong>Segundo Ronald Dworkin, a ampla liberdade\u2026<br \/><strong><em>Resposta:<\/em><\/strong>&nbsp;CERTO<\/p>\n\n\n\n<p><strong>Quest\u00e3o 16:&nbsp;<\/strong>O terceiro par\u00e1grafo do texto \u00e9 essencialmente\u2026<br \/><strong><em>Resposta:<\/em><\/strong>&nbsp;ERRADO<\/p>\n\n\n\n<p><strong>Quest\u00e3o 17:&nbsp;<\/strong>No texto, sugere-se que a liberdade de express\u00e3o\u2026<br \/><strong><em>Resposta:<\/em><\/strong>&nbsp;CERTO<\/p>\n\n\n\n<p><strong>Quest\u00e3o 18:&nbsp;<\/strong>\u00c9 facultativo o emprego da v\u00edrgula presente na afirma\u00e7\u00e3o\u2026<br \/><strong><em>Resposta:<\/em><\/strong>&nbsp;ERRADO<\/p>\n\n\n\n<p><strong>Quest\u00e3o 19:&nbsp;<\/strong>Sem preju\u00edzo para a corre\u00e7\u00e3o gramatical\u2026<br \/><strong><em>Resposta:<\/em><\/strong>&nbsp;ERRADO<\/p>\n\n\n\n<p><strong>Quest\u00e3o 20:&nbsp;<\/strong>A corre\u00e7\u00e3o gramatical e a coer\u00eancia do texto\u2026<br \/><strong><em>Resposta:<\/em><\/strong>&nbsp;CERTO<\/p>\n\n\n\n<p><strong>Quest\u00e3o 21:&nbsp;<\/strong>A express\u00e3o \u201csuas rela\u00e7\u00f5es\u201d\u2026<br \/><strong><em>Resposta:<\/em><\/strong>&nbsp;ERRADO<\/p>\n\n\n\n<p><strong>Quest\u00e3o 22:&nbsp;<\/strong>O expediente denominado of\u00edcio \u00e9 apropriado\u2026<br \/><strong><em>Resposta:<\/em><\/strong>&nbsp;CERTO<\/p>\n\n\n\n<p><strong>Quest\u00e3o 23:&nbsp;<\/strong>Em uma correspond\u00eancia oficial destinada\u2026<br \/><strong><em>Resposta:<\/em><\/strong>&nbsp;ERRADO<\/p>\n\n\n\n<p><strong>Quest\u00e3o 24:&nbsp;<\/strong>\u00c9 adequado o uso da forma Fortaleza, 8 de mar\u00e7o de 2020\u2026<br \/><strong><em>Resposta:<\/em><\/strong>&nbsp;CERTO<\/p>\n\n\n\n<p><strong>Quest\u00e3o 25:\u00a0<\/strong>No fecho de uma comunica\u00e7\u00e3o oficial remetida\u2026<br \/><strong><em>Resposta:<\/em><\/strong>\u00a0CERTO<\/p>\n\n\n\n<p><strong>Quest\u00e3o 26:&nbsp;<\/strong>O Poder Legislativo estadual possui\u2026<br \/><strong><em>Resposta:<\/em><\/strong>&nbsp;CERTO<\/p>\n\n\n\n<p><strong>Quest\u00e3o 27:&nbsp;<\/strong>O procurador-geral da justi\u00e7a ser\u00e1 nomeado pelo governador\u2026<br \/><strong><em>Resposta:<\/em><\/strong>&nbsp;ERRADO<\/p>\n\n\n\n<p><strong>Quest\u00e3o 28:&nbsp;<\/strong>Compete originariamente ao Tribunal de Justi\u00e7a\u2026<br \/><strong><em>Resposta:<\/em><\/strong>&nbsp;ERRADO<\/p>\n\n\n\n<p><strong>Quest\u00e3o 29:&nbsp;<\/strong>Servidor p\u00fablico estadual investido na fun\u00e7\u00e3o de presidente\u2026<br \/><strong><em>Resposta:<\/em><\/strong>&nbsp;CERTO<\/p>\n\n\n\n<p><strong>Quest\u00e3o 30:&nbsp;<\/strong>A regra que determina que, somente por voto da maioria\u2026<br \/><strong><em>Resposta:<\/em><\/strong>&nbsp;CERTO<\/p>\n\n\n\n<p><strong>Quest\u00e3o 31:&nbsp;<\/strong>A remo\u00e7\u00e3o de servidor do Minist\u00e9rio P\u00fablico do Estado do Cear\u00e1, realizada de of\u00edcio\u2026<br \/><strong><em>Resposta:<\/em><\/strong>&nbsp;CERTO<\/p>\n\n\n\n<p><strong>Quest\u00e3o 32:&nbsp;<\/strong>Denomina-se eleva\u00e7\u00e3o de n\u00edvel profissional o avan\u00e7o\u2026<br \/><strong><em>Resposta:<\/em><\/strong>&nbsp;ERRADO<\/p>\n\n\n\n<p><strong>Quest\u00e3o 33:&nbsp;<\/strong>As comiss\u00f5es permanentes que atuam em inqu\u00e9rito\u2026<br \/><strong><em>Resposta:<\/em><\/strong>&nbsp;CERTO<\/p>\n\n\n\n<p><strong>Quest\u00e3o 34:&nbsp;<\/strong>\u00c9 vedada a cess\u00e3o de servidor do estado do Cear\u00e1\u2026<br \/><strong><em>Resposta:<\/em><\/strong>&nbsp;ERRADO<\/p>\n\n\n\n<p><strong>Quest\u00e3o 35:&nbsp;<\/strong>Compete ao procurador geral de justi\u00e7a ajuizar a\u00e7\u00e3o penal\u2026<br \/><strong><em>Resposta:<\/em><\/strong>&nbsp;CERTO<\/p>\n\n\n\n<p><strong>Quest\u00e3o 36:&nbsp;<\/strong>A decis\u00e3o do promotor de justi\u00e7a sobre o arquivamento\u2026<br \/><strong><em>Resposta:<\/em><\/strong>&nbsp;ERRADO<\/p>\n\n\n\n<p><strong>Quest\u00e3o 37:&nbsp;<\/strong>A intima\u00e7\u00e3o pessoal do Minist\u00e9rio P\u00fablico\u2026<br \/><strong><em>Resposta:<\/em><\/strong>&nbsp;ERRADO<\/p>\n\n\n\n<p><strong>Quest\u00e3o 38:&nbsp;<\/strong>O julgamento definitivo do Conselho Superior est\u00e1 eivado\u2026<br \/><strong><em>Resposta:<\/em><\/strong>&nbsp;ERRADO<\/p>\n\n\n\n<p><strong>Quest\u00e3o 39:&nbsp;<\/strong>Da decis\u00e3o final contr\u00e1ria ao vitaliciamento\u2026<br \/><strong><em>Resposta:<\/em><\/strong>&nbsp;ERRADO<\/p>\n\n\n\n<p><strong>Quest\u00e3o 40:&nbsp;<\/strong>Durante o per\u00edodo de suspens\u00e3o do exerc\u00edcio\u2026<br \/><strong><em>Resposta:<\/em><\/strong>&nbsp;CERTO<\/p>\n\n\n\n<p><strong>Quest\u00e3o 41:&nbsp;<\/strong>Os ju\u00edzos de valor, sob perspectiva jur\u00eddica, enunciam\u2026<br \/><strong><em>Resposta:<\/em><\/strong>&nbsp;ERRADO<\/p>\n\n\n\n<p><strong>Quest\u00e3o 42:&nbsp;<\/strong>O senso moral, por ser universal, independe da sociedade\u2026<br \/><strong><em>Resposta:<\/em><\/strong>&nbsp;ERRADO<\/p>\n\n\n\n<p><strong>Quest\u00e3o 43:&nbsp;<\/strong>Os valores positivos e negativos de uma sociedade\u2026<br \/><strong><em>Resposta:<\/em><\/strong>&nbsp;ERRADO<\/p>\n\n\n\n<p><strong>Quest\u00e3o 44:&nbsp;<\/strong>A exist\u00eancia da conduta \u00e9tica pressup\u00f5e\u2026<br \/><strong><em>Resposta:<\/em><\/strong>&nbsp;CERTO<\/p>\n\n\n\n<p><strong>Quest\u00e3o 45:&nbsp;<\/strong>Segundo a escola da moral das virtudes\u2026<br \/><strong><em>Resposta:<\/em><\/strong>&nbsp;CERTO<\/p>\n\n\n\n<p><strong>Quest\u00e3o 46:&nbsp;<\/strong>A incid\u00eancia da referida lei independe de percep\u00e7\u00e3o\u2026<br \/><strong><em>Resposta:<\/em><\/strong>&nbsp;CERTO<\/p>\n\n\n\n<p><strong>Quest\u00e3o 47:&nbsp;<\/strong>Constitui ato de improbidade administrativa\u2026<br \/><strong><em>Resposta:<\/em><\/strong>&nbsp;CERTO<\/p>\n\n\n\n<p><strong>Quest\u00e3o 48:&nbsp;<\/strong>O dolo \u00e9 elemento necess\u00e1rio para que o agente responda\u2026<br \/><strong><em>Resposta:<\/em><\/strong>&nbsp;CERTO<\/p>\n\n\n\n<p><strong>Quest\u00e3o 49:&nbsp;<\/strong>As regras que vedam a pr\u00e1tica de atos de improbidade\u2026<br \/><strong><em>Resposta:<\/em><\/strong>&nbsp;ERRADO<\/p>\n\n\n\n<p><strong>Quest\u00e3o 50:&nbsp;<\/strong>Somente atos comissivos podem caracterizar\u2026<br \/><strong><em>Resposta:<\/em><\/strong>&nbsp;ERRADO<\/p>\n\n\n\n<p><strong>Quest\u00e3o 51:&nbsp;<\/strong>A ferramenta 5W2H \u00e9 adequada\u2026<br \/><strong><em>Resposta:<\/em><\/strong>&nbsp;ERRADO<\/p>\n\n\n\n<p><strong>Quest\u00e3o 52:&nbsp;<\/strong>Conforme a metodologia BSC\u2026<br \/><strong><em>Resposta:<\/em><\/strong>&nbsp;ERRADO<\/p>\n\n\n\n<p><strong>Quest\u00e3o 53:&nbsp;<\/strong>A motiva\u00e7\u00e3o manifestada pelo l\u00edder\u2026<br \/><strong><em>Resposta:<\/em><\/strong>&nbsp;ERRADO<\/p>\n\n\n\n<p><strong>Quest\u00e3o 54:&nbsp;<\/strong>Um dos aspectos essenciais do controle\u2026<br \/><strong><em>Resposta:<\/em><\/strong>&nbsp;ERRADO<\/p>\n\n\n\n<p><strong>Quest\u00e3o 55:&nbsp;<\/strong>No s\u00e9culo atual, o modelo de organiza\u00e7\u00e3o\u2026<br \/><strong><em>Resposta:<\/em><\/strong>&nbsp;ERRADO<\/p>\n\n\n\n<p><strong>Quest\u00e3o 56:&nbsp;<\/strong>Com a implanta\u00e7\u00e3o do Plano de Reforma do Aparelho do Estado\u2026<br \/><strong><em>Resposta:<\/em><\/strong>&nbsp;ERRADO<\/p>\n\n\n\n<p><strong>Quest\u00e3o 57:&nbsp;<\/strong>Em um processo de sele\u00e7\u00e3o, a entrevista\u2026<br \/><strong><em>Resposta:<\/em><\/strong>&nbsp;ERRADO<\/p>\n\n\n\n<p><strong>Quest\u00e3o 58:&nbsp;<\/strong>Em uma an\u00e1lise de cargos, al\u00e9m das responsabilidades\u2026<br \/><strong><em>Resposta:<\/em><\/strong>&nbsp;CERTO<\/p>\n\n\n\n<p><strong>Quest\u00e3o 59:&nbsp;<\/strong>Entre as metodologias de capacita\u00e7\u00e3o\u2026<br \/><strong><em>Resposta:<\/em><\/strong>&nbsp;ERRADO<\/p>\n\n\n\n<p><strong>Quest\u00e3o 60:&nbsp;<\/strong>A gest\u00e3o de desempenho possibilita promover\u2026<br \/><strong><em>Resposta:<\/em><\/strong>&nbsp;ERRADO<\/p>\n\n\n\n<p><strong>Quest\u00e3o 61:&nbsp;<\/strong>O fato de um servidor p\u00fablico demonstrar\u2026<br \/><strong><em>Resposta:<\/em><\/strong>&nbsp;ERRADO<\/p>\n\n\n\n<p><strong>Quest\u00e3o 62:&nbsp;<\/strong>O desenvolvimento dos colaboradores para alcance\u2026<br \/><strong><em>Resposta:<\/em><\/strong>&nbsp;CERTO<\/p>\n\n\n\n<p><strong>Quest\u00e3o 63:&nbsp;<\/strong>Os diagramas de Ishikawa e de Pareto s\u00e3o ferramentas\u2026<br \/><strong><em>Resposta:<\/em><\/strong>&nbsp;ERRADO<\/p>\n\n\n\n<p><strong>Quest\u00e3o 64:&nbsp;<\/strong>Na sele\u00e7\u00e3o de um projeto, deve-se concentrar\u2026<br \/><strong><em>Resposta:<\/em><\/strong>&nbsp;ERRADO<\/p>\n\n\n\n<p><strong>Quest\u00e3o 65:&nbsp;<\/strong>Para que o objetivo de um projeto esteja\u2026<br \/><strong><em>Resposta:<\/em><\/strong>&nbsp;CERTO<\/p>\n\n\n\n<p><strong>Quest\u00e3o 66:&nbsp;<\/strong>Riscos s\u00e3o eventos incertos, por isso a gest\u00e3o\u2026<br \/><strong><em>Resposta:<\/em><\/strong>&nbsp;ERRADO<\/p>\n\n\n\n<p><strong>Quest\u00e3o 67:&nbsp;<\/strong>Uma das principais contribui\u00e7\u00f5es\u2026<br \/><strong><em>Resposta:<\/em><\/strong>&nbsp;ERRADO<\/p>\n\n\n\n<p><strong>Quest\u00e3o 68:&nbsp;<\/strong>O controle estat\u00edstico permite a identifica\u00e7\u00e3o\u2026<br \/><strong><em>Resposta:<\/em><\/strong>&nbsp;ERRADO<\/p>\n\n\n\n<p><strong>Quest\u00e3o 69:&nbsp;<\/strong>A tecnologia BPM permite a extra\u00e7\u00e3o\u2026<br \/><strong><em>Resposta:<\/em><\/strong>&nbsp;CERTO<\/p>\n\n\n\n<p><strong>Quest\u00e3o 70:&nbsp;<\/strong>A gest\u00e3o de processos fortaleze a gest\u00e3o verticalizada\u2026<br \/><strong><em>Resposta:<\/em><\/strong>&nbsp;ERRADO<\/p>\n\n\n\n<p><strong>Quest\u00e3o 71:&nbsp;<\/strong>Observa\u00e7\u00e3o em campo e an\u00e1lise de documenta\u00e7\u00e3o\u2026<br \/><strong><em>Resposta:<\/em><\/strong>&nbsp;CERTO<\/p>\n\n\n\n<p><strong>Quest\u00e3o 72:&nbsp;<\/strong>A alavancagem financeira \u00e9 uma alternativa\u2026<br \/><strong><em>Resposta:<\/em><\/strong>&nbsp;ERRADO<\/p>\n\n\n\n<p><strong>Quest\u00e3o 73:&nbsp;<\/strong>Um pai iniciou uma aplica\u00e7\u00e3o financeira para que seu filho\u2026<br \/><strong><em>Resposta:<\/em><\/strong>&nbsp;CERTO<\/p>\n\n\n\n<p><strong>Quest\u00e3o 74:&nbsp;<\/strong>A realiza\u00e7\u00e3o da an\u00e1lise financeira\u2026<br \/><strong><em>Resposta:<\/em><\/strong>&nbsp;CERTO<\/p>\n\n\n\n<p><strong>Quest\u00e3o 75:&nbsp;<\/strong>O fluxo de caixa operacional \u00e9 um indicador\u2026<br \/><strong><em>Resposta:<\/em><\/strong>&nbsp;CERTO<\/p>\n\n\n\n<p><strong>Quest\u00e3o 76:&nbsp;<\/strong>O valor da receita de capital\u2026<br \/><strong><em>Resposta:<\/em><\/strong>&nbsp;CERTO<\/p>\n\n\n\n<p><strong>Quest\u00e3o 77:\u00a0<\/strong>O valor correto do total das receitas\u2026<br \/><strong><em>Resposta:<\/em><\/strong>\u00a0CERTO<\/p>\n\n\n\n<p><strong>Quest\u00e3o 78:&nbsp;<\/strong>O or\u00e7amento p\u00fablico \u00e9 um instrumento\u2026<br \/><strong><em>Resposta:<\/em><\/strong>&nbsp;ERRADO<\/p>\n\n\n\n<p><strong>Quest\u00e3o 79:&nbsp;<\/strong>A t\u00e9cnica or\u00e7ament\u00e1ria do or\u00e7amento cl\u00e1ssico\u2026<br \/><strong><em>Resposta:<\/em><\/strong>&nbsp;ERRADO<\/p>\n\n\n\n<p><strong>Quest\u00e3o 80:\u00a0<\/strong>Os investimentos p\u00fablicos cuja dura\u00e7\u00e3o ou execu\u00e7\u00e3o ultrapasse\u2026<br \/><strong><em>Resposta:<\/em><\/strong>\u00a0CERTO (cabe recurso)<\/p>\n\n\n\n<p><strong>Quest\u00e3o 81:&nbsp;<\/strong>O sistema de planejamento or\u00e7ament\u00e1rio\u2026<br \/><strong><em>Resposta:<\/em><\/strong>&nbsp;ERRADO<\/p>\n\n\n\n<p><strong>Quest\u00e3o 82:&nbsp;<\/strong>A finalidade b\u00e1sica do decreto de programa\u00e7\u00e3o or\u00e7ament\u00e1ria\u2026<br \/><strong><em>Resposta:<\/em><\/strong>&nbsp;ERRADO<\/p>\n\n\n\n<p><strong>Quest\u00e3o 83:&nbsp;<\/strong>O valor dessa d\u00edvida dever\u00e1 ser contabilizado\u2026<br \/><strong><em>Resposta:<\/em><\/strong>&nbsp;ERRADO<\/p>\n\n\n\n<p><strong>Quest\u00e3o 84:&nbsp;<\/strong>O valor dessa d\u00edvida dever\u00e1 ser inscrito na d\u00edvida\u2026<br \/><strong><em>Resposta:<\/em><\/strong>&nbsp;CERTO<\/p>\n\n\n\n<p><strong>Quest\u00e3o 85:\u00a0<\/strong>O est\u00e1gio do recolhimento da despesa\u2026<br \/><strong><em>Resposta:<\/em><\/strong>\u00a0ERRADO (cabe recurso)<\/p>\n\n\n\n<p><strong>Quest\u00e3o 86:&nbsp;<\/strong>O est\u00e1gio do empenho da despesa foi conclu\u00eddo\u2026<br \/><strong><em>Resposta:<\/em><\/strong>&nbsp;CERTO<\/p>\n\n\n\n<p><strong>Quest\u00e3o 87:&nbsp;<\/strong>Essa despesa deve ser registrada como despesa\u2026<br \/><strong><em>Resposta:<\/em><\/strong>&nbsp;ERRADO<\/p>\n\n\n\n<p><strong>Quest\u00e3o 88:&nbsp;<\/strong>Caso esse estado decida pela institui\u00e7\u00e3o desses\u2026<br \/><strong><em>Resposta:<\/em><\/strong>&nbsp;ERRADO<\/p>\n\n\n\n<p><strong>Quest\u00e3o 89:&nbsp;<\/strong>Nos termos da I.R.F, esse estado est\u00e1 impossibilitado\u2026<br \/><strong><em>Resposta:<\/em><\/strong>&nbsp;CERTO<\/p>\n\n\n\n<p><strong>Quest\u00e3o 90:<\/strong>&nbsp;Caso os recursos previstos inicialmente sejam insuficientes e haja necessidade\u2026<br \/><strong><em>Resposta:<\/em><\/strong>&nbsp;ERRADO<\/p>\n\n\n\n<p><strong>Quest\u00e3o 91:&nbsp;<\/strong>A vig\u00eancia do cr\u00e9dito disponibilizado na LOA de 2020\u2026<br \/><strong><em>Resposta:<\/em><\/strong>&nbsp;CERTO<\/p>\n\n\n\n<p><strong>Quest\u00e3o 92:&nbsp;<\/strong>Somente a receita tribut\u00e1ria\u2026<br \/><strong><em>Resposta:<\/em><\/strong>&nbsp;CERTO<\/p>\n\n\n\n<p><strong>Quest\u00e3o 93:&nbsp;<\/strong>A classifica\u00e7\u00e3o da receita p\u00fablica\u2026<br \/><strong><em>Resposta:<\/em><\/strong>&nbsp;ERRADO<\/p>\n\n\n\n<p><strong>Quest\u00e3o 94:\u00a0<\/strong>De acordo com a classifica\u00e7\u00e3o de despesa p\u00fablica\u2026<br \/><strong><em>Resposta:<\/em><\/strong>\u00a0CERTO<\/p>\n\n\n\n<p><strong>Quest\u00e3o 95:\u00a0<\/strong>Nesse caso, \u00e9 permitida a abertura de cr\u00e9dito\u2026<br \/><strong><em>Resposta:<\/em><\/strong>\u00a0CERTO<\/p>\n\n\n\n<p><strong>Quest\u00e3o 96:&nbsp;<\/strong>A profissionaliza\u00e7\u00e3o do servi\u00e7o p\u00fablico deve ser\u2026<br \/><strong><em>Resposta:<\/em><\/strong>&nbsp;ERRADO<\/p>\n\n\n\n<p><strong>Quest\u00e3o 97:&nbsp;<\/strong>Com a diminui\u00e7\u00e3o da amplitude de remunera\u00e7\u00e3o\u2026<br \/><strong><em>Resposta:<\/em><\/strong>&nbsp;ERRADO<\/p>\n\n\n\n<p><strong>Quest\u00e3o 98:&nbsp;<\/strong>O Estado do bem-estar social consiste em uma estrat\u00e9gia\u2026<br \/><strong><em>Resposta:<\/em><\/strong>&nbsp;CERTO<\/p>\n\n\n\n<p><strong>Quest\u00e3o 99:&nbsp;<\/strong>No \u00e2mbito da administra\u00e7\u00e3o p\u00fablica gerencial\u2026<br \/><strong><em>Resposta:<\/em><\/strong>&nbsp;ERRADO<\/p>\n\n\n\n<p><strong>Quest\u00e3o 100:&nbsp;<\/strong>Segundo a Estrat\u00e9gia de Governan\u00e7a Digital do governo\u2026<br \/><strong><em>Resposta:<\/em><\/strong>&nbsp;CERTO<\/p>\n\n\n\n<p><strong>Quest\u00e3o 101:&nbsp;<\/strong>Com a gest\u00e3o por resultados na produ\u00e7\u00e3o de servi\u00e7os p\u00fablicos\u2026<br \/><strong><em>Resposta:<\/em><\/strong>&nbsp;ERRADO<\/p>\n\n\n\n<p><strong>Quest\u00e3o 102:&nbsp;<\/strong>A publicidade de \u00f3rg\u00e3os p\u00fablicos n\u00e3o pode ser orientada\u2026<br \/><strong><em>Resposta:<\/em><\/strong>&nbsp;CERTO<\/p>\n\n\n\n<p><strong>Quest\u00e3o 103:&nbsp;<\/strong>No Brasil, por meio do or\u00e7amento participativo\u2026<br \/><strong><em>Resposta:<\/em><\/strong>&nbsp;ERRADO<\/p>\n\n\n\n<p><strong>Quest\u00e3o 104:&nbsp;<\/strong>A modalidade de licita\u00e7\u00e3o utilizada\u2026<br \/><strong><em>Resposta:<\/em><\/strong>&nbsp;ERRADO<\/p>\n\n\n\n<p><strong>Quest\u00e3o 105:\u00a0<\/strong>A produtividade \u00e9 um dos fatores utilizados para a avalia\u00e7\u00e3o\u2026<br \/><strong><em>Resposta:<\/em><\/strong>\u00a0CERTO<\/p>\n\n\n\n<p><strong>Quest\u00e3o 106:&nbsp;<\/strong>A exist\u00eancia de cons\u00f3rcios intermunicipais\u2026<br \/><strong><em>Resposta:<\/em><\/strong>&nbsp;ERRADO<\/p>\n\n\n\n<p><strong>Quest\u00e3o 107:&nbsp;<\/strong>Governabilidade refere-se ao conjunto de elementos\u2026<br \/><strong><em>Resposta:<\/em><\/strong>&nbsp;ERRADO<\/p>\n\n\n\n<p><strong>Quest\u00e3o 108:&nbsp;<\/strong>O controle social \u00e9 aquele exercido pelo Congresso Nacional\u2026<br \/><strong><em>Resposta:<\/em><\/strong>&nbsp;ERRADO<\/p>\n\n\n\n<p><strong>Quest\u00e3o 109:&nbsp;<\/strong>A implementa\u00e7\u00e3o de pol\u00edticas p\u00fablicas \u00e9 um processo\u2026<br \/><strong><em>Resposta:<\/em><\/strong>&nbsp;ERRADO<\/p>\n\n\n\n<p><strong>Quest\u00e3o 110:&nbsp;<\/strong>Avalia\u00e7\u00f5es formativas tem foco em processos\u2026<br \/><strong><em>Resposta:<\/em><\/strong>&nbsp;CERTO<\/p>\n\n\n\n<p><strong>Quest\u00e3o 111:&nbsp;<\/strong>A an\u00e1lise custo-benef\u00edcio baseia-se\u2026<br \/><strong><em>Resposta:<\/em><\/strong>&nbsp;ERRADO<\/p>\n\n\n\n<p><strong>Quest\u00e3o 112:&nbsp;<\/strong>Com a avalia\u00e7\u00e3o&nbsp;<em>ex ante<\/em>, \u00e9 poss\u00edvel evitar erros\u2026<br \/><strong><em>Resposta:<\/em><\/strong>&nbsp;CERTO<\/p>\n\n\n\n<p><strong>Quest\u00e3o 113:&nbsp;<\/strong>O planejamento estrat\u00e9gico de organiza\u00e7\u00f5es governamentais\u2026<br \/><strong><em>Resposta:<\/em><\/strong>&nbsp;ERRADO<\/p>\n\n\n\n<p><strong>Quest\u00e3o 114:&nbsp;<\/strong>Planejar os custos, estimar os custos, determinar o or\u00e7amento\u2026<br \/><strong><em>Resposta:<\/em><\/strong>&nbsp;ERRADO<\/p>\n\n\n\n<p><strong>Quest\u00e3o 115:&nbsp;<\/strong>Modelo l\u00f3gico \u00e9 uma metodologia de formula\u00e7\u00e3o\u2026<br \/><strong><em>Resposta:<\/em><\/strong>&nbsp;CERTO<\/p>\n\n\n\n<p><strong>Quest\u00e3o 116:&nbsp;<\/strong>O crit\u00e9rio avaliativo da efetividade de uma pol\u00edtica\u2026<br \/><strong><em>Resposta:<\/em><\/strong>&nbsp;ERRADO<\/p>\n\n\n\n<p><strong>Quest\u00e3o 117:&nbsp;<\/strong>Segundo a Lei da Transpar\u00eancia, a realiza\u00e7\u00e3o\u2026<br \/><strong><em>Resposta:<\/em><\/strong>&nbsp;CERTO<\/p>\n\n\n\n<p><strong>Quest\u00e3o 118:&nbsp;<\/strong>Conforme a Lei de Acesso \u00e0 Informa\u00e7\u00e3o, informa\u00e7\u00e3o pessoal\u2026<br \/><strong><em>Resposta:<\/em><\/strong>&nbsp;ERRADO<\/p>\n\n\n\n<p><strong>Quest\u00e3o 119:&nbsp;<\/strong>De acordo com a Lei de Acesso \u00e0 Informa\u00e7\u00e3o, informa\u00e7\u00f5es a respeito\u2026<br \/><strong><em>Resposta:<\/em><\/strong>&nbsp;CERTO<\/p>\n\n\n\n<p><strong>Quest\u00e3o 120:&nbsp;<\/strong>Informa\u00e7\u00f5es sobre a execu\u00e7\u00e3o or\u00e7ament\u00e1ria e financeira\u2026<br \/><strong><em>Resposta:<\/em><\/strong>&nbsp;CERTO<\/p>\n\n\n\n<p><\/p>\n\n\n\n<hr class=\"wp-block-separator\"\/>\n\n\n\n<p style=\"font-size:22px\" class=\"has-background has-text-align-center has-very-light-gray-background-color\"><strong>Mais informa\u00e7\u00f5es:&nbsp;<a href=\"https:\/\/www.estrategiaconcursos.com.br\/blog\/concurso-mp-ce-servidor\/\" target=\"_blank\" rel=\"noreferrer noopener\" aria-label=\"Concurso MP CE (abre numa nova aba)\">Concurso MP CE<\/a><\/strong><\/p>\n\n\n\n<p class=\"has-text-align-center has-medium-font-size\"><em><strong>Assinatura Anual Ilimitada*<\/strong><\/em><\/p>\n\n\n\n<p class=\"has-text-align-center\"><em>Prepare-se com o melhor material e com quem mais aprova em Concursos P\u00fablicos em todo o pa\u00eds. Assine agora a nossa Assinatura Anual e tenha acesso ilimitado* a todos os nossos cursos.<\/em><\/p>\n\n\n\n<p style=\"font-size:22px\" class=\"has-background has-text-align-center has-luminous-vivid-amber-background-color\"><strong>ASSINE AGORA&nbsp;\u2013&nbsp;<a rel=\"noreferrer noopener\" href=\"https:\/\/www.estrategiaconcursos.com.br\/assinaturas\" target=\"_blank\">Assinatura Ilimitada<\/a><\/strong><\/p>\n\n\n\n<p class=\"has-text-align-center has-medium-font-size\"><em><strong>Fique por dentro de todos os concursos<\/strong><\/em><\/p>\n\n\n\n<p style=\"font-size:22px\" class=\"has-background has-text-align-center has-pale-cyan-blue-background-color\"><a rel=\"noreferrer noopener\" href=\"https:\/\/www.estrategiaconcursos.com.br\/blog\/concursos-abertos\/\" target=\"_blank\"><strong>Concursos abertos<\/strong><\/a><\/p>\n\n\n\n<p style=\"font-size:22px\" class=\"has-background has-text-align-center has-pale-cyan-blue-background-color\"><a rel=\"noreferrer noopener\" href=\"https:\/\/www.estrategiaconcursos.com.br\/blog\/concursos-2020\/\" target=\"_blank\"><strong>Concursos 2020<\/strong><\/a><\/p>\n","protected":false},"excerpt":{"rendered":"<p>As provas do concurso do Minist\u00e9rio P\u00fablico do Estado do Cear\u00e1 aconteceram neste domingo, 08 de mar\u00e7o. Para os cargos de Analista Ministerial a aplica\u00e7\u00e3o foi realizada \u00e0s 8h. J\u00e1 para T\u00e9cnico Ministerial, \u00e0s 15h. Ap\u00f3s o exame, essa ansiedade costuma permanecer, mas por outro motivo: conferir o gabarito! Mesmo depois de meses de prepara\u00e7\u00e3o [&hellip;]<\/p>\n","protected":false},"author":1,"featured_media":489156,"comment_status":"open","ping_status":"closed","sticky":false,"template":"","format":"standard","meta":{"post_tipo":"news","footnotes":""},"categories":[1],"tags":[],"tax_estado":[],"class_list":["post-488306","post","type-post","status-publish","format-standard","has-post-thumbnail","hentry","category-cursos-e-concursos"],"acf":[],"yoast_head":"<!-- This site is optimized with the Yoast SEO Premium plugin v27.2 (Yoast SEO v27.2) - https:\/\/yoast.com\/product\/yoast-seo-premium-wordpress\/ -->\n<title>Gabarito MP CE Servidor - Analista e T\u00e9cnico: corre\u00e7\u00e3o AO VIVO<\/title>\n<meta name=\"robots\" content=\"index, follow, max-snippet:-1, max-image-preview:large, max-video-preview:-1\" \/>\n<link rel=\"canonical\" href=\"https:\/\/www.estrategiaconcursos.com.br\/blog\/gabarito-mp-ce-servidor-analista-e-tecnico\/\" \/>\n<meta property=\"og:locale\" content=\"pt_BR\" \/>\n<meta property=\"og:type\" content=\"article\" \/>\n<meta property=\"og:title\" content=\"Gabarito MP CE Servidor - Analista e T\u00e9cnico: corre\u00e7\u00e3o AO VIVO\" \/>\n<meta property=\"og:description\" content=\"As provas do concurso do Minist\u00e9rio P\u00fablico do Estado do Cear\u00e1 aconteceram neste domingo, 08 de mar\u00e7o. Para os cargos de Analista Ministerial a aplica\u00e7\u00e3o foi realizada \u00e0s 8h. J\u00e1 para T\u00e9cnico Ministerial, \u00e0s 15h. Ap\u00f3s o exame, essa ansiedade costuma permanecer, mas por outro motivo: conferir o gabarito! Mesmo depois de meses de prepara\u00e7\u00e3o [&hellip;]\" \/>\n<meta property=\"og:url\" content=\"https:\/\/www.estrategiaconcursos.com.br\/blog\/gabarito-mp-ce-servidor-analista-e-tecnico\/\" \/>\n<meta property=\"og:site_name\" content=\"Estrat\u00e9gia Concursos\" \/>\n<meta property=\"article:author\" content=\"https:\/\/www.facebook.com\/EstrategiaConcursos\" \/>\n<meta property=\"article:published_time\" content=\"2020-03-09T02:00:00+00:00\" \/>\n<meta property=\"article:modified_time\" content=\"2020-03-09T12:53:59+00:00\" \/>\n<meta property=\"og:image\" content=\"https:\/\/dhg1h5j42swfq.cloudfront.net\/2020\/03\/06131957\/EMAIL_MPCE.jpg\" \/>\n\t<meta property=\"og:image:width\" content=\"800\" \/>\n\t<meta property=\"og:image:height\" content=\"450\" \/>\n\t<meta property=\"og:image:type\" content=\"image\/jpeg\" \/>\n<meta name=\"author\" content=\"Coordena\u00e7\u00e3o\" \/>\n<meta name=\"twitter:card\" content=\"summary_large_image\" \/>\n<meta name=\"twitter:creator\" content=\"@EstratConcursos\" \/>\n<meta name=\"twitter:site\" content=\"@EstratConcursos\" \/>\n<meta name=\"twitter:label1\" content=\"Escrito por\" \/>\n\t<meta name=\"twitter:data1\" content=\"Coordena\u00e7\u00e3o\" \/>\n\t<meta name=\"twitter:label2\" content=\"Est. tempo de leitura\" \/>\n\t<meta name=\"twitter:data2\" content=\"19 minutos\" \/>\n<script type=\"application\/ld+json\" class=\"yoast-schema-graph\">{\"@context\":\"https:\/\/schema.org\",\"@graph\":[{\"@type\":\"NewsArticle\",\"@id\":\"https:\/\/www.estrategiaconcursos.com.br\/blog\/gabarito-mp-ce-servidor-analista-e-tecnico\/#article\",\"isPartOf\":{\"@id\":\"https:\/\/www.estrategiaconcursos.com.br\/blog\/gabarito-mp-ce-servidor-analista-e-tecnico\/\"},\"author\":{\"name\":\"Coordena\u00e7\u00e3o\",\"@id\":\"https:\/\/www.estrategiaconcursos.com.br\/blog\/#\/schema\/person\/b4a388c97673c5f483d72185668afa1f\"},\"headline\":\"Gabarito MP CE Servidor &#8211; Analista e T\u00e9cnico: corre\u00e7\u00e3o AO VIVO\",\"datePublished\":\"2020-03-09T02:00:00+00:00\",\"dateModified\":\"2020-03-09T12:53:59+00:00\",\"mainEntityOfPage\":{\"@id\":\"https:\/\/www.estrategiaconcursos.com.br\/blog\/gabarito-mp-ce-servidor-analista-e-tecnico\/\"},\"wordCount\":3802,\"commentCount\":2,\"publisher\":{\"@id\":\"https:\/\/www.estrategiaconcursos.com.br\/blog\/#organization\"},\"image\":{\"@id\":\"https:\/\/www.estrategiaconcursos.com.br\/blog\/gabarito-mp-ce-servidor-analista-e-tecnico\/#primaryimage\"},\"thumbnailUrl\":\"https:\/\/dhg1h5j42swfq.cloudfront.net\/2020\/03\/06131957\/EMAIL_MPCE.jpg\",\"articleSection\":[\"Concursos P\u00fablicos\"],\"inLanguage\":\"pt-BR\",\"potentialAction\":[{\"@type\":\"CommentAction\",\"name\":\"Comment\",\"target\":[\"https:\/\/www.estrategiaconcursos.com.br\/blog\/gabarito-mp-ce-servidor-analista-e-tecnico\/#respond\"]}],\"copyrightYear\":\"2020\",\"copyrightHolder\":{\"@id\":\"https:\/\/www.estrategiaconcursos.com.br\/blog\/#organization\"}},{\"@type\":\"WebPage\",\"@id\":\"https:\/\/www.estrategiaconcursos.com.br\/blog\/gabarito-mp-ce-servidor-analista-e-tecnico\/\",\"url\":\"https:\/\/www.estrategiaconcursos.com.br\/blog\/gabarito-mp-ce-servidor-analista-e-tecnico\/\",\"name\":\"Gabarito MP CE Servidor - Analista e T\u00e9cnico: corre\u00e7\u00e3o AO VIVO\",\"isPartOf\":{\"@id\":\"https:\/\/www.estrategiaconcursos.com.br\/blog\/#website\"},\"primaryImageOfPage\":{\"@id\":\"https:\/\/www.estrategiaconcursos.com.br\/blog\/gabarito-mp-ce-servidor-analista-e-tecnico\/#primaryimage\"},\"image\":{\"@id\":\"https:\/\/www.estrategiaconcursos.com.br\/blog\/gabarito-mp-ce-servidor-analista-e-tecnico\/#primaryimage\"},\"thumbnailUrl\":\"https:\/\/dhg1h5j42swfq.cloudfront.net\/2020\/03\/06131957\/EMAIL_MPCE.jpg\",\"datePublished\":\"2020-03-09T02:00:00+00:00\",\"dateModified\":\"2020-03-09T12:53:59+00:00\",\"breadcrumb\":{\"@id\":\"https:\/\/www.estrategiaconcursos.com.br\/blog\/gabarito-mp-ce-servidor-analista-e-tecnico\/#breadcrumb\"},\"inLanguage\":\"pt-BR\",\"potentialAction\":[{\"@type\":\"ReadAction\",\"target\":[\"https:\/\/www.estrategiaconcursos.com.br\/blog\/gabarito-mp-ce-servidor-analista-e-tecnico\/\"]}]},{\"@type\":\"ImageObject\",\"inLanguage\":\"pt-BR\",\"@id\":\"https:\/\/www.estrategiaconcursos.com.br\/blog\/gabarito-mp-ce-servidor-analista-e-tecnico\/#primaryimage\",\"url\":\"https:\/\/dhg1h5j42swfq.cloudfront.net\/2020\/03\/06131957\/EMAIL_MPCE.jpg\",\"contentUrl\":\"https:\/\/dhg1h5j42swfq.cloudfront.net\/2020\/03\/06131957\/EMAIL_MPCE.jpg\",\"width\":800,\"height\":450},{\"@type\":\"BreadcrumbList\",\"@id\":\"https:\/\/www.estrategiaconcursos.com.br\/blog\/gabarito-mp-ce-servidor-analista-e-tecnico\/#breadcrumb\",\"itemListElement\":[{\"@type\":\"ListItem\",\"position\":1,\"name\":\"In\u00edcio\",\"item\":\"https:\/\/www.estrategiaconcursos.com.br\/blog\/\"},{\"@type\":\"ListItem\",\"position\":2,\"name\":\"Gabarito MP CE Servidor &#8211; Analista e T\u00e9cnico: corre\u00e7\u00e3o AO VIVO\"}]},{\"@type\":\"WebSite\",\"@id\":\"https:\/\/www.estrategiaconcursos.com.br\/blog\/#website\",\"url\":\"https:\/\/www.estrategiaconcursos.com.br\/blog\/\",\"name\":\"Estrat\u00e9gia Concursos\",\"description\":\"O blog da Estrat\u00e9gia Concursos traz not\u00edcias sobre concursos e artigos de professores oferecendo cursos para concursos (pdf + videaulas) no site.\",\"publisher\":{\"@id\":\"https:\/\/www.estrategiaconcursos.com.br\/blog\/#organization\"},\"potentialAction\":[{\"@type\":\"SearchAction\",\"target\":{\"@type\":\"EntryPoint\",\"urlTemplate\":\"https:\/\/www.estrategiaconcursos.com.br\/blog\/?s={search_term_string}\"},\"query-input\":{\"@type\":\"PropertyValueSpecification\",\"valueRequired\":true,\"valueName\":\"search_term_string\"}}],\"inLanguage\":\"pt-BR\"},{\"@type\":\"Organization\",\"@id\":\"https:\/\/www.estrategiaconcursos.com.br\/blog\/#organization\",\"name\":\"Estrat\u00e9gia Concursos\",\"url\":\"https:\/\/www.estrategiaconcursos.com.br\/blog\/\",\"logo\":{\"@type\":\"ImageObject\",\"inLanguage\":\"pt-BR\",\"@id\":\"https:\/\/www.estrategiaconcursos.com.br\/blog\/#\/schema\/logo\/image\/\",\"url\":\"https:\/\/dhg1h5j42swfq.cloudfront.net\/2025\/06\/03203428\/logo_concursos-1.jpg\",\"contentUrl\":\"https:\/\/dhg1h5j42swfq.cloudfront.net\/2025\/06\/03203428\/logo_concursos-1.jpg\",\"width\":230,\"height\":60,\"caption\":\"Estrat\u00e9gia Concursos\"},\"image\":{\"@id\":\"https:\/\/www.estrategiaconcursos.com.br\/blog\/#\/schema\/logo\/image\/\"},\"sameAs\":[\"https:\/\/x.com\/EstratConcursos\"]},{\"@type\":\"Person\",\"@id\":\"https:\/\/www.estrategiaconcursos.com.br\/blog\/#\/schema\/person\/b4a388c97673c5f483d72185668afa1f\",\"name\":\"Coordena\u00e7\u00e3o\",\"image\":{\"@type\":\"ImageObject\",\"inLanguage\":\"pt-BR\",\"@id\":\"https:\/\/secure.gravatar.com\/avatar\/b720319e4c9a967eb58678d110f4fe35452fc5d5f97b202bac7b8acceb18c6ad?s=96&d=mm&r=g\",\"url\":\"https:\/\/secure.gravatar.com\/avatar\/b720319e4c9a967eb58678d110f4fe35452fc5d5f97b202bac7b8acceb18c6ad?s=96&d=mm&r=g\",\"contentUrl\":\"https:\/\/secure.gravatar.com\/avatar\/b720319e4c9a967eb58678d110f4fe35452fc5d5f97b202bac7b8acceb18c6ad?s=96&d=mm&r=g\",\"caption\":\"Coordena\u00e7\u00e3o\"},\"sameAs\":[\"https:\/\/www.facebook.com\/EstrategiaConcursos\",\"https:\/\/x.com\/EstratConcursos\"],\"url\":\"https:\/\/www.estrategiaconcursos.com.br\/blog\/author\/estrategia2013\/\"}]}<\/script>\n<!-- \/ Yoast SEO Premium plugin. -->","yoast_head_json":{"title":"Gabarito MP CE Servidor - Analista e T\u00e9cnico: corre\u00e7\u00e3o AO VIVO","robots":{"index":"index","follow":"follow","max-snippet":"max-snippet:-1","max-image-preview":"max-image-preview:large","max-video-preview":"max-video-preview:-1"},"canonical":"https:\/\/www.estrategiaconcursos.com.br\/blog\/gabarito-mp-ce-servidor-analista-e-tecnico\/","og_locale":"pt_BR","og_type":"article","og_title":"Gabarito MP CE Servidor - Analista e T\u00e9cnico: corre\u00e7\u00e3o AO VIVO","og_description":"As provas do concurso do Minist\u00e9rio P\u00fablico do Estado do Cear\u00e1 aconteceram neste domingo, 08 de mar\u00e7o. Para os cargos de Analista Ministerial a aplica\u00e7\u00e3o foi realizada \u00e0s 8h. J\u00e1 para T\u00e9cnico Ministerial, \u00e0s 15h. Ap\u00f3s o exame, essa ansiedade costuma permanecer, mas por outro motivo: conferir o gabarito! Mesmo depois de meses de prepara\u00e7\u00e3o [&hellip;]","og_url":"https:\/\/www.estrategiaconcursos.com.br\/blog\/gabarito-mp-ce-servidor-analista-e-tecnico\/","og_site_name":"Estrat\u00e9gia Concursos","article_author":"https:\/\/www.facebook.com\/EstrategiaConcursos","article_published_time":"2020-03-09T02:00:00+00:00","article_modified_time":"2020-03-09T12:53:59+00:00","og_image":[{"width":800,"height":450,"url":"https:\/\/dhg1h5j42swfq.cloudfront.net\/2020\/03\/06131957\/EMAIL_MPCE.jpg","type":"image\/jpeg"}],"author":"Coordena\u00e7\u00e3o","twitter_card":"summary_large_image","twitter_creator":"@EstratConcursos","twitter_site":"@EstratConcursos","twitter_misc":{"Escrito por":"Coordena\u00e7\u00e3o","Est. tempo de leitura":"19 minutos"},"schema":{"@context":"https:\/\/schema.org","@graph":[{"@type":"NewsArticle","@id":"https:\/\/www.estrategiaconcursos.com.br\/blog\/gabarito-mp-ce-servidor-analista-e-tecnico\/#article","isPartOf":{"@id":"https:\/\/www.estrategiaconcursos.com.br\/blog\/gabarito-mp-ce-servidor-analista-e-tecnico\/"},"author":{"name":"Coordena\u00e7\u00e3o","@id":"https:\/\/www.estrategiaconcursos.com.br\/blog\/#\/schema\/person\/b4a388c97673c5f483d72185668afa1f"},"headline":"Gabarito MP CE Servidor &#8211; Analista e T\u00e9cnico: corre\u00e7\u00e3o AO VIVO","datePublished":"2020-03-09T02:00:00+00:00","dateModified":"2020-03-09T12:53:59+00:00","mainEntityOfPage":{"@id":"https:\/\/www.estrategiaconcursos.com.br\/blog\/gabarito-mp-ce-servidor-analista-e-tecnico\/"},"wordCount":3802,"commentCount":2,"publisher":{"@id":"https:\/\/www.estrategiaconcursos.com.br\/blog\/#organization"},"image":{"@id":"https:\/\/www.estrategiaconcursos.com.br\/blog\/gabarito-mp-ce-servidor-analista-e-tecnico\/#primaryimage"},"thumbnailUrl":"https:\/\/dhg1h5j42swfq.cloudfront.net\/2020\/03\/06131957\/EMAIL_MPCE.jpg","articleSection":["Concursos P\u00fablicos"],"inLanguage":"pt-BR","potentialAction":[{"@type":"CommentAction","name":"Comment","target":["https:\/\/www.estrategiaconcursos.com.br\/blog\/gabarito-mp-ce-servidor-analista-e-tecnico\/#respond"]}],"copyrightYear":"2020","copyrightHolder":{"@id":"https:\/\/www.estrategiaconcursos.com.br\/blog\/#organization"}},{"@type":"WebPage","@id":"https:\/\/www.estrategiaconcursos.com.br\/blog\/gabarito-mp-ce-servidor-analista-e-tecnico\/","url":"https:\/\/www.estrategiaconcursos.com.br\/blog\/gabarito-mp-ce-servidor-analista-e-tecnico\/","name":"Gabarito MP CE Servidor - Analista e T\u00e9cnico: corre\u00e7\u00e3o AO VIVO","isPartOf":{"@id":"https:\/\/www.estrategiaconcursos.com.br\/blog\/#website"},"primaryImageOfPage":{"@id":"https:\/\/www.estrategiaconcursos.com.br\/blog\/gabarito-mp-ce-servidor-analista-e-tecnico\/#primaryimage"},"image":{"@id":"https:\/\/www.estrategiaconcursos.com.br\/blog\/gabarito-mp-ce-servidor-analista-e-tecnico\/#primaryimage"},"thumbnailUrl":"https:\/\/dhg1h5j42swfq.cloudfront.net\/2020\/03\/06131957\/EMAIL_MPCE.jpg","datePublished":"2020-03-09T02:00:00+00:00","dateModified":"2020-03-09T12:53:59+00:00","breadcrumb":{"@id":"https:\/\/www.estrategiaconcursos.com.br\/blog\/gabarito-mp-ce-servidor-analista-e-tecnico\/#breadcrumb"},"inLanguage":"pt-BR","potentialAction":[{"@type":"ReadAction","target":["https:\/\/www.estrategiaconcursos.com.br\/blog\/gabarito-mp-ce-servidor-analista-e-tecnico\/"]}]},{"@type":"ImageObject","inLanguage":"pt-BR","@id":"https:\/\/www.estrategiaconcursos.com.br\/blog\/gabarito-mp-ce-servidor-analista-e-tecnico\/#primaryimage","url":"https:\/\/dhg1h5j42swfq.cloudfront.net\/2020\/03\/06131957\/EMAIL_MPCE.jpg","contentUrl":"https:\/\/dhg1h5j42swfq.cloudfront.net\/2020\/03\/06131957\/EMAIL_MPCE.jpg","width":800,"height":450},{"@type":"BreadcrumbList","@id":"https:\/\/www.estrategiaconcursos.com.br\/blog\/gabarito-mp-ce-servidor-analista-e-tecnico\/#breadcrumb","itemListElement":[{"@type":"ListItem","position":1,"name":"In\u00edcio","item":"https:\/\/www.estrategiaconcursos.com.br\/blog\/"},{"@type":"ListItem","position":2,"name":"Gabarito MP CE Servidor &#8211; Analista e T\u00e9cnico: corre\u00e7\u00e3o AO VIVO"}]},{"@type":"WebSite","@id":"https:\/\/www.estrategiaconcursos.com.br\/blog\/#website","url":"https:\/\/www.estrategiaconcursos.com.br\/blog\/","name":"Estrat\u00e9gia Concursos","description":"O blog da Estrat\u00e9gia Concursos traz not\u00edcias sobre concursos e artigos de professores oferecendo cursos para concursos (pdf + videaulas) no site.","publisher":{"@id":"https:\/\/www.estrategiaconcursos.com.br\/blog\/#organization"},"potentialAction":[{"@type":"SearchAction","target":{"@type":"EntryPoint","urlTemplate":"https:\/\/www.estrategiaconcursos.com.br\/blog\/?s={search_term_string}"},"query-input":{"@type":"PropertyValueSpecification","valueRequired":true,"valueName":"search_term_string"}}],"inLanguage":"pt-BR"},{"@type":"Organization","@id":"https:\/\/www.estrategiaconcursos.com.br\/blog\/#organization","name":"Estrat\u00e9gia Concursos","url":"https:\/\/www.estrategiaconcursos.com.br\/blog\/","logo":{"@type":"ImageObject","inLanguage":"pt-BR","@id":"https:\/\/www.estrategiaconcursos.com.br\/blog\/#\/schema\/logo\/image\/","url":"https:\/\/dhg1h5j42swfq.cloudfront.net\/2025\/06\/03203428\/logo_concursos-1.jpg","contentUrl":"https:\/\/dhg1h5j42swfq.cloudfront.net\/2025\/06\/03203428\/logo_concursos-1.jpg","width":230,"height":60,"caption":"Estrat\u00e9gia Concursos"},"image":{"@id":"https:\/\/www.estrategiaconcursos.com.br\/blog\/#\/schema\/logo\/image\/"},"sameAs":["https:\/\/x.com\/EstratConcursos"]},{"@type":"Person","@id":"https:\/\/www.estrategiaconcursos.com.br\/blog\/#\/schema\/person\/b4a388c97673c5f483d72185668afa1f","name":"Coordena\u00e7\u00e3o","image":{"@type":"ImageObject","inLanguage":"pt-BR","@id":"https:\/\/secure.gravatar.com\/avatar\/b720319e4c9a967eb58678d110f4fe35452fc5d5f97b202bac7b8acceb18c6ad?s=96&d=mm&r=g","url":"https:\/\/secure.gravatar.com\/avatar\/b720319e4c9a967eb58678d110f4fe35452fc5d5f97b202bac7b8acceb18c6ad?s=96&d=mm&r=g","contentUrl":"https:\/\/secure.gravatar.com\/avatar\/b720319e4c9a967eb58678d110f4fe35452fc5d5f97b202bac7b8acceb18c6ad?s=96&d=mm&r=g","caption":"Coordena\u00e7\u00e3o"},"sameAs":["https:\/\/www.facebook.com\/EstrategiaConcursos","https:\/\/x.com\/EstratConcursos"],"url":"https:\/\/www.estrategiaconcursos.com.br\/blog\/author\/estrategia2013\/"}]}},"_links":{"self":[{"href":"https:\/\/www.estrategiaconcursos.com.br\/blog\/wp-json\/wp\/v2\/posts\/488306","targetHints":{"allow":["GET"]}}],"collection":[{"href":"https:\/\/www.estrategiaconcursos.com.br\/blog\/wp-json\/wp\/v2\/posts"}],"about":[{"href":"https:\/\/www.estrategiaconcursos.com.br\/blog\/wp-json\/wp\/v2\/types\/post"}],"author":[{"embeddable":true,"href":"https:\/\/www.estrategiaconcursos.com.br\/blog\/wp-json\/wp\/v2\/users\/1"}],"replies":[{"embeddable":true,"href":"https:\/\/www.estrategiaconcursos.com.br\/blog\/wp-json\/wp\/v2\/comments?post=488306"}],"version-history":[{"count":32,"href":"https:\/\/www.estrategiaconcursos.com.br\/blog\/wp-json\/wp\/v2\/posts\/488306\/revisions"}],"predecessor-version":[{"id":489797,"href":"https:\/\/www.estrategiaconcursos.com.br\/blog\/wp-json\/wp\/v2\/posts\/488306\/revisions\/489797"}],"wp:featuredmedia":[{"embeddable":true,"href":"https:\/\/www.estrategiaconcursos.com.br\/blog\/wp-json\/wp\/v2\/media\/489156"}],"wp:attachment":[{"href":"https:\/\/www.estrategiaconcursos.com.br\/blog\/wp-json\/wp\/v2\/media?parent=488306"}],"wp:term":[{"taxonomy":"category","embeddable":true,"href":"https:\/\/www.estrategiaconcursos.com.br\/blog\/wp-json\/wp\/v2\/categories?post=488306"},{"taxonomy":"post_tag","embeddable":true,"href":"https:\/\/www.estrategiaconcursos.com.br\/blog\/wp-json\/wp\/v2\/tags?post=488306"},{"taxonomy":"tax_estado","embeddable":true,"href":"https:\/\/www.estrategiaconcursos.com.br\/blog\/wp-json\/wp\/v2\/tax_estado?post=488306"}],"curies":[{"name":"wp","href":"https:\/\/api.w.org\/{rel}","templated":true}]}}