{"id":488095,"date":"2020-03-04T08:24:03","date_gmt":"2020-03-04T11:24:03","guid":{"rendered":"https:\/\/www.estrategiaconcursos.com.br\/blog\/?p=488095"},"modified":"2023-08-28T13:30:10","modified_gmt":"2023-08-28T16:30:10","slug":"edital-adasa","status":"publish","type":"post","link":"https:\/\/www.estrategiaconcursos.com.br\/blog\/edital-adasa\/","title":{"rendered":"Edital Adasa: PUBLICADO com 75 vagas para m\u00e9dio e  superior"},"content":{"rendered":"\n<p>Foi publicado o t\u00e3o aguardado <strong><a href=\"https:\/\/dhg1h5j42swfq.cloudfront.net\/2020\/03\/04083257\/Edital-ADASA.pdf\">Edital Adasa<\/a><\/strong>! A publica\u00e7\u00e3o ocorreu no Di\u00e1rio Oficial do Distrito Federal, nesta quarta-feira, 04 de mar\u00e7o, e traz a oferta de 75 vagas, sendo 25 de provimento imediato e 50 para cadastro reserva.<\/p>\n\n\n\n<p>As vagas s\u00e3o para os cargos de Regulador de Servi\u00e7os P\u00fablicos, n\u00edvel superior em \u00e1reas espec\u00edficas e vagas para T\u00e9cnico de Regula\u00e7\u00e3o de Servi\u00e7os P\u00fablicos, cargo de n\u00edvel m\u00e9dio.<\/p>\n\n\n\n<p>Confira abaixo todas as informa\u00e7\u00f5es sobre o <strong>edital ADASA <\/strong>e comece a refor\u00e7ar seus estudos!<\/p>\n\n\n\n<h2 class=\"wp-block-heading\">Principais datas <\/h2>\n\n\n\n<p>Sob organiza\u00e7\u00e3o do <strong>IADES<\/strong>, o concurso ter\u00e1 suas inscri\u00e7\u00f5es abertas a partir do dia 9 de abril e seguir\u00e3o at\u00e9 19 de maio de 2020. Os candidatos interessados ter\u00e3o que pagar uma taxa fixada no valor de R$ 65,00 para garantir a candidatura. <\/p>\n\n\n\n<p class=\"has-very-light-gray-background-color has-background\"><strong>Inscri\u00e7\u00f5es:<\/strong> 09\/04 at\u00e9 19\/05<br \/><strong>Valor:<\/strong> R$ 65,00<br \/><strong>Data de pagamento:<\/strong> at\u00e9 22\/05<br \/><strong>Data da Prova Objetiva<\/strong> <strong>Regulador:<\/strong> 7\/06\/2020<br \/><strong>Data da Prova Objetiva T\u00e9cnico:<\/strong> 14\/6\/2020 <\/p>\n\n\n\n<h2 class=\"wp-block-heading\">Cargos e vagas do Edital ADASA<\/h2>\n\n\n\n<p>Abaixo voc\u00ea confere a distribui\u00e7\u00e3o das 25 vagas imediatas e das 50 vagas para Cadastro de Reserva:<\/p>\n\n\n\n<figure class=\"wp-block-image size-large\"><img loading=\"lazy\" decoding=\"async\" width=\"1024\" height=\"445\" src=\"https:\/\/dhg1h5j42swfq.cloudfront.net\/2020\/03\/04092545\/vagas-1024x445.jpg\" alt=\"vagas Edital ADASA\" class=\"wp-image-488143\" srcset=\"https:\/\/dhg1h5j42swfq.cloudfront.net\/2020\/03\/04092545\/vagas-1024x445.jpg 1024w, https:\/\/dhg1h5j42swfq.cloudfront.net\/2020\/03\/04092545\/vagas-300x130.jpg 300w, https:\/\/dhg1h5j42swfq.cloudfront.net\/2020\/03\/04092545\/vagas-768x334.jpg 768w, https:\/\/dhg1h5j42swfq.cloudfront.net\/2020\/03\/04092545\/vagas-610x265.jpg 610w, https:\/\/dhg1h5j42swfq.cloudfront.net\/2020\/03\/04092545\/vagas.jpg 1120w\" sizes=\"auto, (max-width: 1024px) 100vw, 1024px\" \/><\/figure>\n\n\n\n<figure class=\"wp-block-image size-large\"><img loading=\"lazy\" decoding=\"async\" width=\"1024\" height=\"514\" src=\"https:\/\/dhg1h5j42swfq.cloudfront.net\/2020\/03\/04092624\/vag-1024x514.jpg\" alt=\"cadastro reserva concurso adasa\" class=\"wp-image-488144\" srcset=\"https:\/\/dhg1h5j42swfq.cloudfront.net\/2020\/03\/04092624\/vag-1024x514.jpg 1024w, https:\/\/dhg1h5j42swfq.cloudfront.net\/2020\/03\/04092624\/vag-300x151.jpg 300w, https:\/\/dhg1h5j42swfq.cloudfront.net\/2020\/03\/04092624\/vag-768x385.jpg 768w, https:\/\/dhg1h5j42swfq.cloudfront.net\/2020\/03\/04092624\/vag-610x306.jpg 610w, https:\/\/dhg1h5j42swfq.cloudfront.net\/2020\/03\/04092624\/vag.jpg 1118w\" sizes=\"auto, (max-width: 1024px) 100vw, 1024px\" \/><\/figure>\n\n\n\n<p style=\"font-size:clamp(14.642px, 0.915rem + ((1vw - 3.2px) * 0.721), 22px);px\"><strong>Carreira Regula\u00e7\u00e3o de Servi\u00e7os P\u00fablicos<\/strong><\/p>\n\n\n\n<p><strong>Remunera\u00e7\u00e3o:<\/strong> R$ 10.000,00, para ingresso no Padr\u00e3o I da Terceira Classe da Carreira Regula\u00e7\u00e3o de Servi\u00e7os P\u00fablicos.<br \/><strong>Carga hor\u00e1ria:<\/strong> 40 horas semanais. <br \/><strong>Atribui\u00e7\u00f5es gerais: <\/strong>formular, planejar, coordenar, supervisionar, controlar, avaliar, executar, fiscalizar e exercer o controle sobre as atividades de compet\u00eancia da ADASA; participar de programas de treinamento; assessorar atividades espec\u00edficas de regula\u00e7\u00e3o, fiscaliza\u00e7\u00e3o e administra\u00e7\u00e3o.<\/p>\n\n\n\n<p style=\"font-size:clamp(14.642px, 0.915rem + ((1vw - 3.2px) * 0.721), 22px);px\"><strong>DAS ESPECIALIDADES <\/strong><\/p>\n\n\n\n<p><strong>GEST\u00c3O E REGULA\u00c7\u00c3O <\/strong>&#8211; diploma, devidamente registrado, de conclus\u00e3o de curso de gradua\u00e7\u00e3o em qualquer \u00e1rea de forma\u00e7\u00e3o, fornecido por institui\u00e7\u00e3o de ensino superior reconhecida pelo Minist\u00e9rio da Educa\u00e7\u00e3o. <\/p>\n\n\n\n<p><strong>ENGENHARIA CIVIL<\/strong>: diploma, devidamente registrado, de conclus\u00e3o de curso de gradua\u00e7\u00e3o em Engenharia Civil, fornecido por institui\u00e7\u00e3o de ensino superior reconhecida pelo Minist\u00e9rio da Educa\u00e7\u00e3o, e registro no Conselho de Classe.<\/p>\n\n\n\n<p><strong>ENGENHARIA AMBIENTAL E SANIT\u00c1RIA :<\/strong> diploma, devidamente registrado, de conclus\u00e3o de curso de gradua\u00e7\u00e3o em Engenharia Ambiental, Engenharia Sanit\u00e1ria ou Engenharia Ambiental e Sanit\u00e1ria, fornecido por institui\u00e7\u00e3o de ensino superior reconhecida pelo Minist\u00e9rio da Educa\u00e7\u00e3o, e registro no Conselho de Classe. <\/p>\n\n\n\n<p><strong>GEOLOGIA<\/strong>: diploma, devidamente registrado, de conclus\u00e3o de curso de gradua\u00e7\u00e3o em Geologia, fornecido por institui\u00e7\u00e3o de ensino superior reconhecida pelo Minist\u00e9rio da Educa\u00e7\u00e3o, e registro no Conselho de Classe. <\/p>\n\n\n\n<p><strong>ECONOMIA: <\/strong>diploma, devidamente registrado, de conclus\u00e3o de curso de gradua\u00e7\u00e3o em Economia, fornecido por institui\u00e7\u00e3o de ensino superior reconhecida pelo Minist\u00e9rio da Educa\u00e7\u00e3o, e registro no Conselho de Classe. <\/p>\n\n\n\n<p><strong>CONTABILIDADE<\/strong>: diploma, devidamente registrado, de conclus\u00e3o de curso de gradua\u00e7\u00e3o em Contabilidade, fornecido por institui\u00e7\u00e3o de ensino superior reconhecida pelo Minist\u00e9rio da Educa\u00e7\u00e3o, e registro no Conselho de Classe. <\/p>\n\n\n\n<p style=\"font-size:clamp(14.642px, 0.915rem + ((1vw - 3.2px) * 0.721), 22px);px\"><strong>T\u00c9CNICO DE REGULA\u00c7\u00c3O DE SERVI\u00c7OS P\u00daBLICOS <\/strong><\/p>\n\n\n\n<p><strong>Remunera\u00e7\u00e3o:<\/strong> R$ 4.300,00, para ingresso no Padr\u00e3o I da Terceira Classe da Carreira de T\u00e9cnico de Regula\u00e7\u00e3o de Servi\u00e7os P\u00fablicos.<br \/><strong>Carga hor\u00e1ria:<\/strong> 40 (quarenta) horas semanais.<br \/><strong>Requisito: <\/strong>certificado de conclus\u00e3o de curso de <strong>ensino m\u00e9dio,<\/strong> expedido por institui\u00e7\u00e3o educacional reconhecida pelo \u00f3rg\u00e3o pr\u00f3prio do sistema de ensino.<\/p>\n\n\n\n<h2 class=\"wp-block-heading\">Etapas do Edital ADASA<\/h2>\n\n\n\n<p>O edital Adasa ser\u00e1 composto por 4 etapas para o cargo de <strong>Regulador de Servi\u00e7os P\u00fablicos<\/strong>, definidas da seguinte forma:<\/p>\n\n\n\n<p> a) <em>prova objetiva,<\/em> de car\u00e1ter eliminat\u00f3rio e classificat\u00f3rio, para todos os cargos; <br \/><em>b) prova discursiva<\/em>, de car\u00e1ter eliminat\u00f3rio e classificat\u00f3rio, somente para o cargo de Regulador de Servi\u00e7os P\u00fablicos; <br \/><em>c) avalia\u00e7\u00e3o de t\u00edtulos,<\/em> de car\u00e1ter unicamente classificat\u00f3rio, somente para o cargo de Regulador de Servi\u00e7os P\u00fablicos;<br \/><em>d) curso de forma\u00e7\u00e3o profissional, <\/em>de car\u00e1ter eliminat\u00f3rio e classificat\u00f3rio, somente para o cargo de Regulador de Servi\u00e7os P\u00fablicos. <\/p>\n\n\n\n<figure class=\"wp-block-image aligncenter size-large is-resized\"><img loading=\"lazy\" decoding=\"async\" src=\"https:\/\/dhg1h5j42swfq.cloudfront.net\/2020\/03\/04080744\/etapas-adasa-1024x84.jpg\" alt=\"etapas concurso adasa\" class=\"wp-image-488097\" style=\"width:579px;height:47px\" width=\"579\" height=\"47\" srcset=\"https:\/\/dhg1h5j42swfq.cloudfront.net\/2020\/03\/04080744\/etapas-adasa-1024x84.jpg 1024w, https:\/\/dhg1h5j42swfq.cloudfront.net\/2020\/03\/04080744\/etapas-adasa-300x24.jpg 300w, https:\/\/dhg1h5j42swfq.cloudfront.net\/2020\/03\/04080744\/etapas-adasa-768x63.jpg 768w, https:\/\/dhg1h5j42swfq.cloudfront.net\/2020\/03\/04080744\/etapas-adasa-610x50.jpg 610w, https:\/\/dhg1h5j42swfq.cloudfront.net\/2020\/03\/04080744\/etapas-adasa.jpg 1201w\" sizes=\"auto, (max-width: 579px) 100vw, 579px\" \/><\/figure>\n\n\n\n<p>J\u00e1 o cargo de<strong> T\u00e9cnico em Regula\u00e7\u00e3o<\/strong> ter\u00e1 apenas 1 \u00fanica etapa de prova objetiva, de car\u00e1ter eliminat\u00f3rio e classificat\u00f3rio, e pontua\u00e7\u00e3o m\u00e1xima igual a 75,00 pontos.<\/p>\n\n\n\n<h2 class=\"wp-block-heading\">Provas Objetivas do Edital ADASA<\/h2>\n\n\n\n<p class=\"has-medium-font-size\"><strong>Regulador de Servi\u00e7os &#8211; N\u00edvel superior<\/strong><\/p>\n\n\n\n<p>Ser\u00e3o 60 quest\u00f5es de m\u00faltipla escolha, com 05 alternativas cada:<\/p>\n\n\n\n<figure class=\"wp-block-image aligncenter size-large\"><img loading=\"lazy\" decoding=\"async\" width=\"859\" height=\"471\" src=\"https:\/\/dhg1h5j42swfq.cloudfront.net\/2020\/03\/04091829\/prova-regulador.jpg\" alt=\"mat\u00e9rias edital adasa\" class=\"wp-image-488129\" srcset=\"https:\/\/dhg1h5j42swfq.cloudfront.net\/2020\/03\/04091829\/prova-regulador.jpg 859w, https:\/\/dhg1h5j42swfq.cloudfront.net\/2020\/03\/04091829\/prova-regulador-300x164.jpg 300w, https:\/\/dhg1h5j42swfq.cloudfront.net\/2020\/03\/04091829\/prova-regulador-768x421.jpg 768w, https:\/\/dhg1h5j42swfq.cloudfront.net\/2020\/03\/04091829\/prova-regulador-610x334.jpg 610w\" sizes=\"auto, (max-width: 859px) 100vw, 859px\" \/><\/figure>\n\n\n\n<figure class=\"wp-block-image aligncenter size-large\"><img loading=\"lazy\" decoding=\"async\" width=\"857\" height=\"202\" src=\"https:\/\/dhg1h5j42swfq.cloudfront.net\/2020\/03\/04092110\/reg.jpg\" alt=\"prova adasa\" class=\"wp-image-488135\" srcset=\"https:\/\/dhg1h5j42swfq.cloudfront.net\/2020\/03\/04092110\/reg.jpg 857w, https:\/\/dhg1h5j42swfq.cloudfront.net\/2020\/03\/04092110\/reg-300x71.jpg 300w, https:\/\/dhg1h5j42swfq.cloudfront.net\/2020\/03\/04092110\/reg-768x181.jpg 768w, https:\/\/dhg1h5j42swfq.cloudfront.net\/2020\/03\/04092110\/reg-610x144.jpg 610w\" sizes=\"auto, (max-width: 857px) 100vw, 857px\" \/><\/figure>\n\n\n\n<p class=\"has-medium-font-size\"><strong>T\u00e9cnico em Regula\u00e7\u00e3o &#8211; N\u00edvel m\u00e9dio<\/strong><\/p>\n\n\n\n<figure class=\"wp-block-image aligncenter size-large\"><img loading=\"lazy\" decoding=\"async\" width=\"857\" height=\"491\" src=\"https:\/\/dhg1h5j42swfq.cloudfront.net\/2020\/03\/04092308\/tec.jpg\" alt=\"mat\u00e9rias t\u00e9cnico adasa\" class=\"wp-image-488138\" srcset=\"https:\/\/dhg1h5j42swfq.cloudfront.net\/2020\/03\/04092308\/tec.jpg 857w, https:\/\/dhg1h5j42swfq.cloudfront.net\/2020\/03\/04092308\/tec-300x172.jpg 300w, https:\/\/dhg1h5j42swfq.cloudfront.net\/2020\/03\/04092308\/tec-768x440.jpg 768w, https:\/\/dhg1h5j42swfq.cloudfront.net\/2020\/03\/04092308\/tec-610x349.jpg 610w\" sizes=\"auto, (max-width: 857px) 100vw, 857px\" \/><\/figure>\n\n\n\n<figure class=\"wp-block-image aligncenter size-large\"><img loading=\"lazy\" decoding=\"async\" width=\"857\" height=\"208\" src=\"https:\/\/dhg1h5j42swfq.cloudfront.net\/2020\/03\/04092420\/tec2.jpg\" alt=\"\" class=\"wp-image-488140\" srcset=\"https:\/\/dhg1h5j42swfq.cloudfront.net\/2020\/03\/04092420\/tec2.jpg 857w, https:\/\/dhg1h5j42swfq.cloudfront.net\/2020\/03\/04092420\/tec2-300x73.jpg 300w, https:\/\/dhg1h5j42swfq.cloudfront.net\/2020\/03\/04092420\/tec2-768x186.jpg 768w, https:\/\/dhg1h5j42swfq.cloudfront.net\/2020\/03\/04092420\/tec2-610x148.jpg 610w\" sizes=\"auto, (max-width: 857px) 100vw, 857px\" \/><\/figure>\n\n\n\n<p>O candidato n\u00e3o poder\u00e1, sob pena de elimina\u00e7\u00e3o do certame: <\/p>\n\n\n\n<p>a) obter pontua\u00e7\u00e3o igual a 0 (zero) nas quest\u00f5es de L\u00edngua Portuguesa; <br \/>b) obter pontua\u00e7\u00e3o menor que 50% nas quest\u00f5es de Conhecimentos Gerais; <br \/>c) obter pontua\u00e7\u00e3o menor que 50% nas quest\u00f5es de Conhecimentos Espec\u00edficos. <\/p>\n\n\n\n<p>Ser\u00e3o considerados aprovados na prova objetiva os candidatos que obtiverem o m\u00ednimo de 50%  da pontua\u00e7\u00e3o total m\u00e1xima permitida para a prova objetiva. <\/p>\n\n\n\n<h3 class=\"wp-block-heading\">A Prova Discursiva &#8211; Somente n\u00edvel superior<\/h3>\n\n\n\n<p> A prova discursiva receber\u00e1 pontua\u00e7\u00e3o m\u00e1xima igual a 20,00 (vinte) pontos e ter\u00e1 2 quest\u00f5es que consistir\u00e1 na elabora\u00e7\u00e3o de textos dissertativos e (ou) descritivos, com extens\u00e3o m\u00ednima de 20 linhas e m\u00e1xima de 30, com base em tema formulado pela Banca Examinadora, primando pela clareza, precis\u00e3o, consist\u00eancia e concis\u00e3o.  <\/p>\n\n\n\n<h3 class=\"wp-block-heading\">Avalia\u00e7\u00e3o de T\u00edtulos &#8211; Somente n\u00edvel superior<\/h3>\n\n\n\n<p>A avalia\u00e7\u00e3o de t\u00edtulos, de car\u00e1ter exclusivamente classificat\u00f3rio, valer\u00e1 4,00 pontos, ainda que a soma dos valores dos t\u00edtulos apresentados seja superior a esse valor. <\/p>\n\n\n\n<figure class=\"wp-block-image size-large is-resized\"><img loading=\"lazy\" decoding=\"async\" src=\"https:\/\/dhg1h5j42swfq.cloudfront.net\/2020\/03\/04081859\/tit-1-1024x94.jpg\" alt=\"avalia\u00e7\u00e3o de t\u00edtulos adasa\" class=\"wp-image-488100\" style=\"width:754px;height:69px\" width=\"754\" height=\"69\" srcset=\"https:\/\/dhg1h5j42swfq.cloudfront.net\/2020\/03\/04081859\/tit-1-1024x94.jpg 1024w, https:\/\/dhg1h5j42swfq.cloudfront.net\/2020\/03\/04081859\/tit-1-300x28.jpg 300w, https:\/\/dhg1h5j42swfq.cloudfront.net\/2020\/03\/04081859\/tit-1-768x71.jpg 768w, https:\/\/dhg1h5j42swfq.cloudfront.net\/2020\/03\/04081859\/tit-1-610x56.jpg 610w, https:\/\/dhg1h5j42swfq.cloudfront.net\/2020\/03\/04081859\/tit-1.jpg 1198w\" sizes=\"auto, (max-width: 754px) 100vw, 754px\" \/><\/figure>\n\n\n\n<figure class=\"wp-block-image size-large is-resized\"><img loading=\"lazy\" decoding=\"async\" src=\"https:\/\/dhg1h5j42swfq.cloudfront.net\/2020\/03\/04081912\/tit-2-1024x189.jpg\" alt=\"\" class=\"wp-image-488101\" style=\"width:756px;height:139px\" width=\"756\" height=\"139\" srcset=\"https:\/\/dhg1h5j42swfq.cloudfront.net\/2020\/03\/04081912\/tit-2-1024x189.jpg 1024w, https:\/\/dhg1h5j42swfq.cloudfront.net\/2020\/03\/04081912\/tit-2-300x55.jpg 300w, https:\/\/dhg1h5j42swfq.cloudfront.net\/2020\/03\/04081912\/tit-2-768x142.jpg 768w, https:\/\/dhg1h5j42swfq.cloudfront.net\/2020\/03\/04081912\/tit-2-610x113.jpg 610w, https:\/\/dhg1h5j42swfq.cloudfront.net\/2020\/03\/04081912\/tit-2.jpg 1197w\" sizes=\"auto, (max-width: 756px) 100vw, 756px\" \/><\/figure>\n\n\n\n<h2 class=\"wp-block-heading\">O Curso de Forma\u00e7\u00e3o do Edital ADASA<\/h2>\n\n\n\n<p>O curso de forma\u00e7\u00e3o profissional ter\u00e1 a carga hor\u00e1ria equivalente a 160 horas\/aula. As aulas dever\u00e3o ocorrer de segunda-feira a sexta-feira, nos turnos matutino e vespertino, podendo ainda, a crit\u00e9rio exclusivo da ADASA e do IADES se estender aos s\u00e1bados, domingos, feriados e no per\u00edodo noturno. <\/p>\n\n\n\n<p class=\"has-text-align-center\"><em>Ser\u00e1 considerado eliminado do curso de forma\u00e7\u00e3o profissional e, consequentemente, do concurso p\u00fablico o candidato que: <\/em><\/p>\n\n\n\n<p>a) deixar de efetuar a matr\u00edcula no per\u00edodo estipulado em edital espec\u00edfico; b) deixar de comparecer ou se afastar por qualquer motivo do curso de forma\u00e7\u00e3o profissional; <br \/>c) for desligado do curso de forma\u00e7\u00e3o profissional por descumprir normas disciplinares e de presen\u00e7a m\u00ednima, que estar\u00e3o contidas no edital espec\u00edfico de convoca\u00e7\u00e3o para a etapa; <br \/>d) n\u00e3o satisfizer aos demais requisitos legais, regulamentares, regimentais e edital\u00edcios; e <br \/>e) auferir nota inferior a 60%<\/p>\n\n\n\n<h2 class=\"wp-block-heading has-text-align-center\" id=\"cursos-assinatura\"><strong>Quer estudar para o concurso ADASA<\/strong>?<\/h2>\n\n\n\n<p><em>Gostou dessa oportunidade e deseja se preparar para este concurso? Confira abaixo nosso curso exclusivo e inicie agora mesmo seus estudos:<\/em><\/p>\n\n\n\n<p class=\"has-text-align-center has-light-green-cyan-background-color has-background\" style=\"font-size:clamp(14.642px, 0.915rem + ((1vw - 3.2px) * 0.721), 22px);px\"><strong><a rel=\"noreferrer noopener\" href=\"https:\/\/www.estrategiaconcursos.com.br\/cursosPorConcurso\/adasa-agencia-reguladora-de-aguas-energia-e-saneamento-basico-do-df\/\" target=\"_blank\">CURSO ADASA<\/a><\/strong><\/p>\n\n\n\n<p class=\"has-text-align-center\"><em><strong>Assinatura Anual Ilimitada*<\/strong><\/em><\/p>\n\n\n\n<p><em>Prepare-se com o melhor material e com quem mais aprova em Concursos P\u00fablicos em todo o pa\u00eds. Assine agora a nossa Assinatura Anual e tenha acesso ilimitado* a todos os nossos cursos.<\/em><\/p>\n\n\n\n<p class=\"has-text-align-center has-luminous-vivid-amber-background-color has-background\"><strong>ASSINE AGORA<\/strong>&nbsp;\u2013&nbsp;<strong><a href=\"https:\/\/www.estrategiaconcursos.com.br\/assinaturas\" target=\"_blank\" rel=\"noreferrer noopener\">Assinatura Ilimitada<\/a><\/strong><\/p>\n\n\n\n<p><strong><em>Fique por dentro de todos os concursos<\/em><\/strong><\/p>\n\n\n\n<p class=\"has-text-align-center has-pale-cyan-blue-background-color has-background\" style=\"font-size:clamp(14.642px, 0.915rem + ((1vw - 3.2px) * 0.721), 22px);px\"><strong><a href=\"https:\/\/www.estrategiaconcursos.com.br\/blog\/concursos-abertos\/\" target=\"_blank\" rel=\"noreferrer noopener\">CONCURSOS ABERTOS<\/a><\/strong><\/p>\n\n\n\n<p class=\"has-text-align-center has-pale-cyan-blue-background-color has-background\" style=\"font-size:clamp(14.642px, 0.915rem + ((1vw - 3.2px) * 0.721), 22px);px\"><strong><a href=\"https:\/\/www.estrategiaconcursos.com.br\/blog\/concursos-2020\/\" target=\"_blank\" rel=\"noreferrer noopener\">CONCURSOS&nbsp;2020<\/a><\/strong><\/p>\n\n\n\n<figure class=\"wp-block-image\"><img loading=\"lazy\" decoding=\"async\" width=\"300\" height=\"102\" src=\"https:\/\/dhg1h5j42swfq.cloudfront.net\/2017\/03\/28152500\/coruja-ficha-tecnica-300x102.png\" alt=\"Ficha t\u00e9cnica Concurso ADASA\" class=\"wp-image-68542\"\/><\/figure>\n\n\n\n<h3 class=\"wp-block-heading\" id=\"ficha-tecnica\"><strong>Informa\u00e7\u00f5es do Edital Adasa<\/strong><\/h3>\n\n\n\n<p>\u25ba<strong>Data prevista<\/strong>:  7\/6\/2020  e 14\/06\/2020<br \/>\u25ba<strong>Vagas<\/strong>: 25 + 50 CR<br \/>\u25ba<strong>Cargos<\/strong>:&nbsp;Regulador de Servi\u00e7os P\u00fablicos e T\u00e9cnico de Regula\u00e7\u00e3o de Servi\u00e7os P\u00fablicos<br \/>\u25ba<strong>Banca<\/strong>: <strong>IADES<\/strong><br \/>\u25ba<strong>Escolaridade<\/strong>: N\u00edvel m\u00e9dio e superior<\/p>\n\n\n\n<p class=\"has-text-align-center has-light-green-cyan-background-color has-background has-medium-font-size\"><strong><a href=\"https:\/\/dhg1h5j42swfq.cloudfront.net\/2020\/03\/04083257\/Edital-ADASA.pdf\">Baixe aqui o Edital ADASA<\/a><\/strong><\/p>\n","protected":false},"excerpt":{"rendered":"<p>Foi publicado o t\u00e3o aguardado Edital Adasa! A publica\u00e7\u00e3o ocorreu no Di\u00e1rio Oficial do Distrito Federal, nesta quarta-feira, 04 de mar\u00e7o, e traz a oferta de 75 vagas, sendo 25 de provimento imediato e 50 para cadastro reserva. As vagas s\u00e3o para os cargos de Regulador de Servi\u00e7os P\u00fablicos, n\u00edvel superior em \u00e1reas espec\u00edficas e [&hellip;]<\/p>\n","protected":false},"author":135,"featured_media":444273,"comment_status":"open","ping_status":"closed","sticky":false,"template":"","format":"standard","meta":{"post_tipo":"article","footnotes":""},"categories":[1],"tags":[],"tax_estado":[],"class_list":["post-488095","post","type-post","status-publish","format-standard","has-post-thumbnail","hentry","category-cursos-e-concursos"],"acf":[],"yoast_head":"<!-- This site is optimized with the Yoast SEO Premium plugin v27.2 (Yoast SEO v27.2) - https:\/\/yoast.com\/product\/yoast-seo-premium-wordpress\/ -->\n<title>Edital Adasa: PUBLICADO com 75 vagas para m\u00e9dio e superior<\/title>\n<meta name=\"description\" content=\"Edital Adasa PUBLICADO com oferta de 75 vagas para Regulador de Servi\u00e7os P\u00fablicos e T\u00e9cnico de Regula\u00e7\u00e3o de Servi\u00e7os P\u00fablicos.\" \/>\n<meta name=\"robots\" content=\"index, follow, max-snippet:-1, max-image-preview:large, max-video-preview:-1\" \/>\n<link rel=\"canonical\" href=\"https:\/\/www.estrategiaconcursos.com.br\/blog\/edital-adasa\/\" \/>\n<meta property=\"og:locale\" content=\"pt_BR\" \/>\n<meta property=\"og:type\" content=\"article\" \/>\n<meta property=\"og:title\" content=\"Edital Adasa: PUBLICADO com 75 vagas para m\u00e9dio e superior\" \/>\n<meta property=\"og:description\" content=\"Edital Adasa PUBLICADO com oferta de 75 vagas para Regulador de Servi\u00e7os P\u00fablicos e T\u00e9cnico de Regula\u00e7\u00e3o de Servi\u00e7os P\u00fablicos.\" \/>\n<meta property=\"og:url\" content=\"https:\/\/www.estrategiaconcursos.com.br\/blog\/edital-adasa\/\" \/>\n<meta property=\"og:site_name\" content=\"Estrat\u00e9gia Concursos\" \/>\n<meta property=\"article:published_time\" content=\"2020-03-04T11:24:03+00:00\" \/>\n<meta property=\"article:modified_time\" content=\"2023-08-28T16:30:10+00:00\" \/>\n<meta property=\"og:image\" content=\"https:\/\/dhg1h5j42swfq.cloudfront.net\/2019\/11\/05113826\/Saiu-Edital-8.png\" \/>\n\t<meta property=\"og:image:width\" content=\"1200\" \/>\n\t<meta property=\"og:image:height\" content=\"628\" \/>\n\t<meta property=\"og:image:type\" content=\"image\/png\" \/>\n<meta name=\"author\" content=\"Antonio Daud\" \/>\n<meta name=\"twitter:card\" content=\"summary_large_image\" \/>\n<meta name=\"twitter:creator\" content=\"@EstratConcursos\" \/>\n<meta name=\"twitter:site\" content=\"@EstratConcursos\" \/>\n<meta name=\"twitter:label1\" content=\"Escrito por\" \/>\n\t<meta name=\"twitter:data1\" content=\"Antonio Daud\" \/>\n\t<meta name=\"twitter:label2\" content=\"Est. tempo de leitura\" \/>\n\t<meta name=\"twitter:data2\" content=\"6 minutos\" \/>\n<script type=\"application\/ld+json\" class=\"yoast-schema-graph\">{\"@context\":\"https:\/\/schema.org\",\"@graph\":[{\"@type\":\"NewsArticle\",\"@id\":\"https:\/\/www.estrategiaconcursos.com.br\/blog\/edital-adasa\/#article\",\"isPartOf\":{\"@id\":\"https:\/\/www.estrategiaconcursos.com.br\/blog\/edital-adasa\/\"},\"author\":{\"name\":\"Antonio Daud\",\"@id\":\"https:\/\/www.estrategiaconcursos.com.br\/blog\/#\/schema\/person\/90692507130b147bb9128fc093141dad\"},\"headline\":\"Edital Adasa: PUBLICADO com 75 vagas para m\u00e9dio e superior\",\"datePublished\":\"2020-03-04T11:24:03+00:00\",\"dateModified\":\"2023-08-28T16:30:10+00:00\",\"mainEntityOfPage\":{\"@id\":\"https:\/\/www.estrategiaconcursos.com.br\/blog\/edital-adasa\/\"},\"wordCount\":1201,\"commentCount\":0,\"publisher\":{\"@id\":\"https:\/\/www.estrategiaconcursos.com.br\/blog\/#organization\"},\"image\":{\"@id\":\"https:\/\/www.estrategiaconcursos.com.br\/blog\/edital-adasa\/#primaryimage\"},\"thumbnailUrl\":\"https:\/\/dhg1h5j42swfq.cloudfront.net\/2019\/11\/05113826\/Saiu-Edital-8.png\",\"articleSection\":[\"Concursos P\u00fablicos\"],\"inLanguage\":\"pt-BR\",\"potentialAction\":[{\"@type\":\"CommentAction\",\"name\":\"Comment\",\"target\":[\"https:\/\/www.estrategiaconcursos.com.br\/blog\/edital-adasa\/#respond\"]}],\"copyrightYear\":\"2020\",\"copyrightHolder\":{\"@id\":\"https:\/\/www.estrategiaconcursos.com.br\/blog\/#organization\"}},{\"@type\":\"WebPage\",\"@id\":\"https:\/\/www.estrategiaconcursos.com.br\/blog\/edital-adasa\/\",\"url\":\"https:\/\/www.estrategiaconcursos.com.br\/blog\/edital-adasa\/\",\"name\":\"Edital Adasa: PUBLICADO com 75 vagas para m\u00e9dio e superior\",\"isPartOf\":{\"@id\":\"https:\/\/www.estrategiaconcursos.com.br\/blog\/#website\"},\"primaryImageOfPage\":{\"@id\":\"https:\/\/www.estrategiaconcursos.com.br\/blog\/edital-adasa\/#primaryimage\"},\"image\":{\"@id\":\"https:\/\/www.estrategiaconcursos.com.br\/blog\/edital-adasa\/#primaryimage\"},\"thumbnailUrl\":\"https:\/\/dhg1h5j42swfq.cloudfront.net\/2019\/11\/05113826\/Saiu-Edital-8.png\",\"datePublished\":\"2020-03-04T11:24:03+00:00\",\"dateModified\":\"2023-08-28T16:30:10+00:00\",\"description\":\"Edital Adasa PUBLICADO com oferta de 75 vagas para Regulador de Servi\u00e7os P\u00fablicos e T\u00e9cnico de Regula\u00e7\u00e3o de Servi\u00e7os P\u00fablicos.\",\"breadcrumb\":{\"@id\":\"https:\/\/www.estrategiaconcursos.com.br\/blog\/edital-adasa\/#breadcrumb\"},\"inLanguage\":\"pt-BR\",\"potentialAction\":[{\"@type\":\"ReadAction\",\"target\":[\"https:\/\/www.estrategiaconcursos.com.br\/blog\/edital-adasa\/\"]}]},{\"@type\":\"ImageObject\",\"inLanguage\":\"pt-BR\",\"@id\":\"https:\/\/www.estrategiaconcursos.com.br\/blog\/edital-adasa\/#primaryimage\",\"url\":\"https:\/\/dhg1h5j42swfq.cloudfront.net\/2019\/11\/05113826\/Saiu-Edital-8.png\",\"contentUrl\":\"https:\/\/dhg1h5j42swfq.cloudfront.net\/2019\/11\/05113826\/Saiu-Edital-8.png\",\"width\":1200,\"height\":628,\"caption\":\"PSS NOVA IGUA\u00c7U RJ\"},{\"@type\":\"BreadcrumbList\",\"@id\":\"https:\/\/www.estrategiaconcursos.com.br\/blog\/edital-adasa\/#breadcrumb\",\"itemListElement\":[{\"@type\":\"ListItem\",\"position\":1,\"name\":\"In\u00edcio\",\"item\":\"https:\/\/www.estrategiaconcursos.com.br\/blog\/\"},{\"@type\":\"ListItem\",\"position\":2,\"name\":\"Edital Adasa: PUBLICADO com 75 vagas para m\u00e9dio e superior\"}]},{\"@type\":\"WebSite\",\"@id\":\"https:\/\/www.estrategiaconcursos.com.br\/blog\/#website\",\"url\":\"https:\/\/www.estrategiaconcursos.com.br\/blog\/\",\"name\":\"Estrat\u00e9gia Concursos\",\"description\":\"O blog da Estrat\u00e9gia Concursos traz not\u00edcias sobre concursos e artigos de professores oferecendo cursos para concursos (pdf + videaulas) no site.\",\"publisher\":{\"@id\":\"https:\/\/www.estrategiaconcursos.com.br\/blog\/#organization\"},\"potentialAction\":[{\"@type\":\"SearchAction\",\"target\":{\"@type\":\"EntryPoint\",\"urlTemplate\":\"https:\/\/www.estrategiaconcursos.com.br\/blog\/?s={search_term_string}\"},\"query-input\":{\"@type\":\"PropertyValueSpecification\",\"valueRequired\":true,\"valueName\":\"search_term_string\"}}],\"inLanguage\":\"pt-BR\"},{\"@type\":\"Organization\",\"@id\":\"https:\/\/www.estrategiaconcursos.com.br\/blog\/#organization\",\"name\":\"Estrat\u00e9gia Concursos\",\"url\":\"https:\/\/www.estrategiaconcursos.com.br\/blog\/\",\"logo\":{\"@type\":\"ImageObject\",\"inLanguage\":\"pt-BR\",\"@id\":\"https:\/\/www.estrategiaconcursos.com.br\/blog\/#\/schema\/logo\/image\/\",\"url\":\"https:\/\/dhg1h5j42swfq.cloudfront.net\/2025\/06\/03203428\/logo_concursos-1.jpg\",\"contentUrl\":\"https:\/\/dhg1h5j42swfq.cloudfront.net\/2025\/06\/03203428\/logo_concursos-1.jpg\",\"width\":230,\"height\":60,\"caption\":\"Estrat\u00e9gia Concursos\"},\"image\":{\"@id\":\"https:\/\/www.estrategiaconcursos.com.br\/blog\/#\/schema\/logo\/image\/\"},\"sameAs\":[\"https:\/\/x.com\/EstratConcursos\"]},{\"@type\":\"Person\",\"@id\":\"https:\/\/www.estrategiaconcursos.com.br\/blog\/#\/schema\/person\/90692507130b147bb9128fc093141dad\",\"name\":\"Antonio Daud\",\"image\":{\"@type\":\"ImageObject\",\"inLanguage\":\"pt-BR\",\"@id\":\"https:\/\/secure.gravatar.com\/avatar\/9a6539d0d807c3d7c2aaa709166f9aa9824103126593f30916973bcaedf16896?s=96&d=mm&r=g\",\"url\":\"https:\/\/secure.gravatar.com\/avatar\/9a6539d0d807c3d7c2aaa709166f9aa9824103126593f30916973bcaedf16896?s=96&d=mm&r=g\",\"contentUrl\":\"https:\/\/secure.gravatar.com\/avatar\/9a6539d0d807c3d7c2aaa709166f9aa9824103126593f30916973bcaedf16896?s=96&d=mm&r=g\",\"caption\":\"Antonio Daud\"},\"description\":\"Antonio Daud J\u00fanior \u00e9 bacharel em Engenharia El\u00e9trica e em Direito. Foi Analista de Finan\u00e7as e Controle da Controladoria-Geral da Uni\u00e3o\/Presid\u00eancia da Rep\u00fablica (CGU\/PR), aprovado no concurso de 2008. Atualmente \u00e9 Auditor Federal de Controle Externo (AUFC) do Tribunal de Contas da Uni\u00e3o (TCU), aprovado tamb\u00e9m em 2008.\",\"sameAs\":[\"https:\/\/www.instagram.com\/professordaud\/?hl=en\"],\"url\":\"https:\/\/www.estrategiaconcursos.com.br\/blog\/author\/antoniodaudestrategiaconcursos-com-br\/\"}]}<\/script>\n<!-- \/ Yoast SEO Premium plugin. -->","yoast_head_json":{"title":"Edital Adasa: PUBLICADO com 75 vagas para m\u00e9dio e superior","description":"Edital Adasa PUBLICADO com oferta de 75 vagas para Regulador de Servi\u00e7os P\u00fablicos e T\u00e9cnico de Regula\u00e7\u00e3o de Servi\u00e7os P\u00fablicos.","robots":{"index":"index","follow":"follow","max-snippet":"max-snippet:-1","max-image-preview":"max-image-preview:large","max-video-preview":"max-video-preview:-1"},"canonical":"https:\/\/www.estrategiaconcursos.com.br\/blog\/edital-adasa\/","og_locale":"pt_BR","og_type":"article","og_title":"Edital Adasa: PUBLICADO com 75 vagas para m\u00e9dio e superior","og_description":"Edital Adasa PUBLICADO com oferta de 75 vagas para Regulador de Servi\u00e7os P\u00fablicos e T\u00e9cnico de Regula\u00e7\u00e3o de Servi\u00e7os P\u00fablicos.","og_url":"https:\/\/www.estrategiaconcursos.com.br\/blog\/edital-adasa\/","og_site_name":"Estrat\u00e9gia Concursos","article_published_time":"2020-03-04T11:24:03+00:00","article_modified_time":"2023-08-28T16:30:10+00:00","og_image":[{"width":1200,"height":628,"url":"https:\/\/dhg1h5j42swfq.cloudfront.net\/2019\/11\/05113826\/Saiu-Edital-8.png","type":"image\/png"}],"author":"Antonio Daud","twitter_card":"summary_large_image","twitter_creator":"@EstratConcursos","twitter_site":"@EstratConcursos","twitter_misc":{"Escrito por":"Antonio Daud","Est. tempo de leitura":"6 minutos"},"schema":{"@context":"https:\/\/schema.org","@graph":[{"@type":"NewsArticle","@id":"https:\/\/www.estrategiaconcursos.com.br\/blog\/edital-adasa\/#article","isPartOf":{"@id":"https:\/\/www.estrategiaconcursos.com.br\/blog\/edital-adasa\/"},"author":{"name":"Antonio Daud","@id":"https:\/\/www.estrategiaconcursos.com.br\/blog\/#\/schema\/person\/90692507130b147bb9128fc093141dad"},"headline":"Edital Adasa: PUBLICADO com 75 vagas para m\u00e9dio e superior","datePublished":"2020-03-04T11:24:03+00:00","dateModified":"2023-08-28T16:30:10+00:00","mainEntityOfPage":{"@id":"https:\/\/www.estrategiaconcursos.com.br\/blog\/edital-adasa\/"},"wordCount":1201,"commentCount":0,"publisher":{"@id":"https:\/\/www.estrategiaconcursos.com.br\/blog\/#organization"},"image":{"@id":"https:\/\/www.estrategiaconcursos.com.br\/blog\/edital-adasa\/#primaryimage"},"thumbnailUrl":"https:\/\/dhg1h5j42swfq.cloudfront.net\/2019\/11\/05113826\/Saiu-Edital-8.png","articleSection":["Concursos P\u00fablicos"],"inLanguage":"pt-BR","potentialAction":[{"@type":"CommentAction","name":"Comment","target":["https:\/\/www.estrategiaconcursos.com.br\/blog\/edital-adasa\/#respond"]}],"copyrightYear":"2020","copyrightHolder":{"@id":"https:\/\/www.estrategiaconcursos.com.br\/blog\/#organization"}},{"@type":"WebPage","@id":"https:\/\/www.estrategiaconcursos.com.br\/blog\/edital-adasa\/","url":"https:\/\/www.estrategiaconcursos.com.br\/blog\/edital-adasa\/","name":"Edital Adasa: PUBLICADO com 75 vagas para m\u00e9dio e superior","isPartOf":{"@id":"https:\/\/www.estrategiaconcursos.com.br\/blog\/#website"},"primaryImageOfPage":{"@id":"https:\/\/www.estrategiaconcursos.com.br\/blog\/edital-adasa\/#primaryimage"},"image":{"@id":"https:\/\/www.estrategiaconcursos.com.br\/blog\/edital-adasa\/#primaryimage"},"thumbnailUrl":"https:\/\/dhg1h5j42swfq.cloudfront.net\/2019\/11\/05113826\/Saiu-Edital-8.png","datePublished":"2020-03-04T11:24:03+00:00","dateModified":"2023-08-28T16:30:10+00:00","description":"Edital Adasa PUBLICADO com oferta de 75 vagas para Regulador de Servi\u00e7os P\u00fablicos e T\u00e9cnico de Regula\u00e7\u00e3o de Servi\u00e7os P\u00fablicos.","breadcrumb":{"@id":"https:\/\/www.estrategiaconcursos.com.br\/blog\/edital-adasa\/#breadcrumb"},"inLanguage":"pt-BR","potentialAction":[{"@type":"ReadAction","target":["https:\/\/www.estrategiaconcursos.com.br\/blog\/edital-adasa\/"]}]},{"@type":"ImageObject","inLanguage":"pt-BR","@id":"https:\/\/www.estrategiaconcursos.com.br\/blog\/edital-adasa\/#primaryimage","url":"https:\/\/dhg1h5j42swfq.cloudfront.net\/2019\/11\/05113826\/Saiu-Edital-8.png","contentUrl":"https:\/\/dhg1h5j42swfq.cloudfront.net\/2019\/11\/05113826\/Saiu-Edital-8.png","width":1200,"height":628,"caption":"PSS NOVA IGUA\u00c7U RJ"},{"@type":"BreadcrumbList","@id":"https:\/\/www.estrategiaconcursos.com.br\/blog\/edital-adasa\/#breadcrumb","itemListElement":[{"@type":"ListItem","position":1,"name":"In\u00edcio","item":"https:\/\/www.estrategiaconcursos.com.br\/blog\/"},{"@type":"ListItem","position":2,"name":"Edital Adasa: PUBLICADO com 75 vagas para m\u00e9dio e superior"}]},{"@type":"WebSite","@id":"https:\/\/www.estrategiaconcursos.com.br\/blog\/#website","url":"https:\/\/www.estrategiaconcursos.com.br\/blog\/","name":"Estrat\u00e9gia Concursos","description":"O blog da Estrat\u00e9gia Concursos traz not\u00edcias sobre concursos e artigos de professores oferecendo cursos para concursos (pdf + videaulas) no site.","publisher":{"@id":"https:\/\/www.estrategiaconcursos.com.br\/blog\/#organization"},"potentialAction":[{"@type":"SearchAction","target":{"@type":"EntryPoint","urlTemplate":"https:\/\/www.estrategiaconcursos.com.br\/blog\/?s={search_term_string}"},"query-input":{"@type":"PropertyValueSpecification","valueRequired":true,"valueName":"search_term_string"}}],"inLanguage":"pt-BR"},{"@type":"Organization","@id":"https:\/\/www.estrategiaconcursos.com.br\/blog\/#organization","name":"Estrat\u00e9gia Concursos","url":"https:\/\/www.estrategiaconcursos.com.br\/blog\/","logo":{"@type":"ImageObject","inLanguage":"pt-BR","@id":"https:\/\/www.estrategiaconcursos.com.br\/blog\/#\/schema\/logo\/image\/","url":"https:\/\/dhg1h5j42swfq.cloudfront.net\/2025\/06\/03203428\/logo_concursos-1.jpg","contentUrl":"https:\/\/dhg1h5j42swfq.cloudfront.net\/2025\/06\/03203428\/logo_concursos-1.jpg","width":230,"height":60,"caption":"Estrat\u00e9gia Concursos"},"image":{"@id":"https:\/\/www.estrategiaconcursos.com.br\/blog\/#\/schema\/logo\/image\/"},"sameAs":["https:\/\/x.com\/EstratConcursos"]},{"@type":"Person","@id":"https:\/\/www.estrategiaconcursos.com.br\/blog\/#\/schema\/person\/90692507130b147bb9128fc093141dad","name":"Antonio Daud","image":{"@type":"ImageObject","inLanguage":"pt-BR","@id":"https:\/\/secure.gravatar.com\/avatar\/9a6539d0d807c3d7c2aaa709166f9aa9824103126593f30916973bcaedf16896?s=96&d=mm&r=g","url":"https:\/\/secure.gravatar.com\/avatar\/9a6539d0d807c3d7c2aaa709166f9aa9824103126593f30916973bcaedf16896?s=96&d=mm&r=g","contentUrl":"https:\/\/secure.gravatar.com\/avatar\/9a6539d0d807c3d7c2aaa709166f9aa9824103126593f30916973bcaedf16896?s=96&d=mm&r=g","caption":"Antonio Daud"},"description":"Antonio Daud J\u00fanior \u00e9 bacharel em Engenharia El\u00e9trica e em Direito. Foi Analista de Finan\u00e7as e Controle da Controladoria-Geral da Uni\u00e3o\/Presid\u00eancia da Rep\u00fablica (CGU\/PR), aprovado no concurso de 2008. Atualmente \u00e9 Auditor Federal de Controle Externo (AUFC) do Tribunal de Contas da Uni\u00e3o (TCU), aprovado tamb\u00e9m em 2008.","sameAs":["https:\/\/www.instagram.com\/professordaud\/?hl=en"],"url":"https:\/\/www.estrategiaconcursos.com.br\/blog\/author\/antoniodaudestrategiaconcursos-com-br\/"}]}},"_links":{"self":[{"href":"https:\/\/www.estrategiaconcursos.com.br\/blog\/wp-json\/wp\/v2\/posts\/488095","targetHints":{"allow":["GET"]}}],"collection":[{"href":"https:\/\/www.estrategiaconcursos.com.br\/blog\/wp-json\/wp\/v2\/posts"}],"about":[{"href":"https:\/\/www.estrategiaconcursos.com.br\/blog\/wp-json\/wp\/v2\/types\/post"}],"author":[{"embeddable":true,"href":"https:\/\/www.estrategiaconcursos.com.br\/blog\/wp-json\/wp\/v2\/users\/135"}],"replies":[{"embeddable":true,"href":"https:\/\/www.estrategiaconcursos.com.br\/blog\/wp-json\/wp\/v2\/comments?post=488095"}],"version-history":[{"count":26,"href":"https:\/\/www.estrategiaconcursos.com.br\/blog\/wp-json\/wp\/v2\/posts\/488095\/revisions"}],"predecessor-version":[{"id":1270080,"href":"https:\/\/www.estrategiaconcursos.com.br\/blog\/wp-json\/wp\/v2\/posts\/488095\/revisions\/1270080"}],"wp:featuredmedia":[{"embeddable":true,"href":"https:\/\/www.estrategiaconcursos.com.br\/blog\/wp-json\/wp\/v2\/media\/444273"}],"wp:attachment":[{"href":"https:\/\/www.estrategiaconcursos.com.br\/blog\/wp-json\/wp\/v2\/media?parent=488095"}],"wp:term":[{"taxonomy":"category","embeddable":true,"href":"https:\/\/www.estrategiaconcursos.com.br\/blog\/wp-json\/wp\/v2\/categories?post=488095"},{"taxonomy":"post_tag","embeddable":true,"href":"https:\/\/www.estrategiaconcursos.com.br\/blog\/wp-json\/wp\/v2\/tags?post=488095"},{"taxonomy":"tax_estado","embeddable":true,"href":"https:\/\/www.estrategiaconcursos.com.br\/blog\/wp-json\/wp\/v2\/tax_estado?post=488095"}],"curies":[{"name":"wp","href":"https:\/\/api.w.org\/{rel}","templated":true}]}}