{"id":488060,"date":"2023-09-05T19:30:00","date_gmt":"2023-09-05T22:30:00","guid":{"rendered":"https:\/\/www.estrategiaconcursos.com.br\/blog\/?p=488060"},"modified":"2023-10-17T12:35:38","modified_gmt":"2023-10-17T15:35:38","slug":"concurso-guarda-de-sao-luis-ma","status":"publish","type":"post","link":"https:\/\/www.estrategiaconcursos.com.br\/blog\/concurso-guarda-de-sao-luis-ma\/","title":{"rendered":"Concurso Guarda de S\u00e3o Lu\u00eds: convoca\u00e7\u00e3o divulgada!"},"content":{"rendered":"\n<p>Ap\u00f3s o resultado final do curso de forma\u00e7\u00e3o do <strong>concurso Guarda de S\u00e3o Lu\u00eds<\/strong>, os candidatos foram convocados para posse.<\/p>\n\n\n\n<ul class=\"wp-block-list\">\n<li><a href=\"https:\/\/dhg1h5j42swfq.cloudfront.net\/2023\/09\/05194507\/diario-oficial-de-sao-luis-ano-xliii-_-no-456.pdf\" target=\"_blank\" rel=\"noreferrer noopener nofollow\">Convoca\u00e7\u00e3o dos aprovados<\/a><\/li>\n<\/ul>\n\n\n\n<p>Com a homologa\u00e7\u00e3o, o certame segue v\u00e1lido por dois anos, podendo ser prorrogado por igual per\u00edodo a  crit\u00e9rio da administra\u00e7\u00e3o.<\/p>\n\n\n\n<ul class=\"wp-block-list\">\n<li><a href=\"https:\/\/dhg1h5j42swfq.cloudfront.net\/2023\/08\/31214429\/homologacao-guarda-de-sao-luis.pdf\" target=\"_blank\" rel=\"noreferrer noopener nofollow\">Resultado final do curso de forma\u00e7\u00e3o homologado<\/a><\/li>\n<\/ul>\n\n\n\n<p>Foram ofertadas <strong>111 vagas imediatas<\/strong>, al\u00e9m de outras <strong>333 oportunidades<\/strong> para forma\u00e7\u00e3o de cadastro reserva.<\/p>\n\n\n\n<p>As oportunidades foram cargos de <a href=\"https:\/\/www.estrategiaconcursos.com.br\/cursosPorConcurso\/prefeitura-municipal-de-sao-luis-ma-guarda-municipal\/\" target=\"_blank\" rel=\"noreferrer noopener\">Guarda Municipal de 2\u00aa Classe<\/a>, Guarda Salva Vidas e Guarda M\u00fasico. Os sal\u00e1rios iniciais s\u00e3o de R$ 3.272,40 mais gratifica\u00e7\u00f5es.<\/p>\n\n\n\n<ul class=\"has-very-light-gray-to-cyan-bluish-gray-gradient-background has-background wp-block-list\">\n<li><strong>Concurso<\/strong> <strong>Guarda de S\u00e3o Lu\u00eds<\/strong><\/li>\n\n\n\n<li><strong>Banca<\/strong>: Instituto Selecon<\/li>\n\n\n\n<li><strong>Vagas<\/strong>: 111 + 333 CR<\/li>\n\n\n\n<li><strong>Sal\u00e1rio inicial<\/strong>: R$ 3.272,40<\/li>\n\n\n\n<li><strong>Edital<\/strong>: <a href=\"https:\/\/dhg1h5j42swfq.cloudfront.net\/2022\/06\/29124644\/2649_edital_n_001-pmsl_-2022_retificado_-_guarda_municipal_-_sao_luis_-_ma_-_sugestao_de_alteracao_cronograma_28-06-22.pdf\" target=\"_blank\" rel=\"noreferrer noopener nofollow\">GCM S\u00e3o Lu\u00eds-2022<\/a><\/li>\n<\/ul>\n\n\n\n<p>Se o seu sonho \u00e9 seguir carreira como Guarda Municipal, est\u00e1 no lugar certo! Neste artigo reunimos as principais informa\u00e7\u00f5es sobre o concurso. Ent\u00e3o, confira pelos t\u00f3picos:<\/p>\n\n\n\n<ul class=\"wp-block-list\" id=\"indice\">\n<li><a href=\"#situacao\">Informa\u00e7\u00f5es do edital publicado<\/a>\n<ul class=\"wp-block-list\">\n<li><a href=\"#cargos-vagas\">Cargos e vagas<\/a><\/li>\n\n\n\n<li><a href=\"#etapas\">Etapas e provas<\/a><\/li>\n<\/ul>\n<\/li>\n\n\n\n<li><a href=\"#cargo\">Sobre o cargo<\/a>\n<ul class=\"wp-block-list\">\n<li><a href=\"#salario\">Sal\u00e1rio<\/a><\/li>\n\n\n\n<li><a href=\"#requisitos\">Requisitos<\/a><\/li>\n\n\n\n<li><a href=\"#atribui\u00e7\u00f5es\">Atribui\u00e7\u00f5es do cargo<\/a><\/li>\n<\/ul>\n<\/li>\n\n\n\n<li><a href=\"#ultimo\">\u00daltimo concurso<\/a>\n<ul class=\"wp-block-list\">\n<li><a href=\"#objetiva-ultimo\">Prova objetiva<\/a><\/li>\n\n\n\n<li><a href=\"#taf-ultimo\">Teste de aptid\u00e3o f\u00edsica<\/a><\/li>\n<\/ul>\n<\/li>\n\n\n\n<li><a href=\"#cursos\">Cursos e assinaturas<\/a><\/li>\n\n\n\n<li><a href=\"#ficha\">Ficha t\u00e9cnica<\/a><\/li>\n<\/ul>\n\n\n\n<div class=\"container\" id=\"boxes\">\n  <div class=\"row\">\n\n    <div class=\"col-sm\">\n      <div class=\"banner-guarda-gcm\" id=\"box-assinatura\">\n        <h3 class=\"titulo-assinatura\">Concurso Guarda de S\u00e3o Lu\u00eds<\/h3>\n        <p class=\"subtitulo-assinatura\">Conhe\u00e7a os cursos<\/p>\n        <div class=\"box-botao\">\n          <a class=\"btn-assinatura\" target=\"_blank\" href=\"https:\/\/www.estrategiaconcursos.com.br\/cursosPorConcurso\/prefeitura-municipal-de-sao-luis-ma-guarda-municipal\/\" role=\"button\" rel=\"noopener noreferrer\">Conhe\u00e7a mais<\/a>\n        <\/div>\n      <\/div><\/div><\/div><\/div>\n\n\n\n<h2 class=\"wp-block-heading has-cyan-bluish-gray-background-color has-background\" id=\"situacao\">Concurso Guarda de S\u00e3o Lu\u00eds: edital publicado<\/h2>\n\n\n\n<h3 class=\"wp-block-heading\" id=\"cargos-vagas\">Cargos e vagas do concurso Guarda de S\u00e3o Lu\u00eds<\/h3>\n\n\n\n<figure class=\"wp-block-table is-style-stripes\"><table class=\"has-very-light-gray-to-cyan-bluish-gray-gradient-background has-background has-fixed-layout\"><thead><tr><th class=\"has-text-align-center\" data-align=\"center\">CARGOS<\/th><th class=\"has-text-align-center\" data-align=\"center\">VAGAS<\/th><th class=\"has-text-align-center\" data-align=\"center\">SAL\u00c1RIO<\/th><\/tr><\/thead><tbody><tr><td class=\"has-text-align-center\" data-align=\"center\">Guarda Municipal 2\u00aa de Classe<\/td><td class=\"has-text-align-center\" data-align=\"center\">91 + 273 CR<\/td><td class=\"has-text-align-center\" data-align=\"center\">R$ 3.272,40<\/td><\/tr><tr><td class=\"has-text-align-center\" data-align=\"center\">Guarda Salva Vidas de 2\u00aa Classe<\/td><td class=\"has-text-align-center\" data-align=\"center\">10 + 30 CR<\/td><td class=\"has-text-align-center\" data-align=\"center\">R$ 3.272,40<\/td><\/tr><tr><td class=\"has-text-align-center\" data-align=\"center\">Guarda M\u00fasico de 2\u00ba Classe<\/td><td class=\"has-text-align-center\" data-align=\"center\">10 + 30 CR<\/td><td class=\"has-text-align-center\" data-align=\"center\">R$ 3.272,40<\/td><\/tr><\/tbody><\/table><figcaption class=\"wp-element-caption\">Quadro de cargos e vagas Guarda de S\u00e3o Lu\u00eds<\/figcaption><\/figure>\n\n\n\n<p><strong>Especialidades de M\u00fasico<\/strong>: Clarinete em Slb, Sax Alto em Mlb, Trombone de Vara em D\u00f3, Tuba em Slb e Mlb e Bateria\/Percuss\u00e3o.<\/p>\n\n\n\n<p><strong>Jornada de trabalho<\/strong>: 40 horas.<\/p>\n\n\n\n<h3 class=\"wp-block-heading\" id=\"etapas\">Etapas e provas do concurso Guarda de S\u00e3o Lu\u00eds<\/h3>\n\n\n\n<p>A avalia\u00e7\u00e3o dos candidatos do concurso Guarda de S\u00e3o Lu\u00eds se deu mediante aplica\u00e7\u00e3o das seguintes etapas:<\/p>\n\n\n\n<ol class=\"wp-block-list\">\n<li><strong>Prova Objetiva<\/strong>, de car\u00e1ter classificat\u00f3rio e eliminat\u00f3rio;<\/li>\n\n\n\n<li><strong>Prova Pr\u00e1tica<\/strong> (Instrumento Musical &#8211; apenas para M\u00fasico) de car\u00e1ter eliminat\u00f3rio;<\/li>\n\n\n\n<li><strong>Exame M\u00e9dico e Toxicol\u00f3gico<\/strong>, de car\u00e1ter eliminat\u00f3rio;<\/li>\n\n\n\n<li><strong>Teste de Aptid\u00e3o F\u00edsica<\/strong> &#8211; TAF, de car\u00e1ter eliminat\u00f3rio;<\/li>\n\n\n\n<li><strong>Avalia\u00e7\u00e3o Psicol\u00f3gica<\/strong>, de car\u00e1ter eliminat\u00f3rio;<\/li>\n\n\n\n<li><strong>Investiga\u00e7\u00e3o Social<\/strong>, de car\u00e1ter eliminat\u00f3rio;<\/li>\n\n\n\n<li><strong>Curso de Forma\u00e7\u00e3o<\/strong>, de car\u00e1ter classificat\u00f3rio e eliminat\u00f3rio.<\/li>\n<\/ol>\n\n\n\n<h3 class=\"wp-block-heading\" id=\"objetiva\">Provas Objetivas<\/h3>\n\n\n\n<p>A Prova Objetiva foi realizada das 9h \u00e0s 13h, constitu\u00edda de quest\u00f5es de m\u00faltipla escolha (cinco alternativas), conforme disciplinas e distribui\u00e7\u00e3o abaixo:<\/p>\n\n\n\n<ul class=\"wp-block-list\">\n<li><em>L\u00edngua Portuguesa &#8211; 15 quest\u00f5es <\/em><\/li>\n\n\n\n<li><em>Racioc\u00ednio L\u00f3gico e Matem\u00e1tico &#8211; 10 quest\u00f5es <\/em><\/li>\n\n\n\n<li><em>No\u00e7\u00f5es de Legisla\u00e7\u00e3o B\u00e1sica &#8211; 10 quest\u00f5es <\/em><\/li>\n\n\n\n<li><em>Inform\u00e1tica B\u00e1sica &#8211; 05 quest\u00f5es <\/em><\/li>\n\n\n\n<li><em>Conhecimentos Espec\u00edficos (No\u00e7\u00f5es de Direito Constitucional; Direito Penal, Direito Processual<\/em> <em>Penal e Direito Administrativo) &#8211; 30 quest\u00f5es <\/em><\/li>\n\n\n\n<li><em>Conhecimentos s\u00f3cio, culturais e geogr\u00e1ficos de S\u00e3o Lu\u00eds\/MA &#8211; 10 quest\u00f5es <\/em><\/li>\n<\/ul>\n\n\n\n<p>Foi eliminado do Concurso Guarda de S\u00e3o Lu\u00eds o candidato que n\u00e3o obteve, pelo menos, 50% dos pontos da Prova Objetiva, ou seja, 40, e\/ou zerou qualquer das disciplinas que a comp\u00f5e.<\/p>\n\n\n\n<h3 class=\"wp-block-heading\" id=\"pratica\">Prova Pr\u00e1tica<\/h3>\n\n\n\n<p>A Prova Pr\u00e1tica de Execu\u00e7\u00e3o Musical consistiu na execu\u00e7\u00e3o de duas pe\u00e7as, \u00e0 escolha do candidato, com o instrumento correspondente, nas quais o mesmo deveria demonstrar profici\u00eancia em seu instrumento musical, a saber:<\/p>\n\n\n\n<ul class=\"wp-block-list\">\n<li><strong>a. <\/strong>Uma pe\u00e7a deveria fazer parte do repert\u00f3rio tradicional de banda marcial ou militar (hinos, marchas, dobrados, dentre outros);<\/li>\n\n\n\n<li><strong>b. <\/strong>Uma pe\u00e7a deveria fazer parte do repert\u00f3rio de m\u00fasica popular brasileira (qualquer estilo ou \u00e9poca).<\/li>\n<\/ul>\n\n\n\n<p>O tempo m\u00e1ximo para execu\u00e7\u00e3o das duas pe\u00e7as foi de 15 minutos. A execu\u00e7\u00e3o poderia ser de mem\u00f3ria ou atrav\u00e9s da leitura das partituras.<\/p>\n\n\n\n<p>Esta prova foi avaliada pelo conjunto das execu\u00e7\u00f5es que comp\u00f5em e expresso em conceito APTO e N\u00c3O APTO. Foi considerado aprovado o candidato que obteve conceito APTO em cada umas das execu\u00e7\u00f5es isoladamente.<\/p>\n\n\n\n<h3 class=\"wp-block-heading\" id=\"titulos\">Teste de Aptid\u00e3o F\u00edsica<\/h3>\n\n\n\n<p>Para o Teste de Aptid\u00e3o F\u00edsica do concurso Guarda de S\u00e3o Lu\u00eds foram convocados somente os candidatos aprovados no Exame M\u00e9dico e Toxicol\u00f3gico. <\/p>\n\n\n\n<p>A etapa consistiu de tr\u00eas a cinco testes f\u00edsicos, de acordo com o cargo, todos de car\u00e1ter eliminat\u00f3rio, sendo eles:<\/p>\n\n\n\n<p><strong>Cargo de Guarda Municipal 2\u00aa Classe e Guarda M\u00fasico:<\/strong><\/p>\n\n\n\n<ul class=\"wp-block-list\">\n<li><strong><span style=\"color: initial;\">Flex\u00e3o abdominal<\/span> &#8211; 1 minuto<\/strong>\n<ul class=\"wp-block-list\">\n<li>masculino: 25 repeti\u00e7\u00f5es<\/li>\n\n\n\n<li>feminino: 20 repeti\u00e7\u00f5es<\/li>\n<\/ul>\n<\/li>\n\n\n\n<li><strong>Flex\u00e3o de c\u00fabitos (bra\u00e7os) &#8211; 1 minuto <\/strong>\n<ul class=\"wp-block-list\">\n<li>masculino: 15 repeti\u00e7\u00f5es<\/li>\n\n\n\n<li>feminino: 12 repeti\u00e7\u00f5es<\/li>\n<\/ul>\n<\/li>\n\n\n\n<li><strong>Corrida de Resist\u00eancia &#8211; 12 minutos<\/strong>\n<ul class=\"wp-block-list\">\n<li>masculino: 1.900 metros<\/li>\n\n\n\n<li>feminino: 1.400 metros<\/li>\n<\/ul>\n<\/li>\n<\/ul>\n\n\n\n<p><strong>Cargo de Guarda Municipal 2\u00aa Classe Salva Vidas:<\/strong><\/p>\n\n\n\n<ul class=\"wp-block-list\">\n<li><strong><span style=\"color: initial;\">Flex\u00e3o abdominal<\/span> <\/strong><strong>&#8211; 1 minuto<\/strong>\n<ul class=\"wp-block-list\">\n<li>masculino: 25 repeti\u00e7\u00f5es<\/li>\n\n\n\n<li>feminino: 20 repeti\u00e7\u00f5es<\/li>\n<\/ul>\n<\/li>\n\n\n\n<li><strong>Flex\u00e3o de c\u00fabitos (bra\u00e7os)<\/strong><strong> &#8211; 1 minuto<\/strong>\n<ul class=\"wp-block-list\">\n<li>masculino: 15 repeti\u00e7\u00f5es<\/li>\n\n\n\n<li>feminino: 12 repeti\u00e7\u00f5es<\/li>\n<\/ul>\n<\/li>\n\n\n\n<li><strong>Corrida de Resist\u00eancia<\/strong><strong> &#8211; 12 minutos<\/strong>\n<ul class=\"wp-block-list\">\n<li>masculino: 1.900 metros<\/li>\n\n\n\n<li>feminino: 1.400 metros<\/li>\n<\/ul>\n<\/li>\n\n\n\n<li><strong>Corrida de Velocidade na areia:<\/strong>\n<ul class=\"wp-block-list\">\n<li>feminino: 350 metros<\/li>\n<\/ul>\n<\/li>\n\n\n\n<li><strong>Nata\u00e7\u00e3o (estilo livre no mar):<\/strong>\n<ul class=\"wp-block-list\">\n<li>feminino: 500 metros<\/li>\n<\/ul>\n<\/li>\n<\/ul>\n\n\n\n<h2 class=\"wp-block-heading has-cyan-bluish-gray-background-color has-background\" id=\"cargo\">Concurso Guarda de S\u00e3o Lu\u00eds: Sobre o cargo<\/h2>\n\n\n\n<h3 class=\"wp-block-heading\" id=\"salario\">Sal\u00e1rio<\/h3>\n\n\n\n<p>Nos sal\u00e1rios s\u00e3o incorporados no vencimento-base (R$ 938,30) o percentual de 80% para compensa\u00e7\u00e3o org\u00e2nica; 30% de periculosidade; 40% de risco de vida e 20% de gratifica\u00e7\u00e3o de Atividade de seguran\u00e7a P\u00fablica, <strong>resultando uma remunera\u00e7\u00e3o de R$ 3.272,40<\/strong>.<\/p>\n\n\n\n<h3 class=\"wp-block-heading\" id=\"requisitos\">Requisitos<\/h3>\n\n\n\n<ul class=\"wp-block-list\">\n<li>Ser brasileiro nato ou naturalizado ou portugu\u00eas;<\/li>\n\n\n\n<li>Encontrar-se no pleno gozo de seus direitos civis e pol\u00edticos;<\/li>\n\n\n\n<li>Estar quite com as obriga\u00e7\u00f5es militares e eleitorais (brasileiro nato);<\/li>\n\n\n\n<li>Conhecer e estar de acordo com as exig\u00eancias;<\/li>\n\n\n\n<li>Forma\u00e7\u00e3o de n\u00edvel m\u00e9dio, al\u00e9m de conhecimento te\u00f3rico e pr\u00e1tico conforme especialidade;<\/li>\n\n\n\n<li>Idade m\u00ednima de 18 anos e m\u00e1xima de 35 anos.<\/li>\n<\/ul>\n\n\n\n<h3 class=\"wp-block-heading\" id=\"atribui\u00e7\u00f5es\">Atribui\u00e7\u00f5es<\/h3>\n\n\n\n<p>De acordo com o edital do concurso Guarda Municipal de S\u00e3o Lu\u00eds MA, s\u00e3o atribui\u00e7\u00f5es do Guarda Municipal:<\/p>\n\n\n\n<ul class=\"wp-block-list\">\n<li>I &#8211; Executar tarefas na \u00e1rea de patrulhamento, de inspe\u00e7\u00e3o, vigil\u00e2ncia e prote\u00e7\u00e3o das instala\u00e7\u00f5es, servi\u00e7os e bens municipais;<\/li>\n\n\n\n<li>II- Atuar na aplica\u00e7\u00e3o de primeiros socorros, no monitoramento de sistema eletr\u00f4nico de vigil\u00e2ncia e alarmes e auxiliar na fiscaliza\u00e7\u00e3o de tr\u00e2nsito;<\/li>\n\n\n\n<li>III \u2013 Quando designado e habilitado, dirigir e operar viaturas, ve\u00edculos especiais e n\u00e1uticos; colabora com a observ\u00e2ncia do C\u00f3digo de Postura Municipal;<\/li>\n\n\n\n<li>IV &#8211; Atende as reclama\u00e7\u00f5es de perturba\u00e7\u00f5es de repouso dos mun\u00edcipes;<\/li>\n\n\n\n<li>V- Previne inc\u00eandios nos bosques e aciona medidas visando sua extin\u00e7\u00e3o;<\/li>\n\n\n\n<li>VI &#8211; Mant\u00e9m a vigil\u00e2ncia em feiras livres;<\/li>\n\n\n\n<li>VII &#8211; Quando designado e habilitado, dirigir viaturas, quando em servi\u00e7o de grupo ou quando lhe for determinado pelos seus superiores;<\/li>\n\n\n\n<li>VIII &#8211; Auxilia na deten\u00e7\u00e3o e pris\u00e3o de infratores da lei, encaminhando-os \u00e0 Delegacia de Pol\u00edcia mais pr\u00f3xima;<\/li>\n\n\n\n<li>IX &#8211; Interv\u00e9m em casos de acidente, inc\u00eandio e outros sinistros para providenciar ou tomar as medidas mais urgentes.<\/li>\n<\/ul>\n\n\n\n<h2 class=\"wp-block-heading has-cyan-bluish-gray-background-color has-background\" id=\"ultimo\">Concurso Guarda de S\u00e3o Lu\u00eds: \u00daltima edi\u00e7\u00e3o<\/h2>\n\n\n\n<p>O \u00faltimo concurso GCM S\u00e3o Lu\u00eds MA, realizado em 2006, foi organizado pela Funda\u00e7\u00e3o ESAG (Funda\u00e7\u00e3o de Estudos Superiores de Administra\u00e7\u00e3o e Ger\u00eancia). <\/p>\n\n\n\n<p>Na ocasi\u00e3o, 306 oportunidades foram ofertadas, para os cargos de Guarda Municipal, nas especialidades de m\u00fasico e salva-vidas. <\/p>\n\n\n\n<p>Em 2006, o concurso foi composto por cinco etapas: Prova Objetiva, Teste de Avalia\u00e7\u00e3o Psicol\u00f3gica, Teste de Avalia\u00e7\u00e3o F\u00edsica, Prova Pr\u00e1tica de Execu\u00e7\u00e3o Musical e Curso de Forma\u00e7\u00e3o Musical. Confira os detalhes das principais abaixo: <\/p>\n\n\n\n<p>\u25ba<strong>Edital 2006<\/strong>:&nbsp;<a href=\"https:\/\/dhg1h5j42swfq.cloudfront.net\/2020\/03\/06172420\/sao_luis__6088.pdf\" target=\"_blank\" rel=\"noreferrer noopener nofollow\">Guarda Municipal de S\u00e3o Lu\u00eds MA<\/a><\/p>\n\n\n\n<h3 class=\"wp-block-heading\" id=\"objetiva-ultimo\">Prova Objetiva<\/h3>\n\n\n\n<p>A prova objetiva foi composta por duas provas: Prova de Conhecimentos B\u00e1sicos, com 30 quest\u00f5es, e a Prova de Conhecimentos Espec\u00edficos, com 70 quest\u00f5es. Cada quest\u00e3o foi composta por 4 alternativas de resposta cada uma, sendo apenas 1 a correta.<\/p>\n\n\n\n<p>As duas provas foram avaliadas na escala de 0 a 10 sendo considerados aprovados os candidatos que obtiveram, em cada uma das provas, nota igual ou superior a 5,00.  <\/p>\n\n\n\n<h3 class=\"wp-block-heading\" id=\"taf-ultimo\">Teste de Avalia\u00e7\u00e3o F\u00edsica<\/h3>\n\n\n\n<p>Para os candidatos ao cargo de Guarda Municipal e Guarda Municipal Salva-Vidas, o Teste de Avalia\u00e7\u00e3o F\u00edsica foi composto pelos seguintes exerc\u00edcios f\u00edsicos: <\/p>\n\n\n\n<ul class=\"wp-block-list\">\n<li>Desenvolvimento com halter &#8211; 10 Kg (se do sexo feminino) ou Barra (se do sexo masculino);<\/li>\n\n\n\n<li>Abdominal Remador;<\/li>\n\n\n\n<li>Corrida 100 metros;<\/li>\n\n\n\n<li>Corrida de 2.400 metros (se do sexo feminino) ou Corrida de 3.200 metros (se do sexo masculino).<\/li>\n<\/ul>\n\n\n\n<p>O Teste de Avalia\u00e7\u00e3o F\u00edsica foi avaliado na soma dos pontos obtidos nos diversos exerc\u00edcios, em APTO e N\u00c3O APTO.  <\/p>\n\n\n\n<hr class=\"wp-block-separator has-css-opacity\"\/>\n\n\n\n<h2 class=\"wp-block-heading has-text-align-center\" id=\"h-quer-saber-tudo-sobre-concursos-previstos-confira-nossos-artigos\">Quer saber tudo sobre concursos previstos?<br \/>Confira nossos artigos!<\/h2>\n\n\n\n<ul class=\"wp-block-list\">\n<li><a href=\"https:\/\/www.estrategiaconcursos.com.br\/blog\/concursos-abertos\/\" target=\"_blank\" rel=\"noreferrer noopener\">Concursos abertos<\/a><\/li>\n\n\n\n<li><a href=\"https:\/\/www.estrategiaconcursos.com.br\/blog\/concursos-2023\/\" target=\"_blank\" rel=\"noreferrer noopener\">Concursos 2023<\/a><\/li>\n\n\n\n<li><a href=\"https:\/\/www.estrategiaconcursos.com.br\/blog\/concursos-2024\/\" target=\"_blank\" rel=\"noreferrer noopener\">Concursos 2024<\/a><\/li>\n<\/ul>\n\n\n\n<h2 class=\"wp-block-heading has-text-align-center\" id=\"cursos\"> Quer estudar para o concurso Guarda de S\u00e3o Lu\u00eds MA?<\/h2>\n\n\n\n<div class=\"container\" id=\"boxes\">\n  <div class=\"row\">\n\n    <div class=\"col-sm\">\n      <div class=\"banner-guarda-gcm\" id=\"box-assinatura\">\n        <h3 class=\"titulo-assinatura\">Concurso Guarda de S\u00e3o Lu\u00eds<\/h3>\n        <p class=\"subtitulo-assinatura\">Conhe\u00e7a os cursos<\/p>\n        <div class=\"box-botao\">\n          <a class=\"btn-assinatura\" target=\"_blank\" href=\"https:\/\/www.estrategiaconcursos.com.br\/cursosPorConcurso\/prefeitura-municipal-de-sao-luis-ma-guarda-municipal\/\" role=\"button\" rel=\"noopener noreferrer\">Conhe\u00e7a mais<\/a>\n        <\/div>\n      <\/div><\/div><\/div><\/div>\n\n\n\n<div class=\"container\" id=\"boxes\">\n  <div class=\"row\">\n\n    <div class=\"col-sm\">\n      <div class=\"estrategia\" id=\"box-assinatura\">\n        <h3 class=\"titulo-assinatura\">Assinatura Concursos<\/h3>\n        <p class=\"subtitulo-assinatura\">Assinatura de 1 ano ou 2 anos<\/p>\n        <div class=\"box-botao\">\n          <a class=\"btn-assinatura\" target=\"_blank\" href=\"https:\/\/www.estrategiaconcursos.com.br\/assinaturas\/\" role=\"button\" rel=\"noopener noreferrer\">ASSINE AGORA<\/a>\n        <\/div>\n      <\/div>\n     \n    <\/div><\/div><\/div>\n\n\n\n<figure class=\"wp-block-image size-large is-resized\"><img loading=\"lazy\" decoding=\"async\" width=\"1024\" height=\"632\" src=\"https:\/\/dhg1h5j42swfq.cloudfront.net\/2021\/05\/12212304\/ficha-tecnica-1-1024x632-1-12.png\" alt=\"Informa\u00e7\u00f5es do Concurso Guarda de S\u00e3o Lu\u00eds MA\" class=\"wp-image-739198\" style=\"width:277px;height:171px\" srcset=\"https:\/\/dhg1h5j42swfq.cloudfront.net\/2021\/05\/12212304\/ficha-tecnica-1-1024x632-1-12.png 1024w, https:\/\/dhg1h5j42swfq.cloudfront.net\/2021\/05\/12212304\/ficha-tecnica-1-1024x632-1-12-300x185.png 300w, https:\/\/dhg1h5j42swfq.cloudfront.net\/2021\/05\/12212304\/ficha-tecnica-1-1024x632-1-12-768x474.png 768w, https:\/\/dhg1h5j42swfq.cloudfront.net\/2021\/05\/12212304\/ficha-tecnica-1-1024x632-1-12-610x376.png 610w\" sizes=\"auto, (max-width: 1024px) 100vw, 1024px\" \/><\/figure>\n\n\n\n<h3 class=\"wp-block-heading\" id=\"ficha\">Informa\u00e7\u00f5es do Concurso Guarda de S\u00e3o Lu\u00eds MA<\/h3>\n\n\n\n<ul class=\"wp-block-list\">\n<li><strong style=\"color: initial;\">Provas<\/strong><span style=\"color: initial;\">: 18\/09\/2022<\/span><\/li>\n\n\n\n<li><strong>Vagas<\/strong>: 111 + 333 CR<\/li>\n\n\n\n<li><strong>Cargos<\/strong>: Guarda Municipal<\/li>\n\n\n\n<li><strong>Banca<\/strong>: Instituto Selecon<\/li>\n\n\n\n<li><strong>Escolaridade<\/strong>: N\u00edvel m\u00e9dio<\/li>\n\n\n\n<li><strong>Edital:<\/strong> <a href=\"https:\/\/dhg1h5j42swfq.cloudfront.net\/2022\/06\/29124644\/2649_edital_n_001-pmsl_-2022_retificado_-_guarda_municipal_-_sao_luis_-_ma_-_sugestao_de_alteracao_cronograma_28-06-22.pdf\" target=\"_blank\" rel=\"noreferrer noopener nofollow\">GCM S\u00e3o Lu\u00eds-2022<\/a><\/li>\n<\/ul>\n","protected":false},"excerpt":{"rendered":"<p>Ap\u00f3s o resultado final do curso de forma\u00e7\u00e3o do concurso Guarda de S\u00e3o Lu\u00eds, os candidatos foram convocados para posse. Com a homologa\u00e7\u00e3o, o certame segue v\u00e1lido por dois anos, podendo ser prorrogado por igual per\u00edodo a crit\u00e9rio da administra\u00e7\u00e3o. Foram ofertadas 111 vagas imediatas, al\u00e9m de outras 333 oportunidades para forma\u00e7\u00e3o de cadastro reserva. [&hellip;]<\/p>\n","protected":false},"author":1,"featured_media":777125,"comment_status":"open","ping_status":"closed","sticky":false,"template":"","format":"standard","meta":{"post_tipo":"news_page","footnotes":""},"categories":[220189],"tags":[],"tax_estado":[219973],"class_list":["post-488060","post","type-post","status-publish","format-standard","has-post-thumbnail","hentry","category-policial-guarda-civis","tax_estado-ma"],"acf":[],"yoast_head":"<!-- This site is optimized with the Yoast SEO Premium plugin v27.2 (Yoast SEO v27.2) - https:\/\/yoast.com\/product\/yoast-seo-premium-wordpress\/ -->\n<title>Concurso Guarda de S\u00e3o Lu\u00eds: Sele\u00e7\u00e3o tem inscri\u00e7\u00f5es encerradas!<\/title>\n<meta name=\"description\" content=\"Concurso da Guarda de S\u00e3o Lu\u00eds: edital ofertou 111 vagas imediatas e 333 para cadastro de reserva. Resultado final homologado!\" \/>\n<meta name=\"robots\" content=\"index, follow, max-snippet:-1, max-image-preview:large, max-video-preview:-1\" \/>\n<link rel=\"canonical\" href=\"https:\/\/www.estrategiaconcursos.com.br\/blog\/concurso-guarda-de-sao-luis-ma\/\" \/>\n<meta property=\"og:locale\" content=\"pt_BR\" \/>\n<meta property=\"og:type\" content=\"article\" \/>\n<meta property=\"og:title\" content=\"Concurso Guarda de S\u00e3o Lu\u00eds: convoca\u00e7\u00e3o divulgada!\" \/>\n<meta property=\"og:description\" content=\"Concurso da Guarda de S\u00e3o Lu\u00eds: edital ofertou 111 vagas imediatas e 333 para cadastro de reserva. Resultado final homologado!\" \/>\n<meta property=\"og:url\" content=\"https:\/\/www.estrategiaconcursos.com.br\/blog\/concurso-guarda-de-sao-luis-ma\/\" \/>\n<meta property=\"og:site_name\" content=\"Estrat\u00e9gia Concursos\" \/>\n<meta property=\"article:author\" content=\"https:\/\/www.facebook.com\/EstrategiaConcursos\" \/>\n<meta property=\"article:published_time\" content=\"2023-09-05T22:30:00+00:00\" \/>\n<meta property=\"article:modified_time\" content=\"2023-10-17T15:35:38+00:00\" \/>\n<meta property=\"og:image\" content=\"https:\/\/dhg1h5j42swfq.cloudfront.net\/2021\/05\/25131443\/guarda-de-sao-luis-ma.jpg\" \/>\n\t<meta property=\"og:image:width\" content=\"768\" \/>\n\t<meta property=\"og:image:height\" content=\"432\" \/>\n\t<meta property=\"og:image:type\" content=\"image\/jpeg\" \/>\n<meta name=\"author\" content=\"Coordena\u00e7\u00e3o\" \/>\n<meta name=\"twitter:card\" content=\"summary_large_image\" \/>\n<meta name=\"twitter:creator\" content=\"@EstratConcursos\" \/>\n<meta name=\"twitter:site\" content=\"@EstratConcursos\" \/>\n<meta name=\"twitter:label1\" content=\"Escrito por\" \/>\n\t<meta name=\"twitter:data1\" content=\"Coordena\u00e7\u00e3o\" \/>\n\t<meta name=\"twitter:label2\" content=\"Est. tempo de leitura\" \/>\n\t<meta name=\"twitter:data2\" content=\"8 minutos\" \/>\n<script type=\"application\/ld+json\" class=\"yoast-schema-graph\">{\"@context\":\"https:\/\/schema.org\",\"@graph\":[{\"@type\":\"NewsArticle\",\"@id\":\"https:\/\/www.estrategiaconcursos.com.br\/blog\/concurso-guarda-de-sao-luis-ma\/#article\",\"isPartOf\":{\"@id\":\"https:\/\/www.estrategiaconcursos.com.br\/blog\/concurso-guarda-de-sao-luis-ma\/\"},\"author\":{\"name\":\"Coordena\u00e7\u00e3o\",\"@id\":\"https:\/\/www.estrategiaconcursos.com.br\/blog\/#\/schema\/person\/b4a388c97673c5f483d72185668afa1f\"},\"headline\":\"Concurso Guarda de S\u00e3o Lu\u00eds: convoca\u00e7\u00e3o divulgada!\",\"datePublished\":\"2023-09-05T22:30:00+00:00\",\"dateModified\":\"2023-10-17T15:35:38+00:00\",\"mainEntityOfPage\":{\"@id\":\"https:\/\/www.estrategiaconcursos.com.br\/blog\/concurso-guarda-de-sao-luis-ma\/\"},\"wordCount\":1517,\"commentCount\":6,\"publisher\":{\"@id\":\"https:\/\/www.estrategiaconcursos.com.br\/blog\/#organization\"},\"image\":{\"@id\":\"https:\/\/www.estrategiaconcursos.com.br\/blog\/concurso-guarda-de-sao-luis-ma\/#primaryimage\"},\"thumbnailUrl\":\"https:\/\/dhg1h5j42swfq.cloudfront.net\/2021\/05\/25131443\/guarda-de-sao-luis-ma.jpg\",\"articleSection\":[\"Policial (Guardas Civis)\"],\"inLanguage\":\"pt-BR\",\"potentialAction\":[{\"@type\":\"CommentAction\",\"name\":\"Comment\",\"target\":[\"https:\/\/www.estrategiaconcursos.com.br\/blog\/concurso-guarda-de-sao-luis-ma\/#respond\"]}],\"copyrightYear\":\"2023\",\"copyrightHolder\":{\"@id\":\"https:\/\/www.estrategiaconcursos.com.br\/blog\/#organization\"}},{\"@type\":\"WebPage\",\"@id\":\"https:\/\/www.estrategiaconcursos.com.br\/blog\/concurso-guarda-de-sao-luis-ma\/\",\"url\":\"https:\/\/www.estrategiaconcursos.com.br\/blog\/concurso-guarda-de-sao-luis-ma\/\",\"name\":\"Concurso Guarda de S\u00e3o Lu\u00eds: Sele\u00e7\u00e3o tem inscri\u00e7\u00f5es encerradas!\",\"isPartOf\":{\"@id\":\"https:\/\/www.estrategiaconcursos.com.br\/blog\/#website\"},\"primaryImageOfPage\":{\"@id\":\"https:\/\/www.estrategiaconcursos.com.br\/blog\/concurso-guarda-de-sao-luis-ma\/#primaryimage\"},\"image\":{\"@id\":\"https:\/\/www.estrategiaconcursos.com.br\/blog\/concurso-guarda-de-sao-luis-ma\/#primaryimage\"},\"thumbnailUrl\":\"https:\/\/dhg1h5j42swfq.cloudfront.net\/2021\/05\/25131443\/guarda-de-sao-luis-ma.jpg\",\"datePublished\":\"2023-09-05T22:30:00+00:00\",\"dateModified\":\"2023-10-17T15:35:38+00:00\",\"description\":\"Concurso da Guarda de S\u00e3o Lu\u00eds: edital ofertou 111 vagas imediatas e 333 para cadastro de reserva. Resultado final homologado!\",\"breadcrumb\":{\"@id\":\"https:\/\/www.estrategiaconcursos.com.br\/blog\/concurso-guarda-de-sao-luis-ma\/#breadcrumb\"},\"inLanguage\":\"pt-BR\",\"potentialAction\":[{\"@type\":\"ReadAction\",\"target\":[\"https:\/\/www.estrategiaconcursos.com.br\/blog\/concurso-guarda-de-sao-luis-ma\/\"]}]},{\"@type\":\"ImageObject\",\"inLanguage\":\"pt-BR\",\"@id\":\"https:\/\/www.estrategiaconcursos.com.br\/blog\/concurso-guarda-de-sao-luis-ma\/#primaryimage\",\"url\":\"https:\/\/dhg1h5j42swfq.cloudfront.net\/2021\/05\/25131443\/guarda-de-sao-luis-ma.jpg\",\"contentUrl\":\"https:\/\/dhg1h5j42swfq.cloudfront.net\/2021\/05\/25131443\/guarda-de-sao-luis-ma.jpg\",\"width\":768,\"height\":432,\"caption\":\"GUARDA DE S\u00c3O LU\u00cdS-MA\"},{\"@type\":\"BreadcrumbList\",\"@id\":\"https:\/\/www.estrategiaconcursos.com.br\/blog\/concurso-guarda-de-sao-luis-ma\/#breadcrumb\",\"itemListElement\":[{\"@type\":\"ListItem\",\"position\":1,\"name\":\"In\u00edcio\",\"item\":\"https:\/\/www.estrategiaconcursos.com.br\/blog\/\"},{\"@type\":\"ListItem\",\"position\":2,\"name\":\"Concurso Guarda de S\u00e3o Lu\u00eds: convoca\u00e7\u00e3o divulgada!\"}]},{\"@type\":\"WebSite\",\"@id\":\"https:\/\/www.estrategiaconcursos.com.br\/blog\/#website\",\"url\":\"https:\/\/www.estrategiaconcursos.com.br\/blog\/\",\"name\":\"Estrat\u00e9gia Concursos\",\"description\":\"O blog da Estrat\u00e9gia Concursos traz not\u00edcias sobre concursos e artigos de professores oferecendo cursos para concursos (pdf + videaulas) no site.\",\"publisher\":{\"@id\":\"https:\/\/www.estrategiaconcursos.com.br\/blog\/#organization\"},\"potentialAction\":[{\"@type\":\"SearchAction\",\"target\":{\"@type\":\"EntryPoint\",\"urlTemplate\":\"https:\/\/www.estrategiaconcursos.com.br\/blog\/?s={search_term_string}\"},\"query-input\":{\"@type\":\"PropertyValueSpecification\",\"valueRequired\":true,\"valueName\":\"search_term_string\"}}],\"inLanguage\":\"pt-BR\"},{\"@type\":\"Organization\",\"@id\":\"https:\/\/www.estrategiaconcursos.com.br\/blog\/#organization\",\"name\":\"Estrat\u00e9gia Concursos\",\"url\":\"https:\/\/www.estrategiaconcursos.com.br\/blog\/\",\"logo\":{\"@type\":\"ImageObject\",\"inLanguage\":\"pt-BR\",\"@id\":\"https:\/\/www.estrategiaconcursos.com.br\/blog\/#\/schema\/logo\/image\/\",\"url\":\"https:\/\/dhg1h5j42swfq.cloudfront.net\/2025\/06\/03203428\/logo_concursos-1.jpg\",\"contentUrl\":\"https:\/\/dhg1h5j42swfq.cloudfront.net\/2025\/06\/03203428\/logo_concursos-1.jpg\",\"width\":230,\"height\":60,\"caption\":\"Estrat\u00e9gia Concursos\"},\"image\":{\"@id\":\"https:\/\/www.estrategiaconcursos.com.br\/blog\/#\/schema\/logo\/image\/\"},\"sameAs\":[\"https:\/\/x.com\/EstratConcursos\"]},{\"@type\":\"Person\",\"@id\":\"https:\/\/www.estrategiaconcursos.com.br\/blog\/#\/schema\/person\/b4a388c97673c5f483d72185668afa1f\",\"name\":\"Coordena\u00e7\u00e3o\",\"image\":{\"@type\":\"ImageObject\",\"inLanguage\":\"pt-BR\",\"@id\":\"https:\/\/secure.gravatar.com\/avatar\/b720319e4c9a967eb58678d110f4fe35452fc5d5f97b202bac7b8acceb18c6ad?s=96&d=mm&r=g\",\"url\":\"https:\/\/secure.gravatar.com\/avatar\/b720319e4c9a967eb58678d110f4fe35452fc5d5f97b202bac7b8acceb18c6ad?s=96&d=mm&r=g\",\"contentUrl\":\"https:\/\/secure.gravatar.com\/avatar\/b720319e4c9a967eb58678d110f4fe35452fc5d5f97b202bac7b8acceb18c6ad?s=96&d=mm&r=g\",\"caption\":\"Coordena\u00e7\u00e3o\"},\"sameAs\":[\"https:\/\/www.facebook.com\/EstrategiaConcursos\",\"https:\/\/x.com\/EstratConcursos\"],\"url\":\"https:\/\/www.estrategiaconcursos.com.br\/blog\/author\/estrategia2013\/\"}]}<\/script>\n<!-- \/ Yoast SEO Premium plugin. -->","yoast_head_json":{"title":"Concurso Guarda de S\u00e3o Lu\u00eds: Sele\u00e7\u00e3o tem inscri\u00e7\u00f5es encerradas!","description":"Concurso da Guarda de S\u00e3o Lu\u00eds: edital ofertou 111 vagas imediatas e 333 para cadastro de reserva. Resultado final homologado!","robots":{"index":"index","follow":"follow","max-snippet":"max-snippet:-1","max-image-preview":"max-image-preview:large","max-video-preview":"max-video-preview:-1"},"canonical":"https:\/\/www.estrategiaconcursos.com.br\/blog\/concurso-guarda-de-sao-luis-ma\/","og_locale":"pt_BR","og_type":"article","og_title":"Concurso Guarda de S\u00e3o Lu\u00eds: convoca\u00e7\u00e3o divulgada!","og_description":"Concurso da Guarda de S\u00e3o Lu\u00eds: edital ofertou 111 vagas imediatas e 333 para cadastro de reserva. Resultado final homologado!","og_url":"https:\/\/www.estrategiaconcursos.com.br\/blog\/concurso-guarda-de-sao-luis-ma\/","og_site_name":"Estrat\u00e9gia Concursos","article_author":"https:\/\/www.facebook.com\/EstrategiaConcursos","article_published_time":"2023-09-05T22:30:00+00:00","article_modified_time":"2023-10-17T15:35:38+00:00","og_image":[{"width":768,"height":432,"url":"https:\/\/dhg1h5j42swfq.cloudfront.net\/2021\/05\/25131443\/guarda-de-sao-luis-ma.jpg","type":"image\/jpeg"}],"author":"Coordena\u00e7\u00e3o","twitter_card":"summary_large_image","twitter_creator":"@EstratConcursos","twitter_site":"@EstratConcursos","twitter_misc":{"Escrito por":"Coordena\u00e7\u00e3o","Est. tempo de leitura":"8 minutos"},"schema":{"@context":"https:\/\/schema.org","@graph":[{"@type":"NewsArticle","@id":"https:\/\/www.estrategiaconcursos.com.br\/blog\/concurso-guarda-de-sao-luis-ma\/#article","isPartOf":{"@id":"https:\/\/www.estrategiaconcursos.com.br\/blog\/concurso-guarda-de-sao-luis-ma\/"},"author":{"name":"Coordena\u00e7\u00e3o","@id":"https:\/\/www.estrategiaconcursos.com.br\/blog\/#\/schema\/person\/b4a388c97673c5f483d72185668afa1f"},"headline":"Concurso Guarda de S\u00e3o Lu\u00eds: convoca\u00e7\u00e3o divulgada!","datePublished":"2023-09-05T22:30:00+00:00","dateModified":"2023-10-17T15:35:38+00:00","mainEntityOfPage":{"@id":"https:\/\/www.estrategiaconcursos.com.br\/blog\/concurso-guarda-de-sao-luis-ma\/"},"wordCount":1517,"commentCount":6,"publisher":{"@id":"https:\/\/www.estrategiaconcursos.com.br\/blog\/#organization"},"image":{"@id":"https:\/\/www.estrategiaconcursos.com.br\/blog\/concurso-guarda-de-sao-luis-ma\/#primaryimage"},"thumbnailUrl":"https:\/\/dhg1h5j42swfq.cloudfront.net\/2021\/05\/25131443\/guarda-de-sao-luis-ma.jpg","articleSection":["Policial (Guardas Civis)"],"inLanguage":"pt-BR","potentialAction":[{"@type":"CommentAction","name":"Comment","target":["https:\/\/www.estrategiaconcursos.com.br\/blog\/concurso-guarda-de-sao-luis-ma\/#respond"]}],"copyrightYear":"2023","copyrightHolder":{"@id":"https:\/\/www.estrategiaconcursos.com.br\/blog\/#organization"}},{"@type":"WebPage","@id":"https:\/\/www.estrategiaconcursos.com.br\/blog\/concurso-guarda-de-sao-luis-ma\/","url":"https:\/\/www.estrategiaconcursos.com.br\/blog\/concurso-guarda-de-sao-luis-ma\/","name":"Concurso Guarda de S\u00e3o Lu\u00eds: Sele\u00e7\u00e3o tem inscri\u00e7\u00f5es encerradas!","isPartOf":{"@id":"https:\/\/www.estrategiaconcursos.com.br\/blog\/#website"},"primaryImageOfPage":{"@id":"https:\/\/www.estrategiaconcursos.com.br\/blog\/concurso-guarda-de-sao-luis-ma\/#primaryimage"},"image":{"@id":"https:\/\/www.estrategiaconcursos.com.br\/blog\/concurso-guarda-de-sao-luis-ma\/#primaryimage"},"thumbnailUrl":"https:\/\/dhg1h5j42swfq.cloudfront.net\/2021\/05\/25131443\/guarda-de-sao-luis-ma.jpg","datePublished":"2023-09-05T22:30:00+00:00","dateModified":"2023-10-17T15:35:38+00:00","description":"Concurso da Guarda de S\u00e3o Lu\u00eds: edital ofertou 111 vagas imediatas e 333 para cadastro de reserva. Resultado final homologado!","breadcrumb":{"@id":"https:\/\/www.estrategiaconcursos.com.br\/blog\/concurso-guarda-de-sao-luis-ma\/#breadcrumb"},"inLanguage":"pt-BR","potentialAction":[{"@type":"ReadAction","target":["https:\/\/www.estrategiaconcursos.com.br\/blog\/concurso-guarda-de-sao-luis-ma\/"]}]},{"@type":"ImageObject","inLanguage":"pt-BR","@id":"https:\/\/www.estrategiaconcursos.com.br\/blog\/concurso-guarda-de-sao-luis-ma\/#primaryimage","url":"https:\/\/dhg1h5j42swfq.cloudfront.net\/2021\/05\/25131443\/guarda-de-sao-luis-ma.jpg","contentUrl":"https:\/\/dhg1h5j42swfq.cloudfront.net\/2021\/05\/25131443\/guarda-de-sao-luis-ma.jpg","width":768,"height":432,"caption":"GUARDA DE S\u00c3O LU\u00cdS-MA"},{"@type":"BreadcrumbList","@id":"https:\/\/www.estrategiaconcursos.com.br\/blog\/concurso-guarda-de-sao-luis-ma\/#breadcrumb","itemListElement":[{"@type":"ListItem","position":1,"name":"In\u00edcio","item":"https:\/\/www.estrategiaconcursos.com.br\/blog\/"},{"@type":"ListItem","position":2,"name":"Concurso Guarda de S\u00e3o Lu\u00eds: convoca\u00e7\u00e3o divulgada!"}]},{"@type":"WebSite","@id":"https:\/\/www.estrategiaconcursos.com.br\/blog\/#website","url":"https:\/\/www.estrategiaconcursos.com.br\/blog\/","name":"Estrat\u00e9gia Concursos","description":"O blog da Estrat\u00e9gia Concursos traz not\u00edcias sobre concursos e artigos de professores oferecendo cursos para concursos (pdf + videaulas) no site.","publisher":{"@id":"https:\/\/www.estrategiaconcursos.com.br\/blog\/#organization"},"potentialAction":[{"@type":"SearchAction","target":{"@type":"EntryPoint","urlTemplate":"https:\/\/www.estrategiaconcursos.com.br\/blog\/?s={search_term_string}"},"query-input":{"@type":"PropertyValueSpecification","valueRequired":true,"valueName":"search_term_string"}}],"inLanguage":"pt-BR"},{"@type":"Organization","@id":"https:\/\/www.estrategiaconcursos.com.br\/blog\/#organization","name":"Estrat\u00e9gia Concursos","url":"https:\/\/www.estrategiaconcursos.com.br\/blog\/","logo":{"@type":"ImageObject","inLanguage":"pt-BR","@id":"https:\/\/www.estrategiaconcursos.com.br\/blog\/#\/schema\/logo\/image\/","url":"https:\/\/dhg1h5j42swfq.cloudfront.net\/2025\/06\/03203428\/logo_concursos-1.jpg","contentUrl":"https:\/\/dhg1h5j42swfq.cloudfront.net\/2025\/06\/03203428\/logo_concursos-1.jpg","width":230,"height":60,"caption":"Estrat\u00e9gia Concursos"},"image":{"@id":"https:\/\/www.estrategiaconcursos.com.br\/blog\/#\/schema\/logo\/image\/"},"sameAs":["https:\/\/x.com\/EstratConcursos"]},{"@type":"Person","@id":"https:\/\/www.estrategiaconcursos.com.br\/blog\/#\/schema\/person\/b4a388c97673c5f483d72185668afa1f","name":"Coordena\u00e7\u00e3o","image":{"@type":"ImageObject","inLanguage":"pt-BR","@id":"https:\/\/secure.gravatar.com\/avatar\/b720319e4c9a967eb58678d110f4fe35452fc5d5f97b202bac7b8acceb18c6ad?s=96&d=mm&r=g","url":"https:\/\/secure.gravatar.com\/avatar\/b720319e4c9a967eb58678d110f4fe35452fc5d5f97b202bac7b8acceb18c6ad?s=96&d=mm&r=g","contentUrl":"https:\/\/secure.gravatar.com\/avatar\/b720319e4c9a967eb58678d110f4fe35452fc5d5f97b202bac7b8acceb18c6ad?s=96&d=mm&r=g","caption":"Coordena\u00e7\u00e3o"},"sameAs":["https:\/\/www.facebook.com\/EstrategiaConcursos","https:\/\/x.com\/EstratConcursos"],"url":"https:\/\/www.estrategiaconcursos.com.br\/blog\/author\/estrategia2013\/"}]}},"_links":{"self":[{"href":"https:\/\/www.estrategiaconcursos.com.br\/blog\/wp-json\/wp\/v2\/posts\/488060","targetHints":{"allow":["GET"]}}],"collection":[{"href":"https:\/\/www.estrategiaconcursos.com.br\/blog\/wp-json\/wp\/v2\/posts"}],"about":[{"href":"https:\/\/www.estrategiaconcursos.com.br\/blog\/wp-json\/wp\/v2\/types\/post"}],"author":[{"embeddable":true,"href":"https:\/\/www.estrategiaconcursos.com.br\/blog\/wp-json\/wp\/v2\/users\/1"}],"replies":[{"embeddable":true,"href":"https:\/\/www.estrategiaconcursos.com.br\/blog\/wp-json\/wp\/v2\/comments?post=488060"}],"version-history":[{"count":55,"href":"https:\/\/www.estrategiaconcursos.com.br\/blog\/wp-json\/wp\/v2\/posts\/488060\/revisions"}],"predecessor-version":[{"id":1293520,"href":"https:\/\/www.estrategiaconcursos.com.br\/blog\/wp-json\/wp\/v2\/posts\/488060\/revisions\/1293520"}],"wp:featuredmedia":[{"embeddable":true,"href":"https:\/\/www.estrategiaconcursos.com.br\/blog\/wp-json\/wp\/v2\/media\/777125"}],"wp:attachment":[{"href":"https:\/\/www.estrategiaconcursos.com.br\/blog\/wp-json\/wp\/v2\/media?parent=488060"}],"wp:term":[{"taxonomy":"category","embeddable":true,"href":"https:\/\/www.estrategiaconcursos.com.br\/blog\/wp-json\/wp\/v2\/categories?post=488060"},{"taxonomy":"post_tag","embeddable":true,"href":"https:\/\/www.estrategiaconcursos.com.br\/blog\/wp-json\/wp\/v2\/tags?post=488060"},{"taxonomy":"tax_estado","embeddable":true,"href":"https:\/\/www.estrategiaconcursos.com.br\/blog\/wp-json\/wp\/v2\/tax_estado?post=488060"}],"curies":[{"name":"wp","href":"https:\/\/api.w.org\/{rel}","templated":true}]}}