{"id":48781,"date":"2016-09-10T02:50:58","date_gmt":"2016-09-10T05:50:58","guid":{"rendered":"https:\/\/www.estrategiaconcursos.com.br\/blog\/?p=48781"},"modified":"2022-09-16T14:14:54","modified_gmt":"2022-09-16T17:14:54","slug":"concurso-ebserh-vagas","status":"publish","type":"post","link":"https:\/\/www.estrategiaconcursos.com.br\/blog\/concurso-ebserh-vagas\/","title":{"rendered":"EBSERH: vagas para Biom\u00e9dico, Bi\u00f3logo, Farmac\u00eautico e T\u00e9cnico em An\u00e1lises Cl\u00ednicas. O que caiu na \u00faltima prova?"},"content":{"rendered":"<p style=\"text-align: justify;\"><span style=\"color: #000000;\">Ol\u00e1, pessoal! Meu nome \u00e9 Denise Rodrigues, sou professora de conte\u00fados da \u00e1rea da sa\u00fade, aqui no <em><strong>Estrat\u00e9gia Concursos<\/strong><\/em>. \u00c9 com\u00a0grande satisfa\u00e7\u00e3o que venho\u00a0falar sobre as vagas abertas para <strong><em>biom\u00e9dico<\/em><\/strong>,<strong><em> bi\u00f3logo<\/em><\/strong>, <em><strong>farmac\u00eautico<\/strong><\/em>\u00a0e <em><strong>t\u00e9cnico em an\u00e1lises cl\u00ednicas<\/strong><\/em>\u00a0na<em><strong>\u00a0<\/strong><strong><em>EB<\/em>SERH<\/strong><\/em>, Empresa Brasileira de Servi\u00e7os Hospitalares, que administra os hospitais federais.<\/span><\/p>\n<p style=\"text-align: justify;\"><a href=\"https:\/\/dhg1h5j42swfq.cloudfront.net\/2016\/09\/08111720\/ebserh.jpg\"><img loading=\"lazy\" decoding=\"async\" class=\"aligncenter wp-image-48655\" src=\"https:\/\/dhg1h5j42swfq.cloudfront.net\/2016\/09\/08111720\/ebserh.jpg\" alt=\"ebserh: vagas\" width=\"374\" height=\"224\" \/><\/a><\/p>\n<p style=\"text-align: justify;\"><span style=\"color: #000000;\">A EBSERH ir\u00e1 contratar, por meio de concurso p\u00fablico, mais de 2300 profissionais para atua\u00e7\u00e3o em seis hospitais federais! As sele\u00e7\u00f5es incluem provas objetivas e avalia\u00e7\u00e3o de t\u00edtulos.\u00a0<\/span><span style=\"color: #000000;\">Foram escolhidas duas bancas examinadoras para condu\u00e7\u00e3o dos processos: <strong><span style=\"color: #0000ff;\"><a style=\"color: #0000ff;\" href=\"http:\/\/www.institutoaocp.org.br\/\" target=\"_blank\" rel=\"noopener\">AOCP<\/a><\/span><\/strong> e <a href=\"http:\/\/ibfc.org.br\/\" target=\"_blank\" rel=\"noopener\"><strong><span style=\"color: #0000ff;\">IBFC<\/span><\/strong><\/a>.\u00a0<\/span><\/p>\n<p style=\"text-align: justify;\"><span style=\"color: #000000;\">O Instituto IBFC ficou respons\u00e1vel pelos certames de tr\u00eas unidades. Um para o <span style=\"color: #0000ff;\"><strong><span style=\"text-decoration: underline;\">Hospital Universit\u00e1rio Ant\u00f4nio Pedro da Universidade Federal Fluminense<\/span><\/strong><\/span> (HUAP-UFF), com a <span style=\"color: #0000ff;\"><span style=\"text-decoration: underline;\"><strong>aplica\u00e7\u00e3o das provas objetivas prevista para 13 de novembro de 2016<\/strong><\/span>.<\/span> Al\u00e9m desse, o concurso do <strong><span style=\"text-decoration: underline; color: #0000ff;\">Hospital Universit\u00e1rio Polydoro Ernani de S\u00e3o Thiago da Universidade Federal de Santa Catarina<\/span><\/strong> (HUPEST-UFSC), com <span style=\"text-decoration: underline; color: #0000ff;\"><strong>provas objetivas previstas para o dia 18 de dezembro de 2016<\/strong><\/span>. E tamb\u00e9m o concurso para o <span style=\"text-decoration: underline; color: #0000ff;\"><strong>Hospital Universit\u00e1rio Gaffr\u00e9e Guinle da Universidade Federal do Estado do Rio de Janeiro<\/strong><\/span> (HUGG-UNIRIO), <span style=\"color: #0000ff;\"><strong><span style=\"text-decoration: underline;\">com provas objetivas previstas para o dia 22 de janeiro de 2017<\/span><\/strong><\/span>. Os tr\u00eas concursos somam <span style=\"color: #0000ff;\"><strong><span style=\"text-decoration: underline;\">5<\/span><\/strong><\/span><span style=\"text-decoration: underline; color: #0000ff;\"><strong>\u00a0vagas para o cargo de biom\u00e9dico<\/strong><\/span>, <strong><span style=\"text-decoration: underline;\"><span style=\"color: #0000ff; text-decoration: underline;\">5<\/span><\/span><\/strong><span style=\"text-decoration: underline; color: #0000ff;\"><strong><span style=\"color: #0000ff; text-decoration: underline;\">\u00a0<\/span>vagas para bi\u00f3logo<\/strong><\/span>, <span style=\"text-decoration: underline; color: #0000ff;\"><strong>25 vagas para farmac\u00eautico<\/strong><\/span> e <span style=\"text-decoration: underline; color: #0000ff;\"><strong>25 vagas para t\u00e9cnico em an\u00e1lises cl\u00ednicas<\/strong><\/span>! As inscri\u00e7\u00f5es para o concurso do HUAP-UFF j\u00e1 est\u00e3o abertas, para o certame do HUPEST-UFSC iniciam em 07 de outubro e para o HUGG-UNIRIO come\u00e7am em 14 de novembro.<\/span><\/p>\n<p style=\"text-align: justify;\"><span style=\"color: #000000;\">Os outros tr\u00eas certames ser\u00e3o organizados pelo Instituto AOCP. Um para o <span style=\"text-decoration: underline; color: #0000ff;\"><strong>Hospital Universit\u00e1rio Alcides Carneiro da Universidade Federal de Campina Grande<\/strong><\/span> (HUAC-UFCG) na Para\u00edba, com <span style=\"text-decoration: underline; color: #0000ff;\"><strong>provas objetivas previstas para o dia 23 de outubro de 2016<\/strong><\/span>. Tamb\u00e9m organizar\u00e1 o concurso\u00a0para o <span style=\"text-decoration: underline; color: #0000ff;\"><strong>Hospital Universit\u00e1rio J\u00falio Maria Bandeira de Mello<\/strong><\/span> (HUJB), que tem <span style=\"text-decoration: underline; color: #0000ff;\"><strong>provas objetivas previstas para o dia 04 de dezembro de 2016<\/strong><\/span>. E, finalmente, a sele\u00e7\u00e3o para <span style=\"text-decoration: underline; color: #0000ff;\"><strong>Hospital Regional de Lagarto da Universidade Federal de Sergipe<\/strong><\/span> (HRL-UFS), com <span style=\"text-decoration: underline; color: #0000ff;\"><strong>aplica\u00e7\u00e3o das provas objetivas prevista para o dia 27 de novembro de 2016<\/strong><\/span>. Os tr\u00eas concursos est\u00e3o com as <a href=\"http:\/\/www.institutoaocp.org.br\/concursos.jsp\"><span style=\"color: #0000ff;\"><span style=\"text-decoration: underline;\"><strong>inscri\u00e7\u00f5es abertas<\/strong><\/span><\/span><\/a> e somam <span style=\"color: #0000ff;\"><strong><span style=\"text-decoration: underline;\">duas vagas para o cargo de biom\u00e9dico<\/span><\/strong><\/span>, <span style=\"text-decoration: underline; color: #0000ff;\"><strong>uma vaga para bi\u00f3logo<\/strong><\/span>, <span style=\"text-decoration: underline; color: #0000ff;\"><strong>26 vagas para farmac\u00eautico<\/strong><\/span> e <span style=\"text-decoration: underline; color: #0000ff;\"><strong>21 vagas para t\u00e9cnico em an\u00e1lises cl\u00ednicas<\/strong><\/span>!<\/span><\/p>\n<p style=\"text-align: justify;\"><span style=\"color: #000000;\">Os candidatos aprovados para\u00a0o quadro permanente da EBSERH ser\u00e3o contratados sob o regime da Consolida\u00e7\u00e3o das Leis do Trabalho (CLT) e ter\u00e3o direito ao plano de cargos, carreiras e sal\u00e1rios, al\u00e9m do plano de benef\u00edcios da empresa. A \u00edntegra dos editais, com a distribui\u00e7\u00e3o das vagas e demais informa\u00e7\u00f5es, est\u00e1 acess\u00edvel na p\u00e1gina da<strong> <span style=\"color: #0000ff;\"><a style=\"color: #0000ff;\" href=\"http:\/\/www.ebserh.gov.br\/\" target=\"_blank\" rel=\"noopener\">EBSERH<\/a><\/span><\/strong> e das bancas organizadoras.\u00a0<\/span><\/p>\n<p style=\"text-align: justify;\"><span style=\"color: #000000;\">Bem, se voc\u00ea quer dar um novo rumo \u00e0 sua vida profissional, o momento \u00e9 excelente, hein?! S\u00e3o <span style=\"text-decoration: underline; color: #0000ff;\"><strong>muitas vagas<\/strong><\/span> e, para todos os concursos citados, o <span style=\"color: #0000ff;\"><strong><span style=\"text-decoration: underline;\">sal\u00e1rio \u00e9 de R$ 5.409,79<\/span><\/strong> <span style=\"text-decoration: underline;\"><strong>para bi\u00f3logos, biom\u00e9dicos e farmac\u00eauticos<\/strong><\/span><\/span> e <span style=\"text-decoration: underline; color: #0000ff;\"><strong>de R$ 3.106,18 para t\u00e9cnicos em an\u00e1lises cl\u00ednicas<\/strong><\/span>. Vale muito a pena se dedicar!\u00a0<\/span><span style=\"color: #000000;\">Se voc\u00ea ainda n\u00e3o come\u00e7ou a estudar, corra! D\u00e1 tempo! Para motivar voc\u00eas, gostaria de compartilhar um \u201craio-X\u201d da prova mais recente aplicada em concurso\u00a0da EBSERH para o cargo de biom\u00e9dico: o certame foi realizado em 28 de agosto pelo Instituto AOCP para ingresso no quadro profissional do Hospital Universit\u00e1rio Jo\u00e3o de Barros Barreto da UFPA, em Bel\u00e9m do Par\u00e1.<\/span><\/p>\n<p style=\"text-align: justify;\"><span style=\"color: #000000;\">A prova foi composta de dez quest\u00f5es de \u201cL\u00edngua Portuguesa\u201d, cinco de \u201cRacioc\u00ednio L\u00f3gico e Matem\u00e1tico\u201d, mais cinco quest\u00f5es de \u201cLegisla\u00e7\u00e3o Aplicada \u00e0 EBSERH\u201d, dez quest\u00f5es de \u201cLegisla\u00e7\u00e3o Aplicada ao SUS\u201d e 25 quest\u00f5es de \u201cConhecimentos Espec\u00edficos\u201d. E quero falar justamente sobre a parte de <span style=\"text-decoration: underline; color: #0000ff;\"><strong>conhecimentos espec\u00edficos<\/strong><\/span>! Clique na imagem abaixo e confira quantas quest\u00f5es sobre\u00a0cada t\u00f3pico do edital ca\u00edram na <span style=\"text-decoration: underline; color: #0000ff;\"><strong>prova de biom\u00e9dico<\/strong><\/span>:<\/span><\/p>\n<p style=\"text-align: justify;\"><a href=\"https:\/\/dhg1h5j42swfq.cloudfront.net\/2016\/09\/09193742\/Tabela-Nova1-e1473473451742.jpg\"><img loading=\"lazy\" decoding=\"async\" class=\"aligncenter wp-image-48875\" src=\"https:\/\/dhg1h5j42swfq.cloudfront.net\/2016\/09\/09193742\/Tabela-Nova1-e1473473451742-300x227.jpg\" alt=\"ebserh: vagas\" width=\"461\" height=\"352\" \/><\/a><\/p>\n<p style=\"text-align: justify;\"><span style=\"color: #000000;\">O\u00a0t\u00f3pico mais cobrado foi \u201c<span style=\"text-decoration: underline; color: #0000ff;\"><strong>Imunologia<\/strong><\/span>\u201d, com 12 quest\u00f5es, seguido por\u00a0\u201c<span style=\"text-decoration: underline; color: #0000ff;\"><strong>Microbiologia m\u00e9dica<\/strong><\/span>\u201d, com tr\u00eas quest\u00f5es. Alguns conte\u00fados de Microbiologia, como Virologia, tamb\u00e9m foram cobrados de forma secund\u00e1ria em quest\u00f5es de\u00a0\u201cImunologia\u201d. Surpreendentemente, &#8220;<span style=\"text-decoration: underline; color: #0000ff;\"><strong>Bioqu\u00edmica<\/strong><\/span>&#8221; e &#8220;<strong><span style=\"text-decoration: underline;\"><span style=\"color: #0000ff; text-decoration: underline;\">Hematologia<\/span><\/span><\/strong>&#8220;, dois assuntos tradicionais e de peso em provas para cargos na \u00e1rea da sa\u00fade, ca\u00edram em apenas duas quest\u00f5es cada! Assim como os t\u00f3picos de \u201c<span style=\"text-decoration: underline; color: #0000ff;\"><strong>equipamentos: princ\u00edpios e fundamentos &#8211; filtros, destiladores e purifica\u00e7\u00e3o de \u00e1gua<\/strong><\/span>\u201d e \u201c<span style=\"text-decoration: underline; color: #0000ff;\"><strong>preparo de meios de cultura<\/strong><\/span>\u201d. Chama aten\u00e7\u00e3o que o item \u201cequipamentos \u2013 princ\u00edpios e fundamentos\u201d tenha sido cobrado de forma restrita ao tema da purifica\u00e7\u00e3o da \u00e1gua, j\u00e1 que no edital havia pelo menos 10 itens sobre diferentes equipamentos e t\u00e9cnicas. Enfim, coisas do mundo dos concursos! Os t\u00f3picos \u201c<span style=\"text-decoration: underline; color: #0000ff;\"><strong>preparo de vidraria, reagentes e solu\u00e7\u00f5es<\/strong><\/span>\u201d e \u201c<span style=\"text-decoration: underline; color: #0000ff;\"><strong>urin\u00e1lise<\/strong><\/span>\u201d estiveram presentes em uma quest\u00e3o cada, dentro do esperado. O fato \u00e9 que n\u00e3o h\u00e1 regras quanto a isso e na pr\u00f3xima prova para ingresso na EBSERH poder\u00e1 ser cobrada uma combina\u00e7\u00e3o diferente de \u201ct\u00f3picos x n\u00famero de quest\u00f5es\u201d. Por\u00e9m, podemos utilizar a prova mais recente como par\u00e2metro de tend\u00eancia da banca.\u00a0<\/span><\/p>\n<p style=\"text-align: justify;\"><span style=\"color: #000000;\">Al\u00e9m de avaliar quais t\u00f3picos do edital foram mais cobrados, \u00e9 v\u00e1lido\u00a0prestar aten\u00e7\u00e3o a <span style=\"text-decoration: underline; color: #0000ff;\"><strong>quais foram os assuntos mais frequentes<\/strong><\/span>! Dentro de <span style=\"color: #0000ff;\"><strong><span style=\"text-decoration: underline;\">Imunologia<\/span><\/strong><\/span> e <span style=\"text-decoration: underline; color: #0000ff;\"><strong>Microbiologia<\/strong><\/span>, que tiveram o maior n\u00famero de quest\u00f5es, destacaram-se: <span style=\"text-decoration: underline; color: #0000ff;\"><strong>doen\u00e7as auto-imunes, carcinog\u00eanese e Virologia<\/strong><\/span> (HIV, AIDS, HBV etc&#8230;). Observem que s\u00e3o temas super atuais e de grande import\u00e2ncia em sa\u00fade p\u00fablica, ou seja, tem tudo para serem cobrados novamente com grande peso!<\/span><\/p>\n<p style=\"text-align: justify;\"><span style=\"color: #000000;\">Bem, espero que essa an\u00e1lise\u00a0compartilhada com voc\u00ea seja um gatilho para disparar sua prepara\u00e7\u00e3o ou um incentivo, caso j\u00e1 esteja estudando. Vamos sair da in\u00e9rcia! E se precisar de ajuda, saiba que aqui no <em><strong>Estrat\u00e9gia Concursos\u00a0<\/strong><\/em>voc\u00ea encontra <span style=\"text-decoration: underline; color: #0000ff;\"><strong>material completo e de qualidade<\/strong><\/span> para estudar e garantir sua vaga na <span style=\"text-decoration: underline; color: #0000ff;\"><strong>EBSERH<\/strong><\/span>.\u00a0\u00c9 como sempre digo: vale a pena se dedicar a um objetivo! A vit\u00f3ria tem um sabor indescrit\u00edvel!<\/span><\/p>\n<p style=\"text-align: justify;\"><span style=\"color: #0000ff;\"><a style=\"color: #0000ff;\" href=\"https:\/\/www.estrategiaconcursos.com.br\/cursosPorConcurso\/ebserh-107\/\" target=\"_blank\" rel=\"noopener\"><strong>Cursos para EBSERH<\/strong><\/a><\/span><\/p>\n<p style=\"text-align: justify;\"><span style=\"color: #000000;\">Clique\u00a0neste\u00a0<strong><span style=\"color: #0000ff;\"><a style=\"color: #0000ff;\" href=\"https:\/\/www.dropbox.com\/s\/ns1hq58h2vhoos7\/An%C3%A1lise%20de%20Quest%C3%B5es%20Espec%C3%ADficas%20-%20Biom%C3%A9dico%20-%20EBSERH.docx?dl=0\" target=\"_blank\" rel=\"noopener\">link<\/a><\/span><\/strong>\u00a0e veja a an\u00e1lise completa sobre o que caiu nas\u00a025 quest\u00f5es de conhecimentos espec\u00edficos da \u00faltima prova da EBSERH\u00a0para biom\u00e9dico! Preparei especialmente para voc\u00ea!\u00a0<\/span><span style=\"color: #000000;\">Grande abra\u00e7o e \u00f3timos estudos!<\/span><\/p>\n","protected":false},"excerpt":{"rendered":"<p>Ol\u00e1, pessoal! Meu nome \u00e9 Denise Rodrigues, sou professora de conte\u00fados da \u00e1rea da sa\u00fade, aqui no Estrat\u00e9gia Concursos. \u00c9 com\u00a0grande satisfa\u00e7\u00e3o que venho\u00a0falar sobre as vagas abertas para biom\u00e9dico, bi\u00f3logo, farmac\u00eautico\u00a0e t\u00e9cnico em an\u00e1lises cl\u00ednicas\u00a0na\u00a0EBSERH, Empresa Brasileira de Servi\u00e7os Hospitalares, que administra os hospitais federais. A EBSERH ir\u00e1 contratar, por meio de concurso p\u00fablico, [&hellip;]<\/p>\n","protected":false},"author":281,"featured_media":0,"comment_status":"open","ping_status":"open","sticky":false,"template":"","format":"standard","meta":{"post_tipo":"article","footnotes":""},"categories":[1,1981],"tags":[508],"tax_estado":[],"class_list":["post-48781","post","type-post","status-publish","format-standard","hentry","category-cursos-e-concursos","category-saude","tag-ebserh"],"acf":[],"yoast_head":"<!-- This site is optimized with the Yoast SEO Premium plugin v27.2 (Yoast SEO v27.2) - https:\/\/yoast.com\/product\/yoast-seo-premium-wordpress\/ -->\n<title>EBSERH: vagas para Biom\u00e9dico, Bi\u00f3logo, Farmac\u00eautico e T\u00e9cnico.<\/title>\n<meta name=\"description\" content=\"Concursos EBSERH: vagas abertas para Biom\u00e9dico, Bi\u00f3logo, Farmac\u00eautico e T\u00e9cnico em An\u00e1lises Cl\u00ednicas. O que caiu na \u00faltima prova?\" \/>\n<meta name=\"robots\" content=\"index, follow, max-snippet:-1, max-image-preview:large, max-video-preview:-1\" \/>\n<link rel=\"canonical\" href=\"https:\/\/www.estrategiaconcursos.com.br\/blog\/concurso-ebserh-vagas\/\" \/>\n<meta property=\"og:locale\" content=\"pt_BR\" \/>\n<meta property=\"og:type\" content=\"article\" \/>\n<meta property=\"og:title\" content=\"EBSERH: vagas para Biom\u00e9dico, Bi\u00f3logo, Farmac\u00eautico e T\u00e9cnico em An\u00e1lises Cl\u00ednicas. O que caiu na \u00faltima prova?\" \/>\n<meta property=\"og:description\" content=\"Concursos EBSERH: vagas abertas para Biom\u00e9dico, Bi\u00f3logo, Farmac\u00eautico e T\u00e9cnico em An\u00e1lises Cl\u00ednicas. O que caiu na \u00faltima prova?\" \/>\n<meta property=\"og:url\" content=\"https:\/\/www.estrategiaconcursos.com.br\/blog\/concurso-ebserh-vagas\/\" \/>\n<meta property=\"og:site_name\" content=\"Estrat\u00e9gia Concursos\" \/>\n<meta property=\"article:published_time\" content=\"2016-09-10T05:50:58+00:00\" \/>\n<meta property=\"article:modified_time\" content=\"2022-09-16T17:14:54+00:00\" \/>\n<meta property=\"og:image\" content=\"https:\/\/www.estrategiaconcursos.com.br\/blog\/wp-content\/uploads\/2016\/09\/ebserh-300x175.jpg\" \/>\n<meta name=\"author\" content=\"Denise Rodrigues\" \/>\n<meta name=\"twitter:card\" content=\"summary_large_image\" \/>\n<meta name=\"twitter:creator\" content=\"@EstratConcursos\" \/>\n<meta name=\"twitter:site\" content=\"@EstratConcursos\" \/>\n<meta name=\"twitter:label1\" content=\"Escrito por\" \/>\n\t<meta name=\"twitter:data1\" content=\"Denise Rodrigues\" \/>\n\t<meta name=\"twitter:label2\" content=\"Est. tempo de leitura\" \/>\n\t<meta name=\"twitter:data2\" content=\"5 minutos\" \/>\n<script type=\"application\/ld+json\" class=\"yoast-schema-graph\">{\"@context\":\"https:\/\/schema.org\",\"@graph\":[{\"@type\":\"NewsArticle\",\"@id\":\"https:\/\/www.estrategiaconcursos.com.br\/blog\/concurso-ebserh-vagas\/#article\",\"isPartOf\":{\"@id\":\"https:\/\/www.estrategiaconcursos.com.br\/blog\/concurso-ebserh-vagas\/\"},\"author\":{\"name\":\"Denise Rodrigues\",\"@id\":\"https:\/\/www.estrategiaconcursos.com.br\/blog\/#\/schema\/person\/50ca2025085e473a0887fbb6d00d28a1\"},\"headline\":\"EBSERH: vagas para Biom\u00e9dico, Bi\u00f3logo, Farmac\u00eautico e T\u00e9cnico em An\u00e1lises Cl\u00ednicas. O que caiu na \u00faltima prova?\",\"datePublished\":\"2016-09-10T05:50:58+00:00\",\"dateModified\":\"2022-09-16T17:14:54+00:00\",\"mainEntityOfPage\":{\"@id\":\"https:\/\/www.estrategiaconcursos.com.br\/blog\/concurso-ebserh-vagas\/\"},\"wordCount\":1103,\"commentCount\":2,\"publisher\":{\"@id\":\"https:\/\/www.estrategiaconcursos.com.br\/blog\/#organization\"},\"image\":{\"@id\":\"https:\/\/www.estrategiaconcursos.com.br\/blog\/concurso-ebserh-vagas\/#primaryimage\"},\"thumbnailUrl\":\"https:\/\/www.estrategiaconcursos.com.br\/blog\/wp-content\/uploads\/2016\/09\/ebserh-300x175.jpg\",\"keywords\":[\"EBSERH\"],\"articleSection\":[\"Concursos P\u00fablicos\",\"Sa\u00fade\"],\"inLanguage\":\"pt-BR\",\"potentialAction\":[{\"@type\":\"CommentAction\",\"name\":\"Comment\",\"target\":[\"https:\/\/www.estrategiaconcursos.com.br\/blog\/concurso-ebserh-vagas\/#respond\"]}],\"copyrightYear\":\"2016\",\"copyrightHolder\":{\"@id\":\"https:\/\/www.estrategiaconcursos.com.br\/blog\/#organization\"}},{\"@type\":\"WebPage\",\"@id\":\"https:\/\/www.estrategiaconcursos.com.br\/blog\/concurso-ebserh-vagas\/\",\"url\":\"https:\/\/www.estrategiaconcursos.com.br\/blog\/concurso-ebserh-vagas\/\",\"name\":\"EBSERH: vagas para Biom\u00e9dico, Bi\u00f3logo, Farmac\u00eautico e T\u00e9cnico.\",\"isPartOf\":{\"@id\":\"https:\/\/www.estrategiaconcursos.com.br\/blog\/#website\"},\"primaryImageOfPage\":{\"@id\":\"https:\/\/www.estrategiaconcursos.com.br\/blog\/concurso-ebserh-vagas\/#primaryimage\"},\"image\":{\"@id\":\"https:\/\/www.estrategiaconcursos.com.br\/blog\/concurso-ebserh-vagas\/#primaryimage\"},\"thumbnailUrl\":\"https:\/\/www.estrategiaconcursos.com.br\/blog\/wp-content\/uploads\/2016\/09\/ebserh-300x175.jpg\",\"datePublished\":\"2016-09-10T05:50:58+00:00\",\"dateModified\":\"2022-09-16T17:14:54+00:00\",\"description\":\"Concursos EBSERH: vagas abertas para Biom\u00e9dico, Bi\u00f3logo, Farmac\u00eautico e T\u00e9cnico em An\u00e1lises Cl\u00ednicas. O que caiu na \u00faltima prova?\",\"breadcrumb\":{\"@id\":\"https:\/\/www.estrategiaconcursos.com.br\/blog\/concurso-ebserh-vagas\/#breadcrumb\"},\"inLanguage\":\"pt-BR\",\"potentialAction\":[{\"@type\":\"ReadAction\",\"target\":[\"https:\/\/www.estrategiaconcursos.com.br\/blog\/concurso-ebserh-vagas\/\"]}]},{\"@type\":\"ImageObject\",\"inLanguage\":\"pt-BR\",\"@id\":\"https:\/\/www.estrategiaconcursos.com.br\/blog\/concurso-ebserh-vagas\/#primaryimage\",\"url\":\"https:\/\/dhg1h5j42swfq.cloudfront.net\/2016\/09\/08111720\/ebserh.jpg\",\"contentUrl\":\"https:\/\/dhg1h5j42swfq.cloudfront.net\/2016\/09\/08111720\/ebserh.jpg\",\"width\":460,\"height\":268},{\"@type\":\"BreadcrumbList\",\"@id\":\"https:\/\/www.estrategiaconcursos.com.br\/blog\/concurso-ebserh-vagas\/#breadcrumb\",\"itemListElement\":[{\"@type\":\"ListItem\",\"position\":1,\"name\":\"In\u00edcio\",\"item\":\"https:\/\/www.estrategiaconcursos.com.br\/blog\/\"},{\"@type\":\"ListItem\",\"position\":2,\"name\":\"EBSERH: vagas para Biom\u00e9dico, Bi\u00f3logo, Farmac\u00eautico e T\u00e9cnico em An\u00e1lises Cl\u00ednicas. O que caiu na \u00faltima prova?\"}]},{\"@type\":\"WebSite\",\"@id\":\"https:\/\/www.estrategiaconcursos.com.br\/blog\/#website\",\"url\":\"https:\/\/www.estrategiaconcursos.com.br\/blog\/\",\"name\":\"Estrat\u00e9gia Concursos\",\"description\":\"O blog da Estrat\u00e9gia Concursos traz not\u00edcias sobre concursos e artigos de professores oferecendo cursos para concursos (pdf + videaulas) no site.\",\"publisher\":{\"@id\":\"https:\/\/www.estrategiaconcursos.com.br\/blog\/#organization\"},\"potentialAction\":[{\"@type\":\"SearchAction\",\"target\":{\"@type\":\"EntryPoint\",\"urlTemplate\":\"https:\/\/www.estrategiaconcursos.com.br\/blog\/?s={search_term_string}\"},\"query-input\":{\"@type\":\"PropertyValueSpecification\",\"valueRequired\":true,\"valueName\":\"search_term_string\"}}],\"inLanguage\":\"pt-BR\"},{\"@type\":\"Organization\",\"@id\":\"https:\/\/www.estrategiaconcursos.com.br\/blog\/#organization\",\"name\":\"Estrat\u00e9gia Concursos\",\"url\":\"https:\/\/www.estrategiaconcursos.com.br\/blog\/\",\"logo\":{\"@type\":\"ImageObject\",\"inLanguage\":\"pt-BR\",\"@id\":\"https:\/\/www.estrategiaconcursos.com.br\/blog\/#\/schema\/logo\/image\/\",\"url\":\"https:\/\/dhg1h5j42swfq.cloudfront.net\/2025\/06\/03203428\/logo_concursos-1.jpg\",\"contentUrl\":\"https:\/\/dhg1h5j42swfq.cloudfront.net\/2025\/06\/03203428\/logo_concursos-1.jpg\",\"width\":230,\"height\":60,\"caption\":\"Estrat\u00e9gia Concursos\"},\"image\":{\"@id\":\"https:\/\/www.estrategiaconcursos.com.br\/blog\/#\/schema\/logo\/image\/\"},\"sameAs\":[\"https:\/\/x.com\/EstratConcursos\"]},{\"@type\":\"Person\",\"@id\":\"https:\/\/www.estrategiaconcursos.com.br\/blog\/#\/schema\/person\/50ca2025085e473a0887fbb6d00d28a1\",\"name\":\"Denise Rodrigues\",\"image\":{\"@type\":\"ImageObject\",\"inLanguage\":\"pt-BR\",\"@id\":\"https:\/\/secure.gravatar.com\/avatar\/5f33e93da3795dc346aee5730837ebaedce6d34e0c0078e2c21f108169d62908?s=96&d=mm&r=g\",\"url\":\"https:\/\/secure.gravatar.com\/avatar\/5f33e93da3795dc346aee5730837ebaedce6d34e0c0078e2c21f108169d62908?s=96&d=mm&r=g\",\"contentUrl\":\"https:\/\/secure.gravatar.com\/avatar\/5f33e93da3795dc346aee5730837ebaedce6d34e0c0078e2c21f108169d62908?s=96&d=mm&r=g\",\"caption\":\"Denise Rodrigues\"},\"url\":\"https:\/\/www.estrategiaconcursos.com.br\/blog\/author\/denisemrcostagmail-com\/\"}]}<\/script>\n<!-- \/ Yoast SEO Premium plugin. -->","yoast_head_json":{"title":"EBSERH: vagas para Biom\u00e9dico, Bi\u00f3logo, Farmac\u00eautico e T\u00e9cnico.","description":"Concursos EBSERH: vagas abertas para Biom\u00e9dico, Bi\u00f3logo, Farmac\u00eautico e T\u00e9cnico em An\u00e1lises Cl\u00ednicas. O que caiu na \u00faltima prova?","robots":{"index":"index","follow":"follow","max-snippet":"max-snippet:-1","max-image-preview":"max-image-preview:large","max-video-preview":"max-video-preview:-1"},"canonical":"https:\/\/www.estrategiaconcursos.com.br\/blog\/concurso-ebserh-vagas\/","og_locale":"pt_BR","og_type":"article","og_title":"EBSERH: vagas para Biom\u00e9dico, Bi\u00f3logo, Farmac\u00eautico e T\u00e9cnico em An\u00e1lises Cl\u00ednicas. O que caiu na \u00faltima prova?","og_description":"Concursos EBSERH: vagas abertas para Biom\u00e9dico, Bi\u00f3logo, Farmac\u00eautico e T\u00e9cnico em An\u00e1lises Cl\u00ednicas. O que caiu na \u00faltima prova?","og_url":"https:\/\/www.estrategiaconcursos.com.br\/blog\/concurso-ebserh-vagas\/","og_site_name":"Estrat\u00e9gia Concursos","article_published_time":"2016-09-10T05:50:58+00:00","article_modified_time":"2022-09-16T17:14:54+00:00","og_image":[{"url":"https:\/\/www.estrategiaconcursos.com.br\/blog\/wp-content\/uploads\/2016\/09\/ebserh-300x175.jpg","type":"","width":"","height":""}],"author":"Denise Rodrigues","twitter_card":"summary_large_image","twitter_creator":"@EstratConcursos","twitter_site":"@EstratConcursos","twitter_misc":{"Escrito por":"Denise Rodrigues","Est. tempo de leitura":"5 minutos"},"schema":{"@context":"https:\/\/schema.org","@graph":[{"@type":"NewsArticle","@id":"https:\/\/www.estrategiaconcursos.com.br\/blog\/concurso-ebserh-vagas\/#article","isPartOf":{"@id":"https:\/\/www.estrategiaconcursos.com.br\/blog\/concurso-ebserh-vagas\/"},"author":{"name":"Denise Rodrigues","@id":"https:\/\/www.estrategiaconcursos.com.br\/blog\/#\/schema\/person\/50ca2025085e473a0887fbb6d00d28a1"},"headline":"EBSERH: vagas para Biom\u00e9dico, Bi\u00f3logo, Farmac\u00eautico e T\u00e9cnico em An\u00e1lises Cl\u00ednicas. O que caiu na \u00faltima prova?","datePublished":"2016-09-10T05:50:58+00:00","dateModified":"2022-09-16T17:14:54+00:00","mainEntityOfPage":{"@id":"https:\/\/www.estrategiaconcursos.com.br\/blog\/concurso-ebserh-vagas\/"},"wordCount":1103,"commentCount":2,"publisher":{"@id":"https:\/\/www.estrategiaconcursos.com.br\/blog\/#organization"},"image":{"@id":"https:\/\/www.estrategiaconcursos.com.br\/blog\/concurso-ebserh-vagas\/#primaryimage"},"thumbnailUrl":"https:\/\/www.estrategiaconcursos.com.br\/blog\/wp-content\/uploads\/2016\/09\/ebserh-300x175.jpg","keywords":["EBSERH"],"articleSection":["Concursos P\u00fablicos","Sa\u00fade"],"inLanguage":"pt-BR","potentialAction":[{"@type":"CommentAction","name":"Comment","target":["https:\/\/www.estrategiaconcursos.com.br\/blog\/concurso-ebserh-vagas\/#respond"]}],"copyrightYear":"2016","copyrightHolder":{"@id":"https:\/\/www.estrategiaconcursos.com.br\/blog\/#organization"}},{"@type":"WebPage","@id":"https:\/\/www.estrategiaconcursos.com.br\/blog\/concurso-ebserh-vagas\/","url":"https:\/\/www.estrategiaconcursos.com.br\/blog\/concurso-ebserh-vagas\/","name":"EBSERH: vagas para Biom\u00e9dico, Bi\u00f3logo, Farmac\u00eautico e T\u00e9cnico.","isPartOf":{"@id":"https:\/\/www.estrategiaconcursos.com.br\/blog\/#website"},"primaryImageOfPage":{"@id":"https:\/\/www.estrategiaconcursos.com.br\/blog\/concurso-ebserh-vagas\/#primaryimage"},"image":{"@id":"https:\/\/www.estrategiaconcursos.com.br\/blog\/concurso-ebserh-vagas\/#primaryimage"},"thumbnailUrl":"https:\/\/www.estrategiaconcursos.com.br\/blog\/wp-content\/uploads\/2016\/09\/ebserh-300x175.jpg","datePublished":"2016-09-10T05:50:58+00:00","dateModified":"2022-09-16T17:14:54+00:00","description":"Concursos EBSERH: vagas abertas para Biom\u00e9dico, Bi\u00f3logo, Farmac\u00eautico e T\u00e9cnico em An\u00e1lises Cl\u00ednicas. O que caiu na \u00faltima prova?","breadcrumb":{"@id":"https:\/\/www.estrategiaconcursos.com.br\/blog\/concurso-ebserh-vagas\/#breadcrumb"},"inLanguage":"pt-BR","potentialAction":[{"@type":"ReadAction","target":["https:\/\/www.estrategiaconcursos.com.br\/blog\/concurso-ebserh-vagas\/"]}]},{"@type":"ImageObject","inLanguage":"pt-BR","@id":"https:\/\/www.estrategiaconcursos.com.br\/blog\/concurso-ebserh-vagas\/#primaryimage","url":"https:\/\/dhg1h5j42swfq.cloudfront.net\/2016\/09\/08111720\/ebserh.jpg","contentUrl":"https:\/\/dhg1h5j42swfq.cloudfront.net\/2016\/09\/08111720\/ebserh.jpg","width":460,"height":268},{"@type":"BreadcrumbList","@id":"https:\/\/www.estrategiaconcursos.com.br\/blog\/concurso-ebserh-vagas\/#breadcrumb","itemListElement":[{"@type":"ListItem","position":1,"name":"In\u00edcio","item":"https:\/\/www.estrategiaconcursos.com.br\/blog\/"},{"@type":"ListItem","position":2,"name":"EBSERH: vagas para Biom\u00e9dico, Bi\u00f3logo, Farmac\u00eautico e T\u00e9cnico em An\u00e1lises Cl\u00ednicas. O que caiu na \u00faltima prova?"}]},{"@type":"WebSite","@id":"https:\/\/www.estrategiaconcursos.com.br\/blog\/#website","url":"https:\/\/www.estrategiaconcursos.com.br\/blog\/","name":"Estrat\u00e9gia Concursos","description":"O blog da Estrat\u00e9gia Concursos traz not\u00edcias sobre concursos e artigos de professores oferecendo cursos para concursos (pdf + videaulas) no site.","publisher":{"@id":"https:\/\/www.estrategiaconcursos.com.br\/blog\/#organization"},"potentialAction":[{"@type":"SearchAction","target":{"@type":"EntryPoint","urlTemplate":"https:\/\/www.estrategiaconcursos.com.br\/blog\/?s={search_term_string}"},"query-input":{"@type":"PropertyValueSpecification","valueRequired":true,"valueName":"search_term_string"}}],"inLanguage":"pt-BR"},{"@type":"Organization","@id":"https:\/\/www.estrategiaconcursos.com.br\/blog\/#organization","name":"Estrat\u00e9gia Concursos","url":"https:\/\/www.estrategiaconcursos.com.br\/blog\/","logo":{"@type":"ImageObject","inLanguage":"pt-BR","@id":"https:\/\/www.estrategiaconcursos.com.br\/blog\/#\/schema\/logo\/image\/","url":"https:\/\/dhg1h5j42swfq.cloudfront.net\/2025\/06\/03203428\/logo_concursos-1.jpg","contentUrl":"https:\/\/dhg1h5j42swfq.cloudfront.net\/2025\/06\/03203428\/logo_concursos-1.jpg","width":230,"height":60,"caption":"Estrat\u00e9gia Concursos"},"image":{"@id":"https:\/\/www.estrategiaconcursos.com.br\/blog\/#\/schema\/logo\/image\/"},"sameAs":["https:\/\/x.com\/EstratConcursos"]},{"@type":"Person","@id":"https:\/\/www.estrategiaconcursos.com.br\/blog\/#\/schema\/person\/50ca2025085e473a0887fbb6d00d28a1","name":"Denise Rodrigues","image":{"@type":"ImageObject","inLanguage":"pt-BR","@id":"https:\/\/secure.gravatar.com\/avatar\/5f33e93da3795dc346aee5730837ebaedce6d34e0c0078e2c21f108169d62908?s=96&d=mm&r=g","url":"https:\/\/secure.gravatar.com\/avatar\/5f33e93da3795dc346aee5730837ebaedce6d34e0c0078e2c21f108169d62908?s=96&d=mm&r=g","contentUrl":"https:\/\/secure.gravatar.com\/avatar\/5f33e93da3795dc346aee5730837ebaedce6d34e0c0078e2c21f108169d62908?s=96&d=mm&r=g","caption":"Denise Rodrigues"},"url":"https:\/\/www.estrategiaconcursos.com.br\/blog\/author\/denisemrcostagmail-com\/"}]}},"_links":{"self":[{"href":"https:\/\/www.estrategiaconcursos.com.br\/blog\/wp-json\/wp\/v2\/posts\/48781","targetHints":{"allow":["GET"]}}],"collection":[{"href":"https:\/\/www.estrategiaconcursos.com.br\/blog\/wp-json\/wp\/v2\/posts"}],"about":[{"href":"https:\/\/www.estrategiaconcursos.com.br\/blog\/wp-json\/wp\/v2\/types\/post"}],"author":[{"embeddable":true,"href":"https:\/\/www.estrategiaconcursos.com.br\/blog\/wp-json\/wp\/v2\/users\/281"}],"replies":[{"embeddable":true,"href":"https:\/\/www.estrategiaconcursos.com.br\/blog\/wp-json\/wp\/v2\/comments?post=48781"}],"version-history":[{"count":27,"href":"https:\/\/www.estrategiaconcursos.com.br\/blog\/wp-json\/wp\/v2\/posts\/48781\/revisions"}],"predecessor-version":[{"id":1096162,"href":"https:\/\/www.estrategiaconcursos.com.br\/blog\/wp-json\/wp\/v2\/posts\/48781\/revisions\/1096162"}],"wp:attachment":[{"href":"https:\/\/www.estrategiaconcursos.com.br\/blog\/wp-json\/wp\/v2\/media?parent=48781"}],"wp:term":[{"taxonomy":"category","embeddable":true,"href":"https:\/\/www.estrategiaconcursos.com.br\/blog\/wp-json\/wp\/v2\/categories?post=48781"},{"taxonomy":"post_tag","embeddable":true,"href":"https:\/\/www.estrategiaconcursos.com.br\/blog\/wp-json\/wp\/v2\/tags?post=48781"},{"taxonomy":"tax_estado","embeddable":true,"href":"https:\/\/www.estrategiaconcursos.com.br\/blog\/wp-json\/wp\/v2\/tax_estado?post=48781"}],"curies":[{"name":"wp","href":"https:\/\/api.w.org\/{rel}","templated":true}]}}