{"id":487737,"date":"2020-03-03T11:23:37","date_gmt":"2020-03-03T14:23:37","guid":{"rendered":"https:\/\/www.estrategiaconcursos.com.br\/blog\/?p=487737"},"modified":"2020-03-03T17:04:52","modified_gmt":"2020-03-03T20:04:52","slug":"governo-do-parana-e-a-funpar-assinam-contrato-para-concurso-pm-pr","status":"publish","type":"post","link":"https:\/\/www.estrategiaconcursos.com.br\/blog\/governo-do-parana-e-a-funpar-assinam-contrato-para-concurso-pm-pr\/","title":{"rendered":"Governo e FUNPAR assinam contrato para concurso PM PR. Edital em dez dias!"},"content":{"rendered":"\n<p>Foi assinado nesta ter\u00e7a-feira, 03 de mar\u00e7o de 2020, o contrato entre o governo do estado do Paran\u00e1 e a FUNPAR-UFPR (Funda\u00e7\u00e3o da Universidade Federal do Paran\u00e1), para a organiza\u00e7\u00e3o do pr\u00f3ximo concurso PM PR, da Pol\u00edcia Militar e do Corpo de Bombeiros do Paran\u00e1.<\/p>\n\n\n\n<div class=\"wp-block-image\"><figure class=\"aligncenter is-resized\"><img loading=\"lazy\" decoding=\"async\" src=\"https:\/\/trello-attachments.s3.amazonaws.com\/5e5e5e67f9d80d1a6cfccfe6\/629x1280\/58723a0a8ff85fbe7649d73619d85bca\/WhatsApp_Image_2020-03-03_at_10.44.03.jpeg.jpg\" alt=\"WhatsApp Image 2020-03-03 at 10.44.03.jpeg\" width=\"350\" height=\"712\"\/><\/figure><\/div>\n\n\n\n<p>Com organiza\u00e7\u00e3o da FUNPAR, o pr\u00f3ximo concurso PM PR ofertar\u00e1 2.000 vagas, enquanto o Corpo de Bombeiros do Paran\u00e1 visa o preenchimento de 400 oportunidades, ambas para o cargo de Soldado, que requer n\u00edvel m\u00e9dio.<\/p>\n\n\n\n<p>Ap\u00f3s a celebra\u00e7\u00e3o do contrato, a publica\u00e7\u00e3o do edital do pr\u00f3ximo concurso PM PR \u00e9 iminente, podendo acontecer em 10 dias \u00fateis, de acordo com as informa\u00e7\u00f5es divulgadas no site do governo do Paran\u00e1. Al\u00e9m disso, Ratinho J\u00fanior informou que as provas devem ocorrer no primeiro semestre de <\/p>\n\n\n\n<p>A publica\u00e7\u00e3o do concurso na p\u00e1gina da FUNPAR j\u00e1 est\u00e1 pronta aguardando a publica\u00e7\u00e3o. Confira abaixo:.<\/p>\n\n\n\n<div class=\"wp-block-image\"><figure class=\"aligncenter\"><img decoding=\"async\" src=\"https:\/\/trello-attachments.s3.amazonaws.com\/5b58e1496cd37eb9a1dc29a2\/5e5e5e67f9d80d1a6cfccfe6\/07529bf02550d37e833e86d01626781f\/PAG_PM_PR.JPG\" alt=\"\"\/><\/figure><\/div>\n\n\n\n<p>O \u00faltimo concurso da Pol\u00edcia Militar do Paran\u00e1, para o cargo de soldado, aconteceu em 2012, sob organiza\u00e7\u00e3o da FAFIPA. Na ocasi\u00e3o, 4.445 vagas foram ofertadas, sendo 2.223 para a 1\u00aa turma e mais 2.223 para a 2\u00aa turma. <\/p>\n\n\n\n<p style=\"font-size:21px\" class=\"has-background has-text-align-center has-very-light-gray-background-color\"><strong>Saiba mais: <a href=\"https:\/\/www.estrategiaconcursos.com.br\/blog\/concurso-pm-pr\/\">Concurso PM PR <\/a><\/strong><\/p>\n\n\n\n<p style=\"font-size:21px\" class=\"has-background has-text-align-center has-very-light-gray-background-color\"><strong>Saiba mais: <a href=\"https:\/\/www.estrategiaconcursos.com.br\/blog\/concurso-bombeiro-pr\/\">Concurso CBM PR<\/a><\/strong><\/p>\n\n\n\n<p style=\"font-size:21px\" class=\"has-background has-text-align-center has-luminous-vivid-amber-background-color\"><a rel=\"noreferrer noopener\" href=\"https:\/\/www.estrategiaconcursos.com.br\/cursosPorConcurso\/pm-pr\/\" target=\"_blank\"><strong>CURSO PM PR<\/strong><\/a><\/p>\n\n\n\n<p class=\"has-text-align-center\"><em><strong>Assinatura Anual Ilimitada*<\/strong><\/em><\/p>\n\n\n\n<p class=\"has-text-align-center\"><em>Prepare-se com o melhor material e com quem mais aprova em Concursos P\u00fablicos em todo o pa\u00eds. Assine agora a nossa Assinatura Anual e tenha acesso ilimitado* a todos os nossos cursos.<\/em><\/p>\n\n\n\n<p style=\"font-size:21px\" class=\"has-background has-text-align-center has-light-green-cyan-background-color\"><strong>ASSINE AGORA<\/strong>&nbsp;\u2013&nbsp;<a rel=\"noreferrer noopener\" href=\"https:\/\/www.estrategiaconcursos.com.br\/assinaturas\" target=\"_blank\"><strong>Assinatura Ilimitada<\/strong><\/a><\/p>\n\n\n\n<p style=\"font-size:21px\" class=\"has-background has-text-align-center has-pale-cyan-blue-background-color\"><strong><a href=\"https:\/\/www.estrategiaconcursos.com.br\/blog\/concursos-abertos\/\">CONCURSOS ABERTOS<\/a><\/strong><\/p>\n\n\n\n<p style=\"font-size:21px\" class=\"has-background has-text-align-center has-pale-cyan-blue-background-color\"><a href=\"https:\/\/www.estrategiaconcursos.com.br\/blog\/concursos-2020\/\"><strong>CONCURSOS<\/strong><\/a><strong><a href=\"https:\/\/www.estrategiaconcursos.com.br\/blog\/concursos-2020\/\">&nbsp;2020<\/a><\/strong><\/p>\n","protected":false},"excerpt":{"rendered":"<p>Foi assinado nesta ter\u00e7a-feira, 03 de mar\u00e7o de 2020, o contrato entre o governo do estado do Paran\u00e1 e a FUNPAR-UFPR (Funda\u00e7\u00e3o da Universidade Federal do Paran\u00e1), para a organiza\u00e7\u00e3o do pr\u00f3ximo concurso PM PR, da Pol\u00edcia Militar e do Corpo de Bombeiros do Paran\u00e1. Com organiza\u00e7\u00e3o da FUNPAR, o pr\u00f3ximo concurso PM PR ofertar\u00e1 [&hellip;]<\/p>\n","protected":false},"author":214,"featured_media":0,"comment_status":"open","ping_status":"closed","sticky":false,"template":"","format":"standard","meta":{"post_tipo":"article","footnotes":""},"categories":[1],"tags":[],"tax_estado":[],"class_list":["post-487737","post","type-post","status-publish","format-standard","hentry","category-cursos-e-concursos"],"acf":[],"yoast_head":"<!-- This site is optimized with the Yoast SEO Premium plugin v27.2 (Yoast SEO v27.2) - https:\/\/yoast.com\/product\/yoast-seo-premium-wordpress\/ -->\n<title>Governo e FUNPAR assinam contrato para concurso PM PR. Edital em dez dias!<\/title>\n<meta name=\"description\" content=\"Foi assinado o contrato entre a FUNDAR e o governo do Paran\u00e1 para a realiza\u00e7\u00e3o do pr\u00f3ximo concurso PM PR. Confira no site!\" \/>\n<meta name=\"robots\" content=\"index, follow, max-snippet:-1, max-image-preview:large, max-video-preview:-1\" \/>\n<link rel=\"canonical\" href=\"https:\/\/www.estrategiaconcursos.com.br\/blog\/governo-do-parana-e-a-funpar-assinam-contrato-para-concurso-pm-pr\/\" \/>\n<meta property=\"og:locale\" content=\"pt_BR\" \/>\n<meta property=\"og:type\" content=\"article\" \/>\n<meta property=\"og:title\" content=\"Governo e FUNPAR assinam contrato para concurso PM PR. Edital em dez dias!\" \/>\n<meta property=\"og:description\" content=\"Foi assinado o contrato entre a FUNDAR e o governo do Paran\u00e1 para a realiza\u00e7\u00e3o do pr\u00f3ximo concurso PM PR. Confira no site!\" \/>\n<meta property=\"og:url\" content=\"https:\/\/www.estrategiaconcursos.com.br\/blog\/governo-do-parana-e-a-funpar-assinam-contrato-para-concurso-pm-pr\/\" \/>\n<meta property=\"og:site_name\" content=\"Estrat\u00e9gia Concursos\" \/>\n<meta property=\"article:published_time\" content=\"2020-03-03T14:23:37+00:00\" \/>\n<meta property=\"article:modified_time\" content=\"2020-03-03T20:04:52+00:00\" \/>\n<meta property=\"og:image\" content=\"https:\/\/trello-attachments.s3.amazonaws.com\/5e5e5e67f9d80d1a6cfccfe6\/629x1280\/58723a0a8ff85fbe7649d73619d85bca\/WhatsApp_Image_2020-03-03_at_10.44.03.jpeg.jpg\" \/>\n<meta name=\"author\" content=\"D\u00e9cio Terror Filho\" \/>\n<meta name=\"twitter:card\" content=\"summary_large_image\" \/>\n<meta name=\"twitter:creator\" content=\"@EstratConcursos\" \/>\n<meta name=\"twitter:site\" content=\"@EstratConcursos\" \/>\n<meta name=\"twitter:label1\" content=\"Escrito por\" \/>\n\t<meta name=\"twitter:data1\" content=\"D\u00e9cio Terror Filho\" \/>\n\t<meta name=\"twitter:label2\" content=\"Est. tempo de leitura\" \/>\n\t<meta name=\"twitter:data2\" content=\"1 minuto\" \/>\n<script type=\"application\/ld+json\" class=\"yoast-schema-graph\">{\"@context\":\"https:\/\/schema.org\",\"@graph\":[{\"@type\":\"NewsArticle\",\"@id\":\"https:\/\/www.estrategiaconcursos.com.br\/blog\/governo-do-parana-e-a-funpar-assinam-contrato-para-concurso-pm-pr\/#article\",\"isPartOf\":{\"@id\":\"https:\/\/www.estrategiaconcursos.com.br\/blog\/governo-do-parana-e-a-funpar-assinam-contrato-para-concurso-pm-pr\/\"},\"author\":{\"name\":\"D\u00e9cio Terror Filho\",\"@id\":\"https:\/\/www.estrategiaconcursos.com.br\/blog\/#\/schema\/person\/e8165364027a31208914fc77c3314727\"},\"headline\":\"Governo e FUNPAR assinam contrato para concurso PM PR. Edital em dez dias!\",\"datePublished\":\"2020-03-03T14:23:37+00:00\",\"dateModified\":\"2020-03-03T20:04:52+00:00\",\"mainEntityOfPage\":{\"@id\":\"https:\/\/www.estrategiaconcursos.com.br\/blog\/governo-do-parana-e-a-funpar-assinam-contrato-para-concurso-pm-pr\/\"},\"wordCount\":267,\"commentCount\":0,\"publisher\":{\"@id\":\"https:\/\/www.estrategiaconcursos.com.br\/blog\/#organization\"},\"image\":{\"@id\":\"https:\/\/www.estrategiaconcursos.com.br\/blog\/governo-do-parana-e-a-funpar-assinam-contrato-para-concurso-pm-pr\/#primaryimage\"},\"thumbnailUrl\":\"https:\/\/trello-attachments.s3.amazonaws.com\/5e5e5e67f9d80d1a6cfccfe6\/629x1280\/58723a0a8ff85fbe7649d73619d85bca\/WhatsApp_Image_2020-03-03_at_10.44.03.jpeg.jpg\",\"articleSection\":[\"Concursos P\u00fablicos\"],\"inLanguage\":\"pt-BR\",\"potentialAction\":[{\"@type\":\"CommentAction\",\"name\":\"Comment\",\"target\":[\"https:\/\/www.estrategiaconcursos.com.br\/blog\/governo-do-parana-e-a-funpar-assinam-contrato-para-concurso-pm-pr\/#respond\"]}],\"copyrightYear\":\"2020\",\"copyrightHolder\":{\"@id\":\"https:\/\/www.estrategiaconcursos.com.br\/blog\/#organization\"}},{\"@type\":\"WebPage\",\"@id\":\"https:\/\/www.estrategiaconcursos.com.br\/blog\/governo-do-parana-e-a-funpar-assinam-contrato-para-concurso-pm-pr\/\",\"url\":\"https:\/\/www.estrategiaconcursos.com.br\/blog\/governo-do-parana-e-a-funpar-assinam-contrato-para-concurso-pm-pr\/\",\"name\":\"Governo e FUNPAR assinam contrato para concurso PM PR. Edital em dez dias!\",\"isPartOf\":{\"@id\":\"https:\/\/www.estrategiaconcursos.com.br\/blog\/#website\"},\"primaryImageOfPage\":{\"@id\":\"https:\/\/www.estrategiaconcursos.com.br\/blog\/governo-do-parana-e-a-funpar-assinam-contrato-para-concurso-pm-pr\/#primaryimage\"},\"image\":{\"@id\":\"https:\/\/www.estrategiaconcursos.com.br\/blog\/governo-do-parana-e-a-funpar-assinam-contrato-para-concurso-pm-pr\/#primaryimage\"},\"thumbnailUrl\":\"https:\/\/trello-attachments.s3.amazonaws.com\/5e5e5e67f9d80d1a6cfccfe6\/629x1280\/58723a0a8ff85fbe7649d73619d85bca\/WhatsApp_Image_2020-03-03_at_10.44.03.jpeg.jpg\",\"datePublished\":\"2020-03-03T14:23:37+00:00\",\"dateModified\":\"2020-03-03T20:04:52+00:00\",\"description\":\"Foi assinado o contrato entre a FUNDAR e o governo do Paran\u00e1 para a realiza\u00e7\u00e3o do pr\u00f3ximo concurso PM PR. Confira no site!\",\"breadcrumb\":{\"@id\":\"https:\/\/www.estrategiaconcursos.com.br\/blog\/governo-do-parana-e-a-funpar-assinam-contrato-para-concurso-pm-pr\/#breadcrumb\"},\"inLanguage\":\"pt-BR\",\"potentialAction\":[{\"@type\":\"ReadAction\",\"target\":[\"https:\/\/www.estrategiaconcursos.com.br\/blog\/governo-do-parana-e-a-funpar-assinam-contrato-para-concurso-pm-pr\/\"]}]},{\"@type\":\"ImageObject\",\"inLanguage\":\"pt-BR\",\"@id\":\"https:\/\/www.estrategiaconcursos.com.br\/blog\/governo-do-parana-e-a-funpar-assinam-contrato-para-concurso-pm-pr\/#primaryimage\",\"url\":\"https:\/\/trello-attachments.s3.amazonaws.com\/5e5e5e67f9d80d1a6cfccfe6\/629x1280\/58723a0a8ff85fbe7649d73619d85bca\/WhatsApp_Image_2020-03-03_at_10.44.03.jpeg.jpg\",\"contentUrl\":\"https:\/\/trello-attachments.s3.amazonaws.com\/5e5e5e67f9d80d1a6cfccfe6\/629x1280\/58723a0a8ff85fbe7649d73619d85bca\/WhatsApp_Image_2020-03-03_at_10.44.03.jpeg.jpg\"},{\"@type\":\"BreadcrumbList\",\"@id\":\"https:\/\/www.estrategiaconcursos.com.br\/blog\/governo-do-parana-e-a-funpar-assinam-contrato-para-concurso-pm-pr\/#breadcrumb\",\"itemListElement\":[{\"@type\":\"ListItem\",\"position\":1,\"name\":\"In\u00edcio\",\"item\":\"https:\/\/www.estrategiaconcursos.com.br\/blog\/\"},{\"@type\":\"ListItem\",\"position\":2,\"name\":\"Governo e FUNPAR assinam contrato para concurso PM PR. Edital em dez dias!\"}]},{\"@type\":\"WebSite\",\"@id\":\"https:\/\/www.estrategiaconcursos.com.br\/blog\/#website\",\"url\":\"https:\/\/www.estrategiaconcursos.com.br\/blog\/\",\"name\":\"Estrat\u00e9gia Concursos\",\"description\":\"O blog da Estrat\u00e9gia Concursos traz not\u00edcias sobre concursos e artigos de professores oferecendo cursos para concursos (pdf + videaulas) no site.\",\"publisher\":{\"@id\":\"https:\/\/www.estrategiaconcursos.com.br\/blog\/#organization\"},\"potentialAction\":[{\"@type\":\"SearchAction\",\"target\":{\"@type\":\"EntryPoint\",\"urlTemplate\":\"https:\/\/www.estrategiaconcursos.com.br\/blog\/?s={search_term_string}\"},\"query-input\":{\"@type\":\"PropertyValueSpecification\",\"valueRequired\":true,\"valueName\":\"search_term_string\"}}],\"inLanguage\":\"pt-BR\"},{\"@type\":\"Organization\",\"@id\":\"https:\/\/www.estrategiaconcursos.com.br\/blog\/#organization\",\"name\":\"Estrat\u00e9gia Concursos\",\"url\":\"https:\/\/www.estrategiaconcursos.com.br\/blog\/\",\"logo\":{\"@type\":\"ImageObject\",\"inLanguage\":\"pt-BR\",\"@id\":\"https:\/\/www.estrategiaconcursos.com.br\/blog\/#\/schema\/logo\/image\/\",\"url\":\"https:\/\/dhg1h5j42swfq.cloudfront.net\/2025\/06\/03203428\/logo_concursos-1.jpg\",\"contentUrl\":\"https:\/\/dhg1h5j42swfq.cloudfront.net\/2025\/06\/03203428\/logo_concursos-1.jpg\",\"width\":230,\"height\":60,\"caption\":\"Estrat\u00e9gia Concursos\"},\"image\":{\"@id\":\"https:\/\/www.estrategiaconcursos.com.br\/blog\/#\/schema\/logo\/image\/\"},\"sameAs\":[\"https:\/\/x.com\/EstratConcursos\"]},{\"@type\":\"Person\",\"@id\":\"https:\/\/www.estrategiaconcursos.com.br\/blog\/#\/schema\/person\/e8165364027a31208914fc77c3314727\",\"name\":\"D\u00e9cio Terror Filho\",\"image\":{\"@type\":\"ImageObject\",\"inLanguage\":\"pt-BR\",\"@id\":\"https:\/\/secure.gravatar.com\/avatar\/a5b78e734de7c6482e965926e78344deb81abbc34282a3c9536cbb1a59728a37?s=96&d=mm&r=g\",\"url\":\"https:\/\/secure.gravatar.com\/avatar\/a5b78e734de7c6482e965926e78344deb81abbc34282a3c9536cbb1a59728a37?s=96&d=mm&r=g\",\"contentUrl\":\"https:\/\/secure.gravatar.com\/avatar\/a5b78e734de7c6482e965926e78344deb81abbc34282a3c9536cbb1a59728a37?s=96&d=mm&r=g\",\"caption\":\"D\u00e9cio Terror Filho\"},\"url\":\"https:\/\/www.estrategiaconcursos.com.br\/blog\/author\/contatoterrorportugues-com-br\/\"}]}<\/script>\n<!-- \/ Yoast SEO Premium plugin. -->","yoast_head_json":{"title":"Governo e FUNPAR assinam contrato para concurso PM PR. Edital em dez dias!","description":"Foi assinado o contrato entre a FUNDAR e o governo do Paran\u00e1 para a realiza\u00e7\u00e3o do pr\u00f3ximo concurso PM PR. Confira no site!","robots":{"index":"index","follow":"follow","max-snippet":"max-snippet:-1","max-image-preview":"max-image-preview:large","max-video-preview":"max-video-preview:-1"},"canonical":"https:\/\/www.estrategiaconcursos.com.br\/blog\/governo-do-parana-e-a-funpar-assinam-contrato-para-concurso-pm-pr\/","og_locale":"pt_BR","og_type":"article","og_title":"Governo e FUNPAR assinam contrato para concurso PM PR. Edital em dez dias!","og_description":"Foi assinado o contrato entre a FUNDAR e o governo do Paran\u00e1 para a realiza\u00e7\u00e3o do pr\u00f3ximo concurso PM PR. Confira no site!","og_url":"https:\/\/www.estrategiaconcursos.com.br\/blog\/governo-do-parana-e-a-funpar-assinam-contrato-para-concurso-pm-pr\/","og_site_name":"Estrat\u00e9gia Concursos","article_published_time":"2020-03-03T14:23:37+00:00","article_modified_time":"2020-03-03T20:04:52+00:00","og_image":[{"url":"https:\/\/trello-attachments.s3.amazonaws.com\/5e5e5e67f9d80d1a6cfccfe6\/629x1280\/58723a0a8ff85fbe7649d73619d85bca\/WhatsApp_Image_2020-03-03_at_10.44.03.jpeg.jpg","type":"","width":"","height":""}],"author":"D\u00e9cio Terror Filho","twitter_card":"summary_large_image","twitter_creator":"@EstratConcursos","twitter_site":"@EstratConcursos","twitter_misc":{"Escrito por":"D\u00e9cio Terror Filho","Est. tempo de leitura":"1 minuto"},"schema":{"@context":"https:\/\/schema.org","@graph":[{"@type":"NewsArticle","@id":"https:\/\/www.estrategiaconcursos.com.br\/blog\/governo-do-parana-e-a-funpar-assinam-contrato-para-concurso-pm-pr\/#article","isPartOf":{"@id":"https:\/\/www.estrategiaconcursos.com.br\/blog\/governo-do-parana-e-a-funpar-assinam-contrato-para-concurso-pm-pr\/"},"author":{"name":"D\u00e9cio Terror Filho","@id":"https:\/\/www.estrategiaconcursos.com.br\/blog\/#\/schema\/person\/e8165364027a31208914fc77c3314727"},"headline":"Governo e FUNPAR assinam contrato para concurso PM PR. Edital em dez dias!","datePublished":"2020-03-03T14:23:37+00:00","dateModified":"2020-03-03T20:04:52+00:00","mainEntityOfPage":{"@id":"https:\/\/www.estrategiaconcursos.com.br\/blog\/governo-do-parana-e-a-funpar-assinam-contrato-para-concurso-pm-pr\/"},"wordCount":267,"commentCount":0,"publisher":{"@id":"https:\/\/www.estrategiaconcursos.com.br\/blog\/#organization"},"image":{"@id":"https:\/\/www.estrategiaconcursos.com.br\/blog\/governo-do-parana-e-a-funpar-assinam-contrato-para-concurso-pm-pr\/#primaryimage"},"thumbnailUrl":"https:\/\/trello-attachments.s3.amazonaws.com\/5e5e5e67f9d80d1a6cfccfe6\/629x1280\/58723a0a8ff85fbe7649d73619d85bca\/WhatsApp_Image_2020-03-03_at_10.44.03.jpeg.jpg","articleSection":["Concursos P\u00fablicos"],"inLanguage":"pt-BR","potentialAction":[{"@type":"CommentAction","name":"Comment","target":["https:\/\/www.estrategiaconcursos.com.br\/blog\/governo-do-parana-e-a-funpar-assinam-contrato-para-concurso-pm-pr\/#respond"]}],"copyrightYear":"2020","copyrightHolder":{"@id":"https:\/\/www.estrategiaconcursos.com.br\/blog\/#organization"}},{"@type":"WebPage","@id":"https:\/\/www.estrategiaconcursos.com.br\/blog\/governo-do-parana-e-a-funpar-assinam-contrato-para-concurso-pm-pr\/","url":"https:\/\/www.estrategiaconcursos.com.br\/blog\/governo-do-parana-e-a-funpar-assinam-contrato-para-concurso-pm-pr\/","name":"Governo e FUNPAR assinam contrato para concurso PM PR. Edital em dez dias!","isPartOf":{"@id":"https:\/\/www.estrategiaconcursos.com.br\/blog\/#website"},"primaryImageOfPage":{"@id":"https:\/\/www.estrategiaconcursos.com.br\/blog\/governo-do-parana-e-a-funpar-assinam-contrato-para-concurso-pm-pr\/#primaryimage"},"image":{"@id":"https:\/\/www.estrategiaconcursos.com.br\/blog\/governo-do-parana-e-a-funpar-assinam-contrato-para-concurso-pm-pr\/#primaryimage"},"thumbnailUrl":"https:\/\/trello-attachments.s3.amazonaws.com\/5e5e5e67f9d80d1a6cfccfe6\/629x1280\/58723a0a8ff85fbe7649d73619d85bca\/WhatsApp_Image_2020-03-03_at_10.44.03.jpeg.jpg","datePublished":"2020-03-03T14:23:37+00:00","dateModified":"2020-03-03T20:04:52+00:00","description":"Foi assinado o contrato entre a FUNDAR e o governo do Paran\u00e1 para a realiza\u00e7\u00e3o do pr\u00f3ximo concurso PM PR. Confira no site!","breadcrumb":{"@id":"https:\/\/www.estrategiaconcursos.com.br\/blog\/governo-do-parana-e-a-funpar-assinam-contrato-para-concurso-pm-pr\/#breadcrumb"},"inLanguage":"pt-BR","potentialAction":[{"@type":"ReadAction","target":["https:\/\/www.estrategiaconcursos.com.br\/blog\/governo-do-parana-e-a-funpar-assinam-contrato-para-concurso-pm-pr\/"]}]},{"@type":"ImageObject","inLanguage":"pt-BR","@id":"https:\/\/www.estrategiaconcursos.com.br\/blog\/governo-do-parana-e-a-funpar-assinam-contrato-para-concurso-pm-pr\/#primaryimage","url":"https:\/\/trello-attachments.s3.amazonaws.com\/5e5e5e67f9d80d1a6cfccfe6\/629x1280\/58723a0a8ff85fbe7649d73619d85bca\/WhatsApp_Image_2020-03-03_at_10.44.03.jpeg.jpg","contentUrl":"https:\/\/trello-attachments.s3.amazonaws.com\/5e5e5e67f9d80d1a6cfccfe6\/629x1280\/58723a0a8ff85fbe7649d73619d85bca\/WhatsApp_Image_2020-03-03_at_10.44.03.jpeg.jpg"},{"@type":"BreadcrumbList","@id":"https:\/\/www.estrategiaconcursos.com.br\/blog\/governo-do-parana-e-a-funpar-assinam-contrato-para-concurso-pm-pr\/#breadcrumb","itemListElement":[{"@type":"ListItem","position":1,"name":"In\u00edcio","item":"https:\/\/www.estrategiaconcursos.com.br\/blog\/"},{"@type":"ListItem","position":2,"name":"Governo e FUNPAR assinam contrato para concurso PM PR. Edital em dez dias!"}]},{"@type":"WebSite","@id":"https:\/\/www.estrategiaconcursos.com.br\/blog\/#website","url":"https:\/\/www.estrategiaconcursos.com.br\/blog\/","name":"Estrat\u00e9gia Concursos","description":"O blog da Estrat\u00e9gia Concursos traz not\u00edcias sobre concursos e artigos de professores oferecendo cursos para concursos (pdf + videaulas) no site.","publisher":{"@id":"https:\/\/www.estrategiaconcursos.com.br\/blog\/#organization"},"potentialAction":[{"@type":"SearchAction","target":{"@type":"EntryPoint","urlTemplate":"https:\/\/www.estrategiaconcursos.com.br\/blog\/?s={search_term_string}"},"query-input":{"@type":"PropertyValueSpecification","valueRequired":true,"valueName":"search_term_string"}}],"inLanguage":"pt-BR"},{"@type":"Organization","@id":"https:\/\/www.estrategiaconcursos.com.br\/blog\/#organization","name":"Estrat\u00e9gia Concursos","url":"https:\/\/www.estrategiaconcursos.com.br\/blog\/","logo":{"@type":"ImageObject","inLanguage":"pt-BR","@id":"https:\/\/www.estrategiaconcursos.com.br\/blog\/#\/schema\/logo\/image\/","url":"https:\/\/dhg1h5j42swfq.cloudfront.net\/2025\/06\/03203428\/logo_concursos-1.jpg","contentUrl":"https:\/\/dhg1h5j42swfq.cloudfront.net\/2025\/06\/03203428\/logo_concursos-1.jpg","width":230,"height":60,"caption":"Estrat\u00e9gia Concursos"},"image":{"@id":"https:\/\/www.estrategiaconcursos.com.br\/blog\/#\/schema\/logo\/image\/"},"sameAs":["https:\/\/x.com\/EstratConcursos"]},{"@type":"Person","@id":"https:\/\/www.estrategiaconcursos.com.br\/blog\/#\/schema\/person\/e8165364027a31208914fc77c3314727","name":"D\u00e9cio Terror Filho","image":{"@type":"ImageObject","inLanguage":"pt-BR","@id":"https:\/\/secure.gravatar.com\/avatar\/a5b78e734de7c6482e965926e78344deb81abbc34282a3c9536cbb1a59728a37?s=96&d=mm&r=g","url":"https:\/\/secure.gravatar.com\/avatar\/a5b78e734de7c6482e965926e78344deb81abbc34282a3c9536cbb1a59728a37?s=96&d=mm&r=g","contentUrl":"https:\/\/secure.gravatar.com\/avatar\/a5b78e734de7c6482e965926e78344deb81abbc34282a3c9536cbb1a59728a37?s=96&d=mm&r=g","caption":"D\u00e9cio Terror Filho"},"url":"https:\/\/www.estrategiaconcursos.com.br\/blog\/author\/contatoterrorportugues-com-br\/"}]}},"_links":{"self":[{"href":"https:\/\/www.estrategiaconcursos.com.br\/blog\/wp-json\/wp\/v2\/posts\/487737","targetHints":{"allow":["GET"]}}],"collection":[{"href":"https:\/\/www.estrategiaconcursos.com.br\/blog\/wp-json\/wp\/v2\/posts"}],"about":[{"href":"https:\/\/www.estrategiaconcursos.com.br\/blog\/wp-json\/wp\/v2\/types\/post"}],"author":[{"embeddable":true,"href":"https:\/\/www.estrategiaconcursos.com.br\/blog\/wp-json\/wp\/v2\/users\/214"}],"replies":[{"embeddable":true,"href":"https:\/\/www.estrategiaconcursos.com.br\/blog\/wp-json\/wp\/v2\/comments?post=487737"}],"version-history":[{"count":5,"href":"https:\/\/www.estrategiaconcursos.com.br\/blog\/wp-json\/wp\/v2\/posts\/487737\/revisions"}],"predecessor-version":[{"id":488033,"href":"https:\/\/www.estrategiaconcursos.com.br\/blog\/wp-json\/wp\/v2\/posts\/487737\/revisions\/488033"}],"wp:attachment":[{"href":"https:\/\/www.estrategiaconcursos.com.br\/blog\/wp-json\/wp\/v2\/media?parent=487737"}],"wp:term":[{"taxonomy":"category","embeddable":true,"href":"https:\/\/www.estrategiaconcursos.com.br\/blog\/wp-json\/wp\/v2\/categories?post=487737"},{"taxonomy":"post_tag","embeddable":true,"href":"https:\/\/www.estrategiaconcursos.com.br\/blog\/wp-json\/wp\/v2\/tags?post=487737"},{"taxonomy":"tax_estado","embeddable":true,"href":"https:\/\/www.estrategiaconcursos.com.br\/blog\/wp-json\/wp\/v2\/tax_estado?post=487737"}],"curies":[{"name":"wp","href":"https:\/\/api.w.org\/{rel}","templated":true}]}}