{"id":487498,"date":"2020-03-02T15:51:17","date_gmt":"2020-03-02T18:51:17","guid":{"rendered":"https:\/\/www.estrategiaconcursos.com.br\/blog\/?p=487498"},"modified":"2020-04-08T14:52:53","modified_gmt":"2020-04-08T17:52:53","slug":"comentarios-aos-temas-de-redacao-do-concurso-iss-betim-a-importancia-do-trabalho-e-habilidades-sociais","status":"publish","type":"post","link":"https:\/\/www.estrategiaconcursos.com.br\/blog\/comentarios-aos-temas-de-redacao-do-concurso-iss-betim-a-importancia-do-trabalho-e-habilidades-sociais\/","title":{"rendered":"Coment\u00e1rios aos temas de reda\u00e7\u00e3o do concurso ISS Betim: a import\u00e2ncia do trabalho e habilidades sociais"},"content":{"rendered":"\n<p>Prof. Raphael Reis chegando na \u00e1rea para c<strong>omentar os temas de reda\u00e7\u00e3o do concurso ISS Betim<\/strong>, organizado pela banca AOCP: a import\u00e2ncia do trabalho e habilidades sociais.<\/p>\n\n\n<figure class=\"wp-block-embed-youtube wp-block-embed is-type-video is-provider-youtube wp-embed-aspect-16-9 wp-has-aspect-ratio\"><div class=\"lyte-wrapper\" style=\"width:853px;max-width:100%;margin:5px;\"><div class=\"lyMe\" id=\"WYL_-ekQpvWzDmE\"><div id=\"lyte_-ekQpvWzDmE\" data-src=\"\/\/i.ytimg.com\/vi\/-ekQpvWzDmE\/hqdefault.jpg\" class=\"pL\"><div class=\"tC\"><div class=\"tT\"><\/div><\/div><div class=\"play\"><\/div><div class=\"ctrl\"><div class=\"Lctrl\"><\/div><div class=\"Rctrl\"><\/div><\/div><\/div><noscript><a href=\"https:\/\/youtu.be\/-ekQpvWzDmE\" rel=\"nofollow\"><img loading=\"lazy\" decoding=\"async\" src=\"https:\/\/i.ytimg.com\/vi\/-ekQpvWzDmE\/0.jpg\" alt=\"YouTube video thumbnail\" width=\"853\" height=\"460\" \/><br \/>Assista a este v\u00eddeo no YouTube<\/a><\/noscript><\/div><\/div><div class=\"lL\" style=\"max-width:100%;width:853px;margin:5px;\"><\/div><figcaption><\/figcaption><\/figure>\n\n<p><!--StartFragment--><\/p>\n\n\n<p><strong>Quem sou eu?<\/strong><\/p>\n\n\n\n<p>Sou o Professor Raphael Reis. Para quem ainda n\u00e3o me conhece, fica aqui uma breve apresenta\u00e7\u00e3o: sou Professor do Estrat\u00e9gia Concursos desde 2016 e leciono os seguintes conte\u00fados: Reda\u00e7\u00e3o (macroestrutura), Recursos, Hist\u00f3ria, Filosofia e Sociologia. Fiz minha gradua\u00e7\u00e3o em Hist\u00f3ria (UFJF), especializa\u00e7\u00e3o em Pol\u00edticas P\u00fablicas e Gest\u00e3o Social (UFJF) e mestrado em Sociologia da Educa\u00e7\u00e3o (UFJF).<\/p>\n\n\n\n<p>Nos \u00faltimos anos tenho me especializado na parte de macroestrutura da<br \/>reda\u00e7\u00e3o. Ao perceber que a grande dificuldade dos candidatos \u00e9 desenvolver argumentos bem fundamentados, criei o curso in\u00e9dito e inovador de <a href=\"https:\/\/www.estrategiaconcursos.com.br\/curso\/ciencias-humanas-para-redacao-2019\/\">Ci\u00eancias Humanas para Reda\u00e7\u00e3o<\/a>, que j\u00e1 atendeu milhares de alunos e t\u00eam contribu\u00eddo decisivamente para a melhoria das notas. Sou autor do e-book 15 conceitos para mandar bem na reda\u00e7\u00e3o da FCC.<\/p>\n\n\n\n<p><strong>Sigam-me os bons:<\/strong><\/p>\n\n\n\n<p>Instagram (@profraphaelreis)<\/p>\n\n\n\n<p>YouTube (Professor Raphael Reis)<\/p>\n\n\n\n<p>Telegram: t.me\/profraphael<\/p>\n\n\n\n<p><strong>Site:<\/strong> www.professorraphaelreis.com.br<\/p>\n\n\n<p><!--EndFragment--><\/p>","protected":false},"excerpt":{"rendered":"<p>Prof. Raphael Reis chegando na \u00e1rea para comentar os temas de reda\u00e7\u00e3o do concurso ISS Betim, organizado pela banca AOCP: a import\u00e2ncia do trabalho e habilidades sociais. Quem sou eu? Sou o Professor Raphael Reis. Para quem ainda n\u00e3o me conhece, fica aqui uma breve apresenta\u00e7\u00e3o: sou Professor do Estrat\u00e9gia Concursos desde 2016 e leciono [&hellip;]<\/p>\n","protected":false},"author":384,"featured_media":0,"comment_status":"open","ping_status":"closed","sticky":false,"template":"","format":"standard","meta":{"post_tipo":"article","footnotes":""},"categories":[1],"tags":[],"tax_estado":[],"class_list":["post-487498","post","type-post","status-publish","format-standard","hentry","category-cursos-e-concursos"],"acf":[],"yoast_head":"<!-- This site is optimized with the Yoast SEO Premium plugin v27.2 (Yoast SEO v27.2) - https:\/\/yoast.com\/product\/yoast-seo-premium-wordpress\/ -->\n<title>Coment\u00e1rios aos temas de reda\u00e7\u00e3o do concurso ISS Betim: a import\u00e2ncia do trabalho e habilidades sociais<\/title>\n<meta name=\"robots\" content=\"index, follow, max-snippet:-1, max-image-preview:large, max-video-preview:-1\" \/>\n<link rel=\"canonical\" href=\"https:\/\/www.estrategiaconcursos.com.br\/blog\/comentarios-aos-temas-de-redacao-do-concurso-iss-betim-a-importancia-do-trabalho-e-habilidades-sociais\/\" \/>\n<meta property=\"og:locale\" content=\"pt_BR\" \/>\n<meta property=\"og:type\" content=\"article\" \/>\n<meta property=\"og:title\" content=\"Coment\u00e1rios aos temas de reda\u00e7\u00e3o do concurso ISS Betim: a import\u00e2ncia do trabalho e habilidades sociais\" \/>\n<meta property=\"og:description\" content=\"Prof. Raphael Reis chegando na \u00e1rea para comentar os temas de reda\u00e7\u00e3o do concurso ISS Betim, organizado pela banca AOCP: a import\u00e2ncia do trabalho e habilidades sociais. Quem sou eu? Sou o Professor Raphael Reis. Para quem ainda n\u00e3o me conhece, fica aqui uma breve apresenta\u00e7\u00e3o: sou Professor do Estrat\u00e9gia Concursos desde 2016 e leciono [&hellip;]\" \/>\n<meta property=\"og:url\" content=\"https:\/\/www.estrategiaconcursos.com.br\/blog\/comentarios-aos-temas-de-redacao-do-concurso-iss-betim-a-importancia-do-trabalho-e-habilidades-sociais\/\" \/>\n<meta property=\"og:site_name\" content=\"Estrat\u00e9gia Concursos\" \/>\n<meta property=\"article:published_time\" content=\"2020-03-02T18:51:17+00:00\" \/>\n<meta property=\"article:modified_time\" content=\"2020-04-08T17:52:53+00:00\" \/>\n<meta name=\"author\" content=\"Raphael de Oliveira Reis\" \/>\n<meta name=\"twitter:card\" content=\"summary_large_image\" \/>\n<meta name=\"twitter:creator\" content=\"@EstratConcursos\" \/>\n<meta name=\"twitter:site\" content=\"@EstratConcursos\" \/>\n<meta name=\"twitter:label1\" content=\"Escrito por\" \/>\n\t<meta name=\"twitter:data1\" content=\"Raphael de Oliveira Reis\" \/>\n\t<meta name=\"twitter:label2\" content=\"Est. tempo de leitura\" \/>\n\t<meta name=\"twitter:data2\" content=\"1 minuto\" \/>\n<script type=\"application\/ld+json\" class=\"yoast-schema-graph\">{\"@context\":\"https:\/\/schema.org\",\"@graph\":[{\"@type\":\"NewsArticle\",\"@id\":\"https:\/\/www.estrategiaconcursos.com.br\/blog\/comentarios-aos-temas-de-redacao-do-concurso-iss-betim-a-importancia-do-trabalho-e-habilidades-sociais\/#article\",\"isPartOf\":{\"@id\":\"https:\/\/www.estrategiaconcursos.com.br\/blog\/comentarios-aos-temas-de-redacao-do-concurso-iss-betim-a-importancia-do-trabalho-e-habilidades-sociais\/\"},\"author\":{\"name\":\"Raphael de Oliveira Reis\",\"@id\":\"https:\/\/www.estrategiaconcursos.com.br\/blog\/#\/schema\/person\/b49a1a49e5ef8a9f8d3268e74404a911\"},\"headline\":\"Coment\u00e1rios aos temas de reda\u00e7\u00e3o do concurso ISS Betim: a import\u00e2ncia do trabalho e habilidades sociais\",\"datePublished\":\"2020-03-02T18:51:17+00:00\",\"dateModified\":\"2020-04-08T17:52:53+00:00\",\"mainEntityOfPage\":{\"@id\":\"https:\/\/www.estrategiaconcursos.com.br\/blog\/comentarios-aos-temas-de-redacao-do-concurso-iss-betim-a-importancia-do-trabalho-e-habilidades-sociais\/\"},\"wordCount\":212,\"commentCount\":3,\"publisher\":{\"@id\":\"https:\/\/www.estrategiaconcursos.com.br\/blog\/#organization\"},\"articleSection\":[\"Concursos P\u00fablicos\"],\"inLanguage\":\"pt-BR\",\"potentialAction\":[{\"@type\":\"CommentAction\",\"name\":\"Comment\",\"target\":[\"https:\/\/www.estrategiaconcursos.com.br\/blog\/comentarios-aos-temas-de-redacao-do-concurso-iss-betim-a-importancia-do-trabalho-e-habilidades-sociais\/#respond\"]}],\"copyrightYear\":\"2020\",\"copyrightHolder\":{\"@id\":\"https:\/\/www.estrategiaconcursos.com.br\/blog\/#organization\"}},{\"@type\":\"WebPage\",\"@id\":\"https:\/\/www.estrategiaconcursos.com.br\/blog\/comentarios-aos-temas-de-redacao-do-concurso-iss-betim-a-importancia-do-trabalho-e-habilidades-sociais\/\",\"url\":\"https:\/\/www.estrategiaconcursos.com.br\/blog\/comentarios-aos-temas-de-redacao-do-concurso-iss-betim-a-importancia-do-trabalho-e-habilidades-sociais\/\",\"name\":\"Coment\u00e1rios aos temas de reda\u00e7\u00e3o do concurso ISS Betim: a import\u00e2ncia do trabalho e habilidades sociais\",\"isPartOf\":{\"@id\":\"https:\/\/www.estrategiaconcursos.com.br\/blog\/#website\"},\"datePublished\":\"2020-03-02T18:51:17+00:00\",\"dateModified\":\"2020-04-08T17:52:53+00:00\",\"breadcrumb\":{\"@id\":\"https:\/\/www.estrategiaconcursos.com.br\/blog\/comentarios-aos-temas-de-redacao-do-concurso-iss-betim-a-importancia-do-trabalho-e-habilidades-sociais\/#breadcrumb\"},\"inLanguage\":\"pt-BR\",\"potentialAction\":[{\"@type\":\"ReadAction\",\"target\":[\"https:\/\/www.estrategiaconcursos.com.br\/blog\/comentarios-aos-temas-de-redacao-do-concurso-iss-betim-a-importancia-do-trabalho-e-habilidades-sociais\/\"]}]},{\"@type\":\"BreadcrumbList\",\"@id\":\"https:\/\/www.estrategiaconcursos.com.br\/blog\/comentarios-aos-temas-de-redacao-do-concurso-iss-betim-a-importancia-do-trabalho-e-habilidades-sociais\/#breadcrumb\",\"itemListElement\":[{\"@type\":\"ListItem\",\"position\":1,\"name\":\"In\u00edcio\",\"item\":\"https:\/\/www.estrategiaconcursos.com.br\/blog\/\"},{\"@type\":\"ListItem\",\"position\":2,\"name\":\"Coment\u00e1rios aos temas de reda\u00e7\u00e3o do concurso ISS Betim: a import\u00e2ncia do trabalho e habilidades sociais\"}]},{\"@type\":\"WebSite\",\"@id\":\"https:\/\/www.estrategiaconcursos.com.br\/blog\/#website\",\"url\":\"https:\/\/www.estrategiaconcursos.com.br\/blog\/\",\"name\":\"Estrat\u00e9gia Concursos\",\"description\":\"O blog da Estrat\u00e9gia Concursos traz not\u00edcias sobre concursos e artigos de professores oferecendo cursos para concursos (pdf + videaulas) no site.\",\"publisher\":{\"@id\":\"https:\/\/www.estrategiaconcursos.com.br\/blog\/#organization\"},\"potentialAction\":[{\"@type\":\"SearchAction\",\"target\":{\"@type\":\"EntryPoint\",\"urlTemplate\":\"https:\/\/www.estrategiaconcursos.com.br\/blog\/?s={search_term_string}\"},\"query-input\":{\"@type\":\"PropertyValueSpecification\",\"valueRequired\":true,\"valueName\":\"search_term_string\"}}],\"inLanguage\":\"pt-BR\"},{\"@type\":\"Organization\",\"@id\":\"https:\/\/www.estrategiaconcursos.com.br\/blog\/#organization\",\"name\":\"Estrat\u00e9gia Concursos\",\"url\":\"https:\/\/www.estrategiaconcursos.com.br\/blog\/\",\"logo\":{\"@type\":\"ImageObject\",\"inLanguage\":\"pt-BR\",\"@id\":\"https:\/\/www.estrategiaconcursos.com.br\/blog\/#\/schema\/logo\/image\/\",\"url\":\"https:\/\/dhg1h5j42swfq.cloudfront.net\/2025\/06\/03203428\/logo_concursos-1.jpg\",\"contentUrl\":\"https:\/\/dhg1h5j42swfq.cloudfront.net\/2025\/06\/03203428\/logo_concursos-1.jpg\",\"width\":230,\"height\":60,\"caption\":\"Estrat\u00e9gia Concursos\"},\"image\":{\"@id\":\"https:\/\/www.estrategiaconcursos.com.br\/blog\/#\/schema\/logo\/image\/\"},\"sameAs\":[\"https:\/\/x.com\/EstratConcursos\"]},{\"@type\":\"Person\",\"@id\":\"https:\/\/www.estrategiaconcursos.com.br\/blog\/#\/schema\/person\/b49a1a49e5ef8a9f8d3268e74404a911\",\"name\":\"Raphael de Oliveira Reis\",\"image\":{\"@type\":\"ImageObject\",\"inLanguage\":\"pt-BR\",\"@id\":\"https:\/\/secure.gravatar.com\/avatar\/b1c5789180fc7bfb5103ec006c301370c02393e37aa13c55f6d72f05fcc76b3b?s=96&d=mm&r=g\",\"url\":\"https:\/\/secure.gravatar.com\/avatar\/b1c5789180fc7bfb5103ec006c301370c02393e37aa13c55f6d72f05fcc76b3b?s=96&d=mm&r=g\",\"contentUrl\":\"https:\/\/secure.gravatar.com\/avatar\/b1c5789180fc7bfb5103ec006c301370c02393e37aa13c55f6d72f05fcc76b3b?s=96&d=mm&r=g\",\"caption\":\"Raphael de Oliveira Reis\"},\"url\":\"https:\/\/www.estrategiaconcursos.com.br\/blog\/author\/profraphaelreisgmail-com\/\"}]}<\/script>\n<!-- \/ Yoast SEO Premium plugin. -->","yoast_head_json":{"title":"Coment\u00e1rios aos temas de reda\u00e7\u00e3o do concurso ISS Betim: a import\u00e2ncia do trabalho e habilidades sociais","robots":{"index":"index","follow":"follow","max-snippet":"max-snippet:-1","max-image-preview":"max-image-preview:large","max-video-preview":"max-video-preview:-1"},"canonical":"https:\/\/www.estrategiaconcursos.com.br\/blog\/comentarios-aos-temas-de-redacao-do-concurso-iss-betim-a-importancia-do-trabalho-e-habilidades-sociais\/","og_locale":"pt_BR","og_type":"article","og_title":"Coment\u00e1rios aos temas de reda\u00e7\u00e3o do concurso ISS Betim: a import\u00e2ncia do trabalho e habilidades sociais","og_description":"Prof. Raphael Reis chegando na \u00e1rea para comentar os temas de reda\u00e7\u00e3o do concurso ISS Betim, organizado pela banca AOCP: a import\u00e2ncia do trabalho e habilidades sociais. Quem sou eu? Sou o Professor Raphael Reis. Para quem ainda n\u00e3o me conhece, fica aqui uma breve apresenta\u00e7\u00e3o: sou Professor do Estrat\u00e9gia Concursos desde 2016 e leciono [&hellip;]","og_url":"https:\/\/www.estrategiaconcursos.com.br\/blog\/comentarios-aos-temas-de-redacao-do-concurso-iss-betim-a-importancia-do-trabalho-e-habilidades-sociais\/","og_site_name":"Estrat\u00e9gia Concursos","article_published_time":"2020-03-02T18:51:17+00:00","article_modified_time":"2020-04-08T17:52:53+00:00","author":"Raphael de Oliveira Reis","twitter_card":"summary_large_image","twitter_creator":"@EstratConcursos","twitter_site":"@EstratConcursos","twitter_misc":{"Escrito por":"Raphael de Oliveira Reis","Est. tempo de leitura":"1 minuto"},"schema":{"@context":"https:\/\/schema.org","@graph":[{"@type":"NewsArticle","@id":"https:\/\/www.estrategiaconcursos.com.br\/blog\/comentarios-aos-temas-de-redacao-do-concurso-iss-betim-a-importancia-do-trabalho-e-habilidades-sociais\/#article","isPartOf":{"@id":"https:\/\/www.estrategiaconcursos.com.br\/blog\/comentarios-aos-temas-de-redacao-do-concurso-iss-betim-a-importancia-do-trabalho-e-habilidades-sociais\/"},"author":{"name":"Raphael de Oliveira Reis","@id":"https:\/\/www.estrategiaconcursos.com.br\/blog\/#\/schema\/person\/b49a1a49e5ef8a9f8d3268e74404a911"},"headline":"Coment\u00e1rios aos temas de reda\u00e7\u00e3o do concurso ISS Betim: a import\u00e2ncia do trabalho e habilidades sociais","datePublished":"2020-03-02T18:51:17+00:00","dateModified":"2020-04-08T17:52:53+00:00","mainEntityOfPage":{"@id":"https:\/\/www.estrategiaconcursos.com.br\/blog\/comentarios-aos-temas-de-redacao-do-concurso-iss-betim-a-importancia-do-trabalho-e-habilidades-sociais\/"},"wordCount":212,"commentCount":3,"publisher":{"@id":"https:\/\/www.estrategiaconcursos.com.br\/blog\/#organization"},"articleSection":["Concursos P\u00fablicos"],"inLanguage":"pt-BR","potentialAction":[{"@type":"CommentAction","name":"Comment","target":["https:\/\/www.estrategiaconcursos.com.br\/blog\/comentarios-aos-temas-de-redacao-do-concurso-iss-betim-a-importancia-do-trabalho-e-habilidades-sociais\/#respond"]}],"copyrightYear":"2020","copyrightHolder":{"@id":"https:\/\/www.estrategiaconcursos.com.br\/blog\/#organization"}},{"@type":"WebPage","@id":"https:\/\/www.estrategiaconcursos.com.br\/blog\/comentarios-aos-temas-de-redacao-do-concurso-iss-betim-a-importancia-do-trabalho-e-habilidades-sociais\/","url":"https:\/\/www.estrategiaconcursos.com.br\/blog\/comentarios-aos-temas-de-redacao-do-concurso-iss-betim-a-importancia-do-trabalho-e-habilidades-sociais\/","name":"Coment\u00e1rios aos temas de reda\u00e7\u00e3o do concurso ISS Betim: a import\u00e2ncia do trabalho e habilidades sociais","isPartOf":{"@id":"https:\/\/www.estrategiaconcursos.com.br\/blog\/#website"},"datePublished":"2020-03-02T18:51:17+00:00","dateModified":"2020-04-08T17:52:53+00:00","breadcrumb":{"@id":"https:\/\/www.estrategiaconcursos.com.br\/blog\/comentarios-aos-temas-de-redacao-do-concurso-iss-betim-a-importancia-do-trabalho-e-habilidades-sociais\/#breadcrumb"},"inLanguage":"pt-BR","potentialAction":[{"@type":"ReadAction","target":["https:\/\/www.estrategiaconcursos.com.br\/blog\/comentarios-aos-temas-de-redacao-do-concurso-iss-betim-a-importancia-do-trabalho-e-habilidades-sociais\/"]}]},{"@type":"BreadcrumbList","@id":"https:\/\/www.estrategiaconcursos.com.br\/blog\/comentarios-aos-temas-de-redacao-do-concurso-iss-betim-a-importancia-do-trabalho-e-habilidades-sociais\/#breadcrumb","itemListElement":[{"@type":"ListItem","position":1,"name":"In\u00edcio","item":"https:\/\/www.estrategiaconcursos.com.br\/blog\/"},{"@type":"ListItem","position":2,"name":"Coment\u00e1rios aos temas de reda\u00e7\u00e3o do concurso ISS Betim: a import\u00e2ncia do trabalho e habilidades sociais"}]},{"@type":"WebSite","@id":"https:\/\/www.estrategiaconcursos.com.br\/blog\/#website","url":"https:\/\/www.estrategiaconcursos.com.br\/blog\/","name":"Estrat\u00e9gia Concursos","description":"O blog da Estrat\u00e9gia Concursos traz not\u00edcias sobre concursos e artigos de professores oferecendo cursos para concursos (pdf + videaulas) no site.","publisher":{"@id":"https:\/\/www.estrategiaconcursos.com.br\/blog\/#organization"},"potentialAction":[{"@type":"SearchAction","target":{"@type":"EntryPoint","urlTemplate":"https:\/\/www.estrategiaconcursos.com.br\/blog\/?s={search_term_string}"},"query-input":{"@type":"PropertyValueSpecification","valueRequired":true,"valueName":"search_term_string"}}],"inLanguage":"pt-BR"},{"@type":"Organization","@id":"https:\/\/www.estrategiaconcursos.com.br\/blog\/#organization","name":"Estrat\u00e9gia Concursos","url":"https:\/\/www.estrategiaconcursos.com.br\/blog\/","logo":{"@type":"ImageObject","inLanguage":"pt-BR","@id":"https:\/\/www.estrategiaconcursos.com.br\/blog\/#\/schema\/logo\/image\/","url":"https:\/\/dhg1h5j42swfq.cloudfront.net\/2025\/06\/03203428\/logo_concursos-1.jpg","contentUrl":"https:\/\/dhg1h5j42swfq.cloudfront.net\/2025\/06\/03203428\/logo_concursos-1.jpg","width":230,"height":60,"caption":"Estrat\u00e9gia Concursos"},"image":{"@id":"https:\/\/www.estrategiaconcursos.com.br\/blog\/#\/schema\/logo\/image\/"},"sameAs":["https:\/\/x.com\/EstratConcursos"]},{"@type":"Person","@id":"https:\/\/www.estrategiaconcursos.com.br\/blog\/#\/schema\/person\/b49a1a49e5ef8a9f8d3268e74404a911","name":"Raphael de Oliveira Reis","image":{"@type":"ImageObject","inLanguage":"pt-BR","@id":"https:\/\/secure.gravatar.com\/avatar\/b1c5789180fc7bfb5103ec006c301370c02393e37aa13c55f6d72f05fcc76b3b?s=96&d=mm&r=g","url":"https:\/\/secure.gravatar.com\/avatar\/b1c5789180fc7bfb5103ec006c301370c02393e37aa13c55f6d72f05fcc76b3b?s=96&d=mm&r=g","contentUrl":"https:\/\/secure.gravatar.com\/avatar\/b1c5789180fc7bfb5103ec006c301370c02393e37aa13c55f6d72f05fcc76b3b?s=96&d=mm&r=g","caption":"Raphael de Oliveira Reis"},"url":"https:\/\/www.estrategiaconcursos.com.br\/blog\/author\/profraphaelreisgmail-com\/"}]}},"_links":{"self":[{"href":"https:\/\/www.estrategiaconcursos.com.br\/blog\/wp-json\/wp\/v2\/posts\/487498","targetHints":{"allow":["GET"]}}],"collection":[{"href":"https:\/\/www.estrategiaconcursos.com.br\/blog\/wp-json\/wp\/v2\/posts"}],"about":[{"href":"https:\/\/www.estrategiaconcursos.com.br\/blog\/wp-json\/wp\/v2\/types\/post"}],"author":[{"embeddable":true,"href":"https:\/\/www.estrategiaconcursos.com.br\/blog\/wp-json\/wp\/v2\/users\/384"}],"replies":[{"embeddable":true,"href":"https:\/\/www.estrategiaconcursos.com.br\/blog\/wp-json\/wp\/v2\/comments?post=487498"}],"version-history":[{"count":2,"href":"https:\/\/www.estrategiaconcursos.com.br\/blog\/wp-json\/wp\/v2\/posts\/487498\/revisions"}],"predecessor-version":[{"id":501624,"href":"https:\/\/www.estrategiaconcursos.com.br\/blog\/wp-json\/wp\/v2\/posts\/487498\/revisions\/501624"}],"wp:attachment":[{"href":"https:\/\/www.estrategiaconcursos.com.br\/blog\/wp-json\/wp\/v2\/media?parent=487498"}],"wp:term":[{"taxonomy":"category","embeddable":true,"href":"https:\/\/www.estrategiaconcursos.com.br\/blog\/wp-json\/wp\/v2\/categories?post=487498"},{"taxonomy":"post_tag","embeddable":true,"href":"https:\/\/www.estrategiaconcursos.com.br\/blog\/wp-json\/wp\/v2\/tags?post=487498"},{"taxonomy":"tax_estado","embeddable":true,"href":"https:\/\/www.estrategiaconcursos.com.br\/blog\/wp-json\/wp\/v2\/tax_estado?post=487498"}],"curies":[{"name":"wp","href":"https:\/\/api.w.org\/{rel}","templated":true}]}}