{"id":487370,"date":"2020-03-03T18:00:00","date_gmt":"2020-03-03T21:00:00","guid":{"rendered":"https:\/\/www.estrategiaconcursos.com.br\/blog\/?p=487370"},"modified":"2023-06-28T09:50:40","modified_gmt":"2023-06-28T12:50:40","slug":"lancamento-trilha-estrategica-reta-final-tcm-sp","status":"publish","type":"post","link":"https:\/\/www.estrategiaconcursos.com.br\/blog\/lancamento-trilha-estrategica-reta-final-tcm-sp\/","title":{"rendered":"Lan\u00e7amento da Trilha Estrat\u00e9gica de Reta Final para o TCM SP"},"content":{"rendered":"\n<p>Se voc\u00ea acompanha os certames de tribunais de contas, certamente voc\u00ea j\u00e1 sabe da publica\u00e7\u00e3o do edital do concurso TCM SP, com oferta de 12 vagas imediatas mais forma\u00e7\u00e3o de cadastro reserva. \u00c9 uma das melhores oportunidades de 2020 para quem estuda para a \u00e1rea de controle! <\/p>\n\n\n\n<p>As vagas s\u00e3o para cargos de n\u00edvel m\u00e9dio e superior, com sal\u00e1rio inicial que pode chegar a quase R$ 19.000,00. Se voc\u00ea quer conquistar uma das vagas, estudar muito \u00e9 essencial, mas s\u00f3 isso n\u00e3o basta. \u00c9 preciso saber tamb\u00e9m como estudar para aproveitar todo o tempo dedicado aos estudos da melhor forma poss\u00edvel.<\/p>\n\n\n\n<p>Por isso, n\u00e3o perca o <strong>lan\u00e7amento da Trilha Estrat\u00e9gica de Reta Final TCM SP<\/strong> e tenha a certeza de estar no caminho certo! O lan\u00e7amento acontece nesta <strong>ter\u00e7a-feira, 3 de mar\u00e7o, a partir das 19h<\/strong> (hor\u00e1rio de Bras\u00edlia).<\/p>\n\n\n\n<p>As Trilhas Estrat\u00e9gicas t\u00eam o objetivo de tornar o estudo o mais eficiente poss\u00edvel, com tarefas elaboradas pelos nossos coaches, que s\u00e3o profissionais que j\u00e1 estudaram e foram aprovados nos certames mais concorridos do Pa\u00eds. <\/p>\n\n\n\n<p><\/p>\n\n\n\n<p class=\"has-text-align-center has-very-light-gray-background-color has-background\" style=\"font-size:clamp(14.642px, 0.915rem + ((1vw - 3.2px) * 0.721), 22px);px\"><strong>Saiba mais:&nbsp;<a rel=\"noreferrer noopener\" href=\"https:\/\/www.estrategiaconcursos.com.br\/blog\/concurso-tcm-sp\/\" target=\"_blank\">Concurso TCM SP<\/a><\/strong><\/p>\n\n\n\n<hr class=\"wp-block-separator has-css-opacity\"\/>\n\n\n\n<p class=\"has-text-align-center has-medium-font-size\"><em><strong>Assinatura Anual Ilimitada*<\/strong><\/em><\/p>\n\n\n\n<p class=\"has-text-align-center\"><em>Prepare-se com o melhor material e com quem mais aprova em Concursos P\u00fablicos em todo o pa\u00eds. Assine agora a nossa Assinatura Anual e tenha acesso ilimitado* a todos os nossos cursos.<\/em><\/p>\n\n\n\n<p class=\"has-text-align-center has-luminous-vivid-amber-background-color has-background\" style=\"font-size:clamp(14.642px, 0.915rem + ((1vw - 3.2px) * 0.721), 22px);px\"><strong>ASSINE AGORA<\/strong>&nbsp;\u2013&nbsp;<a rel=\"noreferrer noopener\" href=\"https:\/\/www.estrategiaconcursos.com.br\/assinaturas\" target=\"_blank\"><strong>Assinatura Ilimitada<\/strong><\/a><\/p>\n\n\n\n<p class=\"has-text-align-center has-light-green-cyan-background-color has-background\" style=\"font-size:clamp(14.642px, 0.915rem + ((1vw - 3.2px) * 0.721), 22px);px\"><strong><a rel=\"noreferrer noopener\" href=\"https:\/\/www.estrategiaconcursos.com.br\/cursosPorConcurso\/tcm-sp-tribunal-de-contas-do-municipio-de-sao-paulo-361\/\" target=\"_blank\">CURSOS TCM SP<\/a><\/strong><\/p>\n\n\n\n<p class=\"has-text-align-center has-medium-font-size\"><strong><em>Fique por dentro de todos os concursos<\/em><\/strong><\/p>\n\n\n\n<p class=\"has-text-align-center has-pale-cyan-blue-background-color has-background\" style=\"font-size:clamp(14.642px, 0.915rem + ((1vw - 3.2px) * 0.721), 22px);px\"><a href=\"https:\/\/www.estrategiaconcursos.com.br\/blog\/concursos-abertos\/\" target=\"_blank\" rel=\"noreferrer noopener\"><strong>CONCURSOS ABERTOS<\/strong><\/a><\/p>\n","protected":false},"excerpt":{"rendered":"<p>Se voc\u00ea acompanha os certames de tribunais de contas, certamente voc\u00ea j\u00e1 sabe da publica\u00e7\u00e3o do edital do concurso TCM SP, com oferta de 12 vagas imediatas mais forma\u00e7\u00e3o de cadastro reserva. \u00c9 uma das melhores oportunidades de 2020 para quem estuda para a \u00e1rea de controle! As vagas s\u00e3o para cargos de n\u00edvel m\u00e9dio [&hellip;]<\/p>\n","protected":false},"author":988,"featured_media":388810,"comment_status":"open","ping_status":"closed","sticky":false,"template":"","format":"standard","meta":{"post_tipo":"article","footnotes":""},"categories":[1],"tags":[],"tax_estado":[],"class_list":["post-487370","post","type-post","status-publish","format-standard","has-post-thumbnail","hentry","category-cursos-e-concursos"],"acf":[],"yoast_head":"<!-- This site is optimized with the Yoast SEO Premium plugin v27.2 (Yoast SEO v27.2) - https:\/\/yoast.com\/product\/yoast-seo-premium-wordpress\/ -->\n<title>Lan\u00e7amento da Trilha Estrat\u00e9gica de Reta Final para o TCM SP<\/title>\n<meta name=\"robots\" content=\"index, follow, max-snippet:-1, max-image-preview:large, max-video-preview:-1\" \/>\n<link rel=\"canonical\" href=\"https:\/\/www.estrategiaconcursos.com.br\/blog\/lancamento-trilha-estrategica-reta-final-tcm-sp\/\" \/>\n<meta property=\"og:locale\" content=\"pt_BR\" \/>\n<meta property=\"og:type\" content=\"article\" \/>\n<meta property=\"og:title\" content=\"Lan\u00e7amento da Trilha Estrat\u00e9gica de Reta Final para o TCM SP\" \/>\n<meta property=\"og:description\" content=\"Se voc\u00ea acompanha os certames de tribunais de contas, certamente voc\u00ea j\u00e1 sabe da publica\u00e7\u00e3o do edital do concurso TCM SP, com oferta de 12 vagas imediatas mais forma\u00e7\u00e3o de cadastro reserva. \u00c9 uma das melhores oportunidades de 2020 para quem estuda para a \u00e1rea de controle! As vagas s\u00e3o para cargos de n\u00edvel m\u00e9dio [&hellip;]\" \/>\n<meta property=\"og:url\" content=\"https:\/\/www.estrategiaconcursos.com.br\/blog\/lancamento-trilha-estrategica-reta-final-tcm-sp\/\" \/>\n<meta property=\"og:site_name\" content=\"Estrat\u00e9gia Concursos\" \/>\n<meta property=\"article:published_time\" content=\"2020-03-03T21:00:00+00:00\" \/>\n<meta property=\"article:modified_time\" content=\"2023-06-28T12:50:40+00:00\" \/>\n<meta property=\"og:image\" content=\"https:\/\/dhg1h5j42swfq.cloudfront.net\/2019\/06\/17172912\/concurso-tcm-sp.png.png\" \/>\n\t<meta property=\"og:image:width\" content=\"401\" \/>\n\t<meta property=\"og:image:height\" content=\"209\" \/>\n\t<meta property=\"og:image:type\" content=\"image\/png\" \/>\n<meta name=\"author\" content=\"Renan Peron Fineto\" \/>\n<meta name=\"twitter:card\" content=\"summary_large_image\" \/>\n<meta name=\"twitter:creator\" content=\"@EstratConcursos\" \/>\n<meta name=\"twitter:site\" content=\"@EstratConcursos\" \/>\n<meta name=\"twitter:label1\" content=\"Escrito por\" \/>\n\t<meta name=\"twitter:data1\" content=\"Renan Peron Fineto\" \/>\n\t<meta name=\"twitter:label2\" content=\"Est. tempo de leitura\" \/>\n\t<meta name=\"twitter:data2\" content=\"1 minuto\" \/>\n<script type=\"application\/ld+json\" class=\"yoast-schema-graph\">{\"@context\":\"https:\/\/schema.org\",\"@graph\":[{\"@type\":\"NewsArticle\",\"@id\":\"https:\/\/www.estrategiaconcursos.com.br\/blog\/lancamento-trilha-estrategica-reta-final-tcm-sp\/#article\",\"isPartOf\":{\"@id\":\"https:\/\/www.estrategiaconcursos.com.br\/blog\/lancamento-trilha-estrategica-reta-final-tcm-sp\/\"},\"author\":{\"name\":\"Renan Peron Fineto\",\"@id\":\"https:\/\/www.estrategiaconcursos.com.br\/blog\/#\/schema\/person\/c202feb1c8b5926df6eeb176a8d31c1f\"},\"headline\":\"Lan\u00e7amento da Trilha Estrat\u00e9gica de Reta Final para o TCM SP\",\"datePublished\":\"2020-03-03T21:00:00+00:00\",\"dateModified\":\"2023-06-28T12:50:40+00:00\",\"mainEntityOfPage\":{\"@id\":\"https:\/\/www.estrategiaconcursos.com.br\/blog\/lancamento-trilha-estrategica-reta-final-tcm-sp\/\"},\"wordCount\":263,\"commentCount\":1,\"publisher\":{\"@id\":\"https:\/\/www.estrategiaconcursos.com.br\/blog\/#organization\"},\"image\":{\"@id\":\"https:\/\/www.estrategiaconcursos.com.br\/blog\/lancamento-trilha-estrategica-reta-final-tcm-sp\/#primaryimage\"},\"thumbnailUrl\":\"https:\/\/dhg1h5j42swfq.cloudfront.net\/2019\/06\/17172912\/concurso-tcm-sp.png.png\",\"articleSection\":[\"Concursos P\u00fablicos\"],\"inLanguage\":\"pt-BR\",\"potentialAction\":[{\"@type\":\"CommentAction\",\"name\":\"Comment\",\"target\":[\"https:\/\/www.estrategiaconcursos.com.br\/blog\/lancamento-trilha-estrategica-reta-final-tcm-sp\/#respond\"]}],\"copyrightYear\":\"2020\",\"copyrightHolder\":{\"@id\":\"https:\/\/www.estrategiaconcursos.com.br\/blog\/#organization\"}},{\"@type\":\"WebPage\",\"@id\":\"https:\/\/www.estrategiaconcursos.com.br\/blog\/lancamento-trilha-estrategica-reta-final-tcm-sp\/\",\"url\":\"https:\/\/www.estrategiaconcursos.com.br\/blog\/lancamento-trilha-estrategica-reta-final-tcm-sp\/\",\"name\":\"Lan\u00e7amento da Trilha Estrat\u00e9gica de Reta Final para o TCM SP\",\"isPartOf\":{\"@id\":\"https:\/\/www.estrategiaconcursos.com.br\/blog\/#website\"},\"primaryImageOfPage\":{\"@id\":\"https:\/\/www.estrategiaconcursos.com.br\/blog\/lancamento-trilha-estrategica-reta-final-tcm-sp\/#primaryimage\"},\"image\":{\"@id\":\"https:\/\/www.estrategiaconcursos.com.br\/blog\/lancamento-trilha-estrategica-reta-final-tcm-sp\/#primaryimage\"},\"thumbnailUrl\":\"https:\/\/dhg1h5j42swfq.cloudfront.net\/2019\/06\/17172912\/concurso-tcm-sp.png.png\",\"datePublished\":\"2020-03-03T21:00:00+00:00\",\"dateModified\":\"2023-06-28T12:50:40+00:00\",\"breadcrumb\":{\"@id\":\"https:\/\/www.estrategiaconcursos.com.br\/blog\/lancamento-trilha-estrategica-reta-final-tcm-sp\/#breadcrumb\"},\"inLanguage\":\"pt-BR\",\"potentialAction\":[{\"@type\":\"ReadAction\",\"target\":[\"https:\/\/www.estrategiaconcursos.com.br\/blog\/lancamento-trilha-estrategica-reta-final-tcm-sp\/\"]}]},{\"@type\":\"ImageObject\",\"inLanguage\":\"pt-BR\",\"@id\":\"https:\/\/www.estrategiaconcursos.com.br\/blog\/lancamento-trilha-estrategica-reta-final-tcm-sp\/#primaryimage\",\"url\":\"https:\/\/dhg1h5j42swfq.cloudfront.net\/2019\/06\/17172912\/concurso-tcm-sp.png.png\",\"contentUrl\":\"https:\/\/dhg1h5j42swfq.cloudfront.net\/2019\/06\/17172912\/concurso-tcm-sp.png.png\",\"width\":401,\"height\":209,\"caption\":\"tcm sp\"},{\"@type\":\"BreadcrumbList\",\"@id\":\"https:\/\/www.estrategiaconcursos.com.br\/blog\/lancamento-trilha-estrategica-reta-final-tcm-sp\/#breadcrumb\",\"itemListElement\":[{\"@type\":\"ListItem\",\"position\":1,\"name\":\"In\u00edcio\",\"item\":\"https:\/\/www.estrategiaconcursos.com.br\/blog\/\"},{\"@type\":\"ListItem\",\"position\":2,\"name\":\"Lan\u00e7amento da Trilha Estrat\u00e9gica de Reta Final para o TCM SP\"}]},{\"@type\":\"WebSite\",\"@id\":\"https:\/\/www.estrategiaconcursos.com.br\/blog\/#website\",\"url\":\"https:\/\/www.estrategiaconcursos.com.br\/blog\/\",\"name\":\"Estrat\u00e9gia Concursos\",\"description\":\"O blog da Estrat\u00e9gia Concursos traz not\u00edcias sobre concursos e artigos de professores oferecendo cursos para concursos (pdf + videaulas) no site.\",\"publisher\":{\"@id\":\"https:\/\/www.estrategiaconcursos.com.br\/blog\/#organization\"},\"potentialAction\":[{\"@type\":\"SearchAction\",\"target\":{\"@type\":\"EntryPoint\",\"urlTemplate\":\"https:\/\/www.estrategiaconcursos.com.br\/blog\/?s={search_term_string}\"},\"query-input\":{\"@type\":\"PropertyValueSpecification\",\"valueRequired\":true,\"valueName\":\"search_term_string\"}}],\"inLanguage\":\"pt-BR\"},{\"@type\":\"Organization\",\"@id\":\"https:\/\/www.estrategiaconcursos.com.br\/blog\/#organization\",\"name\":\"Estrat\u00e9gia Concursos\",\"url\":\"https:\/\/www.estrategiaconcursos.com.br\/blog\/\",\"logo\":{\"@type\":\"ImageObject\",\"inLanguage\":\"pt-BR\",\"@id\":\"https:\/\/www.estrategiaconcursos.com.br\/blog\/#\/schema\/logo\/image\/\",\"url\":\"https:\/\/dhg1h5j42swfq.cloudfront.net\/2025\/06\/03203428\/logo_concursos-1.jpg\",\"contentUrl\":\"https:\/\/dhg1h5j42swfq.cloudfront.net\/2025\/06\/03203428\/logo_concursos-1.jpg\",\"width\":230,\"height\":60,\"caption\":\"Estrat\u00e9gia Concursos\"},\"image\":{\"@id\":\"https:\/\/www.estrategiaconcursos.com.br\/blog\/#\/schema\/logo\/image\/\"},\"sameAs\":[\"https:\/\/x.com\/EstratConcursos\"]},{\"@type\":\"Person\",\"@id\":\"https:\/\/www.estrategiaconcursos.com.br\/blog\/#\/schema\/person\/c202feb1c8b5926df6eeb176a8d31c1f\",\"name\":\"Renan Peron Fineto\",\"image\":{\"@type\":\"ImageObject\",\"inLanguage\":\"pt-BR\",\"@id\":\"https:\/\/secure.gravatar.com\/avatar\/6f45a57598e79d990d68f8b5ada03b18faea6854fafc5e5e17504755e3242146?s=96&d=mm&r=g\",\"url\":\"https:\/\/secure.gravatar.com\/avatar\/6f45a57598e79d990d68f8b5ada03b18faea6854fafc5e5e17504755e3242146?s=96&d=mm&r=g\",\"contentUrl\":\"https:\/\/secure.gravatar.com\/avatar\/6f45a57598e79d990d68f8b5ada03b18faea6854fafc5e5e17504755e3242146?s=96&d=mm&r=g\",\"caption\":\"Renan Peron Fineto\"},\"url\":\"https:\/\/www.estrategiaconcursos.com.br\/blog\/author\/renanpfinetogmail-com\/\"}]}<\/script>\n<!-- \/ Yoast SEO Premium plugin. -->","yoast_head_json":{"title":"Lan\u00e7amento da Trilha Estrat\u00e9gica de Reta Final para o TCM SP","robots":{"index":"index","follow":"follow","max-snippet":"max-snippet:-1","max-image-preview":"max-image-preview:large","max-video-preview":"max-video-preview:-1"},"canonical":"https:\/\/www.estrategiaconcursos.com.br\/blog\/lancamento-trilha-estrategica-reta-final-tcm-sp\/","og_locale":"pt_BR","og_type":"article","og_title":"Lan\u00e7amento da Trilha Estrat\u00e9gica de Reta Final para o TCM SP","og_description":"Se voc\u00ea acompanha os certames de tribunais de contas, certamente voc\u00ea j\u00e1 sabe da publica\u00e7\u00e3o do edital do concurso TCM SP, com oferta de 12 vagas imediatas mais forma\u00e7\u00e3o de cadastro reserva. \u00c9 uma das melhores oportunidades de 2020 para quem estuda para a \u00e1rea de controle! As vagas s\u00e3o para cargos de n\u00edvel m\u00e9dio [&hellip;]","og_url":"https:\/\/www.estrategiaconcursos.com.br\/blog\/lancamento-trilha-estrategica-reta-final-tcm-sp\/","og_site_name":"Estrat\u00e9gia Concursos","article_published_time":"2020-03-03T21:00:00+00:00","article_modified_time":"2023-06-28T12:50:40+00:00","og_image":[{"width":401,"height":209,"url":"https:\/\/dhg1h5j42swfq.cloudfront.net\/2019\/06\/17172912\/concurso-tcm-sp.png.png","type":"image\/png"}],"author":"Renan Peron Fineto","twitter_card":"summary_large_image","twitter_creator":"@EstratConcursos","twitter_site":"@EstratConcursos","twitter_misc":{"Escrito por":"Renan Peron Fineto","Est. tempo de leitura":"1 minuto"},"schema":{"@context":"https:\/\/schema.org","@graph":[{"@type":"NewsArticle","@id":"https:\/\/www.estrategiaconcursos.com.br\/blog\/lancamento-trilha-estrategica-reta-final-tcm-sp\/#article","isPartOf":{"@id":"https:\/\/www.estrategiaconcursos.com.br\/blog\/lancamento-trilha-estrategica-reta-final-tcm-sp\/"},"author":{"name":"Renan Peron Fineto","@id":"https:\/\/www.estrategiaconcursos.com.br\/blog\/#\/schema\/person\/c202feb1c8b5926df6eeb176a8d31c1f"},"headline":"Lan\u00e7amento da Trilha Estrat\u00e9gica de Reta Final para o TCM SP","datePublished":"2020-03-03T21:00:00+00:00","dateModified":"2023-06-28T12:50:40+00:00","mainEntityOfPage":{"@id":"https:\/\/www.estrategiaconcursos.com.br\/blog\/lancamento-trilha-estrategica-reta-final-tcm-sp\/"},"wordCount":263,"commentCount":1,"publisher":{"@id":"https:\/\/www.estrategiaconcursos.com.br\/blog\/#organization"},"image":{"@id":"https:\/\/www.estrategiaconcursos.com.br\/blog\/lancamento-trilha-estrategica-reta-final-tcm-sp\/#primaryimage"},"thumbnailUrl":"https:\/\/dhg1h5j42swfq.cloudfront.net\/2019\/06\/17172912\/concurso-tcm-sp.png.png","articleSection":["Concursos P\u00fablicos"],"inLanguage":"pt-BR","potentialAction":[{"@type":"CommentAction","name":"Comment","target":["https:\/\/www.estrategiaconcursos.com.br\/blog\/lancamento-trilha-estrategica-reta-final-tcm-sp\/#respond"]}],"copyrightYear":"2020","copyrightHolder":{"@id":"https:\/\/www.estrategiaconcursos.com.br\/blog\/#organization"}},{"@type":"WebPage","@id":"https:\/\/www.estrategiaconcursos.com.br\/blog\/lancamento-trilha-estrategica-reta-final-tcm-sp\/","url":"https:\/\/www.estrategiaconcursos.com.br\/blog\/lancamento-trilha-estrategica-reta-final-tcm-sp\/","name":"Lan\u00e7amento da Trilha Estrat\u00e9gica de Reta Final para o TCM SP","isPartOf":{"@id":"https:\/\/www.estrategiaconcursos.com.br\/blog\/#website"},"primaryImageOfPage":{"@id":"https:\/\/www.estrategiaconcursos.com.br\/blog\/lancamento-trilha-estrategica-reta-final-tcm-sp\/#primaryimage"},"image":{"@id":"https:\/\/www.estrategiaconcursos.com.br\/blog\/lancamento-trilha-estrategica-reta-final-tcm-sp\/#primaryimage"},"thumbnailUrl":"https:\/\/dhg1h5j42swfq.cloudfront.net\/2019\/06\/17172912\/concurso-tcm-sp.png.png","datePublished":"2020-03-03T21:00:00+00:00","dateModified":"2023-06-28T12:50:40+00:00","breadcrumb":{"@id":"https:\/\/www.estrategiaconcursos.com.br\/blog\/lancamento-trilha-estrategica-reta-final-tcm-sp\/#breadcrumb"},"inLanguage":"pt-BR","potentialAction":[{"@type":"ReadAction","target":["https:\/\/www.estrategiaconcursos.com.br\/blog\/lancamento-trilha-estrategica-reta-final-tcm-sp\/"]}]},{"@type":"ImageObject","inLanguage":"pt-BR","@id":"https:\/\/www.estrategiaconcursos.com.br\/blog\/lancamento-trilha-estrategica-reta-final-tcm-sp\/#primaryimage","url":"https:\/\/dhg1h5j42swfq.cloudfront.net\/2019\/06\/17172912\/concurso-tcm-sp.png.png","contentUrl":"https:\/\/dhg1h5j42swfq.cloudfront.net\/2019\/06\/17172912\/concurso-tcm-sp.png.png","width":401,"height":209,"caption":"tcm sp"},{"@type":"BreadcrumbList","@id":"https:\/\/www.estrategiaconcursos.com.br\/blog\/lancamento-trilha-estrategica-reta-final-tcm-sp\/#breadcrumb","itemListElement":[{"@type":"ListItem","position":1,"name":"In\u00edcio","item":"https:\/\/www.estrategiaconcursos.com.br\/blog\/"},{"@type":"ListItem","position":2,"name":"Lan\u00e7amento da Trilha Estrat\u00e9gica de Reta Final para o TCM SP"}]},{"@type":"WebSite","@id":"https:\/\/www.estrategiaconcursos.com.br\/blog\/#website","url":"https:\/\/www.estrategiaconcursos.com.br\/blog\/","name":"Estrat\u00e9gia Concursos","description":"O blog da Estrat\u00e9gia Concursos traz not\u00edcias sobre concursos e artigos de professores oferecendo cursos para concursos (pdf + videaulas) no site.","publisher":{"@id":"https:\/\/www.estrategiaconcursos.com.br\/blog\/#organization"},"potentialAction":[{"@type":"SearchAction","target":{"@type":"EntryPoint","urlTemplate":"https:\/\/www.estrategiaconcursos.com.br\/blog\/?s={search_term_string}"},"query-input":{"@type":"PropertyValueSpecification","valueRequired":true,"valueName":"search_term_string"}}],"inLanguage":"pt-BR"},{"@type":"Organization","@id":"https:\/\/www.estrategiaconcursos.com.br\/blog\/#organization","name":"Estrat\u00e9gia Concursos","url":"https:\/\/www.estrategiaconcursos.com.br\/blog\/","logo":{"@type":"ImageObject","inLanguage":"pt-BR","@id":"https:\/\/www.estrategiaconcursos.com.br\/blog\/#\/schema\/logo\/image\/","url":"https:\/\/dhg1h5j42swfq.cloudfront.net\/2025\/06\/03203428\/logo_concursos-1.jpg","contentUrl":"https:\/\/dhg1h5j42swfq.cloudfront.net\/2025\/06\/03203428\/logo_concursos-1.jpg","width":230,"height":60,"caption":"Estrat\u00e9gia Concursos"},"image":{"@id":"https:\/\/www.estrategiaconcursos.com.br\/blog\/#\/schema\/logo\/image\/"},"sameAs":["https:\/\/x.com\/EstratConcursos"]},{"@type":"Person","@id":"https:\/\/www.estrategiaconcursos.com.br\/blog\/#\/schema\/person\/c202feb1c8b5926df6eeb176a8d31c1f","name":"Renan Peron Fineto","image":{"@type":"ImageObject","inLanguage":"pt-BR","@id":"https:\/\/secure.gravatar.com\/avatar\/6f45a57598e79d990d68f8b5ada03b18faea6854fafc5e5e17504755e3242146?s=96&d=mm&r=g","url":"https:\/\/secure.gravatar.com\/avatar\/6f45a57598e79d990d68f8b5ada03b18faea6854fafc5e5e17504755e3242146?s=96&d=mm&r=g","contentUrl":"https:\/\/secure.gravatar.com\/avatar\/6f45a57598e79d990d68f8b5ada03b18faea6854fafc5e5e17504755e3242146?s=96&d=mm&r=g","caption":"Renan Peron Fineto"},"url":"https:\/\/www.estrategiaconcursos.com.br\/blog\/author\/renanpfinetogmail-com\/"}]}},"_links":{"self":[{"href":"https:\/\/www.estrategiaconcursos.com.br\/blog\/wp-json\/wp\/v2\/posts\/487370","targetHints":{"allow":["GET"]}}],"collection":[{"href":"https:\/\/www.estrategiaconcursos.com.br\/blog\/wp-json\/wp\/v2\/posts"}],"about":[{"href":"https:\/\/www.estrategiaconcursos.com.br\/blog\/wp-json\/wp\/v2\/types\/post"}],"author":[{"embeddable":true,"href":"https:\/\/www.estrategiaconcursos.com.br\/blog\/wp-json\/wp\/v2\/users\/988"}],"replies":[{"embeddable":true,"href":"https:\/\/www.estrategiaconcursos.com.br\/blog\/wp-json\/wp\/v2\/comments?post=487370"}],"version-history":[{"count":4,"href":"https:\/\/www.estrategiaconcursos.com.br\/blog\/wp-json\/wp\/v2\/posts\/487370\/revisions"}],"predecessor-version":[{"id":1240059,"href":"https:\/\/www.estrategiaconcursos.com.br\/blog\/wp-json\/wp\/v2\/posts\/487370\/revisions\/1240059"}],"wp:featuredmedia":[{"embeddable":true,"href":"https:\/\/www.estrategiaconcursos.com.br\/blog\/wp-json\/wp\/v2\/media\/388810"}],"wp:attachment":[{"href":"https:\/\/www.estrategiaconcursos.com.br\/blog\/wp-json\/wp\/v2\/media?parent=487370"}],"wp:term":[{"taxonomy":"category","embeddable":true,"href":"https:\/\/www.estrategiaconcursos.com.br\/blog\/wp-json\/wp\/v2\/categories?post=487370"},{"taxonomy":"post_tag","embeddable":true,"href":"https:\/\/www.estrategiaconcursos.com.br\/blog\/wp-json\/wp\/v2\/tags?post=487370"},{"taxonomy":"tax_estado","embeddable":true,"href":"https:\/\/www.estrategiaconcursos.com.br\/blog\/wp-json\/wp\/v2\/tax_estado?post=487370"}],"curies":[{"name":"wp","href":"https:\/\/api.w.org\/{rel}","templated":true}]}}