{"id":487278,"date":"2020-03-02T21:17:55","date_gmt":"2020-03-03T00:17:55","guid":{"rendered":"https:\/\/www.estrategiaconcursos.com.br\/blog\/?p=487278"},"modified":"2020-05-06T14:29:47","modified_gmt":"2020-05-06T17:29:47","slug":"concurso-pcdf-escrivao-tema-de-redacao-88","status":"publish","type":"post","link":"https:\/\/www.estrategiaconcursos.com.br\/blog\/concurso-pcdf-escrivao-tema-de-redacao-88\/","title":{"rendered":"Concurso PCDF Escriv\u00e3o: Tema de Reda\u00e7\u00e3o 88"},"content":{"rendered":"\n<p>Oi, oi, oi! N\u00fameros indicam o crescimento de estrangeiros no mercado formal de trabalho no Brasil esse assunto trata da economia e das rela\u00e7\u00f5es estabelecidas com outros pa\u00edses, logo, \u00e9 assunto para a reda\u00e7\u00e3o do Concurso PCDF Escriv\u00e3o. <\/p>\n\n\n\n<p class=\"has-text-align-center\"><strong>Proposta de Reda\u00e7\u00e3o 88<\/strong><\/p>\n\n\n\n<p>Desde 21 de novembro de 2017, est\u00e1 em\nvigor nova Lei de Migra\u00e7\u00e3o, de n\u00famero 13.445, substituindo o Estatuto do Estrangeiro.\nVenezuelanos e haitianos t\u00eam destaque no mercado de trabalho formal. A maior\nparte desses trabalhadores recebe entre 1 a 2 sal\u00e1rios m\u00ednimos. S\u00e3o Paulo \u00e9 o\nEstado que mais absorve essa m\u00e3o de obra, composta de homens brancos, com idade\nmais elevada, entre os trabalhadores mais qualificados. As mulheres\nqualificadas aumentam sua participa\u00e7\u00e3o. Jovens trabalhadores de cor preta, com\nmenor tempo de chegada, completam o grupo.<\/p>\n\n\n\n<p>Dados do Minist\u00e9rio da Justi\u00e7a e\nSeguran\u00e7a P\u00fablica registraram novos fluxos migrat\u00f3rios para o Pa\u00eds, a maioria\nproveniente do Hemisf\u00e9rio Sul. Em 2017, 32,7% dos migrantes com v\u00ednculo formal\nocupavam, inicialmente, vagas no setor de produ\u00e7\u00e3o de bens e servi\u00e7os\nindustriais, seguido pelo setor de servi\u00e7os e vendedores do com\u00e9rcio em lojas e\nmercados.<\/p>\n\n\n\n<p>Andr\u00e9 Carvalho Ramos, professor de\nDireito Internacional da Faculdade de Direito da USP, cita que \u201co Brasil tem em\ntorno de um milh\u00e3o de migrantes em situa\u00e7\u00e3o regular e irregular\u201d.<\/p>\n\n\n\n<p>Fonte: <a href=\"https:\/\/jornal.usp.br\/atualidades\/relatorio-anual-da-obmigra-mostra-aumento-de-migracoes-para-o-brasil\/\">https:\/\/jornal.usp.br\/atualidades\/relatorio-anual-da-obmigra-mostra-aumento-de-migracoes-para-o-brasil\/<\/a>\n<\/p>\n\n\n\n<p>Tendo o texto acima apenas como\nmotivador, desenvolva uma disserta\u00e7\u00e3o sobre o tema: <\/p>\n\n\n\n<p class=\"has-text-align-center\"><strong>O aumento de imigrantes no mercado de trabalho brasileiro<\/strong><\/p>\n\n\n\n<p>Para o seu texto, aborde,\nobrigatoriamente, os seguintes aspectos: <\/p>\n\n\n\n<ol class=\"wp-block-list\"><li>Discorra      sobre a presen\u00e7a de imigrantes no mercado formal brasileiro [9,00]<\/li><li>Comente      acerca dos principais desafios para a inser\u00e7\u00e3o de imigrantes no mercado de      trabalho [10,00]<\/li><li>Apresente      algumas formas de o mercado brasileiro apoiar os imigrantes [10,00] <\/li><\/ol>\n\n\n\n<p>Venha conhecer nosso curso das discursivas para o Concurso PCDF escriv\u00e3o em <a href=\"https:\/\/www.estrategiaconcursos.com.br\/curso\/correcao-analitica-de-discursivas-p-pc-df-escrivao-3-correcoes-por-aluno-pos-edital\/\">https:\/\/www.estrategiaconcursos.com.br\/curso\/correcao-analitica-de-discursivas-p-pc-df-escrivao-3-correcoes-por-aluno-pos-edital\/<\/a><\/p>\n\n\n\n<p>Abra\u00e7os, <\/p>\n\n\n\n<p>Janaina Arruda (@profa.janaina.arruda) <\/p>\n","protected":false},"excerpt":{"rendered":"<p>Oi, oi, oi! N\u00fameros indicam o crescimento de estrangeiros no mercado formal de trabalho no Brasil esse assunto trata da economia e das rela\u00e7\u00f5es estabelecidas com outros pa\u00edses, logo, \u00e9 assunto para a reda\u00e7\u00e3o do Concurso PCDF Escriv\u00e3o. Proposta de Reda\u00e7\u00e3o 88 Desde 21 de novembro de 2017, est\u00e1 em vigor nova Lei de Migra\u00e7\u00e3o, [&hellip;]<\/p>\n","protected":false},"author":1430,"featured_media":0,"comment_status":"open","ping_status":"closed","sticky":false,"template":"","format":"standard","meta":{"post_tipo":"article","footnotes":""},"categories":[1],"tags":[],"tax_estado":[],"class_list":["post-487278","post","type-post","status-publish","format-standard","hentry","category-cursos-e-concursos"],"acf":[],"yoast_head":"<!-- This site is optimized with the Yoast SEO Premium plugin v27.2 (Yoast SEO v27.2) - https:\/\/yoast.com\/product\/yoast-seo-premium-wordpress\/ -->\n<title>Concurso PCDF Escriv\u00e3o: Tema de Reda\u00e7\u00e3o 88 Concurso PCDF Escriv\u00e3o<\/title>\n<meta name=\"description\" content=\"N\u00fameros indicam o crescimento de estrangeiros no mercado formal de trabalho no Brasil esse assunto trata da economia e das rela\u00e7\u00f5es estabelecidas com outros pa\u00edses, logo, \u00e9 assunto para a reda\u00e7\u00e3o do Concurso PCDF Escriv\u00e3o.\" \/>\n<meta name=\"robots\" content=\"index, follow, max-snippet:-1, max-image-preview:large, max-video-preview:-1\" \/>\n<link rel=\"canonical\" href=\"https:\/\/www.estrategiaconcursos.com.br\/blog\/concurso-pcdf-escrivao-tema-de-redacao-88\/\" \/>\n<meta property=\"og:locale\" content=\"pt_BR\" \/>\n<meta property=\"og:type\" content=\"article\" \/>\n<meta property=\"og:title\" content=\"Concurso PCDF Escriv\u00e3o: Tema de Reda\u00e7\u00e3o 88\" \/>\n<meta property=\"og:description\" content=\"N\u00fameros indicam o crescimento de estrangeiros no mercado formal de trabalho no Brasil esse assunto trata da economia e das rela\u00e7\u00f5es estabelecidas com outros pa\u00edses, logo, \u00e9 assunto para a reda\u00e7\u00e3o do Concurso PCDF Escriv\u00e3o.\" \/>\n<meta property=\"og:url\" content=\"https:\/\/www.estrategiaconcursos.com.br\/blog\/concurso-pcdf-escrivao-tema-de-redacao-88\/\" \/>\n<meta property=\"og:site_name\" content=\"Estrat\u00e9gia Concursos\" \/>\n<meta property=\"article:published_time\" content=\"2020-03-03T00:17:55+00:00\" \/>\n<meta property=\"article:modified_time\" content=\"2020-05-06T17:29:47+00:00\" \/>\n<meta name=\"author\" content=\"Janaina Arruda\" \/>\n<meta name=\"twitter:card\" content=\"summary_large_image\" \/>\n<meta name=\"twitter:creator\" content=\"@EstratConcursos\" \/>\n<meta name=\"twitter:site\" content=\"@EstratConcursos\" \/>\n<meta name=\"twitter:label1\" content=\"Escrito por\" \/>\n\t<meta name=\"twitter:data1\" content=\"Janaina Arruda\" \/>\n\t<meta name=\"twitter:label2\" content=\"Est. tempo de leitura\" \/>\n\t<meta name=\"twitter:data2\" content=\"2 minutos\" \/>\n<script type=\"application\/ld+json\" class=\"yoast-schema-graph\">{\"@context\":\"https:\/\/schema.org\",\"@graph\":[{\"@type\":\"NewsArticle\",\"@id\":\"https:\/\/www.estrategiaconcursos.com.br\/blog\/concurso-pcdf-escrivao-tema-de-redacao-88\/#article\",\"isPartOf\":{\"@id\":\"https:\/\/www.estrategiaconcursos.com.br\/blog\/concurso-pcdf-escrivao-tema-de-redacao-88\/\"},\"author\":{\"name\":\"Janaina Arruda\",\"@id\":\"https:\/\/www.estrategiaconcursos.com.br\/blog\/#\/schema\/person\/f2fb305e65e771b216148107c0d96d68\"},\"headline\":\"Concurso PCDF Escriv\u00e3o: Tema de Reda\u00e7\u00e3o 88\",\"datePublished\":\"2020-03-03T00:17:55+00:00\",\"dateModified\":\"2020-05-06T17:29:47+00:00\",\"mainEntityOfPage\":{\"@id\":\"https:\/\/www.estrategiaconcursos.com.br\/blog\/concurso-pcdf-escrivao-tema-de-redacao-88\/\"},\"wordCount\":342,\"commentCount\":0,\"publisher\":{\"@id\":\"https:\/\/www.estrategiaconcursos.com.br\/blog\/#organization\"},\"articleSection\":[\"Concursos P\u00fablicos\"],\"inLanguage\":\"pt-BR\",\"potentialAction\":[{\"@type\":\"CommentAction\",\"name\":\"Comment\",\"target\":[\"https:\/\/www.estrategiaconcursos.com.br\/blog\/concurso-pcdf-escrivao-tema-de-redacao-88\/#respond\"]}],\"copyrightYear\":\"2020\",\"copyrightHolder\":{\"@id\":\"https:\/\/www.estrategiaconcursos.com.br\/blog\/#organization\"}},{\"@type\":\"WebPage\",\"@id\":\"https:\/\/www.estrategiaconcursos.com.br\/blog\/concurso-pcdf-escrivao-tema-de-redacao-88\/\",\"url\":\"https:\/\/www.estrategiaconcursos.com.br\/blog\/concurso-pcdf-escrivao-tema-de-redacao-88\/\",\"name\":\"Concurso PCDF Escriv\u00e3o: Tema de Reda\u00e7\u00e3o 88 Concurso PCDF Escriv\u00e3o\",\"isPartOf\":{\"@id\":\"https:\/\/www.estrategiaconcursos.com.br\/blog\/#website\"},\"datePublished\":\"2020-03-03T00:17:55+00:00\",\"dateModified\":\"2020-05-06T17:29:47+00:00\",\"description\":\"N\u00fameros indicam o crescimento de estrangeiros no mercado formal de trabalho no Brasil esse assunto trata da economia e das rela\u00e7\u00f5es estabelecidas com outros pa\u00edses, logo, \u00e9 assunto para a reda\u00e7\u00e3o do Concurso PCDF Escriv\u00e3o.\",\"breadcrumb\":{\"@id\":\"https:\/\/www.estrategiaconcursos.com.br\/blog\/concurso-pcdf-escrivao-tema-de-redacao-88\/#breadcrumb\"},\"inLanguage\":\"pt-BR\",\"potentialAction\":[{\"@type\":\"ReadAction\",\"target\":[\"https:\/\/www.estrategiaconcursos.com.br\/blog\/concurso-pcdf-escrivao-tema-de-redacao-88\/\"]}]},{\"@type\":\"BreadcrumbList\",\"@id\":\"https:\/\/www.estrategiaconcursos.com.br\/blog\/concurso-pcdf-escrivao-tema-de-redacao-88\/#breadcrumb\",\"itemListElement\":[{\"@type\":\"ListItem\",\"position\":1,\"name\":\"In\u00edcio\",\"item\":\"https:\/\/www.estrategiaconcursos.com.br\/blog\/\"},{\"@type\":\"ListItem\",\"position\":2,\"name\":\"Concurso PCDF Escriv\u00e3o: Tema de Reda\u00e7\u00e3o 88\"}]},{\"@type\":\"WebSite\",\"@id\":\"https:\/\/www.estrategiaconcursos.com.br\/blog\/#website\",\"url\":\"https:\/\/www.estrategiaconcursos.com.br\/blog\/\",\"name\":\"Estrat\u00e9gia Concursos\",\"description\":\"O blog da Estrat\u00e9gia Concursos traz not\u00edcias sobre concursos e artigos de professores oferecendo cursos para concursos (pdf + videaulas) no site.\",\"publisher\":{\"@id\":\"https:\/\/www.estrategiaconcursos.com.br\/blog\/#organization\"},\"potentialAction\":[{\"@type\":\"SearchAction\",\"target\":{\"@type\":\"EntryPoint\",\"urlTemplate\":\"https:\/\/www.estrategiaconcursos.com.br\/blog\/?s={search_term_string}\"},\"query-input\":{\"@type\":\"PropertyValueSpecification\",\"valueRequired\":true,\"valueName\":\"search_term_string\"}}],\"inLanguage\":\"pt-BR\"},{\"@type\":\"Organization\",\"@id\":\"https:\/\/www.estrategiaconcursos.com.br\/blog\/#organization\",\"name\":\"Estrat\u00e9gia Concursos\",\"url\":\"https:\/\/www.estrategiaconcursos.com.br\/blog\/\",\"logo\":{\"@type\":\"ImageObject\",\"inLanguage\":\"pt-BR\",\"@id\":\"https:\/\/www.estrategiaconcursos.com.br\/blog\/#\/schema\/logo\/image\/\",\"url\":\"https:\/\/dhg1h5j42swfq.cloudfront.net\/2025\/06\/03203428\/logo_concursos-1.jpg\",\"contentUrl\":\"https:\/\/dhg1h5j42swfq.cloudfront.net\/2025\/06\/03203428\/logo_concursos-1.jpg\",\"width\":230,\"height\":60,\"caption\":\"Estrat\u00e9gia Concursos\"},\"image\":{\"@id\":\"https:\/\/www.estrategiaconcursos.com.br\/blog\/#\/schema\/logo\/image\/\"},\"sameAs\":[\"https:\/\/x.com\/EstratConcursos\"]},{\"@type\":\"Person\",\"@id\":\"https:\/\/www.estrategiaconcursos.com.br\/blog\/#\/schema\/person\/f2fb305e65e771b216148107c0d96d68\",\"name\":\"Janaina Arruda\",\"image\":{\"@type\":\"ImageObject\",\"inLanguage\":\"pt-BR\",\"@id\":\"https:\/\/secure.gravatar.com\/avatar\/9377d341617569b19a8eb58b32e54c10304cac645ab0cef38c66bfa34f77bdc6?s=96&d=mm&r=g\",\"url\":\"https:\/\/secure.gravatar.com\/avatar\/9377d341617569b19a8eb58b32e54c10304cac645ab0cef38c66bfa34f77bdc6?s=96&d=mm&r=g\",\"contentUrl\":\"https:\/\/secure.gravatar.com\/avatar\/9377d341617569b19a8eb58b32e54c10304cac645ab0cef38c66bfa34f77bdc6?s=96&d=mm&r=g\",\"caption\":\"Janaina Arruda\"},\"url\":\"https:\/\/www.estrategiaconcursos.com.br\/blog\/author\/arruda-janhotmail-com\/\"}]}<\/script>\n<!-- \/ Yoast SEO Premium plugin. -->","yoast_head_json":{"title":"Concurso PCDF Escriv\u00e3o: Tema de Reda\u00e7\u00e3o 88 Concurso PCDF Escriv\u00e3o","description":"N\u00fameros indicam o crescimento de estrangeiros no mercado formal de trabalho no Brasil esse assunto trata da economia e das rela\u00e7\u00f5es estabelecidas com outros pa\u00edses, logo, \u00e9 assunto para a reda\u00e7\u00e3o do Concurso PCDF Escriv\u00e3o.","robots":{"index":"index","follow":"follow","max-snippet":"max-snippet:-1","max-image-preview":"max-image-preview:large","max-video-preview":"max-video-preview:-1"},"canonical":"https:\/\/www.estrategiaconcursos.com.br\/blog\/concurso-pcdf-escrivao-tema-de-redacao-88\/","og_locale":"pt_BR","og_type":"article","og_title":"Concurso PCDF Escriv\u00e3o: Tema de Reda\u00e7\u00e3o 88","og_description":"N\u00fameros indicam o crescimento de estrangeiros no mercado formal de trabalho no Brasil esse assunto trata da economia e das rela\u00e7\u00f5es estabelecidas com outros pa\u00edses, logo, \u00e9 assunto para a reda\u00e7\u00e3o do Concurso PCDF Escriv\u00e3o.","og_url":"https:\/\/www.estrategiaconcursos.com.br\/blog\/concurso-pcdf-escrivao-tema-de-redacao-88\/","og_site_name":"Estrat\u00e9gia Concursos","article_published_time":"2020-03-03T00:17:55+00:00","article_modified_time":"2020-05-06T17:29:47+00:00","author":"Janaina Arruda","twitter_card":"summary_large_image","twitter_creator":"@EstratConcursos","twitter_site":"@EstratConcursos","twitter_misc":{"Escrito por":"Janaina Arruda","Est. tempo de leitura":"2 minutos"},"schema":{"@context":"https:\/\/schema.org","@graph":[{"@type":"NewsArticle","@id":"https:\/\/www.estrategiaconcursos.com.br\/blog\/concurso-pcdf-escrivao-tema-de-redacao-88\/#article","isPartOf":{"@id":"https:\/\/www.estrategiaconcursos.com.br\/blog\/concurso-pcdf-escrivao-tema-de-redacao-88\/"},"author":{"name":"Janaina Arruda","@id":"https:\/\/www.estrategiaconcursos.com.br\/blog\/#\/schema\/person\/f2fb305e65e771b216148107c0d96d68"},"headline":"Concurso PCDF Escriv\u00e3o: Tema de Reda\u00e7\u00e3o 88","datePublished":"2020-03-03T00:17:55+00:00","dateModified":"2020-05-06T17:29:47+00:00","mainEntityOfPage":{"@id":"https:\/\/www.estrategiaconcursos.com.br\/blog\/concurso-pcdf-escrivao-tema-de-redacao-88\/"},"wordCount":342,"commentCount":0,"publisher":{"@id":"https:\/\/www.estrategiaconcursos.com.br\/blog\/#organization"},"articleSection":["Concursos P\u00fablicos"],"inLanguage":"pt-BR","potentialAction":[{"@type":"CommentAction","name":"Comment","target":["https:\/\/www.estrategiaconcursos.com.br\/blog\/concurso-pcdf-escrivao-tema-de-redacao-88\/#respond"]}],"copyrightYear":"2020","copyrightHolder":{"@id":"https:\/\/www.estrategiaconcursos.com.br\/blog\/#organization"}},{"@type":"WebPage","@id":"https:\/\/www.estrategiaconcursos.com.br\/blog\/concurso-pcdf-escrivao-tema-de-redacao-88\/","url":"https:\/\/www.estrategiaconcursos.com.br\/blog\/concurso-pcdf-escrivao-tema-de-redacao-88\/","name":"Concurso PCDF Escriv\u00e3o: Tema de Reda\u00e7\u00e3o 88 Concurso PCDF Escriv\u00e3o","isPartOf":{"@id":"https:\/\/www.estrategiaconcursos.com.br\/blog\/#website"},"datePublished":"2020-03-03T00:17:55+00:00","dateModified":"2020-05-06T17:29:47+00:00","description":"N\u00fameros indicam o crescimento de estrangeiros no mercado formal de trabalho no Brasil esse assunto trata da economia e das rela\u00e7\u00f5es estabelecidas com outros pa\u00edses, logo, \u00e9 assunto para a reda\u00e7\u00e3o do Concurso PCDF Escriv\u00e3o.","breadcrumb":{"@id":"https:\/\/www.estrategiaconcursos.com.br\/blog\/concurso-pcdf-escrivao-tema-de-redacao-88\/#breadcrumb"},"inLanguage":"pt-BR","potentialAction":[{"@type":"ReadAction","target":["https:\/\/www.estrategiaconcursos.com.br\/blog\/concurso-pcdf-escrivao-tema-de-redacao-88\/"]}]},{"@type":"BreadcrumbList","@id":"https:\/\/www.estrategiaconcursos.com.br\/blog\/concurso-pcdf-escrivao-tema-de-redacao-88\/#breadcrumb","itemListElement":[{"@type":"ListItem","position":1,"name":"In\u00edcio","item":"https:\/\/www.estrategiaconcursos.com.br\/blog\/"},{"@type":"ListItem","position":2,"name":"Concurso PCDF Escriv\u00e3o: Tema de Reda\u00e7\u00e3o 88"}]},{"@type":"WebSite","@id":"https:\/\/www.estrategiaconcursos.com.br\/blog\/#website","url":"https:\/\/www.estrategiaconcursos.com.br\/blog\/","name":"Estrat\u00e9gia Concursos","description":"O blog da Estrat\u00e9gia Concursos traz not\u00edcias sobre concursos e artigos de professores oferecendo cursos para concursos (pdf + videaulas) no site.","publisher":{"@id":"https:\/\/www.estrategiaconcursos.com.br\/blog\/#organization"},"potentialAction":[{"@type":"SearchAction","target":{"@type":"EntryPoint","urlTemplate":"https:\/\/www.estrategiaconcursos.com.br\/blog\/?s={search_term_string}"},"query-input":{"@type":"PropertyValueSpecification","valueRequired":true,"valueName":"search_term_string"}}],"inLanguage":"pt-BR"},{"@type":"Organization","@id":"https:\/\/www.estrategiaconcursos.com.br\/blog\/#organization","name":"Estrat\u00e9gia Concursos","url":"https:\/\/www.estrategiaconcursos.com.br\/blog\/","logo":{"@type":"ImageObject","inLanguage":"pt-BR","@id":"https:\/\/www.estrategiaconcursos.com.br\/blog\/#\/schema\/logo\/image\/","url":"https:\/\/dhg1h5j42swfq.cloudfront.net\/2025\/06\/03203428\/logo_concursos-1.jpg","contentUrl":"https:\/\/dhg1h5j42swfq.cloudfront.net\/2025\/06\/03203428\/logo_concursos-1.jpg","width":230,"height":60,"caption":"Estrat\u00e9gia Concursos"},"image":{"@id":"https:\/\/www.estrategiaconcursos.com.br\/blog\/#\/schema\/logo\/image\/"},"sameAs":["https:\/\/x.com\/EstratConcursos"]},{"@type":"Person","@id":"https:\/\/www.estrategiaconcursos.com.br\/blog\/#\/schema\/person\/f2fb305e65e771b216148107c0d96d68","name":"Janaina Arruda","image":{"@type":"ImageObject","inLanguage":"pt-BR","@id":"https:\/\/secure.gravatar.com\/avatar\/9377d341617569b19a8eb58b32e54c10304cac645ab0cef38c66bfa34f77bdc6?s=96&d=mm&r=g","url":"https:\/\/secure.gravatar.com\/avatar\/9377d341617569b19a8eb58b32e54c10304cac645ab0cef38c66bfa34f77bdc6?s=96&d=mm&r=g","contentUrl":"https:\/\/secure.gravatar.com\/avatar\/9377d341617569b19a8eb58b32e54c10304cac645ab0cef38c66bfa34f77bdc6?s=96&d=mm&r=g","caption":"Janaina Arruda"},"url":"https:\/\/www.estrategiaconcursos.com.br\/blog\/author\/arruda-janhotmail-com\/"}]}},"_links":{"self":[{"href":"https:\/\/www.estrategiaconcursos.com.br\/blog\/wp-json\/wp\/v2\/posts\/487278","targetHints":{"allow":["GET"]}}],"collection":[{"href":"https:\/\/www.estrategiaconcursos.com.br\/blog\/wp-json\/wp\/v2\/posts"}],"about":[{"href":"https:\/\/www.estrategiaconcursos.com.br\/blog\/wp-json\/wp\/v2\/types\/post"}],"author":[{"embeddable":true,"href":"https:\/\/www.estrategiaconcursos.com.br\/blog\/wp-json\/wp\/v2\/users\/1430"}],"replies":[{"embeddable":true,"href":"https:\/\/www.estrategiaconcursos.com.br\/blog\/wp-json\/wp\/v2\/comments?post=487278"}],"version-history":[{"count":1,"href":"https:\/\/www.estrategiaconcursos.com.br\/blog\/wp-json\/wp\/v2\/posts\/487278\/revisions"}],"predecessor-version":[{"id":487279,"href":"https:\/\/www.estrategiaconcursos.com.br\/blog\/wp-json\/wp\/v2\/posts\/487278\/revisions\/487279"}],"wp:attachment":[{"href":"https:\/\/www.estrategiaconcursos.com.br\/blog\/wp-json\/wp\/v2\/media?parent=487278"}],"wp:term":[{"taxonomy":"category","embeddable":true,"href":"https:\/\/www.estrategiaconcursos.com.br\/blog\/wp-json\/wp\/v2\/categories?post=487278"},{"taxonomy":"post_tag","embeddable":true,"href":"https:\/\/www.estrategiaconcursos.com.br\/blog\/wp-json\/wp\/v2\/tags?post=487278"},{"taxonomy":"tax_estado","embeddable":true,"href":"https:\/\/www.estrategiaconcursos.com.br\/blog\/wp-json\/wp\/v2\/tax_estado?post=487278"}],"curies":[{"name":"wp","href":"https:\/\/api.w.org\/{rel}","templated":true}]}}