{"id":487057,"date":"2020-03-30T12:30:00","date_gmt":"2020-03-30T15:30:00","guid":{"rendered":"https:\/\/www.estrategiaconcursos.com.br\/blog\/?p=487057"},"modified":"2020-04-06T17:19:03","modified_gmt":"2020-04-06T20:19:03","slug":"concurso-sejuf-pr","status":"publish","type":"post","link":"https:\/\/www.estrategiaconcursos.com.br\/blog\/concurso-sejuf-pr\/","title":{"rendered":"Concurso SEJUF PR: etapas de provas s\u00e3o suspensas; diversos n\u00edveis"},"content":{"rendered":"\n<p>Foi divulgada a suspens\u00e3o das etapas de provas do concurso SEJUF PR (Secretaria de Estado da Justi\u00e7a, Fam\u00edlia e Trabalho do Paran\u00e1), com oferta de <strong>69 vagas<\/strong> imediatas e forma\u00e7\u00e3o de cadastro reserva, para cargos de <strong>n\u00edvel m\u00e9dio, t\u00e9cnico e superior<\/strong>.<\/p>\n\n\n\n<p> A medida foi tomada devido ao risco de propaga\u00e7\u00e3o que a Covid-19 (novo coronav\u00edrus) representa, al\u00e9m de seguir as recomenda\u00e7\u00f5es dos centros e departamentos de sa\u00fade e decretos no sentido de evitar aglomera\u00e7\u00f5es de pessoas no estado do Paran\u00e1. <\/p>\n\n\n\n<p>As inscri\u00e7\u00f5es j\u00e1 est\u00e3o encerradas e os interessados em prestar o concurso puderam se inscrever no site do <strong>IBFC<\/strong> (Instituto Brasileiro de Forma\u00e7\u00e3o e Capacita\u00e7\u00e3o), banca organizadora do certame, entre os dias 26 de fevereiro e 26 de mar\u00e7o de 2020, ao custo de <strong>R$ 70,00<\/strong> (n\u00edvel m\u00e9dio\/t\u00e9cnico) e <strong>R$ 100,00<\/strong> (n\u00edvel superior).<\/p>\n\n\n\n<p>Neste artigo voc\u00ea encontrar\u00e1 tudo o que precisa saber sobre o edital do concurso SEJUF PR. Nosso objetivo \u00e9 deixar voc\u00ea&nbsp;<strong><em>100% atualizado<\/em><\/strong>. Acompanhe pelos t\u00f3picos a seguir:<\/p>\n\n\n\n<ul class=\"wp-block-list\"><li><em><strong><a href=\"#datas\">Principais datas:<\/a><\/strong><\/em><\/li><li><em><strong><a href=\"#cargos\">Cargos, vagas e remunera\u00e7\u00f5es:<\/a><\/strong><\/em><\/li><li><em><strong><a href=\"#etapas\">Etapas do concurso:<\/a><\/strong><\/em><\/li><li><em><strong><a href=\"#ficha\">Ficha t\u00e9cnica:<\/a><\/strong><\/em><\/li><\/ul>\n\n\n\n<h2 class=\"wp-block-heading\" id=\"datas\">Principais datas do concurso SEJUF PR<\/h2>\n\n\n\n<p class=\"has-background has-very-light-gray-background-color\"><strong>Inscri\u00e7\u00f5es<\/strong>: <s>26 de fevereiro e 26 de mar\u00e7o de 2020<\/s>  <br \/><strong>\u00daltimo dia para pagamento<\/strong>: <s>27 de mar\u00e7o<\/s> <br \/><strong>Isen\u00e7\u00e3o da taxa<\/strong>: <s>26 e 29 de fevereiro<\/s> <br \/><strong>Prova<\/strong>: suspensas por tempo indeterminado   <\/p>\n\n\n\n<h2 class=\"wp-block-heading\" id=\"cargos\">Cargos, vagas e remunera\u00e7\u00f5es do concurso SEJUF PR<\/h2>\n\n\n\n<h3 class=\"wp-block-heading\">N\u00edvel m\u00e9dio \/ t\u00e9cnico<\/h3>\n\n\n\n<figure class=\"wp-block-table is-style-stripes\"><table class=\"has-subtle-pale-blue-background-color has-fixed-layout has-background\"><tbody><tr><td class=\"has-text-align-center\" data-align=\"center\"><strong>CARGO<\/strong><\/td><td class=\"has-text-align-center\" data-align=\"center\"><strong>VAGAS<\/strong><\/td><td class=\"has-text-align-center\" data-align=\"center\"><strong>REMUNERA\u00c7\u00c3O<\/strong><\/td><\/tr><tr><td class=\"has-text-align-center\" data-align=\"center\">T\u00e9cnico de enfermagem  <\/td><td class=\"has-text-align-center\" data-align=\"center\">19 vagas<\/td><td class=\"has-text-align-center\" data-align=\"center\">   R$ 3.156,37  <\/td><\/tr><\/tbody><\/table><\/figure>\n\n\n\n<h3 class=\"wp-block-heading\">N\u00edvel superior<\/h3>\n\n\n\n<figure class=\"wp-block-table is-style-stripes\"><table class=\"has-subtle-pale-blue-background-color has-fixed-layout has-background\"><tbody><tr><td class=\"has-text-align-center\" data-align=\"center\"><strong>CARGO<\/strong><\/td><td class=\"has-text-align-center\" data-align=\"center\"><strong>VAGAS<\/strong><\/td><td class=\"has-text-align-center\" data-align=\"center\"><strong>REMUNERA\u00c7\u00c3O<\/strong><\/td><\/tr><tr><td class=\"has-text-align-center\" data-align=\"center\">Enfermeiro  <\/td><td class=\"has-text-align-center\" data-align=\"center\"> 6 vagas<\/td><td class=\"has-text-align-center\" data-align=\"center\">R$ 5.725,20<\/td><\/tr><tr><td class=\"has-text-align-center\" data-align=\"center\"> M\u00e9dico <\/td><td class=\"has-text-align-center\" data-align=\"center\">14 vagas<\/td><td class=\"has-text-align-center\" data-align=\"center\"> R$ 5.185,76<\/td><\/tr><tr><td class=\"has-text-align-center\" data-align=\"center\"> Odont\u00f3logo <\/td><td class=\"has-text-align-center\" data-align=\"center\">3 vagas<\/td><td class=\"has-text-align-center\" data-align=\"center\">  R$ 5.725,20  <\/td><\/tr><tr><td class=\"has-text-align-center\" data-align=\"center\"> Psic\u00f3logo <\/td><td class=\"has-text-align-center\" data-align=\"center\">20 vagas<\/td><td class=\"has-text-align-center\" data-align=\"center\"> R$ 5.725,20 <\/td><\/tr><tr><td class=\"has-text-align-center\" data-align=\"center\"> Terapeuta Ocupacional <\/td><td class=\"has-text-align-center\" data-align=\"center\">7 vagas<\/td><td class=\"has-text-align-center\" data-align=\"center\">  R$ 5.725,20  <\/td><\/tr><\/tbody><\/table><\/figure>\n\n\n\n<h2 class=\"wp-block-heading\" id=\"etapas\">Etapas do concurso SEJUF PR<\/h2>\n\n\n\n<p>O concurso SEFUJ PR ser\u00e1 composto por 7 (sete) fases: Prova objetiva; Prova discursiva; Prova de t\u00edtulos; Avalia\u00e7\u00e3o psicol\u00f3gica; Visita t\u00e9cnica; Investiga\u00e7\u00e3o social e Avalia\u00e7\u00e3o m\u00e9dica. Confira as principais etapas:<\/p>\n\n\n\n<h3 class=\"wp-block-heading\">Prova Objetiva<\/h3>\n\n\n\n<p>A Prova Objetiva, de car\u00e1ter eliminat\u00f3rio e classificat\u00f3rio, seria realizada no dia 26 de abril, est\u00e1 suspensa! A etapa ser\u00e1 composta por 40 quest\u00f5es de m\u00faltipla escolha, avaliada na escala de 0 a 10 pontos.<\/p>\n\n\n\n<figure class=\"wp-block-image size-large\"><img loading=\"lazy\" decoding=\"async\" width=\"683\" height=\"161\" src=\"https:\/\/dhg1h5j42swfq.cloudfront.net\/2020\/02\/29103706\/image-181.png\" alt=\"\" class=\"wp-image-487072\" srcset=\"https:\/\/dhg1h5j42swfq.cloudfront.net\/2020\/02\/29103706\/image-181.png 683w, https:\/\/dhg1h5j42swfq.cloudfront.net\/2020\/02\/29103706\/image-181-300x71.png 300w, https:\/\/dhg1h5j42swfq.cloudfront.net\/2020\/02\/29103706\/image-181-610x144.png 610w\" sizes=\"auto, (max-width: 683px) 100vw, 683px\" \/><\/figure>\n\n\n\n<p>O candidato que n\u00e3o for habilitado na Prova Objetiva estar\u00e1 automaticamente ELIMINADO do Concurso SEJUC PR.  <\/p>\n\n\n\n<h3 class=\"wp-block-heading\" id=\"prova-discursiva\"><strong>Prova Discursiva<\/strong><\/h3>\n\n\n\n<p>A prova discursiva, de car\u00e1ter eliminat\u00f3rio e classificat\u00f3rio, ser\u00e1 constitu\u00edda por reda\u00e7\u00e3o de at\u00e9 10 pontos, sendo a pontua\u00e7\u00e3o m\u00ednima exigida de 5 (cinco) pontos. A etapa ocorrer\u00e1 no mesmo hor\u00e1rio da Prova Objetiva.<\/p>\n\n\n\n<h3 class=\"wp-block-heading\" id=\"avaliacao\">Avalia\u00e7\u00e3o de T\u00edtulos<\/h3>\n\n\n\n<p>Ser\u00e3o convocados para a Prova de T\u00edtulos os candidatos habilitados na Prova Discursiva dos cargos de n\u00edvel superior. Na Avalia\u00e7\u00e3o de T\u00edtulos ser\u00e1 considerada e pontuada a forma\u00e7\u00e3o acad\u00eamica e a experi\u00eancia profissional do candidato, na escala de 0 (zero) a 10 (dez) pontos.<\/p>\n\n\n\n<figure class=\"wp-block-image size-large\"><img loading=\"lazy\" decoding=\"async\" width=\"690\" height=\"265\" src=\"https:\/\/dhg1h5j42swfq.cloudfront.net\/2020\/02\/29110020\/titulo.jpg\" alt=\"\" class=\"wp-image-487091\" srcset=\"https:\/\/dhg1h5j42swfq.cloudfront.net\/2020\/02\/29110020\/titulo.jpg 690w, https:\/\/dhg1h5j42swfq.cloudfront.net\/2020\/02\/29110020\/titulo-300x115.jpg 300w, https:\/\/dhg1h5j42swfq.cloudfront.net\/2020\/02\/29110020\/titulo-610x234.jpg 610w\" sizes=\"auto, (max-width: 690px) 100vw, 690px\" \/><\/figure>\n\n\n\n<figure class=\"wp-block-image size-large\"><img loading=\"lazy\" decoding=\"async\" width=\"702\" height=\"364\" src=\"https:\/\/dhg1h5j42swfq.cloudfront.net\/2020\/02\/29110325\/image-183.png\" alt=\"\" class=\"wp-image-487093\" srcset=\"https:\/\/dhg1h5j42swfq.cloudfront.net\/2020\/02\/29110325\/image-183.png 702w, https:\/\/dhg1h5j42swfq.cloudfront.net\/2020\/02\/29110325\/image-183-300x156.png 300w, https:\/\/dhg1h5j42swfq.cloudfront.net\/2020\/02\/29110325\/image-183-610x316.png 610w\" sizes=\"auto, (max-width: 702px) 100vw, 702px\" \/><\/figure>\n\n\n\n<p class=\"has-background has-text-align-center has-medium-font-size has-luminous-vivid-amber-background-color\"><strong><a href=\"https:\/\/www.estrategiaconcursos.com.br\/cursos\/\">CURSOS ESTRAT\u00c9GIA CONCURSOS<\/a><\/strong><\/p>\n\n\n\n<p class=\"has-text-align-center has-medium-font-size\"><em><strong>Assinatura Anual Ilimitada*<\/strong><\/em><\/p>\n\n\n\n<p class=\"has-text-align-center\"><em>Prepare-se com o melhor material e com quem mais aprova em Concursos P\u00fablicos em todo o pa\u00eds. Assine agora a nossa Assinatura Anual e tenha acesso ilimitado* a todos os nossos cursos.<\/em><\/p>\n\n\n\n<p class=\"has-background has-text-align-center has-medium-font-size has-light-green-cyan-background-color\"><strong>ASSINE AGORA<\/strong>&nbsp;\u2013&nbsp;<a rel=\"noreferrer noopener\" href=\"https:\/\/www.estrategiaconcursos.com.br\/assinaturas\/\" target=\"_blank\"><strong>Assinatura Ilimitada<\/strong><\/a><\/p>\n\n\n\n<p class=\"has-background has-text-align-center has-medium-font-size has-pale-cyan-blue-background-color\"><strong><a href=\"https:\/\/www.estrategiaconcursos.com.br\/blog\/concursos-abertos\/\">CONCURSOS ABERTOS<\/a><\/strong><\/p>\n\n\n\n<p class=\"has-background has-text-align-center has-medium-font-size has-pale-cyan-blue-background-color\"><a href=\"https:\/\/www.estrategiaconcursos.com.br\/blog\/concursos-2020\/\"><strong>CONCURSOS<\/strong><\/a><strong><a href=\"https:\/\/www.estrategiaconcursos.com.br\/blog\/concursos-2020\/\">&nbsp;2020<\/a><\/strong><\/p>\n\n\n\n<figure class=\"wp-block-image\"><img loading=\"lazy\" decoding=\"async\" width=\"300\" height=\"102\" src=\"https:\/\/dhg1h5j42swfq.cloudfront.net\/2019\/05\/29143052\/coruja-ficha-tecnica-300x1025.png\" alt=\"Ficha T\u00e9cnica concurso PCDF\" class=\"wp-image-380136\"\/><\/figure>\n\n\n\n<h3 class=\"wp-block-heading\" id=\"ficha\"><strong>Informa\u00e7\u00f5es do concurso <\/strong>SEJUF PR<\/h3>\n\n\n\n<p>\u25ba<strong>Data prevista<\/strong>&nbsp;<strong>da prova:&nbsp;<\/strong>Suspensa por tempo indeterminado  <br \/>\u25ba<strong>Vagas<\/strong>: 69<br \/>\u25ba<strong>Cargos<\/strong>: Diversos cargos <br \/>\u25ba<strong>Banca<\/strong>: <strong>IBFC<\/strong> <br \/>\u25ba<strong>Escolaridade<\/strong>: N\u00edvel m\u00e9dio, t\u00e9cnico e superior<br \/>\u25ba<strong><a href=\"https:\/\/dhg1h5j42swfq.cloudfront.net\/2020\/02\/29105204\/SEFUJ-PR-edital-1.pdf\">Edital SEFUJ PR<\/a><\/strong><\/p>\n","protected":false},"excerpt":{"rendered":"<p>Foi divulgada a suspens\u00e3o das etapas de provas do concurso SEJUF PR (Secretaria de Estado da Justi\u00e7a, Fam\u00edlia e Trabalho do Paran\u00e1), com oferta de 69 vagas imediatas e forma\u00e7\u00e3o de cadastro reserva, para cargos de n\u00edvel m\u00e9dio, t\u00e9cnico e superior. A medida foi tomada devido ao risco de propaga\u00e7\u00e3o que a Covid-19 (novo coronav\u00edrus) [&hellip;]<\/p>\n","protected":false},"author":1,"featured_media":0,"comment_status":"open","ping_status":"closed","sticky":false,"template":"","format":"standard","meta":{"post_tipo":"news","footnotes":""},"categories":[1],"tags":[],"tax_estado":[],"class_list":["post-487057","post","type-post","status-publish","format-standard","hentry","category-cursos-e-concursos"],"acf":[],"yoast_head":"<!-- This site is optimized with the Yoast SEO Premium plugin v27.2 (Yoast SEO v27.2) - https:\/\/yoast.com\/product\/yoast-seo-premium-wordpress\/ -->\n<title>Concurso SEJUF PR: etapas de provas s\u00e3o suspensas; diversos n\u00edveis<\/title>\n<meta name=\"description\" content=\"Foi publicado o edital do SEFUJ (Secretaria de Estado da Justi\u00e7a, Fam\u00edlia e Trabalho do Paran\u00e1), com oferta de 69 vagas imediatas.\" \/>\n<meta name=\"robots\" content=\"index, follow, max-snippet:-1, max-image-preview:large, max-video-preview:-1\" \/>\n<link rel=\"canonical\" href=\"https:\/\/www.estrategiaconcursos.com.br\/blog\/concurso-sejuf-pr\/\" \/>\n<meta property=\"og:locale\" content=\"pt_BR\" \/>\n<meta property=\"og:type\" content=\"article\" \/>\n<meta property=\"og:title\" content=\"Concurso SEJUF PR: etapas de provas s\u00e3o suspensas; diversos n\u00edveis\" \/>\n<meta property=\"og:description\" content=\"Foi publicado o edital do SEFUJ (Secretaria de Estado da Justi\u00e7a, Fam\u00edlia e Trabalho do Paran\u00e1), com oferta de 69 vagas imediatas.\" \/>\n<meta property=\"og:url\" content=\"https:\/\/www.estrategiaconcursos.com.br\/blog\/concurso-sejuf-pr\/\" \/>\n<meta property=\"og:site_name\" content=\"Estrat\u00e9gia Concursos\" \/>\n<meta property=\"article:author\" content=\"https:\/\/www.facebook.com\/EstrategiaConcursos\" \/>\n<meta property=\"article:published_time\" content=\"2020-03-30T15:30:00+00:00\" \/>\n<meta property=\"article:modified_time\" content=\"2020-04-06T20:19:03+00:00\" \/>\n<meta property=\"og:image\" content=\"https:\/\/www.estrategiaconcursos.com.br\/blog\/wp-content\/uploads\/2020\/02\/image-181.png\" \/>\n<meta name=\"author\" content=\"Coordena\u00e7\u00e3o\" \/>\n<meta name=\"twitter:card\" content=\"summary_large_image\" \/>\n<meta name=\"twitter:creator\" content=\"@EstratConcursos\" \/>\n<meta name=\"twitter:site\" content=\"@EstratConcursos\" \/>\n<meta name=\"twitter:label1\" content=\"Escrito por\" \/>\n\t<meta name=\"twitter:data1\" content=\"Coordena\u00e7\u00e3o\" \/>\n\t<meta name=\"twitter:label2\" content=\"Est. tempo de leitura\" \/>\n\t<meta name=\"twitter:data2\" content=\"3 minutos\" \/>\n<script type=\"application\/ld+json\" class=\"yoast-schema-graph\">{\"@context\":\"https:\/\/schema.org\",\"@graph\":[{\"@type\":\"NewsArticle\",\"@id\":\"https:\/\/www.estrategiaconcursos.com.br\/blog\/concurso-sejuf-pr\/#article\",\"isPartOf\":{\"@id\":\"https:\/\/www.estrategiaconcursos.com.br\/blog\/concurso-sejuf-pr\/\"},\"author\":{\"name\":\"Coordena\u00e7\u00e3o\",\"@id\":\"https:\/\/www.estrategiaconcursos.com.br\/blog\/#\/schema\/person\/b4a388c97673c5f483d72185668afa1f\"},\"headline\":\"Concurso SEJUF PR: etapas de provas s\u00e3o suspensas; diversos n\u00edveis\",\"datePublished\":\"2020-03-30T15:30:00+00:00\",\"dateModified\":\"2020-04-06T20:19:03+00:00\",\"mainEntityOfPage\":{\"@id\":\"https:\/\/www.estrategiaconcursos.com.br\/blog\/concurso-sejuf-pr\/\"},\"wordCount\":566,\"commentCount\":0,\"publisher\":{\"@id\":\"https:\/\/www.estrategiaconcursos.com.br\/blog\/#organization\"},\"image\":{\"@id\":\"https:\/\/www.estrategiaconcursos.com.br\/blog\/concurso-sejuf-pr\/#primaryimage\"},\"thumbnailUrl\":\"https:\/\/www.estrategiaconcursos.com.br\/blog\/wp-content\/uploads\/2020\/02\/image-181.png\",\"articleSection\":[\"Concursos P\u00fablicos\"],\"inLanguage\":\"pt-BR\",\"potentialAction\":[{\"@type\":\"CommentAction\",\"name\":\"Comment\",\"target\":[\"https:\/\/www.estrategiaconcursos.com.br\/blog\/concurso-sejuf-pr\/#respond\"]}],\"copyrightYear\":\"2020\",\"copyrightHolder\":{\"@id\":\"https:\/\/www.estrategiaconcursos.com.br\/blog\/#organization\"}},{\"@type\":\"WebPage\",\"@id\":\"https:\/\/www.estrategiaconcursos.com.br\/blog\/concurso-sejuf-pr\/\",\"url\":\"https:\/\/www.estrategiaconcursos.com.br\/blog\/concurso-sejuf-pr\/\",\"name\":\"Concurso SEJUF PR: etapas de provas s\u00e3o suspensas; diversos n\u00edveis\",\"isPartOf\":{\"@id\":\"https:\/\/www.estrategiaconcursos.com.br\/blog\/#website\"},\"primaryImageOfPage\":{\"@id\":\"https:\/\/www.estrategiaconcursos.com.br\/blog\/concurso-sejuf-pr\/#primaryimage\"},\"image\":{\"@id\":\"https:\/\/www.estrategiaconcursos.com.br\/blog\/concurso-sejuf-pr\/#primaryimage\"},\"thumbnailUrl\":\"https:\/\/www.estrategiaconcursos.com.br\/blog\/wp-content\/uploads\/2020\/02\/image-181.png\",\"datePublished\":\"2020-03-30T15:30:00+00:00\",\"dateModified\":\"2020-04-06T20:19:03+00:00\",\"description\":\"Foi publicado o edital do SEFUJ (Secretaria de Estado da Justi\u00e7a, Fam\u00edlia e Trabalho do Paran\u00e1), com oferta de 69 vagas imediatas.\",\"breadcrumb\":{\"@id\":\"https:\/\/www.estrategiaconcursos.com.br\/blog\/concurso-sejuf-pr\/#breadcrumb\"},\"inLanguage\":\"pt-BR\",\"potentialAction\":[{\"@type\":\"ReadAction\",\"target\":[\"https:\/\/www.estrategiaconcursos.com.br\/blog\/concurso-sejuf-pr\/\"]}]},{\"@type\":\"ImageObject\",\"inLanguage\":\"pt-BR\",\"@id\":\"https:\/\/www.estrategiaconcursos.com.br\/blog\/concurso-sejuf-pr\/#primaryimage\",\"url\":\"https:\/\/dhg1h5j42swfq.cloudfront.net\/2020\/02\/29103706\/image-181.png\",\"contentUrl\":\"https:\/\/dhg1h5j42swfq.cloudfront.net\/2020\/02\/29103706\/image-181.png\",\"width\":683,\"height\":161},{\"@type\":\"BreadcrumbList\",\"@id\":\"https:\/\/www.estrategiaconcursos.com.br\/blog\/concurso-sejuf-pr\/#breadcrumb\",\"itemListElement\":[{\"@type\":\"ListItem\",\"position\":1,\"name\":\"In\u00edcio\",\"item\":\"https:\/\/www.estrategiaconcursos.com.br\/blog\/\"},{\"@type\":\"ListItem\",\"position\":2,\"name\":\"Concurso SEJUF PR: etapas de provas s\u00e3o suspensas; diversos n\u00edveis\"}]},{\"@type\":\"WebSite\",\"@id\":\"https:\/\/www.estrategiaconcursos.com.br\/blog\/#website\",\"url\":\"https:\/\/www.estrategiaconcursos.com.br\/blog\/\",\"name\":\"Estrat\u00e9gia Concursos\",\"description\":\"O blog da Estrat\u00e9gia Concursos traz not\u00edcias sobre concursos e artigos de professores oferecendo cursos para concursos (pdf + videaulas) no site.\",\"publisher\":{\"@id\":\"https:\/\/www.estrategiaconcursos.com.br\/blog\/#organization\"},\"potentialAction\":[{\"@type\":\"SearchAction\",\"target\":{\"@type\":\"EntryPoint\",\"urlTemplate\":\"https:\/\/www.estrategiaconcursos.com.br\/blog\/?s={search_term_string}\"},\"query-input\":{\"@type\":\"PropertyValueSpecification\",\"valueRequired\":true,\"valueName\":\"search_term_string\"}}],\"inLanguage\":\"pt-BR\"},{\"@type\":\"Organization\",\"@id\":\"https:\/\/www.estrategiaconcursos.com.br\/blog\/#organization\",\"name\":\"Estrat\u00e9gia Concursos\",\"url\":\"https:\/\/www.estrategiaconcursos.com.br\/blog\/\",\"logo\":{\"@type\":\"ImageObject\",\"inLanguage\":\"pt-BR\",\"@id\":\"https:\/\/www.estrategiaconcursos.com.br\/blog\/#\/schema\/logo\/image\/\",\"url\":\"https:\/\/dhg1h5j42swfq.cloudfront.net\/2025\/06\/03203428\/logo_concursos-1.jpg\",\"contentUrl\":\"https:\/\/dhg1h5j42swfq.cloudfront.net\/2025\/06\/03203428\/logo_concursos-1.jpg\",\"width\":230,\"height\":60,\"caption\":\"Estrat\u00e9gia Concursos\"},\"image\":{\"@id\":\"https:\/\/www.estrategiaconcursos.com.br\/blog\/#\/schema\/logo\/image\/\"},\"sameAs\":[\"https:\/\/x.com\/EstratConcursos\"]},{\"@type\":\"Person\",\"@id\":\"https:\/\/www.estrategiaconcursos.com.br\/blog\/#\/schema\/person\/b4a388c97673c5f483d72185668afa1f\",\"name\":\"Coordena\u00e7\u00e3o\",\"image\":{\"@type\":\"ImageObject\",\"inLanguage\":\"pt-BR\",\"@id\":\"https:\/\/secure.gravatar.com\/avatar\/b720319e4c9a967eb58678d110f4fe35452fc5d5f97b202bac7b8acceb18c6ad?s=96&d=mm&r=g\",\"url\":\"https:\/\/secure.gravatar.com\/avatar\/b720319e4c9a967eb58678d110f4fe35452fc5d5f97b202bac7b8acceb18c6ad?s=96&d=mm&r=g\",\"contentUrl\":\"https:\/\/secure.gravatar.com\/avatar\/b720319e4c9a967eb58678d110f4fe35452fc5d5f97b202bac7b8acceb18c6ad?s=96&d=mm&r=g\",\"caption\":\"Coordena\u00e7\u00e3o\"},\"sameAs\":[\"https:\/\/www.facebook.com\/EstrategiaConcursos\",\"https:\/\/x.com\/EstratConcursos\"],\"url\":\"https:\/\/www.estrategiaconcursos.com.br\/blog\/author\/estrategia2013\/\"}]}<\/script>\n<!-- \/ Yoast SEO Premium plugin. -->","yoast_head_json":{"title":"Concurso SEJUF PR: etapas de provas s\u00e3o suspensas; diversos n\u00edveis","description":"Foi publicado o edital do SEFUJ (Secretaria de Estado da Justi\u00e7a, Fam\u00edlia e Trabalho do Paran\u00e1), com oferta de 69 vagas imediatas.","robots":{"index":"index","follow":"follow","max-snippet":"max-snippet:-1","max-image-preview":"max-image-preview:large","max-video-preview":"max-video-preview:-1"},"canonical":"https:\/\/www.estrategiaconcursos.com.br\/blog\/concurso-sejuf-pr\/","og_locale":"pt_BR","og_type":"article","og_title":"Concurso SEJUF PR: etapas de provas s\u00e3o suspensas; diversos n\u00edveis","og_description":"Foi publicado o edital do SEFUJ (Secretaria de Estado da Justi\u00e7a, Fam\u00edlia e Trabalho do Paran\u00e1), com oferta de 69 vagas imediatas.","og_url":"https:\/\/www.estrategiaconcursos.com.br\/blog\/concurso-sejuf-pr\/","og_site_name":"Estrat\u00e9gia Concursos","article_author":"https:\/\/www.facebook.com\/EstrategiaConcursos","article_published_time":"2020-03-30T15:30:00+00:00","article_modified_time":"2020-04-06T20:19:03+00:00","og_image":[{"url":"https:\/\/www.estrategiaconcursos.com.br\/blog\/wp-content\/uploads\/2020\/02\/image-181.png","type":"","width":"","height":""}],"author":"Coordena\u00e7\u00e3o","twitter_card":"summary_large_image","twitter_creator":"@EstratConcursos","twitter_site":"@EstratConcursos","twitter_misc":{"Escrito por":"Coordena\u00e7\u00e3o","Est. tempo de leitura":"3 minutos"},"schema":{"@context":"https:\/\/schema.org","@graph":[{"@type":"NewsArticle","@id":"https:\/\/www.estrategiaconcursos.com.br\/blog\/concurso-sejuf-pr\/#article","isPartOf":{"@id":"https:\/\/www.estrategiaconcursos.com.br\/blog\/concurso-sejuf-pr\/"},"author":{"name":"Coordena\u00e7\u00e3o","@id":"https:\/\/www.estrategiaconcursos.com.br\/blog\/#\/schema\/person\/b4a388c97673c5f483d72185668afa1f"},"headline":"Concurso SEJUF PR: etapas de provas s\u00e3o suspensas; diversos n\u00edveis","datePublished":"2020-03-30T15:30:00+00:00","dateModified":"2020-04-06T20:19:03+00:00","mainEntityOfPage":{"@id":"https:\/\/www.estrategiaconcursos.com.br\/blog\/concurso-sejuf-pr\/"},"wordCount":566,"commentCount":0,"publisher":{"@id":"https:\/\/www.estrategiaconcursos.com.br\/blog\/#organization"},"image":{"@id":"https:\/\/www.estrategiaconcursos.com.br\/blog\/concurso-sejuf-pr\/#primaryimage"},"thumbnailUrl":"https:\/\/www.estrategiaconcursos.com.br\/blog\/wp-content\/uploads\/2020\/02\/image-181.png","articleSection":["Concursos P\u00fablicos"],"inLanguage":"pt-BR","potentialAction":[{"@type":"CommentAction","name":"Comment","target":["https:\/\/www.estrategiaconcursos.com.br\/blog\/concurso-sejuf-pr\/#respond"]}],"copyrightYear":"2020","copyrightHolder":{"@id":"https:\/\/www.estrategiaconcursos.com.br\/blog\/#organization"}},{"@type":"WebPage","@id":"https:\/\/www.estrategiaconcursos.com.br\/blog\/concurso-sejuf-pr\/","url":"https:\/\/www.estrategiaconcursos.com.br\/blog\/concurso-sejuf-pr\/","name":"Concurso SEJUF PR: etapas de provas s\u00e3o suspensas; diversos n\u00edveis","isPartOf":{"@id":"https:\/\/www.estrategiaconcursos.com.br\/blog\/#website"},"primaryImageOfPage":{"@id":"https:\/\/www.estrategiaconcursos.com.br\/blog\/concurso-sejuf-pr\/#primaryimage"},"image":{"@id":"https:\/\/www.estrategiaconcursos.com.br\/blog\/concurso-sejuf-pr\/#primaryimage"},"thumbnailUrl":"https:\/\/www.estrategiaconcursos.com.br\/blog\/wp-content\/uploads\/2020\/02\/image-181.png","datePublished":"2020-03-30T15:30:00+00:00","dateModified":"2020-04-06T20:19:03+00:00","description":"Foi publicado o edital do SEFUJ (Secretaria de Estado da Justi\u00e7a, Fam\u00edlia e Trabalho do Paran\u00e1), com oferta de 69 vagas imediatas.","breadcrumb":{"@id":"https:\/\/www.estrategiaconcursos.com.br\/blog\/concurso-sejuf-pr\/#breadcrumb"},"inLanguage":"pt-BR","potentialAction":[{"@type":"ReadAction","target":["https:\/\/www.estrategiaconcursos.com.br\/blog\/concurso-sejuf-pr\/"]}]},{"@type":"ImageObject","inLanguage":"pt-BR","@id":"https:\/\/www.estrategiaconcursos.com.br\/blog\/concurso-sejuf-pr\/#primaryimage","url":"https:\/\/dhg1h5j42swfq.cloudfront.net\/2020\/02\/29103706\/image-181.png","contentUrl":"https:\/\/dhg1h5j42swfq.cloudfront.net\/2020\/02\/29103706\/image-181.png","width":683,"height":161},{"@type":"BreadcrumbList","@id":"https:\/\/www.estrategiaconcursos.com.br\/blog\/concurso-sejuf-pr\/#breadcrumb","itemListElement":[{"@type":"ListItem","position":1,"name":"In\u00edcio","item":"https:\/\/www.estrategiaconcursos.com.br\/blog\/"},{"@type":"ListItem","position":2,"name":"Concurso SEJUF PR: etapas de provas s\u00e3o suspensas; diversos n\u00edveis"}]},{"@type":"WebSite","@id":"https:\/\/www.estrategiaconcursos.com.br\/blog\/#website","url":"https:\/\/www.estrategiaconcursos.com.br\/blog\/","name":"Estrat\u00e9gia Concursos","description":"O blog da Estrat\u00e9gia Concursos traz not\u00edcias sobre concursos e artigos de professores oferecendo cursos para concursos (pdf + videaulas) no site.","publisher":{"@id":"https:\/\/www.estrategiaconcursos.com.br\/blog\/#organization"},"potentialAction":[{"@type":"SearchAction","target":{"@type":"EntryPoint","urlTemplate":"https:\/\/www.estrategiaconcursos.com.br\/blog\/?s={search_term_string}"},"query-input":{"@type":"PropertyValueSpecification","valueRequired":true,"valueName":"search_term_string"}}],"inLanguage":"pt-BR"},{"@type":"Organization","@id":"https:\/\/www.estrategiaconcursos.com.br\/blog\/#organization","name":"Estrat\u00e9gia Concursos","url":"https:\/\/www.estrategiaconcursos.com.br\/blog\/","logo":{"@type":"ImageObject","inLanguage":"pt-BR","@id":"https:\/\/www.estrategiaconcursos.com.br\/blog\/#\/schema\/logo\/image\/","url":"https:\/\/dhg1h5j42swfq.cloudfront.net\/2025\/06\/03203428\/logo_concursos-1.jpg","contentUrl":"https:\/\/dhg1h5j42swfq.cloudfront.net\/2025\/06\/03203428\/logo_concursos-1.jpg","width":230,"height":60,"caption":"Estrat\u00e9gia Concursos"},"image":{"@id":"https:\/\/www.estrategiaconcursos.com.br\/blog\/#\/schema\/logo\/image\/"},"sameAs":["https:\/\/x.com\/EstratConcursos"]},{"@type":"Person","@id":"https:\/\/www.estrategiaconcursos.com.br\/blog\/#\/schema\/person\/b4a388c97673c5f483d72185668afa1f","name":"Coordena\u00e7\u00e3o","image":{"@type":"ImageObject","inLanguage":"pt-BR","@id":"https:\/\/secure.gravatar.com\/avatar\/b720319e4c9a967eb58678d110f4fe35452fc5d5f97b202bac7b8acceb18c6ad?s=96&d=mm&r=g","url":"https:\/\/secure.gravatar.com\/avatar\/b720319e4c9a967eb58678d110f4fe35452fc5d5f97b202bac7b8acceb18c6ad?s=96&d=mm&r=g","contentUrl":"https:\/\/secure.gravatar.com\/avatar\/b720319e4c9a967eb58678d110f4fe35452fc5d5f97b202bac7b8acceb18c6ad?s=96&d=mm&r=g","caption":"Coordena\u00e7\u00e3o"},"sameAs":["https:\/\/www.facebook.com\/EstrategiaConcursos","https:\/\/x.com\/EstratConcursos"],"url":"https:\/\/www.estrategiaconcursos.com.br\/blog\/author\/estrategia2013\/"}]}},"_links":{"self":[{"href":"https:\/\/www.estrategiaconcursos.com.br\/blog\/wp-json\/wp\/v2\/posts\/487057","targetHints":{"allow":["GET"]}}],"collection":[{"href":"https:\/\/www.estrategiaconcursos.com.br\/blog\/wp-json\/wp\/v2\/posts"}],"about":[{"href":"https:\/\/www.estrategiaconcursos.com.br\/blog\/wp-json\/wp\/v2\/types\/post"}],"author":[{"embeddable":true,"href":"https:\/\/www.estrategiaconcursos.com.br\/blog\/wp-json\/wp\/v2\/users\/1"}],"replies":[{"embeddable":true,"href":"https:\/\/www.estrategiaconcursos.com.br\/blog\/wp-json\/wp\/v2\/comments?post=487057"}],"version-history":[{"count":9,"href":"https:\/\/www.estrategiaconcursos.com.br\/blog\/wp-json\/wp\/v2\/posts\/487057\/revisions"}],"predecessor-version":[{"id":498139,"href":"https:\/\/www.estrategiaconcursos.com.br\/blog\/wp-json\/wp\/v2\/posts\/487057\/revisions\/498139"}],"wp:attachment":[{"href":"https:\/\/www.estrategiaconcursos.com.br\/blog\/wp-json\/wp\/v2\/media?parent=487057"}],"wp:term":[{"taxonomy":"category","embeddable":true,"href":"https:\/\/www.estrategiaconcursos.com.br\/blog\/wp-json\/wp\/v2\/categories?post=487057"},{"taxonomy":"post_tag","embeddable":true,"href":"https:\/\/www.estrategiaconcursos.com.br\/blog\/wp-json\/wp\/v2\/tags?post=487057"},{"taxonomy":"tax_estado","embeddable":true,"href":"https:\/\/www.estrategiaconcursos.com.br\/blog\/wp-json\/wp\/v2\/tax_estado?post=487057"}],"curies":[{"name":"wp","href":"https:\/\/api.w.org\/{rel}","templated":true}]}}