{"id":486486,"date":"2020-02-28T15:41:00","date_gmt":"2020-02-28T18:41:00","guid":{"rendered":"https:\/\/www.estrategiaconcursos.com.br\/blog\/?p=486486"},"modified":"2023-06-07T11:34:57","modified_gmt":"2023-06-07T14:34:57","slug":"12a-maratona-pcdf-apocalipse-redacao-na-pratica","status":"publish","type":"post","link":"https:\/\/www.estrategiaconcursos.com.br\/blog\/12a-maratona-pcdf-apocalipse-redacao-na-pratica\/","title":{"rendered":"12\u00aa Maratona PCDF: Apocalipse \u2013 Reda\u00e7\u00e3o na Pr\u00e1tica. Gabarite a prova!"},"content":{"rendered":"\n<p>A prova do concurso PCDF 2020 para o cargo de Escriv\u00e3o est\u00e1 cada vez mais perto!<\/p>\n\n\n\n<p>Prevista para o dia 15 de mar\u00e7o, \u00e9 imprescind\u00edvel que voc\u00ea reforce todo seu conhecimento e resolu\u00e7\u00e3o de quest\u00f5es \u00e9 uma \u00f3tima oportunidade para voc\u00ea reconhecer suas for\u00e7as e fraquezas nas disciplinas que ser\u00e3o exigidas.<\/p>\n\n\n\n<p>Pensando nisso, O Estrat\u00e9gia Concursos realizar\u00e1 n<strong>o domingo, 01 de mar\u00e7o, <\/strong>a 12\u00aa Maratona PCDF &#8211; Apocalipse \u2013 Reda\u00e7\u00e3o na Pr\u00e1tica.<\/p>\n\n\n\n<p>Confira a programa\u00e7\u00e3o abaixo e se organize para participar!<\/p>\n\n\n\n<p><strong><span style=\"text-decoration: underline;\">Cronograma<\/span><\/strong><\/p>\n\n\n\n<p class=\"has-very-light-gray-background-color has-background\"> <em>8:00 &#8211; 10:00 Reda\u00e7\u00e3o Parte 1 &#8211; prof. Janaina Arruda<br \/>10:00 &#8211; 12:00 Reda\u00e7\u00e3o Parte 2 &#8211; prof. Rodolfo Gracioli<br \/>13:00 &#8211; 15:00 Reda\u00e7\u00e3o Parte 3 &#8211; prof. Raphael Reis <br \/>15:00 &#8211; 17:00 Reda\u00e7\u00e3o Parte 4 &#8211; prof. Maria Celina<\/em><\/p>\n\n\n\n<p class=\"has-text-align-center\"><strong><a href=\"https:\/\/www.youtube.com\/channel\/UChvwkhC3eHxJsVxW_ItDjdA\">Acompanhe tudo no canal do Estrat\u00e9gia Concursos no Youtube!<\/a><\/strong><\/p>\n\n\n\n<p class=\"has-text-align-center\"><strong><em>Quer estudar para Concurso PCDF?<\/em><\/strong><\/p>\n\n\n\n<p class=\"has-text-align-center\"><em><strong>Gostou desta oportunidade e deseja come\u00e7ar se preparar agora mesmo? Ent\u00e3o, confira os nossos cursos e comece a estudar para o concurso PC DF:<\/strong><\/em><\/p>\n\n\n\n<p class=\"has-text-align-center has-luminous-vivid-amber-background-color has-background\" style=\"font-size:clamp(16.293px, 1.018rem + ((1vw - 3.2px) * 0.854), 25px);px\"><a rel=\"noreferrer noopener\" href=\"https:\/\/www.estrategiaconcursos.com.br\/cursosPorConcurso\/policia-civil-do-distrito-federal-pc-df\/\" target=\"_blank\"><strong>CURSO PCDF<\/strong><\/a><\/p>\n\n\n\n<p class=\"has-text-align-center\"><em><strong>Assinatura Anual Ilimitada*<\/strong><\/em><\/p>\n\n\n\n<p class=\"has-text-align-center\"><em>Prepare-se com o melhor material e com quem mais aprova em Concursos P\u00fablicos em todo o pa\u00eds. Assine agora a nossa Assinatura Anual e tenha acesso ilimitado* a todos os nossos cursos.<\/em><\/p>\n\n\n\n<p class=\"has-text-align-center has-light-green-cyan-background-color has-background\" style=\"font-size:clamp(16.293px, 1.018rem + ((1vw - 3.2px) * 0.854), 25px);px\"><strong>ASSINE AGORA<\/strong>&nbsp;\u2013&nbsp;<a href=\"https:\/\/www.estrategiaconcursos.com.br\/assinaturas\/\" target=\"_blank\" rel=\"noreferrer noopener\">Assinatura Ilimitada<\/a><\/p>\n\n\n\n<p class=\"has-text-align-center has-pale-cyan-blue-background-color has-background\" style=\"font-size:clamp(16.293px, 1.018rem + ((1vw - 3.2px) * 0.854), 25px);px\"><strong><a href=\"https:\/\/www.estrategiaconcursos.com.br\/blog\/concursos-abertos\/\">CONCURSOS ABERTOS<\/a><\/strong><\/p>\n","protected":false},"excerpt":{"rendered":"<p>A prova do concurso PCDF 2020 para o cargo de Escriv\u00e3o est\u00e1 cada vez mais perto! Prevista para o dia 15 de mar\u00e7o, \u00e9 imprescind\u00edvel que voc\u00ea reforce todo seu conhecimento e resolu\u00e7\u00e3o de quest\u00f5es \u00e9 uma \u00f3tima oportunidade para voc\u00ea reconhecer suas for\u00e7as e fraquezas nas disciplinas que ser\u00e3o exigidas. Pensando nisso, O Estrat\u00e9gia [&hellip;]<\/p>\n","protected":false},"author":552,"featured_media":482992,"comment_status":"open","ping_status":"closed","sticky":false,"template":"","format":"standard","meta":{"post_tipo":"article","footnotes":""},"categories":[1],"tags":[],"tax_estado":[],"class_list":["post-486486","post","type-post","status-publish","format-standard","has-post-thumbnail","hentry","category-cursos-e-concursos"],"acf":[],"yoast_head":"<!-- This site is optimized with the Yoast SEO Premium plugin v27.2 (Yoast SEO v27.2) - https:\/\/yoast.com\/product\/yoast-seo-premium-wordpress\/ -->\n<title>12\u00aa Maratona PCDF: Apocalipse \u2013 Reda\u00e7\u00e3o na Pr\u00e1tica. Gabarite a prova!<\/title>\n<meta name=\"robots\" content=\"index, follow, max-snippet:-1, max-image-preview:large, max-video-preview:-1\" \/>\n<link rel=\"canonical\" href=\"https:\/\/www.estrategiaconcursos.com.br\/blog\/12a-maratona-pcdf-apocalipse-redacao-na-pratica\/\" \/>\n<meta property=\"og:locale\" content=\"pt_BR\" \/>\n<meta property=\"og:type\" content=\"article\" \/>\n<meta property=\"og:title\" content=\"12\u00aa Maratona PCDF: Apocalipse \u2013 Reda\u00e7\u00e3o na Pr\u00e1tica. Gabarite a prova!\" \/>\n<meta property=\"og:description\" content=\"A prova do concurso PCDF 2020 para o cargo de Escriv\u00e3o est\u00e1 cada vez mais perto! Prevista para o dia 15 de mar\u00e7o, \u00e9 imprescind\u00edvel que voc\u00ea reforce todo seu conhecimento e resolu\u00e7\u00e3o de quest\u00f5es \u00e9 uma \u00f3tima oportunidade para voc\u00ea reconhecer suas for\u00e7as e fraquezas nas disciplinas que ser\u00e3o exigidas. Pensando nisso, O Estrat\u00e9gia [&hellip;]\" \/>\n<meta property=\"og:url\" content=\"https:\/\/www.estrategiaconcursos.com.br\/blog\/12a-maratona-pcdf-apocalipse-redacao-na-pratica\/\" \/>\n<meta property=\"og:site_name\" content=\"Estrat\u00e9gia Concursos\" \/>\n<meta property=\"article:published_time\" content=\"2020-02-28T18:41:00+00:00\" \/>\n<meta property=\"article:modified_time\" content=\"2023-06-07T14:34:57+00:00\" \/>\n<meta property=\"og:image\" content=\"https:\/\/dhg1h5j42swfq.cloudfront.net\/2020\/02\/17185025\/CONCUR2-e1588283328798.png\" \/>\n\t<meta property=\"og:image:width\" content=\"716\" \/>\n\t<meta property=\"og:image:height\" content=\"349\" \/>\n\t<meta property=\"og:image:type\" content=\"image\/png\" \/>\n<meta name=\"author\" content=\"Paulo Bilynskyj\" \/>\n<meta name=\"twitter:card\" content=\"summary_large_image\" \/>\n<meta name=\"twitter:creator\" content=\"@EstratConcursos\" \/>\n<meta name=\"twitter:site\" content=\"@EstratConcursos\" \/>\n<meta name=\"twitter:label1\" content=\"Escrito por\" \/>\n\t<meta name=\"twitter:data1\" content=\"Paulo Bilynskyj\" \/>\n\t<meta name=\"twitter:label2\" content=\"Est. tempo de leitura\" \/>\n\t<meta name=\"twitter:data2\" content=\"1 minuto\" \/>\n<script type=\"application\/ld+json\" class=\"yoast-schema-graph\">{\"@context\":\"https:\/\/schema.org\",\"@graph\":[{\"@type\":\"NewsArticle\",\"@id\":\"https:\/\/www.estrategiaconcursos.com.br\/blog\/12a-maratona-pcdf-apocalipse-redacao-na-pratica\/#article\",\"isPartOf\":{\"@id\":\"https:\/\/www.estrategiaconcursos.com.br\/blog\/12a-maratona-pcdf-apocalipse-redacao-na-pratica\/\"},\"author\":{\"name\":\"Paulo Bilynskyj\",\"@id\":\"https:\/\/www.estrategiaconcursos.com.br\/blog\/#\/schema\/person\/a630b15e36f45b4c21fed01219843cb5\"},\"headline\":\"12\u00aa Maratona PCDF: Apocalipse \u2013 Reda\u00e7\u00e3o na Pr\u00e1tica. Gabarite a prova!\",\"datePublished\":\"2020-02-28T18:41:00+00:00\",\"dateModified\":\"2023-06-07T14:34:57+00:00\",\"mainEntityOfPage\":{\"@id\":\"https:\/\/www.estrategiaconcursos.com.br\/blog\/12a-maratona-pcdf-apocalipse-redacao-na-pratica\/\"},\"wordCount\":218,\"commentCount\":0,\"publisher\":{\"@id\":\"https:\/\/www.estrategiaconcursos.com.br\/blog\/#organization\"},\"image\":{\"@id\":\"https:\/\/www.estrategiaconcursos.com.br\/blog\/12a-maratona-pcdf-apocalipse-redacao-na-pratica\/#primaryimage\"},\"thumbnailUrl\":\"https:\/\/dhg1h5j42swfq.cloudfront.net\/2020\/02\/17185025\/CONCUR2-e1588283328798.png\",\"articleSection\":[\"Concursos P\u00fablicos\"],\"inLanguage\":\"pt-BR\",\"potentialAction\":[{\"@type\":\"CommentAction\",\"name\":\"Comment\",\"target\":[\"https:\/\/www.estrategiaconcursos.com.br\/blog\/12a-maratona-pcdf-apocalipse-redacao-na-pratica\/#respond\"]}],\"copyrightYear\":\"2020\",\"copyrightHolder\":{\"@id\":\"https:\/\/www.estrategiaconcursos.com.br\/blog\/#organization\"}},{\"@type\":\"WebPage\",\"@id\":\"https:\/\/www.estrategiaconcursos.com.br\/blog\/12a-maratona-pcdf-apocalipse-redacao-na-pratica\/\",\"url\":\"https:\/\/www.estrategiaconcursos.com.br\/blog\/12a-maratona-pcdf-apocalipse-redacao-na-pratica\/\",\"name\":\"12\u00aa Maratona PCDF: Apocalipse \u2013 Reda\u00e7\u00e3o na Pr\u00e1tica. Gabarite a prova!\",\"isPartOf\":{\"@id\":\"https:\/\/www.estrategiaconcursos.com.br\/blog\/#website\"},\"primaryImageOfPage\":{\"@id\":\"https:\/\/www.estrategiaconcursos.com.br\/blog\/12a-maratona-pcdf-apocalipse-redacao-na-pratica\/#primaryimage\"},\"image\":{\"@id\":\"https:\/\/www.estrategiaconcursos.com.br\/blog\/12a-maratona-pcdf-apocalipse-redacao-na-pratica\/#primaryimage\"},\"thumbnailUrl\":\"https:\/\/dhg1h5j42swfq.cloudfront.net\/2020\/02\/17185025\/CONCUR2-e1588283328798.png\",\"datePublished\":\"2020-02-28T18:41:00+00:00\",\"dateModified\":\"2023-06-07T14:34:57+00:00\",\"breadcrumb\":{\"@id\":\"https:\/\/www.estrategiaconcursos.com.br\/blog\/12a-maratona-pcdf-apocalipse-redacao-na-pratica\/#breadcrumb\"},\"inLanguage\":\"pt-BR\",\"potentialAction\":[{\"@type\":\"ReadAction\",\"target\":[\"https:\/\/www.estrategiaconcursos.com.br\/blog\/12a-maratona-pcdf-apocalipse-redacao-na-pratica\/\"]}]},{\"@type\":\"ImageObject\",\"inLanguage\":\"pt-BR\",\"@id\":\"https:\/\/www.estrategiaconcursos.com.br\/blog\/12a-maratona-pcdf-apocalipse-redacao-na-pratica\/#primaryimage\",\"url\":\"https:\/\/dhg1h5j42swfq.cloudfront.net\/2020\/02\/17185025\/CONCUR2-e1588283328798.png\",\"contentUrl\":\"https:\/\/dhg1h5j42swfq.cloudfront.net\/2020\/02\/17185025\/CONCUR2-e1588283328798.png\",\"width\":716,\"height\":349,\"caption\":\"suspens\u00e3o do concurso pcdf\"},{\"@type\":\"BreadcrumbList\",\"@id\":\"https:\/\/www.estrategiaconcursos.com.br\/blog\/12a-maratona-pcdf-apocalipse-redacao-na-pratica\/#breadcrumb\",\"itemListElement\":[{\"@type\":\"ListItem\",\"position\":1,\"name\":\"In\u00edcio\",\"item\":\"https:\/\/www.estrategiaconcursos.com.br\/blog\/\"},{\"@type\":\"ListItem\",\"position\":2,\"name\":\"12\u00aa Maratona PCDF: Apocalipse \u2013 Reda\u00e7\u00e3o na Pr\u00e1tica. Gabarite a prova!\"}]},{\"@type\":\"WebSite\",\"@id\":\"https:\/\/www.estrategiaconcursos.com.br\/blog\/#website\",\"url\":\"https:\/\/www.estrategiaconcursos.com.br\/blog\/\",\"name\":\"Estrat\u00e9gia Concursos\",\"description\":\"O blog da Estrat\u00e9gia Concursos traz not\u00edcias sobre concursos e artigos de professores oferecendo cursos para concursos (pdf + videaulas) no site.\",\"publisher\":{\"@id\":\"https:\/\/www.estrategiaconcursos.com.br\/blog\/#organization\"},\"potentialAction\":[{\"@type\":\"SearchAction\",\"target\":{\"@type\":\"EntryPoint\",\"urlTemplate\":\"https:\/\/www.estrategiaconcursos.com.br\/blog\/?s={search_term_string}\"},\"query-input\":{\"@type\":\"PropertyValueSpecification\",\"valueRequired\":true,\"valueName\":\"search_term_string\"}}],\"inLanguage\":\"pt-BR\"},{\"@type\":\"Organization\",\"@id\":\"https:\/\/www.estrategiaconcursos.com.br\/blog\/#organization\",\"name\":\"Estrat\u00e9gia Concursos\",\"url\":\"https:\/\/www.estrategiaconcursos.com.br\/blog\/\",\"logo\":{\"@type\":\"ImageObject\",\"inLanguage\":\"pt-BR\",\"@id\":\"https:\/\/www.estrategiaconcursos.com.br\/blog\/#\/schema\/logo\/image\/\",\"url\":\"https:\/\/dhg1h5j42swfq.cloudfront.net\/2025\/06\/03203428\/logo_concursos-1.jpg\",\"contentUrl\":\"https:\/\/dhg1h5j42swfq.cloudfront.net\/2025\/06\/03203428\/logo_concursos-1.jpg\",\"width\":230,\"height\":60,\"caption\":\"Estrat\u00e9gia Concursos\"},\"image\":{\"@id\":\"https:\/\/www.estrategiaconcursos.com.br\/blog\/#\/schema\/logo\/image\/\"},\"sameAs\":[\"https:\/\/x.com\/EstratConcursos\"]},{\"@type\":\"Person\",\"@id\":\"https:\/\/www.estrategiaconcursos.com.br\/blog\/#\/schema\/person\/a630b15e36f45b4c21fed01219843cb5\",\"name\":\"Paulo Bilynskyj\",\"image\":{\"@type\":\"ImageObject\",\"inLanguage\":\"pt-BR\",\"@id\":\"https:\/\/secure.gravatar.com\/avatar\/37e21f70c9042e7456beffdc6d31fe051f3f6dcbf252f69343a791b144852057?s=96&d=mm&r=g\",\"url\":\"https:\/\/secure.gravatar.com\/avatar\/37e21f70c9042e7456beffdc6d31fe051f3f6dcbf252f69343a791b144852057?s=96&d=mm&r=g\",\"contentUrl\":\"https:\/\/secure.gravatar.com\/avatar\/37e21f70c9042e7456beffdc6d31fe051f3f6dcbf252f69343a791b144852057?s=96&d=mm&r=g\",\"caption\":\"Paulo Bilynskyj\"},\"url\":\"https:\/\/www.estrategiaconcursos.com.br\/blog\/author\/pbilynskyjgmail-com\/\"}]}<\/script>\n<!-- \/ Yoast SEO Premium plugin. -->","yoast_head_json":{"title":"12\u00aa Maratona PCDF: Apocalipse \u2013 Reda\u00e7\u00e3o na Pr\u00e1tica. Gabarite a prova!","robots":{"index":"index","follow":"follow","max-snippet":"max-snippet:-1","max-image-preview":"max-image-preview:large","max-video-preview":"max-video-preview:-1"},"canonical":"https:\/\/www.estrategiaconcursos.com.br\/blog\/12a-maratona-pcdf-apocalipse-redacao-na-pratica\/","og_locale":"pt_BR","og_type":"article","og_title":"12\u00aa Maratona PCDF: Apocalipse \u2013 Reda\u00e7\u00e3o na Pr\u00e1tica. Gabarite a prova!","og_description":"A prova do concurso PCDF 2020 para o cargo de Escriv\u00e3o est\u00e1 cada vez mais perto! Prevista para o dia 15 de mar\u00e7o, \u00e9 imprescind\u00edvel que voc\u00ea reforce todo seu conhecimento e resolu\u00e7\u00e3o de quest\u00f5es \u00e9 uma \u00f3tima oportunidade para voc\u00ea reconhecer suas for\u00e7as e fraquezas nas disciplinas que ser\u00e3o exigidas. Pensando nisso, O Estrat\u00e9gia [&hellip;]","og_url":"https:\/\/www.estrategiaconcursos.com.br\/blog\/12a-maratona-pcdf-apocalipse-redacao-na-pratica\/","og_site_name":"Estrat\u00e9gia Concursos","article_published_time":"2020-02-28T18:41:00+00:00","article_modified_time":"2023-06-07T14:34:57+00:00","og_image":[{"width":716,"height":349,"url":"https:\/\/dhg1h5j42swfq.cloudfront.net\/2020\/02\/17185025\/CONCUR2-e1588283328798.png","type":"image\/png"}],"author":"Paulo Bilynskyj","twitter_card":"summary_large_image","twitter_creator":"@EstratConcursos","twitter_site":"@EstratConcursos","twitter_misc":{"Escrito por":"Paulo Bilynskyj","Est. tempo de leitura":"1 minuto"},"schema":{"@context":"https:\/\/schema.org","@graph":[{"@type":"NewsArticle","@id":"https:\/\/www.estrategiaconcursos.com.br\/blog\/12a-maratona-pcdf-apocalipse-redacao-na-pratica\/#article","isPartOf":{"@id":"https:\/\/www.estrategiaconcursos.com.br\/blog\/12a-maratona-pcdf-apocalipse-redacao-na-pratica\/"},"author":{"name":"Paulo Bilynskyj","@id":"https:\/\/www.estrategiaconcursos.com.br\/blog\/#\/schema\/person\/a630b15e36f45b4c21fed01219843cb5"},"headline":"12\u00aa Maratona PCDF: Apocalipse \u2013 Reda\u00e7\u00e3o na Pr\u00e1tica. Gabarite a prova!","datePublished":"2020-02-28T18:41:00+00:00","dateModified":"2023-06-07T14:34:57+00:00","mainEntityOfPage":{"@id":"https:\/\/www.estrategiaconcursos.com.br\/blog\/12a-maratona-pcdf-apocalipse-redacao-na-pratica\/"},"wordCount":218,"commentCount":0,"publisher":{"@id":"https:\/\/www.estrategiaconcursos.com.br\/blog\/#organization"},"image":{"@id":"https:\/\/www.estrategiaconcursos.com.br\/blog\/12a-maratona-pcdf-apocalipse-redacao-na-pratica\/#primaryimage"},"thumbnailUrl":"https:\/\/dhg1h5j42swfq.cloudfront.net\/2020\/02\/17185025\/CONCUR2-e1588283328798.png","articleSection":["Concursos P\u00fablicos"],"inLanguage":"pt-BR","potentialAction":[{"@type":"CommentAction","name":"Comment","target":["https:\/\/www.estrategiaconcursos.com.br\/blog\/12a-maratona-pcdf-apocalipse-redacao-na-pratica\/#respond"]}],"copyrightYear":"2020","copyrightHolder":{"@id":"https:\/\/www.estrategiaconcursos.com.br\/blog\/#organization"}},{"@type":"WebPage","@id":"https:\/\/www.estrategiaconcursos.com.br\/blog\/12a-maratona-pcdf-apocalipse-redacao-na-pratica\/","url":"https:\/\/www.estrategiaconcursos.com.br\/blog\/12a-maratona-pcdf-apocalipse-redacao-na-pratica\/","name":"12\u00aa Maratona PCDF: Apocalipse \u2013 Reda\u00e7\u00e3o na Pr\u00e1tica. Gabarite a prova!","isPartOf":{"@id":"https:\/\/www.estrategiaconcursos.com.br\/blog\/#website"},"primaryImageOfPage":{"@id":"https:\/\/www.estrategiaconcursos.com.br\/blog\/12a-maratona-pcdf-apocalipse-redacao-na-pratica\/#primaryimage"},"image":{"@id":"https:\/\/www.estrategiaconcursos.com.br\/blog\/12a-maratona-pcdf-apocalipse-redacao-na-pratica\/#primaryimage"},"thumbnailUrl":"https:\/\/dhg1h5j42swfq.cloudfront.net\/2020\/02\/17185025\/CONCUR2-e1588283328798.png","datePublished":"2020-02-28T18:41:00+00:00","dateModified":"2023-06-07T14:34:57+00:00","breadcrumb":{"@id":"https:\/\/www.estrategiaconcursos.com.br\/blog\/12a-maratona-pcdf-apocalipse-redacao-na-pratica\/#breadcrumb"},"inLanguage":"pt-BR","potentialAction":[{"@type":"ReadAction","target":["https:\/\/www.estrategiaconcursos.com.br\/blog\/12a-maratona-pcdf-apocalipse-redacao-na-pratica\/"]}]},{"@type":"ImageObject","inLanguage":"pt-BR","@id":"https:\/\/www.estrategiaconcursos.com.br\/blog\/12a-maratona-pcdf-apocalipse-redacao-na-pratica\/#primaryimage","url":"https:\/\/dhg1h5j42swfq.cloudfront.net\/2020\/02\/17185025\/CONCUR2-e1588283328798.png","contentUrl":"https:\/\/dhg1h5j42swfq.cloudfront.net\/2020\/02\/17185025\/CONCUR2-e1588283328798.png","width":716,"height":349,"caption":"suspens\u00e3o do concurso pcdf"},{"@type":"BreadcrumbList","@id":"https:\/\/www.estrategiaconcursos.com.br\/blog\/12a-maratona-pcdf-apocalipse-redacao-na-pratica\/#breadcrumb","itemListElement":[{"@type":"ListItem","position":1,"name":"In\u00edcio","item":"https:\/\/www.estrategiaconcursos.com.br\/blog\/"},{"@type":"ListItem","position":2,"name":"12\u00aa Maratona PCDF: Apocalipse \u2013 Reda\u00e7\u00e3o na Pr\u00e1tica. Gabarite a prova!"}]},{"@type":"WebSite","@id":"https:\/\/www.estrategiaconcursos.com.br\/blog\/#website","url":"https:\/\/www.estrategiaconcursos.com.br\/blog\/","name":"Estrat\u00e9gia Concursos","description":"O blog da Estrat\u00e9gia Concursos traz not\u00edcias sobre concursos e artigos de professores oferecendo cursos para concursos (pdf + videaulas) no site.","publisher":{"@id":"https:\/\/www.estrategiaconcursos.com.br\/blog\/#organization"},"potentialAction":[{"@type":"SearchAction","target":{"@type":"EntryPoint","urlTemplate":"https:\/\/www.estrategiaconcursos.com.br\/blog\/?s={search_term_string}"},"query-input":{"@type":"PropertyValueSpecification","valueRequired":true,"valueName":"search_term_string"}}],"inLanguage":"pt-BR"},{"@type":"Organization","@id":"https:\/\/www.estrategiaconcursos.com.br\/blog\/#organization","name":"Estrat\u00e9gia Concursos","url":"https:\/\/www.estrategiaconcursos.com.br\/blog\/","logo":{"@type":"ImageObject","inLanguage":"pt-BR","@id":"https:\/\/www.estrategiaconcursos.com.br\/blog\/#\/schema\/logo\/image\/","url":"https:\/\/dhg1h5j42swfq.cloudfront.net\/2025\/06\/03203428\/logo_concursos-1.jpg","contentUrl":"https:\/\/dhg1h5j42swfq.cloudfront.net\/2025\/06\/03203428\/logo_concursos-1.jpg","width":230,"height":60,"caption":"Estrat\u00e9gia Concursos"},"image":{"@id":"https:\/\/www.estrategiaconcursos.com.br\/blog\/#\/schema\/logo\/image\/"},"sameAs":["https:\/\/x.com\/EstratConcursos"]},{"@type":"Person","@id":"https:\/\/www.estrategiaconcursos.com.br\/blog\/#\/schema\/person\/a630b15e36f45b4c21fed01219843cb5","name":"Paulo Bilynskyj","image":{"@type":"ImageObject","inLanguage":"pt-BR","@id":"https:\/\/secure.gravatar.com\/avatar\/37e21f70c9042e7456beffdc6d31fe051f3f6dcbf252f69343a791b144852057?s=96&d=mm&r=g","url":"https:\/\/secure.gravatar.com\/avatar\/37e21f70c9042e7456beffdc6d31fe051f3f6dcbf252f69343a791b144852057?s=96&d=mm&r=g","contentUrl":"https:\/\/secure.gravatar.com\/avatar\/37e21f70c9042e7456beffdc6d31fe051f3f6dcbf252f69343a791b144852057?s=96&d=mm&r=g","caption":"Paulo Bilynskyj"},"url":"https:\/\/www.estrategiaconcursos.com.br\/blog\/author\/pbilynskyjgmail-com\/"}]}},"_links":{"self":[{"href":"https:\/\/www.estrategiaconcursos.com.br\/blog\/wp-json\/wp\/v2\/posts\/486486","targetHints":{"allow":["GET"]}}],"collection":[{"href":"https:\/\/www.estrategiaconcursos.com.br\/blog\/wp-json\/wp\/v2\/posts"}],"about":[{"href":"https:\/\/www.estrategiaconcursos.com.br\/blog\/wp-json\/wp\/v2\/types\/post"}],"author":[{"embeddable":true,"href":"https:\/\/www.estrategiaconcursos.com.br\/blog\/wp-json\/wp\/v2\/users\/552"}],"replies":[{"embeddable":true,"href":"https:\/\/www.estrategiaconcursos.com.br\/blog\/wp-json\/wp\/v2\/comments?post=486486"}],"version-history":[{"count":2,"href":"https:\/\/www.estrategiaconcursos.com.br\/blog\/wp-json\/wp\/v2\/posts\/486486\/revisions"}],"predecessor-version":[{"id":1228978,"href":"https:\/\/www.estrategiaconcursos.com.br\/blog\/wp-json\/wp\/v2\/posts\/486486\/revisions\/1228978"}],"wp:featuredmedia":[{"embeddable":true,"href":"https:\/\/www.estrategiaconcursos.com.br\/blog\/wp-json\/wp\/v2\/media\/482992"}],"wp:attachment":[{"href":"https:\/\/www.estrategiaconcursos.com.br\/blog\/wp-json\/wp\/v2\/media?parent=486486"}],"wp:term":[{"taxonomy":"category","embeddable":true,"href":"https:\/\/www.estrategiaconcursos.com.br\/blog\/wp-json\/wp\/v2\/categories?post=486486"},{"taxonomy":"post_tag","embeddable":true,"href":"https:\/\/www.estrategiaconcursos.com.br\/blog\/wp-json\/wp\/v2\/tags?post=486486"},{"taxonomy":"tax_estado","embeddable":true,"href":"https:\/\/www.estrategiaconcursos.com.br\/blog\/wp-json\/wp\/v2\/tax_estado?post=486486"}],"curies":[{"name":"wp","href":"https:\/\/api.w.org\/{rel}","templated":true}]}}