{"id":486479,"date":"2020-02-28T10:01:38","date_gmt":"2020-02-28T13:01:38","guid":{"rendered":"https:\/\/www.estrategiaconcursos.com.br\/blog\/?p=486479"},"modified":"2023-07-05T17:02:59","modified_gmt":"2023-07-05T20:02:59","slug":"publicada-retificacao-concurso-iprev-santos","status":"publish","type":"post","link":"https:\/\/www.estrategiaconcursos.com.br\/blog\/publicada-retificacao-concurso-iprev-santos\/","title":{"rendered":"Publicada retifica\u00e7\u00e3o do conte\u00fado program\u00e1tico do concurso IPREV Santos"},"content":{"rendered":"\n<h2 class=\"wp-block-heading\"><em>Provas ser\u00e3o aplicadas em abril <\/em><\/h2>\n\n\n\n<p>Foram publicadas no Di\u00e1rio Oficial de Santos desta sexta-feira, 28 de fevereiro, algumas retifica\u00e7\u00f5es no conte\u00fado program\u00e1tico do concurso p\u00fablico do Instituto de Previd\u00eancia Social dos Servidores P\u00fablicos Municipais de Santos (IPREV Santos).<\/p>\n\n\n\n<p>A retifica\u00e7\u00e3o foi na legisla\u00e7\u00e3o municipal do cargo de <strong>Analista Previdenci\u00e1rio<\/strong> perfil generalista e de investimentos e para o cargo de <strong>Procurador Aut\u00e1rquico<\/strong>.<\/p>\n\n\n\n<p>Os dois editais publicados somam <strong>13 vagas<\/strong>, distribu\u00eddas&nbsp;para os cargos de Procurador Aut\u00e1rquico, Agente Previdenci\u00e1rio e Analista Previdenci\u00e1rio. Vale ressaltar que as inscri\u00e7\u00f5es do <strong>concurso IPREV Santos <\/strong>est\u00e3o oficialmente abertas at\u00e9 o dia 12 de mar\u00e7o, podendo ser realizadas no site da banca organizadora, o <strong>Instituto Mais.<\/strong><\/p>\n\n\n\n<p>Os candidatos devem realizar as provas objetivas na data de 19 de abril, em turnos diferentes. A prova, de car\u00e1ter eliminat\u00f3rio e classificat\u00f3rio, constar\u00e1 de quest\u00f5es de m\u00faltipla escolha, com quatro alternativas cada.<\/p>\n\n\n\n<figure class=\"wp-block-table is-style-stripes\"><table class=\"has-background has-fixed-layout\" style=\"background-color:#e7f5fe\"><tbody><tr><td class=\"has-text-align-center\" data-align=\"center\"><strong>19\/04 (MANH\u00c3)<\/strong><\/td><td class=\"has-text-align-center\" data-align=\"center\">\u2022 Agente Previdenci\u00e1rio<br \/>\u2022 Analista Previdenci\u00e1rio \u2013 Cont\u00e1bil<br \/>\u2022 Analista Previdenci\u00e1rio \u2013 Investimentos<\/td><\/tr><tr><td class=\"has-text-align-center\" data-align=\"center\"><strong>19\/04 (TARDE)<\/strong><\/td><td class=\"has-text-align-center\" data-align=\"center\">\u2022 Analista Previdenci\u00e1rio \u2013 Generalista<\/td><\/tr><\/tbody><\/table><\/figure>\n\n\n\n<p class=\"has-text-align-center\">Quer saber mais informa\u00e7\u00f5es a respeito do concurso IPREV Santos? Acesse o link abaixo e veja tudo na \u00edntegra!!<\/p>\n\n\n\n<p class=\"has-text-align-center has-very-light-gray-background-color has-background\" style=\"font-size:clamp(14.642px, 0.915rem + ((1vw - 3.2px) * 0.721), 22px);px\"><strong>Saiba mais: <a href=\"https:\/\/www.estrategiaconcursos.com.br\/blog\/concurso-iprev-santos\/\" target=\"_blank\" rel=\"noreferrer noopener\" aria-label=\"Concurso IPREV Santos (abre numa nova aba)\">Concurso IPREV Santos<\/a><\/strong><\/p>\n\n\n\n<h2 class=\"wp-block-heading has-text-align-center\" id=\"cursos-assinatura\"><strong><em>Quer estudar para o concurso IPREV Santos?<\/em><\/strong><\/h2>\n\n\n\n<p class=\"has-text-align-center\"><em>Gostou desta oportunidade e deseja come\u00e7ar se preparar agora mesmo? Ent\u00e3o, confira os nossos cursos e comece a estudar:<\/em><\/p>\n\n\n\n<p class=\"has-text-align-center has-luminous-vivid-amber-background-color has-background\" style=\"font-size:clamp(14.642px, 0.915rem + ((1vw - 3.2px) * 0.721), 22px);px\"><strong><a href=\"https:\/\/www.estrategiaconcursos.com.br\/cursosPorConcurso\/instituto-de-previdencia-social-de-santos-iprevsantos\/\" target=\"_blank\" rel=\"noreferrer noopener\">CURSO IPREV SANTOS<\/a><\/strong><\/p>\n\n\n\n<p class=\"has-text-align-center\"><em><strong>Assinatura Anual Ilimitada*<\/strong><\/em><\/p>\n\n\n\n<p class=\"has-text-align-center\"><em>Prepare-se com o melhor material e com quem mais aprova em Concursos P\u00fablicos em todo o pa\u00eds. Assine agora a nossa Assinatura Anual e tenha acesso ilimitado* a todos os nossos cursos.<\/em><\/p>\n\n\n\n<p class=\"has-text-align-center has-light-green-cyan-background-color has-background\" style=\"font-size:clamp(14.642px, 0.915rem + ((1vw - 3.2px) * 0.721), 22px);px\"><strong>ASSINE AGORA<\/strong>&nbsp;\u2013&nbsp;<strong><a rel=\"noreferrer noopener\" href=\"https:\/\/www.estrategiaconcursos.com.br\/assinaturas\" target=\"_blank\">Assinatura Ilimitada<\/a><\/strong><\/p>\n\n\n\n<p class=\"has-text-align-center\"><em><strong>Fique por dentro de todos os concursos<\/strong><\/em>:<\/p>\n\n\n\n<p class=\"has-text-align-center has-pale-cyan-blue-background-color has-background\" style=\"font-size:clamp(14.642px, 0.915rem + ((1vw - 3.2px) * 0.721), 22px);px\"><a href=\"https:\/\/www.estrategiaconcursos.com.br\/blog\/concursos-abertos\/\" target=\"_blank\" rel=\"noreferrer noopener\"><strong>Concursos abertos<\/strong><\/a><\/p>\n","protected":false},"excerpt":{"rendered":"<p>Provas ser\u00e3o aplicadas em abril Foram publicadas no Di\u00e1rio Oficial de Santos desta sexta-feira, 28 de fevereiro, algumas retifica\u00e7\u00f5es no conte\u00fado program\u00e1tico do concurso p\u00fablico do Instituto de Previd\u00eancia Social dos Servidores P\u00fablicos Municipais de Santos (IPREV Santos). A retifica\u00e7\u00e3o foi na legisla\u00e7\u00e3o municipal do cargo de Analista Previdenci\u00e1rio perfil generalista e de investimentos e [&hellip;]<\/p>\n","protected":false},"author":127,"featured_media":474396,"comment_status":"open","ping_status":"closed","sticky":false,"template":"","format":"standard","meta":{"post_tipo":"article","footnotes":""},"categories":[1],"tags":[],"tax_estado":[],"class_list":["post-486479","post","type-post","status-publish","format-standard","has-post-thumbnail","hentry","category-cursos-e-concursos"],"acf":[],"yoast_head":"<!-- This site is optimized with the Yoast SEO Premium plugin v27.2 (Yoast SEO v27.2) - https:\/\/yoast.com\/product\/yoast-seo-premium-wordpress\/ -->\n<title>Publicada retifica\u00e7\u00e3o do conte\u00fado program\u00e1tico do concurso IPREV Santos<\/title>\n<meta name=\"description\" content=\"Publicada retifica\u00e7\u00e3o no conte\u00fado program\u00e1tico do concurso Instituto de Previd\u00eancia Social dos Servidores P\u00fablicos Municipais de Santos.\" \/>\n<meta name=\"robots\" content=\"index, follow, max-snippet:-1, max-image-preview:large, max-video-preview:-1\" \/>\n<link rel=\"canonical\" href=\"https:\/\/www.estrategiaconcursos.com.br\/blog\/publicada-retificacao-concurso-iprev-santos\/\" \/>\n<meta property=\"og:locale\" content=\"pt_BR\" \/>\n<meta property=\"og:type\" content=\"article\" \/>\n<meta property=\"og:title\" content=\"Publicada retifica\u00e7\u00e3o do conte\u00fado program\u00e1tico do concurso IPREV Santos\" \/>\n<meta property=\"og:description\" content=\"Publicada retifica\u00e7\u00e3o no conte\u00fado program\u00e1tico do concurso Instituto de Previd\u00eancia Social dos Servidores P\u00fablicos Municipais de Santos.\" \/>\n<meta property=\"og:url\" content=\"https:\/\/www.estrategiaconcursos.com.br\/blog\/publicada-retificacao-concurso-iprev-santos\/\" \/>\n<meta property=\"og:site_name\" content=\"Estrat\u00e9gia Concursos\" \/>\n<meta property=\"article:published_time\" content=\"2020-02-28T13:01:38+00:00\" \/>\n<meta property=\"article:modified_time\" content=\"2023-07-05T20:02:59+00:00\" \/>\n<meta property=\"og:image\" content=\"https:\/\/dhg1h5j42swfq.cloudfront.net\/2020\/01\/27142338\/IPREV_SANTOS.jpg\" \/>\n\t<meta property=\"og:image:width\" content=\"1200\" \/>\n\t<meta property=\"og:image:height\" content=\"628\" \/>\n\t<meta property=\"og:image:type\" content=\"image\/jpeg\" \/>\n<meta name=\"author\" content=\"Vicente Camillo\" \/>\n<meta name=\"twitter:card\" content=\"summary_large_image\" \/>\n<meta name=\"twitter:creator\" content=\"@EstratConcursos\" \/>\n<meta name=\"twitter:site\" content=\"@EstratConcursos\" \/>\n<meta name=\"twitter:label1\" content=\"Escrito por\" \/>\n\t<meta name=\"twitter:data1\" content=\"Vicente Camillo\" \/>\n\t<meta name=\"twitter:label2\" content=\"Est. tempo de leitura\" \/>\n\t<meta name=\"twitter:data2\" content=\"1 minuto\" \/>\n<script type=\"application\/ld+json\" class=\"yoast-schema-graph\">{\"@context\":\"https:\/\/schema.org\",\"@graph\":[{\"@type\":\"NewsArticle\",\"@id\":\"https:\/\/www.estrategiaconcursos.com.br\/blog\/publicada-retificacao-concurso-iprev-santos\/#article\",\"isPartOf\":{\"@id\":\"https:\/\/www.estrategiaconcursos.com.br\/blog\/publicada-retificacao-concurso-iprev-santos\/\"},\"author\":{\"name\":\"Vicente Camillo\",\"@id\":\"https:\/\/www.estrategiaconcursos.com.br\/blog\/#\/schema\/person\/b8a108568861dcf9ea0bc08399a7923b\"},\"headline\":\"Publicada retifica\u00e7\u00e3o do conte\u00fado program\u00e1tico do concurso IPREV Santos\",\"datePublished\":\"2020-02-28T13:01:38+00:00\",\"dateModified\":\"2023-07-05T20:02:59+00:00\",\"mainEntityOfPage\":{\"@id\":\"https:\/\/www.estrategiaconcursos.com.br\/blog\/publicada-retificacao-concurso-iprev-santos\/\"},\"wordCount\":301,\"commentCount\":0,\"publisher\":{\"@id\":\"https:\/\/www.estrategiaconcursos.com.br\/blog\/#organization\"},\"image\":{\"@id\":\"https:\/\/www.estrategiaconcursos.com.br\/blog\/publicada-retificacao-concurso-iprev-santos\/#primaryimage\"},\"thumbnailUrl\":\"https:\/\/dhg1h5j42swfq.cloudfront.net\/2020\/01\/27142338\/IPREV_SANTOS.jpg\",\"articleSection\":[\"Concursos P\u00fablicos\"],\"inLanguage\":\"pt-BR\",\"potentialAction\":[{\"@type\":\"CommentAction\",\"name\":\"Comment\",\"target\":[\"https:\/\/www.estrategiaconcursos.com.br\/blog\/publicada-retificacao-concurso-iprev-santos\/#respond\"]}],\"copyrightYear\":\"2020\",\"copyrightHolder\":{\"@id\":\"https:\/\/www.estrategiaconcursos.com.br\/blog\/#organization\"}},{\"@type\":\"WebPage\",\"@id\":\"https:\/\/www.estrategiaconcursos.com.br\/blog\/publicada-retificacao-concurso-iprev-santos\/\",\"url\":\"https:\/\/www.estrategiaconcursos.com.br\/blog\/publicada-retificacao-concurso-iprev-santos\/\",\"name\":\"Publicada retifica\u00e7\u00e3o do conte\u00fado program\u00e1tico do concurso IPREV Santos\",\"isPartOf\":{\"@id\":\"https:\/\/www.estrategiaconcursos.com.br\/blog\/#website\"},\"primaryImageOfPage\":{\"@id\":\"https:\/\/www.estrategiaconcursos.com.br\/blog\/publicada-retificacao-concurso-iprev-santos\/#primaryimage\"},\"image\":{\"@id\":\"https:\/\/www.estrategiaconcursos.com.br\/blog\/publicada-retificacao-concurso-iprev-santos\/#primaryimage\"},\"thumbnailUrl\":\"https:\/\/dhg1h5j42swfq.cloudfront.net\/2020\/01\/27142338\/IPREV_SANTOS.jpg\",\"datePublished\":\"2020-02-28T13:01:38+00:00\",\"dateModified\":\"2023-07-05T20:02:59+00:00\",\"description\":\"Publicada retifica\u00e7\u00e3o no conte\u00fado program\u00e1tico do concurso Instituto de Previd\u00eancia Social dos Servidores P\u00fablicos Municipais de Santos.\",\"breadcrumb\":{\"@id\":\"https:\/\/www.estrategiaconcursos.com.br\/blog\/publicada-retificacao-concurso-iprev-santos\/#breadcrumb\"},\"inLanguage\":\"pt-BR\",\"potentialAction\":[{\"@type\":\"ReadAction\",\"target\":[\"https:\/\/www.estrategiaconcursos.com.br\/blog\/publicada-retificacao-concurso-iprev-santos\/\"]}]},{\"@type\":\"ImageObject\",\"inLanguage\":\"pt-BR\",\"@id\":\"https:\/\/www.estrategiaconcursos.com.br\/blog\/publicada-retificacao-concurso-iprev-santos\/#primaryimage\",\"url\":\"https:\/\/dhg1h5j42swfq.cloudfront.net\/2020\/01\/27142338\/IPREV_SANTOS.jpg\",\"contentUrl\":\"https:\/\/dhg1h5j42swfq.cloudfront.net\/2020\/01\/27142338\/IPREV_SANTOS.jpg\",\"width\":1200,\"height\":628,\"caption\":\"concurso iprev santos retomado\"},{\"@type\":\"BreadcrumbList\",\"@id\":\"https:\/\/www.estrategiaconcursos.com.br\/blog\/publicada-retificacao-concurso-iprev-santos\/#breadcrumb\",\"itemListElement\":[{\"@type\":\"ListItem\",\"position\":1,\"name\":\"In\u00edcio\",\"item\":\"https:\/\/www.estrategiaconcursos.com.br\/blog\/\"},{\"@type\":\"ListItem\",\"position\":2,\"name\":\"Publicada retifica\u00e7\u00e3o do conte\u00fado program\u00e1tico do concurso IPREV Santos\"}]},{\"@type\":\"WebSite\",\"@id\":\"https:\/\/www.estrategiaconcursos.com.br\/blog\/#website\",\"url\":\"https:\/\/www.estrategiaconcursos.com.br\/blog\/\",\"name\":\"Estrat\u00e9gia Concursos\",\"description\":\"O blog da Estrat\u00e9gia Concursos traz not\u00edcias sobre concursos e artigos de professores oferecendo cursos para concursos (pdf + videaulas) no site.\",\"publisher\":{\"@id\":\"https:\/\/www.estrategiaconcursos.com.br\/blog\/#organization\"},\"potentialAction\":[{\"@type\":\"SearchAction\",\"target\":{\"@type\":\"EntryPoint\",\"urlTemplate\":\"https:\/\/www.estrategiaconcursos.com.br\/blog\/?s={search_term_string}\"},\"query-input\":{\"@type\":\"PropertyValueSpecification\",\"valueRequired\":true,\"valueName\":\"search_term_string\"}}],\"inLanguage\":\"pt-BR\"},{\"@type\":\"Organization\",\"@id\":\"https:\/\/www.estrategiaconcursos.com.br\/blog\/#organization\",\"name\":\"Estrat\u00e9gia Concursos\",\"url\":\"https:\/\/www.estrategiaconcursos.com.br\/blog\/\",\"logo\":{\"@type\":\"ImageObject\",\"inLanguage\":\"pt-BR\",\"@id\":\"https:\/\/www.estrategiaconcursos.com.br\/blog\/#\/schema\/logo\/image\/\",\"url\":\"https:\/\/dhg1h5j42swfq.cloudfront.net\/2025\/06\/03203428\/logo_concursos-1.jpg\",\"contentUrl\":\"https:\/\/dhg1h5j42swfq.cloudfront.net\/2025\/06\/03203428\/logo_concursos-1.jpg\",\"width\":230,\"height\":60,\"caption\":\"Estrat\u00e9gia Concursos\"},\"image\":{\"@id\":\"https:\/\/www.estrategiaconcursos.com.br\/blog\/#\/schema\/logo\/image\/\"},\"sameAs\":[\"https:\/\/x.com\/EstratConcursos\"]},{\"@type\":\"Person\",\"@id\":\"https:\/\/www.estrategiaconcursos.com.br\/blog\/#\/schema\/person\/b8a108568861dcf9ea0bc08399a7923b\",\"name\":\"Vicente Camillo\",\"image\":{\"@type\":\"ImageObject\",\"inLanguage\":\"pt-BR\",\"@id\":\"https:\/\/secure.gravatar.com\/avatar\/468a0239829de687ea87ca16fca161044431e49a078c185df9f7ebdca3918c68?s=96&d=mm&r=g\",\"url\":\"https:\/\/secure.gravatar.com\/avatar\/468a0239829de687ea87ca16fca161044431e49a078c185df9f7ebdca3918c68?s=96&d=mm&r=g\",\"contentUrl\":\"https:\/\/secure.gravatar.com\/avatar\/468a0239829de687ea87ca16fca161044431e49a078c185df9f7ebdca3918c68?s=96&d=mm&r=g\",\"caption\":\"Vicente Camillo\"},\"url\":\"https:\/\/www.estrategiaconcursos.com.br\/blog\/author\/vicentecamilloestrategiaconcursos-com-br\/\"}]}<\/script>\n<!-- \/ Yoast SEO Premium plugin. -->","yoast_head_json":{"title":"Publicada retifica\u00e7\u00e3o do conte\u00fado program\u00e1tico do concurso IPREV Santos","description":"Publicada retifica\u00e7\u00e3o no conte\u00fado program\u00e1tico do concurso Instituto de Previd\u00eancia Social dos Servidores P\u00fablicos Municipais de Santos.","robots":{"index":"index","follow":"follow","max-snippet":"max-snippet:-1","max-image-preview":"max-image-preview:large","max-video-preview":"max-video-preview:-1"},"canonical":"https:\/\/www.estrategiaconcursos.com.br\/blog\/publicada-retificacao-concurso-iprev-santos\/","og_locale":"pt_BR","og_type":"article","og_title":"Publicada retifica\u00e7\u00e3o do conte\u00fado program\u00e1tico do concurso IPREV Santos","og_description":"Publicada retifica\u00e7\u00e3o no conte\u00fado program\u00e1tico do concurso Instituto de Previd\u00eancia Social dos Servidores P\u00fablicos Municipais de Santos.","og_url":"https:\/\/www.estrategiaconcursos.com.br\/blog\/publicada-retificacao-concurso-iprev-santos\/","og_site_name":"Estrat\u00e9gia Concursos","article_published_time":"2020-02-28T13:01:38+00:00","article_modified_time":"2023-07-05T20:02:59+00:00","og_image":[{"width":1200,"height":628,"url":"https:\/\/dhg1h5j42swfq.cloudfront.net\/2020\/01\/27142338\/IPREV_SANTOS.jpg","type":"image\/jpeg"}],"author":"Vicente Camillo","twitter_card":"summary_large_image","twitter_creator":"@EstratConcursos","twitter_site":"@EstratConcursos","twitter_misc":{"Escrito por":"Vicente Camillo","Est. tempo de leitura":"1 minuto"},"schema":{"@context":"https:\/\/schema.org","@graph":[{"@type":"NewsArticle","@id":"https:\/\/www.estrategiaconcursos.com.br\/blog\/publicada-retificacao-concurso-iprev-santos\/#article","isPartOf":{"@id":"https:\/\/www.estrategiaconcursos.com.br\/blog\/publicada-retificacao-concurso-iprev-santos\/"},"author":{"name":"Vicente Camillo","@id":"https:\/\/www.estrategiaconcursos.com.br\/blog\/#\/schema\/person\/b8a108568861dcf9ea0bc08399a7923b"},"headline":"Publicada retifica\u00e7\u00e3o do conte\u00fado program\u00e1tico do concurso IPREV Santos","datePublished":"2020-02-28T13:01:38+00:00","dateModified":"2023-07-05T20:02:59+00:00","mainEntityOfPage":{"@id":"https:\/\/www.estrategiaconcursos.com.br\/blog\/publicada-retificacao-concurso-iprev-santos\/"},"wordCount":301,"commentCount":0,"publisher":{"@id":"https:\/\/www.estrategiaconcursos.com.br\/blog\/#organization"},"image":{"@id":"https:\/\/www.estrategiaconcursos.com.br\/blog\/publicada-retificacao-concurso-iprev-santos\/#primaryimage"},"thumbnailUrl":"https:\/\/dhg1h5j42swfq.cloudfront.net\/2020\/01\/27142338\/IPREV_SANTOS.jpg","articleSection":["Concursos P\u00fablicos"],"inLanguage":"pt-BR","potentialAction":[{"@type":"CommentAction","name":"Comment","target":["https:\/\/www.estrategiaconcursos.com.br\/blog\/publicada-retificacao-concurso-iprev-santos\/#respond"]}],"copyrightYear":"2020","copyrightHolder":{"@id":"https:\/\/www.estrategiaconcursos.com.br\/blog\/#organization"}},{"@type":"WebPage","@id":"https:\/\/www.estrategiaconcursos.com.br\/blog\/publicada-retificacao-concurso-iprev-santos\/","url":"https:\/\/www.estrategiaconcursos.com.br\/blog\/publicada-retificacao-concurso-iprev-santos\/","name":"Publicada retifica\u00e7\u00e3o do conte\u00fado program\u00e1tico do concurso IPREV Santos","isPartOf":{"@id":"https:\/\/www.estrategiaconcursos.com.br\/blog\/#website"},"primaryImageOfPage":{"@id":"https:\/\/www.estrategiaconcursos.com.br\/blog\/publicada-retificacao-concurso-iprev-santos\/#primaryimage"},"image":{"@id":"https:\/\/www.estrategiaconcursos.com.br\/blog\/publicada-retificacao-concurso-iprev-santos\/#primaryimage"},"thumbnailUrl":"https:\/\/dhg1h5j42swfq.cloudfront.net\/2020\/01\/27142338\/IPREV_SANTOS.jpg","datePublished":"2020-02-28T13:01:38+00:00","dateModified":"2023-07-05T20:02:59+00:00","description":"Publicada retifica\u00e7\u00e3o no conte\u00fado program\u00e1tico do concurso Instituto de Previd\u00eancia Social dos Servidores P\u00fablicos Municipais de Santos.","breadcrumb":{"@id":"https:\/\/www.estrategiaconcursos.com.br\/blog\/publicada-retificacao-concurso-iprev-santos\/#breadcrumb"},"inLanguage":"pt-BR","potentialAction":[{"@type":"ReadAction","target":["https:\/\/www.estrategiaconcursos.com.br\/blog\/publicada-retificacao-concurso-iprev-santos\/"]}]},{"@type":"ImageObject","inLanguage":"pt-BR","@id":"https:\/\/www.estrategiaconcursos.com.br\/blog\/publicada-retificacao-concurso-iprev-santos\/#primaryimage","url":"https:\/\/dhg1h5j42swfq.cloudfront.net\/2020\/01\/27142338\/IPREV_SANTOS.jpg","contentUrl":"https:\/\/dhg1h5j42swfq.cloudfront.net\/2020\/01\/27142338\/IPREV_SANTOS.jpg","width":1200,"height":628,"caption":"concurso iprev santos retomado"},{"@type":"BreadcrumbList","@id":"https:\/\/www.estrategiaconcursos.com.br\/blog\/publicada-retificacao-concurso-iprev-santos\/#breadcrumb","itemListElement":[{"@type":"ListItem","position":1,"name":"In\u00edcio","item":"https:\/\/www.estrategiaconcursos.com.br\/blog\/"},{"@type":"ListItem","position":2,"name":"Publicada retifica\u00e7\u00e3o do conte\u00fado program\u00e1tico do concurso IPREV Santos"}]},{"@type":"WebSite","@id":"https:\/\/www.estrategiaconcursos.com.br\/blog\/#website","url":"https:\/\/www.estrategiaconcursos.com.br\/blog\/","name":"Estrat\u00e9gia Concursos","description":"O blog da Estrat\u00e9gia Concursos traz not\u00edcias sobre concursos e artigos de professores oferecendo cursos para concursos (pdf + videaulas) no site.","publisher":{"@id":"https:\/\/www.estrategiaconcursos.com.br\/blog\/#organization"},"potentialAction":[{"@type":"SearchAction","target":{"@type":"EntryPoint","urlTemplate":"https:\/\/www.estrategiaconcursos.com.br\/blog\/?s={search_term_string}"},"query-input":{"@type":"PropertyValueSpecification","valueRequired":true,"valueName":"search_term_string"}}],"inLanguage":"pt-BR"},{"@type":"Organization","@id":"https:\/\/www.estrategiaconcursos.com.br\/blog\/#organization","name":"Estrat\u00e9gia Concursos","url":"https:\/\/www.estrategiaconcursos.com.br\/blog\/","logo":{"@type":"ImageObject","inLanguage":"pt-BR","@id":"https:\/\/www.estrategiaconcursos.com.br\/blog\/#\/schema\/logo\/image\/","url":"https:\/\/dhg1h5j42swfq.cloudfront.net\/2025\/06\/03203428\/logo_concursos-1.jpg","contentUrl":"https:\/\/dhg1h5j42swfq.cloudfront.net\/2025\/06\/03203428\/logo_concursos-1.jpg","width":230,"height":60,"caption":"Estrat\u00e9gia Concursos"},"image":{"@id":"https:\/\/www.estrategiaconcursos.com.br\/blog\/#\/schema\/logo\/image\/"},"sameAs":["https:\/\/x.com\/EstratConcursos"]},{"@type":"Person","@id":"https:\/\/www.estrategiaconcursos.com.br\/blog\/#\/schema\/person\/b8a108568861dcf9ea0bc08399a7923b","name":"Vicente Camillo","image":{"@type":"ImageObject","inLanguage":"pt-BR","@id":"https:\/\/secure.gravatar.com\/avatar\/468a0239829de687ea87ca16fca161044431e49a078c185df9f7ebdca3918c68?s=96&d=mm&r=g","url":"https:\/\/secure.gravatar.com\/avatar\/468a0239829de687ea87ca16fca161044431e49a078c185df9f7ebdca3918c68?s=96&d=mm&r=g","contentUrl":"https:\/\/secure.gravatar.com\/avatar\/468a0239829de687ea87ca16fca161044431e49a078c185df9f7ebdca3918c68?s=96&d=mm&r=g","caption":"Vicente Camillo"},"url":"https:\/\/www.estrategiaconcursos.com.br\/blog\/author\/vicentecamilloestrategiaconcursos-com-br\/"}]}},"_links":{"self":[{"href":"https:\/\/www.estrategiaconcursos.com.br\/blog\/wp-json\/wp\/v2\/posts\/486479","targetHints":{"allow":["GET"]}}],"collection":[{"href":"https:\/\/www.estrategiaconcursos.com.br\/blog\/wp-json\/wp\/v2\/posts"}],"about":[{"href":"https:\/\/www.estrategiaconcursos.com.br\/blog\/wp-json\/wp\/v2\/types\/post"}],"author":[{"embeddable":true,"href":"https:\/\/www.estrategiaconcursos.com.br\/blog\/wp-json\/wp\/v2\/users\/127"}],"replies":[{"embeddable":true,"href":"https:\/\/www.estrategiaconcursos.com.br\/blog\/wp-json\/wp\/v2\/comments?post=486479"}],"version-history":[{"count":5,"href":"https:\/\/www.estrategiaconcursos.com.br\/blog\/wp-json\/wp\/v2\/posts\/486479\/revisions"}],"predecessor-version":[{"id":1243928,"href":"https:\/\/www.estrategiaconcursos.com.br\/blog\/wp-json\/wp\/v2\/posts\/486479\/revisions\/1243928"}],"wp:featuredmedia":[{"embeddable":true,"href":"https:\/\/www.estrategiaconcursos.com.br\/blog\/wp-json\/wp\/v2\/media\/474396"}],"wp:attachment":[{"href":"https:\/\/www.estrategiaconcursos.com.br\/blog\/wp-json\/wp\/v2\/media?parent=486479"}],"wp:term":[{"taxonomy":"category","embeddable":true,"href":"https:\/\/www.estrategiaconcursos.com.br\/blog\/wp-json\/wp\/v2\/categories?post=486479"},{"taxonomy":"post_tag","embeddable":true,"href":"https:\/\/www.estrategiaconcursos.com.br\/blog\/wp-json\/wp\/v2\/tags?post=486479"},{"taxonomy":"tax_estado","embeddable":true,"href":"https:\/\/www.estrategiaconcursos.com.br\/blog\/wp-json\/wp\/v2\/tax_estado?post=486479"}],"curies":[{"name":"wp","href":"https:\/\/api.w.org\/{rel}","templated":true}]}}