{"id":48645,"date":"2016-09-08T10:58:51","date_gmt":"2016-09-08T13:58:51","guid":{"rendered":"https:\/\/www.estrategiaconcursos.com.br\/blog\/?p=48645"},"modified":"2016-09-08T14:28:15","modified_gmt":"2016-09-08T17:28:15","slug":"questoes-de-direitos-humanos","status":"publish","type":"post","link":"https:\/\/www.estrategiaconcursos.com.br\/blog\/questoes-de-direitos-humanos\/","title":{"rendered":"PGE-MA: Coment\u00e1rios \u00e0s Quest\u00f5es de Direitos Humanos"},"content":{"rendered":"<h3><img loading=\"lazy\" decoding=\"async\" class=\"alignleft wp-image-48648 size-medium\" src=\"https:\/\/dhg1h5j42swfq.cloudfront.net\/2016\/09\/08105533\/pge-ma-300x167.png\" alt=\"pge-ma\" width=\"300\" height=\"167\" srcset=\"https:\/\/dhg1h5j42swfq.cloudfront.net\/2016\/09\/08105533\/pge-ma.png 300w, https:\/\/dhg1h5j42swfq.cloudfront.net\/2016\/09\/08105533\/pge-ma.png 768w, https:\/\/dhg1h5j42swfq.cloudfront.net\/2016\/09\/08105533\/pge-ma.png 500w, https:\/\/dhg1h5j42swfq.cloudfront.net\/2016\/09\/08105533\/pge-ma.png 810w\" sizes=\"auto, (max-width: 300px) 100vw, 300px\" \/>PGE-MA: Coment\u00e1rios \u00e0s Quest\u00f5es de Direitos Humanos<\/h3>\n<p>No dia 4\/9 foi aplicada a prova para Procurador do Estado do Maranh\u00e3o. A prova &#8211; que foi realizada pela FCC &#8211; teve a cobran\u00e7a de 5 quest\u00f5es de Direitos Humanos. Felizmente, TODAS as quest\u00f5es cobradas em prova, constavam do nosso material, pelo que, acreditamos, que nossos alunos tenham gabaritado as quest\u00f5es de Direitos Humanos.<\/p>\n<p>N\u00e3o vislumbramos possibilidade de recurso das quest\u00f5es aplicadas. Caso voc\u00ea tenha feito a prova, confira aqui os coment\u00e1rios. Se n\u00e3o fez, mas estuda para provas de Direitos Humanos, n\u00e3o deixe de conferir as mais recentes quest\u00f5es da FCC na disciplina.<\/p>\n<p>Antes de come\u00e7armos, gostaria de deixar aqui minha p\u00e1gina de Direitos Humanos. L\u00e1 voc\u00ea encontra outras provas comentadas, artigos relevantes\u00a0e resumos de Direitos Humanos.<\/p>\n<p><a href=\"https:\/\/www.facebook.com\/direitoshumanosparaconcursos\/\" target=\"_blank\">PROF. RICARDO TORQUES &#8211; DIREITOS HUMANOS<\/a><\/p>\n<p>Vamos aos coment\u00e1rios?!<\/p>\n<p>&#8212;<\/p>\n<h3>Quest\u00e3o \u2013 FCC\/PGE-MA \u2013 Procurador &#8211; 2016<\/h3>\n<p>No \u00e2mbito da Teoria Geral do Direito Internacional dos Direitos Humanos:<\/p>\n<p>(A) Os diretos humanos podem ser reivindicados por qualquer cidad\u00e3o ao redor do mundo, mesmo que o direito violado n\u00e3o esteja reconhecido em diploma normativo internacional do qual o Estado a que perten\u00e7a seja parte.<\/p>\n<p>(B) Direitos fundamentais \u00e9 express\u00e3o que traduz conte\u00fado mais de cunho jusnaturalista, e n\u00e3o propriamente jur\u00eddico-positivo.<\/p>\n<p>(C) Direitos humanos \u00e9 express\u00e3o que revela de forma mais adequada a prote\u00e7\u00e3o constitucional dos direitos b\u00e1sicos dos cidad\u00e3os.<\/p>\n<p>(D) Direitos do homem \u00e9 express\u00e3o que representa de forma mais correta os direitos positivados em tratados e declara\u00e7\u00f5es internacionais.<\/p>\n<p>(E) A Constitui\u00e7\u00e3o Federal de 1988 utilizou com precis\u00e3o t\u00e9cnica as express\u00f5es direitos fundamentais e direitos humanos.<\/p>\n<h3>Coment\u00e1rios<\/h3>\n<p>Vamos analisar cada uma das alternativas.<\/p>\n<p>A <strong>alternativa A<\/strong> est\u00e1 incorreta. Embora tenhamos alguns direitos considerados <em>jus cogens<\/em>, que poderiam ser exigidos independentemente de o Estado ter ratificado o documento internacional, nem todos os direitos humanos s\u00e3o qualificado como <em>jus cogens<\/em>, pelo que est\u00e1 incorreto afirmar que eles podem ser reivindicados por qualquer cidad\u00e3o ao redor do mundo, ainda que reconhecido em diploma do qual o Pa\u00eds violador n\u00e3o fa\u00e7a parte.<\/p>\n<p>A <strong>alternativa B<\/strong> est\u00e1 incorreta. A express\u00e3o direitos fundamentais se edifica com a cria\u00e7\u00e3o dos primeiros documentos positivados prevendo a defesa de direitos. Cita-se como exemplo mais caracter\u00edstico, a Carta Magna de 1215, que previu ineditamente, direitos de primeira dimens\u00e3o. Portanto, ao contr\u00e1rio do afirmado, a express\u00e3o atrela-se ao car\u00e1ter <em>juspositivo<\/em>.<\/p>\n<p>A <strong>alternativa C<\/strong> est\u00e1 igualmente incorreta. Lembre-se a express\u00e3o direitos humanos refere-se aos Direitos b\u00e1sicos prescritos na ordem internacional; ao passo que direitos fundamentais se referem aos mesmos direitos b\u00e1sicos, contudo prescritos no ordenamento jur\u00eddico interno.<\/p>\n<p>A <strong>alternativa D<\/strong> tamb\u00e9m est\u00e1 incorreta. A express\u00e3o \u201cdireitos humanos\u201d \u00e9 a que retrata com acuidade t\u00e9cnica os direitos positivados em tratados e declara\u00e7\u00f5es internacionais, no contexto da nossa disciplina. Entende-se que a express\u00e3o Direitos do Homem \u00e9 demasiadamente ampla.<\/p>\n<p>A <strong>alternativa E<\/strong>, por sua vez, \u00e9 a correta e gabarito da quest\u00e3o. A CF ao falar em direitos humanos reporta-se \u00e0 esfera internacional, tal como se percebe no art. 4\u00ba, II, art. 5\u00ba, \u00a73\u00ba art. 109, \u00a75\u00ba, entre outros. Por outro lado, quando se reporta aos direitos b\u00e1sicos prescritos internamente, temos a refer\u00eancia aos direitos fundamentais, a exemplo do que na topografia do T\u00edtulo II da CF, ao iniciar, no art. 5\u00ba, os direitos e deveres individuais e coletivos.<\/p>\n<h3>Quest\u00e3o \u2013 FCC\/PGE-MA \u2013 Procurador &#8211; 2016<\/h3>\n<p>Em rela\u00e7\u00e3o \u00e0 prote\u00e7\u00e3o internacional dos Direitos Humanos:<\/p>\n<p>(A) O Direito Internacional Humanit\u00e1rio restringe-se \u00e0 prote\u00e7\u00e3o das popula\u00e7\u00f5es civis na hip\u00f3tese de conflitos armados, excluindo-se os militares postos fora de combate.<\/p>\n<p>(B) O Direito Internacional dos Refugiados representa a prote\u00e7\u00e3o dos refugiados em aspectos relativos ao deslocamento do seu local de resid\u00eancia e \u00e0 concess\u00e3o do ref\u00fagio, n\u00e3o interagindo com a prote\u00e7\u00e3o dos direitos humanos em si.<\/p>\n<p>(C) O Direito Internacional Humanit\u00e1rio \u00e9 menos abrangente que o Direito Internacional dos Direitos Humanos, tendo precedido historicamente este \u00faltimo.<\/p>\n<p>(D) O Direito Internacional dos Direitos Humanos n\u00e3o incide na hip\u00f3tese de conflitos armados internacionais e internos.<\/p>\n<p>(E) O Direito Internacional dos Direitos Humanos consolidou-se normativamente logo ap\u00f3s a Primeira Guerra Mundial, com a relativiza\u00e7\u00e3o da soberania dos Estados Nacionais e atribui\u00e7\u00e3o ao indiv\u00edduo da condi\u00e7\u00e3o de sujeito de direitos no plano internacional.<\/p>\n<h3>Coment\u00e1rios<\/h3>\n<p>Essa quest\u00e3o explorou a tem\u00e1tica das vertentes de Direitos Humanos, que pode ser sintetizada no seguinte quadro:<\/p>\n<p><img loading=\"lazy\" decoding=\"async\" class=\"aligncenter size-full wp-image-48646\" src=\"https:\/\/dhg1h5j42swfq.cloudfront.net\/2016\/09\/08105136\/vertentes.png\" alt=\"vertentes\" width=\"633\" height=\"433\" srcset=\"https:\/\/dhg1h5j42swfq.cloudfront.net\/2016\/09\/08105136\/vertentes.png 633w, https:\/\/dhg1h5j42swfq.cloudfront.net\/2016\/09\/08105136\/vertentes.png 300w, https:\/\/dhg1h5j42swfq.cloudfront.net\/2016\/09\/08105136\/vertentes.png 439w\" sizes=\"auto, (max-width: 633px) 100vw, 633px\" \/><\/p>\n<p>\u00c0 luz desse quadro, vejamos as quest\u00f5es.<\/p>\n<p>A <strong>alternativa A <\/strong>est\u00e1 incorreta, pois tanto a popula\u00e7\u00e3o civil, como os militares s\u00e3o protegidos pela vertente humanit\u00e1ria.<\/p>\n<p>A <strong>alternativa B<\/strong> est\u00e1 totalmente incorreta, pois o Direitos dos Refugiados \u00e9 considerado um dos grandes consect\u00e1rios do Direito Internacional dos Direitos Humanos.<\/p>\n<p>A <strong>alternativa C<\/strong>, por sua vez, est\u00e1 correta e \u00e9 o gabarito da quest\u00e3o. Justamente em raz\u00e3o do desenvolvimento dessas tr\u00eas vertentes \u00e9 que evolu\u00edmos para prote\u00e7\u00e3o internacional dos Direitos Humanos, quando o assunto al\u00e7ou relevo e destaque no cen\u00e1rio internacional.<\/p>\n<p>A <strong>alternativa D<\/strong> est\u00e1 incorreta, pois n\u00e3o apenas os conflitos internacionais s\u00e3o protegidos na vertente humanit\u00e1ria. Est\u00e3o englobados todos e quaisquer conflitos b\u00e9licos.<\/p>\n<p>A <strong>alternativa E<\/strong> est\u00e1 incorreta. Podemos solucionar essa quest\u00e3o at\u00e9 mesmo com a l\u00f3gica. Se os Direitos Humanos tivessem se consolidado ap\u00f3s a 1\u00aa Guerra Mundial, n\u00e3o ter\u00edamos a 2\u00aa Guerra Mundial. A verdadeira internacionaliza\u00e7\u00e3o e conscientiza\u00e7\u00e3o com os Direitos Humanos ocorre no p\u00f3s-2\u00aa Guerra Mundial.<\/p>\n<h3>Quest\u00e3o \u2013 FCC\/PGE-MA \u2013 Procurador &#8211; 2016<\/h3>\n<p>No que tange \u00e0s caracter\u00edsticas e especificidades dos Direitos Humanos:<\/p>\n<p>(A) A irrenunciabilidade determina que a autoriza\u00e7\u00e3o ou consentimento do titular do direito humano n\u00e3o justifica ou convalida qualquer viola\u00e7\u00e3o ao seu conte\u00fado.<\/p>\n<p>(B) A imprescritibilidade implica o reconhecimento de que os direitos humanos podem ser reivindicados a qualquer tempo, com exce\u00e7\u00e3o dos direitos humanos de terceira gera\u00e7\u00e3o que prescrevem nos termos da legisla\u00e7\u00e3o nacional.<\/p>\n<p>(C) A indivisibilidade \u00e9 caracterizada pela primazia conferida aos direitos civis e pol\u00edticos em rela\u00e7\u00e3o aos direitos econ\u00f4micos, sociais e culturais.<\/p>\n<p>(D) A interdepend\u00eancia ou interrela\u00e7\u00e3o transmite a ideia de que a dignidade da pessoa humana pode ser protegida de forma fragmentada em algumas situa\u00e7\u00f5es, na medida em que h\u00e1 direitos humanos mais essenciais que outros.<\/p>\n<p>(E) A inexaurabilidade representa a taxatividade, ou seja, a limita\u00e7\u00e3o na consagra\u00e7\u00e3o de novos direitos humanos.<\/p>\n<h3>Coment\u00e1rios<\/h3>\n<p>A <strong>alternativa A<\/strong> est\u00e1 correta e \u00e9 o gabarito da quest\u00e3o. A caracter\u00edstica da irrenunciabilidade determina que a pessoa n\u00e3o pode renunciar ou desistir de seus direitos humanos. Dessa forma, mesmo que o titular do direito humano consinta com a viola\u00e7\u00e3o de seu direito ele n\u00e3o poderia ser violado.<\/p>\n<p>A <strong>alternativa B<\/strong> est\u00e1 incorreta. N\u00e3o h\u00e1 exce\u00e7\u00e3o \u00e0 imprescritibilidade dos Direitos Humanos. A imprescritibilidade, que remete \u00e0 ideia de que as normas de Direitos Humanos n\u00e3o se esgotam, nem se consomem, com o passar do tempo.<\/p>\n<p>A <strong>alternativa C<\/strong> est\u00e1 incorreta. De acordo com a caracter\u00edstica da indivisibilidade entende-se que os direitos humanos constituem um corpo \u00fanico, a ser interpretado e aplicado em conjunto.<\/p>\n<p>A <strong>alternativa D<\/strong> est\u00e1 incorreta. Ao contr\u00e1rio do que diz a assertiva, entende-se por interdepend\u00eancia a <em>m\u00fatua rela\u00e7\u00e3o entre os Direitos Humanos protegidos pelos diversos diplomas internacionais<\/em> de forma a conferir uma prote\u00e7\u00e3o mais completa.<\/p>\n<p>A <strong>alternativa E<\/strong> est\u00e1 incorreta. A ineuxarabilidade quer diz que os Direitos Humanos n\u00e3o se exaurem no tempo. Isso est\u00e1 relacionado \u00e0 imprescritibilidade dos Direitos Humanos.<\/p>\n<h3>Quest\u00e3o \u2013 FCC\/PGE-MA \u2013 Procurador &#8211; 2016<\/h3>\n<p>No que concerne \u00e0s normas de interpreta\u00e7\u00e3o e colis\u00e3o de direitos humanos:<\/p>\n<p>(A) O subprinc\u00edpio da necessidade caracteriza-se pela verifica\u00e7\u00e3o de que a medida restritiva do direito humano resulta na realiza\u00e7\u00e3o do objetivo perseguido.<\/p>\n<p>(B) Muito embora o reconhecimento da efic\u00e1cia dos direitos humanos em face do Estado, ou seja, dos poderes p\u00fablicos, os mesmos n\u00e3o vinculam as rela\u00e7\u00f5es entre particulares, as quais s\u00e3o regidas exclusivamente pelo direito interno.<\/p>\n<p>(C) O subprinc\u00edpio da proporcionalidade em sentido estrito visa a constata\u00e7\u00e3o de que a medida restritiva do direito humano \u00e9 indispens\u00e1vel e que n\u00e3o exista outra menos restritiva pass\u00edvel de ser adotada.<\/p>\n<p>(D) A prote\u00e7\u00e3o do n\u00facleo essencial representa o conte\u00fado intang\u00edvel inerente a cada direito humano que n\u00e3o pode ser violado na hip\u00f3tese de sua restri\u00e7\u00e3o e limita\u00e7\u00e3o do mesmo, caracterizando-se como \u201climite do limite\u201d.<\/p>\n<p>(E) O subprinc\u00edpio da adequa\u00e7\u00e3o busca assegurar o equil\u00edbrio entre a finalidade perseguida pela restri\u00e7\u00e3o imposta ao direito humano e os meios adotados para a sua realiza\u00e7\u00e3o.<\/p>\n<h3>Coment\u00e1rios<\/h3>\n<p>A <strong>alternativa A<\/strong> est\u00e1 incorreta. Observe que a alternativa n\u00e3o faz sentido. N\u00e3o \u00e9 poss\u00edvel que a restri\u00e7\u00e3o de um direito acarrete a realiza\u00e7\u00e3o dele.<\/p>\n<p>A <strong>alternativa B<\/strong> est\u00e1 incorreta. Como mencionamos em aula, os Direitos Humanos possuem efic\u00e1cia horizontal, ou seja, vinculam tamb\u00e9m as rela\u00e7\u00f5es entre particulares. A efic\u00e1cia horizontal \u00e9 uma das caracter\u00edsticas dos Direitos Humanos, conforme apontado em aula.<\/p>\n<p>A <strong>alternativa C<\/strong> est\u00e1 incorreta. O princ\u00edpio da proporcionalidade preceitua que se deve buscar o equil\u00edbrio ao aplicar os Direitos Humanos. O princ\u00edpio da proporcionalidade exige a adequa\u00e7\u00e3o entre os meios e os fins.<\/p>\n<p>A <strong>alternativa D<\/strong> est\u00e1 correta e \u00e9 o gabarito da quest\u00e3o. O n\u00facleo dos Direitos Humanos representa o cerne de prote\u00e7\u00e3o inafast\u00e1vel de determinado direito. Nesse sentido, por n\u00e3o poder ser afastado, fala-se em \u201climite do limite\u201d.<\/p>\n<p>A <strong>alternativa E<\/strong> est\u00e1 incorreta, pois traz o conceito de proporcionalidade. Na verdade, a adequa\u00e7\u00e3o \u00e9 uma faceta da razoabilidade.<\/p>\n<h3>Quest\u00e3o \u2013 FCC\/PGE-MA \u2013 Procurador &#8211; 2016<\/h3>\n<p>A respeito da incorpora\u00e7\u00e3o dos tratados internacionais de direitos humanos, \u00e9 INCORRETO afirmar:<\/p>\n<p>(A) A aprova\u00e7\u00e3o pelo Congresso Nacional de um tratado de direitos humanos de acordo com o rito estabelecido no \u00a7 3 do art. 5\u00ba da Constitui\u00e7\u00e3o Federal n\u00e3o dispensa a ratifica\u00e7\u00e3o do tratado.<\/p>\n<p>(B) Os tratados aprovados pelo Congresso Nacional na forma do art. 5, \u00a7 3\u00ba, da Constitui\u00e7\u00e3o Federal possuem hierarquia e for\u00e7a normativa equivalente \u00e0s emendas constitucionais.<\/p>\n<p>(C) Os tratados e conven\u00e7\u00f5es internacionais sobre direitos humanos que forem aprovados, em cada Casa do Congresso Nacional, em dois turnos, por tr\u00eas quintos dos votos dos respectivos membros, ser\u00e3o equivalentes \u00e0s emendas constitucionais.<\/p>\n<p>(D) Os tratados internacionais que n\u00e3o versam sobre direitos humanos possuem, como regra geral, hierarquia de lei ordin\u00e1ria.<\/p>\n<p>(E) Os tratados internacionais de direitos humanos dependem de ratifica\u00e7\u00e3o pelo Brasil, mediante processo de incorpora\u00e7\u00e3o de atribui\u00e7\u00e3o e participa\u00e7\u00e3o exclusiva do Congresso Nacional.<\/p>\n<h3>Coment\u00e1rios<\/h3>\n<p>A <strong>alternativa A<\/strong> est\u00e1 correta. A aprova\u00e7\u00e3o do tratado com o qu\u00f3rum do art. 5\u00ba, \u00a7 3\u00ba, da CF, dota o tratado de n\u00edvel constitucional, contudo, ainda \u00e9 necess\u00e1ria a pr\u00e9via ratifica\u00e7\u00e3o.<\/p>\n<p>A <strong>alternativa B<\/strong> est\u00e1 correta. Como dissemos repetidamente em aula. Os tratados aprovados com o qu\u00f3rum do art. 5\u00ba, \u00a7 3\u00ba, equivalem a emendas constitucionais.<\/p>\n<p>A <strong>alternativa C<\/strong> est\u00e1 correta, pois reflete exatamente a mesma coisa dita na alternativa B, apenas descreve qual o qu\u00f3rum do art. 5\u00ba, \u00a7 3\u00ba.<\/p>\n<p>A <strong>alternativa D<\/strong> est\u00e1 correta. De acordo com a decis\u00e3o do STF, os tratados de Direitos Humanos possuir\u00e3o car\u00e1ter supralegal, enquanto os demais tratados internacionais, se internalizados no direito brasileiro, equivaler\u00e3o a leis ordin\u00e1rias.<\/p>\n<p>Veja:<\/p>\n<p><img loading=\"lazy\" decoding=\"async\" class=\"aligncenter size-full wp-image-48647\" src=\"https:\/\/dhg1h5j42swfq.cloudfront.net\/2016\/09\/08105245\/piramide.png\" alt=\"piramide\" width=\"507\" height=\"496\" srcset=\"https:\/\/dhg1h5j42swfq.cloudfront.net\/2016\/09\/08105245\/piramide.png 507w, https:\/\/dhg1h5j42swfq.cloudfront.net\/2016\/09\/08105245\/piramide.png 300w, https:\/\/dhg1h5j42swfq.cloudfront.net\/2016\/09\/08105245\/piramide.png 307w\" sizes=\"auto, (max-width: 507px) 100vw, 507px\" \/><\/p>\n<p>A <strong>alternativa E<\/strong> est\u00e1 incorreta e \u00e9 o gabarito da quest\u00e3o. A participa\u00e7\u00e3o n\u00e3o \u00e9 exclusiva do Congresso Nacional na ratifica\u00e7\u00e3o dos tratados internacionais. Tal como dito em aula, para que um tratado obrigue o Estado brasileiro internamente ele dever\u00e1 passar por quatro fases. S\u00e3o elas: a)\u00a0assinatura internacional; b)\u00a0aprova\u00e7\u00e3o pelo Congresso Nacional; c)\u00a0ratifica\u00e7\u00e3o e dep\u00f3sito; e d)\u00a0promulga\u00e7\u00e3o interna.<\/p>\n<p>\u00c9 isso, pessoal!<\/p>\n<p>Se voc\u00ea preferir, baixe as quest\u00f5es comentadas, <span style=\"color: #ff0000;\"><strong><a style=\"color: #ff0000;\" href=\"https:\/\/dhg1h5j42swfq.cloudfront.net\/2016\/09\/08105817\/ARTIGO-26-Coment%C3%A1rio-%C3%A0s-Quest%C3%B5es-de-Direitos-Humanos-PGE-MA.pdf\">AQUI<\/a><\/strong><\/span>!<\/p>\n<p>Qualquer d\u00favida, deixe seu coment\u00e1rio.<\/p>\n<p>Excelentes estudos!<\/p>\n","protected":false},"excerpt":{"rendered":"<p>PGE-MA: Coment\u00e1rios \u00e0s Quest\u00f5es de Direitos Humanos No dia 4\/9 foi aplicada a prova para Procurador do Estado do Maranh\u00e3o. A prova &#8211; que foi realizada pela FCC &#8211; teve a cobran\u00e7a de 5 quest\u00f5es de Direitos Humanos. Felizmente, TODAS as quest\u00f5es cobradas em prova, constavam do nosso material, pelo que, acreditamos, que nossos alunos [&hellip;]<\/p>\n","protected":false},"author":180,"featured_media":48648,"comment_status":"open","ping_status":"open","sticky":false,"template":"","format":"standard","meta":{"post_tipo":"article","footnotes":""},"categories":[1],"tags":[525],"tax_estado":[],"class_list":["post-48645","post","type-post","status-publish","format-standard","has-post-thumbnail","hentry","category-cursos-e-concursos","tag-direitos-humanos"],"acf":[],"yoast_head":"<!-- This site is optimized with the Yoast SEO Premium plugin v27.2 (Yoast SEO v27.2) - https:\/\/yoast.com\/product\/yoast-seo-premium-wordpress\/ -->\n<title>PGE-MA: Coment\u00e1rios \u00e0s Quest\u00f5es de Direitos Humanos<\/title>\n<meta name=\"robots\" content=\"index, follow, max-snippet:-1, max-image-preview:large, max-video-preview:-1\" \/>\n<link rel=\"canonical\" href=\"https:\/\/www.estrategiaconcursos.com.br\/blog\/questoes-de-direitos-humanos\/\" \/>\n<meta property=\"og:locale\" content=\"pt_BR\" \/>\n<meta property=\"og:type\" content=\"article\" \/>\n<meta property=\"og:title\" content=\"PGE-MA: Coment\u00e1rios \u00e0s Quest\u00f5es de Direitos Humanos\" \/>\n<meta property=\"og:description\" content=\"PGE-MA: Coment\u00e1rios \u00e0s Quest\u00f5es de Direitos Humanos No dia 4\/9 foi aplicada a prova para Procurador do Estado do Maranh\u00e3o. A prova &#8211; que foi realizada pela FCC &#8211; teve a cobran\u00e7a de 5 quest\u00f5es de Direitos Humanos. Felizmente, TODAS as quest\u00f5es cobradas em prova, constavam do nosso material, pelo que, acreditamos, que nossos alunos [&hellip;]\" \/>\n<meta property=\"og:url\" content=\"https:\/\/www.estrategiaconcursos.com.br\/blog\/questoes-de-direitos-humanos\/\" \/>\n<meta property=\"og:site_name\" content=\"Estrat\u00e9gia Concursos\" \/>\n<meta property=\"article:author\" content=\"https:\/\/www.facebook.com\/ricardo.s.torques\" \/>\n<meta property=\"article:published_time\" content=\"2016-09-08T13:58:51+00:00\" \/>\n<meta property=\"article:modified_time\" content=\"2016-09-08T17:28:15+00:00\" \/>\n<meta property=\"og:image\" content=\"https:\/\/dhg1h5j42swfq.cloudfront.net\/2016\/09\/08105533\/pge-ma.png\" \/>\n\t<meta property=\"og:image:width\" content=\"810\" \/>\n\t<meta property=\"og:image:height\" content=\"450\" \/>\n\t<meta property=\"og:image:type\" content=\"image\/png\" \/>\n<meta name=\"author\" content=\"Ricardo Torques\" \/>\n<meta name=\"twitter:card\" content=\"summary_large_image\" \/>\n<meta name=\"twitter:creator\" content=\"@EstratConcursos\" \/>\n<meta name=\"twitter:site\" content=\"@EstratConcursos\" \/>\n<meta name=\"twitter:label1\" content=\"Escrito por\" \/>\n\t<meta name=\"twitter:data1\" content=\"Ricardo Torques\" \/>\n\t<meta name=\"twitter:label2\" content=\"Est. tempo de leitura\" \/>\n\t<meta name=\"twitter:data2\" content=\"10 minutos\" \/>\n<script type=\"application\/ld+json\" class=\"yoast-schema-graph\">{\"@context\":\"https:\/\/schema.org\",\"@graph\":[{\"@type\":\"NewsArticle\",\"@id\":\"https:\/\/www.estrategiaconcursos.com.br\/blog\/questoes-de-direitos-humanos\/#article\",\"isPartOf\":{\"@id\":\"https:\/\/www.estrategiaconcursos.com.br\/blog\/questoes-de-direitos-humanos\/\"},\"author\":{\"name\":\"Ricardo Torques\",\"@id\":\"https:\/\/www.estrategiaconcursos.com.br\/blog\/#\/schema\/person\/aa39cf5ddb518e5bdce27c35788405e2\"},\"headline\":\"PGE-MA: Coment\u00e1rios \u00e0s Quest\u00f5es de Direitos Humanos\",\"datePublished\":\"2016-09-08T13:58:51+00:00\",\"dateModified\":\"2016-09-08T17:28:15+00:00\",\"mainEntityOfPage\":{\"@id\":\"https:\/\/www.estrategiaconcursos.com.br\/blog\/questoes-de-direitos-humanos\/\"},\"wordCount\":2037,\"commentCount\":1,\"publisher\":{\"@id\":\"https:\/\/www.estrategiaconcursos.com.br\/blog\/#organization\"},\"image\":{\"@id\":\"https:\/\/www.estrategiaconcursos.com.br\/blog\/questoes-de-direitos-humanos\/#primaryimage\"},\"thumbnailUrl\":\"https:\/\/dhg1h5j42swfq.cloudfront.net\/2016\/09\/08105533\/pge-ma.png\",\"keywords\":[\"Direitos Humanos\"],\"articleSection\":[\"Concursos P\u00fablicos\"],\"inLanguage\":\"pt-BR\",\"potentialAction\":[{\"@type\":\"CommentAction\",\"name\":\"Comment\",\"target\":[\"https:\/\/www.estrategiaconcursos.com.br\/blog\/questoes-de-direitos-humanos\/#respond\"]}],\"copyrightYear\":\"2016\",\"copyrightHolder\":{\"@id\":\"https:\/\/www.estrategiaconcursos.com.br\/blog\/#organization\"}},{\"@type\":\"WebPage\",\"@id\":\"https:\/\/www.estrategiaconcursos.com.br\/blog\/questoes-de-direitos-humanos\/\",\"url\":\"https:\/\/www.estrategiaconcursos.com.br\/blog\/questoes-de-direitos-humanos\/\",\"name\":\"PGE-MA: Coment\u00e1rios \u00e0s Quest\u00f5es de Direitos Humanos\",\"isPartOf\":{\"@id\":\"https:\/\/www.estrategiaconcursos.com.br\/blog\/#website\"},\"primaryImageOfPage\":{\"@id\":\"https:\/\/www.estrategiaconcursos.com.br\/blog\/questoes-de-direitos-humanos\/#primaryimage\"},\"image\":{\"@id\":\"https:\/\/www.estrategiaconcursos.com.br\/blog\/questoes-de-direitos-humanos\/#primaryimage\"},\"thumbnailUrl\":\"https:\/\/dhg1h5j42swfq.cloudfront.net\/2016\/09\/08105533\/pge-ma.png\",\"datePublished\":\"2016-09-08T13:58:51+00:00\",\"dateModified\":\"2016-09-08T17:28:15+00:00\",\"breadcrumb\":{\"@id\":\"https:\/\/www.estrategiaconcursos.com.br\/blog\/questoes-de-direitos-humanos\/#breadcrumb\"},\"inLanguage\":\"pt-BR\",\"potentialAction\":[{\"@type\":\"ReadAction\",\"target\":[\"https:\/\/www.estrategiaconcursos.com.br\/blog\/questoes-de-direitos-humanos\/\"]}]},{\"@type\":\"ImageObject\",\"inLanguage\":\"pt-BR\",\"@id\":\"https:\/\/www.estrategiaconcursos.com.br\/blog\/questoes-de-direitos-humanos\/#primaryimage\",\"url\":\"https:\/\/dhg1h5j42swfq.cloudfront.net\/2016\/09\/08105533\/pge-ma.png\",\"contentUrl\":\"https:\/\/dhg1h5j42swfq.cloudfront.net\/2016\/09\/08105533\/pge-ma.png\",\"width\":810,\"height\":450},{\"@type\":\"BreadcrumbList\",\"@id\":\"https:\/\/www.estrategiaconcursos.com.br\/blog\/questoes-de-direitos-humanos\/#breadcrumb\",\"itemListElement\":[{\"@type\":\"ListItem\",\"position\":1,\"name\":\"In\u00edcio\",\"item\":\"https:\/\/www.estrategiaconcursos.com.br\/blog\/\"},{\"@type\":\"ListItem\",\"position\":2,\"name\":\"PGE-MA: Coment\u00e1rios \u00e0s Quest\u00f5es de Direitos Humanos\"}]},{\"@type\":\"WebSite\",\"@id\":\"https:\/\/www.estrategiaconcursos.com.br\/blog\/#website\",\"url\":\"https:\/\/www.estrategiaconcursos.com.br\/blog\/\",\"name\":\"Estrat\u00e9gia Concursos\",\"description\":\"O blog da Estrat\u00e9gia Concursos traz not\u00edcias sobre concursos e artigos de professores oferecendo cursos para concursos (pdf + videaulas) no site.\",\"publisher\":{\"@id\":\"https:\/\/www.estrategiaconcursos.com.br\/blog\/#organization\"},\"potentialAction\":[{\"@type\":\"SearchAction\",\"target\":{\"@type\":\"EntryPoint\",\"urlTemplate\":\"https:\/\/www.estrategiaconcursos.com.br\/blog\/?s={search_term_string}\"},\"query-input\":{\"@type\":\"PropertyValueSpecification\",\"valueRequired\":true,\"valueName\":\"search_term_string\"}}],\"inLanguage\":\"pt-BR\"},{\"@type\":\"Organization\",\"@id\":\"https:\/\/www.estrategiaconcursos.com.br\/blog\/#organization\",\"name\":\"Estrat\u00e9gia Concursos\",\"url\":\"https:\/\/www.estrategiaconcursos.com.br\/blog\/\",\"logo\":{\"@type\":\"ImageObject\",\"inLanguage\":\"pt-BR\",\"@id\":\"https:\/\/www.estrategiaconcursos.com.br\/blog\/#\/schema\/logo\/image\/\",\"url\":\"https:\/\/dhg1h5j42swfq.cloudfront.net\/2025\/06\/03203428\/logo_concursos-1.jpg\",\"contentUrl\":\"https:\/\/dhg1h5j42swfq.cloudfront.net\/2025\/06\/03203428\/logo_concursos-1.jpg\",\"width\":230,\"height\":60,\"caption\":\"Estrat\u00e9gia Concursos\"},\"image\":{\"@id\":\"https:\/\/www.estrategiaconcursos.com.br\/blog\/#\/schema\/logo\/image\/\"},\"sameAs\":[\"https:\/\/x.com\/EstratConcursos\"]},{\"@type\":\"Person\",\"@id\":\"https:\/\/www.estrategiaconcursos.com.br\/blog\/#\/schema\/person\/aa39cf5ddb518e5bdce27c35788405e2\",\"name\":\"Ricardo Torques\",\"image\":{\"@type\":\"ImageObject\",\"inLanguage\":\"pt-BR\",\"@id\":\"https:\/\/secure.gravatar.com\/avatar\/ce9ac6c3cff25fe86d15ed568ebc64d1724baf5c0693133bcb1f6073f712f92a?s=96&d=mm&r=g\",\"url\":\"https:\/\/secure.gravatar.com\/avatar\/ce9ac6c3cff25fe86d15ed568ebc64d1724baf5c0693133bcb1f6073f712f92a?s=96&d=mm&r=g\",\"contentUrl\":\"https:\/\/secure.gravatar.com\/avatar\/ce9ac6c3cff25fe86d15ed568ebc64d1724baf5c0693133bcb1f6073f712f92a?s=96&d=mm&r=g\",\"caption\":\"Ricardo Torques\"},\"sameAs\":[\"https:\/\/www.facebook.com\/ricardo.s.torques\"],\"url\":\"https:\/\/www.estrategiaconcursos.com.br\/blog\/author\/ricardotorquesestrategiaconcursos-com-br\/\"}]}<\/script>\n<!-- \/ Yoast SEO Premium plugin. -->","yoast_head_json":{"title":"PGE-MA: Coment\u00e1rios \u00e0s Quest\u00f5es de Direitos Humanos","robots":{"index":"index","follow":"follow","max-snippet":"max-snippet:-1","max-image-preview":"max-image-preview:large","max-video-preview":"max-video-preview:-1"},"canonical":"https:\/\/www.estrategiaconcursos.com.br\/blog\/questoes-de-direitos-humanos\/","og_locale":"pt_BR","og_type":"article","og_title":"PGE-MA: Coment\u00e1rios \u00e0s Quest\u00f5es de Direitos Humanos","og_description":"PGE-MA: Coment\u00e1rios \u00e0s Quest\u00f5es de Direitos Humanos No dia 4\/9 foi aplicada a prova para Procurador do Estado do Maranh\u00e3o. A prova &#8211; que foi realizada pela FCC &#8211; teve a cobran\u00e7a de 5 quest\u00f5es de Direitos Humanos. Felizmente, TODAS as quest\u00f5es cobradas em prova, constavam do nosso material, pelo que, acreditamos, que nossos alunos [&hellip;]","og_url":"https:\/\/www.estrategiaconcursos.com.br\/blog\/questoes-de-direitos-humanos\/","og_site_name":"Estrat\u00e9gia Concursos","article_author":"https:\/\/www.facebook.com\/ricardo.s.torques","article_published_time":"2016-09-08T13:58:51+00:00","article_modified_time":"2016-09-08T17:28:15+00:00","og_image":[{"width":810,"height":450,"url":"https:\/\/dhg1h5j42swfq.cloudfront.net\/2016\/09\/08105533\/pge-ma.png","type":"image\/png"}],"author":"Ricardo Torques","twitter_card":"summary_large_image","twitter_creator":"@EstratConcursos","twitter_site":"@EstratConcursos","twitter_misc":{"Escrito por":"Ricardo Torques","Est. tempo de leitura":"10 minutos"},"schema":{"@context":"https:\/\/schema.org","@graph":[{"@type":"NewsArticle","@id":"https:\/\/www.estrategiaconcursos.com.br\/blog\/questoes-de-direitos-humanos\/#article","isPartOf":{"@id":"https:\/\/www.estrategiaconcursos.com.br\/blog\/questoes-de-direitos-humanos\/"},"author":{"name":"Ricardo Torques","@id":"https:\/\/www.estrategiaconcursos.com.br\/blog\/#\/schema\/person\/aa39cf5ddb518e5bdce27c35788405e2"},"headline":"PGE-MA: Coment\u00e1rios \u00e0s Quest\u00f5es de Direitos Humanos","datePublished":"2016-09-08T13:58:51+00:00","dateModified":"2016-09-08T17:28:15+00:00","mainEntityOfPage":{"@id":"https:\/\/www.estrategiaconcursos.com.br\/blog\/questoes-de-direitos-humanos\/"},"wordCount":2037,"commentCount":1,"publisher":{"@id":"https:\/\/www.estrategiaconcursos.com.br\/blog\/#organization"},"image":{"@id":"https:\/\/www.estrategiaconcursos.com.br\/blog\/questoes-de-direitos-humanos\/#primaryimage"},"thumbnailUrl":"https:\/\/dhg1h5j42swfq.cloudfront.net\/2016\/09\/08105533\/pge-ma.png","keywords":["Direitos Humanos"],"articleSection":["Concursos P\u00fablicos"],"inLanguage":"pt-BR","potentialAction":[{"@type":"CommentAction","name":"Comment","target":["https:\/\/www.estrategiaconcursos.com.br\/blog\/questoes-de-direitos-humanos\/#respond"]}],"copyrightYear":"2016","copyrightHolder":{"@id":"https:\/\/www.estrategiaconcursos.com.br\/blog\/#organization"}},{"@type":"WebPage","@id":"https:\/\/www.estrategiaconcursos.com.br\/blog\/questoes-de-direitos-humanos\/","url":"https:\/\/www.estrategiaconcursos.com.br\/blog\/questoes-de-direitos-humanos\/","name":"PGE-MA: Coment\u00e1rios \u00e0s Quest\u00f5es de Direitos Humanos","isPartOf":{"@id":"https:\/\/www.estrategiaconcursos.com.br\/blog\/#website"},"primaryImageOfPage":{"@id":"https:\/\/www.estrategiaconcursos.com.br\/blog\/questoes-de-direitos-humanos\/#primaryimage"},"image":{"@id":"https:\/\/www.estrategiaconcursos.com.br\/blog\/questoes-de-direitos-humanos\/#primaryimage"},"thumbnailUrl":"https:\/\/dhg1h5j42swfq.cloudfront.net\/2016\/09\/08105533\/pge-ma.png","datePublished":"2016-09-08T13:58:51+00:00","dateModified":"2016-09-08T17:28:15+00:00","breadcrumb":{"@id":"https:\/\/www.estrategiaconcursos.com.br\/blog\/questoes-de-direitos-humanos\/#breadcrumb"},"inLanguage":"pt-BR","potentialAction":[{"@type":"ReadAction","target":["https:\/\/www.estrategiaconcursos.com.br\/blog\/questoes-de-direitos-humanos\/"]}]},{"@type":"ImageObject","inLanguage":"pt-BR","@id":"https:\/\/www.estrategiaconcursos.com.br\/blog\/questoes-de-direitos-humanos\/#primaryimage","url":"https:\/\/dhg1h5j42swfq.cloudfront.net\/2016\/09\/08105533\/pge-ma.png","contentUrl":"https:\/\/dhg1h5j42swfq.cloudfront.net\/2016\/09\/08105533\/pge-ma.png","width":810,"height":450},{"@type":"BreadcrumbList","@id":"https:\/\/www.estrategiaconcursos.com.br\/blog\/questoes-de-direitos-humanos\/#breadcrumb","itemListElement":[{"@type":"ListItem","position":1,"name":"In\u00edcio","item":"https:\/\/www.estrategiaconcursos.com.br\/blog\/"},{"@type":"ListItem","position":2,"name":"PGE-MA: Coment\u00e1rios \u00e0s Quest\u00f5es de Direitos Humanos"}]},{"@type":"WebSite","@id":"https:\/\/www.estrategiaconcursos.com.br\/blog\/#website","url":"https:\/\/www.estrategiaconcursos.com.br\/blog\/","name":"Estrat\u00e9gia Concursos","description":"O blog da Estrat\u00e9gia Concursos traz not\u00edcias sobre concursos e artigos de professores oferecendo cursos para concursos (pdf + videaulas) no site.","publisher":{"@id":"https:\/\/www.estrategiaconcursos.com.br\/blog\/#organization"},"potentialAction":[{"@type":"SearchAction","target":{"@type":"EntryPoint","urlTemplate":"https:\/\/www.estrategiaconcursos.com.br\/blog\/?s={search_term_string}"},"query-input":{"@type":"PropertyValueSpecification","valueRequired":true,"valueName":"search_term_string"}}],"inLanguage":"pt-BR"},{"@type":"Organization","@id":"https:\/\/www.estrategiaconcursos.com.br\/blog\/#organization","name":"Estrat\u00e9gia Concursos","url":"https:\/\/www.estrategiaconcursos.com.br\/blog\/","logo":{"@type":"ImageObject","inLanguage":"pt-BR","@id":"https:\/\/www.estrategiaconcursos.com.br\/blog\/#\/schema\/logo\/image\/","url":"https:\/\/dhg1h5j42swfq.cloudfront.net\/2025\/06\/03203428\/logo_concursos-1.jpg","contentUrl":"https:\/\/dhg1h5j42swfq.cloudfront.net\/2025\/06\/03203428\/logo_concursos-1.jpg","width":230,"height":60,"caption":"Estrat\u00e9gia Concursos"},"image":{"@id":"https:\/\/www.estrategiaconcursos.com.br\/blog\/#\/schema\/logo\/image\/"},"sameAs":["https:\/\/x.com\/EstratConcursos"]},{"@type":"Person","@id":"https:\/\/www.estrategiaconcursos.com.br\/blog\/#\/schema\/person\/aa39cf5ddb518e5bdce27c35788405e2","name":"Ricardo Torques","image":{"@type":"ImageObject","inLanguage":"pt-BR","@id":"https:\/\/secure.gravatar.com\/avatar\/ce9ac6c3cff25fe86d15ed568ebc64d1724baf5c0693133bcb1f6073f712f92a?s=96&d=mm&r=g","url":"https:\/\/secure.gravatar.com\/avatar\/ce9ac6c3cff25fe86d15ed568ebc64d1724baf5c0693133bcb1f6073f712f92a?s=96&d=mm&r=g","contentUrl":"https:\/\/secure.gravatar.com\/avatar\/ce9ac6c3cff25fe86d15ed568ebc64d1724baf5c0693133bcb1f6073f712f92a?s=96&d=mm&r=g","caption":"Ricardo Torques"},"sameAs":["https:\/\/www.facebook.com\/ricardo.s.torques"],"url":"https:\/\/www.estrategiaconcursos.com.br\/blog\/author\/ricardotorquesestrategiaconcursos-com-br\/"}]}},"_links":{"self":[{"href":"https:\/\/www.estrategiaconcursos.com.br\/blog\/wp-json\/wp\/v2\/posts\/48645","targetHints":{"allow":["GET"]}}],"collection":[{"href":"https:\/\/www.estrategiaconcursos.com.br\/blog\/wp-json\/wp\/v2\/posts"}],"about":[{"href":"https:\/\/www.estrategiaconcursos.com.br\/blog\/wp-json\/wp\/v2\/types\/post"}],"author":[{"embeddable":true,"href":"https:\/\/www.estrategiaconcursos.com.br\/blog\/wp-json\/wp\/v2\/users\/180"}],"replies":[{"embeddable":true,"href":"https:\/\/www.estrategiaconcursos.com.br\/blog\/wp-json\/wp\/v2\/comments?post=48645"}],"version-history":[{"count":2,"href":"https:\/\/www.estrategiaconcursos.com.br\/blog\/wp-json\/wp\/v2\/posts\/48645\/revisions"}],"predecessor-version":[{"id":48651,"href":"https:\/\/www.estrategiaconcursos.com.br\/blog\/wp-json\/wp\/v2\/posts\/48645\/revisions\/48651"}],"wp:featuredmedia":[{"embeddable":true,"href":"https:\/\/www.estrategiaconcursos.com.br\/blog\/wp-json\/wp\/v2\/media\/48648"}],"wp:attachment":[{"href":"https:\/\/www.estrategiaconcursos.com.br\/blog\/wp-json\/wp\/v2\/media?parent=48645"}],"wp:term":[{"taxonomy":"category","embeddable":true,"href":"https:\/\/www.estrategiaconcursos.com.br\/blog\/wp-json\/wp\/v2\/categories?post=48645"},{"taxonomy":"post_tag","embeddable":true,"href":"https:\/\/www.estrategiaconcursos.com.br\/blog\/wp-json\/wp\/v2\/tags?post=48645"},{"taxonomy":"tax_estado","embeddable":true,"href":"https:\/\/www.estrategiaconcursos.com.br\/blog\/wp-json\/wp\/v2\/tax_estado?post=48645"}],"curies":[{"name":"wp","href":"https:\/\/api.w.org\/{rel}","templated":true}]}}