{"id":486248,"date":"2020-02-27T16:19:26","date_gmt":"2020-02-27T19:19:26","guid":{"rendered":"https:\/\/www.estrategiaconcursos.com.br\/blog\/?p=486248"},"modified":"2022-11-22T15:00:22","modified_gmt":"2022-11-22T18:00:22","slug":"por-que-a-trilha-estrategica-pos-edital-do-tc-df-esta-tao-aprofundada","status":"publish","type":"post","link":"https:\/\/www.estrategiaconcursos.com.br\/blog\/por-que-a-trilha-estrategica-pos-edital-do-tc-df-esta-tao-aprofundada\/","title":{"rendered":"Por que a Trilha Estrat\u00e9gica P\u00f3s-Edital do TC-DF est\u00e1 t\u00e3o aprofundada?"},"content":{"rendered":"<em>Ol\u00e1, pessoal! Tudo bem?<\/em>\n\nCom a publica\u00e7\u00e3o do edital no dia 14 de fevereiro, ofertando 10 vagas mais cadastro de reserva, e no intuito de harmonizar duas vari\u00e1veis important\u00edssimas nessa fase, tempo e efici\u00eancia, lan\u00e7amos, no dia 19 de fevereiro, nossa <em><strong>Trilha Estrat\u00e9gica P\u00f3s-Edital <\/strong><\/em>para o cargo de <em>Auditor de Controle Externo do Tribunal de Contas do Distrito Federal (TC-DF). <\/em>\n\nCom isso, temos tamb\u00e9m algumas perguntas a serem respondidas:\n<ol>\n \t<li><em>Por que a Trilha Estrat\u00e9gica P\u00f3s-Edital est\u00e1 t\u00e3o aprofundada?<\/em><\/li>\n \t<li><em>Qual \u00e9 o p\u00fablico-alvo?<\/em><\/li>\n \t<li><em>Quais os pr\u00e9-requisitos para cumprir a Trilha com qualidade?<\/em><\/li>\n \t<li><em>Teremos Simulados? Monitorias?<\/em><\/li>\n<\/ol>\nNeste artigo, iremos detalhar cada item, esclarecendo o objetivo da nossa <em>Trilha<\/em>. Vamos l\u00e1!\n<h3><strong><em>1 &#8211; Por que a Trilha Estrat\u00e9gica est\u00e1 t\u00e3o aprofundada? <\/em><\/strong><\/h3>\nEstamos falando de um dos concursos mais concorridos e cobi\u00e7ados da <em>\u00c1rea de Controle e Gest\u00e3o<\/em>. Em decorr\u00eancia disso, temos um conte\u00fado program\u00e1tico denso e desafiador a ser visto. Logo, optamos por elaborar uma <em>Trilha<\/em> mais aprofundada, partindo do pressuposto de que os alunos que realmente possuem chances reais de aprova\u00e7\u00e3o, j\u00e1 iniciaram a sua prepara\u00e7\u00e3o e hoje possuem um maior ritmo de estudos.\n<h3><strong><em>2 &#8211; Qual \u00e9 o p\u00fablico alvo? <\/em><\/strong><\/h3>\nNosso p\u00fablico-alvo s\u00e3o alunos que j\u00e1 possuem uma <strong>base te\u00f3rica<\/strong> nas mat\u00e9rias que comp\u00f5em o n\u00facleo essencial dos certames de Tribunais de Contas, sendo assim considerados alunos intermedi\u00e1rios\/avan\u00e7ados. Tais disciplinas s\u00e3o: <em>Portugu\u00eas, Direito Administrativo, Direito Constitucional, RLM, AFO, Contabilidade Geral, Contabilidade P\u00fablica, Auditoria e Controle Externo<\/em>.\n\nSeria invi\u00e1vel percorrer todo o edital em apenas 14 semanas e, pensando nisso, tentaremos recorrer a tarefas que visem ao <em><strong>melhor custo benef\u00edcio<\/strong><\/em> para o aluno, principalmente considerando essa fase de estudos p\u00f3s-edital. Caso contr\u00e1rio, se opt\u00e1ssemos por cobrir 100% do conte\u00fado program\u00e1tico, passando por todos os assuntos das disciplinas, ir\u00edamos gerar uma quantidade de tarefas enorme, que dificilmente seria cumprida pelo aluno e, al\u00e9m disso, n\u00e3o focar\u00edamos naquilo que realmente gera valor para o concurseiro nessa reta final.\n<h3><strong><em>3 &#8211; Quais os pr\u00e9-requisitos para cumprir a Trilha Estrat\u00e9gica com qualidade? <\/em><\/strong><\/h3>\nPrimeiramente, o aluno deve possuir uma carga hor\u00e1ria l\u00edquida estimada de, no m\u00ednimo, 25-30h semanais. Isso para que consiga finalizar todas as tarefas at\u00e9 a data da prova. Al\u00e9m disso, \u00e9 interessante que possua uma base te\u00f3rica em algumas disciplinas principais.\n\nEspecificando melhor, o aluno que cumpriu toda a <em>Trilha Regular<\/em> de 2019, resolveu mais de 6.000 exerc\u00edcios, fez diversos simulados, leu diversos artigos de lei e estudou praticamente todos os relat\u00f3rios do <em>Passo Estrat\u00e9gico<\/em>. Esse aluno, obviamente, \u00e9 considerado avan\u00e7ado e teria condi\u00e7\u00f5es de cumprir a <em>Trilha P\u00f3s-Edital<\/em>.\n\nOutros alunos que j\u00e1 iniciaram os estudos, passando pelas disciplinas mais b\u00e1sicas da \u00c1rea de Controle e Gest\u00e3o, tamb\u00e9m teriam condi\u00e7\u00f5es de encarar a <em>Trilha P\u00f3s-Edital<\/em>, pois essas disciplinas, al\u00e9m de possu\u00edrem muitos assuntos a serem estudados, costumam, estatisticamente, ter uma boa representatividade na prova.\n<h3><em><strong>4 &#8211; Teremos monitorias? Simulados?<\/strong><\/em><\/h3>\nNossas monitorias est\u00e3o programadas para as seguintes datas abaixo:\n\n<em>&#8211; Dia 02 de mar\u00e7o de 2020;<\/em>\n\n<em>&#8211; Dia 30 de mar\u00e7o de 2020;<\/em>\n\n<em>&#8211; Dia 20 de abril de 2020;<\/em>\n\n<em>&#8211; Dia 27 de abril de 2020; e<\/em>\n\n<em>&#8211; Dia 25 de maio de 2020.<\/em>\n\nAl\u00e9m disso, teremos, ao todo, <em><strong>5 simulados<\/strong><\/em> espec\u00edficos para o cargo de Auditor de Controle Externo do TC-DF no P\u00f3s-Edital.\n<p class=\"has-text-align-center\"><em><strong>Assinatura Anual Ilimitada*<\/strong><\/em><\/p>\n<!-- \/wp:post-content -->\n\n<!-- wp:paragraph {\"align\":\"center\"} -->\n<p class=\"has-text-align-center\"><em>Prepare-se com o melhor material e com quem mais aprova em Concursos P\u00fablicos em todo o pa\u00eds. Assine agora a nossa Assinatura Anual e tenha acesso ilimitado* a todos os nossos cursos.<\/em><\/p>\n<!-- \/wp:paragraph -->\n\n<!-- wp:paragraph {\"align\":\"center\",\"backgroundColor\":\"light-green-cyan\",\"fontSize\":\"medium\"} -->\n<p class=\"has-background has-text-align-center has-medium-font-size has-light-green-cyan-background-color\"><strong>ASSINE AGORA<\/strong>\u00a0\u2013\u00a0<a href=\"https:\/\/www.estrategiaconcursos.com.br\/assinaturas\/\" target=\"_blank\" rel=\"noreferrer noopener\"><strong>Assinatura Ilimitada<\/strong><\/a><\/p>\n<!-- \/wp:paragraph -->","protected":false},"excerpt":{"rendered":"<p>Ol\u00e1, pessoal! Tudo bem? Com a publica\u00e7\u00e3o do edital no dia 14 de fevereiro, ofertando 10 vagas mais cadastro de reserva, e no intuito de harmonizar duas vari\u00e1veis important\u00edssimas nessa fase, tempo e efici\u00eancia, lan\u00e7amos, no dia 19 de fevereiro, nossa Trilha Estrat\u00e9gica P\u00f3s-Edital para o cargo de Auditor de Controle Externo do Tribunal de [&hellip;]<\/p>\n","protected":false},"author":988,"featured_media":0,"comment_status":"open","ping_status":"closed","sticky":false,"template":"","format":"standard","meta":{"post_tipo":"article","footnotes":""},"categories":[1],"tags":[],"tax_estado":[],"class_list":["post-486248","post","type-post","status-publish","format-standard","hentry","category-cursos-e-concursos"],"acf":[],"yoast_head":"<!-- This site is optimized with the Yoast SEO Premium plugin v27.2 (Yoast SEO v27.2) - https:\/\/yoast.com\/product\/yoast-seo-premium-wordpress\/ -->\n<title>Por que a Trilha Estrat\u00e9gica P\u00f3s-Edital do TC-DF est\u00e1 t\u00e3o aprofundada?<\/title>\n<meta name=\"robots\" content=\"index, follow, max-snippet:-1, max-image-preview:large, max-video-preview:-1\" \/>\n<link rel=\"canonical\" href=\"https:\/\/www.estrategiaconcursos.com.br\/blog\/por-que-a-trilha-estrategica-pos-edital-do-tc-df-esta-tao-aprofundada\/\" \/>\n<meta property=\"og:locale\" content=\"pt_BR\" \/>\n<meta property=\"og:type\" content=\"article\" \/>\n<meta property=\"og:title\" content=\"Por que a Trilha Estrat\u00e9gica P\u00f3s-Edital do TC-DF est\u00e1 t\u00e3o aprofundada?\" \/>\n<meta property=\"og:description\" content=\"Ol\u00e1, pessoal! Tudo bem? Com a publica\u00e7\u00e3o do edital no dia 14 de fevereiro, ofertando 10 vagas mais cadastro de reserva, e no intuito de harmonizar duas vari\u00e1veis important\u00edssimas nessa fase, tempo e efici\u00eancia, lan\u00e7amos, no dia 19 de fevereiro, nossa Trilha Estrat\u00e9gica P\u00f3s-Edital para o cargo de Auditor de Controle Externo do Tribunal de [&hellip;]\" \/>\n<meta property=\"og:url\" content=\"https:\/\/www.estrategiaconcursos.com.br\/blog\/por-que-a-trilha-estrategica-pos-edital-do-tc-df-esta-tao-aprofundada\/\" \/>\n<meta property=\"og:site_name\" content=\"Estrat\u00e9gia Concursos\" \/>\n<meta property=\"article:published_time\" content=\"2020-02-27T19:19:26+00:00\" \/>\n<meta property=\"article:modified_time\" content=\"2022-11-22T18:00:22+00:00\" \/>\n<meta name=\"author\" content=\"Renan Peron Fineto\" \/>\n<meta name=\"twitter:card\" content=\"summary_large_image\" \/>\n<meta name=\"twitter:creator\" content=\"@EstratConcursos\" \/>\n<meta name=\"twitter:site\" content=\"@EstratConcursos\" \/>\n<meta name=\"twitter:label1\" content=\"Escrito por\" \/>\n\t<meta name=\"twitter:data1\" content=\"Renan Peron Fineto\" \/>\n\t<meta name=\"twitter:label2\" content=\"Est. tempo de leitura\" \/>\n\t<meta name=\"twitter:data2\" content=\"3 minutos\" \/>\n<script type=\"application\/ld+json\" class=\"yoast-schema-graph\">{\"@context\":\"https:\/\/schema.org\",\"@graph\":[{\"@type\":\"NewsArticle\",\"@id\":\"https:\/\/www.estrategiaconcursos.com.br\/blog\/por-que-a-trilha-estrategica-pos-edital-do-tc-df-esta-tao-aprofundada\/#article\",\"isPartOf\":{\"@id\":\"https:\/\/www.estrategiaconcursos.com.br\/blog\/por-que-a-trilha-estrategica-pos-edital-do-tc-df-esta-tao-aprofundada\/\"},\"author\":{\"name\":\"Renan Peron Fineto\",\"@id\":\"https:\/\/www.estrategiaconcursos.com.br\/blog\/#\/schema\/person\/c202feb1c8b5926df6eeb176a8d31c1f\"},\"headline\":\"Por que a Trilha Estrat\u00e9gica P\u00f3s-Edital do TC-DF est\u00e1 t\u00e3o aprofundada?\",\"datePublished\":\"2020-02-27T19:19:26+00:00\",\"dateModified\":\"2022-11-22T18:00:22+00:00\",\"mainEntityOfPage\":{\"@id\":\"https:\/\/www.estrategiaconcursos.com.br\/blog\/por-que-a-trilha-estrategica-pos-edital-do-tc-df-esta-tao-aprofundada\/\"},\"wordCount\":632,\"commentCount\":0,\"publisher\":{\"@id\":\"https:\/\/www.estrategiaconcursos.com.br\/blog\/#organization\"},\"articleSection\":[\"Concursos P\u00fablicos\"],\"inLanguage\":\"pt-BR\",\"potentialAction\":[{\"@type\":\"CommentAction\",\"name\":\"Comment\",\"target\":[\"https:\/\/www.estrategiaconcursos.com.br\/blog\/por-que-a-trilha-estrategica-pos-edital-do-tc-df-esta-tao-aprofundada\/#respond\"]}],\"copyrightYear\":\"2020\",\"copyrightHolder\":{\"@id\":\"https:\/\/www.estrategiaconcursos.com.br\/blog\/#organization\"}},{\"@type\":\"WebPage\",\"@id\":\"https:\/\/www.estrategiaconcursos.com.br\/blog\/por-que-a-trilha-estrategica-pos-edital-do-tc-df-esta-tao-aprofundada\/\",\"url\":\"https:\/\/www.estrategiaconcursos.com.br\/blog\/por-que-a-trilha-estrategica-pos-edital-do-tc-df-esta-tao-aprofundada\/\",\"name\":\"Por que a Trilha Estrat\u00e9gica P\u00f3s-Edital do TC-DF est\u00e1 t\u00e3o aprofundada?\",\"isPartOf\":{\"@id\":\"https:\/\/www.estrategiaconcursos.com.br\/blog\/#website\"},\"datePublished\":\"2020-02-27T19:19:26+00:00\",\"dateModified\":\"2022-11-22T18:00:22+00:00\",\"breadcrumb\":{\"@id\":\"https:\/\/www.estrategiaconcursos.com.br\/blog\/por-que-a-trilha-estrategica-pos-edital-do-tc-df-esta-tao-aprofundada\/#breadcrumb\"},\"inLanguage\":\"pt-BR\",\"potentialAction\":[{\"@type\":\"ReadAction\",\"target\":[\"https:\/\/www.estrategiaconcursos.com.br\/blog\/por-que-a-trilha-estrategica-pos-edital-do-tc-df-esta-tao-aprofundada\/\"]}]},{\"@type\":\"BreadcrumbList\",\"@id\":\"https:\/\/www.estrategiaconcursos.com.br\/blog\/por-que-a-trilha-estrategica-pos-edital-do-tc-df-esta-tao-aprofundada\/#breadcrumb\",\"itemListElement\":[{\"@type\":\"ListItem\",\"position\":1,\"name\":\"In\u00edcio\",\"item\":\"https:\/\/www.estrategiaconcursos.com.br\/blog\/\"},{\"@type\":\"ListItem\",\"position\":2,\"name\":\"Por que a Trilha Estrat\u00e9gica P\u00f3s-Edital do TC-DF est\u00e1 t\u00e3o aprofundada?\"}]},{\"@type\":\"WebSite\",\"@id\":\"https:\/\/www.estrategiaconcursos.com.br\/blog\/#website\",\"url\":\"https:\/\/www.estrategiaconcursos.com.br\/blog\/\",\"name\":\"Estrat\u00e9gia Concursos\",\"description\":\"O blog da Estrat\u00e9gia Concursos traz not\u00edcias sobre concursos e artigos de professores oferecendo cursos para concursos (pdf + videaulas) no site.\",\"publisher\":{\"@id\":\"https:\/\/www.estrategiaconcursos.com.br\/blog\/#organization\"},\"potentialAction\":[{\"@type\":\"SearchAction\",\"target\":{\"@type\":\"EntryPoint\",\"urlTemplate\":\"https:\/\/www.estrategiaconcursos.com.br\/blog\/?s={search_term_string}\"},\"query-input\":{\"@type\":\"PropertyValueSpecification\",\"valueRequired\":true,\"valueName\":\"search_term_string\"}}],\"inLanguage\":\"pt-BR\"},{\"@type\":\"Organization\",\"@id\":\"https:\/\/www.estrategiaconcursos.com.br\/blog\/#organization\",\"name\":\"Estrat\u00e9gia Concursos\",\"url\":\"https:\/\/www.estrategiaconcursos.com.br\/blog\/\",\"logo\":{\"@type\":\"ImageObject\",\"inLanguage\":\"pt-BR\",\"@id\":\"https:\/\/www.estrategiaconcursos.com.br\/blog\/#\/schema\/logo\/image\/\",\"url\":\"https:\/\/dhg1h5j42swfq.cloudfront.net\/2025\/06\/03203428\/logo_concursos-1.jpg\",\"contentUrl\":\"https:\/\/dhg1h5j42swfq.cloudfront.net\/2025\/06\/03203428\/logo_concursos-1.jpg\",\"width\":230,\"height\":60,\"caption\":\"Estrat\u00e9gia Concursos\"},\"image\":{\"@id\":\"https:\/\/www.estrategiaconcursos.com.br\/blog\/#\/schema\/logo\/image\/\"},\"sameAs\":[\"https:\/\/x.com\/EstratConcursos\"]},{\"@type\":\"Person\",\"@id\":\"https:\/\/www.estrategiaconcursos.com.br\/blog\/#\/schema\/person\/c202feb1c8b5926df6eeb176a8d31c1f\",\"name\":\"Renan Peron Fineto\",\"image\":{\"@type\":\"ImageObject\",\"inLanguage\":\"pt-BR\",\"@id\":\"https:\/\/secure.gravatar.com\/avatar\/6f45a57598e79d990d68f8b5ada03b18faea6854fafc5e5e17504755e3242146?s=96&d=mm&r=g\",\"url\":\"https:\/\/secure.gravatar.com\/avatar\/6f45a57598e79d990d68f8b5ada03b18faea6854fafc5e5e17504755e3242146?s=96&d=mm&r=g\",\"contentUrl\":\"https:\/\/secure.gravatar.com\/avatar\/6f45a57598e79d990d68f8b5ada03b18faea6854fafc5e5e17504755e3242146?s=96&d=mm&r=g\",\"caption\":\"Renan Peron Fineto\"},\"url\":\"https:\/\/www.estrategiaconcursos.com.br\/blog\/author\/renanpfinetogmail-com\/\"}]}<\/script>\n<!-- \/ Yoast SEO Premium plugin. -->","yoast_head_json":{"title":"Por que a Trilha Estrat\u00e9gica P\u00f3s-Edital do TC-DF est\u00e1 t\u00e3o aprofundada?","robots":{"index":"index","follow":"follow","max-snippet":"max-snippet:-1","max-image-preview":"max-image-preview:large","max-video-preview":"max-video-preview:-1"},"canonical":"https:\/\/www.estrategiaconcursos.com.br\/blog\/por-que-a-trilha-estrategica-pos-edital-do-tc-df-esta-tao-aprofundada\/","og_locale":"pt_BR","og_type":"article","og_title":"Por que a Trilha Estrat\u00e9gica P\u00f3s-Edital do TC-DF est\u00e1 t\u00e3o aprofundada?","og_description":"Ol\u00e1, pessoal! Tudo bem? Com a publica\u00e7\u00e3o do edital no dia 14 de fevereiro, ofertando 10 vagas mais cadastro de reserva, e no intuito de harmonizar duas vari\u00e1veis important\u00edssimas nessa fase, tempo e efici\u00eancia, lan\u00e7amos, no dia 19 de fevereiro, nossa Trilha Estrat\u00e9gica P\u00f3s-Edital para o cargo de Auditor de Controle Externo do Tribunal de [&hellip;]","og_url":"https:\/\/www.estrategiaconcursos.com.br\/blog\/por-que-a-trilha-estrategica-pos-edital-do-tc-df-esta-tao-aprofundada\/","og_site_name":"Estrat\u00e9gia Concursos","article_published_time":"2020-02-27T19:19:26+00:00","article_modified_time":"2022-11-22T18:00:22+00:00","author":"Renan Peron Fineto","twitter_card":"summary_large_image","twitter_creator":"@EstratConcursos","twitter_site":"@EstratConcursos","twitter_misc":{"Escrito por":"Renan Peron Fineto","Est. tempo de leitura":"3 minutos"},"schema":{"@context":"https:\/\/schema.org","@graph":[{"@type":"NewsArticle","@id":"https:\/\/www.estrategiaconcursos.com.br\/blog\/por-que-a-trilha-estrategica-pos-edital-do-tc-df-esta-tao-aprofundada\/#article","isPartOf":{"@id":"https:\/\/www.estrategiaconcursos.com.br\/blog\/por-que-a-trilha-estrategica-pos-edital-do-tc-df-esta-tao-aprofundada\/"},"author":{"name":"Renan Peron Fineto","@id":"https:\/\/www.estrategiaconcursos.com.br\/blog\/#\/schema\/person\/c202feb1c8b5926df6eeb176a8d31c1f"},"headline":"Por que a Trilha Estrat\u00e9gica P\u00f3s-Edital do TC-DF est\u00e1 t\u00e3o aprofundada?","datePublished":"2020-02-27T19:19:26+00:00","dateModified":"2022-11-22T18:00:22+00:00","mainEntityOfPage":{"@id":"https:\/\/www.estrategiaconcursos.com.br\/blog\/por-que-a-trilha-estrategica-pos-edital-do-tc-df-esta-tao-aprofundada\/"},"wordCount":632,"commentCount":0,"publisher":{"@id":"https:\/\/www.estrategiaconcursos.com.br\/blog\/#organization"},"articleSection":["Concursos P\u00fablicos"],"inLanguage":"pt-BR","potentialAction":[{"@type":"CommentAction","name":"Comment","target":["https:\/\/www.estrategiaconcursos.com.br\/blog\/por-que-a-trilha-estrategica-pos-edital-do-tc-df-esta-tao-aprofundada\/#respond"]}],"copyrightYear":"2020","copyrightHolder":{"@id":"https:\/\/www.estrategiaconcursos.com.br\/blog\/#organization"}},{"@type":"WebPage","@id":"https:\/\/www.estrategiaconcursos.com.br\/blog\/por-que-a-trilha-estrategica-pos-edital-do-tc-df-esta-tao-aprofundada\/","url":"https:\/\/www.estrategiaconcursos.com.br\/blog\/por-que-a-trilha-estrategica-pos-edital-do-tc-df-esta-tao-aprofundada\/","name":"Por que a Trilha Estrat\u00e9gica P\u00f3s-Edital do TC-DF est\u00e1 t\u00e3o aprofundada?","isPartOf":{"@id":"https:\/\/www.estrategiaconcursos.com.br\/blog\/#website"},"datePublished":"2020-02-27T19:19:26+00:00","dateModified":"2022-11-22T18:00:22+00:00","breadcrumb":{"@id":"https:\/\/www.estrategiaconcursos.com.br\/blog\/por-que-a-trilha-estrategica-pos-edital-do-tc-df-esta-tao-aprofundada\/#breadcrumb"},"inLanguage":"pt-BR","potentialAction":[{"@type":"ReadAction","target":["https:\/\/www.estrategiaconcursos.com.br\/blog\/por-que-a-trilha-estrategica-pos-edital-do-tc-df-esta-tao-aprofundada\/"]}]},{"@type":"BreadcrumbList","@id":"https:\/\/www.estrategiaconcursos.com.br\/blog\/por-que-a-trilha-estrategica-pos-edital-do-tc-df-esta-tao-aprofundada\/#breadcrumb","itemListElement":[{"@type":"ListItem","position":1,"name":"In\u00edcio","item":"https:\/\/www.estrategiaconcursos.com.br\/blog\/"},{"@type":"ListItem","position":2,"name":"Por que a Trilha Estrat\u00e9gica P\u00f3s-Edital do TC-DF est\u00e1 t\u00e3o aprofundada?"}]},{"@type":"WebSite","@id":"https:\/\/www.estrategiaconcursos.com.br\/blog\/#website","url":"https:\/\/www.estrategiaconcursos.com.br\/blog\/","name":"Estrat\u00e9gia Concursos","description":"O blog da Estrat\u00e9gia Concursos traz not\u00edcias sobre concursos e artigos de professores oferecendo cursos para concursos (pdf + videaulas) no site.","publisher":{"@id":"https:\/\/www.estrategiaconcursos.com.br\/blog\/#organization"},"potentialAction":[{"@type":"SearchAction","target":{"@type":"EntryPoint","urlTemplate":"https:\/\/www.estrategiaconcursos.com.br\/blog\/?s={search_term_string}"},"query-input":{"@type":"PropertyValueSpecification","valueRequired":true,"valueName":"search_term_string"}}],"inLanguage":"pt-BR"},{"@type":"Organization","@id":"https:\/\/www.estrategiaconcursos.com.br\/blog\/#organization","name":"Estrat\u00e9gia Concursos","url":"https:\/\/www.estrategiaconcursos.com.br\/blog\/","logo":{"@type":"ImageObject","inLanguage":"pt-BR","@id":"https:\/\/www.estrategiaconcursos.com.br\/blog\/#\/schema\/logo\/image\/","url":"https:\/\/dhg1h5j42swfq.cloudfront.net\/2025\/06\/03203428\/logo_concursos-1.jpg","contentUrl":"https:\/\/dhg1h5j42swfq.cloudfront.net\/2025\/06\/03203428\/logo_concursos-1.jpg","width":230,"height":60,"caption":"Estrat\u00e9gia Concursos"},"image":{"@id":"https:\/\/www.estrategiaconcursos.com.br\/blog\/#\/schema\/logo\/image\/"},"sameAs":["https:\/\/x.com\/EstratConcursos"]},{"@type":"Person","@id":"https:\/\/www.estrategiaconcursos.com.br\/blog\/#\/schema\/person\/c202feb1c8b5926df6eeb176a8d31c1f","name":"Renan Peron Fineto","image":{"@type":"ImageObject","inLanguage":"pt-BR","@id":"https:\/\/secure.gravatar.com\/avatar\/6f45a57598e79d990d68f8b5ada03b18faea6854fafc5e5e17504755e3242146?s=96&d=mm&r=g","url":"https:\/\/secure.gravatar.com\/avatar\/6f45a57598e79d990d68f8b5ada03b18faea6854fafc5e5e17504755e3242146?s=96&d=mm&r=g","contentUrl":"https:\/\/secure.gravatar.com\/avatar\/6f45a57598e79d990d68f8b5ada03b18faea6854fafc5e5e17504755e3242146?s=96&d=mm&r=g","caption":"Renan Peron Fineto"},"url":"https:\/\/www.estrategiaconcursos.com.br\/blog\/author\/renanpfinetogmail-com\/"}]}},"_links":{"self":[{"href":"https:\/\/www.estrategiaconcursos.com.br\/blog\/wp-json\/wp\/v2\/posts\/486248","targetHints":{"allow":["GET"]}}],"collection":[{"href":"https:\/\/www.estrategiaconcursos.com.br\/blog\/wp-json\/wp\/v2\/posts"}],"about":[{"href":"https:\/\/www.estrategiaconcursos.com.br\/blog\/wp-json\/wp\/v2\/types\/post"}],"author":[{"embeddable":true,"href":"https:\/\/www.estrategiaconcursos.com.br\/blog\/wp-json\/wp\/v2\/users\/988"}],"replies":[{"embeddable":true,"href":"https:\/\/www.estrategiaconcursos.com.br\/blog\/wp-json\/wp\/v2\/comments?post=486248"}],"version-history":[{"count":15,"href":"https:\/\/www.estrategiaconcursos.com.br\/blog\/wp-json\/wp\/v2\/posts\/486248\/revisions"}],"predecessor-version":[{"id":1127862,"href":"https:\/\/www.estrategiaconcursos.com.br\/blog\/wp-json\/wp\/v2\/posts\/486248\/revisions\/1127862"}],"wp:attachment":[{"href":"https:\/\/www.estrategiaconcursos.com.br\/blog\/wp-json\/wp\/v2\/media?parent=486248"}],"wp:term":[{"taxonomy":"category","embeddable":true,"href":"https:\/\/www.estrategiaconcursos.com.br\/blog\/wp-json\/wp\/v2\/categories?post=486248"},{"taxonomy":"post_tag","embeddable":true,"href":"https:\/\/www.estrategiaconcursos.com.br\/blog\/wp-json\/wp\/v2\/tags?post=486248"},{"taxonomy":"tax_estado","embeddable":true,"href":"https:\/\/www.estrategiaconcursos.com.br\/blog\/wp-json\/wp\/v2\/tax_estado?post=486248"}],"curies":[{"name":"wp","href":"https:\/\/api.w.org\/{rel}","templated":true}]}}