{"id":486214,"date":"2020-02-27T16:08:08","date_gmt":"2020-02-27T19:08:08","guid":{"rendered":"https:\/\/www.estrategiaconcursos.com.br\/blog\/?p=486214"},"modified":"2023-08-23T10:46:20","modified_gmt":"2023-08-23T13:46:20","slug":"seeduc-rj-governador-contratacao-827-professores-temporarios","status":"publish","type":"post","link":"https:\/\/www.estrategiaconcursos.com.br\/blog\/seeduc-rj-governador-contratacao-827-professores-temporarios\/","title":{"rendered":"SEEDUC RJ: Governador autoriza contrata\u00e7\u00e3o de 827 professores tempor\u00e1rios"},"content":{"rendered":"\n<h2 class=\"wp-block-heading\">Ser\u00e3o tamb\u00e9m prorrogados contratos de 373 tempor\u00e1rios<\/h2>\n\n\n\n<p>Por meio de um decreto publicado no Di\u00e1rio Oficial do Estado do Rio de Janeiro, no dia 17 de fevereiro, o governador Wilson Witzel autorizou a <strong>contrata\u00e7\u00e3o de 827 professores e a prorroga\u00e7\u00e3o do contrato de 373, ambos por tempo determinado<\/strong> pela Secretaria de Estado de Educa\u00e7\u00e3o &#8211; SEEDUC RJ, devido \u00e0 necessidade de docentes no ano letivo de 2020.<\/p>\n\n\n\n<p>Ser\u00e3o <strong>prorrogadas<\/strong> contrata\u00e7\u00f5es de<strong> 373 professores<\/strong> por tempo determinado e <strong>contratados<\/strong> <strong>777 professores<\/strong>, todos de anos finais de Ensino Fundamental e de Ensino M\u00e9dio, com cargas hor\u00e1rias <strong>de 16 e 30 horas<\/strong>. Ser\u00e3o tamb\u00e9m <strong>contratados 50 professores<\/strong> de anos iniciais do Ensino Fundamental, com carga hor\u00e1ria de <strong>22 horas semanais<\/strong>.<\/p>\n\n\n\n<p>A Secretaria dever\u00e1 direcionar 5% das vagas aos candidatos com defici\u00eancia; 20% aos candidatos negros e \u00edndios e 10% das vagas aos candidatos com hipossufici\u00eancia econ\u00f4mica.<\/p>\n\n\n\n<p>As contrata\u00e7\u00f5es ser\u00e3o feitas por tempo determinado, estritamente necess\u00e1rio ao atendimento letivo do ano de 2020, tendo prazo de at\u00e9 02 anos, admitida a prorroga\u00e7\u00e3o pelo prazo m\u00e1ximo de at\u00e9 01 ano.&nbsp;<\/p>\n\n\n\n<p>A Secretaria de Educa\u00e7\u00e3o do Estado do Rio de Janeiro realizou certame pela \u00faltima vez em 2014. Na ocasi\u00e3o, foram ofertadas mais de 1.000 vagas para o cargo de professor docente, plano I, sendo 704 designadas ao regime de 16 horas semanais e 696, para o de 30 horas.<\/p>\n\n\n\n<p>Na \u00e9poca, o concurso foi regido por prova objetiva e avalia\u00e7\u00e3o de t\u00edtulos. Na primeira etapa, os candidatos tiveram nas suas avalia\u00e7\u00f5es as disciplinas de: Portugu\u00eas, Conhecimentos Gerais e Pedag\u00f3gicos e&nbsp;Conhecimentos Espec\u00edficos. A remunera\u00e7\u00e3o oferecida no edital era de R$1.241,97 e R$ 2.188,67, para 16 e 30 horas semanais; respectivamente.<\/p>\n\n\n\n<p class=\"has-text-align-center has-luminous-vivid-amber-background-color has-background\" style=\"font-size:clamp(15.197px, 0.95rem + ((1vw - 3.2px) * 0.765), 23px);px\"><a href=\"https:\/\/estrategiaconcursos.com.br\/cursos\/concurso\/\" target=\"_blank\" rel=\"noreferrer noopener\"><strong>CURSO PARA CONCURSO<\/strong><\/a><\/p>\n\n\n\n<h2 class=\"wp-block-heading has-text-align-center\" id=\"assinatura\"><em><strong>Assinatura Anual Ilimitada*<\/strong><\/em><\/h2>\n\n\n\n<p class=\"has-text-align-center\"><em>Prepare-se com o melhor material e com quem mais aprova em Concursos P\u00fablicos em todo o pa\u00eds. Assine agora a nossa Assinatura Anual e tenha acesso ilimitado* a todos os nossos cursos.<\/em><\/p>\n\n\n\n<p class=\"has-text-align-center has-light-green-cyan-background-color has-background\" style=\"font-size:clamp(16.293px, 1.018rem + ((1vw - 3.2px) * 0.854), 25px);px\"><strong>ASSINE AGORA<\/strong>&nbsp;\u2013&nbsp;<strong><a href=\"https:\/\/www.estrategiaconcursos.com.br\/assinaturas\" target=\"_blank\" rel=\"noreferrer noopener\">Assinatura Ilimitada<\/a><\/strong><\/p>\n\n\n\n<p class=\"has-text-align-center has-pale-cyan-blue-background-color has-background\" style=\"font-size:clamp(15.197px, 0.95rem + ((1vw - 3.2px) * 0.765), 23px);px\"><strong><a href=\"https:\/\/www.estrategiaconcursos.com.br\/blog\/concursos-abertos\/\">CONCURSOS ABERTOS<\/a><\/strong><\/p>\n","protected":false},"excerpt":{"rendered":"<p>Ser\u00e3o tamb\u00e9m prorrogados contratos de 373 tempor\u00e1rios Por meio de um decreto publicado no Di\u00e1rio Oficial do Estado do Rio de Janeiro, no dia 17 de fevereiro, o governador Wilson Witzel autorizou a contrata\u00e7\u00e3o de 827 professores e a prorroga\u00e7\u00e3o do contrato de 373, ambos por tempo determinado pela Secretaria de Estado de Educa\u00e7\u00e3o &#8211; [&hellip;]<\/p>\n","protected":false},"author":214,"featured_media":122185,"comment_status":"open","ping_status":"closed","sticky":false,"template":"","format":"standard","meta":{"post_tipo":"article","footnotes":""},"categories":[1],"tags":[],"tax_estado":[],"class_list":["post-486214","post","type-post","status-publish","format-standard","has-post-thumbnail","hentry","category-cursos-e-concursos"],"acf":[],"yoast_head":"<!-- This site is optimized with the Yoast SEO Premium plugin v27.2 (Yoast SEO v27.2) - https:\/\/yoast.com\/product\/yoast-seo-premium-wordpress\/ -->\n<title>SEEDUC RJ: Governador autoriza contrata\u00e7\u00e3o de 827 professores tempor\u00e1rios<\/title>\n<meta name=\"robots\" content=\"index, follow, max-snippet:-1, max-image-preview:large, max-video-preview:-1\" \/>\n<link rel=\"canonical\" href=\"https:\/\/www.estrategiaconcursos.com.br\/blog\/seeduc-rj-governador-contratacao-827-professores-temporarios\/\" \/>\n<meta property=\"og:locale\" content=\"pt_BR\" \/>\n<meta property=\"og:type\" content=\"article\" \/>\n<meta property=\"og:title\" content=\"SEEDUC RJ: Governador autoriza contrata\u00e7\u00e3o de 827 professores tempor\u00e1rios\" \/>\n<meta property=\"og:description\" content=\"Ser\u00e3o tamb\u00e9m prorrogados contratos de 373 tempor\u00e1rios Por meio de um decreto publicado no Di\u00e1rio Oficial do Estado do Rio de Janeiro, no dia 17 de fevereiro, o governador Wilson Witzel autorizou a contrata\u00e7\u00e3o de 827 professores e a prorroga\u00e7\u00e3o do contrato de 373, ambos por tempo determinado pela Secretaria de Estado de Educa\u00e7\u00e3o &#8211; [&hellip;]\" \/>\n<meta property=\"og:url\" content=\"https:\/\/www.estrategiaconcursos.com.br\/blog\/seeduc-rj-governador-contratacao-827-professores-temporarios\/\" \/>\n<meta property=\"og:site_name\" content=\"Estrat\u00e9gia Concursos\" \/>\n<meta property=\"article:published_time\" content=\"2020-02-27T19:08:08+00:00\" \/>\n<meta property=\"article:modified_time\" content=\"2023-08-23T13:46:20+00:00\" \/>\n<meta property=\"og:image\" content=\"https:\/\/dhg1h5j42swfq.cloudfront.net\/2018\/05\/22073529\/seeduc-rj.jpg\" \/>\n\t<meta property=\"og:image:width\" content=\"300\" \/>\n\t<meta property=\"og:image:height\" content=\"168\" \/>\n\t<meta property=\"og:image:type\" content=\"image\/jpeg\" \/>\n<meta name=\"author\" content=\"D\u00e9cio Terror Filho\" \/>\n<meta name=\"twitter:card\" content=\"summary_large_image\" \/>\n<meta name=\"twitter:creator\" content=\"@EstratConcursos\" \/>\n<meta name=\"twitter:site\" content=\"@EstratConcursos\" \/>\n<meta name=\"twitter:label1\" content=\"Escrito por\" \/>\n\t<meta name=\"twitter:data1\" content=\"D\u00e9cio Terror Filho\" \/>\n\t<meta name=\"twitter:label2\" content=\"Est. tempo de leitura\" \/>\n\t<meta name=\"twitter:data2\" content=\"2 minutos\" \/>\n<script type=\"application\/ld+json\" class=\"yoast-schema-graph\">{\"@context\":\"https:\/\/schema.org\",\"@graph\":[{\"@type\":\"NewsArticle\",\"@id\":\"https:\/\/www.estrategiaconcursos.com.br\/blog\/seeduc-rj-governador-contratacao-827-professores-temporarios\/#article\",\"isPartOf\":{\"@id\":\"https:\/\/www.estrategiaconcursos.com.br\/blog\/seeduc-rj-governador-contratacao-827-professores-temporarios\/\"},\"author\":{\"name\":\"D\u00e9cio Terror Filho\",\"@id\":\"https:\/\/www.estrategiaconcursos.com.br\/blog\/#\/schema\/person\/e8165364027a31208914fc77c3314727\"},\"headline\":\"SEEDUC RJ: Governador autoriza contrata\u00e7\u00e3o de 827 professores tempor\u00e1rios\",\"datePublished\":\"2020-02-27T19:08:08+00:00\",\"dateModified\":\"2023-08-23T13:46:20+00:00\",\"mainEntityOfPage\":{\"@id\":\"https:\/\/www.estrategiaconcursos.com.br\/blog\/seeduc-rj-governador-contratacao-827-professores-temporarios\/\"},\"wordCount\":339,\"commentCount\":2,\"publisher\":{\"@id\":\"https:\/\/www.estrategiaconcursos.com.br\/blog\/#organization\"},\"image\":{\"@id\":\"https:\/\/www.estrategiaconcursos.com.br\/blog\/seeduc-rj-governador-contratacao-827-professores-temporarios\/#primaryimage\"},\"thumbnailUrl\":\"https:\/\/dhg1h5j42swfq.cloudfront.net\/2018\/05\/22073529\/seeduc-rj.jpg\",\"articleSection\":[\"Concursos P\u00fablicos\"],\"inLanguage\":\"pt-BR\",\"potentialAction\":[{\"@type\":\"CommentAction\",\"name\":\"Comment\",\"target\":[\"https:\/\/www.estrategiaconcursos.com.br\/blog\/seeduc-rj-governador-contratacao-827-professores-temporarios\/#respond\"]}],\"copyrightYear\":\"2020\",\"copyrightHolder\":{\"@id\":\"https:\/\/www.estrategiaconcursos.com.br\/blog\/#organization\"}},{\"@type\":\"WebPage\",\"@id\":\"https:\/\/www.estrategiaconcursos.com.br\/blog\/seeduc-rj-governador-contratacao-827-professores-temporarios\/\",\"url\":\"https:\/\/www.estrategiaconcursos.com.br\/blog\/seeduc-rj-governador-contratacao-827-professores-temporarios\/\",\"name\":\"SEEDUC RJ: Governador autoriza contrata\u00e7\u00e3o de 827 professores tempor\u00e1rios\",\"isPartOf\":{\"@id\":\"https:\/\/www.estrategiaconcursos.com.br\/blog\/#website\"},\"primaryImageOfPage\":{\"@id\":\"https:\/\/www.estrategiaconcursos.com.br\/blog\/seeduc-rj-governador-contratacao-827-professores-temporarios\/#primaryimage\"},\"image\":{\"@id\":\"https:\/\/www.estrategiaconcursos.com.br\/blog\/seeduc-rj-governador-contratacao-827-professores-temporarios\/#primaryimage\"},\"thumbnailUrl\":\"https:\/\/dhg1h5j42swfq.cloudfront.net\/2018\/05\/22073529\/seeduc-rj.jpg\",\"datePublished\":\"2020-02-27T19:08:08+00:00\",\"dateModified\":\"2023-08-23T13:46:20+00:00\",\"breadcrumb\":{\"@id\":\"https:\/\/www.estrategiaconcursos.com.br\/blog\/seeduc-rj-governador-contratacao-827-professores-temporarios\/#breadcrumb\"},\"inLanguage\":\"pt-BR\",\"potentialAction\":[{\"@type\":\"ReadAction\",\"target\":[\"https:\/\/www.estrategiaconcursos.com.br\/blog\/seeduc-rj-governador-contratacao-827-professores-temporarios\/\"]}]},{\"@type\":\"ImageObject\",\"inLanguage\":\"pt-BR\",\"@id\":\"https:\/\/www.estrategiaconcursos.com.br\/blog\/seeduc-rj-governador-contratacao-827-professores-temporarios\/#primaryimage\",\"url\":\"https:\/\/dhg1h5j42swfq.cloudfront.net\/2018\/05\/22073529\/seeduc-rj.jpg\",\"contentUrl\":\"https:\/\/dhg1h5j42swfq.cloudfront.net\/2018\/05\/22073529\/seeduc-rj.jpg\",\"width\":300,\"height\":168},{\"@type\":\"BreadcrumbList\",\"@id\":\"https:\/\/www.estrategiaconcursos.com.br\/blog\/seeduc-rj-governador-contratacao-827-professores-temporarios\/#breadcrumb\",\"itemListElement\":[{\"@type\":\"ListItem\",\"position\":1,\"name\":\"In\u00edcio\",\"item\":\"https:\/\/www.estrategiaconcursos.com.br\/blog\/\"},{\"@type\":\"ListItem\",\"position\":2,\"name\":\"SEEDUC RJ: Governador autoriza contrata\u00e7\u00e3o de 827 professores tempor\u00e1rios\"}]},{\"@type\":\"WebSite\",\"@id\":\"https:\/\/www.estrategiaconcursos.com.br\/blog\/#website\",\"url\":\"https:\/\/www.estrategiaconcursos.com.br\/blog\/\",\"name\":\"Estrat\u00e9gia Concursos\",\"description\":\"O blog da Estrat\u00e9gia Concursos traz not\u00edcias sobre concursos e artigos de professores oferecendo cursos para concursos (pdf + videaulas) no site.\",\"publisher\":{\"@id\":\"https:\/\/www.estrategiaconcursos.com.br\/blog\/#organization\"},\"potentialAction\":[{\"@type\":\"SearchAction\",\"target\":{\"@type\":\"EntryPoint\",\"urlTemplate\":\"https:\/\/www.estrategiaconcursos.com.br\/blog\/?s={search_term_string}\"},\"query-input\":{\"@type\":\"PropertyValueSpecification\",\"valueRequired\":true,\"valueName\":\"search_term_string\"}}],\"inLanguage\":\"pt-BR\"},{\"@type\":\"Organization\",\"@id\":\"https:\/\/www.estrategiaconcursos.com.br\/blog\/#organization\",\"name\":\"Estrat\u00e9gia Concursos\",\"url\":\"https:\/\/www.estrategiaconcursos.com.br\/blog\/\",\"logo\":{\"@type\":\"ImageObject\",\"inLanguage\":\"pt-BR\",\"@id\":\"https:\/\/www.estrategiaconcursos.com.br\/blog\/#\/schema\/logo\/image\/\",\"url\":\"https:\/\/dhg1h5j42swfq.cloudfront.net\/2025\/06\/03203428\/logo_concursos-1.jpg\",\"contentUrl\":\"https:\/\/dhg1h5j42swfq.cloudfront.net\/2025\/06\/03203428\/logo_concursos-1.jpg\",\"width\":230,\"height\":60,\"caption\":\"Estrat\u00e9gia Concursos\"},\"image\":{\"@id\":\"https:\/\/www.estrategiaconcursos.com.br\/blog\/#\/schema\/logo\/image\/\"},\"sameAs\":[\"https:\/\/x.com\/EstratConcursos\"]},{\"@type\":\"Person\",\"@id\":\"https:\/\/www.estrategiaconcursos.com.br\/blog\/#\/schema\/person\/e8165364027a31208914fc77c3314727\",\"name\":\"D\u00e9cio Terror Filho\",\"image\":{\"@type\":\"ImageObject\",\"inLanguage\":\"pt-BR\",\"@id\":\"https:\/\/secure.gravatar.com\/avatar\/a5b78e734de7c6482e965926e78344deb81abbc34282a3c9536cbb1a59728a37?s=96&d=mm&r=g\",\"url\":\"https:\/\/secure.gravatar.com\/avatar\/a5b78e734de7c6482e965926e78344deb81abbc34282a3c9536cbb1a59728a37?s=96&d=mm&r=g\",\"contentUrl\":\"https:\/\/secure.gravatar.com\/avatar\/a5b78e734de7c6482e965926e78344deb81abbc34282a3c9536cbb1a59728a37?s=96&d=mm&r=g\",\"caption\":\"D\u00e9cio Terror Filho\"},\"url\":\"https:\/\/www.estrategiaconcursos.com.br\/blog\/author\/contatoterrorportugues-com-br\/\"}]}<\/script>\n<!-- \/ Yoast SEO Premium plugin. -->","yoast_head_json":{"title":"SEEDUC RJ: Governador autoriza contrata\u00e7\u00e3o de 827 professores tempor\u00e1rios","robots":{"index":"index","follow":"follow","max-snippet":"max-snippet:-1","max-image-preview":"max-image-preview:large","max-video-preview":"max-video-preview:-1"},"canonical":"https:\/\/www.estrategiaconcursos.com.br\/blog\/seeduc-rj-governador-contratacao-827-professores-temporarios\/","og_locale":"pt_BR","og_type":"article","og_title":"SEEDUC RJ: Governador autoriza contrata\u00e7\u00e3o de 827 professores tempor\u00e1rios","og_description":"Ser\u00e3o tamb\u00e9m prorrogados contratos de 373 tempor\u00e1rios Por meio de um decreto publicado no Di\u00e1rio Oficial do Estado do Rio de Janeiro, no dia 17 de fevereiro, o governador Wilson Witzel autorizou a contrata\u00e7\u00e3o de 827 professores e a prorroga\u00e7\u00e3o do contrato de 373, ambos por tempo determinado pela Secretaria de Estado de Educa\u00e7\u00e3o &#8211; [&hellip;]","og_url":"https:\/\/www.estrategiaconcursos.com.br\/blog\/seeduc-rj-governador-contratacao-827-professores-temporarios\/","og_site_name":"Estrat\u00e9gia Concursos","article_published_time":"2020-02-27T19:08:08+00:00","article_modified_time":"2023-08-23T13:46:20+00:00","og_image":[{"width":300,"height":168,"url":"https:\/\/dhg1h5j42swfq.cloudfront.net\/2018\/05\/22073529\/seeduc-rj.jpg","type":"image\/jpeg"}],"author":"D\u00e9cio Terror Filho","twitter_card":"summary_large_image","twitter_creator":"@EstratConcursos","twitter_site":"@EstratConcursos","twitter_misc":{"Escrito por":"D\u00e9cio Terror Filho","Est. tempo de leitura":"2 minutos"},"schema":{"@context":"https:\/\/schema.org","@graph":[{"@type":"NewsArticle","@id":"https:\/\/www.estrategiaconcursos.com.br\/blog\/seeduc-rj-governador-contratacao-827-professores-temporarios\/#article","isPartOf":{"@id":"https:\/\/www.estrategiaconcursos.com.br\/blog\/seeduc-rj-governador-contratacao-827-professores-temporarios\/"},"author":{"name":"D\u00e9cio Terror Filho","@id":"https:\/\/www.estrategiaconcursos.com.br\/blog\/#\/schema\/person\/e8165364027a31208914fc77c3314727"},"headline":"SEEDUC RJ: Governador autoriza contrata\u00e7\u00e3o de 827 professores tempor\u00e1rios","datePublished":"2020-02-27T19:08:08+00:00","dateModified":"2023-08-23T13:46:20+00:00","mainEntityOfPage":{"@id":"https:\/\/www.estrategiaconcursos.com.br\/blog\/seeduc-rj-governador-contratacao-827-professores-temporarios\/"},"wordCount":339,"commentCount":2,"publisher":{"@id":"https:\/\/www.estrategiaconcursos.com.br\/blog\/#organization"},"image":{"@id":"https:\/\/www.estrategiaconcursos.com.br\/blog\/seeduc-rj-governador-contratacao-827-professores-temporarios\/#primaryimage"},"thumbnailUrl":"https:\/\/dhg1h5j42swfq.cloudfront.net\/2018\/05\/22073529\/seeduc-rj.jpg","articleSection":["Concursos P\u00fablicos"],"inLanguage":"pt-BR","potentialAction":[{"@type":"CommentAction","name":"Comment","target":["https:\/\/www.estrategiaconcursos.com.br\/blog\/seeduc-rj-governador-contratacao-827-professores-temporarios\/#respond"]}],"copyrightYear":"2020","copyrightHolder":{"@id":"https:\/\/www.estrategiaconcursos.com.br\/blog\/#organization"}},{"@type":"WebPage","@id":"https:\/\/www.estrategiaconcursos.com.br\/blog\/seeduc-rj-governador-contratacao-827-professores-temporarios\/","url":"https:\/\/www.estrategiaconcursos.com.br\/blog\/seeduc-rj-governador-contratacao-827-professores-temporarios\/","name":"SEEDUC RJ: Governador autoriza contrata\u00e7\u00e3o de 827 professores tempor\u00e1rios","isPartOf":{"@id":"https:\/\/www.estrategiaconcursos.com.br\/blog\/#website"},"primaryImageOfPage":{"@id":"https:\/\/www.estrategiaconcursos.com.br\/blog\/seeduc-rj-governador-contratacao-827-professores-temporarios\/#primaryimage"},"image":{"@id":"https:\/\/www.estrategiaconcursos.com.br\/blog\/seeduc-rj-governador-contratacao-827-professores-temporarios\/#primaryimage"},"thumbnailUrl":"https:\/\/dhg1h5j42swfq.cloudfront.net\/2018\/05\/22073529\/seeduc-rj.jpg","datePublished":"2020-02-27T19:08:08+00:00","dateModified":"2023-08-23T13:46:20+00:00","breadcrumb":{"@id":"https:\/\/www.estrategiaconcursos.com.br\/blog\/seeduc-rj-governador-contratacao-827-professores-temporarios\/#breadcrumb"},"inLanguage":"pt-BR","potentialAction":[{"@type":"ReadAction","target":["https:\/\/www.estrategiaconcursos.com.br\/blog\/seeduc-rj-governador-contratacao-827-professores-temporarios\/"]}]},{"@type":"ImageObject","inLanguage":"pt-BR","@id":"https:\/\/www.estrategiaconcursos.com.br\/blog\/seeduc-rj-governador-contratacao-827-professores-temporarios\/#primaryimage","url":"https:\/\/dhg1h5j42swfq.cloudfront.net\/2018\/05\/22073529\/seeduc-rj.jpg","contentUrl":"https:\/\/dhg1h5j42swfq.cloudfront.net\/2018\/05\/22073529\/seeduc-rj.jpg","width":300,"height":168},{"@type":"BreadcrumbList","@id":"https:\/\/www.estrategiaconcursos.com.br\/blog\/seeduc-rj-governador-contratacao-827-professores-temporarios\/#breadcrumb","itemListElement":[{"@type":"ListItem","position":1,"name":"In\u00edcio","item":"https:\/\/www.estrategiaconcursos.com.br\/blog\/"},{"@type":"ListItem","position":2,"name":"SEEDUC RJ: Governador autoriza contrata\u00e7\u00e3o de 827 professores tempor\u00e1rios"}]},{"@type":"WebSite","@id":"https:\/\/www.estrategiaconcursos.com.br\/blog\/#website","url":"https:\/\/www.estrategiaconcursos.com.br\/blog\/","name":"Estrat\u00e9gia Concursos","description":"O blog da Estrat\u00e9gia Concursos traz not\u00edcias sobre concursos e artigos de professores oferecendo cursos para concursos (pdf + videaulas) no site.","publisher":{"@id":"https:\/\/www.estrategiaconcursos.com.br\/blog\/#organization"},"potentialAction":[{"@type":"SearchAction","target":{"@type":"EntryPoint","urlTemplate":"https:\/\/www.estrategiaconcursos.com.br\/blog\/?s={search_term_string}"},"query-input":{"@type":"PropertyValueSpecification","valueRequired":true,"valueName":"search_term_string"}}],"inLanguage":"pt-BR"},{"@type":"Organization","@id":"https:\/\/www.estrategiaconcursos.com.br\/blog\/#organization","name":"Estrat\u00e9gia Concursos","url":"https:\/\/www.estrategiaconcursos.com.br\/blog\/","logo":{"@type":"ImageObject","inLanguage":"pt-BR","@id":"https:\/\/www.estrategiaconcursos.com.br\/blog\/#\/schema\/logo\/image\/","url":"https:\/\/dhg1h5j42swfq.cloudfront.net\/2025\/06\/03203428\/logo_concursos-1.jpg","contentUrl":"https:\/\/dhg1h5j42swfq.cloudfront.net\/2025\/06\/03203428\/logo_concursos-1.jpg","width":230,"height":60,"caption":"Estrat\u00e9gia Concursos"},"image":{"@id":"https:\/\/www.estrategiaconcursos.com.br\/blog\/#\/schema\/logo\/image\/"},"sameAs":["https:\/\/x.com\/EstratConcursos"]},{"@type":"Person","@id":"https:\/\/www.estrategiaconcursos.com.br\/blog\/#\/schema\/person\/e8165364027a31208914fc77c3314727","name":"D\u00e9cio Terror Filho","image":{"@type":"ImageObject","inLanguage":"pt-BR","@id":"https:\/\/secure.gravatar.com\/avatar\/a5b78e734de7c6482e965926e78344deb81abbc34282a3c9536cbb1a59728a37?s=96&d=mm&r=g","url":"https:\/\/secure.gravatar.com\/avatar\/a5b78e734de7c6482e965926e78344deb81abbc34282a3c9536cbb1a59728a37?s=96&d=mm&r=g","contentUrl":"https:\/\/secure.gravatar.com\/avatar\/a5b78e734de7c6482e965926e78344deb81abbc34282a3c9536cbb1a59728a37?s=96&d=mm&r=g","caption":"D\u00e9cio Terror Filho"},"url":"https:\/\/www.estrategiaconcursos.com.br\/blog\/author\/contatoterrorportugues-com-br\/"}]}},"_links":{"self":[{"href":"https:\/\/www.estrategiaconcursos.com.br\/blog\/wp-json\/wp\/v2\/posts\/486214","targetHints":{"allow":["GET"]}}],"collection":[{"href":"https:\/\/www.estrategiaconcursos.com.br\/blog\/wp-json\/wp\/v2\/posts"}],"about":[{"href":"https:\/\/www.estrategiaconcursos.com.br\/blog\/wp-json\/wp\/v2\/types\/post"}],"author":[{"embeddable":true,"href":"https:\/\/www.estrategiaconcursos.com.br\/blog\/wp-json\/wp\/v2\/users\/214"}],"replies":[{"embeddable":true,"href":"https:\/\/www.estrategiaconcursos.com.br\/blog\/wp-json\/wp\/v2\/comments?post=486214"}],"version-history":[{"count":6,"href":"https:\/\/www.estrategiaconcursos.com.br\/blog\/wp-json\/wp\/v2\/posts\/486214\/revisions"}],"predecessor-version":[{"id":1267942,"href":"https:\/\/www.estrategiaconcursos.com.br\/blog\/wp-json\/wp\/v2\/posts\/486214\/revisions\/1267942"}],"wp:featuredmedia":[{"embeddable":true,"href":"https:\/\/www.estrategiaconcursos.com.br\/blog\/wp-json\/wp\/v2\/media\/122185"}],"wp:attachment":[{"href":"https:\/\/www.estrategiaconcursos.com.br\/blog\/wp-json\/wp\/v2\/media?parent=486214"}],"wp:term":[{"taxonomy":"category","embeddable":true,"href":"https:\/\/www.estrategiaconcursos.com.br\/blog\/wp-json\/wp\/v2\/categories?post=486214"},{"taxonomy":"post_tag","embeddable":true,"href":"https:\/\/www.estrategiaconcursos.com.br\/blog\/wp-json\/wp\/v2\/tags?post=486214"},{"taxonomy":"tax_estado","embeddable":true,"href":"https:\/\/www.estrategiaconcursos.com.br\/blog\/wp-json\/wp\/v2\/tax_estado?post=486214"}],"curies":[{"name":"wp","href":"https:\/\/api.w.org\/{rel}","templated":true}]}}