{"id":486144,"date":"2020-02-27T14:30:05","date_gmt":"2020-02-27T17:30:05","guid":{"rendered":"https:\/\/www.estrategiaconcursos.com.br\/blog\/?p=486144"},"modified":"2020-02-27T14:31:19","modified_gmt":"2020-02-27T17:31:19","slug":"fesaude-niteroi-concurso-tem-retificacao-no-quadro-de-vagas-e-titulos","status":"publish","type":"post","link":"https:\/\/www.estrategiaconcursos.com.br\/blog\/fesaude-niteroi-concurso-tem-retificacao-no-quadro-de-vagas-e-titulos\/","title":{"rendered":"FeSa\u00fade Niter\u00f3i: concurso tem retifica\u00e7\u00e3o nos quadros de vagas e t\u00edtulos"},"content":{"rendered":"\n<p>O<em style=\"font-weight: bold;\"> <\/em>concurso FeSa\u00fade Niter\u00f3i<b>,<\/b> que teve edital publicado com 783 oportunidades, para cargos de n\u00edvel m\u00e9dio, t\u00e9cnico e superior, apresentou retifica\u00e7\u00f5es na distribui\u00e7\u00e3o de vagas e na etapa de avalia\u00e7\u00e3o de t\u00edtulos. Acompanhe a seguir: <\/p>\n\n\n\n<p>No quadro <strong>Rede de Aten\u00e7\u00e3o Psicossocial<\/strong>, de n\u00famero 2.4, houve retifica\u00e7\u00e3o no n\u00famero de vagas. Confira o quadro atualizado: <\/p>\n\n\n\n<figure class=\"wp-block-image size-large\"><img loading=\"lazy\" decoding=\"async\" width=\"657\" height=\"425\" src=\"https:\/\/dhg1h5j42swfq.cloudfront.net\/2020\/02\/27141311\/image-170.png\" alt=\"\" class=\"wp-image-486148\" srcset=\"https:\/\/dhg1h5j42swfq.cloudfront.net\/2020\/02\/27141311\/image-170.png 657w, https:\/\/dhg1h5j42swfq.cloudfront.net\/2020\/02\/27141311\/image-170-300x194.png 300w, https:\/\/dhg1h5j42swfq.cloudfront.net\/2020\/02\/27141311\/image-170-610x395.png 610w\" sizes=\"auto, (max-width: 657px) 100vw, 657px\" \/><\/figure>\n\n\n\n<p>O quadro <strong>Administrativo<\/strong>, de n\u00famero 2.5, tamb\u00e9m foi retificado:<\/p>\n\n\n\n<figure class=\"wp-block-image size-large\"><img loading=\"lazy\" decoding=\"async\" width=\"665\" height=\"178\" src=\"https:\/\/dhg1h5j42swfq.cloudfront.net\/2020\/02\/27141443\/image-171.png\" alt=\"\" class=\"wp-image-486150\" srcset=\"https:\/\/dhg1h5j42swfq.cloudfront.net\/2020\/02\/27141443\/image-171.png 665w, https:\/\/dhg1h5j42swfq.cloudfront.net\/2020\/02\/27141443\/image-171-300x80.png 300w, https:\/\/dhg1h5j42swfq.cloudfront.net\/2020\/02\/27141443\/image-171-610x163.png 610w\" sizes=\"auto, (max-width: 665px) 100vw, 665px\" \/><\/figure>\n\n\n\n<p> A etapa de avalia\u00e7\u00e3o de t\u00edtulos tamb\u00e9m foi alterada. Originalmente, o edital de lan\u00e7amento foi publicado com as op\u00e7\u00f5es A, B e C, para empregos de n\u00edvel superior. Agora, o quadro foi retificado e passa a contar com cinco op\u00e7\u00f5es: A, B, C, D e E, para os cargos de n\u00edvel superior.   <\/p>\n\n\n\n<p>A data de aplica\u00e7\u00e3o da&nbsp;<em>prova objetiva<\/em>&nbsp;n\u00e3o foi alterada e permanece no dia&nbsp;<strong>26 de abril<\/strong>,&nbsp;para n\u00edvel fundamental e m\u00e9dio (exceto Agente Comunit\u00e1rio de Sa\u00fade), e&nbsp;<strong>10 de maio<\/strong>,&nbsp;para o n\u00edvel Superior e Agente Comunit\u00e1rio de Sa\u00fade.<\/p>\n\n\n\n<p class=\"has-background has-text-align-center has-medium-font-size has-very-light-gray-background-color\"> <strong>Saiba mais: <\/strong><a href=\"https:\/\/www.estrategiaconcursos.com.br\/blog\/concurso-fesaude-niteroi\/\"><strong>Concurso FeSa\u00fade<\/strong><\/a><\/p>\n\n\n\n<p class=\"has-background has-text-align-center has-medium-font-size has-luminous-vivid-amber-background-color\"><strong><a href=\"https:\/\/www.estrategiaconcursos.com.br\/cursosPorConcurso\/fundacao-da-saude-de-niteroi-rj-fesaude\/\" target=\"_blank\" rel=\"noreferrer noopener\">CURSO FESA\u00daDE<\/a><\/strong><\/p>\n\n\n\n<h4 class=\"has-text-align-center wp-block-heading\" id=\"assinatura\"><em><strong>Assinatura Anual Ilimitada*<\/strong><\/em><\/h4>\n\n\n\n<p class=\"has-text-align-center\"><em>Prepare-se com o melhor material e com quem mais aprova em Concursos P\u00fablicos em todo o pa\u00eds. Assine agora a nossa Assinatura Anual e tenha acesso ilimitado* a todos os nossos cursos.<\/em><\/p>\n\n\n\n<p class=\"has-background has-text-align-center has-medium-font-size has-light-green-cyan-background-color\"><strong>ASSINE AGORA<\/strong>&nbsp;\u2013&nbsp;<a rel=\"noreferrer noopener\" href=\"https:\/\/www.estrategiaconcursos.com.br\/assinaturas\" target=\"_blank\"><strong>Assinatura Ilimitada<\/strong><\/a><\/p>\n\n\n\n<p class=\"has-background has-text-align-center has-medium-font-size has-pale-cyan-blue-background-color\"><strong><a href=\"https:\/\/www.estrategiaconcursos.com.br\/blog\/concursos-abertos\/\">CONCURSOS ABERTOS<\/a><\/strong><\/p>\n\n\n\n<p class=\"has-background has-text-align-center has-medium-font-size has-pale-cyan-blue-background-color\"><a href=\"https:\/\/www.estrategiaconcursos.com.br\/blog\/concursos-2020\/\"><strong>CONCURSOS<\/strong><\/a><strong><a href=\"https:\/\/www.estrategiaconcursos.com.br\/blog\/concursos-2020\/\">&nbsp;2020<\/a><\/strong><\/p>\n","protected":false},"excerpt":{"rendered":"<p>O concurso FeSa\u00fade Niter\u00f3i, que teve edital publicado com 783 oportunidades, para cargos de n\u00edvel m\u00e9dio, t\u00e9cnico e superior, apresentou retifica\u00e7\u00f5es na distribui\u00e7\u00e3o de vagas e na etapa de avalia\u00e7\u00e3o de t\u00edtulos. Acompanhe a seguir: No quadro Rede de Aten\u00e7\u00e3o Psicossocial, de n\u00famero 2.4, houve retifica\u00e7\u00e3o no n\u00famero de vagas. Confira o quadro atualizado: O [&hellip;]<\/p>\n","protected":false},"author":561,"featured_media":0,"comment_status":"open","ping_status":"closed","sticky":false,"template":"","format":"standard","meta":{"post_tipo":"article","footnotes":""},"categories":[1],"tags":[],"tax_estado":[],"class_list":["post-486144","post","type-post","status-publish","format-standard","hentry","category-cursos-e-concursos"],"acf":[],"yoast_head":"<!-- This site is optimized with the Yoast SEO Premium plugin v27.2 (Yoast SEO v27.2) - https:\/\/yoast.com\/product\/yoast-seo-premium-wordpress\/ -->\n<title>FeSa\u00fade Niter\u00f3i: concurso tem retifica\u00e7\u00e3o nos quadros de vagas e t\u00edtulos<\/title>\n<meta name=\"description\" content=\"O concurso FeSa\u00fade Niter\u00f3i apresentou retifica\u00e7\u00f5es no edital de abertura do concurso. Acompanhe as principais mudan\u00e7as do certame!\" \/>\n<meta name=\"robots\" content=\"index, follow, max-snippet:-1, max-image-preview:large, max-video-preview:-1\" \/>\n<link rel=\"canonical\" href=\"https:\/\/www.estrategiaconcursos.com.br\/blog\/fesaude-niteroi-concurso-tem-retificacao-no-quadro-de-vagas-e-titulos\/\" \/>\n<meta property=\"og:locale\" content=\"pt_BR\" \/>\n<meta property=\"og:type\" content=\"article\" \/>\n<meta property=\"og:title\" content=\"FeSa\u00fade Niter\u00f3i: concurso tem retifica\u00e7\u00e3o nos quadros de vagas e t\u00edtulos\" \/>\n<meta property=\"og:description\" content=\"O concurso FeSa\u00fade Niter\u00f3i apresentou retifica\u00e7\u00f5es no edital de abertura do concurso. Acompanhe as principais mudan\u00e7as do certame!\" \/>\n<meta property=\"og:url\" content=\"https:\/\/www.estrategiaconcursos.com.br\/blog\/fesaude-niteroi-concurso-tem-retificacao-no-quadro-de-vagas-e-titulos\/\" \/>\n<meta property=\"og:site_name\" content=\"Estrat\u00e9gia Concursos\" \/>\n<meta property=\"article:published_time\" content=\"2020-02-27T17:30:05+00:00\" \/>\n<meta property=\"article:modified_time\" content=\"2020-02-27T17:31:19+00:00\" \/>\n<meta property=\"og:image\" content=\"https:\/\/www.estrategiaconcursos.com.br\/blog\/wp-content\/uploads\/2020\/02\/image-170.png\" \/>\n<meta name=\"author\" content=\"Ligia Carvalheiro Fernandes\" \/>\n<meta name=\"twitter:card\" content=\"summary_large_image\" \/>\n<meta name=\"twitter:creator\" content=\"@EstratConcursos\" \/>\n<meta name=\"twitter:site\" content=\"@EstratConcursos\" \/>\n<meta name=\"twitter:label1\" content=\"Escrito por\" \/>\n\t<meta name=\"twitter:data1\" content=\"Ligia Carvalheiro Fernandes\" \/>\n\t<meta name=\"twitter:label2\" content=\"Est. tempo de leitura\" \/>\n\t<meta name=\"twitter:data2\" content=\"1 minuto\" \/>\n<script type=\"application\/ld+json\" class=\"yoast-schema-graph\">{\"@context\":\"https:\/\/schema.org\",\"@graph\":[{\"@type\":\"NewsArticle\",\"@id\":\"https:\/\/www.estrategiaconcursos.com.br\/blog\/fesaude-niteroi-concurso-tem-retificacao-no-quadro-de-vagas-e-titulos\/#article\",\"isPartOf\":{\"@id\":\"https:\/\/www.estrategiaconcursos.com.br\/blog\/fesaude-niteroi-concurso-tem-retificacao-no-quadro-de-vagas-e-titulos\/\"},\"author\":{\"name\":\"Ligia Carvalheiro Fernandes\",\"@id\":\"https:\/\/www.estrategiaconcursos.com.br\/blog\/#\/schema\/person\/cc76e9dac392d5e35e7d00c493eee792\"},\"headline\":\"FeSa\u00fade Niter\u00f3i: concurso tem retifica\u00e7\u00e3o nos quadros de vagas e t\u00edtulos\",\"datePublished\":\"2020-02-27T17:30:05+00:00\",\"dateModified\":\"2020-02-27T17:31:19+00:00\",\"mainEntityOfPage\":{\"@id\":\"https:\/\/www.estrategiaconcursos.com.br\/blog\/fesaude-niteroi-concurso-tem-retificacao-no-quadro-de-vagas-e-titulos\/\"},\"wordCount\":258,\"commentCount\":0,\"publisher\":{\"@id\":\"https:\/\/www.estrategiaconcursos.com.br\/blog\/#organization\"},\"image\":{\"@id\":\"https:\/\/www.estrategiaconcursos.com.br\/blog\/fesaude-niteroi-concurso-tem-retificacao-no-quadro-de-vagas-e-titulos\/#primaryimage\"},\"thumbnailUrl\":\"https:\/\/www.estrategiaconcursos.com.br\/blog\/wp-content\/uploads\/2020\/02\/image-170.png\",\"articleSection\":[\"Concursos P\u00fablicos\"],\"inLanguage\":\"pt-BR\",\"potentialAction\":[{\"@type\":\"CommentAction\",\"name\":\"Comment\",\"target\":[\"https:\/\/www.estrategiaconcursos.com.br\/blog\/fesaude-niteroi-concurso-tem-retificacao-no-quadro-de-vagas-e-titulos\/#respond\"]}],\"copyrightYear\":\"2020\",\"copyrightHolder\":{\"@id\":\"https:\/\/www.estrategiaconcursos.com.br\/blog\/#organization\"}},{\"@type\":\"WebPage\",\"@id\":\"https:\/\/www.estrategiaconcursos.com.br\/blog\/fesaude-niteroi-concurso-tem-retificacao-no-quadro-de-vagas-e-titulos\/\",\"url\":\"https:\/\/www.estrategiaconcursos.com.br\/blog\/fesaude-niteroi-concurso-tem-retificacao-no-quadro-de-vagas-e-titulos\/\",\"name\":\"FeSa\u00fade Niter\u00f3i: concurso tem retifica\u00e7\u00e3o nos quadros de vagas e t\u00edtulos\",\"isPartOf\":{\"@id\":\"https:\/\/www.estrategiaconcursos.com.br\/blog\/#website\"},\"primaryImageOfPage\":{\"@id\":\"https:\/\/www.estrategiaconcursos.com.br\/blog\/fesaude-niteroi-concurso-tem-retificacao-no-quadro-de-vagas-e-titulos\/#primaryimage\"},\"image\":{\"@id\":\"https:\/\/www.estrategiaconcursos.com.br\/blog\/fesaude-niteroi-concurso-tem-retificacao-no-quadro-de-vagas-e-titulos\/#primaryimage\"},\"thumbnailUrl\":\"https:\/\/www.estrategiaconcursos.com.br\/blog\/wp-content\/uploads\/2020\/02\/image-170.png\",\"datePublished\":\"2020-02-27T17:30:05+00:00\",\"dateModified\":\"2020-02-27T17:31:19+00:00\",\"description\":\"O concurso FeSa\u00fade Niter\u00f3i apresentou retifica\u00e7\u00f5es no edital de abertura do concurso. Acompanhe as principais mudan\u00e7as do certame!\",\"breadcrumb\":{\"@id\":\"https:\/\/www.estrategiaconcursos.com.br\/blog\/fesaude-niteroi-concurso-tem-retificacao-no-quadro-de-vagas-e-titulos\/#breadcrumb\"},\"inLanguage\":\"pt-BR\",\"potentialAction\":[{\"@type\":\"ReadAction\",\"target\":[\"https:\/\/www.estrategiaconcursos.com.br\/blog\/fesaude-niteroi-concurso-tem-retificacao-no-quadro-de-vagas-e-titulos\/\"]}]},{\"@type\":\"ImageObject\",\"inLanguage\":\"pt-BR\",\"@id\":\"https:\/\/www.estrategiaconcursos.com.br\/blog\/fesaude-niteroi-concurso-tem-retificacao-no-quadro-de-vagas-e-titulos\/#primaryimage\",\"url\":\"https:\/\/dhg1h5j42swfq.cloudfront.net\/2020\/02\/27141311\/image-170.png\",\"contentUrl\":\"https:\/\/dhg1h5j42swfq.cloudfront.net\/2020\/02\/27141311\/image-170.png\",\"width\":657,\"height\":425},{\"@type\":\"BreadcrumbList\",\"@id\":\"https:\/\/www.estrategiaconcursos.com.br\/blog\/fesaude-niteroi-concurso-tem-retificacao-no-quadro-de-vagas-e-titulos\/#breadcrumb\",\"itemListElement\":[{\"@type\":\"ListItem\",\"position\":1,\"name\":\"In\u00edcio\",\"item\":\"https:\/\/www.estrategiaconcursos.com.br\/blog\/\"},{\"@type\":\"ListItem\",\"position\":2,\"name\":\"FeSa\u00fade Niter\u00f3i: concurso tem retifica\u00e7\u00e3o nos quadros de vagas e t\u00edtulos\"}]},{\"@type\":\"WebSite\",\"@id\":\"https:\/\/www.estrategiaconcursos.com.br\/blog\/#website\",\"url\":\"https:\/\/www.estrategiaconcursos.com.br\/blog\/\",\"name\":\"Estrat\u00e9gia Concursos\",\"description\":\"O blog da Estrat\u00e9gia Concursos traz not\u00edcias sobre concursos e artigos de professores oferecendo cursos para concursos (pdf + videaulas) no site.\",\"publisher\":{\"@id\":\"https:\/\/www.estrategiaconcursos.com.br\/blog\/#organization\"},\"potentialAction\":[{\"@type\":\"SearchAction\",\"target\":{\"@type\":\"EntryPoint\",\"urlTemplate\":\"https:\/\/www.estrategiaconcursos.com.br\/blog\/?s={search_term_string}\"},\"query-input\":{\"@type\":\"PropertyValueSpecification\",\"valueRequired\":true,\"valueName\":\"search_term_string\"}}],\"inLanguage\":\"pt-BR\"},{\"@type\":\"Organization\",\"@id\":\"https:\/\/www.estrategiaconcursos.com.br\/blog\/#organization\",\"name\":\"Estrat\u00e9gia Concursos\",\"url\":\"https:\/\/www.estrategiaconcursos.com.br\/blog\/\",\"logo\":{\"@type\":\"ImageObject\",\"inLanguage\":\"pt-BR\",\"@id\":\"https:\/\/www.estrategiaconcursos.com.br\/blog\/#\/schema\/logo\/image\/\",\"url\":\"https:\/\/dhg1h5j42swfq.cloudfront.net\/2025\/06\/03203428\/logo_concursos-1.jpg\",\"contentUrl\":\"https:\/\/dhg1h5j42swfq.cloudfront.net\/2025\/06\/03203428\/logo_concursos-1.jpg\",\"width\":230,\"height\":60,\"caption\":\"Estrat\u00e9gia Concursos\"},\"image\":{\"@id\":\"https:\/\/www.estrategiaconcursos.com.br\/blog\/#\/schema\/logo\/image\/\"},\"sameAs\":[\"https:\/\/x.com\/EstratConcursos\"]},{\"@type\":\"Person\",\"@id\":\"https:\/\/www.estrategiaconcursos.com.br\/blog\/#\/schema\/person\/cc76e9dac392d5e35e7d00c493eee792\",\"name\":\"Ligia Carvalheiro Fernandes\",\"image\":{\"@type\":\"ImageObject\",\"inLanguage\":\"pt-BR\",\"@id\":\"https:\/\/secure.gravatar.com\/avatar\/26e4636c44dabc043eaf634f767ecd1d80505b210d3981d4ebd176a3f373e3ec?s=96&d=mm&r=g\",\"url\":\"https:\/\/secure.gravatar.com\/avatar\/26e4636c44dabc043eaf634f767ecd1d80505b210d3981d4ebd176a3f373e3ec?s=96&d=mm&r=g\",\"contentUrl\":\"https:\/\/secure.gravatar.com\/avatar\/26e4636c44dabc043eaf634f767ecd1d80505b210d3981d4ebd176a3f373e3ec?s=96&d=mm&r=g\",\"caption\":\"Ligia Carvalheiro Fernandes\"},\"url\":\"https:\/\/www.estrategiaconcursos.com.br\/blog\/author\/licarfegmail-com\/\"}]}<\/script>\n<!-- \/ Yoast SEO Premium plugin. -->","yoast_head_json":{"title":"FeSa\u00fade Niter\u00f3i: concurso tem retifica\u00e7\u00e3o nos quadros de vagas e t\u00edtulos","description":"O concurso FeSa\u00fade Niter\u00f3i apresentou retifica\u00e7\u00f5es no edital de abertura do concurso. Acompanhe as principais mudan\u00e7as do certame!","robots":{"index":"index","follow":"follow","max-snippet":"max-snippet:-1","max-image-preview":"max-image-preview:large","max-video-preview":"max-video-preview:-1"},"canonical":"https:\/\/www.estrategiaconcursos.com.br\/blog\/fesaude-niteroi-concurso-tem-retificacao-no-quadro-de-vagas-e-titulos\/","og_locale":"pt_BR","og_type":"article","og_title":"FeSa\u00fade Niter\u00f3i: concurso tem retifica\u00e7\u00e3o nos quadros de vagas e t\u00edtulos","og_description":"O concurso FeSa\u00fade Niter\u00f3i apresentou retifica\u00e7\u00f5es no edital de abertura do concurso. Acompanhe as principais mudan\u00e7as do certame!","og_url":"https:\/\/www.estrategiaconcursos.com.br\/blog\/fesaude-niteroi-concurso-tem-retificacao-no-quadro-de-vagas-e-titulos\/","og_site_name":"Estrat\u00e9gia Concursos","article_published_time":"2020-02-27T17:30:05+00:00","article_modified_time":"2020-02-27T17:31:19+00:00","og_image":[{"url":"https:\/\/www.estrategiaconcursos.com.br\/blog\/wp-content\/uploads\/2020\/02\/image-170.png","type":"","width":"","height":""}],"author":"Ligia Carvalheiro Fernandes","twitter_card":"summary_large_image","twitter_creator":"@EstratConcursos","twitter_site":"@EstratConcursos","twitter_misc":{"Escrito por":"Ligia Carvalheiro Fernandes","Est. tempo de leitura":"1 minuto"},"schema":{"@context":"https:\/\/schema.org","@graph":[{"@type":"NewsArticle","@id":"https:\/\/www.estrategiaconcursos.com.br\/blog\/fesaude-niteroi-concurso-tem-retificacao-no-quadro-de-vagas-e-titulos\/#article","isPartOf":{"@id":"https:\/\/www.estrategiaconcursos.com.br\/blog\/fesaude-niteroi-concurso-tem-retificacao-no-quadro-de-vagas-e-titulos\/"},"author":{"name":"Ligia Carvalheiro Fernandes","@id":"https:\/\/www.estrategiaconcursos.com.br\/blog\/#\/schema\/person\/cc76e9dac392d5e35e7d00c493eee792"},"headline":"FeSa\u00fade Niter\u00f3i: concurso tem retifica\u00e7\u00e3o nos quadros de vagas e t\u00edtulos","datePublished":"2020-02-27T17:30:05+00:00","dateModified":"2020-02-27T17:31:19+00:00","mainEntityOfPage":{"@id":"https:\/\/www.estrategiaconcursos.com.br\/blog\/fesaude-niteroi-concurso-tem-retificacao-no-quadro-de-vagas-e-titulos\/"},"wordCount":258,"commentCount":0,"publisher":{"@id":"https:\/\/www.estrategiaconcursos.com.br\/blog\/#organization"},"image":{"@id":"https:\/\/www.estrategiaconcursos.com.br\/blog\/fesaude-niteroi-concurso-tem-retificacao-no-quadro-de-vagas-e-titulos\/#primaryimage"},"thumbnailUrl":"https:\/\/www.estrategiaconcursos.com.br\/blog\/wp-content\/uploads\/2020\/02\/image-170.png","articleSection":["Concursos P\u00fablicos"],"inLanguage":"pt-BR","potentialAction":[{"@type":"CommentAction","name":"Comment","target":["https:\/\/www.estrategiaconcursos.com.br\/blog\/fesaude-niteroi-concurso-tem-retificacao-no-quadro-de-vagas-e-titulos\/#respond"]}],"copyrightYear":"2020","copyrightHolder":{"@id":"https:\/\/www.estrategiaconcursos.com.br\/blog\/#organization"}},{"@type":"WebPage","@id":"https:\/\/www.estrategiaconcursos.com.br\/blog\/fesaude-niteroi-concurso-tem-retificacao-no-quadro-de-vagas-e-titulos\/","url":"https:\/\/www.estrategiaconcursos.com.br\/blog\/fesaude-niteroi-concurso-tem-retificacao-no-quadro-de-vagas-e-titulos\/","name":"FeSa\u00fade Niter\u00f3i: concurso tem retifica\u00e7\u00e3o nos quadros de vagas e t\u00edtulos","isPartOf":{"@id":"https:\/\/www.estrategiaconcursos.com.br\/blog\/#website"},"primaryImageOfPage":{"@id":"https:\/\/www.estrategiaconcursos.com.br\/blog\/fesaude-niteroi-concurso-tem-retificacao-no-quadro-de-vagas-e-titulos\/#primaryimage"},"image":{"@id":"https:\/\/www.estrategiaconcursos.com.br\/blog\/fesaude-niteroi-concurso-tem-retificacao-no-quadro-de-vagas-e-titulos\/#primaryimage"},"thumbnailUrl":"https:\/\/www.estrategiaconcursos.com.br\/blog\/wp-content\/uploads\/2020\/02\/image-170.png","datePublished":"2020-02-27T17:30:05+00:00","dateModified":"2020-02-27T17:31:19+00:00","description":"O concurso FeSa\u00fade Niter\u00f3i apresentou retifica\u00e7\u00f5es no edital de abertura do concurso. Acompanhe as principais mudan\u00e7as do certame!","breadcrumb":{"@id":"https:\/\/www.estrategiaconcursos.com.br\/blog\/fesaude-niteroi-concurso-tem-retificacao-no-quadro-de-vagas-e-titulos\/#breadcrumb"},"inLanguage":"pt-BR","potentialAction":[{"@type":"ReadAction","target":["https:\/\/www.estrategiaconcursos.com.br\/blog\/fesaude-niteroi-concurso-tem-retificacao-no-quadro-de-vagas-e-titulos\/"]}]},{"@type":"ImageObject","inLanguage":"pt-BR","@id":"https:\/\/www.estrategiaconcursos.com.br\/blog\/fesaude-niteroi-concurso-tem-retificacao-no-quadro-de-vagas-e-titulos\/#primaryimage","url":"https:\/\/dhg1h5j42swfq.cloudfront.net\/2020\/02\/27141311\/image-170.png","contentUrl":"https:\/\/dhg1h5j42swfq.cloudfront.net\/2020\/02\/27141311\/image-170.png","width":657,"height":425},{"@type":"BreadcrumbList","@id":"https:\/\/www.estrategiaconcursos.com.br\/blog\/fesaude-niteroi-concurso-tem-retificacao-no-quadro-de-vagas-e-titulos\/#breadcrumb","itemListElement":[{"@type":"ListItem","position":1,"name":"In\u00edcio","item":"https:\/\/www.estrategiaconcursos.com.br\/blog\/"},{"@type":"ListItem","position":2,"name":"FeSa\u00fade Niter\u00f3i: concurso tem retifica\u00e7\u00e3o nos quadros de vagas e t\u00edtulos"}]},{"@type":"WebSite","@id":"https:\/\/www.estrategiaconcursos.com.br\/blog\/#website","url":"https:\/\/www.estrategiaconcursos.com.br\/blog\/","name":"Estrat\u00e9gia Concursos","description":"O blog da Estrat\u00e9gia Concursos traz not\u00edcias sobre concursos e artigos de professores oferecendo cursos para concursos (pdf + videaulas) no site.","publisher":{"@id":"https:\/\/www.estrategiaconcursos.com.br\/blog\/#organization"},"potentialAction":[{"@type":"SearchAction","target":{"@type":"EntryPoint","urlTemplate":"https:\/\/www.estrategiaconcursos.com.br\/blog\/?s={search_term_string}"},"query-input":{"@type":"PropertyValueSpecification","valueRequired":true,"valueName":"search_term_string"}}],"inLanguage":"pt-BR"},{"@type":"Organization","@id":"https:\/\/www.estrategiaconcursos.com.br\/blog\/#organization","name":"Estrat\u00e9gia Concursos","url":"https:\/\/www.estrategiaconcursos.com.br\/blog\/","logo":{"@type":"ImageObject","inLanguage":"pt-BR","@id":"https:\/\/www.estrategiaconcursos.com.br\/blog\/#\/schema\/logo\/image\/","url":"https:\/\/dhg1h5j42swfq.cloudfront.net\/2025\/06\/03203428\/logo_concursos-1.jpg","contentUrl":"https:\/\/dhg1h5j42swfq.cloudfront.net\/2025\/06\/03203428\/logo_concursos-1.jpg","width":230,"height":60,"caption":"Estrat\u00e9gia Concursos"},"image":{"@id":"https:\/\/www.estrategiaconcursos.com.br\/blog\/#\/schema\/logo\/image\/"},"sameAs":["https:\/\/x.com\/EstratConcursos"]},{"@type":"Person","@id":"https:\/\/www.estrategiaconcursos.com.br\/blog\/#\/schema\/person\/cc76e9dac392d5e35e7d00c493eee792","name":"Ligia Carvalheiro Fernandes","image":{"@type":"ImageObject","inLanguage":"pt-BR","@id":"https:\/\/secure.gravatar.com\/avatar\/26e4636c44dabc043eaf634f767ecd1d80505b210d3981d4ebd176a3f373e3ec?s=96&d=mm&r=g","url":"https:\/\/secure.gravatar.com\/avatar\/26e4636c44dabc043eaf634f767ecd1d80505b210d3981d4ebd176a3f373e3ec?s=96&d=mm&r=g","contentUrl":"https:\/\/secure.gravatar.com\/avatar\/26e4636c44dabc043eaf634f767ecd1d80505b210d3981d4ebd176a3f373e3ec?s=96&d=mm&r=g","caption":"Ligia Carvalheiro Fernandes"},"url":"https:\/\/www.estrategiaconcursos.com.br\/blog\/author\/licarfegmail-com\/"}]}},"_links":{"self":[{"href":"https:\/\/www.estrategiaconcursos.com.br\/blog\/wp-json\/wp\/v2\/posts\/486144","targetHints":{"allow":["GET"]}}],"collection":[{"href":"https:\/\/www.estrategiaconcursos.com.br\/blog\/wp-json\/wp\/v2\/posts"}],"about":[{"href":"https:\/\/www.estrategiaconcursos.com.br\/blog\/wp-json\/wp\/v2\/types\/post"}],"author":[{"embeddable":true,"href":"https:\/\/www.estrategiaconcursos.com.br\/blog\/wp-json\/wp\/v2\/users\/561"}],"replies":[{"embeddable":true,"href":"https:\/\/www.estrategiaconcursos.com.br\/blog\/wp-json\/wp\/v2\/comments?post=486144"}],"version-history":[{"count":2,"href":"https:\/\/www.estrategiaconcursos.com.br\/blog\/wp-json\/wp\/v2\/posts\/486144\/revisions"}],"predecessor-version":[{"id":486162,"href":"https:\/\/www.estrategiaconcursos.com.br\/blog\/wp-json\/wp\/v2\/posts\/486144\/revisions\/486162"}],"wp:attachment":[{"href":"https:\/\/www.estrategiaconcursos.com.br\/blog\/wp-json\/wp\/v2\/media?parent=486144"}],"wp:term":[{"taxonomy":"category","embeddable":true,"href":"https:\/\/www.estrategiaconcursos.com.br\/blog\/wp-json\/wp\/v2\/categories?post=486144"},{"taxonomy":"post_tag","embeddable":true,"href":"https:\/\/www.estrategiaconcursos.com.br\/blog\/wp-json\/wp\/v2\/tags?post=486144"},{"taxonomy":"tax_estado","embeddable":true,"href":"https:\/\/www.estrategiaconcursos.com.br\/blog\/wp-json\/wp\/v2\/tax_estado?post=486144"}],"curies":[{"name":"wp","href":"https:\/\/api.w.org\/{rel}","templated":true}]}}