{"id":486011,"date":"2022-09-26T16:45:00","date_gmt":"2022-09-26T19:45:00","guid":{"rendered":"https:\/\/www.estrategiaconcursos.com.br\/blog\/?p=486011"},"modified":"2023-09-13T17:32:57","modified_gmt":"2023-09-13T20:32:57","slug":"concurso-ijf","status":"publish","type":"post","link":"https:\/\/www.estrategiaconcursos.com.br\/blog\/concurso-ijf\/","title":{"rendered":"Concurso IJF: novo edital com 13 vagas anunciado"},"content":{"rendered":"\n<p>O prefeito de Fortaleza, Jos\u00e9 Sarto, anunciou um novo concurso Instituto Dr. Jos\u00e9 Frota (IJF). De acordo com as informa\u00e7\u00f5es, ser\u00e3o ofertadas 13 vagas imediatas.<\/p>\n\n\n\n<p>Vale lembrar que o \u00faltimo certame ocorreu em 2020, com a oferta de 176 vagas para cargos de n\u00edveis m\u00e9dio, t\u00e9cnico e superior. O sal\u00e1rio inicial variou de R$ 947,57 a R$ 3.405,44. <\/p>\n\n\n\n<ul id=\"indice\" class=\"has-very-light-gray-to-cyan-bluish-gray-gradient-background has-background wp-block-list\">\n<li><strong>Concurso Instituto Dr. Jos\u00e9 Frota (IJF)<\/strong><\/li>\n\n\n\n<li><strong>Status:<\/strong> anunciado<\/li>\n\n\n\n<li><strong style=\"background-color: initial; color: initial;\">Vagas<\/strong><span style=\"background-color: initial; color: initial;\">: <\/span>13 <\/li>\n\n\n\n<li><strong>Sal\u00e1rio<\/strong>: R$ 947,57 a R$ 3.405,44 [\u00faltimo edital]<\/li>\n\n\n\n<li><strong>\u00daltimo edital: <\/strong><a href=\"https:\/\/dhg1h5j42swfq.cloudfront.net\/2020\/02\/27110553\/Edital_22_2020_CONCURSO_PUBLICO_NIVEL_MEDIO_IJF.pdf\" target=\"_blank\" rel=\"noreferrer noopener nofollow\">Edital IJF &#8211; M\u00e9dio<\/a> | <a href=\"https:\/\/dhg1h5j42swfq.cloudfront.net\/2020\/02\/27110549\/Edital_23_2020_CONCURSO_PUBLICO_NIVEL_SUPERIOR_IJF.pdf\" target=\"_blank\" rel=\"noreferrer noopener nofollow\">Edital IJF &#8211; Superior<\/a> | <a href=\"https:\/\/dhg1h5j42swfq.cloudfront.net\/2020\/02\/27110557\/Edital_24_2020_CONCURSO_PUBLICO_MEDICO_IJF.pdf\" target=\"_blank\" rel=\"noreferrer noopener nofollow\">Edital IJF &#8211; M\u00e9dicos<\/a><\/li>\n<\/ul>\n\n\n\n<p>Veja neste artigo as principais informa\u00e7\u00f5es sobre o concurso IJF e saia na frente de seus concorrentes. Acompanhe os t\u00f3picos abaixo e n\u00e3o perca nenhum detalhe:<\/p>\n\n\n\n<ul class=\"wp-block-list\" id=\"indice\">\n<li><a href=\"#h-concurso-ijf-situacao-atual\">Situa\u00e7\u00e3o atual<\/a>\n<ul class=\"wp-block-list\">\n<li><a href=\"#anunciado\">Anunciado<\/a><\/li>\n<\/ul>\n<\/li>\n\n\n\n<li><a href=\"#ultimo\">\u00daltimo concurso<\/a><ul><li><a href=\"#cargos-vagas\">Cargos e vagas<\/a><\/li><\/ul>\n<ul class=\"wp-block-list\">\n<li><a href=\"#retificacao\">Retifica\u00e7\u00f5es<\/a><\/li>\n\n\n\n<li><a href=\"#etapas\">Etapas e provas<\/a><\/li>\n<\/ul>\n<\/li>\n\n\n\n<li><a href=\"#cursos-assinatura\">Cursos e Assinatura<\/a><\/li>\n\n\n\n<li><a href=\"#ficha-tecnica\">Ficha t\u00e9cnica<\/a><\/li>\n<\/ul>\n\n\n\n<h2 class=\"wp-block-heading\" id=\"h-concurso-ijf-situacao-atual\">Concurso IJF: situa\u00e7\u00e3o atual<\/h2>\n\n\n\n<h3 class=\"wp-block-heading\" id=\"anunciado\">Anunciado<\/h3>\n\n\n\n<p>O prefeito de Fortaleza, Jos\u00e9 Sarto, anunciou a realiza\u00e7\u00e3o do pr\u00f3ximo concurso Instituto Dr. Jos\u00e9 Frota (IJF). Segundo as informa\u00e7\u00f5es, ser\u00e3o ofertadas 13 vagas imediatas.<\/p>\n\n\n\n<ul class=\"wp-block-list\">\n<li><a href=\"https:\/\/dhg1h5j42swfq.cloudfront.net\/2022\/09\/26164406\/26_09_2022_apresentacao_concursos_fortaleza.pdf\" target=\"_blank\" rel=\"noreferrer noopener nofollow\">An\u00fancio de concursos Fortaleza<\/a><\/li>\n<\/ul>\n\n\n\n<figure class=\"wp-block-image aligncenter size-large\"><img loading=\"lazy\" decoding=\"async\" width=\"1024\" height=\"513\" src=\"https:\/\/dhg1h5j42swfq.cloudfront.net\/2022\/09\/26164924\/image-358-1024x513.png\" alt=\"Novos concursos s\u00e3o anunciados em Fortaleza\" class=\"wp-image-1100785\" srcset=\"https:\/\/dhg1h5j42swfq.cloudfront.net\/2022\/09\/26164924\/image-358-1024x513.png 1024w, https:\/\/dhg1h5j42swfq.cloudfront.net\/2022\/09\/26164924\/image-358-300x150.png 300w, https:\/\/dhg1h5j42swfq.cloudfront.net\/2022\/09\/26164924\/image-358-768x384.png 768w, https:\/\/dhg1h5j42swfq.cloudfront.net\/2022\/09\/26164924\/image-358-1536x769.png 1536w, https:\/\/dhg1h5j42swfq.cloudfront.net\/2022\/09\/26164924\/image-358-610x305.png 610w, https:\/\/dhg1h5j42swfq.cloudfront.net\/2022\/09\/26164924\/image-358-150x75.png 150w, https:\/\/dhg1h5j42swfq.cloudfront.net\/2022\/09\/26164924\/image-358.png 1624w\" sizes=\"auto, (max-width: 1024px) 100vw, 1024px\" \/><figcaption class=\"wp-element-caption\">Novos concursos s\u00e3o anunciados em Fortaleza<\/figcaption><\/figure>\n\n\n\n<h2 class=\"wp-block-heading\" id=\"ultimo\">\u00daltimo concurso IJF<\/h2>\n\n\n\n<p>O \u00faltimo concurso IJF ofertou 176 vagas para cargos de n\u00edveis m\u00e9dio, t\u00e9cnico e superior. O sal\u00e1rio inicial variou de  R$ 947,57 a R$ 3.405,44. A sele\u00e7\u00e3o foi organizada pelo IMPARH.<\/p>\n\n\n\n<h3 class=\"wp-block-heading\" id=\"cargos-vagas\">Cargos e vagas do concurso IJF <\/h3>\n\n\n\n<h4 class=\"wp-block-heading\">N\u00edvel m\u00e9dio<\/h4>\n\n\n\n<figure class=\"wp-block-table is-style-stripes\"><table class=\"has-very-light-gray-to-cyan-bluish-gray-gradient-background has-background has-fixed-layout\"><tbody><tr><td class=\"has-text-align-center\" data-align=\"center\"><strong>CARGO<\/strong><\/td><td class=\"has-text-align-center\" data-align=\"center\"><strong>VAGAS<\/strong><\/td><td class=\"has-text-align-center\" data-align=\"center\"><strong>REMUNERA\u00c7\u00c3O<\/strong><\/td><\/tr><tr><td class=\"has-text-align-center\" data-align=\"center\"> T\u00e9cnico em Higiene Dental  <\/td><td class=\"has-text-align-center\" data-align=\"center\"> 05 <\/td><td class=\"has-text-align-center\" data-align=\"center\"> R$ 947,57 <\/td><\/tr><tr><td class=\"has-text-align-center\" data-align=\"center\"> T\u00e9cnico em Imobiliza\u00e7\u00e3o Ortop\u00e9dica <\/td><td class=\"has-text-align-center\" data-align=\"center\"> 20 <\/td><td class=\"has-text-align-center\" data-align=\"center\"> R$ 947,57 <\/td><\/tr><\/tbody><\/table><\/figure>\n\n\n\n<h4 class=\"wp-block-heading\">N\u00edvel superior<\/h4>\n\n\n\n<figure class=\"wp-block-table is-style-stripes\"><table class=\"has-very-light-gray-to-cyan-bluish-gray-gradient-background has-background has-fixed-layout\"><tbody><tr><td class=\"has-text-align-center\" data-align=\"center\"><strong>CARGO<\/strong><\/td><td class=\"has-text-align-center\" data-align=\"center\"><strong>VAGAS<\/strong><\/td><td class=\"has-text-align-center\" data-align=\"center\"><strong>REMUNERA\u00c7\u00c3O<\/strong><\/td><\/tr><tr><td class=\"has-text-align-center\" data-align=\"center\"> Advogado <\/td><td class=\"has-text-align-center\" data-align=\"center\"> 03 <\/td><td class=\"has-text-align-center\" data-align=\"center\">R$ 1.330,87 <\/td><\/tr><tr><td class=\"has-text-align-center\" data-align=\"center\"> Cirurgi\u00e3o Dentista <\/td><td class=\"has-text-align-center\" data-align=\"center\"> 02 <\/td><td class=\"has-text-align-center\" data-align=\"center\">R$ 1.337,84 <\/td><\/tr><tr><td class=\"has-text-align-center\" data-align=\"center\"> Cirurgi\u00e3o Pedi\u00e1trico <\/td><td class=\"has-text-align-center\" data-align=\"center\"> 01 <\/td><td class=\"has-text-align-center\" data-align=\"center\">R$ 3.405,44 <\/td><\/tr><tr><td class=\"has-text-align-center\" data-align=\"center\"> Cirurgi\u00e3o Tor\u00e1cico <\/td><td class=\"has-text-align-center\" data-align=\"center\"> 04 <\/td><td class=\"has-text-align-center\" data-align=\"center\">R$ 3.405,44 <\/td><\/tr><tr><td class=\"has-text-align-center\" data-align=\"center\"> Enfermeiro <\/td><td class=\"has-text-align-center\" data-align=\"center\"> 87 <\/td><td class=\"has-text-align-center\" data-align=\"center\">R$ 1.605,41 <\/td><\/tr><tr><td class=\"has-text-align-center\" data-align=\"center\"> Fonoaudi\u00f3logo <\/td><td class=\"has-text-align-center\" data-align=\"center\"> 06 <\/td><td class=\"has-text-align-center\" data-align=\"center\">R$ 1.337,84 <\/td><\/tr><tr><td class=\"has-text-align-center\" data-align=\"center\"> Intensivista <\/td><td class=\"has-text-align-center\" data-align=\"center\"> 20 <\/td><td class=\"has-text-align-center\" data-align=\"center\">R$ 2.837,87 \/ R$ 3.405,44 <\/td><\/tr><tr><td class=\"has-text-align-center\" data-align=\"center\"> M\u00e9dico Cl\u00ednico <\/td><td class=\"has-text-align-center\" data-align=\"center\"> 04 <\/td><td class=\"has-text-align-center\" data-align=\"center\">R$ 2.837,87 \/ R$ 3.405,44 <\/td><\/tr><tr><td class=\"has-text-align-center\" data-align=\"center\"> Microcirurgi\u00e3o \/ Cirurgi\u00e3o de M\u00e3o <\/td><td class=\"has-text-align-center\" data-align=\"center\"> 06 <\/td><td class=\"has-text-align-center\" data-align=\"center\">R$ 3.405,44 <\/td><\/tr><tr><td class=\"has-text-align-center\" data-align=\"center\"> Pediatra  <\/td><td class=\"has-text-align-center\" data-align=\"center\"> 01 <\/td><td class=\"has-text-align-center\" data-align=\"center\">R$ 3.405,44 <\/td><\/tr><tr><td class=\"has-text-align-center\" data-align=\"center\"> Psic\u00f3logo (Hospitalar) <\/td><td class=\"has-text-align-center\" data-align=\"center\"> 12 <\/td><td class=\"has-text-align-center\" data-align=\"center\">R$ 1.605,41 <\/td><\/tr><tr><td class=\"has-text-align-center\" data-align=\"center\"> Psic\u00f3logo (Organizacional) <\/td><td class=\"has-text-align-center\" data-align=\"center\"> 03 <\/td><td class=\"has-text-align-center\" data-align=\"center\">R$ 1.337,84 <\/td><\/tr><tr><td class=\"has-text-align-center\" data-align=\"center\"> Psiquiatra <\/td><td class=\"has-text-align-center\" data-align=\"center\"> 02 <\/td><td class=\"has-text-align-center\" data-align=\"center\">R$ 3.405,44 <\/td><\/tr><\/tbody><\/table><\/figure>\n\n\n\n<h3 class=\"wp-block-heading\" id=\"retificacao\">Retifica\u00e7\u00f5es<\/h3>\n\n\n\n<ul class=\"wp-block-list\">\n<li><a href=\"https:\/\/dhg1h5j42swfq.cloudfront.net\/2020\/09\/24135703\/Segundo_Aditivo_Edital_23_2020_Nivel_Superior_IJF_DOM.pdf\" target=\"_blank\" rel=\"noreferrer noopener nofollow\">Segundo Aditivo ao Edital<\/a>;<\/li>\n\n\n\n<li><a href=\"https:\/\/dhg1h5j42swfq.cloudfront.net\/2020\/09\/24135455\/Terceiro_Aditivo_Edital_23_2020_Nivel_Superior_IJF_Final_18092020-1.pdf\" target=\"_blank\" rel=\"noreferrer noopener nofollow\">Terceiro Aditivo ao Edital<\/a>; <\/li>\n\n\n\n<li><a href=\"https:\/\/dhg1h5j42swfq.cloudfront.net\/2020\/08\/15102532\/ERRATA-CARGOS-M%C3%89DIO.pdf\" target=\"_blank\" rel=\"noreferrer noopener nofollow\">Retifica\u00e7\u00e3o n\u00edvel m\u00e9dio<\/a><span style=\"color: initial;\">;<\/span><\/li>\n\n\n\n<li><a href=\"https:\/\/dhg1h5j42swfq.cloudfront.net\/2020\/08\/15102836\/ERRATA-CARGOS-SUPERIOR.pdf\" target=\"_blank\" rel=\"noreferrer noopener nofollow\">Retifica\u00e7\u00e3o n\u00edvel superior<\/a>; <\/li>\n\n\n\n<li><a href=\"https:\/\/dhg1h5j42swfq.cloudfront.net\/2020\/08\/15103052\/ERRATA-CARGO-DE-M%C3%89DICO.pdf\" target=\"_blank\" rel=\"noreferrer noopener nofollow\">Retifica\u00e7\u00e3o edital m\u00e9dico<\/a>.<\/li>\n<\/ul>\n\n\n\n<h3 class=\"wp-block-heading\" id=\"etapas\">Etapas e provas do concurso IJF <\/h3>\n\n\n\n<p>O concurso IJF foi constitu\u00eddo das seguintes etapas:<\/p>\n\n\n\n<ol class=\"wp-block-list\">\n<li><strong>Prova Objetiva<\/strong><\/li>\n\n\n\n<li><strong>An\u00e1lise de T\u00edtulos e Experi\u00eancia Profissional<\/strong><\/li>\n<\/ol>\n\n\n\n<p>A prova objetiva foi aplicada na cidade de Fortaleza &#8211; CE, com dura\u00e7\u00e3o de 04 horas, nos dias 19 e 26 de abril.<\/p>\n\n\n\n<h4 class=\"wp-block-heading\">Prova Objetiva<\/h4>\n\n\n\n<p>Foi aplicada uma prova objetiva, de car\u00e1ter eliminat\u00f3rio e classificat\u00f3rio, com conte\u00fado de conhecimentos gerais e conhecimentos espec\u00edficos por especialidade do cargo. A avalia\u00e7\u00e3o foi composta de quest\u00f5es de m\u00faltipla escolha, cada uma com quatro alternativas de resposta (A, B, C, D).<\/p>\n\n\n\n<p>Foram considerados aprovados nesta etapa os candidatos que:<\/p>\n\n\n\n<ul class=\"wp-block-list\">\n<li>a) acertaram 30% das quest\u00f5es do conte\u00fado de conhecimentos gerais, o que corresponde a 03 quest\u00f5es certas e a 03 pontos;<\/li>\n\n\n\n<li>b) acertaram 60% das quest\u00f5es do conte\u00fado de conhecimentos espec\u00edficos, o que corresponde a 24 quest\u00f5es certas e a 24 pontos.<\/li>\n<\/ul>\n\n\n\n<h4 class=\"wp-block-heading\">An\u00e1lise de T\u00edtulos e Experi\u00eancia Profissional<\/h4>\n\n\n\n<p>Somente foram analisados os curr\u00edculos dos candidatos aprovados na primeira etapa, limitados aos quantitativos de classificados e por ordem decrescente de nota. <\/p>\n\n\n\n<p>A referida etapa foi constitu\u00edda da an\u00e1lise de t\u00edtulos e experi\u00eancia profissional, de car\u00e1ter meramente classificat\u00f3rio. Os candidatos aos cargos de n\u00edvel m\u00e9dio e M\u00e9dicos.<\/p>\n\n\n\n<hr class=\"wp-block-separator has-css-opacity\"\/>\n\n\n\n<h2 class=\"wp-block-heading has-text-align-center\" id=\"h-quer-saber-tudo-sobre-concursos-previstos-confira-nossos-artigos\">Quer saber tudo sobre concursos previstos?<br \/>Confira nossos artigos!<\/h2>\n\n\n\n<ul class=\"wp-block-list\">\n<li><a href=\"https:\/\/www.estrategiaconcursos.com.br\/blog\/concursos-abertos\/\" target=\"_blank\" rel=\"noreferrer noopener\">Concursos abertos<\/a><\/li>\n\n\n\n<li><a href=\"https:\/\/www.estrategiaconcursos.com.br\/blog\/concursos-area-da-saude\/\" target=\"_blank\" rel=\"noreferrer noopener\">Concursos sa\u00fade<\/a><\/li>\n\n\n\n<li><a href=\"https:\/\/www.estrategiaconcursos.com.br\/blog\/concursos-2023\/\" target=\"_blank\" rel=\"noreferrer noopener\">Concursos 2023<\/a><\/li>\n\n\n\n<li><a href=\"https:\/\/www.estrategiaconcursos.com.br\/blog\/concursos-2024\/\" target=\"_blank\" rel=\"noreferrer noopener\">Concursos 2024<\/a><\/li>\n<\/ul>\n\n\n\n<h2 class=\"wp-block-heading has-text-align-center\" id=\"cursos-assinatura\">Quer estudar para o Concurso IJF?<\/h2>\n\n\n\n<div class=\"container\" id=\"boxes\">\n  <div class=\"row\">\n\n    <div class=\"col-sm\">\n      <div class=\"banner-medicina\" id=\"box-assinatura\">\n        <h3 class=\"titulo-assinatura\">Concurso IJF<\/h3>\n        <p class=\"subtitulo-assinatura\">Conhe\u00e7a os cursos<\/p>\n        <div class=\"box-botao\">\n          <a class=\"btn-assinatura\" target=\"_blank\" href=\"https:\/\/www.estrategiaconcursos.com.br\/cursosPorConcurso\/cursos-da-saude\/\" role=\"button\" rel=\"noopener noreferrer\">Conhe\u00e7a mais<\/a>\n        <\/div>\n      <\/div>\n    \n\n  <\/div>\n<\/div><\/div>\n\n\n\n<div class=\"container\" id=\"boxes\">\n  <div class=\"row\">\n\n    <div class=\"col-sm\">\n      <div class=\"estrategia\" id=\"box-assinatura\">\n        <h3 class=\"titulo-assinatura\">Assinatura de Concursos<\/h3>\n        <p class=\"subtitulo-assinatura\">Assinatura de 1 ano ou 2 anos<\/p>\n        <div class=\"box-botao\">\n          <a class=\"btn-assinatura\" target=\"_blank\" href=\"https:\/\/www.estrategiaconcursos.com.br\/assinaturas\/\" role=\"button\" rel=\"noopener noreferrer\">ASSINE AGORA<\/a>\n        <\/div>\n      <\/div>\n     \n    <\/div><\/div><\/div>\n\n\n\n<figure class=\"wp-block-image size-full is-resized\"><img loading=\"lazy\" decoding=\"async\" src=\"https:\/\/dhg1h5j42swfq.cloudfront.net\/2021\/05\/20215428\/ficha-tecnica-1-1024x632-1-15.png\" alt=\"Informa\u00e7\u00f5es sobre o concurso IJF - Fortaleza\" class=\"wp-image-746613\" style=\"width:268px;height:165px\" width=\"268\" height=\"165\" srcset=\"https:\/\/dhg1h5j42swfq.cloudfront.net\/2021\/05\/20215428\/ficha-tecnica-1-1024x632-1-15.png 1024w, https:\/\/dhg1h5j42swfq.cloudfront.net\/2021\/05\/20215428\/ficha-tecnica-1-1024x632-1-15-300x185.png 300w, https:\/\/dhg1h5j42swfq.cloudfront.net\/2021\/05\/20215428\/ficha-tecnica-1-1024x632-1-15-768x474.png 768w, https:\/\/dhg1h5j42swfq.cloudfront.net\/2021\/05\/20215428\/ficha-tecnica-1-1024x632-1-15-610x376.png 610w\" sizes=\"auto, (max-width: 268px) 100vw, 268px\" \/><\/figure>\n\n\n\n<h3 class=\"wp-block-heading\" id=\"ficha-tecnica\">Informa\u00e7\u00f5es sobre o concurso IJF &#8211; Fortaleza<\/h3>\n\n\n\n<ul class=\"wp-block-list\">\n<li><strong>Data<\/strong>: 2020<\/li>\n\n\n\n<li><strong>Vagas<\/strong>: 176<\/li>\n\n\n\n<li><strong>Cargos<\/strong>: V\u00e1rios<\/li>\n\n\n\n<li><strong>Banca<\/strong>: IMPARH <\/li>\n\n\n\n<li><strong>Escolaridade<\/strong>: N\u00edvel m\u00e9dio\/t\u00e9cnico e superior<\/li>\n\n\n\n<li><strong>Edital<\/strong>:&nbsp;<a href=\"https:\/\/dhg1h5j42swfq.cloudfront.net\/2020\/02\/27110553\/Edital_22_2020_CONCURSO_PUBLICO_NIVEL_MEDIO_IJF.pdf\" target=\"_blank\" rel=\"noreferrer noopener nofollow\">Edital IJF &#8211; M\u00e9dio<\/a> | <a href=\"https:\/\/dhg1h5j42swfq.cloudfront.net\/2020\/02\/27110549\/Edital_23_2020_CONCURSO_PUBLICO_NIVEL_SUPERIOR_IJF.pdf\" target=\"_blank\" rel=\"noreferrer noopener nofollow\">Edital IJF &#8211; Superior<\/a> | <a href=\"https:\/\/dhg1h5j42swfq.cloudfront.net\/2020\/02\/27110557\/Edital_24_2020_CONCURSO_PUBLICO_MEDICO_IJF.pdf\" target=\"_blank\" rel=\"noreferrer noopener nofollow\">Edital IJF &#8211; M\u00e9dicos<\/a><\/li>\n<\/ul>\n","protected":false},"excerpt":{"rendered":"<p>O prefeito de Fortaleza, Jos\u00e9 Sarto, anunciou um novo concurso Instituto Dr. Jos\u00e9 Frota (IJF). De acordo com as informa\u00e7\u00f5es, ser\u00e3o ofertadas 13 vagas imediatas. Vale lembrar que o \u00faltimo certame ocorreu em 2020, com a oferta de 176 vagas para cargos de n\u00edveis m\u00e9dio, t\u00e9cnico e superior. O sal\u00e1rio inicial variou de R$ 947,57 [&hellip;]<\/p>\n","protected":false},"author":1,"featured_media":420349,"comment_status":"open","ping_status":"closed","sticky":false,"template":"","format":"standard","meta":{"post_tipo":"news_page","footnotes":""},"categories":[1981],"tags":[],"tax_estado":[219969],"class_list":["post-486011","post","type-post","status-publish","format-standard","has-post-thumbnail","hentry","category-saude","tax_estado-ce"],"acf":[],"yoast_head":"<!-- This site is optimized with the Yoast SEO Premium plugin v27.2 (Yoast SEO v27.2) - https:\/\/yoast.com\/product\/yoast-seo-premium-wordpress\/ -->\n<title>Concurso IJF: novo edital com 13 vagas anunciado<\/title>\n<meta name=\"description\" content=\"Concurso IJF: novo edital com 13 vagas foi anunciado pelo prefeito Jos\u00e9 Sarto. Confira todos os detalhes no site do Estrat\u00e9gia Concursos!\" \/>\n<meta name=\"robots\" content=\"index, follow, max-snippet:-1, max-image-preview:large, max-video-preview:-1\" \/>\n<link rel=\"canonical\" href=\"https:\/\/www.estrategiaconcursos.com.br\/blog\/concurso-ijf\/\" \/>\n<meta property=\"og:locale\" content=\"pt_BR\" \/>\n<meta property=\"og:type\" content=\"article\" \/>\n<meta property=\"og:title\" content=\"Concurso IJF: novo edital com 13 vagas anunciado\" \/>\n<meta property=\"og:description\" content=\"Concurso IJF: novo edital com 13 vagas foi anunciado pelo prefeito Jos\u00e9 Sarto. Confira todos os detalhes no site do Estrat\u00e9gia Concursos!\" \/>\n<meta property=\"og:url\" content=\"https:\/\/www.estrategiaconcursos.com.br\/blog\/concurso-ijf\/\" \/>\n<meta property=\"og:site_name\" content=\"Estrat\u00e9gia Concursos\" \/>\n<meta property=\"article:author\" content=\"https:\/\/www.facebook.com\/EstrategiaConcursos\" \/>\n<meta property=\"article:published_time\" content=\"2022-09-26T19:45:00+00:00\" \/>\n<meta property=\"article:modified_time\" content=\"2023-09-13T20:32:57+00:00\" \/>\n<meta property=\"og:image\" content=\"https:\/\/dhg1h5j42swfq.cloudfront.net\/2019\/09\/16120046\/IJF-Fortaleza.png\" \/>\n\t<meta property=\"og:image:width\" content=\"1200\" \/>\n\t<meta property=\"og:image:height\" content=\"628\" \/>\n\t<meta property=\"og:image:type\" content=\"image\/png\" \/>\n<meta name=\"author\" content=\"Coordena\u00e7\u00e3o\" \/>\n<meta name=\"twitter:card\" content=\"summary_large_image\" \/>\n<meta name=\"twitter:creator\" content=\"@EstratConcursos\" \/>\n<meta name=\"twitter:site\" content=\"@EstratConcursos\" \/>\n<meta name=\"twitter:label1\" content=\"Escrito por\" \/>\n\t<meta name=\"twitter:data1\" content=\"Coordena\u00e7\u00e3o\" \/>\n\t<meta name=\"twitter:label2\" content=\"Est. tempo de leitura\" \/>\n\t<meta name=\"twitter:data2\" content=\"3 minutos\" \/>\n<script type=\"application\/ld+json\" class=\"yoast-schema-graph\">{\"@context\":\"https:\/\/schema.org\",\"@graph\":[{\"@type\":\"NewsArticle\",\"@id\":\"https:\/\/www.estrategiaconcursos.com.br\/blog\/concurso-ijf\/#article\",\"isPartOf\":{\"@id\":\"https:\/\/www.estrategiaconcursos.com.br\/blog\/concurso-ijf\/\"},\"author\":{\"name\":\"Coordena\u00e7\u00e3o\",\"@id\":\"https:\/\/www.estrategiaconcursos.com.br\/blog\/#\/schema\/person\/b4a388c97673c5f483d72185668afa1f\"},\"headline\":\"Concurso IJF: novo edital com 13 vagas anunciado\",\"datePublished\":\"2022-09-26T19:45:00+00:00\",\"dateModified\":\"2023-09-13T20:32:57+00:00\",\"mainEntityOfPage\":{\"@id\":\"https:\/\/www.estrategiaconcursos.com.br\/blog\/concurso-ijf\/\"},\"wordCount\":637,\"commentCount\":12,\"publisher\":{\"@id\":\"https:\/\/www.estrategiaconcursos.com.br\/blog\/#organization\"},\"image\":{\"@id\":\"https:\/\/www.estrategiaconcursos.com.br\/blog\/concurso-ijf\/#primaryimage\"},\"thumbnailUrl\":\"https:\/\/dhg1h5j42swfq.cloudfront.net\/2019\/09\/16120046\/IJF-Fortaleza.png\",\"articleSection\":[\"Sa\u00fade\"],\"inLanguage\":\"pt-BR\",\"potentialAction\":[{\"@type\":\"CommentAction\",\"name\":\"Comment\",\"target\":[\"https:\/\/www.estrategiaconcursos.com.br\/blog\/concurso-ijf\/#respond\"]}],\"copyrightYear\":\"2022\",\"copyrightHolder\":{\"@id\":\"https:\/\/www.estrategiaconcursos.com.br\/blog\/#organization\"}},{\"@type\":\"WebPage\",\"@id\":\"https:\/\/www.estrategiaconcursos.com.br\/blog\/concurso-ijf\/\",\"url\":\"https:\/\/www.estrategiaconcursos.com.br\/blog\/concurso-ijf\/\",\"name\":\"Concurso IJF: novo edital com 13 vagas anunciado\",\"isPartOf\":{\"@id\":\"https:\/\/www.estrategiaconcursos.com.br\/blog\/#website\"},\"primaryImageOfPage\":{\"@id\":\"https:\/\/www.estrategiaconcursos.com.br\/blog\/concurso-ijf\/#primaryimage\"},\"image\":{\"@id\":\"https:\/\/www.estrategiaconcursos.com.br\/blog\/concurso-ijf\/#primaryimage\"},\"thumbnailUrl\":\"https:\/\/dhg1h5j42swfq.cloudfront.net\/2019\/09\/16120046\/IJF-Fortaleza.png\",\"datePublished\":\"2022-09-26T19:45:00+00:00\",\"dateModified\":\"2023-09-13T20:32:57+00:00\",\"description\":\"Concurso IJF: novo edital com 13 vagas foi anunciado pelo prefeito Jos\u00e9 Sarto. Confira todos os detalhes no site do Estrat\u00e9gia Concursos!\",\"breadcrumb\":{\"@id\":\"https:\/\/www.estrategiaconcursos.com.br\/blog\/concurso-ijf\/#breadcrumb\"},\"inLanguage\":\"pt-BR\",\"potentialAction\":[{\"@type\":\"ReadAction\",\"target\":[\"https:\/\/www.estrategiaconcursos.com.br\/blog\/concurso-ijf\/\"]}]},{\"@type\":\"ImageObject\",\"inLanguage\":\"pt-BR\",\"@id\":\"https:\/\/www.estrategiaconcursos.com.br\/blog\/concurso-ijf\/#primaryimage\",\"url\":\"https:\/\/dhg1h5j42swfq.cloudfront.net\/2019\/09\/16120046\/IJF-Fortaleza.png\",\"contentUrl\":\"https:\/\/dhg1h5j42swfq.cloudfront.net\/2019\/09\/16120046\/IJF-Fortaleza.png\",\"width\":1200,\"height\":628},{\"@type\":\"BreadcrumbList\",\"@id\":\"https:\/\/www.estrategiaconcursos.com.br\/blog\/concurso-ijf\/#breadcrumb\",\"itemListElement\":[{\"@type\":\"ListItem\",\"position\":1,\"name\":\"In\u00edcio\",\"item\":\"https:\/\/www.estrategiaconcursos.com.br\/blog\/\"},{\"@type\":\"ListItem\",\"position\":2,\"name\":\"Concurso IJF: novo edital com 13 vagas anunciado\"}]},{\"@type\":\"WebSite\",\"@id\":\"https:\/\/www.estrategiaconcursos.com.br\/blog\/#website\",\"url\":\"https:\/\/www.estrategiaconcursos.com.br\/blog\/\",\"name\":\"Estrat\u00e9gia Concursos\",\"description\":\"O blog da Estrat\u00e9gia Concursos traz not\u00edcias sobre concursos e artigos de professores oferecendo cursos para concursos (pdf + videaulas) no site.\",\"publisher\":{\"@id\":\"https:\/\/www.estrategiaconcursos.com.br\/blog\/#organization\"},\"potentialAction\":[{\"@type\":\"SearchAction\",\"target\":{\"@type\":\"EntryPoint\",\"urlTemplate\":\"https:\/\/www.estrategiaconcursos.com.br\/blog\/?s={search_term_string}\"},\"query-input\":{\"@type\":\"PropertyValueSpecification\",\"valueRequired\":true,\"valueName\":\"search_term_string\"}}],\"inLanguage\":\"pt-BR\"},{\"@type\":\"Organization\",\"@id\":\"https:\/\/www.estrategiaconcursos.com.br\/blog\/#organization\",\"name\":\"Estrat\u00e9gia Concursos\",\"url\":\"https:\/\/www.estrategiaconcursos.com.br\/blog\/\",\"logo\":{\"@type\":\"ImageObject\",\"inLanguage\":\"pt-BR\",\"@id\":\"https:\/\/www.estrategiaconcursos.com.br\/blog\/#\/schema\/logo\/image\/\",\"url\":\"https:\/\/dhg1h5j42swfq.cloudfront.net\/2025\/06\/03203428\/logo_concursos-1.jpg\",\"contentUrl\":\"https:\/\/dhg1h5j42swfq.cloudfront.net\/2025\/06\/03203428\/logo_concursos-1.jpg\",\"width\":230,\"height\":60,\"caption\":\"Estrat\u00e9gia Concursos\"},\"image\":{\"@id\":\"https:\/\/www.estrategiaconcursos.com.br\/blog\/#\/schema\/logo\/image\/\"},\"sameAs\":[\"https:\/\/x.com\/EstratConcursos\"]},{\"@type\":\"Person\",\"@id\":\"https:\/\/www.estrategiaconcursos.com.br\/blog\/#\/schema\/person\/b4a388c97673c5f483d72185668afa1f\",\"name\":\"Coordena\u00e7\u00e3o\",\"image\":{\"@type\":\"ImageObject\",\"inLanguage\":\"pt-BR\",\"@id\":\"https:\/\/secure.gravatar.com\/avatar\/b720319e4c9a967eb58678d110f4fe35452fc5d5f97b202bac7b8acceb18c6ad?s=96&d=mm&r=g\",\"url\":\"https:\/\/secure.gravatar.com\/avatar\/b720319e4c9a967eb58678d110f4fe35452fc5d5f97b202bac7b8acceb18c6ad?s=96&d=mm&r=g\",\"contentUrl\":\"https:\/\/secure.gravatar.com\/avatar\/b720319e4c9a967eb58678d110f4fe35452fc5d5f97b202bac7b8acceb18c6ad?s=96&d=mm&r=g\",\"caption\":\"Coordena\u00e7\u00e3o\"},\"sameAs\":[\"https:\/\/www.facebook.com\/EstrategiaConcursos\",\"https:\/\/x.com\/EstratConcursos\"],\"url\":\"https:\/\/www.estrategiaconcursos.com.br\/blog\/author\/estrategia2013\/\"}]}<\/script>\n<!-- \/ Yoast SEO Premium plugin. -->","yoast_head_json":{"title":"Concurso IJF: novo edital com 13 vagas anunciado","description":"Concurso IJF: novo edital com 13 vagas foi anunciado pelo prefeito Jos\u00e9 Sarto. Confira todos os detalhes no site do Estrat\u00e9gia Concursos!","robots":{"index":"index","follow":"follow","max-snippet":"max-snippet:-1","max-image-preview":"max-image-preview:large","max-video-preview":"max-video-preview:-1"},"canonical":"https:\/\/www.estrategiaconcursos.com.br\/blog\/concurso-ijf\/","og_locale":"pt_BR","og_type":"article","og_title":"Concurso IJF: novo edital com 13 vagas anunciado","og_description":"Concurso IJF: novo edital com 13 vagas foi anunciado pelo prefeito Jos\u00e9 Sarto. Confira todos os detalhes no site do Estrat\u00e9gia Concursos!","og_url":"https:\/\/www.estrategiaconcursos.com.br\/blog\/concurso-ijf\/","og_site_name":"Estrat\u00e9gia Concursos","article_author":"https:\/\/www.facebook.com\/EstrategiaConcursos","article_published_time":"2022-09-26T19:45:00+00:00","article_modified_time":"2023-09-13T20:32:57+00:00","og_image":[{"width":1200,"height":628,"url":"https:\/\/dhg1h5j42swfq.cloudfront.net\/2019\/09\/16120046\/IJF-Fortaleza.png","type":"image\/png"}],"author":"Coordena\u00e7\u00e3o","twitter_card":"summary_large_image","twitter_creator":"@EstratConcursos","twitter_site":"@EstratConcursos","twitter_misc":{"Escrito por":"Coordena\u00e7\u00e3o","Est. tempo de leitura":"3 minutos"},"schema":{"@context":"https:\/\/schema.org","@graph":[{"@type":"NewsArticle","@id":"https:\/\/www.estrategiaconcursos.com.br\/blog\/concurso-ijf\/#article","isPartOf":{"@id":"https:\/\/www.estrategiaconcursos.com.br\/blog\/concurso-ijf\/"},"author":{"name":"Coordena\u00e7\u00e3o","@id":"https:\/\/www.estrategiaconcursos.com.br\/blog\/#\/schema\/person\/b4a388c97673c5f483d72185668afa1f"},"headline":"Concurso IJF: novo edital com 13 vagas anunciado","datePublished":"2022-09-26T19:45:00+00:00","dateModified":"2023-09-13T20:32:57+00:00","mainEntityOfPage":{"@id":"https:\/\/www.estrategiaconcursos.com.br\/blog\/concurso-ijf\/"},"wordCount":637,"commentCount":12,"publisher":{"@id":"https:\/\/www.estrategiaconcursos.com.br\/blog\/#organization"},"image":{"@id":"https:\/\/www.estrategiaconcursos.com.br\/blog\/concurso-ijf\/#primaryimage"},"thumbnailUrl":"https:\/\/dhg1h5j42swfq.cloudfront.net\/2019\/09\/16120046\/IJF-Fortaleza.png","articleSection":["Sa\u00fade"],"inLanguage":"pt-BR","potentialAction":[{"@type":"CommentAction","name":"Comment","target":["https:\/\/www.estrategiaconcursos.com.br\/blog\/concurso-ijf\/#respond"]}],"copyrightYear":"2022","copyrightHolder":{"@id":"https:\/\/www.estrategiaconcursos.com.br\/blog\/#organization"}},{"@type":"WebPage","@id":"https:\/\/www.estrategiaconcursos.com.br\/blog\/concurso-ijf\/","url":"https:\/\/www.estrategiaconcursos.com.br\/blog\/concurso-ijf\/","name":"Concurso IJF: novo edital com 13 vagas anunciado","isPartOf":{"@id":"https:\/\/www.estrategiaconcursos.com.br\/blog\/#website"},"primaryImageOfPage":{"@id":"https:\/\/www.estrategiaconcursos.com.br\/blog\/concurso-ijf\/#primaryimage"},"image":{"@id":"https:\/\/www.estrategiaconcursos.com.br\/blog\/concurso-ijf\/#primaryimage"},"thumbnailUrl":"https:\/\/dhg1h5j42swfq.cloudfront.net\/2019\/09\/16120046\/IJF-Fortaleza.png","datePublished":"2022-09-26T19:45:00+00:00","dateModified":"2023-09-13T20:32:57+00:00","description":"Concurso IJF: novo edital com 13 vagas foi anunciado pelo prefeito Jos\u00e9 Sarto. Confira todos os detalhes no site do Estrat\u00e9gia Concursos!","breadcrumb":{"@id":"https:\/\/www.estrategiaconcursos.com.br\/blog\/concurso-ijf\/#breadcrumb"},"inLanguage":"pt-BR","potentialAction":[{"@type":"ReadAction","target":["https:\/\/www.estrategiaconcursos.com.br\/blog\/concurso-ijf\/"]}]},{"@type":"ImageObject","inLanguage":"pt-BR","@id":"https:\/\/www.estrategiaconcursos.com.br\/blog\/concurso-ijf\/#primaryimage","url":"https:\/\/dhg1h5j42swfq.cloudfront.net\/2019\/09\/16120046\/IJF-Fortaleza.png","contentUrl":"https:\/\/dhg1h5j42swfq.cloudfront.net\/2019\/09\/16120046\/IJF-Fortaleza.png","width":1200,"height":628},{"@type":"BreadcrumbList","@id":"https:\/\/www.estrategiaconcursos.com.br\/blog\/concurso-ijf\/#breadcrumb","itemListElement":[{"@type":"ListItem","position":1,"name":"In\u00edcio","item":"https:\/\/www.estrategiaconcursos.com.br\/blog\/"},{"@type":"ListItem","position":2,"name":"Concurso IJF: novo edital com 13 vagas anunciado"}]},{"@type":"WebSite","@id":"https:\/\/www.estrategiaconcursos.com.br\/blog\/#website","url":"https:\/\/www.estrategiaconcursos.com.br\/blog\/","name":"Estrat\u00e9gia Concursos","description":"O blog da Estrat\u00e9gia Concursos traz not\u00edcias sobre concursos e artigos de professores oferecendo cursos para concursos (pdf + videaulas) no site.","publisher":{"@id":"https:\/\/www.estrategiaconcursos.com.br\/blog\/#organization"},"potentialAction":[{"@type":"SearchAction","target":{"@type":"EntryPoint","urlTemplate":"https:\/\/www.estrategiaconcursos.com.br\/blog\/?s={search_term_string}"},"query-input":{"@type":"PropertyValueSpecification","valueRequired":true,"valueName":"search_term_string"}}],"inLanguage":"pt-BR"},{"@type":"Organization","@id":"https:\/\/www.estrategiaconcursos.com.br\/blog\/#organization","name":"Estrat\u00e9gia Concursos","url":"https:\/\/www.estrategiaconcursos.com.br\/blog\/","logo":{"@type":"ImageObject","inLanguage":"pt-BR","@id":"https:\/\/www.estrategiaconcursos.com.br\/blog\/#\/schema\/logo\/image\/","url":"https:\/\/dhg1h5j42swfq.cloudfront.net\/2025\/06\/03203428\/logo_concursos-1.jpg","contentUrl":"https:\/\/dhg1h5j42swfq.cloudfront.net\/2025\/06\/03203428\/logo_concursos-1.jpg","width":230,"height":60,"caption":"Estrat\u00e9gia Concursos"},"image":{"@id":"https:\/\/www.estrategiaconcursos.com.br\/blog\/#\/schema\/logo\/image\/"},"sameAs":["https:\/\/x.com\/EstratConcursos"]},{"@type":"Person","@id":"https:\/\/www.estrategiaconcursos.com.br\/blog\/#\/schema\/person\/b4a388c97673c5f483d72185668afa1f","name":"Coordena\u00e7\u00e3o","image":{"@type":"ImageObject","inLanguage":"pt-BR","@id":"https:\/\/secure.gravatar.com\/avatar\/b720319e4c9a967eb58678d110f4fe35452fc5d5f97b202bac7b8acceb18c6ad?s=96&d=mm&r=g","url":"https:\/\/secure.gravatar.com\/avatar\/b720319e4c9a967eb58678d110f4fe35452fc5d5f97b202bac7b8acceb18c6ad?s=96&d=mm&r=g","contentUrl":"https:\/\/secure.gravatar.com\/avatar\/b720319e4c9a967eb58678d110f4fe35452fc5d5f97b202bac7b8acceb18c6ad?s=96&d=mm&r=g","caption":"Coordena\u00e7\u00e3o"},"sameAs":["https:\/\/www.facebook.com\/EstrategiaConcursos","https:\/\/x.com\/EstratConcursos"],"url":"https:\/\/www.estrategiaconcursos.com.br\/blog\/author\/estrategia2013\/"}]}},"_links":{"self":[{"href":"https:\/\/www.estrategiaconcursos.com.br\/blog\/wp-json\/wp\/v2\/posts\/486011","targetHints":{"allow":["GET"]}}],"collection":[{"href":"https:\/\/www.estrategiaconcursos.com.br\/blog\/wp-json\/wp\/v2\/posts"}],"about":[{"href":"https:\/\/www.estrategiaconcursos.com.br\/blog\/wp-json\/wp\/v2\/types\/post"}],"author":[{"embeddable":true,"href":"https:\/\/www.estrategiaconcursos.com.br\/blog\/wp-json\/wp\/v2\/users\/1"}],"replies":[{"embeddable":true,"href":"https:\/\/www.estrategiaconcursos.com.br\/blog\/wp-json\/wp\/v2\/comments?post=486011"}],"version-history":[{"count":42,"href":"https:\/\/www.estrategiaconcursos.com.br\/blog\/wp-json\/wp\/v2\/posts\/486011\/revisions"}],"predecessor-version":[{"id":1276902,"href":"https:\/\/www.estrategiaconcursos.com.br\/blog\/wp-json\/wp\/v2\/posts\/486011\/revisions\/1276902"}],"wp:featuredmedia":[{"embeddable":true,"href":"https:\/\/www.estrategiaconcursos.com.br\/blog\/wp-json\/wp\/v2\/media\/420349"}],"wp:attachment":[{"href":"https:\/\/www.estrategiaconcursos.com.br\/blog\/wp-json\/wp\/v2\/media?parent=486011"}],"wp:term":[{"taxonomy":"category","embeddable":true,"href":"https:\/\/www.estrategiaconcursos.com.br\/blog\/wp-json\/wp\/v2\/categories?post=486011"},{"taxonomy":"post_tag","embeddable":true,"href":"https:\/\/www.estrategiaconcursos.com.br\/blog\/wp-json\/wp\/v2\/tags?post=486011"},{"taxonomy":"tax_estado","embeddable":true,"href":"https:\/\/www.estrategiaconcursos.com.br\/blog\/wp-json\/wp\/v2\/tax_estado?post=486011"}],"curies":[{"name":"wp","href":"https:\/\/api.w.org\/{rel}","templated":true}]}}