{"id":485270,"date":"2020-02-04T12:27:00","date_gmt":"2020-02-04T15:27:00","guid":{"rendered":"https:\/\/www.estrategiaconcursos.com.br\/blog\/?p=485270"},"modified":"2020-03-04T17:46:38","modified_gmt":"2020-03-04T20:46:38","slug":"aulao-presencial-mp-ce-07-marco","status":"publish","type":"post","link":"https:\/\/www.estrategiaconcursos.com.br\/blog\/aulao-presencial-mp-ce-07-marco\/","title":{"rendered":"AUL\u00c3O Presencial MP CE: neste S\u00c1BADO, 07 de mar\u00e7o. Garanta j\u00e1 sua vaga!"},"content":{"rendered":"\n<p>As Provas Objetiva e Discursiva para o cargo de T\u00e9cnico Ministerial do concurso de servidores do Minist\u00e9rio P\u00fablico do Cear\u00e1, <strong>concurso MP CE<\/strong>, ser\u00e3o aplicadas neste domingo, <strong>08 de mar\u00e7o<\/strong>, no turno da tarde. <\/p>\n\n\n\n<p>A Prova Objetiva contar\u00e1 com <strong>120 quest\u00f5es<\/strong> no estilo CERTO ou ERRADO. J\u00e1 a prova discursiva consistir\u00e1 numa reda\u00e7\u00e3o de 20 a 30 linhas. Seu valor total ser\u00e1 de\u00a0<strong>30 pontos<\/strong>. A dura\u00e7\u00e3o total para realiza\u00e7\u00e3o de ambas as provas ser\u00e1 de <strong>4 horas e 30 minutos<\/strong>. <\/p>\n\n\n\n<p>Para ser aprovado \u00e9 necess\u00e1rio alcan\u00e7ar ao menos\u00a0<strong>15 pontos.<\/strong> O certame oferta 30 vagas para cargos de N\u00edvel M\u00e9dio e Superior, com remunera\u00e7\u00e3o inicial de R$ 4.038,91 e R$ 5.919,42. Desse total, <strong>12 vagas <\/strong>diretas mais cadastro reserva ser\u00e3o apenas para o cargo de <strong>T\u00e9cnico Ministerial.<\/strong> <\/p>\n\n\n\n<p>E para contribuir para sua tranquilidade no momento da prova, o Estrat\u00e9gia Concursos ir\u00e1 realizar um <strong>revis\u00e3o de v\u00e9spera presencial completa<\/strong>, com todas as disciplinas que ser\u00e3o exigidas no certame para o cargo de t\u00e9cnico! <\/p>\n\n\n\n<p>No dia <strong>07 de mar\u00e7o<\/strong>, <strong>s\u00e1bado<\/strong>, v\u00e9spera da prova, a partir das<strong> 08 horas e 30 minutos,<\/strong> nossa equipe vai estar em <strong>Fortaleza-CE <\/strong>para realizar o evento em conjunto com a equipe de professores do Curso Prime. <\/p>\n\n\n\n<p>\u00c9 a sua chance de revisar os pontos mais importantes do edital e chegar no domingo pronto para conquistar a t\u00e3o sonhada vaga!<\/p>\n\n\n\n<p>Os ingressos para o&nbsp;<strong>Aul\u00e3o Presencial MP CE<\/strong>&nbsp;j\u00e1 est\u00e3o \u00e0 venda no nosso site. E eles j\u00e1 est\u00e3o no <em><strong>\u00faltimo lote<\/strong><\/em>, custando <strong>R$ 78,00<\/strong> desde o dia 15 de fevereiro! <\/p>\n\n\n\n<p class=\"has-background has-very-light-gray-background-color\"><strong><em>As vagas s\u00e3o\u00a0LIMITADAS! N\u00e3o deixe de garantir seu lugar na nossa revis\u00e3o de v\u00e9spera.<\/em><\/strong><\/p>\n\n\n\n<h2 class=\"wp-block-heading\">Assinantes t\u00eam desconto no Aul\u00e3o Presencial MP CE<\/h2>\n\n\n\n<p>Voc\u00ea que \u00e9 Assinante em qualquer um dos nossos planos (de um ou dois anos), ter\u00e1&nbsp;<strong>um desconto especial de 50% no valor do ingresso<\/strong>. Assim que voc\u00ea efetuar a compra do passaporte para o evento,&nbsp;o desconto ser\u00e1 abatido no ato da inscri\u00e7\u00e3o. Corra e garanta j\u00e1 a sua participa\u00e7\u00e3o neste grande evento, pois as&nbsp;<strong>vagas s\u00e3o limitadas!<\/strong><\/p>\n\n\n\n<p><em>Quem n\u00e3o \u00e9 assinante, pode participar?<\/em><\/p>\n\n\n\n<p><em>SIM!! \u00c9 claro! Voc\u00ea ser\u00e1 bem-vindo! Se voc\u00ea n\u00e3o \u00e9 nosso assinante, nem mesmo \u00e9 aluno do Estrat\u00e9gia Concursos, vai poder participar do evento e conhecer nossa equipe de professores de perto. \u00c9 s\u00f3 adquirir o ingresso em nosso site. Os valores podem ser pagos \u00e0 vista ou em at\u00e9 12x no cart\u00e3o.<\/em><\/p>\n\n\n\n<h2 class=\"wp-block-heading\">Dia 07\/03\/2020 \u2013 Aul\u00e3o Presencial MP CE<\/h2>\n\n\n\n<h3 class=\"wp-block-heading\">Lotes<\/h3>\n\n\n\n<ul class=\"wp-block-list\"><li><em><strong>1.\u00ba lote promocional <\/strong>&#8211; <strong>R$ 49,00:&nbsp;ESGOTADO<\/strong><\/em><\/li><li><strong><em>2.\u00ba lote<\/em><\/strong> &#8211; <strong><em>Ap\u00f3s o dia 15\/01 &#8211;&nbsp;R$ 59,00<\/em>: <\/strong><strong style=\"font-style: italic;\">ESGOTADO<\/strong> <\/li><li><em>3.\u00ba lote<\/em> &#8211; <em>Ap\u00f3s o dia 15\/02&nbsp;:&nbsp;R$ 78,00<\/em> <\/li><\/ul>\n\n\n\n<p style=\"background-color:#c3ff00;font-size:23px\" class=\"has-background has-text-align-center\"><a rel=\"noreferrer noopener\" aria-label=\" Garanta seu ingresso - Aul\u00e3o MP CE (abre numa nova aba)\" href=\"https:\/\/www.estrategiaconcursos.com.br\/curso\/aulao-presencial-de-vespera-para-mp-ce-07-03-2020\/\" target=\"_blank\"> <strong><em>Garanta seu ingresso<\/em><\/strong> &#8211; <em><strong>Aul\u00e3o MP CE<\/strong><\/em><\/a><\/p>\n\n\n\n<h3 class=\"wp-block-heading\">Endere\u00e7o<\/h3>\n\n\n\n<p><strong>Hotel Praia Centro<\/strong><br \/>Av. Monsenhor Tabosa, 740 &#8211; Praia de Iracema, Fortaleza &#8211; CE, 60165-010<\/p>\n\n\n\n<h3 class=\"wp-block-heading\"><strong>Programa\u00e7\u00e3o<\/strong><\/h3>\n\n\n\n<figure class=\"wp-block-table is-style-stripes\"><table class=\"has-subtle-pale-green-background-color has-fixed-layout has-background\"><tbody><tr><td><strong>Disciplina<\/strong><\/td><td><strong>Professor<\/strong><\/td><\/tr><tr><td>Portugu\u00eas <\/td><td>Adriana Figueiredo<\/td><\/tr><tr><td>Constitui\u00e7\u00e3o Estadual<\/td><td>Fernando Castelo <\/td><\/tr><tr><td>Estatuto dos Funcion\u00e1rios P\u00fablicos <\/td><td>Lucas Martins  (Curso Prime) <\/td><\/tr><tr><td>Legisla\u00e7\u00e3o do Minist\u00e9rio P\u00fablico <\/td><td>Lidiane Coutinho (Curso Prime) \/ Tiago Zanolla<\/td><\/tr><tr><td>Direito Administrativo <\/td><td>Th\u00e1llius Moraes <\/td><\/tr><tr><td>Direito Constitucional <\/td><td>Nelma Fontana <\/td><\/tr><tr><td>Administra\u00e7\u00e3o<\/td><td>Rafael Barbosa <\/td><\/tr><tr><td>Direito Civil <\/td><td>Paulo Sousa <\/td><\/tr><tr><td>Direito Processual Civil <\/td><td>Nilmar Aquino (Curso Prime) <\/td><\/tr><tr><td>Direito Penal <\/td><td>Priscila Silveira <\/td><\/tr><tr><td>Direito Processual Penal <\/td><td>Priscila Silveira  <\/td><\/tr><tr><td>Discursivas<\/td><td>Dion\u00edsio Neto \/ Rafael (Curso Prime) <\/td><\/tr><tr><td>Legisla\u00e7\u00e3o Extravagante <\/td><td>Fl\u00e1vio Rolim (Curso Prime) <\/td><\/tr><tr><td>CDC\/ECA\/\u00c9tica<\/td><td>Leonides Mendes (Curso Prime)<\/td><\/tr><\/tbody><\/table><\/figure>\n\n\n\n<h2 class=\"has-text-align-center wp-block-heading\" id=\"cursos-assinatura\"><strong><em>Quer estudar para Concurso MP CE?<\/em><\/strong><\/h2>\n\n\n\n<p class=\"has-text-align-center\"><em><strong>Gostou desta oportunidade e deseja come\u00e7ar se preparar agora mesmo? Ent\u00e3o, confira os nossos cursos e comece a estudar para&nbsp;<\/strong><\/em><br \/><em><strong>MP CE:<\/strong><\/em><\/p>\n\n\n\n<p style=\"font-size:23px\" class=\"has-background has-text-align-center has-luminous-vivid-amber-background-color\"> <em><a href=\"https:\/\/www.estrategiaconcursos.com.br\/cursosPorConcurso\/ministerio-publico-do-estado-do-ceara-mp-ce\/\">CURSOS&nbsp;&nbsp;MP CE<\/a><\/em> <\/p>\n\n\n\n<p class=\"has-text-align-center\"><em><strong>Assinatura Anual Ilimitada*<\/strong><\/em><\/p>\n\n\n\n<p class=\"has-text-align-center\"><em>Prepare-se com o melhor material e com quem mais aprova em Concursos P\u00fablicos em todo o pa\u00eds. Assine agora a nossa Assinatura Anual e tenha acesso ilimitado* a todos os nossos cursos.<\/em><\/p>\n\n\n\n<p style=\"font-size:23px\" class=\"has-background has-text-align-center has-light-green-cyan-background-color\"><strong>ASSINE AGORA<\/strong>&nbsp;\u2013&nbsp;<a rel=\"noreferrer noopener\" href=\"https:\/\/www.estrategiaconcursos.com.br\/assinaturas\" target=\"_blank\"><strong>Assinatura Ilimitada<\/strong><\/a><\/p>\n\n\n\n<p class=\"has-text-align-center\"><em><strong>Fique por dentro de todos os concursos<\/strong><\/em>:<\/p>\n\n\n\n<p style=\"font-size:23px\" class=\"has-background has-text-align-center has-pale-cyan-blue-background-color\"><strong><a href=\"https:\/\/www.estrategiaconcursos.com.br\/blog\/concursos-abertos\/\" target=\"_blank\" rel=\"noreferrer noopener\">Concursos abertos<\/a><\/strong><\/p>\n\n\n\n<p style=\"font-size:23px\" class=\"has-background has-text-align-center has-pale-cyan-blue-background-color\"><a rel=\"noreferrer noopener\" href=\"https:\/\/www.estrategiaconcursos.com.br\/blog\/concursos-2020\/\" target=\"_blank\"><strong>Concursos 2020<\/strong><\/a><\/p>\n\n\n\n<p style=\"font-size:23px\" class=\"has-background has-text-align-center has-pale-cyan-blue-background-color\"><strong><a href=\"https:\/\/www.estrategiaconcursos.com.br\/blog\/concursos-tribunais-2019\/\" target=\"_blank\" rel=\"noreferrer noopener\">Concursos Tribunais<\/a><\/strong><\/p>\n","protected":false},"excerpt":{"rendered":"<p>As Provas Objetiva e Discursiva para o cargo de T\u00e9cnico Ministerial do concurso de servidores do Minist\u00e9rio P\u00fablico do Cear\u00e1, concurso MP CE, ser\u00e3o aplicadas neste domingo, 08 de mar\u00e7o, no turno da tarde. A Prova Objetiva contar\u00e1 com 120 quest\u00f5es no estilo CERTO ou ERRADO. J\u00e1 a prova discursiva consistir\u00e1 numa reda\u00e7\u00e3o de 20 [&hellip;]<\/p>\n","protected":false},"author":1094,"featured_media":113574,"comment_status":"open","ping_status":"closed","sticky":false,"template":"","format":"standard","meta":{"post_tipo":"article","footnotes":""},"categories":[1],"tags":[],"tax_estado":[],"class_list":["post-485270","post","type-post","status-publish","format-standard","has-post-thumbnail","hentry","category-cursos-e-concursos"],"acf":[],"yoast_head":"<!-- This site is optimized with the Yoast SEO Premium plugin v27.2 (Yoast SEO v27.2) - https:\/\/yoast.com\/product\/yoast-seo-premium-wordpress\/ -->\n<title>AUL\u00c3O Presencial MP CE: neste S\u00c1BADO, 07 de mar\u00e7o. Garanta j\u00e1 sua vaga!<\/title>\n<meta name=\"robots\" content=\"index, follow, max-snippet:-1, max-image-preview:large, max-video-preview:-1\" \/>\n<link rel=\"canonical\" href=\"https:\/\/www.estrategiaconcursos.com.br\/blog\/aulao-presencial-mp-ce-07-marco\/\" \/>\n<meta property=\"og:locale\" content=\"pt_BR\" \/>\n<meta property=\"og:type\" content=\"article\" \/>\n<meta property=\"og:title\" content=\"AUL\u00c3O Presencial MP CE: neste S\u00c1BADO, 07 de mar\u00e7o. Garanta j\u00e1 sua vaga!\" \/>\n<meta property=\"og:description\" content=\"As Provas Objetiva e Discursiva para o cargo de T\u00e9cnico Ministerial do concurso de servidores do Minist\u00e9rio P\u00fablico do Cear\u00e1, concurso MP CE, ser\u00e3o aplicadas neste domingo, 08 de mar\u00e7o, no turno da tarde. A Prova Objetiva contar\u00e1 com 120 quest\u00f5es no estilo CERTO ou ERRADO. J\u00e1 a prova discursiva consistir\u00e1 numa reda\u00e7\u00e3o de 20 [&hellip;]\" \/>\n<meta property=\"og:url\" content=\"https:\/\/www.estrategiaconcursos.com.br\/blog\/aulao-presencial-mp-ce-07-marco\/\" \/>\n<meta property=\"og:site_name\" content=\"Estrat\u00e9gia Concursos\" \/>\n<meta property=\"article:published_time\" content=\"2020-02-04T15:27:00+00:00\" \/>\n<meta property=\"article:modified_time\" content=\"2020-03-04T20:46:38+00:00\" \/>\n<meta property=\"og:image\" content=\"https:\/\/dhg1h5j42swfq.cloudfront.net\/2018\/03\/27101655\/MP-CE6-e1565721091265.jpg\" \/>\n\t<meta property=\"og:image:width\" content=\"400\" \/>\n\t<meta property=\"og:image:height\" content=\"209\" \/>\n\t<meta property=\"og:image:type\" content=\"image\/jpeg\" \/>\n<meta name=\"author\" content=\"Paulo Sousa (Coord.)\" \/>\n<meta name=\"twitter:card\" content=\"summary_large_image\" \/>\n<meta name=\"twitter:creator\" content=\"@EstratConcursos\" \/>\n<meta name=\"twitter:site\" content=\"@EstratConcursos\" \/>\n<meta name=\"twitter:label1\" content=\"Escrito por\" \/>\n\t<meta name=\"twitter:data1\" content=\"Paulo Sousa (Coord.)\" \/>\n\t<meta name=\"twitter:label2\" content=\"Est. tempo de leitura\" \/>\n\t<meta name=\"twitter:data2\" content=\"3 minutos\" \/>\n<script type=\"application\/ld+json\" class=\"yoast-schema-graph\">{\"@context\":\"https:\/\/schema.org\",\"@graph\":[{\"@type\":\"NewsArticle\",\"@id\":\"https:\/\/www.estrategiaconcursos.com.br\/blog\/aulao-presencial-mp-ce-07-marco\/#article\",\"isPartOf\":{\"@id\":\"https:\/\/www.estrategiaconcursos.com.br\/blog\/aulao-presencial-mp-ce-07-marco\/\"},\"author\":{\"name\":\"Paulo Sousa (Coord.)\",\"@id\":\"https:\/\/www.estrategiaconcursos.com.br\/blog\/#\/schema\/person\/f6cf94f3aa8ed75620a4506ad577b88a\"},\"headline\":\"AUL\u00c3O Presencial MP CE: neste S\u00c1BADO, 07 de mar\u00e7o. Garanta j\u00e1 sua vaga!\",\"datePublished\":\"2020-02-04T15:27:00+00:00\",\"dateModified\":\"2020-03-04T20:46:38+00:00\",\"mainEntityOfPage\":{\"@id\":\"https:\/\/www.estrategiaconcursos.com.br\/blog\/aulao-presencial-mp-ce-07-marco\/\"},\"wordCount\":666,\"commentCount\":0,\"publisher\":{\"@id\":\"https:\/\/www.estrategiaconcursos.com.br\/blog\/#organization\"},\"image\":{\"@id\":\"https:\/\/www.estrategiaconcursos.com.br\/blog\/aulao-presencial-mp-ce-07-marco\/#primaryimage\"},\"thumbnailUrl\":\"https:\/\/dhg1h5j42swfq.cloudfront.net\/2018\/03\/27101655\/MP-CE6-e1565721091265.jpg\",\"articleSection\":[\"Concursos P\u00fablicos\"],\"inLanguage\":\"pt-BR\",\"potentialAction\":[{\"@type\":\"CommentAction\",\"name\":\"Comment\",\"target\":[\"https:\/\/www.estrategiaconcursos.com.br\/blog\/aulao-presencial-mp-ce-07-marco\/#respond\"]}],\"copyrightYear\":\"2020\",\"copyrightHolder\":{\"@id\":\"https:\/\/www.estrategiaconcursos.com.br\/blog\/#organization\"}},{\"@type\":\"WebPage\",\"@id\":\"https:\/\/www.estrategiaconcursos.com.br\/blog\/aulao-presencial-mp-ce-07-marco\/\",\"url\":\"https:\/\/www.estrategiaconcursos.com.br\/blog\/aulao-presencial-mp-ce-07-marco\/\",\"name\":\"AUL\u00c3O Presencial MP CE: neste S\u00c1BADO, 07 de mar\u00e7o. Garanta j\u00e1 sua vaga!\",\"isPartOf\":{\"@id\":\"https:\/\/www.estrategiaconcursos.com.br\/blog\/#website\"},\"primaryImageOfPage\":{\"@id\":\"https:\/\/www.estrategiaconcursos.com.br\/blog\/aulao-presencial-mp-ce-07-marco\/#primaryimage\"},\"image\":{\"@id\":\"https:\/\/www.estrategiaconcursos.com.br\/blog\/aulao-presencial-mp-ce-07-marco\/#primaryimage\"},\"thumbnailUrl\":\"https:\/\/dhg1h5j42swfq.cloudfront.net\/2018\/03\/27101655\/MP-CE6-e1565721091265.jpg\",\"datePublished\":\"2020-02-04T15:27:00+00:00\",\"dateModified\":\"2020-03-04T20:46:38+00:00\",\"breadcrumb\":{\"@id\":\"https:\/\/www.estrategiaconcursos.com.br\/blog\/aulao-presencial-mp-ce-07-marco\/#breadcrumb\"},\"inLanguage\":\"pt-BR\",\"potentialAction\":[{\"@type\":\"ReadAction\",\"target\":[\"https:\/\/www.estrategiaconcursos.com.br\/blog\/aulao-presencial-mp-ce-07-marco\/\"]}]},{\"@type\":\"ImageObject\",\"inLanguage\":\"pt-BR\",\"@id\":\"https:\/\/www.estrategiaconcursos.com.br\/blog\/aulao-presencial-mp-ce-07-marco\/#primaryimage\",\"url\":\"https:\/\/dhg1h5j42swfq.cloudfront.net\/2018\/03\/27101655\/MP-CE6-e1565721091265.jpg\",\"contentUrl\":\"https:\/\/dhg1h5j42swfq.cloudfront.net\/2018\/03\/27101655\/MP-CE6-e1565721091265.jpg\",\"width\":400,\"height\":209,\"caption\":\"concurso mp ce\"},{\"@type\":\"BreadcrumbList\",\"@id\":\"https:\/\/www.estrategiaconcursos.com.br\/blog\/aulao-presencial-mp-ce-07-marco\/#breadcrumb\",\"itemListElement\":[{\"@type\":\"ListItem\",\"position\":1,\"name\":\"In\u00edcio\",\"item\":\"https:\/\/www.estrategiaconcursos.com.br\/blog\/\"},{\"@type\":\"ListItem\",\"position\":2,\"name\":\"AUL\u00c3O Presencial MP CE: neste S\u00c1BADO, 07 de mar\u00e7o. Garanta j\u00e1 sua vaga!\"}]},{\"@type\":\"WebSite\",\"@id\":\"https:\/\/www.estrategiaconcursos.com.br\/blog\/#website\",\"url\":\"https:\/\/www.estrategiaconcursos.com.br\/blog\/\",\"name\":\"Estrat\u00e9gia Concursos\",\"description\":\"O blog da Estrat\u00e9gia Concursos traz not\u00edcias sobre concursos e artigos de professores oferecendo cursos para concursos (pdf + videaulas) no site.\",\"publisher\":{\"@id\":\"https:\/\/www.estrategiaconcursos.com.br\/blog\/#organization\"},\"potentialAction\":[{\"@type\":\"SearchAction\",\"target\":{\"@type\":\"EntryPoint\",\"urlTemplate\":\"https:\/\/www.estrategiaconcursos.com.br\/blog\/?s={search_term_string}\"},\"query-input\":{\"@type\":\"PropertyValueSpecification\",\"valueRequired\":true,\"valueName\":\"search_term_string\"}}],\"inLanguage\":\"pt-BR\"},{\"@type\":\"Organization\",\"@id\":\"https:\/\/www.estrategiaconcursos.com.br\/blog\/#organization\",\"name\":\"Estrat\u00e9gia Concursos\",\"url\":\"https:\/\/www.estrategiaconcursos.com.br\/blog\/\",\"logo\":{\"@type\":\"ImageObject\",\"inLanguage\":\"pt-BR\",\"@id\":\"https:\/\/www.estrategiaconcursos.com.br\/blog\/#\/schema\/logo\/image\/\",\"url\":\"https:\/\/dhg1h5j42swfq.cloudfront.net\/2025\/06\/03203428\/logo_concursos-1.jpg\",\"contentUrl\":\"https:\/\/dhg1h5j42swfq.cloudfront.net\/2025\/06\/03203428\/logo_concursos-1.jpg\",\"width\":230,\"height\":60,\"caption\":\"Estrat\u00e9gia Concursos\"},\"image\":{\"@id\":\"https:\/\/www.estrategiaconcursos.com.br\/blog\/#\/schema\/logo\/image\/\"},\"sameAs\":[\"https:\/\/x.com\/EstratConcursos\"]},{\"@type\":\"Person\",\"@id\":\"https:\/\/www.estrategiaconcursos.com.br\/blog\/#\/schema\/person\/f6cf94f3aa8ed75620a4506ad577b88a\",\"name\":\"Paulo Sousa (Coord.)\",\"image\":{\"@type\":\"ImageObject\",\"inLanguage\":\"pt-BR\",\"@id\":\"https:\/\/secure.gravatar.com\/avatar\/29f9e2d4ed868d929b68f3762e3577b9db519beed74b347b76e194f9a3293cf1?s=96&d=mm&r=g\",\"url\":\"https:\/\/secure.gravatar.com\/avatar\/29f9e2d4ed868d929b68f3762e3577b9db519beed74b347b76e194f9a3293cf1?s=96&d=mm&r=g\",\"contentUrl\":\"https:\/\/secure.gravatar.com\/avatar\/29f9e2d4ed868d929b68f3762e3577b9db519beed74b347b76e194f9a3293cf1?s=96&d=mm&r=g\",\"caption\":\"Paulo Sousa (Coord.)\"},\"url\":\"https:\/\/www.estrategiaconcursos.com.br\/blog\/author\/prof-phmsestrategiaconcursos-com-br\/\"}]}<\/script>\n<!-- \/ Yoast SEO Premium plugin. -->","yoast_head_json":{"title":"AUL\u00c3O Presencial MP CE: neste S\u00c1BADO, 07 de mar\u00e7o. Garanta j\u00e1 sua vaga!","robots":{"index":"index","follow":"follow","max-snippet":"max-snippet:-1","max-image-preview":"max-image-preview:large","max-video-preview":"max-video-preview:-1"},"canonical":"https:\/\/www.estrategiaconcursos.com.br\/blog\/aulao-presencial-mp-ce-07-marco\/","og_locale":"pt_BR","og_type":"article","og_title":"AUL\u00c3O Presencial MP CE: neste S\u00c1BADO, 07 de mar\u00e7o. Garanta j\u00e1 sua vaga!","og_description":"As Provas Objetiva e Discursiva para o cargo de T\u00e9cnico Ministerial do concurso de servidores do Minist\u00e9rio P\u00fablico do Cear\u00e1, concurso MP CE, ser\u00e3o aplicadas neste domingo, 08 de mar\u00e7o, no turno da tarde. A Prova Objetiva contar\u00e1 com 120 quest\u00f5es no estilo CERTO ou ERRADO. J\u00e1 a prova discursiva consistir\u00e1 numa reda\u00e7\u00e3o de 20 [&hellip;]","og_url":"https:\/\/www.estrategiaconcursos.com.br\/blog\/aulao-presencial-mp-ce-07-marco\/","og_site_name":"Estrat\u00e9gia Concursos","article_published_time":"2020-02-04T15:27:00+00:00","article_modified_time":"2020-03-04T20:46:38+00:00","og_image":[{"width":400,"height":209,"url":"https:\/\/dhg1h5j42swfq.cloudfront.net\/2018\/03\/27101655\/MP-CE6-e1565721091265.jpg","type":"image\/jpeg"}],"author":"Paulo Sousa (Coord.)","twitter_card":"summary_large_image","twitter_creator":"@EstratConcursos","twitter_site":"@EstratConcursos","twitter_misc":{"Escrito por":"Paulo Sousa (Coord.)","Est. tempo de leitura":"3 minutos"},"schema":{"@context":"https:\/\/schema.org","@graph":[{"@type":"NewsArticle","@id":"https:\/\/www.estrategiaconcursos.com.br\/blog\/aulao-presencial-mp-ce-07-marco\/#article","isPartOf":{"@id":"https:\/\/www.estrategiaconcursos.com.br\/blog\/aulao-presencial-mp-ce-07-marco\/"},"author":{"name":"Paulo Sousa (Coord.)","@id":"https:\/\/www.estrategiaconcursos.com.br\/blog\/#\/schema\/person\/f6cf94f3aa8ed75620a4506ad577b88a"},"headline":"AUL\u00c3O Presencial MP CE: neste S\u00c1BADO, 07 de mar\u00e7o. Garanta j\u00e1 sua vaga!","datePublished":"2020-02-04T15:27:00+00:00","dateModified":"2020-03-04T20:46:38+00:00","mainEntityOfPage":{"@id":"https:\/\/www.estrategiaconcursos.com.br\/blog\/aulao-presencial-mp-ce-07-marco\/"},"wordCount":666,"commentCount":0,"publisher":{"@id":"https:\/\/www.estrategiaconcursos.com.br\/blog\/#organization"},"image":{"@id":"https:\/\/www.estrategiaconcursos.com.br\/blog\/aulao-presencial-mp-ce-07-marco\/#primaryimage"},"thumbnailUrl":"https:\/\/dhg1h5j42swfq.cloudfront.net\/2018\/03\/27101655\/MP-CE6-e1565721091265.jpg","articleSection":["Concursos P\u00fablicos"],"inLanguage":"pt-BR","potentialAction":[{"@type":"CommentAction","name":"Comment","target":["https:\/\/www.estrategiaconcursos.com.br\/blog\/aulao-presencial-mp-ce-07-marco\/#respond"]}],"copyrightYear":"2020","copyrightHolder":{"@id":"https:\/\/www.estrategiaconcursos.com.br\/blog\/#organization"}},{"@type":"WebPage","@id":"https:\/\/www.estrategiaconcursos.com.br\/blog\/aulao-presencial-mp-ce-07-marco\/","url":"https:\/\/www.estrategiaconcursos.com.br\/blog\/aulao-presencial-mp-ce-07-marco\/","name":"AUL\u00c3O Presencial MP CE: neste S\u00c1BADO, 07 de mar\u00e7o. Garanta j\u00e1 sua vaga!","isPartOf":{"@id":"https:\/\/www.estrategiaconcursos.com.br\/blog\/#website"},"primaryImageOfPage":{"@id":"https:\/\/www.estrategiaconcursos.com.br\/blog\/aulao-presencial-mp-ce-07-marco\/#primaryimage"},"image":{"@id":"https:\/\/www.estrategiaconcursos.com.br\/blog\/aulao-presencial-mp-ce-07-marco\/#primaryimage"},"thumbnailUrl":"https:\/\/dhg1h5j42swfq.cloudfront.net\/2018\/03\/27101655\/MP-CE6-e1565721091265.jpg","datePublished":"2020-02-04T15:27:00+00:00","dateModified":"2020-03-04T20:46:38+00:00","breadcrumb":{"@id":"https:\/\/www.estrategiaconcursos.com.br\/blog\/aulao-presencial-mp-ce-07-marco\/#breadcrumb"},"inLanguage":"pt-BR","potentialAction":[{"@type":"ReadAction","target":["https:\/\/www.estrategiaconcursos.com.br\/blog\/aulao-presencial-mp-ce-07-marco\/"]}]},{"@type":"ImageObject","inLanguage":"pt-BR","@id":"https:\/\/www.estrategiaconcursos.com.br\/blog\/aulao-presencial-mp-ce-07-marco\/#primaryimage","url":"https:\/\/dhg1h5j42swfq.cloudfront.net\/2018\/03\/27101655\/MP-CE6-e1565721091265.jpg","contentUrl":"https:\/\/dhg1h5j42swfq.cloudfront.net\/2018\/03\/27101655\/MP-CE6-e1565721091265.jpg","width":400,"height":209,"caption":"concurso mp ce"},{"@type":"BreadcrumbList","@id":"https:\/\/www.estrategiaconcursos.com.br\/blog\/aulao-presencial-mp-ce-07-marco\/#breadcrumb","itemListElement":[{"@type":"ListItem","position":1,"name":"In\u00edcio","item":"https:\/\/www.estrategiaconcursos.com.br\/blog\/"},{"@type":"ListItem","position":2,"name":"AUL\u00c3O Presencial MP CE: neste S\u00c1BADO, 07 de mar\u00e7o. Garanta j\u00e1 sua vaga!"}]},{"@type":"WebSite","@id":"https:\/\/www.estrategiaconcursos.com.br\/blog\/#website","url":"https:\/\/www.estrategiaconcursos.com.br\/blog\/","name":"Estrat\u00e9gia Concursos","description":"O blog da Estrat\u00e9gia Concursos traz not\u00edcias sobre concursos e artigos de professores oferecendo cursos para concursos (pdf + videaulas) no site.","publisher":{"@id":"https:\/\/www.estrategiaconcursos.com.br\/blog\/#organization"},"potentialAction":[{"@type":"SearchAction","target":{"@type":"EntryPoint","urlTemplate":"https:\/\/www.estrategiaconcursos.com.br\/blog\/?s={search_term_string}"},"query-input":{"@type":"PropertyValueSpecification","valueRequired":true,"valueName":"search_term_string"}}],"inLanguage":"pt-BR"},{"@type":"Organization","@id":"https:\/\/www.estrategiaconcursos.com.br\/blog\/#organization","name":"Estrat\u00e9gia Concursos","url":"https:\/\/www.estrategiaconcursos.com.br\/blog\/","logo":{"@type":"ImageObject","inLanguage":"pt-BR","@id":"https:\/\/www.estrategiaconcursos.com.br\/blog\/#\/schema\/logo\/image\/","url":"https:\/\/dhg1h5j42swfq.cloudfront.net\/2025\/06\/03203428\/logo_concursos-1.jpg","contentUrl":"https:\/\/dhg1h5j42swfq.cloudfront.net\/2025\/06\/03203428\/logo_concursos-1.jpg","width":230,"height":60,"caption":"Estrat\u00e9gia Concursos"},"image":{"@id":"https:\/\/www.estrategiaconcursos.com.br\/blog\/#\/schema\/logo\/image\/"},"sameAs":["https:\/\/x.com\/EstratConcursos"]},{"@type":"Person","@id":"https:\/\/www.estrategiaconcursos.com.br\/blog\/#\/schema\/person\/f6cf94f3aa8ed75620a4506ad577b88a","name":"Paulo Sousa (Coord.)","image":{"@type":"ImageObject","inLanguage":"pt-BR","@id":"https:\/\/secure.gravatar.com\/avatar\/29f9e2d4ed868d929b68f3762e3577b9db519beed74b347b76e194f9a3293cf1?s=96&d=mm&r=g","url":"https:\/\/secure.gravatar.com\/avatar\/29f9e2d4ed868d929b68f3762e3577b9db519beed74b347b76e194f9a3293cf1?s=96&d=mm&r=g","contentUrl":"https:\/\/secure.gravatar.com\/avatar\/29f9e2d4ed868d929b68f3762e3577b9db519beed74b347b76e194f9a3293cf1?s=96&d=mm&r=g","caption":"Paulo Sousa (Coord.)"},"url":"https:\/\/www.estrategiaconcursos.com.br\/blog\/author\/prof-phmsestrategiaconcursos-com-br\/"}]}},"_links":{"self":[{"href":"https:\/\/www.estrategiaconcursos.com.br\/blog\/wp-json\/wp\/v2\/posts\/485270","targetHints":{"allow":["GET"]}}],"collection":[{"href":"https:\/\/www.estrategiaconcursos.com.br\/blog\/wp-json\/wp\/v2\/posts"}],"about":[{"href":"https:\/\/www.estrategiaconcursos.com.br\/blog\/wp-json\/wp\/v2\/types\/post"}],"author":[{"embeddable":true,"href":"https:\/\/www.estrategiaconcursos.com.br\/blog\/wp-json\/wp\/v2\/users\/1094"}],"replies":[{"embeddable":true,"href":"https:\/\/www.estrategiaconcursos.com.br\/blog\/wp-json\/wp\/v2\/comments?post=485270"}],"version-history":[{"count":6,"href":"https:\/\/www.estrategiaconcursos.com.br\/blog\/wp-json\/wp\/v2\/posts\/485270\/revisions"}],"predecessor-version":[{"id":488266,"href":"https:\/\/www.estrategiaconcursos.com.br\/blog\/wp-json\/wp\/v2\/posts\/485270\/revisions\/488266"}],"wp:featuredmedia":[{"embeddable":true,"href":"https:\/\/www.estrategiaconcursos.com.br\/blog\/wp-json\/wp\/v2\/media\/113574"}],"wp:attachment":[{"href":"https:\/\/www.estrategiaconcursos.com.br\/blog\/wp-json\/wp\/v2\/media?parent=485270"}],"wp:term":[{"taxonomy":"category","embeddable":true,"href":"https:\/\/www.estrategiaconcursos.com.br\/blog\/wp-json\/wp\/v2\/categories?post=485270"},{"taxonomy":"post_tag","embeddable":true,"href":"https:\/\/www.estrategiaconcursos.com.br\/blog\/wp-json\/wp\/v2\/tags?post=485270"},{"taxonomy":"tax_estado","embeddable":true,"href":"https:\/\/www.estrategiaconcursos.com.br\/blog\/wp-json\/wp\/v2\/tax_estado?post=485270"}],"curies":[{"name":"wp","href":"https:\/\/api.w.org\/{rel}","templated":true}]}}