{"id":484470,"date":"2020-03-09T09:02:00","date_gmt":"2020-03-09T12:02:00","guid":{"rendered":"https:\/\/www.estrategiaconcursos.com.br\/blog\/?p=484470"},"modified":"2023-06-26T16:33:44","modified_gmt":"2023-06-26T19:33:44","slug":"edital-semec-belem-pa","status":"publish","type":"post","link":"https:\/\/www.estrategiaconcursos.com.br\/blog\/edital-semec-belem-pa\/","title":{"rendered":"Retifica\u00e7\u00e3o altera edital SEMEC Bel\u00e9m"},"content":{"rendered":"\n<p>Foram publicadas retifica\u00e7\u00f5es que modificaram o edital do concurso SEMEC Bel\u00e9m. De acordo com o documento, foi inserido como requisito<strong><em> Qu\u00edmica, F\u00edsica <\/em><\/strong>para o cargo de Professor Licenciado Pleno &#8211; Ci\u00eancias.<\/p>\n\n\n\n<p>J\u00e1 para o cargo de T\u00e9cnico Pedag\u00f3gico, foi retirada a exig\u00eancia de possuir  Registro no Conselho de Classe da Categoria, conforme Lei n.\u00b0 9.696, de 1\u00ba de setembro de 1998. <\/p>\n\n\n\n<p>Al\u00e9m disso a tabela de avalia\u00e7\u00e3o de t\u00edtulos foi retificada. Confira abaixo a nova forma\u00e7\u00e3o:<\/p>\n\n\n\n<figure class=\"wp-block-image aligncenter size-large is-resized\"><img loading=\"lazy\" decoding=\"async\" src=\"https:\/\/dhg1h5j42swfq.cloudfront.net\/2020\/03\/09092130\/image-113.png\" alt=\"Tabela de t\u00edtulos retificada\" class=\"wp-image-489843\" width=\"488\" height=\"289\" srcset=\"https:\/\/dhg1h5j42swfq.cloudfront.net\/2020\/03\/09092130\/image-113.png 792w, https:\/\/dhg1h5j42swfq.cloudfront.net\/2020\/03\/09092130\/image-113-300x178.png 300w, https:\/\/dhg1h5j42swfq.cloudfront.net\/2020\/03\/09092130\/image-113-768x457.png 768w, https:\/\/dhg1h5j42swfq.cloudfront.net\/2020\/03\/09092130\/image-113-610x363.png 610w\" sizes=\"auto, (max-width: 488px) 100vw, 488px\" \/><figcaption class=\"wp-element-caption\">Tabela de t\u00edtulos retificada<\/figcaption><\/figure>\n\n\n\n<p>O edital prev\u00ea a oferta de <strong>379 vagas imediatas<\/strong> e forma\u00e7\u00e3o de cadastro de reserva para cargos da carreira do Magist\u00e9rio Municipal.<\/p>\n\n\n\n<p>Os interessados poder\u00e3o se inscrever entre os dias <strong>5 de mar\u00e7o <\/strong>e <strong>6<\/strong> <strong>de abril<\/strong> <strong>de 2020<\/strong>, exclusivamente via internet, no portal do Instituto AOCP, banca organizadora do certame. O valor da taxa de inscri\u00e7\u00e3o \u00e9 de R$ 80,00 para todos os cargos.<\/p>\n\n\n\n<p>O concurso ter\u00e1 provas objetiva e discursiva, al\u00e9m de avalia\u00e7\u00e3o de t\u00edtulos. A aplica\u00e7\u00e3o das provas est\u00e1 prevista para o dia <strong>3 de maio de 2020<\/strong>, em Bel\u00e9m (PA).<\/p>\n\n\n\n<h2 class=\"wp-block-heading\">Quadro de vagas<\/h2>\n\n\n\n<figure class=\"wp-block-table is-style-stripes\"><table class=\"has-background has-fixed-layout\" style=\"background-color:#fcf0ef\"><tbody><tr><td>Cargo&nbsp;<\/td><td>Carga <br \/>\n    Hor\u00e1ria <br \/>\n    Mensal&nbsp;<\/td><td>Vagas Ampla <br \/>\n    Concorr\u00eancia&nbsp;<\/td><td>Vagas <br \/>\n    PcD<sup>(2)&nbsp;<\/sup><\/td><td>Remunera\u00e7\u00e3o <br \/>\n    Inicial<sup>(3)&nbsp;<\/sup><\/td><td>Taxa de <br \/>\n    Inscri\u00e7\u00e3o&nbsp;<\/td><td>Per\u00edodo de <br \/>   Realiza\u00e7\u00e3o <br \/>     das Provas&nbsp;<\/td><\/tr><tr><td>PROFESSOR LICENCIADO PLENO \u2013 MAG.04:&nbsp; <br \/>\n    PEDAGOGIA \u2013 MAGIST\u00c9RIO PARA A EDUCA\u00c7\u00c3O&nbsp; <br \/>\n    INFANTIL E S\u00c9RIES INICIAIS DO ENSINO&nbsp; <br \/>\n    FUNDAMENTAL. \u00c1REA DE ATUA\u00c7\u00c3O: EDUCA\u00c7\u00c3O&nbsp; <br \/>\n    INFANTIL&nbsp;<\/td><td>100h&nbsp;<\/td><td>123 + CR&nbsp;<\/td><td>7<\/td><td>R$ 2.723,48&nbsp;<\/td><td>R$80,00&nbsp;<\/td><td>Manh\u00e3&nbsp;<\/td><\/tr><tr><td>PROFESSOR LICENCIADO PLENO \u2013 MAG.04:&nbsp; <br \/>\n    PEDAGOGIA \u2013 MAGIST\u00c9RIO PARA A EDUCA\u00c7\u00c3O&nbsp; <br \/>\n    INFANTIL E S\u00c9RIES INICIAIS DO ENSINO&nbsp; <br \/>\n    FUNDAMENTAL. \u00c1REA DE ATUA\u00c7\u00c3O: S\u00c9RIES\n  INICIAIS&nbsp; <br \/>\n    DO ENSINO FUNDAMENTAL E\/OU EDUCA\u00c7\u00c3O DE&nbsp; <br \/>\n    JOVENS E ADULTOS.&nbsp;<\/td><td>100h&nbsp;<\/td><td>88 + CR&nbsp;<\/td><td>5<\/td><td>R$ 2.723,48&nbsp;<\/td><td>R$80,00&nbsp;<\/td><td>Tarde&nbsp;<\/td><\/tr><tr><td>PROFESSOR LICENCIADO PLENO \u2013 MAG.04: L\u00cdNGUA&nbsp; PORTUGUESA&nbsp;<\/td><td>100h&nbsp;<\/td><td>11 + CR&nbsp;<\/td><td>1<\/td><td>R$ 2.723,48&nbsp;<\/td><td>R$80,00&nbsp;<\/td><td>Manh\u00e3&nbsp;<\/td><\/tr><tr><td>PROFESSOR LICENCIADO PLENO \u2013 MAG.04:&nbsp; MATEM\u00c1TICA&nbsp;<\/td><td>100h&nbsp;<\/td><td>17 + CR&nbsp;<\/td><td>1<\/td><td>R$ 2.723,48&nbsp;<\/td><td>R$80,00&nbsp;<\/td><td>Manh\u00e3&nbsp;<\/td><\/tr><tr><td>PROFESSOR LICENCIADO PLENO \u2013 MAG.04: HIST\u00d3RIA&nbsp;<\/td><td>100h&nbsp;<\/td><td>4 + CR&nbsp;<\/td><td>1<\/td><td>R$ 2.723,48&nbsp;<\/td><td>R$80,00&nbsp;<\/td><td>Manh\u00e3&nbsp;<\/td><\/tr><tr><td>PROFESSOR LICENCIADO PLENO \u2013 MAG.04:&nbsp; GEOGRAFIA&nbsp;<\/td><td>100h&nbsp;<\/td><td>10+CR&nbsp;<\/td><td>1<\/td><td>R$ 2.723,48&nbsp;<\/td><td>R$80,00&nbsp;<\/td><td>Manh\u00e3&nbsp;<\/td><\/tr><tr><td>PROFESSOR LICENCIADO PLENO \u2013 MAG.04: INGL\u00caS&nbsp;<\/td><td>100h&nbsp;<\/td><td>7 + CR&nbsp;<\/td><td>1<\/td><td>R$ 2.723,48&nbsp;<\/td><td>R$80,00&nbsp;<\/td><td>Tarde&nbsp;<\/td><\/tr><tr><td>PROFESSOR LICENCIADO PLENO \u2013 MAG.04: ARTES&nbsp; <br \/>\n    VISUAIS, M\u00daSICA, DAN\u00c7A, TEATRO OU EDUCA\u00c7\u00c3O&nbsp; <br \/>\n    ART\u00cdSTICA&nbsp;<\/td><td>100h&nbsp;<\/td><td>11 + CR&nbsp;<\/td><td>1<\/td><td>R$ 2.723,48&nbsp;<\/td><td>R$80,00&nbsp;<\/td><td>Manh\u00e3&nbsp;<\/td><\/tr><tr><td>PROFESSOR LICENCIADO PLENO \u2013 MAG.04: CI\u00caNCIAS&nbsp;<\/td><td>100h&nbsp;<\/td><td>11 + CR&nbsp;<\/td><td>1<\/td><td>R$ 2.723,48&nbsp;<\/td><td>R$80,00&nbsp;<\/td><td>Tarde&nbsp;<\/td><\/tr><tr><td>PROFESSOR LICENCIADO PLENO \u2013 MAG.04:&nbsp; EDUCA\u00c7\u00c3O\n  F\u00cdSICA&nbsp;<\/td><td>100h&nbsp;<\/td><td>12 + CR&nbsp;<\/td><td>1<\/td><td>R$ 2.723,48&nbsp;<\/td><td>R$80,00&nbsp;<\/td><td>Manh\u00e3&nbsp;<\/td><\/tr><tr><td>T\u00c9CNICO PEDAG\u00d3GICO \u2013 MAG.08&nbsp;<\/td><td>200h&nbsp;<\/td><td>85 + CR&nbsp;<\/td><td>5<\/td><td>R$ 3.514,16&nbsp;<\/td><td>R$80,00&nbsp;<\/td><td>Tarde&nbsp;<\/td><\/tr><\/tbody><\/table><\/figure>\n\n\n\n<h2 class=\"wp-block-heading\">Principais datas do edital SEMEC Bel\u00e9m<\/h2>\n\n\n\n<ul class=\"wp-block-list\">\n<li><strong>Inscri\u00e7\u00e3o<\/strong>: 05\/03 a 06\/04<\/li>\n\n\n\n<li><strong>Isen\u00e7\u00e3o<\/strong>: 05 a  06\/03\/2020<\/li>\n\n\n\n<li><strong>Provas<\/strong>: 03\/05\/2020<\/li>\n<\/ul>\n\n\n\n<h2 class=\"wp-block-heading\">Requisitos dos cargos<\/h2>\n\n\n\n<p>Professor Licenciado Pleno \u2013 MAG.04: <em>Pedagogia \u2013 Magist\u00e9rio para a Educa\u00e7\u00e3o Infantil e S\u00e9ries Iniciais do Ensino Fundamental. \u00c1rea de Atua\u00e7\u00e3o: Educa\u00e7\u00e3o Infantil<\/em><\/p>\n\n\n\n<p><strong>Requisitos<\/strong>:  Licenciatura Plena em Pedagogia ou Forma\u00e7\u00e3o de Professores, com Habilita\u00e7\u00e3o em Magist\u00e9rio para a Educa\u00e7\u00e3o Infantil e S\u00e9ries Iniciais do Ensino Fundamental, devidamente reconhecido pelo MEC. <\/p>\n\n\n\n<p>Professor Licenciado Pleno \u2013 MAG.04: Pedagogia \u2013 <em>Magist\u00e9rio para a Educa\u00e7\u00e3o Infantil e S\u00e9ries Iniciais do Ensino Fundamental. \u00c1rea de Atua\u00e7\u00e3o: S\u00e9ries Iniciais do Ensino Fundamental e\/ou Educa\u00e7\u00e3o de Jovens e Adultos<\/em><\/p>\n\n\n\n<p><strong>Requisitos<\/strong>:  Curso Superior de Gradua\u00e7\u00e3o \u2013 Licenciatura Plena em Pedagogia ou Forma\u00e7\u00e3o de Professores, com Habilita\u00e7\u00e3o em Magist\u00e9rio para a Educa\u00e7\u00e3o Infantil e S\u00e9ries Iniciais do Ensino Fundamental, devidamente reconhecido pelo MEC <\/p>\n\n\n\n<p>Professor Licenciado Pleno \u2013 MAG.04: <em>L\u00edngua Portuguesa<\/em><\/p>\n\n\n\n<p><strong>Requisitos<\/strong>:   Curso Superior de Gradua\u00e7\u00e3o \u2013 Licenciatura Plena em Letras, devidamente reconhecido pelo MEC. <\/p>\n\n\n\n<p>Professor Licenciado Pleno \u2013 MAG.04:<em> Matem\u00e1tica<\/em><\/p>\n\n\n\n<p><strong>Requisitos<\/strong>:   Curso Superior de Gradua\u00e7\u00e3o \u2013 Licenciatura Plena em Matem\u00e1tica, devidamente reconhecido pelo MEC. <\/p>\n\n\n\n<p>Professor Licenciado Pleno \u2013 MAG.04: <em>Hist\u00f3ria<\/em><\/p>\n\n\n\n<p><strong>Requisitos: <\/strong> Curso Superior de Gradua\u00e7\u00e3o \u2013 Licenciatura Plena em Hist\u00f3ria, devidamente reconhecido pelo MEC <\/p>\n\n\n\n<p>Professor Licenciado Pleno \u2013 MAG.04 : <em>Geografia<\/em><\/p>\n\n\n\n<p><strong>Requisitos<\/strong>:  Curso Superior de Gradua\u00e7\u00e3o \u2013 Licenciatura Plena em Geografia, devidamente reconhecido pelo MEC <\/p>\n\n\n\n<p>Professor Licenciado Pleno \u2013 MAG.04: <em>Ingl\u00eas<\/em><\/p>\n\n\n\n<p><strong>Requisitos<\/strong>:  Curso Superior de Gradua\u00e7\u00e3o \u2013 Licenciatura Plena em Letras \u2013 Habilita\u00e7\u00e3o em L\u00edngua Inglesa, devidamente reconhecido pelo MEC. <\/p>\n\n\n\n<p>Professor Licenciado PLENO \u2013 MAG.04: <em>Artes Visuais, M\u00fasica, Dan\u00e7a, Teatro ou Educa\u00e7\u00e3o Art\u00edstica<\/em><\/p>\n\n\n\n<p><strong>Requisitos<\/strong>:  Curso Superior de Gradua\u00e7\u00e3o \u2013 Licenciatura Plena em Artes Visuais e Tecnologia da Imagem, M\u00fasica, Dan\u00e7a, Teatro ou Educa\u00e7\u00e3o Art\u00edstica, devidamente reconhecido pelo MEC. <\/p>\n\n\n\n<p>Professor Licenciado Pleno \u2013 MAG.04: <em>Ci\u00eancias <\/em><\/p>\n\n\n\n<p><strong>Requisitos<\/strong>:  Curso Superior de Gradua\u00e7\u00e3o \u2013 Licenciatura Plena em Ci\u00eancias Naturais, com habilita\u00e7\u00e3o em Biologia, ou Licenciatura Plena em Biologia, devidamente reconhecido pelo MEC <\/p>\n\n\n\n<p>Professor Licenciado Pleno \u2013 Mag.04:<em> Educa\u00e7\u00e3o F\u00edsica<\/em><\/p>\n\n\n\n<p><strong>Requisitos<\/strong>:  Curso Superior de Gradua\u00e7\u00e3o \u2013 Licenciatura Plena em Educa\u00e7\u00e3o F\u00edsica, devidamente reconhecido pelo MEC. Registro no Conselho de Classe da Categoria, conforme Lei n.\u00b0 9.696, de 1\u00ba de setembro de 1998. <\/p>\n\n\n\n<p>T\u00e9cnico Pedag\u00f3gico \u2013 MAG.08<\/p>\n\n\n\n<p><strong>Requisitos<\/strong>:   Curso Superior de Gradua\u00e7\u00e3o \u2013 Licenciatura Plena em Pedagogia, com habilita\u00e7\u00e3o em Administra\u00e7\u00e3o Escolar e\/ou Orienta\u00e7\u00e3o Educacional e\/ou Supervis\u00e3o Escolar, devidamente reconhecido pelo MEC. Registro no Conselho de Classe da Categoria, conforme Lei n.\u00b0 9.696, de 1\u00ba de setembro de 1998. <\/p>\n\n\n\n<h2 class=\"wp-block-heading\">Provas do concurso SEMEC Bel\u00e9m<\/h2>\n\n\n\n<p> A prova objetiva ser\u00e1 composta de 50 (cinquenta) quest\u00f5es distribu\u00eddas por \u00e1reas de conhecimento. Cada quest\u00e3o da prova objetiva ter\u00e1 5 alternativas. A dura\u00e7\u00e3o m\u00e1xima das provas ser\u00e1 de <strong>4 horas<\/strong>.<\/p>\n\n\n\n<p> A Prova Discursiva ser\u00e1 realizada para todos os Cargos, juntamente \u00e0 prova objetiva. Esta etapa ser\u00e1 composta por 1 quest\u00e3o do programa de Conhecimentos Espec\u00edficos do edital<\/p>\n\n\n\n<h4 class=\"wp-block-heading\">Tabela de provas &#8211; Todos os cargos exceto 403 &#8211; Professor Licenciado Pleno \u2013 MAG.04: L\u00edngua Portuguesa<\/h4>\n\n\n\n<figure class=\"wp-block-table is-style-stripes\"><table><tbody><tr><td>\n  FASE \n  <\/td><td>\n  TIPO DE PROVA \n  <\/td><td>\n  \u00c1REA DE CONHECIMENTO \n  <\/td><td>\n  N\u00ba DE <br \/>\n  QUEST\u00d5ES \n  <\/td><td>\n  VALOR POR <br \/>\n  QUEST\u00c3O <br \/>\n  (PONTOS) \n  <\/td><td>\n  VALOR <br \/>\n  TOTAL <br \/>\n  (PONTOS) \n  <\/td><\/tr><tr><td>\n  <strong>1\u00aa <\/strong>\n  <\/td><td>\n  <strong>Objetiva <\/strong>\n  <\/td><td>\n  L\u00edngua Portuguesa \n  <\/td><td>\n  10\n  <\/td><td>\n  3\n  <\/td><td>\n  30\n  <\/td><\/tr><tr><td><\/td><td><\/td><td>\n  Legisla\u00e7\u00e3o \n  <\/td><td>\n  10\n  <\/td><td>\n  4\n  <\/td><td>\n  40\n  <\/td><\/tr><tr><td><\/td><td><\/td><td>\n  No\u00e7\u00f5es de Inform\u00e1tica \n  <\/td><td>\n  5\n  <\/td><td>\n  1\n  <\/td><td>\n  5\n  <\/td><\/tr><tr><td><\/td><td><\/td><td>\n  Conhecimentos Espec\u00edficos \n  <\/td><td>\n  25\n  <\/td><td>\n  5\n  <\/td><td>\n  125\n  <\/td><\/tr><tr><td>\n  &#8211;\n  <\/td><td>\n  &nbsp;&#8211;\n  <\/td><td>\n  <strong>TOTAL DE QUEST\u00d5ES E PONTOS<\/strong>\n  <\/td><td>\n  50\n  <\/td><td>\n  &#8211;\n  <\/td><td>\n  200\n  <\/td><\/tr><tr><td>\n  <strong>2\u00aa <\/strong>\n  <\/td><td>\n  <strong>Discursiva <\/strong>\n  <\/td><td>\n  Conhecimentos espec\u00edficos\n  <\/td><td>\n  1\n  <\/td><td>\n  &#8211;\n  <\/td><td>\n  20\n  <\/td><\/tr><tr><td>\n  <strong>3\u00aa <\/strong>\n  <\/td><td>\n  <strong>T\u00edtulos <\/strong>\n  <\/td><td>\n  &#8211;\n  <\/td><td>\n  &#8211;\n  <\/td><td>\n  &#8211;\n  <\/td><td>\n  20\n  <\/td><\/tr><tr><td>    <\/td><td>   &nbsp;  <\/td><td>\n  <strong>TOTAL M\u00c1XIMO DE PONTOS <\/strong>\n  <\/td><td>\n  &#8211;\n  <\/td><td>\n  &#8211; \n  <\/td><td>\n  240\n  <\/td><\/tr><\/tbody><\/table><\/figure>\n\n\n\n<h4 class=\"wp-block-heading\">Tabela de provas &#8211;  Professor Licenciado Pleno \u2013 MAG.04: L\u00edngua Portuguesa <\/h4>\n\n\n\n<figure class=\"wp-block-table is-style-stripes\"><table><tbody><tr><td>FASE&nbsp;<\/td><td>TIPO DE PROVA&nbsp;<\/td><td>\u00c1REA DE CONHECIMENTO&nbsp;<\/td><td>N\u00ba DE <br \/>\n    QUEST\u00d5ES&nbsp;<\/td><td>VALOR POR <br \/>\n    QUEST\u00c3O <br \/>\n    (PONTOS)&nbsp;<\/td><td>VALOR <br \/>\n    TOTAL <br \/>\n    (PONTOS)&nbsp;<\/td><\/tr><tr><td><strong>1\u00aa<\/strong>&nbsp;<\/td><td><strong>Objetiva&nbsp;<\/strong><\/td><td>Atualidades&nbsp;<\/td><td>10<\/td><td>3<\/td><td>30<\/td><\/tr><tr><td>&nbsp;<\/td><td>&nbsp;<\/td><td>Legisla\u00e7\u00e3o&nbsp;<\/td><td>10<\/td><td>4<\/td><td>40<\/td><\/tr><tr><td>&nbsp;<\/td><td>&nbsp;<\/td><td>No\u00e7\u00f5es de Inform\u00e1tica&nbsp;<\/td><td>5<\/td><td>1<\/td><td>5<\/td><\/tr><tr><td>&nbsp;<\/td><td>&nbsp;<\/td><td>Conhecimentos Espec\u00edficos&nbsp;<\/td><td>25<\/td><td>5<\/td><td>125<\/td><\/tr><tr><td>&nbsp;<\/td><td>&nbsp;<\/td><td><strong>TOTAL DE QUEST\u00d5ES E PONTOS&nbsp;<\/strong><\/td><td>50<\/td><td>&nbsp;&#8211;<\/td><td>200<\/td><\/tr><tr><td><strong>2\u00aa&nbsp;<\/strong><\/td><td><strong>Discursiva<\/strong>&nbsp;<\/td><td>De acordo com o item 12&nbsp;<\/td><td>1<\/td><td>&nbsp;&#8211;<\/td><td>20<\/td><\/tr><tr><td><strong>3\u00aa&nbsp;<\/strong><\/td><td><strong>T\u00edtulos&nbsp;<\/strong><\/td><td>De acordo com o item 13&nbsp;<\/td><td>&nbsp;&#8211;<\/td><td>&nbsp;&#8211;<\/td><td>20<\/td><\/tr><tr><td>&nbsp;<\/td><td>&nbsp;<\/td><td><strong>TOTAL M\u00c1XIMO DE PONTOS&nbsp;<\/strong><\/td><td>&nbsp;&#8211;<\/td><td>&nbsp;&#8211;<\/td><td>240<\/td><\/tr><\/tbody><\/table><\/figure>\n\n\n\n<h4 class=\"wp-block-heading\">Notas m\u00ednimas &#8211; prova objetiva<\/h4>\n\n\n\n<ul class=\"wp-block-list\">\n<li> Obter no m\u00ednimo 50% da pontua\u00e7\u00e3o m\u00e1xima poss\u00edvel para os cadernos de Conhecimentos Gerais, que engloba os cadernos de L\u00edngua Portuguesa (quando houver), Atualidades (quando houver), Legisla\u00e7\u00e3o e No\u00e7\u00f5es de Inform\u00e1tica e; <\/li>\n\n\n\n<li> Obter no m\u00ednimo 50% da pontua\u00e7\u00e3o m\u00e1xima poss\u00edvel para o caderno de Conhecimentos Espec\u00edficos. <\/li>\n<\/ul>\n\n\n\n<h4 class=\"wp-block-heading\">Crit\u00e9rios de avalia\u00e7\u00e3o &#8211; prova discursiva<\/h4>\n\n\n\n<figure class=\"wp-block-table is-style-stripes\"><table><tbody><tr><td>Aspectos:&nbsp;<\/td><td>Descri\u00e7\u00e3o:&nbsp;<\/td><td>Pontua\u00e7\u00e3o m\u00e1xima&nbsp;<\/td><\/tr><tr><td>Atendimento ao tema&nbsp; proposto na\n  quest\u00e3o&nbsp;<\/td><td>A resposta elaborada deve ser concernente ao tema proposto pela\n  quest\u00e3o discursiva.&nbsp;<\/td><td>5<\/td><\/tr><tr><td>Conhecimento t\u00e9cnico- <br \/>\n    cient\u00edfico sobre a&nbsp; <br \/>\n    mat\u00e9ria&nbsp;<\/td><td>O candidato deve apresentar conhecimento te\u00f3rico e pr\u00e1tico a\n  respeito do assunto\/tema abordado pela quest\u00e3o,\n  demonstrando dom\u00ednio t\u00e9cnico e cient\u00edfico.&nbsp;<\/td><td>5<\/td><\/tr><tr><td>Clareza de&nbsp;\n  <br \/>\n    argumenta\u00e7\u00e3o\/senso&nbsp; <br \/>\n    cr\u00edtico em rela\u00e7\u00e3o ao&nbsp; <br \/>\n    tema proposto na&nbsp;\n  <br \/>\n    quest\u00e3o&nbsp;<\/td><td>A argumenta\u00e7\u00e3o apresentada pelo candidato deve ser pertinente e\n  clara, capaz de convencer seu <br \/>\n    interlocutor a respeito do ponto de vista\n  defendido, al\u00e9m de demonstrar senso cr\u00edtico em rela\u00e7\u00e3o <br \/>\n    ao questionamento abordado pela quest\u00e3o\n  discursiva.&nbsp;<\/td><td>5<\/td><\/tr><tr><td>Utiliza\u00e7\u00e3o adequada da&nbsp;\n  <br \/>\n    L\u00edngua Portuguesa&nbsp;<\/td><td>A resposta elaborada deve apresentar em sua estrutura textual:\n  uso adequado da ortografia, <br \/>\n    constitui\u00e7\u00e3o dos par\u00e1grafos conforme o assunto\n  abordado, estrutura\u00e7\u00e3o dos per\u00edodos no interior <br \/>\n    dos par\u00e1grafos (coer\u00eancia entre por\u00e7\u00f5es\n  textuais, rela\u00e7\u00e3o l\u00f3gica entre as ideias propostas, <br \/>\n    emprego adequado de articuladores no interior\n  das por\u00e7\u00f5es textuais). Caso o candidato tenha\n  obtido pontua\u00e7\u00e3o igual a 0 (zero) nos demais aspectos (1, 2 e 3), o <br \/>\n    de n\u00ba 4, de \u201cUtiliza\u00e7\u00e3o adequada da L\u00edngua\n  Portuguesa\u201d, tamb\u00e9m ser\u00e1 pontuado com nota 0 <br \/>\n    (zero).&nbsp;<\/td><td>5<\/td><\/tr><tr><td>&nbsp;<\/td><td><strong>TOTAL M\u00c1XIMO DE PONTOS DA PROVA DISCURSIVA&nbsp;<\/strong><\/td><td>20<\/td><\/tr><\/tbody><\/table><\/figure>\n\n\n\n<h4 class=\"wp-block-heading\">Pontua\u00e7\u00e3o m\u00ednima &#8211; prova discursiva<\/h4>\n\n\n\n<ul class=\"wp-block-list\">\n<li> O candidato dever\u00e1 obter no m\u00ednimo 50% do total da pontua\u00e7\u00e3o prevista para a prova discursiva, para n\u00e3o ser eliminado do concurso p\u00fablico. <\/li>\n<\/ul>\n\n\n\n<h4 class=\"wp-block-heading\">Discursivas corrigidas<\/h4>\n\n\n\n<figure class=\"wp-block-table is-style-stripes\"><table><tbody><tr><td>Cargo&nbsp;<\/td><td>Classifica\u00e7\u00e3o para <br \/>\n    corre\u00e7\u00e3o da Prova <br \/>\n    Discursiva&nbsp;<\/td><\/tr><tr><td>PROFESSOR LICENCIADO PLENO \u2013 MAG.04:\n  PEDAGOGIA \u2013 MAGIST\u00c9RIO PARA A EDUCA\u00c7\u00c3O INFANTIL E&nbsp; S\u00c9RIES INICIAIS\n  DO ENSINO FUNDAMENTAL. \u00c1REA DE ATUA\u00c7\u00c3O: EDUCA\u00c7\u00c3O INFANTIL&nbsp;<\/td><td>1300<\/td><\/tr><tr><td>PROFESSOR LICENCIADO PLENO \u2013 MAG.04:\n  PEDAGOGIA \u2013 MAGIST\u00c9RIO PARA A EDUCA\u00c7\u00c3O INFANTIL E&nbsp; <br \/>\n    S\u00c9RIES INICIAIS DO ENSINO FUNDAMENTAL. \u00c1REA DE\n  ATUA\u00c7\u00c3O: S\u00c9RIES INICIAIS DO ENSINO&nbsp;\n  <br \/>\n    FUNDAMENTAL E\/OU EDUCA\u00c7\u00c3O DE JOVENS E\n  ADULTOS.&nbsp;<\/td><td>930<\/td><\/tr><tr><td>PROFESSOR LICENCIADO PLENO \u2013 MAG.04: L\u00cdNGUA\n  PORTUGUESA&nbsp;<\/td><td>120<\/td><\/tr><tr><td>PROFESSOR LICENCIADO PLENO \u2013 MAG.04:\n  MATEM\u00c1TICA&nbsp;<\/td><td>190<\/td><\/tr><tr><td>PROFESSOR LICENCIADO PLENO \u2013 MAG.04:\n  HIST\u00d3RIA&nbsp;<\/td><td>50<\/td><\/tr><tr><td>PROFESSOR LICENCIADO PLENO \u2013 MAG.04 :\n  GEOGRAFIA&nbsp;<\/td><td>110<\/td><\/tr><tr><td>PROFESSOR LICENCIADO PLENO \u2013 MAG.04:\n  INGL\u00caS&nbsp;<\/td><td>80<\/td><\/tr><tr><td>PROFESSOR LICENCIADO PLENO \u2013 MAG.04: ARTES\n  VISUAIS, M\u00daSICA, DAN\u00c7A, TEATRO OU EDUCA\u00c7\u00c3O&nbsp;\n  ART\u00cdSTICA&nbsp;<\/td><td>120<\/td><\/tr><tr><td>PROFESSOR LICENCIADO PLENO \u2013 MAG.04:\n  CI\u00caNCIAS&nbsp;<\/td><td>120<\/td><\/tr><tr><td>PROFESSOR LICENCIADO PLENO \u2013 MAG.04:\n  EDUCA\u00c7\u00c3O F\u00cdSICA&nbsp;<\/td><td>130<\/td><\/tr><tr><td>T\u00c9CNICO PEDAG\u00d3GICO \u2013 MAG.08&nbsp;<\/td><td>900<\/td><\/tr><\/tbody><\/table><\/figure>\n\n\n\n<h2 class=\"wp-block-heading\">Edital SEMEC Bel\u00e9m: Avalia\u00e7\u00e3o de T\u00edtulos<\/h2>\n\n\n\n<figure class=\"wp-block-table is-style-stripes\"><table><tbody><tr><td>ITEM&nbsp;<\/td><td>T\u00cdTULOS&nbsp;<\/td><td>PONTOS&nbsp;<\/td><td>PONTUA\u00c7\u00c3O <br \/>\n    M\u00c1XIMA&nbsp;<\/td><\/tr><tr><td>1<\/td><td>Diploma de curso de p\u00f3s-gradua\u00e7\u00e3o em n\u00edvel de doutorado (t\u00edtulo de doutor) na \u00e1rea do cargo a que <br \/>\n    concorre. Tamb\u00e9m ser\u00e1\n  aceito certificado\/declara\u00e7\u00e3o de conclus\u00e3o de curso de doutorado na \u00e1rea do\n  <br \/>\n    cargo a que concorre, desde que acompanhado de\n  hist\u00f3rico escolar.&nbsp;<\/td><td>10 (por t\u00edtulo)&nbsp;<\/td><td>10<\/td><\/tr><tr><td>2<\/td><td>Diploma de curso de p\u00f3s-gradua\u00e7\u00e3o em n\u00edvel de mestrado (t\u00edtulo de mestre) na \u00e1rea do cargo a que <br \/>\n    concorre. Tamb\u00e9m ser\u00e1\n  aceito certificado\/declara\u00e7\u00e3o de conclus\u00e3o de curso de mestrado na \u00e1rea do\n  <br \/>\n    cargo a que concorre, desde que acompanhado de\n  hist\u00f3rico escolar.&nbsp;<\/td><td>6 (por t\u00edtulo)&nbsp;<\/td><td>6<\/td><\/tr><tr><td>3<\/td><td>Certificado de curso de p\u00f3s-gradua\u00e7\u00e3o Lato\n  Sensu, com carga hor\u00e1ria m\u00ednima de 360 h\/a na <br \/>\n    \u00e1rea do cargo a que concorre. Tamb\u00e9m ser\u00e1 aceita a declara\u00e7\u00e3o de conclus\u00e3o de p\u00f3s- <br \/>\n    gradua\u00e7\u00e3o em n\u00edvel de especializa\u00e7\u00e3o na \u00e1rea do\n  cargo a que concorre, desde que <br \/>\n    acompanhada de hist\u00f3rico escolar.&nbsp;<\/td><td>2 (por t\u00edtulo)&nbsp;<\/td><td>4<\/td><\/tr><\/tbody><\/table><\/figure>\n\n\n\n<h2 class=\"wp-block-heading has-text-align-center\" id=\"cursos-assinatura\"><strong><em>Quer estudar para Concurso&nbsp;<\/em><\/strong><em>SEMEC Bel\u00e9m<\/em><strong><em>?<\/em><\/strong><\/h2>\n\n\n\n<p class=\"has-text-align-center\"><em><strong>Gostou desta oportunidade e deseja come\u00e7ar se preparar agora mesmo? Ent\u00e3o, confira os nossos cursos e comece a estudar para o concurso SEMEC Bel\u00e9m:<\/strong><\/em><\/p>\n\n\n\n<p class=\"has-text-align-center\" style=\"font-size:clamp(16.293px, 1.018rem + ((1vw - 3.2px) * 0.854), 25px);px\"><strong><em><a href=\"https:\/\/www.estrategiaconcursos.com.br\/cursos\/concurso\/\">Curso SEMEC Bel\u00e9m<\/a><\/em><\/strong><\/p>\n\n\n\n<h4 class=\"wp-block-heading has-text-align-center\" id=\"assinatura\"><em><strong>Assinatura Anual Ilimitada*<\/strong><\/em><\/h4>\n\n\n\n<p class=\"has-text-align-center\"><em>Prepare-se com o melhor material e com quem mais aprova em Concursos P\u00fablicos em todo o pa\u00eds. Assine agora a nossa Assinatura Anual e tenha acesso ilimitado* a todos os nossos cursos.<\/em><\/p>\n\n\n\n<p class=\"has-text-align-center has-light-green-cyan-background-color has-background\" style=\"font-size:clamp(15.197px, 0.95rem + ((1vw - 3.2px) * 0.765), 23px);px\"><strong>ASSINE AGORA<\/strong>&nbsp;\u2013&nbsp;<a rel=\"noreferrer noopener\" href=\"https:\/\/www.estrategiaconcursos.com.br\/assinaturas\" target=\"_blank\">Assinatura Ilimitada<\/a><\/p>\n\n\n\n<p class=\"has-text-align-center\"><em><strong>Fique por dentro de todos os concursos<\/strong><\/em>:<\/p>\n\n\n\n<p class=\"has-text-align-center has-pale-cyan-blue-background-color has-background\" style=\"font-size:clamp(15.197px, 0.95rem + ((1vw - 3.2px) * 0.765), 23px);px\"><a href=\"https:\/\/www.estrategiaconcursos.com.br\/blog\/concursos-abertos\/\" target=\"_blank\" rel=\"noreferrer noopener\"><strong>Concursos abertos<\/strong><\/a><\/p>\n\n\n\n<figure class=\"wp-block-image\"><img loading=\"lazy\" decoding=\"async\" width=\"300\" height=\"102\" src=\"https:\/\/dhg1h5j42swfq.cloudfront.net\/2017\/03\/28152500\/coruja-ficha-tecnica-300x102.png\" alt=\"\" class=\"wp-image-68542\"\/><\/figure>\n\n\n\n<h3 class=\"wp-block-heading\" id=\"ficha-tecnica\"><strong>Informa\u00e7\u00f5es sobre o Edital<\/strong>&nbsp;<em>S<\/em>EMEC Bel\u00e9m<\/h3>\n\n\n\n<p>\u25ba<strong>Data da prova<\/strong>: 03\/05\/2020<br \/> \u25ba<strong>Vagas<\/strong>: 379<br \/>\u25ba<strong>Cargos:<\/strong>&nbsp; Professor licenciado Pleno e T\u00e9cnico pedag\u00f3gico <br \/>\u25ba<strong>Banca<\/strong>: Instituto AOCP<br \/>\u25ba<strong>Escolaridade<\/strong>: N\u00edvel Superior<br \/>\u25ba<strong>Edital:&nbsp;<\/strong><a href=\"https:\/\/dhg1h5j42swfq.cloudfront.net\/2020\/02\/20155931\/Edital-SEMEC-Bel%C3%A9m.pdf\" target=\"_blank\" rel=\"noreferrer noopener\" aria-label=\" (abre numa nova aba)\">Edital SEMEC Bel\u00e9m 2020<\/a><\/p>\n\n\n\n<p><br \/><em>Ascom Estrat\u00e9gia<\/em><br \/>ascomestrategia@gmail.com<\/p>\n","protected":false},"excerpt":{"rendered":"<p>Foram publicadas retifica\u00e7\u00f5es que modificaram o edital do concurso SEMEC Bel\u00e9m. De acordo com o documento, foi inserido como requisito Qu\u00edmica, F\u00edsica para o cargo de Professor Licenciado Pleno &#8211; Ci\u00eancias. J\u00e1 para o cargo de T\u00e9cnico Pedag\u00f3gico, foi retirada a exig\u00eancia de possuir Registro no Conselho de Classe da Categoria, conforme Lei n.\u00b0 9.696, [&hellip;]<\/p>\n","protected":false},"author":1276,"featured_media":484546,"comment_status":"open","ping_status":"closed","sticky":false,"template":"","format":"standard","meta":{"post_tipo":"article","footnotes":""},"categories":[1,3766],"tags":[],"tax_estado":[],"class_list":["post-484470","post","type-post","status-publish","format-standard","has-post-thumbnail","hentry","category-cursos-e-concursos","category-educacional"],"acf":[],"yoast_head":"<!-- This site is optimized with the Yoast SEO Premium plugin v27.2 (Yoast SEO v27.2) - https:\/\/yoast.com\/product\/yoast-seo-premium-wordpress\/ -->\n<title>Retifica\u00e7\u00e3o altera edital SEMEC Bel\u00e9m<\/title>\n<meta name=\"description\" content=\"Saiu o edital SEMEC Bel\u00e9m com 379 vagas para cargos do Magist\u00e9rio Municipal de Bel\u00e9m (PA). Confira todas as informa\u00e7\u00f5es e comece a se preparar.\" \/>\n<meta name=\"robots\" content=\"index, follow, max-snippet:-1, max-image-preview:large, max-video-preview:-1\" \/>\n<link rel=\"canonical\" href=\"https:\/\/www.estrategiaconcursos.com.br\/blog\/edital-semec-belem-pa\/\" \/>\n<meta property=\"og:locale\" content=\"pt_BR\" \/>\n<meta property=\"og:type\" content=\"article\" \/>\n<meta property=\"og:title\" content=\"Retifica\u00e7\u00e3o altera edital SEMEC Bel\u00e9m\" \/>\n<meta property=\"og:description\" content=\"Saiu o edital SEMEC Bel\u00e9m com 379 vagas para cargos do Magist\u00e9rio Municipal de Bel\u00e9m (PA). Confira todas as informa\u00e7\u00f5es e comece a se preparar.\" \/>\n<meta property=\"og:url\" content=\"https:\/\/www.estrategiaconcursos.com.br\/blog\/edital-semec-belem-pa\/\" \/>\n<meta property=\"og:site_name\" content=\"Estrat\u00e9gia Concursos\" \/>\n<meta property=\"article:published_time\" content=\"2020-03-09T12:02:00+00:00\" \/>\n<meta property=\"article:modified_time\" content=\"2023-06-26T19:33:44+00:00\" \/>\n<meta property=\"og:image\" content=\"https:\/\/dhg1h5j42swfq.cloudfront.net\/2020\/01\/20161633\/SEMEC_BELEM.jpg\" \/>\n\t<meta property=\"og:image:width\" content=\"1200\" \/>\n\t<meta property=\"og:image:height\" content=\"628\" \/>\n\t<meta property=\"og:image:type\" content=\"image\/jpeg\" \/>\n<meta name=\"author\" content=\"Victor Shinichi Tanaka\" \/>\n<meta name=\"twitter:card\" content=\"summary_large_image\" \/>\n<meta name=\"twitter:creator\" content=\"@EstratConcursos\" \/>\n<meta name=\"twitter:site\" content=\"@EstratConcursos\" \/>\n<meta name=\"twitter:label1\" content=\"Escrito por\" \/>\n\t<meta name=\"twitter:data1\" content=\"Victor Shinichi Tanaka\" \/>\n\t<meta name=\"twitter:label2\" content=\"Est. tempo de leitura\" \/>\n\t<meta name=\"twitter:data2\" content=\"10 minutos\" \/>\n<script type=\"application\/ld+json\" class=\"yoast-schema-graph\">{\"@context\":\"https:\/\/schema.org\",\"@graph\":[{\"@type\":\"NewsArticle\",\"@id\":\"https:\/\/www.estrategiaconcursos.com.br\/blog\/edital-semec-belem-pa\/#article\",\"isPartOf\":{\"@id\":\"https:\/\/www.estrategiaconcursos.com.br\/blog\/edital-semec-belem-pa\/\"},\"author\":{\"name\":\"Victor Shinichi Tanaka\",\"@id\":\"https:\/\/www.estrategiaconcursos.com.br\/blog\/#\/schema\/person\/602a4eaf2bed921c107675da3a65b0e0\"},\"headline\":\"Retifica\u00e7\u00e3o altera edital SEMEC Bel\u00e9m\",\"datePublished\":\"2020-03-09T12:02:00+00:00\",\"dateModified\":\"2023-06-26T19:33:44+00:00\",\"mainEntityOfPage\":{\"@id\":\"https:\/\/www.estrategiaconcursos.com.br\/blog\/edital-semec-belem-pa\/\"},\"wordCount\":1999,\"commentCount\":1,\"publisher\":{\"@id\":\"https:\/\/www.estrategiaconcursos.com.br\/blog\/#organization\"},\"image\":{\"@id\":\"https:\/\/www.estrategiaconcursos.com.br\/blog\/edital-semec-belem-pa\/#primaryimage\"},\"thumbnailUrl\":\"https:\/\/dhg1h5j42swfq.cloudfront.net\/2020\/01\/20161633\/SEMEC_BELEM.jpg\",\"articleSection\":[\"Concursos P\u00fablicos\",\"Educa\u00e7\u00e3o\"],\"inLanguage\":\"pt-BR\",\"potentialAction\":[{\"@type\":\"CommentAction\",\"name\":\"Comment\",\"target\":[\"https:\/\/www.estrategiaconcursos.com.br\/blog\/edital-semec-belem-pa\/#respond\"]}],\"copyrightYear\":\"2020\",\"copyrightHolder\":{\"@id\":\"https:\/\/www.estrategiaconcursos.com.br\/blog\/#organization\"}},{\"@type\":\"WebPage\",\"@id\":\"https:\/\/www.estrategiaconcursos.com.br\/blog\/edital-semec-belem-pa\/\",\"url\":\"https:\/\/www.estrategiaconcursos.com.br\/blog\/edital-semec-belem-pa\/\",\"name\":\"Retifica\u00e7\u00e3o altera edital SEMEC Bel\u00e9m\",\"isPartOf\":{\"@id\":\"https:\/\/www.estrategiaconcursos.com.br\/blog\/#website\"},\"primaryImageOfPage\":{\"@id\":\"https:\/\/www.estrategiaconcursos.com.br\/blog\/edital-semec-belem-pa\/#primaryimage\"},\"image\":{\"@id\":\"https:\/\/www.estrategiaconcursos.com.br\/blog\/edital-semec-belem-pa\/#primaryimage\"},\"thumbnailUrl\":\"https:\/\/dhg1h5j42swfq.cloudfront.net\/2020\/01\/20161633\/SEMEC_BELEM.jpg\",\"datePublished\":\"2020-03-09T12:02:00+00:00\",\"dateModified\":\"2023-06-26T19:33:44+00:00\",\"description\":\"Saiu o edital SEMEC Bel\u00e9m com 379 vagas para cargos do Magist\u00e9rio Municipal de Bel\u00e9m (PA). Confira todas as informa\u00e7\u00f5es e comece a se preparar.\",\"breadcrumb\":{\"@id\":\"https:\/\/www.estrategiaconcursos.com.br\/blog\/edital-semec-belem-pa\/#breadcrumb\"},\"inLanguage\":\"pt-BR\",\"potentialAction\":[{\"@type\":\"ReadAction\",\"target\":[\"https:\/\/www.estrategiaconcursos.com.br\/blog\/edital-semec-belem-pa\/\"]}]},{\"@type\":\"ImageObject\",\"inLanguage\":\"pt-BR\",\"@id\":\"https:\/\/www.estrategiaconcursos.com.br\/blog\/edital-semec-belem-pa\/#primaryimage\",\"url\":\"https:\/\/dhg1h5j42swfq.cloudfront.net\/2020\/01\/20161633\/SEMEC_BELEM.jpg\",\"contentUrl\":\"https:\/\/dhg1h5j42swfq.cloudfront.net\/2020\/01\/20161633\/SEMEC_BELEM.jpg\",\"width\":1200,\"height\":628,\"caption\":\"concurso semec bel\u00e9m\"},{\"@type\":\"BreadcrumbList\",\"@id\":\"https:\/\/www.estrategiaconcursos.com.br\/blog\/edital-semec-belem-pa\/#breadcrumb\",\"itemListElement\":[{\"@type\":\"ListItem\",\"position\":1,\"name\":\"In\u00edcio\",\"item\":\"https:\/\/www.estrategiaconcursos.com.br\/blog\/\"},{\"@type\":\"ListItem\",\"position\":2,\"name\":\"Retifica\u00e7\u00e3o altera edital SEMEC Bel\u00e9m\"}]},{\"@type\":\"WebSite\",\"@id\":\"https:\/\/www.estrategiaconcursos.com.br\/blog\/#website\",\"url\":\"https:\/\/www.estrategiaconcursos.com.br\/blog\/\",\"name\":\"Estrat\u00e9gia Concursos\",\"description\":\"O blog da Estrat\u00e9gia Concursos traz not\u00edcias sobre concursos e artigos de professores oferecendo cursos para concursos (pdf + videaulas) no site.\",\"publisher\":{\"@id\":\"https:\/\/www.estrategiaconcursos.com.br\/blog\/#organization\"},\"potentialAction\":[{\"@type\":\"SearchAction\",\"target\":{\"@type\":\"EntryPoint\",\"urlTemplate\":\"https:\/\/www.estrategiaconcursos.com.br\/blog\/?s={search_term_string}\"},\"query-input\":{\"@type\":\"PropertyValueSpecification\",\"valueRequired\":true,\"valueName\":\"search_term_string\"}}],\"inLanguage\":\"pt-BR\"},{\"@type\":\"Organization\",\"@id\":\"https:\/\/www.estrategiaconcursos.com.br\/blog\/#organization\",\"name\":\"Estrat\u00e9gia Concursos\",\"url\":\"https:\/\/www.estrategiaconcursos.com.br\/blog\/\",\"logo\":{\"@type\":\"ImageObject\",\"inLanguage\":\"pt-BR\",\"@id\":\"https:\/\/www.estrategiaconcursos.com.br\/blog\/#\/schema\/logo\/image\/\",\"url\":\"https:\/\/dhg1h5j42swfq.cloudfront.net\/2025\/06\/03203428\/logo_concursos-1.jpg\",\"contentUrl\":\"https:\/\/dhg1h5j42swfq.cloudfront.net\/2025\/06\/03203428\/logo_concursos-1.jpg\",\"width\":230,\"height\":60,\"caption\":\"Estrat\u00e9gia Concursos\"},\"image\":{\"@id\":\"https:\/\/www.estrategiaconcursos.com.br\/blog\/#\/schema\/logo\/image\/\"},\"sameAs\":[\"https:\/\/x.com\/EstratConcursos\"]},{\"@type\":\"Person\",\"@id\":\"https:\/\/www.estrategiaconcursos.com.br\/blog\/#\/schema\/person\/602a4eaf2bed921c107675da3a65b0e0\",\"name\":\"Victor Shinichi Tanaka\",\"image\":{\"@type\":\"ImageObject\",\"inLanguage\":\"pt-BR\",\"@id\":\"https:\/\/secure.gravatar.com\/avatar\/3772723eea77b2e6a2231e357d6339c6c129c6fb65cda4d02d0f3ca700221333?s=96&d=mm&r=g\",\"url\":\"https:\/\/secure.gravatar.com\/avatar\/3772723eea77b2e6a2231e357d6339c6c129c6fb65cda4d02d0f3ca700221333?s=96&d=mm&r=g\",\"contentUrl\":\"https:\/\/secure.gravatar.com\/avatar\/3772723eea77b2e6a2231e357d6339c6c129c6fb65cda4d02d0f3ca700221333?s=96&d=mm&r=g\",\"caption\":\"Victor Shinichi Tanaka\"},\"url\":\"https:\/\/www.estrategiaconcursos.com.br\/blog\/author\/victorstanakagmail-com\/\"}]}<\/script>\n<!-- \/ Yoast SEO Premium plugin. -->","yoast_head_json":{"title":"Retifica\u00e7\u00e3o altera edital SEMEC Bel\u00e9m","description":"Saiu o edital SEMEC Bel\u00e9m com 379 vagas para cargos do Magist\u00e9rio Municipal de Bel\u00e9m (PA). Confira todas as informa\u00e7\u00f5es e comece a se preparar.","robots":{"index":"index","follow":"follow","max-snippet":"max-snippet:-1","max-image-preview":"max-image-preview:large","max-video-preview":"max-video-preview:-1"},"canonical":"https:\/\/www.estrategiaconcursos.com.br\/blog\/edital-semec-belem-pa\/","og_locale":"pt_BR","og_type":"article","og_title":"Retifica\u00e7\u00e3o altera edital SEMEC Bel\u00e9m","og_description":"Saiu o edital SEMEC Bel\u00e9m com 379 vagas para cargos do Magist\u00e9rio Municipal de Bel\u00e9m (PA). Confira todas as informa\u00e7\u00f5es e comece a se preparar.","og_url":"https:\/\/www.estrategiaconcursos.com.br\/blog\/edital-semec-belem-pa\/","og_site_name":"Estrat\u00e9gia Concursos","article_published_time":"2020-03-09T12:02:00+00:00","article_modified_time":"2023-06-26T19:33:44+00:00","og_image":[{"width":1200,"height":628,"url":"https:\/\/dhg1h5j42swfq.cloudfront.net\/2020\/01\/20161633\/SEMEC_BELEM.jpg","type":"image\/jpeg"}],"author":"Victor Shinichi Tanaka","twitter_card":"summary_large_image","twitter_creator":"@EstratConcursos","twitter_site":"@EstratConcursos","twitter_misc":{"Escrito por":"Victor Shinichi Tanaka","Est. tempo de leitura":"10 minutos"},"schema":{"@context":"https:\/\/schema.org","@graph":[{"@type":"NewsArticle","@id":"https:\/\/www.estrategiaconcursos.com.br\/blog\/edital-semec-belem-pa\/#article","isPartOf":{"@id":"https:\/\/www.estrategiaconcursos.com.br\/blog\/edital-semec-belem-pa\/"},"author":{"name":"Victor Shinichi Tanaka","@id":"https:\/\/www.estrategiaconcursos.com.br\/blog\/#\/schema\/person\/602a4eaf2bed921c107675da3a65b0e0"},"headline":"Retifica\u00e7\u00e3o altera edital SEMEC Bel\u00e9m","datePublished":"2020-03-09T12:02:00+00:00","dateModified":"2023-06-26T19:33:44+00:00","mainEntityOfPage":{"@id":"https:\/\/www.estrategiaconcursos.com.br\/blog\/edital-semec-belem-pa\/"},"wordCount":1999,"commentCount":1,"publisher":{"@id":"https:\/\/www.estrategiaconcursos.com.br\/blog\/#organization"},"image":{"@id":"https:\/\/www.estrategiaconcursos.com.br\/blog\/edital-semec-belem-pa\/#primaryimage"},"thumbnailUrl":"https:\/\/dhg1h5j42swfq.cloudfront.net\/2020\/01\/20161633\/SEMEC_BELEM.jpg","articleSection":["Concursos P\u00fablicos","Educa\u00e7\u00e3o"],"inLanguage":"pt-BR","potentialAction":[{"@type":"CommentAction","name":"Comment","target":["https:\/\/www.estrategiaconcursos.com.br\/blog\/edital-semec-belem-pa\/#respond"]}],"copyrightYear":"2020","copyrightHolder":{"@id":"https:\/\/www.estrategiaconcursos.com.br\/blog\/#organization"}},{"@type":"WebPage","@id":"https:\/\/www.estrategiaconcursos.com.br\/blog\/edital-semec-belem-pa\/","url":"https:\/\/www.estrategiaconcursos.com.br\/blog\/edital-semec-belem-pa\/","name":"Retifica\u00e7\u00e3o altera edital SEMEC Bel\u00e9m","isPartOf":{"@id":"https:\/\/www.estrategiaconcursos.com.br\/blog\/#website"},"primaryImageOfPage":{"@id":"https:\/\/www.estrategiaconcursos.com.br\/blog\/edital-semec-belem-pa\/#primaryimage"},"image":{"@id":"https:\/\/www.estrategiaconcursos.com.br\/blog\/edital-semec-belem-pa\/#primaryimage"},"thumbnailUrl":"https:\/\/dhg1h5j42swfq.cloudfront.net\/2020\/01\/20161633\/SEMEC_BELEM.jpg","datePublished":"2020-03-09T12:02:00+00:00","dateModified":"2023-06-26T19:33:44+00:00","description":"Saiu o edital SEMEC Bel\u00e9m com 379 vagas para cargos do Magist\u00e9rio Municipal de Bel\u00e9m (PA). Confira todas as informa\u00e7\u00f5es e comece a se preparar.","breadcrumb":{"@id":"https:\/\/www.estrategiaconcursos.com.br\/blog\/edital-semec-belem-pa\/#breadcrumb"},"inLanguage":"pt-BR","potentialAction":[{"@type":"ReadAction","target":["https:\/\/www.estrategiaconcursos.com.br\/blog\/edital-semec-belem-pa\/"]}]},{"@type":"ImageObject","inLanguage":"pt-BR","@id":"https:\/\/www.estrategiaconcursos.com.br\/blog\/edital-semec-belem-pa\/#primaryimage","url":"https:\/\/dhg1h5j42swfq.cloudfront.net\/2020\/01\/20161633\/SEMEC_BELEM.jpg","contentUrl":"https:\/\/dhg1h5j42swfq.cloudfront.net\/2020\/01\/20161633\/SEMEC_BELEM.jpg","width":1200,"height":628,"caption":"concurso semec bel\u00e9m"},{"@type":"BreadcrumbList","@id":"https:\/\/www.estrategiaconcursos.com.br\/blog\/edital-semec-belem-pa\/#breadcrumb","itemListElement":[{"@type":"ListItem","position":1,"name":"In\u00edcio","item":"https:\/\/www.estrategiaconcursos.com.br\/blog\/"},{"@type":"ListItem","position":2,"name":"Retifica\u00e7\u00e3o altera edital SEMEC Bel\u00e9m"}]},{"@type":"WebSite","@id":"https:\/\/www.estrategiaconcursos.com.br\/blog\/#website","url":"https:\/\/www.estrategiaconcursos.com.br\/blog\/","name":"Estrat\u00e9gia Concursos","description":"O blog da Estrat\u00e9gia Concursos traz not\u00edcias sobre concursos e artigos de professores oferecendo cursos para concursos (pdf + videaulas) no site.","publisher":{"@id":"https:\/\/www.estrategiaconcursos.com.br\/blog\/#organization"},"potentialAction":[{"@type":"SearchAction","target":{"@type":"EntryPoint","urlTemplate":"https:\/\/www.estrategiaconcursos.com.br\/blog\/?s={search_term_string}"},"query-input":{"@type":"PropertyValueSpecification","valueRequired":true,"valueName":"search_term_string"}}],"inLanguage":"pt-BR"},{"@type":"Organization","@id":"https:\/\/www.estrategiaconcursos.com.br\/blog\/#organization","name":"Estrat\u00e9gia Concursos","url":"https:\/\/www.estrategiaconcursos.com.br\/blog\/","logo":{"@type":"ImageObject","inLanguage":"pt-BR","@id":"https:\/\/www.estrategiaconcursos.com.br\/blog\/#\/schema\/logo\/image\/","url":"https:\/\/dhg1h5j42swfq.cloudfront.net\/2025\/06\/03203428\/logo_concursos-1.jpg","contentUrl":"https:\/\/dhg1h5j42swfq.cloudfront.net\/2025\/06\/03203428\/logo_concursos-1.jpg","width":230,"height":60,"caption":"Estrat\u00e9gia Concursos"},"image":{"@id":"https:\/\/www.estrategiaconcursos.com.br\/blog\/#\/schema\/logo\/image\/"},"sameAs":["https:\/\/x.com\/EstratConcursos"]},{"@type":"Person","@id":"https:\/\/www.estrategiaconcursos.com.br\/blog\/#\/schema\/person\/602a4eaf2bed921c107675da3a65b0e0","name":"Victor Shinichi Tanaka","image":{"@type":"ImageObject","inLanguage":"pt-BR","@id":"https:\/\/secure.gravatar.com\/avatar\/3772723eea77b2e6a2231e357d6339c6c129c6fb65cda4d02d0f3ca700221333?s=96&d=mm&r=g","url":"https:\/\/secure.gravatar.com\/avatar\/3772723eea77b2e6a2231e357d6339c6c129c6fb65cda4d02d0f3ca700221333?s=96&d=mm&r=g","contentUrl":"https:\/\/secure.gravatar.com\/avatar\/3772723eea77b2e6a2231e357d6339c6c129c6fb65cda4d02d0f3ca700221333?s=96&d=mm&r=g","caption":"Victor Shinichi Tanaka"},"url":"https:\/\/www.estrategiaconcursos.com.br\/blog\/author\/victorstanakagmail-com\/"}]}},"_links":{"self":[{"href":"https:\/\/www.estrategiaconcursos.com.br\/blog\/wp-json\/wp\/v2\/posts\/484470","targetHints":{"allow":["GET"]}}],"collection":[{"href":"https:\/\/www.estrategiaconcursos.com.br\/blog\/wp-json\/wp\/v2\/posts"}],"about":[{"href":"https:\/\/www.estrategiaconcursos.com.br\/blog\/wp-json\/wp\/v2\/types\/post"}],"author":[{"embeddable":true,"href":"https:\/\/www.estrategiaconcursos.com.br\/blog\/wp-json\/wp\/v2\/users\/1276"}],"replies":[{"embeddable":true,"href":"https:\/\/www.estrategiaconcursos.com.br\/blog\/wp-json\/wp\/v2\/comments?post=484470"}],"version-history":[{"count":11,"href":"https:\/\/www.estrategiaconcursos.com.br\/blog\/wp-json\/wp\/v2\/posts\/484470\/revisions"}],"predecessor-version":[{"id":1239093,"href":"https:\/\/www.estrategiaconcursos.com.br\/blog\/wp-json\/wp\/v2\/posts\/484470\/revisions\/1239093"}],"wp:featuredmedia":[{"embeddable":true,"href":"https:\/\/www.estrategiaconcursos.com.br\/blog\/wp-json\/wp\/v2\/media\/484546"}],"wp:attachment":[{"href":"https:\/\/www.estrategiaconcursos.com.br\/blog\/wp-json\/wp\/v2\/media?parent=484470"}],"wp:term":[{"taxonomy":"category","embeddable":true,"href":"https:\/\/www.estrategiaconcursos.com.br\/blog\/wp-json\/wp\/v2\/categories?post=484470"},{"taxonomy":"post_tag","embeddable":true,"href":"https:\/\/www.estrategiaconcursos.com.br\/blog\/wp-json\/wp\/v2\/tags?post=484470"},{"taxonomy":"tax_estado","embeddable":true,"href":"https:\/\/www.estrategiaconcursos.com.br\/blog\/wp-json\/wp\/v2\/tax_estado?post=484470"}],"curies":[{"name":"wp","href":"https:\/\/api.w.org\/{rel}","templated":true}]}}