{"id":484369,"date":"2020-02-20T13:31:56","date_gmt":"2020-02-20T16:31:56","guid":{"rendered":"https:\/\/www.estrategiaconcursos.com.br\/blog\/?p=484369"},"modified":"2020-10-10T11:49:29","modified_gmt":"2020-10-10T14:49:29","slug":"anunciada-a-data-de-publicacao-do-edital-do-concurso-pm-pr-2020","status":"publish","type":"post","link":"https:\/\/www.estrategiaconcursos.com.br\/blog\/anunciada-a-data-de-publicacao-do-edital-do-concurso-pm-pr-2020\/","title":{"rendered":"Anunciada a data de publica\u00e7\u00e3o do EDITAL do concurso PM PR 2020"},"content":{"rendered":"\n<p>O deputado estadual Mauro Moraes, por meio de sua conta no Instagram, revelou que o edital do pr\u00f3ximo concurso PM PR ser\u00e1 publicado no dia <strong>03 de mar\u00e7o de 2020<\/strong>, em evento no QG corpora\u00e7\u00e3o, e contar\u00e1 com a presen\u00e7a do governador do estado, Ratinho J\u00fanior.<\/p>\n\n\n\n<p>Organizado pela FUNPAR (Funda\u00e7\u00e3o da Universidade Federal do Paran\u00e1), o concurso PM PR 2020 ofertar\u00e1 <strong>2.400 vagas para o cargo de Soldado<\/strong>, que requer Ensino M\u00e9dio Completo, Carteira de Habilita\u00e7\u00e3o na categoria \u201cB\u201d e ter no m\u00e1ximo 30 anos no ato da inscri\u00e7\u00e3o.<\/p>\n\n\n\n<p>A Pol\u00edcia Militar do Paran\u00e1 (PM PR) tem outro concurso em andamento, mas para o cargo de Cadete. Para este certame, que ofertou 90 oportunidades, as inscri\u00e7\u00f5es j\u00e1 foram encerradas.<\/p>\n\n\n\n<p>O \u00faltimo concurso PM PR foi realizado em 2012, sob responsabilidade da FAFIPA (Funda\u00e7\u00e3o de Apoio \u00e0 UNESPAR). Na ocasi\u00e3o, 4.445 vagas foram ofertadas. <\/p>\n\n\n\n<p class=\"has-text-align-center has-very-light-gray-background-color has-background has-medium-font-size\"><strong>Saiba mais: <a href=\"https:\/\/www.estrategiaconcursos.com.br\/blog\/concurso-pm-pr\/\">Concurso PM PR<\/a><\/strong><\/p>\n\n\n\n<p class=\"has-text-align-center has-luminous-vivid-amber-background-color has-background has-medium-font-size\"><a rel=\"noreferrer noopener\" href=\"https:\/\/www.estrategiaconcursos.com.br\/cursosPorConcurso\/pm-pr\/\" target=\"_blank\"><strong>CURSO PM PR<\/strong><\/a><\/p>\n\n\n\n<p class=\"has-text-align-center\"><em><strong>Assinatura Anual Ilimitada*<\/strong><\/em><\/p>\n\n\n\n<p class=\"has-text-align-center\"><em>Prepare-se com o melhor material e com quem mais aprova em Concursos P\u00fablicos em todo o pa\u00eds. Assine agora a nossa Assinatura Anual e tenha acesso ilimitado* a todos os nossos cursos.<\/em><\/p>\n\n\n\n<p class=\"has-text-align-center has-light-green-cyan-background-color has-background has-medium-font-size\"><strong>ASSINE AGORA<\/strong>&nbsp;\u2013&nbsp;<a rel=\"noreferrer noopener\" href=\"https:\/\/www.estrategiaconcursos.com.br\/assinaturas\" target=\"_blank\"><strong>Assinatura Ilimitada<\/strong><\/a><\/p>\n\n\n\n<p class=\"has-text-align-center has-pale-cyan-blue-background-color has-background has-medium-font-size\"><strong><a href=\"https:\/\/www.estrategiaconcursos.com.br\/blog\/concursos-abertos\/\">CONCURSOS ABERTOS<\/a><\/strong><\/p>\n\n\n\n<p class=\"has-text-align-center has-pale-cyan-blue-background-color has-background has-medium-font-size\"><a href=\"https:\/\/www.estrategiaconcursos.com.br\/blog\/concursos-2020\/\"><strong>CONCURSOS<\/strong><\/a><strong><a href=\"https:\/\/www.estrategiaconcursos.com.br\/blog\/concursos-2020\/\">&nbsp;2020<\/a><\/strong><\/p>\n","protected":false},"excerpt":{"rendered":"<p>O deputado estadual Mauro Moraes, por meio de sua conta no Instagram, revelou que o edital do pr\u00f3ximo concurso PM PR ser\u00e1 publicado no dia 03 de mar\u00e7o de 2020, em evento no QG corpora\u00e7\u00e3o, e contar\u00e1 com a presen\u00e7a do governador do estado, Ratinho J\u00fanior. Organizado pela FUNPAR (Funda\u00e7\u00e3o da Universidade Federal do Paran\u00e1), [&hellip;]<\/p>\n","protected":false},"author":214,"featured_media":0,"comment_status":"open","ping_status":"closed","sticky":false,"template":"","format":"standard","meta":{"post_tipo":"article","footnotes":""},"categories":[1],"tags":[],"tax_estado":[],"class_list":["post-484369","post","type-post","status-publish","format-standard","hentry","category-cursos-e-concursos"],"acf":[],"yoast_head":"<!-- This site is optimized with the Yoast SEO Premium plugin v27.2 (Yoast SEO v27.2) - https:\/\/yoast.com\/product\/yoast-seo-premium-wordpress\/ -->\n<title>Anunciada a data de publica\u00e7\u00e3o do EDITAL do concurso PM PR 2020<\/title>\n<meta name=\"description\" content=\"O lan\u00e7amento do edital do pr\u00f3ximo concurso PM PR j\u00e1 tem data prevista. 2.400 vagas para o cargo de Soldado ser\u00e3o ofertadas. Confira!\" \/>\n<meta name=\"robots\" content=\"index, follow, max-snippet:-1, max-image-preview:large, max-video-preview:-1\" \/>\n<link rel=\"canonical\" href=\"https:\/\/www.estrategiaconcursos.com.br\/blog\/anunciada-a-data-de-publicacao-do-edital-do-concurso-pm-pr-2020\/\" \/>\n<meta property=\"og:locale\" content=\"pt_BR\" \/>\n<meta property=\"og:type\" content=\"article\" \/>\n<meta property=\"og:title\" content=\"Anunciada a data de publica\u00e7\u00e3o do EDITAL do concurso PM PR 2020\" \/>\n<meta property=\"og:description\" content=\"O lan\u00e7amento do edital do pr\u00f3ximo concurso PM PR j\u00e1 tem data prevista. 2.400 vagas para o cargo de Soldado ser\u00e3o ofertadas. Confira!\" \/>\n<meta property=\"og:url\" content=\"https:\/\/www.estrategiaconcursos.com.br\/blog\/anunciada-a-data-de-publicacao-do-edital-do-concurso-pm-pr-2020\/\" \/>\n<meta property=\"og:site_name\" content=\"Estrat\u00e9gia Concursos\" \/>\n<meta property=\"article:published_time\" content=\"2020-02-20T16:31:56+00:00\" \/>\n<meta property=\"article:modified_time\" content=\"2020-10-10T14:49:29+00:00\" \/>\n<meta name=\"author\" content=\"D\u00e9cio Terror Filho\" \/>\n<meta name=\"twitter:card\" content=\"summary_large_image\" \/>\n<meta name=\"twitter:creator\" content=\"@EstratConcursos\" \/>\n<meta name=\"twitter:site\" content=\"@EstratConcursos\" \/>\n<meta name=\"twitter:label1\" content=\"Escrito por\" \/>\n\t<meta name=\"twitter:data1\" content=\"D\u00e9cio Terror Filho\" \/>\n\t<meta name=\"twitter:label2\" content=\"Est. tempo de leitura\" \/>\n\t<meta name=\"twitter:data2\" content=\"1 minuto\" \/>\n<script type=\"application\/ld+json\" class=\"yoast-schema-graph\">{\"@context\":\"https:\/\/schema.org\",\"@graph\":[{\"@type\":\"NewsArticle\",\"@id\":\"https:\/\/www.estrategiaconcursos.com.br\/blog\/anunciada-a-data-de-publicacao-do-edital-do-concurso-pm-pr-2020\/#article\",\"isPartOf\":{\"@id\":\"https:\/\/www.estrategiaconcursos.com.br\/blog\/anunciada-a-data-de-publicacao-do-edital-do-concurso-pm-pr-2020\/\"},\"author\":{\"name\":\"D\u00e9cio Terror Filho\",\"@id\":\"https:\/\/www.estrategiaconcursos.com.br\/blog\/#\/schema\/person\/e8165364027a31208914fc77c3314727\"},\"headline\":\"Anunciada a data de publica\u00e7\u00e3o do EDITAL do concurso PM PR 2020\",\"datePublished\":\"2020-02-20T16:31:56+00:00\",\"dateModified\":\"2020-10-10T14:49:29+00:00\",\"mainEntityOfPage\":{\"@id\":\"https:\/\/www.estrategiaconcursos.com.br\/blog\/anunciada-a-data-de-publicacao-do-edital-do-concurso-pm-pr-2020\/\"},\"wordCount\":215,\"commentCount\":0,\"publisher\":{\"@id\":\"https:\/\/www.estrategiaconcursos.com.br\/blog\/#organization\"},\"articleSection\":[\"Concursos P\u00fablicos\"],\"inLanguage\":\"pt-BR\",\"potentialAction\":[{\"@type\":\"CommentAction\",\"name\":\"Comment\",\"target\":[\"https:\/\/www.estrategiaconcursos.com.br\/blog\/anunciada-a-data-de-publicacao-do-edital-do-concurso-pm-pr-2020\/#respond\"]}],\"copyrightYear\":\"2020\",\"copyrightHolder\":{\"@id\":\"https:\/\/www.estrategiaconcursos.com.br\/blog\/#organization\"}},{\"@type\":\"WebPage\",\"@id\":\"https:\/\/www.estrategiaconcursos.com.br\/blog\/anunciada-a-data-de-publicacao-do-edital-do-concurso-pm-pr-2020\/\",\"url\":\"https:\/\/www.estrategiaconcursos.com.br\/blog\/anunciada-a-data-de-publicacao-do-edital-do-concurso-pm-pr-2020\/\",\"name\":\"Anunciada a data de publica\u00e7\u00e3o do EDITAL do concurso PM PR 2020\",\"isPartOf\":{\"@id\":\"https:\/\/www.estrategiaconcursos.com.br\/blog\/#website\"},\"datePublished\":\"2020-02-20T16:31:56+00:00\",\"dateModified\":\"2020-10-10T14:49:29+00:00\",\"description\":\"O lan\u00e7amento do edital do pr\u00f3ximo concurso PM PR j\u00e1 tem data prevista. 2.400 vagas para o cargo de Soldado ser\u00e3o ofertadas. Confira!\",\"breadcrumb\":{\"@id\":\"https:\/\/www.estrategiaconcursos.com.br\/blog\/anunciada-a-data-de-publicacao-do-edital-do-concurso-pm-pr-2020\/#breadcrumb\"},\"inLanguage\":\"pt-BR\",\"potentialAction\":[{\"@type\":\"ReadAction\",\"target\":[\"https:\/\/www.estrategiaconcursos.com.br\/blog\/anunciada-a-data-de-publicacao-do-edital-do-concurso-pm-pr-2020\/\"]}]},{\"@type\":\"BreadcrumbList\",\"@id\":\"https:\/\/www.estrategiaconcursos.com.br\/blog\/anunciada-a-data-de-publicacao-do-edital-do-concurso-pm-pr-2020\/#breadcrumb\",\"itemListElement\":[{\"@type\":\"ListItem\",\"position\":1,\"name\":\"In\u00edcio\",\"item\":\"https:\/\/www.estrategiaconcursos.com.br\/blog\/\"},{\"@type\":\"ListItem\",\"position\":2,\"name\":\"Anunciada a data de publica\u00e7\u00e3o do EDITAL do concurso PM PR 2020\"}]},{\"@type\":\"WebSite\",\"@id\":\"https:\/\/www.estrategiaconcursos.com.br\/blog\/#website\",\"url\":\"https:\/\/www.estrategiaconcursos.com.br\/blog\/\",\"name\":\"Estrat\u00e9gia Concursos\",\"description\":\"O blog da Estrat\u00e9gia Concursos traz not\u00edcias sobre concursos e artigos de professores oferecendo cursos para concursos (pdf + videaulas) no site.\",\"publisher\":{\"@id\":\"https:\/\/www.estrategiaconcursos.com.br\/blog\/#organization\"},\"potentialAction\":[{\"@type\":\"SearchAction\",\"target\":{\"@type\":\"EntryPoint\",\"urlTemplate\":\"https:\/\/www.estrategiaconcursos.com.br\/blog\/?s={search_term_string}\"},\"query-input\":{\"@type\":\"PropertyValueSpecification\",\"valueRequired\":true,\"valueName\":\"search_term_string\"}}],\"inLanguage\":\"pt-BR\"},{\"@type\":\"Organization\",\"@id\":\"https:\/\/www.estrategiaconcursos.com.br\/blog\/#organization\",\"name\":\"Estrat\u00e9gia Concursos\",\"url\":\"https:\/\/www.estrategiaconcursos.com.br\/blog\/\",\"logo\":{\"@type\":\"ImageObject\",\"inLanguage\":\"pt-BR\",\"@id\":\"https:\/\/www.estrategiaconcursos.com.br\/blog\/#\/schema\/logo\/image\/\",\"url\":\"https:\/\/dhg1h5j42swfq.cloudfront.net\/2025\/06\/03203428\/logo_concursos-1.jpg\",\"contentUrl\":\"https:\/\/dhg1h5j42swfq.cloudfront.net\/2025\/06\/03203428\/logo_concursos-1.jpg\",\"width\":230,\"height\":60,\"caption\":\"Estrat\u00e9gia Concursos\"},\"image\":{\"@id\":\"https:\/\/www.estrategiaconcursos.com.br\/blog\/#\/schema\/logo\/image\/\"},\"sameAs\":[\"https:\/\/x.com\/EstratConcursos\"]},{\"@type\":\"Person\",\"@id\":\"https:\/\/www.estrategiaconcursos.com.br\/blog\/#\/schema\/person\/e8165364027a31208914fc77c3314727\",\"name\":\"D\u00e9cio Terror Filho\",\"image\":{\"@type\":\"ImageObject\",\"inLanguage\":\"pt-BR\",\"@id\":\"https:\/\/secure.gravatar.com\/avatar\/a5b78e734de7c6482e965926e78344deb81abbc34282a3c9536cbb1a59728a37?s=96&d=mm&r=g\",\"url\":\"https:\/\/secure.gravatar.com\/avatar\/a5b78e734de7c6482e965926e78344deb81abbc34282a3c9536cbb1a59728a37?s=96&d=mm&r=g\",\"contentUrl\":\"https:\/\/secure.gravatar.com\/avatar\/a5b78e734de7c6482e965926e78344deb81abbc34282a3c9536cbb1a59728a37?s=96&d=mm&r=g\",\"caption\":\"D\u00e9cio Terror Filho\"},\"url\":\"https:\/\/www.estrategiaconcursos.com.br\/blog\/author\/contatoterrorportugues-com-br\/\"}]}<\/script>\n<!-- \/ Yoast SEO Premium plugin. -->","yoast_head_json":{"title":"Anunciada a data de publica\u00e7\u00e3o do EDITAL do concurso PM PR 2020","description":"O lan\u00e7amento do edital do pr\u00f3ximo concurso PM PR j\u00e1 tem data prevista. 2.400 vagas para o cargo de Soldado ser\u00e3o ofertadas. Confira!","robots":{"index":"index","follow":"follow","max-snippet":"max-snippet:-1","max-image-preview":"max-image-preview:large","max-video-preview":"max-video-preview:-1"},"canonical":"https:\/\/www.estrategiaconcursos.com.br\/blog\/anunciada-a-data-de-publicacao-do-edital-do-concurso-pm-pr-2020\/","og_locale":"pt_BR","og_type":"article","og_title":"Anunciada a data de publica\u00e7\u00e3o do EDITAL do concurso PM PR 2020","og_description":"O lan\u00e7amento do edital do pr\u00f3ximo concurso PM PR j\u00e1 tem data prevista. 2.400 vagas para o cargo de Soldado ser\u00e3o ofertadas. Confira!","og_url":"https:\/\/www.estrategiaconcursos.com.br\/blog\/anunciada-a-data-de-publicacao-do-edital-do-concurso-pm-pr-2020\/","og_site_name":"Estrat\u00e9gia Concursos","article_published_time":"2020-02-20T16:31:56+00:00","article_modified_time":"2020-10-10T14:49:29+00:00","author":"D\u00e9cio Terror Filho","twitter_card":"summary_large_image","twitter_creator":"@EstratConcursos","twitter_site":"@EstratConcursos","twitter_misc":{"Escrito por":"D\u00e9cio Terror Filho","Est. tempo de leitura":"1 minuto"},"schema":{"@context":"https:\/\/schema.org","@graph":[{"@type":"NewsArticle","@id":"https:\/\/www.estrategiaconcursos.com.br\/blog\/anunciada-a-data-de-publicacao-do-edital-do-concurso-pm-pr-2020\/#article","isPartOf":{"@id":"https:\/\/www.estrategiaconcursos.com.br\/blog\/anunciada-a-data-de-publicacao-do-edital-do-concurso-pm-pr-2020\/"},"author":{"name":"D\u00e9cio Terror Filho","@id":"https:\/\/www.estrategiaconcursos.com.br\/blog\/#\/schema\/person\/e8165364027a31208914fc77c3314727"},"headline":"Anunciada a data de publica\u00e7\u00e3o do EDITAL do concurso PM PR 2020","datePublished":"2020-02-20T16:31:56+00:00","dateModified":"2020-10-10T14:49:29+00:00","mainEntityOfPage":{"@id":"https:\/\/www.estrategiaconcursos.com.br\/blog\/anunciada-a-data-de-publicacao-do-edital-do-concurso-pm-pr-2020\/"},"wordCount":215,"commentCount":0,"publisher":{"@id":"https:\/\/www.estrategiaconcursos.com.br\/blog\/#organization"},"articleSection":["Concursos P\u00fablicos"],"inLanguage":"pt-BR","potentialAction":[{"@type":"CommentAction","name":"Comment","target":["https:\/\/www.estrategiaconcursos.com.br\/blog\/anunciada-a-data-de-publicacao-do-edital-do-concurso-pm-pr-2020\/#respond"]}],"copyrightYear":"2020","copyrightHolder":{"@id":"https:\/\/www.estrategiaconcursos.com.br\/blog\/#organization"}},{"@type":"WebPage","@id":"https:\/\/www.estrategiaconcursos.com.br\/blog\/anunciada-a-data-de-publicacao-do-edital-do-concurso-pm-pr-2020\/","url":"https:\/\/www.estrategiaconcursos.com.br\/blog\/anunciada-a-data-de-publicacao-do-edital-do-concurso-pm-pr-2020\/","name":"Anunciada a data de publica\u00e7\u00e3o do EDITAL do concurso PM PR 2020","isPartOf":{"@id":"https:\/\/www.estrategiaconcursos.com.br\/blog\/#website"},"datePublished":"2020-02-20T16:31:56+00:00","dateModified":"2020-10-10T14:49:29+00:00","description":"O lan\u00e7amento do edital do pr\u00f3ximo concurso PM PR j\u00e1 tem data prevista. 2.400 vagas para o cargo de Soldado ser\u00e3o ofertadas. Confira!","breadcrumb":{"@id":"https:\/\/www.estrategiaconcursos.com.br\/blog\/anunciada-a-data-de-publicacao-do-edital-do-concurso-pm-pr-2020\/#breadcrumb"},"inLanguage":"pt-BR","potentialAction":[{"@type":"ReadAction","target":["https:\/\/www.estrategiaconcursos.com.br\/blog\/anunciada-a-data-de-publicacao-do-edital-do-concurso-pm-pr-2020\/"]}]},{"@type":"BreadcrumbList","@id":"https:\/\/www.estrategiaconcursos.com.br\/blog\/anunciada-a-data-de-publicacao-do-edital-do-concurso-pm-pr-2020\/#breadcrumb","itemListElement":[{"@type":"ListItem","position":1,"name":"In\u00edcio","item":"https:\/\/www.estrategiaconcursos.com.br\/blog\/"},{"@type":"ListItem","position":2,"name":"Anunciada a data de publica\u00e7\u00e3o do EDITAL do concurso PM PR 2020"}]},{"@type":"WebSite","@id":"https:\/\/www.estrategiaconcursos.com.br\/blog\/#website","url":"https:\/\/www.estrategiaconcursos.com.br\/blog\/","name":"Estrat\u00e9gia Concursos","description":"O blog da Estrat\u00e9gia Concursos traz not\u00edcias sobre concursos e artigos de professores oferecendo cursos para concursos (pdf + videaulas) no site.","publisher":{"@id":"https:\/\/www.estrategiaconcursos.com.br\/blog\/#organization"},"potentialAction":[{"@type":"SearchAction","target":{"@type":"EntryPoint","urlTemplate":"https:\/\/www.estrategiaconcursos.com.br\/blog\/?s={search_term_string}"},"query-input":{"@type":"PropertyValueSpecification","valueRequired":true,"valueName":"search_term_string"}}],"inLanguage":"pt-BR"},{"@type":"Organization","@id":"https:\/\/www.estrategiaconcursos.com.br\/blog\/#organization","name":"Estrat\u00e9gia Concursos","url":"https:\/\/www.estrategiaconcursos.com.br\/blog\/","logo":{"@type":"ImageObject","inLanguage":"pt-BR","@id":"https:\/\/www.estrategiaconcursos.com.br\/blog\/#\/schema\/logo\/image\/","url":"https:\/\/dhg1h5j42swfq.cloudfront.net\/2025\/06\/03203428\/logo_concursos-1.jpg","contentUrl":"https:\/\/dhg1h5j42swfq.cloudfront.net\/2025\/06\/03203428\/logo_concursos-1.jpg","width":230,"height":60,"caption":"Estrat\u00e9gia Concursos"},"image":{"@id":"https:\/\/www.estrategiaconcursos.com.br\/blog\/#\/schema\/logo\/image\/"},"sameAs":["https:\/\/x.com\/EstratConcursos"]},{"@type":"Person","@id":"https:\/\/www.estrategiaconcursos.com.br\/blog\/#\/schema\/person\/e8165364027a31208914fc77c3314727","name":"D\u00e9cio Terror Filho","image":{"@type":"ImageObject","inLanguage":"pt-BR","@id":"https:\/\/secure.gravatar.com\/avatar\/a5b78e734de7c6482e965926e78344deb81abbc34282a3c9536cbb1a59728a37?s=96&d=mm&r=g","url":"https:\/\/secure.gravatar.com\/avatar\/a5b78e734de7c6482e965926e78344deb81abbc34282a3c9536cbb1a59728a37?s=96&d=mm&r=g","contentUrl":"https:\/\/secure.gravatar.com\/avatar\/a5b78e734de7c6482e965926e78344deb81abbc34282a3c9536cbb1a59728a37?s=96&d=mm&r=g","caption":"D\u00e9cio Terror Filho"},"url":"https:\/\/www.estrategiaconcursos.com.br\/blog\/author\/contatoterrorportugues-com-br\/"}]}},"_links":{"self":[{"href":"https:\/\/www.estrategiaconcursos.com.br\/blog\/wp-json\/wp\/v2\/posts\/484369","targetHints":{"allow":["GET"]}}],"collection":[{"href":"https:\/\/www.estrategiaconcursos.com.br\/blog\/wp-json\/wp\/v2\/posts"}],"about":[{"href":"https:\/\/www.estrategiaconcursos.com.br\/blog\/wp-json\/wp\/v2\/types\/post"}],"author":[{"embeddable":true,"href":"https:\/\/www.estrategiaconcursos.com.br\/blog\/wp-json\/wp\/v2\/users\/214"}],"replies":[{"embeddable":true,"href":"https:\/\/www.estrategiaconcursos.com.br\/blog\/wp-json\/wp\/v2\/comments?post=484369"}],"version-history":[{"count":2,"href":"https:\/\/www.estrategiaconcursos.com.br\/blog\/wp-json\/wp\/v2\/posts\/484369\/revisions"}],"predecessor-version":[{"id":586644,"href":"https:\/\/www.estrategiaconcursos.com.br\/blog\/wp-json\/wp\/v2\/posts\/484369\/revisions\/586644"}],"wp:attachment":[{"href":"https:\/\/www.estrategiaconcursos.com.br\/blog\/wp-json\/wp\/v2\/media?parent=484369"}],"wp:term":[{"taxonomy":"category","embeddable":true,"href":"https:\/\/www.estrategiaconcursos.com.br\/blog\/wp-json\/wp\/v2\/categories?post=484369"},{"taxonomy":"post_tag","embeddable":true,"href":"https:\/\/www.estrategiaconcursos.com.br\/blog\/wp-json\/wp\/v2\/tags?post=484369"},{"taxonomy":"tax_estado","embeddable":true,"href":"https:\/\/www.estrategiaconcursos.com.br\/blog\/wp-json\/wp\/v2\/tax_estado?post=484369"}],"curies":[{"name":"wp","href":"https:\/\/api.w.org\/{rel}","templated":true}]}}