{"id":484364,"date":"2020-02-26T03:00:00","date_gmt":"2020-02-26T06:00:00","guid":{"rendered":"https:\/\/www.estrategiaconcursos.com.br\/blog\/?p=484364"},"modified":"2023-06-23T09:34:16","modified_gmt":"2023-06-23T12:34:16","slug":"edital-concurso-ipasg","status":"publish","type":"post","link":"https:\/\/www.estrategiaconcursos.com.br\/blog\/edital-concurso-ipasg\/","title":{"rendered":"Edital IPASG: inscri\u00e7\u00f5es encerradas para 11 vagas + CR!"},"content":{"rendered":"\n<p>Est\u00e3o encerradas as inscri\u00e7\u00f5es do concurso p\u00fablico do <strong>Instituto de Previd\u00eancia e Assist\u00eancia dos Servidores Municipais de S\u00e3o Gon\u00e7alo<\/strong>, Estado do Rio de Janeiro. S\u00e3o ofertadas 11 vagas imediatas mais forma\u00e7\u00e3o de cadastro reserva, distribu\u00eddas entre cargos de n\u00edvel m\u00e9dio e superior.<\/p>\n\n\n\n<p>Os interessados em participar da sele\u00e7\u00e3o puderam realizar as inscri\u00e7\u00f5es no per\u00edodo de 26 de fevereiro a 02 de abril, no site da banca organizadora, o <strong>Instituto Consulplan<\/strong>. <\/p>\n\n\n\n<p>As provas, previstas para serem realizadas no dia 03 de maio foram adiadas. A medida se deu por conta do avan\u00e7o do novo Coronav\u00edrus no pa\u00eds e seguindo as recomenda\u00e7\u00e3o das autoridades em sa\u00fade, para evitar aglomera\u00e7\u00f5es. Sendo assim, ainda n\u00e3o h\u00e1 uma data para retomada do certame.<\/p>\n\n\n\n<h2 class=\"wp-block-heading\" id=\"datas\">Principais datas<\/h2>\n\n\n\n<p class=\"has-very-light-gray-background-color has-background\"><strong>Inscri\u00e7\u00f5es<\/strong>: <s>26 de fevereiro a 02 de abril<\/s><br \/><strong>Isen\u00e7\u00e3o da taxa<\/strong>: <s>26 a 28 de fevereiro<\/s><br \/><strong>\u00daltimo dia para pagamento<\/strong>: 03 de abril<br \/><strong>Provas<\/strong>: <s>03 de maio<\/s> SUSPENSAS<\/p>\n\n\n\n<h2 class=\"wp-block-heading\">Cargos e vagas do concurso IPASG<\/h2>\n\n\n\n<figure class=\"wp-block-table is-style-stripes\"><table class=\"has-background has-fixed-layout\" style=\"background-color:#e7f5fe\"><tbody><tr><td><strong>Cargo<\/strong><\/td><td><strong>Vagas<\/strong><\/td><td><strong>Escolaridade<\/strong><\/td><td><strong>Sal\u00e1rio<\/strong><\/td><\/tr><tr><td> Atu\u00e1rio&nbsp; <\/td><td> 01+CR <\/td><td> N\u00edvel superior em Ci\u00eancias Atuarias + registro profissional <\/td><td> R$ 1.996,49 <\/td><\/tr><tr><td> Gestor Previdenci\u00e1rio <\/td><td> 04+CR <\/td><td> Ensino Superior Completo <\/td><td> R$ 1.996,49 <\/td><\/tr><tr><td> Psic\u00f3logo <\/td><td> 01+CR <\/td><td> N\u00edvel superior em Psicologia + registro profissional <\/td><td> R$ 1.996,49 <\/td><\/tr><tr><td> T\u00e9cnico Previdenci\u00e1rio <\/td><td> 05+CR <\/td><td> N\u00edvel m\u00e9dio <\/td><td> R$ 1.167,31 <\/td><\/tr><\/tbody><\/table><\/figure>\n\n\n\n<h2 class=\"wp-block-heading\" id=\"etapas-provas\">Prova Objetiva<\/h2>\n\n\n\n<p>Os candidatos ser\u00e3o avaliados por meio de&nbsp;<strong>Prova Objetiva<\/strong>. Com dura\u00e7\u00e3o de 04 horas, sua aplica\u00e7\u00e3o est\u00e1 prevista para acontecer em 03 de maio, nos munic\u00edpios de S\u00e3o Gon\u00e7alo\/RJ e Niter\u00f3i\/RJ, em dois per\u00edodos:<\/p>\n\n\n\n<p class=\"has-very-light-gray-background-color has-background\"><strong>Manh\u00e3 \u2013 08h<\/strong>: T\u00e9cnico Previdenci\u00e1rio<br \/><strong>Tarde \u2013 14h30<\/strong>: Atu\u00e1rio, Gestor Previdenci\u00e1rio e Psic\u00f3logo<\/p>\n\n\n\n<p>De car\u00e1ter eliminat\u00f3rio e classificat\u00f3rio, a avaliza\u00e7\u00e3o ter\u00e1 valor total de 70 pontos, distribu\u00eddas em 45 quest\u00f5es de m\u00faltipla escolha, com quatro op\u00e7\u00f5es (A a D) e uma \u00fanica resposta correta. <\/p>\n\n\n\n<p>Ser\u00e1 considerado aprovado o candidato que obtiver, no m\u00ednimo, 50% de aproveitamento dos pontos.<\/p>\n\n\n\n<ul class=\"wp-block-list\">\n<li><strong>T\u00e9cnico Previdenci\u00e1rio e Gestor Previdenci\u00e1rio:<\/strong>\n<ul class=\"wp-block-list\">\n<li>L\u00edngua Portuguesa \u2013 10 quest\u00f5es (peso 1,0)<\/li>\n\n\n\n<li>Racioc\u00ednio L\u00f3gico e Conhecimentos gerais \u2013 10 quest\u00f5es (peso 1,0)<\/li>\n\n\n\n<li>No\u00e7\u00f5es de Direito Constitucional \u2013 05 quest\u00f5es (peso 2,0)<\/li>\n\n\n\n<li>No\u00e7\u00f5es de Direito Administrativo \u2013 10 quest\u00f5es (peso 2,0)<\/li>\n\n\n\n<li>No\u00e7\u00f5es de Direito Previdenci\u00e1rio \u2013 10 quest\u00f5es (peso 2,0)<\/li>\n<\/ul>\n<\/li>\n<\/ul>\n\n\n\n<ul class=\"wp-block-list\">\n<li><strong>Atu\u00e1rio e Psic\u00f3logo:<\/strong>\n<ul class=\"wp-block-list\">\n<li>L\u00edngua Portuguesa \u2013 10 quest\u00f5es (peso 1,0)<\/li>\n\n\n\n<li>Racioc\u00ednio L\u00f3gico e Conhecimentos gerais \u2013 10 quest\u00f5es (peso 1,0)<\/li>\n\n\n\n<li>No\u00e7\u00f5es de Direito \u2013 05 quest\u00f5es (peso 2,0)<\/li>\n\n\n\n<li>Legisla\u00e7\u00e3o \u2013 05 quest\u00f5es (peso 2,0)<\/li>\n\n\n\n<li>Conhecimentos do cargo \u2013 15 quest\u00f5es (peso 2,0)<\/li>\n<\/ul>\n<\/li>\n<\/ul>\n\n\n\n<p class=\"has-text-align-center has-very-light-gray-background-color has-background\" style=\"font-size:clamp(14.642px, 0.915rem + ((1vw - 3.2px) * 0.721), 22px);px\"><strong>Saiba mais: <a rel=\"noreferrer noopener\" aria-label=\"Concurso IPASG (abre numa nova aba)\" href=\"https:\/\/www.estrategiaconcursos.com.br\/blog\/concurso-ipasg\/\" target=\"_blank\">Concurso IPASG<\/a><\/strong><\/p>\n\n\n\n<hr class=\"wp-block-separator has-css-opacity\"\/>\n\n\n\n<h2 class=\"wp-block-heading has-text-align-center\" id=\"cursos-assinatura\">Quer estudar para o concurso IPASG?<\/h2>\n\n\n\n<p class=\"has-text-align-center\"><em>Gostou desta oportunidade e deseja come\u00e7ar se preparar agora mesmo? Ent\u00e3o, confira os nossos cursos e comece a estudar:<\/em><\/p>\n\n\n\n<p class=\"has-text-align-center has-light-green-cyan-background-color has-background\" style=\"font-size:clamp(14.642px, 0.915rem + ((1vw - 3.2px) * 0.721), 22px);px\"><strong><a href=\"https:\/\/www.estrategiaconcursos.com.br\/cursosPorConcurso\/promocao-pacotes-para-ipasg-rj\/\" target=\"_blank\" rel=\"noreferrer noopener\" aria-label=\"CURSO IPASG (abre numa nova aba)\">CURSO IPASG<\/a><\/strong><\/p>\n\n\n\n<p class=\"has-text-align-center has-medium-font-size\"><em><strong>Assinatura Anual Ilimitada*<\/strong><\/em><\/p>\n\n\n\n<p class=\"has-text-align-center\"><em>Prepare-se com o melhor material e com quem mais aprova em Concursos P\u00fablicos em todo o pa\u00eds. Assine agora a nossa Assinatura Anual e tenha acesso ilimitado* a todos os nossos cursos.<\/em><\/p>\n\n\n\n<p class=\"has-text-align-center has-luminous-vivid-amber-background-color has-background\" style=\"font-size:clamp(14.642px, 0.915rem + ((1vw - 3.2px) * 0.721), 22px);px\"><strong>ASSINE AGORA<\/strong>&nbsp;\u2013&nbsp;<strong><a rel=\"noreferrer noopener\" href=\"https:\/\/www.estrategiaconcursos.com.br\/assinaturas\" target=\"_blank\">Assinatura Ilimitada<\/a><\/strong><\/p>\n\n\n\n<p class=\"has-text-align-center has-medium-font-size\"><strong><em>Fique por dentro de todos os concursos<\/em><\/strong><\/p>\n\n\n\n<p class=\"has-text-align-center has-pale-cyan-blue-background-color has-background\" style=\"font-size:clamp(14.642px, 0.915rem + ((1vw - 3.2px) * 0.721), 22px);px\"><a href=\"https:\/\/www.estrategiaconcursos.com.br\/blog\/concursos-abertos\/\" target=\"_blank\" rel=\"noreferrer noopener\"><strong>CONCURSOS ABERTOS<\/strong><\/a><\/p>\n\n\n\n<figure class=\"wp-block-image\"><img loading=\"lazy\" decoding=\"async\" width=\"300\" height=\"102\" src=\"https:\/\/dhg1h5j42swfq.cloudfront.net\/2017\/03\/28152500\/coruja-ficha-tecnica-300x102.png\" alt=\"Ficha t\u00e9cnica do concurso IPASG\" class=\"wp-image-68542\"\/><\/figure>\n\n\n\n<h3 class=\"wp-block-heading\" id=\"ficha\"><strong>Informa\u00e7\u00f5es sobre o c<\/strong>oncurso IPASG<\/h3>\n\n\n\n<p>\u25ba<strong>Prova<\/strong>: SUSPENSAS<br \/>\u25ba<strong>Vagas<\/strong>: 11 + CR<br \/>\u25ba<strong>Cargos<\/strong>: Atu\u00e1rio, Psic\u00f3logo, Gestor e T\u00e9cnico Previdenci\u00e1rio<br \/>\u25ba<strong>Banca<\/strong>: Instituto Consulplan<br \/>\u25ba<strong>Escolaridade<\/strong>: N\u00edvel m\u00e9dio e superior<br \/>\u25ba<strong>Edital<\/strong>:&nbsp;<a rel=\"noreferrer noopener\" href=\"https:\/\/dhg1h5j42swfq.cloudfront.net\/2020\/02\/20125256\/ipasg.pdf\" target=\"_blank\">Edital IPASG<\/a><\/p>\n\n\n\n<p><em>Ascom Estrat\u00e9gia<\/em><br \/>ascomestrategia@gmail.com<\/p>\n","protected":false},"excerpt":{"rendered":"<p>Est\u00e3o encerradas as inscri\u00e7\u00f5es do concurso p\u00fablico do Instituto de Previd\u00eancia e Assist\u00eancia dos Servidores Municipais de S\u00e3o Gon\u00e7alo, Estado do Rio de Janeiro. S\u00e3o ofertadas 11 vagas imediatas mais forma\u00e7\u00e3o de cadastro reserva, distribu\u00eddas entre cargos de n\u00edvel m\u00e9dio e superior. Os interessados em participar da sele\u00e7\u00e3o puderam realizar as inscri\u00e7\u00f5es no per\u00edodo de [&hellip;]<\/p>\n","protected":false},"author":463,"featured_media":444275,"comment_status":"open","ping_status":"closed","sticky":false,"template":"","format":"standard","meta":{"post_tipo":"article","footnotes":""},"categories":[1],"tags":[],"tax_estado":[],"class_list":["post-484364","post","type-post","status-publish","format-standard","has-post-thumbnail","hentry","category-cursos-e-concursos"],"acf":[],"yoast_head":"<!-- This site is optimized with the Yoast SEO Premium plugin v27.2 (Yoast SEO v27.2) - https:\/\/yoast.com\/product\/yoast-seo-premium-wordpress\/ -->\n<title>Edital IPASG: inscri\u00e7\u00f5es encerradas para 11 vagas + CR!<\/title>\n<meta name=\"description\" content=\"Edital IPASG - RJ: inscri\u00e7\u00f5es do certame para 11 vagas + CR est\u00e3o encerradas. Provas foram suspensas por conta da COVID-19.\" \/>\n<meta name=\"robots\" content=\"index, follow, max-snippet:-1, max-image-preview:large, max-video-preview:-1\" \/>\n<link rel=\"canonical\" href=\"https:\/\/www.estrategiaconcursos.com.br\/blog\/edital-concurso-ipasg\/\" \/>\n<meta property=\"og:locale\" content=\"pt_BR\" \/>\n<meta property=\"og:type\" content=\"article\" \/>\n<meta property=\"og:title\" content=\"Edital IPASG: inscri\u00e7\u00f5es encerradas para 11 vagas + CR!\" \/>\n<meta property=\"og:description\" content=\"Edital IPASG - RJ: inscri\u00e7\u00f5es do certame para 11 vagas + CR est\u00e3o encerradas. Provas foram suspensas por conta da COVID-19.\" \/>\n<meta property=\"og:url\" content=\"https:\/\/www.estrategiaconcursos.com.br\/blog\/edital-concurso-ipasg\/\" \/>\n<meta property=\"og:site_name\" content=\"Estrat\u00e9gia Concursos\" \/>\n<meta property=\"article:published_time\" content=\"2020-02-26T06:00:00+00:00\" \/>\n<meta property=\"article:modified_time\" content=\"2023-06-23T12:34:16+00:00\" \/>\n<meta property=\"og:image\" content=\"https:\/\/dhg1h5j42swfq.cloudfront.net\/2019\/11\/05113847\/Saiu-Edital-6.png\" \/>\n\t<meta property=\"og:image:width\" content=\"1200\" \/>\n\t<meta property=\"og:image:height\" content=\"628\" \/>\n\t<meta property=\"og:image:type\" content=\"image\/png\" \/>\n<meta name=\"author\" content=\"Wagner Damazio\" \/>\n<meta name=\"twitter:card\" content=\"summary_large_image\" \/>\n<meta name=\"twitter:creator\" content=\"@EstratConcursos\" \/>\n<meta name=\"twitter:site\" content=\"@EstratConcursos\" \/>\n<meta name=\"twitter:label1\" content=\"Escrito por\" \/>\n\t<meta name=\"twitter:data1\" content=\"Wagner Damazio\" \/>\n\t<meta name=\"twitter:label2\" content=\"Est. tempo de leitura\" \/>\n\t<meta name=\"twitter:data2\" content=\"3 minutos\" \/>\n<script type=\"application\/ld+json\" class=\"yoast-schema-graph\">{\"@context\":\"https:\/\/schema.org\",\"@graph\":[{\"@type\":\"NewsArticle\",\"@id\":\"https:\/\/www.estrategiaconcursos.com.br\/blog\/edital-concurso-ipasg\/#article\",\"isPartOf\":{\"@id\":\"https:\/\/www.estrategiaconcursos.com.br\/blog\/edital-concurso-ipasg\/\"},\"author\":{\"name\":\"Wagner Damazio\",\"@id\":\"https:\/\/www.estrategiaconcursos.com.br\/blog\/#\/schema\/person\/f5b81e04c4522e78c0d896ba290e4cb0\"},\"headline\":\"Edital IPASG: inscri\u00e7\u00f5es encerradas para 11 vagas + CR!\",\"datePublished\":\"2020-02-26T06:00:00+00:00\",\"dateModified\":\"2023-06-23T12:34:16+00:00\",\"mainEntityOfPage\":{\"@id\":\"https:\/\/www.estrategiaconcursos.com.br\/blog\/edital-concurso-ipasg\/\"},\"wordCount\":550,\"commentCount\":0,\"publisher\":{\"@id\":\"https:\/\/www.estrategiaconcursos.com.br\/blog\/#organization\"},\"image\":{\"@id\":\"https:\/\/www.estrategiaconcursos.com.br\/blog\/edital-concurso-ipasg\/#primaryimage\"},\"thumbnailUrl\":\"https:\/\/dhg1h5j42swfq.cloudfront.net\/2019\/11\/05113847\/Saiu-Edital-6.png\",\"articleSection\":[\"Concursos P\u00fablicos\"],\"inLanguage\":\"pt-BR\",\"potentialAction\":[{\"@type\":\"CommentAction\",\"name\":\"Comment\",\"target\":[\"https:\/\/www.estrategiaconcursos.com.br\/blog\/edital-concurso-ipasg\/#respond\"]}],\"copyrightYear\":\"2020\",\"copyrightHolder\":{\"@id\":\"https:\/\/www.estrategiaconcursos.com.br\/blog\/#organization\"}},{\"@type\":\"WebPage\",\"@id\":\"https:\/\/www.estrategiaconcursos.com.br\/blog\/edital-concurso-ipasg\/\",\"url\":\"https:\/\/www.estrategiaconcursos.com.br\/blog\/edital-concurso-ipasg\/\",\"name\":\"Edital IPASG: inscri\u00e7\u00f5es encerradas para 11 vagas + CR!\",\"isPartOf\":{\"@id\":\"https:\/\/www.estrategiaconcursos.com.br\/blog\/#website\"},\"primaryImageOfPage\":{\"@id\":\"https:\/\/www.estrategiaconcursos.com.br\/blog\/edital-concurso-ipasg\/#primaryimage\"},\"image\":{\"@id\":\"https:\/\/www.estrategiaconcursos.com.br\/blog\/edital-concurso-ipasg\/#primaryimage\"},\"thumbnailUrl\":\"https:\/\/dhg1h5j42swfq.cloudfront.net\/2019\/11\/05113847\/Saiu-Edital-6.png\",\"datePublished\":\"2020-02-26T06:00:00+00:00\",\"dateModified\":\"2023-06-23T12:34:16+00:00\",\"description\":\"Edital IPASG - RJ: inscri\u00e7\u00f5es do certame para 11 vagas + CR est\u00e3o encerradas. Provas foram suspensas por conta da COVID-19.\",\"breadcrumb\":{\"@id\":\"https:\/\/www.estrategiaconcursos.com.br\/blog\/edital-concurso-ipasg\/#breadcrumb\"},\"inLanguage\":\"pt-BR\",\"potentialAction\":[{\"@type\":\"ReadAction\",\"target\":[\"https:\/\/www.estrategiaconcursos.com.br\/blog\/edital-concurso-ipasg\/\"]}]},{\"@type\":\"ImageObject\",\"inLanguage\":\"pt-BR\",\"@id\":\"https:\/\/www.estrategiaconcursos.com.br\/blog\/edital-concurso-ipasg\/#primaryimage\",\"url\":\"https:\/\/dhg1h5j42swfq.cloudfront.net\/2019\/11\/05113847\/Saiu-Edital-6.png\",\"contentUrl\":\"https:\/\/dhg1h5j42swfq.cloudfront.net\/2019\/11\/05113847\/Saiu-Edital-6.png\",\"width\":1200,\"height\":628,\"caption\":\"Concurso CRBM 14\"},{\"@type\":\"BreadcrumbList\",\"@id\":\"https:\/\/www.estrategiaconcursos.com.br\/blog\/edital-concurso-ipasg\/#breadcrumb\",\"itemListElement\":[{\"@type\":\"ListItem\",\"position\":1,\"name\":\"In\u00edcio\",\"item\":\"https:\/\/www.estrategiaconcursos.com.br\/blog\/\"},{\"@type\":\"ListItem\",\"position\":2,\"name\":\"Edital IPASG: inscri\u00e7\u00f5es encerradas para 11 vagas + CR!\"}]},{\"@type\":\"WebSite\",\"@id\":\"https:\/\/www.estrategiaconcursos.com.br\/blog\/#website\",\"url\":\"https:\/\/www.estrategiaconcursos.com.br\/blog\/\",\"name\":\"Estrat\u00e9gia Concursos\",\"description\":\"O blog da Estrat\u00e9gia Concursos traz not\u00edcias sobre concursos e artigos de professores oferecendo cursos para concursos (pdf + videaulas) no site.\",\"publisher\":{\"@id\":\"https:\/\/www.estrategiaconcursos.com.br\/blog\/#organization\"},\"potentialAction\":[{\"@type\":\"SearchAction\",\"target\":{\"@type\":\"EntryPoint\",\"urlTemplate\":\"https:\/\/www.estrategiaconcursos.com.br\/blog\/?s={search_term_string}\"},\"query-input\":{\"@type\":\"PropertyValueSpecification\",\"valueRequired\":true,\"valueName\":\"search_term_string\"}}],\"inLanguage\":\"pt-BR\"},{\"@type\":\"Organization\",\"@id\":\"https:\/\/www.estrategiaconcursos.com.br\/blog\/#organization\",\"name\":\"Estrat\u00e9gia Concursos\",\"url\":\"https:\/\/www.estrategiaconcursos.com.br\/blog\/\",\"logo\":{\"@type\":\"ImageObject\",\"inLanguage\":\"pt-BR\",\"@id\":\"https:\/\/www.estrategiaconcursos.com.br\/blog\/#\/schema\/logo\/image\/\",\"url\":\"https:\/\/dhg1h5j42swfq.cloudfront.net\/2025\/06\/03203428\/logo_concursos-1.jpg\",\"contentUrl\":\"https:\/\/dhg1h5j42swfq.cloudfront.net\/2025\/06\/03203428\/logo_concursos-1.jpg\",\"width\":230,\"height\":60,\"caption\":\"Estrat\u00e9gia Concursos\"},\"image\":{\"@id\":\"https:\/\/www.estrategiaconcursos.com.br\/blog\/#\/schema\/logo\/image\/\"},\"sameAs\":[\"https:\/\/x.com\/EstratConcursos\"]},{\"@type\":\"Person\",\"@id\":\"https:\/\/www.estrategiaconcursos.com.br\/blog\/#\/schema\/person\/f5b81e04c4522e78c0d896ba290e4cb0\",\"name\":\"Wagner Damazio\",\"image\":{\"@type\":\"ImageObject\",\"inLanguage\":\"pt-BR\",\"@id\":\"https:\/\/secure.gravatar.com\/avatar\/5841b494cf624bcdfca728a4708ad21f8dd8e34657a98b9970e6136e633ae15a?s=96&d=mm&r=g\",\"url\":\"https:\/\/secure.gravatar.com\/avatar\/5841b494cf624bcdfca728a4708ad21f8dd8e34657a98b9970e6136e633ae15a?s=96&d=mm&r=g\",\"contentUrl\":\"https:\/\/secure.gravatar.com\/avatar\/5841b494cf624bcdfca728a4708ad21f8dd8e34657a98b9970e6136e633ae15a?s=96&d=mm&r=g\",\"caption\":\"Wagner Damazio\"},\"url\":\"https:\/\/www.estrategiaconcursos.com.br\/blog\/author\/wagnermatematicoyahoo-com-br\/\"}]}<\/script>\n<!-- \/ Yoast SEO Premium plugin. -->","yoast_head_json":{"title":"Edital IPASG: inscri\u00e7\u00f5es encerradas para 11 vagas + CR!","description":"Edital IPASG - RJ: inscri\u00e7\u00f5es do certame para 11 vagas + CR est\u00e3o encerradas. Provas foram suspensas por conta da COVID-19.","robots":{"index":"index","follow":"follow","max-snippet":"max-snippet:-1","max-image-preview":"max-image-preview:large","max-video-preview":"max-video-preview:-1"},"canonical":"https:\/\/www.estrategiaconcursos.com.br\/blog\/edital-concurso-ipasg\/","og_locale":"pt_BR","og_type":"article","og_title":"Edital IPASG: inscri\u00e7\u00f5es encerradas para 11 vagas + CR!","og_description":"Edital IPASG - RJ: inscri\u00e7\u00f5es do certame para 11 vagas + CR est\u00e3o encerradas. Provas foram suspensas por conta da COVID-19.","og_url":"https:\/\/www.estrategiaconcursos.com.br\/blog\/edital-concurso-ipasg\/","og_site_name":"Estrat\u00e9gia Concursos","article_published_time":"2020-02-26T06:00:00+00:00","article_modified_time":"2023-06-23T12:34:16+00:00","og_image":[{"width":1200,"height":628,"url":"https:\/\/dhg1h5j42swfq.cloudfront.net\/2019\/11\/05113847\/Saiu-Edital-6.png","type":"image\/png"}],"author":"Wagner Damazio","twitter_card":"summary_large_image","twitter_creator":"@EstratConcursos","twitter_site":"@EstratConcursos","twitter_misc":{"Escrito por":"Wagner Damazio","Est. tempo de leitura":"3 minutos"},"schema":{"@context":"https:\/\/schema.org","@graph":[{"@type":"NewsArticle","@id":"https:\/\/www.estrategiaconcursos.com.br\/blog\/edital-concurso-ipasg\/#article","isPartOf":{"@id":"https:\/\/www.estrategiaconcursos.com.br\/blog\/edital-concurso-ipasg\/"},"author":{"name":"Wagner Damazio","@id":"https:\/\/www.estrategiaconcursos.com.br\/blog\/#\/schema\/person\/f5b81e04c4522e78c0d896ba290e4cb0"},"headline":"Edital IPASG: inscri\u00e7\u00f5es encerradas para 11 vagas + CR!","datePublished":"2020-02-26T06:00:00+00:00","dateModified":"2023-06-23T12:34:16+00:00","mainEntityOfPage":{"@id":"https:\/\/www.estrategiaconcursos.com.br\/blog\/edital-concurso-ipasg\/"},"wordCount":550,"commentCount":0,"publisher":{"@id":"https:\/\/www.estrategiaconcursos.com.br\/blog\/#organization"},"image":{"@id":"https:\/\/www.estrategiaconcursos.com.br\/blog\/edital-concurso-ipasg\/#primaryimage"},"thumbnailUrl":"https:\/\/dhg1h5j42swfq.cloudfront.net\/2019\/11\/05113847\/Saiu-Edital-6.png","articleSection":["Concursos P\u00fablicos"],"inLanguage":"pt-BR","potentialAction":[{"@type":"CommentAction","name":"Comment","target":["https:\/\/www.estrategiaconcursos.com.br\/blog\/edital-concurso-ipasg\/#respond"]}],"copyrightYear":"2020","copyrightHolder":{"@id":"https:\/\/www.estrategiaconcursos.com.br\/blog\/#organization"}},{"@type":"WebPage","@id":"https:\/\/www.estrategiaconcursos.com.br\/blog\/edital-concurso-ipasg\/","url":"https:\/\/www.estrategiaconcursos.com.br\/blog\/edital-concurso-ipasg\/","name":"Edital IPASG: inscri\u00e7\u00f5es encerradas para 11 vagas + CR!","isPartOf":{"@id":"https:\/\/www.estrategiaconcursos.com.br\/blog\/#website"},"primaryImageOfPage":{"@id":"https:\/\/www.estrategiaconcursos.com.br\/blog\/edital-concurso-ipasg\/#primaryimage"},"image":{"@id":"https:\/\/www.estrategiaconcursos.com.br\/blog\/edital-concurso-ipasg\/#primaryimage"},"thumbnailUrl":"https:\/\/dhg1h5j42swfq.cloudfront.net\/2019\/11\/05113847\/Saiu-Edital-6.png","datePublished":"2020-02-26T06:00:00+00:00","dateModified":"2023-06-23T12:34:16+00:00","description":"Edital IPASG - RJ: inscri\u00e7\u00f5es do certame para 11 vagas + CR est\u00e3o encerradas. Provas foram suspensas por conta da COVID-19.","breadcrumb":{"@id":"https:\/\/www.estrategiaconcursos.com.br\/blog\/edital-concurso-ipasg\/#breadcrumb"},"inLanguage":"pt-BR","potentialAction":[{"@type":"ReadAction","target":["https:\/\/www.estrategiaconcursos.com.br\/blog\/edital-concurso-ipasg\/"]}]},{"@type":"ImageObject","inLanguage":"pt-BR","@id":"https:\/\/www.estrategiaconcursos.com.br\/blog\/edital-concurso-ipasg\/#primaryimage","url":"https:\/\/dhg1h5j42swfq.cloudfront.net\/2019\/11\/05113847\/Saiu-Edital-6.png","contentUrl":"https:\/\/dhg1h5j42swfq.cloudfront.net\/2019\/11\/05113847\/Saiu-Edital-6.png","width":1200,"height":628,"caption":"Concurso CRBM 14"},{"@type":"BreadcrumbList","@id":"https:\/\/www.estrategiaconcursos.com.br\/blog\/edital-concurso-ipasg\/#breadcrumb","itemListElement":[{"@type":"ListItem","position":1,"name":"In\u00edcio","item":"https:\/\/www.estrategiaconcursos.com.br\/blog\/"},{"@type":"ListItem","position":2,"name":"Edital IPASG: inscri\u00e7\u00f5es encerradas para 11 vagas + CR!"}]},{"@type":"WebSite","@id":"https:\/\/www.estrategiaconcursos.com.br\/blog\/#website","url":"https:\/\/www.estrategiaconcursos.com.br\/blog\/","name":"Estrat\u00e9gia Concursos","description":"O blog da Estrat\u00e9gia Concursos traz not\u00edcias sobre concursos e artigos de professores oferecendo cursos para concursos (pdf + videaulas) no site.","publisher":{"@id":"https:\/\/www.estrategiaconcursos.com.br\/blog\/#organization"},"potentialAction":[{"@type":"SearchAction","target":{"@type":"EntryPoint","urlTemplate":"https:\/\/www.estrategiaconcursos.com.br\/blog\/?s={search_term_string}"},"query-input":{"@type":"PropertyValueSpecification","valueRequired":true,"valueName":"search_term_string"}}],"inLanguage":"pt-BR"},{"@type":"Organization","@id":"https:\/\/www.estrategiaconcursos.com.br\/blog\/#organization","name":"Estrat\u00e9gia Concursos","url":"https:\/\/www.estrategiaconcursos.com.br\/blog\/","logo":{"@type":"ImageObject","inLanguage":"pt-BR","@id":"https:\/\/www.estrategiaconcursos.com.br\/blog\/#\/schema\/logo\/image\/","url":"https:\/\/dhg1h5j42swfq.cloudfront.net\/2025\/06\/03203428\/logo_concursos-1.jpg","contentUrl":"https:\/\/dhg1h5j42swfq.cloudfront.net\/2025\/06\/03203428\/logo_concursos-1.jpg","width":230,"height":60,"caption":"Estrat\u00e9gia Concursos"},"image":{"@id":"https:\/\/www.estrategiaconcursos.com.br\/blog\/#\/schema\/logo\/image\/"},"sameAs":["https:\/\/x.com\/EstratConcursos"]},{"@type":"Person","@id":"https:\/\/www.estrategiaconcursos.com.br\/blog\/#\/schema\/person\/f5b81e04c4522e78c0d896ba290e4cb0","name":"Wagner Damazio","image":{"@type":"ImageObject","inLanguage":"pt-BR","@id":"https:\/\/secure.gravatar.com\/avatar\/5841b494cf624bcdfca728a4708ad21f8dd8e34657a98b9970e6136e633ae15a?s=96&d=mm&r=g","url":"https:\/\/secure.gravatar.com\/avatar\/5841b494cf624bcdfca728a4708ad21f8dd8e34657a98b9970e6136e633ae15a?s=96&d=mm&r=g","contentUrl":"https:\/\/secure.gravatar.com\/avatar\/5841b494cf624bcdfca728a4708ad21f8dd8e34657a98b9970e6136e633ae15a?s=96&d=mm&r=g","caption":"Wagner Damazio"},"url":"https:\/\/www.estrategiaconcursos.com.br\/blog\/author\/wagnermatematicoyahoo-com-br\/"}]}},"_links":{"self":[{"href":"https:\/\/www.estrategiaconcursos.com.br\/blog\/wp-json\/wp\/v2\/posts\/484364","targetHints":{"allow":["GET"]}}],"collection":[{"href":"https:\/\/www.estrategiaconcursos.com.br\/blog\/wp-json\/wp\/v2\/posts"}],"about":[{"href":"https:\/\/www.estrategiaconcursos.com.br\/blog\/wp-json\/wp\/v2\/types\/post"}],"author":[{"embeddable":true,"href":"https:\/\/www.estrategiaconcursos.com.br\/blog\/wp-json\/wp\/v2\/users\/463"}],"replies":[{"embeddable":true,"href":"https:\/\/www.estrategiaconcursos.com.br\/blog\/wp-json\/wp\/v2\/comments?post=484364"}],"version-history":[{"count":8,"href":"https:\/\/www.estrategiaconcursos.com.br\/blog\/wp-json\/wp\/v2\/posts\/484364\/revisions"}],"predecessor-version":[{"id":1237794,"href":"https:\/\/www.estrategiaconcursos.com.br\/blog\/wp-json\/wp\/v2\/posts\/484364\/revisions\/1237794"}],"wp:featuredmedia":[{"embeddable":true,"href":"https:\/\/www.estrategiaconcursos.com.br\/blog\/wp-json\/wp\/v2\/media\/444275"}],"wp:attachment":[{"href":"https:\/\/www.estrategiaconcursos.com.br\/blog\/wp-json\/wp\/v2\/media?parent=484364"}],"wp:term":[{"taxonomy":"category","embeddable":true,"href":"https:\/\/www.estrategiaconcursos.com.br\/blog\/wp-json\/wp\/v2\/categories?post=484364"},{"taxonomy":"post_tag","embeddable":true,"href":"https:\/\/www.estrategiaconcursos.com.br\/blog\/wp-json\/wp\/v2\/tags?post=484364"},{"taxonomy":"tax_estado","embeddable":true,"href":"https:\/\/www.estrategiaconcursos.com.br\/blog\/wp-json\/wp\/v2\/tax_estado?post=484364"}],"curies":[{"name":"wp","href":"https:\/\/api.w.org\/{rel}","templated":true}]}}