{"id":484221,"date":"2020-02-20T10:01:17","date_gmt":"2020-02-20T13:01:17","guid":{"rendered":"https:\/\/www.estrategiaconcursos.com.br\/blog\/?p=484221"},"modified":"2020-02-21T17:18:39","modified_gmt":"2020-02-21T20:18:39","slug":"concurso-prefeitura-de-sao-goncalo-cargos-vagas","status":"publish","type":"post","link":"https:\/\/www.estrategiaconcursos.com.br\/blog\/concurso-prefeitura-de-sao-goncalo-cargos-vagas\/","title":{"rendered":"Divulgados cargos e vagas do concurso Prefeitura de S\u00e3o Gon\u00e7alo; confira!"},"content":{"rendered":"\n<p>Ap\u00f3s a publica\u00e7\u00e3o do extrato de ratifica\u00e7\u00e3o de Dispensa de Licita\u00e7\u00e3o que definiu o Instituto Nacional de Sele\u00e7\u00f5es e Concursos \u2013&nbsp;<strong>Instituto Selecon<\/strong> como banca organizadora do concurso de S\u00e3o Gon\u00e7alo, Rio de Janeiro, a Prefeitura divulgou os cargos e vagas que ser\u00e3o contemplados no edital.<\/p>\n\n\n\n<p>De acordo com informa\u00e7\u00f5es disponibilizadas em seu site oficial, foram autorizadas <strong>430 vagas imediatas e forma\u00e7\u00e3o de cadastro reserva<\/strong>. As oportunidades ser\u00e3o distribu\u00eddas em tr\u00eas editais para as secretarias de Educa\u00e7\u00e3o, Seguran\u00e7a P\u00fablica e Administrativa. <\/p>\n\n\n\n<p>Poder\u00e3o participar do certame candidatos de todas as escolaridades, pois as vagas abranger\u00e3o os n\u00edveis fundamental, m\u00e9dio, m\u00e9dio\/t\u00e9cnico e superior. Confira abaixo os cargos ofertados:<\/p>\n\n\n\n<figure class=\"wp-block-table is-style-stripes\"><table class=\"has-subtle-pale-blue-background-color has-fixed-layout has-background\"><tbody><tr><td><strong>Educa\u00e7\u00e3o<\/strong><\/td><td><strong>Seguran\u00e7a P\u00fablica<\/strong><\/td><td><strong>Administrativo<\/strong><\/td><\/tr><tr><td> Professor Docente I Ed. Art\u00edstica<\/td><td> Guarda Municipal <\/td><td> Analista de Contabilidade <\/td><\/tr><tr><td> Professor Docente I Matem\u00e1tica<\/td><td><\/td><td> Analista de Engenharia de Seguran\u00e7a do Trabalho <\/td><\/tr><tr><td> Professor Docente I Geografia<\/td><td><\/td><td> Analista de Engenharia de Tr\u00e1fego <\/td><\/tr><tr><td> Professor Docente I Ed. F\u00edsica<\/td><td><\/td><td> Analista de Engenharia de Transportes <\/td><\/tr><tr><td> Professor Docente I Hist\u00f3ria <\/td><td><\/td><td> Analista de Planejamento e Or\u00e7amento <\/td><\/tr><tr><td> Professor Docente I Portugu\u00eas <\/td><td><\/td><td> Analista Processual <\/td><\/tr><tr><td> Professor Docente I Ci\u00eancia <\/td><td><\/td><td> T\u00e9cnico de Apoio Especializado <\/td><\/tr><tr><td> Professor Docente I Franc\u00eas <\/td><td><\/td><td> T\u00e9cnico de Apoio Especializado \/ Seguran\u00e7a do Trabalho <\/td><\/tr><tr><td> Professor Docente I Ingl\u00eas <\/td><td><\/td><td> T\u00e9cnico de Apoio Especializado \/ Tr\u00e2nsito <\/td><\/tr><tr><td> Professor Docente II <\/td><td><\/td><td> M\u00e9dico do Trabalho <\/td><\/tr><tr><td> Professor Docente II Apoio Especializado <\/td><td><\/td><td><\/td><\/tr><tr><td> Cuidador de Aluno Especial <\/td><td><\/td><td><\/td><\/tr><tr><td> Professor Orientador Educacional <\/td><td><\/td><td><\/td><\/tr><tr><td> Professor Orientador Pedag\u00f3gico <\/td><td><\/td><td><\/td><\/tr><tr><td> Professor Supervisor Educacional<\/td><td><\/td><td><\/td><\/tr><tr><td> Nutricionista Escolar <\/td><td><\/td><td><\/td><\/tr><tr><td> Bibliotec\u00e1rio <\/td><td><\/td><td><\/td><\/tr><tr><td> Auxiliar de Creche <\/td><td><\/td><td><\/td><\/tr><tr><td> Inspetor de Alunos <\/td><td><\/td><td><\/td><\/tr><tr><td> Merendeiro <\/td><td><\/td><td><\/td><\/tr><\/tbody><\/table><\/figure>\n\n\n\n<p>Ap\u00f3s a contrata\u00e7\u00e3o do Instituto Selecon ser oficializada, por meio de contrato com a Prefeitura de S\u00e3o Gon\u00e7alo, os editais de abertura poder\u00e3o ser publicados a qualquer momento. Por isso, fique por dentro de todas as novidades em nosso site!<\/p>\n\n\n\n<p style=\"font-size:21px\" class=\"has-background has-text-align-center has-very-light-gray-background-color\"><strong>Saiba mais: <a rel=\"noreferrer noopener\" aria-label=\"Concurso Prefeitura de S\u00e3o Gon\u00e7alo (abre numa nova aba)\" href=\"https:\/\/www.estrategiaconcursos.com.br\/blog\/concurso-prefeitura-de-sao-goncalo\/\" target=\"_blank\">Concurso Prefeitura de S\u00e3o Gon\u00e7alo<\/a><\/strong><\/p>\n\n\n\n<hr class=\"wp-block-separator\"\/>\n\n\n\n<h2 class=\"has-text-align-center wp-block-heading\" id=\"cursos-assinatura\">Quer estudar para o concurso Prefeitura de S\u00e3o Gon\u00e7alo?<\/h2>\n\n\n\n<p class=\"has-text-align-center\"><em>Gostou desta oportunidade e deseja come\u00e7ar se preparar agora mesmo? Ent\u00e3o, confira os nossos cursos e comece a estudar:<\/em><\/p>\n\n\n\n<p style=\"font-size:22px\" class=\"has-background has-text-align-center has-light-green-cyan-background-color\"><strong><a rel=\"noreferrer noopener\" href=\"https:\/\/www.estrategiaconcursos.com.br\/cursos\/concurso\/\" target=\"_blank\">Curso para concurso<\/a><\/strong><\/p>\n\n\n\n<p class=\"has-text-align-center has-medium-font-size\"><em><strong>Assinatura Anual Ilimitada*<\/strong><\/em><\/p>\n\n\n\n<p class=\"has-text-align-center\"><em>Prepare-se com o melhor material e com quem mais aprova em Concursos P\u00fablicos em todo o pa\u00eds. Assine agora a nossa Assinatura Anual e tenha acesso ilimitado* a todos os nossos cursos.<\/em><\/p>\n\n\n\n<p style=\"font-size:22px\" class=\"has-background has-text-align-center has-luminous-vivid-amber-background-color\"><strong>ASSINE AGORA<\/strong>&nbsp;\u2013&nbsp;<strong><a rel=\"noreferrer noopener\" href=\"https:\/\/www.estrategiaconcursos.com.br\/assinaturas\" target=\"_blank\">Assinatura Ilimitada<\/a><\/strong><\/p>\n\n\n\n<p class=\"has-text-align-center has-medium-font-size\"><strong><em>Fique por dentro de todos os concursos<\/em><\/strong><\/p>\n\n\n\n<p style=\"font-size:22px\" class=\"has-background has-text-align-center has-pale-cyan-blue-background-color\"><a rel=\"noreferrer noopener\" href=\"https:\/\/www.estrategiaconcursos.com.br\/blog\/concursos-abertos\/\" target=\"_blank\"><strong>CONCURSOS ABERTOS<\/strong><\/a><\/p>\n\n\n\n<p style=\"font-size:22px\" class=\"has-background has-text-align-center has-pale-cyan-blue-background-color\"><a rel=\"noreferrer noopener\" href=\"https:\/\/www.estrategiaconcursos.com.br\/blog\/concursos-2020\/\" target=\"_blank\"><strong>CONCURSOS&nbsp;2020<\/strong><\/a><\/p>\n","protected":false},"excerpt":{"rendered":"<p>Ap\u00f3s a publica\u00e7\u00e3o do extrato de ratifica\u00e7\u00e3o de Dispensa de Licita\u00e7\u00e3o que definiu o Instituto Nacional de Sele\u00e7\u00f5es e Concursos \u2013&nbsp;Instituto Selecon como banca organizadora do concurso de S\u00e3o Gon\u00e7alo, Rio de Janeiro, a Prefeitura divulgou os cargos e vagas que ser\u00e3o contemplados no edital. De acordo com informa\u00e7\u00f5es disponibilizadas em seu site oficial, foram [&hellip;]<\/p>\n","protected":false},"author":260,"featured_media":484199,"comment_status":"open","ping_status":"closed","sticky":false,"template":"","format":"standard","meta":{"post_tipo":"article","footnotes":""},"categories":[1],"tags":[],"tax_estado":[],"class_list":["post-484221","post","type-post","status-publish","format-standard","has-post-thumbnail","hentry","category-cursos-e-concursos"],"acf":[],"yoast_head":"<!-- This site is optimized with the Yoast SEO Premium plugin v27.2 (Yoast SEO v27.2) - https:\/\/yoast.com\/product\/yoast-seo-premium-wordpress\/ -->\n<title>Divulgados cargos e vagas do concurso Prefeitura de S\u00e3o Gon\u00e7alo; confira!<\/title>\n<meta name=\"description\" content=\"Ap\u00f3s a publica\u00e7\u00e3o do extrato de ratifica\u00e7\u00e3o de Dispensa de Licita\u00e7\u00e3o da banca, foram divulgados cargos e vagas do concurso Prefeitura de S\u00e3o Gon\u00e7alo.\" \/>\n<meta name=\"robots\" content=\"index, follow, max-snippet:-1, max-image-preview:large, max-video-preview:-1\" \/>\n<link rel=\"canonical\" href=\"https:\/\/www.estrategiaconcursos.com.br\/blog\/concurso-prefeitura-de-sao-goncalo-cargos-vagas\/\" \/>\n<meta property=\"og:locale\" content=\"pt_BR\" \/>\n<meta property=\"og:type\" content=\"article\" \/>\n<meta property=\"og:title\" content=\"Divulgados cargos e vagas do concurso Prefeitura de S\u00e3o Gon\u00e7alo; confira!\" \/>\n<meta property=\"og:description\" content=\"Ap\u00f3s a publica\u00e7\u00e3o do extrato de ratifica\u00e7\u00e3o de Dispensa de Licita\u00e7\u00e3o da banca, foram divulgados cargos e vagas do concurso Prefeitura de S\u00e3o Gon\u00e7alo.\" \/>\n<meta property=\"og:url\" content=\"https:\/\/www.estrategiaconcursos.com.br\/blog\/concurso-prefeitura-de-sao-goncalo-cargos-vagas\/\" \/>\n<meta property=\"og:site_name\" content=\"Estrat\u00e9gia Concursos\" \/>\n<meta property=\"article:published_time\" content=\"2020-02-20T13:01:17+00:00\" \/>\n<meta property=\"article:modified_time\" content=\"2020-02-21T20:18:39+00:00\" \/>\n<meta property=\"og:image\" content=\"https:\/\/dhg1h5j42swfq.cloudfront.net\/2020\/02\/20092534\/Prefeitura-S%C3%A3o-Gon%C3%A7alo-RJ.png\" \/>\n\t<meta property=\"og:image:width\" content=\"1200\" \/>\n\t<meta property=\"og:image:height\" content=\"628\" \/>\n\t<meta property=\"og:image:type\" content=\"image\/png\" \/>\n<meta name=\"author\" content=\"Diego Cerqueira Berbert Vasconcelos\" \/>\n<meta name=\"twitter:card\" content=\"summary_large_image\" \/>\n<meta name=\"twitter:creator\" content=\"@EstratConcursos\" \/>\n<meta name=\"twitter:site\" content=\"@EstratConcursos\" \/>\n<meta name=\"twitter:label1\" content=\"Escrito por\" \/>\n\t<meta name=\"twitter:data1\" content=\"Diego Cerqueira Berbert Vasconcelos\" \/>\n\t<meta name=\"twitter:label2\" content=\"Est. tempo de leitura\" \/>\n\t<meta name=\"twitter:data2\" content=\"2 minutos\" \/>\n<script type=\"application\/ld+json\" class=\"yoast-schema-graph\">{\"@context\":\"https:\/\/schema.org\",\"@graph\":[{\"@type\":\"NewsArticle\",\"@id\":\"https:\/\/www.estrategiaconcursos.com.br\/blog\/concurso-prefeitura-de-sao-goncalo-cargos-vagas\/#article\",\"isPartOf\":{\"@id\":\"https:\/\/www.estrategiaconcursos.com.br\/blog\/concurso-prefeitura-de-sao-goncalo-cargos-vagas\/\"},\"author\":{\"name\":\"Diego Cerqueira Berbert Vasconcelos\",\"@id\":\"https:\/\/www.estrategiaconcursos.com.br\/blog\/#\/schema\/person\/7fbf898fd336f5ce58a961518beff68c\"},\"headline\":\"Divulgados cargos e vagas do concurso Prefeitura de S\u00e3o Gon\u00e7alo; confira!\",\"datePublished\":\"2020-02-20T13:01:17+00:00\",\"dateModified\":\"2020-02-21T20:18:39+00:00\",\"mainEntityOfPage\":{\"@id\":\"https:\/\/www.estrategiaconcursos.com.br\/blog\/concurso-prefeitura-de-sao-goncalo-cargos-vagas\/\"},\"wordCount\":427,\"commentCount\":1,\"publisher\":{\"@id\":\"https:\/\/www.estrategiaconcursos.com.br\/blog\/#organization\"},\"image\":{\"@id\":\"https:\/\/www.estrategiaconcursos.com.br\/blog\/concurso-prefeitura-de-sao-goncalo-cargos-vagas\/#primaryimage\"},\"thumbnailUrl\":\"https:\/\/dhg1h5j42swfq.cloudfront.net\/2020\/02\/20092534\/Prefeitura-S%C3%A3o-Gon%C3%A7alo-RJ.png\",\"articleSection\":[\"Concursos P\u00fablicos\"],\"inLanguage\":\"pt-BR\",\"potentialAction\":[{\"@type\":\"CommentAction\",\"name\":\"Comment\",\"target\":[\"https:\/\/www.estrategiaconcursos.com.br\/blog\/concurso-prefeitura-de-sao-goncalo-cargos-vagas\/#respond\"]}],\"copyrightYear\":\"2020\",\"copyrightHolder\":{\"@id\":\"https:\/\/www.estrategiaconcursos.com.br\/blog\/#organization\"}},{\"@type\":\"WebPage\",\"@id\":\"https:\/\/www.estrategiaconcursos.com.br\/blog\/concurso-prefeitura-de-sao-goncalo-cargos-vagas\/\",\"url\":\"https:\/\/www.estrategiaconcursos.com.br\/blog\/concurso-prefeitura-de-sao-goncalo-cargos-vagas\/\",\"name\":\"Divulgados cargos e vagas do concurso Prefeitura de S\u00e3o Gon\u00e7alo; confira!\",\"isPartOf\":{\"@id\":\"https:\/\/www.estrategiaconcursos.com.br\/blog\/#website\"},\"primaryImageOfPage\":{\"@id\":\"https:\/\/www.estrategiaconcursos.com.br\/blog\/concurso-prefeitura-de-sao-goncalo-cargos-vagas\/#primaryimage\"},\"image\":{\"@id\":\"https:\/\/www.estrategiaconcursos.com.br\/blog\/concurso-prefeitura-de-sao-goncalo-cargos-vagas\/#primaryimage\"},\"thumbnailUrl\":\"https:\/\/dhg1h5j42swfq.cloudfront.net\/2020\/02\/20092534\/Prefeitura-S%C3%A3o-Gon%C3%A7alo-RJ.png\",\"datePublished\":\"2020-02-20T13:01:17+00:00\",\"dateModified\":\"2020-02-21T20:18:39+00:00\",\"description\":\"Ap\u00f3s a publica\u00e7\u00e3o do extrato de ratifica\u00e7\u00e3o de Dispensa de Licita\u00e7\u00e3o da banca, foram divulgados cargos e vagas do concurso Prefeitura de S\u00e3o Gon\u00e7alo.\",\"breadcrumb\":{\"@id\":\"https:\/\/www.estrategiaconcursos.com.br\/blog\/concurso-prefeitura-de-sao-goncalo-cargos-vagas\/#breadcrumb\"},\"inLanguage\":\"pt-BR\",\"potentialAction\":[{\"@type\":\"ReadAction\",\"target\":[\"https:\/\/www.estrategiaconcursos.com.br\/blog\/concurso-prefeitura-de-sao-goncalo-cargos-vagas\/\"]}]},{\"@type\":\"ImageObject\",\"inLanguage\":\"pt-BR\",\"@id\":\"https:\/\/www.estrategiaconcursos.com.br\/blog\/concurso-prefeitura-de-sao-goncalo-cargos-vagas\/#primaryimage\",\"url\":\"https:\/\/dhg1h5j42swfq.cloudfront.net\/2020\/02\/20092534\/Prefeitura-S%C3%A3o-Gon%C3%A7alo-RJ.png\",\"contentUrl\":\"https:\/\/dhg1h5j42swfq.cloudfront.net\/2020\/02\/20092534\/Prefeitura-S%C3%A3o-Gon%C3%A7alo-RJ.png\",\"width\":1200,\"height\":628,\"caption\":\"Concursos Prefeitura de S\u00e3o Gon\u00e7alo\"},{\"@type\":\"BreadcrumbList\",\"@id\":\"https:\/\/www.estrategiaconcursos.com.br\/blog\/concurso-prefeitura-de-sao-goncalo-cargos-vagas\/#breadcrumb\",\"itemListElement\":[{\"@type\":\"ListItem\",\"position\":1,\"name\":\"In\u00edcio\",\"item\":\"https:\/\/www.estrategiaconcursos.com.br\/blog\/\"},{\"@type\":\"ListItem\",\"position\":2,\"name\":\"Divulgados cargos e vagas do concurso Prefeitura de S\u00e3o Gon\u00e7alo; confira!\"}]},{\"@type\":\"WebSite\",\"@id\":\"https:\/\/www.estrategiaconcursos.com.br\/blog\/#website\",\"url\":\"https:\/\/www.estrategiaconcursos.com.br\/blog\/\",\"name\":\"Estrat\u00e9gia Concursos\",\"description\":\"O blog da Estrat\u00e9gia Concursos traz not\u00edcias sobre concursos e artigos de professores oferecendo cursos para concursos (pdf + videaulas) no site.\",\"publisher\":{\"@id\":\"https:\/\/www.estrategiaconcursos.com.br\/blog\/#organization\"},\"potentialAction\":[{\"@type\":\"SearchAction\",\"target\":{\"@type\":\"EntryPoint\",\"urlTemplate\":\"https:\/\/www.estrategiaconcursos.com.br\/blog\/?s={search_term_string}\"},\"query-input\":{\"@type\":\"PropertyValueSpecification\",\"valueRequired\":true,\"valueName\":\"search_term_string\"}}],\"inLanguage\":\"pt-BR\"},{\"@type\":\"Organization\",\"@id\":\"https:\/\/www.estrategiaconcursos.com.br\/blog\/#organization\",\"name\":\"Estrat\u00e9gia Concursos\",\"url\":\"https:\/\/www.estrategiaconcursos.com.br\/blog\/\",\"logo\":{\"@type\":\"ImageObject\",\"inLanguage\":\"pt-BR\",\"@id\":\"https:\/\/www.estrategiaconcursos.com.br\/blog\/#\/schema\/logo\/image\/\",\"url\":\"https:\/\/dhg1h5j42swfq.cloudfront.net\/2025\/06\/03203428\/logo_concursos-1.jpg\",\"contentUrl\":\"https:\/\/dhg1h5j42swfq.cloudfront.net\/2025\/06\/03203428\/logo_concursos-1.jpg\",\"width\":230,\"height\":60,\"caption\":\"Estrat\u00e9gia Concursos\"},\"image\":{\"@id\":\"https:\/\/www.estrategiaconcursos.com.br\/blog\/#\/schema\/logo\/image\/\"},\"sameAs\":[\"https:\/\/x.com\/EstratConcursos\"]},{\"@type\":\"Person\",\"@id\":\"https:\/\/www.estrategiaconcursos.com.br\/blog\/#\/schema\/person\/7fbf898fd336f5ce58a961518beff68c\",\"name\":\"Diego Cerqueira Berbert Vasconcelos\",\"image\":{\"@type\":\"ImageObject\",\"inLanguage\":\"pt-BR\",\"@id\":\"https:\/\/secure.gravatar.com\/avatar\/ed2d045a7390980cad1a92d24dcc39d10ef55b88fcb9fb9c047979bf4ddeb1ce?s=96&d=mm&r=g\",\"url\":\"https:\/\/secure.gravatar.com\/avatar\/ed2d045a7390980cad1a92d24dcc39d10ef55b88fcb9fb9c047979bf4ddeb1ce?s=96&d=mm&r=g\",\"contentUrl\":\"https:\/\/secure.gravatar.com\/avatar\/ed2d045a7390980cad1a92d24dcc39d10ef55b88fcb9fb9c047979bf4ddeb1ce?s=96&d=mm&r=g\",\"caption\":\"Diego Cerqueira Berbert Vasconcelos\"},\"url\":\"https:\/\/www.estrategiaconcursos.com.br\/blog\/author\/diegocerqueiraestrategiaconcursos-com-br\/\"}]}<\/script>\n<!-- \/ Yoast SEO Premium plugin. -->","yoast_head_json":{"title":"Divulgados cargos e vagas do concurso Prefeitura de S\u00e3o Gon\u00e7alo; confira!","description":"Ap\u00f3s a publica\u00e7\u00e3o do extrato de ratifica\u00e7\u00e3o de Dispensa de Licita\u00e7\u00e3o da banca, foram divulgados cargos e vagas do concurso Prefeitura de S\u00e3o Gon\u00e7alo.","robots":{"index":"index","follow":"follow","max-snippet":"max-snippet:-1","max-image-preview":"max-image-preview:large","max-video-preview":"max-video-preview:-1"},"canonical":"https:\/\/www.estrategiaconcursos.com.br\/blog\/concurso-prefeitura-de-sao-goncalo-cargos-vagas\/","og_locale":"pt_BR","og_type":"article","og_title":"Divulgados cargos e vagas do concurso Prefeitura de S\u00e3o Gon\u00e7alo; confira!","og_description":"Ap\u00f3s a publica\u00e7\u00e3o do extrato de ratifica\u00e7\u00e3o de Dispensa de Licita\u00e7\u00e3o da banca, foram divulgados cargos e vagas do concurso Prefeitura de S\u00e3o Gon\u00e7alo.","og_url":"https:\/\/www.estrategiaconcursos.com.br\/blog\/concurso-prefeitura-de-sao-goncalo-cargos-vagas\/","og_site_name":"Estrat\u00e9gia Concursos","article_published_time":"2020-02-20T13:01:17+00:00","article_modified_time":"2020-02-21T20:18:39+00:00","og_image":[{"width":1200,"height":628,"url":"https:\/\/dhg1h5j42swfq.cloudfront.net\/2020\/02\/20092534\/Prefeitura-S%C3%A3o-Gon%C3%A7alo-RJ.png","type":"image\/png"}],"author":"Diego Cerqueira Berbert Vasconcelos","twitter_card":"summary_large_image","twitter_creator":"@EstratConcursos","twitter_site":"@EstratConcursos","twitter_misc":{"Escrito por":"Diego Cerqueira Berbert Vasconcelos","Est. tempo de leitura":"2 minutos"},"schema":{"@context":"https:\/\/schema.org","@graph":[{"@type":"NewsArticle","@id":"https:\/\/www.estrategiaconcursos.com.br\/blog\/concurso-prefeitura-de-sao-goncalo-cargos-vagas\/#article","isPartOf":{"@id":"https:\/\/www.estrategiaconcursos.com.br\/blog\/concurso-prefeitura-de-sao-goncalo-cargos-vagas\/"},"author":{"name":"Diego Cerqueira Berbert Vasconcelos","@id":"https:\/\/www.estrategiaconcursos.com.br\/blog\/#\/schema\/person\/7fbf898fd336f5ce58a961518beff68c"},"headline":"Divulgados cargos e vagas do concurso Prefeitura de S\u00e3o Gon\u00e7alo; confira!","datePublished":"2020-02-20T13:01:17+00:00","dateModified":"2020-02-21T20:18:39+00:00","mainEntityOfPage":{"@id":"https:\/\/www.estrategiaconcursos.com.br\/blog\/concurso-prefeitura-de-sao-goncalo-cargos-vagas\/"},"wordCount":427,"commentCount":1,"publisher":{"@id":"https:\/\/www.estrategiaconcursos.com.br\/blog\/#organization"},"image":{"@id":"https:\/\/www.estrategiaconcursos.com.br\/blog\/concurso-prefeitura-de-sao-goncalo-cargos-vagas\/#primaryimage"},"thumbnailUrl":"https:\/\/dhg1h5j42swfq.cloudfront.net\/2020\/02\/20092534\/Prefeitura-S%C3%A3o-Gon%C3%A7alo-RJ.png","articleSection":["Concursos P\u00fablicos"],"inLanguage":"pt-BR","potentialAction":[{"@type":"CommentAction","name":"Comment","target":["https:\/\/www.estrategiaconcursos.com.br\/blog\/concurso-prefeitura-de-sao-goncalo-cargos-vagas\/#respond"]}],"copyrightYear":"2020","copyrightHolder":{"@id":"https:\/\/www.estrategiaconcursos.com.br\/blog\/#organization"}},{"@type":"WebPage","@id":"https:\/\/www.estrategiaconcursos.com.br\/blog\/concurso-prefeitura-de-sao-goncalo-cargos-vagas\/","url":"https:\/\/www.estrategiaconcursos.com.br\/blog\/concurso-prefeitura-de-sao-goncalo-cargos-vagas\/","name":"Divulgados cargos e vagas do concurso Prefeitura de S\u00e3o Gon\u00e7alo; confira!","isPartOf":{"@id":"https:\/\/www.estrategiaconcursos.com.br\/blog\/#website"},"primaryImageOfPage":{"@id":"https:\/\/www.estrategiaconcursos.com.br\/blog\/concurso-prefeitura-de-sao-goncalo-cargos-vagas\/#primaryimage"},"image":{"@id":"https:\/\/www.estrategiaconcursos.com.br\/blog\/concurso-prefeitura-de-sao-goncalo-cargos-vagas\/#primaryimage"},"thumbnailUrl":"https:\/\/dhg1h5j42swfq.cloudfront.net\/2020\/02\/20092534\/Prefeitura-S%C3%A3o-Gon%C3%A7alo-RJ.png","datePublished":"2020-02-20T13:01:17+00:00","dateModified":"2020-02-21T20:18:39+00:00","description":"Ap\u00f3s a publica\u00e7\u00e3o do extrato de ratifica\u00e7\u00e3o de Dispensa de Licita\u00e7\u00e3o da banca, foram divulgados cargos e vagas do concurso Prefeitura de S\u00e3o Gon\u00e7alo.","breadcrumb":{"@id":"https:\/\/www.estrategiaconcursos.com.br\/blog\/concurso-prefeitura-de-sao-goncalo-cargos-vagas\/#breadcrumb"},"inLanguage":"pt-BR","potentialAction":[{"@type":"ReadAction","target":["https:\/\/www.estrategiaconcursos.com.br\/blog\/concurso-prefeitura-de-sao-goncalo-cargos-vagas\/"]}]},{"@type":"ImageObject","inLanguage":"pt-BR","@id":"https:\/\/www.estrategiaconcursos.com.br\/blog\/concurso-prefeitura-de-sao-goncalo-cargos-vagas\/#primaryimage","url":"https:\/\/dhg1h5j42swfq.cloudfront.net\/2020\/02\/20092534\/Prefeitura-S%C3%A3o-Gon%C3%A7alo-RJ.png","contentUrl":"https:\/\/dhg1h5j42swfq.cloudfront.net\/2020\/02\/20092534\/Prefeitura-S%C3%A3o-Gon%C3%A7alo-RJ.png","width":1200,"height":628,"caption":"Concursos Prefeitura de S\u00e3o Gon\u00e7alo"},{"@type":"BreadcrumbList","@id":"https:\/\/www.estrategiaconcursos.com.br\/blog\/concurso-prefeitura-de-sao-goncalo-cargos-vagas\/#breadcrumb","itemListElement":[{"@type":"ListItem","position":1,"name":"In\u00edcio","item":"https:\/\/www.estrategiaconcursos.com.br\/blog\/"},{"@type":"ListItem","position":2,"name":"Divulgados cargos e vagas do concurso Prefeitura de S\u00e3o Gon\u00e7alo; confira!"}]},{"@type":"WebSite","@id":"https:\/\/www.estrategiaconcursos.com.br\/blog\/#website","url":"https:\/\/www.estrategiaconcursos.com.br\/blog\/","name":"Estrat\u00e9gia Concursos","description":"O blog da Estrat\u00e9gia Concursos traz not\u00edcias sobre concursos e artigos de professores oferecendo cursos para concursos (pdf + videaulas) no site.","publisher":{"@id":"https:\/\/www.estrategiaconcursos.com.br\/blog\/#organization"},"potentialAction":[{"@type":"SearchAction","target":{"@type":"EntryPoint","urlTemplate":"https:\/\/www.estrategiaconcursos.com.br\/blog\/?s={search_term_string}"},"query-input":{"@type":"PropertyValueSpecification","valueRequired":true,"valueName":"search_term_string"}}],"inLanguage":"pt-BR"},{"@type":"Organization","@id":"https:\/\/www.estrategiaconcursos.com.br\/blog\/#organization","name":"Estrat\u00e9gia Concursos","url":"https:\/\/www.estrategiaconcursos.com.br\/blog\/","logo":{"@type":"ImageObject","inLanguage":"pt-BR","@id":"https:\/\/www.estrategiaconcursos.com.br\/blog\/#\/schema\/logo\/image\/","url":"https:\/\/dhg1h5j42swfq.cloudfront.net\/2025\/06\/03203428\/logo_concursos-1.jpg","contentUrl":"https:\/\/dhg1h5j42swfq.cloudfront.net\/2025\/06\/03203428\/logo_concursos-1.jpg","width":230,"height":60,"caption":"Estrat\u00e9gia Concursos"},"image":{"@id":"https:\/\/www.estrategiaconcursos.com.br\/blog\/#\/schema\/logo\/image\/"},"sameAs":["https:\/\/x.com\/EstratConcursos"]},{"@type":"Person","@id":"https:\/\/www.estrategiaconcursos.com.br\/blog\/#\/schema\/person\/7fbf898fd336f5ce58a961518beff68c","name":"Diego Cerqueira Berbert Vasconcelos","image":{"@type":"ImageObject","inLanguage":"pt-BR","@id":"https:\/\/secure.gravatar.com\/avatar\/ed2d045a7390980cad1a92d24dcc39d10ef55b88fcb9fb9c047979bf4ddeb1ce?s=96&d=mm&r=g","url":"https:\/\/secure.gravatar.com\/avatar\/ed2d045a7390980cad1a92d24dcc39d10ef55b88fcb9fb9c047979bf4ddeb1ce?s=96&d=mm&r=g","contentUrl":"https:\/\/secure.gravatar.com\/avatar\/ed2d045a7390980cad1a92d24dcc39d10ef55b88fcb9fb9c047979bf4ddeb1ce?s=96&d=mm&r=g","caption":"Diego Cerqueira Berbert Vasconcelos"},"url":"https:\/\/www.estrategiaconcursos.com.br\/blog\/author\/diegocerqueiraestrategiaconcursos-com-br\/"}]}},"_links":{"self":[{"href":"https:\/\/www.estrategiaconcursos.com.br\/blog\/wp-json\/wp\/v2\/posts\/484221","targetHints":{"allow":["GET"]}}],"collection":[{"href":"https:\/\/www.estrategiaconcursos.com.br\/blog\/wp-json\/wp\/v2\/posts"}],"about":[{"href":"https:\/\/www.estrategiaconcursos.com.br\/blog\/wp-json\/wp\/v2\/types\/post"}],"author":[{"embeddable":true,"href":"https:\/\/www.estrategiaconcursos.com.br\/blog\/wp-json\/wp\/v2\/users\/260"}],"replies":[{"embeddable":true,"href":"https:\/\/www.estrategiaconcursos.com.br\/blog\/wp-json\/wp\/v2\/comments?post=484221"}],"version-history":[{"count":4,"href":"https:\/\/www.estrategiaconcursos.com.br\/blog\/wp-json\/wp\/v2\/posts\/484221\/revisions"}],"predecessor-version":[{"id":485097,"href":"https:\/\/www.estrategiaconcursos.com.br\/blog\/wp-json\/wp\/v2\/posts\/484221\/revisions\/485097"}],"wp:featuredmedia":[{"embeddable":true,"href":"https:\/\/www.estrategiaconcursos.com.br\/blog\/wp-json\/wp\/v2\/media\/484199"}],"wp:attachment":[{"href":"https:\/\/www.estrategiaconcursos.com.br\/blog\/wp-json\/wp\/v2\/media?parent=484221"}],"wp:term":[{"taxonomy":"category","embeddable":true,"href":"https:\/\/www.estrategiaconcursos.com.br\/blog\/wp-json\/wp\/v2\/categories?post=484221"},{"taxonomy":"post_tag","embeddable":true,"href":"https:\/\/www.estrategiaconcursos.com.br\/blog\/wp-json\/wp\/v2\/tags?post=484221"},{"taxonomy":"tax_estado","embeddable":true,"href":"https:\/\/www.estrategiaconcursos.com.br\/blog\/wp-json\/wp\/v2\/tax_estado?post=484221"}],"curies":[{"name":"wp","href":"https:\/\/api.w.org\/{rel}","templated":true}]}}