{"id":483848,"date":"2020-02-19T17:12:58","date_gmt":"2020-02-19T20:12:58","guid":{"rendered":"https:\/\/www.estrategiaconcursos.com.br\/blog\/?p=483848"},"modified":"2023-07-04T09:32:49","modified_gmt":"2023-07-04T12:32:49","slug":"prefeitura-de-joao-pessoa-abre-processo-seletivo","status":"publish","type":"post","link":"https:\/\/www.estrategiaconcursos.com.br\/blog\/prefeitura-de-joao-pessoa-abre-processo-seletivo\/","title":{"rendered":"Prefeitura de Jo\u00e3o Pessoa abre processo seletivo para quase 900 profissionais"},"content":{"rendered":"\n<p>A Prefeitura Municipal de Jo\u00e3o Pessoa (PMJP), divulgou nesta semana, o edital do processo seletivo para contrata\u00e7\u00e3o tempor\u00e1ria de 824 vagas para os n\u00edveis m\u00e9dio, t\u00e9cnico e superior. <\/p>\n\n\n\n<p>O processo seletivo precede a um concurso p\u00fablico para contrata\u00e7\u00e3o de servidores permanentes que j\u00e1 se encontra em andamento. Das 824 vagas ofertadas, 784 vagas s\u00e3o destinadas para ampla concorr\u00eancia e 40 para pessoas com defici\u00eancia f\u00edsica. Os sal\u00e1rios variam de R$ 1.039 a R$ 7,5 mil. <\/p>\n\n\n\n<p>Todos os candidatos interessados devem se inscrever at\u00e9 o dia 27 de fevereiro de 2020 no site da Secretaria Municipal de Sa\u00fade de Jo\u00e3o Pessoa (smsjpselecao). <strong>A inscri\u00e7\u00e3o \u00e9 gratuita!<\/strong><\/p>\n\n\n\n<p> A contrata\u00e7\u00e3o dos profissionais ser\u00e1 v\u00e1lida at\u00e9 a realiza\u00e7\u00e3o do concurso p\u00fablico para contrata\u00e7\u00e3o efetiva de servidores. A sele\u00e7\u00e3o acontecer\u00e1 em duas fases. A primeira delas \u00e9 a prova escrita, prevista para acontecer no dia 18 de abril. A segunda \u00e9 a avalia\u00e7\u00e3o de t\u00edtulos. <\/p>\n\n\n\n<h2 class=\"wp-block-heading\">Principais datas:<\/h2>\n\n\n\n<p class=\"has-very-light-gray-background-color has-background\"><strong>Inscri\u00e7\u00f5es<\/strong>: 19\/02 a 27\/02\/2020<br \/><strong>Prova<\/strong>: 18\/04\/2020<br \/><strong>Taxas de inscri\u00e7\u00e3o:<\/strong>&nbsp;gratuita <\/p>\n\n\n\n<h2 class=\"wp-block-heading\">Cargos e vagas<\/h2>\n\n\n\n<p> As vagas s\u00e3o destinadas para os seguintes cargos: <\/p>\n\n\n\n<ul class=\"wp-block-list\">\n<li>Art\u00edfice (8)<\/li>\n\n\n\n<li>Auxiliar de copa e cozinha (37)<\/li>\n\n\n\n<li>Auxiliar de servi\u00e7os gerais (81)<\/li>\n\n\n\n<li>Costureiro (1)<\/li>\n\n\n\n<li>Cozinheiro (3)<\/li>\n\n\n\n<li>Maqueiro (20)<\/li>\n\n\n\n<li>Agente administrativo (68)<\/li>\n\n\n\n<li>Almoxarife (1)<\/li>\n\n\n\n<li>Arquivista (1)<\/li>\n\n\n\n<li>Auxiliar de farm\u00e1cia (25)<\/li>\n\n\n\n<li>Condutor de ambul\u00e2ncia (4)<\/li>\n\n\n\n<li>Vigilante (70)<\/li>\n\n\n\n<li>T\u00e9cnico de imobiliza\u00e7\u00e3o ortop\u00e9dica (15)<\/li>\n\n\n\n<li>T\u00e9cnico de laborat\u00f3rio de an\u00e1lises cl\u00ednicas (7)<\/li>\n\n\n\n<li>T\u00e9cnico em enfermagem (180)<\/li>\n\n\n\n<li>T\u00e9cnico em inform\u00e1tica (1)<\/li>\n\n\n\n<li>T\u00e9cnico em radiologia (23)<\/li>\n\n\n\n<li>T\u00e9cnico em seguran\u00e7a do trabalho (1)<\/li>\n\n\n\n<li>Assistente social (13)<\/li>\n\n\n\n<li>Biom\u00e9dico (4)<\/li>\n\n\n\n<li>Cirurgi\u00e3o dentista (1)<\/li>\n\n\n\n<li>Enfermeiro (90)<\/li>\n\n\n\n<li>Farmac\u00eautico-bioqu\u00edmico (2)<\/li>\n\n\n\n<li>Fisioterapeuta (25)<\/li>\n\n\n\n<li>Fonoaudi\u00f3logo (2)<\/li>\n\n\n\n<li>M\u00e9dico (124)<\/li>\n\n\n\n<li>Nutricionista (12)<\/li>\n\n\n\n<li>Psic\u00f3logo (5). <\/li>\n<\/ul>\n\n\n\n<h2 class=\"wp-block-heading\">Etapas do processo seletivo<\/h2>\n\n\n\n<p>Seguindo o calend\u00e1rio de atividades, e ap\u00f3s validadas as inscri\u00e7\u00f5es, o Processo Seletivo Simplificado ocorrer\u00e1 em duas fases. A primeira fase ser\u00e1 a Prova Objetiva que ser\u00e1 aplicada no dia 18 de abril, de car\u00e1ter ELIMINAT\u00d3RIO e CLASSIFICAT\u00d3RIO, contendo quest\u00f5es objetivas de m\u00faltipla escolha.<\/p>\n\n\n\n<p>J\u00e1 a segunda fase ser\u00e1 a Avalia\u00e7\u00e3o de T\u00edtulos e Experi\u00eancia Profissional, que ter\u00e1 car\u00e1ter CLASSIFICAT\u00d3RIO.<\/p>\n\n\n\n<p>A sele\u00e7\u00e3o ser\u00e1 executada pela Comiss\u00e3o Permanente do Processo Seletivo nomeada atrav\u00e9s de portaria pr\u00f3pria e constitu\u00edda pela DGTES, Diretoria de Aten\u00e7\u00e3o \u00e0 Sa\u00fade (DAS), Assessoria Jur\u00eddica e Assessoria T\u00e9cnica da Secretaria Municipal de Sa\u00fade (SMS).<\/p>\n\n\n\n<p>O resultado final do processo seletivo est\u00e1 previsto para ser divulgado no dia 25 de maio deste ano.<\/p>\n\n\n\n<p class=\"has-text-align-center\"><em>Gostou desta oportunidade e deseja come\u00e7ar se preparar agora mesmo? Ent\u00e3o, confira os nossos cursos e comece a estudar para este certame:<\/em><\/p>\n\n\n\n<p class=\"has-text-align-center has-luminous-vivid-amber-background-color has-background\" style=\"font-size:clamp(14.642px, 0.915rem + ((1vw - 3.2px) * 0.721), 22px);px\"><strong><a rel=\"noreferrer noopener\" href=\"https:\/\/www.estrategiaconcursos.com.br\/cursos\/concurso\/\" target=\"_blank\">Curso para concurso<\/a><\/strong><\/p>\n\n\n\n<p class=\"has-text-align-center\"><em><strong>Assinatura Anual Ilimitada*<\/strong><\/em><\/p>\n\n\n\n<p class=\"has-text-align-center\"><em>Prepare-se com o melhor material e com quem mais aprova em Concursos P\u00fablicos em todo o pa\u00eds. Assine agora a nossa Assinatura Anual e tenha acesso ilimitado* a todos os nossos cursos.<\/em><\/p>\n\n\n\n<p class=\"has-text-align-center has-light-green-cyan-background-color has-background\"><strong>ASSINE AGORA<\/strong>&nbsp;\u2013&nbsp;<a rel=\"noreferrer noopener\" href=\"https:\/\/www.estrategiaconcursos.com.br\/assinaturas\/\" target=\"_blank\"><strong>Assinatura Ilimitada<\/strong><\/a><\/p>\n\n\n\n<p class=\"has-text-align-center has-pale-cyan-blue-background-color has-background\" style=\"font-size:clamp(14.642px, 0.915rem + ((1vw - 3.2px) * 0.721), 22px);px\"><strong><a href=\"https:\/\/www.estrategiaconcursos.com.br\/blog\/concursos-abertos\/\">CONCURSOS ABERTOS<\/a><\/strong><\/p>\n\n\n\n<figure class=\"wp-block-image\"><img loading=\"lazy\" decoding=\"async\" width=\"300\" height=\"102\" src=\"https:\/\/dhg1h5j42swfq.cloudfront.net\/2019\/05\/29143052\/coruja-ficha-tecnica-300x1025.png\" alt=\"Ficha T\u00e9cnica concurso PCDF\" class=\"wp-image-380136\"\/><\/figure>\n\n\n\n<h3 class=\"wp-block-heading\" id=\"ficha\"><strong>Informa\u00e7\u00f5es do PSS <\/strong>Prefeitura de Jo\u00e3o Pessoa<\/h3>\n\n\n\n<p>\u25ba<strong>Data prevista<\/strong>&nbsp;<strong>da prova:&nbsp;<\/strong>18\/04\/2020<br \/>\u25ba<strong>Vagas<\/strong>: 824<br \/>\u25ba<strong>Cargos<\/strong>: diversos<br \/>\u25ba<strong>Banca<\/strong>:&nbsp;smspsele\u00e7\u00e3o<br \/>\u25ba<strong>Escolaridade<\/strong>: N\u00edvel m\u00e9dio<br \/>\u25ba <a href=\"https:\/\/dhg1h5j42swfq.cloudfront.net\/2020\/02\/19170541\/Edital_Selecao_Joao_Pessoa_2020.pdf\" target=\"_blank\" rel=\"noreferrer noopener\" aria-label=\"Edital Prefeitura de Jo\u00e3o Pessoal  (abre numa nova aba)\">Edital Prefeitura de Jo\u00e3o Pessoal <\/a><\/p>\n","protected":false},"excerpt":{"rendered":"<p>A Prefeitura Municipal de Jo\u00e3o Pessoa (PMJP), divulgou nesta semana, o edital do processo seletivo para contrata\u00e7\u00e3o tempor\u00e1ria de 824 vagas para os n\u00edveis m\u00e9dio, t\u00e9cnico e superior. O processo seletivo precede a um concurso p\u00fablico para contrata\u00e7\u00e3o de servidores permanentes que j\u00e1 se encontra em andamento. Das 824 vagas ofertadas, 784 vagas s\u00e3o destinadas [&hellip;]<\/p>\n","protected":false},"author":388,"featured_media":444277,"comment_status":"open","ping_status":"closed","sticky":false,"template":"","format":"standard","meta":{"post_tipo":"article","footnotes":""},"categories":[1],"tags":[],"tax_estado":[],"class_list":["post-483848","post","type-post","status-publish","format-standard","has-post-thumbnail","hentry","category-cursos-e-concursos"],"acf":[],"yoast_head":"<!-- This site is optimized with the Yoast SEO Premium plugin v27.2 (Yoast SEO v27.2) - https:\/\/yoast.com\/product\/yoast-seo-premium-wordpress\/ -->\n<title>Prefeitura de Jo\u00e3o Pessoa abre processo seletivo para quase 900 profissionais<\/title>\n<meta name=\"description\" content=\"Prefeitura de Jo\u00e3o Pessoa abre processo seletivo para quase 900 profissionais com sal\u00e1rios que variam de R$ 1.039 a R$ 7,5 mil. Inscri\u00e7\u00f5es s\u00e3o gratuitas!\" \/>\n<meta name=\"robots\" content=\"index, follow, max-snippet:-1, max-image-preview:large, max-video-preview:-1\" \/>\n<link rel=\"canonical\" href=\"https:\/\/www.estrategiaconcursos.com.br\/blog\/prefeitura-de-joao-pessoa-abre-processo-seletivo\/\" \/>\n<meta property=\"og:locale\" content=\"pt_BR\" \/>\n<meta property=\"og:type\" content=\"article\" \/>\n<meta property=\"og:title\" content=\"Prefeitura de Jo\u00e3o Pessoa abre processo seletivo para quase 900 profissionais\" \/>\n<meta property=\"og:description\" content=\"Prefeitura de Jo\u00e3o Pessoa abre processo seletivo para quase 900 profissionais com sal\u00e1rios que variam de R$ 1.039 a R$ 7,5 mil. Inscri\u00e7\u00f5es s\u00e3o gratuitas!\" \/>\n<meta property=\"og:url\" content=\"https:\/\/www.estrategiaconcursos.com.br\/blog\/prefeitura-de-joao-pessoa-abre-processo-seletivo\/\" \/>\n<meta property=\"og:site_name\" content=\"Estrat\u00e9gia Concursos\" \/>\n<meta property=\"article:published_time\" content=\"2020-02-19T20:12:58+00:00\" \/>\n<meta property=\"article:modified_time\" content=\"2023-07-04T12:32:49+00:00\" \/>\n<meta property=\"og:image\" content=\"https:\/\/dhg1h5j42swfq.cloudfront.net\/2019\/11\/05113857\/Saiu-Edital-5.png\" \/>\n\t<meta property=\"og:image:width\" content=\"1200\" \/>\n\t<meta property=\"og:image:height\" content=\"628\" \/>\n\t<meta property=\"og:image:type\" content=\"image\/png\" \/>\n<meta name=\"author\" content=\"Tiago Zanolla\" \/>\n<meta name=\"twitter:card\" content=\"summary_large_image\" \/>\n<meta name=\"twitter:creator\" content=\"@EstratConcursos\" \/>\n<meta name=\"twitter:site\" content=\"@EstratConcursos\" \/>\n<meta name=\"twitter:label1\" content=\"Escrito por\" \/>\n\t<meta name=\"twitter:data1\" content=\"Tiago Zanolla\" \/>\n\t<meta name=\"twitter:label2\" content=\"Est. tempo de leitura\" \/>\n\t<meta name=\"twitter:data2\" content=\"3 minutos\" \/>\n<script type=\"application\/ld+json\" class=\"yoast-schema-graph\">{\"@context\":\"https:\/\/schema.org\",\"@graph\":[{\"@type\":\"NewsArticle\",\"@id\":\"https:\/\/www.estrategiaconcursos.com.br\/blog\/prefeitura-de-joao-pessoa-abre-processo-seletivo\/#article\",\"isPartOf\":{\"@id\":\"https:\/\/www.estrategiaconcursos.com.br\/blog\/prefeitura-de-joao-pessoa-abre-processo-seletivo\/\"},\"author\":{\"name\":\"Tiago Zanolla\",\"@id\":\"https:\/\/www.estrategiaconcursos.com.br\/blog\/#\/schema\/person\/1509739fd92a40c9b52116de04a90310\"},\"headline\":\"Prefeitura de Jo\u00e3o Pessoa abre processo seletivo para quase 900 profissionais\",\"datePublished\":\"2020-02-19T20:12:58+00:00\",\"dateModified\":\"2023-07-04T12:32:49+00:00\",\"mainEntityOfPage\":{\"@id\":\"https:\/\/www.estrategiaconcursos.com.br\/blog\/prefeitura-de-joao-pessoa-abre-processo-seletivo\/\"},\"wordCount\":524,\"commentCount\":1,\"publisher\":{\"@id\":\"https:\/\/www.estrategiaconcursos.com.br\/blog\/#organization\"},\"image\":{\"@id\":\"https:\/\/www.estrategiaconcursos.com.br\/blog\/prefeitura-de-joao-pessoa-abre-processo-seletivo\/#primaryimage\"},\"thumbnailUrl\":\"https:\/\/dhg1h5j42swfq.cloudfront.net\/2019\/11\/05113857\/Saiu-Edital-5.png\",\"articleSection\":[\"Concursos P\u00fablicos\"],\"inLanguage\":\"pt-BR\",\"potentialAction\":[{\"@type\":\"CommentAction\",\"name\":\"Comment\",\"target\":[\"https:\/\/www.estrategiaconcursos.com.br\/blog\/prefeitura-de-joao-pessoa-abre-processo-seletivo\/#respond\"]}],\"copyrightYear\":\"2020\",\"copyrightHolder\":{\"@id\":\"https:\/\/www.estrategiaconcursos.com.br\/blog\/#organization\"}},{\"@type\":\"WebPage\",\"@id\":\"https:\/\/www.estrategiaconcursos.com.br\/blog\/prefeitura-de-joao-pessoa-abre-processo-seletivo\/\",\"url\":\"https:\/\/www.estrategiaconcursos.com.br\/blog\/prefeitura-de-joao-pessoa-abre-processo-seletivo\/\",\"name\":\"Prefeitura de Jo\u00e3o Pessoa abre processo seletivo para quase 900 profissionais\",\"isPartOf\":{\"@id\":\"https:\/\/www.estrategiaconcursos.com.br\/blog\/#website\"},\"primaryImageOfPage\":{\"@id\":\"https:\/\/www.estrategiaconcursos.com.br\/blog\/prefeitura-de-joao-pessoa-abre-processo-seletivo\/#primaryimage\"},\"image\":{\"@id\":\"https:\/\/www.estrategiaconcursos.com.br\/blog\/prefeitura-de-joao-pessoa-abre-processo-seletivo\/#primaryimage\"},\"thumbnailUrl\":\"https:\/\/dhg1h5j42swfq.cloudfront.net\/2019\/11\/05113857\/Saiu-Edital-5.png\",\"datePublished\":\"2020-02-19T20:12:58+00:00\",\"dateModified\":\"2023-07-04T12:32:49+00:00\",\"description\":\"Prefeitura de Jo\u00e3o Pessoa abre processo seletivo para quase 900 profissionais com sal\u00e1rios que variam de R$ 1.039 a R$ 7,5 mil. Inscri\u00e7\u00f5es s\u00e3o gratuitas!\",\"breadcrumb\":{\"@id\":\"https:\/\/www.estrategiaconcursos.com.br\/blog\/prefeitura-de-joao-pessoa-abre-processo-seletivo\/#breadcrumb\"},\"inLanguage\":\"pt-BR\",\"potentialAction\":[{\"@type\":\"ReadAction\",\"target\":[\"https:\/\/www.estrategiaconcursos.com.br\/blog\/prefeitura-de-joao-pessoa-abre-processo-seletivo\/\"]}]},{\"@type\":\"ImageObject\",\"inLanguage\":\"pt-BR\",\"@id\":\"https:\/\/www.estrategiaconcursos.com.br\/blog\/prefeitura-de-joao-pessoa-abre-processo-seletivo\/#primaryimage\",\"url\":\"https:\/\/dhg1h5j42swfq.cloudfront.net\/2019\/11\/05113857\/Saiu-Edital-5.png\",\"contentUrl\":\"https:\/\/dhg1h5j42swfq.cloudfront.net\/2019\/11\/05113857\/Saiu-Edital-5.png\",\"width\":1200,\"height\":628,\"caption\":\"Edital CRF MA\"},{\"@type\":\"BreadcrumbList\",\"@id\":\"https:\/\/www.estrategiaconcursos.com.br\/blog\/prefeitura-de-joao-pessoa-abre-processo-seletivo\/#breadcrumb\",\"itemListElement\":[{\"@type\":\"ListItem\",\"position\":1,\"name\":\"In\u00edcio\",\"item\":\"https:\/\/www.estrategiaconcursos.com.br\/blog\/\"},{\"@type\":\"ListItem\",\"position\":2,\"name\":\"Prefeitura de Jo\u00e3o Pessoa abre processo seletivo para quase 900 profissionais\"}]},{\"@type\":\"WebSite\",\"@id\":\"https:\/\/www.estrategiaconcursos.com.br\/blog\/#website\",\"url\":\"https:\/\/www.estrategiaconcursos.com.br\/blog\/\",\"name\":\"Estrat\u00e9gia Concursos\",\"description\":\"O blog da Estrat\u00e9gia Concursos traz not\u00edcias sobre concursos e artigos de professores oferecendo cursos para concursos (pdf + videaulas) no site.\",\"publisher\":{\"@id\":\"https:\/\/www.estrategiaconcursos.com.br\/blog\/#organization\"},\"potentialAction\":[{\"@type\":\"SearchAction\",\"target\":{\"@type\":\"EntryPoint\",\"urlTemplate\":\"https:\/\/www.estrategiaconcursos.com.br\/blog\/?s={search_term_string}\"},\"query-input\":{\"@type\":\"PropertyValueSpecification\",\"valueRequired\":true,\"valueName\":\"search_term_string\"}}],\"inLanguage\":\"pt-BR\"},{\"@type\":\"Organization\",\"@id\":\"https:\/\/www.estrategiaconcursos.com.br\/blog\/#organization\",\"name\":\"Estrat\u00e9gia Concursos\",\"url\":\"https:\/\/www.estrategiaconcursos.com.br\/blog\/\",\"logo\":{\"@type\":\"ImageObject\",\"inLanguage\":\"pt-BR\",\"@id\":\"https:\/\/www.estrategiaconcursos.com.br\/blog\/#\/schema\/logo\/image\/\",\"url\":\"https:\/\/dhg1h5j42swfq.cloudfront.net\/2025\/06\/03203428\/logo_concursos-1.jpg\",\"contentUrl\":\"https:\/\/dhg1h5j42swfq.cloudfront.net\/2025\/06\/03203428\/logo_concursos-1.jpg\",\"width\":230,\"height\":60,\"caption\":\"Estrat\u00e9gia Concursos\"},\"image\":{\"@id\":\"https:\/\/www.estrategiaconcursos.com.br\/blog\/#\/schema\/logo\/image\/\"},\"sameAs\":[\"https:\/\/x.com\/EstratConcursos\"]},{\"@type\":\"Person\",\"@id\":\"https:\/\/www.estrategiaconcursos.com.br\/blog\/#\/schema\/person\/1509739fd92a40c9b52116de04a90310\",\"name\":\"Tiago Zanolla\",\"image\":{\"@type\":\"ImageObject\",\"inLanguage\":\"pt-BR\",\"@id\":\"https:\/\/secure.gravatar.com\/avatar\/e647cb200c21008603a1760df42f3f713d32dd977761568b5689c47f0b1747ee?s=96&d=mm&r=g\",\"url\":\"https:\/\/secure.gravatar.com\/avatar\/e647cb200c21008603a1760df42f3f713d32dd977761568b5689c47f0b1747ee?s=96&d=mm&r=g\",\"contentUrl\":\"https:\/\/secure.gravatar.com\/avatar\/e647cb200c21008603a1760df42f3f713d32dd977761568b5689c47f0b1747ee?s=96&d=mm&r=g\",\"caption\":\"Tiago Zanolla\"},\"url\":\"https:\/\/www.estrategiaconcursos.com.br\/blog\/author\/zanolla-estrategiagmail-com\/\"}]}<\/script>\n<!-- \/ Yoast SEO Premium plugin. -->","yoast_head_json":{"title":"Prefeitura de Jo\u00e3o Pessoa abre processo seletivo para quase 900 profissionais","description":"Prefeitura de Jo\u00e3o Pessoa abre processo seletivo para quase 900 profissionais com sal\u00e1rios que variam de R$ 1.039 a R$ 7,5 mil. Inscri\u00e7\u00f5es s\u00e3o gratuitas!","robots":{"index":"index","follow":"follow","max-snippet":"max-snippet:-1","max-image-preview":"max-image-preview:large","max-video-preview":"max-video-preview:-1"},"canonical":"https:\/\/www.estrategiaconcursos.com.br\/blog\/prefeitura-de-joao-pessoa-abre-processo-seletivo\/","og_locale":"pt_BR","og_type":"article","og_title":"Prefeitura de Jo\u00e3o Pessoa abre processo seletivo para quase 900 profissionais","og_description":"Prefeitura de Jo\u00e3o Pessoa abre processo seletivo para quase 900 profissionais com sal\u00e1rios que variam de R$ 1.039 a R$ 7,5 mil. Inscri\u00e7\u00f5es s\u00e3o gratuitas!","og_url":"https:\/\/www.estrategiaconcursos.com.br\/blog\/prefeitura-de-joao-pessoa-abre-processo-seletivo\/","og_site_name":"Estrat\u00e9gia Concursos","article_published_time":"2020-02-19T20:12:58+00:00","article_modified_time":"2023-07-04T12:32:49+00:00","og_image":[{"width":1200,"height":628,"url":"https:\/\/dhg1h5j42swfq.cloudfront.net\/2019\/11\/05113857\/Saiu-Edital-5.png","type":"image\/png"}],"author":"Tiago Zanolla","twitter_card":"summary_large_image","twitter_creator":"@EstratConcursos","twitter_site":"@EstratConcursos","twitter_misc":{"Escrito por":"Tiago Zanolla","Est. tempo de leitura":"3 minutos"},"schema":{"@context":"https:\/\/schema.org","@graph":[{"@type":"NewsArticle","@id":"https:\/\/www.estrategiaconcursos.com.br\/blog\/prefeitura-de-joao-pessoa-abre-processo-seletivo\/#article","isPartOf":{"@id":"https:\/\/www.estrategiaconcursos.com.br\/blog\/prefeitura-de-joao-pessoa-abre-processo-seletivo\/"},"author":{"name":"Tiago Zanolla","@id":"https:\/\/www.estrategiaconcursos.com.br\/blog\/#\/schema\/person\/1509739fd92a40c9b52116de04a90310"},"headline":"Prefeitura de Jo\u00e3o Pessoa abre processo seletivo para quase 900 profissionais","datePublished":"2020-02-19T20:12:58+00:00","dateModified":"2023-07-04T12:32:49+00:00","mainEntityOfPage":{"@id":"https:\/\/www.estrategiaconcursos.com.br\/blog\/prefeitura-de-joao-pessoa-abre-processo-seletivo\/"},"wordCount":524,"commentCount":1,"publisher":{"@id":"https:\/\/www.estrategiaconcursos.com.br\/blog\/#organization"},"image":{"@id":"https:\/\/www.estrategiaconcursos.com.br\/blog\/prefeitura-de-joao-pessoa-abre-processo-seletivo\/#primaryimage"},"thumbnailUrl":"https:\/\/dhg1h5j42swfq.cloudfront.net\/2019\/11\/05113857\/Saiu-Edital-5.png","articleSection":["Concursos P\u00fablicos"],"inLanguage":"pt-BR","potentialAction":[{"@type":"CommentAction","name":"Comment","target":["https:\/\/www.estrategiaconcursos.com.br\/blog\/prefeitura-de-joao-pessoa-abre-processo-seletivo\/#respond"]}],"copyrightYear":"2020","copyrightHolder":{"@id":"https:\/\/www.estrategiaconcursos.com.br\/blog\/#organization"}},{"@type":"WebPage","@id":"https:\/\/www.estrategiaconcursos.com.br\/blog\/prefeitura-de-joao-pessoa-abre-processo-seletivo\/","url":"https:\/\/www.estrategiaconcursos.com.br\/blog\/prefeitura-de-joao-pessoa-abre-processo-seletivo\/","name":"Prefeitura de Jo\u00e3o Pessoa abre processo seletivo para quase 900 profissionais","isPartOf":{"@id":"https:\/\/www.estrategiaconcursos.com.br\/blog\/#website"},"primaryImageOfPage":{"@id":"https:\/\/www.estrategiaconcursos.com.br\/blog\/prefeitura-de-joao-pessoa-abre-processo-seletivo\/#primaryimage"},"image":{"@id":"https:\/\/www.estrategiaconcursos.com.br\/blog\/prefeitura-de-joao-pessoa-abre-processo-seletivo\/#primaryimage"},"thumbnailUrl":"https:\/\/dhg1h5j42swfq.cloudfront.net\/2019\/11\/05113857\/Saiu-Edital-5.png","datePublished":"2020-02-19T20:12:58+00:00","dateModified":"2023-07-04T12:32:49+00:00","description":"Prefeitura de Jo\u00e3o Pessoa abre processo seletivo para quase 900 profissionais com sal\u00e1rios que variam de R$ 1.039 a R$ 7,5 mil. Inscri\u00e7\u00f5es s\u00e3o gratuitas!","breadcrumb":{"@id":"https:\/\/www.estrategiaconcursos.com.br\/blog\/prefeitura-de-joao-pessoa-abre-processo-seletivo\/#breadcrumb"},"inLanguage":"pt-BR","potentialAction":[{"@type":"ReadAction","target":["https:\/\/www.estrategiaconcursos.com.br\/blog\/prefeitura-de-joao-pessoa-abre-processo-seletivo\/"]}]},{"@type":"ImageObject","inLanguage":"pt-BR","@id":"https:\/\/www.estrategiaconcursos.com.br\/blog\/prefeitura-de-joao-pessoa-abre-processo-seletivo\/#primaryimage","url":"https:\/\/dhg1h5j42swfq.cloudfront.net\/2019\/11\/05113857\/Saiu-Edital-5.png","contentUrl":"https:\/\/dhg1h5j42swfq.cloudfront.net\/2019\/11\/05113857\/Saiu-Edital-5.png","width":1200,"height":628,"caption":"Edital CRF MA"},{"@type":"BreadcrumbList","@id":"https:\/\/www.estrategiaconcursos.com.br\/blog\/prefeitura-de-joao-pessoa-abre-processo-seletivo\/#breadcrumb","itemListElement":[{"@type":"ListItem","position":1,"name":"In\u00edcio","item":"https:\/\/www.estrategiaconcursos.com.br\/blog\/"},{"@type":"ListItem","position":2,"name":"Prefeitura de Jo\u00e3o Pessoa abre processo seletivo para quase 900 profissionais"}]},{"@type":"WebSite","@id":"https:\/\/www.estrategiaconcursos.com.br\/blog\/#website","url":"https:\/\/www.estrategiaconcursos.com.br\/blog\/","name":"Estrat\u00e9gia Concursos","description":"O blog da Estrat\u00e9gia Concursos traz not\u00edcias sobre concursos e artigos de professores oferecendo cursos para concursos (pdf + videaulas) no site.","publisher":{"@id":"https:\/\/www.estrategiaconcursos.com.br\/blog\/#organization"},"potentialAction":[{"@type":"SearchAction","target":{"@type":"EntryPoint","urlTemplate":"https:\/\/www.estrategiaconcursos.com.br\/blog\/?s={search_term_string}"},"query-input":{"@type":"PropertyValueSpecification","valueRequired":true,"valueName":"search_term_string"}}],"inLanguage":"pt-BR"},{"@type":"Organization","@id":"https:\/\/www.estrategiaconcursos.com.br\/blog\/#organization","name":"Estrat\u00e9gia Concursos","url":"https:\/\/www.estrategiaconcursos.com.br\/blog\/","logo":{"@type":"ImageObject","inLanguage":"pt-BR","@id":"https:\/\/www.estrategiaconcursos.com.br\/blog\/#\/schema\/logo\/image\/","url":"https:\/\/dhg1h5j42swfq.cloudfront.net\/2025\/06\/03203428\/logo_concursos-1.jpg","contentUrl":"https:\/\/dhg1h5j42swfq.cloudfront.net\/2025\/06\/03203428\/logo_concursos-1.jpg","width":230,"height":60,"caption":"Estrat\u00e9gia Concursos"},"image":{"@id":"https:\/\/www.estrategiaconcursos.com.br\/blog\/#\/schema\/logo\/image\/"},"sameAs":["https:\/\/x.com\/EstratConcursos"]},{"@type":"Person","@id":"https:\/\/www.estrategiaconcursos.com.br\/blog\/#\/schema\/person\/1509739fd92a40c9b52116de04a90310","name":"Tiago Zanolla","image":{"@type":"ImageObject","inLanguage":"pt-BR","@id":"https:\/\/secure.gravatar.com\/avatar\/e647cb200c21008603a1760df42f3f713d32dd977761568b5689c47f0b1747ee?s=96&d=mm&r=g","url":"https:\/\/secure.gravatar.com\/avatar\/e647cb200c21008603a1760df42f3f713d32dd977761568b5689c47f0b1747ee?s=96&d=mm&r=g","contentUrl":"https:\/\/secure.gravatar.com\/avatar\/e647cb200c21008603a1760df42f3f713d32dd977761568b5689c47f0b1747ee?s=96&d=mm&r=g","caption":"Tiago Zanolla"},"url":"https:\/\/www.estrategiaconcursos.com.br\/blog\/author\/zanolla-estrategiagmail-com\/"}]}},"_links":{"self":[{"href":"https:\/\/www.estrategiaconcursos.com.br\/blog\/wp-json\/wp\/v2\/posts\/483848","targetHints":{"allow":["GET"]}}],"collection":[{"href":"https:\/\/www.estrategiaconcursos.com.br\/blog\/wp-json\/wp\/v2\/posts"}],"about":[{"href":"https:\/\/www.estrategiaconcursos.com.br\/blog\/wp-json\/wp\/v2\/types\/post"}],"author":[{"embeddable":true,"href":"https:\/\/www.estrategiaconcursos.com.br\/blog\/wp-json\/wp\/v2\/users\/388"}],"replies":[{"embeddable":true,"href":"https:\/\/www.estrategiaconcursos.com.br\/blog\/wp-json\/wp\/v2\/comments?post=483848"}],"version-history":[{"count":6,"href":"https:\/\/www.estrategiaconcursos.com.br\/blog\/wp-json\/wp\/v2\/posts\/483848\/revisions"}],"predecessor-version":[{"id":1242985,"href":"https:\/\/www.estrategiaconcursos.com.br\/blog\/wp-json\/wp\/v2\/posts\/483848\/revisions\/1242985"}],"wp:featuredmedia":[{"embeddable":true,"href":"https:\/\/www.estrategiaconcursos.com.br\/blog\/wp-json\/wp\/v2\/media\/444277"}],"wp:attachment":[{"href":"https:\/\/www.estrategiaconcursos.com.br\/blog\/wp-json\/wp\/v2\/media?parent=483848"}],"wp:term":[{"taxonomy":"category","embeddable":true,"href":"https:\/\/www.estrategiaconcursos.com.br\/blog\/wp-json\/wp\/v2\/categories?post=483848"},{"taxonomy":"post_tag","embeddable":true,"href":"https:\/\/www.estrategiaconcursos.com.br\/blog\/wp-json\/wp\/v2\/tags?post=483848"},{"taxonomy":"tax_estado","embeddable":true,"href":"https:\/\/www.estrategiaconcursos.com.br\/blog\/wp-json\/wp\/v2\/tax_estado?post=483848"}],"curies":[{"name":"wp","href":"https:\/\/api.w.org\/{rel}","templated":true}]}}