{"id":483673,"date":"2020-02-19T10:29:27","date_gmt":"2020-02-19T13:29:27","guid":{"rendered":"https:\/\/www.estrategiaconcursos.com.br\/blog\/?p=483673"},"modified":"2023-07-06T11:20:09","modified_gmt":"2023-07-06T14:20:09","slug":"retificacoes-do-concurso-prefeitura-de-abreu-e-lima","status":"publish","type":"post","link":"https:\/\/www.estrategiaconcursos.com.br\/blog\/retificacoes-do-concurso-prefeitura-de-abreu-e-lima\/","title":{"rendered":"Divulgadas retifica\u00e7\u00f5es do concurso Prefeitura de Abreu e Lima"},"content":{"rendered":"\n<p>Foram divulgadas nesta quarta-feira, 19 de fevereiro, retifica\u00e7\u00f5es referentes ao conte\u00fado program\u00e1tico do edital do concurso p\u00fablico da Prefeitura de Abreu e Lima, Pernambuco.<\/p>\n\n\n\n<p>A primeira altera\u00e7\u00e3o foi no sal\u00e1rio inicial de todos os cargos de n\u00edvel&nbsp;<strong>fundamental&nbsp;<\/strong>que agora passam a ter o vencimento inicial no valor de&nbsp;<strong>R$ 1.045,00<\/strong>.<\/p>\n\n\n\n<p>J\u00e1 a segunda retifica\u00e7\u00e3o, foi no conte\u00fado program\u00e1tico, m\u00f3dulo II, (Conhecimentos Espec\u00edficos) para arquiteto e m\u00f3dulo I na disciplina de  racioc\u00ednio l\u00f3gico-matem\u00e1tica para Analista Judici\u00e1rio de Procuradoria, Auditor Fiscal e T\u00e9cnico em Controle Interno.<\/p>\n\n\n\n<p>O per\u00edodo para que os candidatos solicitem a isen\u00e7\u00e3o no valor da taxa fixada do concurso passou de 17 a 19 de fevereiro para&nbsp;<strong>18 a 20 de fevereiro<\/strong>. <\/p>\n\n\n\n<p>Al\u00e9m disso, os requisitos de escolaridade dos cargos de Assistente Social, Enfermeiro, Enfermeiro RAS, Bi\u00f3logo Sanitarista, Odont\u00f3logo RAS, Sanitarista RAS, M\u00e9dico Cardiologista RAS, M\u00e9dico em Seguran\u00e7a do Trabalho, M\u00e9dico Neurologista RAS, M\u00e9dico Psiquiatra RAS tamb\u00e9m sofreram altera\u00e7\u00e3o.<\/p>\n\n\n\n<p>Estas foram as altera\u00e7\u00f5es mais relevantes publicadas no edital de retifica\u00e7\u00e3o do concurso p\u00fablico Prefeitura de Abreu e Lima.<\/p>\n\n\n\n<p>Vale ressaltar que o certame oferta 1.320 vagas, sendo&nbsp;<strong>522 para provimento imediato e 798 destinadas \u00e0 forma\u00e7\u00e3o de cadastro reserva<\/strong>, distribu\u00eddas entre cargos de n\u00edvel fundamental, m\u00e9dio e superior.<\/p>\n\n\n\n<p class=\"has-text-align-center\"> <strong>Ficou interessado no certame? Quer saber mais detalhes a respeito do concurso Prefeitura de Abreu e Lima? Ent\u00e3o acesse o link abaixo e veja tudo na \u00edntegra!!<\/strong> <\/p>\n\n\n\n<p class=\"has-text-align-center has-very-light-gray-background-color has-background\" style=\"font-size:clamp(14.642px, 0.915rem + ((1vw - 3.2px) * 0.721), 22px);px\"><strong><a href=\"https:\/\/www.estrategiaconcursos.com.br\/blog\/concurso-prefeitura-de-abreu-e-lima\/\" target=\"_blank\" rel=\"noreferrer noopener\" aria-label=\"Saiba mais: concurso Prefeitura Abreu e Lima (abre numa nova aba)\">Saiba mais: concurso Prefeitura Abreu e Lima<\/a><\/strong><\/p>\n\n\n\n<h2 class=\"wp-block-heading has-text-align-center\" id=\"cursos-assinatura\">Quer estudar para o concurso Prefeitura de Abreu e Lima?<\/h2>\n\n\n\n<p class=\"has-text-align-center\"><em>Gostou desta oportunidade e deseja come\u00e7ar se preparar agora mesmo? Ent\u00e3o, confira os nossos cursos e comece a estudar:<\/em><\/p>\n\n\n\n<p class=\"has-text-align-center has-luminous-vivid-amber-background-color has-background\" style=\"font-size:clamp(14.642px, 0.915rem + ((1vw - 3.2px) * 0.721), 22px);px\"><strong><a href=\"https:\/\/www.estrategiaconcursos.com.br\/cursosPorConcurso\/prefeitura-municipal-de-abreu-e-lima-pe\/\" target=\"_blank\" rel=\"noreferrer noopener\">Cursos Prefeitura de Abreu e Lima<\/a><\/strong><\/p>\n\n\n\n<p class=\"has-text-align-center\"><em><strong>Assinatura Anual Ilimitada*<\/strong><\/em><\/p>\n\n\n\n<p class=\"has-text-align-center\"><em>Prepare-se com o melhor material e com quem mais aprova em Concursos P\u00fablicos em todo o pa\u00eds. Assine agora a nossa Assinatura Anual e tenha acesso ilimitado* a todos os nossos cursos.<\/em><\/p>\n\n\n\n<p class=\"has-text-align-center has-light-green-cyan-background-color has-background\"><strong>ASSINE AGORA<\/strong>&nbsp;\u2013&nbsp;<strong><a rel=\"noreferrer noopener\" href=\"https:\/\/www.estrategiaconcursos.com.br\/assinaturas\" target=\"_blank\">Assinatura Ilimitada<\/a><\/strong><\/p>\n\n\n\n<p class=\"has-text-align-center\"><strong><em>Fique por dentro de todos os concursos<\/em><\/strong><\/p>\n\n\n\n<p class=\"has-text-align-center has-pale-cyan-blue-background-color has-background\"><a href=\"https:\/\/www.estrategiaconcursos.com.br\/blog\/concursos-abertos\/\" target=\"_blank\" rel=\"noreferrer noopener\"><strong>CONCURSOS ABERTOS<\/strong><\/a><\/p>\n","protected":false},"excerpt":{"rendered":"<p>Foram divulgadas nesta quarta-feira, 19 de fevereiro, retifica\u00e7\u00f5es referentes ao conte\u00fado program\u00e1tico do edital do concurso p\u00fablico da Prefeitura de Abreu e Lima, Pernambuco. A primeira altera\u00e7\u00e3o foi no sal\u00e1rio inicial de todos os cargos de n\u00edvel&nbsp;fundamental&nbsp;que agora passam a ter o vencimento inicial no valor de&nbsp;R$ 1.045,00. J\u00e1 a segunda retifica\u00e7\u00e3o, foi no conte\u00fado [&hellip;]<\/p>\n","protected":false},"author":263,"featured_media":483683,"comment_status":"open","ping_status":"closed","sticky":false,"template":"","format":"standard","meta":{"post_tipo":"article","footnotes":""},"categories":[1],"tags":[],"tax_estado":[],"class_list":["post-483673","post","type-post","status-publish","format-standard","has-post-thumbnail","hentry","category-cursos-e-concursos"],"acf":[],"yoast_head":"<!-- This site is optimized with the Yoast SEO Premium plugin v27.2 (Yoast SEO v27.2) - https:\/\/yoast.com\/product\/yoast-seo-premium-wordpress\/ -->\n<title>Divulgadas retifica\u00e7\u00f5es do concurso Prefeitura de Abreu e Lima<\/title>\n<meta name=\"description\" content=\"Foram divulgadas nesta quarta-feira (19) as primeiras retifica\u00e7\u00f5es do concurso Prefeitura de Abreu e Lima. Entenda quais foram as altera\u00e7\u00f5es!\" \/>\n<meta name=\"robots\" content=\"index, follow, max-snippet:-1, max-image-preview:large, max-video-preview:-1\" \/>\n<link rel=\"canonical\" href=\"https:\/\/www.estrategiaconcursos.com.br\/blog\/retificacoes-do-concurso-prefeitura-de-abreu-e-lima\/\" \/>\n<meta property=\"og:locale\" content=\"pt_BR\" \/>\n<meta property=\"og:type\" content=\"article\" \/>\n<meta property=\"og:title\" content=\"Divulgadas retifica\u00e7\u00f5es do concurso Prefeitura de Abreu e Lima\" \/>\n<meta property=\"og:description\" content=\"Foram divulgadas nesta quarta-feira (19) as primeiras retifica\u00e7\u00f5es do concurso Prefeitura de Abreu e Lima. Entenda quais foram as altera\u00e7\u00f5es!\" \/>\n<meta property=\"og:url\" content=\"https:\/\/www.estrategiaconcursos.com.br\/blog\/retificacoes-do-concurso-prefeitura-de-abreu-e-lima\/\" \/>\n<meta property=\"og:site_name\" content=\"Estrat\u00e9gia Concursos\" \/>\n<meta property=\"article:published_time\" content=\"2020-02-19T13:29:27+00:00\" \/>\n<meta property=\"article:modified_time\" content=\"2023-07-06T14:20:09+00:00\" \/>\n<meta property=\"og:image\" content=\"https:\/\/dhg1h5j42swfq.cloudfront.net\/2020\/02\/19102847\/abreu-e-lima.jpg\" \/>\n\t<meta property=\"og:image:width\" content=\"708\" \/>\n\t<meta property=\"og:image:height\" content=\"400\" \/>\n\t<meta property=\"og:image:type\" content=\"image\/jpeg\" \/>\n<meta name=\"author\" content=\"Daniel dos Reis Lopes\" \/>\n<meta name=\"twitter:card\" content=\"summary_large_image\" \/>\n<meta name=\"twitter:creator\" content=\"@EstratConcursos\" \/>\n<meta name=\"twitter:site\" content=\"@EstratConcursos\" \/>\n<meta name=\"twitter:label1\" content=\"Escrito por\" \/>\n\t<meta name=\"twitter:data1\" content=\"Daniel dos Reis Lopes\" \/>\n\t<meta name=\"twitter:label2\" content=\"Est. tempo de leitura\" \/>\n\t<meta name=\"twitter:data2\" content=\"2 minutos\" \/>\n<script type=\"application\/ld+json\" class=\"yoast-schema-graph\">{\"@context\":\"https:\/\/schema.org\",\"@graph\":[{\"@type\":\"NewsArticle\",\"@id\":\"https:\/\/www.estrategiaconcursos.com.br\/blog\/retificacoes-do-concurso-prefeitura-de-abreu-e-lima\/#article\",\"isPartOf\":{\"@id\":\"https:\/\/www.estrategiaconcursos.com.br\/blog\/retificacoes-do-concurso-prefeitura-de-abreu-e-lima\/\"},\"author\":{\"name\":\"Daniel dos Reis Lopes\",\"@id\":\"https:\/\/www.estrategiaconcursos.com.br\/blog\/#\/schema\/person\/86e4af37234d422e94ca7e825b416814\"},\"headline\":\"Divulgadas retifica\u00e7\u00f5es do concurso Prefeitura de Abreu e Lima\",\"datePublished\":\"2020-02-19T13:29:27+00:00\",\"dateModified\":\"2023-07-06T14:20:09+00:00\",\"mainEntityOfPage\":{\"@id\":\"https:\/\/www.estrategiaconcursos.com.br\/blog\/retificacoes-do-concurso-prefeitura-de-abreu-e-lima\/\"},\"wordCount\":366,\"commentCount\":0,\"publisher\":{\"@id\":\"https:\/\/www.estrategiaconcursos.com.br\/blog\/#organization\"},\"image\":{\"@id\":\"https:\/\/www.estrategiaconcursos.com.br\/blog\/retificacoes-do-concurso-prefeitura-de-abreu-e-lima\/#primaryimage\"},\"thumbnailUrl\":\"https:\/\/dhg1h5j42swfq.cloudfront.net\/2020\/02\/19102847\/abreu-e-lima.jpg\",\"articleSection\":[\"Concursos P\u00fablicos\"],\"inLanguage\":\"pt-BR\",\"potentialAction\":[{\"@type\":\"CommentAction\",\"name\":\"Comment\",\"target\":[\"https:\/\/www.estrategiaconcursos.com.br\/blog\/retificacoes-do-concurso-prefeitura-de-abreu-e-lima\/#respond\"]}],\"copyrightYear\":\"2020\",\"copyrightHolder\":{\"@id\":\"https:\/\/www.estrategiaconcursos.com.br\/blog\/#organization\"}},{\"@type\":\"WebPage\",\"@id\":\"https:\/\/www.estrategiaconcursos.com.br\/blog\/retificacoes-do-concurso-prefeitura-de-abreu-e-lima\/\",\"url\":\"https:\/\/www.estrategiaconcursos.com.br\/blog\/retificacoes-do-concurso-prefeitura-de-abreu-e-lima\/\",\"name\":\"Divulgadas retifica\u00e7\u00f5es do concurso Prefeitura de Abreu e Lima\",\"isPartOf\":{\"@id\":\"https:\/\/www.estrategiaconcursos.com.br\/blog\/#website\"},\"primaryImageOfPage\":{\"@id\":\"https:\/\/www.estrategiaconcursos.com.br\/blog\/retificacoes-do-concurso-prefeitura-de-abreu-e-lima\/#primaryimage\"},\"image\":{\"@id\":\"https:\/\/www.estrategiaconcursos.com.br\/blog\/retificacoes-do-concurso-prefeitura-de-abreu-e-lima\/#primaryimage\"},\"thumbnailUrl\":\"https:\/\/dhg1h5j42swfq.cloudfront.net\/2020\/02\/19102847\/abreu-e-lima.jpg\",\"datePublished\":\"2020-02-19T13:29:27+00:00\",\"dateModified\":\"2023-07-06T14:20:09+00:00\",\"description\":\"Foram divulgadas nesta quarta-feira (19) as primeiras retifica\u00e7\u00f5es do concurso Prefeitura de Abreu e Lima. Entenda quais foram as altera\u00e7\u00f5es!\",\"breadcrumb\":{\"@id\":\"https:\/\/www.estrategiaconcursos.com.br\/blog\/retificacoes-do-concurso-prefeitura-de-abreu-e-lima\/#breadcrumb\"},\"inLanguage\":\"pt-BR\",\"potentialAction\":[{\"@type\":\"ReadAction\",\"target\":[\"https:\/\/www.estrategiaconcursos.com.br\/blog\/retificacoes-do-concurso-prefeitura-de-abreu-e-lima\/\"]}]},{\"@type\":\"ImageObject\",\"inLanguage\":\"pt-BR\",\"@id\":\"https:\/\/www.estrategiaconcursos.com.br\/blog\/retificacoes-do-concurso-prefeitura-de-abreu-e-lima\/#primaryimage\",\"url\":\"https:\/\/dhg1h5j42swfq.cloudfront.net\/2020\/02\/19102847\/abreu-e-lima.jpg\",\"contentUrl\":\"https:\/\/dhg1h5j42swfq.cloudfront.net\/2020\/02\/19102847\/abreu-e-lima.jpg\",\"width\":708,\"height\":400,\"caption\":\"Concurso abreu e lima\"},{\"@type\":\"BreadcrumbList\",\"@id\":\"https:\/\/www.estrategiaconcursos.com.br\/blog\/retificacoes-do-concurso-prefeitura-de-abreu-e-lima\/#breadcrumb\",\"itemListElement\":[{\"@type\":\"ListItem\",\"position\":1,\"name\":\"In\u00edcio\",\"item\":\"https:\/\/www.estrategiaconcursos.com.br\/blog\/\"},{\"@type\":\"ListItem\",\"position\":2,\"name\":\"Divulgadas retifica\u00e7\u00f5es do concurso Prefeitura de Abreu e Lima\"}]},{\"@type\":\"WebSite\",\"@id\":\"https:\/\/www.estrategiaconcursos.com.br\/blog\/#website\",\"url\":\"https:\/\/www.estrategiaconcursos.com.br\/blog\/\",\"name\":\"Estrat\u00e9gia Concursos\",\"description\":\"O blog da Estrat\u00e9gia Concursos traz not\u00edcias sobre concursos e artigos de professores oferecendo cursos para concursos (pdf + videaulas) no site.\",\"publisher\":{\"@id\":\"https:\/\/www.estrategiaconcursos.com.br\/blog\/#organization\"},\"potentialAction\":[{\"@type\":\"SearchAction\",\"target\":{\"@type\":\"EntryPoint\",\"urlTemplate\":\"https:\/\/www.estrategiaconcursos.com.br\/blog\/?s={search_term_string}\"},\"query-input\":{\"@type\":\"PropertyValueSpecification\",\"valueRequired\":true,\"valueName\":\"search_term_string\"}}],\"inLanguage\":\"pt-BR\"},{\"@type\":\"Organization\",\"@id\":\"https:\/\/www.estrategiaconcursos.com.br\/blog\/#organization\",\"name\":\"Estrat\u00e9gia Concursos\",\"url\":\"https:\/\/www.estrategiaconcursos.com.br\/blog\/\",\"logo\":{\"@type\":\"ImageObject\",\"inLanguage\":\"pt-BR\",\"@id\":\"https:\/\/www.estrategiaconcursos.com.br\/blog\/#\/schema\/logo\/image\/\",\"url\":\"https:\/\/dhg1h5j42swfq.cloudfront.net\/2025\/06\/03203428\/logo_concursos-1.jpg\",\"contentUrl\":\"https:\/\/dhg1h5j42swfq.cloudfront.net\/2025\/06\/03203428\/logo_concursos-1.jpg\",\"width\":230,\"height\":60,\"caption\":\"Estrat\u00e9gia Concursos\"},\"image\":{\"@id\":\"https:\/\/www.estrategiaconcursos.com.br\/blog\/#\/schema\/logo\/image\/\"},\"sameAs\":[\"https:\/\/x.com\/EstratConcursos\"]},{\"@type\":\"Person\",\"@id\":\"https:\/\/www.estrategiaconcursos.com.br\/blog\/#\/schema\/person\/86e4af37234d422e94ca7e825b416814\",\"name\":\"Daniel dos Reis Lopes\",\"image\":{\"@type\":\"ImageObject\",\"inLanguage\":\"pt-BR\",\"@id\":\"https:\/\/secure.gravatar.com\/avatar\/ea24ef981da4044d0a66f44402441129fdde22c4c8d87f39a45cae8d4f82075a?s=96&d=mm&r=g\",\"url\":\"https:\/\/secure.gravatar.com\/avatar\/ea24ef981da4044d0a66f44402441129fdde22c4c8d87f39a45cae8d4f82075a?s=96&d=mm&r=g\",\"contentUrl\":\"https:\/\/secure.gravatar.com\/avatar\/ea24ef981da4044d0a66f44402441129fdde22c4c8d87f39a45cae8d4f82075a?s=96&d=mm&r=g\",\"caption\":\"Daniel dos Reis Lopes\"},\"url\":\"https:\/\/www.estrategiaconcursos.com.br\/blog\/author\/d-reislopesgmail-com\/\"}]}<\/script>\n<!-- \/ Yoast SEO Premium plugin. -->","yoast_head_json":{"title":"Divulgadas retifica\u00e7\u00f5es do concurso Prefeitura de Abreu e Lima","description":"Foram divulgadas nesta quarta-feira (19) as primeiras retifica\u00e7\u00f5es do concurso Prefeitura de Abreu e Lima. Entenda quais foram as altera\u00e7\u00f5es!","robots":{"index":"index","follow":"follow","max-snippet":"max-snippet:-1","max-image-preview":"max-image-preview:large","max-video-preview":"max-video-preview:-1"},"canonical":"https:\/\/www.estrategiaconcursos.com.br\/blog\/retificacoes-do-concurso-prefeitura-de-abreu-e-lima\/","og_locale":"pt_BR","og_type":"article","og_title":"Divulgadas retifica\u00e7\u00f5es do concurso Prefeitura de Abreu e Lima","og_description":"Foram divulgadas nesta quarta-feira (19) as primeiras retifica\u00e7\u00f5es do concurso Prefeitura de Abreu e Lima. Entenda quais foram as altera\u00e7\u00f5es!","og_url":"https:\/\/www.estrategiaconcursos.com.br\/blog\/retificacoes-do-concurso-prefeitura-de-abreu-e-lima\/","og_site_name":"Estrat\u00e9gia Concursos","article_published_time":"2020-02-19T13:29:27+00:00","article_modified_time":"2023-07-06T14:20:09+00:00","og_image":[{"width":708,"height":400,"url":"https:\/\/dhg1h5j42swfq.cloudfront.net\/2020\/02\/19102847\/abreu-e-lima.jpg","type":"image\/jpeg"}],"author":"Daniel dos Reis Lopes","twitter_card":"summary_large_image","twitter_creator":"@EstratConcursos","twitter_site":"@EstratConcursos","twitter_misc":{"Escrito por":"Daniel dos Reis Lopes","Est. tempo de leitura":"2 minutos"},"schema":{"@context":"https:\/\/schema.org","@graph":[{"@type":"NewsArticle","@id":"https:\/\/www.estrategiaconcursos.com.br\/blog\/retificacoes-do-concurso-prefeitura-de-abreu-e-lima\/#article","isPartOf":{"@id":"https:\/\/www.estrategiaconcursos.com.br\/blog\/retificacoes-do-concurso-prefeitura-de-abreu-e-lima\/"},"author":{"name":"Daniel dos Reis Lopes","@id":"https:\/\/www.estrategiaconcursos.com.br\/blog\/#\/schema\/person\/86e4af37234d422e94ca7e825b416814"},"headline":"Divulgadas retifica\u00e7\u00f5es do concurso Prefeitura de Abreu e Lima","datePublished":"2020-02-19T13:29:27+00:00","dateModified":"2023-07-06T14:20:09+00:00","mainEntityOfPage":{"@id":"https:\/\/www.estrategiaconcursos.com.br\/blog\/retificacoes-do-concurso-prefeitura-de-abreu-e-lima\/"},"wordCount":366,"commentCount":0,"publisher":{"@id":"https:\/\/www.estrategiaconcursos.com.br\/blog\/#organization"},"image":{"@id":"https:\/\/www.estrategiaconcursos.com.br\/blog\/retificacoes-do-concurso-prefeitura-de-abreu-e-lima\/#primaryimage"},"thumbnailUrl":"https:\/\/dhg1h5j42swfq.cloudfront.net\/2020\/02\/19102847\/abreu-e-lima.jpg","articleSection":["Concursos P\u00fablicos"],"inLanguage":"pt-BR","potentialAction":[{"@type":"CommentAction","name":"Comment","target":["https:\/\/www.estrategiaconcursos.com.br\/blog\/retificacoes-do-concurso-prefeitura-de-abreu-e-lima\/#respond"]}],"copyrightYear":"2020","copyrightHolder":{"@id":"https:\/\/www.estrategiaconcursos.com.br\/blog\/#organization"}},{"@type":"WebPage","@id":"https:\/\/www.estrategiaconcursos.com.br\/blog\/retificacoes-do-concurso-prefeitura-de-abreu-e-lima\/","url":"https:\/\/www.estrategiaconcursos.com.br\/blog\/retificacoes-do-concurso-prefeitura-de-abreu-e-lima\/","name":"Divulgadas retifica\u00e7\u00f5es do concurso Prefeitura de Abreu e Lima","isPartOf":{"@id":"https:\/\/www.estrategiaconcursos.com.br\/blog\/#website"},"primaryImageOfPage":{"@id":"https:\/\/www.estrategiaconcursos.com.br\/blog\/retificacoes-do-concurso-prefeitura-de-abreu-e-lima\/#primaryimage"},"image":{"@id":"https:\/\/www.estrategiaconcursos.com.br\/blog\/retificacoes-do-concurso-prefeitura-de-abreu-e-lima\/#primaryimage"},"thumbnailUrl":"https:\/\/dhg1h5j42swfq.cloudfront.net\/2020\/02\/19102847\/abreu-e-lima.jpg","datePublished":"2020-02-19T13:29:27+00:00","dateModified":"2023-07-06T14:20:09+00:00","description":"Foram divulgadas nesta quarta-feira (19) as primeiras retifica\u00e7\u00f5es do concurso Prefeitura de Abreu e Lima. Entenda quais foram as altera\u00e7\u00f5es!","breadcrumb":{"@id":"https:\/\/www.estrategiaconcursos.com.br\/blog\/retificacoes-do-concurso-prefeitura-de-abreu-e-lima\/#breadcrumb"},"inLanguage":"pt-BR","potentialAction":[{"@type":"ReadAction","target":["https:\/\/www.estrategiaconcursos.com.br\/blog\/retificacoes-do-concurso-prefeitura-de-abreu-e-lima\/"]}]},{"@type":"ImageObject","inLanguage":"pt-BR","@id":"https:\/\/www.estrategiaconcursos.com.br\/blog\/retificacoes-do-concurso-prefeitura-de-abreu-e-lima\/#primaryimage","url":"https:\/\/dhg1h5j42swfq.cloudfront.net\/2020\/02\/19102847\/abreu-e-lima.jpg","contentUrl":"https:\/\/dhg1h5j42swfq.cloudfront.net\/2020\/02\/19102847\/abreu-e-lima.jpg","width":708,"height":400,"caption":"Concurso abreu e lima"},{"@type":"BreadcrumbList","@id":"https:\/\/www.estrategiaconcursos.com.br\/blog\/retificacoes-do-concurso-prefeitura-de-abreu-e-lima\/#breadcrumb","itemListElement":[{"@type":"ListItem","position":1,"name":"In\u00edcio","item":"https:\/\/www.estrategiaconcursos.com.br\/blog\/"},{"@type":"ListItem","position":2,"name":"Divulgadas retifica\u00e7\u00f5es do concurso Prefeitura de Abreu e Lima"}]},{"@type":"WebSite","@id":"https:\/\/www.estrategiaconcursos.com.br\/blog\/#website","url":"https:\/\/www.estrategiaconcursos.com.br\/blog\/","name":"Estrat\u00e9gia Concursos","description":"O blog da Estrat\u00e9gia Concursos traz not\u00edcias sobre concursos e artigos de professores oferecendo cursos para concursos (pdf + videaulas) no site.","publisher":{"@id":"https:\/\/www.estrategiaconcursos.com.br\/blog\/#organization"},"potentialAction":[{"@type":"SearchAction","target":{"@type":"EntryPoint","urlTemplate":"https:\/\/www.estrategiaconcursos.com.br\/blog\/?s={search_term_string}"},"query-input":{"@type":"PropertyValueSpecification","valueRequired":true,"valueName":"search_term_string"}}],"inLanguage":"pt-BR"},{"@type":"Organization","@id":"https:\/\/www.estrategiaconcursos.com.br\/blog\/#organization","name":"Estrat\u00e9gia Concursos","url":"https:\/\/www.estrategiaconcursos.com.br\/blog\/","logo":{"@type":"ImageObject","inLanguage":"pt-BR","@id":"https:\/\/www.estrategiaconcursos.com.br\/blog\/#\/schema\/logo\/image\/","url":"https:\/\/dhg1h5j42swfq.cloudfront.net\/2025\/06\/03203428\/logo_concursos-1.jpg","contentUrl":"https:\/\/dhg1h5j42swfq.cloudfront.net\/2025\/06\/03203428\/logo_concursos-1.jpg","width":230,"height":60,"caption":"Estrat\u00e9gia Concursos"},"image":{"@id":"https:\/\/www.estrategiaconcursos.com.br\/blog\/#\/schema\/logo\/image\/"},"sameAs":["https:\/\/x.com\/EstratConcursos"]},{"@type":"Person","@id":"https:\/\/www.estrategiaconcursos.com.br\/blog\/#\/schema\/person\/86e4af37234d422e94ca7e825b416814","name":"Daniel dos Reis Lopes","image":{"@type":"ImageObject","inLanguage":"pt-BR","@id":"https:\/\/secure.gravatar.com\/avatar\/ea24ef981da4044d0a66f44402441129fdde22c4c8d87f39a45cae8d4f82075a?s=96&d=mm&r=g","url":"https:\/\/secure.gravatar.com\/avatar\/ea24ef981da4044d0a66f44402441129fdde22c4c8d87f39a45cae8d4f82075a?s=96&d=mm&r=g","contentUrl":"https:\/\/secure.gravatar.com\/avatar\/ea24ef981da4044d0a66f44402441129fdde22c4c8d87f39a45cae8d4f82075a?s=96&d=mm&r=g","caption":"Daniel dos Reis Lopes"},"url":"https:\/\/www.estrategiaconcursos.com.br\/blog\/author\/d-reislopesgmail-com\/"}]}},"_links":{"self":[{"href":"https:\/\/www.estrategiaconcursos.com.br\/blog\/wp-json\/wp\/v2\/posts\/483673","targetHints":{"allow":["GET"]}}],"collection":[{"href":"https:\/\/www.estrategiaconcursos.com.br\/blog\/wp-json\/wp\/v2\/posts"}],"about":[{"href":"https:\/\/www.estrategiaconcursos.com.br\/blog\/wp-json\/wp\/v2\/types\/post"}],"author":[{"embeddable":true,"href":"https:\/\/www.estrategiaconcursos.com.br\/blog\/wp-json\/wp\/v2\/users\/263"}],"replies":[{"embeddable":true,"href":"https:\/\/www.estrategiaconcursos.com.br\/blog\/wp-json\/wp\/v2\/comments?post=483673"}],"version-history":[{"count":3,"href":"https:\/\/www.estrategiaconcursos.com.br\/blog\/wp-json\/wp\/v2\/posts\/483673\/revisions"}],"predecessor-version":[{"id":1244283,"href":"https:\/\/www.estrategiaconcursos.com.br\/blog\/wp-json\/wp\/v2\/posts\/483673\/revisions\/1244283"}],"wp:featuredmedia":[{"embeddable":true,"href":"https:\/\/www.estrategiaconcursos.com.br\/blog\/wp-json\/wp\/v2\/media\/483683"}],"wp:attachment":[{"href":"https:\/\/www.estrategiaconcursos.com.br\/blog\/wp-json\/wp\/v2\/media?parent=483673"}],"wp:term":[{"taxonomy":"category","embeddable":true,"href":"https:\/\/www.estrategiaconcursos.com.br\/blog\/wp-json\/wp\/v2\/categories?post=483673"},{"taxonomy":"post_tag","embeddable":true,"href":"https:\/\/www.estrategiaconcursos.com.br\/blog\/wp-json\/wp\/v2\/tags?post=483673"},{"taxonomy":"tax_estado","embeddable":true,"href":"https:\/\/www.estrategiaconcursos.com.br\/blog\/wp-json\/wp\/v2\/tax_estado?post=483673"}],"curies":[{"name":"wp","href":"https:\/\/api.w.org\/{rel}","templated":true}]}}