{"id":483555,"date":"2020-02-18T19:45:33","date_gmt":"2020-02-18T22:45:33","guid":{"rendered":"https:\/\/www.estrategiaconcursos.com.br\/blog\/?p=483555"},"modified":"2020-02-18T19:45:35","modified_gmt":"2020-02-18T22:45:35","slug":"fumec-campinas-extrato-de-contratacao-da-vunesp-como-organizadora-e-publicado","status":"publish","type":"post","link":"https:\/\/www.estrategiaconcursos.com.br\/blog\/fumec-campinas-extrato-de-contratacao-da-vunesp-como-organizadora-e-publicado\/","title":{"rendered":"FUMEC Campinas: Extrato de contrata\u00e7\u00e3o da VUNESP como organizadora \u00e9 publicado!"},"content":{"rendered":"\n<p>Foi publicado nesta ter\u00e7a-feira, 18 de fevereiro, o extrato de contrata\u00e7\u00e3o da banca organizadora Funda\u00e7\u00e3o para Vestibular da Universidade Estadual J\u00falio de Mesquita Filho &#8211; VUNESP como organizadora do concurso da  Funda\u00e7\u00e3o Municipal para Educa\u00e7\u00e3o Comunit\u00e1ria de Campinas &#8211; FUMEC Campinas. <\/p>\n\n\n\n<p> No dia 22 de janeiro o \u00f3rg\u00e3o j\u00e1 havia publicado no Di\u00e1rio Oficial de Campinas, a autoriza\u00e7\u00e3o para contrata\u00e7\u00e3o da Vunesp como organizadora do seu pr\u00f3ximo concurso. <\/p>\n\n\n\n<p>Acompanhe abaixo a nova publica\u00e7\u00e3o: <\/p>\n\n\n\n<figure class=\"wp-block-image size-large\"><img loading=\"lazy\" decoding=\"async\" width=\"660\" height=\"363\" src=\"https:\/\/dhg1h5j42swfq.cloudfront.net\/2020\/02\/18193504\/image-5-1.png\" alt=\"\" class=\"wp-image-483557\" srcset=\"https:\/\/dhg1h5j42swfq.cloudfront.net\/2020\/02\/18193504\/image-5-1.png 660w, https:\/\/dhg1h5j42swfq.cloudfront.net\/2020\/02\/18193504\/image-5-1-300x165.png 300w, https:\/\/dhg1h5j42swfq.cloudfront.net\/2020\/02\/18193504\/image-5-1-610x336.png 610w\" sizes=\"auto, (max-width: 660px) 100vw, 660px\" \/><\/figure>\n\n\n\n<p>A&nbsp;<strong>Funda\u00e7\u00e3o Municipal para Educa\u00e7\u00e3o Comunit\u00e1ria (FUMEC)<\/strong>&nbsp;tem o  objetivo de desenvolver atividades educacionais, seguindo orienta\u00e7\u00e3o comunit\u00e1ria e inclusiva, sem preconceito de origem, ra\u00e7a, sexo, cor, idade, religi\u00e3o, nacionalidade e quaisquer outras formas de discrimina\u00e7\u00e3o, por meio de programas de alfabetiza\u00e7\u00e3o e educa\u00e7\u00e3o de jovens, adultos e idosos, de educa\u00e7\u00e3o profissional e de atendimento \u00e0s situa\u00e7\u00f5es emergenciais da Secretaria Municipal de Educa\u00e7\u00e3o. <\/p>\n\n\n\n<p>Ainda que n\u00e3o se saiba a quantidade de vagas, os cargos a serem  providos ser\u00e3o de: <strong><em>Administrador; Agente Administrativo e Professor de Educa\u00e7\u00e3o B\u00e1sica II.<\/em><\/strong><\/p>\n\n\n\n<p style=\"font-size:22px\" class=\"has-background has-text-align-center has-luminous-vivid-amber-background-color\"><strong><em>Mais informa\u00e7\u00f5es<\/em>: <a rel=\"noreferrer noopener\" aria-label=\"Concurso FUMEC Campinas (abre numa nova aba)\" href=\"https:\/\/www.estrategiaconcursos.com.br\/blog\/concurso-fumec-campinas\/\" target=\"_blank\">Concurso FUMEC Campinas<\/a><\/strong><\/p>\n\n\n\n<h2 class=\"has-text-align-center wp-block-heading\">Quer estudar para FUMEC Campinas? <\/h2>\n\n\n\n<p class=\"has-text-align-center\"><em><strong>Assinatura Anual Ilimitada*<\/strong><\/em><\/p>\n\n\n\n<p class=\"has-text-align-center\"><em>Prepare-se com o melhor material e com quem mais aprova em Concursos P\u00fablicos em todo o pa\u00eds. Assine agora a nossa Assinatura Anual e tenha acesso ilimitado* a todos os nossos cursos.<\/em><\/p>\n\n\n\n<p class=\"has-background has-text-align-center has-light-green-cyan-background-color\"><strong>ASSINE AGORA<\/strong>&nbsp;\u2013&nbsp;<a rel=\"noreferrer noopener\" href=\"https:\/\/www.estrategiaconcursos.com.br\/assinaturas\/\" target=\"_blank\"><strong>Assinatura Ilimitada<\/strong><\/a><\/p>\n\n\n\n<p class=\"has-background has-text-align-center has-medium-font-size has-pale-cyan-blue-background-color\"><strong><a href=\"https:\/\/www.estrategiaconcursos.com.br\/blog\/concursos-abertos\/\">CONCURSOS ABERTOS<\/a><\/strong><\/p>\n\n\n\n<p class=\"has-background has-text-align-center has-medium-font-size has-pale-cyan-blue-background-color\"><a href=\"https:\/\/www.estrategiaconcursos.com.br\/blog\/concursos-2020\/\"><strong>CONCURSOS<\/strong><\/a><strong><a href=\"https:\/\/www.estrategiaconcursos.com.br\/blog\/concursos-2020\/\">&nbsp;2020<\/a><\/strong><\/p>\n","protected":false},"excerpt":{"rendered":"<p>Foi publicado nesta ter\u00e7a-feira, 18 de fevereiro, o extrato de contrata\u00e7\u00e3o da banca organizadora Funda\u00e7\u00e3o para Vestibular da Universidade Estadual J\u00falio de Mesquita Filho &#8211; VUNESP como organizadora do concurso da Funda\u00e7\u00e3o Municipal para Educa\u00e7\u00e3o Comunit\u00e1ria de Campinas &#8211; FUMEC Campinas. No dia 22 de janeiro o \u00f3rg\u00e3o j\u00e1 havia publicado no Di\u00e1rio Oficial de [&hellip;]<\/p>\n","protected":false},"author":317,"featured_media":483560,"comment_status":"open","ping_status":"closed","sticky":false,"template":"","format":"standard","meta":{"post_tipo":"article","footnotes":""},"categories":[1],"tags":[],"tax_estado":[],"class_list":["post-483555","post","type-post","status-publish","format-standard","has-post-thumbnail","hentry","category-cursos-e-concursos"],"acf":[],"yoast_head":"<!-- This site is optimized with the Yoast SEO Premium plugin v27.2 (Yoast SEO v27.2) - https:\/\/yoast.com\/product\/yoast-seo-premium-wordpress\/ -->\n<title>FUMEC Campinas: Extrato de contrata\u00e7\u00e3o da VUNESP como organizadora \u00e9 publicado!<\/title>\n<meta name=\"robots\" content=\"index, follow, max-snippet:-1, max-image-preview:large, max-video-preview:-1\" \/>\n<link rel=\"canonical\" href=\"https:\/\/www.estrategiaconcursos.com.br\/blog\/fumec-campinas-extrato-de-contratacao-da-vunesp-como-organizadora-e-publicado\/\" \/>\n<meta property=\"og:locale\" content=\"pt_BR\" \/>\n<meta property=\"og:type\" content=\"article\" \/>\n<meta property=\"og:title\" content=\"FUMEC Campinas: Extrato de contrata\u00e7\u00e3o da VUNESP como organizadora \u00e9 publicado!\" \/>\n<meta property=\"og:description\" content=\"Foi publicado nesta ter\u00e7a-feira, 18 de fevereiro, o extrato de contrata\u00e7\u00e3o da banca organizadora Funda\u00e7\u00e3o para Vestibular da Universidade Estadual J\u00falio de Mesquita Filho &#8211; VUNESP como organizadora do concurso da Funda\u00e7\u00e3o Municipal para Educa\u00e7\u00e3o Comunit\u00e1ria de Campinas &#8211; FUMEC Campinas. No dia 22 de janeiro o \u00f3rg\u00e3o j\u00e1 havia publicado no Di\u00e1rio Oficial de [&hellip;]\" \/>\n<meta property=\"og:url\" content=\"https:\/\/www.estrategiaconcursos.com.br\/blog\/fumec-campinas-extrato-de-contratacao-da-vunesp-como-organizadora-e-publicado\/\" \/>\n<meta property=\"og:site_name\" content=\"Estrat\u00e9gia Concursos\" \/>\n<meta property=\"article:author\" content=\"https:\/\/www.facebook.com\/igor.maciel.1420\" \/>\n<meta property=\"article:published_time\" content=\"2020-02-18T22:45:33+00:00\" \/>\n<meta property=\"article:modified_time\" content=\"2020-02-18T22:45:35+00:00\" \/>\n<meta property=\"og:image\" content=\"https:\/\/dhg1h5j42swfq.cloudfront.net\/2020\/02\/18194304\/FUMEC-Campinas.png\" \/>\n\t<meta property=\"og:image:width\" content=\"400\" \/>\n\t<meta property=\"og:image:height\" content=\"209\" \/>\n\t<meta property=\"og:image:type\" content=\"image\/png\" \/>\n<meta name=\"author\" content=\"Igor Maciel\" \/>\n<meta name=\"twitter:card\" content=\"summary_large_image\" \/>\n<meta name=\"twitter:creator\" content=\"@EstratConcursos\" \/>\n<meta name=\"twitter:site\" content=\"@EstratConcursos\" \/>\n<meta name=\"twitter:label1\" content=\"Escrito por\" \/>\n\t<meta name=\"twitter:data1\" content=\"Igor Maciel\" \/>\n\t<meta name=\"twitter:label2\" content=\"Est. tempo de leitura\" \/>\n\t<meta name=\"twitter:data2\" content=\"1 minuto\" \/>\n<script type=\"application\/ld+json\" class=\"yoast-schema-graph\">{\"@context\":\"https:\/\/schema.org\",\"@graph\":[{\"@type\":\"NewsArticle\",\"@id\":\"https:\/\/www.estrategiaconcursos.com.br\/blog\/fumec-campinas-extrato-de-contratacao-da-vunesp-como-organizadora-e-publicado\/#article\",\"isPartOf\":{\"@id\":\"https:\/\/www.estrategiaconcursos.com.br\/blog\/fumec-campinas-extrato-de-contratacao-da-vunesp-como-organizadora-e-publicado\/\"},\"author\":{\"name\":\"Igor Maciel\",\"@id\":\"https:\/\/www.estrategiaconcursos.com.br\/blog\/#\/schema\/person\/024d26d5efb06d95dfc04025d7301591\"},\"headline\":\"FUMEC Campinas: Extrato de contrata\u00e7\u00e3o da VUNESP como organizadora \u00e9 publicado!\",\"datePublished\":\"2020-02-18T22:45:33+00:00\",\"dateModified\":\"2020-02-18T22:45:35+00:00\",\"mainEntityOfPage\":{\"@id\":\"https:\/\/www.estrategiaconcursos.com.br\/blog\/fumec-campinas-extrato-de-contratacao-da-vunesp-como-organizadora-e-publicado\/\"},\"wordCount\":259,\"commentCount\":0,\"publisher\":{\"@id\":\"https:\/\/www.estrategiaconcursos.com.br\/blog\/#organization\"},\"image\":{\"@id\":\"https:\/\/www.estrategiaconcursos.com.br\/blog\/fumec-campinas-extrato-de-contratacao-da-vunesp-como-organizadora-e-publicado\/#primaryimage\"},\"thumbnailUrl\":\"https:\/\/dhg1h5j42swfq.cloudfront.net\/2020\/02\/18194304\/FUMEC-Campinas.png\",\"articleSection\":[\"Concursos P\u00fablicos\"],\"inLanguage\":\"pt-BR\",\"potentialAction\":[{\"@type\":\"CommentAction\",\"name\":\"Comment\",\"target\":[\"https:\/\/www.estrategiaconcursos.com.br\/blog\/fumec-campinas-extrato-de-contratacao-da-vunesp-como-organizadora-e-publicado\/#respond\"]}],\"copyrightYear\":\"2020\",\"copyrightHolder\":{\"@id\":\"https:\/\/www.estrategiaconcursos.com.br\/blog\/#organization\"}},{\"@type\":\"WebPage\",\"@id\":\"https:\/\/www.estrategiaconcursos.com.br\/blog\/fumec-campinas-extrato-de-contratacao-da-vunesp-como-organizadora-e-publicado\/\",\"url\":\"https:\/\/www.estrategiaconcursos.com.br\/blog\/fumec-campinas-extrato-de-contratacao-da-vunesp-como-organizadora-e-publicado\/\",\"name\":\"FUMEC Campinas: Extrato de contrata\u00e7\u00e3o da VUNESP como organizadora \u00e9 publicado!\",\"isPartOf\":{\"@id\":\"https:\/\/www.estrategiaconcursos.com.br\/blog\/#website\"},\"primaryImageOfPage\":{\"@id\":\"https:\/\/www.estrategiaconcursos.com.br\/blog\/fumec-campinas-extrato-de-contratacao-da-vunesp-como-organizadora-e-publicado\/#primaryimage\"},\"image\":{\"@id\":\"https:\/\/www.estrategiaconcursos.com.br\/blog\/fumec-campinas-extrato-de-contratacao-da-vunesp-como-organizadora-e-publicado\/#primaryimage\"},\"thumbnailUrl\":\"https:\/\/dhg1h5j42swfq.cloudfront.net\/2020\/02\/18194304\/FUMEC-Campinas.png\",\"datePublished\":\"2020-02-18T22:45:33+00:00\",\"dateModified\":\"2020-02-18T22:45:35+00:00\",\"breadcrumb\":{\"@id\":\"https:\/\/www.estrategiaconcursos.com.br\/blog\/fumec-campinas-extrato-de-contratacao-da-vunesp-como-organizadora-e-publicado\/#breadcrumb\"},\"inLanguage\":\"pt-BR\",\"potentialAction\":[{\"@type\":\"ReadAction\",\"target\":[\"https:\/\/www.estrategiaconcursos.com.br\/blog\/fumec-campinas-extrato-de-contratacao-da-vunesp-como-organizadora-e-publicado\/\"]}]},{\"@type\":\"ImageObject\",\"inLanguage\":\"pt-BR\",\"@id\":\"https:\/\/www.estrategiaconcursos.com.br\/blog\/fumec-campinas-extrato-de-contratacao-da-vunesp-como-organizadora-e-publicado\/#primaryimage\",\"url\":\"https:\/\/dhg1h5j42swfq.cloudfront.net\/2020\/02\/18194304\/FUMEC-Campinas.png\",\"contentUrl\":\"https:\/\/dhg1h5j42swfq.cloudfront.net\/2020\/02\/18194304\/FUMEC-Campinas.png\",\"width\":400,\"height\":209},{\"@type\":\"BreadcrumbList\",\"@id\":\"https:\/\/www.estrategiaconcursos.com.br\/blog\/fumec-campinas-extrato-de-contratacao-da-vunesp-como-organizadora-e-publicado\/#breadcrumb\",\"itemListElement\":[{\"@type\":\"ListItem\",\"position\":1,\"name\":\"In\u00edcio\",\"item\":\"https:\/\/www.estrategiaconcursos.com.br\/blog\/\"},{\"@type\":\"ListItem\",\"position\":2,\"name\":\"FUMEC Campinas: Extrato de contrata\u00e7\u00e3o da VUNESP como organizadora \u00e9 publicado!\"}]},{\"@type\":\"WebSite\",\"@id\":\"https:\/\/www.estrategiaconcursos.com.br\/blog\/#website\",\"url\":\"https:\/\/www.estrategiaconcursos.com.br\/blog\/\",\"name\":\"Estrat\u00e9gia Concursos\",\"description\":\"O blog da Estrat\u00e9gia Concursos traz not\u00edcias sobre concursos e artigos de professores oferecendo cursos para concursos (pdf + videaulas) no site.\",\"publisher\":{\"@id\":\"https:\/\/www.estrategiaconcursos.com.br\/blog\/#organization\"},\"potentialAction\":[{\"@type\":\"SearchAction\",\"target\":{\"@type\":\"EntryPoint\",\"urlTemplate\":\"https:\/\/www.estrategiaconcursos.com.br\/blog\/?s={search_term_string}\"},\"query-input\":{\"@type\":\"PropertyValueSpecification\",\"valueRequired\":true,\"valueName\":\"search_term_string\"}}],\"inLanguage\":\"pt-BR\"},{\"@type\":\"Organization\",\"@id\":\"https:\/\/www.estrategiaconcursos.com.br\/blog\/#organization\",\"name\":\"Estrat\u00e9gia Concursos\",\"url\":\"https:\/\/www.estrategiaconcursos.com.br\/blog\/\",\"logo\":{\"@type\":\"ImageObject\",\"inLanguage\":\"pt-BR\",\"@id\":\"https:\/\/www.estrategiaconcursos.com.br\/blog\/#\/schema\/logo\/image\/\",\"url\":\"https:\/\/dhg1h5j42swfq.cloudfront.net\/2025\/06\/03203428\/logo_concursos-1.jpg\",\"contentUrl\":\"https:\/\/dhg1h5j42swfq.cloudfront.net\/2025\/06\/03203428\/logo_concursos-1.jpg\",\"width\":230,\"height\":60,\"caption\":\"Estrat\u00e9gia Concursos\"},\"image\":{\"@id\":\"https:\/\/www.estrategiaconcursos.com.br\/blog\/#\/schema\/logo\/image\/\"},\"sameAs\":[\"https:\/\/x.com\/EstratConcursos\"]},{\"@type\":\"Person\",\"@id\":\"https:\/\/www.estrategiaconcursos.com.br\/blog\/#\/schema\/person\/024d26d5efb06d95dfc04025d7301591\",\"name\":\"Igor Maciel\",\"image\":{\"@type\":\"ImageObject\",\"inLanguage\":\"pt-BR\",\"@id\":\"https:\/\/secure.gravatar.com\/avatar\/e983a676af6facf4aebcb2989d49e3bf61b718712d5e7a4b3f355b7fe651bc2f?s=96&d=mm&r=g\",\"url\":\"https:\/\/secure.gravatar.com\/avatar\/e983a676af6facf4aebcb2989d49e3bf61b718712d5e7a4b3f355b7fe651bc2f?s=96&d=mm&r=g\",\"contentUrl\":\"https:\/\/secure.gravatar.com\/avatar\/e983a676af6facf4aebcb2989d49e3bf61b718712d5e7a4b3f355b7fe651bc2f?s=96&d=mm&r=g\",\"caption\":\"Igor Maciel\"},\"description\":\"Graduado na Universidade Federal de Pernambuco, com extens\u00e3o na Universidade de Coimbra\/Portugal. Especialista LLM em Direito Corporativo pelo IBMEC\/RJ. Mestrando em Direito e Pol\u00edticas P\u00fablicas pelo UNICEUB\/DF. Advogado com atua\u00e7\u00e3o profissional centrada no Direito Tribut\u00e1rio e no Direito Administrativo, especialmente na defesa de servidores p\u00fablicos.\",\"sameAs\":[\"http:\/\/www.imaciel.com.br\",\"https:\/\/www.facebook.com\/igor.maciel.1420\"],\"url\":\"https:\/\/www.estrategiaconcursos.com.br\/blog\/author\/contatoimaciel-com-br\/\"}]}<\/script>\n<!-- \/ Yoast SEO Premium plugin. -->","yoast_head_json":{"title":"FUMEC Campinas: Extrato de contrata\u00e7\u00e3o da VUNESP como organizadora \u00e9 publicado!","robots":{"index":"index","follow":"follow","max-snippet":"max-snippet:-1","max-image-preview":"max-image-preview:large","max-video-preview":"max-video-preview:-1"},"canonical":"https:\/\/www.estrategiaconcursos.com.br\/blog\/fumec-campinas-extrato-de-contratacao-da-vunesp-como-organizadora-e-publicado\/","og_locale":"pt_BR","og_type":"article","og_title":"FUMEC Campinas: Extrato de contrata\u00e7\u00e3o da VUNESP como organizadora \u00e9 publicado!","og_description":"Foi publicado nesta ter\u00e7a-feira, 18 de fevereiro, o extrato de contrata\u00e7\u00e3o da banca organizadora Funda\u00e7\u00e3o para Vestibular da Universidade Estadual J\u00falio de Mesquita Filho &#8211; VUNESP como organizadora do concurso da Funda\u00e7\u00e3o Municipal para Educa\u00e7\u00e3o Comunit\u00e1ria de Campinas &#8211; FUMEC Campinas. No dia 22 de janeiro o \u00f3rg\u00e3o j\u00e1 havia publicado no Di\u00e1rio Oficial de [&hellip;]","og_url":"https:\/\/www.estrategiaconcursos.com.br\/blog\/fumec-campinas-extrato-de-contratacao-da-vunesp-como-organizadora-e-publicado\/","og_site_name":"Estrat\u00e9gia Concursos","article_author":"https:\/\/www.facebook.com\/igor.maciel.1420","article_published_time":"2020-02-18T22:45:33+00:00","article_modified_time":"2020-02-18T22:45:35+00:00","og_image":[{"width":400,"height":209,"url":"https:\/\/dhg1h5j42swfq.cloudfront.net\/2020\/02\/18194304\/FUMEC-Campinas.png","type":"image\/png"}],"author":"Igor Maciel","twitter_card":"summary_large_image","twitter_creator":"@EstratConcursos","twitter_site":"@EstratConcursos","twitter_misc":{"Escrito por":"Igor Maciel","Est. tempo de leitura":"1 minuto"},"schema":{"@context":"https:\/\/schema.org","@graph":[{"@type":"NewsArticle","@id":"https:\/\/www.estrategiaconcursos.com.br\/blog\/fumec-campinas-extrato-de-contratacao-da-vunesp-como-organizadora-e-publicado\/#article","isPartOf":{"@id":"https:\/\/www.estrategiaconcursos.com.br\/blog\/fumec-campinas-extrato-de-contratacao-da-vunesp-como-organizadora-e-publicado\/"},"author":{"name":"Igor Maciel","@id":"https:\/\/www.estrategiaconcursos.com.br\/blog\/#\/schema\/person\/024d26d5efb06d95dfc04025d7301591"},"headline":"FUMEC Campinas: Extrato de contrata\u00e7\u00e3o da VUNESP como organizadora \u00e9 publicado!","datePublished":"2020-02-18T22:45:33+00:00","dateModified":"2020-02-18T22:45:35+00:00","mainEntityOfPage":{"@id":"https:\/\/www.estrategiaconcursos.com.br\/blog\/fumec-campinas-extrato-de-contratacao-da-vunesp-como-organizadora-e-publicado\/"},"wordCount":259,"commentCount":0,"publisher":{"@id":"https:\/\/www.estrategiaconcursos.com.br\/blog\/#organization"},"image":{"@id":"https:\/\/www.estrategiaconcursos.com.br\/blog\/fumec-campinas-extrato-de-contratacao-da-vunesp-como-organizadora-e-publicado\/#primaryimage"},"thumbnailUrl":"https:\/\/dhg1h5j42swfq.cloudfront.net\/2020\/02\/18194304\/FUMEC-Campinas.png","articleSection":["Concursos P\u00fablicos"],"inLanguage":"pt-BR","potentialAction":[{"@type":"CommentAction","name":"Comment","target":["https:\/\/www.estrategiaconcursos.com.br\/blog\/fumec-campinas-extrato-de-contratacao-da-vunesp-como-organizadora-e-publicado\/#respond"]}],"copyrightYear":"2020","copyrightHolder":{"@id":"https:\/\/www.estrategiaconcursos.com.br\/blog\/#organization"}},{"@type":"WebPage","@id":"https:\/\/www.estrategiaconcursos.com.br\/blog\/fumec-campinas-extrato-de-contratacao-da-vunesp-como-organizadora-e-publicado\/","url":"https:\/\/www.estrategiaconcursos.com.br\/blog\/fumec-campinas-extrato-de-contratacao-da-vunesp-como-organizadora-e-publicado\/","name":"FUMEC Campinas: Extrato de contrata\u00e7\u00e3o da VUNESP como organizadora \u00e9 publicado!","isPartOf":{"@id":"https:\/\/www.estrategiaconcursos.com.br\/blog\/#website"},"primaryImageOfPage":{"@id":"https:\/\/www.estrategiaconcursos.com.br\/blog\/fumec-campinas-extrato-de-contratacao-da-vunesp-como-organizadora-e-publicado\/#primaryimage"},"image":{"@id":"https:\/\/www.estrategiaconcursos.com.br\/blog\/fumec-campinas-extrato-de-contratacao-da-vunesp-como-organizadora-e-publicado\/#primaryimage"},"thumbnailUrl":"https:\/\/dhg1h5j42swfq.cloudfront.net\/2020\/02\/18194304\/FUMEC-Campinas.png","datePublished":"2020-02-18T22:45:33+00:00","dateModified":"2020-02-18T22:45:35+00:00","breadcrumb":{"@id":"https:\/\/www.estrategiaconcursos.com.br\/blog\/fumec-campinas-extrato-de-contratacao-da-vunesp-como-organizadora-e-publicado\/#breadcrumb"},"inLanguage":"pt-BR","potentialAction":[{"@type":"ReadAction","target":["https:\/\/www.estrategiaconcursos.com.br\/blog\/fumec-campinas-extrato-de-contratacao-da-vunesp-como-organizadora-e-publicado\/"]}]},{"@type":"ImageObject","inLanguage":"pt-BR","@id":"https:\/\/www.estrategiaconcursos.com.br\/blog\/fumec-campinas-extrato-de-contratacao-da-vunesp-como-organizadora-e-publicado\/#primaryimage","url":"https:\/\/dhg1h5j42swfq.cloudfront.net\/2020\/02\/18194304\/FUMEC-Campinas.png","contentUrl":"https:\/\/dhg1h5j42swfq.cloudfront.net\/2020\/02\/18194304\/FUMEC-Campinas.png","width":400,"height":209},{"@type":"BreadcrumbList","@id":"https:\/\/www.estrategiaconcursos.com.br\/blog\/fumec-campinas-extrato-de-contratacao-da-vunesp-como-organizadora-e-publicado\/#breadcrumb","itemListElement":[{"@type":"ListItem","position":1,"name":"In\u00edcio","item":"https:\/\/www.estrategiaconcursos.com.br\/blog\/"},{"@type":"ListItem","position":2,"name":"FUMEC Campinas: Extrato de contrata\u00e7\u00e3o da VUNESP como organizadora \u00e9 publicado!"}]},{"@type":"WebSite","@id":"https:\/\/www.estrategiaconcursos.com.br\/blog\/#website","url":"https:\/\/www.estrategiaconcursos.com.br\/blog\/","name":"Estrat\u00e9gia Concursos","description":"O blog da Estrat\u00e9gia Concursos traz not\u00edcias sobre concursos e artigos de professores oferecendo cursos para concursos (pdf + videaulas) no site.","publisher":{"@id":"https:\/\/www.estrategiaconcursos.com.br\/blog\/#organization"},"potentialAction":[{"@type":"SearchAction","target":{"@type":"EntryPoint","urlTemplate":"https:\/\/www.estrategiaconcursos.com.br\/blog\/?s={search_term_string}"},"query-input":{"@type":"PropertyValueSpecification","valueRequired":true,"valueName":"search_term_string"}}],"inLanguage":"pt-BR"},{"@type":"Organization","@id":"https:\/\/www.estrategiaconcursos.com.br\/blog\/#organization","name":"Estrat\u00e9gia Concursos","url":"https:\/\/www.estrategiaconcursos.com.br\/blog\/","logo":{"@type":"ImageObject","inLanguage":"pt-BR","@id":"https:\/\/www.estrategiaconcursos.com.br\/blog\/#\/schema\/logo\/image\/","url":"https:\/\/dhg1h5j42swfq.cloudfront.net\/2025\/06\/03203428\/logo_concursos-1.jpg","contentUrl":"https:\/\/dhg1h5j42swfq.cloudfront.net\/2025\/06\/03203428\/logo_concursos-1.jpg","width":230,"height":60,"caption":"Estrat\u00e9gia Concursos"},"image":{"@id":"https:\/\/www.estrategiaconcursos.com.br\/blog\/#\/schema\/logo\/image\/"},"sameAs":["https:\/\/x.com\/EstratConcursos"]},{"@type":"Person","@id":"https:\/\/www.estrategiaconcursos.com.br\/blog\/#\/schema\/person\/024d26d5efb06d95dfc04025d7301591","name":"Igor Maciel","image":{"@type":"ImageObject","inLanguage":"pt-BR","@id":"https:\/\/secure.gravatar.com\/avatar\/e983a676af6facf4aebcb2989d49e3bf61b718712d5e7a4b3f355b7fe651bc2f?s=96&d=mm&r=g","url":"https:\/\/secure.gravatar.com\/avatar\/e983a676af6facf4aebcb2989d49e3bf61b718712d5e7a4b3f355b7fe651bc2f?s=96&d=mm&r=g","contentUrl":"https:\/\/secure.gravatar.com\/avatar\/e983a676af6facf4aebcb2989d49e3bf61b718712d5e7a4b3f355b7fe651bc2f?s=96&d=mm&r=g","caption":"Igor Maciel"},"description":"Graduado na Universidade Federal de Pernambuco, com extens\u00e3o na Universidade de Coimbra\/Portugal. Especialista LLM em Direito Corporativo pelo IBMEC\/RJ. Mestrando em Direito e Pol\u00edticas P\u00fablicas pelo UNICEUB\/DF. Advogado com atua\u00e7\u00e3o profissional centrada no Direito Tribut\u00e1rio e no Direito Administrativo, especialmente na defesa de servidores p\u00fablicos.","sameAs":["http:\/\/www.imaciel.com.br","https:\/\/www.facebook.com\/igor.maciel.1420"],"url":"https:\/\/www.estrategiaconcursos.com.br\/blog\/author\/contatoimaciel-com-br\/"}]}},"_links":{"self":[{"href":"https:\/\/www.estrategiaconcursos.com.br\/blog\/wp-json\/wp\/v2\/posts\/483555","targetHints":{"allow":["GET"]}}],"collection":[{"href":"https:\/\/www.estrategiaconcursos.com.br\/blog\/wp-json\/wp\/v2\/posts"}],"about":[{"href":"https:\/\/www.estrategiaconcursos.com.br\/blog\/wp-json\/wp\/v2\/types\/post"}],"author":[{"embeddable":true,"href":"https:\/\/www.estrategiaconcursos.com.br\/blog\/wp-json\/wp\/v2\/users\/317"}],"replies":[{"embeddable":true,"href":"https:\/\/www.estrategiaconcursos.com.br\/blog\/wp-json\/wp\/v2\/comments?post=483555"}],"version-history":[{"count":2,"href":"https:\/\/www.estrategiaconcursos.com.br\/blog\/wp-json\/wp\/v2\/posts\/483555\/revisions"}],"predecessor-version":[{"id":483562,"href":"https:\/\/www.estrategiaconcursos.com.br\/blog\/wp-json\/wp\/v2\/posts\/483555\/revisions\/483562"}],"wp:featuredmedia":[{"embeddable":true,"href":"https:\/\/www.estrategiaconcursos.com.br\/blog\/wp-json\/wp\/v2\/media\/483560"}],"wp:attachment":[{"href":"https:\/\/www.estrategiaconcursos.com.br\/blog\/wp-json\/wp\/v2\/media?parent=483555"}],"wp:term":[{"taxonomy":"category","embeddable":true,"href":"https:\/\/www.estrategiaconcursos.com.br\/blog\/wp-json\/wp\/v2\/categories?post=483555"},{"taxonomy":"post_tag","embeddable":true,"href":"https:\/\/www.estrategiaconcursos.com.br\/blog\/wp-json\/wp\/v2\/tags?post=483555"},{"taxonomy":"tax_estado","embeddable":true,"href":"https:\/\/www.estrategiaconcursos.com.br\/blog\/wp-json\/wp\/v2\/tax_estado?post=483555"}],"curies":[{"name":"wp","href":"https:\/\/api.w.org\/{rel}","templated":true}]}}