{"id":483300,"date":"2021-03-31T16:00:00","date_gmt":"2021-03-31T19:00:00","guid":{"rendered":"https:\/\/www.estrategiaconcursos.com.br\/blog\/?p=483300"},"modified":"2021-03-31T21:08:07","modified_gmt":"2021-04-01T00:08:07","slug":"edital-guarda-municipal-de-campo-bom","status":"publish","type":"post","link":"https:\/\/www.estrategiaconcursos.com.br\/blog\/edital-guarda-municipal-de-campo-bom\/","title":{"rendered":"Concurso Guarda Municipal de Campo Bom: etapas retomadas!"},"content":{"rendered":"\n<p>A prefeitura de Campo Bom\/RS divulgou um edital de retifica\u00e7\u00e3o do cronograma do concurso da Guarda Municipal. O documento determina a retomada do concurso p\u00fablico, observando as medidas de distanciamento social e seguindo as recomenda\u00e7\u00f5es das autoridades sanit\u00e1rias.<\/p>\n\n\n\n<p>Com isso, as etapas de Avalia\u00e7\u00e3o Psicol\u00f3gica e Mental, bem como a entrega da documenta\u00e7\u00e3o da Avalia\u00e7\u00e3o da Conduta Social, Reputa\u00e7\u00e3o e Idoneidade est\u00e3o previstas para o dia 11 de abril. Para acessar a \u00edntegra do documento, clique <strong><a href=\"https:\/\/dhg1h5j42swfq.cloudfront.net\/2021\/03\/31163255\/570_edital_13-2021_prosseguimento_convocacao_avaliacao_psicologica_e_conduta_social_rev1.pdf\" target=\"_blank\" rel=\"noreferrer noopener\">AQUI<\/a><\/strong>!<\/p>\n\n\n\n<p>Anteriormente, outras retifica\u00e7\u00f5es j\u00e1 haviam sido publicadas no site da banca organizadora, como as especifica\u00e7\u00f5es das vagas destinadas a candidatos PcD. Veja a seguir o documento com todas as mudan\u00e7as do edital:<\/p>\n\n\n\n<p class=\"has-text-align-center has-very-light-gray-background-color has-background\" style=\"font-size:clamp(14px, 0.875rem + ((1vw - 3.2px) * 0.392), 18px);px\"><a href=\"https:\/\/dhg1h5j42swfq.cloudfront.net\/2020\/10\/07114239\/570_Edital_18-2020_Retificacao_e_Prorrogacao_das_Inscricoes_Guarda_Municipal_Atualizado_06-1.pdf\" target=\"_blank\" rel=\"noreferrer noopener\"><strong>Retifica\u00e7\u00e3o 3<\/strong><\/a><br \/><strong><a rel=\"noreferrer noopener\" href=\"https:\/\/dhg1h5j42swfq.cloudfront.net\/2020\/08\/06192849\/570_Edital_11-2020_Adendo_ao_Edital_de_Abertura.pdf\" target=\"_blank\">Retifica\u00e7\u00e3o  2<\/a><\/strong><br \/><a rel=\"noreferrer noopener\" href=\"https:\/\/dhg1h5j42swfq.cloudfront.net\/2020\/08\/05105224\/Retifica%C3%A7%C3%A3o-Campo-bom-1.pdf\" target=\"_blank\"><strong>Retifica\u00e7\u00e3o 1<\/strong><\/a><strong> <\/strong><\/p>\n\n\n\n<p>Neste artigo voc\u00ea encontra as principais informa\u00e7\u00f5es para se preparar para o concurso Guarda Municipal de Campo Bom. Acompanhe os t\u00f3picos a seguir: <\/p>\n\n\n\n<p><strong><em><a href=\"#datas\">Principais datas<\/a><br \/><a href=\"#vagas\">Cargos, vagas e remunera\u00e7\u00f5es<\/a><\/em><\/strong><br \/><strong><em><a href=\"#atribui\u00e7\u00f5es\">Atribui\u00e7\u00f5es do cargo<\/a><br \/><a href=\"#etapas\">Etapas do concurso<\/a><br \/><a href=\"#ficha\">Ficha t\u00e9cnica<\/a><\/em><\/strong><\/p>\n\n\n\n<h2 class=\"wp-block-heading\" id=\"datas\">Principais datas do concurso Guarda Municipal de Campo Bom<\/h2>\n\n\n\n<p class=\"has-very-light-gray-background-color has-background\"><strong>Inscri\u00e7\u00f5es<\/strong>: <s>27 de julho a 22 de outubro<br \/><\/s><strong>\u00daltimo dia para pagamento<\/strong>:  <s>22 de outubro<br \/><\/s><strong>Prova<\/strong>: <s>20 de dezembro<\/s><\/p>\n\n\n\n<h2 class=\"wp-block-heading\" id=\"vagas\">Cargos e vagas do concurso Guarda Municipal de Campo Bom <\/h2>\n\n\n\n<h3 class=\"wp-block-heading\">N\u00edvel m\u00e9dio<\/h3>\n\n\n\n<figure class=\"wp-block-table is-style-stripes\"><table class=\"has-subtle-pale-blue-background-color has-fixed-layout has-background\"><tbody><tr><td><strong>CARGO<\/strong><\/td><td><strong>VAGAS<\/strong><\/td><td><strong>REMUNERA\u00c7\u00c3O<\/strong><\/td><\/tr><tr><td> Guarda Municipal<\/td><td> 20 + CR<\/td><td> R$ 2.500,00<\/td><\/tr><\/tbody><\/table><\/figure>\n\n\n\n<p>Al\u00e9m do vencimento, os candidatos aprovados receber\u00e3o os seguintes benef\u00edcios: Aux\u00edlio-Alimenta\u00e7\u00e3o, no valor de R$ 249,85 ou R$ 300,62, al\u00e9m de vale transporte.  <\/p>\n\n\n\n<h3 class=\"wp-block-heading\" id=\"atribui\u00e7\u00f5es\">Atribui\u00e7\u00f5es do cargo<\/h3>\n\n\n\n<ul class=\"wp-block-list\"><li>Executar patrulhamento administrativo ostensivo, preventivo, uniformizado e aparelhado, na prote\u00e7\u00e3o \u00e0 popula\u00e7\u00e3o, bens, servi\u00e7os e instala\u00e7\u00f5es do munic\u00edpio; <\/li><li>Cumprir a lei e as ordens emanadas das autoridades competentes; tomar conhecimento das ordens existentes a respeito das suas tarefas, ao iniciar qualquer servi\u00e7o, para o qual se encontre escalado; <\/li><li>Estar atento durante a execu\u00e7\u00e3o de qualquer servi\u00e7o; <\/li><li>Tratar com aten\u00e7\u00e3o e urbanidade as pessoas com as quais, em raz\u00e3o de servi\u00e7o, entrar em contato, ainda quando estas procederem de maneira diversa; atender com presteza as ocorr\u00eancias para as quais for solicitado e\/ou defrontar-se; <\/li><li>Elaborar boletim de ocorr\u00eancias, relat\u00f3rios de servi\u00e7o e guias de entrega; proceder \u00e0 revista pessoal quando necess\u00e1rio e principalmente por ocasi\u00e3o de pris\u00e3o em flagrante delito; <\/li><li>Zelar pelo armamento, muni\u00e7\u00e3o, equipamento de radiocomunica\u00e7\u00e3o, viaturas e demais utens\u00edlios destinados \u00e0 consecu\u00e7\u00e3o das suas atividades; zelar pela sua apresenta\u00e7\u00e3o individual e pessoal; <\/li><li>Reportar imediatamente ao setor competente ou autoridade, toda ocorr\u00eancia que tenha atendimento; <\/li><li>Operar equipamentos de comunica\u00e7\u00f5es e conduzir viaturas, conforme escala de servi\u00e7o ou quando necess\u00e1rio; <\/li><li>Prestar colabora\u00e7\u00e3o e orientar o p\u00fablico em geral, quando necess\u00e1rio; apoiar e garantir as a\u00e7\u00f5es fiscalizadoras e o funcionamento dos servi\u00e7os de responsabilidade do Munic\u00edpio; <\/li><li>Executar atividades de socorro e prote\u00e7\u00e3o \u00e0s v\u00edtimas de calamidades p\u00fablicas, participando das a\u00e7\u00f5es de defesa civil; <\/li><li>Cumprir fielmente as ordens emanadas de seus superiores hier\u00e1rquicos; Colaborar com os diversos \u00f3rg\u00e3os p\u00fablicos, nas atividades que lhe dizem respeito; apoiar e orientar no controle do tr\u00e2nsito municipal de pedestres e ve\u00edculos na \u00e1rea de suas atribui\u00e7\u00f5es ou quando necess\u00e1rio; <\/li><li>Colaborar na preven\u00e7\u00e3o e combate de inc\u00eandios e no suporte b\u00e1sico da vida, quando necess\u00e1rio; efetuar a seguran\u00e7a de dignit\u00e1rios; <\/li><li>Zelar pelos equipamentos que se encontre em escala de servi\u00e7o, levando ao conhecimento de seu superior qualquer fato que dependa de servi\u00e7os especializados para reparo e manuten\u00e7\u00e3o; <\/li><li>Efetuar pris\u00f5es em flagrante delito; <\/li><li>Utilizar armamento de fogo ou n\u00e3o-letal; <\/li><li>Fazer uso da for\u00e7a, de forma moderada, quando necess\u00e1rio; <\/li><li>Apoiar a\u00e7\u00f5es de outras entidades; conduzir ve\u00edculos automotores; <\/li><li>Operar equipamento de r\u00e1dio transmiss\u00e3o e de inform\u00e1tica; <\/li><li>Atuar em salas de opera\u00e7\u00e3o de videomonitoramento; atender de forma inexcus\u00e1vel eventos emergenciais, independente de hor\u00e1rio e condi\u00e7\u00e3o clim\u00e1tica; <\/li><li>Exercer as fun\u00e7\u00f5es de Diretor ou Inspetor da Guarda Municipal e, outras decorrentes da natureza especial da fun\u00e7\u00e3o e do cargo. <\/li><\/ul>\n\n\n\n<h2 class=\"wp-block-heading\" id=\"etapas\">Etapas do concurso Guarda Municipal de Campo Bom<\/h2>\n\n\n\n<p>O concurso Guarda Municipal de Campo Bom ser\u00e1 composto por 7 (sete) fases eliminat\u00f3rias. Confira a descri\u00e7\u00e3o de algumas etapas do certame:  <\/p>\n\n\n\n<ul class=\"wp-block-list\"><li>Prova Te\u00f3rico-Objetiva;<\/li><li>Teste de Aptid\u00e3o F\u00edsica para os candidatos classificados na Prova Te\u00f3rico-Objetiva; <\/li><li>Avalia\u00e7\u00e3o Psicol\u00f3gica e Mental, para os candidatos aprovados no Teste de Aptid\u00e3o F\u00edsica; <\/li><li>Avalia\u00e7\u00e3o da Conduta Social, Reputa\u00e7\u00e3o e Idoneidade, para os candidatos aptos na Avalia\u00e7\u00e3o Psicol\u00f3gica e Mental; <\/li><li>Avalia\u00e7\u00e3o M\u00e9dica, para os candidatos aptos na Avalia\u00e7\u00e3o Psicol\u00f3gica e Mental; <\/li><li>Avalia\u00e7\u00e3o Psicol\u00f3gica para Obten\u00e7\u00e3o de Porte de Armas em Servi\u00e7o, para os candidatos aptos na Avalia\u00e7\u00e3o M\u00e9dica;<\/li><li>Curso de Forma\u00e7\u00e3o de Guarda Municipal, para os candidatos aptos em todas as fases anteriores.  <\/li><\/ul>\n\n\n\n<h3 class=\"wp-block-heading\">Prova Objetiva<\/h3>\n\n\n\n<p>A Prova Objetiva, de car\u00e1ter eliminat\u00f3rio e classificat\u00f3rio, ser\u00e1 realizada apenas no pr\u00f3prio munic\u00edpio e considera os conte\u00fados a seguir:  <\/p>\n\n\n\n<figure class=\"wp-block-image size-large\"><img loading=\"lazy\" decoding=\"async\" width=\"727\" height=\"199\" src=\"https:\/\/dhg1h5j42swfq.cloudfront.net\/2020\/02\/18140948\/image-112.png\" alt=\"\" class=\"wp-image-483330\" srcset=\"https:\/\/dhg1h5j42swfq.cloudfront.net\/2020\/02\/18140948\/image-112.png 727w, https:\/\/dhg1h5j42swfq.cloudfront.net\/2020\/02\/18140948\/image-112-300x82.png 300w, https:\/\/dhg1h5j42swfq.cloudfront.net\/2020\/02\/18140948\/image-112-610x167.png 610w\" sizes=\"auto, (max-width: 727px) 100vw, 727px\" \/><\/figure>\n\n\n\n<p>Os candidatos ter\u00e3o at\u00e9 3 (tr\u00eas) horas para a resolu\u00e7\u00e3o da prova e o preenchimento da cart\u00e3o de respostas.<\/p>\n\n\n\n<h3 class=\"wp-block-heading\">Teste de Aptid\u00e3o F\u00edsica (TAF) <\/h3>\n\n\n\n<p>O TAF tem car\u00e1ter eliminat\u00f3rio. Ser\u00e3o convocados para a etapa os primeiros 200 candidatos classificados, considerando a nota total obtida na Prova Te\u00f3rico-Objetiva, de acordo com a ordem de classifica\u00e7\u00e3o provis\u00f3ria.  <br \/><br \/>A etapa \u00e9 composta pelas seguintes fases: <br \/><strong>A)<\/strong> <strong>Teste de corrida (masculino e feminino):<\/strong> O teste de corrida consistir\u00e1 em percorrer uma dist\u00e2ncia m\u00ednima, em uma \u00fanica oportunidade: &#8211; Dist\u00e2ncia: 2.400 (dois mil e quatrocentos) metros para o sexo masculino e 2.000 (dois mil) metros para sexo feminino;<br \/><strong>B)<\/strong> <strong>Teste de flex\u00e3o do tronco (resist\u00eancia abdominal) masculino e feminino:<\/strong> 25 (vinte e cinco) repeti\u00e7\u00f5es para candidatos do sexo masculino e 17 (dezessete) repeti\u00e7\u00f5es para o o sexo feminino, ao tempo m\u00e1ximo de 1 minuto;<br \/><strong>C)<\/strong> <strong>Teste de flex\u00e3o de bra\u00e7os sobre o solo (apoio):<\/strong> 15 (quinze) repeti\u00e7\u00f5es &#8211; tempo m\u00e1ximo de 1 (um) minuto (homens) e 10 (dez) repeti\u00e7\u00f5es &#8211; tempo m\u00e1ximo de 1 (um) minuto (mulheres);<br \/><strong>D)<\/strong> <strong>Teste de Barra Fixa (masculino e feminino<\/strong>.    <\/p>\n\n\n\n<h3 class=\"wp-block-heading\">Avalia\u00e7\u00e3o Psicol\u00f3gica e Mental <\/h3>\n\n\n\n<p>A etapa de Avalia\u00e7\u00e3o Psicol\u00f3gica e Mental ser\u00e1 realizada mediante o uso de instrumentos psicol\u00f3gicos espec\u00edficos e avaliar\u00e1 as caracter\u00edsticas pessoais do candidato, a fim de analisar a sua adequabilidade ao perfil definido para a classe de Guarda Municipal. Ser\u00e1 realizada Avalia\u00e7\u00e3o Psicol\u00f3gica e Mental, de car\u00e1ter eliminat\u00f3rio, para os primeiros 60 candidatos aprovados no Teste de Aptid\u00e3o F\u00edsica. <\/p>\n\n\n\n<p class=\"has-text-align-center has-pale-cyan-blue-background-color has-background\" style=\"font-size:clamp(16.293px, 1.018rem + ((1vw - 3.2px) * 0.854), 25px);px\"><strong><a href=\"https:\/\/www.estrategiaconcursos.com.br\/blog\/concursos-de-policia\/\" target=\"_blank\" rel=\"noreferrer noopener\">CONCURSOS POLICIAIS<\/a><\/strong><\/p>\n\n\n\n<div class=\"container\" id=\"boxes\">\n  <div class=\"row\">\n\n    <div class=\"col-sm\">\n      <div class=\"banner-policial\" id=\"box-assinatura\">\n        <h3 class=\"titulo-assinatura\">Curso Guarda de Campo Bom RS<\/h3>\n        <p class=\"subtitulo-assinatura\">Conhe\u00e7a os cursos<\/p>\n        <div class=\"box-botao\">\n          <a class=\"btn-assinatura\" target=\"_blank\" href=\"https:\/\/www.estrategiaconcursos.com.br\/cursosPorConcurso\/departamento-penitenciario-nacional-depen\/\/\" role=\"button\" rel=\"noopener noreferrer\">Conhe\u00e7a mais<\/a>\n        <\/div>\n      <\/div>\n      <p class=\"texto-auxiliar\">Prepare-se com o melhor material e com quem mais aprova em Concursos P\u00fablicos em todo o pa\u00eds. <\/p>\n    <\/div>\n\n  <\/div>\n<\/div>\n\n\n\n<div id=\"boxes\" class=\"container\">\n<div class=\"row\">\n<div class=\"col-sm\">\n<div id=\"box-assinatura\" class=\"estrategia\">\n<h3 class=\"titulo-assinatura\">Assinatura de Concursos<\/h3>\n<p class=\"subtitulo-assinatura\">Assinatura de 1 ou 2 anos*<\/p>\n<div class=\"box-botao\"><a class=\"btn-assinatura\" role=\"button\" href=\"https:\/\/www.estrategiaconcursos.com.br\/assinaturas\/\" target=\"_blank\" rel=\"noopener noreferrer\">ASSINE AGORA<\/a><\/div>\n<\/div>\n<p <=\"\" p=\"\">\n<\/p><\/div>\n<div class=\"col-sm\">\n<div id=\"box-assinatura\" class=\"questoes\">\n<h3 class=\"titulo-assinatura\">Sistema de Quest\u00f5es<\/h3>\n<p class=\"subtitulo-assinatura\">Assinatura de 1 ou 2 anos<\/p>\n<div class=\"box-botao\"><a class=\"btn-assinatura\" role=\"button\" href=\"https:\/\/www.estrategiaconcursos.com.br\/cursosPorConcurso\/sistema-de-questoes\/#\/\" target=\"_blank\" rel=\"noopener noreferrer\">ASSINE AGORA<\/a><\/div>\n<\/div>\n<p <=\"\" p=\"\">\n<\/p><\/div>\n<\/div>\n<\/div>\n\n\n\n<div id=\"boxes\" class=\"container\">\n<div class=\"row\">\n<div id=\"boxes-concursos\" class=\"col-sm\">\n<div id=\"box-concursos\" class=\"conteudo-concursos\" style=\"background-color: #005dad;\">\n<h3 class=\"titulo-assinatura\">Concursos Abertos<\/h3>\n<p class=\"subtitulo-assinatura\">mais de 15 mil vagas<\/p>\n<div class=\"box-botao\"><a class=\"btn-assinatura\" role=\"button\" href=\"https:\/\/www.estrategiaconcursos.com.br\/blog\/concursos-abertos\/\" target=\"_blank\" rel=\"noopener noreferrer\">Conhe\u00e7a Agora<\/a><\/div>\n<\/div>\n<\/div>\n<div id=\"boxes-concursos\" class=\"col-sm\">\n<div id=\"box-concursos\" class=\"conteudo-concursos\" style=\"background-color: #419ff0;\">\n<h3 class=\"titulo-assinatura\">Concursos 2021<\/h3>\n<p class=\"subtitulo-assinatura\">mais de 17 mil vagas<\/p>\n<div class=\"box-botao\"><a class=\"btn-assinatura\" role=\"button\" href=\"https:\/\/www.estrategiaconcursos.com.br\/blog\/concursos-2021\/\" target=\"_blank\" rel=\"noopener noreferrer\">Conhe\u00e7a Agora<\/a><\/div>\n<\/div>\n<\/div>\n<\/div>\n<\/div>\n\n\n\n<figure class=\"wp-block-image size-large is-resized\"><img loading=\"lazy\" decoding=\"async\" src=\"https:\/\/dhg1h5j42swfq.cloudfront.net\/2021\/03\/31203824\/ficha-tecnica-1-610x377-1.png\" alt=\"Ficha t\u00e9cnica concurso Guarda Municipal de Campo Bom\" class=\"wp-image-705940\" width=\"241\" height=\"149\" srcset=\"https:\/\/dhg1h5j42swfq.cloudfront.net\/2021\/03\/31203824\/ficha-tecnica-1-610x377-1.png 610w, https:\/\/dhg1h5j42swfq.cloudfront.net\/2021\/03\/31203824\/ficha-tecnica-1-610x377-1-300x185.png 300w\" sizes=\"auto, (max-width: 241px) 100vw, 241px\" \/><\/figure>\n\n\n\n<h3 class=\"wp-block-heading\" id=\"ficha\"><strong>Informa\u00e7\u00f5es do Concurso Guarda Municipal de Campo Bom<\/strong><\/h3>\n\n\n\n<p>\u25ba<strong>Data prevista<\/strong>&nbsp;<strong>da prova:&nbsp;<\/strong>20 de dezembro<br \/>\u25ba<strong>Vagas<\/strong>: 20<br \/>\u25ba<strong>Cargos<\/strong>: Guarda Municipal<br \/>\u25ba<strong>Banca<\/strong>: <strong>FUNDATEC<\/strong> <br \/>\u25ba<strong>Escolaridade<\/strong>: N\u00edvel m\u00e9dio<br \/>\u25ba<strong>Edital<\/strong>:&nbsp;<a href=\"https:\/\/dhg1h5j42swfq.cloudfront.net\/2020\/02\/18140335\/edital_1_5e4af199a1c26.pdf\">Guarda Municipal de Campo Bom<\/a><\/p>\n","protected":false},"excerpt":{"rendered":"<p>A prefeitura de Campo Bom\/RS divulgou um edital de retifica\u00e7\u00e3o do cronograma do concurso da Guarda Municipal. O documento determina a retomada do concurso p\u00fablico, observando as medidas de distanciamento social e seguindo as recomenda\u00e7\u00f5es das autoridades sanit\u00e1rias. Com isso, as etapas de Avalia\u00e7\u00e3o Psicol\u00f3gica e Mental, bem como a entrega da documenta\u00e7\u00e3o da Avalia\u00e7\u00e3o [&hellip;]<\/p>\n","protected":false},"author":1,"featured_media":547857,"comment_status":"open","ping_status":"closed","sticky":false,"template":"","format":"standard","meta":{"post_tipo":"news","footnotes":""},"categories":[1988],"tags":[],"tax_estado":[219986],"class_list":["post-483300","post","type-post","status-publish","format-standard","has-post-thumbnail","hentry","category-policia","tax_estado-rs"],"acf":[],"yoast_head":"<!-- This site is optimized with the Yoast SEO Premium plugin v27.2 (Yoast SEO v27.2) - https:\/\/yoast.com\/product\/yoast-seo-premium-wordpress\/ -->\n<title>Concurso Guarda Municipal de Campo Bom: etapas retomadas!<\/title>\n<meta name=\"description\" content=\"O edital do concurso Guarda Municipal de Campo Bom foi retificado! Confira todas as informa\u00e7\u00f5es do concurso no site do Estrat\u00e9gia Concursos!\" \/>\n<meta name=\"robots\" content=\"index, follow, max-snippet:-1, max-image-preview:large, max-video-preview:-1\" \/>\n<link rel=\"canonical\" href=\"https:\/\/www.estrategiaconcursos.com.br\/blog\/edital-guarda-municipal-de-campo-bom\/\" \/>\n<meta property=\"og:locale\" content=\"pt_BR\" \/>\n<meta property=\"og:type\" content=\"article\" \/>\n<meta property=\"og:title\" content=\"Concurso Guarda Municipal de Campo Bom: etapas retomadas!\" \/>\n<meta property=\"og:description\" content=\"O edital do concurso Guarda Municipal de Campo Bom foi retificado! Confira todas as informa\u00e7\u00f5es do concurso no site do Estrat\u00e9gia Concursos!\" \/>\n<meta property=\"og:url\" content=\"https:\/\/www.estrategiaconcursos.com.br\/blog\/edital-guarda-municipal-de-campo-bom\/\" \/>\n<meta property=\"og:site_name\" content=\"Estrat\u00e9gia Concursos\" \/>\n<meta property=\"article:author\" content=\"https:\/\/www.facebook.com\/EstrategiaConcursos\" \/>\n<meta property=\"article:published_time\" content=\"2021-03-31T19:00:00+00:00\" \/>\n<meta property=\"article:modified_time\" content=\"2021-04-01T00:08:07+00:00\" \/>\n<meta property=\"og:image\" content=\"https:\/\/dhg1h5j42swfq.cloudfront.net\/2020\/03\/27193152\/Guarda-Municipal-Campo-Bom.png\" \/>\n\t<meta property=\"og:image:width\" content=\"1200\" \/>\n\t<meta property=\"og:image:height\" content=\"628\" \/>\n\t<meta property=\"og:image:type\" content=\"image\/png\" \/>\n<meta name=\"author\" content=\"Coordena\u00e7\u00e3o\" \/>\n<meta name=\"twitter:card\" content=\"summary_large_image\" \/>\n<meta name=\"twitter:creator\" content=\"@EstratConcursos\" \/>\n<meta name=\"twitter:site\" content=\"@EstratConcursos\" \/>\n<meta name=\"twitter:label1\" content=\"Escrito por\" \/>\n\t<meta name=\"twitter:data1\" content=\"Coordena\u00e7\u00e3o\" \/>\n\t<meta name=\"twitter:label2\" content=\"Est. tempo de leitura\" \/>\n\t<meta name=\"twitter:data2\" content=\"6 minutos\" \/>\n<script type=\"application\/ld+json\" class=\"yoast-schema-graph\">{\"@context\":\"https:\/\/schema.org\",\"@graph\":[{\"@type\":\"NewsArticle\",\"@id\":\"https:\/\/www.estrategiaconcursos.com.br\/blog\/edital-guarda-municipal-de-campo-bom\/#article\",\"isPartOf\":{\"@id\":\"https:\/\/www.estrategiaconcursos.com.br\/blog\/edital-guarda-municipal-de-campo-bom\/\"},\"author\":{\"name\":\"Coordena\u00e7\u00e3o\",\"@id\":\"https:\/\/www.estrategiaconcursos.com.br\/blog\/#\/schema\/person\/b4a388c97673c5f483d72185668afa1f\"},\"headline\":\"Concurso Guarda Municipal de Campo Bom: etapas retomadas!\",\"datePublished\":\"2021-03-31T19:00:00+00:00\",\"dateModified\":\"2021-04-01T00:08:07+00:00\",\"mainEntityOfPage\":{\"@id\":\"https:\/\/www.estrategiaconcursos.com.br\/blog\/edital-guarda-municipal-de-campo-bom\/\"},\"wordCount\":1176,\"commentCount\":0,\"publisher\":{\"@id\":\"https:\/\/www.estrategiaconcursos.com.br\/blog\/#organization\"},\"image\":{\"@id\":\"https:\/\/www.estrategiaconcursos.com.br\/blog\/edital-guarda-municipal-de-campo-bom\/#primaryimage\"},\"thumbnailUrl\":\"https:\/\/dhg1h5j42swfq.cloudfront.net\/2020\/03\/27193152\/Guarda-Municipal-Campo-Bom.png\",\"articleSection\":[\"Policial (Agente, Escriv\u00e3o e Investigador)\"],\"inLanguage\":\"pt-BR\",\"potentialAction\":[{\"@type\":\"CommentAction\",\"name\":\"Comment\",\"target\":[\"https:\/\/www.estrategiaconcursos.com.br\/blog\/edital-guarda-municipal-de-campo-bom\/#respond\"]}],\"copyrightYear\":\"2021\",\"copyrightHolder\":{\"@id\":\"https:\/\/www.estrategiaconcursos.com.br\/blog\/#organization\"}},{\"@type\":\"WebPage\",\"@id\":\"https:\/\/www.estrategiaconcursos.com.br\/blog\/edital-guarda-municipal-de-campo-bom\/\",\"url\":\"https:\/\/www.estrategiaconcursos.com.br\/blog\/edital-guarda-municipal-de-campo-bom\/\",\"name\":\"Concurso Guarda Municipal de Campo Bom: etapas retomadas!\",\"isPartOf\":{\"@id\":\"https:\/\/www.estrategiaconcursos.com.br\/blog\/#website\"},\"primaryImageOfPage\":{\"@id\":\"https:\/\/www.estrategiaconcursos.com.br\/blog\/edital-guarda-municipal-de-campo-bom\/#primaryimage\"},\"image\":{\"@id\":\"https:\/\/www.estrategiaconcursos.com.br\/blog\/edital-guarda-municipal-de-campo-bom\/#primaryimage\"},\"thumbnailUrl\":\"https:\/\/dhg1h5j42swfq.cloudfront.net\/2020\/03\/27193152\/Guarda-Municipal-Campo-Bom.png\",\"datePublished\":\"2021-03-31T19:00:00+00:00\",\"dateModified\":\"2021-04-01T00:08:07+00:00\",\"description\":\"O edital do concurso Guarda Municipal de Campo Bom foi retificado! Confira todas as informa\u00e7\u00f5es do concurso no site do Estrat\u00e9gia Concursos!\",\"breadcrumb\":{\"@id\":\"https:\/\/www.estrategiaconcursos.com.br\/blog\/edital-guarda-municipal-de-campo-bom\/#breadcrumb\"},\"inLanguage\":\"pt-BR\",\"potentialAction\":[{\"@type\":\"ReadAction\",\"target\":[\"https:\/\/www.estrategiaconcursos.com.br\/blog\/edital-guarda-municipal-de-campo-bom\/\"]}]},{\"@type\":\"ImageObject\",\"inLanguage\":\"pt-BR\",\"@id\":\"https:\/\/www.estrategiaconcursos.com.br\/blog\/edital-guarda-municipal-de-campo-bom\/#primaryimage\",\"url\":\"https:\/\/dhg1h5j42swfq.cloudfront.net\/2020\/03\/27193152\/Guarda-Municipal-Campo-Bom.png\",\"contentUrl\":\"https:\/\/dhg1h5j42swfq.cloudfront.net\/2020\/03\/27193152\/Guarda-Municipal-Campo-Bom.png\",\"width\":1200,\"height\":628},{\"@type\":\"BreadcrumbList\",\"@id\":\"https:\/\/www.estrategiaconcursos.com.br\/blog\/edital-guarda-municipal-de-campo-bom\/#breadcrumb\",\"itemListElement\":[{\"@type\":\"ListItem\",\"position\":1,\"name\":\"In\u00edcio\",\"item\":\"https:\/\/www.estrategiaconcursos.com.br\/blog\/\"},{\"@type\":\"ListItem\",\"position\":2,\"name\":\"Concurso Guarda Municipal de Campo Bom: etapas retomadas!\"}]},{\"@type\":\"WebSite\",\"@id\":\"https:\/\/www.estrategiaconcursos.com.br\/blog\/#website\",\"url\":\"https:\/\/www.estrategiaconcursos.com.br\/blog\/\",\"name\":\"Estrat\u00e9gia Concursos\",\"description\":\"O blog da Estrat\u00e9gia Concursos traz not\u00edcias sobre concursos e artigos de professores oferecendo cursos para concursos (pdf + videaulas) no site.\",\"publisher\":{\"@id\":\"https:\/\/www.estrategiaconcursos.com.br\/blog\/#organization\"},\"potentialAction\":[{\"@type\":\"SearchAction\",\"target\":{\"@type\":\"EntryPoint\",\"urlTemplate\":\"https:\/\/www.estrategiaconcursos.com.br\/blog\/?s={search_term_string}\"},\"query-input\":{\"@type\":\"PropertyValueSpecification\",\"valueRequired\":true,\"valueName\":\"search_term_string\"}}],\"inLanguage\":\"pt-BR\"},{\"@type\":\"Organization\",\"@id\":\"https:\/\/www.estrategiaconcursos.com.br\/blog\/#organization\",\"name\":\"Estrat\u00e9gia Concursos\",\"url\":\"https:\/\/www.estrategiaconcursos.com.br\/blog\/\",\"logo\":{\"@type\":\"ImageObject\",\"inLanguage\":\"pt-BR\",\"@id\":\"https:\/\/www.estrategiaconcursos.com.br\/blog\/#\/schema\/logo\/image\/\",\"url\":\"https:\/\/dhg1h5j42swfq.cloudfront.net\/2025\/06\/03203428\/logo_concursos-1.jpg\",\"contentUrl\":\"https:\/\/dhg1h5j42swfq.cloudfront.net\/2025\/06\/03203428\/logo_concursos-1.jpg\",\"width\":230,\"height\":60,\"caption\":\"Estrat\u00e9gia Concursos\"},\"image\":{\"@id\":\"https:\/\/www.estrategiaconcursos.com.br\/blog\/#\/schema\/logo\/image\/\"},\"sameAs\":[\"https:\/\/x.com\/EstratConcursos\"]},{\"@type\":\"Person\",\"@id\":\"https:\/\/www.estrategiaconcursos.com.br\/blog\/#\/schema\/person\/b4a388c97673c5f483d72185668afa1f\",\"name\":\"Coordena\u00e7\u00e3o\",\"image\":{\"@type\":\"ImageObject\",\"inLanguage\":\"pt-BR\",\"@id\":\"https:\/\/secure.gravatar.com\/avatar\/b720319e4c9a967eb58678d110f4fe35452fc5d5f97b202bac7b8acceb18c6ad?s=96&d=mm&r=g\",\"url\":\"https:\/\/secure.gravatar.com\/avatar\/b720319e4c9a967eb58678d110f4fe35452fc5d5f97b202bac7b8acceb18c6ad?s=96&d=mm&r=g\",\"contentUrl\":\"https:\/\/secure.gravatar.com\/avatar\/b720319e4c9a967eb58678d110f4fe35452fc5d5f97b202bac7b8acceb18c6ad?s=96&d=mm&r=g\",\"caption\":\"Coordena\u00e7\u00e3o\"},\"sameAs\":[\"https:\/\/www.facebook.com\/EstrategiaConcursos\",\"https:\/\/x.com\/EstratConcursos\"],\"url\":\"https:\/\/www.estrategiaconcursos.com.br\/blog\/author\/estrategia2013\/\"}]}<\/script>\n<!-- \/ Yoast SEO Premium plugin. -->","yoast_head_json":{"title":"Concurso Guarda Municipal de Campo Bom: etapas retomadas!","description":"O edital do concurso Guarda Municipal de Campo Bom foi retificado! Confira todas as informa\u00e7\u00f5es do concurso no site do Estrat\u00e9gia Concursos!","robots":{"index":"index","follow":"follow","max-snippet":"max-snippet:-1","max-image-preview":"max-image-preview:large","max-video-preview":"max-video-preview:-1"},"canonical":"https:\/\/www.estrategiaconcursos.com.br\/blog\/edital-guarda-municipal-de-campo-bom\/","og_locale":"pt_BR","og_type":"article","og_title":"Concurso Guarda Municipal de Campo Bom: etapas retomadas!","og_description":"O edital do concurso Guarda Municipal de Campo Bom foi retificado! Confira todas as informa\u00e7\u00f5es do concurso no site do Estrat\u00e9gia Concursos!","og_url":"https:\/\/www.estrategiaconcursos.com.br\/blog\/edital-guarda-municipal-de-campo-bom\/","og_site_name":"Estrat\u00e9gia Concursos","article_author":"https:\/\/www.facebook.com\/EstrategiaConcursos","article_published_time":"2021-03-31T19:00:00+00:00","article_modified_time":"2021-04-01T00:08:07+00:00","og_image":[{"width":1200,"height":628,"url":"https:\/\/dhg1h5j42swfq.cloudfront.net\/2020\/03\/27193152\/Guarda-Municipal-Campo-Bom.png","type":"image\/png"}],"author":"Coordena\u00e7\u00e3o","twitter_card":"summary_large_image","twitter_creator":"@EstratConcursos","twitter_site":"@EstratConcursos","twitter_misc":{"Escrito por":"Coordena\u00e7\u00e3o","Est. tempo de leitura":"6 minutos"},"schema":{"@context":"https:\/\/schema.org","@graph":[{"@type":"NewsArticle","@id":"https:\/\/www.estrategiaconcursos.com.br\/blog\/edital-guarda-municipal-de-campo-bom\/#article","isPartOf":{"@id":"https:\/\/www.estrategiaconcursos.com.br\/blog\/edital-guarda-municipal-de-campo-bom\/"},"author":{"name":"Coordena\u00e7\u00e3o","@id":"https:\/\/www.estrategiaconcursos.com.br\/blog\/#\/schema\/person\/b4a388c97673c5f483d72185668afa1f"},"headline":"Concurso Guarda Municipal de Campo Bom: etapas retomadas!","datePublished":"2021-03-31T19:00:00+00:00","dateModified":"2021-04-01T00:08:07+00:00","mainEntityOfPage":{"@id":"https:\/\/www.estrategiaconcursos.com.br\/blog\/edital-guarda-municipal-de-campo-bom\/"},"wordCount":1176,"commentCount":0,"publisher":{"@id":"https:\/\/www.estrategiaconcursos.com.br\/blog\/#organization"},"image":{"@id":"https:\/\/www.estrategiaconcursos.com.br\/blog\/edital-guarda-municipal-de-campo-bom\/#primaryimage"},"thumbnailUrl":"https:\/\/dhg1h5j42swfq.cloudfront.net\/2020\/03\/27193152\/Guarda-Municipal-Campo-Bom.png","articleSection":["Policial (Agente, Escriv\u00e3o e Investigador)"],"inLanguage":"pt-BR","potentialAction":[{"@type":"CommentAction","name":"Comment","target":["https:\/\/www.estrategiaconcursos.com.br\/blog\/edital-guarda-municipal-de-campo-bom\/#respond"]}],"copyrightYear":"2021","copyrightHolder":{"@id":"https:\/\/www.estrategiaconcursos.com.br\/blog\/#organization"}},{"@type":"WebPage","@id":"https:\/\/www.estrategiaconcursos.com.br\/blog\/edital-guarda-municipal-de-campo-bom\/","url":"https:\/\/www.estrategiaconcursos.com.br\/blog\/edital-guarda-municipal-de-campo-bom\/","name":"Concurso Guarda Municipal de Campo Bom: etapas retomadas!","isPartOf":{"@id":"https:\/\/www.estrategiaconcursos.com.br\/blog\/#website"},"primaryImageOfPage":{"@id":"https:\/\/www.estrategiaconcursos.com.br\/blog\/edital-guarda-municipal-de-campo-bom\/#primaryimage"},"image":{"@id":"https:\/\/www.estrategiaconcursos.com.br\/blog\/edital-guarda-municipal-de-campo-bom\/#primaryimage"},"thumbnailUrl":"https:\/\/dhg1h5j42swfq.cloudfront.net\/2020\/03\/27193152\/Guarda-Municipal-Campo-Bom.png","datePublished":"2021-03-31T19:00:00+00:00","dateModified":"2021-04-01T00:08:07+00:00","description":"O edital do concurso Guarda Municipal de Campo Bom foi retificado! Confira todas as informa\u00e7\u00f5es do concurso no site do Estrat\u00e9gia Concursos!","breadcrumb":{"@id":"https:\/\/www.estrategiaconcursos.com.br\/blog\/edital-guarda-municipal-de-campo-bom\/#breadcrumb"},"inLanguage":"pt-BR","potentialAction":[{"@type":"ReadAction","target":["https:\/\/www.estrategiaconcursos.com.br\/blog\/edital-guarda-municipal-de-campo-bom\/"]}]},{"@type":"ImageObject","inLanguage":"pt-BR","@id":"https:\/\/www.estrategiaconcursos.com.br\/blog\/edital-guarda-municipal-de-campo-bom\/#primaryimage","url":"https:\/\/dhg1h5j42swfq.cloudfront.net\/2020\/03\/27193152\/Guarda-Municipal-Campo-Bom.png","contentUrl":"https:\/\/dhg1h5j42swfq.cloudfront.net\/2020\/03\/27193152\/Guarda-Municipal-Campo-Bom.png","width":1200,"height":628},{"@type":"BreadcrumbList","@id":"https:\/\/www.estrategiaconcursos.com.br\/blog\/edital-guarda-municipal-de-campo-bom\/#breadcrumb","itemListElement":[{"@type":"ListItem","position":1,"name":"In\u00edcio","item":"https:\/\/www.estrategiaconcursos.com.br\/blog\/"},{"@type":"ListItem","position":2,"name":"Concurso Guarda Municipal de Campo Bom: etapas retomadas!"}]},{"@type":"WebSite","@id":"https:\/\/www.estrategiaconcursos.com.br\/blog\/#website","url":"https:\/\/www.estrategiaconcursos.com.br\/blog\/","name":"Estrat\u00e9gia Concursos","description":"O blog da Estrat\u00e9gia Concursos traz not\u00edcias sobre concursos e artigos de professores oferecendo cursos para concursos (pdf + videaulas) no site.","publisher":{"@id":"https:\/\/www.estrategiaconcursos.com.br\/blog\/#organization"},"potentialAction":[{"@type":"SearchAction","target":{"@type":"EntryPoint","urlTemplate":"https:\/\/www.estrategiaconcursos.com.br\/blog\/?s={search_term_string}"},"query-input":{"@type":"PropertyValueSpecification","valueRequired":true,"valueName":"search_term_string"}}],"inLanguage":"pt-BR"},{"@type":"Organization","@id":"https:\/\/www.estrategiaconcursos.com.br\/blog\/#organization","name":"Estrat\u00e9gia Concursos","url":"https:\/\/www.estrategiaconcursos.com.br\/blog\/","logo":{"@type":"ImageObject","inLanguage":"pt-BR","@id":"https:\/\/www.estrategiaconcursos.com.br\/blog\/#\/schema\/logo\/image\/","url":"https:\/\/dhg1h5j42swfq.cloudfront.net\/2025\/06\/03203428\/logo_concursos-1.jpg","contentUrl":"https:\/\/dhg1h5j42swfq.cloudfront.net\/2025\/06\/03203428\/logo_concursos-1.jpg","width":230,"height":60,"caption":"Estrat\u00e9gia Concursos"},"image":{"@id":"https:\/\/www.estrategiaconcursos.com.br\/blog\/#\/schema\/logo\/image\/"},"sameAs":["https:\/\/x.com\/EstratConcursos"]},{"@type":"Person","@id":"https:\/\/www.estrategiaconcursos.com.br\/blog\/#\/schema\/person\/b4a388c97673c5f483d72185668afa1f","name":"Coordena\u00e7\u00e3o","image":{"@type":"ImageObject","inLanguage":"pt-BR","@id":"https:\/\/secure.gravatar.com\/avatar\/b720319e4c9a967eb58678d110f4fe35452fc5d5f97b202bac7b8acceb18c6ad?s=96&d=mm&r=g","url":"https:\/\/secure.gravatar.com\/avatar\/b720319e4c9a967eb58678d110f4fe35452fc5d5f97b202bac7b8acceb18c6ad?s=96&d=mm&r=g","contentUrl":"https:\/\/secure.gravatar.com\/avatar\/b720319e4c9a967eb58678d110f4fe35452fc5d5f97b202bac7b8acceb18c6ad?s=96&d=mm&r=g","caption":"Coordena\u00e7\u00e3o"},"sameAs":["https:\/\/www.facebook.com\/EstrategiaConcursos","https:\/\/x.com\/EstratConcursos"],"url":"https:\/\/www.estrategiaconcursos.com.br\/blog\/author\/estrategia2013\/"}]}},"_links":{"self":[{"href":"https:\/\/www.estrategiaconcursos.com.br\/blog\/wp-json\/wp\/v2\/posts\/483300","targetHints":{"allow":["GET"]}}],"collection":[{"href":"https:\/\/www.estrategiaconcursos.com.br\/blog\/wp-json\/wp\/v2\/posts"}],"about":[{"href":"https:\/\/www.estrategiaconcursos.com.br\/blog\/wp-json\/wp\/v2\/types\/post"}],"author":[{"embeddable":true,"href":"https:\/\/www.estrategiaconcursos.com.br\/blog\/wp-json\/wp\/v2\/users\/1"}],"replies":[{"embeddable":true,"href":"https:\/\/www.estrategiaconcursos.com.br\/blog\/wp-json\/wp\/v2\/comments?post=483300"}],"version-history":[{"count":30,"href":"https:\/\/www.estrategiaconcursos.com.br\/blog\/wp-json\/wp\/v2\/posts\/483300\/revisions"}],"predecessor-version":[{"id":705959,"href":"https:\/\/www.estrategiaconcursos.com.br\/blog\/wp-json\/wp\/v2\/posts\/483300\/revisions\/705959"}],"wp:featuredmedia":[{"embeddable":true,"href":"https:\/\/www.estrategiaconcursos.com.br\/blog\/wp-json\/wp\/v2\/media\/547857"}],"wp:attachment":[{"href":"https:\/\/www.estrategiaconcursos.com.br\/blog\/wp-json\/wp\/v2\/media?parent=483300"}],"wp:term":[{"taxonomy":"category","embeddable":true,"href":"https:\/\/www.estrategiaconcursos.com.br\/blog\/wp-json\/wp\/v2\/categories?post=483300"},{"taxonomy":"post_tag","embeddable":true,"href":"https:\/\/www.estrategiaconcursos.com.br\/blog\/wp-json\/wp\/v2\/tags?post=483300"},{"taxonomy":"tax_estado","embeddable":true,"href":"https:\/\/www.estrategiaconcursos.com.br\/blog\/wp-json\/wp\/v2\/tax_estado?post=483300"}],"curies":[{"name":"wp","href":"https:\/\/api.w.org\/{rel}","templated":true}]}}