{"id":483034,"date":"2020-02-18T09:08:04","date_gmt":"2020-02-18T12:08:04","guid":{"rendered":"https:\/\/www.estrategiaconcursos.com.br\/blog\/?p=483034"},"modified":"2023-07-10T15:41:42","modified_gmt":"2023-07-10T18:41:42","slug":"vagas-do-concurso-alece","status":"publish","type":"post","link":"https:\/\/www.estrategiaconcursos.com.br\/blog\/vagas-do-concurso-alece\/","title":{"rendered":"Cargos e vagas do concurso ALECE definidos! CONFIRA!"},"content":{"rendered":"\n<p>Foi publicado no Di\u00e1rio Oficial, nesta ter\u00e7a-feira, 18 de fevereiro, um Extrato de Contrato do concurso da Assembleia Legislativa do Estado do Cear\u00e1 (ALECE).<\/p>\n\n\n\n<p>A empresa contratada para fazer a organiza\u00e7\u00e3o do certame foi o Centro Brasileiro de Pesquisa em Avalia\u00e7\u00e3o e Sele\u00e7\u00e3o (CEBRASPE), essa informa\u00e7\u00e3o j\u00e1 havia sido dada na \u00faltima semana, por\u00e9m foi confirmada hoje no Di\u00e1rio Oficial. <\/p>\n\n\n\n<p>Ser\u00e3o ofertadas <strong>100 oportunidades<\/strong> para n\u00edvel m\u00e9dio e superior, nos cargos de Analista e T\u00e9cnico Legislativo, sendo 30 para T\u00e9cnico e 70 vagas para Analista Legislativo com gradua\u00e7\u00e3o. Confira abaixo os cargos e vagas para <strong>Ampla Concorr\u00eancia<\/strong>:<\/p>\n\n\n\n<ul class=\"wp-block-list\">\n<li><em> T\u00c9CNICO LEGISLATIVO  (28 <\/em>vagas)<\/li>\n\n\n\n<li><em>ANALISTA LEGISLATIVO &#8211; ADMINISTRA\u00c7\u00c3O (05 <\/em>vagas) <\/li>\n\n\n\n<li><em>ANALISTA LEGISLATIVO &#8211; ARQUITETURA E URBANISMO (01 <\/em>vaga) <\/li>\n\n\n\n<li><em>ANALISTA LEGISLATIVO \u2013 BIBLIOTECONOMIA (1 <\/em> vaga) <\/li>\n\n\n\n<li><em> ANALISTA LEGISLATIVO &#8211; CI\u00caNCIAS CONT\u00c1BEIS (04 <\/em> vagas) <\/li>\n\n\n\n<li><em>ANALISTA LEGISLATIVO &#8211; CI\u00caNCIAS ECON\u00d4MICAS (1 <\/em>vaga) <\/li>\n\n\n\n<li><em>ANALISTA LEGISLATIVO &#8211; CONSULTORIA T\u00c9CNICA LEGISLATIVA (09 <\/em> vagas)<\/li>\n\n\n\n<li> <em>ANALISTA LEGISLATIVO &#8211; CONTROLE INTERNO (4<\/em> vagas) <\/li>\n\n\n\n<li><em>ANALISTA LEGISLATIVO &#8211; DESIGN GR\u00c1FICO (2 <\/em>vagas) <\/li>\n\n\n\n<li><em>ANALISTA LEGISLATIVO &#8211; DIREITO (22 <\/em>vagas) <br \/><em>ANALISTA LEGISLATIVO &#8211; ENGENHARIA CIVIL (01 <\/em>vagas) <\/li>\n\n\n\n<li><em> ANALISTA LEGISLATIVO &#8211; ENGENHARIA EL\u00c9TRICA (01 <\/em> vagas) <\/li>\n\n\n\n<li><em>ANALISTA LEGISLATIVO &#8211; INFORM\u00c1TICA (04 <\/em> vagas) <\/li>\n\n\n\n<li><em>ANALISTA LEGISLATIVO &#8211; JORNALISMO (02 <\/em> vagas) <\/li>\n\n\n\n<li><em>ANALISTA LEGISLATIVO &#8211; L\u00cdNGUA PORTUGUESA &#8211; GRAM\u00c1TICA NORMATIVA E REVIS\u00c3O ORTOGR\u00c1FICA (3 <\/em> vagas) <\/li>\n\n\n\n<li><em>ANALISTA LEGISLATIVO &#8211; PSICOLOGIA (01 <\/em> vagas) <\/li>\n\n\n\n<li><em>ANALISTA LEGISLATIVO &#8211; PUBLICIDADE E PROPAGANDA (3  <\/em>vagas) <\/li>\n<\/ul>\n\n\n\n<p> Al\u00e9m disso, o concurso ALECE ser\u00e1 constitu\u00eddo de 4 etapas, sendo:<\/p>\n\n\n\n<ul class=\"wp-block-list\">\n<li><em>Prova escrita objetiva, dividida em Prova 1 <strong>(P1) <\/strong><\/em><\/li>\n\n\n\n<li><em>Conhecimentos B\u00e1sicos e Prova 2 <strong>(P2)<\/strong><\/em><\/li>\n\n\n\n<li><em>Conhecimentos Espec\u00edficos, para todos os cargos, de car\u00e1ter eliminat\u00f3rio e classificat\u00f3rio.<\/em><\/li>\n\n\n\n<li><em>Prova discursiva, Prova 3<strong> (P3)<\/strong> \u2013 Reda\u00e7\u00e3o para todos os cargos, de car\u00e1ter eliminat\u00f3rio e classificat\u00f3rio .<\/em><\/li>\n\n\n\n<li><em>Avalia\u00e7\u00e3o de t\u00edtulos \u2013 Prova 4<strong> (P4)<\/strong>, somente para os cargos de Analista Legislativo, de car\u00e1ter classificat\u00f3rio. <\/em><\/li>\n<\/ul>\n\n\n\n<p class=\"has-text-align-center has-very-light-gray-background-color has-background\"><strong>Saiba mais:&nbsp;<a rel=\"noreferrer noopener\" href=\"https:\/\/www.estrategiaconcursos.com.br\/blog\/concurso-assembleia-legislativa-ce\/\" target=\"_blank\">Concurso Assembleia Legislativa CE<\/a><\/strong><\/p>\n\n\n\n<h3 class=\"wp-block-heading has-text-align-center\" id=\"h-gostou-dessa-oportunidade-confira-o-curso-abaixo\"><em>Gostou dessa oportunidade? Confira o curso abaixo.<\/em><\/h3>\n\n\n\n<p class=\"has-text-align-center has-light-green-cyan-background-color has-background\"><em><strong><a href=\"https:\/\/www.estrategiaconcursos.com.br\/cursosPorConcurso\/assembleia-legislativa-do-estado-do-ceara-alce\/\" target=\"_blank\" rel=\"noreferrer noopener\">CURSOS ASSEMBLEIA CE<\/a><\/strong><\/em><\/p>\n\n\n\n<p class=\"has-text-align-center\"><em><strong>Assinatura Anual Ilimitada*<\/strong><\/em><\/p>\n\n\n\n<p><em>Prepare-se com o melhor material e com quem mais aprova em&nbsp;Concursos P\u00fablicos de todo o pa\u00eds. Assine agora a nossa Assinatura Anual e tenha acesso ilimitado a todos os nossos cursos.<\/em><\/p>\n\n\n\n<p class=\"has-text-align-center has-luminous-vivid-amber-background-color has-background\"><strong>ASSINE AGORA<\/strong>&nbsp;\u2013&nbsp;<a rel=\"noreferrer noopener\" href=\"https:\/\/www.estrategiaconcursos.com.br\/assinaturas\" target=\"_blank\"><strong>Assinatura Ilimitada<\/strong><\/a><\/p>\n\n\n\n<p class=\"has-text-align-center\"><strong><em>Fique por dentro dos concursos vigentes:<\/em><\/strong><\/p>\n\n\n\n<p class=\"has-text-align-center has-pale-cyan-blue-background-color has-background\"><strong><a href=\"https:\/\/www.estrategiaconcursos.com.br\/blog\/concursos-abertos\/\" target=\"_blank\" rel=\"noreferrer noopener\">CONCURSOS ABERTOS<\/a><\/strong><\/p>\n","protected":false},"excerpt":{"rendered":"<p>Foi publicado no Di\u00e1rio Oficial, nesta ter\u00e7a-feira, 18 de fevereiro, um Extrato de Contrato do concurso da Assembleia Legislativa do Estado do Cear\u00e1 (ALECE). A empresa contratada para fazer a organiza\u00e7\u00e3o do certame foi o Centro Brasileiro de Pesquisa em Avalia\u00e7\u00e3o e Sele\u00e7\u00e3o (CEBRASPE), essa informa\u00e7\u00e3o j\u00e1 havia sido dada na \u00faltima semana, por\u00e9m foi [&hellip;]<\/p>\n","protected":false},"author":388,"featured_media":0,"comment_status":"open","ping_status":"closed","sticky":false,"template":"","format":"standard","meta":{"post_tipo":"article","footnotes":""},"categories":[1],"tags":[],"tax_estado":[],"class_list":["post-483034","post","type-post","status-publish","format-standard","hentry","category-cursos-e-concursos"],"acf":[],"yoast_head":"<!-- This site is optimized with the Yoast SEO Premium plugin v27.2 (Yoast SEO v27.2) - https:\/\/yoast.com\/product\/yoast-seo-premium-wordpress\/ -->\n<title>Cargos e vagas do concurso ALECE definidos! CONFIRA!<\/title>\n<meta name=\"robots\" content=\"index, follow, max-snippet:-1, max-image-preview:large, max-video-preview:-1\" \/>\n<link rel=\"canonical\" href=\"https:\/\/www.estrategiaconcursos.com.br\/blog\/vagas-do-concurso-alece\/\" \/>\n<meta property=\"og:locale\" content=\"pt_BR\" \/>\n<meta property=\"og:type\" content=\"article\" \/>\n<meta property=\"og:title\" content=\"Cargos e vagas do concurso ALECE definidos! CONFIRA!\" \/>\n<meta property=\"og:description\" content=\"Foi publicado no Di\u00e1rio Oficial, nesta ter\u00e7a-feira, 18 de fevereiro, um Extrato de Contrato do concurso da Assembleia Legislativa do Estado do Cear\u00e1 (ALECE). A empresa contratada para fazer a organiza\u00e7\u00e3o do certame foi o Centro Brasileiro de Pesquisa em Avalia\u00e7\u00e3o e Sele\u00e7\u00e3o (CEBRASPE), essa informa\u00e7\u00e3o j\u00e1 havia sido dada na \u00faltima semana, por\u00e9m foi [&hellip;]\" \/>\n<meta property=\"og:url\" content=\"https:\/\/www.estrategiaconcursos.com.br\/blog\/vagas-do-concurso-alece\/\" \/>\n<meta property=\"og:site_name\" content=\"Estrat\u00e9gia Concursos\" \/>\n<meta property=\"article:published_time\" content=\"2020-02-18T12:08:04+00:00\" \/>\n<meta property=\"article:modified_time\" content=\"2023-07-10T18:41:42+00:00\" \/>\n<meta name=\"author\" content=\"Tiago Zanolla\" \/>\n<meta name=\"twitter:card\" content=\"summary_large_image\" \/>\n<meta name=\"twitter:creator\" content=\"@EstratConcursos\" \/>\n<meta name=\"twitter:site\" content=\"@EstratConcursos\" \/>\n<meta name=\"twitter:label1\" content=\"Escrito por\" \/>\n\t<meta name=\"twitter:data1\" content=\"Tiago Zanolla\" \/>\n\t<meta name=\"twitter:label2\" content=\"Est. tempo de leitura\" \/>\n\t<meta name=\"twitter:data2\" content=\"2 minutos\" \/>\n<script type=\"application\/ld+json\" class=\"yoast-schema-graph\">{\"@context\":\"https:\/\/schema.org\",\"@graph\":[{\"@type\":\"NewsArticle\",\"@id\":\"https:\/\/www.estrategiaconcursos.com.br\/blog\/vagas-do-concurso-alece\/#article\",\"isPartOf\":{\"@id\":\"https:\/\/www.estrategiaconcursos.com.br\/blog\/vagas-do-concurso-alece\/\"},\"author\":{\"name\":\"Tiago Zanolla\",\"@id\":\"https:\/\/www.estrategiaconcursos.com.br\/blog\/#\/schema\/person\/1509739fd92a40c9b52116de04a90310\"},\"headline\":\"Cargos e vagas do concurso ALECE definidos! CONFIRA!\",\"datePublished\":\"2020-02-18T12:08:04+00:00\",\"dateModified\":\"2023-07-10T18:41:42+00:00\",\"mainEntityOfPage\":{\"@id\":\"https:\/\/www.estrategiaconcursos.com.br\/blog\/vagas-do-concurso-alece\/\"},\"wordCount\":377,\"commentCount\":0,\"publisher\":{\"@id\":\"https:\/\/www.estrategiaconcursos.com.br\/blog\/#organization\"},\"articleSection\":[\"Concursos P\u00fablicos\"],\"inLanguage\":\"pt-BR\",\"potentialAction\":[{\"@type\":\"CommentAction\",\"name\":\"Comment\",\"target\":[\"https:\/\/www.estrategiaconcursos.com.br\/blog\/vagas-do-concurso-alece\/#respond\"]}],\"copyrightYear\":\"2020\",\"copyrightHolder\":{\"@id\":\"https:\/\/www.estrategiaconcursos.com.br\/blog\/#organization\"}},{\"@type\":\"WebPage\",\"@id\":\"https:\/\/www.estrategiaconcursos.com.br\/blog\/vagas-do-concurso-alece\/\",\"url\":\"https:\/\/www.estrategiaconcursos.com.br\/blog\/vagas-do-concurso-alece\/\",\"name\":\"Cargos e vagas do concurso ALECE definidos! CONFIRA!\",\"isPartOf\":{\"@id\":\"https:\/\/www.estrategiaconcursos.com.br\/blog\/#website\"},\"datePublished\":\"2020-02-18T12:08:04+00:00\",\"dateModified\":\"2023-07-10T18:41:42+00:00\",\"breadcrumb\":{\"@id\":\"https:\/\/www.estrategiaconcursos.com.br\/blog\/vagas-do-concurso-alece\/#breadcrumb\"},\"inLanguage\":\"pt-BR\",\"potentialAction\":[{\"@type\":\"ReadAction\",\"target\":[\"https:\/\/www.estrategiaconcursos.com.br\/blog\/vagas-do-concurso-alece\/\"]}]},{\"@type\":\"BreadcrumbList\",\"@id\":\"https:\/\/www.estrategiaconcursos.com.br\/blog\/vagas-do-concurso-alece\/#breadcrumb\",\"itemListElement\":[{\"@type\":\"ListItem\",\"position\":1,\"name\":\"In\u00edcio\",\"item\":\"https:\/\/www.estrategiaconcursos.com.br\/blog\/\"},{\"@type\":\"ListItem\",\"position\":2,\"name\":\"Cargos e vagas do concurso ALECE definidos! CONFIRA!\"}]},{\"@type\":\"WebSite\",\"@id\":\"https:\/\/www.estrategiaconcursos.com.br\/blog\/#website\",\"url\":\"https:\/\/www.estrategiaconcursos.com.br\/blog\/\",\"name\":\"Estrat\u00e9gia Concursos\",\"description\":\"O blog da Estrat\u00e9gia Concursos traz not\u00edcias sobre concursos e artigos de professores oferecendo cursos para concursos (pdf + videaulas) no site.\",\"publisher\":{\"@id\":\"https:\/\/www.estrategiaconcursos.com.br\/blog\/#organization\"},\"potentialAction\":[{\"@type\":\"SearchAction\",\"target\":{\"@type\":\"EntryPoint\",\"urlTemplate\":\"https:\/\/www.estrategiaconcursos.com.br\/blog\/?s={search_term_string}\"},\"query-input\":{\"@type\":\"PropertyValueSpecification\",\"valueRequired\":true,\"valueName\":\"search_term_string\"}}],\"inLanguage\":\"pt-BR\"},{\"@type\":\"Organization\",\"@id\":\"https:\/\/www.estrategiaconcursos.com.br\/blog\/#organization\",\"name\":\"Estrat\u00e9gia Concursos\",\"url\":\"https:\/\/www.estrategiaconcursos.com.br\/blog\/\",\"logo\":{\"@type\":\"ImageObject\",\"inLanguage\":\"pt-BR\",\"@id\":\"https:\/\/www.estrategiaconcursos.com.br\/blog\/#\/schema\/logo\/image\/\",\"url\":\"https:\/\/dhg1h5j42swfq.cloudfront.net\/2025\/06\/03203428\/logo_concursos-1.jpg\",\"contentUrl\":\"https:\/\/dhg1h5j42swfq.cloudfront.net\/2025\/06\/03203428\/logo_concursos-1.jpg\",\"width\":230,\"height\":60,\"caption\":\"Estrat\u00e9gia Concursos\"},\"image\":{\"@id\":\"https:\/\/www.estrategiaconcursos.com.br\/blog\/#\/schema\/logo\/image\/\"},\"sameAs\":[\"https:\/\/x.com\/EstratConcursos\"]},{\"@type\":\"Person\",\"@id\":\"https:\/\/www.estrategiaconcursos.com.br\/blog\/#\/schema\/person\/1509739fd92a40c9b52116de04a90310\",\"name\":\"Tiago Zanolla\",\"image\":{\"@type\":\"ImageObject\",\"inLanguage\":\"pt-BR\",\"@id\":\"https:\/\/secure.gravatar.com\/avatar\/e647cb200c21008603a1760df42f3f713d32dd977761568b5689c47f0b1747ee?s=96&d=mm&r=g\",\"url\":\"https:\/\/secure.gravatar.com\/avatar\/e647cb200c21008603a1760df42f3f713d32dd977761568b5689c47f0b1747ee?s=96&d=mm&r=g\",\"contentUrl\":\"https:\/\/secure.gravatar.com\/avatar\/e647cb200c21008603a1760df42f3f713d32dd977761568b5689c47f0b1747ee?s=96&d=mm&r=g\",\"caption\":\"Tiago Zanolla\"},\"url\":\"https:\/\/www.estrategiaconcursos.com.br\/blog\/author\/zanolla-estrategiagmail-com\/\"}]}<\/script>\n<!-- \/ Yoast SEO Premium plugin. -->","yoast_head_json":{"title":"Cargos e vagas do concurso ALECE definidos! CONFIRA!","robots":{"index":"index","follow":"follow","max-snippet":"max-snippet:-1","max-image-preview":"max-image-preview:large","max-video-preview":"max-video-preview:-1"},"canonical":"https:\/\/www.estrategiaconcursos.com.br\/blog\/vagas-do-concurso-alece\/","og_locale":"pt_BR","og_type":"article","og_title":"Cargos e vagas do concurso ALECE definidos! CONFIRA!","og_description":"Foi publicado no Di\u00e1rio Oficial, nesta ter\u00e7a-feira, 18 de fevereiro, um Extrato de Contrato do concurso da Assembleia Legislativa do Estado do Cear\u00e1 (ALECE). A empresa contratada para fazer a organiza\u00e7\u00e3o do certame foi o Centro Brasileiro de Pesquisa em Avalia\u00e7\u00e3o e Sele\u00e7\u00e3o (CEBRASPE), essa informa\u00e7\u00e3o j\u00e1 havia sido dada na \u00faltima semana, por\u00e9m foi [&hellip;]","og_url":"https:\/\/www.estrategiaconcursos.com.br\/blog\/vagas-do-concurso-alece\/","og_site_name":"Estrat\u00e9gia Concursos","article_published_time":"2020-02-18T12:08:04+00:00","article_modified_time":"2023-07-10T18:41:42+00:00","author":"Tiago Zanolla","twitter_card":"summary_large_image","twitter_creator":"@EstratConcursos","twitter_site":"@EstratConcursos","twitter_misc":{"Escrito por":"Tiago Zanolla","Est. tempo de leitura":"2 minutos"},"schema":{"@context":"https:\/\/schema.org","@graph":[{"@type":"NewsArticle","@id":"https:\/\/www.estrategiaconcursos.com.br\/blog\/vagas-do-concurso-alece\/#article","isPartOf":{"@id":"https:\/\/www.estrategiaconcursos.com.br\/blog\/vagas-do-concurso-alece\/"},"author":{"name":"Tiago Zanolla","@id":"https:\/\/www.estrategiaconcursos.com.br\/blog\/#\/schema\/person\/1509739fd92a40c9b52116de04a90310"},"headline":"Cargos e vagas do concurso ALECE definidos! CONFIRA!","datePublished":"2020-02-18T12:08:04+00:00","dateModified":"2023-07-10T18:41:42+00:00","mainEntityOfPage":{"@id":"https:\/\/www.estrategiaconcursos.com.br\/blog\/vagas-do-concurso-alece\/"},"wordCount":377,"commentCount":0,"publisher":{"@id":"https:\/\/www.estrategiaconcursos.com.br\/blog\/#organization"},"articleSection":["Concursos P\u00fablicos"],"inLanguage":"pt-BR","potentialAction":[{"@type":"CommentAction","name":"Comment","target":["https:\/\/www.estrategiaconcursos.com.br\/blog\/vagas-do-concurso-alece\/#respond"]}],"copyrightYear":"2020","copyrightHolder":{"@id":"https:\/\/www.estrategiaconcursos.com.br\/blog\/#organization"}},{"@type":"WebPage","@id":"https:\/\/www.estrategiaconcursos.com.br\/blog\/vagas-do-concurso-alece\/","url":"https:\/\/www.estrategiaconcursos.com.br\/blog\/vagas-do-concurso-alece\/","name":"Cargos e vagas do concurso ALECE definidos! CONFIRA!","isPartOf":{"@id":"https:\/\/www.estrategiaconcursos.com.br\/blog\/#website"},"datePublished":"2020-02-18T12:08:04+00:00","dateModified":"2023-07-10T18:41:42+00:00","breadcrumb":{"@id":"https:\/\/www.estrategiaconcursos.com.br\/blog\/vagas-do-concurso-alece\/#breadcrumb"},"inLanguage":"pt-BR","potentialAction":[{"@type":"ReadAction","target":["https:\/\/www.estrategiaconcursos.com.br\/blog\/vagas-do-concurso-alece\/"]}]},{"@type":"BreadcrumbList","@id":"https:\/\/www.estrategiaconcursos.com.br\/blog\/vagas-do-concurso-alece\/#breadcrumb","itemListElement":[{"@type":"ListItem","position":1,"name":"In\u00edcio","item":"https:\/\/www.estrategiaconcursos.com.br\/blog\/"},{"@type":"ListItem","position":2,"name":"Cargos e vagas do concurso ALECE definidos! CONFIRA!"}]},{"@type":"WebSite","@id":"https:\/\/www.estrategiaconcursos.com.br\/blog\/#website","url":"https:\/\/www.estrategiaconcursos.com.br\/blog\/","name":"Estrat\u00e9gia Concursos","description":"O blog da Estrat\u00e9gia Concursos traz not\u00edcias sobre concursos e artigos de professores oferecendo cursos para concursos (pdf + videaulas) no site.","publisher":{"@id":"https:\/\/www.estrategiaconcursos.com.br\/blog\/#organization"},"potentialAction":[{"@type":"SearchAction","target":{"@type":"EntryPoint","urlTemplate":"https:\/\/www.estrategiaconcursos.com.br\/blog\/?s={search_term_string}"},"query-input":{"@type":"PropertyValueSpecification","valueRequired":true,"valueName":"search_term_string"}}],"inLanguage":"pt-BR"},{"@type":"Organization","@id":"https:\/\/www.estrategiaconcursos.com.br\/blog\/#organization","name":"Estrat\u00e9gia Concursos","url":"https:\/\/www.estrategiaconcursos.com.br\/blog\/","logo":{"@type":"ImageObject","inLanguage":"pt-BR","@id":"https:\/\/www.estrategiaconcursos.com.br\/blog\/#\/schema\/logo\/image\/","url":"https:\/\/dhg1h5j42swfq.cloudfront.net\/2025\/06\/03203428\/logo_concursos-1.jpg","contentUrl":"https:\/\/dhg1h5j42swfq.cloudfront.net\/2025\/06\/03203428\/logo_concursos-1.jpg","width":230,"height":60,"caption":"Estrat\u00e9gia Concursos"},"image":{"@id":"https:\/\/www.estrategiaconcursos.com.br\/blog\/#\/schema\/logo\/image\/"},"sameAs":["https:\/\/x.com\/EstratConcursos"]},{"@type":"Person","@id":"https:\/\/www.estrategiaconcursos.com.br\/blog\/#\/schema\/person\/1509739fd92a40c9b52116de04a90310","name":"Tiago Zanolla","image":{"@type":"ImageObject","inLanguage":"pt-BR","@id":"https:\/\/secure.gravatar.com\/avatar\/e647cb200c21008603a1760df42f3f713d32dd977761568b5689c47f0b1747ee?s=96&d=mm&r=g","url":"https:\/\/secure.gravatar.com\/avatar\/e647cb200c21008603a1760df42f3f713d32dd977761568b5689c47f0b1747ee?s=96&d=mm&r=g","contentUrl":"https:\/\/secure.gravatar.com\/avatar\/e647cb200c21008603a1760df42f3f713d32dd977761568b5689c47f0b1747ee?s=96&d=mm&r=g","caption":"Tiago Zanolla"},"url":"https:\/\/www.estrategiaconcursos.com.br\/blog\/author\/zanolla-estrategiagmail-com\/"}]}},"_links":{"self":[{"href":"https:\/\/www.estrategiaconcursos.com.br\/blog\/wp-json\/wp\/v2\/posts\/483034","targetHints":{"allow":["GET"]}}],"collection":[{"href":"https:\/\/www.estrategiaconcursos.com.br\/blog\/wp-json\/wp\/v2\/posts"}],"about":[{"href":"https:\/\/www.estrategiaconcursos.com.br\/blog\/wp-json\/wp\/v2\/types\/post"}],"author":[{"embeddable":true,"href":"https:\/\/www.estrategiaconcursos.com.br\/blog\/wp-json\/wp\/v2\/users\/388"}],"replies":[{"embeddable":true,"href":"https:\/\/www.estrategiaconcursos.com.br\/blog\/wp-json\/wp\/v2\/comments?post=483034"}],"version-history":[{"count":6,"href":"https:\/\/www.estrategiaconcursos.com.br\/blog\/wp-json\/wp\/v2\/posts\/483034\/revisions"}],"predecessor-version":[{"id":1246110,"href":"https:\/\/www.estrategiaconcursos.com.br\/blog\/wp-json\/wp\/v2\/posts\/483034\/revisions\/1246110"}],"wp:attachment":[{"href":"https:\/\/www.estrategiaconcursos.com.br\/blog\/wp-json\/wp\/v2\/media?parent=483034"}],"wp:term":[{"taxonomy":"category","embeddable":true,"href":"https:\/\/www.estrategiaconcursos.com.br\/blog\/wp-json\/wp\/v2\/categories?post=483034"},{"taxonomy":"post_tag","embeddable":true,"href":"https:\/\/www.estrategiaconcursos.com.br\/blog\/wp-json\/wp\/v2\/tags?post=483034"},{"taxonomy":"tax_estado","embeddable":true,"href":"https:\/\/www.estrategiaconcursos.com.br\/blog\/wp-json\/wp\/v2\/tax_estado?post=483034"}],"curies":[{"name":"wp","href":"https:\/\/api.w.org\/{rel}","templated":true}]}}