{"id":482939,"date":"2020-02-17T17:59:59","date_gmt":"2020-02-17T20:59:59","guid":{"rendered":"https:\/\/www.estrategiaconcursos.com.br\/blog\/?p=482939"},"modified":"2020-04-23T09:28:35","modified_gmt":"2020-04-23T12:28:35","slug":"gabarito-tre-pa-normas-federais-e-direito-administrativo","status":"publish","type":"post","link":"https:\/\/www.estrategiaconcursos.com.br\/blog\/gabarito-tre-pa-normas-federais-e-direito-administrativo\/","title":{"rendered":"Gabarito &#8211; TRE PA &#8211; Normas Federais e Direito Administrativo"},"content":{"rendered":"\n<p> Ol\u00e1, amigos! Tudo bem?<\/p>\n\n\n\n<p>Aqui \u00e9 o <strong>Prof. Antonio Daud<\/strong> e estou passando para comentar as quest\u00f5es de\nDireito Administrativo da prova do <strong>TRE\nPA<\/strong>, cargo de <strong>T\u00e9cnico<\/strong>, elaborada\npelo IBFC. <\/p>\n\n\n\n<p>Espero que tenham feito uma boa prova. =)<\/p>\n\n\n\n<p>A prova foi extensa, com quest\u00f5es longas e bastante cansativas. O tempo, sem d\u00favida alguma, foi um dos principais limitadores neste certame, o que deve pressionar para elevar a nota de corte.<\/p>\n\n\n\n<p>Este artigo ser\u00e1 atualizado conforme n\u00f3s formos concluindo os coment\u00e1rios. <\/p>\n\n\n\n<p>At\u00e9 o momento, identifiquei possibilidade de <strong>recurso<\/strong> em face das quest\u00f5es  23 e 48, consoante detalhado mais adiante. <\/p>\n\n\n\n<p>Seguem nossos coment\u00e1rios sobre a vers\u00e3o A\nda prova.<\/p>\n\n\n\n<p>Um forte abra\u00e7o!<\/p>\n\n\n\n<p>Prof. Antonio Daud<\/p>\n\n\n\n<p>&#8211; &#8211; &#8211; &#8211; &#8211;<\/p>\n\n\n\n<p><strong>NORMAS APLIC\u00c1VEIS AOS SERVIDORES P\u00daBLICOS FEDERAIS <\/strong><\/p>\n\n\n\n<p>21) Acerca do Regime\nJur\u00eddico dos Servidores P\u00fablicos Civis da Uni\u00e3o (Lei n\u00ba 8.112\/1990), analise as\nafirmativas abaixo e de valores Verdadeiro (V) ou Falso (F). <\/p>\n\n\n\n<p>( ) O processo disciplinar \u00e9\no instrumento destinado a apurar responsabilidade de servidor por infra\u00e7\u00e3o\npraticada no exerc\u00edcio de suas atribui\u00e7\u00f5es, ou que tenha rela\u00e7\u00e3o com as\natribui\u00e7\u00f5es do cargo em que se encontre investido. <\/p>\n\n\n\n<p>( ) O processo disciplinar\nse desenvolve nas seguintes fases: inqu\u00e9rito administrativo, com a publica\u00e7\u00e3o\ndo ato que constituir a comiss\u00e3o; instaura\u00e7\u00e3o, que compreende instru\u00e7\u00e3o, defesa\ne relat\u00f3rio; e julgamento. <\/p>\n\n\n\n<p>( ) O processo disciplinar\nser\u00e1 conduzido por comiss\u00e3o composta de tr\u00eas servidores est\u00e1veis designados\npela autoridade competente, observado o disposto no \u00a7 3\u00ba do art. 143, que\nindicar\u00e1, dentre eles, o seu presidente, que dever\u00e1 ser ocupante de cargo\nefetivo superior ou de mesmo n\u00edvel, ou ter n\u00edvel de escolaridade igual ou\nsuperior ao do indiciado. <\/p>\n\n\n\n<p>( ) O prazo para a conclus\u00e3o\ndo processo disciplinar n\u00e3o exceder\u00e1 60 (sessenta) dias, contados da data de\npublica\u00e7\u00e3o do ato que constituir a comiss\u00e3o, admitida a sua prorroga\u00e7\u00e3o por\nigual prazo, quando as circunst\u00e2ncias o exigirem. <\/p>\n\n\n\n<p>Assinale a alternativa que apresenta a sequ\u00eancia correta de cima\npara baixo. <\/p>\n\n\n\n<p>a) F,V,V,F <\/p>\n\n\n\n<p>b) V,F,V,V <\/p>\n\n\n\n<p>c) F,V,F,V <\/p>\n\n\n\n<p>d) V,F,V,F <\/p>\n\n\n\n<p><strong>Coment\u00e1rios<\/strong><\/p>\n\n\n\n<p>Quest\u00e3o que cobrou detalhes quanto \u00e0 regulamenta\u00e7\u00e3o do PAD contida\nnos artigos 148 a 152 da Lei 8.112:<\/p>\n\n\n\n<p>           &#8211; <strong>Item I<\/strong> (correto) &#8211; transcri\u00e7\u00e3o do art. 148 da Lei 8.112\/1990;<\/p>\n\n\n\n<p>&nbsp;&nbsp;&nbsp;&nbsp;&nbsp;&nbsp;&nbsp;&nbsp;&nbsp;&nbsp;&nbsp; &#8211; <strong>item II<\/strong> (incorreto)\n&#8211; o examinador trocou as fases de &#8220;inqu\u00e9rito&#8221; e\n&#8220;instaura\u00e7\u00e3o&#8221;. Nos termos do art. 151, \u00e9 a <strong>instaura\u00e7\u00e3o<\/strong> que se\norigina com a publica\u00e7\u00e3o do ato de constitui\u00e7\u00e3o da comiss\u00e3o;<\/p>\n\n\n\n<p>&nbsp;&nbsp;&nbsp;&nbsp;&nbsp;&nbsp;&nbsp;&nbsp;&nbsp;&nbsp;&nbsp; &#8211; <strong>item III<\/strong> (correto)\n&#8211; transcri\u00e7\u00e3o do art. 149 da Lei 8.112\/1990;<\/p>\n\n\n\n<p>&nbsp;&nbsp;&nbsp;&nbsp;&nbsp;&nbsp;&nbsp;&nbsp;&nbsp;&nbsp;&nbsp; &#8211; <strong>item IV<\/strong> (correto)\n&#8211; menciona corretamente o prazo de dura\u00e7\u00e3o do PAD sob rito ordin\u00e1rio, previsto\nno art. 152 da Lei 8.112, qual seja 60 + 60.<\/p>\n\n\n\n<p><strong>Gabarito (B) <\/strong><\/p>\n\n\n\n<p>  <\/p>\n\n\n\n<p>22) Acerca das carreiras dos\nServidores do Poder Judici\u00e1rio da Uni\u00e3o (Lei n\u00ba 11.416\/2006), assinale a\nalternativa correta. <\/p>\n\n\n\n<p>a) A \u00e1rea judici\u00e1ria\ncompreende os servi\u00e7os realizados privativamente por bachar\u00e9is em Direito,\nabrangendo processamento de feitos, execu\u00e7\u00e3o de mandados, an\u00e1lise e pesquisa de\nlegisla\u00e7\u00e3o, doutrina e jurisprud\u00eancia nos v\u00e1rios ramos do direito, bem como\nelabora\u00e7\u00e3o de pareceres jur\u00eddicos <\/p>\n\n\n\n<p>b) A \u00e1rea administrativa\ncompreende os servi\u00e7os para a execu\u00e7\u00e3o dos quais se exige dos titulares o\ndevido registro no \u00f3rg\u00e3o fiscalizador do exerc\u00edcio da profiss\u00e3o ou o dom\u00ednio de\nhabilidades espec\u00edficas, a crit\u00e9rio da administra\u00e7\u00e3o <\/p>\n\n\n\n<p>c) Os quadros de pessoal\nefetivo do poder judici\u00e1rio s\u00e3o compostos pelas seguintes carreiras,\nconstitu\u00eddas pelos respectivos cargos de provimento efetivo: analista\nadministrativo; t\u00e9cnico judici\u00e1rio; auxiliar administrativo <\/p>\n\n\n\n<p>d) As atribui\u00e7\u00f5es dos cargos\nser\u00e3o descritas em regulamento, observado que a carreira de auxiliar\nadministrativo \u00e9 respons\u00e1vel pela execu\u00e7\u00e3o de tarefas de suporte t\u00e9cnico e\nadministrativo<\/p>\n\n\n\n<p><strong>Coment\u00e1rios<\/strong><\/p>\n\n\n\n<p>A quest\u00e3o buscou testar a\nmem\u00f3ria dos candidatos quanto aos termos da Lei 11.416\/2006, que disp\u00f5e sobre\nas carreiras dos servidores do Judici\u00e1rio Federal, e se resolveria pelas duas\nprimeiras tabelas da nossa aula em PDF sobre a Lei:<\/p>\n\n\n\n<p>&nbsp;&nbsp;&nbsp;&nbsp;&nbsp;&nbsp;&nbsp;&nbsp;&nbsp;&nbsp;&nbsp; &#8211; item A (correto):\n\u00e9 uma transcri\u00e7\u00e3o do inciso I do art. 3\u00ba da Lei 11.416\/2006;<\/p>\n\n\n\n<p>&nbsp;&nbsp;&nbsp;&nbsp;&nbsp;&nbsp;&nbsp;&nbsp;&nbsp;&nbsp;&nbsp; &#8211; item B\n(incorreto): a defini\u00e7\u00e3o mencionada corresponde \u00e0 &#8220;\u00e1rea de apoio\nespecializado&#8221; &#8211; n\u00e3o \u00e0 \u00e1rea administrativa;<\/p>\n\n\n\n<p>&nbsp;&nbsp;&nbsp;&nbsp;&nbsp;&nbsp;&nbsp;&nbsp;&nbsp;&nbsp;&nbsp; &#8211; item C (incorreto):\ns\u00e3o apenas 3 carreiras: analista <strong>judici\u00e1rio<\/strong>, t\u00e9cnico judici\u00e1rio e\nauxiliar <strong>judici\u00e1rio<\/strong>, consoante prev\u00ea o art. 2\u00ba da referida Lei;<\/p>\n\n\n\n<p>&nbsp;&nbsp;&nbsp;&nbsp;&nbsp;&nbsp;&nbsp;&nbsp;&nbsp;&nbsp;&nbsp; &#8211; item D\n(incorreto): as atividades de &#8220;suporte t\u00e9cnico e administrativo&#8221;\ndevem ser desempenhadas por titulares do cargo de <strong>t\u00e9cnico judici\u00e1rio<\/strong>.\nAos auxiliares, cabem atividades b\u00e1sicas de apoio operacional.<\/p>\n\n\n\n<p><strong>Gabarito (A) <\/strong><\/p>\n\n\n\n<p>  <\/p>\n\n\n\n<p>23) No que diz respeito \u00e0\nImprobidade Administrativa (Lei n\u00ba 8.429\/1992), analise as afirmativas abaixo. <\/p>\n\n\n\n<p>I. Utilizar, em obra ou\nservi\u00e7o particular, ve\u00edculos, m\u00e1quinas, equipamentos ou material de qualquer\nnatureza, de propriedade ou \u00e0 disposi\u00e7\u00e3o de qualquer das entidades mencionadas\nno art. 1\u00ba desta Lei, bem como o trabalho de servidores p\u00fablicos, empregados ou\nterceiros contratados por essas entidades.<\/p>\n\n\n\n<p>II. Praticar ato visando fim\nproibido em lei ou regulamento ou diverso daquele previsto, na regra de\ncompet\u00eancia. <\/p>\n\n\n\n<p>III. Descumprir as normas\nrelativas \u00e0 celebra\u00e7\u00e3o, fiscaliza\u00e7\u00e3o e aprova\u00e7\u00e3o de contas de parcerias\nfirmadas pela administra\u00e7\u00e3o p\u00fablica com entidades privadas.<\/p>\n\n\n\n<p>&nbsp;IV. Realizar opera\u00e7\u00e3o financeira sem\nobserv\u00e2ncia das normas legais e regulamentares, ou aceitar garantia\ninsuficiente ou inid\u00f4nea. <\/p>\n\n\n\n<p>Assinale a alternativa\ncorreta. <\/p>\n\n\n\n<p>a) Apenas a afirmativa I\nrefere-se aos Atos de Improbidade Administrativa que causam preju\u00edzo ao er\u00e1rio <\/p>\n\n\n\n<p>b) Apenas a afirmativa II\nrefere-se dos Atos de Improbidade Administrativa que importam enriquecimento\nil\u00edcito <\/p>\n\n\n\n<p>c) Apenas a afirmativa III\nrefere-se aos Atos de Improbidade Administrativa que atentam contra os\nprinc\u00edpios da Administra\u00e7\u00e3o P\u00fablica <\/p>\n\n\n\n<p>d) Apenas a afirmativa IV\nrefere-se aos atos de Improbidade Administrativa que atentam contra os\nprinc\u00edpios da Administra\u00e7\u00e3o P\u00fablica <\/p>\n\n\n\n<p><strong>Coment\u00e1rios<\/strong><\/p>\n\n\n\n<p>Nesta quest\u00e3o o examinador\ntranscreveu tipos previstos na Lei de Improbidade e exigiu que o candidato os\nenquadrasse em uma das 4 categorias previstas entre os artigos 9\u00ba a 11 da Lei.\nNotem que, no item I, a Banca nem mesmo alterou o &#8220;desta Lei&#8221; para\nadaptar \u00e0 reda\u00e7\u00e3o da quest\u00e3o. <\/p>\n\n\n\n<p>Dito isto, podemos fazer a\nseguinte associa\u00e7\u00e3o:<\/p>\n\n\n\n<p>&#8211; Item I:\nenriquecimento il\u00edcito (art. 9\u00ba, IV)<\/p>\n\n\n\n<p>&#8211; itens\nII: viola\u00e7\u00e3o a princ\u00edpio (art. 11, I)<\/p>\n\n\n\n<p>&#8211; item III:\nviola\u00e7\u00e3o a princ\u00edpio (art. 11, VIII)<\/p>\n\n\n\n<p>&#8211; item IV:\npreju\u00edzo ao er\u00e1rio (art. 10, VI) <\/p>\n\n\n\n<p>Em rela\u00e7\u00e3o ao item III\nsupra, notem que tal conduta n\u00e3o se confunde com a celebra\u00e7\u00e3o de parceiras sem\na observ\u00e2ncia de formalidades legais aplic\u00e1veis, que seria enquadrada como conduta\ncausadora de preju\u00edzo ao er\u00e1rio (art. 10, XVIII).<\/p>\n\n\n\n<p>De qualquer modo, o gabarito\npreliminar apresentado pela Banca est\u00e1 equivocado, eis que as afirmativas II e\nIII referem-se a condutas violadoras de princ\u00edpio da Administra\u00e7\u00e3o (art. 11,\nincisos I e VIII, respectivamente), de sorte que n\u00e3o seria &#8220;apenas&#8221; a\nafirmativa III nesta categoria. Assim, defendo que a quest\u00e3o deva ser <strong>anulada<\/strong>.<\/p>\n\n\n\n<p><strong>Gabarito (C) <\/strong><\/p>\n\n\n\n<p>  <\/p>\n\n\n\n<p>25) Independentemente das\nsan\u00e7\u00f5es penais, civis e administrativas previstas na legisla\u00e7\u00e3o espec\u00edfica,\nest\u00e1 o respons\u00e1vel pelo Ato de Improbidade sujeito \u00e0s comina\u00e7\u00f5es, que podem ser\naplicadas isolada ou cumulativamente, de acordo com a gravidade do fato. <\/p>\n\n\n\n<p>Acerca das penas previstas\nna Lei da Improbidade Administrativa n\u00ba 8.429\/1992, assinale a alternativa\nincorreta. <\/p>\n\n\n\n<p>a) Na hip\u00f3tese de atos de\nimprobidade administrativa que importem enriquecimento il\u00edcito, haver\u00e1 perda\ndos bens ou valores acrescidos ilicitamente ao patrim\u00f4nio, ressarcimento\nintegral do dano, quando houver, perda da fun\u00e7\u00e3o p\u00fablica, suspens\u00e3o dos\ndireitos pol\u00edticos de 8 (oito) a 10 (dez) anos, pagamento de multa civil de at\u00e9\ntr\u00eas vezes o valor do acr\u00e9scimo patrimonial e proibi\u00e7\u00e3o de contratar com o\nPoder P\u00fablico ou receber benef\u00edcios ou incentivos fiscais ou credit\u00edcios,\ndireta ou indiretamente, ainda que por interm\u00e9dio de pessoa jur\u00eddica da qual\nseja s\u00f3cio majorit\u00e1rio, pelo prazo de 10 (dez) anos <\/p>\n\n\n\n<p>b) Na hip\u00f3tese de atos de\nImprobidade Administrativa que causem preju\u00edzo ao er\u00e1rio, haver\u00e1 ressarcimento\nintegral do dano, perda dos bens ou valores acrescidos ilicitamente ao\npatrim\u00f4nio, se concorrer esta circunst\u00e2ncia, perda da fun\u00e7\u00e3o p\u00fablica, suspens\u00e3o\ndos direitos pol\u00edticos de 5 (cinco) a 8 (oito) anos, pagamento de multa civil\nde at\u00e9 duas vezes o valor do dano e proibi\u00e7\u00e3o de contratar com o Poder P\u00fablico\nou receber benef\u00edcios ou incentivos fiscais ou credit\u00edcios, direta ou\nindiretamente, ainda que por interm\u00e9dio de pessoa jur\u00eddica da qual seja s\u00f3cio\nmajorit\u00e1rio, pelo prazo de 5 (cinco) anos <\/p>\n\n\n\n<p>c) Na fixa\u00e7\u00e3o das penas\nprevistas nessa Lei o juiz levar\u00e1 em conta a extens\u00e3o do dano causado, assim\ncomo o proveito patrimonial obtido pelo agente <\/p>\n\n\n\n<p>d) Na hip\u00f3tese de atos de\nImprobidade Administrativa que atentam contra os princ\u00edpios da administra\u00e7\u00e3o\np\u00fablica, ocorrer\u00e1 a perda da fun\u00e7\u00e3o p\u00fablica, suspens\u00e3o dos direitos pol\u00edticos\nde 5 (cinco) a 8 (oito) anos e multa civil de at\u00e9 3 (tr\u00eas) vezes o valor do\nbenef\u00edcio financeiro ou tribut\u00e1rio concedido<\/p>\n\n\n\n<p><strong>Coment\u00e1rios<\/strong><\/p>\n\n\n\n<p>Quest\u00e3o que buscou saber se\no candidato conhecia as san\u00e7\u00f5es aplic\u00e1veis a cada uma das 3 principais categorias\nde atos de improbidade:<\/p>\n\n\n\n<p>&nbsp;&nbsp;&nbsp;&nbsp;&nbsp;&nbsp;&nbsp;&nbsp;&nbsp;&nbsp;&nbsp; &#8211; letra (A): menciona\ncorretamente as san\u00e7\u00f5es aplic\u00e1veis a atos que ensejaram enriquecimento il\u00edcito (art.\n12, I);<\/p>\n\n\n\n<p>&nbsp;&nbsp;&nbsp;&nbsp;&nbsp;&nbsp;&nbsp;&nbsp;&nbsp;&nbsp;&nbsp; &#8211; letra (B): tamb\u00e9m\nmenciona corretamente as san\u00e7\u00f5es aplic\u00e1veis, aqui para o caso de ato que\nimporta preju\u00edzo ao er\u00e1rio (art. 12, II);<\/p>\n\n\n\n<p>&nbsp;&nbsp;&nbsp;&nbsp;&nbsp;&nbsp;&nbsp;&nbsp;&nbsp;&nbsp;&nbsp; &#8211; letra (C): \u00e9 uma\ntranscri\u00e7\u00e3o do par\u00e1grafo \u00fanico do art. 12 da Lei 8.429;<\/p>\n\n\n\n<p>&nbsp;&nbsp;&nbsp;&nbsp;&nbsp;&nbsp;&nbsp;&nbsp;&nbsp;&nbsp;&nbsp; &#8211; letra (D): est\u00e1 duplamente\nincorreta, visto que a suspens\u00e3o dos direitos pol\u00edticos ser\u00e1 de 3 a 5 anos, bem\ncomo a multa ser\u00e1 de at\u00e9 100 vezes a remunera\u00e7\u00e3o do agente (art. 12, III). <\/p>\n\n\n\n<p>Gabarito (D) <\/p>\n\n\n\n<p> <\/p>\n\n\n\n<p> <\/p>\n\n\n\n<p><strong>CONHECIMENTOS ESPEC\u00cdFICOS&nbsp;&nbsp;&nbsp;&nbsp;&nbsp;&nbsp;&nbsp; <\/strong><\/p>\n\n\n\n<p>47) O Supremo Tribunal\nFederal pacificou o entendimento de que as funda\u00e7\u00f5es p\u00fablicas podem estar\nsujeitas ao regime p\u00fablico ou privado, a depender de seu estatuto e das\natividades prestadas. Com base na legisla\u00e7\u00e3o administrativa pertinente,\nassinale a alternativa incorreta. <\/p>\n\n\n\n<p>a) Funda\u00e7\u00e3o P\u00fablica \u00e9 a\nentidade dotada de personalidade jur\u00eddica de direito privado, sem fins\nlucrativos, criada em virtude de autoriza\u00e7\u00e3o legislativa, para o\ndesenvolvimento de atividades que n\u00e3o exijam execu\u00e7\u00e3o por \u00f3rg\u00e3os ou entidades\nde direito p\u00fablico, com autonomia administrativa, patrim\u00f4nio pr\u00f3prio gerido\npelos respectivos \u00f3rg\u00e3os de dire\u00e7\u00e3o, e funcionamento custeado por recursos da\nUni\u00e3o e de outras fontes, segundo o Decreto-Lei 200 de 1967 <\/p>\n\n\n\n<p>b) As funda\u00e7\u00f5es p\u00fablicas\ninstitu\u00eddas ou mantidas sob o controle do poder p\u00fablico da Uni\u00e3o, dos Estados,\ndo Distrito Federal e dos Munic\u00edpios est\u00e3o abrangidas no conceito de\nAdministra\u00e7\u00e3o P\u00fablica, ainda que dotadas de personalidade jur\u00eddica de direito\nprivado <\/p>\n\n\n\n<p>c) As funda\u00e7\u00f5es p\u00fablicas de\ndireito privado s\u00e3o dispensadas do regime jur\u00eddico da Lei n\u00ba 8.666 de 1993, por\nexpressa determina\u00e7\u00e3o legal, em virtude da incid\u00eancia integral das normas de\ndireito civil <\/p>\n\n\n\n<p>d) S\u00e3o exemplos de funda\u00e7\u00f5es\np\u00fablicas a Funda\u00e7\u00e3o Nacional do \u00cdndio (FUNAI) e o Conselho Nacional de\nDesenvolvimento Cient\u00edfico e Tecnol\u00f3gico (CNPq) <\/p>\n\n\n\n<p><strong>Coment\u00e1rios<\/strong><\/p>\n\n\n\n<p>Quest\u00e3o interessante que exigiu conhecimento sobre as funda\u00e7\u00f5es\np\u00fablicas, exigindo o seguinte:<\/p>\n\n\n\n<p>&nbsp;&nbsp;&nbsp;&nbsp;&nbsp;&nbsp;&nbsp;&nbsp;&nbsp;&nbsp;&nbsp; &#8211; <strong>item A<\/strong> (correto): transcri\u00e7\u00e3o do art.\n5\u00ba, inciso IV, do DL 200\/1967;<\/p>\n\n\n\n<p>&nbsp;&nbsp;&nbsp;&nbsp;&nbsp;&nbsp;&nbsp;&nbsp;&nbsp;&nbsp;&nbsp; &#8211; <strong>item B<\/strong>\n(correto): sendo de direito p\u00fablico ou privado, indistintamente, as funda\u00e7\u00f5es\ninstitu\u00eddas pelos entes federativos (isto \u00e9, as &#8220;funda\u00e7\u00f5es p\u00fablicas&#8221;)\npertencem \u00e0 Administra\u00e7\u00e3o Indireta;<\/p>\n\n\n\n<p>&nbsp;&nbsp;&nbsp;&nbsp;&nbsp;&nbsp;&nbsp;&nbsp;&nbsp;&nbsp;&nbsp; &#8211; <strong>item C<\/strong> (incorreto): as funda\u00e7\u00f5es p\u00fablicas,\nde direito p\u00fablico ou privado, tamb\u00e9m devem observar as disposi\u00e7\u00f5es da Lei\n8.666\/1993, consoante se interpreta a partir do seu art. 1\u00ba, par\u00e1grafo \u00fanico;<\/p>\n\n\n\n<p>&nbsp;&nbsp;&nbsp;&nbsp;&nbsp;&nbsp;&nbsp;&nbsp;&nbsp;&nbsp;&nbsp; &#8211; <strong>item D<\/strong> (correto): pois ambas s\u00e3o\nfunda\u00e7\u00f5es institu\u00eddas pelo Poder P\u00fablico.<\/p>\n\n\n\n<p>Gabarito (C)<\/p>\n\n\n\n<p>48) O Estatuto Jur\u00eddico da empresa p\u00fablica, da sociedade de economia\nmista e de suas subsidi\u00e1rias, no \u00e2mbito da Uni\u00e3o, dos Estados, do Distrito\nFederal e dos Munic\u00edpios encontra-se regulamentado na Lei n\u00ba 13.303 de 2016.\nSobre o tema, assinale a alternativa correta: <\/p>\n\n\n\n<p>a) Desde que a maioria das\na\u00e7\u00f5es com direito a voto perten\u00e7am em sua maioria \u00e0 Uni\u00e3o, aos Estados, ao Distrito\nFederal ou aos Munic\u00edpios, ser\u00e1 admitida, no capital da empresa p\u00fablica, a\nparticipa\u00e7\u00e3o de outras pessoas jur\u00eddicas de direito p\u00fablico interno, bem como\nde entidades da administra\u00e7\u00e3o indireta dos entes federados <\/p>\n\n\n\n<p>b) Sociedade de economia\nmista \u00e9 a entidade dotada de personalidade jur\u00eddica de direito privado, com\ncria\u00e7\u00e3o autorizada por lei, sob a forma de sociedade an\u00f4nima, cuja maioria do\ncapital votante perten\u00e7a em sua maioria \u00e0 Uni\u00e3o, aos Estados, ao Distrito\nFederal, aos Munic\u00edpios ou a entidade da administra\u00e7\u00e3o indireta <\/p>\n\n\n\n<p>c) H\u00e1 expressa veda\u00e7\u00e3o legal\nem face das sociedades de economia mista para o lan\u00e7amento de deb\u00eantures ou\noutros t\u00edtulos ou valores mobili\u00e1rios, convers\u00edveis em a\u00e7\u00f5es, bem como para\nemiss\u00e3o de partes benefici\u00e1rias <\/p>\n\n\n\n<p>d) O prazo de gest\u00e3o dos\nmembros do Conselho Fiscal, tanto para empresas p\u00fablicas, como para sociedades\nde economia mista, n\u00e3o poder\u00e1 ser superior a dois anos, permitidas duas\nrecondu\u00e7\u00f5es consecutivas<\/p>\n\n\n\n<p><strong>Coment\u00e1rios<\/strong><\/p>\n\n\n\n<p>A quest\u00e3o exigiu conhecimentos sobre a literalidade do marco legal das empresas p\u00fablicas e sociedades de economia mista (Lei 13.303\/2016):<\/p>\n\n\n\n<p>&nbsp;&nbsp;&nbsp;&nbsp;&nbsp;&nbsp;&nbsp;&nbsp;&nbsp;&nbsp;&nbsp; &#8211; <strong>item A<\/strong> (dado como incorreto): diz respeito \u00e0s empresas p\u00fablicas pluripessoais (a exemplo da Dataprev), consoante autoriza a Lei 13.303\/2016<a href=\"#_ftn1\">[1]<\/a>. Nestes casos, o capital da empresa, embora totalmente p\u00fablico, pode pertencer a mais de uma pessoa jur\u00eddica. Entretanto, a banca sutilmente trocou a express\u00e3o &#8220;maioria do capital votante&#8221; (constante do art. 3\u00ba, par\u00e1grafo \u00fanico, da Lei 13.303\/2016) por &#8220;maioria das a\u00e7\u00f5es com direito a voto&#8221;, dando o item como incorreto, visto que nem sempre as empresas p\u00fablicas possuem capital social dividido em a\u00e7\u00f5es (podem tamb\u00e9m ser em cotas);<\/p>\n\n\n\n<p>&nbsp;&nbsp;&nbsp;&nbsp;&nbsp;&nbsp;&nbsp;&nbsp;&nbsp;&nbsp;&nbsp; &#8211; <strong>item B<\/strong> (dado como incorreto): h\u00e1 uma diferen\u00e7a sutil entre a defini\u00e7\u00e3o constante da Lei 13.303\/2016<a href=\"#_ftn2\">[2]<\/a> e o texto da alternativa, visto que aqui a banca inverteu &#8221; a\u00e7\u00f5es com direito a voto (..) em sua maioria &#8221; (previsto no art. 4\u00ba, <em>caput<\/em>, da Lei 13.303\/2016) por &#8220;maioria do capital votante&#8221;;<\/p>\n\n\n\n<p>&nbsp;&nbsp;&nbsp;&nbsp;&nbsp;&nbsp;&nbsp;&nbsp;&nbsp;&nbsp;&nbsp; &#8211; <strong>item C<\/strong> (incorreto): a veda\u00e7\u00e3o \u00e0 emiss\u00e3o de deb\u00eanture aplica-se apenas \u00e0s empresas p\u00fablicas (EP) &#8211; e n\u00e3o \u00e0s SEM (art. 11, I);<\/p>\n\n\n\n<p>\u00a0\u00a0\u00a0\u00a0\u00a0\u00a0\u00a0\u00a0\u00a0\u00a0\u00a0 &#8211; <strong>item D<\/strong> (correto): o prazo de gest\u00e3o dos membros do Conselho Fiscal &#8211; de SEM e EP &#8211; n\u00e3o deve ser superior a dois anos, permitidas duas recondu\u00e7\u00f5es consecutivas (art. 13, VIII)<\/p>\n\n\n\n<hr class=\"wp-block-separator\" \/>\n\n\n\n<p><a href=\"#_ftnref1\">[1]<\/a> Art. 3\u00ba, par\u00e1grafo \u00fanico. Desde que a <strong>maioria do capital votante<\/strong> permane\u00e7a em propriedade da Uni\u00e3o, do Estado, do Distrito Federal ou do Munic\u00edpio, ser\u00e1 admitida, no capital da empresa p\u00fablica, a participa\u00e7\u00e3o de outras pessoas jur\u00eddicas de direito p\u00fablico interno, bem como de entidades da administra\u00e7\u00e3o indireta da Uni\u00e3o, dos Estados, do Distrito Federal e dos Munic\u00edpios.<\/p>\n\n\n\n<p><a href=\"#_ftnref2\">[2]<\/a> Lei 13.303\/2016, art. 4\u00ba Sociedade de economia mista \u00e9 a entidade dotada de personalidade jur\u00eddica de direito privado, com cria\u00e7\u00e3o autorizada por lei, sob a forma de sociedade an\u00f4nima, cujas <strong>a\u00e7\u00f5es com direito a voto<\/strong> perten\u00e7am <strong>em sua maioria<\/strong> \u00e0 Uni\u00e3o, aos Estados, ao Distrito Federal, aos Munic\u00edpios ou a entidade da administra\u00e7\u00e3o indireta.<\/p>\n\n\n\n<p><strong>Gabarito (D)<\/strong><\/p>\n\n\n\n<p>49) O instituto da\nrequisi\u00e7\u00e3o tem previs\u00e3o constitucional e pode ser definido como uma das\nmodalidades de interven\u00e7\u00e3o do Estado na propriedade privada. Nesse sentido,\nleia abaixo o excerto do artigo 5\u00ba, inciso XXV, da CF\/88: Art. 5\u00ba. Inciso XXV &#8211;\nno caso de _____, a autoridade competente poder\u00e1 _____ de propriedade\nparticular, assegurada ao propriet\u00e1rio _____ , _____;<\/p>\n\n\n\n<p>&nbsp;Assinale a alternativa que preencha correta e\nrespectivamente as lacunas. <\/p>\n\n\n\n<p>a) descumprimento da fun\u00e7\u00e3o social \/ utilizar bens \/ indeniza\u00e7\u00e3o proporcional\n\/ se houver abuso <\/p>\n\n\n\n<p>b) iminente perigo p\u00fablico \/ usar \/ indeniza\u00e7\u00e3o ulterior \/ se houver\ndano <\/p>\n\n\n\n<p>c) descumprimento da fun\u00e7\u00e3o social \/ usar \/ indeniza\u00e7\u00e3o pr\u00e9via \/ se\nhouver abuso <\/p>\n\n\n\n<p>d) iminente perigo p\u00fablico \/ utilizar bens \/ indeniza\u00e7\u00e3o pr\u00e9via \/ calculados\nposs\u00edveis danos <\/p>\n\n\n\n<p><strong>Coment\u00e1rios<\/strong><\/p>\n\n\n\n<p>O item exigiu conhecimento do art. 5\u00ba, inciso XXV, da CF, que\nfundamenta a requisi\u00e7\u00e3o administrativa, como forma de o Estado intervir na\npropriedade privada:<\/p>\n\n\n\n<p>CF, art. 5\u00ba, XXV &#8211; no caso de <strong>iminente perigo p\u00fablico<\/strong>, a autoridade\ncompetente poder\u00e1 <strong>usar<\/strong> de\npropriedade particular, assegurada ao propriet\u00e1rio <strong>indeniza\u00e7\u00e3o ulterior<\/strong>, <strong>se\nhouver dano<\/strong>;<\/p>\n\n\n\n<p>Assim, percebemos que a letra (B) est\u00e1 correta.<\/p>\n\n\n\n<p>Gabarito (B)<\/p>\n\n\n\n<p>50) As normas atinentes ao processo administrativo no \u00e2mbito da\nAdministra\u00e7\u00e3o P\u00fablica Federal est\u00e3o consolidadas na Lei n\u00ba 9.784 de 1999. Sobre\no tema, analise as afirmativas abaixo: <\/p>\n\n\n\n<p>I. O ato de delega\u00e7\u00e3o \u00e9 irrevog\u00e1vel e n\u00e3o ser\u00e1 admitido para a\nedi\u00e7\u00e3o de atos de car\u00e1ter normativo, para a decis\u00e3o de recursos administrativos\ne para as mat\u00e9rias de compet\u00eancia exclusiva do \u00f3rg\u00e3o ou autoridade. <\/p>\n\n\n\n<p>II. \u00c9 impedido de atuar em processo administrativo o servidor ou\nautoridade que tenha participado ou venha a participar como perito, testemunha\nou representante, ou se tais situa\u00e7\u00f5es ocorrem quanto ao c\u00f4njuge, companheiro\nou parente e afins at\u00e9 o segundo grau. <\/p>\n\n\n\n<p>III. Encerrada a instru\u00e7\u00e3o, o interessado ter\u00e1 o direito de\nmanifestar-se no prazo m\u00e1ximo de dez dias, salvo se outro prazo for legalmente\nfixado. <\/p>\n\n\n\n<p>IV. O direito da Administra\u00e7\u00e3o de anular os atos administrativos de\nque decorram efeitos favor\u00e1veis para os destinat\u00e1rios decai em cinco anos,\ncontados da data em que foram praticados, salvo comprovada m\u00e1-f\u00e9. No caso de\nefeitos patrimoniais cont\u00ednuos, o prazo de decad\u00eancia contar-se-\u00e1 da percep\u00e7\u00e3o\ndo primeiro pagamento. Assinale a alternativa correta. <\/p>\n\n\n\n<p>a) Apenas as afirmativas I, III e IV est\u00e3o corretas <\/p>\n\n\n\n<p>b) Apenas as afirmativas II, III e IV est\u00e3o corretas <\/p>\n\n\n\n<p>c) Apenas as afirmativas I e II est\u00e3o corretas<\/p>\n\n\n\n<p>&nbsp;d) Apenas as afirmativas III\ne IV est\u00e3o corretas <\/p>\n\n\n\n<p><strong>Coment\u00e1rios<\/strong><\/p>\n\n\n\n<p>Quest\u00e3o cobrando conhecimento detalhado das disposi\u00e7\u00f5es normativas\nda Lei 9.784\/1999:<\/p>\n\n\n\n<p>&nbsp;&nbsp;&nbsp;&nbsp;&nbsp;&nbsp;&nbsp;&nbsp;&nbsp;&nbsp;&nbsp; &#8211; <strong>item I<\/strong> (incorreto): visto que o ato de\ndelega\u00e7\u00e3o \u00e9 revog\u00e1vel a qualquer tempo;<\/p>\n\n\n\n<p>&nbsp;&nbsp;&nbsp;&nbsp;&nbsp;&nbsp;&nbsp;&nbsp;&nbsp;&nbsp;&nbsp; &#8211; <strong>item II<\/strong>\n(incorreto): todas as circunst\u00e2ncias mencionadas no item s\u00e3o, de fato,\nsitua\u00e7\u00f5es ensejadoras do impedimento. Entretanto, se compararmos a reda\u00e7\u00e3o do\nitem com o inciso II do art. 18 da Lei 9.784, veremos que o impedimento alcan\u00e7a\nos parentes de at\u00e9 <strong>3\u00ba grau<\/strong>. Assim,\nem raz\u00e3o desta desconformidade com a Lei, o item foi dado como incorreto;<\/p>\n\n\n\n<p>&nbsp;&nbsp;&nbsp;&nbsp;&nbsp;&nbsp;&nbsp;&nbsp;&nbsp;&nbsp;&nbsp; &#8211; <strong>item III<\/strong>\n(correto): transcri\u00e7\u00e3o do art. 44 da Lei 9.784\/1999, que prev\u00ea o prazo de 10\ndias para apresenta\u00e7\u00e3o de alega\u00e7\u00f5es finais (ap\u00f3s o fim da instru\u00e7\u00e3o, mas antes\nda decis\u00e3o);<\/p>\n\n\n\n<p>&nbsp;&nbsp;&nbsp;&nbsp;&nbsp;&nbsp;&nbsp;&nbsp;&nbsp;&nbsp;&nbsp; &#8211; <strong>item IV<\/strong>\n(correto): transcri\u00e7\u00e3o do <em>caput<\/em> do\nart. 54 da Lei 9.784\/1999.<\/p>\n\n\n\n<p>Gabarito (D)<\/p>\n\n\n\n<p>51) Os contratos\nadministrativos devem observar as normas gerais previstas na Lei n\u00ba 8.666 de\n1993. Sendo assim, analise as afirmativas abaixo e d\u00ea valores Verdadeiro (V) ou\nFalso (F): <\/p>\n\n\n\n<p>( ) A declara\u00e7\u00e3o de nulidade\ndo contrato administrativo opera retroativamente impedindo os efeitos jur\u00eddicos\nque ele, ordinariamente, deveria produzir, al\u00e9m de desconstituir os j\u00e1\nproduzidos.<\/p>\n\n\n\n<p>&nbsp;( ) Constitui motivo para rescis\u00e3o do contrato\no atraso superior a 90 (noventa) dias dos pagamentos devidos pela Administra\u00e7\u00e3o\ndecorrentes de obras, servi\u00e7os ou fornecimento, ou parcelas destes, j\u00e1\nrecebidos ou executados, salvo em caso de calamidade p\u00fablica, grave perturba\u00e7\u00e3o\nda ordem interna ou guerra. <\/p>\n\n\n\n<p>( ) O contratado fica\nobrigado a aceitar, nas mesmas condi\u00e7\u00f5es contratuais, os acr\u00e9scimos ou\nsupress\u00f5es que se fizerem nas obras, servi\u00e7os ou compras, at\u00e9 25% (vinte e\ncinco por cento) do valor inicial atualizado do contrato, e, no caso particular\nde reforma de edif\u00edcio ou de equipamento, at\u00e9 o limite de 50% (cinq\u00fcenta por\ncento) para os seus acr\u00e9scimos. <\/p>\n\n\n\n<p>( ) \u00c9 nulo e de nenhum\nefeito o contrato verbal com a Administra\u00e7\u00e3o, salvo o de pequenas compras de\npronto pagamento, assim entendidas aquelas de valor n\u00e3o superior a 10% (dez por\ncento) do limite estabelecido no art. 23, inciso II, al\u00ednea &#8220;a&#8221; da\nLei n\u00ba 8.666\/1993, feitas em regime de adiantamento. <\/p>\n\n\n\n<p>Assinale a alternativa que\napresenta a sequ\u00eancia correta de cima para baixo. <\/p>\n\n\n\n<p>a) V, V, V, F <\/p>\n\n\n\n<p>b) V, V, F, V <\/p>\n\n\n\n<p>c) V, F, F, F <\/p>\n\n\n\n<p>d) F, V, F, V <\/p>\n\n\n\n<p><strong>Coment\u00e1rios<\/strong><\/p>\n\n\n\n<p>Nesta quest\u00e3o foram cobrados v\u00e1rios aspectos sobre os contratos\nadministrativos, a saber:<\/p>\n\n\n\n<p>&#8211; <strong>item\nI<\/strong> (correto): \u00e9 transcri\u00e7\u00e3o do <em>caput<\/em>\ndo art. 59 da Lei 8.666\/1993;<\/p>\n\n\n\n<p>&nbsp;&nbsp;&nbsp;&nbsp;&nbsp;&nbsp;&nbsp;&nbsp;&nbsp;&nbsp;&nbsp; &#8211; <strong>item II<\/strong> (correto): nos termos do inciso\nXV do art. 78 da Lei 8.666, trata-se de hip\u00f3tese para rescis\u00e3o contratual por\nfato da Administra\u00e7\u00e3o, autorizando o contratado a requerer judicialmente a\nrescis\u00e3o;<\/p>\n\n\n\n<p>&nbsp;&nbsp;&nbsp;&nbsp;&nbsp;&nbsp;&nbsp;&nbsp;&nbsp;&nbsp;&nbsp; &#8211; <strong>item III<\/strong> (correto): menciona\ncorretamente os limites para altera\u00e7\u00f5es quantitativas previstos no art. 65,\n\u00a71\u00ba, da Lei;<\/p>\n\n\n\n<p>&nbsp;&nbsp;&nbsp;&nbsp;&nbsp;&nbsp;&nbsp;&nbsp;&nbsp;&nbsp;&nbsp; &#8211; <strong>item IV<\/strong>\n(incorreto): porquanto o limite \u00e9 de <strong>5%<\/strong>\ndo limite da modalidade convite, nos termos do art. 60, par\u00e1grafo \u00fanico, da Lei\n8.666\/1993. Ap\u00f3s a atualiza\u00e7\u00e3o promovida pelo Decreto 9.412\/2018, este valor \u00e9\nde at\u00e9 R$&nbsp;8.800,00.<\/p>\n\n\n\n<p>Gabarito (A)<\/p>\n\n\n\n<p>52) A respeito das modalidades, limites e dispensa de licita\u00e7\u00e3o\np\u00fablica, considere as disposi\u00e7\u00f5es expressas na Lei n\u00ba 8.666 de 1993 e assinale\na alternativa correta. <\/p>\n\n\n\n<p>a) Os bens im\u00f3veis da Administra\u00e7\u00e3o P\u00fablica, cuja aquisi\u00e7\u00e3o haja\nderivado de procedimentos judiciais ou de da\u00e7\u00e3o em pagamento, poder\u00e3o ser\nalienados por ato da autoridade competente, desde que adotado o procedimento\nlicitat\u00f3rio sob a modalidade de concorr\u00eancia ou tomada de pre\u00e7os <\/p>\n\n\n\n<p>b) Nos casos em que couber convite, a Administra\u00e7\u00e3o poder\u00e1 utilizar\na tomada de pre\u00e7os e, em qualquer caso, a concorr\u00eancia <\/p>\n\n\n\n<p>c) \u00c9 dispens\u00e1vel a licita\u00e7\u00e3o para contrata\u00e7\u00e3o de profissional de\nqualquer setor art\u00edstico, diretamente ou atrav\u00e9s de empres\u00e1rio exclusivo, desde\nque consagrado pela cr\u00edtica especializada ou pela opini\u00e3o p\u00fablica <\/p>\n\n\n\n<p>d) Convite \u00e9 a modalidade de licita\u00e7\u00e3o entre interessados\ndevidamente cadastrados ou que atenderem a todas as condi\u00e7\u00f5es exigidas para\ncadastramento at\u00e9 o terceiro dia anterior \u00e0 data do recebimento das propostas,\nobservada a necess\u00e1ria qualifica\u00e7\u00e3o<\/p>\n\n\n\n<p><strong>Coment\u00e1rios<\/strong><\/p>\n\n\n\n<p>Nesta quest\u00e3o, o tema\nlicita\u00e7\u00f5es p\u00fablicas \u00e0 luz da Lei 8.666\/1993:<\/p>\n\n\n\n<p>&nbsp;&nbsp;&nbsp;&nbsp;&nbsp;&nbsp;&nbsp;&nbsp;&nbsp;&nbsp;&nbsp; &#8211; <strong>item A<\/strong>\n(incorreto): n\u00e3o se admite a tomada de pre\u00e7os neste caso, podendo ser adotada a\nconcorr\u00eancia ou o <strong>leil\u00e3o<\/strong> (art. 19);<\/p>\n\n\n\n<p>&nbsp;&nbsp;&nbsp;&nbsp;&nbsp;&nbsp;&nbsp;&nbsp;&nbsp;&nbsp;&nbsp; &#8211; <strong>item B<\/strong>\n(correto): transcri\u00e7\u00e3o da regra prevista no \u00a74\u00ba do art. 23 da Lei;<\/p>\n\n\n\n<p>&nbsp;&nbsp;&nbsp;&nbsp;&nbsp;&nbsp;&nbsp;&nbsp;&nbsp;&nbsp;&nbsp; &#8211; <strong>item C<\/strong>\n(incorreto): visto que a contrata\u00e7\u00e3o neste caso ser\u00e1 <strong>inexig\u00edvel<\/strong> (art. 25, III);<\/p>\n\n\n\n<p>&nbsp;&nbsp;&nbsp;&nbsp;&nbsp;&nbsp;&nbsp;&nbsp;&nbsp;&nbsp;&nbsp; &#8211; <strong>item D<\/strong>\n(incorreto): esta defini\u00e7\u00e3o \u00e9, na verdade, da modalidade tomada de pre\u00e7os (art.\n22, \u00a72\u00ba) &#8211; e n\u00e3o do convite.<\/p>\n\n\n\n<p>Gabarito (B)<\/p>\n\n\n\n<p>53) \u00c9 aplic\u00e1vel o regime da\nLei n\u00ba 8.666 de 1993 aos conv\u00eanios, acordos, ajustes e outros instrumentos\ncong\u00eaneres celebrados por \u00f3rg\u00e3os e entidades da Administra\u00e7\u00e3o. Diante disso,\nanalise as afirmativas abaixo e d\u00ea valores Verdadeiro (V) ou Falso (F):<\/p>\n\n\n\n<p>&nbsp;( ) A celebra\u00e7\u00e3o de conv\u00eanio, acordo ou ajuste\npelos \u00f3rg\u00e3os ou entidades da Administra\u00e7\u00e3o P\u00fablica depende de pr\u00e9via\napresenta\u00e7\u00e3o do competente plano de trabalho proposto pela organiza\u00e7\u00e3o\ninteressada, o qual poder\u00e1 ser aprovado ap\u00f3s sua constitui\u00e7\u00e3o. <\/p>\n\n\n\n<p>( ) Os saldos de conv\u00eanio,\nenquanto n\u00e3o utilizados, ser\u00e3o facultativamente aplicados em cadernetas de\npoupan\u00e7a de institui\u00e7\u00e3o financeira oficial, quando a utiliza\u00e7\u00e3o dos mesmos\nverificar-se em prazos menores que um m\u00eas. <\/p>\n\n\n\n<p>( ) Os saldos de conv\u00eanio,\nenquanto n\u00e3o utilizados, ser\u00e3o obrigatoriamente aplicados em fundo de aplica\u00e7\u00e3o\nfinanceira de curto prazo ou opera\u00e7\u00e3o de mercado aberto lastreada em t\u00edtulos da\nd\u00edvida p\u00fablica, se a previs\u00e3o de seu uso for igual ou superior a um m\u00eas.<\/p>\n\n\n\n<p>&nbsp;( ) As parcelas do conv\u00eanio ser\u00e3o liberadas\nsempre em estrita conformidade com o plano de aplica\u00e7\u00e3o aprovado. <\/p>\n\n\n\n<p>Assinale a alternativa que\napresenta a sequ\u00eancia correta de cima para baixo. <\/p>\n\n\n\n<p>a) V, V, F, F<\/p>\n\n\n\n<p>b) V, F, V, V <\/p>\n\n\n\n<p>c) F, F, F, F <\/p>\n\n\n\n<p>d) F, V, V, V <\/p>\n\n\n\n<p><strong>Coment\u00e1rios<\/strong><\/p>\n\n\n\n<p>Esta quest\u00e3o exigiu um tema\npouco comum em provas, que s\u00e3o as regras aplic\u00e1veis aos conv\u00eanios, constantes do\nart. 116 da Lei 8.666\/1993:<\/p>\n\n\n\n<p>&#8211; <strong>item I<\/strong> (incorreto): a <strong>aprova\u00e7\u00e3o<\/strong> do plano de trabalho \u00e9 sim condi\u00e7\u00e3o\npara a &#8220;constitui\u00e7\u00e3o&#8221; ou celebra\u00e7\u00e3o do conv\u00eanio (art. 116, \u00a71\u00ba);<\/p>\n\n\n\n<p>&nbsp;&nbsp;&nbsp;&nbsp;&nbsp;&nbsp;&nbsp;&nbsp;&nbsp;&nbsp;&nbsp; &#8211; <strong>item II<\/strong> (incorreto):\nnos termos do art. 116, \u00a74\u00ba, se a previs\u00e3o para uso for igual ou superior a 1\nm\u00eas, os recursos dever\u00e3o permanecer em poupan\u00e7a;<\/p>\n\n\n\n<p>&nbsp;&nbsp;&nbsp;&nbsp;&nbsp;&nbsp;&nbsp;&nbsp;&nbsp;&nbsp;&nbsp; &#8211; <strong>item III<\/strong> (incorreto):\nnos termos do art. 116, \u00a74\u00ba, se a previs\u00e3o para uso for inferior a 1 m\u00eas, a\u00ed\nsim os recursos poder\u00e3o ser aplicados em fundo de aplica\u00e7\u00e3o financeira de curto\nprazo ou opera\u00e7\u00e3o de mercado aberto lastreada em t\u00edtulos da d\u00edvida p\u00fablica;<\/p>\n\n\n\n<p>&nbsp;&nbsp;&nbsp;&nbsp;&nbsp;&nbsp;&nbsp;&nbsp;&nbsp;&nbsp;&nbsp; &#8211; <strong>item IV<\/strong> (incorreto):\nnem sempre! O art. 116, \u00a73\u00ba, prev\u00ea situa\u00e7\u00f5es em que as parcelas deixar\u00e3o de ser\nliberadas.<\/p>\n\n\n\n<p>Gabarito (C)<\/p>\n\n\n\n<p>54) O preg\u00e3o consiste em modalidade licitat\u00f3ria prevista na Lei n\u00ba\n10.520\/2002. Desse modo, assinale a alternativa correta. <\/p>\n\n\n\n<p>a) Preg\u00e3o \u00e9 a modalidade de licita\u00e7\u00e3o entre quaisquer interessados\npara a venda de bens m\u00f3veis inserv\u00edveis para a administra\u00e7\u00e3o ou de produtos\nlegalmente apreendidos ou penhorados, a quem oferecer o maior lance, igual ou\nsuperior ao valor da avalia\u00e7\u00e3o <\/p>\n\n\n\n<p>b) O prazo fixado para a apresenta\u00e7\u00e3o das propostas, contado a\npartir da publica\u00e7\u00e3o do aviso, ser\u00e1 de 8 (oito) dias \u00fateis<\/p>\n\n\n\n<p>&nbsp;c) No curso da sess\u00e3o, o\nautor da oferta de valor mais baixo e os das ofertas com pre\u00e7os at\u00e9 15% (quinze\npor cento) superiores \u00e0quela poder\u00e3o fazer novos lances verbais e sucessivos,\nat\u00e9 a proclama\u00e7\u00e3o do vencedor <\/p>\n\n\n\n<p>d) \u00c9 vedada a exig\u00eancia de garantia de proposta, aquisi\u00e7\u00e3o do edital\npelos licitantes, como condi\u00e7\u00e3o para participa\u00e7\u00e3o no certame e pagamento de\ntaxas e emolumentos, ressalvadas as exce\u00e7\u00f5es previstas em lei <\/p>\n\n\n\n<p><strong>Coment\u00e1rios<\/strong><\/p>\n\n\n\n<p>Quest\u00e3o que exigiu bastante aten\u00e7\u00e3o dos candidatos a respeito da Lei\n10.520\/2002:<\/p>\n\n\n\n<p>&nbsp;&nbsp;&nbsp;&nbsp;&nbsp;&nbsp;&nbsp;&nbsp;&nbsp;&nbsp;&nbsp; &#8211; <strong>item A<\/strong> (incorreto): a alternativa\nmenciona, na verdade, a defini\u00e7\u00e3o de leil\u00e3o;<\/p>\n\n\n\n<p>&nbsp;&nbsp;&nbsp;&nbsp;&nbsp;&nbsp;&nbsp;&nbsp;&nbsp;&nbsp;&nbsp; &#8211; <strong>item B<\/strong> (incorreto): o item est\u00e1\nincorreto por uma sutileza: 8 dias \u00fateis \u00e9 o <strong>prazo m\u00ednimo<\/strong>, mas nada impede que o edital fixe um prazo superior\n(Lei 10.520\/2002, art. 4\u00ba, V);<\/p>\n\n\n\n<p>&nbsp;&nbsp;&nbsp;&nbsp;&nbsp;&nbsp;&nbsp;&nbsp;&nbsp;&nbsp;&nbsp; &#8211; <strong>item C<\/strong> (incorreto): pois o percentual \u00e9\nde apenas <strong>10%<\/strong> sobre o valor da\noferta de valor mais baixo (art. 4\u00ba, VIII)<\/p>\n\n\n\n<p>&nbsp;&nbsp;&nbsp;&nbsp;&nbsp;&nbsp;&nbsp;&nbsp;&nbsp;&nbsp;&nbsp; &#8211; <strong>item D<\/strong> (correto): sintetiza\ncorretamente as tr\u00eas veda\u00e7\u00f5es constantes do art. 5\u00ba da Lei do Preg\u00e3o.<\/p>\n\n\n\n<p>Gabarito (D)<\/p>\n\n\n\n<p>55) A responsabilidade civil\ndo Estado brasileiro pelos danos causados a terceiros encontra-se disciplinada\nno artigo 37, par\u00e1grafo 6\u00ba, da Constitui\u00e7\u00e3o Federal de 1988 (CF\/88). Sobre o\ntema, assinale a alternativa correta.<\/p>\n\n\n\n<p>a) Segundo a teoria do risco\nintegral, o ente p\u00fablico deve ser responsabilizado objetivamente pelos danos\nque seus agentes causarem a terceiros, sendo, contudo, admitida a exclus\u00e3o da\nresponsabilidade em determinadas situa\u00e7\u00f5es, tais como culpa exclusiva da\nv\u00edtima, caso fortuito ou for\u00e7a maior, haja vista ser o Estado garantidor\nuniversal de seus subordinados <\/p>\n\n\n\n<p>b) A responsabilidade civil\ndas pessoas jur\u00eddicas de direito p\u00fablico e das pessoas jur\u00eddicas de direito\nprivado prestadoras de servi\u00e7os p\u00fablicos n\u00e3o depende da comprova\u00e7\u00e3o de\nelementos subjetivos ou da ilicitude do ato <\/p>\n\n\n\n<p>c) A Constitui\u00e7\u00e3o Federal de\n1988 admite a\u00e7\u00e3o de regresso do Estado em face do agente p\u00fablico que, nessa\nqualidade, causar danos a terceiros, cujo direito ao ressarcimento ser\u00e1 aferido\npor meio da responsabilidade objetiva do agressor <\/p>\n\n\n\n<p>d) As empresas p\u00fablicas e\nsociedades de economia mista, enquanto exploradoras de atividade econ\u00f4mica,\nest\u00e3o submetidas aos ditames da responsabilidade objetiva prevista no artigo\n37, par\u00e1grafo 6\u00ba, da CF\/88, uma vez que gozam das prerrogativas e sujei\u00e7\u00f5es\ninerentes ao regime jur\u00eddico administrativo <\/p>\n\n\n\n<p><strong>Coment\u00e1rios<\/strong><\/p>\n\n\n\n<p>Vejamos as considera\u00e7\u00f5es a seguir sobre a responsabilidade civil do\nEstado:<\/p>\n\n\n\n<p>&nbsp;&nbsp;&nbsp;&nbsp;&nbsp;&nbsp;&nbsp;&nbsp;&nbsp;&nbsp;&nbsp; &#8211; <strong>item A<\/strong>\n(incorreto): na teoria do risco integral n\u00e3o se admite a exclus\u00e3o da\nresponsabilidade do Estado, pois h\u00e1 uma assun\u00e7\u00e3o <strong>integral<\/strong> do risco;<\/p>\n\n\n\n<p>&nbsp;&nbsp;&nbsp;&nbsp;&nbsp;&nbsp;&nbsp;&nbsp;&nbsp;&nbsp;&nbsp; &#8211; <strong>item B<\/strong>\n(correto): pois sintetiza corretamente o cerne da responsabilidade objetiva\n(que n\u00e3o depende da comprova\u00e7\u00e3o de dolo ou culpa no agente &#8211; elementos\nsubjetivos da conduta) e o seu alcance (pessoas jur\u00eddicas de direito p\u00fablico e\nprestadoras de servi\u00e7o p\u00fablico);<\/p>\n\n\n\n<p>&nbsp;&nbsp;&nbsp;&nbsp;&nbsp;&nbsp;&nbsp;&nbsp;&nbsp;&nbsp;&nbsp; &#8211; <strong>item C<\/strong>\n(incorreto): a responsabilidade do &#8220;agressor&#8221;, no bojo da a\u00e7\u00e3o de\nregresso, ser\u00e1 sempre subjetiva (dolo ou culpa);<\/p>\n\n\n\n<p>&nbsp;&nbsp;&nbsp;&nbsp;&nbsp;&nbsp;&nbsp;&nbsp;&nbsp;&nbsp;&nbsp; &#8211; <strong>item D<\/strong>\n(incorreto): se exploradoras de atividade econ\u00f4mica, a responsabilidade ser\u00e1\nsubjetiva, como regra geral.<\/p>\n\n\n\n<p>Gabarito (B)<\/p>\n\n\n\n<p>56) O regime jur\u00eddico\nadministrativo pode ser conceituado como o &#8220;conjunto de princ\u00edpios que\ndefinem a l\u00f3gica da atua\u00e7\u00e3o do ente p\u00fablico, a qual se baseia na exist\u00eancia de\nlimita\u00e7\u00f5es e prerrogativas em face do interesse p\u00fablico&#8221;. Sobre o tema,\nassinale a alternativa incorreta. <\/p>\n\n\n\n<p>a) Havendo conflito entre os\ninteresses da sociedade e as necessidades espec\u00edficas de indiv\u00edduos, os\nprimeiros dever\u00e3o prevalecer, em virtude da posi\u00e7\u00e3o privilegiada assegurada \u00e0\nAdministra\u00e7\u00e3o P\u00fablica quando se relaciona com particulares, fundamentada no Princ\u00edpio\nda Supremacia do Interesse P\u00fablico sobre o Privado <\/p>\n\n\n\n<p>b) A publicidade dos atos,\nprogramas, obras, servi\u00e7os e campanhas dos \u00f3rg\u00e3os p\u00fablicos dever\u00e1 ter car\u00e1ter\neducativo, informativo ou de orienta\u00e7\u00e3o social, dela n\u00e3o podendo constar nomes,\ns\u00edmbolos ou imagens que caracterizem promo\u00e7\u00e3o pessoal de autoridades ou servidores\np\u00fablicos. Essa norma configura corol\u00e1rio do Princ\u00edpio da Impessoalidade,\nexpressamente previsto no artigo 37 da Constitui\u00e7\u00e3o Federal de 1988 <\/p>\n\n\n\n<p>c) O Princ\u00edpio da\nMoralidade, embora goze de conceito jur\u00eddico indeterminado, visa estabelecer a\nobrigatoriedade de observ\u00e2ncia dos padr\u00f5es \u00e9ticos de conduta, para que se\nassegure o exerc\u00edcio da fun\u00e7\u00e3o p\u00fablica de forma a atender as necessidades\ncoletivas <\/p>\n\n\n\n<p>d) A Administra\u00e7\u00e3o P\u00fablica\ndet\u00e9m o poder de controlar os seus atos de of\u00edcio, mediante a anula\u00e7\u00e3o de atos\npraticados em suas atividades essenciais, quando ilegais, ou a revoga\u00e7\u00e3o de\natos importunos ou inconvenientes, sem que seja necess\u00e1ria a interfer\u00eancia do\nPoder Judici\u00e1rio, com fundamento no Princ\u00edpio da Intranscend\u00eancia<\/p>\n\n\n\n<p><strong>Coment\u00e1rios<\/strong><\/p>\n\n\n\n<p>Quest\u00e3o que exigiu conhecimento sobre os princ\u00edpios da Administra\u00e7\u00e3o\nP\u00fablica:<\/p>\n\n\n\n<p>&nbsp;&nbsp;&nbsp;&nbsp;&nbsp;&nbsp;&nbsp;&nbsp;&nbsp;&nbsp;&nbsp; &#8211; <strong>item A<\/strong>\n(correto): menciona corretamente o postulado do princ\u00edpio da Supremacia do\nInteresse P\u00fablico sobre o Privado;<\/p>\n\n\n\n<p>&nbsp;&nbsp;&nbsp;&nbsp;&nbsp;&nbsp;&nbsp;&nbsp;&nbsp;&nbsp;&nbsp; &#8211; <strong>item B<\/strong>\n(correto): trata-se de uma das dimens\u00f5es do princ\u00edpio da impessoalidade, que\nveda a promo\u00e7\u00e3o pessoal dos agentes em raz\u00e3o das realiza\u00e7\u00f5es do poder p\u00fablico\n(CF, art. 37, \u00a71\u00ba);<\/p>\n\n\n\n<p>&nbsp;&nbsp;&nbsp;&nbsp;&nbsp;&nbsp;&nbsp;&nbsp;&nbsp;&nbsp;&nbsp; &#8211; <strong>item C<\/strong> (correto): discorre corretamente\nsobre o conte\u00fado do princ\u00edpio da moralidade;<\/p>\n\n\n\n<p>&nbsp;&nbsp;&nbsp;&nbsp;&nbsp;&nbsp;&nbsp;&nbsp;&nbsp;&nbsp;&nbsp; &#8211; <strong>item D<\/strong>\n(incorreto): o que fundamenta o controle da Administra\u00e7\u00e3o sobre seus atos n\u00e3o \u00e9\no princ\u00edpio da Intranscend\u00eancia, e sim o princ\u00edpio da autotutela. O princ\u00edpio\nda Intranscend\u00eancia subjetiva das san\u00e7\u00f5es tem sido utilizado pelo STJ\nespecialmente para delimitar os efeitos de restri\u00e7\u00f5es impostas sobre os entes\nfederativos.<\/p>\n\n\n\n<p>Gabarito (D)<\/p>\n\n\n\n<p>57) Para o exerc\u00edcio da\nfun\u00e7\u00e3o administrativa, em busca do interesse coletivo, o Estado se submete ao\nregime jur\u00eddico administrativo, o qual confere peculiaridades \u00e0 atua\u00e7\u00e3o da\nAdministra\u00e7\u00e3o P\u00fablica. Nesse contexto, analise as afirmativas abaixo: <\/p>\n\n\n\n<p>I. O Poder Hier\u00e1rquico\nconfigura um poder de estrutura\u00e7\u00e3o interna da atividade p\u00fablica de uma pessoa\njur\u00eddica, determinando uma rela\u00e7\u00e3o de hierarquia e subordina\u00e7\u00e3o entre os seus\n\u00f3rg\u00e3os e agentes. Tratam-se de prerrogativas oriundas desse poder a delega\u00e7\u00e3o e\na avoca\u00e7\u00e3o de compet\u00eancia. <\/p>\n\n\n\n<p>II. S\u00e3o atributos do Poder\nde Pol\u00edcia: a discricionariedade, compreendida pela priva\u00e7\u00e3o de liberdade\nestabelecida em lei ao administrador para decidir perante o caso concreto; a\nautoexecutoriedade, uma vez que o ato \u00e9 considerado obrigat\u00f3rio e admite o uso,\npela Administra\u00e7\u00e3o, de atos indiretos para for\u00e7ar o cumprimento da\ndetermina\u00e7\u00e3o; e a coercibilidade, entendida como o direito do ente estatal de\ndar cumprimento \u00e0s suas pr\u00f3prias decis\u00f5es, sem interfer\u00eancia do Poder Judici\u00e1rio.\n<\/p>\n\n\n\n<p>III. S\u00e3o elementos ou\nrequisitos dos atos administrativos, segundo a doutrina majorit\u00e1ria, a forma, a\ncompet\u00eancia, a finalidade, o objeto e o motivo. Como regra geral, consideram-se\nvinculados os dois primeiros e discricion\u00e1rios os tr\u00eas \u00faltimos. <\/p>\n\n\n\n<p>IV. A tipicidade consiste em\natributo pelo qual o ato administrativo deve corresponder a figuras definidas\npreviamente pela lei como aptas a produzir determinados resultados, de modo\nque, para cada finalidade que a Administra\u00e7\u00e3o pretende alcan\u00e7ar, existe um ato\ndefinido em lei. <\/p>\n\n\n\n<p>Assinale a alternativa\ncorreta. <\/p>\n\n\n\n<p>a) Apenas as afirmativas I, II e IV est\u00e3o corretas <\/p>\n\n\n\n<p>b) Apenas as afirmativas II, III e IV est\u00e3o corretas <\/p>\n\n\n\n<p>c) Apenas as afirmativas I e II est\u00e3o corretas <\/p>\n\n\n\n<p>d) Apenas as afirmativas I e IV est\u00e3o corretas <\/p>\n\n\n\n<p><strong>Coment\u00e1rios<\/strong><\/p>\n\n\n\n<p>Quest\u00e3o que exigiu aten\u00e7\u00e3o dos candidatos quanto aos temas poderes e\natos administrativos:<\/p>\n\n\n\n<p>&#8211; <strong>item I<\/strong> (correto): o item foi dado como\ncorreto. A \u00fanica ressalva que fa\u00e7o \u00e9 que nem sempre a delega\u00e7\u00e3o de compet\u00eancia\n\u00e9 oriunda do poder hier\u00e1rquico, mas apenas nas chamadas &#8220;delega\u00e7\u00f5es\nverticais&#8221;. No entanto, penso que este detalhe n\u00e3o seria suficiente para\nmacular o item;<\/p>\n\n\n\n<p>&nbsp;&nbsp;&nbsp;&nbsp;&nbsp;&nbsp;&nbsp;&nbsp;&nbsp;&nbsp;&nbsp; &#8211; <strong>item II<\/strong>\n(incorreto): a alternativa elenca corretamente os 3 atributos do poder de\npol\u00edcia, mas se equivoca ao defini-los. A &#8220;priva\u00e7\u00e3o de liberdade&#8221; \u00e9\ncaracter\u00edstica de atos vinculados &#8211; e n\u00e3o dos discricion\u00e1rios. Al\u00e9m disso, a\nBanca trocou os significados de &#8220;autoexecutoridade&#8221; e\n&#8220;coercibilidade&#8221;.<\/p>\n\n\n\n<p>&nbsp;&nbsp;&nbsp;&nbsp;&nbsp;&nbsp;&nbsp;&nbsp;&nbsp;&nbsp;&nbsp; &#8211; <strong>item III<\/strong>\n(incorreto): pois a discricionariedade, quando presente, manifesta-se apenas\nnos elementos &#8220;motivo&#8221; e &#8220;objeto&#8221;;<\/p>\n\n\n\n<p>&nbsp;&nbsp;&nbsp;&nbsp;&nbsp;&nbsp;&nbsp;&nbsp;&nbsp;&nbsp;&nbsp; &#8211; <strong>item IV<\/strong> (correto): menciona\ncorretamente o atributo da &#8220;tipicidade&#8221;, defendido por Di Pietro.<\/p>\n\n\n\n<p>Gabarito (D)<\/p>\n\n\n\n<p>58) Para Jos\u00e9 dos Santos\nCarvalho Filho, &#8220;a fun\u00e7\u00e3o administrativa \u00e9 dentre todas a mais ampla, uma\nvez que \u00e9 atrav\u00e9s dela que o Estado cuida da gest\u00e3o de todos os seus interesses\ne os da coletividade&#8221;. Considerando o sentido material (ou objetivo) e o\nsentido subjetivo (ou org\u00e2nico) da Administra\u00e7\u00e3o P\u00fablica, analise atentamente\nas afirmativas abaixo e d\u00ea valores Verdadeiro (V) ou Falso (F). <\/p>\n\n\n\n<p>( ) O exerc\u00edcio das\natividades administrativas pode se dar tanto de forma centralizada, prestada\npela Administra\u00e7\u00e3o Direta, composta pelos entes pol\u00edticos e seus respectivos\n\u00f3rg\u00e3os, quanto de forma descentralizada, em que h\u00e1 a transfer\u00eancia da presta\u00e7\u00e3o\nde servi\u00e7os do ente para outra pessoa jur\u00eddica fora de sua estrutura. <\/p>\n\n\n\n<p>( ) A desconcentra\u00e7\u00e3o\nconfigura o deslocamento interno de compet\u00eancias dentro de uma mesma pessoa\njur\u00eddica, com a possibilidade de cria\u00e7\u00e3o de \u00f3rg\u00e3os p\u00fablicos especializados e\nsubordinados, os quais se submetem a uma esp\u00e9cie de controle hier\u00e1rquico. <\/p>\n\n\n\n<p>( ) As empresas p\u00fablicas e\nas sociedades de economia mista poder\u00e3o gozar de privil\u00e9gios fiscais n\u00e3o\nextensivos \u00e0s do setor privado. <\/p>\n\n\n\n<p>( ) S\u00e3o caracter\u00edsticas\ncomuns \u00e0s entidades da Administra\u00e7\u00e3o P\u00fablica Indireta, sejam de direito p\u00fablico\nou privado: a exist\u00eancia de personalidade jur\u00eddica pr\u00f3pria, a necessidade de\nlei espec\u00edfica (para sua cria\u00e7\u00e3o ou autoriza\u00e7\u00e3o, a depender do caso), a cria\u00e7\u00e3o\npara uma finalidade espec\u00edfica de interesse p\u00fablico definida em lei, a aus\u00eancia\nde fins lucrativos e a submiss\u00e3o ao controle final\u00edstico exercido pelo ente da\nAdministra\u00e7\u00e3o Direta. <\/p>\n\n\n\n<p>Assinale a alternativa que\napresenta a sequ\u00eancia correta de cima para baixo. <\/p>\n\n\n\n<p>a) V, F, F, V <\/p>\n\n\n\n<p>b) F, V, F, V <\/p>\n\n\n\n<p>c) V, V, F, V <\/p>\n\n\n\n<p>d) V, V, V, F<\/p>\n\n\n\n<p><strong>Coment\u00e1rios<\/strong><\/p>\n\n\n\n<p>Aqui tivemos uma quest\u00e3o mais doutrin\u00e1ria quanto \u00e0 organiza\u00e7\u00e3o\nadministrativa:<\/p>\n\n\n\n<p>&#8211; <strong>item\nI<\/strong> (correto): menciona corretamente os conceitos de centraliza\u00e7\u00e3o e\ndescentraliza\u00e7\u00e3o;<\/p>\n\n\n\n<p>&nbsp;&nbsp;&nbsp;&nbsp;&nbsp;&nbsp;&nbsp;&nbsp;&nbsp;&nbsp;&nbsp; &#8211; <strong>item II<\/strong> (correto): discorre\ncorretamente sobre a desconcentra\u00e7\u00e3o administrativa;<\/p>\n\n\n\n<p>&nbsp;&nbsp;&nbsp;&nbsp;&nbsp;&nbsp;&nbsp;&nbsp;&nbsp;&nbsp;&nbsp; &#8211; <strong>item III<\/strong>\n(incorreto): contraria a regra estipulada no art. 173, \u00a72\u00ba, da CF, no sentido\nde que as empresas p\u00fablicas e as sociedades de economia mista n\u00e3o poder\u00e3o gozar\nde privil\u00e9gios fiscais n\u00e3o extensivos \u00e0s do setor privado;<\/p>\n\n\n\n<p>&nbsp;&nbsp;&nbsp;&nbsp;&nbsp;&nbsp;&nbsp;&nbsp;&nbsp;&nbsp;&nbsp; &#8211; <strong>item IV<\/strong> (correto): elenca corretamente\ncaracter\u00edsticas comuns \u00e0s entidades descentralizadas.<\/p>\n\n\n\n<p>Gabarito (C)<\/p>\n\n\n\n<p>59) As normas para\nlicita\u00e7\u00f5es e contratos da Administra\u00e7\u00e3o P\u00fablica encontram-se, sobretudo,\ndisciplinadas na Lei n\u00ba 8.666 de 1993. Todavia, sua leitura deve ser\nacompanhada dos documentos normativos que alteraram o seu conte\u00fado. Sobre o\ntema, assinale a alternativa correta. <\/p>\n\n\n\n<p>a) \u00c9 dispens\u00e1vel a licita\u00e7\u00e3o\npara a constru\u00e7\u00e3o, a amplia\u00e7\u00e3o, a reforma e o aprimoramento de estabelecimentos\npenais, desde que configurada situa\u00e7\u00e3o de grave e iminente risco \u00e0 seguran\u00e7a\np\u00fablica <\/p>\n\n\n\n<p>b) \u00c9 dever das unidades\nadministrativas utilizarem-se de registros cadastrais de outros \u00f3rg\u00e3os ou\nentidades da Administra\u00e7\u00e3o P\u00fablica <\/p>\n\n\n\n<p>c) Considerando o valor\nestimado da contrata\u00e7\u00e3o, a modalidade licitat\u00f3ria para obras e servi\u00e7os de\nengenharia ser\u00e1: convite at\u00e9 R$ 150.000,00; tomada de pre\u00e7os at\u00e9 R$ 1.500.000,00;\ne concorr\u00eancia acima de R$ 1.500.000,00 <\/p>\n\n\n\n<p>d) \u00c9 dispens\u00e1vel a licita\u00e7\u00e3o\npara aquisi\u00e7\u00e3o de materiais, equipamentos, ou g\u00eaneros que s\u00f3 possam ser\nfornecidos por produtor, empresa ou representante comercial exclusivo, vedada a\nprefer\u00eancia de marca, devendo a comprova\u00e7\u00e3o de exclusividade ser feita atrav\u00e9s\nde atestado fornecido pelo \u00f3rg\u00e3o de registro do com\u00e9rcio do local em que se\nrealizaria a licita\u00e7\u00e3o ou a obra ou o servi\u00e7o, pelo Sindicato, Federa\u00e7\u00e3o ou\nConfedera\u00e7\u00e3o Patronal, ou ainda, pelas entidades equivalentes <\/p>\n\n\n\n<p><strong>Coment\u00e1rios<\/strong><\/p>\n\n\n\n<p>Reparem que o Examinador\nlogo mencionou a altera\u00e7\u00e3o do conte\u00fado da Lei 8.666 por meio de outros atos\nnormativos, de onde temos que nos lembrar do Decreto 9.412\/2018, que alterou os\nvalores para ado\u00e7\u00e3o de modalidades licitat\u00f3rias da Lei 8.666\/1993:<\/p>\n\n\n\n<p>&nbsp;&nbsp;&nbsp;&nbsp;&nbsp;&nbsp;&nbsp;&nbsp;&nbsp;&nbsp;&nbsp; &#8211; <strong>item A<\/strong> (correto): trata-se da hip\u00f3tese\ndo inciso XXXV do art. 24;<\/p>\n\n\n\n<p>&nbsp;&nbsp;&nbsp;&nbsp;&nbsp;&nbsp;&nbsp;&nbsp;&nbsp;&nbsp;&nbsp; &#8211; <strong>item B<\/strong> (incorreto): pois \u00e9 mera\nfaculdade (art. 34, \u00a72\u00ba);<\/p>\n\n\n\n<p>&nbsp;&nbsp;&nbsp;&nbsp;&nbsp;&nbsp;&nbsp;&nbsp;&nbsp;&nbsp;&nbsp; &#8211; <strong>item C<\/strong> (incorreto): ap\u00f3s a altera\u00e7\u00e3o\npromovida pelo Decreto 9.412\/2018, os limites passaram a ser de R$&nbsp;330 mil\n(convite), R$&nbsp;3,3 milh\u00f5es (tomada de pre\u00e7os) e concorr\u00eancia para os\nvalores superiores a R$ 3,3 milh\u00f5es;<\/p>\n\n\n\n<p>&nbsp;&nbsp;&nbsp;&nbsp;&nbsp;&nbsp;&nbsp;&nbsp;&nbsp;&nbsp;&nbsp; &#8211; <strong>item D<\/strong> (incorreto): pois trata-se de\nhip\u00f3tese de inexigibilidade de licita\u00e7\u00e3o (art. 25, I).<\/p>\n\n\n\n<p>Gabarito (A)<\/p>\n\n\n\n<p>60) Quanto ao procedimento e julgamento de licita\u00e7\u00e3o, leia abaixo o\ndisposto no par\u00e1grafo 3\u00ba do artigo 45 da Lei n\u00ba 8.666 de 1993: <\/p>\n\n\n\n<p><em>Art. 45. \u00a7 3\u00ba. No caso da licita\u00e7\u00e3o do tipo _____, entre os\nlicitantes considerados qualificados a classifica\u00e7\u00e3o se dar\u00e1 pela _____,\nprevalecendo, no caso de empate, _____ o crit\u00e9rio previsto no par\u00e1grafo \u00fanico. <\/em><\/p>\n\n\n\n<p>Assinale a alternativa que preencha correta e respectivamente as\nlacunas. <\/p>\n\n\n\n<p>a) melhor t\u00e9cnica \/ ordem decrescente de pontua\u00e7\u00e3o \/\nfacultativamente <\/p>\n\n\n\n<p>b) &#8220;menor pre\u00e7o&#8221; \/ ordem crescente dos pre\u00e7os propostos \/\nexclusivamente <\/p>\n\n\n\n<p>c) &#8220;t\u00e9cnica e pre\u00e7o&#8221; \/ ordem crescente dos pre\u00e7os\npropostos \/ facultativamente <\/p>\n\n\n\n<p>d) maior lance ou oferta \/ ordem decrescente das ofertas ou dos\nlances propostos \/ exclusivamente <\/p>\n\n\n\n<p><strong>Coment\u00e1rios<\/strong><\/p>\n\n\n\n<p>A quest\u00e3o cobrou detalhes da literalidade do seguinte dispositivo\nlegal:<\/p>\n\n\n\n<p>Art. 45, \u00a7&nbsp;3<sup>o<\/sup>&nbsp;&nbsp;No\ncaso da licita\u00e7\u00e3o do tipo &#8220;<strong>menor\npre\u00e7o<\/strong>&#8220;, entre os licitantes considerados qualificados a classifica\u00e7\u00e3o\nse dar\u00e1 pela <strong>ordem crescente dos pre\u00e7os\npropostos<\/strong>, prevalecendo, no caso de empate, <strong>exclusivamente<\/strong> o crit\u00e9rio previsto no par\u00e1grafo\nanterior.&nbsp;&nbsp;&nbsp;<\/p>\n\n\n\n<p>Assim, temos que a <strong>letra (B)<\/strong>\n\u00e9 o gabarito.<\/p>\n\n\n\n<p>Gabarito (B)<\/p>\n\n\n\n<p>61) O controle\nadministrativo pode ser conceituado como &#8221; o conjunto de instrumentos\ndefinidos pelo ordenamento jur\u00eddico a fim de permitir a fiscaliza\u00e7\u00e3o da atua\u00e7\u00e3o\nestatal por \u00f3rg\u00e3os e entidades da pr\u00f3pria Administra\u00e7\u00e3o P\u00fablica, dos Poderes\nLegislativos e Judici\u00e1rio, assim como pelo SRYR\u00b4. Nesse sentido, analise as\nafirmativas abaixo e d\u00ea valores Verdadeiro (V) ou Falso (F). <\/p>\n\n\n\n<p>( ) O Brasil adota o sistema\nde jurisdi\u00e7\u00e3o \u00fanica quanto ao controle da Administra\u00e7\u00e3o P\u00fablica, raz\u00e3o pela\nqual n\u00e3o \u00e9 poss\u00edvel a provoca\u00e7\u00e3o do Poder Judici\u00e1rio para an\u00e1lise de\ncontrov\u00e9rsias antes do esgotamento das inst\u00e2ncias administrativas. <\/p>\n\n\n\n<p>( ) O controle\nadministrativo decorre do poder de autotutela conferido \u00e0 Administra\u00e7\u00e3o P\u00fablica\nque deve efetivar a fiscaliza\u00e7\u00e3o e revis\u00e3o de seus atos, mediante provoca\u00e7\u00e3o ou\nde of\u00edcio, com a finalidade de verificar os aspectos de ilegalidade ou\ninconveni\u00eancia do ato. <\/p>\n\n\n\n<p>( ) O controle legislativo,\nrealizado no \u00e2mbito do parlamento e dos \u00f3rg\u00e3os auxiliares do Poder Legislativo,\ninclui o controle pol\u00edtico sobre o pr\u00f3prio exerc\u00edcio da fun\u00e7\u00e3o administrativa e\no controle financeiro sobre a gest\u00e3o dos gastos p\u00fablicos dos tr\u00eas poderes. <\/p>\n\n\n\n<p>( ) A a\u00e7\u00e3o popular \u00e9\nconsiderada pela doutrina como rem\u00e9dio constitucional que pode ser utilizado\npor pessoas f\u00edsicas ou jur\u00eddicas para provocar o controle judicial, visando a\nanula\u00e7\u00e3o de ato lesivo ao patrim\u00f4nio p\u00fablico ou de entidade de que o Estado\nparticipe, \u00e0 moralidade administrativa, ao meio ambiente e ao patrim\u00f4nio\nhist\u00f3rico e cultural. Assinale a alternativa que representa a sequ\u00eancia correta\nde cima para baixo: <\/p>\n\n\n\n<p>a) V, F, V, F <\/p>\n\n\n\n<p>b) V, V, V, F <\/p>\n\n\n\n<p>c) F, V, V, F <\/p>\n\n\n\n<p>d) F, F, F, V<\/p>\n\n\n\n<p><strong>Coment\u00e1rios<\/strong><\/p>\n\n\n\n<p>Quest\u00e3o bem interessante sobre controle da Administra\u00e7\u00e3o P\u00fablica:<\/p>\n\n\n\n<p>&#8211; <strong>item I<\/strong> (incorreto): o item pecou, ao\nfinal, ao mencionar que \u00e9 necess\u00e1rio o esgotamento da via administrativa antes\nde se postular perante o Judici\u00e1rio. Ao contr\u00e1rio, a regra geral \u00e9 que n\u00e3o\nexista tal necessidade, visto que o Brasil n\u00e3o adotou a chamada inst\u00e2ncia de\ncurso for\u00e7ado;<\/p>\n\n\n\n<p>&nbsp;&nbsp;&nbsp;&nbsp;&nbsp;&nbsp;&nbsp;&nbsp;&nbsp;&nbsp;&nbsp; &#8211; <strong>item II<\/strong>\n(correto): informa corretamente as principais caracter\u00edsticas do controle\nadministrativo: (i) iniciado de of\u00edcio ou mediante provoca\u00e7\u00e3o; (ii)\npossibilidade de controlar aspectos de legalidade ou m\u00e9rito.<\/p>\n\n\n\n<p>&nbsp;&nbsp;&nbsp;&nbsp;&nbsp;&nbsp;&nbsp;&nbsp;&nbsp;&nbsp;&nbsp; &#8211; <strong>item III<\/strong> (correto): menciona\ncorretamente as duas dimens\u00f5es do controle legislativo: financeiro e pol\u00edtico;<\/p>\n\n\n\n<p>&nbsp;&nbsp;&nbsp;&nbsp;&nbsp;&nbsp;&nbsp;&nbsp;&nbsp;&nbsp;&nbsp; &#8211; <strong>item IV<\/strong> (incorreto): a\u00e7\u00e3o popular \u00e9\nmesmo rem\u00e9dio constitucional (CF, art. 5\u00ba, LXXIII), mas pode ser proposta\napenas por &#8220;<strong>cidad\u00e3os<\/strong>&#8220;, o\nque necessariamente exclui as pessoas jur\u00eddicas;<\/p>\n\n\n\n<p>Gabarito (C)<\/p>\n\n\n\n<p>62) Os princ\u00edpios\nconstitucionais e as normas gerais que norteiam a Administra\u00e7\u00e3o P\u00fablica Direta\ne Indireta de qualquer dos Poderes da Uni\u00e3o, dos Estados, do Distrito Federal e\ndos Munic\u00edpios encontram-se dispostos de forma expressa no artigo 37 e\nseguintes da Constitui\u00e7\u00e3o Federal de 1988. Sobre o tema, assinale a alternativa\nincorreta: <\/p>\n\n\n\n<p>a) As fun\u00e7\u00f5es de confian\u00e7a,\nexercidas exclusivamente por servidores ocupantes de cargo efetivo, e os cargos\nem comiss\u00e3o, a serem preenchidos por servidores de carreira nos casos,\ncondi\u00e7\u00f5es e percentuais m\u00ednimos previstos em lei, destinam-se apenas \u00e0s\natribui\u00e7\u00f5es de dire\u00e7\u00e3o, chefia e assessoramento <\/p>\n\n\n\n<p>b) A proibi\u00e7\u00e3o de acumular\nestende-se a empregos e fun\u00e7\u00f5es e abrange autarquias, funda\u00e7\u00f5es, empresas\np\u00fablicas, sociedades de economia mista, suas subsidi\u00e1rias, e sociedades\ncontroladas, direta ou indiretamente, pelo poder p\u00fablico <\/p>\n\n\n\n<p>c) Somente por lei\nespec\u00edfica poder\u00e1 ser criada autarquia e institu\u00edda empresa p\u00fablica, sociedade\nde economia mista e funda\u00e7\u00e3o, cabendo \u00e0 lei complementar, neste \u00faltimo caso,\ndefinir as \u00e1reas de sua atua\u00e7\u00e3o <\/p>\n\n\n\n<p>d) Os atos de improbidade\nadministrativa importar\u00e3o a suspens\u00e3o dos direitos pol\u00edticos, a perda da fun\u00e7\u00e3o\np\u00fablica, a indisponibilidade dos bens e o ressarcimento ao er\u00e1rio, na forma e\ngrada\u00e7\u00e3o previstas em lei<\/p>\n\n\n\n<p><strong>Coment\u00e1rios<\/strong><\/p>\n\n\n\n<p>Quest\u00e3o sobre o tema agentes p\u00fablicos:<\/p>\n\n\n\n<p>&nbsp;&nbsp;&nbsp;&nbsp;&nbsp;&nbsp;&nbsp;&nbsp;&nbsp;&nbsp;&nbsp; &#8211; <strong>item A<\/strong> (correto): transcri\u00e7\u00e3o do inciso\nV do art. 37 da CF;<\/p>\n\n\n\n<p>&nbsp;&nbsp;&nbsp;&nbsp;&nbsp;&nbsp;&nbsp;&nbsp;&nbsp;&nbsp;&nbsp; &#8211; <strong>item B<\/strong> (correto): transcri\u00e7\u00e3o do inciso\nXVII do art. 37 da CF;<\/p>\n\n\n\n<p>&nbsp;&nbsp;&nbsp;&nbsp;&nbsp;&nbsp;&nbsp;&nbsp;&nbsp;&nbsp;&nbsp; &#8211; <strong>item C<\/strong> (incorreto): tratando-se de\nempresa p\u00fablica, sociedade de economia mista e funda\u00e7\u00e3o a lei espec\u00edfica apenas\nautoriza sua cria\u00e7\u00e3o (CF, art. 37, XIX);<\/p>\n\n\n\n<p>&nbsp;&nbsp;&nbsp;&nbsp;&nbsp;&nbsp;&nbsp;&nbsp;&nbsp;&nbsp;&nbsp; &#8211; <strong>item D<\/strong> (correto): transcri\u00e7\u00e3o de um\ntrecho do art. 37, \u00a74\u00ba, da CF, que fundamentou a edi\u00e7\u00e3o da Lei de Improbidade\nAdministrativa.<\/p>\n\n\n\n<p>Gabarito (C)<br \/><\/p>\n","protected":false},"excerpt":{"rendered":"<p>Ol\u00e1, amigos! Tudo bem? Aqui \u00e9 o Prof. Antonio Daud e estou passando para comentar as quest\u00f5es de Direito Administrativo da prova do TRE PA, cargo de T\u00e9cnico, elaborada pelo IBFC. Espero que tenham feito uma boa prova. =) A prova foi extensa, com quest\u00f5es longas e bastante cansativas. O tempo, sem d\u00favida alguma, foi [&hellip;]<\/p>\n","protected":false},"author":135,"featured_media":0,"comment_status":"open","ping_status":"closed","sticky":false,"template":"","format":"standard","meta":{"post_tipo":"article","footnotes":""},"categories":[1],"tags":[],"tax_estado":[],"class_list":["post-482939","post","type-post","status-publish","format-standard","hentry","category-cursos-e-concursos"],"acf":[],"yoast_head":"<!-- This site is optimized with the Yoast SEO Premium plugin v27.2 (Yoast SEO v27.2) - https:\/\/yoast.com\/product\/yoast-seo-premium-wordpress\/ -->\n<title>Gabarito - TRE PA - Normas Federais e Direito Administrativo<\/title>\n<meta name=\"robots\" content=\"index, follow, max-snippet:-1, max-image-preview:large, max-video-preview:-1\" \/>\n<link rel=\"canonical\" href=\"https:\/\/www.estrategiaconcursos.com.br\/blog\/gabarito-tre-pa-normas-federais-e-direito-administrativo\/\" \/>\n<meta property=\"og:locale\" content=\"pt_BR\" \/>\n<meta property=\"og:type\" content=\"article\" \/>\n<meta property=\"og:title\" content=\"Gabarito - TRE PA - Normas Federais e Direito Administrativo\" \/>\n<meta property=\"og:description\" content=\"Ol\u00e1, amigos! Tudo bem? Aqui \u00e9 o Prof. Antonio Daud e estou passando para comentar as quest\u00f5es de Direito Administrativo da prova do TRE PA, cargo de T\u00e9cnico, elaborada pelo IBFC. Espero que tenham feito uma boa prova. =) A prova foi extensa, com quest\u00f5es longas e bastante cansativas. O tempo, sem d\u00favida alguma, foi [&hellip;]\" \/>\n<meta property=\"og:url\" content=\"https:\/\/www.estrategiaconcursos.com.br\/blog\/gabarito-tre-pa-normas-federais-e-direito-administrativo\/\" \/>\n<meta property=\"og:site_name\" content=\"Estrat\u00e9gia Concursos\" \/>\n<meta property=\"article:published_time\" content=\"2020-02-17T20:59:59+00:00\" \/>\n<meta property=\"article:modified_time\" content=\"2020-04-23T12:28:35+00:00\" \/>\n<meta name=\"author\" content=\"Antonio Daud\" \/>\n<meta name=\"twitter:card\" content=\"summary_large_image\" \/>\n<meta name=\"twitter:creator\" content=\"@EstratConcursos\" \/>\n<meta name=\"twitter:site\" content=\"@EstratConcursos\" \/>\n<meta name=\"twitter:label1\" content=\"Escrito por\" \/>\n\t<meta name=\"twitter:data1\" content=\"Antonio Daud\" \/>\n\t<meta name=\"twitter:label2\" content=\"Est. tempo de leitura\" \/>\n\t<meta name=\"twitter:data2\" content=\"40 minutos\" \/>\n<script type=\"application\/ld+json\" class=\"yoast-schema-graph\">{\"@context\":\"https:\/\/schema.org\",\"@graph\":[{\"@type\":\"NewsArticle\",\"@id\":\"https:\/\/www.estrategiaconcursos.com.br\/blog\/gabarito-tre-pa-normas-federais-e-direito-administrativo\/#article\",\"isPartOf\":{\"@id\":\"https:\/\/www.estrategiaconcursos.com.br\/blog\/gabarito-tre-pa-normas-federais-e-direito-administrativo\/\"},\"author\":{\"name\":\"Antonio Daud\",\"@id\":\"https:\/\/www.estrategiaconcursos.com.br\/blog\/#\/schema\/person\/90692507130b147bb9128fc093141dad\"},\"headline\":\"Gabarito &#8211; TRE PA &#8211; Normas Federais e Direito Administrativo\",\"datePublished\":\"2020-02-17T20:59:59+00:00\",\"dateModified\":\"2020-04-23T12:28:35+00:00\",\"mainEntityOfPage\":{\"@id\":\"https:\/\/www.estrategiaconcursos.com.br\/blog\/gabarito-tre-pa-normas-federais-e-direito-administrativo\/\"},\"wordCount\":8030,\"commentCount\":0,\"publisher\":{\"@id\":\"https:\/\/www.estrategiaconcursos.com.br\/blog\/#organization\"},\"articleSection\":[\"Concursos P\u00fablicos\"],\"inLanguage\":\"pt-BR\",\"potentialAction\":[{\"@type\":\"CommentAction\",\"name\":\"Comment\",\"target\":[\"https:\/\/www.estrategiaconcursos.com.br\/blog\/gabarito-tre-pa-normas-federais-e-direito-administrativo\/#respond\"]}],\"copyrightYear\":\"2020\",\"copyrightHolder\":{\"@id\":\"https:\/\/www.estrategiaconcursos.com.br\/blog\/#organization\"}},{\"@type\":\"WebPage\",\"@id\":\"https:\/\/www.estrategiaconcursos.com.br\/blog\/gabarito-tre-pa-normas-federais-e-direito-administrativo\/\",\"url\":\"https:\/\/www.estrategiaconcursos.com.br\/blog\/gabarito-tre-pa-normas-federais-e-direito-administrativo\/\",\"name\":\"Gabarito - TRE PA - Normas Federais e Direito Administrativo\",\"isPartOf\":{\"@id\":\"https:\/\/www.estrategiaconcursos.com.br\/blog\/#website\"},\"datePublished\":\"2020-02-17T20:59:59+00:00\",\"dateModified\":\"2020-04-23T12:28:35+00:00\",\"breadcrumb\":{\"@id\":\"https:\/\/www.estrategiaconcursos.com.br\/blog\/gabarito-tre-pa-normas-federais-e-direito-administrativo\/#breadcrumb\"},\"inLanguage\":\"pt-BR\",\"potentialAction\":[{\"@type\":\"ReadAction\",\"target\":[\"https:\/\/www.estrategiaconcursos.com.br\/blog\/gabarito-tre-pa-normas-federais-e-direito-administrativo\/\"]}]},{\"@type\":\"BreadcrumbList\",\"@id\":\"https:\/\/www.estrategiaconcursos.com.br\/blog\/gabarito-tre-pa-normas-federais-e-direito-administrativo\/#breadcrumb\",\"itemListElement\":[{\"@type\":\"ListItem\",\"position\":1,\"name\":\"In\u00edcio\",\"item\":\"https:\/\/www.estrategiaconcursos.com.br\/blog\/\"},{\"@type\":\"ListItem\",\"position\":2,\"name\":\"Gabarito &#8211; TRE PA &#8211; Normas Federais e Direito Administrativo\"}]},{\"@type\":\"WebSite\",\"@id\":\"https:\/\/www.estrategiaconcursos.com.br\/blog\/#website\",\"url\":\"https:\/\/www.estrategiaconcursos.com.br\/blog\/\",\"name\":\"Estrat\u00e9gia Concursos\",\"description\":\"O blog da Estrat\u00e9gia Concursos traz not\u00edcias sobre concursos e artigos de professores oferecendo cursos para concursos (pdf + videaulas) no site.\",\"publisher\":{\"@id\":\"https:\/\/www.estrategiaconcursos.com.br\/blog\/#organization\"},\"potentialAction\":[{\"@type\":\"SearchAction\",\"target\":{\"@type\":\"EntryPoint\",\"urlTemplate\":\"https:\/\/www.estrategiaconcursos.com.br\/blog\/?s={search_term_string}\"},\"query-input\":{\"@type\":\"PropertyValueSpecification\",\"valueRequired\":true,\"valueName\":\"search_term_string\"}}],\"inLanguage\":\"pt-BR\"},{\"@type\":\"Organization\",\"@id\":\"https:\/\/www.estrategiaconcursos.com.br\/blog\/#organization\",\"name\":\"Estrat\u00e9gia Concursos\",\"url\":\"https:\/\/www.estrategiaconcursos.com.br\/blog\/\",\"logo\":{\"@type\":\"ImageObject\",\"inLanguage\":\"pt-BR\",\"@id\":\"https:\/\/www.estrategiaconcursos.com.br\/blog\/#\/schema\/logo\/image\/\",\"url\":\"https:\/\/dhg1h5j42swfq.cloudfront.net\/2025\/06\/03203428\/logo_concursos-1.jpg\",\"contentUrl\":\"https:\/\/dhg1h5j42swfq.cloudfront.net\/2025\/06\/03203428\/logo_concursos-1.jpg\",\"width\":230,\"height\":60,\"caption\":\"Estrat\u00e9gia Concursos\"},\"image\":{\"@id\":\"https:\/\/www.estrategiaconcursos.com.br\/blog\/#\/schema\/logo\/image\/\"},\"sameAs\":[\"https:\/\/x.com\/EstratConcursos\"]},{\"@type\":\"Person\",\"@id\":\"https:\/\/www.estrategiaconcursos.com.br\/blog\/#\/schema\/person\/90692507130b147bb9128fc093141dad\",\"name\":\"Antonio Daud\",\"image\":{\"@type\":\"ImageObject\",\"inLanguage\":\"pt-BR\",\"@id\":\"https:\/\/secure.gravatar.com\/avatar\/9a6539d0d807c3d7c2aaa709166f9aa9824103126593f30916973bcaedf16896?s=96&d=mm&r=g\",\"url\":\"https:\/\/secure.gravatar.com\/avatar\/9a6539d0d807c3d7c2aaa709166f9aa9824103126593f30916973bcaedf16896?s=96&d=mm&r=g\",\"contentUrl\":\"https:\/\/secure.gravatar.com\/avatar\/9a6539d0d807c3d7c2aaa709166f9aa9824103126593f30916973bcaedf16896?s=96&d=mm&r=g\",\"caption\":\"Antonio Daud\"},\"description\":\"Antonio Daud J\u00fanior \u00e9 bacharel em Engenharia El\u00e9trica e em Direito. Foi Analista de Finan\u00e7as e Controle da Controladoria-Geral da Uni\u00e3o\/Presid\u00eancia da Rep\u00fablica (CGU\/PR), aprovado no concurso de 2008. Atualmente \u00e9 Auditor Federal de Controle Externo (AUFC) do Tribunal de Contas da Uni\u00e3o (TCU), aprovado tamb\u00e9m em 2008.\",\"sameAs\":[\"https:\/\/www.instagram.com\/professordaud\/?hl=en\"],\"url\":\"https:\/\/www.estrategiaconcursos.com.br\/blog\/author\/antoniodaudestrategiaconcursos-com-br\/\"}]}<\/script>\n<!-- \/ Yoast SEO Premium plugin. -->","yoast_head_json":{"title":"Gabarito - TRE PA - Normas Federais e Direito Administrativo","robots":{"index":"index","follow":"follow","max-snippet":"max-snippet:-1","max-image-preview":"max-image-preview:large","max-video-preview":"max-video-preview:-1"},"canonical":"https:\/\/www.estrategiaconcursos.com.br\/blog\/gabarito-tre-pa-normas-federais-e-direito-administrativo\/","og_locale":"pt_BR","og_type":"article","og_title":"Gabarito - TRE PA - Normas Federais e Direito Administrativo","og_description":"Ol\u00e1, amigos! Tudo bem? Aqui \u00e9 o Prof. Antonio Daud e estou passando para comentar as quest\u00f5es de Direito Administrativo da prova do TRE PA, cargo de T\u00e9cnico, elaborada pelo IBFC. Espero que tenham feito uma boa prova. =) A prova foi extensa, com quest\u00f5es longas e bastante cansativas. O tempo, sem d\u00favida alguma, foi [&hellip;]","og_url":"https:\/\/www.estrategiaconcursos.com.br\/blog\/gabarito-tre-pa-normas-federais-e-direito-administrativo\/","og_site_name":"Estrat\u00e9gia Concursos","article_published_time":"2020-02-17T20:59:59+00:00","article_modified_time":"2020-04-23T12:28:35+00:00","author":"Antonio Daud","twitter_card":"summary_large_image","twitter_creator":"@EstratConcursos","twitter_site":"@EstratConcursos","twitter_misc":{"Escrito por":"Antonio Daud","Est. tempo de leitura":"40 minutos"},"schema":{"@context":"https:\/\/schema.org","@graph":[{"@type":"NewsArticle","@id":"https:\/\/www.estrategiaconcursos.com.br\/blog\/gabarito-tre-pa-normas-federais-e-direito-administrativo\/#article","isPartOf":{"@id":"https:\/\/www.estrategiaconcursos.com.br\/blog\/gabarito-tre-pa-normas-federais-e-direito-administrativo\/"},"author":{"name":"Antonio Daud","@id":"https:\/\/www.estrategiaconcursos.com.br\/blog\/#\/schema\/person\/90692507130b147bb9128fc093141dad"},"headline":"Gabarito &#8211; TRE PA &#8211; Normas Federais e Direito Administrativo","datePublished":"2020-02-17T20:59:59+00:00","dateModified":"2020-04-23T12:28:35+00:00","mainEntityOfPage":{"@id":"https:\/\/www.estrategiaconcursos.com.br\/blog\/gabarito-tre-pa-normas-federais-e-direito-administrativo\/"},"wordCount":8030,"commentCount":0,"publisher":{"@id":"https:\/\/www.estrategiaconcursos.com.br\/blog\/#organization"},"articleSection":["Concursos P\u00fablicos"],"inLanguage":"pt-BR","potentialAction":[{"@type":"CommentAction","name":"Comment","target":["https:\/\/www.estrategiaconcursos.com.br\/blog\/gabarito-tre-pa-normas-federais-e-direito-administrativo\/#respond"]}],"copyrightYear":"2020","copyrightHolder":{"@id":"https:\/\/www.estrategiaconcursos.com.br\/blog\/#organization"}},{"@type":"WebPage","@id":"https:\/\/www.estrategiaconcursos.com.br\/blog\/gabarito-tre-pa-normas-federais-e-direito-administrativo\/","url":"https:\/\/www.estrategiaconcursos.com.br\/blog\/gabarito-tre-pa-normas-federais-e-direito-administrativo\/","name":"Gabarito - TRE PA - Normas Federais e Direito Administrativo","isPartOf":{"@id":"https:\/\/www.estrategiaconcursos.com.br\/blog\/#website"},"datePublished":"2020-02-17T20:59:59+00:00","dateModified":"2020-04-23T12:28:35+00:00","breadcrumb":{"@id":"https:\/\/www.estrategiaconcursos.com.br\/blog\/gabarito-tre-pa-normas-federais-e-direito-administrativo\/#breadcrumb"},"inLanguage":"pt-BR","potentialAction":[{"@type":"ReadAction","target":["https:\/\/www.estrategiaconcursos.com.br\/blog\/gabarito-tre-pa-normas-federais-e-direito-administrativo\/"]}]},{"@type":"BreadcrumbList","@id":"https:\/\/www.estrategiaconcursos.com.br\/blog\/gabarito-tre-pa-normas-federais-e-direito-administrativo\/#breadcrumb","itemListElement":[{"@type":"ListItem","position":1,"name":"In\u00edcio","item":"https:\/\/www.estrategiaconcursos.com.br\/blog\/"},{"@type":"ListItem","position":2,"name":"Gabarito &#8211; TRE PA &#8211; Normas Federais e Direito Administrativo"}]},{"@type":"WebSite","@id":"https:\/\/www.estrategiaconcursos.com.br\/blog\/#website","url":"https:\/\/www.estrategiaconcursos.com.br\/blog\/","name":"Estrat\u00e9gia Concursos","description":"O blog da Estrat\u00e9gia Concursos traz not\u00edcias sobre concursos e artigos de professores oferecendo cursos para concursos (pdf + videaulas) no site.","publisher":{"@id":"https:\/\/www.estrategiaconcursos.com.br\/blog\/#organization"},"potentialAction":[{"@type":"SearchAction","target":{"@type":"EntryPoint","urlTemplate":"https:\/\/www.estrategiaconcursos.com.br\/blog\/?s={search_term_string}"},"query-input":{"@type":"PropertyValueSpecification","valueRequired":true,"valueName":"search_term_string"}}],"inLanguage":"pt-BR"},{"@type":"Organization","@id":"https:\/\/www.estrategiaconcursos.com.br\/blog\/#organization","name":"Estrat\u00e9gia Concursos","url":"https:\/\/www.estrategiaconcursos.com.br\/blog\/","logo":{"@type":"ImageObject","inLanguage":"pt-BR","@id":"https:\/\/www.estrategiaconcursos.com.br\/blog\/#\/schema\/logo\/image\/","url":"https:\/\/dhg1h5j42swfq.cloudfront.net\/2025\/06\/03203428\/logo_concursos-1.jpg","contentUrl":"https:\/\/dhg1h5j42swfq.cloudfront.net\/2025\/06\/03203428\/logo_concursos-1.jpg","width":230,"height":60,"caption":"Estrat\u00e9gia Concursos"},"image":{"@id":"https:\/\/www.estrategiaconcursos.com.br\/blog\/#\/schema\/logo\/image\/"},"sameAs":["https:\/\/x.com\/EstratConcursos"]},{"@type":"Person","@id":"https:\/\/www.estrategiaconcursos.com.br\/blog\/#\/schema\/person\/90692507130b147bb9128fc093141dad","name":"Antonio Daud","image":{"@type":"ImageObject","inLanguage":"pt-BR","@id":"https:\/\/secure.gravatar.com\/avatar\/9a6539d0d807c3d7c2aaa709166f9aa9824103126593f30916973bcaedf16896?s=96&d=mm&r=g","url":"https:\/\/secure.gravatar.com\/avatar\/9a6539d0d807c3d7c2aaa709166f9aa9824103126593f30916973bcaedf16896?s=96&d=mm&r=g","contentUrl":"https:\/\/secure.gravatar.com\/avatar\/9a6539d0d807c3d7c2aaa709166f9aa9824103126593f30916973bcaedf16896?s=96&d=mm&r=g","caption":"Antonio Daud"},"description":"Antonio Daud J\u00fanior \u00e9 bacharel em Engenharia El\u00e9trica e em Direito. Foi Analista de Finan\u00e7as e Controle da Controladoria-Geral da Uni\u00e3o\/Presid\u00eancia da Rep\u00fablica (CGU\/PR), aprovado no concurso de 2008. Atualmente \u00e9 Auditor Federal de Controle Externo (AUFC) do Tribunal de Contas da Uni\u00e3o (TCU), aprovado tamb\u00e9m em 2008.","sameAs":["https:\/\/www.instagram.com\/professordaud\/?hl=en"],"url":"https:\/\/www.estrategiaconcursos.com.br\/blog\/author\/antoniodaudestrategiaconcursos-com-br\/"}]}},"_links":{"self":[{"href":"https:\/\/www.estrategiaconcursos.com.br\/blog\/wp-json\/wp\/v2\/posts\/482939","targetHints":{"allow":["GET"]}}],"collection":[{"href":"https:\/\/www.estrategiaconcursos.com.br\/blog\/wp-json\/wp\/v2\/posts"}],"about":[{"href":"https:\/\/www.estrategiaconcursos.com.br\/blog\/wp-json\/wp\/v2\/types\/post"}],"author":[{"embeddable":true,"href":"https:\/\/www.estrategiaconcursos.com.br\/blog\/wp-json\/wp\/v2\/users\/135"}],"replies":[{"embeddable":true,"href":"https:\/\/www.estrategiaconcursos.com.br\/blog\/wp-json\/wp\/v2\/comments?post=482939"}],"version-history":[{"count":3,"href":"https:\/\/www.estrategiaconcursos.com.br\/blog\/wp-json\/wp\/v2\/posts\/482939\/revisions"}],"predecessor-version":[{"id":506390,"href":"https:\/\/www.estrategiaconcursos.com.br\/blog\/wp-json\/wp\/v2\/posts\/482939\/revisions\/506390"}],"wp:attachment":[{"href":"https:\/\/www.estrategiaconcursos.com.br\/blog\/wp-json\/wp\/v2\/media?parent=482939"}],"wp:term":[{"taxonomy":"category","embeddable":true,"href":"https:\/\/www.estrategiaconcursos.com.br\/blog\/wp-json\/wp\/v2\/categories?post=482939"},{"taxonomy":"post_tag","embeddable":true,"href":"https:\/\/www.estrategiaconcursos.com.br\/blog\/wp-json\/wp\/v2\/tags?post=482939"},{"taxonomy":"tax_estado","embeddable":true,"href":"https:\/\/www.estrategiaconcursos.com.br\/blog\/wp-json\/wp\/v2\/tax_estado?post=482939"}],"curies":[{"name":"wp","href":"https:\/\/api.w.org\/{rel}","templated":true}]}}