{"id":482838,"date":"2020-02-17T16:28:31","date_gmt":"2020-02-17T19:28:31","guid":{"rendered":"https:\/\/www.estrategiaconcursos.com.br\/blog\/?p=482838"},"modified":"2020-04-14T13:58:19","modified_gmt":"2020-04-14T16:58:19","slug":"como-fui-aprovado-em-dois-concursos-publicos-durante-a-faculdade-sim-isso-e-possivel","status":"publish","type":"post","link":"https:\/\/www.estrategiaconcursos.com.br\/blog\/como-fui-aprovado-em-dois-concursos-publicos-durante-a-faculdade-sim-isso-e-possivel\/","title":{"rendered":"Como fui aprovado em dois concursos p\u00fablicos durante a faculdade? Sim, isso \u00e9 poss\u00edvel!"},"content":{"rendered":"\n<p>\nOl\u00e1, pessoal!<\/p>\n\n\n\n<p>Meu nome \u00e9 Willian Henrique Daronch, tenho 22 anos, e recentemente fui aprovado em 19\u00ba lugar no concurso para o cargo de Agente Penitenci\u00e1rio do DEAP-SC, e em 38\u00ba lugar no concurso de Escriv\u00e3o da PC-PR. Ao longo da minha jornada nos estudos o Estrat\u00e9gia Concursos foi fundamental, em raz\u00e3o da qualidade dos materiais e dos professores. Assim, \u00e9 com muito orgulho que hoje digo que passo a fazer parte do time de <em>Coaches<\/em> da Coruja. Espero poder compartilhar um pouco da minha experi\u00eancia para que voc\u00ea seja aprovado no seu concurso dos sonhos!<\/p>\n\n\n\n<p>Nesse\nsentido, trago hoje um breve relato sobre como foi conciliar a\nfaculdade com os estudos para concursos e, obviamente, ser aprovado!<\/p>\n\n\n\n<p>Iniciei\nminha gradua\u00e7\u00e3o no curso de Direito no ano de 2015 com o sonho de\nexercer um cargo p\u00fablico: Delegado de Pol\u00edcia Federal. Al\u00e9m disso,\na op\u00e7\u00e3o pelo Direito se deu em raz\u00e3o das diversas portas que se\nabrem, tanto na iniciativa privada, como na p\u00fablica. Outro fator\nimportante que me levou a optar pelo curso foi o fato de obter\nconhecimentos pr\u00e1ticos que me ajudariam no dia a dia, como por\nexemplo, entender melhor cl\u00e1usulas de um contrato, ter ci\u00eancia dos\nmeus direitos como consumidor, e v\u00e1rios outros aspectos. N\u00e3o posso\nesquecer tamb\u00e9m de mencionar que al\u00e9m das boas amizades que fiz\ndurante a gradua\u00e7\u00e3o, conheci a Marcela, que hoje \u00e9 minha noiva, e\nesteve comigo nessa caminhada at\u00e9 a aprova\u00e7\u00e3o.<\/p>\n\n\n\n<p>Comecei a estudar para concursos p\u00fablicos, em especial, para a \u00e1rea policial, no sexto semestre da gradua\u00e7\u00e3o, uma vez que entrei para o curso de Direito com o objetivo ser Delegado de Pol\u00edcia, e tamb\u00e9m porque n\u00e3o me identifiquei com outra profiss\u00e3o da \u00e1rea. Dessa forma, optei por come\u00e7ar a fazer provas, para ir adquirindo experi\u00eancia, jeito de fazer prova e, principalmente, para entender a maneira como as bancas examinadoras cobravam os conte\u00fados.  <\/p>\n\n\n\n<p>Logo,\nfiz quatro concursos para a \u00e1rea policial: Delegado PC-MS, Inspetor\nPC-RS, Escriv\u00e3o PC-PR e Agepen DEAP-SC. Desses concursos, fui\naprovado em 38\u00ba lugar na\nPC-PR (2018) e em 19\u00ba lugar no\nDEAP\/SC (2019). J\u00e1 na PC-RS (2018), das 600 vagas, fiquei em 891\u00ba\nna prova objetiva. E por\nincr\u00edvel que pare\u00e7a, fiz isso durante a gradua\u00e7\u00e3o. \n<\/p>\n\n\n\n<p>Percebi\nque as provas de concurso p\u00fablico n\u00e3o eram f\u00e1ceis e que eu\nprecisava me preparar o quanto antes. N\u00e3o podia esperar a conclus\u00e3o\nda gradua\u00e7\u00e3o.<\/p>\n\n\n\n<p>Ah,\ne como meu sonho era (e ainda \u00e9) ser Delegado de Pol\u00edcia, consegui\num est\u00e1gio na Delegacia de Pol\u00edcia Federal da minha cidade,\nCascavel\/PR, onde pude conhecer um pouco mais de perto a rotina de um\nDelegado e da pol\u00edcia como um todo. Ao longo desses quase dois anos\nde est\u00e1gio, aprendi o Direito Penal e Processual Penal na pr\u00e1tica.\nGostei muito dessa experi\u00eancia!! \n<\/p>\n\n\n\n<p>Pois bem, tenho que admitir que conciliar a faculdade e os estudos para concurso p\u00fablico n\u00e3o \u00e9 nada f\u00e1cil. Fazer uma gradua\u00e7\u00e3o exige dedica\u00e7\u00e3o, tempo, s\u00e3o muitos trabalhos para serem feitos, palestras a serem assistidas, horas extracurriculares&#8230; Ah, tamb\u00e9m n\u00e3o posso esquecer de citar o Trabalho de Conclus\u00e3o de Curso e a prova da OAB, que exigiram muito tempo de dedica\u00e7\u00e3o, mas que ao final, valeu muito a pena pois consegui a aprova\u00e7\u00e3o em ambos logo na primeira tentativa (Aprovado no XXIX Exame de OAB).<\/p>\n\n\n\n<p>Quando passei a me dedicar tamb\u00e9m aos estudos para concurso parecia imposs\u00edvel conciliar tudo, mas posso afirmar que estudar as mat\u00e9rias de Direito pelos PDF&#8217;s do Estrat\u00e9gia Concursos me deram uma excelente base e me ajudaram bastante a entender os conte\u00fados lecionados pelos professores da gradua\u00e7\u00e3o. Assim, ao contr\u00e1rio do que muita gente pensa, n\u00e3o \u00e9 a faculdade que te ajuda a ir bem nos concursos, e sim, o estudo cont\u00ednuo para concursos \u00e9 que te ajuda a ir bem na faculdade.  <\/p>\n\n\n\n<p>Mas,\nafinal de contas, como conciliei a faculdade e os concursos? \n<\/p>\n\n\n\n<p>Bom,\neu saber exatamente o que eu queria e ter isso em mente todos os dias\nme ajudou muito a n\u00e3o perder meu foco. Eu aproveitava todos os\nmomentos livres para me dedicar aos concursos, n\u00e3o sendo raro eu\nusar o intervalo entre as aulas da faculdade para estudar ou resolver\nalgumas quest\u00f5es. Minha semana de estudos era de domingo a domingo,\npodia chover ou fazer sol, n\u00e3o tinha dia ruim.<\/p>\n\n\n\n<p>Quanto \u00e0 vida social, bem&#8230; Eu n\u00e3o tinha rsrsrs. Como eu estudava junto com a Marcela, n\u00f3s faz\u00edamos companhia um para o outro e nos motiv\u00e1vamos diariamente. \u00c9 realmente muito bom poder estudar com algu\u00e9m que passa pelos mesmos problemas que voc\u00ea e te entende, j\u00e1 que s\u00f3 concurseiro entende os dramas de outro concurseiro, n\u00e9?!?! Tive que dizer &#8220;n\u00e3o&#8221; v\u00e1rias vezes \u00e0 minha fam\u00edlia quando eu era convidado para participar de churrascos e almo\u00e7os, mas sempre deixei bem claro que era um sacrif\u00edcio necess\u00e1rio.  <\/p>\n\n\n\n<p>Por\nv\u00e1rias vezes, eu e a Marcela aproveitamos a biblioteca da faculdade\nvazia durante as f\u00e9rias de inverno para estudarmos. Havia somente\nn\u00f3s, os bibliotec\u00e1rios e nosso material de estudos. Vou at\u00e9\ncolocar uma foto para n\u00e3o dizerem que \u00e9 mentira, kkkk.<\/p>\n\n\n\n<figure class=\"wp-block-image size-large is-resized\"><img loading=\"lazy\" decoding=\"async\" src=\"https:\/\/dhg1h5j42swfq.cloudfront.net\/2020\/02\/17161226\/WhatsApp-Image-2020-02-17-at-15.51.49-1024x768.jpeg\" alt=\"\" class=\"wp-image-482842\" width=\"524\" height=\"393\" srcset=\"https:\/\/dhg1h5j42swfq.cloudfront.net\/2020\/02\/17161226\/WhatsApp-Image-2020-02-17-at-15.51.49-1024x768.jpeg 1024w, https:\/\/dhg1h5j42swfq.cloudfront.net\/2020\/02\/17161226\/WhatsApp-Image-2020-02-17-at-15.51.49-300x225.jpeg 300w, https:\/\/dhg1h5j42swfq.cloudfront.net\/2020\/02\/17161226\/WhatsApp-Image-2020-02-17-at-15.51.49-768x576.jpeg 768w, https:\/\/dhg1h5j42swfq.cloudfront.net\/2020\/02\/17161226\/WhatsApp-Image-2020-02-17-at-15.51.49-610x458.jpeg 610w, https:\/\/dhg1h5j42swfq.cloudfront.net\/2020\/02\/17161226\/WhatsApp-Image-2020-02-17-at-15.51.49.jpeg 1280w\" sizes=\"auto, (max-width: 524px) 100vw, 524px\" \/><figcaption>Essa foto foi tirada em julho de 2018. Detalhe para os PDF&#8217;s do Estrat\u00e9gia impressos hehe.<\/figcaption><\/figure>\n\n\n\n<p>Por\nfim, se voc\u00ea est\u00e1 esperando concluir a gradua\u00e7\u00e3o, esperando um\nbom momento para come\u00e7ar a estudar, saiba que o melhor momento para\ndar o <em>start <\/em>\u00e9 agora. Daqui\num ano voc\u00ea pode se arrepender de n\u00e3o ter come\u00e7ado hoje!<\/p>\n\n\n\n<p>Se\nquiser bater um papo comigo,\nme siga no Instagram:\n<strong>@willian_daronch.<\/strong>\nFique \u00e0 vontade para me mandar mensagem!\n\n<\/p>\n","protected":false},"excerpt":{"rendered":"<p>Ol\u00e1, pessoal! Meu nome \u00e9 Willian Henrique Daronch, tenho 22 anos, e recentemente fui aprovado em 19\u00ba lugar no concurso para o cargo de Agente Penitenci\u00e1rio do DEAP-SC, e em 38\u00ba lugar no concurso de Escriv\u00e3o da PC-PR. Ao longo da minha jornada nos estudos o Estrat\u00e9gia Concursos foi fundamental, em raz\u00e3o da qualidade dos [&hellip;]<\/p>\n","protected":false},"author":1573,"featured_media":0,"comment_status":"open","ping_status":"closed","sticky":false,"template":"","format":"standard","meta":{"post_tipo":"article","footnotes":""},"categories":[1],"tags":[],"tax_estado":[],"class_list":["post-482838","post","type-post","status-publish","format-standard","hentry","category-cursos-e-concursos"],"acf":[],"yoast_head":"<!-- This site is optimized with the Yoast SEO Premium plugin v27.2 (Yoast SEO v27.2) - https:\/\/yoast.com\/product\/yoast-seo-premium-wordpress\/ -->\n<title>Como fui aprovado em dois concursos p\u00fablicos durante a faculdade? Sim, isso \u00e9 poss\u00edvel!<\/title>\n<meta name=\"robots\" content=\"index, follow, max-snippet:-1, max-image-preview:large, max-video-preview:-1\" \/>\n<link rel=\"canonical\" href=\"https:\/\/www.estrategiaconcursos.com.br\/blog\/como-fui-aprovado-em-dois-concursos-publicos-durante-a-faculdade-sim-isso-e-possivel\/\" \/>\n<meta property=\"og:locale\" content=\"pt_BR\" \/>\n<meta property=\"og:type\" content=\"article\" \/>\n<meta property=\"og:title\" content=\"Como fui aprovado em dois concursos p\u00fablicos durante a faculdade? Sim, isso \u00e9 poss\u00edvel!\" \/>\n<meta property=\"og:description\" content=\"Ol\u00e1, pessoal! Meu nome \u00e9 Willian Henrique Daronch, tenho 22 anos, e recentemente fui aprovado em 19\u00ba lugar no concurso para o cargo de Agente Penitenci\u00e1rio do DEAP-SC, e em 38\u00ba lugar no concurso de Escriv\u00e3o da PC-PR. Ao longo da minha jornada nos estudos o Estrat\u00e9gia Concursos foi fundamental, em raz\u00e3o da qualidade dos [&hellip;]\" \/>\n<meta property=\"og:url\" content=\"https:\/\/www.estrategiaconcursos.com.br\/blog\/como-fui-aprovado-em-dois-concursos-publicos-durante-a-faculdade-sim-isso-e-possivel\/\" \/>\n<meta property=\"og:site_name\" content=\"Estrat\u00e9gia Concursos\" \/>\n<meta property=\"article:published_time\" content=\"2020-02-17T19:28:31+00:00\" \/>\n<meta property=\"article:modified_time\" content=\"2020-04-14T16:58:19+00:00\" \/>\n<meta property=\"og:image\" content=\"https:\/\/www.estrategiaconcursos.com.br\/blog\/wp-content\/uploads\/2020\/02\/WhatsApp-Image-2020-02-17-at-15.51.49-1024x768.jpeg\" \/>\n<meta name=\"author\" content=\"Willian Henrique Daronch\" \/>\n<meta name=\"twitter:card\" content=\"summary_large_image\" \/>\n<meta name=\"twitter:creator\" content=\"@EstratConcursos\" \/>\n<meta name=\"twitter:site\" content=\"@EstratConcursos\" \/>\n<meta name=\"twitter:label1\" content=\"Escrito por\" \/>\n\t<meta name=\"twitter:data1\" content=\"Willian Henrique Daronch\" \/>\n\t<meta name=\"twitter:label2\" content=\"Est. tempo de leitura\" \/>\n\t<meta name=\"twitter:data2\" content=\"5 minutos\" \/>\n<script type=\"application\/ld+json\" class=\"yoast-schema-graph\">{\"@context\":\"https:\/\/schema.org\",\"@graph\":[{\"@type\":\"NewsArticle\",\"@id\":\"https:\/\/www.estrategiaconcursos.com.br\/blog\/como-fui-aprovado-em-dois-concursos-publicos-durante-a-faculdade-sim-isso-e-possivel\/#article\",\"isPartOf\":{\"@id\":\"https:\/\/www.estrategiaconcursos.com.br\/blog\/como-fui-aprovado-em-dois-concursos-publicos-durante-a-faculdade-sim-isso-e-possivel\/\"},\"author\":{\"name\":\"Willian Henrique Daronch\",\"@id\":\"https:\/\/www.estrategiaconcursos.com.br\/blog\/#\/schema\/person\/acd35c38f9a64ecba71ece2880cc62af\"},\"headline\":\"Como fui aprovado em dois concursos p\u00fablicos durante a faculdade? Sim, isso \u00e9 poss\u00edvel!\",\"datePublished\":\"2020-02-17T19:28:31+00:00\",\"dateModified\":\"2020-04-14T16:58:19+00:00\",\"mainEntityOfPage\":{\"@id\":\"https:\/\/www.estrategiaconcursos.com.br\/blog\/como-fui-aprovado-em-dois-concursos-publicos-durante-a-faculdade-sim-isso-e-possivel\/\"},\"wordCount\":998,\"commentCount\":0,\"publisher\":{\"@id\":\"https:\/\/www.estrategiaconcursos.com.br\/blog\/#organization\"},\"image\":{\"@id\":\"https:\/\/www.estrategiaconcursos.com.br\/blog\/como-fui-aprovado-em-dois-concursos-publicos-durante-a-faculdade-sim-isso-e-possivel\/#primaryimage\"},\"thumbnailUrl\":\"https:\/\/www.estrategiaconcursos.com.br\/blog\/wp-content\/uploads\/2020\/02\/WhatsApp-Image-2020-02-17-at-15.51.49-1024x768.jpeg\",\"articleSection\":[\"Concursos P\u00fablicos\"],\"inLanguage\":\"pt-BR\",\"potentialAction\":[{\"@type\":\"CommentAction\",\"name\":\"Comment\",\"target\":[\"https:\/\/www.estrategiaconcursos.com.br\/blog\/como-fui-aprovado-em-dois-concursos-publicos-durante-a-faculdade-sim-isso-e-possivel\/#respond\"]}],\"copyrightYear\":\"2020\",\"copyrightHolder\":{\"@id\":\"https:\/\/www.estrategiaconcursos.com.br\/blog\/#organization\"}},{\"@type\":\"WebPage\",\"@id\":\"https:\/\/www.estrategiaconcursos.com.br\/blog\/como-fui-aprovado-em-dois-concursos-publicos-durante-a-faculdade-sim-isso-e-possivel\/\",\"url\":\"https:\/\/www.estrategiaconcursos.com.br\/blog\/como-fui-aprovado-em-dois-concursos-publicos-durante-a-faculdade-sim-isso-e-possivel\/\",\"name\":\"Como fui aprovado em dois concursos p\u00fablicos durante a faculdade? Sim, isso \u00e9 poss\u00edvel!\",\"isPartOf\":{\"@id\":\"https:\/\/www.estrategiaconcursos.com.br\/blog\/#website\"},\"primaryImageOfPage\":{\"@id\":\"https:\/\/www.estrategiaconcursos.com.br\/blog\/como-fui-aprovado-em-dois-concursos-publicos-durante-a-faculdade-sim-isso-e-possivel\/#primaryimage\"},\"image\":{\"@id\":\"https:\/\/www.estrategiaconcursos.com.br\/blog\/como-fui-aprovado-em-dois-concursos-publicos-durante-a-faculdade-sim-isso-e-possivel\/#primaryimage\"},\"thumbnailUrl\":\"https:\/\/www.estrategiaconcursos.com.br\/blog\/wp-content\/uploads\/2020\/02\/WhatsApp-Image-2020-02-17-at-15.51.49-1024x768.jpeg\",\"datePublished\":\"2020-02-17T19:28:31+00:00\",\"dateModified\":\"2020-04-14T16:58:19+00:00\",\"breadcrumb\":{\"@id\":\"https:\/\/www.estrategiaconcursos.com.br\/blog\/como-fui-aprovado-em-dois-concursos-publicos-durante-a-faculdade-sim-isso-e-possivel\/#breadcrumb\"},\"inLanguage\":\"pt-BR\",\"potentialAction\":[{\"@type\":\"ReadAction\",\"target\":[\"https:\/\/www.estrategiaconcursos.com.br\/blog\/como-fui-aprovado-em-dois-concursos-publicos-durante-a-faculdade-sim-isso-e-possivel\/\"]}]},{\"@type\":\"ImageObject\",\"inLanguage\":\"pt-BR\",\"@id\":\"https:\/\/www.estrategiaconcursos.com.br\/blog\/como-fui-aprovado-em-dois-concursos-publicos-durante-a-faculdade-sim-isso-e-possivel\/#primaryimage\",\"url\":\"https:\/\/www.estrategiaconcursos.com.br\/blog\/wp-content\/uploads\/2020\/02\/WhatsApp-Image-2020-02-17-at-15.51.49-1024x768.jpeg\",\"contentUrl\":\"https:\/\/www.estrategiaconcursos.com.br\/blog\/wp-content\/uploads\/2020\/02\/WhatsApp-Image-2020-02-17-at-15.51.49-1024x768.jpeg\"},{\"@type\":\"BreadcrumbList\",\"@id\":\"https:\/\/www.estrategiaconcursos.com.br\/blog\/como-fui-aprovado-em-dois-concursos-publicos-durante-a-faculdade-sim-isso-e-possivel\/#breadcrumb\",\"itemListElement\":[{\"@type\":\"ListItem\",\"position\":1,\"name\":\"In\u00edcio\",\"item\":\"https:\/\/www.estrategiaconcursos.com.br\/blog\/\"},{\"@type\":\"ListItem\",\"position\":2,\"name\":\"Como fui aprovado em dois concursos p\u00fablicos durante a faculdade? Sim, isso \u00e9 poss\u00edvel!\"}]},{\"@type\":\"WebSite\",\"@id\":\"https:\/\/www.estrategiaconcursos.com.br\/blog\/#website\",\"url\":\"https:\/\/www.estrategiaconcursos.com.br\/blog\/\",\"name\":\"Estrat\u00e9gia Concursos\",\"description\":\"O blog da Estrat\u00e9gia Concursos traz not\u00edcias sobre concursos e artigos de professores oferecendo cursos para concursos (pdf + videaulas) no site.\",\"publisher\":{\"@id\":\"https:\/\/www.estrategiaconcursos.com.br\/blog\/#organization\"},\"potentialAction\":[{\"@type\":\"SearchAction\",\"target\":{\"@type\":\"EntryPoint\",\"urlTemplate\":\"https:\/\/www.estrategiaconcursos.com.br\/blog\/?s={search_term_string}\"},\"query-input\":{\"@type\":\"PropertyValueSpecification\",\"valueRequired\":true,\"valueName\":\"search_term_string\"}}],\"inLanguage\":\"pt-BR\"},{\"@type\":\"Organization\",\"@id\":\"https:\/\/www.estrategiaconcursos.com.br\/blog\/#organization\",\"name\":\"Estrat\u00e9gia Concursos\",\"url\":\"https:\/\/www.estrategiaconcursos.com.br\/blog\/\",\"logo\":{\"@type\":\"ImageObject\",\"inLanguage\":\"pt-BR\",\"@id\":\"https:\/\/www.estrategiaconcursos.com.br\/blog\/#\/schema\/logo\/image\/\",\"url\":\"https:\/\/dhg1h5j42swfq.cloudfront.net\/2025\/06\/03203428\/logo_concursos-1.jpg\",\"contentUrl\":\"https:\/\/dhg1h5j42swfq.cloudfront.net\/2025\/06\/03203428\/logo_concursos-1.jpg\",\"width\":230,\"height\":60,\"caption\":\"Estrat\u00e9gia Concursos\"},\"image\":{\"@id\":\"https:\/\/www.estrategiaconcursos.com.br\/blog\/#\/schema\/logo\/image\/\"},\"sameAs\":[\"https:\/\/x.com\/EstratConcursos\"]},{\"@type\":\"Person\",\"@id\":\"https:\/\/www.estrategiaconcursos.com.br\/blog\/#\/schema\/person\/acd35c38f9a64ecba71ece2880cc62af\",\"name\":\"Willian Henrique Daronch\",\"image\":{\"@type\":\"ImageObject\",\"inLanguage\":\"pt-BR\",\"@id\":\"https:\/\/secure.gravatar.com\/avatar\/1a6e7846e1fb51a28cfee4a35c477afa7dde4962de7f91b559951e96176403eb?s=96&d=mm&r=g\",\"url\":\"https:\/\/secure.gravatar.com\/avatar\/1a6e7846e1fb51a28cfee4a35c477afa7dde4962de7f91b559951e96176403eb?s=96&d=mm&r=g\",\"contentUrl\":\"https:\/\/secure.gravatar.com\/avatar\/1a6e7846e1fb51a28cfee4a35c477afa7dde4962de7f91b559951e96176403eb?s=96&d=mm&r=g\",\"caption\":\"Willian Henrique Daronch\"},\"url\":\"https:\/\/www.estrategiaconcursos.com.br\/blog\/author\/williandaronchhotmail-com\/\"}]}<\/script>\n<!-- \/ Yoast SEO Premium plugin. -->","yoast_head_json":{"title":"Como fui aprovado em dois concursos p\u00fablicos durante a faculdade? Sim, isso \u00e9 poss\u00edvel!","robots":{"index":"index","follow":"follow","max-snippet":"max-snippet:-1","max-image-preview":"max-image-preview:large","max-video-preview":"max-video-preview:-1"},"canonical":"https:\/\/www.estrategiaconcursos.com.br\/blog\/como-fui-aprovado-em-dois-concursos-publicos-durante-a-faculdade-sim-isso-e-possivel\/","og_locale":"pt_BR","og_type":"article","og_title":"Como fui aprovado em dois concursos p\u00fablicos durante a faculdade? Sim, isso \u00e9 poss\u00edvel!","og_description":"Ol\u00e1, pessoal! Meu nome \u00e9 Willian Henrique Daronch, tenho 22 anos, e recentemente fui aprovado em 19\u00ba lugar no concurso para o cargo de Agente Penitenci\u00e1rio do DEAP-SC, e em 38\u00ba lugar no concurso de Escriv\u00e3o da PC-PR. Ao longo da minha jornada nos estudos o Estrat\u00e9gia Concursos foi fundamental, em raz\u00e3o da qualidade dos [&hellip;]","og_url":"https:\/\/www.estrategiaconcursos.com.br\/blog\/como-fui-aprovado-em-dois-concursos-publicos-durante-a-faculdade-sim-isso-e-possivel\/","og_site_name":"Estrat\u00e9gia Concursos","article_published_time":"2020-02-17T19:28:31+00:00","article_modified_time":"2020-04-14T16:58:19+00:00","og_image":[{"url":"https:\/\/www.estrategiaconcursos.com.br\/blog\/wp-content\/uploads\/2020\/02\/WhatsApp-Image-2020-02-17-at-15.51.49-1024x768.jpeg","type":"","width":"","height":""}],"author":"Willian Henrique Daronch","twitter_card":"summary_large_image","twitter_creator":"@EstratConcursos","twitter_site":"@EstratConcursos","twitter_misc":{"Escrito por":"Willian Henrique Daronch","Est. tempo de leitura":"5 minutos"},"schema":{"@context":"https:\/\/schema.org","@graph":[{"@type":"NewsArticle","@id":"https:\/\/www.estrategiaconcursos.com.br\/blog\/como-fui-aprovado-em-dois-concursos-publicos-durante-a-faculdade-sim-isso-e-possivel\/#article","isPartOf":{"@id":"https:\/\/www.estrategiaconcursos.com.br\/blog\/como-fui-aprovado-em-dois-concursos-publicos-durante-a-faculdade-sim-isso-e-possivel\/"},"author":{"name":"Willian Henrique Daronch","@id":"https:\/\/www.estrategiaconcursos.com.br\/blog\/#\/schema\/person\/acd35c38f9a64ecba71ece2880cc62af"},"headline":"Como fui aprovado em dois concursos p\u00fablicos durante a faculdade? Sim, isso \u00e9 poss\u00edvel!","datePublished":"2020-02-17T19:28:31+00:00","dateModified":"2020-04-14T16:58:19+00:00","mainEntityOfPage":{"@id":"https:\/\/www.estrategiaconcursos.com.br\/blog\/como-fui-aprovado-em-dois-concursos-publicos-durante-a-faculdade-sim-isso-e-possivel\/"},"wordCount":998,"commentCount":0,"publisher":{"@id":"https:\/\/www.estrategiaconcursos.com.br\/blog\/#organization"},"image":{"@id":"https:\/\/www.estrategiaconcursos.com.br\/blog\/como-fui-aprovado-em-dois-concursos-publicos-durante-a-faculdade-sim-isso-e-possivel\/#primaryimage"},"thumbnailUrl":"https:\/\/www.estrategiaconcursos.com.br\/blog\/wp-content\/uploads\/2020\/02\/WhatsApp-Image-2020-02-17-at-15.51.49-1024x768.jpeg","articleSection":["Concursos P\u00fablicos"],"inLanguage":"pt-BR","potentialAction":[{"@type":"CommentAction","name":"Comment","target":["https:\/\/www.estrategiaconcursos.com.br\/blog\/como-fui-aprovado-em-dois-concursos-publicos-durante-a-faculdade-sim-isso-e-possivel\/#respond"]}],"copyrightYear":"2020","copyrightHolder":{"@id":"https:\/\/www.estrategiaconcursos.com.br\/blog\/#organization"}},{"@type":"WebPage","@id":"https:\/\/www.estrategiaconcursos.com.br\/blog\/como-fui-aprovado-em-dois-concursos-publicos-durante-a-faculdade-sim-isso-e-possivel\/","url":"https:\/\/www.estrategiaconcursos.com.br\/blog\/como-fui-aprovado-em-dois-concursos-publicos-durante-a-faculdade-sim-isso-e-possivel\/","name":"Como fui aprovado em dois concursos p\u00fablicos durante a faculdade? Sim, isso \u00e9 poss\u00edvel!","isPartOf":{"@id":"https:\/\/www.estrategiaconcursos.com.br\/blog\/#website"},"primaryImageOfPage":{"@id":"https:\/\/www.estrategiaconcursos.com.br\/blog\/como-fui-aprovado-em-dois-concursos-publicos-durante-a-faculdade-sim-isso-e-possivel\/#primaryimage"},"image":{"@id":"https:\/\/www.estrategiaconcursos.com.br\/blog\/como-fui-aprovado-em-dois-concursos-publicos-durante-a-faculdade-sim-isso-e-possivel\/#primaryimage"},"thumbnailUrl":"https:\/\/www.estrategiaconcursos.com.br\/blog\/wp-content\/uploads\/2020\/02\/WhatsApp-Image-2020-02-17-at-15.51.49-1024x768.jpeg","datePublished":"2020-02-17T19:28:31+00:00","dateModified":"2020-04-14T16:58:19+00:00","breadcrumb":{"@id":"https:\/\/www.estrategiaconcursos.com.br\/blog\/como-fui-aprovado-em-dois-concursos-publicos-durante-a-faculdade-sim-isso-e-possivel\/#breadcrumb"},"inLanguage":"pt-BR","potentialAction":[{"@type":"ReadAction","target":["https:\/\/www.estrategiaconcursos.com.br\/blog\/como-fui-aprovado-em-dois-concursos-publicos-durante-a-faculdade-sim-isso-e-possivel\/"]}]},{"@type":"ImageObject","inLanguage":"pt-BR","@id":"https:\/\/www.estrategiaconcursos.com.br\/blog\/como-fui-aprovado-em-dois-concursos-publicos-durante-a-faculdade-sim-isso-e-possivel\/#primaryimage","url":"https:\/\/www.estrategiaconcursos.com.br\/blog\/wp-content\/uploads\/2020\/02\/WhatsApp-Image-2020-02-17-at-15.51.49-1024x768.jpeg","contentUrl":"https:\/\/www.estrategiaconcursos.com.br\/blog\/wp-content\/uploads\/2020\/02\/WhatsApp-Image-2020-02-17-at-15.51.49-1024x768.jpeg"},{"@type":"BreadcrumbList","@id":"https:\/\/www.estrategiaconcursos.com.br\/blog\/como-fui-aprovado-em-dois-concursos-publicos-durante-a-faculdade-sim-isso-e-possivel\/#breadcrumb","itemListElement":[{"@type":"ListItem","position":1,"name":"In\u00edcio","item":"https:\/\/www.estrategiaconcursos.com.br\/blog\/"},{"@type":"ListItem","position":2,"name":"Como fui aprovado em dois concursos p\u00fablicos durante a faculdade? Sim, isso \u00e9 poss\u00edvel!"}]},{"@type":"WebSite","@id":"https:\/\/www.estrategiaconcursos.com.br\/blog\/#website","url":"https:\/\/www.estrategiaconcursos.com.br\/blog\/","name":"Estrat\u00e9gia Concursos","description":"O blog da Estrat\u00e9gia Concursos traz not\u00edcias sobre concursos e artigos de professores oferecendo cursos para concursos (pdf + videaulas) no site.","publisher":{"@id":"https:\/\/www.estrategiaconcursos.com.br\/blog\/#organization"},"potentialAction":[{"@type":"SearchAction","target":{"@type":"EntryPoint","urlTemplate":"https:\/\/www.estrategiaconcursos.com.br\/blog\/?s={search_term_string}"},"query-input":{"@type":"PropertyValueSpecification","valueRequired":true,"valueName":"search_term_string"}}],"inLanguage":"pt-BR"},{"@type":"Organization","@id":"https:\/\/www.estrategiaconcursos.com.br\/blog\/#organization","name":"Estrat\u00e9gia Concursos","url":"https:\/\/www.estrategiaconcursos.com.br\/blog\/","logo":{"@type":"ImageObject","inLanguage":"pt-BR","@id":"https:\/\/www.estrategiaconcursos.com.br\/blog\/#\/schema\/logo\/image\/","url":"https:\/\/dhg1h5j42swfq.cloudfront.net\/2025\/06\/03203428\/logo_concursos-1.jpg","contentUrl":"https:\/\/dhg1h5j42swfq.cloudfront.net\/2025\/06\/03203428\/logo_concursos-1.jpg","width":230,"height":60,"caption":"Estrat\u00e9gia Concursos"},"image":{"@id":"https:\/\/www.estrategiaconcursos.com.br\/blog\/#\/schema\/logo\/image\/"},"sameAs":["https:\/\/x.com\/EstratConcursos"]},{"@type":"Person","@id":"https:\/\/www.estrategiaconcursos.com.br\/blog\/#\/schema\/person\/acd35c38f9a64ecba71ece2880cc62af","name":"Willian Henrique Daronch","image":{"@type":"ImageObject","inLanguage":"pt-BR","@id":"https:\/\/secure.gravatar.com\/avatar\/1a6e7846e1fb51a28cfee4a35c477afa7dde4962de7f91b559951e96176403eb?s=96&d=mm&r=g","url":"https:\/\/secure.gravatar.com\/avatar\/1a6e7846e1fb51a28cfee4a35c477afa7dde4962de7f91b559951e96176403eb?s=96&d=mm&r=g","contentUrl":"https:\/\/secure.gravatar.com\/avatar\/1a6e7846e1fb51a28cfee4a35c477afa7dde4962de7f91b559951e96176403eb?s=96&d=mm&r=g","caption":"Willian Henrique Daronch"},"url":"https:\/\/www.estrategiaconcursos.com.br\/blog\/author\/williandaronchhotmail-com\/"}]}},"_links":{"self":[{"href":"https:\/\/www.estrategiaconcursos.com.br\/blog\/wp-json\/wp\/v2\/posts\/482838","targetHints":{"allow":["GET"]}}],"collection":[{"href":"https:\/\/www.estrategiaconcursos.com.br\/blog\/wp-json\/wp\/v2\/posts"}],"about":[{"href":"https:\/\/www.estrategiaconcursos.com.br\/blog\/wp-json\/wp\/v2\/types\/post"}],"author":[{"embeddable":true,"href":"https:\/\/www.estrategiaconcursos.com.br\/blog\/wp-json\/wp\/v2\/users\/1573"}],"replies":[{"embeddable":true,"href":"https:\/\/www.estrategiaconcursos.com.br\/blog\/wp-json\/wp\/v2\/comments?post=482838"}],"version-history":[{"count":3,"href":"https:\/\/www.estrategiaconcursos.com.br\/blog\/wp-json\/wp\/v2\/posts\/482838\/revisions"}],"predecessor-version":[{"id":482867,"href":"https:\/\/www.estrategiaconcursos.com.br\/blog\/wp-json\/wp\/v2\/posts\/482838\/revisions\/482867"}],"wp:attachment":[{"href":"https:\/\/www.estrategiaconcursos.com.br\/blog\/wp-json\/wp\/v2\/media?parent=482838"}],"wp:term":[{"taxonomy":"category","embeddable":true,"href":"https:\/\/www.estrategiaconcursos.com.br\/blog\/wp-json\/wp\/v2\/categories?post=482838"},{"taxonomy":"post_tag","embeddable":true,"href":"https:\/\/www.estrategiaconcursos.com.br\/blog\/wp-json\/wp\/v2\/tags?post=482838"},{"taxonomy":"tax_estado","embeddable":true,"href":"https:\/\/www.estrategiaconcursos.com.br\/blog\/wp-json\/wp\/v2\/tax_estado?post=482838"}],"curies":[{"name":"wp","href":"https:\/\/api.w.org\/{rel}","templated":true}]}}