{"id":482769,"date":"2025-12-01T19:44:43","date_gmt":"2025-12-01T22:44:43","guid":{"rendered":"https:\/\/www.estrategiaconcursos.com.br\/blog\/?p=482769"},"modified":"2025-12-02T16:03:08","modified_gmt":"2025-12-02T19:03:08","slug":"concurso-prefeitura-campo-largo","status":"publish","type":"post","link":"https:\/\/www.estrategiaconcursos.com.br\/blog\/concurso-prefeitura-campo-largo\/","title":{"rendered":"Concurso Campo Largo PR: gabaritos dispon\u00edveis!"},"content":{"rendered":"\n<p>Foram divulgados os gabaritos preliminares da prova objetiva, principal avalia\u00e7\u00e3o do concurso da <strong><a href=\"https:\/\/www.estrategiaconcursos.com.br\/cursosPorConcurso\/prefeitura-municipal-de-campo-largo-pr\/\" target=\"_blank\" rel=\"noreferrer noopener\">Prefeitura de Campo Largo<\/a><\/strong>, munic\u00edpio do estado do Paran\u00e1. Veja:<\/p>\n\n\n\n<ul class=\"wp-block-list\">\n<li><a href=\"https:\/\/dhg1h5j42swfq.cloudfront.net\/2025\/12\/01194318\/01.pdf\" target=\"_blank\" rel=\"noreferrer noopener nofollow\">Gabaritos preliminares <em>&#8211; edital 01<\/em><\/a><\/li>\n\n\n\n<li><a href=\"https:\/\/dhg1h5j42swfq.cloudfront.net\/2025\/12\/01194315\/020202.pdf\" target=\"_blank\" rel=\"noreferrer noopener nofollow\">Gabaritos preliminares <em>&#8211; edital 02<\/em><\/a><\/li>\n<\/ul>\n\n\n\n<p>Agora, os candidatos poder\u00e3o interpor recursos contra o documento entre os dias 2 e 3 de dezembro, atrav\u00e9s do site da banca, a Funda\u00e7\u00e3o Fafipa.<\/p>\n\n\n\n<p>Lembrando que a disputa ocorre por vagas em cadastro de reserva de n\u00edveis m\u00e9dio e superior de forma\u00e7\u00e3o, com <strong>sal\u00e1rios iniciais de at\u00e9 R$ 12.109,50.<\/strong><\/p>\n\n\n\n<ul style=\"background-color:#eeefef\" class=\"wp-block-list has-background\">\n<li><strong>Prefeitura Municipal de Campo Largo<\/strong> &#8211; PR<\/li>\n\n\n\n<li><strong style=\"color: initial;\">Situa\u00e7\u00e3o:<\/strong><span style=\"color: initial;\">\u00a0<\/span>provas aplicadas<\/li>\n\n\n\n<li><strong>Banca:<\/strong>&nbsp;<a href=\"https:\/\/www.fundacaofafipa.org.br\/\" target=\"_blank\" rel=\"noreferrer noopener\">Funda\u00e7\u00e3o Fafipa<\/a><\/li>\n\n\n\n<li><strong>Vagas:<\/strong>&nbsp;8 + CR<\/li>\n\n\n\n<li><strong>Sal\u00e1rio inicial:<\/strong>&nbsp;R$ 2.056,60 a R$ 12.970,85<\/li>\n\n\n\n<li><strong>Editais:<\/strong> <a href=\"https:\/\/dhg1h5j42swfq.cloudfront.net\/2025\/10\/04094408\/43276229-c7ad-4af4-b6ed-643707a055f2-1.pdf\" target=\"_blank\" rel=\"noreferrer noopener nofollow\">edital 1<\/a> &#8211; <a href=\"https:\/\/dhg1h5j42swfq.cloudfront.net\/2025\/10\/04094403\/campo-largo-2.pdf\" target=\"_blank\" rel=\"noreferrer noopener nofollow\">edital 2<\/a><\/li>\n<\/ul>\n\n\n\n<p>Confira neste artigo mais informa\u00e7\u00f5es sobre o concurso Campo Largo e os detalhes de seu edital. Acompanhe pelos t\u00f3picos abaixo:<\/p>\n\n\n\n<ul id=\"indice\" class=\"wp-block-list\">\n<li><strong><a href=\"#ret\">Retifica\u00e7\u00f5es<\/a><\/strong><\/li>\n\n\n\n<li><a href=\"#vagas\"><strong>Distribui\u00e7\u00e3o das vagas<\/strong><\/a>\n<ul class=\"wp-block-list\">\n<li><a href=\"#1\">Edital 1<\/a><\/li>\n\n\n\n<li><a href=\"#2\">Edital 2<\/a><\/li>\n<\/ul>\n<\/li>\n\n\n\n<li><a href=\"#etapas\"><strong>Etapas<\/strong><\/a>\n<ul class=\"wp-block-list\">\n<li><a href=\"#objetiva\">Prova objetiva<\/a><\/li>\n\n\n\n<li><a href=\"#titulos\">Prova de t\u00edtulos<\/a><\/li>\n<\/ul>\n<\/li>\n\n\n\n<li><a href=\"#cursos-assinatura\"><strong>Assinatura e cursos<\/strong><\/a><\/li>\n\n\n\n<li><a href=\"#ficha-tecnica\"><strong>Ficha t\u00e9cnica<\/strong><\/a><\/li>\n<\/ul>\n\n\n\n<div class=\"container\" id=\"boxes\">\n  <div class=\"row\">\n\n    <div class=\"col-sm\">\n      <div class=\"banner-prefeituras-ec\" id=\"box-assinatura\">\n        <h2 class=\"titulo-assinatura\" style=\"text-align: left;\">Cursos Pref. Campo Largo<\/h2>\n        <p class=\"subtitulo-assinatura\" style=\"text-align: left;\">Prepara\u00e7\u00e3o completa para a carreira!<\/p>\n        <div class=\"box-botao\" style=\"text-align: left;\">\n          <a class=\"btn-assinatura\" target=\"_blank\" href=\"https:\/\/www.estrategiaconcursos.com.br\/cursosPorConcurso\/prefeitura-municipal-de-campo-largo-pr\/\" role=\"button\" rel=\"noopener noreferrer\">EXPLORAR CURSOS<\/a>\n        <\/div>\n      <\/div><\/div><\/div><\/div>\n\n\n\n<h2 class=\"wp-block-heading\" id=\"ret\">Retifica\u00e7\u00f5es do edital<\/h2>\n\n\n\n<p><strong><a href=\"https:\/\/dhg1h5j42swfq.cloudfront.net\/2025\/10\/09090451\/exclusao.pdf\" target=\"_blank\" rel=\"noreferrer noopener nofollow\">Retifica\u00e7\u00e3o 1<\/a> <\/strong>&#8211; a exclus\u00e3o do cargo de Procurador Municipal do edital 01.<\/p>\n\n\n\n<h2 class=\"wp-block-heading\" id=\"vagas\">Concurso Campo Largo: cargos, vagas e sal\u00e1rios<\/h2>\n\n\n\n<p>Confira logo abaixo a distribui\u00e7\u00e3o dos cargos, vagas e sal\u00e1rios do concurso p\u00fablico da Prefeitura de Campo Largo: <\/p>\n\n\n\n<h3 class=\"wp-block-heading\" id=\"1\">Edital 1<\/h3>\n\n\n\n<figure class=\"wp-block-table is-style-stripes\"><table class=\"has-fixed-layout\"><thead><tr><th class=\"has-text-align-center\" data-align=\"center\">CARGOS<\/th><th class=\"has-text-align-center\" data-align=\"center\">REQUISITO<\/th><th class=\"has-text-align-center\" data-align=\"center\">VAGAS<\/th><th class=\"has-text-align-center\" data-align=\"center\">SAL\u00c1RIO<\/th><\/tr><\/thead><tbody><tr><td class=\"has-text-align-center\" data-align=\"center\">Administrativo<\/td><td class=\"has-text-align-center\" data-align=\"center\">Ensino M\u00e9dio<\/td><td class=\"has-text-align-center\" data-align=\"center\"><strong>05<\/strong><\/td><td class=\"has-text-align-center\" data-align=\"center\">R$ 3.179,52<\/td><\/tr><tr><td class=\"has-text-align-center\" data-align=\"center\">Auxiliar de Educa\u00e7\u00e3o Infantil<\/td><td class=\"has-text-align-center\" data-align=\"center\">Ensino M\u00e9dio<\/td><td class=\"has-text-align-center\" data-align=\"center\"><strong>CR<\/strong><\/td><td class=\"has-text-align-center\" data-align=\"center\">R$ 2.056,60<\/td><\/tr><tr><td class=\"has-text-align-center\" data-align=\"center\">T\u00e9cnico Florestal<\/td><td class=\"has-text-align-center\" data-align=\"center\">Curso T\u00e9cnico<\/td><td class=\"has-text-align-center\" data-align=\"center\"><strong>CR<\/strong><\/td><td class=\"has-text-align-center\" data-align=\"center\">R$ 3.580,71<\/td><\/tr><tr><td class=\"has-text-align-center\" data-align=\"center\">T\u00e9cnico de Inform\u00e1tica<\/td><td class=\"has-text-align-center\" data-align=\"center\">Curso T\u00e9cnico<\/td><td class=\"has-text-align-center\" data-align=\"center\"><strong>CR<\/strong><\/td><td class=\"has-text-align-center\" data-align=\"center\">R$ 3.580,71<\/td><\/tr><tr><td class=\"has-text-align-center\" data-align=\"center\">T\u00e9cnico de Meio Ambiente<\/td><td class=\"has-text-align-center\" data-align=\"center\">Curso T\u00e9cnico<\/td><td class=\"has-text-align-center\" data-align=\"center\"><strong>CR<\/strong><\/td><td class=\"has-text-align-center\" data-align=\"center\">R$ 3.580,71<\/td><\/tr><tr><td class=\"has-text-align-center\" data-align=\"center\">Analista Ambiental<\/td><td class=\"has-text-align-center\" data-align=\"center\">Curso superior  <\/td><td class=\"has-text-align-center\" data-align=\"center\"><strong>CR<\/strong><\/td><td class=\"has-text-align-center\" data-align=\"center\">R$ 4.631,97<\/td><\/tr><tr><td class=\"has-text-align-center\" data-align=\"center\">Analista de Esportes 20h<\/td><td class=\"has-text-align-center\" data-align=\"center\">Curso superior<\/td><td class=\"has-text-align-center\" data-align=\"center\"><strong>CR<\/strong><\/td><td class=\"has-text-align-center\" data-align=\"center\">R$ 2.182,53<\/td><\/tr><tr><td class=\"has-text-align-center\" data-align=\"center\">Analista de Esportes 40h<\/td><td class=\"has-text-align-center\" data-align=\"center\">Curso superior<\/td><td class=\"has-text-align-center\" data-align=\"center\"><strong>CR<\/strong><\/td><td class=\"has-text-align-center\" data-align=\"center\">R$ 4.631,97<\/td><\/tr><tr><td class=\"has-text-align-center\" data-align=\"center\">Analista de Sistemas<\/td><td class=\"has-text-align-center\" data-align=\"center\">Curso superior<\/td><td class=\"has-text-align-center\" data-align=\"center\"><strong>CR<\/strong><\/td><td class=\"has-text-align-center\" data-align=\"center\">R$ 8.903,93<\/td><\/tr><tr><td class=\"has-text-align-center\" data-align=\"center\">Arquiteto<\/td><td class=\"has-text-align-center\" data-align=\"center\">Curso superior<\/td><td class=\"has-text-align-center\" data-align=\"center\"><strong>01<\/strong><\/td><td class=\"has-text-align-center\" data-align=\"center\">R$ 8.903,93<\/td><\/tr><tr><td class=\"has-text-align-center\" data-align=\"center\">Assistente Social<\/td><td class=\"has-text-align-center\" data-align=\"center\">Curso superior<\/td><td class=\"has-text-align-center\" data-align=\"center\"><strong>CR<\/strong><\/td><td class=\"has-text-align-center\" data-align=\"center\">R$ 5.535,764<\/td><\/tr><tr><td class=\"has-text-align-center\" data-align=\"center\">Bi\u00f3logo<\/td><td class=\"has-text-align-center\" data-align=\"center\">Curso superior<\/td><td class=\"has-text-align-center\" data-align=\"center\"><strong>CR<\/strong><\/td><td class=\"has-text-align-center\" data-align=\"center\">R$ 5.320,80<\/td><\/tr><tr><td class=\"has-text-align-center\" data-align=\"center\">Cirurgi\u00e3o Dentista 20h<\/td><td class=\"has-text-align-center\" data-align=\"center\">Curso superior<\/td><td class=\"has-text-align-center\" data-align=\"center\"><strong>CR<\/strong><\/td><td class=\"has-text-align-center\" data-align=\"center\">R$ 4.364,89<\/td><\/tr><tr><td class=\"has-text-align-center\" data-align=\"center\">Cirurgi\u00e3o Dentista &#8211; Bucomaxilofacial<\/td><td class=\"has-text-align-center\" data-align=\"center\">Curso superior<\/td><td class=\"has-text-align-center\" data-align=\"center\"><strong>CR<\/strong><\/td><td class=\"has-text-align-center\" data-align=\"center\">R$ 4.364,89<\/td><\/tr><tr><td class=\"has-text-align-center\" data-align=\"center\">Cirurgi\u00e3o Dentista &#8211; Endodontista<\/td><td class=\"has-text-align-center\" data-align=\"center\">Curso superior<\/td><td class=\"has-text-align-center\" data-align=\"center\"><strong>CR<\/strong><\/td><td class=\"has-text-align-center\" data-align=\"center\">R$ 4.364,89<\/td><\/tr><tr><td class=\"has-text-align-center\" data-align=\"center\">Cirurgi\u00e3o Dentista &#8211; Estomatologista<\/td><td class=\"has-text-align-center\" data-align=\"center\">Curso superior<\/td><td class=\"has-text-align-center\" data-align=\"center\"><strong>CR<\/strong><\/td><td class=\"has-text-align-center\" data-align=\"center\">R$ 4.364,89<\/td><\/tr><tr><td class=\"has-text-align-center\" data-align=\"center\">Cirurgi\u00e3o Dentista &#8211; Especialista em pacientes portadores de necessidades especiais<\/td><td class=\"has-text-align-center\" data-align=\"center\">Curso superior<\/td><td class=\"has-text-align-center\" data-align=\"center\"><strong>CR<\/strong><\/td><td class=\"has-text-align-center\" data-align=\"center\">R$ 4.364,89<\/td><\/tr><tr><td class=\"has-text-align-center\" data-align=\"center\">Cirurgi\u00e3o Dentista &#8211; Periodontista<\/td><td class=\"has-text-align-center\" data-align=\"center\">Curso superior<\/td><td class=\"has-text-align-center\" data-align=\"center\"><strong>CR<\/strong><\/td><td class=\"has-text-align-center\" data-align=\"center\">R$ 4.364,89<\/td><\/tr><tr><td class=\"has-text-align-center\" data-align=\"center\">Cirurgi\u00e3o Dentista 40h<\/td><td class=\"has-text-align-center\" data-align=\"center\">Curso superior<\/td><td class=\"has-text-align-center\" data-align=\"center\"><strong>CR<\/strong><\/td><td class=\"has-text-align-center\" data-align=\"center\">R$ 8.729,35<\/td><\/tr><tr><td class=\"has-text-align-center\" data-align=\"center\">Contador<\/td><td class=\"has-text-align-center\" data-align=\"center\">Curso superior<\/td><td class=\"has-text-align-center\" data-align=\"center\"><strong>CR<\/strong><\/td><td class=\"has-text-align-center\" data-align=\"center\">R$ 7.906,42<\/td><\/tr><tr><td class=\"has-text-align-center\" data-align=\"center\">Engenheiro Agr\u00f4nomo<\/td><td class=\"has-text-align-center\" data-align=\"center\">Curso superior<\/td><td class=\"has-text-align-center\" data-align=\"center\"><strong>CR<\/strong><\/td><td class=\"has-text-align-center\" data-align=\"center\">R$ 8.903,93<\/td><\/tr><tr><td class=\"has-text-align-center\" data-align=\"center\">Engenheiro Ambiental<\/td><td class=\"has-text-align-center\" data-align=\"center\">Curso superior<\/td><td class=\"has-text-align-center\" data-align=\"center\"><strong>CR<\/strong><\/td><td class=\"has-text-align-center\" data-align=\"center\">R$ 8.903,93<\/td><\/tr><tr><td class=\"has-text-align-center\" data-align=\"center\">Engenheiro Cart\u00f3grafo<\/td><td class=\"has-text-align-center\" data-align=\"center\">Curso superior<\/td><td class=\"has-text-align-center\" data-align=\"center\"><strong>CR<\/strong><\/td><td class=\"has-text-align-center\" data-align=\"center\">R$ 8.903,93<\/td><\/tr><tr><td class=\"has-text-align-center\" data-align=\"center\">Engenheiro Civil<\/td><td class=\"has-text-align-center\" data-align=\"center\">Curso superior<\/td><td class=\"has-text-align-center\" data-align=\"center\"><strong>01<\/strong><\/td><td class=\"has-text-align-center\" data-align=\"center\">R$ 8.903,93<\/td><\/tr><tr><td class=\"has-text-align-center\" data-align=\"center\">Engenheiro de Materiais<\/td><td class=\"has-text-align-center\" data-align=\"center\">Curso superior<\/td><td class=\"has-text-align-center\" data-align=\"center\"><strong>CR<\/strong><\/td><td class=\"has-text-align-center\" data-align=\"center\">R$ 8.903,93<\/td><\/tr><tr><td class=\"has-text-align-center\" data-align=\"center\">Engenheiro Eletricista<\/td><td class=\"has-text-align-center\" data-align=\"center\">Curso superior<\/td><td class=\"has-text-align-center\" data-align=\"center\"><strong>01<\/strong><\/td><td class=\"has-text-align-center\" data-align=\"center\">R$ 4.452,23<\/td><\/tr><tr><td class=\"has-text-align-center\" data-align=\"center\">Engenheiro Florestal<\/td><td class=\"has-text-align-center\" data-align=\"center\">Curso superior<\/td><td class=\"has-text-align-center\" data-align=\"center\"><strong>CR<\/strong><\/td><td class=\"has-text-align-center\" data-align=\"center\">R$ 8.903,93<\/td><\/tr><tr><td class=\"has-text-align-center\" data-align=\"center\">Fisioterapeuta<\/td><td class=\"has-text-align-center\" data-align=\"center\">Curso superior<\/td><td class=\"has-text-align-center\" data-align=\"center\"><strong>CR<\/strong><\/td><td class=\"has-text-align-center\" data-align=\"center\">R$ 5.535,76<\/td><\/tr><tr><td class=\"has-text-align-center\" data-align=\"center\">Ge\u00f3logo<\/td><td class=\"has-text-align-center\" data-align=\"center\">Curso superior<\/td><td class=\"has-text-align-center\" data-align=\"center\"><strong>CR<\/strong><\/td><td class=\"has-text-align-center\" data-align=\"center\">R$ 5.320,80<\/td><\/tr><tr><td class=\"has-text-align-center\" data-align=\"center\">Jornalista<\/td><td class=\"has-text-align-center\" data-align=\"center\">Curso superior<\/td><td class=\"has-text-align-center\" data-align=\"center\"><strong>CR<\/strong><\/td><td class=\"has-text-align-center\" data-align=\"center\">R$ 5.535,76<\/td><\/tr><tr><td class=\"has-text-align-center\" data-align=\"center\">M\u00e9dico Psiquiatra Adulto\/Infantil<\/td><td class=\"has-text-align-center\" data-align=\"center\">Curso superior<\/td><td class=\"has-text-align-center\" data-align=\"center\"><strong>CR<\/strong><\/td><td class=\"has-text-align-center\" data-align=\"center\">R$ 10.853,46<\/td><\/tr><tr><td class=\"has-text-align-center\" data-align=\"center\">M\u00e9dico Veterin\u00e1rio 20h<\/td><td class=\"has-text-align-center\" data-align=\"center\">Curso superior<\/td><td class=\"has-text-align-center\" data-align=\"center\"><strong>CR<\/strong><\/td><td class=\"has-text-align-center\" data-align=\"center\">R$ 6.486,03<\/td><\/tr><tr><td class=\"has-text-align-center\" data-align=\"center\">M\u00e9dico Veterin\u00e1rio 40h<\/td><td class=\"has-text-align-center\" data-align=\"center\">Curso superior<\/td><td class=\"has-text-align-center\" data-align=\"center\"><strong>CR<\/strong><\/td><td class=\"has-text-align-center\" data-align=\"center\">R$ 12.970,85<\/td><\/tr><tr><td class=\"has-text-align-center\" data-align=\"center\">Nutricionista<\/td><td class=\"has-text-align-center\" data-align=\"center\">Curso superior<\/td><td class=\"has-text-align-center\" data-align=\"center\"><strong>CR<\/strong><\/td><td class=\"has-text-align-center\" data-align=\"center\">R$ 5.013,82<\/td><\/tr><tr><td class=\"has-text-align-center\" data-align=\"center\"><s>Procurador Municipal<\/s><\/td><td class=\"has-text-align-center\" data-align=\"center\"><s>Curso superior<\/s><\/td><td class=\"has-text-align-center\" data-align=\"center\"><strong><s>CR<\/s><\/strong><\/td><td class=\"has-text-align-center\" data-align=\"center\"><s>R$ 9.099,53<\/s><\/td><\/tr><tr><td class=\"has-text-align-center\" data-align=\"center\">Psic\u00f3logo<\/td><td class=\"has-text-align-center\" data-align=\"center\">Curso superior<\/td><td class=\"has-text-align-center\" data-align=\"center\"><strong>CR<\/strong><\/td><td class=\"has-text-align-center\" data-align=\"center\">R$ 5.535,76<\/td><\/tr><tr><td class=\"has-text-align-center\" data-align=\"center\">Turism\u00f3logo<\/td><td class=\"has-text-align-center\" data-align=\"center\">Curso superior<\/td><td class=\"has-text-align-center\" data-align=\"center\"><strong>CR<\/strong><\/td><td class=\"has-text-align-center\" data-align=\"center\">R$ 5.114,14<\/td><\/tr><\/tbody><\/table><\/figure>\n\n\n\n<h3 class=\"wp-block-heading\" id=\"2\">Edital 2<\/h3>\n\n\n\n<figure class=\"wp-block-table is-style-stripes\"><table class=\"has-fixed-layout\"><thead><tr><th class=\"has-text-align-center\" data-align=\"center\">CARGO<\/th><th class=\"has-text-align-center\" data-align=\"center\">REQUISITO<\/th><th class=\"has-text-align-center\" data-align=\"center\">VAGAS<\/th><th class=\"has-text-align-center\" data-align=\"center\">SAL\u00c1RIO<\/th><\/tr><\/thead><tbody><tr><td class=\"has-text-align-center\" data-align=\"center\">AGENTE COMUNIT\u00c1RIO DE SA\u00daDE<\/td><td class=\"has-text-align-center\" data-align=\"center\">Ensino M\u00e9dio<\/td><td class=\"has-text-align-center\" data-align=\"center\"><strong>0<\/strong>1 + CR<\/td><td class=\"has-text-align-center\" data-align=\"center\">R$ 3.036,00<\/td><\/tr><\/tbody><\/table><\/figure>\n\n\n\n<h2 class=\"wp-block-heading\" id=\"etapas\">Concurso Campo Largo: etapas de provas<\/h2>\n\n\n\n<ul class=\"wp-block-list\">\n<li><strong>Prova objetiva (PO), <\/strong>de car\u00e1ter eliminat\u00f3rio e classificat\u00f3rio para todos os cargos;<\/li>\n\n\n\n<li><strong>Prova de t\u00edtulos (PT)<\/strong>,<strong> <\/strong>de car\u00e1ter classificat\u00f3rio, somente para os cargos de n\u00edvel superior.<\/li>\n<\/ul>\n\n\n\n<h3 class=\"wp-block-heading\" id=\"objetiva\">Prova objetiva<\/h3>\n\n\n\n<p>A prova objetiva foi aplicada no Munic\u00edpio de Curitiba, Estado do Paran\u00e1. A avalia\u00e7\u00e3o foi composta de 60 quest\u00f5es distribu\u00eddas por \u00e1reas de conhecimento.<\/p>\n\n\n\n<p>Cada quest\u00e3o da prova objetiva teve 05 alternativas, sendo que cada quest\u00e3o teve apenas 1 alternativa correta, pontuadas conforme a(s) tabela(s):<\/p>\n\n\n\n<figure class=\"wp-block-image size-full\"><img loading=\"lazy\" decoding=\"async\" width=\"936\" height=\"767\" src=\"https:\/\/dhg1h5j42swfq.cloudfront.net\/2024\/09\/04095755\/provas-campo-largo.png\" alt=\"\" class=\"wp-image-1649878\" srcset=\"https:\/\/dhg1h5j42swfq.cloudfront.net\/2024\/09\/04095755\/provas-campo-largo.png 936w, https:\/\/dhg1h5j42swfq.cloudfront.net\/2024\/09\/04095755\/provas-campo-largo-300x246.png 300w, https:\/\/dhg1h5j42swfq.cloudfront.net\/2024\/09\/04095755\/provas-campo-largo-768x629.png 768w, https:\/\/dhg1h5j42swfq.cloudfront.net\/2024\/09\/04095755\/provas-campo-largo-150x123.png 150w\" sizes=\"auto, (max-width: 936px) 100vw, 936px\" \/><\/figure>\n\n\n\n<h3 class=\"wp-block-heading\" id=\"titulos\">Prova de t\u00edtulos<\/h3>\n\n\n\n<p>A prova de t\u00edtulos, de car\u00e1ter classificat\u00f3rio, ser\u00e1 aplicada aos cargos de n\u00edvel superior. Ser\u00e1 avaliada numa escala de 0 a 10 pontos, de acordo com a tabela:<\/p>\n\n\n\n<figure class=\"wp-block-image size-full\"><img loading=\"lazy\" decoding=\"async\" width=\"936\" height=\"291\" src=\"https:\/\/dhg1h5j42swfq.cloudfront.net\/2024\/09\/04095942\/titulos.png\" alt=\"\" class=\"wp-image-1649879\" srcset=\"https:\/\/dhg1h5j42swfq.cloudfront.net\/2024\/09\/04095942\/titulos.png 936w, https:\/\/dhg1h5j42swfq.cloudfront.net\/2024\/09\/04095942\/titulos-300x93.png 300w, https:\/\/dhg1h5j42swfq.cloudfront.net\/2024\/09\/04095942\/titulos-768x239.png 768w, https:\/\/dhg1h5j42swfq.cloudfront.net\/2024\/09\/04095942\/titulos-150x47.png 150w\" sizes=\"auto, (max-width: 936px) 100vw, 936px\" \/><\/figure>\n\n\n\n<hr class=\"wp-block-separator has-alpha-channel-opacity\"\/>\n\n\n\n<h2 class=\"wp-block-heading has-text-align-center\" id=\"cursos-assinatura\"><em>Quer estudar para o concurso Campo Largo?<\/em><\/h2>\n\n\n\n<div class=\"container\" id=\"boxes\">\n  <div class=\"row\">\n\n    <div class=\"col-sm\">\n      <div class=\"banner-prefeituras-ec\" id=\"box-assinatura\">\n        <h2 class=\"titulo-assinatura\" style=\"text-align: left;\">Cursos Pref. Campo Largo<\/h2>\n        <p class=\"subtitulo-assinatura\" style=\"text-align: left;\">Prepara\u00e7\u00e3o completa para a carreira!<\/p>\n        <div class=\"box-botao\" style=\"text-align: left;\">\n          <a class=\"btn-assinatura\" target=\"_blank\" href=\"https:\/\/www.estrategiaconcursos.com.br\/cursosPorConcurso\/prefeitura-municipal-de-campo-largo-pr\/\" role=\"button\" rel=\"noopener noreferrer\">EXPLORAR CURSOS<\/a>\n        <\/div>\n      <\/div><\/div><\/div><\/div>\n\n\n\n<div class=\"container\" id=\"boxes\">\r\n  <div class=\"row\">\r\n\r\n    <div class=\"col-sm\">\r\n      <div class=\"estrategia\" id=\"box-assinatura\">\r\n        <h3 class=\"titulo-assinatura\">Assinatura Concursos<\/h3>\r\n        <p class=\"subtitulo-assinatura\">Assinatura de 1 ano ou 2 anos<\/p>\r\n        <div class=\"box-botao\">\r\n          <a class=\"btn-assinatura\" target=\"_blank\" href=\"https:\/\/www.estrategiaconcursos.com.br\/assinaturas\/\" role=\"button\" rel=\"noopener noreferrer\">ASSINE AGORA<\/a>\r\n        <\/div>\r\n      <\/div><\/div><\/div><\/div>\n\n\n\n<h2 class=\"wp-block-heading has-text-align-center\" id=\"h-quer-saber-tudo-sobre-concursos-previstos-confira-os-nossos-artigos\">Quer saber tudo sobre concursos previstos?<br \/>Confira os nossos artigos!<\/h2>\n\n\n\n<ul class=\"wp-block-list\">\n<li><a href=\"https:\/\/www.estrategiaconcursos.com.br\/blog\/concursos-abertos\/\" target=\"_blank\" rel=\"noreferrer noopener\">Concursos Abertos<\/a><\/li>\n\n\n\n<li><a href=\"https:\/\/www.estrategiaconcursos.com.br\/blog\/concursos-prefeituras\/\" target=\"_blank\" rel=\"noreferrer noopener\">Concursos Prefeituras<\/a><\/li>\n\n\n\n<li><a href=\"https:\/\/www.estrategiaconcursos.com.br\/blog\/concursos-2024\/\" target=\"_blank\" rel=\"noreferrer noopener\">Concursos 2025<\/a><\/li>\n\n\n\n<li><a href=\"https:\/\/www.estrategiaconcursos.com.br\/blog\/concursos-2025\/\" target=\"_blank\" rel=\"noreferrer noopener\">Concursos 2026<\/a><\/li>\n<\/ul>\n\n\n\n<figure class=\"wp-block-image is-resized\"><img loading=\"lazy\" decoding=\"async\" width=\"1024\" height=\"632\" src=\"https:\/\/dhg1h5j42swfq.cloudfront.net\/2021\/04\/01161145\/ficha-tecnica-5-1024x632.png\" alt=\"Informa\u00e7\u00f5es do Concurso Campo Largo\" class=\"wp-image-706736\" style=\"width:236px;height:145px\" srcset=\"https:\/\/dhg1h5j42swfq.cloudfront.net\/2021\/04\/01161145\/ficha-tecnica-5-1024x632.png 1024w, https:\/\/dhg1h5j42swfq.cloudfront.net\/2021\/04\/01161145\/ficha-tecnica-5-300x185.png 300w, https:\/\/dhg1h5j42swfq.cloudfront.net\/2021\/04\/01161145\/ficha-tecnica-5-768x474.png 768w, https:\/\/dhg1h5j42swfq.cloudfront.net\/2021\/04\/01161145\/ficha-tecnica-5-1536x948.png 1536w, https:\/\/dhg1h5j42swfq.cloudfront.net\/2021\/04\/01161145\/ficha-tecnica-5-610x377.png 610w, https:\/\/dhg1h5j42swfq.cloudfront.net\/2021\/04\/01161145\/ficha-tecnica-5.png 1571w\" sizes=\"auto, (max-width: 1024px) 100vw, 1024px\" \/><\/figure>\n\n\n\n<h3 class=\"wp-block-heading\" id=\"ficha-tecnica\">Informa\u00e7\u00f5es do Concurso Campo Largo &#8211; PR<\/h3>\n\n\n\n<ul class=\"wp-block-list\">\n<li><strong>Data da prova<\/strong>: <s>30\/11\/2025<\/s><\/li>\n\n\n\n<li><strong>Banca<\/strong>: Funda\u00e7\u00e3o Fafipa<\/li>\n\n\n\n<li><strong>Escolaridade<\/strong>: N\u00edveis m\u00e9dio e superior<\/li>\n\n\n\n<li><strong>Vagas:<\/strong> 8 + CR<\/li>\n\n\n\n<li><strong>Cargos<\/strong>: V\u00e1rios<\/li>\n\n\n\n<li><strong>Edita<\/strong>is<strong>:<\/strong> <a href=\"https:\/\/dhg1h5j42swfq.cloudfront.net\/2025\/10\/04094408\/43276229-c7ad-4af4-b6ed-643707a055f2-1.pdf\" target=\"_blank\" rel=\"noreferrer noopener nofollow\">edital 1<\/a> &#8211; <a href=\"https:\/\/dhg1h5j42swfq.cloudfront.net\/2025\/10\/04094403\/campo-largo-2.pdf\" target=\"_blank\" rel=\"noreferrer noopener nofollow\">edital 2<\/a><\/li>\n<\/ul>\n","protected":false},"excerpt":{"rendered":"<p>Foram divulgados os gabaritos preliminares da prova objetiva, principal avalia\u00e7\u00e3o do concurso da Prefeitura de Campo Largo, munic\u00edpio do estado do Paran\u00e1. Veja: Agora, os candidatos poder\u00e3o interpor recursos contra o documento entre os dias 2 e 3 de dezembro, atrav\u00e9s do site da banca, a Funda\u00e7\u00e3o Fafipa. Lembrando que a disputa ocorre por vagas [&hellip;]<\/p>\n","protected":false},"author":1,"featured_media":1428604,"comment_status":"open","ping_status":"closed","sticky":false,"template":"","format":"standard","meta":{"post_tipo":"news_page","footnotes":""},"categories":[222278],"tags":[],"tax_estado":[219981],"class_list":["post-482769","post","type-post","status-publish","format-standard","has-post-thumbnail","hentry","category-prefeituras","tax_estado-pr"],"acf":[],"yoast_head":"<!-- This site is optimized with the Yoast SEO Premium plugin v27.2 (Yoast SEO v27.2) - https:\/\/yoast.com\/product\/yoast-seo-premium-wordpress\/ -->\n<title>Concurso Campo Largo PR: gabaritos dispon\u00edveis!<\/title>\n<meta name=\"description\" content=\"Concurso Prefeitura de Campo Largo: editais ofertam 8 vagas + CR para n\u00edveis m\u00e9dio e superior. Provas aplicadas e gabaritos divulgados!\" \/>\n<meta name=\"robots\" content=\"index, follow, max-snippet:-1, max-image-preview:large, max-video-preview:-1\" \/>\n<link rel=\"canonical\" href=\"https:\/\/www.estrategiaconcursos.com.br\/blog\/concurso-prefeitura-campo-largo\/\" \/>\n<meta property=\"og:locale\" content=\"pt_BR\" \/>\n<meta property=\"og:type\" content=\"article\" \/>\n<meta property=\"og:title\" content=\"Concurso Campo Largo PR: gabaritos dispon\u00edveis!\" \/>\n<meta property=\"og:description\" content=\"Concurso Prefeitura de Campo Largo: editais ofertam 8 vagas + CR para n\u00edveis m\u00e9dio e superior. Provas aplicadas e gabaritos divulgados!\" \/>\n<meta property=\"og:url\" content=\"https:\/\/www.estrategiaconcursos.com.br\/blog\/concurso-prefeitura-campo-largo\/\" \/>\n<meta property=\"og:site_name\" content=\"Estrat\u00e9gia Concursos\" \/>\n<meta property=\"article:author\" content=\"https:\/\/www.facebook.com\/EstrategiaConcursos\" \/>\n<meta property=\"article:published_time\" content=\"2025-12-01T22:44:43+00:00\" \/>\n<meta property=\"article:modified_time\" content=\"2025-12-02T19:03:08+00:00\" \/>\n<meta property=\"og:image\" content=\"https:\/\/dhg1h5j42swfq.cloudfront.net\/2024\/07\/11105841\/prefeitura-de-campo-largo.jpg\" \/>\n\t<meta property=\"og:image:width\" content=\"768\" \/>\n\t<meta property=\"og:image:height\" content=\"432\" \/>\n\t<meta property=\"og:image:type\" content=\"image\/jpeg\" \/>\n<meta name=\"author\" content=\"Coordena\u00e7\u00e3o\" \/>\n<meta name=\"twitter:card\" content=\"summary_large_image\" \/>\n<meta name=\"twitter:creator\" content=\"@EstratConcursos\" \/>\n<meta name=\"twitter:site\" content=\"@EstratConcursos\" \/>\n<meta name=\"twitter:label1\" content=\"Escrito por\" \/>\n\t<meta name=\"twitter:data1\" content=\"Coordena\u00e7\u00e3o\" \/>\n\t<meta name=\"twitter:label2\" content=\"Est. tempo de leitura\" \/>\n\t<meta name=\"twitter:data2\" content=\"3 minutos\" \/>\n<script type=\"application\/ld+json\" class=\"yoast-schema-graph\">{\"@context\":\"https:\/\/schema.org\",\"@graph\":[{\"@type\":\"NewsArticle\",\"@id\":\"https:\/\/www.estrategiaconcursos.com.br\/blog\/concurso-prefeitura-campo-largo\/#article\",\"isPartOf\":{\"@id\":\"https:\/\/www.estrategiaconcursos.com.br\/blog\/concurso-prefeitura-campo-largo\/\"},\"author\":{\"name\":\"Coordena\u00e7\u00e3o\",\"@id\":\"https:\/\/www.estrategiaconcursos.com.br\/blog\/#\/schema\/person\/b4a388c97673c5f483d72185668afa1f\"},\"headline\":\"Concurso Campo Largo PR: gabaritos dispon\u00edveis!\",\"datePublished\":\"2025-12-01T22:44:43+00:00\",\"dateModified\":\"2025-12-02T19:03:08+00:00\",\"mainEntityOfPage\":{\"@id\":\"https:\/\/www.estrategiaconcursos.com.br\/blog\/concurso-prefeitura-campo-largo\/\"},\"wordCount\":717,\"commentCount\":10,\"publisher\":{\"@id\":\"https:\/\/www.estrategiaconcursos.com.br\/blog\/#organization\"},\"image\":{\"@id\":\"https:\/\/www.estrategiaconcursos.com.br\/blog\/concurso-prefeitura-campo-largo\/#primaryimage\"},\"thumbnailUrl\":\"https:\/\/dhg1h5j42swfq.cloudfront.net\/2024\/07\/11105841\/prefeitura-de-campo-largo.jpg\",\"articleSection\":[\"Prefeituras\"],\"inLanguage\":\"pt-BR\",\"potentialAction\":[{\"@type\":\"CommentAction\",\"name\":\"Comment\",\"target\":[\"https:\/\/www.estrategiaconcursos.com.br\/blog\/concurso-prefeitura-campo-largo\/#respond\"]}],\"copyrightYear\":\"2025\",\"copyrightHolder\":{\"@id\":\"https:\/\/www.estrategiaconcursos.com.br\/blog\/#organization\"}},{\"@type\":\"WebPage\",\"@id\":\"https:\/\/www.estrategiaconcursos.com.br\/blog\/concurso-prefeitura-campo-largo\/\",\"url\":\"https:\/\/www.estrategiaconcursos.com.br\/blog\/concurso-prefeitura-campo-largo\/\",\"name\":\"Concurso Campo Largo PR: gabaritos dispon\u00edveis!\",\"isPartOf\":{\"@id\":\"https:\/\/www.estrategiaconcursos.com.br\/blog\/#website\"},\"primaryImageOfPage\":{\"@id\":\"https:\/\/www.estrategiaconcursos.com.br\/blog\/concurso-prefeitura-campo-largo\/#primaryimage\"},\"image\":{\"@id\":\"https:\/\/www.estrategiaconcursos.com.br\/blog\/concurso-prefeitura-campo-largo\/#primaryimage\"},\"thumbnailUrl\":\"https:\/\/dhg1h5j42swfq.cloudfront.net\/2024\/07\/11105841\/prefeitura-de-campo-largo.jpg\",\"datePublished\":\"2025-12-01T22:44:43+00:00\",\"dateModified\":\"2025-12-02T19:03:08+00:00\",\"description\":\"Concurso Prefeitura de Campo Largo: editais ofertam 8 vagas + CR para n\u00edveis m\u00e9dio e superior. Provas aplicadas e gabaritos divulgados!\",\"breadcrumb\":{\"@id\":\"https:\/\/www.estrategiaconcursos.com.br\/blog\/concurso-prefeitura-campo-largo\/#breadcrumb\"},\"inLanguage\":\"pt-BR\",\"potentialAction\":[{\"@type\":\"ReadAction\",\"target\":[\"https:\/\/www.estrategiaconcursos.com.br\/blog\/concurso-prefeitura-campo-largo\/\"]}]},{\"@type\":\"ImageObject\",\"inLanguage\":\"pt-BR\",\"@id\":\"https:\/\/www.estrategiaconcursos.com.br\/blog\/concurso-prefeitura-campo-largo\/#primaryimage\",\"url\":\"https:\/\/dhg1h5j42swfq.cloudfront.net\/2024\/07\/11105841\/prefeitura-de-campo-largo.jpg\",\"contentUrl\":\"https:\/\/dhg1h5j42swfq.cloudfront.net\/2024\/07\/11105841\/prefeitura-de-campo-largo.jpg\",\"width\":768,\"height\":432},{\"@type\":\"BreadcrumbList\",\"@id\":\"https:\/\/www.estrategiaconcursos.com.br\/blog\/concurso-prefeitura-campo-largo\/#breadcrumb\",\"itemListElement\":[{\"@type\":\"ListItem\",\"position\":1,\"name\":\"In\u00edcio\",\"item\":\"https:\/\/www.estrategiaconcursos.com.br\/blog\/\"},{\"@type\":\"ListItem\",\"position\":2,\"name\":\"Concurso Campo Largo PR: gabaritos dispon\u00edveis!\"}]},{\"@type\":\"WebSite\",\"@id\":\"https:\/\/www.estrategiaconcursos.com.br\/blog\/#website\",\"url\":\"https:\/\/www.estrategiaconcursos.com.br\/blog\/\",\"name\":\"Estrat\u00e9gia Concursos\",\"description\":\"O blog da Estrat\u00e9gia Concursos traz not\u00edcias sobre concursos e artigos de professores oferecendo cursos para concursos (pdf + videaulas) no site.\",\"publisher\":{\"@id\":\"https:\/\/www.estrategiaconcursos.com.br\/blog\/#organization\"},\"potentialAction\":[{\"@type\":\"SearchAction\",\"target\":{\"@type\":\"EntryPoint\",\"urlTemplate\":\"https:\/\/www.estrategiaconcursos.com.br\/blog\/?s={search_term_string}\"},\"query-input\":{\"@type\":\"PropertyValueSpecification\",\"valueRequired\":true,\"valueName\":\"search_term_string\"}}],\"inLanguage\":\"pt-BR\"},{\"@type\":\"Organization\",\"@id\":\"https:\/\/www.estrategiaconcursos.com.br\/blog\/#organization\",\"name\":\"Estrat\u00e9gia Concursos\",\"url\":\"https:\/\/www.estrategiaconcursos.com.br\/blog\/\",\"logo\":{\"@type\":\"ImageObject\",\"inLanguage\":\"pt-BR\",\"@id\":\"https:\/\/www.estrategiaconcursos.com.br\/blog\/#\/schema\/logo\/image\/\",\"url\":\"https:\/\/dhg1h5j42swfq.cloudfront.net\/2025\/06\/03203428\/logo_concursos-1.jpg\",\"contentUrl\":\"https:\/\/dhg1h5j42swfq.cloudfront.net\/2025\/06\/03203428\/logo_concursos-1.jpg\",\"width\":230,\"height\":60,\"caption\":\"Estrat\u00e9gia Concursos\"},\"image\":{\"@id\":\"https:\/\/www.estrategiaconcursos.com.br\/blog\/#\/schema\/logo\/image\/\"},\"sameAs\":[\"https:\/\/x.com\/EstratConcursos\"]},{\"@type\":\"Person\",\"@id\":\"https:\/\/www.estrategiaconcursos.com.br\/blog\/#\/schema\/person\/b4a388c97673c5f483d72185668afa1f\",\"name\":\"Coordena\u00e7\u00e3o\",\"image\":{\"@type\":\"ImageObject\",\"inLanguage\":\"pt-BR\",\"@id\":\"https:\/\/secure.gravatar.com\/avatar\/b720319e4c9a967eb58678d110f4fe35452fc5d5f97b202bac7b8acceb18c6ad?s=96&d=mm&r=g\",\"url\":\"https:\/\/secure.gravatar.com\/avatar\/b720319e4c9a967eb58678d110f4fe35452fc5d5f97b202bac7b8acceb18c6ad?s=96&d=mm&r=g\",\"contentUrl\":\"https:\/\/secure.gravatar.com\/avatar\/b720319e4c9a967eb58678d110f4fe35452fc5d5f97b202bac7b8acceb18c6ad?s=96&d=mm&r=g\",\"caption\":\"Coordena\u00e7\u00e3o\"},\"sameAs\":[\"https:\/\/www.facebook.com\/EstrategiaConcursos\",\"https:\/\/x.com\/EstratConcursos\"],\"url\":\"https:\/\/www.estrategiaconcursos.com.br\/blog\/author\/estrategia2013\/\"}]}<\/script>\n<!-- \/ Yoast SEO Premium plugin. -->","yoast_head_json":{"title":"Concurso Campo Largo PR: gabaritos dispon\u00edveis!","description":"Concurso Prefeitura de Campo Largo: editais ofertam 8 vagas + CR para n\u00edveis m\u00e9dio e superior. Provas aplicadas e gabaritos divulgados!","robots":{"index":"index","follow":"follow","max-snippet":"max-snippet:-1","max-image-preview":"max-image-preview:large","max-video-preview":"max-video-preview:-1"},"canonical":"https:\/\/www.estrategiaconcursos.com.br\/blog\/concurso-prefeitura-campo-largo\/","og_locale":"pt_BR","og_type":"article","og_title":"Concurso Campo Largo PR: gabaritos dispon\u00edveis!","og_description":"Concurso Prefeitura de Campo Largo: editais ofertam 8 vagas + CR para n\u00edveis m\u00e9dio e superior. Provas aplicadas e gabaritos divulgados!","og_url":"https:\/\/www.estrategiaconcursos.com.br\/blog\/concurso-prefeitura-campo-largo\/","og_site_name":"Estrat\u00e9gia Concursos","article_author":"https:\/\/www.facebook.com\/EstrategiaConcursos","article_published_time":"2025-12-01T22:44:43+00:00","article_modified_time":"2025-12-02T19:03:08+00:00","og_image":[{"width":768,"height":432,"url":"https:\/\/dhg1h5j42swfq.cloudfront.net\/2024\/07\/11105841\/prefeitura-de-campo-largo.jpg","type":"image\/jpeg"}],"author":"Coordena\u00e7\u00e3o","twitter_card":"summary_large_image","twitter_creator":"@EstratConcursos","twitter_site":"@EstratConcursos","twitter_misc":{"Escrito por":"Coordena\u00e7\u00e3o","Est. tempo de leitura":"3 minutos"},"schema":{"@context":"https:\/\/schema.org","@graph":[{"@type":"NewsArticle","@id":"https:\/\/www.estrategiaconcursos.com.br\/blog\/concurso-prefeitura-campo-largo\/#article","isPartOf":{"@id":"https:\/\/www.estrategiaconcursos.com.br\/blog\/concurso-prefeitura-campo-largo\/"},"author":{"name":"Coordena\u00e7\u00e3o","@id":"https:\/\/www.estrategiaconcursos.com.br\/blog\/#\/schema\/person\/b4a388c97673c5f483d72185668afa1f"},"headline":"Concurso Campo Largo PR: gabaritos dispon\u00edveis!","datePublished":"2025-12-01T22:44:43+00:00","dateModified":"2025-12-02T19:03:08+00:00","mainEntityOfPage":{"@id":"https:\/\/www.estrategiaconcursos.com.br\/blog\/concurso-prefeitura-campo-largo\/"},"wordCount":717,"commentCount":10,"publisher":{"@id":"https:\/\/www.estrategiaconcursos.com.br\/blog\/#organization"},"image":{"@id":"https:\/\/www.estrategiaconcursos.com.br\/blog\/concurso-prefeitura-campo-largo\/#primaryimage"},"thumbnailUrl":"https:\/\/dhg1h5j42swfq.cloudfront.net\/2024\/07\/11105841\/prefeitura-de-campo-largo.jpg","articleSection":["Prefeituras"],"inLanguage":"pt-BR","potentialAction":[{"@type":"CommentAction","name":"Comment","target":["https:\/\/www.estrategiaconcursos.com.br\/blog\/concurso-prefeitura-campo-largo\/#respond"]}],"copyrightYear":"2025","copyrightHolder":{"@id":"https:\/\/www.estrategiaconcursos.com.br\/blog\/#organization"}},{"@type":"WebPage","@id":"https:\/\/www.estrategiaconcursos.com.br\/blog\/concurso-prefeitura-campo-largo\/","url":"https:\/\/www.estrategiaconcursos.com.br\/blog\/concurso-prefeitura-campo-largo\/","name":"Concurso Campo Largo PR: gabaritos dispon\u00edveis!","isPartOf":{"@id":"https:\/\/www.estrategiaconcursos.com.br\/blog\/#website"},"primaryImageOfPage":{"@id":"https:\/\/www.estrategiaconcursos.com.br\/blog\/concurso-prefeitura-campo-largo\/#primaryimage"},"image":{"@id":"https:\/\/www.estrategiaconcursos.com.br\/blog\/concurso-prefeitura-campo-largo\/#primaryimage"},"thumbnailUrl":"https:\/\/dhg1h5j42swfq.cloudfront.net\/2024\/07\/11105841\/prefeitura-de-campo-largo.jpg","datePublished":"2025-12-01T22:44:43+00:00","dateModified":"2025-12-02T19:03:08+00:00","description":"Concurso Prefeitura de Campo Largo: editais ofertam 8 vagas + CR para n\u00edveis m\u00e9dio e superior. Provas aplicadas e gabaritos divulgados!","breadcrumb":{"@id":"https:\/\/www.estrategiaconcursos.com.br\/blog\/concurso-prefeitura-campo-largo\/#breadcrumb"},"inLanguage":"pt-BR","potentialAction":[{"@type":"ReadAction","target":["https:\/\/www.estrategiaconcursos.com.br\/blog\/concurso-prefeitura-campo-largo\/"]}]},{"@type":"ImageObject","inLanguage":"pt-BR","@id":"https:\/\/www.estrategiaconcursos.com.br\/blog\/concurso-prefeitura-campo-largo\/#primaryimage","url":"https:\/\/dhg1h5j42swfq.cloudfront.net\/2024\/07\/11105841\/prefeitura-de-campo-largo.jpg","contentUrl":"https:\/\/dhg1h5j42swfq.cloudfront.net\/2024\/07\/11105841\/prefeitura-de-campo-largo.jpg","width":768,"height":432},{"@type":"BreadcrumbList","@id":"https:\/\/www.estrategiaconcursos.com.br\/blog\/concurso-prefeitura-campo-largo\/#breadcrumb","itemListElement":[{"@type":"ListItem","position":1,"name":"In\u00edcio","item":"https:\/\/www.estrategiaconcursos.com.br\/blog\/"},{"@type":"ListItem","position":2,"name":"Concurso Campo Largo PR: gabaritos dispon\u00edveis!"}]},{"@type":"WebSite","@id":"https:\/\/www.estrategiaconcursos.com.br\/blog\/#website","url":"https:\/\/www.estrategiaconcursos.com.br\/blog\/","name":"Estrat\u00e9gia Concursos","description":"O blog da Estrat\u00e9gia Concursos traz not\u00edcias sobre concursos e artigos de professores oferecendo cursos para concursos (pdf + videaulas) no site.","publisher":{"@id":"https:\/\/www.estrategiaconcursos.com.br\/blog\/#organization"},"potentialAction":[{"@type":"SearchAction","target":{"@type":"EntryPoint","urlTemplate":"https:\/\/www.estrategiaconcursos.com.br\/blog\/?s={search_term_string}"},"query-input":{"@type":"PropertyValueSpecification","valueRequired":true,"valueName":"search_term_string"}}],"inLanguage":"pt-BR"},{"@type":"Organization","@id":"https:\/\/www.estrategiaconcursos.com.br\/blog\/#organization","name":"Estrat\u00e9gia Concursos","url":"https:\/\/www.estrategiaconcursos.com.br\/blog\/","logo":{"@type":"ImageObject","inLanguage":"pt-BR","@id":"https:\/\/www.estrategiaconcursos.com.br\/blog\/#\/schema\/logo\/image\/","url":"https:\/\/dhg1h5j42swfq.cloudfront.net\/2025\/06\/03203428\/logo_concursos-1.jpg","contentUrl":"https:\/\/dhg1h5j42swfq.cloudfront.net\/2025\/06\/03203428\/logo_concursos-1.jpg","width":230,"height":60,"caption":"Estrat\u00e9gia Concursos"},"image":{"@id":"https:\/\/www.estrategiaconcursos.com.br\/blog\/#\/schema\/logo\/image\/"},"sameAs":["https:\/\/x.com\/EstratConcursos"]},{"@type":"Person","@id":"https:\/\/www.estrategiaconcursos.com.br\/blog\/#\/schema\/person\/b4a388c97673c5f483d72185668afa1f","name":"Coordena\u00e7\u00e3o","image":{"@type":"ImageObject","inLanguage":"pt-BR","@id":"https:\/\/secure.gravatar.com\/avatar\/b720319e4c9a967eb58678d110f4fe35452fc5d5f97b202bac7b8acceb18c6ad?s=96&d=mm&r=g","url":"https:\/\/secure.gravatar.com\/avatar\/b720319e4c9a967eb58678d110f4fe35452fc5d5f97b202bac7b8acceb18c6ad?s=96&d=mm&r=g","contentUrl":"https:\/\/secure.gravatar.com\/avatar\/b720319e4c9a967eb58678d110f4fe35452fc5d5f97b202bac7b8acceb18c6ad?s=96&d=mm&r=g","caption":"Coordena\u00e7\u00e3o"},"sameAs":["https:\/\/www.facebook.com\/EstrategiaConcursos","https:\/\/x.com\/EstratConcursos"],"url":"https:\/\/www.estrategiaconcursos.com.br\/blog\/author\/estrategia2013\/"}]}},"_links":{"self":[{"href":"https:\/\/www.estrategiaconcursos.com.br\/blog\/wp-json\/wp\/v2\/posts\/482769","targetHints":{"allow":["GET"]}}],"collection":[{"href":"https:\/\/www.estrategiaconcursos.com.br\/blog\/wp-json\/wp\/v2\/posts"}],"about":[{"href":"https:\/\/www.estrategiaconcursos.com.br\/blog\/wp-json\/wp\/v2\/types\/post"}],"author":[{"embeddable":true,"href":"https:\/\/www.estrategiaconcursos.com.br\/blog\/wp-json\/wp\/v2\/users\/1"}],"replies":[{"embeddable":true,"href":"https:\/\/www.estrategiaconcursos.com.br\/blog\/wp-json\/wp\/v2\/comments?post=482769"}],"version-history":[{"count":43,"href":"https:\/\/www.estrategiaconcursos.com.br\/blog\/wp-json\/wp\/v2\/posts\/482769\/revisions"}],"predecessor-version":[{"id":1678867,"href":"https:\/\/www.estrategiaconcursos.com.br\/blog\/wp-json\/wp\/v2\/posts\/482769\/revisions\/1678867"}],"wp:featuredmedia":[{"embeddable":true,"href":"https:\/\/www.estrategiaconcursos.com.br\/blog\/wp-json\/wp\/v2\/media\/1428604"}],"wp:attachment":[{"href":"https:\/\/www.estrategiaconcursos.com.br\/blog\/wp-json\/wp\/v2\/media?parent=482769"}],"wp:term":[{"taxonomy":"category","embeddable":true,"href":"https:\/\/www.estrategiaconcursos.com.br\/blog\/wp-json\/wp\/v2\/categories?post=482769"},{"taxonomy":"post_tag","embeddable":true,"href":"https:\/\/www.estrategiaconcursos.com.br\/blog\/wp-json\/wp\/v2\/tags?post=482769"},{"taxonomy":"tax_estado","embeddable":true,"href":"https:\/\/www.estrategiaconcursos.com.br\/blog\/wp-json\/wp\/v2\/tax_estado?post=482769"}],"curies":[{"name":"wp","href":"https:\/\/api.w.org\/{rel}","templated":true}]}}