{"id":482733,"date":"2020-02-17T14:32:56","date_gmt":"2020-02-17T17:32:56","guid":{"rendered":"https:\/\/www.estrategiaconcursos.com.br\/blog\/?p=482733"},"modified":"2023-07-05T09:57:23","modified_gmt":"2023-07-05T12:57:23","slug":"processo-seletivo-da-receita-federal","status":"publish","type":"post","link":"https:\/\/www.estrategiaconcursos.com.br\/blog\/processo-seletivo-da-receita-federal\/","title":{"rendered":"ABERTO processo seletivo da Receita Federal para contrata\u00e7\u00e3o de peritos"},"content":{"rendered":"\n<p>Foi divulgado nesta segunda-feira, 17 de fevereiro, o processo seletivo da Receita Federal para contrata\u00e7\u00e3o de nove peritos com forma\u00e7\u00e3o de n\u00edvel superior na \u00e1rea de Engenharia.<\/p>\n\n\n\n<p>Das nove vagas ofertadas, cinco ser\u00e3o destinadas \u00e0 \u00e1rea de quantifica\u00e7\u00e3o de mercadorias a granel s\u00f3lido, l\u00edquido ou gasoso e ser\u00e3o preenchidas por engenheiros de qualquer modalidade, desde que aptos a emitir laudo de quantifica\u00e7\u00e3o\/arquea\u00e7\u00e3o.<\/p>\n\n\n\n<p>J\u00e1 as outras quatro vagas ser\u00e3o destinadas \u00e0 \u00e1rea de identifica\u00e7\u00e3o de mercadorias e ser\u00e3o preenchidas por engenheiros nas seguintes modalidades e quantitativos: Agr\u00f4nomo e Qu\u00edmico. <\/p>\n\n\n\n<p>Os candidatos interessados em participar devem se inscrever pessoalmente, das 09h a 12h, ou por via postal na Inspetoria da Receita Federal do Brasil em S\u00e3o Sebasti\u00e3o \u2013 SP no per\u00edodo de 17 de fevereiro a 21 de fevereiro de 2020.<\/p>\n\n\n\n<p>O endere\u00e7o para envio da inscri\u00e7\u00e3o por via postal ou para inscri\u00e7\u00e3o pessoal \u00e9 o mesmo a seguir: <\/p>\n\n\n\n<p><em>Inspetoria da Receita Federal do Brasil em S\u00e3o Sebasti\u00e3o Av. Altino Arantes, 614 \u2013 Centro S\u00e3o Sebasti\u00e3o \u2013 SP CEP 11.608-623 <\/em><\/p>\n\n\n\n<p>Vale ressaltar que a documenta\u00e7\u00e3o entregue dever\u00e1 estar acondicionada em envelope, identificado com o nome do candidato e \u00e1rea pretendida, e em cada documento a indica\u00e7\u00e3o no canto superior direito da numera\u00e7\u00e3o.<\/p>\n\n\n\n<p>A remunera\u00e7\u00e3o dos <strong>peritos <\/strong>obedece ao estabelecido em Instru\u00e7\u00e3o Normativa de 2018 da pr\u00f3pria Receita Federal. Ainda, variam conforme o tipo de parecer t\u00e9cnico ou laudo pericial relativo a identifica\u00e7\u00e3o ou caracteriza\u00e7\u00e3o de mercadoria. <\/p>\n\n\n\n<ul class=\"wp-block-list\">\n<li>Parecer ou laudo encaminhado para an\u00e1lise laborat\u00f3ria &#8211; <strong>R$ 3.088,85<\/strong><\/li>\n\n\n\n<li>Parecer ou laudo de mercadoria realizado por per\u00edcia credenciada pela Receita &#8211; <strong>R$ 3.380<\/strong><\/li>\n\n\n\n<li> Laudo pericial relativo a quantifica\u00e7\u00e3o e mercadoria a granel &#8211; <strong>R$ 3.380<\/strong><\/li>\n<\/ul>\n\n\n\n<p>O resultado do processo seletivo ser\u00e1 divulgado em at\u00e9 30 dias, a contar do t\u00e9rmino do prazo de inscri\u00e7\u00e3o, mediante Ato Declarat\u00f3rio Executivo (ADE) publicado no Di\u00e1rio Oficial da Uni\u00e3o, indicando o nome dos peritos classificados e \u00e1rea de atua\u00e7\u00e3o, que ser\u00e1 em car\u00e1ter prec\u00e1rio e sem qualquer v\u00ednculo empregat\u00edcio com a Receita Federal.<\/p>\n\n\n\n<p class=\"has-text-align-center has-very-light-gray-background-color has-background has-medium-font-size\"><strong>Saiba mais: <a href=\"https:\/\/www.estrategiaconcursos.com.br\/blog\/concurso-receita-federal\/\" target=\"_blank\" rel=\"noreferrer noopener\" aria-label=\"Concurso Receita Federal (abre numa nova aba)\">Concurso Receita Federal<\/a><\/strong><\/p>\n\n\n\n<p class=\"has-text-align-center\"><em><strong>Assinatura Anual Ilimitada*<\/strong><\/em><\/p>\n\n\n\n<p class=\"has-text-align-center\"><em>Prepare-se com o melhor material e com quem mais aprova em Concursos P\u00fablicos em todo o pa\u00eds. Assine agora a nossa Assinatura Anual e tenha acesso ilimitado* a todos os nossos cursos.<\/em><\/p>\n\n\n\n<p class=\"has-text-align-center has-light-green-cyan-background-color has-background\"><strong>ASSINE AGORA<\/strong>&nbsp;\u2013&nbsp;<a rel=\"noreferrer noopener\" href=\"https:\/\/www.estrategiaconcursos.com.br\/assinaturas\/\" target=\"_blank\"><strong>Assinatura Ilimitada<\/strong><\/a><\/p>\n\n\n\n<p class=\"has-text-align-center\"><strong><em>Fique por dentro dos concursos:<\/em><\/strong><\/p>\n\n\n\n<p class=\"has-text-align-center has-pale-cyan-blue-background-color has-background\"><a href=\"https:\/\/www.estrategiaconcursos.com.br\/blog\/concursos-abertos\/\" target=\"_blank\" rel=\"noreferrer noopener\"><strong>CONCURSOS ABERTOS<\/strong><\/a><\/p>\n\n\n\n<figure class=\"wp-block-image\"><img loading=\"lazy\" decoding=\"async\" width=\"300\" height=\"102\" src=\"https:\/\/dhg1h5j42swfq.cloudfront.net\/2017\/03\/28152500\/coruja-ficha-tecnica-300x102.png\" alt=\"\" class=\"wp-image-68542\"\/><\/figure>\n\n\n\n<h3 class=\"wp-block-heading\" id=\"h-informacoes-pss-receita-federal\">Informa\u00e7\u00f5es&nbsp;<strong>PSS Receita Federal<\/strong><\/h3>\n\n\n\n<p>\u25ba<strong>Vagas<\/strong>: 9 <br \/>\u25ba<strong>Cargos<\/strong>: Peritos<br \/>\u25ba<strong>Escolaridade<\/strong>: N\u00edvel superior<br \/>\u25ba<strong>Edital:&nbsp;<\/strong><a rel=\"noreferrer noopener\" aria-label=\"PSS Receita Federal (abre numa nova aba)\" href=\"https:\/\/dhg1h5j42swfq.cloudfront.net\/2020\/02\/17143035\/edital_processo_seletivo_receita_federal_2020_perito.pdf\" target=\"_blank\">PSS Receita Federal<\/a><\/p>\n\n\n\n<p><br \/><em>Ascom Estrat\u00e9gia<br \/><\/em>ascomestrategia@gmail.com<\/p>\n","protected":false},"excerpt":{"rendered":"<p>Foi divulgado nesta segunda-feira, 17 de fevereiro, o processo seletivo da Receita Federal para contrata\u00e7\u00e3o de nove peritos com forma\u00e7\u00e3o de n\u00edvel superior na \u00e1rea de Engenharia. Das nove vagas ofertadas, cinco ser\u00e3o destinadas \u00e0 \u00e1rea de quantifica\u00e7\u00e3o de mercadorias a granel s\u00f3lido, l\u00edquido ou gasoso e ser\u00e3o preenchidas por engenheiros de qualquer modalidade, desde [&hellip;]<\/p>\n","protected":false},"author":129,"featured_media":177431,"comment_status":"open","ping_status":"closed","sticky":false,"template":"","format":"standard","meta":{"post_tipo":"article","footnotes":""},"categories":[1],"tags":[],"tax_estado":[219963],"class_list":["post-482733","post","type-post","status-publish","format-standard","has-post-thumbnail","hentry","category-cursos-e-concursos","tax_estado-concursos-federais"],"acf":[],"yoast_head":"<!-- This site is optimized with the Yoast SEO Premium plugin v27.2 (Yoast SEO v27.2) - https:\/\/yoast.com\/product\/yoast-seo-premium-wordpress\/ -->\n<title>ABERTO processo seletivo da Receita Federal para contrata\u00e7\u00e3o de peritos<\/title>\n<meta name=\"description\" content=\"Aberto processo seletivo para contrata\u00e7\u00e3o de nove peritos para a Receita Federal; Saiba mais informa\u00e7\u00f5es acessando este artigo!\" \/>\n<meta name=\"robots\" content=\"index, follow, max-snippet:-1, max-image-preview:large, max-video-preview:-1\" \/>\n<link rel=\"canonical\" href=\"https:\/\/www.estrategiaconcursos.com.br\/blog\/processo-seletivo-da-receita-federal\/\" \/>\n<meta property=\"og:locale\" content=\"pt_BR\" \/>\n<meta property=\"og:type\" content=\"article\" \/>\n<meta property=\"og:title\" content=\"ABERTO processo seletivo da Receita Federal para contrata\u00e7\u00e3o de peritos\" \/>\n<meta property=\"og:description\" content=\"Aberto processo seletivo para contrata\u00e7\u00e3o de nove peritos para a Receita Federal; Saiba mais informa\u00e7\u00f5es acessando este artigo!\" \/>\n<meta property=\"og:url\" content=\"https:\/\/www.estrategiaconcursos.com.br\/blog\/processo-seletivo-da-receita-federal\/\" \/>\n<meta property=\"og:site_name\" content=\"Estrat\u00e9gia Concursos\" \/>\n<meta property=\"article:published_time\" content=\"2020-02-17T17:32:56+00:00\" \/>\n<meta property=\"article:modified_time\" content=\"2023-07-05T12:57:23+00:00\" \/>\n<meta property=\"og:image\" content=\"https:\/\/dhg1h5j42swfq.cloudfront.net\/2019\/04\/08083217\/Capturar.jpg\" \/>\n\t<meta property=\"og:image:width\" content=\"1197\" \/>\n\t<meta property=\"og:image:height\" content=\"626\" \/>\n\t<meta property=\"og:image:type\" content=\"image\/jpeg\" \/>\n<meta name=\"author\" content=\"Herbert Almeida\" \/>\n<meta name=\"twitter:card\" content=\"summary_large_image\" \/>\n<meta name=\"twitter:creator\" content=\"@EstratConcursos\" \/>\n<meta name=\"twitter:site\" content=\"@EstratConcursos\" \/>\n<meta name=\"twitter:label1\" content=\"Escrito por\" \/>\n\t<meta name=\"twitter:data1\" content=\"Herbert Almeida\" \/>\n\t<meta name=\"twitter:label2\" content=\"Est. tempo de leitura\" \/>\n\t<meta name=\"twitter:data2\" content=\"2 minutos\" \/>\n<script type=\"application\/ld+json\" class=\"yoast-schema-graph\">{\"@context\":\"https:\/\/schema.org\",\"@graph\":[{\"@type\":\"NewsArticle\",\"@id\":\"https:\/\/www.estrategiaconcursos.com.br\/blog\/processo-seletivo-da-receita-federal\/#article\",\"isPartOf\":{\"@id\":\"https:\/\/www.estrategiaconcursos.com.br\/blog\/processo-seletivo-da-receita-federal\/\"},\"author\":{\"name\":\"Herbert Almeida\",\"@id\":\"https:\/\/www.estrategiaconcursos.com.br\/blog\/#\/schema\/person\/59717c75350fa01aa0fd68a52a8d02e0\"},\"headline\":\"ABERTO processo seletivo da Receita Federal para contrata\u00e7\u00e3o de peritos\",\"datePublished\":\"2020-02-17T17:32:56+00:00\",\"dateModified\":\"2023-07-05T12:57:23+00:00\",\"mainEntityOfPage\":{\"@id\":\"https:\/\/www.estrategiaconcursos.com.br\/blog\/processo-seletivo-da-receita-federal\/\"},\"wordCount\":447,\"commentCount\":0,\"publisher\":{\"@id\":\"https:\/\/www.estrategiaconcursos.com.br\/blog\/#organization\"},\"image\":{\"@id\":\"https:\/\/www.estrategiaconcursos.com.br\/blog\/processo-seletivo-da-receita-federal\/#primaryimage\"},\"thumbnailUrl\":\"https:\/\/dhg1h5j42swfq.cloudfront.net\/2019\/04\/08083217\/Capturar.jpg\",\"articleSection\":[\"Concursos P\u00fablicos\"],\"inLanguage\":\"pt-BR\",\"potentialAction\":[{\"@type\":\"CommentAction\",\"name\":\"Comment\",\"target\":[\"https:\/\/www.estrategiaconcursos.com.br\/blog\/processo-seletivo-da-receita-federal\/#respond\"]}],\"copyrightYear\":\"2020\",\"copyrightHolder\":{\"@id\":\"https:\/\/www.estrategiaconcursos.com.br\/blog\/#organization\"}},{\"@type\":\"WebPage\",\"@id\":\"https:\/\/www.estrategiaconcursos.com.br\/blog\/processo-seletivo-da-receita-federal\/\",\"url\":\"https:\/\/www.estrategiaconcursos.com.br\/blog\/processo-seletivo-da-receita-federal\/\",\"name\":\"ABERTO processo seletivo da Receita Federal para contrata\u00e7\u00e3o de peritos\",\"isPartOf\":{\"@id\":\"https:\/\/www.estrategiaconcursos.com.br\/blog\/#website\"},\"primaryImageOfPage\":{\"@id\":\"https:\/\/www.estrategiaconcursos.com.br\/blog\/processo-seletivo-da-receita-federal\/#primaryimage\"},\"image\":{\"@id\":\"https:\/\/www.estrategiaconcursos.com.br\/blog\/processo-seletivo-da-receita-federal\/#primaryimage\"},\"thumbnailUrl\":\"https:\/\/dhg1h5j42swfq.cloudfront.net\/2019\/04\/08083217\/Capturar.jpg\",\"datePublished\":\"2020-02-17T17:32:56+00:00\",\"dateModified\":\"2023-07-05T12:57:23+00:00\",\"description\":\"Aberto processo seletivo para contrata\u00e7\u00e3o de nove peritos para a Receita Federal; Saiba mais informa\u00e7\u00f5es acessando este artigo!\",\"breadcrumb\":{\"@id\":\"https:\/\/www.estrategiaconcursos.com.br\/blog\/processo-seletivo-da-receita-federal\/#breadcrumb\"},\"inLanguage\":\"pt-BR\",\"potentialAction\":[{\"@type\":\"ReadAction\",\"target\":[\"https:\/\/www.estrategiaconcursos.com.br\/blog\/processo-seletivo-da-receita-federal\/\"]}]},{\"@type\":\"ImageObject\",\"inLanguage\":\"pt-BR\",\"@id\":\"https:\/\/www.estrategiaconcursos.com.br\/blog\/processo-seletivo-da-receita-federal\/#primaryimage\",\"url\":\"https:\/\/dhg1h5j42swfq.cloudfront.net\/2019\/04\/08083217\/Capturar.jpg\",\"contentUrl\":\"https:\/\/dhg1h5j42swfq.cloudfront.net\/2019\/04\/08083217\/Capturar.jpg\",\"width\":1197,\"height\":626,\"caption\":\"Receita Federal concurso\"},{\"@type\":\"BreadcrumbList\",\"@id\":\"https:\/\/www.estrategiaconcursos.com.br\/blog\/processo-seletivo-da-receita-federal\/#breadcrumb\",\"itemListElement\":[{\"@type\":\"ListItem\",\"position\":1,\"name\":\"In\u00edcio\",\"item\":\"https:\/\/www.estrategiaconcursos.com.br\/blog\/\"},{\"@type\":\"ListItem\",\"position\":2,\"name\":\"ABERTO processo seletivo da Receita Federal para contrata\u00e7\u00e3o de peritos\"}]},{\"@type\":\"WebSite\",\"@id\":\"https:\/\/www.estrategiaconcursos.com.br\/blog\/#website\",\"url\":\"https:\/\/www.estrategiaconcursos.com.br\/blog\/\",\"name\":\"Estrat\u00e9gia Concursos\",\"description\":\"O blog da Estrat\u00e9gia Concursos traz not\u00edcias sobre concursos e artigos de professores oferecendo cursos para concursos (pdf + videaulas) no site.\",\"publisher\":{\"@id\":\"https:\/\/www.estrategiaconcursos.com.br\/blog\/#organization\"},\"potentialAction\":[{\"@type\":\"SearchAction\",\"target\":{\"@type\":\"EntryPoint\",\"urlTemplate\":\"https:\/\/www.estrategiaconcursos.com.br\/blog\/?s={search_term_string}\"},\"query-input\":{\"@type\":\"PropertyValueSpecification\",\"valueRequired\":true,\"valueName\":\"search_term_string\"}}],\"inLanguage\":\"pt-BR\"},{\"@type\":\"Organization\",\"@id\":\"https:\/\/www.estrategiaconcursos.com.br\/blog\/#organization\",\"name\":\"Estrat\u00e9gia Concursos\",\"url\":\"https:\/\/www.estrategiaconcursos.com.br\/blog\/\",\"logo\":{\"@type\":\"ImageObject\",\"inLanguage\":\"pt-BR\",\"@id\":\"https:\/\/www.estrategiaconcursos.com.br\/blog\/#\/schema\/logo\/image\/\",\"url\":\"https:\/\/dhg1h5j42swfq.cloudfront.net\/2025\/06\/03203428\/logo_concursos-1.jpg\",\"contentUrl\":\"https:\/\/dhg1h5j42swfq.cloudfront.net\/2025\/06\/03203428\/logo_concursos-1.jpg\",\"width\":230,\"height\":60,\"caption\":\"Estrat\u00e9gia Concursos\"},\"image\":{\"@id\":\"https:\/\/www.estrategiaconcursos.com.br\/blog\/#\/schema\/logo\/image\/\"},\"sameAs\":[\"https:\/\/x.com\/EstratConcursos\"]},{\"@type\":\"Person\",\"@id\":\"https:\/\/www.estrategiaconcursos.com.br\/blog\/#\/schema\/person\/59717c75350fa01aa0fd68a52a8d02e0\",\"name\":\"Herbert Almeida\",\"image\":{\"@type\":\"ImageObject\",\"inLanguage\":\"pt-BR\",\"@id\":\"https:\/\/secure.gravatar.com\/avatar\/b6461a43893c24d5fc91efc433971ffec025c84c0341129f4578034d77f9a536?s=96&d=mm&r=g\",\"url\":\"https:\/\/secure.gravatar.com\/avatar\/b6461a43893c24d5fc91efc433971ffec025c84c0341129f4578034d77f9a536?s=96&d=mm&r=g\",\"contentUrl\":\"https:\/\/secure.gravatar.com\/avatar\/b6461a43893c24d5fc91efc433971ffec025c84c0341129f4578034d77f9a536?s=96&d=mm&r=g\",\"caption\":\"Herbert Almeida\"},\"url\":\"https:\/\/www.estrategiaconcursos.com.br\/blog\/author\/herbertestrategiaconcursos-com-br\/\"}]}<\/script>\n<!-- \/ Yoast SEO Premium plugin. -->","yoast_head_json":{"title":"ABERTO processo seletivo da Receita Federal para contrata\u00e7\u00e3o de peritos","description":"Aberto processo seletivo para contrata\u00e7\u00e3o de nove peritos para a Receita Federal; Saiba mais informa\u00e7\u00f5es acessando este artigo!","robots":{"index":"index","follow":"follow","max-snippet":"max-snippet:-1","max-image-preview":"max-image-preview:large","max-video-preview":"max-video-preview:-1"},"canonical":"https:\/\/www.estrategiaconcursos.com.br\/blog\/processo-seletivo-da-receita-federal\/","og_locale":"pt_BR","og_type":"article","og_title":"ABERTO processo seletivo da Receita Federal para contrata\u00e7\u00e3o de peritos","og_description":"Aberto processo seletivo para contrata\u00e7\u00e3o de nove peritos para a Receita Federal; Saiba mais informa\u00e7\u00f5es acessando este artigo!","og_url":"https:\/\/www.estrategiaconcursos.com.br\/blog\/processo-seletivo-da-receita-federal\/","og_site_name":"Estrat\u00e9gia Concursos","article_published_time":"2020-02-17T17:32:56+00:00","article_modified_time":"2023-07-05T12:57:23+00:00","og_image":[{"width":1197,"height":626,"url":"https:\/\/dhg1h5j42swfq.cloudfront.net\/2019\/04\/08083217\/Capturar.jpg","type":"image\/jpeg"}],"author":"Herbert Almeida","twitter_card":"summary_large_image","twitter_creator":"@EstratConcursos","twitter_site":"@EstratConcursos","twitter_misc":{"Escrito por":"Herbert Almeida","Est. tempo de leitura":"2 minutos"},"schema":{"@context":"https:\/\/schema.org","@graph":[{"@type":"NewsArticle","@id":"https:\/\/www.estrategiaconcursos.com.br\/blog\/processo-seletivo-da-receita-federal\/#article","isPartOf":{"@id":"https:\/\/www.estrategiaconcursos.com.br\/blog\/processo-seletivo-da-receita-federal\/"},"author":{"name":"Herbert Almeida","@id":"https:\/\/www.estrategiaconcursos.com.br\/blog\/#\/schema\/person\/59717c75350fa01aa0fd68a52a8d02e0"},"headline":"ABERTO processo seletivo da Receita Federal para contrata\u00e7\u00e3o de peritos","datePublished":"2020-02-17T17:32:56+00:00","dateModified":"2023-07-05T12:57:23+00:00","mainEntityOfPage":{"@id":"https:\/\/www.estrategiaconcursos.com.br\/blog\/processo-seletivo-da-receita-federal\/"},"wordCount":447,"commentCount":0,"publisher":{"@id":"https:\/\/www.estrategiaconcursos.com.br\/blog\/#organization"},"image":{"@id":"https:\/\/www.estrategiaconcursos.com.br\/blog\/processo-seletivo-da-receita-federal\/#primaryimage"},"thumbnailUrl":"https:\/\/dhg1h5j42swfq.cloudfront.net\/2019\/04\/08083217\/Capturar.jpg","articleSection":["Concursos P\u00fablicos"],"inLanguage":"pt-BR","potentialAction":[{"@type":"CommentAction","name":"Comment","target":["https:\/\/www.estrategiaconcursos.com.br\/blog\/processo-seletivo-da-receita-federal\/#respond"]}],"copyrightYear":"2020","copyrightHolder":{"@id":"https:\/\/www.estrategiaconcursos.com.br\/blog\/#organization"}},{"@type":"WebPage","@id":"https:\/\/www.estrategiaconcursos.com.br\/blog\/processo-seletivo-da-receita-federal\/","url":"https:\/\/www.estrategiaconcursos.com.br\/blog\/processo-seletivo-da-receita-federal\/","name":"ABERTO processo seletivo da Receita Federal para contrata\u00e7\u00e3o de peritos","isPartOf":{"@id":"https:\/\/www.estrategiaconcursos.com.br\/blog\/#website"},"primaryImageOfPage":{"@id":"https:\/\/www.estrategiaconcursos.com.br\/blog\/processo-seletivo-da-receita-federal\/#primaryimage"},"image":{"@id":"https:\/\/www.estrategiaconcursos.com.br\/blog\/processo-seletivo-da-receita-federal\/#primaryimage"},"thumbnailUrl":"https:\/\/dhg1h5j42swfq.cloudfront.net\/2019\/04\/08083217\/Capturar.jpg","datePublished":"2020-02-17T17:32:56+00:00","dateModified":"2023-07-05T12:57:23+00:00","description":"Aberto processo seletivo para contrata\u00e7\u00e3o de nove peritos para a Receita Federal; Saiba mais informa\u00e7\u00f5es acessando este artigo!","breadcrumb":{"@id":"https:\/\/www.estrategiaconcursos.com.br\/blog\/processo-seletivo-da-receita-federal\/#breadcrumb"},"inLanguage":"pt-BR","potentialAction":[{"@type":"ReadAction","target":["https:\/\/www.estrategiaconcursos.com.br\/blog\/processo-seletivo-da-receita-federal\/"]}]},{"@type":"ImageObject","inLanguage":"pt-BR","@id":"https:\/\/www.estrategiaconcursos.com.br\/blog\/processo-seletivo-da-receita-federal\/#primaryimage","url":"https:\/\/dhg1h5j42swfq.cloudfront.net\/2019\/04\/08083217\/Capturar.jpg","contentUrl":"https:\/\/dhg1h5j42swfq.cloudfront.net\/2019\/04\/08083217\/Capturar.jpg","width":1197,"height":626,"caption":"Receita Federal concurso"},{"@type":"BreadcrumbList","@id":"https:\/\/www.estrategiaconcursos.com.br\/blog\/processo-seletivo-da-receita-federal\/#breadcrumb","itemListElement":[{"@type":"ListItem","position":1,"name":"In\u00edcio","item":"https:\/\/www.estrategiaconcursos.com.br\/blog\/"},{"@type":"ListItem","position":2,"name":"ABERTO processo seletivo da Receita Federal para contrata\u00e7\u00e3o de peritos"}]},{"@type":"WebSite","@id":"https:\/\/www.estrategiaconcursos.com.br\/blog\/#website","url":"https:\/\/www.estrategiaconcursos.com.br\/blog\/","name":"Estrat\u00e9gia Concursos","description":"O blog da Estrat\u00e9gia Concursos traz not\u00edcias sobre concursos e artigos de professores oferecendo cursos para concursos (pdf + videaulas) no site.","publisher":{"@id":"https:\/\/www.estrategiaconcursos.com.br\/blog\/#organization"},"potentialAction":[{"@type":"SearchAction","target":{"@type":"EntryPoint","urlTemplate":"https:\/\/www.estrategiaconcursos.com.br\/blog\/?s={search_term_string}"},"query-input":{"@type":"PropertyValueSpecification","valueRequired":true,"valueName":"search_term_string"}}],"inLanguage":"pt-BR"},{"@type":"Organization","@id":"https:\/\/www.estrategiaconcursos.com.br\/blog\/#organization","name":"Estrat\u00e9gia Concursos","url":"https:\/\/www.estrategiaconcursos.com.br\/blog\/","logo":{"@type":"ImageObject","inLanguage":"pt-BR","@id":"https:\/\/www.estrategiaconcursos.com.br\/blog\/#\/schema\/logo\/image\/","url":"https:\/\/dhg1h5j42swfq.cloudfront.net\/2025\/06\/03203428\/logo_concursos-1.jpg","contentUrl":"https:\/\/dhg1h5j42swfq.cloudfront.net\/2025\/06\/03203428\/logo_concursos-1.jpg","width":230,"height":60,"caption":"Estrat\u00e9gia Concursos"},"image":{"@id":"https:\/\/www.estrategiaconcursos.com.br\/blog\/#\/schema\/logo\/image\/"},"sameAs":["https:\/\/x.com\/EstratConcursos"]},{"@type":"Person","@id":"https:\/\/www.estrategiaconcursos.com.br\/blog\/#\/schema\/person\/59717c75350fa01aa0fd68a52a8d02e0","name":"Herbert Almeida","image":{"@type":"ImageObject","inLanguage":"pt-BR","@id":"https:\/\/secure.gravatar.com\/avatar\/b6461a43893c24d5fc91efc433971ffec025c84c0341129f4578034d77f9a536?s=96&d=mm&r=g","url":"https:\/\/secure.gravatar.com\/avatar\/b6461a43893c24d5fc91efc433971ffec025c84c0341129f4578034d77f9a536?s=96&d=mm&r=g","contentUrl":"https:\/\/secure.gravatar.com\/avatar\/b6461a43893c24d5fc91efc433971ffec025c84c0341129f4578034d77f9a536?s=96&d=mm&r=g","caption":"Herbert Almeida"},"url":"https:\/\/www.estrategiaconcursos.com.br\/blog\/author\/herbertestrategiaconcursos-com-br\/"}]}},"_links":{"self":[{"href":"https:\/\/www.estrategiaconcursos.com.br\/blog\/wp-json\/wp\/v2\/posts\/482733","targetHints":{"allow":["GET"]}}],"collection":[{"href":"https:\/\/www.estrategiaconcursos.com.br\/blog\/wp-json\/wp\/v2\/posts"}],"about":[{"href":"https:\/\/www.estrategiaconcursos.com.br\/blog\/wp-json\/wp\/v2\/types\/post"}],"author":[{"embeddable":true,"href":"https:\/\/www.estrategiaconcursos.com.br\/blog\/wp-json\/wp\/v2\/users\/129"}],"replies":[{"embeddable":true,"href":"https:\/\/www.estrategiaconcursos.com.br\/blog\/wp-json\/wp\/v2\/comments?post=482733"}],"version-history":[{"count":6,"href":"https:\/\/www.estrategiaconcursos.com.br\/blog\/wp-json\/wp\/v2\/posts\/482733\/revisions"}],"predecessor-version":[{"id":1243618,"href":"https:\/\/www.estrategiaconcursos.com.br\/blog\/wp-json\/wp\/v2\/posts\/482733\/revisions\/1243618"}],"wp:featuredmedia":[{"embeddable":true,"href":"https:\/\/www.estrategiaconcursos.com.br\/blog\/wp-json\/wp\/v2\/media\/177431"}],"wp:attachment":[{"href":"https:\/\/www.estrategiaconcursos.com.br\/blog\/wp-json\/wp\/v2\/media?parent=482733"}],"wp:term":[{"taxonomy":"category","embeddable":true,"href":"https:\/\/www.estrategiaconcursos.com.br\/blog\/wp-json\/wp\/v2\/categories?post=482733"},{"taxonomy":"post_tag","embeddable":true,"href":"https:\/\/www.estrategiaconcursos.com.br\/blog\/wp-json\/wp\/v2\/tags?post=482733"},{"taxonomy":"tax_estado","embeddable":true,"href":"https:\/\/www.estrategiaconcursos.com.br\/blog\/wp-json\/wp\/v2\/tax_estado?post=482733"}],"curies":[{"name":"wp","href":"https:\/\/api.w.org\/{rel}","templated":true}]}}