{"id":482564,"date":"2020-02-17T09:00:00","date_gmt":"2020-02-17T12:00:00","guid":{"rendered":"https:\/\/www.estrategiaconcursos.com.br\/blog\/?p=482564"},"modified":"2023-06-13T10:17:27","modified_gmt":"2023-06-13T13:17:27","slug":"cfc-publica-edital-dos-exames-eqtpc-e-cnai","status":"publish","type":"post","link":"https:\/\/www.estrategiaconcursos.com.br\/blog\/cfc-publica-edital-dos-exames-eqtpc-e-cnai\/","title":{"rendered":"CFC publica edital dos Exames EQTPC e CNAI; saiba mais!"},"content":{"rendered":"\n<p>O Conselho Federal de Contabilidade (CFC) tornou p\u00fablica a abertura de inscri\u00e7\u00f5es para a realiza\u00e7\u00e3o da 4\u00aa edi\u00e7\u00e3o do <strong>Exame de Qualifica\u00e7\u00e3o T\u00e9cnica para Perito Cont\u00e1bil<\/strong> e a 21\u00aa edi\u00e7\u00e3o do <strong>Exame de Qualifica\u00e7\u00e3o T\u00e9cnica para registro no Cadastro Nacional de Auditores Independentes<\/strong>.<\/p>\n\n\n\n<h2 class=\"wp-block-heading\" id=\"h-exame-eqtpc\">Exame EQTPC<\/h2>\n\n\n\n<p class=\"has-very-light-gray-background-color has-background\"><strong>Per\u00edodo de inscri\u00e7\u00f5es<\/strong>: 19 de fevereiro a 20 de mar\u00e7o <br \/><strong>Taxa de inscri\u00e7\u00e3o<\/strong>: R$ 150,00 <br \/><strong>Data da prova<\/strong>: 27 de maio (14h \u00e0s 18h)<\/p>\n\n\n\n<p>Este exame ser\u00e1 composto pela prova do Exame de Qualifica\u00e7\u00e3o T\u00e9cnica (EQT) para Perito Cont\u00e1bil. A prova ser\u00e1 escrita, com quest\u00f5es para respostas objetivas e quest\u00f5es para respostas dissertativas. <\/p>\n\n\n\n<p>As folhas de respostas das quest\u00f5es dissertativas somente ser\u00e3o corrigidas caso o candidato for aprovado nas quest\u00f5es objetivas. <\/p>\n\n\n\n<h2 class=\"wp-block-heading\" id=\"h-exame-cnai\">Exame CNAI<\/h2>\n\n\n\n<p class=\"has-very-light-gray-background-color has-background\"><strong>Per\u00edodo de inscri\u00e7\u00f5es<\/strong>: 19 de fevereiro a 20 de mar\u00e7o  <br \/><strong>Taxa de inscri\u00e7\u00e3o<\/strong>: R$ 150,00 <br \/><strong>Data da prova<\/strong>: 25 e 26 de maio (14h \u00e0s 18h)<\/p>\n\n\n\n<p>Este exame ser\u00e1 composto de 2 provas: Prova de Qualifica\u00e7\u00e3o T\u00e9cnica Geral (QTG) e Prova espec\u00edfica para os contadores que pretendam atuar em auditoria de institui\u00e7\u00f5es reguladas pela Comiss\u00e3o de Valores Mobili\u00e1rios (CVM). As provas ser\u00e3o escritas, com quest\u00f5es para respostas objetivas e quest\u00f5es para respostas dissertativas. <\/p>\n\n\n\n<p>Os contadores que pretendam atuar em auditoria de institui\u00e7\u00f5es reguladas pela Comiss\u00e3o de Valores Mobili\u00e1rios, que estejam regularmente inscritos no Cadastro Nacional de Auditores Independentes (CNAI) do Conselho Federal de Contabilidade, estar\u00e3o dispensados da Prova de Qualifica\u00e7\u00e3o T\u00e9cnica Geral. <\/p>\n\n\n\n<p>Os contadores que n\u00e3o estejam inscritos no Cadastro Nacional de Auditores Independentes do Conselho Federal de Contabilidade e que pretendam atuar em auditoria de institui\u00e7\u00f5es reguladas pela Comiss\u00e3o de Valores Mobili\u00e1rios, al\u00e9m da prova de Qualifica\u00e7\u00e3o T\u00e9cnica Geral, dever\u00e3o, tamb\u00e9m, se submeter \u00e0 prova espec\u00edfica. <\/p>\n\n\n\n<p>As folhas de respostas das quest\u00f5es dissertativas da prova espec\u00edfica somente ser\u00e3o corrigidas se o candidato estiver inscrito no Cadastro Nacional de Auditores Independentes ou se for aprovado na prova de Qualifica\u00e7\u00e3o T\u00e9cnica Geral. <\/p>\n\n\n\n<hr class=\"wp-block-separator has-css-opacity\"\/>\n\n\n\n<p class=\"has-text-align-center has-medium-font-size\"><em><strong>Assinatura Anual Ilimitada*<\/strong><\/em><\/p>\n\n\n\n<p class=\"has-text-align-center\"><em>Prepare-se com o melhor material e com quem mais aprova em Concursos P\u00fablicos em todo o pa\u00eds. Assine agora a nossa Assinatura Anual e tenha acesso ilimitado* a todos os nossos cursos.<\/em><\/p>\n\n\n\n<p class=\"has-text-align-center has-luminous-vivid-amber-background-color has-background\" style=\"font-size:clamp(14.642px, 0.915rem + ((1vw - 3.2px) * 0.721), 22px);px\"><strong>ASSINE AGORA<\/strong>&nbsp;\u2013&nbsp;<strong><a rel=\"noreferrer noopener\" href=\"https:\/\/www.estrategiaconcursos.com.br\/assinaturas\" target=\"_blank\">Assinatura Ilimitada<\/a><\/strong><\/p>\n\n\n\n<p class=\"has-text-align-center has-medium-font-size\"><strong><em>Fique por dentro de todos os concursos<\/em><\/strong><\/p>\n\n\n\n<p class=\"has-text-align-center has-pale-cyan-blue-background-color has-background\" style=\"font-size:clamp(14.642px, 0.915rem + ((1vw - 3.2px) * 0.721), 22px);px\"><a href=\"https:\/\/www.estrategiaconcursos.com.br\/blog\/concursos-abertos\/\" target=\"_blank\" rel=\"noreferrer noopener\"><strong>CONCURSOS ABERTOS<\/strong><\/a><\/p>\n\n\n\n<figure class=\"wp-block-image\"><img loading=\"lazy\" decoding=\"async\" width=\"300\" height=\"102\" src=\"https:\/\/dhg1h5j42swfq.cloudfront.net\/2017\/03\/28152500\/coruja-ficha-tecnica-300x102.png\" alt=\"\" class=\"wp-image-68542\"\/><\/figure>\n\n\n\n<p>\u25ba<strong>Inscri\u00e7\u00f5es<\/strong>: 19\/02 a 20\/03<br \/>\u25ba<strong>Provas<\/strong>: 25, 26 e 27\/05<br \/>\u25ba<strong>Escolaridade<\/strong>: N\u00edvel superior<br \/>\u25ba<a rel=\"noreferrer noopener\" aria-label=\"Edital Perito Cont\u00e1bil - EQTPC  (abre numa nova aba)\" href=\"https:\/\/dhg1h5j42swfq.cloudfront.net\/2020\/02\/18143953\/EDITAL_CFC_CAE_PERITO_N%C2%BA_1_DE_12_DE_FEVEREIRO_DE_2020_-_EDITAL_CFC_CAE_PERITO_N%C2%BA_1_DE_12_DE_FEVEREIRO_DE_2020_-_DOU_-_Imprensa_Nacional.pdf\" target=\"_blank\">Edital Perito Cont\u00e1bil &#8211; EQTPC<\/a><br \/>\u25ba<a href=\"https:\/\/dhg1h5j42swfq.cloudfront.net\/2020\/02\/18143956\/EDITAL_N%C2%BA_1_DE_12_DE_FEVEREIRO_DE_2020_-_EDITAL_N%C2%BA_1_DE_12_DE_FEVEREIRO_DE_2020_-_DOU_-_Imprensa_Nacional.pdf\" target=\"_blank\" rel=\"noreferrer noopener\" aria-label=\"Edital Auditores Independentes - CNAI (abre numa nova aba)\">Edital Auditores Independentes &#8211; CNAI<\/a><\/p>\n\n\n\n<p><br \/><em>Ascom Estrat\u00e9gia<\/em><br \/>ascomestrategia@gmail.com<\/p>\n","protected":false},"excerpt":{"rendered":"<p>O Conselho Federal de Contabilidade (CFC) tornou p\u00fablica a abertura de inscri\u00e7\u00f5es para a realiza\u00e7\u00e3o da 4\u00aa edi\u00e7\u00e3o do Exame de Qualifica\u00e7\u00e3o T\u00e9cnica para Perito Cont\u00e1bil e a 21\u00aa edi\u00e7\u00e3o do Exame de Qualifica\u00e7\u00e3o T\u00e9cnica para registro no Cadastro Nacional de Auditores Independentes. Exame EQTPC Per\u00edodo de inscri\u00e7\u00f5es: 19 de fevereiro a 20 de mar\u00e7o [&hellip;]<\/p>\n","protected":false},"author":147,"featured_media":444278,"comment_status":"open","ping_status":"closed","sticky":false,"template":"","format":"standard","meta":{"post_tipo":"article","footnotes":""},"categories":[220015],"tags":[],"tax_estado":[],"class_list":["post-482564","post","type-post","status-publish","format-standard","has-post-thumbnail","hentry","category-cfc"],"acf":[],"yoast_head":"<!-- This site is optimized with the Yoast SEO Premium plugin v27.2 (Yoast SEO v27.2) - https:\/\/yoast.com\/product\/yoast-seo-premium-wordpress\/ -->\n<title>CFC publica edital dos Exames EQTPC e CNAI; saiba mais!<\/title>\n<meta name=\"robots\" content=\"index, follow, max-snippet:-1, max-image-preview:large, max-video-preview:-1\" \/>\n<link rel=\"canonical\" href=\"https:\/\/www.estrategiaconcursos.com.br\/blog\/cfc-publica-edital-dos-exames-eqtpc-e-cnai\/\" \/>\n<meta property=\"og:locale\" content=\"pt_BR\" \/>\n<meta property=\"og:type\" content=\"article\" \/>\n<meta property=\"og:title\" content=\"CFC publica edital dos Exames EQTPC e CNAI; saiba mais!\" \/>\n<meta property=\"og:description\" content=\"O Conselho Federal de Contabilidade (CFC) tornou p\u00fablica a abertura de inscri\u00e7\u00f5es para a realiza\u00e7\u00e3o da 4\u00aa edi\u00e7\u00e3o do Exame de Qualifica\u00e7\u00e3o T\u00e9cnica para Perito Cont\u00e1bil e a 21\u00aa edi\u00e7\u00e3o do Exame de Qualifica\u00e7\u00e3o T\u00e9cnica para registro no Cadastro Nacional de Auditores Independentes. Exame EQTPC Per\u00edodo de inscri\u00e7\u00f5es: 19 de fevereiro a 20 de mar\u00e7o [&hellip;]\" \/>\n<meta property=\"og:url\" content=\"https:\/\/www.estrategiaconcursos.com.br\/blog\/cfc-publica-edital-dos-exames-eqtpc-e-cnai\/\" \/>\n<meta property=\"og:site_name\" content=\"Estrat\u00e9gia Concursos\" \/>\n<meta property=\"article:published_time\" content=\"2020-02-17T12:00:00+00:00\" \/>\n<meta property=\"article:modified_time\" content=\"2023-06-13T13:17:27+00:00\" \/>\n<meta property=\"og:image\" content=\"https:\/\/dhg1h5j42swfq.cloudfront.net\/2019\/11\/05113900\/SAIU-EDITAL1.jpg\" \/>\n\t<meta property=\"og:image:width\" content=\"1200\" \/>\n\t<meta property=\"og:image:height\" content=\"628\" \/>\n\t<meta property=\"og:image:type\" content=\"image\/jpeg\" \/>\n<meta name=\"author\" content=\"Gilmar Possati\" \/>\n<meta name=\"twitter:card\" content=\"summary_large_image\" \/>\n<meta name=\"twitter:creator\" content=\"@EstratConcursos\" \/>\n<meta name=\"twitter:site\" content=\"@EstratConcursos\" \/>\n<meta name=\"twitter:label1\" content=\"Escrito por\" \/>\n\t<meta name=\"twitter:data1\" content=\"Gilmar Possati\" \/>\n\t<meta name=\"twitter:label2\" content=\"Est. tempo de leitura\" \/>\n\t<meta name=\"twitter:data2\" content=\"2 minutos\" \/>\n<script type=\"application\/ld+json\" class=\"yoast-schema-graph\">{\"@context\":\"https:\/\/schema.org\",\"@graph\":[{\"@type\":\"NewsArticle\",\"@id\":\"https:\/\/www.estrategiaconcursos.com.br\/blog\/cfc-publica-edital-dos-exames-eqtpc-e-cnai\/#article\",\"isPartOf\":{\"@id\":\"https:\/\/www.estrategiaconcursos.com.br\/blog\/cfc-publica-edital-dos-exames-eqtpc-e-cnai\/\"},\"author\":{\"name\":\"Gilmar Possati\",\"@id\":\"https:\/\/www.estrategiaconcursos.com.br\/blog\/#\/schema\/person\/9660a35d48e0e0be2d64dd4af75e4bc0\"},\"headline\":\"CFC publica edital dos Exames EQTPC e CNAI; saiba mais!\",\"datePublished\":\"2020-02-17T12:00:00+00:00\",\"dateModified\":\"2023-06-13T13:17:27+00:00\",\"mainEntityOfPage\":{\"@id\":\"https:\/\/www.estrategiaconcursos.com.br\/blog\/cfc-publica-edital-dos-exames-eqtpc-e-cnai\/\"},\"wordCount\":440,\"commentCount\":1,\"publisher\":{\"@id\":\"https:\/\/www.estrategiaconcursos.com.br\/blog\/#organization\"},\"image\":{\"@id\":\"https:\/\/www.estrategiaconcursos.com.br\/blog\/cfc-publica-edital-dos-exames-eqtpc-e-cnai\/#primaryimage\"},\"thumbnailUrl\":\"https:\/\/dhg1h5j42swfq.cloudfront.net\/2019\/11\/05113900\/SAIU-EDITAL1.jpg\",\"articleSection\":[\"CFC\"],\"inLanguage\":\"pt-BR\",\"potentialAction\":[{\"@type\":\"CommentAction\",\"name\":\"Comment\",\"target\":[\"https:\/\/www.estrategiaconcursos.com.br\/blog\/cfc-publica-edital-dos-exames-eqtpc-e-cnai\/#respond\"]}],\"copyrightYear\":\"2020\",\"copyrightHolder\":{\"@id\":\"https:\/\/www.estrategiaconcursos.com.br\/blog\/#organization\"}},{\"@type\":\"WebPage\",\"@id\":\"https:\/\/www.estrategiaconcursos.com.br\/blog\/cfc-publica-edital-dos-exames-eqtpc-e-cnai\/\",\"url\":\"https:\/\/www.estrategiaconcursos.com.br\/blog\/cfc-publica-edital-dos-exames-eqtpc-e-cnai\/\",\"name\":\"CFC publica edital dos Exames EQTPC e CNAI; saiba mais!\",\"isPartOf\":{\"@id\":\"https:\/\/www.estrategiaconcursos.com.br\/blog\/#website\"},\"primaryImageOfPage\":{\"@id\":\"https:\/\/www.estrategiaconcursos.com.br\/blog\/cfc-publica-edital-dos-exames-eqtpc-e-cnai\/#primaryimage\"},\"image\":{\"@id\":\"https:\/\/www.estrategiaconcursos.com.br\/blog\/cfc-publica-edital-dos-exames-eqtpc-e-cnai\/#primaryimage\"},\"thumbnailUrl\":\"https:\/\/dhg1h5j42swfq.cloudfront.net\/2019\/11\/05113900\/SAIU-EDITAL1.jpg\",\"datePublished\":\"2020-02-17T12:00:00+00:00\",\"dateModified\":\"2023-06-13T13:17:27+00:00\",\"breadcrumb\":{\"@id\":\"https:\/\/www.estrategiaconcursos.com.br\/blog\/cfc-publica-edital-dos-exames-eqtpc-e-cnai\/#breadcrumb\"},\"inLanguage\":\"pt-BR\",\"potentialAction\":[{\"@type\":\"ReadAction\",\"target\":[\"https:\/\/www.estrategiaconcursos.com.br\/blog\/cfc-publica-edital-dos-exames-eqtpc-e-cnai\/\"]}]},{\"@type\":\"ImageObject\",\"inLanguage\":\"pt-BR\",\"@id\":\"https:\/\/www.estrategiaconcursos.com.br\/blog\/cfc-publica-edital-dos-exames-eqtpc-e-cnai\/#primaryimage\",\"url\":\"https:\/\/dhg1h5j42swfq.cloudfront.net\/2019\/11\/05113900\/SAIU-EDITAL1.jpg\",\"contentUrl\":\"https:\/\/dhg1h5j42swfq.cloudfront.net\/2019\/11\/05113900\/SAIU-EDITAL1.jpg\",\"width\":1200,\"height\":628,\"caption\":\"Concurso PGM Barra do Bugres\"},{\"@type\":\"BreadcrumbList\",\"@id\":\"https:\/\/www.estrategiaconcursos.com.br\/blog\/cfc-publica-edital-dos-exames-eqtpc-e-cnai\/#breadcrumb\",\"itemListElement\":[{\"@type\":\"ListItem\",\"position\":1,\"name\":\"In\u00edcio\",\"item\":\"https:\/\/www.estrategiaconcursos.com.br\/blog\/\"},{\"@type\":\"ListItem\",\"position\":2,\"name\":\"CFC publica edital dos Exames EQTPC e CNAI; saiba mais!\"}]},{\"@type\":\"WebSite\",\"@id\":\"https:\/\/www.estrategiaconcursos.com.br\/blog\/#website\",\"url\":\"https:\/\/www.estrategiaconcursos.com.br\/blog\/\",\"name\":\"Estrat\u00e9gia Concursos\",\"description\":\"O blog da Estrat\u00e9gia Concursos traz not\u00edcias sobre concursos e artigos de professores oferecendo cursos para concursos (pdf + videaulas) no site.\",\"publisher\":{\"@id\":\"https:\/\/www.estrategiaconcursos.com.br\/blog\/#organization\"},\"potentialAction\":[{\"@type\":\"SearchAction\",\"target\":{\"@type\":\"EntryPoint\",\"urlTemplate\":\"https:\/\/www.estrategiaconcursos.com.br\/blog\/?s={search_term_string}\"},\"query-input\":{\"@type\":\"PropertyValueSpecification\",\"valueRequired\":true,\"valueName\":\"search_term_string\"}}],\"inLanguage\":\"pt-BR\"},{\"@type\":\"Organization\",\"@id\":\"https:\/\/www.estrategiaconcursos.com.br\/blog\/#organization\",\"name\":\"Estrat\u00e9gia Concursos\",\"url\":\"https:\/\/www.estrategiaconcursos.com.br\/blog\/\",\"logo\":{\"@type\":\"ImageObject\",\"inLanguage\":\"pt-BR\",\"@id\":\"https:\/\/www.estrategiaconcursos.com.br\/blog\/#\/schema\/logo\/image\/\",\"url\":\"https:\/\/dhg1h5j42swfq.cloudfront.net\/2025\/06\/03203428\/logo_concursos-1.jpg\",\"contentUrl\":\"https:\/\/dhg1h5j42swfq.cloudfront.net\/2025\/06\/03203428\/logo_concursos-1.jpg\",\"width\":230,\"height\":60,\"caption\":\"Estrat\u00e9gia Concursos\"},\"image\":{\"@id\":\"https:\/\/www.estrategiaconcursos.com.br\/blog\/#\/schema\/logo\/image\/\"},\"sameAs\":[\"https:\/\/x.com\/EstratConcursos\"]},{\"@type\":\"Person\",\"@id\":\"https:\/\/www.estrategiaconcursos.com.br\/blog\/#\/schema\/person\/9660a35d48e0e0be2d64dd4af75e4bc0\",\"name\":\"Gilmar Possati\",\"image\":{\"@type\":\"ImageObject\",\"inLanguage\":\"pt-BR\",\"@id\":\"https:\/\/secure.gravatar.com\/avatar\/e9ab3ac77ba7f458bfef2113ea7deb36e4cbb955307f2f888d0dac0cafa0e752?s=96&d=mm&r=g\",\"url\":\"https:\/\/secure.gravatar.com\/avatar\/e9ab3ac77ba7f458bfef2113ea7deb36e4cbb955307f2f888d0dac0cafa0e752?s=96&d=mm&r=g\",\"contentUrl\":\"https:\/\/secure.gravatar.com\/avatar\/e9ab3ac77ba7f458bfef2113ea7deb36e4cbb955307f2f888d0dac0cafa0e752?s=96&d=mm&r=g\",\"caption\":\"Gilmar Possati\"},\"url\":\"https:\/\/www.estrategiaconcursos.com.br\/blog\/author\/gilmarpossatiestrategiaconcursos-com-br\/\"}]}<\/script>\n<!-- \/ Yoast SEO Premium plugin. -->","yoast_head_json":{"title":"CFC publica edital dos Exames EQTPC e CNAI; saiba mais!","robots":{"index":"index","follow":"follow","max-snippet":"max-snippet:-1","max-image-preview":"max-image-preview:large","max-video-preview":"max-video-preview:-1"},"canonical":"https:\/\/www.estrategiaconcursos.com.br\/blog\/cfc-publica-edital-dos-exames-eqtpc-e-cnai\/","og_locale":"pt_BR","og_type":"article","og_title":"CFC publica edital dos Exames EQTPC e CNAI; saiba mais!","og_description":"O Conselho Federal de Contabilidade (CFC) tornou p\u00fablica a abertura de inscri\u00e7\u00f5es para a realiza\u00e7\u00e3o da 4\u00aa edi\u00e7\u00e3o do Exame de Qualifica\u00e7\u00e3o T\u00e9cnica para Perito Cont\u00e1bil e a 21\u00aa edi\u00e7\u00e3o do Exame de Qualifica\u00e7\u00e3o T\u00e9cnica para registro no Cadastro Nacional de Auditores Independentes. Exame EQTPC Per\u00edodo de inscri\u00e7\u00f5es: 19 de fevereiro a 20 de mar\u00e7o [&hellip;]","og_url":"https:\/\/www.estrategiaconcursos.com.br\/blog\/cfc-publica-edital-dos-exames-eqtpc-e-cnai\/","og_site_name":"Estrat\u00e9gia Concursos","article_published_time":"2020-02-17T12:00:00+00:00","article_modified_time":"2023-06-13T13:17:27+00:00","og_image":[{"width":1200,"height":628,"url":"https:\/\/dhg1h5j42swfq.cloudfront.net\/2019\/11\/05113900\/SAIU-EDITAL1.jpg","type":"image\/jpeg"}],"author":"Gilmar Possati","twitter_card":"summary_large_image","twitter_creator":"@EstratConcursos","twitter_site":"@EstratConcursos","twitter_misc":{"Escrito por":"Gilmar Possati","Est. tempo de leitura":"2 minutos"},"schema":{"@context":"https:\/\/schema.org","@graph":[{"@type":"NewsArticle","@id":"https:\/\/www.estrategiaconcursos.com.br\/blog\/cfc-publica-edital-dos-exames-eqtpc-e-cnai\/#article","isPartOf":{"@id":"https:\/\/www.estrategiaconcursos.com.br\/blog\/cfc-publica-edital-dos-exames-eqtpc-e-cnai\/"},"author":{"name":"Gilmar Possati","@id":"https:\/\/www.estrategiaconcursos.com.br\/blog\/#\/schema\/person\/9660a35d48e0e0be2d64dd4af75e4bc0"},"headline":"CFC publica edital dos Exames EQTPC e CNAI; saiba mais!","datePublished":"2020-02-17T12:00:00+00:00","dateModified":"2023-06-13T13:17:27+00:00","mainEntityOfPage":{"@id":"https:\/\/www.estrategiaconcursos.com.br\/blog\/cfc-publica-edital-dos-exames-eqtpc-e-cnai\/"},"wordCount":440,"commentCount":1,"publisher":{"@id":"https:\/\/www.estrategiaconcursos.com.br\/blog\/#organization"},"image":{"@id":"https:\/\/www.estrategiaconcursos.com.br\/blog\/cfc-publica-edital-dos-exames-eqtpc-e-cnai\/#primaryimage"},"thumbnailUrl":"https:\/\/dhg1h5j42swfq.cloudfront.net\/2019\/11\/05113900\/SAIU-EDITAL1.jpg","articleSection":["CFC"],"inLanguage":"pt-BR","potentialAction":[{"@type":"CommentAction","name":"Comment","target":["https:\/\/www.estrategiaconcursos.com.br\/blog\/cfc-publica-edital-dos-exames-eqtpc-e-cnai\/#respond"]}],"copyrightYear":"2020","copyrightHolder":{"@id":"https:\/\/www.estrategiaconcursos.com.br\/blog\/#organization"}},{"@type":"WebPage","@id":"https:\/\/www.estrategiaconcursos.com.br\/blog\/cfc-publica-edital-dos-exames-eqtpc-e-cnai\/","url":"https:\/\/www.estrategiaconcursos.com.br\/blog\/cfc-publica-edital-dos-exames-eqtpc-e-cnai\/","name":"CFC publica edital dos Exames EQTPC e CNAI; saiba mais!","isPartOf":{"@id":"https:\/\/www.estrategiaconcursos.com.br\/blog\/#website"},"primaryImageOfPage":{"@id":"https:\/\/www.estrategiaconcursos.com.br\/blog\/cfc-publica-edital-dos-exames-eqtpc-e-cnai\/#primaryimage"},"image":{"@id":"https:\/\/www.estrategiaconcursos.com.br\/blog\/cfc-publica-edital-dos-exames-eqtpc-e-cnai\/#primaryimage"},"thumbnailUrl":"https:\/\/dhg1h5j42swfq.cloudfront.net\/2019\/11\/05113900\/SAIU-EDITAL1.jpg","datePublished":"2020-02-17T12:00:00+00:00","dateModified":"2023-06-13T13:17:27+00:00","breadcrumb":{"@id":"https:\/\/www.estrategiaconcursos.com.br\/blog\/cfc-publica-edital-dos-exames-eqtpc-e-cnai\/#breadcrumb"},"inLanguage":"pt-BR","potentialAction":[{"@type":"ReadAction","target":["https:\/\/www.estrategiaconcursos.com.br\/blog\/cfc-publica-edital-dos-exames-eqtpc-e-cnai\/"]}]},{"@type":"ImageObject","inLanguage":"pt-BR","@id":"https:\/\/www.estrategiaconcursos.com.br\/blog\/cfc-publica-edital-dos-exames-eqtpc-e-cnai\/#primaryimage","url":"https:\/\/dhg1h5j42swfq.cloudfront.net\/2019\/11\/05113900\/SAIU-EDITAL1.jpg","contentUrl":"https:\/\/dhg1h5j42swfq.cloudfront.net\/2019\/11\/05113900\/SAIU-EDITAL1.jpg","width":1200,"height":628,"caption":"Concurso PGM Barra do Bugres"},{"@type":"BreadcrumbList","@id":"https:\/\/www.estrategiaconcursos.com.br\/blog\/cfc-publica-edital-dos-exames-eqtpc-e-cnai\/#breadcrumb","itemListElement":[{"@type":"ListItem","position":1,"name":"In\u00edcio","item":"https:\/\/www.estrategiaconcursos.com.br\/blog\/"},{"@type":"ListItem","position":2,"name":"CFC publica edital dos Exames EQTPC e CNAI; saiba mais!"}]},{"@type":"WebSite","@id":"https:\/\/www.estrategiaconcursos.com.br\/blog\/#website","url":"https:\/\/www.estrategiaconcursos.com.br\/blog\/","name":"Estrat\u00e9gia Concursos","description":"O blog da Estrat\u00e9gia Concursos traz not\u00edcias sobre concursos e artigos de professores oferecendo cursos para concursos (pdf + videaulas) no site.","publisher":{"@id":"https:\/\/www.estrategiaconcursos.com.br\/blog\/#organization"},"potentialAction":[{"@type":"SearchAction","target":{"@type":"EntryPoint","urlTemplate":"https:\/\/www.estrategiaconcursos.com.br\/blog\/?s={search_term_string}"},"query-input":{"@type":"PropertyValueSpecification","valueRequired":true,"valueName":"search_term_string"}}],"inLanguage":"pt-BR"},{"@type":"Organization","@id":"https:\/\/www.estrategiaconcursos.com.br\/blog\/#organization","name":"Estrat\u00e9gia Concursos","url":"https:\/\/www.estrategiaconcursos.com.br\/blog\/","logo":{"@type":"ImageObject","inLanguage":"pt-BR","@id":"https:\/\/www.estrategiaconcursos.com.br\/blog\/#\/schema\/logo\/image\/","url":"https:\/\/dhg1h5j42swfq.cloudfront.net\/2025\/06\/03203428\/logo_concursos-1.jpg","contentUrl":"https:\/\/dhg1h5j42swfq.cloudfront.net\/2025\/06\/03203428\/logo_concursos-1.jpg","width":230,"height":60,"caption":"Estrat\u00e9gia Concursos"},"image":{"@id":"https:\/\/www.estrategiaconcursos.com.br\/blog\/#\/schema\/logo\/image\/"},"sameAs":["https:\/\/x.com\/EstratConcursos"]},{"@type":"Person","@id":"https:\/\/www.estrategiaconcursos.com.br\/blog\/#\/schema\/person\/9660a35d48e0e0be2d64dd4af75e4bc0","name":"Gilmar Possati","image":{"@type":"ImageObject","inLanguage":"pt-BR","@id":"https:\/\/secure.gravatar.com\/avatar\/e9ab3ac77ba7f458bfef2113ea7deb36e4cbb955307f2f888d0dac0cafa0e752?s=96&d=mm&r=g","url":"https:\/\/secure.gravatar.com\/avatar\/e9ab3ac77ba7f458bfef2113ea7deb36e4cbb955307f2f888d0dac0cafa0e752?s=96&d=mm&r=g","contentUrl":"https:\/\/secure.gravatar.com\/avatar\/e9ab3ac77ba7f458bfef2113ea7deb36e4cbb955307f2f888d0dac0cafa0e752?s=96&d=mm&r=g","caption":"Gilmar Possati"},"url":"https:\/\/www.estrategiaconcursos.com.br\/blog\/author\/gilmarpossatiestrategiaconcursos-com-br\/"}]}},"_links":{"self":[{"href":"https:\/\/www.estrategiaconcursos.com.br\/blog\/wp-json\/wp\/v2\/posts\/482564","targetHints":{"allow":["GET"]}}],"collection":[{"href":"https:\/\/www.estrategiaconcursos.com.br\/blog\/wp-json\/wp\/v2\/posts"}],"about":[{"href":"https:\/\/www.estrategiaconcursos.com.br\/blog\/wp-json\/wp\/v2\/types\/post"}],"author":[{"embeddable":true,"href":"https:\/\/www.estrategiaconcursos.com.br\/blog\/wp-json\/wp\/v2\/users\/147"}],"replies":[{"embeddable":true,"href":"https:\/\/www.estrategiaconcursos.com.br\/blog\/wp-json\/wp\/v2\/comments?post=482564"}],"version-history":[{"count":10,"href":"https:\/\/www.estrategiaconcursos.com.br\/blog\/wp-json\/wp\/v2\/posts\/482564\/revisions"}],"predecessor-version":[{"id":1231279,"href":"https:\/\/www.estrategiaconcursos.com.br\/blog\/wp-json\/wp\/v2\/posts\/482564\/revisions\/1231279"}],"wp:featuredmedia":[{"embeddable":true,"href":"https:\/\/www.estrategiaconcursos.com.br\/blog\/wp-json\/wp\/v2\/media\/444278"}],"wp:attachment":[{"href":"https:\/\/www.estrategiaconcursos.com.br\/blog\/wp-json\/wp\/v2\/media?parent=482564"}],"wp:term":[{"taxonomy":"category","embeddable":true,"href":"https:\/\/www.estrategiaconcursos.com.br\/blog\/wp-json\/wp\/v2\/categories?post=482564"},{"taxonomy":"post_tag","embeddable":true,"href":"https:\/\/www.estrategiaconcursos.com.br\/blog\/wp-json\/wp\/v2\/tags?post=482564"},{"taxonomy":"tax_estado","embeddable":true,"href":"https:\/\/www.estrategiaconcursos.com.br\/blog\/wp-json\/wp\/v2\/tax_estado?post=482564"}],"curies":[{"name":"wp","href":"https:\/\/api.w.org\/{rel}","templated":true}]}}