{"id":482561,"date":"2025-08-27T11:19:00","date_gmt":"2025-08-27T14:19:00","guid":{"rendered":"https:\/\/www.estrategiaconcursos.com.br\/blog\/?p=482561"},"modified":"2025-10-02T15:03:35","modified_gmt":"2025-10-02T18:03:35","slug":"concurso-mp-mg","status":"publish","type":"post","link":"https:\/\/www.estrategiaconcursos.com.br\/blog\/concurso-mp-mg\/","title":{"rendered":"Concurso MP MG: 407 cargos vagos, confira!"},"content":{"rendered":"\n<p>Atualmente, o <a href=\"https:\/\/www.estrategiaconcursos.com.br\/cursosPorConcurso\/ministerio-publico-de-minas-gerais-mp-mg-servidores\/\" target=\"_blank\" rel=\"noreferrer noopener\"><strong>Minist\u00e9rio P\u00fablico de Minas Gerais<\/strong><\/a> (MP MG) est\u00e1 com <strong>407 cargos vagos <\/strong>para servidores e tem uma especula\u00e7\u00e3o de novo edital em 2025. <\/p>\n\n\n\n<p>Ademais, o resultado final do \u00faltimo concurso MP MG foi homologado em 2023. O certame ofertou <strong>101 vagas<\/strong> imediatas e oportunidades de cadastro reserva para cargos de n\u00edveis m\u00e9dio e superior de forma\u00e7\u00e3o. Confira abaixo o resultado:<\/p>\n\n\n\n<ul class=\"wp-block-list\">\n<li><a href=\"https:\/\/dhg1h5j42swfq.cloudfront.net\/2023\/05\/06101942\/resultado-final-mp-mg-2.pdf\" target=\"_blank\" rel=\"noreferrer noopener\">Resultado final<\/a>.<\/li>\n<\/ul>\n\n\n\n<p>Confira todos os detalhes da sele\u00e7\u00e3o navegando pelo artigo abaixo!<\/p>\n\n\n\n<ul class=\"wp-block-list has-very-light-gray-to-cyan-bluish-gray-gradient-background has-background\">\n<li><strong>Concurso MP MG<\/strong><\/li>\n\n\n\n<li><strong>Status:<\/strong> resultado homologado<\/li>\n\n\n\n<li><strong>Banca:&nbsp;<\/strong><a href=\"https:\/\/www.mpmg.mp.br\/portal\/menu\/servicos\/concursos\/servidores\/concurso-servidores-2022.shtml\" target=\"_blank\" rel=\"noreferrer noopener\">Consulplan<\/a><\/li>\n\n\n\n<li><strong>Vagas:&nbsp;<\/strong>101<\/li>\n\n\n\n<li><strong>Sal\u00e1rio inicial:<\/strong>&nbsp;R$ 4.075,84 a R$ 6.279,14<\/li>\n\n\n\n<li><strong>\u00daltimo edital:<\/strong> <a href=\"https:\/\/dhg1h5j42swfq.cloudfront.net\/2022\/10\/19010804\/edital-mp-mg-servidores.pdf\" target=\"_blank\" rel=\"noreferrer noopener nofollow\">MP MG 2022<\/a><\/li>\n<\/ul>\n\n\n\n<div class=\"container\" id=\"boxes\">\n  <div class=\"row\">\n\n    <div class=\"col-sm\">\n      <div class=\"banner-tribunal\" id=\"box-assinatura\">\n        <h3 class=\"titulo-assinatura\">Curso MP MG<\/h3>\n        <p class=\"subtitulo-assinatura\">Conhe\u00e7a os cursos<\/p>\n        <div class=\"box-botao\">\n          <a class=\"btn-assinatura\" target=\"_blank\" href=\"https:\/\/www.estrategiaconcursos.com.br\/cursosPorConcurso\/ministerio-publico-de-minas-gerais-mp-mg-servidores\/\" role=\"button\" rel=\"noopener noreferrer\">Conhe\u00e7a mais<\/a>\n        <\/div>\n      <\/div>\n      <p class=\"texto-auxiliar\">Prepare-se com o melhor material e com quem mais aprova em Concursos P\u00fablicos em todo o pa\u00eds.<\/p>\n    <\/div>\n\n  <\/div>\n<\/div>\n\n\n\n<ul class=\"wp-block-list\">\n<li><a href=\"#situacao\"><strong>Situa\u00e7\u00e3o atual<\/strong><\/a>\n<ul class=\"wp-block-list\">\n<li><a href=\"#h-cargos-vagos-2025\"><strong>Cargos vagos<\/strong><\/a><\/li>\n\n\n\n<li><a href=\"#resultado\"><strong>Resultado final<\/strong><\/a><\/li>\n\n\n\n<li><strong><a href=\"#prorro\">Inscrito<\/a><\/strong><a href=\"#prorro\"><strong>s<\/strong><\/a><\/li>\n\n\n\n<li><strong><a href=\"#edital-retificado\">Edital retificado<\/a>  <\/strong><\/li>\n<\/ul>\n<\/li>\n\n\n\n<li><a href=\"#cargos-e-vagas\"><strong>Cargos e vagas<\/strong><\/a><\/li>\n\n\n\n<li><a aria-label=\"Cargos vagos e ocupados no MPMG\u2028 (abre numa nova aba)\" href=\"#cargos-vagos-mpmg\" target=\"_blank\" rel=\"noreferrer noopener\"><strong>Cargos vagos e ocupados no MP MG<\/strong><\/a><\/li>\n\n\n\n<li><a href=\"#carreira\"><strong>Carreira <\/strong><\/a>\n<ul class=\"wp-block-list\">\n<li><strong><a href=\"#remunera\u00e7\u00e3o-mpmg\">Sal\u00e1rio e Benef\u00edcios <\/a><\/strong><\/li>\n\n\n\n<li><a href=\"#requisitos-mpmg\"><strong>Requisitos e atribui\u00e7\u00f5es<\/strong><\/a><\/li>\n<\/ul>\n<\/li>\n\n\n\n<li><a href=\"#provas\"><strong>Provas<\/strong><\/a><\/li>\n\n\n\n<li><a href=\"#ultimo-mpmg\"><strong>\u00daltimo concurso MP MG<\/strong><\/a>\n<ul class=\"wp-block-list\">\n<li><a href=\"#prova-mpmg\"><strong>Etapas do \u00faltimo concurso MP MG<\/strong><\/a><\/li>\n\n\n\n<li><strong><a href=\"#objetiva\">Prova objetiva<\/a> <\/strong><\/li>\n\n\n\n<li><a href=\"#redacao\"><strong>Prova de Reda\u00e7\u00e3o<\/strong><\/a> <\/li>\n\n\n\n<li><a href=\"#nomeados-mpmg\"><strong>Nomeados do \u00faltimo concurso MPMG<\/strong><\/a><\/li>\n<\/ul>\n<\/li>\n\n\n\n<li><strong><a href=\"#cursos-concurso-mpmg\">Cursos para o MPMG<\/a><\/strong><\/li>\n\n\n\n<li><strong><a href=\"#concurso-mpmg-ficha\">Ficha t\u00e9cnica do concurso<\/a><\/strong><\/li>\n<\/ul>\n\n\n\n<h2 class=\"wp-block-heading\" id=\"situacao\">Concurso MP MG: situa\u00e7\u00e3o atual<\/h2>\n\n\n\n<h3 class=\"wp-block-heading\" id=\"h-cargos-vagos-em-2025\">Cargos vagos em 2025<\/h3>\n\n\n\n<p>Confira abaixo a lista de cargos vagos no MP MG de acordo com o portal da transpar\u00eancia:<\/p>\n\n\n\n<figure class=\"wp-block-table is-style-stripes\"><table class=\"has-very-light-gray-to-cyan-bluish-gray-gradient-background has-background has-fixed-layout\"><thead><tr><th><strong>Cargos<\/strong><\/th><th class=\"has-text-align-center\" data-align=\"center\"><strong>Vagos<\/strong><\/th><\/tr><\/thead><tbody><tr><td>OFICIAL DO MINIST. PUBLICO &#8211; QP<\/td><td class=\"has-text-align-center\" data-align=\"center\">138<\/td><\/tr><tr><td>ANALISTA DO MINIST. PUBLICO &#8211; QP<\/td><td class=\"has-text-align-center\" data-align=\"center\">269<\/td><\/tr><\/tbody><\/table><figcaption class=\"wp-element-caption\">Cargos vagos no MP MG<\/figcaption><\/figure>\n\n\n\n<h3 class=\"wp-block-heading\" id=\"resultado\">Resultado final<\/h3>\n\n\n\n<p>O resultado final da sele\u00e7\u00e3o e a lista de aprovados por regi\u00e3o foi disponibilizado no dia 06 de maio de 2023, atrav\u00e9s do Di\u00e1rio Eletr\u00f4nico do Minist\u00e9rio. Confira:<\/p>\n\n\n\n<ul class=\"wp-block-list\">\n<li><a href=\"https:\/\/dhg1h5j42swfq.cloudfront.net\/2023\/05\/06101942\/resultado-final-mp-mg-2.pdf\" target=\"_blank\" rel=\"noreferrer noopener\">Resultado final<\/a>.<\/li>\n<\/ul>\n\n\n\n<h3 class=\"wp-block-heading\" id=\"prorro\">Inscritos<\/h3>\n\n\n\n<p>Segundo a cunsulplan, foram&nbsp;<strong>66.832 inscritos no edital<\/strong>. O maior \u00edndice de candidaturas pertence \u00e0 comarca de Belo Horizonte, que contabilizou&nbsp;19.479 inscri\u00e7\u00f5es. <\/p>\n\n\n\n<p>Para analista foram&nbsp;11.775 inscritos, enquanto que os demais s\u00e3o para as demais comarcas de oficial, espalhadas por diversas regi\u00f5es mineiras.<\/p>\n\n\n\n<h2 class=\"wp-block-heading\" id=\"situacao-atual\">Concurso MP MG: cargos e vagas <\/h2>\n\n\n\n<p>O concurso MP MG ofertou, ao todo, 101 vagas e oportunidades de cadastro reserva para os seguintes cargos:<\/p>\n\n\n\n<h3 class=\"wp-block-heading\" id=\"nivel-medio-tecnico\">N\u00edvel m\u00e9dio<\/h3>\n\n\n\n<figure class=\"wp-block-table is-style-stripes\"><table class=\"has-very-light-gray-to-cyan-bluish-gray-gradient-background has-background has-fixed-layout\"><thead><tr><th class=\"has-text-align-center\" data-align=\"center\">CARGOS<\/th><th class=\"has-text-align-center\" data-align=\"center\">VAGAS<\/th><th class=\"has-text-align-center\" data-align=\"center\">SAL\u00c1RIO<\/th><\/tr><\/thead><tbody><tr><td class=\"has-text-align-center\" data-align=\"center\"><a href=\"https:\/\/www.estrategiaconcursos.com.br\/curso\/mp-mg-oficial-do-ministerio-publico-pacote-2022-pos-edital\/\" target=\"_blank\" rel=\"noreferrer noopener\">Oficial &#8211; Servi\u00e7os Diversos<\/a><\/td><td class=\"has-text-align-center\" data-align=\"center\">72 + CR<\/td><td class=\"has-text-align-center\" data-align=\"center\">R$ 4.075,84<\/td><\/tr><\/tbody><\/table><figcaption class=\"wp-element-caption\">Cargos de n\u00edvel m\u00e9dio concurso MP MG<\/figcaption><\/figure>\n\n\n\n<h3 class=\"wp-block-heading\" id=\"nivel-superior\">N\u00edvel superior<\/h3>\n\n\n\n<figure class=\"wp-block-table is-style-stripes\"><table class=\"has-very-light-gray-to-cyan-bluish-gray-gradient-background has-background has-fixed-layout\"><thead><tr><th class=\"has-text-align-center\" data-align=\"center\">CARGOS<\/th><th class=\"has-text-align-center\" data-align=\"center\">VAGAS<\/th><th class=\"has-text-align-center\" data-align=\"center\">SAL\u00c1RIO<\/th><\/tr><\/thead><tbody><tr><td class=\"has-text-align-center\" data-align=\"center\"><a href=\"https:\/\/www.estrategiaconcursos.com.br\/curso\/mp-mg-analista-do-ministerio-publico-area-administracao-publica-pacote-consulplan-2022-pre-edital\/\" target=\"_blank\" rel=\"noreferrer noopener\">Analista &#8211; Administra\u00e7\u00e3o P\u00fablica<\/a><\/td><td class=\"has-text-align-center\" data-align=\"center\">01 + CR<\/td><td class=\"has-text-align-center\" data-align=\"center\">R$ 6.279,14<\/td><\/tr><tr><td class=\"has-text-align-center\" data-align=\"center\">Analista &#8211; Arquitetura<\/td><td class=\"has-text-align-center\" data-align=\"center\">02 + CR<\/td><td class=\"has-text-align-center\" data-align=\"center\">R$ 6.279,14<\/td><\/tr><tr><td class=\"has-text-align-center\" data-align=\"center\">Analista &#8211; Biblioteconomia<\/td><td class=\"has-text-align-center\" data-align=\"center\">CR<\/td><td class=\"has-text-align-center\" data-align=\"center\">R$ 6.279,14<\/td><\/tr><tr><td class=\"has-text-align-center\" data-align=\"center\">Analista &#8211; Ci\u00eancias Cont\u00e1beis<\/td><td class=\"has-text-align-center\" data-align=\"center\">04 + CR<\/td><td class=\"has-text-align-center\" data-align=\"center\">R$ 6.279,14<\/td><\/tr><tr><td class=\"has-text-align-center\" data-align=\"center\">Analista &#8211; Design Gr\u00e1fico<\/td><td class=\"has-text-align-center\" data-align=\"center\">CR<\/td><td class=\"has-text-align-center\" data-align=\"center\">R$ 6.279,14<\/td><\/tr><tr><td class=\"has-text-align-center\" data-align=\"center\">Analista &#8211; Engenharia Civil, Seguran\u00e7a do Trabalho, El\u00e9trica e Mec\u00e2nica<\/td><td class=\"has-text-align-center\" data-align=\"center\">04 + CR<\/td><td class=\"has-text-align-center\" data-align=\"center\">R$ 6.279,14<\/td><\/tr><tr><td class=\"has-text-align-center\" data-align=\"center\">Analista &#8211; Estat\u00edstica<\/td><td class=\"has-text-align-center\" data-align=\"center\">01 + CR<\/td><td class=\"has-text-align-center\" data-align=\"center\">R$ 6.279,14<\/td><\/tr><tr><td class=\"has-text-align-center\" data-align=\"center\">Analista &#8211; Fisioterapia<\/td><td class=\"has-text-align-center\" data-align=\"center\">CR<\/td><td class=\"has-text-align-center\" data-align=\"center\">R$ 6.279,14<\/td><\/tr><tr><td class=\"has-text-align-center\" data-align=\"center\">Analista &#8211; Hist\u00f3ria<\/td><td class=\"has-text-align-center\" data-align=\"center\">CR<\/td><td class=\"has-text-align-center\" data-align=\"center\">R$ 6.279,14<\/td><\/tr><tr><td class=\"has-text-align-center\" data-align=\"center\">Analista &#8211; Jornalismo<\/td><td class=\"has-text-align-center\" data-align=\"center\">CR<\/td><td class=\"has-text-align-center\" data-align=\"center\">R$ 6.279,14<\/td><\/tr><tr><td class=\"has-text-align-center\" data-align=\"center\">Analista &#8211; Letras<\/td><td class=\"has-text-align-center\" data-align=\"center\">01 + CR<\/td><td class=\"has-text-align-center\" data-align=\"center\">R$ 6.279,14<\/td><\/tr><tr><td class=\"has-text-align-center\" data-align=\"center\">Analista &#8211; Medicina Cardiologia, do Trabalho e Cl\u00ednica M\u00e9dica<\/td><td class=\"has-text-align-center\" data-align=\"center\">01 + CR<\/td><td class=\"has-text-align-center\" data-align=\"center\">R$ 6.279,14<\/td><\/tr><tr><td class=\"has-text-align-center\" data-align=\"center\">Analista &#8211; Pedagogia<\/td><td class=\"has-text-align-center\" data-align=\"center\">CR<\/td><td class=\"has-text-align-center\" data-align=\"center\">R$ 6.279,14<\/td><\/tr><tr><td class=\"has-text-align-center\" data-align=\"center\">Analista &#8211; Psicologia<\/td><td class=\"has-text-align-center\" data-align=\"center\">01 + CR<\/td><td class=\"has-text-align-center\" data-align=\"center\">R$ 6.279,14<\/td><\/tr><tr><td class=\"has-text-align-center\" data-align=\"center\">Analista &#8211; Rela\u00e7\u00f5es P\u00fablicas<\/td><td class=\"has-text-align-center\" data-align=\"center\">CR<\/td><td class=\"has-text-align-center\" data-align=\"center\">R$ 6.279,14<\/td><\/tr><tr><td class=\"has-text-align-center\" data-align=\"center\">Analista &#8211; Servi\u00e7o Social<\/td><td class=\"has-text-align-center\" data-align=\"center\">01 + CR<\/td><td class=\"has-text-align-center\" data-align=\"center\">R$ 6.279,14<\/td><\/tr><tr><td class=\"has-text-align-center\" data-align=\"center\">Analista &#8211; TI (Neg\u00f3cios, Projetos, Infraestrutura, Seguran\u00e7a e Suporte)<\/td><td class=\"has-text-align-center\" data-align=\"center\">12 + CR<\/td><td class=\"has-text-align-center\" data-align=\"center\">R$ 6.279,14<\/td><\/tr><\/tbody><\/table><figcaption class=\"wp-element-caption\">Cargos de n\u00edvel superior concurso MP MG<\/figcaption><\/figure>\n\n\n\n<h2 class=\"wp-block-heading\" id=\"cargos-vagos-mpmg\">Concurso MP MG: cargos vagos e ocupados <\/h2>\n\n\n\n<figure class=\"wp-block-table is-style-stripes\"><table class=\"has-very-light-gray-to-cyan-bluish-gray-gradient-background has-background\"><tbody><tr><td class=\"has-text-align-center\" data-align=\"center\"><strong>Cargo<\/strong><\/td><td class=\"has-text-align-center\" data-align=\"center\"><strong>Existentes<\/strong><\/td><td class=\"has-text-align-center\" data-align=\"center\"><strong>Ocupados<\/strong><\/td><td class=\"has-text-align-center\" data-align=\"center\"><strong>Vagos<\/strong><\/td><\/tr><tr><td class=\"has-text-align-center\" data-align=\"center\"> OFICIAL DO MINIST. PUBLICO &#8211; QP <\/td><td class=\"has-text-align-center\" data-align=\"center\"> 1450 <\/td><td class=\"has-text-align-center\" data-align=\"center\"> 1241 <\/td><td class=\"has-text-align-center\" data-align=\"center\"> 211<\/td><\/tr><tr><td class=\"has-text-align-center\" data-align=\"center\"> OFICIAL DO MINIST. PUBLICO &#8211; QE <\/td><td class=\"has-text-align-center\" data-align=\"center\">15<\/td><td class=\"has-text-align-center\" data-align=\"center\"> 15<\/td><td class=\"has-text-align-center\" data-align=\"center\">0<\/td><\/tr><tr><td class=\"has-text-align-center\" data-align=\"center\">ANALISTA DO MINIST. PUBLICO &#8211; QP<\/td><td class=\"has-text-align-center\" data-align=\"center\">1328<\/td><td class=\"has-text-align-center\" data-align=\"center\">1323<\/td><td class=\"has-text-align-center\" data-align=\"center\">6<\/td><\/tr><tr><td class=\"has-text-align-center\" data-align=\"center\">ANALISTA DO MINIST. PUBLICO &#8211; QE<\/td><td class=\"has-text-align-center\" data-align=\"center\">4<\/td><td class=\"has-text-align-center\" data-align=\"center\">4<\/td><td class=\"has-text-align-center\" data-align=\"center\">0<\/td><\/tr><tr><td class=\"has-text-align-center\" data-align=\"center\">AGENTE DO MINIST. PUBLICO &#8211; QP<\/td><td class=\"has-text-align-center\" data-align=\"center\">17<\/td><td class=\"has-text-align-center\" data-align=\"center\">17<\/td><td class=\"has-text-align-center\" data-align=\"center\">0<\/td><\/tr><tr><td class=\"has-text-align-center\" data-align=\"center\">AGENTE DO MINIST. PUBLICO &#8211; QE<\/td><td class=\"has-text-align-center\" data-align=\"center\">5<\/td><td class=\"has-text-align-center\" data-align=\"center\">5<\/td><td class=\"has-text-align-center\" data-align=\"center\">0<\/td><\/tr><\/tbody><\/table><figcaption class=\"wp-element-caption\">Dados do Portal Transpar\u00eancia MPMG de 09\/2022<\/figcaption><\/figure>\n\n\n\n<h2 class=\"wp-block-heading\" id=\"h-carreira-no-mp-mg\">Carreira no MP MG<\/h2>\n\n\n\n<p>Conforme indicado no edital MP MG, os aprovados far\u00e3o jus aos seguintes sal\u00e1rios iniciais:<\/p>\n\n\n\n<ul class=\"wp-block-list\">\n<li>Oficial do Minist\u00e9rio P\u00fablico:&nbsp;<strong>R$ 4.075,84<\/strong>; e<\/li>\n\n\n\n<li>Analista do Minist\u00e9rio P\u00fablico:&nbsp;<strong>R$ 6.279,14<\/strong>.<\/li>\n<\/ul>\n\n\n\n<p>O servidor ainda far\u00e1 jus aos seguintes benef\u00edcios:<\/p>\n\n\n\n<ul class=\"wp-block-list\">\n<li>Vale-lanche:&nbsp;<strong>R$ 1.333,00<\/strong>; e<\/li>\n\n\n\n<li>Aux\u00edlio-Sa\u00fade:&nbsp;<strong>R$ 578,00<\/strong>.<\/li>\n<\/ul>\n\n\n\n<p>Confira tamb\u00e9m nosso artigo da carreira jur\u00eddica de <a href=\"https:\/\/cj.estrategia.com\/portal\/concurso-mp-mg-promotor\/\">Promotor do MP MG<\/a>.<\/p>\n\n\n\n<h3 class=\"wp-block-heading\" id=\"remunera\u00e7\u00e3o-mpmg\">Sal\u00e1rio dos servidores do MP MG<\/h3>\n\n\n\n<figure class=\"wp-block-table is-style-stripes\"><table class=\"has-very-light-gray-to-cyan-bluish-gray-gradient-background has-background has-fixed-layout\"><tbody><tr><td class=\"has-text-align-center\" data-align=\"center\"><strong>CARGO<\/strong><\/td><td class=\"has-text-align-center\" data-align=\"center\"><strong>B\u00c1SICO &#8211; INICIAL<\/strong><\/td><td class=\"has-text-align-center\" data-align=\"center\"><strong>TOTAL DESC OBRIG.<\/strong><\/td><td class=\"has-text-align-center\" data-align=\"center\"><strong>TOTAL L\u00cdQUIDO<\/strong><\/td><\/tr><tr><td class=\"has-text-align-center\" data-align=\"center\"> Oficial do MP <\/td><td class=\"has-text-align-center\" data-align=\"center\"> R$ 4.075,84  <\/td><td class=\"has-text-align-center\" data-align=\"center\"> R$ 667,54 <\/td><td class=\"has-text-align-center\" data-align=\"center\"> R$ 3.408,30 <\/td><\/tr><tr><td class=\"has-text-align-center\" data-align=\"center\">Analista do MP<\/td><td class=\"has-text-align-center\" data-align=\"center\">R$ 6.279,14<\/td><td class=\"has-text-align-center\" data-align=\"center\">R$ 1.439,19<\/td><td class=\"has-text-align-center\" data-align=\"center\">R$ 4.839,95<\/td><\/tr><\/tbody><\/table><figcaption class=\"wp-element-caption\">Dados do Portal Transpar\u00eancia MPMG de 03\/2021<\/figcaption><\/figure>\n\n\n\n<h2 class=\"wp-block-heading\" id=\"requisitos-mpmg\">Concurso MP MG: requisitos e atribui\u00e7\u00f5es <\/h2>\n\n\n\n<p>De acordo com o edital MP MG \u00e9 necess\u00e1rio atender aos seguintes requisitos: <\/p>\n\n\n\n<h3 class=\"wp-block-heading\">Requisitos <\/h3>\n\n\n\n<ul class=\"wp-block-list\">\n<li><strong>Oficial do Minist\u00e9rio P\u00fablico:&nbsp;<\/strong>Certificado de conclus\u00e3o de ensino em n\u00edvel m\u00e9dio reconhecido pelo MEC, ou \u00f3rg\u00e3o competente, na forma da lei ou ato normativo espec\u00edfico.<\/li>\n\n\n\n<li><strong>Analista do Minist\u00e9rio P\u00fablico<\/strong>\n<ul class=\"wp-block-list\">\n<li><strong>Administra\u00e7\u00e3o P\u00fablica:&nbsp;<\/strong>Gradua\u00e7\u00e3o em curso superior de Administra\u00e7\u00e3o ou Administra\u00e7\u00e3o P\u00fablica ou Gest\u00e3o P\u00fablica reconhecido pelo MEC, ou \u00f3rg\u00e3o competente, e com registro e\/ou inscri\u00e7\u00e3o no(s) \u00f3rg\u00e3o(s) competente(s), se houver, na forma da lei ou ato normativo espec\u00edfico<\/li>\n<\/ul>\n<\/li>\n<\/ul>\n\n\n\n<ul class=\"wp-block-list\">\n<li><strong>Arquitetura:<\/strong>&nbsp;Gradua\u00e7\u00e3o em curso superior de Arquitetura e Urbanismo reconhecido pelo MEC, ou \u00f3rg\u00e3o competente, e com registro e\/ou inscri\u00e7\u00e3o no(s) \u00f3rg\u00e3o(s) competente(s), se houver, na forma da lei ou ato normativo espec\u00edfico.\n<ul class=\"wp-block-list\">\n<li><strong>Biblioteconomia:<\/strong>&nbsp;Curso superior de Biblioteconomia reconhecido pelo MEC, ou \u00f3rg\u00e3o competente, e com registro e\/ou inscri\u00e7\u00e3o no(s) \u00f3rg\u00e3o(s) competente(s), se houver, na forma da lei ou ato normativo espec\u00edfico.<\/li>\n\n\n\n<li><strong>Ci\u00eancias Cont\u00e1beis:<\/strong>&nbsp;Gradua\u00e7\u00e3o em curso superior de Ci\u00eancias Cont\u00e1beis reconhecido pelo MEC, ou \u00f3rg\u00e3o competente, e com registro e\/ou inscri\u00e7\u00e3o no(s) \u00f3rg\u00e3o(s) competente(s), se houver, na forma da lei ou ato normativo espec\u00edfico.<\/li>\n\n\n\n<li><strong>Design Gr\u00e1fico:<\/strong>&nbsp;Gradua\u00e7\u00e3o em curso superior de Design Gr\u00e1fico ou Programa\u00e7\u00e3o Visual reconhecido pelo MEC, ou \u00f3rg\u00e3o competente, e com registro e\/ou inscri\u00e7\u00e3o no(s) \u00f3rg\u00e3o(s) competente(s), se houver, na forma da lei ou ato normativo espec\u00edfico.<\/li>\n<\/ul>\n<\/li>\n<\/ul>\n\n\n\n<ul class=\"wp-block-list\">\n<li><strong>Engenharia Civil:<\/strong>&nbsp;Gradua\u00e7\u00e3o em curso superior de Engenharia Civil reconhecido pelo MEC, ou \u00f3rg\u00e3o competente, e com registro e\/ou inscri\u00e7\u00e3o no(s) \u00f3rg\u00e3o(s) competente(s), se houver, na forma da lei ou ato normativo espec\u00edfico.\n<ul class=\"wp-block-list\">\n<li><strong>Engenharia de Seguran\u00e7a do Trabalho:<\/strong>&nbsp;Gradua\u00e7\u00e3o em curso superior de Engenharia ou Arquitetura e Urbanismo, com especializa\u00e7\u00e3o em Seguran\u00e7a do Trabalho, reconhecido(s) pelo MEC, ou \u00f3rg\u00e3o competente, e com registro e\/ou inscri\u00e7\u00e3o no(s) \u00f3rg\u00e3o(s) competente(s), se houver, na forma da lei ou ato normativo espec\u00edfico.<\/li>\n<\/ul>\n<\/li>\n<\/ul>\n\n\n\n<ul class=\"wp-block-list\">\n<li><strong>Engenharia El\u00e9trica:<\/strong>&nbsp;Gradua\u00e7\u00e3o em curso superior de Engenharia El\u00e9trica reconhecido pelo MEC, ou \u00f3rg\u00e3o competente, e com registro e\/ou inscri\u00e7\u00e3o no(s) \u00f3rg\u00e3o(s) competente(s), se houver, na forma da lei ou ato normativo espec\u00edfico.\n<ul class=\"wp-block-list\">\n<li><strong>Engenharia Mec\u00e2nica:<\/strong>&nbsp;Gradua\u00e7\u00e3o em curso superior de Engenharia Mec\u00e2nica reconhecido pelo MEC, ou \u00f3rg\u00e3o competente, e com registro e\/ou inscri\u00e7\u00e3o no(s) \u00f3rg\u00e3o(s) competente(s), se houver, na forma da lei ou ato normativo espec\u00edfico.<\/li>\n\n\n\n<li><strong>Estat\u00edstica:<\/strong>&nbsp;Gradua\u00e7\u00e3o em curso superior de Estat\u00edstica reconhecido pelo MEC, ou \u00f3rg\u00e3o competente, e com registro e\/ou inscri\u00e7\u00e3o no(s) \u00f3rg\u00e3o(s) competente(s), se houver, na forma da lei ou ato normativo espec\u00edfico.<\/li>\n\n\n\n<li><strong>Fisioterapia:<\/strong>&nbsp;Gradua\u00e7\u00e3o em curso superior de Fisioterapia reconhecido pelo MEC, ou \u00f3rg\u00e3o competente, e com registro e\/ou inscri\u00e7\u00e3o no(s) \u00f3rg\u00e3o(s) competente(s), se houver, na forma da lei ou ato normativo espec\u00edfico.<\/li>\n\n\n\n<li><strong>Hist\u00f3ria:<\/strong>&nbsp;Gradua\u00e7\u00e3o em curso superior de Hist\u00f3ria reconhecido pelo MEC, ou \u00f3rg\u00e3o competente, e com registro e\/ou inscri\u00e7\u00e3o no(s) \u00f3rg\u00e3o(s) competente(s), se houver, na forma da lei ou ato normativo espec\u00edfico.<\/li>\n\n\n\n<li><strong>Jornalismo:<\/strong>&nbsp;Gradua\u00e7\u00e3o em curso superior de Comunica\u00e7\u00e3o Social, com habilita\u00e7\u00e3o em Jornalismo, reconhecido pelo MEC, ou \u00f3rg\u00e3o competente, e com registro e\/ou inscri\u00e7\u00e3o no(s) \u00f3rg\u00e3o(s) competente(s), se houver, na forma da lei ou ato normativo espec\u00edfico.<\/li>\n\n\n\n<li><strong>Letras:<\/strong>&nbsp;Gradua\u00e7\u00e3o em curso superior de Letras reconhecido pelo MEC, ou \u00f3rg\u00e3o competente, e com registro e\/ou inscri\u00e7\u00e3o no(s) \u00f3rg\u00e3o(s) competente(s), se houver, na forma da lei ou ato normativo espec\u00edfico.<\/li>\n\n\n\n<li><strong>Medicina \u2013 Cardiologia:<\/strong>&nbsp;Gradua\u00e7\u00e3o em curso superior de Medicina, com especializa\u00e7\u00e3o em Cardiologia, ambas reconhecidas pelo MEC, ou \u00f3rg\u00e3o competente, e com registro e\/ou inscri\u00e7\u00e3o no(s) \u00f3rg\u00e3o(s) competente(s), se houver, na forma da lei ou ato normativo espec\u00edfico.<\/li>\n\n\n\n<li><strong>Medicina \u2013 Cl\u00ednica M\u00e9dica:<\/strong>&nbsp;Gradua\u00e7\u00e3o em curso superior de Medicina, com especializa\u00e7\u00e3o em Medicina Interna, ambas reconhecidas pelo MEC, ou \u00f3rg\u00e3o competente, e com registro e\/ou inscri\u00e7\u00e3o no(s) \u00f3rg\u00e3o(s) competente(s), se houver, na forma da lei ou ato normativo espec\u00edfico.<\/li>\n\n\n\n<li><strong>Medicina \u2013 Medicina do Trabalho:<\/strong>&nbsp;Gradua\u00e7\u00e3o em curso superior de Medicina, com especializa\u00e7\u00e3o em Medicina do Trabalho, ambas reconhecidas pelo MEC, ou \u00f3rg\u00e3o competente, e com registro e\/ou inscri\u00e7\u00e3o no(s) \u00f3rg\u00e3o(s) competente(s), se houver, na forma da lei ou ato normativo espec\u00edfico.<\/li>\n\n\n\n<li><strong>Medicina \u2013 Psiquiatria:<\/strong>&nbsp;Gradua\u00e7\u00e3o em curso superior de Medicina, com especializa\u00e7\u00e3o em Psiquiatria, ambas reconhecidas pelo MEC, ou \u00f3rg\u00e3o competente, e com registro e\/ou inscri\u00e7\u00e3o no(s) \u00f3rg\u00e3o(s) competente(s), se houver, na forma da lei ou ato normativo espec\u00edfico.<\/li>\n\n\n\n<li><strong>Pedagogia:<\/strong>&nbsp;Gradua\u00e7\u00e3o em curso superior de Pedagogia reconhecido pelo MEC, ou \u00f3rg\u00e3o competente, e com registro e\/ou inscri\u00e7\u00e3o no(s) \u00f3rg\u00e3o(s) competente(s), se houver, na forma da lei ou ato normativo espec\u00edfico.<\/li>\n\n\n\n<li><strong>Psicologia:<\/strong>&nbsp;Gradua\u00e7\u00e3o em curso superior de Psicologia reconhecido pelo MEC, ou \u00f3rg\u00e3o competente, e com registro e\/ou inscri\u00e7\u00e3o no(s) \u00f3rg\u00e3o(s) competente(s), se houver, na forma da lei ou ato normativo espec\u00edfico.<\/li>\n\n\n\n<li><strong>Rela\u00e7\u00f5es P\u00fablicas:<\/strong>&nbsp;Gradua\u00e7\u00e3o em curso superior de Comunica\u00e7\u00e3o Social, com habilita\u00e7\u00e3o em Rela\u00e7\u00f5es P\u00fablicas, reconhecido pelo MEC, ou \u00f3rg\u00e3o competente, e com registro e\/ou inscri\u00e7\u00e3o no(s) \u00f3rg\u00e3o(s) competente(s), se houver, na forma da lei ou ato normativo espec\u00edfico.<\/li>\n\n\n\n<li><strong>Servi\u00e7o Social:<\/strong>&nbsp;Gradua\u00e7\u00e3o em curso superior de Servi\u00e7o Social reconhecido pelo MEC, ou \u00f3rg\u00e3o competente, e com registro e\/ou inscri\u00e7\u00e3o no(s) \u00f3rg\u00e3o(s) competente(s), se houver, na forma da lei ou ato normativo espec\u00edfico.<\/li>\n\n\n\n<li><strong>Tecnologia da Informa\u00e7\u00e3o \u2013 An\u00e1lise de Neg\u00f3cio:<\/strong>&nbsp;Gradua\u00e7\u00e3o em curso superior em Sistemas de Informa\u00e7\u00e3o, Engenharia de Software, Engenharia da Computa\u00e7\u00e3o, Ci\u00eancia da Computa\u00e7\u00e3o ou outros relacionados, reconhecido pelo MEC, ou \u00f3rg\u00e3o competente.<\/li>\n\n\n\n<li><strong>Gest\u00e3o de Projetos de TI:<\/strong>&nbsp;Gradua\u00e7\u00e3o em curso superior em Sistemas de Informa\u00e7\u00e3o, Engenharia de Software, Engenharia da Computa\u00e7\u00e3o, Tecnologia em Processamento de Dados, Ci\u00eancia da Computa\u00e7\u00e3o ou outros relacionados, reconhecido pelo MEC, ou \u00f3rg\u00e3o competente.<\/li>\n\n\n\n<li><strong>Tecnologia da Informa\u00e7\u00e3o \u2013 Infraestrutura de TI<\/strong>: Gradua\u00e7\u00e3o em curso superior em Ci\u00eancia da Computa\u00e7\u00e3o, ou Engenharia da Computa\u00e7\u00e3o, ou Sistemas de Informa\u00e7\u00e3o, ou Tecnologia em Processamento de Dados ou outro curso de gradua\u00e7\u00e3o plena em Inform\u00e1tica, reconhecido pelo MEC, ou \u00f3rg\u00e3o competente.<\/li>\n\n\n\n<li><strong>Tecnologia da Informa\u00e7\u00e3o \u2013 Seguran\u00e7a de TI:<\/strong>&nbsp;Gradua\u00e7\u00e3o em curso superior em Ci\u00eancia da Computa\u00e7\u00e3o, ou Engenharia da Computa\u00e7\u00e3o, ou Sistemas de Informa\u00e7\u00e3o, ou Tecnologia em Processamento de Dados ou outro curso de gradua\u00e7\u00e3o plena em Inform\u00e1tica, reconhecido pelo MEC, ou \u00f3rg\u00e3o competente.<\/li>\n\n\n\n<li><strong>Tecnologia da Informa\u00e7\u00e3o \u2013 Suporte de TI:<\/strong>&nbsp;Gradua\u00e7\u00e3o em curso superior em Ci\u00eancia da Computa\u00e7\u00e3o, Sistemas de Informa\u00e7\u00e3o, Engenharia Computacional ou outro curso de gradua\u00e7\u00e3o plena em Tecnologia da Informa\u00e7\u00e3o, reconhecido pelo MEC, ou \u00f3rg\u00e3o competente.<\/li>\n<\/ul>\n<\/li>\n<\/ul>\n\n\n\n<h3 class=\"wp-block-heading\">Atribui\u00e7\u00f5es <\/h3>\n\n\n\n<p>J\u00e1 as atribui\u00e7\u00f5es s\u00e3o:<\/p>\n\n\n\n<ul class=\"wp-block-list\">\n<li><strong>Oficial do Minist\u00e9rio P\u00fablico<\/strong>: Realizar atendimento ao p\u00fablico externo e interno. Exercer atividades que pressuponham f\u00e9 p\u00fablica ou manifesta\u00e7\u00e3o de vontade direta do \u00f3rg\u00e3o ministerial, al\u00e9m de outras de cunho administrativo, ordenadas pelo superior hier\u00e1rquico, tais como: realiza\u00e7\u00e3o de cita\u00e7\u00f5es, intima\u00e7\u00f5es e demais dilig\u00eancias determinadas; dentre outras.<\/li>\n<\/ul>\n\n\n\n<ul class=\"wp-block-list\">\n<li><strong>Analista do Minist\u00e9rio P\u00fablico \u2013 Administra\u00e7\u00e3o P\u00fablica<\/strong>: Planejar, organizar, controlar, supervisionar e assessorar nas quest\u00f5es atinentes \u00e0s \u00e1reas de recursos humanos, materiais, servi\u00e7os, patrim\u00f4nio, sistemas de informa\u00e7\u00f5es e organiza\u00e7\u00f5es e m\u00e9todos; dentre outras.<\/li>\n<\/ul>\n\n\n\n<ul class=\"wp-block-list\">\n<li><strong>Analista do Minist\u00e9rio P\u00fablico \u2013 Arquitetura<\/strong>: Prestar assessoramento t\u00e9cnico em sede de processos judiciais ou procedimentos administrativos. Proceder a exame e an\u00e1lise de laudos, per\u00edcias e outras pe\u00e7as que envolvam conhecimentos de arquitetura, patrim\u00f4nio hist\u00f3rico e cultural, emitindo laudo t\u00e9cnico sobre os mesmos; dentre outras.<\/li>\n<\/ul>\n\n\n\n<ul class=\"wp-block-list\">\n<li><strong>Analista do Minist\u00e9rio P\u00fablico \u2013 Biblioteconomia<\/strong>: Planejar, organizar, coordenar, supervisionar, avaliar e executar atividades de pesquisa, estudo, sele\u00e7\u00e3o, aquisi\u00e7\u00e3o, descarte, cataloga\u00e7\u00e3o, classifica\u00e7\u00e3o e indexa\u00e7\u00e3o de livros, peri\u00f3dicos, pareceres do Minist\u00e9rio P\u00fablico, legisla\u00e7\u00e3o e documentos normativos, bem como o armazenamento, preserva\u00e7\u00e3o, conserva\u00e7\u00e3o, recupera\u00e7\u00e3o, circula\u00e7\u00e3o e dissemina\u00e7\u00e3o de informa\u00e7\u00f5es t\u00e9cnicas, sociais e culturais de interesse do Minist\u00e9rio P\u00fablico. Atuar na elabora\u00e7\u00e3o e desenvolvimento de projetos. Disponibilizar e avaliar tecnologias e suportes de informa\u00e7\u00e3o; dentre outras.<\/li>\n<\/ul>\n\n\n\n<ul class=\"wp-block-list\">\n<li><strong>Analista do Minist\u00e9rio P\u00fablico \u2013 Ci\u00eancias Cont\u00e1beis<\/strong>: Organiza\u00e7\u00e3o e execu\u00e7\u00e3o de servi\u00e7os de contabilidade em geral: realizar a contabilidade anal\u00edtica e sint\u00e9tica da Institui\u00e7\u00e3o; acompanhar a execu\u00e7\u00e3o or\u00e7ament\u00e1ria, comparando as varia\u00e7\u00f5es entre as opera\u00e7\u00f5es previstas\/autorizadas e as realizadas; verificar a legalidade dos documentos geradores dos fatos cont\u00e1beis; exercer o controle cont\u00e1bil e a concilia\u00e7\u00e3o mensal das contas banc\u00e1rias; dentre outras.<\/li>\n<\/ul>\n\n\n\n<ul class=\"wp-block-list\">\n<li><strong>Analista do Minist\u00e9rio P\u00fablico \u2013 Design Gr\u00e1fico<\/strong>s: Planejar, coordenar, promover e avaliar a cria\u00e7\u00e3o de projeto gr\u00e1fico, diagrama\u00e7\u00e3o e arte-finaliza\u00e7\u00e3o para produ\u00e7\u00e3o de material informativo, educativo e de divulga\u00e7\u00e3o relativo \u00e0 atua\u00e7\u00e3o institucional, voltados para o p\u00fablico interno e externo. Produzir e executar layouts e pe\u00e7as de divulga\u00e7\u00e3o para os diferentes canais da institui\u00e7\u00e3o. Especificar material gr\u00e1fico para impress\u00e3o e avaliar a qualidade dos servi\u00e7os entregues pelos fornecedores. Desenvolver, aplicar e disseminar a identidade visual e a programa\u00e7\u00e3o visual para a institui\u00e7\u00e3o. Programar, desenvolver, promover e avaliar o desenvolvimento de marcas. Colaborar no processo de editora\u00e7\u00e3o de todo o material produzido no \u00e2mbito da Assessoria de Comunica\u00e7\u00e3o Integrada. Executar qualquer outra atividade que, por sua natureza, esteja inserida no \u00e2mbito de suas atribui\u00e7\u00f5es. Desenvolver outras atividades afins determinadas pela chefia imediata<\/li>\n<\/ul>\n\n\n\n<ul class=\"wp-block-list\">\n<li><strong>Analista do Minist\u00e9rio P\u00fablico \u2013 Engenharia Civil<\/strong>: Fiscalizar e gerenciar, t\u00e9cnica e administrativamente, as obras executas pelo Minist\u00e9rio P\u00fablico. Elaborar or\u00e7amentos de obras.<br \/>Realizar vistorias e elaborar laudos t\u00e9cnicos de im\u00f3veis destinados ao Minist\u00e9rio P\u00fablico. Elaborar laudos de avalia\u00e7\u00e3o de im\u00f3veis de interesse do Minist\u00e9rio P\u00fablico; dentre outras.<\/li>\n<\/ul>\n\n\n\n<ul class=\"wp-block-list\">\n<li><strong>Analista do Minist\u00e9rio P\u00fablico \u2013 Engenharia de Seguran\u00e7a do Trabalho<\/strong>: Proceder a exame e an\u00e1lise de laudos, per\u00edcias e outras pe\u00e7as que envolvam conhecimentos de Engenharia de Seguran\u00e7a no<br \/>Trabalho, emitindo laudo t\u00e9cnico sobre os mesmos. Acompanhar realiza\u00e7\u00e3o de per\u00edcias pelos demais \u00f3rg\u00e3os p\u00fablicos, quando designado pelo Minist\u00e9rio P\u00fablico; dentre outras.<\/li>\n<\/ul>\n\n\n\n<ul class=\"wp-block-list\">\n<li><strong>Analista do Minist\u00e9rio P\u00fablico \u2013 Engenharia El\u00e9trica<\/strong>: Realizar atividades de acompanhamento de equipes em servi\u00e7os na \u00e1rea de engenharia el\u00e9trica, bem como a manuten\u00e7\u00e3o de instala\u00e7\u00f5es prediais. Planejamento e elabora\u00e7\u00e3o de projetos e especifica\u00e7\u00f5es t\u00e9cnicas, assessoramento para contrata\u00e7\u00e3o dos servi\u00e7os, acompanhamento e fiscaliza\u00e7\u00e3o da execu\u00e7\u00e3o de servi\u00e7os relacionados \u00e0 \u00e1rea de engenharia el\u00e9trica; dentre outras.<\/li>\n<\/ul>\n\n\n\n<ul class=\"wp-block-list\">\n<li><strong>Analista do Minist\u00e9rio P\u00fablico \u2013 Engenharia Mec\u00e2nica<\/strong>: Proceder a exame e an\u00e1lise de laudos, per\u00edcias e outras pe\u00e7as que envolvam conhecimentos de Engenharia Mec\u00e2nica, emitindo<br \/>laudo t\u00e9cnico sobre os mesmos. Funcionar, quando designado, como assistente do Minist\u00e9rio P\u00fablico em procedimentos judiciais, observadas as formalidades legais; dentre outras.<\/li>\n<\/ul>\n\n\n\n<ul class=\"wp-block-list\">\n<li><strong>Analista do Minist\u00e9rio P\u00fablico \u2013 Estat\u00edstica<\/strong>: Elaborar m\u00e9todos de amostragem e de coleta de dados para pesquisas ou levantamentos estat\u00edsticos. Planejar e executar investiga\u00e7\u00f5es estat\u00edsticas. Organizar e realizar an\u00e1lises descritivas e explorat\u00f3rias de dados. Auxiliar na defini\u00e7\u00e3o de cruzamentos estat\u00edsticos de vari\u00e1veis a partir de dados de pesquisas; dentre outras.<\/li>\n<\/ul>\n\n\n\n<ul class=\"wp-block-list\">\n<li><strong>Analista do Minist\u00e9rio P\u00fablico \u2013 Fisioterapia<\/strong>: Realizar atendimento integrado com equipe multiprofissional. Atuar em fisioterapia na \u00e1rea de sa\u00fade ocupacional, incluindo avalia\u00e7\u00f5es<br \/>e interven\u00e7\u00f5es ergon\u00f4micas e pr\u00e1tica de gin\u00e1stica laboral. Realizar avalia\u00e7\u00f5es fisioter\u00e1picas, prescrevendo e realizando conduta terap\u00eautica apropriada; dentre outras.<\/li>\n<\/ul>\n\n\n\n<ul class=\"wp-block-list\">\n<li><strong>Analista do Minist\u00e9rio P\u00fablico \u2013 Hist\u00f3ria<\/strong>: Elaborar relat\u00f3rios t\u00e9cnicos e emitir pareceres na \u00e1rea de compet\u00eancia. Executar servi\u00e7os de natureza t\u00e9cnico-administrativa determinados pelo superior imediato. Realizar vistorias e emitir laudos t\u00e9cnicos na \u00e1rea de sua especialidade. Elaborar roteiros, estudos e emitir pareceres na \u00e1rea de sua especialidade; dentre outras.<\/li>\n<\/ul>\n\n\n\n<ul class=\"wp-block-list\">\n<li><strong>Analista do Minist\u00e9rio P\u00fablico \u2013 Jornalismo<\/strong>: Programar, coordenar, promover e avaliar a produ\u00e7\u00e3o de conte\u00fados jornal\u00edsticos para televis\u00e3o, r\u00e1dio, interne e outros canais oficiais do MPMG, bem como a produ\u00e7\u00e3o de pautas e de material jornal\u00edstico de interesse institucional para os diversos ve\u00edculos de comunica\u00e7\u00e3o. Planejar, coordenar e promover a cobertura fotogr\u00e1fica e jornal\u00edstica em eventos de interesse institucional. Agendar, organizar e acompanhar entrevistas concedidas por membros e servidores do MPMG, bem como entrevistas coletivas, quando se tratar de assuntos de interesse p\u00fablico e que tenham a participa\u00e7\u00e3o da institui\u00e7\u00e3o. Acompanhar, coletar e consolidar mat\u00e9rias jornal\u00edsticas de interesse institucional veiculadas na m\u00eddia impressa nacional, regional ou local. Atender e orientar os profissionais de imprensa para assegurar a transpar\u00eancia e a exatid\u00e3o das informa\u00e7\u00f5es e not\u00edcias relativas \u00e0 institui\u00e7\u00e3o; Acompanhar a divulga\u00e7\u00e3o do MPMG nas m\u00eddias externas, de modo a subsidiar a tomada de decis\u00f5es relativas \u00e0 imagem institucional. Elaborar, implementar e avaliar o plano de conting\u00eancia para enfrentar situa\u00e7\u00f5es de crises de imagem, bem como coordenar a sua oportuna execu\u00e7\u00e3o. Desenvolver outras atividades afins determinadas pela chefia imediata.<\/li>\n<\/ul>\n\n\n\n<ul class=\"wp-block-list\">\n<li><strong>Analista do Minist\u00e9rio P\u00fablico \u2013 Letras<\/strong>: Realizar trabalhos de confer\u00eancia e corre\u00e7\u00e3o em textos destinados \u00e0 impress\u00e3o, em confronto com os respectivos originais. Exercer atividades relacionadas com a composi\u00e7\u00e3o, confer\u00eancia e revis\u00e3o de textos, especialmente de pareceres de Membros do Minist\u00e9rio P\u00fablico e atos processuais e administrativos, retificando os erros porventura identificados; dentre outras.<\/li>\n<\/ul>\n\n\n\n<ul class=\"wp-block-list\">\n<li><strong>Analista do Minist\u00e9rio P\u00fablico \u2013 Medicina \u2013 Cardiologia<\/strong>: Realizar atendimento m\u00e9dico ambulatorial e emergencial. Participar de exame admissional, demissional, peri\u00f3dico e de mudan\u00e7a de<br \/>fun\u00e7\u00e3o. Realizar inspe\u00e7\u00e3o de sa\u00fade para concess\u00e3o de licen\u00e7a para tratamento de sa\u00fade, aposentadoria por invalidez, readapta\u00e7\u00e3o e outros, emitindo laudo m\u00e9dico e pareceres; dentre outras.<\/li>\n<\/ul>\n\n\n\n<ul class=\"wp-block-list\">\n<li><strong>Analista do Minist\u00e9rio P\u00fablico \u2013 Medicina \u2013 Cl\u00ednica M\u00e9dica<\/strong>: Realizar atendimento m\u00e9dico ambulatorial e emergencial. Participar de exame admissional, demissional, peri\u00f3dico e de mudan\u00e7a de fun\u00e7\u00e3o. Realizar inspe\u00e7\u00e3o de sa\u00fade para concess\u00e3o de licen\u00e7a para tratamento de sa\u00fade, aposentadoria por invalidez, readapta\u00e7\u00e3o e outros, emitindo laudo m\u00e9dico e pareceres; dentre outras.<\/li>\n<\/ul>\n\n\n\n<ul class=\"wp-block-list\">\n<li><strong>Analista do Minist\u00e9rio P\u00fablico \u2013 Medicina \u2013 Medicina do Trabalho<\/strong>: Realizar atendimento m\u00e9dico assistencial e emergencial. Participar de per\u00edcias m\u00e9dicas, com emiss\u00e3o de laudo t\u00e9cnico. Realizar<br \/>exames admissional, demissional, peri\u00f3dico e de mudan\u00e7a de fun\u00e7\u00e3o. Realizar inspe\u00e7\u00e3o de sa\u00fade para concess\u00e3o de licen\u00e7a para tratamento de sa\u00fade, aposentadoria por invalidez, readapta\u00e7\u00e3o e outros, emitindo laudo m\u00e9dico e pareceres; dentre outras.<\/li>\n<\/ul>\n\n\n\n<ul class=\"wp-block-list\">\n<li><strong>Analista do Minist\u00e9rio P\u00fablico \u2013 Medicina \u2013 Psiquiatria<\/strong>: Realizar atendimento m\u00e9dico psiqui\u00e1trico assistencial. Participar de per\u00edcias m\u00e9dicas, com emiss\u00e3o de laudo t\u00e9cnico. Participar de<br \/>exame admissional, demissional, peri\u00f3dico e de mudan\u00e7a de fun\u00e7\u00e3o. Realizar inspe\u00e7\u00e3o de sa\u00fade para concess\u00e3o de licen\u00e7a para tratamento de sa\u00fade, aposentadoria por invalidez, readapta\u00e7\u00e3o e outros, emitindo laudo m\u00e9dico e pareceres; dentre outras.<\/li>\n<\/ul>\n\n\n\n<ul class=\"wp-block-list\">\n<li><strong>Analista do Minist\u00e9rio P\u00fablico \u2013 Pedagogia<\/strong>: Auxiliar na promo\u00e7\u00e3o da conviv\u00eancia familiar e comunit\u00e1ria. fiscalizar e acompanhar das medidas socioeducativas. Trabalhar na<br \/>erradica\u00e7\u00e3o do trabalho infantil, combate \u00e0 viol\u00eancia dom\u00e9stica, abuso e explora\u00e7\u00e3o sexual de crian\u00e7as e adolescentes. Fiscalizar e propor programas de inclus\u00e3o e perman\u00eancia de crian\u00e7as e adolescentes na escola. Fiscaliza\u00e7\u00e3o de abrigos. Estudo de casos de crian\u00e7as e adolescentes; dentre outras.<\/li>\n<\/ul>\n\n\n\n<ul class=\"wp-block-list\">\n<li><strong>Analista do Minist\u00e9rio P\u00fablico \u2013 Psicologia<\/strong>: Elaborar, pesquisar e aplicar t\u00e9cnicas de din\u00e2micas de grupo direcionadas ao treinamento e desenvolvimento de pessoal. Executar o programa de integra\u00e7\u00e3o e ambienta\u00e7\u00e3o dos servidores rec\u00e9m-admitidos. Diagnosticar as necessidades de treinamento e desenvolvimento de servidores; dentre outras.<\/li>\n<\/ul>\n\n\n\n<ul class=\"wp-block-list\">\n<li><strong>Analista do Minist\u00e9rio P\u00fablico \u2013 Rela\u00e7\u00f5es P\u00fablicas<\/strong>: Assessorar, em mat\u00e9ria de cerimonial, o Procurador-Geral de Justi\u00e7a, os \u00f3rg\u00e3os de execu\u00e7\u00e3o e as unidades organizacionais da institui\u00e7\u00e3o. Planejar, organizar e executar procedimentos protocolares na realiza\u00e7\u00e3o de solenidades oficiais e de eventos institucionais definidos pelo Procurador-Geral de Justi\u00e7a. Planejar, orientar, organizar, promover e avaliar a realiza\u00e7\u00e3o dos eventos e solenidades de interesse institucional, atuando em parceria com as unidades envolvidas. Zelar pelo cumprimento das Normas do Cerimonial P\u00fablico e dos princ\u00edpios norteadores da Ordem de Preced\u00eancia editada pelo Estado de Minas Gerais e pela Presid\u00eancia da Rep\u00fablica. Propor, desenvolver e acompanhar programas e projetos de relacionamento com o p\u00fablico interno e externo, bem como de aproxima\u00e7\u00e3o da institui\u00e7\u00e3o com a sociedade. Desenvolver a\u00e7\u00f5es de rela\u00e7\u00f5es p\u00fablicas que promovam o entendimento do p\u00fablico interno e externo das fun\u00e7\u00f5es, atribui\u00e7\u00f5es e \u00e1reas de atua\u00e7\u00e3o do MPMG e das formas de acesso da sociedade \u00e0 institui\u00e7\u00e3o. Identificar necessidades do atendimento do p\u00fablico interno e externo do MPMG e propor melhorias em seus pontos de contato presenciais e digitais. Dialogar e negociar com os p\u00fablicos interno e externo sobre os servi\u00e7os em comunica\u00e7\u00e3o. Desenvolver outras atividades afins determinadas pela chefia imediata.<\/li>\n<\/ul>\n\n\n\n<ul class=\"wp-block-list\">\n<li><strong>Analista do Minist\u00e9rio P\u00fablico \u2013 Servi\u00e7o Social<\/strong>: Realizar o acompanhamento pessoal de funcion\u00e1rios que apresentam problemas de ordem social e diagnosticar situa\u00e7\u00f5es sociais,<br \/>bem como daqueles licenciados por motivo de sa\u00fade. Relatar e diagnosticar situa\u00e7\u00f5es sociais que interferem no desempenho do servidor ou grupo de servidores; dentre outras.<\/li>\n<\/ul>\n\n\n\n<ul class=\"wp-block-list\">\n<li><strong>Analista do Minist\u00e9rio P\u00fablico: Tecnologia da Informa\u00e7\u00e3o \u2013 An\u00e1lise de Neg\u00f3cio<\/strong>: Atuar em atividades da \u00e1rea de Tecnologia da Informa\u00e7\u00e3o, envolvendo a elabora\u00e7\u00e3o de projetos, a implanta\u00e7\u00e3o, racionaliza\u00e7\u00e3o e redesenho de processos e a integra\u00e7\u00e3o entre sistemas, com utiliza\u00e7\u00e3o de alta tecnologia; dentre outras.<\/li>\n<\/ul>\n\n\n\n<ul class=\"wp-block-list\">\n<li><strong>Analista do Minist\u00e9rio P\u00fablico \u2013 Gest\u00e3o de Projetos de TI<\/strong>: Atuar em atividades da \u00e1rea de Tecnologia da Informa\u00e7\u00e3o, envolvendo a elabora\u00e7\u00e3o de projetos, a implanta\u00e7\u00e3o, racionaliza\u00e7\u00e3o e<br \/>redesenho de processos e o desenvolvimento e integra\u00e7\u00e3o de sistemas, com utiliza\u00e7\u00e3o de alta tecnologia; dentre outras.<\/li>\n<\/ul>\n\n\n\n<ul class=\"wp-block-list\">\n<li><strong>Analista do Minist\u00e9rio P\u00fablico: Tecnologia da Informa\u00e7\u00e3o \u2013 Infraestrutura de TI<\/strong>: Atuar em atividades da \u00e1rea de Tecnologia da Informa\u00e7\u00e3o, envolvendo a elabora\u00e7\u00e3o de projetos, a implanta\u00e7\u00e3o, racionaliza\u00e7\u00e3o e redesenho de processos e a integra\u00e7\u00e3o entre sistemas, com utiliza\u00e7\u00e3o de alta tecnologia; dentre outras.<\/li>\n<\/ul>\n\n\n\n<ul class=\"wp-block-list\">\n<li><strong>Analista do Minist\u00e9rio P\u00fablico: Tecnologia da Informa\u00e7\u00e3o \u2013 Seguran\u00e7a de TI<\/strong>: Atuar em atividades da \u00e1rea de Tecnologia da Informa\u00e7\u00e3o, envolvendo a elabora\u00e7\u00e3o de projetos, a implanta\u00e7\u00e3o, racionaliza\u00e7\u00e3o e redesenho de processos e a integra\u00e7\u00e3o entre sistemas, com utiliza\u00e7\u00e3o de alta tecnologia. Realizar a governan\u00e7a de TI. Propor prioriza\u00e7\u00e3o de projetos de TI e gerenciar as equipes e os projetos sob a sua responsabilidade; dentre outras.<\/li>\n<\/ul>\n\n\n\n<ul class=\"wp-block-list\">\n<li><strong>Analista do Minist\u00e9rio P\u00fablico: Tecnologia da Informa\u00e7\u00e3o \u2013 Suporte de TI<\/strong>: Atuar em atividades da \u00e1rea de Tecnologia da Informa\u00e7\u00e3o, envolvendo a elabora\u00e7\u00e3o de projetos, a implanta\u00e7\u00e3o, racionaliza\u00e7\u00e3o e redesenho de processos e a integra\u00e7\u00e3o entre sistemas, com utiliza\u00e7\u00e3o de alta tecnologia. Realizar a governan\u00e7a de TI. Propor prioriza\u00e7\u00e3o de projetos de TI e gerenciar as equipes e os projetos sob a sua responsabilidade; dentre outras.<\/li>\n<\/ul>\n\n\n\n<h2 class=\"wp-block-heading\" id=\"etapas\">Concurso MP MG: etapas<\/h2>\n\n\n\n<p>O concurso p\u00fablico foi composto pelas seguintes etapas:<\/p>\n\n\n\n<ul class=\"wp-block-list\">\n<li><strong>1\u00aa etapa:<\/strong>&nbsp;prova objetiva; e<\/li>\n\n\n\n<li><strong>2\u00aa etapa:<\/strong>&nbsp;reda\u00e7\u00e3o.<\/li>\n<\/ul>\n\n\n\n<p>As provas objetivas e discursivas foram aplicadas em&nbsp;<strong>15 de janeiro de 2023<\/strong>, com dura\u00e7\u00e3o total de 4h30. A A etapa para todos os cargos\/especialidades foram realizadas nas cidades de Belo Horizonte, Governador Valadares, Juiz de Fora, Montes Claros, Pouso Alegre e Uberl\u00e2ndia, todas localizadas no Estado de Minas Gerais, de acordo com a op\u00e7\u00e3o escolhida pelo candidato no ato da inscri\u00e7\u00e3o.<\/p>\n\n\n\n<p>Veja abaixo o turno da aplica\u00e7\u00e3o das provas:<\/p>\n\n\n\n<figure class=\"wp-block-table is-style-stripes\"><table class=\"has-very-light-gray-to-cyan-bluish-gray-gradient-background has-background\"><thead><tr><th class=\"has-text-align-center\" data-align=\"center\">TURNO<\/th><th class=\"has-text-align-center\" data-align=\"center\">CARGO\/ESPECIALIDADE<\/th><\/tr><\/thead><tbody><tr><td class=\"has-text-align-center\" data-align=\"center\">MANH\u00c3: 8h00min \u00e0s 12h30min<\/td><td class=\"has-text-align-center\" data-align=\"center\">Analista do Minist\u00e9rio P\u00fablico<\/td><\/tr><tr><td class=\"has-text-align-center\" data-align=\"center\">TARDE: 14h30min \u00e0s 19h00min<\/td><td class=\"has-text-align-center\" data-align=\"center\">Oficial do Minist\u00e9rio P\u00fablico<\/td><\/tr><\/tbody><\/table><\/figure>\n\n\n\n<h3 class=\"wp-block-heading\">Prova objetiva <\/h3>\n\n\n\n<p>Foram cobradas as seguintes disciplinas: <\/p>\n\n\n\n<figure class=\"wp-block-table is-style-stripes\"><table class=\"has-very-light-gray-to-cyan-bluish-gray-gradient-background has-background\"><thead><tr><th>CARGOS<\/th><th>PROVAS<\/th><th>DISCIPLINAS<\/th><th>N\u00ba DE QUEST\u00d5ES<\/th><th>PESO<\/th><\/tr><\/thead><tbody><tr><td>N\u00cdVEL M\u00c9DIO<\/td><td>Conhecimentos gerais<\/td><td>L\u00edngua Portuguesa<br \/>No\u00e7\u00f5es de Gest\u00e3o P\u00fablica e \u00c9tica<br \/>Legisla\u00e7\u00e3o estadual e institucional<br \/>No\u00e7\u00f5es de Direito<\/td><td>15<br \/>10<br \/>10<br \/>15<\/td><td>2<br \/>1<br \/>1<br \/>2<\/td><\/tr><tr><td>Discursiva\/reda\u00e7\u00e3o<\/td><td>\u2013<\/td><td>1 tema<\/td><td>\u2013<\/td><td>20<\/td><\/tr><tr><td>N\u00cdVEL SUPERIOR<\/td><td>Conhecimentos gerais<\/td><td>L\u00edngua Portuguesa<br \/>No\u00e7\u00f5es de Gest\u00e3o P\u00fablica e \u00c9tica<br \/>Legisla\u00e7\u00e3o estadual e institucional<br \/>No\u00e7\u00f5es de Direito<\/td><td>10<br \/>05<br \/>05<br \/>10<\/td><td>2<br \/>1<br \/>1<br \/>1<\/td><\/tr><tr><td>Conhecimentos espec\u00edficos<\/td><td>\u2013<\/td><td>20<\/td><td>2<\/td><td>40<\/td><\/tr><tr><td>Discursiva\/reda\u00e7\u00e3o<\/td><td>\u2013<\/td><td>1 tema<\/td><td>\u2013<\/td><td>20<\/td><\/tr><\/tbody><\/table><\/figure>\n\n\n\n<p>A prova objetiva de m\u00faltipla escolha, para todos os cargos\/especialidades, constou de 50 quest\u00f5es, cada uma com 4 op\u00e7\u00f5es de resposta, das quais apenas 1 (uma) correta.<\/p>\n\n\n\n<p>A prova teve o valor total de 80 pontos. Foi atribu\u00eddo 1 (um) ponto para as disciplinas com peso 1 (um) e 2 pontos para as disciplinas com peso 2, para cada quest\u00e3o cuja alternativa assinalada pelo candidato em sua folha de respostas coincida com o gabarito oficial definitivo (ap\u00f3s recursos).<\/p>\n\n\n\n<h3 class=\"wp-block-heading\" id=\"prova-discursiva\">Prova discursiva<\/h3>\n\n\n\n<p>A prova discursiva foi na forma de desenvolvimento de uma reda\u00e7\u00e3o do tipo dissertativo sobre tema da atualidade e dever\u00e1 conter o m\u00ednimo de 20 e o m\u00e1ximo de 30 linhas. A avalia\u00e7\u00e3o foi na escala de 0 a 20 pontos.<\/p>\n\n\n\n<p>Foi reprovado o candidato que n\u00e3o obteve o m\u00ednimo de 50% (cinquenta por cento) do total dos pontos distribu\u00eddos na prova discursiva.<\/p>\n\n\n\n<hr class=\"wp-block-separator has-alpha-channel-opacity\"\/>\n\n\n\n<h2 class=\"wp-block-heading\" id=\"ultimo-mpmg\">\u00daltimo concurso MP MG<\/h2>\n\n\n\n<p>Vale lembrar que o \u00faltimo Concurso MP MG foi realizado em <strong>2012<\/strong>, sendo homologado no fim daquele ano. A organiza\u00e7\u00e3o foi feita pelo pr\u00f3prio \u00f3rg\u00e3o. <\/p>\n\n\n\n<p>Foram ofertadas <strong>33 vagas imediatas<\/strong>, sendo quatro para pessoas com defici\u00eancia, al\u00e9m da <strong>forma\u00e7\u00e3o de cadastro de reserva<\/strong> para 51 regi\u00f5es diferentes.<\/p>\n\n\n\n<h2 class=\"wp-block-heading\" id=\"prova-mpmg\">Etapas do \u00faltimo concurso MP MG<\/h2>\n\n\n\n<ul class=\"wp-block-list\">\n<li><strong>Prova Objetiva<\/strong> de M\u00faltipla Escolha para todos os Cargos\/Especialidades<\/li>\n\n\n\n<li><strong>Prova de Reda\u00e7\u00e3o<\/strong> para o Cargo Analista do MP, da Especialidade de Direito<\/li>\n<\/ul>\n\n\n\n<h3 class=\"wp-block-heading\" id=\"objetiva\">Prova Objetiva<\/h3>\n\n\n\n<p>A prova objetiva foi de m\u00faltipla escolha para todos os cargos\/especialidades e teve 4 op\u00e7\u00f5es de respostas, sendo apenas 1  correta. Vale lembrar que o exame possui car\u00e1ter eliminat\u00f3rio. <\/p>\n\n\n\n<p>A Prova Objetiva de M\u00faltipla Escolha teve valor total de 100 (cem) pontos. Foi considerado eliminado do Concurso o candidato que n\u00e3o alcan\u00e7ar o m\u00ednimo de 60 (sessenta) pontos e o que obtiver nota 0 (zero) em qualquer um dos conte\u00fados.<\/p>\n\n\n\n<figure class=\"wp-block-table is-style-stripes\"><table class=\"has-very-light-gray-to-cyan-bluish-gray-gradient-background has-background has-fixed-layout\"><tbody><tr><td class=\"has-text-align-center\" data-align=\"center\"><strong>Disciplinas<\/strong><\/td><td class=\"has-text-align-center\" data-align=\"center\"><strong>N\u00ba de quest\u00f5es<\/strong><\/td><td class=\"has-text-align-center\" data-align=\"center\"><strong>Valor da quest\u00e3o<\/strong><\/td><\/tr><tr><td class=\"has-text-align-center\" data-align=\"center\">  L\u00edngua Portuguesa <\/td><td class=\"has-text-align-center\" data-align=\"center\">30<\/td><td class=\"has-text-align-center\" data-align=\"center\">2<\/td><\/tr><tr><td class=\"has-text-align-center\" data-align=\"center\">  No\u00e7\u00f5es de Direito <\/td><td class=\"has-text-align-center\" data-align=\"center\">10<\/td><td class=\"has-text-align-center\" data-align=\"center\">1<\/td><\/tr><tr><td class=\"has-text-align-center\" data-align=\"center\">No\u00e7\u00f5es de Inform\u00e1tica <\/td><td class=\"has-text-align-center\" data-align=\"center\">10<\/td><td class=\"has-text-align-center\" data-align=\"center\">1<\/td><\/tr><tr><td class=\"has-text-align-center\" data-align=\"center\"> Atualidades <\/td><td class=\"has-text-align-center\" data-align=\"center\">10<\/td><td class=\"has-text-align-center\" data-align=\"center\">2<\/td><\/tr><\/tbody><\/table><\/figure>\n\n\n\n<h3 class=\"wp-block-heading\" id=\"redacao\">Prova de Reda\u00e7\u00e3o<\/h3>\n\n\n\n<p>A Prova de Reda\u00e7\u00e3o foi aplicada somente ao Cargo de Analista do MP para a especialidade de Direito. O exame teve que conter no m\u00ednimo, 25 (vinte e cinco) linhas e, no m\u00e1ximo, 30 (trinta) linhas. <\/p>\n\n\n\n<p>A Prova de Reda\u00e7\u00e3o foi avaliada na escala de 0 a 20. Confira no quadro abaixo: <\/p>\n\n\n\n<figure class=\"wp-block-table is-style-stripes\"><table class=\"has-very-light-gray-to-cyan-bluish-gray-gradient-background has-background has-fixed-layout\"><tbody><tr><td class=\"has-text-align-center\" data-align=\"center\"><strong>Crit\u00e9rios de avalia\u00e7\u00e3o da prova de reda\u00e7\u00e3o<\/strong><\/td><td class=\"has-text-align-center\" data-align=\"center\"><strong>Total de Pontos<\/strong> <\/td><td class=\"has-text-align-center\" data-align=\"center\"><strong>Desconto por erro <\/strong><\/td><\/tr><tr><td class=\"has-text-align-center\" data-align=\"center\">Pertin\u00eancia ao tema (PT)<\/td><td class=\"has-text-align-center\" data-align=\"center\">At\u00e9 1,0 ponto <\/td><td class=\"has-text-align-center\" data-align=\"center\">&#8211;<\/td><\/tr><tr><td class=\"has-text-align-center\" data-align=\"center\">Continuidade e articula\u00e7\u00e3o entre as ideias, consist\u00eancia argumentativa, pertin\u00eancia, sufici\u00eancia e relev\u00e2ncia dos argumentos (CA)<\/td><td class=\"has-text-align-center\" data-align=\"center\">At\u00e9 4,0 pontos <\/td><td class=\"has-text-align-center\" data-align=\"center\">&#8211;<\/td><\/tr><tr><td class=\"has-text-align-center\" data-align=\"center\">Estrutura\u00e7\u00e3o e organiza\u00e7\u00e3o do per\u00edodo (EP)<\/td><td class=\"has-text-align-center\" data-align=\"center\">At\u00e9 2,0 pontos<\/td><td class=\"has-text-align-center\" data-align=\"center\">0,2 pontos por erro <\/td><\/tr><tr><td class=\"has-text-align-center\" data-align=\"center\">Propriedade quanto ao uso de articuladores e de vocabul\u00e1rio (PV)<\/td><td class=\"has-text-align-center\" data-align=\"center\">At\u00e9 4,0 pontos <\/td><td class=\"has-text-align-center\" data-align=\"center\">0,2 pontos por erro<\/td><\/tr><tr><td class=\"has-text-align-center\" data-align=\"center\">Ortografia, pontua\u00e7\u00e3o, acentua\u00e7\u00e3o gr\u00e1fica (OP)<\/td><td class=\"has-text-align-center\" data-align=\"center\">At\u00e9 4,0 pontos <\/td><td class=\"has-text-align-center\" data-align=\"center\">0,3 pontos por erro <\/td><\/tr><tr><td class=\"has-text-align-center\" data-align=\"center\">Morfossintaxe (M)<\/td><td class=\"has-text-align-center\" data-align=\"center\">At\u00e9 5,0 pontos <\/td><td class=\"has-text-align-center\" data-align=\"center\">0,3 pontos por erro <\/td><\/tr><\/tbody><\/table><figcaption class=\"wp-element-caption\">Tabela de pontos prova de reda\u00e7\u00e3o MPMG<\/figcaption><\/figure>\n\n\n\n<h3 class=\"wp-block-heading\" id=\"nomeados-mpmg\">Nomeados do \u00faltimo concurso MPMG<\/h3>\n\n\n\n<p>Ao fim do certame, em que pese a oferta inicial de 33 vagas imediatas + CR, foram nomeados 824 candidatos, sendo 382 para Oficial do MP &#8211; Servi\u00e7os Diretos e 442 para Analista do MP &#8211; Diversas especialidades. Veja na tabela abaixo: <\/p>\n\n\n\n<figure class=\"wp-block-table is-style-stripes\"><table class=\"has-very-light-gray-to-cyan-bluish-gray-gradient-background has-background has-fixed-layout\"><tbody><tr><td class=\"has-text-align-center\" data-align=\"center\"><strong>Cargo<\/strong><\/td><td class=\"has-text-align-center\" data-align=\"center\"><strong>Especialidade<\/strong><\/td><td class=\"has-text-align-center\" data-align=\"center\"><strong>Nomea\u00e7\u00f5es<\/strong><\/td><\/tr><tr><td class=\"has-text-align-center\" data-align=\"center\">Oficial do MP <\/td><td class=\"has-text-align-center\" data-align=\"center\">Servi\u00e7os Diretos <\/td><td class=\"has-text-align-center\" data-align=\"center\">382<\/td><\/tr><tr><td class=\"has-text-align-center\" data-align=\"center\">Analista do MP<\/td><td class=\"has-text-align-center\" data-align=\"center\">Administra\u00e7\u00e3o P\u00fablica<\/td><td class=\"has-text-align-center\" data-align=\"center\">02<\/td><\/tr><tr><td class=\"has-text-align-center\" data-align=\"center\">Analista do MP<\/td><td class=\"has-text-align-center\" data-align=\"center\">Arquivista<\/td><td class=\"has-text-align-center\" data-align=\"center\">02<\/td><\/tr><tr><td class=\"has-text-align-center\" data-align=\"center\">Analista do MP<\/td><td class=\"has-text-align-center\" data-align=\"center\">Biblioteconomia<\/td><td class=\"has-text-align-center\" data-align=\"center\">02<\/td><\/tr><tr><td class=\"has-text-align-center\" data-align=\"center\">Analista do MP<\/td><td class=\"has-text-align-center\" data-align=\"center\">Ci\u00eancias Cont\u00e1beis<\/td><td class=\"has-text-align-center\" data-align=\"center\">20<\/td><\/tr><tr><td class=\"has-text-align-center\" data-align=\"center\">Analista do MP<\/td><td class=\"has-text-align-center\" data-align=\"center\">Direito <\/td><td class=\"has-text-align-center\" data-align=\"center\">372<\/td><\/tr><tr><td class=\"has-text-align-center\" data-align=\"center\">Analista do MP<\/td><td class=\"has-text-align-center\" data-align=\"center\">Engenharia Civil<\/td><td class=\"has-text-align-center\" data-align=\"center\">04<\/td><\/tr><tr><td class=\"has-text-align-center\" data-align=\"center\">Analista do MP<\/td><td class=\"has-text-align-center\" data-align=\"center\">Engenharia Florestal<\/td><td class=\"has-text-align-center\" data-align=\"center\">02<\/td><\/tr><tr><td class=\"has-text-align-center\" data-align=\"center\">Analista do MP<\/td><td class=\"has-text-align-center\" data-align=\"center\">Engenharia de Seguran\u00e7a do Trabalho <\/td><td class=\"has-text-align-center\" data-align=\"center\">01<\/td><\/tr><tr><td class=\"has-text-align-center\" data-align=\"center\">Analista do MP<\/td><td class=\"has-text-align-center\" data-align=\"center\">Estat\u00edtica<\/td><td class=\"has-text-align-center\" data-align=\"center\">04<\/td><\/tr><tr><td class=\"has-text-align-center\" data-align=\"center\">Analista do MP<\/td><td class=\"has-text-align-center\" data-align=\"center\">Jornalismo <\/td><td class=\"has-text-align-center\" data-align=\"center\">02<\/td><\/tr><tr><td class=\"has-text-align-center\" data-align=\"center\">Analista do MP<\/td><td class=\"has-text-align-center\" data-align=\"center\">Letras <\/td><td class=\"has-text-align-center\" data-align=\"center\">06<\/td><\/tr><tr><td class=\"has-text-align-center\" data-align=\"center\">Analista do MP<\/td><td class=\"has-text-align-center\" data-align=\"center\">Pedagogia<\/td><td class=\"has-text-align-center\" data-align=\"center\">02<\/td><\/tr><tr><td class=\"has-text-align-center\" data-align=\"center\">Analista do MP<\/td><td class=\"has-text-align-center\" data-align=\"center\">Psicologia<\/td><td class=\"has-text-align-center\" data-align=\"center\">04<\/td><\/tr><tr><td class=\"has-text-align-center\" data-align=\"center\">Analista do MP<\/td><td class=\"has-text-align-center\" data-align=\"center\">Publicidade<\/td><td class=\"has-text-align-center\" data-align=\"center\">01<\/td><\/tr><tr><td class=\"has-text-align-center\" data-align=\"center\">Analista do MP<\/td><td class=\"has-text-align-center\" data-align=\"center\">Rela\u00e7\u00f5es P\u00fablicas<\/td><td class=\"has-text-align-center\" data-align=\"center\">01<\/td><\/tr><tr><td class=\"has-text-align-center\" data-align=\"center\">Analista do MP<\/td><td class=\"has-text-align-center\" data-align=\"center\">Sa\u00fade P\u00fablica<\/td><td class=\"has-text-align-center\" data-align=\"center\">06<\/td><\/tr><tr><td class=\"has-text-align-center\" data-align=\"center\">Analista do MP<\/td><td class=\"has-text-align-center\" data-align=\"center\">Servi\u00e7o Social <\/td><td class=\"has-text-align-center\" data-align=\"center\">05<\/td><\/tr><tr><td class=\"has-text-align-center\" data-align=\"center\">Analista do MP<\/td><td class=\"has-text-align-center\" data-align=\"center\">Sociologia<\/td><td class=\"has-text-align-center\" data-align=\"center\">02<\/td><\/tr><tr><td class=\"has-text-align-center\" data-align=\"center\">Analista do MP<\/td><td class=\"has-text-align-center\" data-align=\"center\">TI &#8211; Administra\u00e7\u00e3o de Redes <\/td><td class=\"has-text-align-center\" data-align=\"center\">01<\/td><\/tr><tr><td class=\"has-text-align-center\" data-align=\"center\">Analista do MP<\/td><td class=\"has-text-align-center\" data-align=\"center\">TI &#8211; An\u00e1lise de Suporte<\/td><td class=\"has-text-align-center\" data-align=\"center\">03<\/td><\/tr><tr><td class=\"has-text-align-center\" data-align=\"center\"><strong>TOTAL <\/strong><\/td><td class=\"has-text-align-center\" data-align=\"center\"><\/td><td class=\"has-text-align-center\" data-align=\"center\"><strong>824<\/strong><\/td><\/tr><\/tbody><\/table><\/figure>\n\n\n\n<p>A informa\u00e7\u00e3o foi obtida mediante pedido de informa\u00e7\u00f5es junto ao \u00f3rg\u00e3o. O documento com os nomes dos <a href=\"https:\/\/dhg1h5j42swfq.cloudfront.net\/2020\/10\/30174300\/Nomea__es-Concurso-2012-servidores_MPMG.pdf\">candidatos nomeados e as respectivas regi\u00f5es<\/a> j\u00e1 est\u00e1 dispon\u00edvel.<\/p>\n\n\n\n<h2 class=\"wp-block-heading has-text-align-center\" id=\"h-quer-saber-tudo-sobre-concursos-previstos-confira-nossos-artigos\">Quer saber tudo sobre concursos previstos?<br \/>Confira nossos artigos!<\/h2>\n\n\n\n<ul class=\"wp-block-list\">\n<li><a href=\"https:\/\/www.estrategiaconcursos.com.br\/blog\/concursos-abertos\/\" target=\"_blank\" rel=\"noreferrer noopener\">Concursos abertos<\/a><\/li>\n\n\n\n<li><a href=\"https:\/\/www.estrategiaconcursos.com.br\/blog\/concursos-mp\/\">Concursos MP<\/a><\/li>\n\n\n\n<li><a href=\"https:\/\/www.estrategiaconcursos.com.br\/blog\/concursos-2025\" target=\"_blank\" rel=\"noreferrer noopener\">Concursos 2025<\/a><\/li>\n\n\n\n<li><a href=\"https:\/\/www.estrategiaconcursos.com.br\/blog\/concursos-2026\/\">Concursos 2026<\/a><\/li>\n<\/ul>\n\n\n\n<h2 class=\"wp-block-heading has-text-align-center\" id=\"cursos-concurso-mpmg\">Cursos para o concurso MPMG <\/h2>\n\n\n\n<div class=\"container\" id=\"boxes\">\n  <div class=\"row\">\n\n    <div class=\"col-sm\">\n      <div class=\"banner-tribunal\" id=\"box-assinatura\">\n        <h3 class=\"titulo-assinatura\">Curso MP MG<\/h3>\n        <p class=\"subtitulo-assinatura\">Conhe\u00e7a os cursos<\/p>\n        <div class=\"box-botao\">\n          <a class=\"btn-assinatura\" target=\"_blank\" href=\"https:\/\/www.estrategiaconcursos.com.br\/cursosPorConcurso\/ministerio-publico-de-minas-gerais-mp-mg-servidores\/\" role=\"button\" rel=\"noopener noreferrer\">Conhe\u00e7a mais<\/a>\n        <\/div>\n      <\/div>\n      <p class=\"texto-auxiliar\">Prepare-se com o melhor material e com quem mais aprova em Concursos P\u00fablicos em todo o pa\u00eds.<\/p>\n    <\/div>\n\n  <\/div>\n<\/div>\n\n\n\n<div class=\"container\" id=\"boxes\">\n  <div class=\"row\">\n\n    <div class=\"col-sm\">\n      <div class=\"estrategia\" id=\"box-assinatura\">\n        <h3 class=\"titulo-assinatura\">Assinatura Concursos<\/h3>\n        <p class=\"subtitulo-assinatura\">Assinatura de 1 ano ou 2 anos<\/p>\n        <div class=\"box-botao\">\n          <a class=\"btn-assinatura\" target=\"_blank\" href=\"https:\/\/www.estrategiaconcursos.com.br\/assinaturas\/\" role=\"button\" rel=\"noopener noreferrer\">ASSINE AGORA<\/a>\n        <\/div>\n      <\/div>\n     \n    <\/div><\/div><\/div>\n\n\n\n<figure class=\"wp-block-image size-large is-resized\"><img loading=\"lazy\" decoding=\"async\" width=\"1024\" height=\"632\" src=\"https:\/\/dhg1h5j42swfq.cloudfront.net\/2021\/04\/06114439\/ficha-tecnica-59-1024x632.png\" alt=\"MPMG\" class=\"wp-image-708370\" style=\"width:228px;height:141px\" srcset=\"https:\/\/dhg1h5j42swfq.cloudfront.net\/2021\/04\/06114439\/ficha-tecnica-59-1024x632.png 1024w, https:\/\/dhg1h5j42swfq.cloudfront.net\/2021\/04\/06114439\/ficha-tecnica-59-300x185.png 300w, https:\/\/dhg1h5j42swfq.cloudfront.net\/2021\/04\/06114439\/ficha-tecnica-59-768x474.png 768w, https:\/\/dhg1h5j42swfq.cloudfront.net\/2021\/04\/06114439\/ficha-tecnica-59-1536x948.png 1536w, https:\/\/dhg1h5j42swfq.cloudfront.net\/2021\/04\/06114439\/ficha-tecnica-59-610x377.png 610w, https:\/\/dhg1h5j42swfq.cloudfront.net\/2021\/04\/06114439\/ficha-tecnica-59.png 1571w\" sizes=\"auto, (max-width: 1024px) 100vw, 1024px\" \/><\/figure>\n\n\n\n<h3 class=\"wp-block-heading\" id=\"block-dd86253e-8cd8-4879-9259-76018589e425\"><br \/>Informa\u00e7\u00f5es do concurso MP MG<\/h3>\n\n\n\n<ul class=\"wp-block-list\">\n<li><strong>Provas<\/strong>: <s>15\/01\/2023<\/s><\/li>\n\n\n\n<li><strong>Banca<\/strong>: Consulplan<\/li>\n\n\n\n<li><strong>Cargos<\/strong>: diversos<\/li>\n\n\n\n<li><strong>Vagas<\/strong>: 101 + CR<\/li>\n\n\n\n<li><strong>Sal\u00e1rios<\/strong>: R$ 4.075,84 a R$ 6.279,14<\/li>\n\n\n\n<li><strong>Edital<\/strong>: <a href=\"https:\/\/dhg1h5j42swfq.cloudfront.net\/2022\/10\/19010804\/edital-mp-mg-servidores.pdf\" target=\"_blank\" rel=\"noreferrer noopener\">MP MG-2022<\/a><\/li>\n<\/ul>\n\n\n\n<p>\ufeff<\/p>\n","protected":false},"excerpt":{"rendered":"<p>Atualmente, o Minist\u00e9rio P\u00fablico de Minas Gerais (MP MG) est\u00e1 com 407 cargos vagos para servidores e tem uma especula\u00e7\u00e3o de novo edital em 2025. Ademais, o resultado final do \u00faltimo concurso MP MG foi homologado em 2023. O certame ofertou 101 vagas imediatas e oportunidades de cadastro reserva para cargos de n\u00edveis m\u00e9dio e [&hellip;]<\/p>\n","protected":false},"author":1,"featured_media":698756,"comment_status":"open","ping_status":"closed","sticky":false,"template":"","format":"standard","meta":{"post_tipo":"news_page","footnotes":""},"categories":[1984],"tags":[],"tax_estado":[219974],"class_list":["post-482561","post","type-post","status-publish","format-standard","has-post-thumbnail","hentry","category-tribunais","tax_estado-mg"],"acf":[],"yoast_head":"<!-- This site is optimized with the Yoast SEO Premium plugin v27.2 (Yoast SEO v27.2) - https:\/\/yoast.com\/product\/yoast-seo-premium-wordpress\/ -->\n<title>Concurso MP MG: 407 cargos vagos, confira!<\/title>\n<meta name=\"description\" content=\"Concurso MP MG: \u00faltimo edital ofertou 101 vagas para cargos efetivos. Atualmente s\u00e3o 407 cargos vagos no \u00f3rg\u00e3o!\" \/>\n<meta name=\"robots\" content=\"index, follow, max-snippet:-1, max-image-preview:large, max-video-preview:-1\" \/>\n<link rel=\"canonical\" href=\"https:\/\/www.estrategiaconcursos.com.br\/blog\/concurso-mp-mg\/\" \/>\n<meta property=\"og:locale\" content=\"pt_BR\" \/>\n<meta property=\"og:type\" content=\"article\" \/>\n<meta property=\"og:title\" content=\"Concurso MP MG: 407 cargos vagos, confira!\" \/>\n<meta property=\"og:description\" content=\"Concurso MP MG: \u00faltimo edital ofertou 101 vagas para cargos efetivos. Atualmente s\u00e3o 407 cargos vagos no \u00f3rg\u00e3o!\" \/>\n<meta property=\"og:url\" content=\"https:\/\/www.estrategiaconcursos.com.br\/blog\/concurso-mp-mg\/\" \/>\n<meta property=\"og:site_name\" content=\"Estrat\u00e9gia Concursos\" \/>\n<meta property=\"article:author\" content=\"https:\/\/www.facebook.com\/EstrategiaConcursos\" \/>\n<meta property=\"article:published_time\" content=\"2025-08-27T14:19:00+00:00\" \/>\n<meta property=\"article:modified_time\" content=\"2025-10-02T18:03:35+00:00\" \/>\n<meta property=\"og:image\" content=\"https:\/\/dhg1h5j42swfq.cloudfront.net\/2021\/03\/22174319\/mp-mg.jpg\" \/>\n\t<meta property=\"og:image:width\" content=\"1200\" \/>\n\t<meta property=\"og:image:height\" content=\"628\" \/>\n\t<meta property=\"og:image:type\" content=\"image\/jpeg\" \/>\n<meta name=\"author\" content=\"Coordena\u00e7\u00e3o\" \/>\n<meta name=\"twitter:card\" content=\"summary_large_image\" \/>\n<meta name=\"twitter:creator\" content=\"@EstratConcursos\" \/>\n<meta name=\"twitter:site\" content=\"@EstratConcursos\" \/>\n<meta name=\"twitter:label1\" content=\"Escrito por\" \/>\n\t<meta name=\"twitter:data1\" content=\"Coordena\u00e7\u00e3o\" \/>\n\t<meta name=\"twitter:label2\" content=\"Est. tempo de leitura\" \/>\n\t<meta name=\"twitter:data2\" content=\"8 minutos\" \/>\n<script type=\"application\/ld+json\" class=\"yoast-schema-graph\">{\"@context\":\"https:\/\/schema.org\",\"@graph\":[{\"@type\":\"NewsArticle\",\"@id\":\"https:\/\/www.estrategiaconcursos.com.br\/blog\/concurso-mp-mg\/#article\",\"isPartOf\":{\"@id\":\"https:\/\/www.estrategiaconcursos.com.br\/blog\/concurso-mp-mg\/\"},\"author\":{\"name\":\"Coordena\u00e7\u00e3o\",\"@id\":\"https:\/\/www.estrategiaconcursos.com.br\/blog\/#\/schema\/person\/b4a388c97673c5f483d72185668afa1f\"},\"headline\":\"Concurso MP MG: 407 cargos vagos, confira!\",\"datePublished\":\"2025-08-27T14:19:00+00:00\",\"dateModified\":\"2025-10-02T18:03:35+00:00\",\"mainEntityOfPage\":{\"@id\":\"https:\/\/www.estrategiaconcursos.com.br\/blog\/concurso-mp-mg\/\"},\"wordCount\":5107,\"commentCount\":1,\"publisher\":{\"@id\":\"https:\/\/www.estrategiaconcursos.com.br\/blog\/#organization\"},\"image\":{\"@id\":\"https:\/\/www.estrategiaconcursos.com.br\/blog\/concurso-mp-mg\/#primaryimage\"},\"thumbnailUrl\":\"https:\/\/dhg1h5j42swfq.cloudfront.net\/2021\/03\/22174319\/mp-mg.jpg\",\"articleSection\":[\"Tribunais\"],\"inLanguage\":\"pt-BR\",\"potentialAction\":[{\"@type\":\"CommentAction\",\"name\":\"Comment\",\"target\":[\"https:\/\/www.estrategiaconcursos.com.br\/blog\/concurso-mp-mg\/#respond\"]}],\"copyrightYear\":\"2025\",\"copyrightHolder\":{\"@id\":\"https:\/\/www.estrategiaconcursos.com.br\/blog\/#organization\"}},{\"@type\":\"WebPage\",\"@id\":\"https:\/\/www.estrategiaconcursos.com.br\/blog\/concurso-mp-mg\/\",\"url\":\"https:\/\/www.estrategiaconcursos.com.br\/blog\/concurso-mp-mg\/\",\"name\":\"Concurso MP MG: 407 cargos vagos, confira!\",\"isPartOf\":{\"@id\":\"https:\/\/www.estrategiaconcursos.com.br\/blog\/#website\"},\"primaryImageOfPage\":{\"@id\":\"https:\/\/www.estrategiaconcursos.com.br\/blog\/concurso-mp-mg\/#primaryimage\"},\"image\":{\"@id\":\"https:\/\/www.estrategiaconcursos.com.br\/blog\/concurso-mp-mg\/#primaryimage\"},\"thumbnailUrl\":\"https:\/\/dhg1h5j42swfq.cloudfront.net\/2021\/03\/22174319\/mp-mg.jpg\",\"datePublished\":\"2025-08-27T14:19:00+00:00\",\"dateModified\":\"2025-10-02T18:03:35+00:00\",\"description\":\"Concurso MP MG: \u00faltimo edital ofertou 101 vagas para cargos efetivos. Atualmente s\u00e3o 407 cargos vagos no \u00f3rg\u00e3o!\",\"breadcrumb\":{\"@id\":\"https:\/\/www.estrategiaconcursos.com.br\/blog\/concurso-mp-mg\/#breadcrumb\"},\"inLanguage\":\"pt-BR\",\"potentialAction\":[{\"@type\":\"ReadAction\",\"target\":[\"https:\/\/www.estrategiaconcursos.com.br\/blog\/concurso-mp-mg\/\"]}]},{\"@type\":\"ImageObject\",\"inLanguage\":\"pt-BR\",\"@id\":\"https:\/\/www.estrategiaconcursos.com.br\/blog\/concurso-mp-mg\/#primaryimage\",\"url\":\"https:\/\/dhg1h5j42swfq.cloudfront.net\/2021\/03\/22174319\/mp-mg.jpg\",\"contentUrl\":\"https:\/\/dhg1h5j42swfq.cloudfront.net\/2021\/03\/22174319\/mp-mg.jpg\",\"width\":1200,\"height\":628,\"caption\":\"concurso mpmg\"},{\"@type\":\"BreadcrumbList\",\"@id\":\"https:\/\/www.estrategiaconcursos.com.br\/blog\/concurso-mp-mg\/#breadcrumb\",\"itemListElement\":[{\"@type\":\"ListItem\",\"position\":1,\"name\":\"In\u00edcio\",\"item\":\"https:\/\/www.estrategiaconcursos.com.br\/blog\/\"},{\"@type\":\"ListItem\",\"position\":2,\"name\":\"Concurso MP MG: 407 cargos vagos, confira!\"}]},{\"@type\":\"WebSite\",\"@id\":\"https:\/\/www.estrategiaconcursos.com.br\/blog\/#website\",\"url\":\"https:\/\/www.estrategiaconcursos.com.br\/blog\/\",\"name\":\"Estrat\u00e9gia Concursos\",\"description\":\"O blog da Estrat\u00e9gia Concursos traz not\u00edcias sobre concursos e artigos de professores oferecendo cursos para concursos (pdf + videaulas) no site.\",\"publisher\":{\"@id\":\"https:\/\/www.estrategiaconcursos.com.br\/blog\/#organization\"},\"potentialAction\":[{\"@type\":\"SearchAction\",\"target\":{\"@type\":\"EntryPoint\",\"urlTemplate\":\"https:\/\/www.estrategiaconcursos.com.br\/blog\/?s={search_term_string}\"},\"query-input\":{\"@type\":\"PropertyValueSpecification\",\"valueRequired\":true,\"valueName\":\"search_term_string\"}}],\"inLanguage\":\"pt-BR\"},{\"@type\":\"Organization\",\"@id\":\"https:\/\/www.estrategiaconcursos.com.br\/blog\/#organization\",\"name\":\"Estrat\u00e9gia Concursos\",\"url\":\"https:\/\/www.estrategiaconcursos.com.br\/blog\/\",\"logo\":{\"@type\":\"ImageObject\",\"inLanguage\":\"pt-BR\",\"@id\":\"https:\/\/www.estrategiaconcursos.com.br\/blog\/#\/schema\/logo\/image\/\",\"url\":\"https:\/\/dhg1h5j42swfq.cloudfront.net\/2025\/06\/03203428\/logo_concursos-1.jpg\",\"contentUrl\":\"https:\/\/dhg1h5j42swfq.cloudfront.net\/2025\/06\/03203428\/logo_concursos-1.jpg\",\"width\":230,\"height\":60,\"caption\":\"Estrat\u00e9gia Concursos\"},\"image\":{\"@id\":\"https:\/\/www.estrategiaconcursos.com.br\/blog\/#\/schema\/logo\/image\/\"},\"sameAs\":[\"https:\/\/x.com\/EstratConcursos\"]},{\"@type\":\"Person\",\"@id\":\"https:\/\/www.estrategiaconcursos.com.br\/blog\/#\/schema\/person\/b4a388c97673c5f483d72185668afa1f\",\"name\":\"Coordena\u00e7\u00e3o\",\"image\":{\"@type\":\"ImageObject\",\"inLanguage\":\"pt-BR\",\"@id\":\"https:\/\/secure.gravatar.com\/avatar\/b720319e4c9a967eb58678d110f4fe35452fc5d5f97b202bac7b8acceb18c6ad?s=96&d=mm&r=g\",\"url\":\"https:\/\/secure.gravatar.com\/avatar\/b720319e4c9a967eb58678d110f4fe35452fc5d5f97b202bac7b8acceb18c6ad?s=96&d=mm&r=g\",\"contentUrl\":\"https:\/\/secure.gravatar.com\/avatar\/b720319e4c9a967eb58678d110f4fe35452fc5d5f97b202bac7b8acceb18c6ad?s=96&d=mm&r=g\",\"caption\":\"Coordena\u00e7\u00e3o\"},\"sameAs\":[\"https:\/\/www.facebook.com\/EstrategiaConcursos\",\"https:\/\/x.com\/EstratConcursos\"],\"url\":\"https:\/\/www.estrategiaconcursos.com.br\/blog\/author\/estrategia2013\/\"}]}<\/script>\n<!-- \/ Yoast SEO Premium plugin. -->","yoast_head_json":{"title":"Concurso MP MG: 407 cargos vagos, confira!","description":"Concurso MP MG: \u00faltimo edital ofertou 101 vagas para cargos efetivos. Atualmente s\u00e3o 407 cargos vagos no \u00f3rg\u00e3o!","robots":{"index":"index","follow":"follow","max-snippet":"max-snippet:-1","max-image-preview":"max-image-preview:large","max-video-preview":"max-video-preview:-1"},"canonical":"https:\/\/www.estrategiaconcursos.com.br\/blog\/concurso-mp-mg\/","og_locale":"pt_BR","og_type":"article","og_title":"Concurso MP MG: 407 cargos vagos, confira!","og_description":"Concurso MP MG: \u00faltimo edital ofertou 101 vagas para cargos efetivos. Atualmente s\u00e3o 407 cargos vagos no \u00f3rg\u00e3o!","og_url":"https:\/\/www.estrategiaconcursos.com.br\/blog\/concurso-mp-mg\/","og_site_name":"Estrat\u00e9gia Concursos","article_author":"https:\/\/www.facebook.com\/EstrategiaConcursos","article_published_time":"2025-08-27T14:19:00+00:00","article_modified_time":"2025-10-02T18:03:35+00:00","og_image":[{"width":1200,"height":628,"url":"https:\/\/dhg1h5j42swfq.cloudfront.net\/2021\/03\/22174319\/mp-mg.jpg","type":"image\/jpeg"}],"author":"Coordena\u00e7\u00e3o","twitter_card":"summary_large_image","twitter_creator":"@EstratConcursos","twitter_site":"@EstratConcursos","twitter_misc":{"Escrito por":"Coordena\u00e7\u00e3o","Est. tempo de leitura":"8 minutos"},"schema":{"@context":"https:\/\/schema.org","@graph":[{"@type":"NewsArticle","@id":"https:\/\/www.estrategiaconcursos.com.br\/blog\/concurso-mp-mg\/#article","isPartOf":{"@id":"https:\/\/www.estrategiaconcursos.com.br\/blog\/concurso-mp-mg\/"},"author":{"name":"Coordena\u00e7\u00e3o","@id":"https:\/\/www.estrategiaconcursos.com.br\/blog\/#\/schema\/person\/b4a388c97673c5f483d72185668afa1f"},"headline":"Concurso MP MG: 407 cargos vagos, confira!","datePublished":"2025-08-27T14:19:00+00:00","dateModified":"2025-10-02T18:03:35+00:00","mainEntityOfPage":{"@id":"https:\/\/www.estrategiaconcursos.com.br\/blog\/concurso-mp-mg\/"},"wordCount":5107,"commentCount":1,"publisher":{"@id":"https:\/\/www.estrategiaconcursos.com.br\/blog\/#organization"},"image":{"@id":"https:\/\/www.estrategiaconcursos.com.br\/blog\/concurso-mp-mg\/#primaryimage"},"thumbnailUrl":"https:\/\/dhg1h5j42swfq.cloudfront.net\/2021\/03\/22174319\/mp-mg.jpg","articleSection":["Tribunais"],"inLanguage":"pt-BR","potentialAction":[{"@type":"CommentAction","name":"Comment","target":["https:\/\/www.estrategiaconcursos.com.br\/blog\/concurso-mp-mg\/#respond"]}],"copyrightYear":"2025","copyrightHolder":{"@id":"https:\/\/www.estrategiaconcursos.com.br\/blog\/#organization"}},{"@type":"WebPage","@id":"https:\/\/www.estrategiaconcursos.com.br\/blog\/concurso-mp-mg\/","url":"https:\/\/www.estrategiaconcursos.com.br\/blog\/concurso-mp-mg\/","name":"Concurso MP MG: 407 cargos vagos, confira!","isPartOf":{"@id":"https:\/\/www.estrategiaconcursos.com.br\/blog\/#website"},"primaryImageOfPage":{"@id":"https:\/\/www.estrategiaconcursos.com.br\/blog\/concurso-mp-mg\/#primaryimage"},"image":{"@id":"https:\/\/www.estrategiaconcursos.com.br\/blog\/concurso-mp-mg\/#primaryimage"},"thumbnailUrl":"https:\/\/dhg1h5j42swfq.cloudfront.net\/2021\/03\/22174319\/mp-mg.jpg","datePublished":"2025-08-27T14:19:00+00:00","dateModified":"2025-10-02T18:03:35+00:00","description":"Concurso MP MG: \u00faltimo edital ofertou 101 vagas para cargos efetivos. Atualmente s\u00e3o 407 cargos vagos no \u00f3rg\u00e3o!","breadcrumb":{"@id":"https:\/\/www.estrategiaconcursos.com.br\/blog\/concurso-mp-mg\/#breadcrumb"},"inLanguage":"pt-BR","potentialAction":[{"@type":"ReadAction","target":["https:\/\/www.estrategiaconcursos.com.br\/blog\/concurso-mp-mg\/"]}]},{"@type":"ImageObject","inLanguage":"pt-BR","@id":"https:\/\/www.estrategiaconcursos.com.br\/blog\/concurso-mp-mg\/#primaryimage","url":"https:\/\/dhg1h5j42swfq.cloudfront.net\/2021\/03\/22174319\/mp-mg.jpg","contentUrl":"https:\/\/dhg1h5j42swfq.cloudfront.net\/2021\/03\/22174319\/mp-mg.jpg","width":1200,"height":628,"caption":"concurso mpmg"},{"@type":"BreadcrumbList","@id":"https:\/\/www.estrategiaconcursos.com.br\/blog\/concurso-mp-mg\/#breadcrumb","itemListElement":[{"@type":"ListItem","position":1,"name":"In\u00edcio","item":"https:\/\/www.estrategiaconcursos.com.br\/blog\/"},{"@type":"ListItem","position":2,"name":"Concurso MP MG: 407 cargos vagos, confira!"}]},{"@type":"WebSite","@id":"https:\/\/www.estrategiaconcursos.com.br\/blog\/#website","url":"https:\/\/www.estrategiaconcursos.com.br\/blog\/","name":"Estrat\u00e9gia Concursos","description":"O blog da Estrat\u00e9gia Concursos traz not\u00edcias sobre concursos e artigos de professores oferecendo cursos para concursos (pdf + videaulas) no site.","publisher":{"@id":"https:\/\/www.estrategiaconcursos.com.br\/blog\/#organization"},"potentialAction":[{"@type":"SearchAction","target":{"@type":"EntryPoint","urlTemplate":"https:\/\/www.estrategiaconcursos.com.br\/blog\/?s={search_term_string}"},"query-input":{"@type":"PropertyValueSpecification","valueRequired":true,"valueName":"search_term_string"}}],"inLanguage":"pt-BR"},{"@type":"Organization","@id":"https:\/\/www.estrategiaconcursos.com.br\/blog\/#organization","name":"Estrat\u00e9gia Concursos","url":"https:\/\/www.estrategiaconcursos.com.br\/blog\/","logo":{"@type":"ImageObject","inLanguage":"pt-BR","@id":"https:\/\/www.estrategiaconcursos.com.br\/blog\/#\/schema\/logo\/image\/","url":"https:\/\/dhg1h5j42swfq.cloudfront.net\/2025\/06\/03203428\/logo_concursos-1.jpg","contentUrl":"https:\/\/dhg1h5j42swfq.cloudfront.net\/2025\/06\/03203428\/logo_concursos-1.jpg","width":230,"height":60,"caption":"Estrat\u00e9gia Concursos"},"image":{"@id":"https:\/\/www.estrategiaconcursos.com.br\/blog\/#\/schema\/logo\/image\/"},"sameAs":["https:\/\/x.com\/EstratConcursos"]},{"@type":"Person","@id":"https:\/\/www.estrategiaconcursos.com.br\/blog\/#\/schema\/person\/b4a388c97673c5f483d72185668afa1f","name":"Coordena\u00e7\u00e3o","image":{"@type":"ImageObject","inLanguage":"pt-BR","@id":"https:\/\/secure.gravatar.com\/avatar\/b720319e4c9a967eb58678d110f4fe35452fc5d5f97b202bac7b8acceb18c6ad?s=96&d=mm&r=g","url":"https:\/\/secure.gravatar.com\/avatar\/b720319e4c9a967eb58678d110f4fe35452fc5d5f97b202bac7b8acceb18c6ad?s=96&d=mm&r=g","contentUrl":"https:\/\/secure.gravatar.com\/avatar\/b720319e4c9a967eb58678d110f4fe35452fc5d5f97b202bac7b8acceb18c6ad?s=96&d=mm&r=g","caption":"Coordena\u00e7\u00e3o"},"sameAs":["https:\/\/www.facebook.com\/EstrategiaConcursos","https:\/\/x.com\/EstratConcursos"],"url":"https:\/\/www.estrategiaconcursos.com.br\/blog\/author\/estrategia2013\/"}]}},"_links":{"self":[{"href":"https:\/\/www.estrategiaconcursos.com.br\/blog\/wp-json\/wp\/v2\/posts\/482561","targetHints":{"allow":["GET"]}}],"collection":[{"href":"https:\/\/www.estrategiaconcursos.com.br\/blog\/wp-json\/wp\/v2\/posts"}],"about":[{"href":"https:\/\/www.estrategiaconcursos.com.br\/blog\/wp-json\/wp\/v2\/types\/post"}],"author":[{"embeddable":true,"href":"https:\/\/www.estrategiaconcursos.com.br\/blog\/wp-json\/wp\/v2\/users\/1"}],"replies":[{"embeddable":true,"href":"https:\/\/www.estrategiaconcursos.com.br\/blog\/wp-json\/wp\/v2\/comments?post=482561"}],"version-history":[{"count":152,"href":"https:\/\/www.estrategiaconcursos.com.br\/blog\/wp-json\/wp\/v2\/posts\/482561\/revisions"}],"predecessor-version":[{"id":1648557,"href":"https:\/\/www.estrategiaconcursos.com.br\/blog\/wp-json\/wp\/v2\/posts\/482561\/revisions\/1648557"}],"wp:featuredmedia":[{"embeddable":true,"href":"https:\/\/www.estrategiaconcursos.com.br\/blog\/wp-json\/wp\/v2\/media\/698756"}],"wp:attachment":[{"href":"https:\/\/www.estrategiaconcursos.com.br\/blog\/wp-json\/wp\/v2\/media?parent=482561"}],"wp:term":[{"taxonomy":"category","embeddable":true,"href":"https:\/\/www.estrategiaconcursos.com.br\/blog\/wp-json\/wp\/v2\/categories?post=482561"},{"taxonomy":"post_tag","embeddable":true,"href":"https:\/\/www.estrategiaconcursos.com.br\/blog\/wp-json\/wp\/v2\/tags?post=482561"},{"taxonomy":"tax_estado","embeddable":true,"href":"https:\/\/www.estrategiaconcursos.com.br\/blog\/wp-json\/wp\/v2\/tax_estado?post=482561"}],"curies":[{"name":"wp","href":"https:\/\/api.w.org\/{rel}","templated":true}]}}