{"id":482504,"date":"2026-01-13T10:19:00","date_gmt":"2026-01-13T13:19:00","guid":{"rendered":"https:\/\/www.estrategiaconcursos.com.br\/blog\/?p=482504"},"modified":"2026-01-13T10:33:20","modified_gmt":"2026-01-13T13:33:20","slug":"concurso-crb-df","status":"publish","type":"post","link":"https:\/\/www.estrategiaconcursos.com.br\/blog\/concurso-crb-df\/","title":{"rendered":"Concurso CRB DF: prova em mar\u00e7o! 70 vagas!"},"content":{"rendered":"<p><center><a id=\"cta-icon\" href=\"https:\/\/sndflw.com\/i\/crb-df-grupo\" target=\"_blank\" style=\"background:#29a61a; display:inline-flex; align-items:center; padding:10px 15px; border-radius:6px; color:#fff; text-decoration:none; font-weight:500; font-size:15px;\"><img decoding=\"async\" src=\"https:\/\/dhg1h5j42swfq.cloudfront.net\/2023\/12\/07154107\/whatsapp_13851.png\" alt=\"\" style=\"width:20px; height:20px; margin-right:8px;\"><span>Acesse agora o Grupo de Estudos para o Concurso CRB DF<\/span><\/a><\/center><\/p>\n\n\n\n<p>O <a href=\"https:\/\/www.estrategiaconcursos.com.br\/pesquisa\/?q=crb+df\" target=\"_blank\" rel=\"noreferrer noopener\">Conselho Regional de Biblioteconomia do DF<\/a> (CRB 1) oferta <strong>1 vaga imediata e 69 em cadastro de reserva<\/strong> para os cargos de <strong>Assistente Administrativo e Bibliotec\u00e1rio<\/strong>.<\/p>\n\n\n\n<p>Foi admitida a <strong>inscri\u00e7\u00e3o at\u00e9 \u00e0s 23 horas do dia 12 de janeiro de 2026<\/strong>, no site da banca Instituto Quadrix. Os valores foram de R$ 62,00 para o cargo de n\u00edvel m\u00e9dio e R$ 65,00 para o cargo de n\u00edvel superior.<\/p>\n\n\n\n<p>Confira tudo ao longo deste artigo!<\/p>\n\n\n\n<ul class=\"wp-block-list has-very-light-gray-to-cyan-bluish-gray-gradient-background has-background\">\n<li><strong>Concurso CRB DF<\/strong><\/li>\n\n\n\n<li><strong>Status:<\/strong> prova em 01\/03<\/li>\n\n\n\n<li><strong>Banca:<\/strong> Instituto Quadrix<\/li>\n\n\n\n<li><strong>Vagas:<\/strong> 1 + 69 CR<\/li>\n\n\n\n<li><strong>Sal\u00e1rio inicial:<\/strong> R$ 3.000,00 e R$ 4.200,00 + benef\u00edcios<\/li>\n\n\n\n<li><strong>Edital:<\/strong> <a href=\"https:\/\/dhg1h5j42swfq.cloudfront.net\/2025\/12\/08162503\/edital-1.pdf\">CRB DF 2025<\/a><\/li>\n<\/ul>\n\n\n\n<p>A fim de te deixar sempre bem informado, elaboramos este artigo com as principais informa\u00e7\u00f5es e novidades sobre o concurso. Acompanhe os t\u00f3picos abaixo e n\u00e3o perca nenhum detalhe:<\/p>\n\n\n\n<ul id=\"indice\" class=\"wp-block-list\">\n<li><a href=\"#datas\">Principais datas<\/a><\/li>\n\n\n\n<li><a href=\"#cargos-vagas\">Cargos e vagas<\/a><\/li>\n\n\n\n<li><a href=\"#etapas\">Etapas e provas<\/a><\/li>\n\n\n\n<li><a href=\"#cursos\">Cursos e assinaturas<\/a><\/li>\n\n\n\n<li><a href=\"#ficha\">Ficha t\u00e9cnica<\/a><\/li>\n<\/ul>\n\n\n\n<div class=\"container\" id=\"boxes\">\n  <div class=\"row\">\n\n    <div class=\"col-sm\">\n      <div class=\"banner-estrategia\" id=\"box-assinatura\">\n        <h3 class=\"titulo-assinatura\">Curso para CRB DF<\/h3>\n        <p class=\"subtitulo-assinatura\">Conhe\u00e7a os cursos<\/p>\n        <div class=\"box-botao\">\n          <a class=\"btn-assinatura\" target=\"_blank\" href=\"https:\/\/www.estrategiaconcursos.com.br\/cursosPorConcurso\/crb-df\/\" role=\"button\" rel=\"noopener noreferrer\">Saiba mais<\/a>\n        <\/div>\n      <\/div>\n     \n    <\/div>\n\n  <\/div>\n<\/div>\n\n\n\n<h2 class=\"wp-block-heading\" id=\"datas\">Concurso CRB DF: principais datas<\/h2>\n\n\n\n<ul class=\"wp-block-list\">\n<li><strong>Inscri\u00e7\u00f5es<\/strong>: <s>at\u00e9 12\/01\/2026<\/s><\/li>\n\n\n\n<li><strong>\u00daltimo dia para pagamento<\/strong>: 13\/01\/2026<\/li>\n\n\n\n<li><strong>Prova<\/strong>: 01\/03\/2026<\/li>\n<\/ul>\n\n\n\n<h2 class=\"wp-block-heading\" id=\"cargos-vagas\">Concurso CRB DF: cargos e vagas<\/h2>\n\n\n\n<figure class=\"wp-block-image size-large\"><img loading=\"lazy\" decoding=\"async\" width=\"1024\" height=\"222\" src=\"https:\/\/dhg1h5j42swfq.cloudfront.net\/2025\/12\/08162631\/captura-de-tela-2025-12-08-as-16-26-20-1024x222.png\" alt=\"Tabela de cargos e vagas\" class=\"wp-image-1681807\" srcset=\"https:\/\/dhg1h5j42swfq.cloudfront.net\/2025\/12\/08162631\/captura-de-tela-2025-12-08-as-16-26-20-1024x222.png 1024w, https:\/\/dhg1h5j42swfq.cloudfront.net\/2025\/12\/08162631\/captura-de-tela-2025-12-08-as-16-26-20-300x65.png 300w, https:\/\/dhg1h5j42swfq.cloudfront.net\/2025\/12\/08162631\/captura-de-tela-2025-12-08-as-16-26-20-768x166.png 768w, https:\/\/dhg1h5j42swfq.cloudfront.net\/2025\/12\/08162631\/captura-de-tela-2025-12-08-as-16-26-20-150x32.png 150w, https:\/\/dhg1h5j42swfq.cloudfront.net\/2025\/12\/08162631\/captura-de-tela-2025-12-08-as-16-26-20.png 1506w\" sizes=\"auto, (max-width: 1024px) 100vw, 1024px\" \/><\/figure>\n\n\n\n<p><strong>Benef\u00edcios<\/strong><\/p>\n\n\n\n<p>a) Vale Alimenta\u00e7\u00e3o, no valor de R$ 778,58 por m\u00eas;<br \/>b) Plano de Cargos e Sal\u00e1rios; e<br \/>c) Vale transporte, conforme legisla\u00e7\u00e3o vigente;<\/p>\n\n\n\n<h2 class=\"wp-block-heading\" id=\"etapas\">Etapas e provas do Concurso CRB DF<\/h2>\n\n\n\n<p>Os candidatos do concurso ser\u00e3o avaliados mediante aplica\u00e7\u00e3o das seguintes etapas:<\/p>\n\n\n\n<ul class=\"wp-block-list\">\n<li><strong>prova objetiva<\/strong>, de car\u00e1ter eliminat\u00f3rio e classificat\u00f3rio, para todos os cargos; e<\/li>\n\n\n\n<li><strong>prova discursiva<\/strong>, de car\u00e1ter eliminat\u00f3rio e classificat\u00f3rio, para todos os cargos.<\/li>\n<\/ul>\n\n\n\n<p>As fases do concurso p\u00fablico ser\u00e3o realizadas na cidade de Bras\u00edlia\/DF, na data de 01 de mar\u00e7o de 2026 (domingo), com dura\u00e7\u00e3o de 4h.<\/p>\n\n\n\n<figure class=\"wp-block-image size-large\"><img loading=\"lazy\" decoding=\"async\" width=\"1024\" height=\"225\" src=\"https:\/\/dhg1h5j42swfq.cloudfront.net\/2025\/12\/08162947\/captura-de-tela-2025-12-08-as-16-29-27-1024x225.png\" alt=\"Tabela de detalhes das etapas de provas\" class=\"wp-image-1681816\" srcset=\"https:\/\/dhg1h5j42swfq.cloudfront.net\/2025\/12\/08162947\/captura-de-tela-2025-12-08-as-16-29-27-1024x225.png 1024w, https:\/\/dhg1h5j42swfq.cloudfront.net\/2025\/12\/08162947\/captura-de-tela-2025-12-08-as-16-29-27-300x66.png 300w, https:\/\/dhg1h5j42swfq.cloudfront.net\/2025\/12\/08162947\/captura-de-tela-2025-12-08-as-16-29-27-768x169.png 768w, https:\/\/dhg1h5j42swfq.cloudfront.net\/2025\/12\/08162947\/captura-de-tela-2025-12-08-as-16-29-27-150x33.png 150w, https:\/\/dhg1h5j42swfq.cloudfront.net\/2025\/12\/08162947\/captura-de-tela-2025-12-08-as-16-29-27.png 1510w\" sizes=\"auto, (max-width: 1024px) 100vw, 1024px\" \/><\/figure>\n\n\n\n<h3 class=\"wp-block-heading\" id=\"h-prova-objetiva\">Prova objetiva<\/h3>\n\n\n\n<p>A prova objetiva, de car\u00e1ter eliminat\u00f3rio e classificat\u00f3rio, ser\u00e1 composta de 120 itens, valer\u00e1 120,00 pontos.<\/p>\n\n\n\n<p>Cada \u00e1rea de conhecimento ser\u00e1 constitu\u00edda por itens para julgamento, agrupados por comandos que dever\u00e3o ser respeitados. O julgamento de cada item ser\u00e1 CERTO ou ERRADO, de acordo com o(s) comando(s) a que se refere o item.<\/p>\n\n\n\n<h3 class=\"wp-block-heading\" id=\"h-prova-discursiva\">Prova discursiva<\/h3>\n\n\n\n<p>A prova discursiva, de car\u00e1ter eliminat\u00f3rio e classificat\u00f3rio, valer\u00e1 10 pontos e consistir\u00e1 na elabora\u00e7\u00e3o de texto dissertativo, com extens\u00e3o m\u00ednima de 20 linhas e m\u00e1xima de 30 linhas, a respeito de tema relacionado a atualidades para o cargo de n\u00edvel m\u00e9dio e a respeito de tema relacionado aos conhecimentos espec\u00edficos para o cargo de n\u00edvel superior.<\/p>\n\n\n\n<p>Com base na lista organizada no edital, para cada cargo\/sistema de concorr\u00eancia, ser\u00e3o corrigidas<br \/>as provas discursivas dos candidatos mais bem classificados nas provas objetivas, de acordo com o quantitativo especificado no quadro a seguir, respeitados os empates na \u00faltima posi\u00e7\u00e3o:<\/p>\n\n\n\n<figure class=\"wp-block-image size-large\"><img loading=\"lazy\" decoding=\"async\" width=\"1024\" height=\"134\" src=\"https:\/\/dhg1h5j42swfq.cloudfront.net\/2025\/12\/08163552\/captura-de-tela-2025-12-08-as-16-35-44-1024x134.png\" alt=\"\" class=\"wp-image-1681835\" srcset=\"https:\/\/dhg1h5j42swfq.cloudfront.net\/2025\/12\/08163552\/captura-de-tela-2025-12-08-as-16-35-44-1024x134.png 1024w, https:\/\/dhg1h5j42swfq.cloudfront.net\/2025\/12\/08163552\/captura-de-tela-2025-12-08-as-16-35-44-300x39.png 300w, https:\/\/dhg1h5j42swfq.cloudfront.net\/2025\/12\/08163552\/captura-de-tela-2025-12-08-as-16-35-44-768x100.png 768w, https:\/\/dhg1h5j42swfq.cloudfront.net\/2025\/12\/08163552\/captura-de-tela-2025-12-08-as-16-35-44-150x20.png 150w, https:\/\/dhg1h5j42swfq.cloudfront.net\/2025\/12\/08163552\/captura-de-tela-2025-12-08-as-16-35-44.png 1502w\" sizes=\"auto, (max-width: 1024px) 100vw, 1024px\" \/><\/figure>\n\n\n\n<hr class=\"wp-block-separator has-css-opacity\"\/>\n\n\n\n<h2 class=\"wp-block-heading has-text-align-center\" id=\"h-quer-saber-tudo-sobre-concursos-previstos-confira-nossos-artigos\">Quer saber tudo sobre concursos previstos?<br \/>Confira  nossos artigos!<\/h2>\n\n\n\n<ul class=\"wp-block-list\">\n<li><a href=\"https:\/\/www.estrategiaconcursos.com.br\/blog\/concursos-abertos\/\" target=\"_blank\" rel=\"noreferrer noopener\">Concursos abertos<\/a><\/li>\n\n\n\n<li><a href=\"https:\/\/www.estrategiaconcursos.com.br\/blog\/concursos-conselhos\/\">Concursos conselhos<\/a><\/li>\n\n\n\n<li><a href=\"https:\/\/www.estrategiaconcursos.com.br\/blog\/concursos-2026\/\" target=\"_blank\" rel=\"noreferrer noopener\">Concursos 2026<\/a><\/li>\n<\/ul>\n\n\n\n<h2 class=\"wp-block-heading has-text-align-center\" id=\"cursos\">Quer estudar para o concurso CRB DF?<\/h2>\n\n\n\n<div class=\"container\" id=\"boxes\">\n  <div class=\"row\">\n\n    <div class=\"col-sm\">\n      <div class=\"banner-estrategia\" id=\"box-assinatura\">\n        <h3 class=\"titulo-assinatura\">Cursos para concursos<\/h3>\n        <p class=\"subtitulo-assinatura\">Conhe\u00e7a os cursos<\/p>\n        <div class=\"box-botao\">\n          <a class=\"btn-assinatura\" target=\"_blank\" href=\"https:\/\/www.estrategiaconcursos.com.br\/cursos\/\" role=\"button\" rel=\"noopener noreferrer\">Saiba mais<\/a>\n        <\/div>\n      <\/div>\n     \n    <\/div>\n\n  <\/div>\n<\/div>\n\n\n\n<div class=\"container\" id=\"boxes\">\n  <div class=\"row\">\n\n    <div class=\"col-sm\">\n      <div class=\"estrategia\" id=\"box-assinatura\">\n        <h3 class=\"titulo-assinatura\">Assinatura Concursos<\/h3>\n        <p class=\"subtitulo-assinatura\">Assinatura de 1 ano ou 2 anos<\/p>\n        <div class=\"box-botao\">\n          <a class=\"btn-assinatura\" target=\"_blank\" href=\"https:\/\/www.estrategiaconcursos.com.br\/assinaturas\/\" role=\"button\" rel=\"noopener noreferrer\">ASSINE AGORA<\/a>\n        <\/div>\n      <\/div><\/div><\/div><\/div>\n\n\n\n<figure class=\"wp-block-image size-large is-resized\"><img loading=\"lazy\" decoding=\"async\" width=\"1024\" height=\"632\" src=\"https:\/\/dhg1h5j42swfq.cloudfront.net\/2025\/06\/27101122\/ficha-tecnica-1-1024x632.png\" alt=\"Ficha t\u00e9cnica\" class=\"wp-image-702728\" style=\"aspect-ratio:1.620253164556962;width:282px;height:auto\" srcset=\"https:\/\/dhg1h5j42swfq.cloudfront.net\/2025\/06\/27101122\/ficha-tecnica-1-1024x632.png 1024w, https:\/\/dhg1h5j42swfq.cloudfront.net\/2025\/06\/27101122\/ficha-tecnica-1-300x185.png 300w, https:\/\/dhg1h5j42swfq.cloudfront.net\/2025\/06\/27101122\/ficha-tecnica-1-768x474.png 768w, https:\/\/dhg1h5j42swfq.cloudfront.net\/2025\/06\/27101122\/ficha-tecnica-1-1536x948.png 1536w, https:\/\/dhg1h5j42swfq.cloudfront.net\/2025\/06\/27101122\/ficha-tecnica-1-610x377.png 610w, https:\/\/dhg1h5j42swfq.cloudfront.net\/2025\/06\/27101122\/ficha-tecnica-1.png 1571w\" sizes=\"auto, (max-width: 1024px) 100vw, 1024px\" \/><\/figure>\n\n\n\n<h3 class=\"wp-block-heading\" id=\"ficha\">Informa\u00e7\u00f5es do concurso CRB DF<\/h3>\n\n\n\n<ul class=\"wp-block-list\">\n<li><strong>Provas<\/strong>: 01\/03\/2026<\/li>\n\n\n\n<li><strong>Vagas<\/strong>: 1 + 69 CR<\/li>\n\n\n\n<li><strong>Cargos<\/strong>: Assistente Administrativo e Bibliotec\u00e1rio<\/li>\n\n\n\n<li><strong>Banca<\/strong>: Instituto Quadrix <\/li>\n\n\n\n<li><strong>Escolaridade<\/strong>: n\u00edveis m\u00e9dio e superior <\/li>\n\n\n\n<li><strong>Edital<\/strong>:&nbsp;<a href=\"https:\/\/www.in.gov.br\/web\/dou\/-\/edital-n-1-de-5-de-dezembro-de-2025-673935275\" target=\"_blank\" rel=\"noreferrer noopener\"><\/a><a href=\"https:\/\/dhg1h5j42swfq.cloudfront.net\/2025\/12\/08162503\/edital-1.pdf\">CRB DF 2025<\/a><\/li>\n<\/ul>\n\n\n\n<p><\/p>\n\n\n\n<p><\/p>\n","protected":false},"excerpt":{"rendered":"<p>O Conselho Regional de Biblioteconomia do DF (CRB 1) oferta 1 vaga imediata e 69 em cadastro de reserva para os cargos de Assistente Administrativo e Bibliotec\u00e1rio. Foi admitida a inscri\u00e7\u00e3o at\u00e9 \u00e0s 23 horas do dia 12 de janeiro de 2026, no site da banca Instituto Quadrix. Os valores foram de R$ 62,00 para [&hellip;]<\/p>\n","protected":false},"author":1,"featured_media":698684,"comment_status":"open","ping_status":"closed","sticky":false,"template":"","format":"standard","meta":{"post_tipo":"news_page","footnotes":""},"categories":[222234,220219],"tags":[],"tax_estado":[219970],"class_list":["post-482504","post","type-post","status-publish","format-standard","has-post-thumbnail","hentry","category-conselhos-regionais","category-noticias","tax_estado-df"],"acf":[],"yoast_head":"<!-- This site is optimized with the Yoast SEO Premium plugin v27.2 (Yoast SEO v27.2) - https:\/\/yoast.com\/product\/yoast-seo-premium-wordpress\/ -->\n<title>Concurso CRB DF: prova em mar\u00e7o! 70 vagas!<\/title>\n<meta name=\"description\" content=\"Concurso CRB DF: s\u00e3o ofertadas 1 vaga + 69 em CR para Assistente Administrativo e Bibliotec\u00e1rio! Inscri\u00e7\u00f5es encerradas.\" \/>\n<meta name=\"robots\" content=\"index, follow, max-snippet:-1, max-image-preview:large, max-video-preview:-1\" \/>\n<link rel=\"canonical\" href=\"https:\/\/www.estrategiaconcursos.com.br\/blog\/concurso-crb-df\/\" \/>\n<meta property=\"og:locale\" content=\"pt_BR\" \/>\n<meta property=\"og:type\" content=\"article\" \/>\n<meta property=\"og:title\" content=\"Concurso CRB DF: prova em mar\u00e7o! 70 vagas!\" \/>\n<meta property=\"og:description\" content=\"Concurso CRB DF: s\u00e3o ofertadas 1 vaga + 69 em CR para Assistente Administrativo e Bibliotec\u00e1rio! Inscri\u00e7\u00f5es encerradas.\" \/>\n<meta property=\"og:url\" content=\"https:\/\/www.estrategiaconcursos.com.br\/blog\/concurso-crb-df\/\" \/>\n<meta property=\"og:site_name\" content=\"Estrat\u00e9gia Concursos\" \/>\n<meta property=\"article:author\" content=\"https:\/\/www.facebook.com\/EstrategiaConcursos\" \/>\n<meta property=\"article:published_time\" content=\"2026-01-13T13:19:00+00:00\" \/>\n<meta property=\"article:modified_time\" content=\"2026-01-13T13:33:20+00:00\" \/>\n<meta property=\"og:image\" content=\"https:\/\/dhg1h5j42swfq.cloudfront.net\/2021\/02\/22171500\/concursos-conselhos.jpg\" \/>\n\t<meta property=\"og:image:width\" content=\"1200\" \/>\n\t<meta property=\"og:image:height\" content=\"628\" \/>\n\t<meta property=\"og:image:type\" content=\"image\/jpeg\" \/>\n<meta name=\"author\" content=\"Coordena\u00e7\u00e3o\" \/>\n<meta name=\"twitter:card\" content=\"summary_large_image\" \/>\n<meta name=\"twitter:creator\" content=\"@EstratConcursos\" \/>\n<meta name=\"twitter:site\" content=\"@EstratConcursos\" \/>\n<meta name=\"twitter:label1\" content=\"Escrito por\" \/>\n\t<meta name=\"twitter:data1\" content=\"Coordena\u00e7\u00e3o\" \/>\n\t<meta name=\"twitter:label2\" content=\"Est. tempo de leitura\" \/>\n\t<meta name=\"twitter:data2\" content=\"3 minutos\" \/>\n<script type=\"application\/ld+json\" class=\"yoast-schema-graph\">{\"@context\":\"https:\/\/schema.org\",\"@graph\":[{\"@type\":\"NewsArticle\",\"@id\":\"https:\/\/www.estrategiaconcursos.com.br\/blog\/concurso-crb-df\/#article\",\"isPartOf\":{\"@id\":\"https:\/\/www.estrategiaconcursos.com.br\/blog\/concurso-crb-df\/\"},\"author\":{\"name\":\"Coordena\u00e7\u00e3o\",\"@id\":\"https:\/\/www.estrategiaconcursos.com.br\/blog\/#\/schema\/person\/b4a388c97673c5f483d72185668afa1f\"},\"headline\":\"Concurso CRB DF: prova em mar\u00e7o! 70 vagas!\",\"datePublished\":\"2026-01-13T13:19:00+00:00\",\"dateModified\":\"2026-01-13T13:33:20+00:00\",\"mainEntityOfPage\":{\"@id\":\"https:\/\/www.estrategiaconcursos.com.br\/blog\/concurso-crb-df\/\"},\"wordCount\":553,\"commentCount\":0,\"publisher\":{\"@id\":\"https:\/\/www.estrategiaconcursos.com.br\/blog\/#organization\"},\"image\":{\"@id\":\"https:\/\/www.estrategiaconcursos.com.br\/blog\/concurso-crb-df\/#primaryimage\"},\"thumbnailUrl\":\"https:\/\/dhg1h5j42swfq.cloudfront.net\/2021\/02\/22171500\/concursos-conselhos.jpg\",\"articleSection\":[\"Conselhos Regionais\",\"\u00daltimas not\u00edcias\"],\"inLanguage\":\"pt-BR\",\"potentialAction\":[{\"@type\":\"CommentAction\",\"name\":\"Comment\",\"target\":[\"https:\/\/www.estrategiaconcursos.com.br\/blog\/concurso-crb-df\/#respond\"]}],\"copyrightYear\":\"2026\",\"copyrightHolder\":{\"@id\":\"https:\/\/www.estrategiaconcursos.com.br\/blog\/#organization\"}},{\"@type\":\"WebPage\",\"@id\":\"https:\/\/www.estrategiaconcursos.com.br\/blog\/concurso-crb-df\/\",\"url\":\"https:\/\/www.estrategiaconcursos.com.br\/blog\/concurso-crb-df\/\",\"name\":\"Concurso CRB DF: prova em mar\u00e7o! 70 vagas!\",\"isPartOf\":{\"@id\":\"https:\/\/www.estrategiaconcursos.com.br\/blog\/#website\"},\"primaryImageOfPage\":{\"@id\":\"https:\/\/www.estrategiaconcursos.com.br\/blog\/concurso-crb-df\/#primaryimage\"},\"image\":{\"@id\":\"https:\/\/www.estrategiaconcursos.com.br\/blog\/concurso-crb-df\/#primaryimage\"},\"thumbnailUrl\":\"https:\/\/dhg1h5j42swfq.cloudfront.net\/2021\/02\/22171500\/concursos-conselhos.jpg\",\"datePublished\":\"2026-01-13T13:19:00+00:00\",\"dateModified\":\"2026-01-13T13:33:20+00:00\",\"description\":\"Concurso CRB DF: s\u00e3o ofertadas 1 vaga + 69 em CR para Assistente Administrativo e Bibliotec\u00e1rio! Inscri\u00e7\u00f5es encerradas.\",\"breadcrumb\":{\"@id\":\"https:\/\/www.estrategiaconcursos.com.br\/blog\/concurso-crb-df\/#breadcrumb\"},\"inLanguage\":\"pt-BR\",\"potentialAction\":[{\"@type\":\"ReadAction\",\"target\":[\"https:\/\/www.estrategiaconcursos.com.br\/blog\/concurso-crb-df\/\"]}]},{\"@type\":\"ImageObject\",\"inLanguage\":\"pt-BR\",\"@id\":\"https:\/\/www.estrategiaconcursos.com.br\/blog\/concurso-crb-df\/#primaryimage\",\"url\":\"https:\/\/dhg1h5j42swfq.cloudfront.net\/2021\/02\/22171500\/concursos-conselhos.jpg\",\"contentUrl\":\"https:\/\/dhg1h5j42swfq.cloudfront.net\/2021\/02\/22171500\/concursos-conselhos.jpg\",\"width\":1200,\"height\":628,\"caption\":\"concursos conselhos\"},{\"@type\":\"BreadcrumbList\",\"@id\":\"https:\/\/www.estrategiaconcursos.com.br\/blog\/concurso-crb-df\/#breadcrumb\",\"itemListElement\":[{\"@type\":\"ListItem\",\"position\":1,\"name\":\"In\u00edcio\",\"item\":\"https:\/\/www.estrategiaconcursos.com.br\/blog\/\"},{\"@type\":\"ListItem\",\"position\":2,\"name\":\"Concurso CRB DF: prova em mar\u00e7o! 70 vagas!\"}]},{\"@type\":\"WebSite\",\"@id\":\"https:\/\/www.estrategiaconcursos.com.br\/blog\/#website\",\"url\":\"https:\/\/www.estrategiaconcursos.com.br\/blog\/\",\"name\":\"Estrat\u00e9gia Concursos\",\"description\":\"O blog da Estrat\u00e9gia Concursos traz not\u00edcias sobre concursos e artigos de professores oferecendo cursos para concursos (pdf + videaulas) no site.\",\"publisher\":{\"@id\":\"https:\/\/www.estrategiaconcursos.com.br\/blog\/#organization\"},\"potentialAction\":[{\"@type\":\"SearchAction\",\"target\":{\"@type\":\"EntryPoint\",\"urlTemplate\":\"https:\/\/www.estrategiaconcursos.com.br\/blog\/?s={search_term_string}\"},\"query-input\":{\"@type\":\"PropertyValueSpecification\",\"valueRequired\":true,\"valueName\":\"search_term_string\"}}],\"inLanguage\":\"pt-BR\"},{\"@type\":\"Organization\",\"@id\":\"https:\/\/www.estrategiaconcursos.com.br\/blog\/#organization\",\"name\":\"Estrat\u00e9gia Concursos\",\"url\":\"https:\/\/www.estrategiaconcursos.com.br\/blog\/\",\"logo\":{\"@type\":\"ImageObject\",\"inLanguage\":\"pt-BR\",\"@id\":\"https:\/\/www.estrategiaconcursos.com.br\/blog\/#\/schema\/logo\/image\/\",\"url\":\"https:\/\/dhg1h5j42swfq.cloudfront.net\/2025\/06\/03203428\/logo_concursos-1.jpg\",\"contentUrl\":\"https:\/\/dhg1h5j42swfq.cloudfront.net\/2025\/06\/03203428\/logo_concursos-1.jpg\",\"width\":230,\"height\":60,\"caption\":\"Estrat\u00e9gia Concursos\"},\"image\":{\"@id\":\"https:\/\/www.estrategiaconcursos.com.br\/blog\/#\/schema\/logo\/image\/\"},\"sameAs\":[\"https:\/\/x.com\/EstratConcursos\"]},{\"@type\":\"Person\",\"@id\":\"https:\/\/www.estrategiaconcursos.com.br\/blog\/#\/schema\/person\/b4a388c97673c5f483d72185668afa1f\",\"name\":\"Coordena\u00e7\u00e3o\",\"image\":{\"@type\":\"ImageObject\",\"inLanguage\":\"pt-BR\",\"@id\":\"https:\/\/secure.gravatar.com\/avatar\/b720319e4c9a967eb58678d110f4fe35452fc5d5f97b202bac7b8acceb18c6ad?s=96&d=mm&r=g\",\"url\":\"https:\/\/secure.gravatar.com\/avatar\/b720319e4c9a967eb58678d110f4fe35452fc5d5f97b202bac7b8acceb18c6ad?s=96&d=mm&r=g\",\"contentUrl\":\"https:\/\/secure.gravatar.com\/avatar\/b720319e4c9a967eb58678d110f4fe35452fc5d5f97b202bac7b8acceb18c6ad?s=96&d=mm&r=g\",\"caption\":\"Coordena\u00e7\u00e3o\"},\"sameAs\":[\"https:\/\/www.facebook.com\/EstrategiaConcursos\",\"https:\/\/x.com\/EstratConcursos\"],\"url\":\"https:\/\/www.estrategiaconcursos.com.br\/blog\/author\/estrategia2013\/\"}]}<\/script>\n<!-- \/ Yoast SEO Premium plugin. -->","yoast_head_json":{"title":"Concurso CRB DF: prova em mar\u00e7o! 70 vagas!","description":"Concurso CRB DF: s\u00e3o ofertadas 1 vaga + 69 em CR para Assistente Administrativo e Bibliotec\u00e1rio! Inscri\u00e7\u00f5es encerradas.","robots":{"index":"index","follow":"follow","max-snippet":"max-snippet:-1","max-image-preview":"max-image-preview:large","max-video-preview":"max-video-preview:-1"},"canonical":"https:\/\/www.estrategiaconcursos.com.br\/blog\/concurso-crb-df\/","og_locale":"pt_BR","og_type":"article","og_title":"Concurso CRB DF: prova em mar\u00e7o! 70 vagas!","og_description":"Concurso CRB DF: s\u00e3o ofertadas 1 vaga + 69 em CR para Assistente Administrativo e Bibliotec\u00e1rio! Inscri\u00e7\u00f5es encerradas.","og_url":"https:\/\/www.estrategiaconcursos.com.br\/blog\/concurso-crb-df\/","og_site_name":"Estrat\u00e9gia Concursos","article_author":"https:\/\/www.facebook.com\/EstrategiaConcursos","article_published_time":"2026-01-13T13:19:00+00:00","article_modified_time":"2026-01-13T13:33:20+00:00","og_image":[{"width":1200,"height":628,"url":"https:\/\/dhg1h5j42swfq.cloudfront.net\/2021\/02\/22171500\/concursos-conselhos.jpg","type":"image\/jpeg"}],"author":"Coordena\u00e7\u00e3o","twitter_card":"summary_large_image","twitter_creator":"@EstratConcursos","twitter_site":"@EstratConcursos","twitter_misc":{"Escrito por":"Coordena\u00e7\u00e3o","Est. tempo de leitura":"3 minutos"},"schema":{"@context":"https:\/\/schema.org","@graph":[{"@type":"NewsArticle","@id":"https:\/\/www.estrategiaconcursos.com.br\/blog\/concurso-crb-df\/#article","isPartOf":{"@id":"https:\/\/www.estrategiaconcursos.com.br\/blog\/concurso-crb-df\/"},"author":{"name":"Coordena\u00e7\u00e3o","@id":"https:\/\/www.estrategiaconcursos.com.br\/blog\/#\/schema\/person\/b4a388c97673c5f483d72185668afa1f"},"headline":"Concurso CRB DF: prova em mar\u00e7o! 70 vagas!","datePublished":"2026-01-13T13:19:00+00:00","dateModified":"2026-01-13T13:33:20+00:00","mainEntityOfPage":{"@id":"https:\/\/www.estrategiaconcursos.com.br\/blog\/concurso-crb-df\/"},"wordCount":553,"commentCount":0,"publisher":{"@id":"https:\/\/www.estrategiaconcursos.com.br\/blog\/#organization"},"image":{"@id":"https:\/\/www.estrategiaconcursos.com.br\/blog\/concurso-crb-df\/#primaryimage"},"thumbnailUrl":"https:\/\/dhg1h5j42swfq.cloudfront.net\/2021\/02\/22171500\/concursos-conselhos.jpg","articleSection":["Conselhos Regionais","\u00daltimas not\u00edcias"],"inLanguage":"pt-BR","potentialAction":[{"@type":"CommentAction","name":"Comment","target":["https:\/\/www.estrategiaconcursos.com.br\/blog\/concurso-crb-df\/#respond"]}],"copyrightYear":"2026","copyrightHolder":{"@id":"https:\/\/www.estrategiaconcursos.com.br\/blog\/#organization"}},{"@type":"WebPage","@id":"https:\/\/www.estrategiaconcursos.com.br\/blog\/concurso-crb-df\/","url":"https:\/\/www.estrategiaconcursos.com.br\/blog\/concurso-crb-df\/","name":"Concurso CRB DF: prova em mar\u00e7o! 70 vagas!","isPartOf":{"@id":"https:\/\/www.estrategiaconcursos.com.br\/blog\/#website"},"primaryImageOfPage":{"@id":"https:\/\/www.estrategiaconcursos.com.br\/blog\/concurso-crb-df\/#primaryimage"},"image":{"@id":"https:\/\/www.estrategiaconcursos.com.br\/blog\/concurso-crb-df\/#primaryimage"},"thumbnailUrl":"https:\/\/dhg1h5j42swfq.cloudfront.net\/2021\/02\/22171500\/concursos-conselhos.jpg","datePublished":"2026-01-13T13:19:00+00:00","dateModified":"2026-01-13T13:33:20+00:00","description":"Concurso CRB DF: s\u00e3o ofertadas 1 vaga + 69 em CR para Assistente Administrativo e Bibliotec\u00e1rio! Inscri\u00e7\u00f5es encerradas.","breadcrumb":{"@id":"https:\/\/www.estrategiaconcursos.com.br\/blog\/concurso-crb-df\/#breadcrumb"},"inLanguage":"pt-BR","potentialAction":[{"@type":"ReadAction","target":["https:\/\/www.estrategiaconcursos.com.br\/blog\/concurso-crb-df\/"]}]},{"@type":"ImageObject","inLanguage":"pt-BR","@id":"https:\/\/www.estrategiaconcursos.com.br\/blog\/concurso-crb-df\/#primaryimage","url":"https:\/\/dhg1h5j42swfq.cloudfront.net\/2021\/02\/22171500\/concursos-conselhos.jpg","contentUrl":"https:\/\/dhg1h5j42swfq.cloudfront.net\/2021\/02\/22171500\/concursos-conselhos.jpg","width":1200,"height":628,"caption":"concursos conselhos"},{"@type":"BreadcrumbList","@id":"https:\/\/www.estrategiaconcursos.com.br\/blog\/concurso-crb-df\/#breadcrumb","itemListElement":[{"@type":"ListItem","position":1,"name":"In\u00edcio","item":"https:\/\/www.estrategiaconcursos.com.br\/blog\/"},{"@type":"ListItem","position":2,"name":"Concurso CRB DF: prova em mar\u00e7o! 70 vagas!"}]},{"@type":"WebSite","@id":"https:\/\/www.estrategiaconcursos.com.br\/blog\/#website","url":"https:\/\/www.estrategiaconcursos.com.br\/blog\/","name":"Estrat\u00e9gia Concursos","description":"O blog da Estrat\u00e9gia Concursos traz not\u00edcias sobre concursos e artigos de professores oferecendo cursos para concursos (pdf + videaulas) no site.","publisher":{"@id":"https:\/\/www.estrategiaconcursos.com.br\/blog\/#organization"},"potentialAction":[{"@type":"SearchAction","target":{"@type":"EntryPoint","urlTemplate":"https:\/\/www.estrategiaconcursos.com.br\/blog\/?s={search_term_string}"},"query-input":{"@type":"PropertyValueSpecification","valueRequired":true,"valueName":"search_term_string"}}],"inLanguage":"pt-BR"},{"@type":"Organization","@id":"https:\/\/www.estrategiaconcursos.com.br\/blog\/#organization","name":"Estrat\u00e9gia Concursos","url":"https:\/\/www.estrategiaconcursos.com.br\/blog\/","logo":{"@type":"ImageObject","inLanguage":"pt-BR","@id":"https:\/\/www.estrategiaconcursos.com.br\/blog\/#\/schema\/logo\/image\/","url":"https:\/\/dhg1h5j42swfq.cloudfront.net\/2025\/06\/03203428\/logo_concursos-1.jpg","contentUrl":"https:\/\/dhg1h5j42swfq.cloudfront.net\/2025\/06\/03203428\/logo_concursos-1.jpg","width":230,"height":60,"caption":"Estrat\u00e9gia Concursos"},"image":{"@id":"https:\/\/www.estrategiaconcursos.com.br\/blog\/#\/schema\/logo\/image\/"},"sameAs":["https:\/\/x.com\/EstratConcursos"]},{"@type":"Person","@id":"https:\/\/www.estrategiaconcursos.com.br\/blog\/#\/schema\/person\/b4a388c97673c5f483d72185668afa1f","name":"Coordena\u00e7\u00e3o","image":{"@type":"ImageObject","inLanguage":"pt-BR","@id":"https:\/\/secure.gravatar.com\/avatar\/b720319e4c9a967eb58678d110f4fe35452fc5d5f97b202bac7b8acceb18c6ad?s=96&d=mm&r=g","url":"https:\/\/secure.gravatar.com\/avatar\/b720319e4c9a967eb58678d110f4fe35452fc5d5f97b202bac7b8acceb18c6ad?s=96&d=mm&r=g","contentUrl":"https:\/\/secure.gravatar.com\/avatar\/b720319e4c9a967eb58678d110f4fe35452fc5d5f97b202bac7b8acceb18c6ad?s=96&d=mm&r=g","caption":"Coordena\u00e7\u00e3o"},"sameAs":["https:\/\/www.facebook.com\/EstrategiaConcursos","https:\/\/x.com\/EstratConcursos"],"url":"https:\/\/www.estrategiaconcursos.com.br\/blog\/author\/estrategia2013\/"}]}},"_links":{"self":[{"href":"https:\/\/www.estrategiaconcursos.com.br\/blog\/wp-json\/wp\/v2\/posts\/482504","targetHints":{"allow":["GET"]}}],"collection":[{"href":"https:\/\/www.estrategiaconcursos.com.br\/blog\/wp-json\/wp\/v2\/posts"}],"about":[{"href":"https:\/\/www.estrategiaconcursos.com.br\/blog\/wp-json\/wp\/v2\/types\/post"}],"author":[{"embeddable":true,"href":"https:\/\/www.estrategiaconcursos.com.br\/blog\/wp-json\/wp\/v2\/users\/1"}],"replies":[{"embeddable":true,"href":"https:\/\/www.estrategiaconcursos.com.br\/blog\/wp-json\/wp\/v2\/comments?post=482504"}],"version-history":[{"count":50,"href":"https:\/\/www.estrategiaconcursos.com.br\/blog\/wp-json\/wp\/v2\/posts\/482504\/revisions"}],"predecessor-version":[{"id":1698421,"href":"https:\/\/www.estrategiaconcursos.com.br\/blog\/wp-json\/wp\/v2\/posts\/482504\/revisions\/1698421"}],"wp:featuredmedia":[{"embeddable":true,"href":"https:\/\/www.estrategiaconcursos.com.br\/blog\/wp-json\/wp\/v2\/media\/698684"}],"wp:attachment":[{"href":"https:\/\/www.estrategiaconcursos.com.br\/blog\/wp-json\/wp\/v2\/media?parent=482504"}],"wp:term":[{"taxonomy":"category","embeddable":true,"href":"https:\/\/www.estrategiaconcursos.com.br\/blog\/wp-json\/wp\/v2\/categories?post=482504"},{"taxonomy":"post_tag","embeddable":true,"href":"https:\/\/www.estrategiaconcursos.com.br\/blog\/wp-json\/wp\/v2\/tags?post=482504"},{"taxonomy":"tax_estado","embeddable":true,"href":"https:\/\/www.estrategiaconcursos.com.br\/blog\/wp-json\/wp\/v2\/tax_estado?post=482504"}],"curies":[{"name":"wp","href":"https:\/\/api.w.org\/{rel}","templated":true}]}}