{"id":482469,"date":"2023-07-10T15:40:00","date_gmt":"2023-07-10T18:40:00","guid":{"rendered":"https:\/\/www.estrategiaconcursos.com.br\/blog\/?p=482469"},"modified":"2023-07-10T16:53:07","modified_gmt":"2023-07-10T19:53:07","slug":"concurso-secult-df","status":"publish","type":"post","link":"https:\/\/www.estrategiaconcursos.com.br\/blog\/concurso-secult-df\/","title":{"rendered":"Concurso SECULT DF: PLDO 2024 prev\u00ea 96 vagas!"},"content":{"rendered":"\n<p>O <strong>Projeto de Lei de Diretrizes Or\u00e7ament\u00e1rias (PLDO) de 2024<\/strong> prev\u00ea <strong>96 vagas<\/strong> entre nomea\u00e7\u00e3o e autoriza\u00e7\u00e3o para um novo concurso da <strong>Secretaria de Estado de Cultura e Economia Criativa do Distrito Federa<\/strong>l (Secult DF).<\/p>\n\n\n\n<p>Conforme o documento, as 96 oportunidades s\u00e3o distribu\u00eddas da seguinte maneira:<\/p>\n\n\n\n<ul class=\"wp-block-list\">\n<li>Analista de Atividades Culturais: 31 vagas;<\/li>\n\n\n\n<li>T\u00e9cnico em Atividades Culturais: 15 vagas;<\/li>\n\n\n\n<li>M\u00fasico da Orquestra Sinf\u00f4nica do Teatro Nacional Cl\u00e1udio Santoro: 50 vagas.<\/li>\n<\/ul>\n\n\n\n<p>Importante frisar que a abertura do concurso fica condicionada \u00e0 observ\u00e2ncia dos limites para cada um dos poderes, assim como da disponibilidade or\u00e7ament\u00e1ria e financeira. Sem edital desde 2014, a Secult DF j\u00e1 acumula <strong>mais de 700 cargos vagos<\/strong>.<\/p>\n\n\n\n<p>Nos anos de 2020 e 2021, <a href=\"#grupo\">grupos de trabalho<\/a> foram formados com o objetivo de realizar os <strong>estudos necess\u00e1rios para o andamento do certame<\/strong>, entretanto, ao fim dos prazos, nenhuma novidade foi divulgada.<\/p>\n\n\n\n<ul class=\"has-very-light-gray-to-cyan-bluish-gray-gradient-background has-background wp-block-list\">\n<li><strong>Secretaria de Estado de Cultura e Economia Criativa do Distrito Federal <\/strong><\/li>\n\n\n\n<li><strong style=\"color: initial;\">Status:&nbsp;<\/strong>Previsto no PLDO 2024<\/li>\n\n\n\n<li><strong>Banca:<\/strong>&nbsp;a definir<\/li>\n\n\n\n<li><strong>Vagas:<\/strong> 96 previstas<\/li>\n\n\n\n<li><strong>Sal\u00e1rio inicial:<\/strong>&nbsp;R$ 4.704,16 a R$ 9.800,00<\/li>\n\n\n\n<li><strong>\u00daltimo edital<\/strong>:&nbsp;<a href=\"https:\/\/dhg1h5j42swfq.cloudfront.net\/2020\/02\/17101223\/2014012493515159.pdf\" target=\"_blank\" rel=\"noreferrer noopener nofollow\">Edital Secult DF 2014<\/a><\/li>\n<\/ul>\n\n\n\n<p>Se voc\u00ea tem interesse no concurso Secult DF, chegou ao lugar certo! Ao longo deste artigo reunimos as principais informa\u00e7\u00f5es sobre a sele\u00e7\u00e3o, para que voc\u00ea possa se preparar e ficar bem informado:<\/p>\n\n\n\n<ul class=\"wp-block-list\" id=\"indice\">\n<li><a href=\"#situacao-atual\">Situa\u00e7\u00e3o atual<\/a><ul><li><a href=\"#grupo\">Grupo de trabalho<\/a><\/li><\/ul>\n<ul class=\"wp-block-list\">\n<li><a href=\"#cargos-vagos\">Cargos vagos<\/a><\/li>\n\n\n\n<li><a href=\"#sobre\">Sobre a Secult DF<\/a><\/li>\n<\/ul>\n<\/li>\n\n\n\n<li><a href=\"#carreira\">Carreira na Secult DF<\/a>\n<ul class=\"wp-block-list\">\n<li><a href=\"#remuneracao\">Remunera\u00e7\u00e3o<\/a><\/li>\n\n\n\n<li><a href=\"#requisitos\">Requisitos<\/a><\/li>\n<\/ul>\n<\/li>\n\n\n\n<li><a href=\"#ultimo-concurso\">\u00daltimo concurso<\/a>\n<ul class=\"wp-block-list\">\n<li><a href=\"#objetiva\">Prova objetiva<\/a><\/li>\n\n\n\n<li><a href=\"#discursiva\">Prova discursiva<\/a><\/li>\n\n\n\n<li><a href=\"#titulos\">Avalia\u00e7\u00e3o de t\u00edtulos<\/a><\/li>\n<\/ul>\n<\/li>\n\n\n\n<li><a href=\"#assinatura-e-cursos\">Assinatura e cursos<\/a><\/li>\n\n\n\n<li><a href=\"#ficha\">Ficha t\u00e9cnica<\/a><\/li>\n<\/ul>\n\n\n\n<div class=\"container\" id=\"boxes\">\n  <div class=\"row\">\n\n    <div class=\"col-sm\">\n      <div class=\"banner-estrategia\" id=\"box-assinatura\">\n        <h3 class=\"titulo-assinatura\">Cursos para concursos<\/h3>\n        <p class=\"subtitulo-assinatura\">Estude conosco<\/p>\n        <div class=\"box-botao\">\n          <a class=\"btn-assinatura\" target=\"_blank\" href=\"https:\/\/www.estrategiaconcursos.com.br\/cursos\/\" role=\"button\" rel=\"noopener noreferrer\">Conhe\u00e7a os cursos<\/a>\n        <\/div>\n      <\/div>\n     \n    <\/div>\n\n  <\/div>\n<\/div>\n\n\n\n<figure class=\"wp-block-image\"><a href=\"https:\/\/www.estrategiaconcursos.com.br\/blog\/semana-nacional-dos-concursos-publicos-2023\/\" target=\"_blank\" rel=\"noreferrer noopener\"><img loading=\"lazy\" decoding=\"async\" width=\"848\" height=\"270\" src=\"https:\/\/dhg1h5j42swfq.cloudfront.net\/2023\/06\/22115257\/image-274.png\" alt=\"\" class=\"wp-image-1237164\" srcset=\"https:\/\/dhg1h5j42swfq.cloudfront.net\/2023\/06\/22115257\/image-274.png 848w, https:\/\/dhg1h5j42swfq.cloudfront.net\/2023\/06\/22115257\/image-274-300x96.png 300w, https:\/\/dhg1h5j42swfq.cloudfront.net\/2023\/06\/22115257\/image-274-768x245.png 768w, https:\/\/dhg1h5j42swfq.cloudfront.net\/2023\/06\/22115257\/image-274-610x194.png 610w, https:\/\/dhg1h5j42swfq.cloudfront.net\/2023\/06\/22115257\/image-274-150x48.png 150w\" sizes=\"auto, (max-width: 848px) 100vw, 848px\" \/><\/a><\/figure>\n\n\n\n<p class=\"has-text-align-center\"><strong><a href=\"https:\/\/www.estrategiaconcursos.com.br\/blog\/semana-nacional-dos-concursos-publicos-2023\/\" target=\"_blank\" rel=\"noreferrer noopener\">Semana Nacional dos Concursos P\u00fablicos \u2013 at\u00e9 31\/07<\/a><\/strong><\/p>\n\n\n\n<h2 class=\"wp-block-heading\" id=\"situacao-atual\">Concurso Secult DF: situa\u00e7\u00e3o atual <\/h2>\n\n\n\n<h3 class=\"wp-block-heading\" id=\"grupo\">Grupo de Trabalho<\/h3>\n\n\n\n<p>Em 2021, foi institu\u00eddo um novo Grupo de Trabalho respons\u00e1vel pela formula\u00e7\u00e3o de pedido de concurso p\u00fablico para a Secult DF. Fazem parte do grupo quatro servidores, que tiveram o prazo de 30 dias para conclus\u00e3o dos trabalhos, posteriormente <a href=\"https:\/\/dhg1h5j42swfq.cloudfront.net\/2021\/04\/28110116\/image-274.png\" target=\"_blank\" rel=\"noreferrer noopener nofollow\">prorrogados por mais 30 dias<\/a>.<\/p>\n\n\n\n<p>Vale lembrar que, em 2020, um outro grupo j\u00e1 havia sido formado. Entretanto, ap\u00f3s prorroga\u00e7\u00e3o do per\u00edodo de estudos, n\u00e3o houve conclus\u00e3o quanto a necessidade de certame.<\/p>\n\n\n\n<figure class=\"wp-block-image aligncenter size-large\"><img loading=\"lazy\" decoding=\"async\" width=\"695\" height=\"477\" src=\"https:\/\/dhg1h5j42swfq.cloudfront.net\/2021\/03\/23092204\/image-249.png\" alt=\"Grupo de trabalho do concurso Secult DF\" class=\"wp-image-699095\" srcset=\"https:\/\/dhg1h5j42swfq.cloudfront.net\/2021\/03\/23092204\/image-249.png 695w, https:\/\/dhg1h5j42swfq.cloudfront.net\/2021\/03\/23092204\/image-249-300x206.png 300w, https:\/\/dhg1h5j42swfq.cloudfront.net\/2021\/03\/23092204\/image-249-610x419.png 610w\" sizes=\"auto, (max-width: 695px) 100vw, 695px\" \/><\/figure>\n\n\n\n<h3 class=\"wp-block-heading\" id=\"cargos-vagos\">Cargos vagos na Secult DF<\/h3>\n\n\n\n<p>Segundo o levantamento mais recente dispon\u00edvel no Portal da Transpar\u00eancia do Distrito Federal, existem atualmente <strong>743 cargos vagos<\/strong> no \u00f3rg\u00e3o, sendo que o cargo com maior d\u00e9ficit \u00e9 o de T\u00e9cnico de Atividades Culturais, conforme tabela abaixo:<\/p>\n\n\n\n<figure class=\"wp-block-table is-style-stripes\"><table class=\"has-fixed-layout\"><thead><tr><th class=\"has-text-align-center\" data-align=\"center\">Jun\/2022<\/th><th class=\"has-text-align-center\" data-align=\"center\">Vagos<\/th><th class=\"has-text-align-center\" data-align=\"center\">Ocupados<\/th><th class=\"has-text-align-center\" data-align=\"center\">Total<\/th><\/tr><\/thead><tbody><tr><td class=\"has-text-align-center\" data-align=\"center\">Analista de Atividades Culturais<\/td><td class=\"has-text-align-center\" data-align=\"center\">37<\/td><td class=\"has-text-align-center\" data-align=\"center\">43<\/td><td class=\"has-text-align-center\" data-align=\"center\">80<\/td><\/tr><tr><td class=\"has-text-align-center\" data-align=\"center\">Auxiliar de Atividades Culturais <\/td><td class=\"has-text-align-center\" data-align=\"center\">347<\/td><td class=\"has-text-align-center\" data-align=\"center\">43<\/td><td class=\"has-text-align-center\" data-align=\"center\">390<\/td><\/tr><tr><td class=\"has-text-align-center\" data-align=\"center\">T\u00e9cnico em Atividades Culturais <\/td><td class=\"has-text-align-center\" data-align=\"center\">359<\/td><td class=\"has-text-align-center\" data-align=\"center\">71<\/td><td class=\"has-text-align-center\" data-align=\"center\">430<\/td><\/tr><\/tbody><\/table><\/figure>\n\n\n\n<h3 class=\"wp-block-heading\" id=\"sobre\">Sobre a Secult DF<\/h3>\n\n\n\n<p>A <a href=\"https:\/\/www.cultura.df.gov.br\/\" target=\"_blank\" rel=\"noreferrer noopener\">Secretaria de Estado de Cultura<\/a> do Distrito Federal \u00e9 o \u00f3rg\u00e3o respons\u00e1vel pela articula\u00e7\u00e3o e coordena\u00e7\u00e3o da pol\u00edtica cultural do Governo do Distrito Federal. Ap\u00f3s uma ampla reforma administrativa, absorveu a Funda\u00e7\u00e3o Cultural do DF, o que possibilitou a otimiza\u00e7\u00e3o dos recursos humanos e materiais.<\/p>\n\n\n\n<p>Tem por objetivo incentivar, apoiar, fomentar e difundir a cultura, em todas suas formas de manifesta\u00e7\u00e3o, al\u00e9m de realizar por meio de suas atividades, projetos, programas e eventos.<\/p>\n\n\n\n<h2 class=\"wp-block-heading\" id=\"carreira\">Concurso Secult DF: carreira<\/h2>\n\n\n\n<h3 class=\"wp-block-heading\" id=\"remuneracao\">Remunera\u00e7\u00e3o <\/h3>\n\n\n\n<p>A remunera\u00e7\u00e3o na carreira de Atividades Culturais do DF \u00e9 composta pelo <strong>Vencimento B\u00e1sico<\/strong>, <strong>Gratifica\u00e7\u00e3o de Atividades Culturais<\/strong> (GAC) de 25% e<strong> Gratifica\u00e7\u00e3o de Pol\u00edticas Culturais<\/strong> (GPC). Os valores variam conforme a carga de trabalho semanal, que pode ser de 30 ou 40 horas. <\/p>\n\n\n\n<div class=\"wp-block-columns is-layout-flex wp-container-core-columns-is-layout-28f84493 wp-block-columns-is-layout-flex\">\n<div class=\"wp-block-column is-layout-flow wp-block-column-is-layout-flow\">\n<ul class=\"wp-block-list\">\n<li><strong>Analista<\/strong><strong>&#8211; 30h:<\/strong>\n<ul class=\"wp-block-list\">\n<li>Inicial: R$ 7.350,00<\/li>\n\n\n\n<li>Final: R$ 9.175,66<\/li>\n<\/ul>\n<\/li>\n<\/ul>\n\n\n\n<ul class=\"wp-block-list\">\n<li><strong>T\u00e9cnico &#8211; 30h:<\/strong>\n<ul class=\"wp-block-list\">\n<li>Inicial: R$ 5.235,00<\/li>\n\n\n\n<li>Final: R$ 6.397,21<\/li>\n<\/ul>\n<\/li>\n<\/ul>\n\n\n\n<ul class=\"wp-block-list\">\n<li><strong>Auxiliar &#8211; 30h:<\/strong>\n<ul class=\"wp-block-list\">\n<li>Inicial: R$ 4.704,16<\/li>\n\n\n\n<li>Final: R$ 5.190,00<\/li>\n<\/ul>\n<\/li>\n<\/ul>\n<\/div>\n\n\n\n<div class=\"wp-block-column is-layout-flow wp-block-column-is-layout-flow\">\n<ul class=\"wp-block-list\">\n<li><strong>Analista<\/strong><strong>&#8211; 40h:<\/strong>\n<ul class=\"wp-block-list\">\n<li>Inicial: R$ 9.800,00<\/li>\n\n\n\n<li>Final: R$ 12.234,21<\/li>\n<\/ul>\n<\/li>\n<\/ul>\n\n\n\n<ul class=\"wp-block-list\">\n<li><strong>T\u00e9cnico &#8211; 40h:<\/strong>\n<ul class=\"wp-block-list\">\n<li>Inicial: R$ 6.980,00<\/li>\n\n\n\n<li>Final: R$ 8.529,61<\/li>\n<\/ul>\n<\/li>\n<\/ul>\n\n\n\n<ul class=\"wp-block-list\">\n<li><strong>Auxiliar &#8211; 40h:<\/strong>\n<ul class=\"wp-block-list\">\n<li>Inicial: R$ 6.272,21<\/li>\n\n\n\n<li>Final: R$ 6.920,00<\/li>\n<\/ul>\n<\/li>\n<\/ul>\n<\/div>\n<\/div>\n\n\n\n<h3 class=\"wp-block-heading\" id=\"requisitos\">Requisitos<\/h3>\n\n\n\n<p><strong>Analista de Atividades Culturais:<\/strong> diploma, devidamente registrado, de conclus\u00e3o de curso de gradua\u00e7\u00e3o ou bacharel (conforme especificado no edital) na respectiva \u00e1rea, expedido por institui\u00e7\u00e3o de ensino superior reconhecida pelo Minist\u00e9rio da Educa\u00e7\u00e3o e registro no Conselho de Classe.<\/p>\n\n\n\n<p><strong>T\u00e9cnico de Atividades Culturais:<\/strong> certificado, devidamente registrado, de conclus\u00e3o de curso de ensino m\u00e9dio, expedido por institui\u00e7\u00e3o educacional reconhecida pelo \u00f3rg\u00e3o pr\u00f3prio do sistema de ensino.<\/p>\n\n\n\n<h2 class=\"wp-block-heading\" id=\"ultimo-concurso\">Concurso Secult DF: \u00faltimo edital<\/h2>\n\n\n\n<p>O \u00faltimo concurso Secult DF ofereceu 100 vagas para os cargos de Analista e T\u00e9cnico de Atividades Culturais. A institui\u00e7\u00e3o organizadora respons\u00e1vel pelo certame foi o Instituto Americano de Desenvolvimento (IADES). <\/p>\n\n\n\n<p>Foram 50 vagas para Analista de Atividades Culturais distribu\u00eddas entre as seguintes especialidades: Administra\u00e7\u00e3o, Arquivologia, Artes C\u00eanicas, Artes Pl\u00e1sticas, Biblioteconomia, Comunica\u00e7\u00e3o Social\/Jornalismo, Comunica\u00e7\u00e3o Social\/Radiodifus\u00e3o, Conserva\u00e7\u00e3o e Restauro, Contabilidade, Direito e Legisla\u00e7\u00e3o, Estat\u00edstica, Hist\u00f3ria, Letras, Museologia e Pedagogia.  <\/p>\n\n\n\n<p>As outras 50 vagas foram ofertadas para o cargo de T\u00e9cnico de Atividades Culturais, distribu\u00eddas entre Agente Administrativo, T\u00e9cnico em Conserva\u00e7\u00e3o e Restauro e T\u00e9cnico em Contabilidade. <\/p>\n\n\n\n<p>Para o cargo de Analista de Atividades Culturais, foram registrados 12.525 inscritos. J\u00e1 para T\u00e9cnico de Atividades Culturais, 46.015, totalizando<strong> 58.540 inscritos<\/strong>. <\/p>\n\n\n\n<h3 class=\"wp-block-heading\" id=\"objetiva\">Prova Objetiva <\/h3>\n\n\n\n<p>Fase eliminat\u00f3ria e classificat\u00f3ria do concurso Secult DF, a prova objetiva foi aplicada para todos os cargos. Com o total de 50 quest\u00f5es de m\u00faltipla escolha e cinco alternativas cada. A pontua\u00e7\u00e3o m\u00e1xima foi de 75 pontos, distribu\u00eddos entre as disciplinas da seguinte forma: <\/p>\n\n\n\n<ul class=\"wp-block-list\">\n<li><strong><em>Conhecimentos b\u00e1sicos<\/em><\/strong><em>: 25 quest\u00f5es (peso 1) <\/em>\n<ul class=\"wp-block-list\">\n<li><em>L\u00edngua Portuguesa: 8 quest\u00f5es<\/em><\/li>\n\n\n\n<li><em>Racioc\u00ednio L\u00f3gico e Matem\u00e1tico, Legisla\u00e7\u00e3o aos Servidores do Governo do DF: 5 quest\u00f5es<\/em><\/li>\n\n\n\n<li><em>Microinform\u00e1tica: 4 quest\u00f5es<\/em><\/li>\n\n\n\n<li><em>Atualidades: 3 quest\u00f5es<\/em><\/li>\n<\/ul>\n<\/li>\n<\/ul>\n\n\n\n<ul class=\"wp-block-list\">\n<li><strong><em>Conhecimentos Espec\u00edficos<\/em><\/strong><em>: 25 quest\u00f5es (peso 2)<\/em>\n<ul class=\"wp-block-list\">\n<li><em>Temas e assuntos de cada \u00e1rea t\u00e9cnica e de especialidade do cargo.<\/em><\/li>\n<\/ul>\n<\/li>\n<\/ul>\n\n\n\n<p>Foram considerados aprovados na prova objetiva os candidatos que acertaram no m\u00ednimo 13 quest\u00f5es para cada um dos conhecimentos avaliados. J\u00e1 o candidato que zerou em L\u00edngua Portuguesa, foi eliminado do concurso.<\/p>\n\n\n\n<h3 class=\"wp-block-heading\" id=\"discursiva\">Prova Discursiva<\/h3>\n\n\n\n<p>A prova discursiva do concurso Secult DF foi aplicada <strong>somente para o cargo de Analista de Atividades Culturais<\/strong> durante o mesmo hor\u00e1rio e turno da prova objetiva. <\/p>\n\n\n\n<p>A avalia\u00e7\u00e3o consistiu na elabora\u00e7\u00e3o de texto dissertativo e(ou) descritivo, com extens\u00e3o m\u00ednima de 20 e m\u00e1xima de 40 linhas. O tema foi formulado pela banca, sendo a pontua\u00e7\u00e3o m\u00e1xima de 10 pontos, distribu\u00eddos nos crit\u00e9rios abaixo:<\/p>\n\n\n\n<ul class=\"wp-block-list\">\n<li><em><strong>Tema \/ Texto:<\/strong> adequa\u00e7\u00e3o e pertin\u00eancia ao tema, quanto ao g\u00eanero proposto e avaliar a organiza\u00e7\u00e3o textual &#8211; 2,5 pontos. <\/em><\/li>\n\n\n\n<li><em><strong>Argumenta\u00e7\u00e3o: <\/strong>verificar a especifica\u00e7\u00e3o do tema, o conhecimento do assunto, a sele\u00e7\u00e3o de ideias distribu\u00eddas de forma l\u00f3gica, concatenadas e sem fragmenta\u00e7\u00e3o, em di\u00e1logo com assuntos atuais &#8211; 2,5 pontos.<\/em><\/li>\n\n\n\n<li><em><strong>Coer\u00eancia Argumentativa: <\/strong>sele\u00e7\u00e3o e ordena\u00e7\u00e3o de argumentos; rela\u00e7\u00f5es de implica\u00e7\u00e3o ou de adequa\u00e7\u00e3o de premissas, conclus\u00f5es e afirma\u00e7\u00f5es &#8211; 2,5 pontos.<\/em><\/li>\n\n\n\n<li><em><strong>Elabora\u00e7\u00e3o Cr\u00edtica: <\/strong>desenvolvimento de proposta de interven\u00e7\u00e3o relacionada ao tema abordado e a pertin\u00eancia dos argumentos selecionados &#8211; 2,5 pontos.<\/em><\/li>\n<\/ul>\n\n\n\n<p>Para ser aprovado, o candidato precisou ter a pontua\u00e7\u00e3o igual ou superior a 6 pontos.<\/p>\n\n\n\n<h3 class=\"wp-block-heading\" id=\"titulos\">Avalia\u00e7\u00e3o de T\u00edtulos<\/h3>\n\n\n\n<p>Aplicada exclusivamente para o cargo de Analista de Atividades Culturais, os candidatos foram convocados para a apresenta\u00e7\u00e3o dos t\u00edtulos por edital espec\u00edfico. Com car\u00e1ter classificat\u00f3rio, a pontua\u00e7\u00e3o podia chegar a 4 pontos, mesmo a soma dos valores ultrapassando esse total. <\/p>\n\n\n\n<ul class=\"wp-block-list\">\n<li><em>Doutorado &#8211; diploma de Doutorado na \u00e1rea de forma\u00e7\u00e3o da especialidade &#8211; 1,5 pontos<\/em><\/li>\n\n\n\n<li><em>Mestrado &#8211; diploma de Mestrado na \u00e1rea de forma\u00e7\u00e3o da especialidade &#8211; 1 pontos<\/em><\/li>\n\n\n\n<li><em>P\u00f3s-Gradua\u00e7\u00e3o lato sensu (especializa\u00e7\u00e3o) &#8211; certificado de conclus\u00e3o em curso de p\u00f3s-gradua\u00e7\u00e3o na \u00e1rea de forma\u00e7\u00e3o da especialidade, com carga hor\u00e1ria m\u00ednima de 360 horas<\/em><\/li>\n\n\n\n<li><em>Pontua\u00e7\u00e3o por item: 0,5 pontos.<\/em><\/li>\n\n\n\n<li><em>Pontua\u00e7\u00e3o m\u00e1xima: 1 ponto<\/em><\/li>\n\n\n\n<li><em>Especializa\u00e7\u00e3o profissional &#8211; conclus\u00e3o em curso de especializa\u00e7\u00e3o na \u00e1rea de forma\u00e7\u00e3o da especialidade, com carga hor\u00e1ria m\u00ednima comprovada de 80 horas.<\/em><\/li>\n\n\n\n<li><em>Pontua\u00e7\u00e3o por item: 0,25 pontos<\/em><\/li>\n\n\n\n<li><em>Pontua\u00e7\u00e3o m\u00e1xima: 0,50 pontos<\/em><\/li>\n<\/ul>\n\n\n\n<hr class=\"wp-block-separator has-css-opacity\"\/>\n\n\n\n<h2 class=\"wp-block-heading has-text-align-center\" id=\"assinatura-e-cursos\">Assinatura e cursos para o concurso SECULT DF<\/h2>\n\n\n\n<div class=\"container\" id=\"boxes\">\n  <div class=\"row\">\n\n    <div class=\"col-sm\">\n      <div class=\"banner-estrategia\" id=\"box-assinatura\">\n        <h3 class=\"titulo-assinatura\">Cursos para concursos<\/h3>\n        <p class=\"subtitulo-assinatura\">Estude conosco<\/p>\n        <div class=\"box-botao\">\n          <a class=\"btn-assinatura\" target=\"_blank\" href=\"https:\/\/www.estrategiaconcursos.com.br\/cursos\/\" role=\"button\" rel=\"noopener noreferrer\">Conhe\u00e7a os cursos<\/a>\n        <\/div>\n      <\/div>\n     \n    <\/div>\n\n  <\/div>\n<\/div>\n\n\n\n<div class=\"container\" id=\"boxes\">\n  <div class=\"row\">\n\n    <div class=\"col-sm\">\n      <div class=\"estrategia\" id=\"box-assinatura\">\n        <h3 class=\"titulo-assinatura\">Assinatura Concursos<\/h3>\n        <p class=\"subtitulo-assinatura\">Assinatura de 1 ano ou 2 anos<\/p>\n        <div class=\"box-botao\">\n          <a class=\"btn-assinatura\" target=\"_blank\" href=\"https:\/\/www.estrategiaconcursos.com.br\/assinaturas\/\" role=\"button\" rel=\"noopener noreferrer\">ASSINE AGORA<\/a>\n        <\/div>\n      <\/div><\/div><\/div><\/div>\n\n\n\n<h2 class=\"wp-block-heading has-text-align-center\" id=\"h-quer-saber-tudo-sobre-concursos-previstos-confira-nossos-artigos\">Quer saber tudo sobre concursos previstos?<br \/>Confira nossos artigos!<\/h2>\n\n\n\n<ul class=\"wp-block-list\">\n<li><a href=\"https:\/\/www.estrategiaconcursos.com.br\/blog\/concursos-abertos\/\" target=\"_blank\" rel=\"noreferrer noopener\">Concursos abertos<\/a><\/li>\n\n\n\n<li><a href=\"https:\/\/www.estrategiaconcursos.com.br\/blog\/concursos-2023\/\" target=\"_blank\" rel=\"noreferrer noopener\">Concursos 2023<\/a><\/li>\n\n\n\n<li><a href=\"https:\/\/www.estrategiaconcursos.com.br\/blog\/concursos-2024\/\" target=\"_blank\" rel=\"noreferrer noopener\">Concursos 2024<\/a><\/li>\n<\/ul>\n\n\n\n<figure class=\"wp-block-image size-large is-resized\"><img loading=\"lazy\" decoding=\"async\" src=\"https:\/\/dhg1h5j42swfq.cloudfront.net\/2021\/04\/27074456\/ficha-tecnica-1-1024x632-1-14.png\" alt=\"Ficha t\u00e9cnica concurso Secult DF\" class=\"wp-image-723945\" width=\"261\" height=\"161\" srcset=\"https:\/\/dhg1h5j42swfq.cloudfront.net\/2021\/04\/27074456\/ficha-tecnica-1-1024x632-1-14.png 1024w, https:\/\/dhg1h5j42swfq.cloudfront.net\/2021\/04\/27074456\/ficha-tecnica-1-1024x632-1-14-300x185.png 300w, https:\/\/dhg1h5j42swfq.cloudfront.net\/2021\/04\/27074456\/ficha-tecnica-1-1024x632-1-14-768x474.png 768w, https:\/\/dhg1h5j42swfq.cloudfront.net\/2021\/04\/27074456\/ficha-tecnica-1-1024x632-1-14-610x376.png 610w\" sizes=\"auto, (max-width: 261px) 100vw, 261px\" \/><\/figure>\n\n\n\n<h3 class=\"wp-block-heading\" id=\"ficha\">Informa\u00e7\u00f5es do pr\u00f3ximo Concurso&nbsp;SECULT DF<\/h3>\n\n\n\n<ul class=\"wp-block-list\">\n<li><strong>Data prevista:&nbsp;<\/strong>2023<\/li>\n\n\n\n<li><strong>Vagas<\/strong>: 96 previstas<\/li>\n\n\n\n<li><strong>Cargos<\/strong>: Analista, T\u00e9cnico e M\u00fasico<\/li>\n\n\n\n<li><strong>Banca<\/strong>: a definir<\/li>\n\n\n\n<li><strong>Escolaridade<\/strong>: N\u00edvel m\u00e9dio e superior<\/li>\n\n\n\n<li><strong>\u00daltimo edital:&nbsp;<\/strong><a href=\"https:\/\/dhg1h5j42swfq.cloudfront.net\/2020\/02\/17101223\/2014012493515159.pdf\" target=\"_blank\" rel=\"noreferrer noopener nofollow\">Edital Secult DF 2014<\/a><\/li>\n<\/ul>\n","protected":false},"excerpt":{"rendered":"<p>O Projeto de Lei de Diretrizes Or\u00e7ament\u00e1rias (PLDO) de 2024 prev\u00ea 96 vagas entre nomea\u00e7\u00e3o e autoriza\u00e7\u00e3o para um novo concurso da Secretaria de Estado de Cultura e Economia Criativa do Distrito Federal (Secult DF). Conforme o documento, as 96 oportunidades s\u00e3o distribu\u00eddas da seguinte maneira: Importante frisar que a abertura do concurso fica condicionada [&hellip;]<\/p>\n","protected":false},"author":1,"featured_media":700967,"comment_status":"open","ping_status":"closed","sticky":false,"template":"","format":"standard","meta":{"post_tipo":"news_page","footnotes":""},"categories":[214992],"tags":[],"tax_estado":[219970],"class_list":["post-482469","post","type-post","status-publish","format-standard","has-post-thumbnail","hentry","category-concursos-administrativos","tax_estado-df"],"acf":[],"yoast_head":"<!-- This site is optimized with the Yoast SEO Premium plugin v27.2 (Yoast SEO v27.2) - https:\/\/yoast.com\/product\/yoast-seo-premium-wordpress\/ -->\n<title>Concurso SECULT DF: PLDO 2024 prev\u00ea 96 vagas!<\/title>\n<meta name=\"description\" content=\"Concurso SECULT DF: PLDO 2024 prev\u00ea 96 vagas para nomea\u00e7\u00e3o e autoriza\u00e7\u00e3o de novo edital. Acesse e confira os detalhes!\" \/>\n<meta name=\"robots\" content=\"index, follow, max-snippet:-1, max-image-preview:large, max-video-preview:-1\" \/>\n<link rel=\"canonical\" href=\"https:\/\/www.estrategiaconcursos.com.br\/blog\/concurso-secult-df\/\" \/>\n<meta property=\"og:locale\" content=\"pt_BR\" \/>\n<meta property=\"og:type\" content=\"article\" \/>\n<meta property=\"og:title\" content=\"Concurso SECULT DF: PLDO 2024 prev\u00ea 96 vagas!\" \/>\n<meta property=\"og:description\" content=\"Concurso SECULT DF: PLDO 2024 prev\u00ea 96 vagas para nomea\u00e7\u00e3o e autoriza\u00e7\u00e3o de novo edital. Acesse e confira os detalhes!\" \/>\n<meta property=\"og:url\" content=\"https:\/\/www.estrategiaconcursos.com.br\/blog\/concurso-secult-df\/\" \/>\n<meta property=\"og:site_name\" content=\"Estrat\u00e9gia Concursos\" \/>\n<meta property=\"article:author\" content=\"https:\/\/www.facebook.com\/EstrategiaConcursos\" \/>\n<meta property=\"article:published_time\" content=\"2023-07-10T18:40:00+00:00\" \/>\n<meta property=\"article:modified_time\" content=\"2023-07-10T19:53:07+00:00\" \/>\n<meta property=\"og:image\" content=\"https:\/\/dhg1h5j42swfq.cloudfront.net\/2021\/03\/25102714\/secult-df.jpg\" \/>\n\t<meta property=\"og:image:width\" content=\"1200\" \/>\n\t<meta property=\"og:image:height\" content=\"628\" \/>\n\t<meta property=\"og:image:type\" content=\"image\/jpeg\" \/>\n<meta name=\"author\" content=\"Coordena\u00e7\u00e3o\" \/>\n<meta name=\"twitter:card\" content=\"summary_large_image\" \/>\n<meta name=\"twitter:creator\" content=\"@EstratConcursos\" \/>\n<meta name=\"twitter:site\" content=\"@EstratConcursos\" \/>\n<meta name=\"twitter:label1\" content=\"Escrito por\" \/>\n\t<meta name=\"twitter:data1\" content=\"Coordena\u00e7\u00e3o\" \/>\n\t<meta name=\"twitter:label2\" content=\"Est. tempo de leitura\" \/>\n\t<meta name=\"twitter:data2\" content=\"8 minutos\" \/>\n<script type=\"application\/ld+json\" class=\"yoast-schema-graph\">{\"@context\":\"https:\/\/schema.org\",\"@graph\":[{\"@type\":\"NewsArticle\",\"@id\":\"https:\/\/www.estrategiaconcursos.com.br\/blog\/concurso-secult-df\/#article\",\"isPartOf\":{\"@id\":\"https:\/\/www.estrategiaconcursos.com.br\/blog\/concurso-secult-df\/\"},\"author\":{\"name\":\"Coordena\u00e7\u00e3o\",\"@id\":\"https:\/\/www.estrategiaconcursos.com.br\/blog\/#\/schema\/person\/b4a388c97673c5f483d72185668afa1f\"},\"headline\":\"Concurso SECULT DF: PLDO 2024 prev\u00ea 96 vagas!\",\"datePublished\":\"2023-07-10T18:40:00+00:00\",\"dateModified\":\"2023-07-10T19:53:07+00:00\",\"mainEntityOfPage\":{\"@id\":\"https:\/\/www.estrategiaconcursos.com.br\/blog\/concurso-secult-df\/\"},\"wordCount\":1388,\"commentCount\":0,\"publisher\":{\"@id\":\"https:\/\/www.estrategiaconcursos.com.br\/blog\/#organization\"},\"image\":{\"@id\":\"https:\/\/www.estrategiaconcursos.com.br\/blog\/concurso-secult-df\/#primaryimage\"},\"thumbnailUrl\":\"https:\/\/dhg1h5j42swfq.cloudfront.net\/2021\/03\/25102714\/secult-df.jpg\",\"articleSection\":[\"Executivo (Administrativa)\"],\"inLanguage\":\"pt-BR\",\"potentialAction\":[{\"@type\":\"CommentAction\",\"name\":\"Comment\",\"target\":[\"https:\/\/www.estrategiaconcursos.com.br\/blog\/concurso-secult-df\/#respond\"]}],\"copyrightYear\":\"2023\",\"copyrightHolder\":{\"@id\":\"https:\/\/www.estrategiaconcursos.com.br\/blog\/#organization\"}},{\"@type\":\"WebPage\",\"@id\":\"https:\/\/www.estrategiaconcursos.com.br\/blog\/concurso-secult-df\/\",\"url\":\"https:\/\/www.estrategiaconcursos.com.br\/blog\/concurso-secult-df\/\",\"name\":\"Concurso SECULT DF: PLDO 2024 prev\u00ea 96 vagas!\",\"isPartOf\":{\"@id\":\"https:\/\/www.estrategiaconcursos.com.br\/blog\/#website\"},\"primaryImageOfPage\":{\"@id\":\"https:\/\/www.estrategiaconcursos.com.br\/blog\/concurso-secult-df\/#primaryimage\"},\"image\":{\"@id\":\"https:\/\/www.estrategiaconcursos.com.br\/blog\/concurso-secult-df\/#primaryimage\"},\"thumbnailUrl\":\"https:\/\/dhg1h5j42swfq.cloudfront.net\/2021\/03\/25102714\/secult-df.jpg\",\"datePublished\":\"2023-07-10T18:40:00+00:00\",\"dateModified\":\"2023-07-10T19:53:07+00:00\",\"description\":\"Concurso SECULT DF: PLDO 2024 prev\u00ea 96 vagas para nomea\u00e7\u00e3o e autoriza\u00e7\u00e3o de novo edital. Acesse e confira os detalhes!\",\"breadcrumb\":{\"@id\":\"https:\/\/www.estrategiaconcursos.com.br\/blog\/concurso-secult-df\/#breadcrumb\"},\"inLanguage\":\"pt-BR\",\"potentialAction\":[{\"@type\":\"ReadAction\",\"target\":[\"https:\/\/www.estrategiaconcursos.com.br\/blog\/concurso-secult-df\/\"]}]},{\"@type\":\"ImageObject\",\"inLanguage\":\"pt-BR\",\"@id\":\"https:\/\/www.estrategiaconcursos.com.br\/blog\/concurso-secult-df\/#primaryimage\",\"url\":\"https:\/\/dhg1h5j42swfq.cloudfront.net\/2021\/03\/25102714\/secult-df.jpg\",\"contentUrl\":\"https:\/\/dhg1h5j42swfq.cloudfront.net\/2021\/03\/25102714\/secult-df.jpg\",\"width\":1200,\"height\":628,\"caption\":\"Sele\u00e7\u00e3o Secult DF\"},{\"@type\":\"BreadcrumbList\",\"@id\":\"https:\/\/www.estrategiaconcursos.com.br\/blog\/concurso-secult-df\/#breadcrumb\",\"itemListElement\":[{\"@type\":\"ListItem\",\"position\":1,\"name\":\"In\u00edcio\",\"item\":\"https:\/\/www.estrategiaconcursos.com.br\/blog\/\"},{\"@type\":\"ListItem\",\"position\":2,\"name\":\"Concurso SECULT DF: PLDO 2024 prev\u00ea 96 vagas!\"}]},{\"@type\":\"WebSite\",\"@id\":\"https:\/\/www.estrategiaconcursos.com.br\/blog\/#website\",\"url\":\"https:\/\/www.estrategiaconcursos.com.br\/blog\/\",\"name\":\"Estrat\u00e9gia Concursos\",\"description\":\"O blog da Estrat\u00e9gia Concursos traz not\u00edcias sobre concursos e artigos de professores oferecendo cursos para concursos (pdf + videaulas) no site.\",\"publisher\":{\"@id\":\"https:\/\/www.estrategiaconcursos.com.br\/blog\/#organization\"},\"potentialAction\":[{\"@type\":\"SearchAction\",\"target\":{\"@type\":\"EntryPoint\",\"urlTemplate\":\"https:\/\/www.estrategiaconcursos.com.br\/blog\/?s={search_term_string}\"},\"query-input\":{\"@type\":\"PropertyValueSpecification\",\"valueRequired\":true,\"valueName\":\"search_term_string\"}}],\"inLanguage\":\"pt-BR\"},{\"@type\":\"Organization\",\"@id\":\"https:\/\/www.estrategiaconcursos.com.br\/blog\/#organization\",\"name\":\"Estrat\u00e9gia Concursos\",\"url\":\"https:\/\/www.estrategiaconcursos.com.br\/blog\/\",\"logo\":{\"@type\":\"ImageObject\",\"inLanguage\":\"pt-BR\",\"@id\":\"https:\/\/www.estrategiaconcursos.com.br\/blog\/#\/schema\/logo\/image\/\",\"url\":\"https:\/\/dhg1h5j42swfq.cloudfront.net\/2025\/06\/03203428\/logo_concursos-1.jpg\",\"contentUrl\":\"https:\/\/dhg1h5j42swfq.cloudfront.net\/2025\/06\/03203428\/logo_concursos-1.jpg\",\"width\":230,\"height\":60,\"caption\":\"Estrat\u00e9gia Concursos\"},\"image\":{\"@id\":\"https:\/\/www.estrategiaconcursos.com.br\/blog\/#\/schema\/logo\/image\/\"},\"sameAs\":[\"https:\/\/x.com\/EstratConcursos\"]},{\"@type\":\"Person\",\"@id\":\"https:\/\/www.estrategiaconcursos.com.br\/blog\/#\/schema\/person\/b4a388c97673c5f483d72185668afa1f\",\"name\":\"Coordena\u00e7\u00e3o\",\"image\":{\"@type\":\"ImageObject\",\"inLanguage\":\"pt-BR\",\"@id\":\"https:\/\/secure.gravatar.com\/avatar\/b720319e4c9a967eb58678d110f4fe35452fc5d5f97b202bac7b8acceb18c6ad?s=96&d=mm&r=g\",\"url\":\"https:\/\/secure.gravatar.com\/avatar\/b720319e4c9a967eb58678d110f4fe35452fc5d5f97b202bac7b8acceb18c6ad?s=96&d=mm&r=g\",\"contentUrl\":\"https:\/\/secure.gravatar.com\/avatar\/b720319e4c9a967eb58678d110f4fe35452fc5d5f97b202bac7b8acceb18c6ad?s=96&d=mm&r=g\",\"caption\":\"Coordena\u00e7\u00e3o\"},\"sameAs\":[\"https:\/\/www.facebook.com\/EstrategiaConcursos\",\"https:\/\/x.com\/EstratConcursos\"],\"url\":\"https:\/\/www.estrategiaconcursos.com.br\/blog\/author\/estrategia2013\/\"}]}<\/script>\n<!-- \/ Yoast SEO Premium plugin. -->","yoast_head_json":{"title":"Concurso SECULT DF: PLDO 2024 prev\u00ea 96 vagas!","description":"Concurso SECULT DF: PLDO 2024 prev\u00ea 96 vagas para nomea\u00e7\u00e3o e autoriza\u00e7\u00e3o de novo edital. Acesse e confira os detalhes!","robots":{"index":"index","follow":"follow","max-snippet":"max-snippet:-1","max-image-preview":"max-image-preview:large","max-video-preview":"max-video-preview:-1"},"canonical":"https:\/\/www.estrategiaconcursos.com.br\/blog\/concurso-secult-df\/","og_locale":"pt_BR","og_type":"article","og_title":"Concurso SECULT DF: PLDO 2024 prev\u00ea 96 vagas!","og_description":"Concurso SECULT DF: PLDO 2024 prev\u00ea 96 vagas para nomea\u00e7\u00e3o e autoriza\u00e7\u00e3o de novo edital. Acesse e confira os detalhes!","og_url":"https:\/\/www.estrategiaconcursos.com.br\/blog\/concurso-secult-df\/","og_site_name":"Estrat\u00e9gia Concursos","article_author":"https:\/\/www.facebook.com\/EstrategiaConcursos","article_published_time":"2023-07-10T18:40:00+00:00","article_modified_time":"2023-07-10T19:53:07+00:00","og_image":[{"width":1200,"height":628,"url":"https:\/\/dhg1h5j42swfq.cloudfront.net\/2021\/03\/25102714\/secult-df.jpg","type":"image\/jpeg"}],"author":"Coordena\u00e7\u00e3o","twitter_card":"summary_large_image","twitter_creator":"@EstratConcursos","twitter_site":"@EstratConcursos","twitter_misc":{"Escrito por":"Coordena\u00e7\u00e3o","Est. tempo de leitura":"8 minutos"},"schema":{"@context":"https:\/\/schema.org","@graph":[{"@type":"NewsArticle","@id":"https:\/\/www.estrategiaconcursos.com.br\/blog\/concurso-secult-df\/#article","isPartOf":{"@id":"https:\/\/www.estrategiaconcursos.com.br\/blog\/concurso-secult-df\/"},"author":{"name":"Coordena\u00e7\u00e3o","@id":"https:\/\/www.estrategiaconcursos.com.br\/blog\/#\/schema\/person\/b4a388c97673c5f483d72185668afa1f"},"headline":"Concurso SECULT DF: PLDO 2024 prev\u00ea 96 vagas!","datePublished":"2023-07-10T18:40:00+00:00","dateModified":"2023-07-10T19:53:07+00:00","mainEntityOfPage":{"@id":"https:\/\/www.estrategiaconcursos.com.br\/blog\/concurso-secult-df\/"},"wordCount":1388,"commentCount":0,"publisher":{"@id":"https:\/\/www.estrategiaconcursos.com.br\/blog\/#organization"},"image":{"@id":"https:\/\/www.estrategiaconcursos.com.br\/blog\/concurso-secult-df\/#primaryimage"},"thumbnailUrl":"https:\/\/dhg1h5j42swfq.cloudfront.net\/2021\/03\/25102714\/secult-df.jpg","articleSection":["Executivo (Administrativa)"],"inLanguage":"pt-BR","potentialAction":[{"@type":"CommentAction","name":"Comment","target":["https:\/\/www.estrategiaconcursos.com.br\/blog\/concurso-secult-df\/#respond"]}],"copyrightYear":"2023","copyrightHolder":{"@id":"https:\/\/www.estrategiaconcursos.com.br\/blog\/#organization"}},{"@type":"WebPage","@id":"https:\/\/www.estrategiaconcursos.com.br\/blog\/concurso-secult-df\/","url":"https:\/\/www.estrategiaconcursos.com.br\/blog\/concurso-secult-df\/","name":"Concurso SECULT DF: PLDO 2024 prev\u00ea 96 vagas!","isPartOf":{"@id":"https:\/\/www.estrategiaconcursos.com.br\/blog\/#website"},"primaryImageOfPage":{"@id":"https:\/\/www.estrategiaconcursos.com.br\/blog\/concurso-secult-df\/#primaryimage"},"image":{"@id":"https:\/\/www.estrategiaconcursos.com.br\/blog\/concurso-secult-df\/#primaryimage"},"thumbnailUrl":"https:\/\/dhg1h5j42swfq.cloudfront.net\/2021\/03\/25102714\/secult-df.jpg","datePublished":"2023-07-10T18:40:00+00:00","dateModified":"2023-07-10T19:53:07+00:00","description":"Concurso SECULT DF: PLDO 2024 prev\u00ea 96 vagas para nomea\u00e7\u00e3o e autoriza\u00e7\u00e3o de novo edital. Acesse e confira os detalhes!","breadcrumb":{"@id":"https:\/\/www.estrategiaconcursos.com.br\/blog\/concurso-secult-df\/#breadcrumb"},"inLanguage":"pt-BR","potentialAction":[{"@type":"ReadAction","target":["https:\/\/www.estrategiaconcursos.com.br\/blog\/concurso-secult-df\/"]}]},{"@type":"ImageObject","inLanguage":"pt-BR","@id":"https:\/\/www.estrategiaconcursos.com.br\/blog\/concurso-secult-df\/#primaryimage","url":"https:\/\/dhg1h5j42swfq.cloudfront.net\/2021\/03\/25102714\/secult-df.jpg","contentUrl":"https:\/\/dhg1h5j42swfq.cloudfront.net\/2021\/03\/25102714\/secult-df.jpg","width":1200,"height":628,"caption":"Sele\u00e7\u00e3o Secult DF"},{"@type":"BreadcrumbList","@id":"https:\/\/www.estrategiaconcursos.com.br\/blog\/concurso-secult-df\/#breadcrumb","itemListElement":[{"@type":"ListItem","position":1,"name":"In\u00edcio","item":"https:\/\/www.estrategiaconcursos.com.br\/blog\/"},{"@type":"ListItem","position":2,"name":"Concurso SECULT DF: PLDO 2024 prev\u00ea 96 vagas!"}]},{"@type":"WebSite","@id":"https:\/\/www.estrategiaconcursos.com.br\/blog\/#website","url":"https:\/\/www.estrategiaconcursos.com.br\/blog\/","name":"Estrat\u00e9gia Concursos","description":"O blog da Estrat\u00e9gia Concursos traz not\u00edcias sobre concursos e artigos de professores oferecendo cursos para concursos (pdf + videaulas) no site.","publisher":{"@id":"https:\/\/www.estrategiaconcursos.com.br\/blog\/#organization"},"potentialAction":[{"@type":"SearchAction","target":{"@type":"EntryPoint","urlTemplate":"https:\/\/www.estrategiaconcursos.com.br\/blog\/?s={search_term_string}"},"query-input":{"@type":"PropertyValueSpecification","valueRequired":true,"valueName":"search_term_string"}}],"inLanguage":"pt-BR"},{"@type":"Organization","@id":"https:\/\/www.estrategiaconcursos.com.br\/blog\/#organization","name":"Estrat\u00e9gia Concursos","url":"https:\/\/www.estrategiaconcursos.com.br\/blog\/","logo":{"@type":"ImageObject","inLanguage":"pt-BR","@id":"https:\/\/www.estrategiaconcursos.com.br\/blog\/#\/schema\/logo\/image\/","url":"https:\/\/dhg1h5j42swfq.cloudfront.net\/2025\/06\/03203428\/logo_concursos-1.jpg","contentUrl":"https:\/\/dhg1h5j42swfq.cloudfront.net\/2025\/06\/03203428\/logo_concursos-1.jpg","width":230,"height":60,"caption":"Estrat\u00e9gia Concursos"},"image":{"@id":"https:\/\/www.estrategiaconcursos.com.br\/blog\/#\/schema\/logo\/image\/"},"sameAs":["https:\/\/x.com\/EstratConcursos"]},{"@type":"Person","@id":"https:\/\/www.estrategiaconcursos.com.br\/blog\/#\/schema\/person\/b4a388c97673c5f483d72185668afa1f","name":"Coordena\u00e7\u00e3o","image":{"@type":"ImageObject","inLanguage":"pt-BR","@id":"https:\/\/secure.gravatar.com\/avatar\/b720319e4c9a967eb58678d110f4fe35452fc5d5f97b202bac7b8acceb18c6ad?s=96&d=mm&r=g","url":"https:\/\/secure.gravatar.com\/avatar\/b720319e4c9a967eb58678d110f4fe35452fc5d5f97b202bac7b8acceb18c6ad?s=96&d=mm&r=g","contentUrl":"https:\/\/secure.gravatar.com\/avatar\/b720319e4c9a967eb58678d110f4fe35452fc5d5f97b202bac7b8acceb18c6ad?s=96&d=mm&r=g","caption":"Coordena\u00e7\u00e3o"},"sameAs":["https:\/\/www.facebook.com\/EstrategiaConcursos","https:\/\/x.com\/EstratConcursos"],"url":"https:\/\/www.estrategiaconcursos.com.br\/blog\/author\/estrategia2013\/"}]}},"_links":{"self":[{"href":"https:\/\/www.estrategiaconcursos.com.br\/blog\/wp-json\/wp\/v2\/posts\/482469","targetHints":{"allow":["GET"]}}],"collection":[{"href":"https:\/\/www.estrategiaconcursos.com.br\/blog\/wp-json\/wp\/v2\/posts"}],"about":[{"href":"https:\/\/www.estrategiaconcursos.com.br\/blog\/wp-json\/wp\/v2\/types\/post"}],"author":[{"embeddable":true,"href":"https:\/\/www.estrategiaconcursos.com.br\/blog\/wp-json\/wp\/v2\/users\/1"}],"replies":[{"embeddable":true,"href":"https:\/\/www.estrategiaconcursos.com.br\/blog\/wp-json\/wp\/v2\/comments?post=482469"}],"version-history":[{"count":33,"href":"https:\/\/www.estrategiaconcursos.com.br\/blog\/wp-json\/wp\/v2\/posts\/482469\/revisions"}],"predecessor-version":[{"id":1246203,"href":"https:\/\/www.estrategiaconcursos.com.br\/blog\/wp-json\/wp\/v2\/posts\/482469\/revisions\/1246203"}],"wp:featuredmedia":[{"embeddable":true,"href":"https:\/\/www.estrategiaconcursos.com.br\/blog\/wp-json\/wp\/v2\/media\/700967"}],"wp:attachment":[{"href":"https:\/\/www.estrategiaconcursos.com.br\/blog\/wp-json\/wp\/v2\/media?parent=482469"}],"wp:term":[{"taxonomy":"category","embeddable":true,"href":"https:\/\/www.estrategiaconcursos.com.br\/blog\/wp-json\/wp\/v2\/categories?post=482469"},{"taxonomy":"post_tag","embeddable":true,"href":"https:\/\/www.estrategiaconcursos.com.br\/blog\/wp-json\/wp\/v2\/tags?post=482469"},{"taxonomy":"tax_estado","embeddable":true,"href":"https:\/\/www.estrategiaconcursos.com.br\/blog\/wp-json\/wp\/v2\/tax_estado?post=482469"}],"curies":[{"name":"wp","href":"https:\/\/api.w.org\/{rel}","templated":true}]}}