{"id":482430,"date":"2020-02-16T18:12:52","date_gmt":"2020-02-16T21:12:52","guid":{"rendered":"https:\/\/www.estrategiaconcursos.com.br\/blog\/?p=482430"},"modified":"2020-02-16T18:12:55","modified_gmt":"2020-02-16T21:12:55","slug":"comentarios-das-questoes-de-direito-constitucional-do-concurso-tj-rs-oficial-de-justica-classe-o","status":"publish","type":"post","link":"https:\/\/www.estrategiaconcursos.com.br\/blog\/comentarios-das-questoes-de-direito-constitucional-do-concurso-tj-rs-oficial-de-justica-classe-o\/","title":{"rendered":"Coment\u00e1rios das quest\u00f5es de Direito Constitucional do concurso TJ RS &#8211; Oficial de Justi\u00e7a Classe O"},"content":{"rendered":"\n<p>31. Gabarito preliminar: A (RECURSO)<\/p>\n\n\n\n<p>Meus amigos, ap\u00f3s an\u00e1lise de quest\u00e3o anterior da mesma banca (FGV, 2017, TRT), certamente o gabarito que ser\u00e1 dado como oficial ser\u00e1 a letra \u201cA\u201d. Entretanto, discordamos e j\u00e1 indicamos aqui um poss\u00edvel recurso, para os que dele quiserem fazer uso.<\/p>\n\n\n\n<p>Jo\u00e3o procurou o\nMinist\u00e9rio P\u00fablico e solicitou o ajuizamento da medida judicial cab\u00edvel para\nque seu \u00fanico vizinho fosse proibido de ouvir m\u00fasica em volume elevado, o que\nlhe causava grande inc\u00f4modo. Poderia o MP agir nessa situa\u00e7\u00e3o? Entendemos que\nsim.<\/p>\n\n\n\n<p>Nos termos do Decreto-lei\n3.688\/41, artigo 42, III, recepcionado pela Constitui\u00e7\u00e3o Federal, perturbar\nsossego alheio abusando de instrumentos sonoros ou sinais ac\u00fasticos, constitui\ncontraven\u00e7\u00e3o penal.<\/p>\n\n\n\n<p>O artigo 17 da Lei das\nContraven\u00e7\u00f5es Penais, a a\u00e7\u00e3o penal \u00e9 p\u00fablica, devendo a autoridade agir de\nof\u00edcio. Dessa forma, cabe ao Minist\u00e9rio P\u00fablico promover a devida a\u00e7\u00e3o penal\n(artigo 129, I da Constitui\u00e7\u00e3o Federal). Em que pese haver alguma diverg\u00eancia\ndoutrin\u00e1ria a respeito de ser a\u00e7\u00e3o penal p\u00fablica incondicionada (\u00e9 o que consta\nda lei) ou condicionada \u00e0 representa\u00e7\u00e3o, temos certo que Jo\u00e3o procurou o <em>Parquet<\/em>, ou seja, fez a representa\u00e7\u00e3o.<\/p>\n\n\n\n<p>Notem que a quest\u00e3o\nrelata apenas que o Jo\u00e3o procurou o MP para solicitar o ajuizamento de medida\njudicial capaz de impedir o vizinho de continuar a perturb\u00e1-lo. H\u00e1 a medida\njudicial? Sim: a a\u00e7\u00e3o penal. De quem \u00e9 a compet\u00eancia para ajuiz\u00e1-la? Do\nMinist\u00e9rio P\u00fablico. Assim, a letra \u201cA\u201d, embora possivelmente seja a resposta\ndada pela banca n\u00e3o \u00e9 correta, pois afirma que o Minist\u00e9rio P\u00fablico n\u00e3o poder\u00e1\nagir em favor de Jo\u00e3o.<\/p>\n\n\n\n<p>Poder\u00edamos falar ainda em\ncrime ambiental? \u00c9 poss\u00edvel.<\/p>\n\n\n\n<p>A Lei 9.698, artigo 54,\ndefine como crime ambiental \u201ccausar polui\u00e7\u00e3o de qualquer natureza em n\u00edveis\ntais que resultem ou possam resultar em danos \u00e0 sa\u00fade humana, ou que provoquem\nmortandade de animais ou a destrui\u00e7\u00e3o significativa da flora.\u201d<\/p>\n\n\n\n<p>O objeto jur\u00eddico do\ndelito \u00e9 a preserva\u00e7\u00e3o do meio ambiente; os objetos materiais s\u00e3o o ser humano,\na fauna e a flora. O sujeito ativo \u00e9 qualquer pessoa e o sujeito passivo a\ncoletividade.<\/p>\n\n\n\n<p>Com efeito, em tese,\npoderia o Minist\u00e9rio P\u00fablico agir em defesa de direito difuso: o meio ambiente.\nVoc\u00ea, ent\u00e3o poderia dizer: \u201cmas a quest\u00e3o fala de um \u00fanico vizinho!\u201d Tudo bem.\nPor outro lado, n\u00e3o fala que Jo\u00e3o morava sozinho, que n\u00e3o tinha animais na\nregi\u00e3o, n\u00e3o menciona o tipo do barulho, etc. N\u00e3o \u00e9 o fato de o Jo\u00e3o ter apenas\num vizinho suficiente para dizer que n\u00e3o houve ofensa ao meio ambiente. Assim,\nem tese, a alternativa \u201cB\u201d poderia ser a resposta, embora n\u00e3o t\u00e3o cristalina.<\/p>\n\n\n\n<p>Quanto \u00e0 Maria, n\u00e3o h\u00e1\nd\u00favida de que o caso por ela relatado (despejo de esgoto em rio) fere direito\ndifuso, de maneira que o Minist\u00e9rio P\u00fablico tanto poderia propor uma a\u00e7\u00e3o civil\np\u00fablica quanto a responsabiliza\u00e7\u00e3o criminal de seus agentes.<\/p>\n\n\n\n<p>Pelo exposto,\nindependentemente do gabarito dado pela banca, cab\u00edvel o recurso. O correto \u00e9\nanular a quest\u00e3o, pois n\u00e3o cont\u00e9m as informa\u00e7\u00f5es necess\u00e1rias para an\u00e1lise e nem\numa alternativa isenta de questionamentos.<\/p>\n\n\n\n<p>32. B<\/p>\n\n\n\n<p>Coment\u00e1rio:<\/p>\n\n\n\n<p>Nos\ntermos do artigo 125, \u00a7 1\u00ba, da Constitui\u00e7\u00e3o Federal, a\ncompet\u00eancia dos tribunais de justi\u00e7a ser\u00e1 definida na Constitui\u00e7\u00e3o do Estado e\nn\u00e3o na lei.<\/p>\n\n\n\n<p>33. B<\/p>\n\n\n\n<p>Coment\u00e1rio: <\/p>\n\n\n\n<p>Conforme artigo 5\u00ba,\ninciso XI, da Constitui\u00e7\u00e3o Federal, a entrada na casa, sem o consentimento do\nmorador, dentre outras hip\u00f3teses, pode ocorrer por determina\u00e7\u00e3o judicial, desde\nque seja dia. N\u00e3o h\u00e1 limita\u00e7\u00e3o quanto a qual dia da semana, mas quanto a\nhor\u00e1rio (dia).<\/p>\n\n\n\n<p>34. A<\/p>\n\n\n\n<p>Coment\u00e1rio:<\/p>\n\n\n\n<p>Nos termos do artigo 37,\nXIII, da Constitui\u00e7\u00e3o Federal, \u201c\u00e9\nvedada a vincula\u00e7\u00e3o ou equipara\u00e7\u00e3o de quaisquer esp\u00e9cies remunerat\u00f3rias para o\nefeito de remunera\u00e7\u00e3o de pessoal do servi\u00e7o p\u00fablico.\u201d<\/p>\n\n\n\n<p>35. A<\/p>\n\n\n\n<p>Coment\u00e1rio:<\/p>\n\n\n\n<p>Nos termos do artigo 8\u00ba, V, da Constitui\u00e7\u00e3o Federal, \u201cningu\u00e9m ser\u00e1 obrigado a filiar-se ou a manter-se filiado a sindicato\u201d. O inciso VI do mesmo artigo disp\u00f5e que \u201c\u00e9 obrigat\u00f3ria a participa\u00e7\u00e3o dos sindicatos nas negocia\u00e7\u00f5es coletivas de trabalho.\u201d<\/p>\n\n\n\n<p>Bons estudos!<\/p>\n","protected":false},"excerpt":{"rendered":"<p>31. Gabarito preliminar: A (RECURSO) Meus amigos, ap\u00f3s an\u00e1lise de quest\u00e3o anterior da mesma banca (FGV, 2017, TRT), certamente o gabarito que ser\u00e1 dado como oficial ser\u00e1 a letra \u201cA\u201d. Entretanto, discordamos e j\u00e1 indicamos aqui um poss\u00edvel recurso, para os que dele quiserem fazer uso. Jo\u00e3o procurou o Minist\u00e9rio P\u00fablico e solicitou o ajuizamento [&hellip;]<\/p>\n","protected":false},"author":492,"featured_media":482141,"comment_status":"open","ping_status":"closed","sticky":false,"template":"","format":"standard","meta":{"post_tipo":"article","footnotes":""},"categories":[1],"tags":[],"tax_estado":[],"class_list":["post-482430","post","type-post","status-publish","format-standard","has-post-thumbnail","hentry","category-cursos-e-concursos"],"acf":[],"yoast_head":"<!-- This site is optimized with the Yoast SEO Premium plugin v27.2 (Yoast SEO v27.2) - https:\/\/yoast.com\/product\/yoast-seo-premium-wordpress\/ -->\n<title>Coment\u00e1rios das quest\u00f5es de Direito Constitucional do concurso TJ RS - Oficial de Justi\u00e7a Classe O<\/title>\n<meta name=\"robots\" content=\"index, follow, max-snippet:-1, max-image-preview:large, max-video-preview:-1\" \/>\n<link rel=\"canonical\" href=\"https:\/\/www.estrategiaconcursos.com.br\/blog\/comentarios-das-questoes-de-direito-constitucional-do-concurso-tj-rs-oficial-de-justica-classe-o\/\" \/>\n<meta property=\"og:locale\" content=\"pt_BR\" \/>\n<meta property=\"og:type\" content=\"article\" \/>\n<meta property=\"og:title\" content=\"Coment\u00e1rios das quest\u00f5es de Direito Constitucional do concurso TJ RS - Oficial de Justi\u00e7a Classe O\" \/>\n<meta property=\"og:description\" content=\"31. Gabarito preliminar: A (RECURSO) Meus amigos, ap\u00f3s an\u00e1lise de quest\u00e3o anterior da mesma banca (FGV, 2017, TRT), certamente o gabarito que ser\u00e1 dado como oficial ser\u00e1 a letra \u201cA\u201d. Entretanto, discordamos e j\u00e1 indicamos aqui um poss\u00edvel recurso, para os que dele quiserem fazer uso. Jo\u00e3o procurou o Minist\u00e9rio P\u00fablico e solicitou o ajuizamento [&hellip;]\" \/>\n<meta property=\"og:url\" content=\"https:\/\/www.estrategiaconcursos.com.br\/blog\/comentarios-das-questoes-de-direito-constitucional-do-concurso-tj-rs-oficial-de-justica-classe-o\/\" \/>\n<meta property=\"og:site_name\" content=\"Estrat\u00e9gia Concursos\" \/>\n<meta property=\"article:published_time\" content=\"2020-02-16T21:12:52+00:00\" \/>\n<meta property=\"article:modified_time\" content=\"2020-02-16T21:12:55+00:00\" \/>\n<meta property=\"og:image\" content=\"https:\/\/dhg1h5j42swfq.cloudfront.net\/2020\/02\/14172743\/YTB_GABARITO-TJ-RS.jpg\" \/>\n\t<meta property=\"og:image:width\" content=\"1280\" \/>\n\t<meta property=\"og:image:height\" content=\"720\" \/>\n\t<meta property=\"og:image:type\" content=\"image\/jpeg\" \/>\n<meta name=\"author\" content=\"Nelma Fontana\" \/>\n<meta name=\"twitter:card\" content=\"summary_large_image\" \/>\n<meta name=\"twitter:creator\" content=\"@EstratConcursos\" \/>\n<meta name=\"twitter:site\" content=\"@EstratConcursos\" \/>\n<meta name=\"twitter:label1\" content=\"Escrito por\" \/>\n\t<meta name=\"twitter:data1\" content=\"Nelma Fontana\" \/>\n\t<meta name=\"twitter:label2\" content=\"Est. tempo de leitura\" \/>\n\t<meta name=\"twitter:data2\" content=\"4 minutos\" \/>\n<script type=\"application\/ld+json\" class=\"yoast-schema-graph\">{\"@context\":\"https:\/\/schema.org\",\"@graph\":[{\"@type\":\"NewsArticle\",\"@id\":\"https:\/\/www.estrategiaconcursos.com.br\/blog\/comentarios-das-questoes-de-direito-constitucional-do-concurso-tj-rs-oficial-de-justica-classe-o\/#article\",\"isPartOf\":{\"@id\":\"https:\/\/www.estrategiaconcursos.com.br\/blog\/comentarios-das-questoes-de-direito-constitucional-do-concurso-tj-rs-oficial-de-justica-classe-o\/\"},\"author\":{\"name\":\"Nelma Fontana\",\"@id\":\"https:\/\/www.estrategiaconcursos.com.br\/blog\/#\/schema\/person\/09924ae9dae935885ef15db075a3be15\"},\"headline\":\"Coment\u00e1rios das quest\u00f5es de Direito Constitucional do concurso TJ RS &#8211; Oficial de Justi\u00e7a Classe O\",\"datePublished\":\"2020-02-16T21:12:52+00:00\",\"dateModified\":\"2020-02-16T21:12:55+00:00\",\"mainEntityOfPage\":{\"@id\":\"https:\/\/www.estrategiaconcursos.com.br\/blog\/comentarios-das-questoes-de-direito-constitucional-do-concurso-tj-rs-oficial-de-justica-classe-o\/\"},\"wordCount\":748,\"commentCount\":0,\"publisher\":{\"@id\":\"https:\/\/www.estrategiaconcursos.com.br\/blog\/#organization\"},\"image\":{\"@id\":\"https:\/\/www.estrategiaconcursos.com.br\/blog\/comentarios-das-questoes-de-direito-constitucional-do-concurso-tj-rs-oficial-de-justica-classe-o\/#primaryimage\"},\"thumbnailUrl\":\"https:\/\/dhg1h5j42swfq.cloudfront.net\/2020\/02\/14172743\/YTB_GABARITO-TJ-RS.jpg\",\"articleSection\":[\"Concursos P\u00fablicos\"],\"inLanguage\":\"pt-BR\",\"potentialAction\":[{\"@type\":\"CommentAction\",\"name\":\"Comment\",\"target\":[\"https:\/\/www.estrategiaconcursos.com.br\/blog\/comentarios-das-questoes-de-direito-constitucional-do-concurso-tj-rs-oficial-de-justica-classe-o\/#respond\"]}],\"copyrightYear\":\"2020\",\"copyrightHolder\":{\"@id\":\"https:\/\/www.estrategiaconcursos.com.br\/blog\/#organization\"}},{\"@type\":\"WebPage\",\"@id\":\"https:\/\/www.estrategiaconcursos.com.br\/blog\/comentarios-das-questoes-de-direito-constitucional-do-concurso-tj-rs-oficial-de-justica-classe-o\/\",\"url\":\"https:\/\/www.estrategiaconcursos.com.br\/blog\/comentarios-das-questoes-de-direito-constitucional-do-concurso-tj-rs-oficial-de-justica-classe-o\/\",\"name\":\"Coment\u00e1rios das quest\u00f5es de Direito Constitucional do concurso TJ RS - Oficial de Justi\u00e7a Classe O\",\"isPartOf\":{\"@id\":\"https:\/\/www.estrategiaconcursos.com.br\/blog\/#website\"},\"primaryImageOfPage\":{\"@id\":\"https:\/\/www.estrategiaconcursos.com.br\/blog\/comentarios-das-questoes-de-direito-constitucional-do-concurso-tj-rs-oficial-de-justica-classe-o\/#primaryimage\"},\"image\":{\"@id\":\"https:\/\/www.estrategiaconcursos.com.br\/blog\/comentarios-das-questoes-de-direito-constitucional-do-concurso-tj-rs-oficial-de-justica-classe-o\/#primaryimage\"},\"thumbnailUrl\":\"https:\/\/dhg1h5j42swfq.cloudfront.net\/2020\/02\/14172743\/YTB_GABARITO-TJ-RS.jpg\",\"datePublished\":\"2020-02-16T21:12:52+00:00\",\"dateModified\":\"2020-02-16T21:12:55+00:00\",\"breadcrumb\":{\"@id\":\"https:\/\/www.estrategiaconcursos.com.br\/blog\/comentarios-das-questoes-de-direito-constitucional-do-concurso-tj-rs-oficial-de-justica-classe-o\/#breadcrumb\"},\"inLanguage\":\"pt-BR\",\"potentialAction\":[{\"@type\":\"ReadAction\",\"target\":[\"https:\/\/www.estrategiaconcursos.com.br\/blog\/comentarios-das-questoes-de-direito-constitucional-do-concurso-tj-rs-oficial-de-justica-classe-o\/\"]}]},{\"@type\":\"ImageObject\",\"inLanguage\":\"pt-BR\",\"@id\":\"https:\/\/www.estrategiaconcursos.com.br\/blog\/comentarios-das-questoes-de-direito-constitucional-do-concurso-tj-rs-oficial-de-justica-classe-o\/#primaryimage\",\"url\":\"https:\/\/dhg1h5j42swfq.cloudfront.net\/2020\/02\/14172743\/YTB_GABARITO-TJ-RS.jpg\",\"contentUrl\":\"https:\/\/dhg1h5j42swfq.cloudfront.net\/2020\/02\/14172743\/YTB_GABARITO-TJ-RS.jpg\",\"width\":1280,\"height\":720},{\"@type\":\"BreadcrumbList\",\"@id\":\"https:\/\/www.estrategiaconcursos.com.br\/blog\/comentarios-das-questoes-de-direito-constitucional-do-concurso-tj-rs-oficial-de-justica-classe-o\/#breadcrumb\",\"itemListElement\":[{\"@type\":\"ListItem\",\"position\":1,\"name\":\"In\u00edcio\",\"item\":\"https:\/\/www.estrategiaconcursos.com.br\/blog\/\"},{\"@type\":\"ListItem\",\"position\":2,\"name\":\"Coment\u00e1rios das quest\u00f5es de Direito Constitucional do concurso TJ RS &#8211; Oficial de Justi\u00e7a Classe O\"}]},{\"@type\":\"WebSite\",\"@id\":\"https:\/\/www.estrategiaconcursos.com.br\/blog\/#website\",\"url\":\"https:\/\/www.estrategiaconcursos.com.br\/blog\/\",\"name\":\"Estrat\u00e9gia Concursos\",\"description\":\"O blog da Estrat\u00e9gia Concursos traz not\u00edcias sobre concursos e artigos de professores oferecendo cursos para concursos (pdf + videaulas) no site.\",\"publisher\":{\"@id\":\"https:\/\/www.estrategiaconcursos.com.br\/blog\/#organization\"},\"potentialAction\":[{\"@type\":\"SearchAction\",\"target\":{\"@type\":\"EntryPoint\",\"urlTemplate\":\"https:\/\/www.estrategiaconcursos.com.br\/blog\/?s={search_term_string}\"},\"query-input\":{\"@type\":\"PropertyValueSpecification\",\"valueRequired\":true,\"valueName\":\"search_term_string\"}}],\"inLanguage\":\"pt-BR\"},{\"@type\":\"Organization\",\"@id\":\"https:\/\/www.estrategiaconcursos.com.br\/blog\/#organization\",\"name\":\"Estrat\u00e9gia Concursos\",\"url\":\"https:\/\/www.estrategiaconcursos.com.br\/blog\/\",\"logo\":{\"@type\":\"ImageObject\",\"inLanguage\":\"pt-BR\",\"@id\":\"https:\/\/www.estrategiaconcursos.com.br\/blog\/#\/schema\/logo\/image\/\",\"url\":\"https:\/\/dhg1h5j42swfq.cloudfront.net\/2025\/06\/03203428\/logo_concursos-1.jpg\",\"contentUrl\":\"https:\/\/dhg1h5j42swfq.cloudfront.net\/2025\/06\/03203428\/logo_concursos-1.jpg\",\"width\":230,\"height\":60,\"caption\":\"Estrat\u00e9gia Concursos\"},\"image\":{\"@id\":\"https:\/\/www.estrategiaconcursos.com.br\/blog\/#\/schema\/logo\/image\/\"},\"sameAs\":[\"https:\/\/x.com\/EstratConcursos\"]},{\"@type\":\"Person\",\"@id\":\"https:\/\/www.estrategiaconcursos.com.br\/blog\/#\/schema\/person\/09924ae9dae935885ef15db075a3be15\",\"name\":\"Nelma Fontana\",\"image\":{\"@type\":\"ImageObject\",\"inLanguage\":\"pt-BR\",\"@id\":\"https:\/\/secure.gravatar.com\/avatar\/a2b4071a40b0ae857a4dfe2308130289bde3d65cc7674fb758d21a8b645071e5?s=96&d=mm&r=g\",\"url\":\"https:\/\/secure.gravatar.com\/avatar\/a2b4071a40b0ae857a4dfe2308130289bde3d65cc7674fb758d21a8b645071e5?s=96&d=mm&r=g\",\"contentUrl\":\"https:\/\/secure.gravatar.com\/avatar\/a2b4071a40b0ae857a4dfe2308130289bde3d65cc7674fb758d21a8b645071e5?s=96&d=mm&r=g\",\"caption\":\"Nelma Fontana\"},\"url\":\"https:\/\/www.estrategiaconcursos.com.br\/blog\/author\/fontananelmagmail-com\/\"}]}<\/script>\n<!-- \/ Yoast SEO Premium plugin. -->","yoast_head_json":{"title":"Coment\u00e1rios das quest\u00f5es de Direito Constitucional do concurso TJ RS - Oficial de Justi\u00e7a Classe O","robots":{"index":"index","follow":"follow","max-snippet":"max-snippet:-1","max-image-preview":"max-image-preview:large","max-video-preview":"max-video-preview:-1"},"canonical":"https:\/\/www.estrategiaconcursos.com.br\/blog\/comentarios-das-questoes-de-direito-constitucional-do-concurso-tj-rs-oficial-de-justica-classe-o\/","og_locale":"pt_BR","og_type":"article","og_title":"Coment\u00e1rios das quest\u00f5es de Direito Constitucional do concurso TJ RS - Oficial de Justi\u00e7a Classe O","og_description":"31. Gabarito preliminar: A (RECURSO) Meus amigos, ap\u00f3s an\u00e1lise de quest\u00e3o anterior da mesma banca (FGV, 2017, TRT), certamente o gabarito que ser\u00e1 dado como oficial ser\u00e1 a letra \u201cA\u201d. Entretanto, discordamos e j\u00e1 indicamos aqui um poss\u00edvel recurso, para os que dele quiserem fazer uso. Jo\u00e3o procurou o Minist\u00e9rio P\u00fablico e solicitou o ajuizamento [&hellip;]","og_url":"https:\/\/www.estrategiaconcursos.com.br\/blog\/comentarios-das-questoes-de-direito-constitucional-do-concurso-tj-rs-oficial-de-justica-classe-o\/","og_site_name":"Estrat\u00e9gia Concursos","article_published_time":"2020-02-16T21:12:52+00:00","article_modified_time":"2020-02-16T21:12:55+00:00","og_image":[{"width":1280,"height":720,"url":"https:\/\/dhg1h5j42swfq.cloudfront.net\/2020\/02\/14172743\/YTB_GABARITO-TJ-RS.jpg","type":"image\/jpeg"}],"author":"Nelma Fontana","twitter_card":"summary_large_image","twitter_creator":"@EstratConcursos","twitter_site":"@EstratConcursos","twitter_misc":{"Escrito por":"Nelma Fontana","Est. tempo de leitura":"4 minutos"},"schema":{"@context":"https:\/\/schema.org","@graph":[{"@type":"NewsArticle","@id":"https:\/\/www.estrategiaconcursos.com.br\/blog\/comentarios-das-questoes-de-direito-constitucional-do-concurso-tj-rs-oficial-de-justica-classe-o\/#article","isPartOf":{"@id":"https:\/\/www.estrategiaconcursos.com.br\/blog\/comentarios-das-questoes-de-direito-constitucional-do-concurso-tj-rs-oficial-de-justica-classe-o\/"},"author":{"name":"Nelma Fontana","@id":"https:\/\/www.estrategiaconcursos.com.br\/blog\/#\/schema\/person\/09924ae9dae935885ef15db075a3be15"},"headline":"Coment\u00e1rios das quest\u00f5es de Direito Constitucional do concurso TJ RS &#8211; Oficial de Justi\u00e7a Classe O","datePublished":"2020-02-16T21:12:52+00:00","dateModified":"2020-02-16T21:12:55+00:00","mainEntityOfPage":{"@id":"https:\/\/www.estrategiaconcursos.com.br\/blog\/comentarios-das-questoes-de-direito-constitucional-do-concurso-tj-rs-oficial-de-justica-classe-o\/"},"wordCount":748,"commentCount":0,"publisher":{"@id":"https:\/\/www.estrategiaconcursos.com.br\/blog\/#organization"},"image":{"@id":"https:\/\/www.estrategiaconcursos.com.br\/blog\/comentarios-das-questoes-de-direito-constitucional-do-concurso-tj-rs-oficial-de-justica-classe-o\/#primaryimage"},"thumbnailUrl":"https:\/\/dhg1h5j42swfq.cloudfront.net\/2020\/02\/14172743\/YTB_GABARITO-TJ-RS.jpg","articleSection":["Concursos P\u00fablicos"],"inLanguage":"pt-BR","potentialAction":[{"@type":"CommentAction","name":"Comment","target":["https:\/\/www.estrategiaconcursos.com.br\/blog\/comentarios-das-questoes-de-direito-constitucional-do-concurso-tj-rs-oficial-de-justica-classe-o\/#respond"]}],"copyrightYear":"2020","copyrightHolder":{"@id":"https:\/\/www.estrategiaconcursos.com.br\/blog\/#organization"}},{"@type":"WebPage","@id":"https:\/\/www.estrategiaconcursos.com.br\/blog\/comentarios-das-questoes-de-direito-constitucional-do-concurso-tj-rs-oficial-de-justica-classe-o\/","url":"https:\/\/www.estrategiaconcursos.com.br\/blog\/comentarios-das-questoes-de-direito-constitucional-do-concurso-tj-rs-oficial-de-justica-classe-o\/","name":"Coment\u00e1rios das quest\u00f5es de Direito Constitucional do concurso TJ RS - Oficial de Justi\u00e7a Classe O","isPartOf":{"@id":"https:\/\/www.estrategiaconcursos.com.br\/blog\/#website"},"primaryImageOfPage":{"@id":"https:\/\/www.estrategiaconcursos.com.br\/blog\/comentarios-das-questoes-de-direito-constitucional-do-concurso-tj-rs-oficial-de-justica-classe-o\/#primaryimage"},"image":{"@id":"https:\/\/www.estrategiaconcursos.com.br\/blog\/comentarios-das-questoes-de-direito-constitucional-do-concurso-tj-rs-oficial-de-justica-classe-o\/#primaryimage"},"thumbnailUrl":"https:\/\/dhg1h5j42swfq.cloudfront.net\/2020\/02\/14172743\/YTB_GABARITO-TJ-RS.jpg","datePublished":"2020-02-16T21:12:52+00:00","dateModified":"2020-02-16T21:12:55+00:00","breadcrumb":{"@id":"https:\/\/www.estrategiaconcursos.com.br\/blog\/comentarios-das-questoes-de-direito-constitucional-do-concurso-tj-rs-oficial-de-justica-classe-o\/#breadcrumb"},"inLanguage":"pt-BR","potentialAction":[{"@type":"ReadAction","target":["https:\/\/www.estrategiaconcursos.com.br\/blog\/comentarios-das-questoes-de-direito-constitucional-do-concurso-tj-rs-oficial-de-justica-classe-o\/"]}]},{"@type":"ImageObject","inLanguage":"pt-BR","@id":"https:\/\/www.estrategiaconcursos.com.br\/blog\/comentarios-das-questoes-de-direito-constitucional-do-concurso-tj-rs-oficial-de-justica-classe-o\/#primaryimage","url":"https:\/\/dhg1h5j42swfq.cloudfront.net\/2020\/02\/14172743\/YTB_GABARITO-TJ-RS.jpg","contentUrl":"https:\/\/dhg1h5j42swfq.cloudfront.net\/2020\/02\/14172743\/YTB_GABARITO-TJ-RS.jpg","width":1280,"height":720},{"@type":"BreadcrumbList","@id":"https:\/\/www.estrategiaconcursos.com.br\/blog\/comentarios-das-questoes-de-direito-constitucional-do-concurso-tj-rs-oficial-de-justica-classe-o\/#breadcrumb","itemListElement":[{"@type":"ListItem","position":1,"name":"In\u00edcio","item":"https:\/\/www.estrategiaconcursos.com.br\/blog\/"},{"@type":"ListItem","position":2,"name":"Coment\u00e1rios das quest\u00f5es de Direito Constitucional do concurso TJ RS &#8211; Oficial de Justi\u00e7a Classe O"}]},{"@type":"WebSite","@id":"https:\/\/www.estrategiaconcursos.com.br\/blog\/#website","url":"https:\/\/www.estrategiaconcursos.com.br\/blog\/","name":"Estrat\u00e9gia Concursos","description":"O blog da Estrat\u00e9gia Concursos traz not\u00edcias sobre concursos e artigos de professores oferecendo cursos para concursos (pdf + videaulas) no site.","publisher":{"@id":"https:\/\/www.estrategiaconcursos.com.br\/blog\/#organization"},"potentialAction":[{"@type":"SearchAction","target":{"@type":"EntryPoint","urlTemplate":"https:\/\/www.estrategiaconcursos.com.br\/blog\/?s={search_term_string}"},"query-input":{"@type":"PropertyValueSpecification","valueRequired":true,"valueName":"search_term_string"}}],"inLanguage":"pt-BR"},{"@type":"Organization","@id":"https:\/\/www.estrategiaconcursos.com.br\/blog\/#organization","name":"Estrat\u00e9gia Concursos","url":"https:\/\/www.estrategiaconcursos.com.br\/blog\/","logo":{"@type":"ImageObject","inLanguage":"pt-BR","@id":"https:\/\/www.estrategiaconcursos.com.br\/blog\/#\/schema\/logo\/image\/","url":"https:\/\/dhg1h5j42swfq.cloudfront.net\/2025\/06\/03203428\/logo_concursos-1.jpg","contentUrl":"https:\/\/dhg1h5j42swfq.cloudfront.net\/2025\/06\/03203428\/logo_concursos-1.jpg","width":230,"height":60,"caption":"Estrat\u00e9gia Concursos"},"image":{"@id":"https:\/\/www.estrategiaconcursos.com.br\/blog\/#\/schema\/logo\/image\/"},"sameAs":["https:\/\/x.com\/EstratConcursos"]},{"@type":"Person","@id":"https:\/\/www.estrategiaconcursos.com.br\/blog\/#\/schema\/person\/09924ae9dae935885ef15db075a3be15","name":"Nelma Fontana","image":{"@type":"ImageObject","inLanguage":"pt-BR","@id":"https:\/\/secure.gravatar.com\/avatar\/a2b4071a40b0ae857a4dfe2308130289bde3d65cc7674fb758d21a8b645071e5?s=96&d=mm&r=g","url":"https:\/\/secure.gravatar.com\/avatar\/a2b4071a40b0ae857a4dfe2308130289bde3d65cc7674fb758d21a8b645071e5?s=96&d=mm&r=g","contentUrl":"https:\/\/secure.gravatar.com\/avatar\/a2b4071a40b0ae857a4dfe2308130289bde3d65cc7674fb758d21a8b645071e5?s=96&d=mm&r=g","caption":"Nelma Fontana"},"url":"https:\/\/www.estrategiaconcursos.com.br\/blog\/author\/fontananelmagmail-com\/"}]}},"_links":{"self":[{"href":"https:\/\/www.estrategiaconcursos.com.br\/blog\/wp-json\/wp\/v2\/posts\/482430","targetHints":{"allow":["GET"]}}],"collection":[{"href":"https:\/\/www.estrategiaconcursos.com.br\/blog\/wp-json\/wp\/v2\/posts"}],"about":[{"href":"https:\/\/www.estrategiaconcursos.com.br\/blog\/wp-json\/wp\/v2\/types\/post"}],"author":[{"embeddable":true,"href":"https:\/\/www.estrategiaconcursos.com.br\/blog\/wp-json\/wp\/v2\/users\/492"}],"replies":[{"embeddable":true,"href":"https:\/\/www.estrategiaconcursos.com.br\/blog\/wp-json\/wp\/v2\/comments?post=482430"}],"version-history":[{"count":1,"href":"https:\/\/www.estrategiaconcursos.com.br\/blog\/wp-json\/wp\/v2\/posts\/482430\/revisions"}],"predecessor-version":[{"id":482432,"href":"https:\/\/www.estrategiaconcursos.com.br\/blog\/wp-json\/wp\/v2\/posts\/482430\/revisions\/482432"}],"wp:featuredmedia":[{"embeddable":true,"href":"https:\/\/www.estrategiaconcursos.com.br\/blog\/wp-json\/wp\/v2\/media\/482141"}],"wp:attachment":[{"href":"https:\/\/www.estrategiaconcursos.com.br\/blog\/wp-json\/wp\/v2\/media?parent=482430"}],"wp:term":[{"taxonomy":"category","embeddable":true,"href":"https:\/\/www.estrategiaconcursos.com.br\/blog\/wp-json\/wp\/v2\/categories?post=482430"},{"taxonomy":"post_tag","embeddable":true,"href":"https:\/\/www.estrategiaconcursos.com.br\/blog\/wp-json\/wp\/v2\/tags?post=482430"},{"taxonomy":"tax_estado","embeddable":true,"href":"https:\/\/www.estrategiaconcursos.com.br\/blog\/wp-json\/wp\/v2\/tax_estado?post=482430"}],"curies":[{"name":"wp","href":"https:\/\/api.w.org\/{rel}","templated":true}]}}