{"id":482423,"date":"2020-02-16T18:07:35","date_gmt":"2020-02-16T21:07:35","guid":{"rendered":"https:\/\/www.estrategiaconcursos.com.br\/blog\/?p=482423"},"modified":"2020-02-16T18:07:40","modified_gmt":"2020-02-16T21:07:40","slug":"iss-governador-valadares-questoes-direito-tributario-comentadas","status":"publish","type":"post","link":"https:\/\/www.estrategiaconcursos.com.br\/blog\/iss-governador-valadares-questoes-direito-tributario-comentadas\/","title":{"rendered":"ISS-Governador Valadares &#8211; Quest\u00f5es Direito Tribut\u00e1rio Comentadas"},"content":{"rendered":"\n<hr class=\"wp-block-separator\" \/>\n\n\n\n<p>Ol\u00e1, pessoal, tudo bem?<\/p>\n\n\n\n<p>Hoje foi aplicada a prova do concurso da Pref. de Governador Valadares!<\/p>\n\n\n\n<p>Foi uma prova bem at\u00edpica, com 2 quest\u00f5es com nada menos que 11 itens para dificultar a vida do candidato. E, nas op\u00e7\u00f5es de resposta, t\u00ednhamos apenas a quantidade de itens corretos para definir o gabarito. N\u00e3o podemos deixar de dizer que, embora n\u00e3o se tratasse de conte\u00fado de alto grau de dificuldade, \u00e9 o modelo de quest\u00f5es mais dif\u00edcil de se resolver em uma prova objetiva.<\/p>\n\n\n\n<p>Resolvemos abaixo as quest\u00f5es 34-39, que tratam do direito tribut\u00e1rio e da legisla\u00e7\u00e3o tribut\u00e1ria. S\u00f3 ficou de fora a quest\u00e3o 40 que \u00e9 espec\u00edfica do Munic\u00edpio de Valadares!<\/p>\n\n\n\n<p>Como sempre, deixo a ressalva que este \u00e9 um gabarito extraoficial e que n\u00e3o necessariamente coincidir\u00e1 com o da banca examinadora, mas n\u00e3o tivemos quest\u00f5es pol\u00eamicas, a pric\u00edpio.<\/p>\n\n\n\n<p>Desejo muito sucesso a todos os nossos alunos que participaram do certame, em especial a quem nos enviou a c\u00f3pia das provas! :)<\/p>\n\n\n\n<p>Aproveite para me acompanhar no Instagram: <a href=\"http:\/\/www.instagram.com\/proffabiodutra\">@proffabiodutra<\/a><\/p>\n\n\n\n<p>Quest\u00e3o 34 \u2013 <\/p>\n\n\n\n<figure class=\"wp-block-image size-large\"><img loading=\"lazy\" decoding=\"async\" width=\"525\" height=\"592\" src=\"https:\/\/dhg1h5j42swfq.cloudfront.net\/2020\/02\/16180251\/34.png\" alt=\"\" class=\"wp-image-482424\" srcset=\"https:\/\/dhg1h5j42swfq.cloudfront.net\/2020\/02\/16180251\/34.png 525w, https:\/\/dhg1h5j42swfq.cloudfront.net\/2020\/02\/16180251\/34-266x300.png 266w\" sizes=\"auto, (max-width: 525px) 100vw, 525px\" \/><\/figure>\n\n\n\n<p><strong>Coment\u00e1rio:<\/strong><\/p>\n\n\n\n<p>Item I: A anistia,\ncomo forma de exclus\u00e3o do cr\u00e9dito tribut\u00e1rio, impede o surgimento do cr\u00e9dito, sendo\no perd\u00e3o da infra\u00e7\u00e3o. Item correto.<\/p>\n\n\n\n<p>Item II: O art.\n156, do CTN, se refere \u00e0 extin\u00e7\u00e3o do cr\u00e9dito tribut\u00e1rio, e n\u00e3o \u00e0 exclus\u00e3o do\ncr\u00e9dito tribut\u00e1rio. Item errado.<\/p>\n\n\n\n<p>Item III: De\nfato, tais medidas extinguem o cr\u00e9dito tribut\u00e1rio, com base no art. 156, do CTN.\nItem correto.<\/p>\n\n\n\n<p>Item IV:&nbsp; A exclus\u00e3o do cr\u00e9dito tribut\u00e1rio n\u00e3o dispensa\no cumprimento de obriga\u00e7\u00f5es acess\u00f3rias. Item errado.<\/p>\n\n\n\n<p>Item V: A anistia\nn\u00e3o se aplica aos atos qualificados em lei como crimes ou contraven\u00e7\u00f5es. Item\nerrado.<\/p>\n\n\n\n<p>Item VI: A imputa\u00e7\u00e3o\nem pagamento imp\u00f5e ordem crescente dos prazos de prescri\u00e7\u00e3o e ordem decrescente\ndos montantes. Item errado.<\/p>\n\n\n\n<p>Item VII:\nTrata-se do disposto no art. 164, do CTN. Item correto.<\/p>\n\n\n\n<p>Item VIII:\nTrata-se do disposto no art. 116, par. \u00danico, do CTN. Item correto.<\/p>\n\n\n\n<p>Item IX: \u00c9 o que\nprescreve o art. 199, par. \u00danico, do CTN. Item correto.<\/p>\n\n\n\n<p>Item X: Trata-se\nde veda\u00e7\u00e3o constante do art. 170-A, do CTN. Item correto.<\/p>\n\n\n\n<p>Item XI: O\nparcelamento como forma de suspens\u00e3o da exigibilidade do cr\u00e9dito tribut\u00e1rio foi\nprevisto pela LC 104\/01. Item errado.<\/p>\n\n\n\n<p><strong>Gabarito\nExtraoficial: Letra D<\/strong><\/p>\n\n\n\n<p>Quest\u00e3o 35 &#8211; <\/p>\n\n\n\n<figure class=\"wp-block-image size-large\"><img loading=\"lazy\" decoding=\"async\" width=\"854\" height=\"142\" src=\"https:\/\/dhg1h5j42swfq.cloudfront.net\/2020\/02\/16180306\/35.jpeg\" alt=\"\" class=\"wp-image-482425\" srcset=\"https:\/\/dhg1h5j42swfq.cloudfront.net\/2020\/02\/16180306\/35.jpeg 854w, https:\/\/dhg1h5j42swfq.cloudfront.net\/2020\/02\/16180306\/35-300x50.jpeg 300w, https:\/\/dhg1h5j42swfq.cloudfront.net\/2020\/02\/16180306\/35-768x128.jpeg 768w, https:\/\/dhg1h5j42swfq.cloudfront.net\/2020\/02\/16180306\/35-610x101.jpeg 610w\" sizes=\"auto, (max-width: 854px) 100vw, 854px\" \/><\/figure>\n\n\n\n<p><strong>Coment\u00e1rio:<\/strong><\/p>\n\n\n\n<p>Alternativa A: O\nparcelamento suspende a exigibilidade do cr\u00e9dito tribut\u00e1rio. Alternativa correta.<\/p>\n\n\n\n<p>Alternativa B: A\nmorat\u00f3ria suspende a exigibilidade do cr\u00e9dito tribut\u00e1rio, mas a compensa\u00e7\u00e3o\nextingue o cr\u00e9dito tribut\u00e1rio. Alternativa errada.<\/p>\n\n\n\n<p>Alternativa C: O\ndep\u00f3sito do montante integral suspende a exigibilidade do cr\u00e9dito tribut\u00e1rio.\nAlternativa correta.<\/p>\n\n\n\n<p>Alternativa D: As\nliminares suspendem a exigibilidade do cr\u00e9dito tribut\u00e1rio. Alternativa correta.<\/p>\n\n\n\n<p><strong>Gabarito\nExtraoficial: Letra B<\/strong><\/p>\n\n\n\n<p>Quest\u00e3o 36 &#8211; <\/p>\n\n\n\n<figure class=\"wp-block-image size-large\"><img loading=\"lazy\" decoding=\"async\" width=\"821\" height=\"175\" src=\"https:\/\/dhg1h5j42swfq.cloudfront.net\/2020\/02\/16180314\/36.jpeg\" alt=\"\" class=\"wp-image-482426\" srcset=\"https:\/\/dhg1h5j42swfq.cloudfront.net\/2020\/02\/16180314\/36.jpeg 821w, https:\/\/dhg1h5j42swfq.cloudfront.net\/2020\/02\/16180314\/36-300x64.jpeg 300w, https:\/\/dhg1h5j42swfq.cloudfront.net\/2020\/02\/16180314\/36-768x164.jpeg 768w, https:\/\/dhg1h5j42swfq.cloudfront.net\/2020\/02\/16180314\/36-610x130.jpeg 610w\" sizes=\"auto, (max-width: 821px) 100vw, 821px\" \/><\/figure>\n\n\n\n<p><strong>Coment\u00e1rio: <\/strong>A quest\u00e3o foi retirada do art. 174, par. \u00danico,\ndo CTN, tendo sido definida como incorreta a alternativa que menciona a\nnecessidade de cita\u00e7\u00e3o pessoal feita ao devedor, tal como era a reda\u00e7\u00e3o original,\nanterior \u00e0 LC 118\/05. Logo, a alternativa C est\u00e1 correta e a D, incorreta,\nraz\u00e3o pela qual deve ser o gabarito da quest\u00e3o.<\/p>\n\n\n\n<p><strong>Gabarito\nExtraoficial: Letra D<\/strong><\/p>\n\n\n\n<p>Quest\u00e3o 37 &#8211; <\/p>\n\n\n\n<figure class=\"wp-block-image size-large\"><img loading=\"lazy\" decoding=\"async\" width=\"647\" height=\"513\" src=\"https:\/\/dhg1h5j42swfq.cloudfront.net\/2020\/02\/16180327\/37.png\" alt=\"\" class=\"wp-image-482427\" srcset=\"https:\/\/dhg1h5j42swfq.cloudfront.net\/2020\/02\/16180327\/37.png 647w, https:\/\/dhg1h5j42swfq.cloudfront.net\/2020\/02\/16180327\/37-300x238.png 300w, https:\/\/dhg1h5j42swfq.cloudfront.net\/2020\/02\/16180327\/37-610x484.png 610w\" sizes=\"auto, (max-width: 647px) 100vw, 647px\" \/><\/figure>\n\n\n\n<p><strong>Coment\u00e1rio:<\/strong><\/p>\n\n\n\n<p>Item I: Q&nbsp;&nbsp;&nbsp;&nbsp;&nbsp;&nbsp;&nbsp;&nbsp; uanto ao IPVA, o item est\u00e1 correto,\npor\u00e9m, quanto ao percentual do ICMS, tornou-se errado, j\u00e1 que a reparti\u00e7\u00e3o\ncorresponde a 25%. Item errado.<\/p>\n\n\n\n<p>Item II: Este\nitem tem rela\u00e7\u00e3o com os dispositivos constitucionais a respeito do IPI (art.\n153, \u00a7 3\u00ba), estando em conformidade com a CF\/88. Item correto.<\/p>\n\n\n\n<p>Item III:\nTrata-se dos dispositivos constitucionais referentes ao ITR (art. 153, \u00a7 4\u00ba),\nestando em conformidade com o que disp\u00f5e a CF\/88. Item correto.<\/p>\n\n\n\n<p>Item IV: Trata-se\ndos dispositivos constitucionais referentes ao ITBI (art. 156, \u00a7 2\u00ba), estando\nem conformidade com o que disp\u00f5e a CF\/88. Item correto.<\/p>\n\n\n\n<p><strong>Gabarito\nExtraoficial: Letra D<\/strong><\/p>\n\n\n\n<p>Quest\u00e3o 38 &#8211; <\/p>\n\n\n\n<figure class=\"wp-block-image size-large\"><img loading=\"lazy\" decoding=\"async\" width=\"657\" height=\"269\" src=\"https:\/\/dhg1h5j42swfq.cloudfront.net\/2020\/02\/16180335\/38.jpeg\" alt=\"\" class=\"wp-image-482428\" srcset=\"https:\/\/dhg1h5j42swfq.cloudfront.net\/2020\/02\/16180335\/38.jpeg 657w, https:\/\/dhg1h5j42swfq.cloudfront.net\/2020\/02\/16180335\/38-300x123.jpeg 300w, https:\/\/dhg1h5j42swfq.cloudfront.net\/2020\/02\/16180335\/38-610x250.jpeg 610w\" sizes=\"auto, (max-width: 657px) 100vw, 657px\" \/><\/figure>\n\n\n\n<p><strong>Coment\u00e1rio:<\/strong><\/p>\n\n\n\n<p><strong>Alternativa A:\n<\/strong>Trata-se do disposto no\nart. 162, da CF\/88, considerando as reparti\u00e7\u00f5es das receitas tribut\u00e1rias. Alternativa\ncorreta.<\/p>\n\n\n\n<p><strong>Alternativa B:\n<\/strong>O Imposto sobre Grandes Fortunas\nser\u00e1 institu\u00eddo nos termos de lei complementar. Alternativa errada.<\/p>\n\n\n\n<p><strong>Alternativa C:\n<\/strong>Trata-se do disposto no\nart. 150, \u00a7 7\u00ba, da CF\/88. Alternativa correta.<\/p>\n\n\n\n<p><strong>Alternativa D:\n<\/strong>Trata-se do disposto no\nart. 148, da CF\/88. Alternativa correta.<\/p>\n\n\n\n<p><strong>Gabarito\nExtraoficial: Letra B<\/strong><\/p>\n\n\n\n<p>Quest\u00e3o 39 &#8211; <\/p>\n\n\n\n<figure class=\"wp-block-image size-large\"><img loading=\"lazy\" decoding=\"async\" width=\"565\" height=\"1024\" src=\"https:\/\/dhg1h5j42swfq.cloudfront.net\/2020\/02\/16180346\/39-565x1024.png\" alt=\"\" class=\"wp-image-482429\" srcset=\"https:\/\/dhg1h5j42swfq.cloudfront.net\/2020\/02\/16180346\/39-565x1024.png 565w, https:\/\/dhg1h5j42swfq.cloudfront.net\/2020\/02\/16180346\/39-166x300.png 166w, https:\/\/dhg1h5j42swfq.cloudfront.net\/2020\/02\/16180346\/39-610x1105.png 610w, https:\/\/dhg1h5j42swfq.cloudfront.net\/2020\/02\/16180346\/39.png 659w\" sizes=\"auto, (max-width: 565px) 100vw, 565px\" \/><\/figure>\n\n\n\n<p>Item I: Esta\nalternativa est\u00e1 em desconformidade com o art. 33 da referida norma, que prev\u00ea\natividade de fiscaliza\u00e7\u00e3o prioritariamente orientadora (e n\u00e3o sancionat\u00f3ria).\nItem errado.<\/p>\n\n\n\n<p>Item II: O item est\u00e1\nde acordo com o art. 22, da LC 137\/2010. Item correto.<\/p>\n\n\n\n<p>Item III: A\nobriga\u00e7\u00e3o acess\u00f3ria n\u00e3o tem por objeto o pagamento de tributo ou penalidade. Tal\ndefini\u00e7\u00e3o se refere \u00e0 obriga\u00e7\u00e3o tribut\u00e1ria principal. Item errado.<\/p>\n\n\n\n<p>Item IV: O \u00fanico\nerro diz respeito ao art. 35, V, da LC 137\/2010, no sentido de que a isen\u00e7\u00e3o\nn\u00e3o pode ser permanente, mas sim tempor\u00e1ria, o que faz total sentido, uma vez\nque o objetivo \u00e9 que tais empresas se desenvolvam e n\u00e3o dependam posteriormente\ndo aux\u00edlio municipal. Item&nbsp; errado.<\/p>\n\n\n\n<p>Item V:\nRealmente, em caso de continuidade de explora\u00e7\u00e3o da respectiva atividade pelo adquirente,\nhaver\u00e1 responsabilidade conforme art. 133, do CTN. Item correto.<\/p>\n\n\n\n<p>Item VI: &nbsp;A reda\u00e7\u00e3o est\u00e1 em conformidade com o art. 4\u00ba,\nda LC 87\/2006, referente \u00e0 TRS (axa de Coleta de Res\u00edduos S\u00f3lidos). Item correto.<\/p>\n\n\n\n<p>Item VII: O\npagamento da TRS n\u00e3o exclui o pagamento de pre\u00e7os p\u00fablicos devidos pela\npresta\u00e7\u00e3o de servi\u00e7os extraordin\u00e1rios de limpeza urbana previstos em legisla\u00e7\u00e3o\nmunicipal espec\u00edfica. Item errado.<\/p>\n\n\n\n<p>Item VIII: \u00c9 o\nque consta no art. 2\u00ba, III, da referida norma, isto \u00e9, atividade de baixo risco\nn\u00e3o exige vistoria pr\u00e9via. Item correto.<\/p>\n\n\n\n<p>Item IX: &nbsp;De acordo com o art. 5\u00ba, I, do Decreto\n10.724\/2018, integrar\u00e1 a DESIF (al\u00e9m de outras informa\u00e7\u00f5es) o balancete\nanal\u00edtico mensal com as contas de receitas movimentadas no per\u00edodo, incluindo\nc\u00f3digo das rubricas, bem como os valores lan\u00e7ados a d\u00e9bito, a cr\u00e9dito e o saldo\nde cada conta no final de cada m\u00eas, e n\u00e3o bimestre. Item errado.<\/p>\n\n\n\n<p>Item X: \u00c9 o que\nprev\u00ea o art. 13, do Decreto 6.207\/2018. Item correto.<\/p>\n\n\n\n<p>Item XI: \u00c9 o que\nprev\u00ea o art. 20, da LC 34\/2001. Item correto.<\/p>\n\n\n\n<p><strong>Gabarito\nExtraoficial: Letra D<\/strong><\/p>\n","protected":false},"excerpt":{"rendered":"<p>Ol\u00e1, pessoal, tudo bem? Hoje foi aplicada a prova do concurso da Pref. de Governador Valadares! Foi uma prova bem at\u00edpica, com 2 quest\u00f5es com nada menos que 11 itens para dificultar a vida do candidato. E, nas op\u00e7\u00f5es de resposta, t\u00ednhamos apenas a quantidade de itens corretos para definir o gabarito. N\u00e3o podemos deixar [&hellip;]<\/p>\n","protected":false},"author":150,"featured_media":0,"comment_status":"open","ping_status":"closed","sticky":false,"template":"","format":"standard","meta":{"post_tipo":"article","footnotes":""},"categories":[1],"tags":[],"tax_estado":[],"class_list":["post-482423","post","type-post","status-publish","format-standard","hentry","category-cursos-e-concursos"],"acf":[],"yoast_head":"<!-- This site is optimized with the Yoast SEO Premium plugin v27.2 (Yoast SEO v27.2) - https:\/\/yoast.com\/product\/yoast-seo-premium-wordpress\/ -->\n<title>ISS-Governador Valadares - Quest\u00f5es Direito Tribut\u00e1rio Comentadas<\/title>\n<meta name=\"robots\" content=\"index, follow, max-snippet:-1, max-image-preview:large, max-video-preview:-1\" \/>\n<link rel=\"canonical\" href=\"https:\/\/www.estrategiaconcursos.com.br\/blog\/iss-governador-valadares-questoes-direito-tributario-comentadas\/\" \/>\n<meta property=\"og:locale\" content=\"pt_BR\" \/>\n<meta property=\"og:type\" content=\"article\" \/>\n<meta property=\"og:title\" content=\"ISS-Governador Valadares - Quest\u00f5es Direito Tribut\u00e1rio Comentadas\" \/>\n<meta property=\"og:description\" content=\"Ol\u00e1, pessoal, tudo bem? Hoje foi aplicada a prova do concurso da Pref. de Governador Valadares! Foi uma prova bem at\u00edpica, com 2 quest\u00f5es com nada menos que 11 itens para dificultar a vida do candidato. E, nas op\u00e7\u00f5es de resposta, t\u00ednhamos apenas a quantidade de itens corretos para definir o gabarito. N\u00e3o podemos deixar [&hellip;]\" \/>\n<meta property=\"og:url\" content=\"https:\/\/www.estrategiaconcursos.com.br\/blog\/iss-governador-valadares-questoes-direito-tributario-comentadas\/\" \/>\n<meta property=\"og:site_name\" content=\"Estrat\u00e9gia Concursos\" \/>\n<meta property=\"article:published_time\" content=\"2020-02-16T21:07:35+00:00\" \/>\n<meta property=\"article:modified_time\" content=\"2020-02-16T21:07:40+00:00\" \/>\n<meta property=\"og:image\" content=\"https:\/\/www.estrategiaconcursos.com.br\/blog\/wp-content\/uploads\/2020\/02\/34.png\" \/>\n<meta name=\"author\" content=\"F\u00e1bio Dutra\" \/>\n<meta name=\"twitter:card\" content=\"summary_large_image\" \/>\n<meta name=\"twitter:creator\" content=\"@EstratConcursos\" \/>\n<meta name=\"twitter:site\" content=\"@EstratConcursos\" \/>\n<meta name=\"twitter:label1\" content=\"Escrito por\" \/>\n\t<meta name=\"twitter:data1\" content=\"F\u00e1bio Dutra\" \/>\n\t<meta name=\"twitter:label2\" content=\"Est. tempo de leitura\" \/>\n\t<meta name=\"twitter:data2\" content=\"5 minutos\" \/>\n<script type=\"application\/ld+json\" class=\"yoast-schema-graph\">{\"@context\":\"https:\/\/schema.org\",\"@graph\":[{\"@type\":\"NewsArticle\",\"@id\":\"https:\/\/www.estrategiaconcursos.com.br\/blog\/iss-governador-valadares-questoes-direito-tributario-comentadas\/#article\",\"isPartOf\":{\"@id\":\"https:\/\/www.estrategiaconcursos.com.br\/blog\/iss-governador-valadares-questoes-direito-tributario-comentadas\/\"},\"author\":{\"name\":\"F\u00e1bio Dutra\",\"@id\":\"https:\/\/www.estrategiaconcursos.com.br\/blog\/#\/schema\/person\/c6615b1e72eae70edca73ea5362ead63\"},\"headline\":\"ISS-Governador Valadares &#8211; Quest\u00f5es Direito Tribut\u00e1rio Comentadas\",\"datePublished\":\"2020-02-16T21:07:35+00:00\",\"dateModified\":\"2020-02-16T21:07:40+00:00\",\"mainEntityOfPage\":{\"@id\":\"https:\/\/www.estrategiaconcursos.com.br\/blog\/iss-governador-valadares-questoes-direito-tributario-comentadas\/\"},\"wordCount\":1079,\"commentCount\":3,\"publisher\":{\"@id\":\"https:\/\/www.estrategiaconcursos.com.br\/blog\/#organization\"},\"image\":{\"@id\":\"https:\/\/www.estrategiaconcursos.com.br\/blog\/iss-governador-valadares-questoes-direito-tributario-comentadas\/#primaryimage\"},\"thumbnailUrl\":\"https:\/\/www.estrategiaconcursos.com.br\/blog\/wp-content\/uploads\/2020\/02\/34.png\",\"articleSection\":[\"Concursos P\u00fablicos\"],\"inLanguage\":\"pt-BR\",\"potentialAction\":[{\"@type\":\"CommentAction\",\"name\":\"Comment\",\"target\":[\"https:\/\/www.estrategiaconcursos.com.br\/blog\/iss-governador-valadares-questoes-direito-tributario-comentadas\/#respond\"]}],\"copyrightYear\":\"2020\",\"copyrightHolder\":{\"@id\":\"https:\/\/www.estrategiaconcursos.com.br\/blog\/#organization\"}},{\"@type\":\"WebPage\",\"@id\":\"https:\/\/www.estrategiaconcursos.com.br\/blog\/iss-governador-valadares-questoes-direito-tributario-comentadas\/\",\"url\":\"https:\/\/www.estrategiaconcursos.com.br\/blog\/iss-governador-valadares-questoes-direito-tributario-comentadas\/\",\"name\":\"ISS-Governador Valadares - Quest\u00f5es Direito Tribut\u00e1rio Comentadas\",\"isPartOf\":{\"@id\":\"https:\/\/www.estrategiaconcursos.com.br\/blog\/#website\"},\"primaryImageOfPage\":{\"@id\":\"https:\/\/www.estrategiaconcursos.com.br\/blog\/iss-governador-valadares-questoes-direito-tributario-comentadas\/#primaryimage\"},\"image\":{\"@id\":\"https:\/\/www.estrategiaconcursos.com.br\/blog\/iss-governador-valadares-questoes-direito-tributario-comentadas\/#primaryimage\"},\"thumbnailUrl\":\"https:\/\/www.estrategiaconcursos.com.br\/blog\/wp-content\/uploads\/2020\/02\/34.png\",\"datePublished\":\"2020-02-16T21:07:35+00:00\",\"dateModified\":\"2020-02-16T21:07:40+00:00\",\"breadcrumb\":{\"@id\":\"https:\/\/www.estrategiaconcursos.com.br\/blog\/iss-governador-valadares-questoes-direito-tributario-comentadas\/#breadcrumb\"},\"inLanguage\":\"pt-BR\",\"potentialAction\":[{\"@type\":\"ReadAction\",\"target\":[\"https:\/\/www.estrategiaconcursos.com.br\/blog\/iss-governador-valadares-questoes-direito-tributario-comentadas\/\"]}]},{\"@type\":\"ImageObject\",\"inLanguage\":\"pt-BR\",\"@id\":\"https:\/\/www.estrategiaconcursos.com.br\/blog\/iss-governador-valadares-questoes-direito-tributario-comentadas\/#primaryimage\",\"url\":\"https:\/\/dhg1h5j42swfq.cloudfront.net\/2020\/02\/16180251\/34.png\",\"contentUrl\":\"https:\/\/dhg1h5j42swfq.cloudfront.net\/2020\/02\/16180251\/34.png\",\"width\":525,\"height\":592},{\"@type\":\"BreadcrumbList\",\"@id\":\"https:\/\/www.estrategiaconcursos.com.br\/blog\/iss-governador-valadares-questoes-direito-tributario-comentadas\/#breadcrumb\",\"itemListElement\":[{\"@type\":\"ListItem\",\"position\":1,\"name\":\"In\u00edcio\",\"item\":\"https:\/\/www.estrategiaconcursos.com.br\/blog\/\"},{\"@type\":\"ListItem\",\"position\":2,\"name\":\"ISS-Governador Valadares &#8211; Quest\u00f5es Direito Tribut\u00e1rio Comentadas\"}]},{\"@type\":\"WebSite\",\"@id\":\"https:\/\/www.estrategiaconcursos.com.br\/blog\/#website\",\"url\":\"https:\/\/www.estrategiaconcursos.com.br\/blog\/\",\"name\":\"Estrat\u00e9gia Concursos\",\"description\":\"O blog da Estrat\u00e9gia Concursos traz not\u00edcias sobre concursos e artigos de professores oferecendo cursos para concursos (pdf + videaulas) no site.\",\"publisher\":{\"@id\":\"https:\/\/www.estrategiaconcursos.com.br\/blog\/#organization\"},\"potentialAction\":[{\"@type\":\"SearchAction\",\"target\":{\"@type\":\"EntryPoint\",\"urlTemplate\":\"https:\/\/www.estrategiaconcursos.com.br\/blog\/?s={search_term_string}\"},\"query-input\":{\"@type\":\"PropertyValueSpecification\",\"valueRequired\":true,\"valueName\":\"search_term_string\"}}],\"inLanguage\":\"pt-BR\"},{\"@type\":\"Organization\",\"@id\":\"https:\/\/www.estrategiaconcursos.com.br\/blog\/#organization\",\"name\":\"Estrat\u00e9gia Concursos\",\"url\":\"https:\/\/www.estrategiaconcursos.com.br\/blog\/\",\"logo\":{\"@type\":\"ImageObject\",\"inLanguage\":\"pt-BR\",\"@id\":\"https:\/\/www.estrategiaconcursos.com.br\/blog\/#\/schema\/logo\/image\/\",\"url\":\"https:\/\/dhg1h5j42swfq.cloudfront.net\/2025\/06\/03203428\/logo_concursos-1.jpg\",\"contentUrl\":\"https:\/\/dhg1h5j42swfq.cloudfront.net\/2025\/06\/03203428\/logo_concursos-1.jpg\",\"width\":230,\"height\":60,\"caption\":\"Estrat\u00e9gia Concursos\"},\"image\":{\"@id\":\"https:\/\/www.estrategiaconcursos.com.br\/blog\/#\/schema\/logo\/image\/\"},\"sameAs\":[\"https:\/\/x.com\/EstratConcursos\"]},{\"@type\":\"Person\",\"@id\":\"https:\/\/www.estrategiaconcursos.com.br\/blog\/#\/schema\/person\/c6615b1e72eae70edca73ea5362ead63\",\"name\":\"F\u00e1bio Dutra\",\"image\":{\"@type\":\"ImageObject\",\"inLanguage\":\"pt-BR\",\"@id\":\"https:\/\/secure.gravatar.com\/avatar\/2fb4b2715a33320653086a45a7174528e6836e078753b587b59cb70f7b453819?s=96&d=mm&r=g\",\"url\":\"https:\/\/secure.gravatar.com\/avatar\/2fb4b2715a33320653086a45a7174528e6836e078753b587b59cb70f7b453819?s=96&d=mm&r=g\",\"contentUrl\":\"https:\/\/secure.gravatar.com\/avatar\/2fb4b2715a33320653086a45a7174528e6836e078753b587b59cb70f7b453819?s=96&d=mm&r=g\",\"caption\":\"F\u00e1bio Dutra\"},\"url\":\"https:\/\/www.estrategiaconcursos.com.br\/blog\/author\/fabiodutraestrategiaconcursos-com-br\/\"}]}<\/script>\n<!-- \/ Yoast SEO Premium plugin. -->","yoast_head_json":{"title":"ISS-Governador Valadares - Quest\u00f5es Direito Tribut\u00e1rio Comentadas","robots":{"index":"index","follow":"follow","max-snippet":"max-snippet:-1","max-image-preview":"max-image-preview:large","max-video-preview":"max-video-preview:-1"},"canonical":"https:\/\/www.estrategiaconcursos.com.br\/blog\/iss-governador-valadares-questoes-direito-tributario-comentadas\/","og_locale":"pt_BR","og_type":"article","og_title":"ISS-Governador Valadares - Quest\u00f5es Direito Tribut\u00e1rio Comentadas","og_description":"Ol\u00e1, pessoal, tudo bem? Hoje foi aplicada a prova do concurso da Pref. de Governador Valadares! Foi uma prova bem at\u00edpica, com 2 quest\u00f5es com nada menos que 11 itens para dificultar a vida do candidato. E, nas op\u00e7\u00f5es de resposta, t\u00ednhamos apenas a quantidade de itens corretos para definir o gabarito. N\u00e3o podemos deixar [&hellip;]","og_url":"https:\/\/www.estrategiaconcursos.com.br\/blog\/iss-governador-valadares-questoes-direito-tributario-comentadas\/","og_site_name":"Estrat\u00e9gia Concursos","article_published_time":"2020-02-16T21:07:35+00:00","article_modified_time":"2020-02-16T21:07:40+00:00","og_image":[{"url":"https:\/\/www.estrategiaconcursos.com.br\/blog\/wp-content\/uploads\/2020\/02\/34.png","type":"","width":"","height":""}],"author":"F\u00e1bio Dutra","twitter_card":"summary_large_image","twitter_creator":"@EstratConcursos","twitter_site":"@EstratConcursos","twitter_misc":{"Escrito por":"F\u00e1bio Dutra","Est. tempo de leitura":"5 minutos"},"schema":{"@context":"https:\/\/schema.org","@graph":[{"@type":"NewsArticle","@id":"https:\/\/www.estrategiaconcursos.com.br\/blog\/iss-governador-valadares-questoes-direito-tributario-comentadas\/#article","isPartOf":{"@id":"https:\/\/www.estrategiaconcursos.com.br\/blog\/iss-governador-valadares-questoes-direito-tributario-comentadas\/"},"author":{"name":"F\u00e1bio Dutra","@id":"https:\/\/www.estrategiaconcursos.com.br\/blog\/#\/schema\/person\/c6615b1e72eae70edca73ea5362ead63"},"headline":"ISS-Governador Valadares &#8211; Quest\u00f5es Direito Tribut\u00e1rio Comentadas","datePublished":"2020-02-16T21:07:35+00:00","dateModified":"2020-02-16T21:07:40+00:00","mainEntityOfPage":{"@id":"https:\/\/www.estrategiaconcursos.com.br\/blog\/iss-governador-valadares-questoes-direito-tributario-comentadas\/"},"wordCount":1079,"commentCount":3,"publisher":{"@id":"https:\/\/www.estrategiaconcursos.com.br\/blog\/#organization"},"image":{"@id":"https:\/\/www.estrategiaconcursos.com.br\/blog\/iss-governador-valadares-questoes-direito-tributario-comentadas\/#primaryimage"},"thumbnailUrl":"https:\/\/www.estrategiaconcursos.com.br\/blog\/wp-content\/uploads\/2020\/02\/34.png","articleSection":["Concursos P\u00fablicos"],"inLanguage":"pt-BR","potentialAction":[{"@type":"CommentAction","name":"Comment","target":["https:\/\/www.estrategiaconcursos.com.br\/blog\/iss-governador-valadares-questoes-direito-tributario-comentadas\/#respond"]}],"copyrightYear":"2020","copyrightHolder":{"@id":"https:\/\/www.estrategiaconcursos.com.br\/blog\/#organization"}},{"@type":"WebPage","@id":"https:\/\/www.estrategiaconcursos.com.br\/blog\/iss-governador-valadares-questoes-direito-tributario-comentadas\/","url":"https:\/\/www.estrategiaconcursos.com.br\/blog\/iss-governador-valadares-questoes-direito-tributario-comentadas\/","name":"ISS-Governador Valadares - Quest\u00f5es Direito Tribut\u00e1rio Comentadas","isPartOf":{"@id":"https:\/\/www.estrategiaconcursos.com.br\/blog\/#website"},"primaryImageOfPage":{"@id":"https:\/\/www.estrategiaconcursos.com.br\/blog\/iss-governador-valadares-questoes-direito-tributario-comentadas\/#primaryimage"},"image":{"@id":"https:\/\/www.estrategiaconcursos.com.br\/blog\/iss-governador-valadares-questoes-direito-tributario-comentadas\/#primaryimage"},"thumbnailUrl":"https:\/\/www.estrategiaconcursos.com.br\/blog\/wp-content\/uploads\/2020\/02\/34.png","datePublished":"2020-02-16T21:07:35+00:00","dateModified":"2020-02-16T21:07:40+00:00","breadcrumb":{"@id":"https:\/\/www.estrategiaconcursos.com.br\/blog\/iss-governador-valadares-questoes-direito-tributario-comentadas\/#breadcrumb"},"inLanguage":"pt-BR","potentialAction":[{"@type":"ReadAction","target":["https:\/\/www.estrategiaconcursos.com.br\/blog\/iss-governador-valadares-questoes-direito-tributario-comentadas\/"]}]},{"@type":"ImageObject","inLanguage":"pt-BR","@id":"https:\/\/www.estrategiaconcursos.com.br\/blog\/iss-governador-valadares-questoes-direito-tributario-comentadas\/#primaryimage","url":"https:\/\/dhg1h5j42swfq.cloudfront.net\/2020\/02\/16180251\/34.png","contentUrl":"https:\/\/dhg1h5j42swfq.cloudfront.net\/2020\/02\/16180251\/34.png","width":525,"height":592},{"@type":"BreadcrumbList","@id":"https:\/\/www.estrategiaconcursos.com.br\/blog\/iss-governador-valadares-questoes-direito-tributario-comentadas\/#breadcrumb","itemListElement":[{"@type":"ListItem","position":1,"name":"In\u00edcio","item":"https:\/\/www.estrategiaconcursos.com.br\/blog\/"},{"@type":"ListItem","position":2,"name":"ISS-Governador Valadares &#8211; Quest\u00f5es Direito Tribut\u00e1rio Comentadas"}]},{"@type":"WebSite","@id":"https:\/\/www.estrategiaconcursos.com.br\/blog\/#website","url":"https:\/\/www.estrategiaconcursos.com.br\/blog\/","name":"Estrat\u00e9gia Concursos","description":"O blog da Estrat\u00e9gia Concursos traz not\u00edcias sobre concursos e artigos de professores oferecendo cursos para concursos (pdf + videaulas) no site.","publisher":{"@id":"https:\/\/www.estrategiaconcursos.com.br\/blog\/#organization"},"potentialAction":[{"@type":"SearchAction","target":{"@type":"EntryPoint","urlTemplate":"https:\/\/www.estrategiaconcursos.com.br\/blog\/?s={search_term_string}"},"query-input":{"@type":"PropertyValueSpecification","valueRequired":true,"valueName":"search_term_string"}}],"inLanguage":"pt-BR"},{"@type":"Organization","@id":"https:\/\/www.estrategiaconcursos.com.br\/blog\/#organization","name":"Estrat\u00e9gia Concursos","url":"https:\/\/www.estrategiaconcursos.com.br\/blog\/","logo":{"@type":"ImageObject","inLanguage":"pt-BR","@id":"https:\/\/www.estrategiaconcursos.com.br\/blog\/#\/schema\/logo\/image\/","url":"https:\/\/dhg1h5j42swfq.cloudfront.net\/2025\/06\/03203428\/logo_concursos-1.jpg","contentUrl":"https:\/\/dhg1h5j42swfq.cloudfront.net\/2025\/06\/03203428\/logo_concursos-1.jpg","width":230,"height":60,"caption":"Estrat\u00e9gia Concursos"},"image":{"@id":"https:\/\/www.estrategiaconcursos.com.br\/blog\/#\/schema\/logo\/image\/"},"sameAs":["https:\/\/x.com\/EstratConcursos"]},{"@type":"Person","@id":"https:\/\/www.estrategiaconcursos.com.br\/blog\/#\/schema\/person\/c6615b1e72eae70edca73ea5362ead63","name":"F\u00e1bio Dutra","image":{"@type":"ImageObject","inLanguage":"pt-BR","@id":"https:\/\/secure.gravatar.com\/avatar\/2fb4b2715a33320653086a45a7174528e6836e078753b587b59cb70f7b453819?s=96&d=mm&r=g","url":"https:\/\/secure.gravatar.com\/avatar\/2fb4b2715a33320653086a45a7174528e6836e078753b587b59cb70f7b453819?s=96&d=mm&r=g","contentUrl":"https:\/\/secure.gravatar.com\/avatar\/2fb4b2715a33320653086a45a7174528e6836e078753b587b59cb70f7b453819?s=96&d=mm&r=g","caption":"F\u00e1bio Dutra"},"url":"https:\/\/www.estrategiaconcursos.com.br\/blog\/author\/fabiodutraestrategiaconcursos-com-br\/"}]}},"_links":{"self":[{"href":"https:\/\/www.estrategiaconcursos.com.br\/blog\/wp-json\/wp\/v2\/posts\/482423","targetHints":{"allow":["GET"]}}],"collection":[{"href":"https:\/\/www.estrategiaconcursos.com.br\/blog\/wp-json\/wp\/v2\/posts"}],"about":[{"href":"https:\/\/www.estrategiaconcursos.com.br\/blog\/wp-json\/wp\/v2\/types\/post"}],"author":[{"embeddable":true,"href":"https:\/\/www.estrategiaconcursos.com.br\/blog\/wp-json\/wp\/v2\/users\/150"}],"replies":[{"embeddable":true,"href":"https:\/\/www.estrategiaconcursos.com.br\/blog\/wp-json\/wp\/v2\/comments?post=482423"}],"version-history":[{"count":1,"href":"https:\/\/www.estrategiaconcursos.com.br\/blog\/wp-json\/wp\/v2\/posts\/482423\/revisions"}],"predecessor-version":[{"id":482431,"href":"https:\/\/www.estrategiaconcursos.com.br\/blog\/wp-json\/wp\/v2\/posts\/482423\/revisions\/482431"}],"wp:attachment":[{"href":"https:\/\/www.estrategiaconcursos.com.br\/blog\/wp-json\/wp\/v2\/media?parent=482423"}],"wp:term":[{"taxonomy":"category","embeddable":true,"href":"https:\/\/www.estrategiaconcursos.com.br\/blog\/wp-json\/wp\/v2\/categories?post=482423"},{"taxonomy":"post_tag","embeddable":true,"href":"https:\/\/www.estrategiaconcursos.com.br\/blog\/wp-json\/wp\/v2\/tags?post=482423"},{"taxonomy":"tax_estado","embeddable":true,"href":"https:\/\/www.estrategiaconcursos.com.br\/blog\/wp-json\/wp\/v2\/tax_estado?post=482423"}],"curies":[{"name":"wp","href":"https:\/\/api.w.org\/{rel}","templated":true}]}}