{"id":482183,"date":"2020-02-17T14:21:43","date_gmt":"2020-02-17T17:21:43","guid":{"rendered":"https:\/\/www.estrategiaconcursos.com.br\/blog\/?p=482183"},"modified":"2020-02-17T14:21:43","modified_gmt":"2020-02-17T17:21:43","slug":"xxxi-exame-ordem-tecnica-manuseio-vade-mecum","status":"publish","type":"post","link":"https:\/\/www.estrategiaconcursos.com.br\/blog\/xxxi-exame-ordem-tecnica-manuseio-vade-mecum\/","title":{"rendered":"XXXI Exame de Ordem: T\u00e9cnica de Manuseio de Vade Mecum. (RE)VEJA!"},"content":{"rendered":"\n<p> A 2.\u00aa Fase do XXXI Exame de Ordem est\u00e1 prevista para o dia <strong>05 de abril.<\/strong> Dessa forma, os examinandos aprovados na 1.\u00aa Fase do Exame e os que participam da repescagem com base na aprova\u00e7\u00e3o do XXX Exame encontram-se em fase de prepara\u00e7\u00e3o para a etapa pr\u00e1tica do Exame.  <\/p>\n\n\n\n<p>A  <strong>prova&nbsp;pr\u00e1tico-profissional<\/strong> \u00e9 composta por duas partes envolvendo a \u00e1rea jur\u00eddica escolhida: uma <strong>pe\u00e7a&nbsp;processual<\/strong>, no valor de 5 pontos, e <strong>quatro&nbsp;quest\u00f5es&nbsp;discursivas<\/strong> (valendo 1,25 pontos cada). Para ser aprovado \u00e9 necess\u00e1rio alcan\u00e7ar <strong>60% de aproveitamento (6 pontos)<\/strong>. <\/p>\n\n\n\n<p>Diferentemente da prova objetiva, a prova pr\u00e1tico-profissional <strong>permite\u00a0consulta<\/strong> \u00e0 legisla\u00e7\u00e3o n\u00e3o comentada ou anotada. O seu tempo m\u00e1ximo de dura\u00e7\u00e3o ser\u00e1 de <strong>5\u00a0horas<\/strong>. Veja abaixo as regras de consulta para a prova: <\/p>\n\n\n\n<p class=\"has-background has-light-green-cyan-background-color\"><strong>MATERIAL\/PROCEDIMENTOS PERMITIDOS<\/strong>  <\/p>\n\n\n\n<p>Legisla\u00e7\u00e3o n\u00e3o comentada, n\u00e3o anotada e n\u00e3o comparada.:<\/p>\n\n\n\n<ul class=\"wp-block-list\"><li><em>C\u00f3digos, inclusive os organizados que n\u00e3o possuam \u00edndices estruturando roteiros de pe\u00e7as processuais, remiss\u00e3o doutrin\u00e1ria, jurisprud\u00eancia, informativos dos tribunais ou quaisquer coment\u00e1rios, anota\u00e7\u00f5es ou compara\u00e7\u00f5es. <\/em><\/li><li><em>S\u00famulas, Enunciados e Orienta\u00e7\u00f5es Jurisprudenciais, inclusive organizados, desde que n\u00e3o estruturem roteiros de pe\u00e7as processuais. <\/em><\/li><li><em>Leis de Introdu\u00e7\u00e3o dos C\u00f3digos. <\/em><\/li><li><em>Instru\u00e7\u00f5es Normativas. <\/em><\/li><li><em>\u00cdndices remissivos, em ordem alfab\u00e9tica ou tem\u00e1ticos, desde que n\u00e3o estruturem roteiros de pe\u00e7as processuais. <\/em><\/li><li><em>Exposi\u00e7\u00e3o de Motivos. <\/em><\/li><li><em>Regimento Interno. <\/em><\/li><li><em>Resolu\u00e7\u00f5es dos Tribunais. <\/em><\/li><li><em>Simples utiliza\u00e7\u00e3o de marca texto, tra\u00e7o ou simples remiss\u00e3o a artigos ou a lei. <\/em><\/li><li><em>Separa\u00e7\u00e3o de c\u00f3digos por clipes. <\/em><\/li><li><em>Utiliza\u00e7\u00e3o de separadores de c\u00f3digos fabricados por editoras ou outras institui\u00e7\u00f5es ligadas ao mercado gr\u00e1fico, desde que com impress\u00e3o que contenha simples remiss\u00e3o a ramos do Direito ou a leis. <\/em><\/li><\/ul>\n\n\n\n<p class=\"has-background has-luminous-vivid-amber-background-color\"><strong> MATERIAL\/PROCEDIMENTOS PROIBIDOS <\/strong><\/p>\n\n\n\n<ul class=\"wp-block-list\"><li><em> C\u00f3digos comentados, anotados, comparados ou com organiza\u00e7\u00e3o de \u00edndices estruturando roteiros de pe\u00e7as processuais. <\/em><\/li><li><em>Jurisprud\u00eancias. <\/em><\/li><li><em>Anota\u00e7\u00f5es pessoais ou transcri\u00e7\u00f5es. <\/em><\/li><li><em>C\u00f3pias reprogr\u00e1ficas (xerox). <\/em><\/li><li><em>Utiliza\u00e7\u00e3o de marca texto, tra\u00e7os, s\u00edmbolos, post-its ou remiss\u00f5es a artigos ou a lei de forma a estruturar roteiros de pe\u00e7as processuais e\/ou anota\u00e7\u00f5es pessoais. <\/em><\/li><li><em>Utiliza\u00e7\u00e3o de notas adesivas manuscritas, em branco ou impressas pelo pr\u00f3prio examinando. <\/em><\/li><li><em>Utiliza\u00e7\u00e3o de separadores de c\u00f3digos fabricados por editoras ou outras institui\u00e7\u00f5es ligadas ao mercado gr\u00e1fico em branco. <\/em><\/li><li><em>Impressos da Internet. <\/em><\/li><li><em>Informativos de Tribunais. <\/em><\/li><li><em>Livros de Doutrina, revistas, apostilas, calend\u00e1rios e anota\u00e7\u00f5es. <\/em><\/li><li><em>Dicion\u00e1rios ou qualquer outro material de consulta. <\/em><\/li><li><em>Legisla\u00e7\u00e3o comentada, anotada ou comparada. <\/em><\/li><li><em>S\u00famulas, Enunciados e Orienta\u00e7\u00f5es Jurisprudenciais comentados, anotados ou comparados. <\/em><\/li><\/ul>\n\n\n\n<p>E ajudar voc\u00ea a n\u00e3o perder tempo na hora da prova e se familiarizar com a sua legisla\u00e7\u00e3o, a equipe de professores do Estrat\u00e9gia OAB realizou um evento exclusivo apresentando  a <strong>T\u00e9cnica de Manuseio de Vade Mecum<\/strong><em><strong>, <\/strong><\/em>diretamente do <strong><em>canal do Estrat\u00e9gia OAB no YouTube. <\/em><\/strong><\/p>\n\n\n\n<p>O evento foi transmitido no \u00faltimo domingo, 16 de fevereiro. Mas se voc\u00ea perdeu a transmiss\u00e3o ou quer rever algum detalhe, acesse novamente este conte\u00fado super detalhado que continua <em><strong>dispon\u00edvel gratuitamente<\/strong><\/em>! <\/p>\n\n\n\n<p style=\"font-size:25px\" class=\"has-background has-text-align-center has-pale-cyan-blue-background-color\">Clique <a href=\"https:\/\/www.youtube.com\/channel\/UC7rgrKTSF5aOrBGWOw60ovw\/search?query=t%C3%A9cnica+de+manuseio+de+vade+mecum\">AQUI <\/a>para ter acesso<\/p>\n\n\n\n<h2 class=\"has-text-align-center wp-block-heading\">Grupo de Telegram para a OAB<\/h2>\n\n\n\n<p style=\"font-size:25px\" class=\"has-background has-text-align-center has-very-light-gray-background-color\"><a href=\"http:\/\/bit.ly\/TelegramOAB\"><strong>Inscreva-se no nosso grupo do Telegram<\/strong><\/a><\/p>\n\n\n\n<h2 class=\"wp-block-heading\">Cursos para o Exame de Ordem<\/h2>\n\n\n\n<p style=\"font-size:25px\" class=\"has-background has-text-align-center has-luminous-vivid-amber-background-color\"><strong><a rel=\"noreferrer noopener\" href=\"https:\/\/www.estrategiaconcursos.com.br\/cursosPorConcurso\/exame-de-ordem-oab-1-fase\/\" target=\"_blank\">Curso OAB 1\u00aa Fase<\/a><\/strong><\/p>\n\n\n\n<p style=\"font-size:25px\" class=\"has-background has-text-align-center has-light-green-cyan-background-color\"><strong><a href=\"https:\/\/www.estrategiaconcursos.com.br\/cursosPorConcurso\/oab-2-fase-192\/\" target=\"_blank\" rel=\"noreferrer noopener\" aria-label=\"Curso OAB 2\u00aa Fase (abre numa nova aba)\">Curso OAB 2\u00aa Fase<\/a><\/strong><\/p>\n\n\n\n<p style=\"font-size:25px\" class=\"has-background has-text-align-center has-very-light-gray-background-color\"><a rel=\"noreferrer noopener\" aria-label=\"Clique aqui para mais informa\u00e7\u00f5es sobre o Exame de Ordem (abre numa nova aba)\" href=\"https:\/\/www.estrategiaconcursos.com.br\/blog\/edital-oab-xxx-exame-de-ordem\/\" target=\"_blank\"><strong>Clique aqui para mais informa\u00e7\u00f5es sobre o Exame de Ordem<\/strong><\/a><\/p>\n","protected":false},"excerpt":{"rendered":"<p>A 2.\u00aa Fase do XXXI Exame de Ordem est\u00e1 prevista para o dia 05 de abril. Dessa forma, os examinandos aprovados na 1.\u00aa Fase do Exame e os que participam da repescagem com base na aprova\u00e7\u00e3o do XXX Exame encontram-se em fase de prepara\u00e7\u00e3o para a etapa pr\u00e1tica do Exame. A prova&nbsp;pr\u00e1tico-profissional \u00e9 composta por [&hellip;]<\/p>\n","protected":false},"author":58,"featured_media":174976,"comment_status":"open","ping_status":"closed","sticky":false,"template":"","format":"standard","meta":{"post_tipo":"article","footnotes":""},"categories":[1],"tags":[],"tax_estado":[],"class_list":["post-482183","post","type-post","status-publish","format-standard","has-post-thumbnail","hentry","category-cursos-e-concursos"],"acf":[],"yoast_head":"<!-- This site is optimized with the Yoast SEO Premium plugin v27.2 (Yoast SEO v27.2) - https:\/\/yoast.com\/product\/yoast-seo-premium-wordpress\/ -->\n<title>XXXI Exame de Ordem: T\u00e9cnica de Manuseio de Vade Mecum. (RE)VEJA!<\/title>\n<meta name=\"robots\" content=\"index, follow, max-snippet:-1, max-image-preview:large, max-video-preview:-1\" \/>\n<link rel=\"canonical\" href=\"https:\/\/www.estrategiaconcursos.com.br\/blog\/xxxi-exame-ordem-tecnica-manuseio-vade-mecum\/\" \/>\n<meta property=\"og:locale\" content=\"pt_BR\" \/>\n<meta property=\"og:type\" content=\"article\" \/>\n<meta property=\"og:title\" content=\"XXXI Exame de Ordem: T\u00e9cnica de Manuseio de Vade Mecum. (RE)VEJA!\" \/>\n<meta property=\"og:description\" content=\"A 2.\u00aa Fase do XXXI Exame de Ordem est\u00e1 prevista para o dia 05 de abril. Dessa forma, os examinandos aprovados na 1.\u00aa Fase do Exame e os que participam da repescagem com base na aprova\u00e7\u00e3o do XXX Exame encontram-se em fase de prepara\u00e7\u00e3o para a etapa pr\u00e1tica do Exame. A prova&nbsp;pr\u00e1tico-profissional \u00e9 composta por [&hellip;]\" \/>\n<meta property=\"og:url\" content=\"https:\/\/www.estrategiaconcursos.com.br\/blog\/xxxi-exame-ordem-tecnica-manuseio-vade-mecum\/\" \/>\n<meta property=\"og:site_name\" content=\"Estrat\u00e9gia Concursos\" \/>\n<meta property=\"article:author\" content=\"https:\/\/www.facebook.com\/nadia.c.santos.16\" \/>\n<meta property=\"article:published_time\" content=\"2020-02-17T17:21:43+00:00\" \/>\n<meta property=\"og:image\" content=\"https:\/\/dhg1h5j42swfq.cloudfront.net\/2019\/03\/29122403\/OAB.jpg\" \/>\n\t<meta property=\"og:image:width\" content=\"997\" \/>\n\t<meta property=\"og:image:height\" content=\"997\" \/>\n\t<meta property=\"og:image:type\" content=\"image\/jpeg\" \/>\n<meta name=\"author\" content=\"N\u00e1dia Carolina\" \/>\n<meta name=\"twitter:card\" content=\"summary_large_image\" \/>\n<meta name=\"twitter:creator\" content=\"@EstratConcursos\" \/>\n<meta name=\"twitter:site\" content=\"@EstratConcursos\" \/>\n<meta name=\"twitter:label1\" content=\"Escrito por\" \/>\n\t<meta name=\"twitter:data1\" content=\"N\u00e1dia Carolina\" \/>\n\t<meta name=\"twitter:label2\" content=\"Est. tempo de leitura\" \/>\n\t<meta name=\"twitter:data2\" content=\"3 minutos\" \/>\n<script type=\"application\/ld+json\" class=\"yoast-schema-graph\">{\"@context\":\"https:\/\/schema.org\",\"@graph\":[{\"@type\":\"NewsArticle\",\"@id\":\"https:\/\/www.estrategiaconcursos.com.br\/blog\/xxxi-exame-ordem-tecnica-manuseio-vade-mecum\/#article\",\"isPartOf\":{\"@id\":\"https:\/\/www.estrategiaconcursos.com.br\/blog\/xxxi-exame-ordem-tecnica-manuseio-vade-mecum\/\"},\"author\":{\"name\":\"N\u00e1dia Carolina\",\"@id\":\"https:\/\/www.estrategiaconcursos.com.br\/blog\/#\/schema\/person\/bf1b1d1865628ae32d608d5bad5442c6\"},\"headline\":\"XXXI Exame de Ordem: T\u00e9cnica de Manuseio de Vade Mecum. (RE)VEJA!\",\"datePublished\":\"2020-02-17T17:21:43+00:00\",\"mainEntityOfPage\":{\"@id\":\"https:\/\/www.estrategiaconcursos.com.br\/blog\/xxxi-exame-ordem-tecnica-manuseio-vade-mecum\/\"},\"wordCount\":575,\"commentCount\":0,\"publisher\":{\"@id\":\"https:\/\/www.estrategiaconcursos.com.br\/blog\/#organization\"},\"image\":{\"@id\":\"https:\/\/www.estrategiaconcursos.com.br\/blog\/xxxi-exame-ordem-tecnica-manuseio-vade-mecum\/#primaryimage\"},\"thumbnailUrl\":\"https:\/\/dhg1h5j42swfq.cloudfront.net\/2019\/03\/29122403\/OAB.jpg\",\"articleSection\":[\"Concursos P\u00fablicos\"],\"inLanguage\":\"pt-BR\",\"potentialAction\":[{\"@type\":\"CommentAction\",\"name\":\"Comment\",\"target\":[\"https:\/\/www.estrategiaconcursos.com.br\/blog\/xxxi-exame-ordem-tecnica-manuseio-vade-mecum\/#respond\"]}],\"copyrightYear\":\"2020\",\"copyrightHolder\":{\"@id\":\"https:\/\/www.estrategiaconcursos.com.br\/blog\/#organization\"}},{\"@type\":\"WebPage\",\"@id\":\"https:\/\/www.estrategiaconcursos.com.br\/blog\/xxxi-exame-ordem-tecnica-manuseio-vade-mecum\/\",\"url\":\"https:\/\/www.estrategiaconcursos.com.br\/blog\/xxxi-exame-ordem-tecnica-manuseio-vade-mecum\/\",\"name\":\"XXXI Exame de Ordem: T\u00e9cnica de Manuseio de Vade Mecum. (RE)VEJA!\",\"isPartOf\":{\"@id\":\"https:\/\/www.estrategiaconcursos.com.br\/blog\/#website\"},\"primaryImageOfPage\":{\"@id\":\"https:\/\/www.estrategiaconcursos.com.br\/blog\/xxxi-exame-ordem-tecnica-manuseio-vade-mecum\/#primaryimage\"},\"image\":{\"@id\":\"https:\/\/www.estrategiaconcursos.com.br\/blog\/xxxi-exame-ordem-tecnica-manuseio-vade-mecum\/#primaryimage\"},\"thumbnailUrl\":\"https:\/\/dhg1h5j42swfq.cloudfront.net\/2019\/03\/29122403\/OAB.jpg\",\"datePublished\":\"2020-02-17T17:21:43+00:00\",\"breadcrumb\":{\"@id\":\"https:\/\/www.estrategiaconcursos.com.br\/blog\/xxxi-exame-ordem-tecnica-manuseio-vade-mecum\/#breadcrumb\"},\"inLanguage\":\"pt-BR\",\"potentialAction\":[{\"@type\":\"ReadAction\",\"target\":[\"https:\/\/www.estrategiaconcursos.com.br\/blog\/xxxi-exame-ordem-tecnica-manuseio-vade-mecum\/\"]}]},{\"@type\":\"ImageObject\",\"inLanguage\":\"pt-BR\",\"@id\":\"https:\/\/www.estrategiaconcursos.com.br\/blog\/xxxi-exame-ordem-tecnica-manuseio-vade-mecum\/#primaryimage\",\"url\":\"https:\/\/dhg1h5j42swfq.cloudfront.net\/2019\/03\/29122403\/OAB.jpg\",\"contentUrl\":\"https:\/\/dhg1h5j42swfq.cloudfront.net\/2019\/03\/29122403\/OAB.jpg\",\"width\":997,\"height\":997,\"caption\":\"semana especial oab\"},{\"@type\":\"BreadcrumbList\",\"@id\":\"https:\/\/www.estrategiaconcursos.com.br\/blog\/xxxi-exame-ordem-tecnica-manuseio-vade-mecum\/#breadcrumb\",\"itemListElement\":[{\"@type\":\"ListItem\",\"position\":1,\"name\":\"In\u00edcio\",\"item\":\"https:\/\/www.estrategiaconcursos.com.br\/blog\/\"},{\"@type\":\"ListItem\",\"position\":2,\"name\":\"XXXI Exame de Ordem: T\u00e9cnica de Manuseio de Vade Mecum. (RE)VEJA!\"}]},{\"@type\":\"WebSite\",\"@id\":\"https:\/\/www.estrategiaconcursos.com.br\/blog\/#website\",\"url\":\"https:\/\/www.estrategiaconcursos.com.br\/blog\/\",\"name\":\"Estrat\u00e9gia Concursos\",\"description\":\"O blog da Estrat\u00e9gia Concursos traz not\u00edcias sobre concursos e artigos de professores oferecendo cursos para concursos (pdf + videaulas) no site.\",\"publisher\":{\"@id\":\"https:\/\/www.estrategiaconcursos.com.br\/blog\/#organization\"},\"potentialAction\":[{\"@type\":\"SearchAction\",\"target\":{\"@type\":\"EntryPoint\",\"urlTemplate\":\"https:\/\/www.estrategiaconcursos.com.br\/blog\/?s={search_term_string}\"},\"query-input\":{\"@type\":\"PropertyValueSpecification\",\"valueRequired\":true,\"valueName\":\"search_term_string\"}}],\"inLanguage\":\"pt-BR\"},{\"@type\":\"Organization\",\"@id\":\"https:\/\/www.estrategiaconcursos.com.br\/blog\/#organization\",\"name\":\"Estrat\u00e9gia Concursos\",\"url\":\"https:\/\/www.estrategiaconcursos.com.br\/blog\/\",\"logo\":{\"@type\":\"ImageObject\",\"inLanguage\":\"pt-BR\",\"@id\":\"https:\/\/www.estrategiaconcursos.com.br\/blog\/#\/schema\/logo\/image\/\",\"url\":\"https:\/\/dhg1h5j42swfq.cloudfront.net\/2025\/06\/03203428\/logo_concursos-1.jpg\",\"contentUrl\":\"https:\/\/dhg1h5j42swfq.cloudfront.net\/2025\/06\/03203428\/logo_concursos-1.jpg\",\"width\":230,\"height\":60,\"caption\":\"Estrat\u00e9gia Concursos\"},\"image\":{\"@id\":\"https:\/\/www.estrategiaconcursos.com.br\/blog\/#\/schema\/logo\/image\/\"},\"sameAs\":[\"https:\/\/x.com\/EstratConcursos\"]},{\"@type\":\"Person\",\"@id\":\"https:\/\/www.estrategiaconcursos.com.br\/blog\/#\/schema\/person\/bf1b1d1865628ae32d608d5bad5442c6\",\"name\":\"N\u00e1dia Carolina\",\"image\":{\"@type\":\"ImageObject\",\"inLanguage\":\"pt-BR\",\"@id\":\"https:\/\/secure.gravatar.com\/avatar\/0ec0c484339a071f22ea5ced30956ccdaab0f83125b2dc1857c3b038404136a7?s=96&d=mm&r=g\",\"url\":\"https:\/\/secure.gravatar.com\/avatar\/0ec0c484339a071f22ea5ced30956ccdaab0f83125b2dc1857c3b038404136a7?s=96&d=mm&r=g\",\"contentUrl\":\"https:\/\/secure.gravatar.com\/avatar\/0ec0c484339a071f22ea5ced30956ccdaab0f83125b2dc1857c3b038404136a7?s=96&d=mm&r=g\",\"caption\":\"N\u00e1dia Carolina\"},\"sameAs\":[\"https:\/\/www.facebook.com\/nadia.c.santos.16\"],\"url\":\"https:\/\/www.estrategiaconcursos.com.br\/blog\/author\/nadiaestrategiaconcursos-com-br\/\"}]}<\/script>\n<!-- \/ Yoast SEO Premium plugin. -->","yoast_head_json":{"title":"XXXI Exame de Ordem: T\u00e9cnica de Manuseio de Vade Mecum. (RE)VEJA!","robots":{"index":"index","follow":"follow","max-snippet":"max-snippet:-1","max-image-preview":"max-image-preview:large","max-video-preview":"max-video-preview:-1"},"canonical":"https:\/\/www.estrategiaconcursos.com.br\/blog\/xxxi-exame-ordem-tecnica-manuseio-vade-mecum\/","og_locale":"pt_BR","og_type":"article","og_title":"XXXI Exame de Ordem: T\u00e9cnica de Manuseio de Vade Mecum. (RE)VEJA!","og_description":"A 2.\u00aa Fase do XXXI Exame de Ordem est\u00e1 prevista para o dia 05 de abril. Dessa forma, os examinandos aprovados na 1.\u00aa Fase do Exame e os que participam da repescagem com base na aprova\u00e7\u00e3o do XXX Exame encontram-se em fase de prepara\u00e7\u00e3o para a etapa pr\u00e1tica do Exame. A prova&nbsp;pr\u00e1tico-profissional \u00e9 composta por [&hellip;]","og_url":"https:\/\/www.estrategiaconcursos.com.br\/blog\/xxxi-exame-ordem-tecnica-manuseio-vade-mecum\/","og_site_name":"Estrat\u00e9gia Concursos","article_author":"https:\/\/www.facebook.com\/nadia.c.santos.16","article_published_time":"2020-02-17T17:21:43+00:00","og_image":[{"width":997,"height":997,"url":"https:\/\/dhg1h5j42swfq.cloudfront.net\/2019\/03\/29122403\/OAB.jpg","type":"image\/jpeg"}],"author":"N\u00e1dia Carolina","twitter_card":"summary_large_image","twitter_creator":"@EstratConcursos","twitter_site":"@EstratConcursos","twitter_misc":{"Escrito por":"N\u00e1dia Carolina","Est. tempo de leitura":"3 minutos"},"schema":{"@context":"https:\/\/schema.org","@graph":[{"@type":"NewsArticle","@id":"https:\/\/www.estrategiaconcursos.com.br\/blog\/xxxi-exame-ordem-tecnica-manuseio-vade-mecum\/#article","isPartOf":{"@id":"https:\/\/www.estrategiaconcursos.com.br\/blog\/xxxi-exame-ordem-tecnica-manuseio-vade-mecum\/"},"author":{"name":"N\u00e1dia Carolina","@id":"https:\/\/www.estrategiaconcursos.com.br\/blog\/#\/schema\/person\/bf1b1d1865628ae32d608d5bad5442c6"},"headline":"XXXI Exame de Ordem: T\u00e9cnica de Manuseio de Vade Mecum. (RE)VEJA!","datePublished":"2020-02-17T17:21:43+00:00","mainEntityOfPage":{"@id":"https:\/\/www.estrategiaconcursos.com.br\/blog\/xxxi-exame-ordem-tecnica-manuseio-vade-mecum\/"},"wordCount":575,"commentCount":0,"publisher":{"@id":"https:\/\/www.estrategiaconcursos.com.br\/blog\/#organization"},"image":{"@id":"https:\/\/www.estrategiaconcursos.com.br\/blog\/xxxi-exame-ordem-tecnica-manuseio-vade-mecum\/#primaryimage"},"thumbnailUrl":"https:\/\/dhg1h5j42swfq.cloudfront.net\/2019\/03\/29122403\/OAB.jpg","articleSection":["Concursos P\u00fablicos"],"inLanguage":"pt-BR","potentialAction":[{"@type":"CommentAction","name":"Comment","target":["https:\/\/www.estrategiaconcursos.com.br\/blog\/xxxi-exame-ordem-tecnica-manuseio-vade-mecum\/#respond"]}],"copyrightYear":"2020","copyrightHolder":{"@id":"https:\/\/www.estrategiaconcursos.com.br\/blog\/#organization"}},{"@type":"WebPage","@id":"https:\/\/www.estrategiaconcursos.com.br\/blog\/xxxi-exame-ordem-tecnica-manuseio-vade-mecum\/","url":"https:\/\/www.estrategiaconcursos.com.br\/blog\/xxxi-exame-ordem-tecnica-manuseio-vade-mecum\/","name":"XXXI Exame de Ordem: T\u00e9cnica de Manuseio de Vade Mecum. (RE)VEJA!","isPartOf":{"@id":"https:\/\/www.estrategiaconcursos.com.br\/blog\/#website"},"primaryImageOfPage":{"@id":"https:\/\/www.estrategiaconcursos.com.br\/blog\/xxxi-exame-ordem-tecnica-manuseio-vade-mecum\/#primaryimage"},"image":{"@id":"https:\/\/www.estrategiaconcursos.com.br\/blog\/xxxi-exame-ordem-tecnica-manuseio-vade-mecum\/#primaryimage"},"thumbnailUrl":"https:\/\/dhg1h5j42swfq.cloudfront.net\/2019\/03\/29122403\/OAB.jpg","datePublished":"2020-02-17T17:21:43+00:00","breadcrumb":{"@id":"https:\/\/www.estrategiaconcursos.com.br\/blog\/xxxi-exame-ordem-tecnica-manuseio-vade-mecum\/#breadcrumb"},"inLanguage":"pt-BR","potentialAction":[{"@type":"ReadAction","target":["https:\/\/www.estrategiaconcursos.com.br\/blog\/xxxi-exame-ordem-tecnica-manuseio-vade-mecum\/"]}]},{"@type":"ImageObject","inLanguage":"pt-BR","@id":"https:\/\/www.estrategiaconcursos.com.br\/blog\/xxxi-exame-ordem-tecnica-manuseio-vade-mecum\/#primaryimage","url":"https:\/\/dhg1h5j42swfq.cloudfront.net\/2019\/03\/29122403\/OAB.jpg","contentUrl":"https:\/\/dhg1h5j42swfq.cloudfront.net\/2019\/03\/29122403\/OAB.jpg","width":997,"height":997,"caption":"semana especial oab"},{"@type":"BreadcrumbList","@id":"https:\/\/www.estrategiaconcursos.com.br\/blog\/xxxi-exame-ordem-tecnica-manuseio-vade-mecum\/#breadcrumb","itemListElement":[{"@type":"ListItem","position":1,"name":"In\u00edcio","item":"https:\/\/www.estrategiaconcursos.com.br\/blog\/"},{"@type":"ListItem","position":2,"name":"XXXI Exame de Ordem: T\u00e9cnica de Manuseio de Vade Mecum. (RE)VEJA!"}]},{"@type":"WebSite","@id":"https:\/\/www.estrategiaconcursos.com.br\/blog\/#website","url":"https:\/\/www.estrategiaconcursos.com.br\/blog\/","name":"Estrat\u00e9gia Concursos","description":"O blog da Estrat\u00e9gia Concursos traz not\u00edcias sobre concursos e artigos de professores oferecendo cursos para concursos (pdf + videaulas) no site.","publisher":{"@id":"https:\/\/www.estrategiaconcursos.com.br\/blog\/#organization"},"potentialAction":[{"@type":"SearchAction","target":{"@type":"EntryPoint","urlTemplate":"https:\/\/www.estrategiaconcursos.com.br\/blog\/?s={search_term_string}"},"query-input":{"@type":"PropertyValueSpecification","valueRequired":true,"valueName":"search_term_string"}}],"inLanguage":"pt-BR"},{"@type":"Organization","@id":"https:\/\/www.estrategiaconcursos.com.br\/blog\/#organization","name":"Estrat\u00e9gia Concursos","url":"https:\/\/www.estrategiaconcursos.com.br\/blog\/","logo":{"@type":"ImageObject","inLanguage":"pt-BR","@id":"https:\/\/www.estrategiaconcursos.com.br\/blog\/#\/schema\/logo\/image\/","url":"https:\/\/dhg1h5j42swfq.cloudfront.net\/2025\/06\/03203428\/logo_concursos-1.jpg","contentUrl":"https:\/\/dhg1h5j42swfq.cloudfront.net\/2025\/06\/03203428\/logo_concursos-1.jpg","width":230,"height":60,"caption":"Estrat\u00e9gia Concursos"},"image":{"@id":"https:\/\/www.estrategiaconcursos.com.br\/blog\/#\/schema\/logo\/image\/"},"sameAs":["https:\/\/x.com\/EstratConcursos"]},{"@type":"Person","@id":"https:\/\/www.estrategiaconcursos.com.br\/blog\/#\/schema\/person\/bf1b1d1865628ae32d608d5bad5442c6","name":"N\u00e1dia Carolina","image":{"@type":"ImageObject","inLanguage":"pt-BR","@id":"https:\/\/secure.gravatar.com\/avatar\/0ec0c484339a071f22ea5ced30956ccdaab0f83125b2dc1857c3b038404136a7?s=96&d=mm&r=g","url":"https:\/\/secure.gravatar.com\/avatar\/0ec0c484339a071f22ea5ced30956ccdaab0f83125b2dc1857c3b038404136a7?s=96&d=mm&r=g","contentUrl":"https:\/\/secure.gravatar.com\/avatar\/0ec0c484339a071f22ea5ced30956ccdaab0f83125b2dc1857c3b038404136a7?s=96&d=mm&r=g","caption":"N\u00e1dia Carolina"},"sameAs":["https:\/\/www.facebook.com\/nadia.c.santos.16"],"url":"https:\/\/www.estrategiaconcursos.com.br\/blog\/author\/nadiaestrategiaconcursos-com-br\/"}]}},"_links":{"self":[{"href":"https:\/\/www.estrategiaconcursos.com.br\/blog\/wp-json\/wp\/v2\/posts\/482183","targetHints":{"allow":["GET"]}}],"collection":[{"href":"https:\/\/www.estrategiaconcursos.com.br\/blog\/wp-json\/wp\/v2\/posts"}],"about":[{"href":"https:\/\/www.estrategiaconcursos.com.br\/blog\/wp-json\/wp\/v2\/types\/post"}],"author":[{"embeddable":true,"href":"https:\/\/www.estrategiaconcursos.com.br\/blog\/wp-json\/wp\/v2\/users\/58"}],"replies":[{"embeddable":true,"href":"https:\/\/www.estrategiaconcursos.com.br\/blog\/wp-json\/wp\/v2\/comments?post=482183"}],"version-history":[{"count":4,"href":"https:\/\/www.estrategiaconcursos.com.br\/blog\/wp-json\/wp\/v2\/posts\/482183\/revisions"}],"predecessor-version":[{"id":482746,"href":"https:\/\/www.estrategiaconcursos.com.br\/blog\/wp-json\/wp\/v2\/posts\/482183\/revisions\/482746"}],"wp:featuredmedia":[{"embeddable":true,"href":"https:\/\/www.estrategiaconcursos.com.br\/blog\/wp-json\/wp\/v2\/media\/174976"}],"wp:attachment":[{"href":"https:\/\/www.estrategiaconcursos.com.br\/blog\/wp-json\/wp\/v2\/media?parent=482183"}],"wp:term":[{"taxonomy":"category","embeddable":true,"href":"https:\/\/www.estrategiaconcursos.com.br\/blog\/wp-json\/wp\/v2\/categories?post=482183"},{"taxonomy":"post_tag","embeddable":true,"href":"https:\/\/www.estrategiaconcursos.com.br\/blog\/wp-json\/wp\/v2\/tags?post=482183"},{"taxonomy":"tax_estado","embeddable":true,"href":"https:\/\/www.estrategiaconcursos.com.br\/blog\/wp-json\/wp\/v2\/tax_estado?post=482183"}],"curies":[{"name":"wp","href":"https:\/\/api.w.org\/{rel}","templated":true}]}}