{"id":482105,"date":"2021-12-21T07:37:00","date_gmt":"2021-12-21T10:37:00","guid":{"rendered":"https:\/\/www.estrategiaconcursos.com.br\/blog\/?p=482105"},"modified":"2021-12-21T10:41:35","modified_gmt":"2021-12-21T13:41:35","slug":"processo-seletivo-creci-sp-edital","status":"publish","type":"post","link":"https:\/\/www.estrategiaconcursos.com.br\/blog\/processo-seletivo-creci-sp-edital\/","title":{"rendered":"Processo Seletivo CRECI SP: inscri\u00e7\u00f5es encerradas para n\u00edvel superior!"},"content":{"rendered":"\n<p><strong>Foi publicado o edital do novo Processo Seletivo CRECI SP<\/strong>, com 2 vagas diretas para Analista de Conformidade, de n\u00edvel superior, com remunera\u00e7\u00e3o inicial de R$ 5.116,66 para uma jornada de 40 horas. <\/p>\n\n\n\n<p><\/p>\n\n\n\n<p> As inscri\u00e7\u00f5es j\u00e1 est\u00e3o encerradas e a aplica\u00e7\u00e3o das provas objetivas est\u00e1 prevista para o dia<strong> 9 de janeiro de 2022.<\/strong><\/p>\n\n\n\n<ul id=\"block-ee678516-e9d1-48bd-b327-7b9acd55f0fd\" class=\"has-very-light-gray-to-cyan-bluish-gray-gradient-background has-background wp-block-list\"><li><strong>Concurso CRECI SP <\/strong><\/li><li><strong>Status:<\/strong>\u00a0inscri\u00e7\u00f5es encerradas<\/li><li><strong>Banca:\u00a0<\/strong>Instituto Nosso Rumo<\/li><li><strong>Vagas:\u00a0<\/strong>2<\/li><li><strong>Sal\u00e1rio inicial:<\/strong>\u00a0R$ 5.116,66<\/li><li><a href=\"https:\/\/dhg1h5j42swfq.cloudfront.net\/2020\/03\/24102445\/edital-de-abertura_-1.pdf\" target=\"_blank\" rel=\"noreferrer noopener nofollow\"><strong>Edital<\/strong>\u00a0<strong>CRECI SP 2021<\/strong><\/a><\/li><\/ul>\n\n\n\n<div class=\"col-sm\">\n      <div class=\"banner-estrategia\" id=\"box-assinatura\">\n        <h3 class=\"titulo-assinatura\">Cursos para CRECI SP<\/h3>\n        <p class=\"subtitulo-assinatura\">Conhe\u00e7a os cursos<\/p>\n        <div class=\"box-botao\">\n          <a class=\"btn-assinatura\" target=\"_blank\" href=\"https:\/\/www.estrategiaconcursos.com.br\/cursos\/concurso\/\" role=\"button\" rel=\"noopener noreferrer\">Conhe\u00e7a mais<\/a>\n        <\/div>\n      <\/div>\n      <p class=\"texto-auxiliar\">Prepare-se com o melhor material e com quem mais aprova em Concursos P\u00fablicos em todo o pa\u00eds.<\/p>\n    <\/div>\n\n\n\n<ul class=\"wp-block-list\"><li><strong><a href=\"#atual\">Situa\u00e7\u00e3o atual<\/a><\/strong><ul><li><a href=\"#datas\">Principais datas<\/a><\/li><\/ul><\/li><li><strong><a href=\"#carreira\">Carreira<\/a><\/strong><ul><li><a href=\"#cargo\">Cargos e vagas<\/a><\/li><\/ul><\/li><li><strong><a href=\"#etapas\">Etapas do concurso<\/a><\/strong><ul><li><a href=\"#objetiva\">Prova Objetiva<\/a><\/li><li><a href=\"#oral\">Prova Oral<\/a> <\/li><li><a href=\"#direcao\">Prova de Dire\u00e7\u00e3o<\/a><\/li><li><a href=\"#avaliacao\">Avalia\u00e7\u00e3o Psicol\u00f3gica<\/a><\/li><\/ul><\/li><li><strong><a href=\"#ultimo\">\u00daltimo concurso<\/a><\/strong><\/li><li><strong><a href=\"#cursos\">Cursos e Assinaturas<\/a><\/strong><\/li><li><strong><a href=\"#ficha-tecnica\">Ficha T\u00e9cnica<\/a><\/strong><\/li><\/ul>\n\n\n\n<h2 class=\"wp-block-heading\" id=\"atual\">Processo Seletivo CRECI SP: situa\u00e7\u00e3o atual<\/h2>\n\n\n\n<h3 class=\"wp-block-heading\" id=\"datas\">Principais datas<\/h3>\n\n\n\n<p class=\"has-very-light-gray-background-color has-background\"><em><strong>Inscri\u00e7\u00f5es:<\/strong><\/em> 22 de novembro a 20 de dezembro de 2021<br \/><em><strong>Isen\u00e7\u00e3o: <\/strong><\/em>  22 de novembro de 2021<br \/><em><strong>Taxa:<\/strong><\/em> R$ 89,00 <br \/><em><strong>Prova: <\/strong><\/em>9 de janeiro de 2022<\/p>\n\n\n\n<h2 class=\"wp-block-heading\" id=\"carreira\">Processo Seletivo CRECI SP: carreira<\/h2>\n\n\n\n<h3 class=\"wp-block-heading\" id=\"cargo\">Cargos, vagas e remunera\u00e7\u00f5es<\/h3>\n\n\n\n<figure class=\"wp-block-table is-style-stripes\"><table class=\"has-background has-fixed-layout\" style=\"background-color:#e7f5fe\"><tbody><tr><td><strong>Cargos<\/strong><\/td><td><strong>Requisitos <\/strong><\/td><td><strong>Vagas<\/strong> <\/td><td><strong>Remunera\u00e7\u00e3o<\/strong><\/td><\/tr><tr><td>PAS \u2013 ANALISTA DE<br \/>CONFORMIDADE<\/td><td>&#8211; Ensino Superior Completo<br \/>&#8211; Habilita\u00e7\u00e3o categoria \u201cB\u201d ou superior<br \/>&#8211; Disponibilidade para viagens <\/td><td>02<\/td><td> R$ 5.116,66<\/td><\/tr><\/tbody><\/table><\/figure>\n\n\n\n<h2 class=\"wp-block-heading\" id=\"etapas\">Etapas do Processo Seletivo CRECI SP<\/h2>\n\n\n\n<p>O processo simplificado ser\u00e1 composto das seguintes etapas: <\/p>\n\n\n\n<ul class=\"wp-block-list\"><li><strong><em>Prova Objetiva<\/em><\/strong>: car\u00e1ter eliminat\u00f3rio e classificat\u00f3rio <\/li><li><em><strong>Prova Oral<\/strong><\/em>: car\u00e1ter eliminat\u00f3rio e classificat\u00f3rio  <\/li><li><strong><em>Prova de Dire\u00e7\u00e3o<\/em><\/strong>: car\u00e1ter eliminat\u00f3rio<\/li><li><strong><em>Avalia\u00e7\u00e3o Psicol\u00f3gica<\/em><\/strong>: car\u00e1ter eliminat\u00f3rio <\/li><\/ul>\n\n\n\n<h3 class=\"wp-block-heading\" id=\"objetiva\">Prova Objetiva<\/h3>\n\n\n\n<p>As Provas Objetivas ser\u00e3o realizadas na cidade de S\u00e3o Paulo, na data prov\u00e1vel de 9 de janeiro de 2022. Elas constar\u00e3o de quest\u00f5es objetivas de m\u00faltipla escolha, com cinco alternativas cada, ter\u00e3o uma \u00fanica resposta correta.<\/p>\n\n\n\n<p>A totalidade das Provas ter\u00e1 a dura\u00e7\u00e3o de 3 horas.<\/p>\n\n\n\n<figure class=\"wp-block-table is-style-stripes\"><table class=\"has-background has-fixed-layout\" style=\"background-color:#e7f5fe\"><tbody><tr><td>\n  <strong>Disciplina<\/strong>\n  <\/td><td>\n  <strong>Quest\u00f5es\n  <\/strong>\n  <\/td><\/tr><tr><td> L\u00edngua Portuguesa    <\/td><td>10   <\/td><\/tr><tr><td> Atualidades e Conhecimentos Gerais<\/td><td>10   <\/td><\/tr><tr><td> No\u00e7\u00f5es de Inform\u00e1tica<\/td><td>10   <\/td><\/tr><tr><td>Conhecimentos Espec\u00edficos<\/td><td>10<\/td><\/tr><\/tbody><\/table><\/figure>\n\n\n\n<p>A Prova Objetiva ser\u00e1 avaliada na escala de 0 a 100 pontos. Para calcular o total de pontos, o candidato dever\u00e1 dividir 100 pelo n\u00famero de quest\u00f5es da prova e multiplicar pelo n\u00famero de quest\u00f5es acertadas; O c\u00e1lculo final ser\u00e1 igual ao total de pontos alcan\u00e7ados pelo candidato na Prova Objetiva.<\/p>\n\n\n\n<p>Ser\u00e1 considerado habilitado na Prova Objetiva o candidato que obtiver total de pontos <strong>igual ou superior a 50 pontos.<\/strong><\/p>\n\n\n\n<h3 class=\"wp-block-heading\" id=\"oral\">Prova Oral<\/h3>\n\n\n\n<p>O quantitativo de candidatos a serem convocados para a prova oral ser\u00e1 o de 45 vezes o n\u00famero de vagas estabelecidas para cada emprego entre os candidatos habilitados e melhores classificados no somat\u00f3rio das Provas Objetivas, acrescidos dos candidatos empatados com a mesma pontua\u00e7\u00e3o do \u00faltimo candidato classificado nesta condi\u00e7\u00e3o.<\/p>\n\n\n\n<p>A Prova Oral valer\u00e1 10,00 pontos e ser\u00e1 composta de 05 quest\u00f5es, apresentadas verbalmente ao(a) candidato(a), sendo cada resposta atribu\u00edda uma nota de zero a dois. Ela consistir\u00e1 da argui\u00e7\u00e3o sobre o Conte\u00fado Program\u00e1tico do respectivo emprego. <\/p>\n\n\n\n<p>Ela ter\u00e1 dura\u00e7\u00e3o de at\u00e9 10 minutos, frente \u00e0 respectiva Banca Examinadora, n\u00e3o podendo ser assistida pelos demais candidatos, os quais aguardar\u00e3o em outro local determinado pela Coordena\u00e7\u00e3o.<\/p>\n\n\n\n<p>Al\u00e9m do conte\u00fado espec\u00edfico, a Prova Oral abranger\u00e1 quest\u00f5es envolvendo aspectos de: (1) relacionamento interpessoal, (2) flu\u00eancia verbal, (3) conhecimento e experi\u00eancia da \u00e1rea de atua\u00e7\u00e3o, (4) administra\u00e7\u00e3o de conflitos e (5) habilidade para negocia\u00e7\u00e3o.<\/p>\n\n\n\n<p>Ser\u00e3o considerados o dom\u00ednio do conhecimento (t\u00e9cnica), o emprego adequado da linguagem, a articula\u00e7\u00e3o do racioc\u00ednio, a capacidade de argumenta\u00e7\u00e3o e o uso correto da norma culta da L\u00edngua Portuguesa. <\/p>\n\n\n\n<h3 class=\"wp-block-heading\" id=\"direcao\">Prova de Dire\u00e7\u00e3o<\/h3>\n\n\n\n<p>Para a realiza\u00e7\u00e3o da Prova Pr\u00e1tica ser\u00e3o convocados os 60 candidatos aprovados e melhor classificados nas Provas Objetivas e Provas Orais.<\/p>\n\n\n\n<p>A prova ser\u00e1 individual atrav\u00e9s da qual ser\u00e1 avaliada, por meio de uma Banca Examinadora, a compet\u00eancia e habilidade do candidato. O candidato dever\u00e1 comparecer ao local designado para a prova com anteced\u00eancia m\u00ednima de 30 minutos, munido de documento oficial de identidade original.<\/p>\n\n\n\n<p>Os candidatos, al\u00e9m do documento oficial original com foto j\u00e1 previsto neste edital, dever\u00e3o apresentar CNH \u2013 Carteira Nacional de Habilita\u00e7\u00e3o original, com a categoria \u201cB\u201d, em validade e de acordo com a legisla\u00e7\u00e3o vigente (C\u00f3digo Nacional de Tr\u00e2nsito).<\/p>\n\n\n\n<p>A Prova Pr\u00e1tica busca aferir a capacidade de adequa\u00e7\u00e3o funcional e situacional do candidato \u00e0s exig\u00eancias e ao desempenho eficiente das atividades, cuja avalia\u00e7\u00e3o ser\u00e1 realizada em ve\u00edculos de acordo com a categoria do emprego pretendido. O candidato ser\u00e1 considerado apto ou inapto no final da avalia\u00e7\u00e3o.<\/p>\n\n\n\n<p>Ser\u00e1 considerado <strong>N\u00c3O APTO<\/strong> o candidato que somar pontua\u00e7\u00e3o <strong>igual ou superior a 04 pontos.<\/strong><\/p>\n\n\n\n<h3 class=\"wp-block-heading\" id=\"avaliacao\">Avalia\u00e7\u00e3o Psicol\u00f3gica<\/h3>\n\n\n\n<p>Ser\u00e3o convocados para a realiza\u00e7\u00e3o da Avalia\u00e7\u00e3o Psicol\u00f3gica, todos os candidatos habilitados nas Provas Objetivas, Oral e Pr\u00e1tica de Dire\u00e7\u00e3o.<\/p>\n\n\n\n<p>Avalia\u00e7\u00e3o Psicol\u00f3gica ter\u00e1 por objetivo avaliar o perfil psicol\u00f3gico do candidato, verificando as caracter\u00edsticas de personalidade, aptid\u00f5es espec\u00edficas e n\u00edvel intelectual necess\u00e1rias ao desempenho adequado das atividades inerentes ao emprego pleiteado.<\/p>\n\n\n\n<p>A Avalia\u00e7\u00e3o Psicol\u00f3gica consistir\u00e1 na aplica\u00e7\u00e3o coletiva de testes psicol\u00f3gicos. A composi\u00e7\u00e3o da Avalia\u00e7\u00e3o Psicol\u00f3gica ser\u00e1 por meio dos seguintes instrumentos:<br \/><br \/>1. Teste de intelig\u00eancia;<br \/>2. Teste de habilidade espec\u00edfica;<br \/>3. Teste de personalidade.<\/p>\n\n\n\n<p>Ser\u00e1 considerado RECOMENDADO o candidato que apresentar:<\/p>\n\n\n\n<p><span style=\"text-decoration: underline;\">Sa\u00fade ps\u00edquica<\/span>: aus\u00eancia de dist\u00farbios de personalidade ou desequil\u00edbrio psicol\u00f3gico, suscet\u00edvel a inabilit\u00e1-lo para o exerc\u00edcio das atividades do emprego pleiteado;<\/p>\n\n\n\n<p><span style=\"text-decoration: underline;\">Intelig\u00eancia<\/span>: grau de intelig\u00eancia global dentro da faixa m\u00e9dia, aliado \u00e0 capacidade de incorporar novos conhecimentos e reestruturar conceitos j\u00e1 estabelecidos;<\/p>\n\n\n\n<p><span style=\"text-decoration: underline;\">Aptid\u00e3o espec\u00edfica<\/span>: capacidade para concentrar a aten\u00e7\u00e3o em diferentes est\u00edmulos, conciliando rapidez e qualidade de execu\u00e7\u00e3o.<\/p>\n\n\n\n<h2 class=\"wp-block-heading\" id=\"ultimo\">\u00daltimo Processo seletivo CRECI SP <\/h2>\n\n\n\n<p>O \u00faltimo processo seletivo CRECI SP teve seu edital publicado em 2020. O Conselho Regional de Conselhos de Im\u00f3veis do estado de S\u00e3o Paulo &#8211; <strong>CRECI SP<\/strong>, ofertou <strong>03 vagas<\/strong> diretas para cargos de n\u00edvel m\u00e9dio e superior. <\/p>\n\n\n\n<p>As provas Objetivas e Escritas estavam previstas para ocorrer no dia <strong>29 de mar\u00e7o de 2020.<\/strong><\/p>\n\n\n\n<p>Em rela\u00e7\u00e3o aos cargos de n\u00edvel m\u00e9dio, 01 vaga se destinou a lota\u00e7\u00e3o em S\u00e3o Paulo e 01 para lota\u00e7\u00e3o em Americana. J\u00e1 a vaga para cargo de n\u00edvel superior foi para lota\u00e7\u00e3o na Capital.  <\/p>\n\n\n\n<h3 class=\"wp-block-heading\">Cargos, vagas e remunera\u00e7\u00f5es <\/h3>\n\n\n\n<p>Os cargos ofertados, a quantidade de vagas e remunera\u00e7\u00f5es s\u00e3o os abaixo discriminados: <\/p>\n\n\n\n<p><\/p>\n\n\n\n<figure class=\"wp-block-table is-style-stripes\"><table class=\"has-background has-fixed-layout\" style=\"background-color:#e7f5fe\"><tbody><tr><td><strong>Cargos<\/strong><\/td><td><strong>Requisitos <\/strong><\/td><td><strong>Vagas<\/strong> <\/td><td><strong>Remunera\u00e7\u00e3o<\/strong><\/td><\/tr><tr><td>PST &#8211; Servi\u00e7os Operacionais <\/td><td><strong>Ensino m\u00e9dio <\/strong>completo <\/td><td>01<\/td><td> R$ 1.308,47 <\/td><\/tr><tr><td>PST &#8211; Assistente Administrativo  <\/td><td><strong>Ensino m\u00e9dio<\/strong> completo, conhecimentos de inform\u00e1tica <\/td><td>01<\/td><td> R$ 2.450,74 <\/td><\/tr><tr><td>PAS &#8211; Analista de TI  <\/td><td>Analista de Programa\u00e7\u00e3o S\u00eanior \u2013 <strong>Ensino superior,<\/strong> com habilita\u00e7\u00e3o t\u00e9cnica espec\u00edfica na \u00e1rea de Tecnologia da Informa\u00e7\u00e3o; experi\u00eancia de 06 meses em desenvolvimento para a web. <\/td><td>01<\/td><td> R$ 9.004,09 <\/td><\/tr><\/tbody><\/table><\/figure>\n\n\n\n<p>Todos os cargos possuem regime de 40 horas semanais. <\/p>\n\n\n\n<h3 class=\"wp-block-heading\">Etapas do processo seletivo <\/h3>\n\n\n\n<p>O processo simplificado ser\u00e1 composto das seguintes etapas: <\/p>\n\n\n\n<ul class=\"wp-block-list\"><li><strong><em>Prova Objetiva<\/em><\/strong> (todos os cargos): car\u00e1ter eliminat\u00f3rio e classificat\u00f3rio <\/li><li><strong><em>Prova Discursiva<\/em><\/strong> (apenas PAS-Analista de TI):  car\u00e1ter eliminat\u00f3rio e classificat\u00f3rio  <\/li><li><em><strong>Prova Oral<\/strong><\/em> (todos os cargos): car\u00e1ter eliminat\u00f3rio e classificat\u00f3rio  <\/li><\/ul>\n\n\n\n<h4 class=\"wp-block-heading\">Prova Objetiva <\/h4>\n\n\n\n<p>As Provas Objetivas ser\u00e3o aplicadas no dia 29 de mar\u00e7o de 2020 e ter\u00e3o dura\u00e7\u00e3o de 3 horas. O n\u00famero de quest\u00f5es por disciplina variar\u00e1 a depender do cargo pretendido. <\/p>\n\n\n\n<h4 class=\"wp-block-heading\"><strong>N\u00edvel M\u00e9dio <\/strong>&#8211;  PST &#8211; Servi\u00e7os Operacionais <\/h4>\n\n\n\n<p><\/p>\n\n\n\n<figure class=\"wp-block-table is-style-stripes\"><table class=\"has-background has-fixed-layout\" style=\"background-color:#e7f5fe\"><tbody><tr><td>\n  <strong>Disciplina<\/strong>\n  <\/td><td>\n  <strong>Quest\u00f5es\n  <\/strong>\n  <\/td><\/tr><tr><td>\n  L\u00edngua\n  Portuguesa \n  <\/td><td>\n  10\n  <\/td><\/tr><tr><td>\n  Matem\u00e1tica\n  \n  <\/td><td>\n  10\n  <\/td><\/tr><tr><td>\n  Conhecimentos\n  Gerais \n  <\/td><td>\n  10\n  <\/td><\/tr><\/tbody><\/table><\/figure>\n\n\n\n<h4 class=\"wp-block-heading\"><strong>N\u00edvel M\u00e9dio &#8211; <\/strong> PST &#8211; Assistente Administrativo <\/h4>\n\n\n\n<p><\/p>\n\n\n\n<figure class=\"wp-block-table is-style-stripes\"><table class=\"has-background has-fixed-layout\" style=\"background-color:#e7f5fe\"><tbody><tr><td>\n  <strong>Disciplina<\/strong>\n  <\/td><td>\n  <strong>Quest\u00f5es\n  <\/strong>\n  <\/td><\/tr><tr><td>   L\u00edngua  Portuguesa    <\/td><td>  10   <\/td><\/tr><tr><td>\n  Matem\u00e1tica\n  \n  <\/td><td>  10<\/td><\/tr><tr><td>   Conhecimentos Gerais    <\/td><td>   10 <\/td><\/tr><tr><td>   No\u00e7\u00f5es  de Inform\u00e1tica    <\/td><td>  10<\/td><\/tr><\/tbody><\/table><\/figure>\n\n\n\n<h4 class=\"wp-block-heading\"><strong>N\u00edvel Superior <\/strong>&#8211;   PAS &#8211; Analista de TI <\/h4>\n\n\n\n<p><\/p>\n\n\n\n<figure class=\"wp-block-table is-style-stripes\"><table class=\"has-background has-fixed-layout\" style=\"background-color:#e7f5fe\"><tbody><tr><td>\n  <strong>Disciplina<\/strong>\n  <\/td><td>\n  <strong>Quest\u00f5es\n  <\/strong>\n  <\/td><\/tr><tr><td>   L\u00edngua Portuguesa    <\/td><td>05  <\/td><\/tr><tr><td>\n  Matem\u00e1tica\n  \n  <\/td><td>10<\/td><\/tr><tr><td>  Ingl\u00eas T\u00e9cnico <\/td><td>05<\/td><\/tr><tr><td>   Conhecimentos Espec\u00edficos    <\/td><td>18   <\/td><\/tr><\/tbody><\/table><\/figure>\n\n\n\n<p>A Prova\nObjetiva ser\u00e1 avaliada na escala de 0 a 100 pontos. Para calcular o total de\npontos, <strong>o candidato dever\u00e1 dividir 100 pelo n\u00famero de quest\u00f5es da prova e\nmultiplicar pelo n\u00famero de quest\u00f5es acertadas<\/strong>. <\/p>\n\n\n\n<p>O c\u00e1lculo final ser\u00e1 igual ao total de pontos alcan\u00e7ados pelo candidato na Prova Objetiva. Ser\u00e1 considerado <strong><em>habilitado<\/em><\/strong> na Prova Objetiva o candidato que obtiver total de pontos <strong>igual ou superior a<\/strong> <strong>50<\/strong>. <\/p>\n\n\n\n<h4 class=\"wp-block-heading\">Prova Discursiva <\/h4>\n\n\n\n<p>A Prova Discursiva ter\u00e1 o objetivo de avaliar o dom\u00ednio do conhecimento te\u00f3rico-pr\u00e1tico, uso adequado da linguagem, a articula\u00e7\u00e3o do racioc\u00ednio, a capacidade de argumenta\u00e7\u00e3o te\u00f3rico-metodol\u00f3gica e o uso correto do vern\u00e1culo. <\/p>\n\n\n\n<p>Somente ser\u00e3o avaliadas as Provas Discursivas dos candidatos habilitados e previamente classificados nas Provas Objetivas, cuja concorr\u00eancia seja para o cargo de <strong>PAS &#8211; Analista de TI<\/strong>. Somente ser\u00e3o avaliadas as Provas Discursivas dos candidatos habilitados e pr\u00e9-classificados na Prova Objetiva at\u00e9 a <strong>40.\u00aa posi\u00e7\u00e3o<\/strong>, inclu\u00eddos os candidatos empatados com a pontua\u00e7\u00e3o do candidato classificado na 40.\u00aa posi\u00e7\u00e3o. <\/p>\n\n\n\n<p>Ser\u00e3o atribu\u00eddos os seguintes pontos: Norma-padr\u00e3o (2 pontos), Coes\u00e3o e Coer\u00eancia (2 pontos) e T\u00e9cnica (no caso, argumenta\u00e7\u00e3o do estudo de caso) (6  pontos).<\/p>\n\n\n\n<p>A Prova Discursiva ser\u00e1 avaliada na escala de 0 a 10 pontos. <\/p>\n\n\n\n<p>Ser\u00e1 considerado habilitado na Prova Discursiva o candidato que atingir nota igual ou superior a<strong> 6 pontos. <\/strong><\/p>\n\n\n\n<p> A totalidade das Provas ter\u00e1 a dura\u00e7\u00e3o de 3 horas. <\/p>\n\n\n\n<h4 class=\"wp-block-heading\"><strong>Prova Oral <\/strong><\/h4>\n\n\n\n<p>A prova oral, prevista para ser realizada no dia <strong>08 de maio de 2020<\/strong> e consistir\u00e1 &nbsp;da argui\u00e7\u00e3o sobre o conte\u00fado program\u00e1tico relativo a cada cargo. <\/p>\n\n\n\n<p>Al\u00e9m do conte\u00fado espec\u00edfico, para todos os cargos a Prova Oral abranger\u00e1 quest\u00f5es envolvendo aspectos de: <\/p>\n\n\n\n<ol class=\"wp-block-list\"><li>relacionamento interpessoal,      <\/li><li>flu\u00eancia verbal, <\/li><li>conhecimento e experi\u00eancia da \u00e1rea de atua\u00e7\u00e3o, <\/li><li>administra\u00e7\u00e3o de conflitos e<\/li><li>habilidade para negocia\u00e7\u00e3o. <\/li><\/ol>\n\n\n\n<p>Ser\u00e3o considerados o dom\u00ednio do conhecimento (t\u00e9cnica), o emprego adequado da linguagem, a articula\u00e7\u00e3o do racioc\u00ednio, a capacidade de argumenta\u00e7\u00e3o e o uso correto da norma culta da L\u00edngua Portuguesa. <\/p>\n\n\n\n<p>O quantitativo de candidatos a serem convocados para a prova oral ser\u00e1 o de 10 vezes o n\u00famero de vagas estabelecidas para cada emprego entre os candidatos habilitados e melhores classificados no somat\u00f3rio das Provas Objetivas, acrescidos dos candidatos empatados com a mesma pontua\u00e7\u00e3o do \u00faltimo candidato classificado nesta condi\u00e7\u00e3o. <\/p>\n\n\n\n<p>A  prova oral ter\u00e1 dura\u00e7\u00e3o de at\u00e9 <strong>10 minutos<\/strong>, frente \u00e0 respectiva e valer\u00e1 <strong>10,00 pontos<\/strong>, sendo composta de <strong>05 quest\u00f5es<\/strong>, apresentadas verbalmente ao candidato, de maneira que a cada resposta se atribuir\u00e1 nota de <strong>zero a dois<\/strong>. <\/p>\n\n\n\n<p>A Nota Final de cada candidato ser\u00e1 IGUAL ao total de pontos obtidos na Prova Objetiva somado ao da Prova Oral. A Nota Final de cada candidato ser\u00e1 IGUAL ao total de pontos obtidos na Prova  Objetiva e somado \u00e0 Prova Oral. <\/p>\n\n\n\n<p>Os candidatos ser\u00e3o classificados por ordem decrescente baseada na Nota Final, e sua classifica\u00e7\u00e3o ser\u00e1 distribu\u00edda por meio de listas, de acordo com o emprego escolhido. <\/p>\n\n\n\n<h2 class=\"has-text-align-center wp-block-heading\" id=\"h-quer-saber-tudo-sobre-concursos-previstos-confira-nossos-artigos\">Quer saber tudo sobre concursos previstos?<br \/>Confira nossos artigos!<\/h2>\n\n\n\n<ul class=\"wp-block-list\"><li><a href=\"https:\/\/www.estrategiaconcursos.com.br\/blog\/concursos-abertos\/\" target=\"_blank\" rel=\"noreferrer noopener\">Concursos abertos<\/a><\/li><li><a href=\"https:\/\/www.estrategiaconcursos.com.br\/blog\/concursos-2021\/\" target=\"_blank\" rel=\"noreferrer noopener\">Concursos 2021<\/a><\/li><li><a href=\"https:\/\/www.estrategiaconcursos.com.br\/blog\/concursos-2022\/\" target=\"_blank\" rel=\"noreferrer noopener\">Concursos 2022<\/a><\/li><\/ul>\n\n\n\n<h2 class=\"has-text-align-center wp-block-heading\" id=\"cursos\"><em>Quer se preparar para o CRECI SP? <\/em><\/h2>\n\n\n\n<div class=\"col-sm\">\n      <div class=\"banner-estrategia\" id=\"box-assinatura\">\n        <h3 class=\"titulo-assinatura\">Cursos para CRECI RO<\/h3>\n        <p class=\"subtitulo-assinatura\">Conhe\u00e7a os cursos<\/p>\n        <div class=\"box-botao\">\n          <a class=\"btn-assinatura\" target=\"_blank\" href=\"https:\/\/www.estrategiaconcursos.com.br\/cursosPorConcurso\/conselho-regional-de-corretores-de-imoveis-24-regiao-creci-ro\/\" role=\"button\" rel=\"noopener noreferrer\">Conhe\u00e7a mais<\/a>\n        <\/div>\n      <\/div>\n      <p class=\"texto-auxiliar\">Prepare-se com o melhor material e com quem mais aprova em Concursos P\u00fablicos em todo o pa\u00eds.<\/p>\n    <\/div>\n\n\n\n<div class=\"container\" id=\"boxes\">\n  <div class=\"row\">\n\n    <div class=\"col-sm\">\n      <div class=\"estrategia\" id=\"box-assinatura\">\n        <h3 class=\"titulo-assinatura\">Assinatura Concursos<\/h3>\n        <p class=\"subtitulo-assinatura\">Assinatura de 1 ano ou 2 anos<\/p>\n        <div class=\"box-botao\">\n          <a class=\"btn-assinatura\" target=\"_blank\" href=\"https:\/\/www.estrategiaconcursos.com.br\/assinaturas\/\" role=\"button\" rel=\"noopener noreferrer\">ASSINE AGORA<\/a>\n        <\/div>\n      <\/div>\n     \n    <\/div><\/div><\/div>\n\n\n\n<figure class=\"wp-block-image size-large is-resized\"><img loading=\"lazy\" decoding=\"async\" src=\"https:\/\/dhg1h5j42swfq.cloudfront.net\/2021\/04\/05171352\/ficha-tecnica-33-1024x632.png\" alt=\"\" class=\"wp-image-707823\" width=\"200\" height=\"123\" srcset=\"https:\/\/dhg1h5j42swfq.cloudfront.net\/2021\/04\/05171352\/ficha-tecnica-33-1024x632.png 1024w, https:\/\/dhg1h5j42swfq.cloudfront.net\/2021\/04\/05171352\/ficha-tecnica-33-300x185.png 300w, https:\/\/dhg1h5j42swfq.cloudfront.net\/2021\/04\/05171352\/ficha-tecnica-33-768x474.png 768w, https:\/\/dhg1h5j42swfq.cloudfront.net\/2021\/04\/05171352\/ficha-tecnica-33-1536x948.png 1536w, https:\/\/dhg1h5j42swfq.cloudfront.net\/2021\/04\/05171352\/ficha-tecnica-33-610x377.png 610w, https:\/\/dhg1h5j42swfq.cloudfront.net\/2021\/04\/05171352\/ficha-tecnica-33.png 1571w\" sizes=\"auto, (max-width: 200px) 100vw, 200px\" \/><\/figure>\n\n\n\n<h3 class=\"wp-block-heading\" id=\"ficha-tecnica\"><strong>\u2666Informa\u00e7\u00f5es do concurso<\/strong>&nbsp;CRECI SP<\/h3>\n\n\n\n<p>\u25ba<strong>Data:&nbsp;<\/strong>09\/01\/2022<strong><br \/>\u25baVagas:&nbsp;<\/strong>02<strong><br \/>\u25baBanca:&nbsp;<\/strong> Instituto Nosso Rumo  <strong><br \/>\u25baEscolaridade:&nbsp;<\/strong>N\u00edvel m\u00e9dio e superior<br \/><strong>\u25baEdital:<\/strong>  <a style=\"font-size: revert;\" href=\"https:\/\/dhg1h5j42swfq.cloudfront.net\/2020\/03\/24102445\/edital-de-abertura_-1.pdf\" target=\"_blank\" rel=\"noreferrer noopener nofollow\"><strong>Edital<\/strong>&nbsp;<strong>CRECI SP 2021<\/strong><\/a> <br \/><strong><br \/>\u25ba\u00daltimo Edital:<\/strong>&nbsp;<strong><a href=\"https:\/\/dhg1h5j42swfq.cloudfront.net\/2020\/02\/14172308\/edital-processo-seletivo-crecisp-sp-2020.pdf\">E<\/a><a aria-label=\"dital CRECI SP (abre numa nova aba)\" href=\"https:\/\/dhg1h5j42swfq.cloudfront.net\/2020\/02\/14172308\/edital-processo-seletivo-crecisp-sp-2020.pdf\" target=\"_blank\" rel=\"noreferrer noopener\">dital CRECI SP 2020<\/a><\/strong><\/p>\n","protected":false},"excerpt":{"rendered":"<p>Foi publicado o edital do novo Processo Seletivo CRECI SP, com 2 vagas diretas para Analista de Conformidade, de n\u00edvel superior, com remunera\u00e7\u00e3o inicial de R$ 5.116,66 para uma jornada de 40 horas. As inscri\u00e7\u00f5es j\u00e1 est\u00e3o encerradas e a aplica\u00e7\u00e3o das provas objetivas est\u00e1 prevista para o dia 9 de janeiro de 2022. Concurso [&hellip;]<\/p>\n","protected":false},"author":1,"featured_media":915141,"comment_status":"open","ping_status":"closed","sticky":false,"template":"","format":"standard","meta":{"post_tipo":"article","footnotes":""},"categories":[214992],"tags":[],"tax_estado":[219989],"class_list":["post-482105","post","type-post","status-publish","format-standard","has-post-thumbnail","hentry","category-concursos-administrativos","tax_estado-sp"],"acf":[],"yoast_head":"<!-- This site is optimized with the Yoast SEO Premium plugin v27.2 (Yoast SEO v27.2) - https:\/\/yoast.com\/product\/yoast-seo-premium-wordpress\/ -->\n<title>Processo Seletivo CRECI SP: inscri\u00e7\u00f5es encerradas para n\u00edvel superior!<\/title>\n<meta name=\"description\" content=\"Processo Seletivo CRECI SP: novo edital de processo seletivo para provimento de vagas de n\u00edvel superior no Conselho Paulista.\" \/>\n<meta name=\"robots\" content=\"index, follow, max-snippet:-1, max-image-preview:large, max-video-preview:-1\" \/>\n<link rel=\"canonical\" href=\"https:\/\/www.estrategiaconcursos.com.br\/blog\/processo-seletivo-creci-sp-edital\/\" \/>\n<meta property=\"og:locale\" content=\"pt_BR\" \/>\n<meta property=\"og:type\" content=\"article\" \/>\n<meta property=\"og:title\" content=\"Processo Seletivo CRECI SP: inscri\u00e7\u00f5es encerradas para n\u00edvel superior!\" \/>\n<meta property=\"og:description\" content=\"Processo Seletivo CRECI SP: novo edital de processo seletivo para provimento de vagas de n\u00edvel superior no Conselho Paulista.\" \/>\n<meta property=\"og:url\" content=\"https:\/\/www.estrategiaconcursos.com.br\/blog\/processo-seletivo-creci-sp-edital\/\" \/>\n<meta property=\"og:site_name\" content=\"Estrat\u00e9gia Concursos\" \/>\n<meta property=\"article:author\" content=\"https:\/\/www.facebook.com\/EstrategiaConcursos\" \/>\n<meta property=\"article:published_time\" content=\"2021-12-21T10:37:00+00:00\" \/>\n<meta property=\"article:modified_time\" content=\"2021-12-21T13:41:35+00:00\" \/>\n<meta property=\"og:image\" content=\"https:\/\/dhg1h5j42swfq.cloudfront.net\/2020\/03\/24102526\/creci-sp.jpg\" \/>\n\t<meta property=\"og:image:width\" content=\"1200\" \/>\n\t<meta property=\"og:image:height\" content=\"628\" \/>\n\t<meta property=\"og:image:type\" content=\"image\/jpeg\" \/>\n<meta name=\"author\" content=\"Coordena\u00e7\u00e3o\" \/>\n<meta name=\"twitter:card\" content=\"summary_large_image\" \/>\n<meta name=\"twitter:creator\" content=\"@EstratConcursos\" \/>\n<meta name=\"twitter:site\" content=\"@EstratConcursos\" \/>\n<meta name=\"twitter:label1\" content=\"Escrito por\" \/>\n\t<meta name=\"twitter:data1\" content=\"Coordena\u00e7\u00e3o\" \/>\n\t<meta name=\"twitter:label2\" content=\"Est. tempo de leitura\" \/>\n\t<meta name=\"twitter:data2\" content=\"8 minutos\" \/>\n<script type=\"application\/ld+json\" class=\"yoast-schema-graph\">{\"@context\":\"https:\/\/schema.org\",\"@graph\":[{\"@type\":\"NewsArticle\",\"@id\":\"https:\/\/www.estrategiaconcursos.com.br\/blog\/processo-seletivo-creci-sp-edital\/#article\",\"isPartOf\":{\"@id\":\"https:\/\/www.estrategiaconcursos.com.br\/blog\/processo-seletivo-creci-sp-edital\/\"},\"author\":{\"name\":\"Coordena\u00e7\u00e3o\",\"@id\":\"https:\/\/www.estrategiaconcursos.com.br\/blog\/#\/schema\/person\/b4a388c97673c5f483d72185668afa1f\"},\"headline\":\"Processo Seletivo CRECI SP: inscri\u00e7\u00f5es encerradas para n\u00edvel superior!\",\"datePublished\":\"2021-12-21T10:37:00+00:00\",\"dateModified\":\"2021-12-21T13:41:35+00:00\",\"mainEntityOfPage\":{\"@id\":\"https:\/\/www.estrategiaconcursos.com.br\/blog\/processo-seletivo-creci-sp-edital\/\"},\"wordCount\":1929,\"commentCount\":0,\"publisher\":{\"@id\":\"https:\/\/www.estrategiaconcursos.com.br\/blog\/#organization\"},\"image\":{\"@id\":\"https:\/\/www.estrategiaconcursos.com.br\/blog\/processo-seletivo-creci-sp-edital\/#primaryimage\"},\"thumbnailUrl\":\"https:\/\/dhg1h5j42swfq.cloudfront.net\/2020\/03\/24102526\/creci-sp.jpg\",\"articleSection\":[\"Executivo (Administrativa)\"],\"inLanguage\":\"pt-BR\",\"potentialAction\":[{\"@type\":\"CommentAction\",\"name\":\"Comment\",\"target\":[\"https:\/\/www.estrategiaconcursos.com.br\/blog\/processo-seletivo-creci-sp-edital\/#respond\"]}],\"copyrightYear\":\"2021\",\"copyrightHolder\":{\"@id\":\"https:\/\/www.estrategiaconcursos.com.br\/blog\/#organization\"}},{\"@type\":\"WebPage\",\"@id\":\"https:\/\/www.estrategiaconcursos.com.br\/blog\/processo-seletivo-creci-sp-edital\/\",\"url\":\"https:\/\/www.estrategiaconcursos.com.br\/blog\/processo-seletivo-creci-sp-edital\/\",\"name\":\"Processo Seletivo CRECI SP: inscri\u00e7\u00f5es encerradas para n\u00edvel superior!\",\"isPartOf\":{\"@id\":\"https:\/\/www.estrategiaconcursos.com.br\/blog\/#website\"},\"primaryImageOfPage\":{\"@id\":\"https:\/\/www.estrategiaconcursos.com.br\/blog\/processo-seletivo-creci-sp-edital\/#primaryimage\"},\"image\":{\"@id\":\"https:\/\/www.estrategiaconcursos.com.br\/blog\/processo-seletivo-creci-sp-edital\/#primaryimage\"},\"thumbnailUrl\":\"https:\/\/dhg1h5j42swfq.cloudfront.net\/2020\/03\/24102526\/creci-sp.jpg\",\"datePublished\":\"2021-12-21T10:37:00+00:00\",\"dateModified\":\"2021-12-21T13:41:35+00:00\",\"description\":\"Processo Seletivo CRECI SP: novo edital de processo seletivo para provimento de vagas de n\u00edvel superior no Conselho Paulista.\",\"breadcrumb\":{\"@id\":\"https:\/\/www.estrategiaconcursos.com.br\/blog\/processo-seletivo-creci-sp-edital\/#breadcrumb\"},\"inLanguage\":\"pt-BR\",\"potentialAction\":[{\"@type\":\"ReadAction\",\"target\":[\"https:\/\/www.estrategiaconcursos.com.br\/blog\/processo-seletivo-creci-sp-edital\/\"]}]},{\"@type\":\"ImageObject\",\"inLanguage\":\"pt-BR\",\"@id\":\"https:\/\/www.estrategiaconcursos.com.br\/blog\/processo-seletivo-creci-sp-edital\/#primaryimage\",\"url\":\"https:\/\/dhg1h5j42swfq.cloudfront.net\/2020\/03\/24102526\/creci-sp.jpg\",\"contentUrl\":\"https:\/\/dhg1h5j42swfq.cloudfront.net\/2020\/03\/24102526\/creci-sp.jpg\",\"width\":1200,\"height\":628,\"caption\":\"Processo Seletivo CRECI SP\"},{\"@type\":\"BreadcrumbList\",\"@id\":\"https:\/\/www.estrategiaconcursos.com.br\/blog\/processo-seletivo-creci-sp-edital\/#breadcrumb\",\"itemListElement\":[{\"@type\":\"ListItem\",\"position\":1,\"name\":\"In\u00edcio\",\"item\":\"https:\/\/www.estrategiaconcursos.com.br\/blog\/\"},{\"@type\":\"ListItem\",\"position\":2,\"name\":\"Processo Seletivo CRECI SP: inscri\u00e7\u00f5es encerradas para n\u00edvel superior!\"}]},{\"@type\":\"WebSite\",\"@id\":\"https:\/\/www.estrategiaconcursos.com.br\/blog\/#website\",\"url\":\"https:\/\/www.estrategiaconcursos.com.br\/blog\/\",\"name\":\"Estrat\u00e9gia Concursos\",\"description\":\"O blog da Estrat\u00e9gia Concursos traz not\u00edcias sobre concursos e artigos de professores oferecendo cursos para concursos (pdf + videaulas) no site.\",\"publisher\":{\"@id\":\"https:\/\/www.estrategiaconcursos.com.br\/blog\/#organization\"},\"potentialAction\":[{\"@type\":\"SearchAction\",\"target\":{\"@type\":\"EntryPoint\",\"urlTemplate\":\"https:\/\/www.estrategiaconcursos.com.br\/blog\/?s={search_term_string}\"},\"query-input\":{\"@type\":\"PropertyValueSpecification\",\"valueRequired\":true,\"valueName\":\"search_term_string\"}}],\"inLanguage\":\"pt-BR\"},{\"@type\":\"Organization\",\"@id\":\"https:\/\/www.estrategiaconcursos.com.br\/blog\/#organization\",\"name\":\"Estrat\u00e9gia Concursos\",\"url\":\"https:\/\/www.estrategiaconcursos.com.br\/blog\/\",\"logo\":{\"@type\":\"ImageObject\",\"inLanguage\":\"pt-BR\",\"@id\":\"https:\/\/www.estrategiaconcursos.com.br\/blog\/#\/schema\/logo\/image\/\",\"url\":\"https:\/\/dhg1h5j42swfq.cloudfront.net\/2025\/06\/03203428\/logo_concursos-1.jpg\",\"contentUrl\":\"https:\/\/dhg1h5j42swfq.cloudfront.net\/2025\/06\/03203428\/logo_concursos-1.jpg\",\"width\":230,\"height\":60,\"caption\":\"Estrat\u00e9gia Concursos\"},\"image\":{\"@id\":\"https:\/\/www.estrategiaconcursos.com.br\/blog\/#\/schema\/logo\/image\/\"},\"sameAs\":[\"https:\/\/x.com\/EstratConcursos\"]},{\"@type\":\"Person\",\"@id\":\"https:\/\/www.estrategiaconcursos.com.br\/blog\/#\/schema\/person\/b4a388c97673c5f483d72185668afa1f\",\"name\":\"Coordena\u00e7\u00e3o\",\"image\":{\"@type\":\"ImageObject\",\"inLanguage\":\"pt-BR\",\"@id\":\"https:\/\/secure.gravatar.com\/avatar\/b720319e4c9a967eb58678d110f4fe35452fc5d5f97b202bac7b8acceb18c6ad?s=96&d=mm&r=g\",\"url\":\"https:\/\/secure.gravatar.com\/avatar\/b720319e4c9a967eb58678d110f4fe35452fc5d5f97b202bac7b8acceb18c6ad?s=96&d=mm&r=g\",\"contentUrl\":\"https:\/\/secure.gravatar.com\/avatar\/b720319e4c9a967eb58678d110f4fe35452fc5d5f97b202bac7b8acceb18c6ad?s=96&d=mm&r=g\",\"caption\":\"Coordena\u00e7\u00e3o\"},\"sameAs\":[\"https:\/\/www.facebook.com\/EstrategiaConcursos\",\"https:\/\/x.com\/EstratConcursos\"],\"url\":\"https:\/\/www.estrategiaconcursos.com.br\/blog\/author\/estrategia2013\/\"}]}<\/script>\n<!-- \/ Yoast SEO Premium plugin. -->","yoast_head_json":{"title":"Processo Seletivo CRECI SP: inscri\u00e7\u00f5es encerradas para n\u00edvel superior!","description":"Processo Seletivo CRECI SP: novo edital de processo seletivo para provimento de vagas de n\u00edvel superior no Conselho Paulista.","robots":{"index":"index","follow":"follow","max-snippet":"max-snippet:-1","max-image-preview":"max-image-preview:large","max-video-preview":"max-video-preview:-1"},"canonical":"https:\/\/www.estrategiaconcursos.com.br\/blog\/processo-seletivo-creci-sp-edital\/","og_locale":"pt_BR","og_type":"article","og_title":"Processo Seletivo CRECI SP: inscri\u00e7\u00f5es encerradas para n\u00edvel superior!","og_description":"Processo Seletivo CRECI SP: novo edital de processo seletivo para provimento de vagas de n\u00edvel superior no Conselho Paulista.","og_url":"https:\/\/www.estrategiaconcursos.com.br\/blog\/processo-seletivo-creci-sp-edital\/","og_site_name":"Estrat\u00e9gia Concursos","article_author":"https:\/\/www.facebook.com\/EstrategiaConcursos","article_published_time":"2021-12-21T10:37:00+00:00","article_modified_time":"2021-12-21T13:41:35+00:00","og_image":[{"width":1200,"height":628,"url":"https:\/\/dhg1h5j42swfq.cloudfront.net\/2020\/03\/24102526\/creci-sp.jpg","type":"image\/jpeg"}],"author":"Coordena\u00e7\u00e3o","twitter_card":"summary_large_image","twitter_creator":"@EstratConcursos","twitter_site":"@EstratConcursos","twitter_misc":{"Escrito por":"Coordena\u00e7\u00e3o","Est. tempo de leitura":"8 minutos"},"schema":{"@context":"https:\/\/schema.org","@graph":[{"@type":"NewsArticle","@id":"https:\/\/www.estrategiaconcursos.com.br\/blog\/processo-seletivo-creci-sp-edital\/#article","isPartOf":{"@id":"https:\/\/www.estrategiaconcursos.com.br\/blog\/processo-seletivo-creci-sp-edital\/"},"author":{"name":"Coordena\u00e7\u00e3o","@id":"https:\/\/www.estrategiaconcursos.com.br\/blog\/#\/schema\/person\/b4a388c97673c5f483d72185668afa1f"},"headline":"Processo Seletivo CRECI SP: inscri\u00e7\u00f5es encerradas para n\u00edvel superior!","datePublished":"2021-12-21T10:37:00+00:00","dateModified":"2021-12-21T13:41:35+00:00","mainEntityOfPage":{"@id":"https:\/\/www.estrategiaconcursos.com.br\/blog\/processo-seletivo-creci-sp-edital\/"},"wordCount":1929,"commentCount":0,"publisher":{"@id":"https:\/\/www.estrategiaconcursos.com.br\/blog\/#organization"},"image":{"@id":"https:\/\/www.estrategiaconcursos.com.br\/blog\/processo-seletivo-creci-sp-edital\/#primaryimage"},"thumbnailUrl":"https:\/\/dhg1h5j42swfq.cloudfront.net\/2020\/03\/24102526\/creci-sp.jpg","articleSection":["Executivo (Administrativa)"],"inLanguage":"pt-BR","potentialAction":[{"@type":"CommentAction","name":"Comment","target":["https:\/\/www.estrategiaconcursos.com.br\/blog\/processo-seletivo-creci-sp-edital\/#respond"]}],"copyrightYear":"2021","copyrightHolder":{"@id":"https:\/\/www.estrategiaconcursos.com.br\/blog\/#organization"}},{"@type":"WebPage","@id":"https:\/\/www.estrategiaconcursos.com.br\/blog\/processo-seletivo-creci-sp-edital\/","url":"https:\/\/www.estrategiaconcursos.com.br\/blog\/processo-seletivo-creci-sp-edital\/","name":"Processo Seletivo CRECI SP: inscri\u00e7\u00f5es encerradas para n\u00edvel superior!","isPartOf":{"@id":"https:\/\/www.estrategiaconcursos.com.br\/blog\/#website"},"primaryImageOfPage":{"@id":"https:\/\/www.estrategiaconcursos.com.br\/blog\/processo-seletivo-creci-sp-edital\/#primaryimage"},"image":{"@id":"https:\/\/www.estrategiaconcursos.com.br\/blog\/processo-seletivo-creci-sp-edital\/#primaryimage"},"thumbnailUrl":"https:\/\/dhg1h5j42swfq.cloudfront.net\/2020\/03\/24102526\/creci-sp.jpg","datePublished":"2021-12-21T10:37:00+00:00","dateModified":"2021-12-21T13:41:35+00:00","description":"Processo Seletivo CRECI SP: novo edital de processo seletivo para provimento de vagas de n\u00edvel superior no Conselho Paulista.","breadcrumb":{"@id":"https:\/\/www.estrategiaconcursos.com.br\/blog\/processo-seletivo-creci-sp-edital\/#breadcrumb"},"inLanguage":"pt-BR","potentialAction":[{"@type":"ReadAction","target":["https:\/\/www.estrategiaconcursos.com.br\/blog\/processo-seletivo-creci-sp-edital\/"]}]},{"@type":"ImageObject","inLanguage":"pt-BR","@id":"https:\/\/www.estrategiaconcursos.com.br\/blog\/processo-seletivo-creci-sp-edital\/#primaryimage","url":"https:\/\/dhg1h5j42swfq.cloudfront.net\/2020\/03\/24102526\/creci-sp.jpg","contentUrl":"https:\/\/dhg1h5j42swfq.cloudfront.net\/2020\/03\/24102526\/creci-sp.jpg","width":1200,"height":628,"caption":"Processo Seletivo CRECI SP"},{"@type":"BreadcrumbList","@id":"https:\/\/www.estrategiaconcursos.com.br\/blog\/processo-seletivo-creci-sp-edital\/#breadcrumb","itemListElement":[{"@type":"ListItem","position":1,"name":"In\u00edcio","item":"https:\/\/www.estrategiaconcursos.com.br\/blog\/"},{"@type":"ListItem","position":2,"name":"Processo Seletivo CRECI SP: inscri\u00e7\u00f5es encerradas para n\u00edvel superior!"}]},{"@type":"WebSite","@id":"https:\/\/www.estrategiaconcursos.com.br\/blog\/#website","url":"https:\/\/www.estrategiaconcursos.com.br\/blog\/","name":"Estrat\u00e9gia Concursos","description":"O blog da Estrat\u00e9gia Concursos traz not\u00edcias sobre concursos e artigos de professores oferecendo cursos para concursos (pdf + videaulas) no site.","publisher":{"@id":"https:\/\/www.estrategiaconcursos.com.br\/blog\/#organization"},"potentialAction":[{"@type":"SearchAction","target":{"@type":"EntryPoint","urlTemplate":"https:\/\/www.estrategiaconcursos.com.br\/blog\/?s={search_term_string}"},"query-input":{"@type":"PropertyValueSpecification","valueRequired":true,"valueName":"search_term_string"}}],"inLanguage":"pt-BR"},{"@type":"Organization","@id":"https:\/\/www.estrategiaconcursos.com.br\/blog\/#organization","name":"Estrat\u00e9gia Concursos","url":"https:\/\/www.estrategiaconcursos.com.br\/blog\/","logo":{"@type":"ImageObject","inLanguage":"pt-BR","@id":"https:\/\/www.estrategiaconcursos.com.br\/blog\/#\/schema\/logo\/image\/","url":"https:\/\/dhg1h5j42swfq.cloudfront.net\/2025\/06\/03203428\/logo_concursos-1.jpg","contentUrl":"https:\/\/dhg1h5j42swfq.cloudfront.net\/2025\/06\/03203428\/logo_concursos-1.jpg","width":230,"height":60,"caption":"Estrat\u00e9gia Concursos"},"image":{"@id":"https:\/\/www.estrategiaconcursos.com.br\/blog\/#\/schema\/logo\/image\/"},"sameAs":["https:\/\/x.com\/EstratConcursos"]},{"@type":"Person","@id":"https:\/\/www.estrategiaconcursos.com.br\/blog\/#\/schema\/person\/b4a388c97673c5f483d72185668afa1f","name":"Coordena\u00e7\u00e3o","image":{"@type":"ImageObject","inLanguage":"pt-BR","@id":"https:\/\/secure.gravatar.com\/avatar\/b720319e4c9a967eb58678d110f4fe35452fc5d5f97b202bac7b8acceb18c6ad?s=96&d=mm&r=g","url":"https:\/\/secure.gravatar.com\/avatar\/b720319e4c9a967eb58678d110f4fe35452fc5d5f97b202bac7b8acceb18c6ad?s=96&d=mm&r=g","contentUrl":"https:\/\/secure.gravatar.com\/avatar\/b720319e4c9a967eb58678d110f4fe35452fc5d5f97b202bac7b8acceb18c6ad?s=96&d=mm&r=g","caption":"Coordena\u00e7\u00e3o"},"sameAs":["https:\/\/www.facebook.com\/EstrategiaConcursos","https:\/\/x.com\/EstratConcursos"],"url":"https:\/\/www.estrategiaconcursos.com.br\/blog\/author\/estrategia2013\/"}]}},"_links":{"self":[{"href":"https:\/\/www.estrategiaconcursos.com.br\/blog\/wp-json\/wp\/v2\/posts\/482105","targetHints":{"allow":["GET"]}}],"collection":[{"href":"https:\/\/www.estrategiaconcursos.com.br\/blog\/wp-json\/wp\/v2\/posts"}],"about":[{"href":"https:\/\/www.estrategiaconcursos.com.br\/blog\/wp-json\/wp\/v2\/types\/post"}],"author":[{"embeddable":true,"href":"https:\/\/www.estrategiaconcursos.com.br\/blog\/wp-json\/wp\/v2\/users\/1"}],"replies":[{"embeddable":true,"href":"https:\/\/www.estrategiaconcursos.com.br\/blog\/wp-json\/wp\/v2\/comments?post=482105"}],"version-history":[{"count":32,"href":"https:\/\/www.estrategiaconcursos.com.br\/blog\/wp-json\/wp\/v2\/posts\/482105\/revisions"}],"predecessor-version":[{"id":933389,"href":"https:\/\/www.estrategiaconcursos.com.br\/blog\/wp-json\/wp\/v2\/posts\/482105\/revisions\/933389"}],"wp:featuredmedia":[{"embeddable":true,"href":"https:\/\/www.estrategiaconcursos.com.br\/blog\/wp-json\/wp\/v2\/media\/915141"}],"wp:attachment":[{"href":"https:\/\/www.estrategiaconcursos.com.br\/blog\/wp-json\/wp\/v2\/media?parent=482105"}],"wp:term":[{"taxonomy":"category","embeddable":true,"href":"https:\/\/www.estrategiaconcursos.com.br\/blog\/wp-json\/wp\/v2\/categories?post=482105"},{"taxonomy":"post_tag","embeddable":true,"href":"https:\/\/www.estrategiaconcursos.com.br\/blog\/wp-json\/wp\/v2\/tags?post=482105"},{"taxonomy":"tax_estado","embeddable":true,"href":"https:\/\/www.estrategiaconcursos.com.br\/blog\/wp-json\/wp\/v2\/tax_estado?post=482105"}],"curies":[{"name":"wp","href":"https:\/\/api.w.org\/{rel}","templated":true}]}}