{"id":482098,"date":"2020-02-16T00:00:00","date_gmt":"2020-02-16T03:00:00","guid":{"rendered":"https:\/\/www.estrategiaconcursos.com.br\/blog\/?p=482098"},"modified":"2022-09-08T10:42:01","modified_gmt":"2022-09-08T13:42:01","slug":"gabarito-tj-rs-oficial-de-justica-o","status":"publish","type":"post","link":"https:\/\/www.estrategiaconcursos.com.br\/blog\/gabarito-tj-rs-oficial-de-justica-o\/","title":{"rendered":"Gabarito TJ RS: gabarito extraoficial e corre\u00e7\u00e3o AO VIVO"},"content":{"rendered":"\n<h2 class=\"wp-block-heading\" id=\"h-3-vagas-imediatas-mais-cr-para-oficial-de-justica-classe-o\"><em>3 vagas imediatas mais CR para Oficial de Justi\u00e7a &#8211; Classe O<\/em><\/h2>\n\n\n\n<p>Aconteceu neste domingo, a primeira etapa do concurso p\u00fablico do <strong>Tribunal de Justi\u00e7a<\/strong> <strong>do Rio Grande do Sul<\/strong> para o cargo de Oficial de Justi\u00e7a \u2013 Classe O. Com in\u00edcio \u00e0s 9:00h, os candidatos tiveram 4 horas para responder 80 quest\u00f5es de m\u00faltipla escolha, com cinco alternativas cada. <\/p>\n\n\n\n<p>Para ser considerado habilitado, \u00e9 necess\u00e1rio <strong>acertar no m\u00ednimo<\/strong> 15  quest\u00f5es de Portugu\u00eas, 20 de Conhecimentos Espec\u00edficos\/T\u00f3picos de Legisla\u00e7\u00e3o e 48 do total de quest\u00f5es.<\/p>\n\n\n\n<p>Como de costume, o Estrat\u00e9gia Concursos preparou uma <strong>programa\u00e7\u00e3o p\u00f3s-edital <\/strong>para que voc\u00ea possa sair da prova e j\u00e1 descobrir como foi seu desempenho!<\/p>\n\n\n\n<p>Come\u00e7ando com o<strong> gabarito extraoficial<\/strong>. Nossos professores v\u00e3o corrigir a prova com suas respectivas respostas, que ser\u00e3o divulgadas neste mesmo artigo. Como existe mais de uma vers\u00e3o de prova, iremos transcrever o in\u00edcio do enunciado e o in\u00edcio da resposta, assim voc\u00ea consegue identificar na sua prova, independente da ordem.<\/p>\n\n\n\n<p>Na transmiss\u00e3o ao vivo no canal do Estrat\u00e9gia Concursos no Youtube, nossos professores tamb\u00e9m v\u00e3o fazer a <strong>corre\u00e7\u00e3o ao vivo da prova<\/strong>, comentando todas as quest\u00f5es. <\/p>\n\n\n\n<p>E por fim, preparamos o<strong> Ranking Estrat\u00e9gico<\/strong>. Basta preencher o formul\u00e1rio com suas respostas e conferir como foi seu desempenho frente aos concorrentes. \u00c9 bom lembrar que o resultado pode levar um tempinho para ser gerado, ent\u00e3o n\u00e3o precisa preencher mais de uma vez.<\/p>\n\n\n\n<h2 class=\"wp-block-heading\" id=\"h-gabarito-tj-rs\">Gabarito TJ RS<\/h2>\n\n\n<p><strong>Quest\u00e3o 1:&nbsp;<\/strong><strong>Abaixo est\u00e3o as duas primeiras frases&#8230;<\/strong><br \/><em><strong>Resposta: <\/strong><\/em>B- Hoje minha m\u00e3e vai \u00e0 missa&#8230;<\/p>\n<p><strong>Quest\u00e3o 2:&nbsp;<\/strong><strong>Na reda\u00e7\u00e3o de um texto pode ocorrer&#8230;<\/strong><br \/><em><strong>Resposta:<\/strong><\/em> &nbsp;C- babadouro\/benefic\u00eancia<\/p>\n<p><strong>Quest\u00e3o 3: <\/strong><strong>O Oficial de Justi\u00e7a, ou Oficial de Justi\u00e7a Avaliador&#8230;<\/strong><br \/><em><strong>Resposta:<\/strong><\/em> &nbsp;E- Express\u00e3o em Latim&#8230;<\/p>\n<p><strong>Quest\u00e3o 4:&nbsp;<\/strong> A frase em que a substitui\u00e7\u00e3o do termo&#8230;<br \/><em><strong>Resposta:<\/strong><\/em> &nbsp;B- po\u00e7o sem \u00e1gua\/ po\u00e7o \u00e1rido&#8230;<\/p>\n<p><strong>Quest\u00e3o 5:&nbsp;<\/strong><strong>Observe a frase a seguir&#8230; \u201cO Brasil est\u00e1 tentando&#8230;\u201d<\/strong><br \/><em><strong>Resposta:<\/strong><\/em> &nbsp;E- Pel\u00e9 j\u00e1 est\u00e1 idoso&#8230;<\/p>\n<p><strong>Quest\u00e3o 6:&nbsp;<\/strong><strong>A frase abaixo em que a substitui\u00e7\u00e3o do segmento sublinhado por um adv\u00e9rbio&#8230;<\/strong><strong><br \/><em>Resposta:<\/em><\/strong>&nbsp; C- dirigia com toda a aten\u00e7\u00e3o\/ atenciosamente&#8230;<\/p>\n<p><strong>Quest\u00e3o 7:&nbsp;<\/strong><strong>A frase abaixo em que ocorre ambiguidade&#8230;<\/strong><br \/><em><strong>Resposta:<\/strong><\/em> C- a nomea\u00e7\u00e3o do ministro foi surpreendente&#8230;<\/p>\n<p><strong>Quest\u00e3o 8:&nbsp;<\/strong><strong>Atribui\u00e7\u00f5es do Oficial de Justi\u00e7a&#8230;<\/strong><br \/><em><strong>Resposta:<\/strong><\/em> &nbsp;C- pedidos\/interessados&#8230;<\/p>\n<p><strong>Quest\u00e3o 9:&nbsp;<\/strong><strong>Frase inicial: \u201cHoje se d\u00e1 grande aten\u00e7\u00e3o&#8230;\u201d<\/strong><br \/><em><strong>Resposta:<\/strong><\/em> C- gra\u00e7as \u00e0s clareiras urbanas&#8230;<\/p>\n<p><strong>Quest\u00e3o 10:&nbsp;<\/strong><strong>Dvorak aproximou-se do alto da colina e&#8230;<\/strong><br \/><em><strong>Resposta:<\/strong><\/em> &nbsp;C- havia uma grande caverna&#8230;<\/p>\n<p><strong>Quest\u00e3o 11:&nbsp;<\/strong><strong>A frase que em que a substitui\u00e7\u00e3o do segmento sublinhado por um partic\u00edpio&#8230;<\/strong><strong><br \/><em>Resposta: B- <\/em><\/strong><em>um edif\u00edcio que est\u00e1 sobre&#8230;<\/em><\/p>\n<p><strong>Quest\u00e3o 12:&nbsp;<\/strong><strong>Um problema da l\u00edngua escrita&#8230;<\/strong><br \/><em><strong>Resposta:<\/strong><\/em> &nbsp;B- ap\u00f3s dois anos perdeu os \u00f3culos&#8230;<\/p>\n<p><strong>Quest\u00e3o 13: <\/strong><strong>Observe a frase a seguir: \u00c9 importante aprender muitas coisas&#8230;<\/strong><br \/><em><strong>Resposta:<\/strong><\/em> &nbsp;C- Enfrentar as dificuldades&#8230;<\/p>\n<p><strong>Quest\u00e3o 14:&nbsp;<\/strong><strong>Em todas as frases abaixo ocorre uma troca indevida&#8230;<\/strong><br \/><em><strong>Resposta:<\/strong><\/em> &nbsp;E- os cumprimentos devem ser&#8230;<\/p>\n<p><strong>Quest\u00e3o 15: <\/strong><strong>Algumas vezes, para reduzir-se&#8230;<\/strong><strong><br \/><em>Resposta:<\/em><\/strong> &nbsp;E- o presidente n\u00e3o aceitou&#8230;<\/p>\n<p><strong>Quest\u00e3o 16: <\/strong><strong>Tamb\u00e9m pode evitar-se a repeti\u00e7\u00e3o de palavras&#8230;<\/strong><br \/><em><strong>Resposta:<\/strong><\/em>&nbsp;B- meu carro \u00e9 mais elegante que esse&#8230;<\/p>\n<p><strong>Quest\u00e3o 17:&nbsp;<\/strong><strong>Na frase \u201c A natureza faz o homem feliz e bom&#8230;\u201d<\/strong><br \/><em><strong>Resposta:<\/strong><\/em> &nbsp;E- contudo&#8230;<\/p>\n<p><strong>Quest\u00e3o 18:&nbsp;Observe o fragmento textual abaixo, retirado do romance&#8230;<\/strong><br \/><em><strong>Resposta:<\/strong><\/em> D- a impossibilidade f\u00edsica de ver&#8230;<\/p>\n<p><strong>Quest\u00e3o 19:&nbsp;Um candidato a prefeito, questionado&#8230;<\/strong><br \/><em><strong>Resposta:<\/strong><\/em> &nbsp;E- rela\u00e7\u00e3o equivocada entre&#8230;<\/p>\n<p><strong>Quest\u00e3o 20:&nbsp;Dada a causa, a natureza produz o efeito do modo&#8230;<\/strong><br \/><em><strong>Resposta:<\/strong><\/em> &nbsp;C- segue, sem pressa, a ordem natural&#8230;<\/p>\n<p><b>Quest\u00e3o 21:&nbsp;A frase a seguir que ao termos considerados sin\u00f4nimos \u00e9&#8230;<\/b><br \/><em><strong>Resposta: C- a maior greve incorrera&#8230;<\/strong><\/em><\/p>\n<p><strong>Quest\u00e3o 22: <\/strong>O Brasil vem tentando de tudo&#8230;<br \/><em><strong>Resposta:<\/strong><\/em> &nbsp;D- apresenta e comenta uma opini\u00e3o&#8230;<\/p>\n<p><strong>Quest\u00e3o 23:&nbsp;Considerando o pensamento do texto 1&#8230;<\/strong><br \/><em><strong>Resposta:<\/strong><\/em> &nbsp;A- formal, de acordo os princ\u00edpios da gramatica normativa&#8230;<\/p>\n<p><strong>Quest\u00e3o 24:&nbsp;<\/strong>O texto um \u00e9 formado por dois per\u00edodos&#8230;<\/p>\n<p><em><strong>Resposta:<\/strong><\/em> &nbsp;C- limita\u00e7\u00e3o do alcance&#8230;<\/p>\n<p><strong>Quest\u00e3o 25:&nbsp;<\/strong>Comprei cal\u00e7as de l\u00e3 na Europa. O pre\u00e7o das cal\u00e7as foi baixo&#8230;<br \/><em><strong>Resposta:<\/strong><\/em> &nbsp;C\/B<\/p>\n<p><strong>Quest\u00e3o 26:&nbsp;<\/strong>Uma outra estrat\u00e9gia para evitar-se&#8230;<br \/><em><strong>Resposta:<\/strong><\/em>&nbsp; B- comprei o livro ontem&#8230;<\/p>\n<p><strong>Quest\u00e3o 27 <\/strong>O segmento composto pelo verbo ter&#8230;<br \/><em><strong>Resposta:<\/strong><\/em> &nbsp;E- o assaltante n\u00e3o teve inten\u00e7\u00e3o de fugir&#8230;<\/p>\n<p><strong>Quest\u00e3o 28: <\/strong>Observe o texto a seguir, retirado de uma revista&#8230;<br \/><em><strong>Resposta:<\/strong><\/em> D- caro, sofisticado, instalado&#8230;<\/p>\n<p><strong>Quest\u00e3o 29:&nbsp;<\/strong>Ao escrever um texto, o autor enfrenta&#8230;<br \/><em><strong>Resposta:<\/strong><\/em> &nbsp;E- quarto\/c\u00f4modo<\/p>\n<p><strong>Quest\u00e3o 30:&nbsp;<\/strong>A frase que exemplifica um caso de linguagem figurada&#8230;<br \/><em><strong>Resposta:<\/strong><\/em> &nbsp;D-tudo correu \u00e0s mil maravilhas&#8230;<\/p>\n<p><strong>Quest\u00e3o 31: <\/strong><strong><span style=\"font-weight: normal; mso-bidi-font-weight: bold;\">Os interesses envolvidos nas narrativas de Jo\u00e3o e<br \/>Maria&#8230;<\/span><\/strong><br \/><em><b>Resposta: <\/b><\/em>A- individual e difusa respectivamente&#8230;<i style=\"mso-bidi-font-style: normal;\"><\/i><\/p>\n<p><!-- [if gte mso 10]>\n\n\n\n\n<style>\n \/* Style Definitions *\/\n table.MsoNormalTable\n\t{mso-style-name:\"Tabela normal\";\n\tmso-tstyle-rowband-size:0;\n\tmso-tstyle-colband-size:0;\n\tmso-style-noshow:yes;\n\tmso-style-priority:99;\n\tmso-style-parent:\"\";\n\tmso-padding-alt:0cm 5.4pt 0cm 5.4pt;\n\tmso-para-margin-top:0cm;\n\tmso-para-margin-right:0cm;\n\tmso-para-margin-bottom:8.0pt;\n\tmso-para-margin-left:0cm;\n\tline-height:107%;\n\tmso-pagination:widow-orphan;\n\tfont-size:11.0pt;\n\tfont-family:\"Calibri\",sans-serif;\n\tmso-ascii-font-family:Calibri;\n\tmso-ascii-theme-font:minor-latin;\n\tmso-hansi-font-family:Calibri;\n\tmso-hansi-theme-font:minor-latin;\n\tmso-bidi-font-family:\"Times New Roman\";\n\tmso-bidi-theme-font:minor-bidi;\n\tmso-fareast-language:EN-US;}\n<\/style>\n\n\n\n\n<![endif]--><\/p>\n<p><!-- \/wp:post-content --><!-- wp:paragraph --><\/p>\n<p><strong>Quest\u00e3o 32:&nbsp;<\/strong><strong><span style=\"font-weight: normal; mso-bidi-font-weight: bold;\">Ap\u00f3s amplos debates entre as lideran\u00e7as&#8230;<\/span><\/strong><br \/><em><b>Resposta:<\/b><\/em> B- incorreta pois a amputa\u00e7\u00e3o de suas compet\u00eancias<\/p>\n<p><!-- \/wp:paragraph --><!-- wp:paragraph --><\/p>\n<p><strong>Quest\u00e3o 33:&nbsp;<\/strong><strong><span style=\"font-weight: normal; mso-bidi-font-weight: bold;\">Jo\u00e3o, Oficial de Justi\u00e7a, recebeu determina\u00e7\u00e3o&#8230;<\/span><\/strong><br \/><em><b>Resposta:<\/b><\/em> <span style=\"mso-spacerun: yes;\">&nbsp;<\/span>B- pode<br \/>cumprir o mandado&#8230;<\/p>\n<p><!-- \/wp:paragraph --><!-- wp:paragraph --><\/p>\n<p><strong>Quest\u00e3o 34:&nbsp;<\/strong><strong><span style=\"font-weight: normal; mso-bidi-font-weight: bold;\">Em determinado Estado da Federa\u00e7\u00e3o&#8230;<\/span><\/strong><br \/><em><b>Resposta:<\/b><\/em> A- Incorreta, pois \u00e9 vedada a t\u00e9cnica&#8230;<\/p>\n<p><!-- \/wp:paragraph --><!-- wp:paragraph --><\/p>\n<p><strong>Quest\u00e3o 35:&nbsp;<\/strong><strong><span style=\"font-weight: normal; mso-bidi-font-weight: bold;\">Joana, servidora ocupante do cargo de&#8230;<\/span><\/strong><b style=\"mso-bidi-font-weight: normal;\"><br \/><em><span style=\"mso-bidi-font-weight: bold;\">Resposta:<\/span><\/em><\/b> A-Incorreta<br \/>em rela\u00e7\u00e3o a Joana&#8230;<\/p>\n<p><!-- \/wp:paragraph --><!-- wp:paragraph --><\/p>\n<p><strong>Quest\u00e3o 36: <\/strong><strong><span style=\"font-weight: normal; mso-bidi-font-weight: bold;\">Maria, gr\u00e1vida de 5 meses&#8230;<\/span><\/strong><br \/><em><b>Resposta:<\/b><\/em>&nbsp; A- nascituro goza de prote\u00e7\u00e3o&#8230;<\/p>\n<p><!-- \/wp:paragraph --><!-- wp:paragraph --><\/p>\n<p><strong>Quest\u00e3o 37:&nbsp;<\/strong><strong><span style=\"font-weight: normal; mso-bidi-font-weight: bold;\">O direito civil identifica&#8230;<\/span><\/strong><br \/><em><b>Resposta:<\/b><\/em> <span style=\"mso-spacerun: yes;\">&nbsp;<\/span>B- fung\u00edveis e<br \/>m\u00f3veis podem&#8230;<\/p>\n<p><strong>Quest\u00e3o 38: <\/strong><strong>Atropelado por um carro que invadir\u00e1&#8230;<\/strong><br \/><em><strong>Resposta:<\/strong><\/em> &nbsp;B \u2013 de urg\u00eancia antecipada&#8230;<\/p>\n<p><strong>Quest\u00e3o 39:&nbsp;<\/strong><strong>No que se refere a liquida\u00e7\u00e3o&#8230;<\/strong><br \/><em><strong>Resposta:<\/strong><\/em> &nbsp;E- a instaura\u00e7\u00e3o dessa fase do procedimento&#8230;<\/p>\n<p><strong>Quest\u00e3o 40:&nbsp;<\/strong><strong>Tendo sido acolhido, em senten\u00e7a&#8230;<\/strong><br \/><em><strong>Resposta:<\/strong><\/em> D- deixar de conhecer do recurso de apela\u00e7\u00e3o&#8230;<\/p>\n<p><strong>Quest\u00e3o 41:&nbsp;<\/strong><strong>Quando o agravo de instrumento&#8230;<\/strong><br \/><em><strong>Resposta: <\/strong><\/em>&nbsp;B- cab\u00edvel para impugnar&#8230;<\/p>\n<p><strong>Quest\u00e3o 42:&nbsp;<\/strong><strong>Ao tomar contato, no dia 04 de novembro&#8230;<\/strong><br \/><em><strong>Resposta:<\/strong><\/em> &nbsp;C- 25 de novembro de 2019&#8230;<\/p>\n<p><strong>Quest\u00e3o 43:&nbsp;<\/strong><strong>Tendo sido ajuizada demanda&#8230;<\/strong><br \/><em><strong>Resposta:<\/strong><\/em> A- deixar de conhecer ambos&#8230;<\/p>\n<p><strong>Quest\u00e3o 44:&nbsp;<\/strong><strong>No que se concerne \u00e0 execu\u00e7\u00e3o por&#8230;<\/strong><br \/><em><strong>Resposta:<\/strong><\/em> &nbsp;E- caso o Oficial de Justi\u00e7a, por ocasi\u00e3o&#8230;<\/p>\n<p><strong>Quest\u00e3o 45:&nbsp;<\/strong><strong>Credor de obriga\u00e7\u00e3o contratual&#8230;<\/strong><br \/><em><strong>Resposta:<\/strong><\/em> &nbsp;A- simples&#8230;<\/p>\n<p><strong>Quest\u00e3o 46:&nbsp;Ao receber a intima\u00e7\u00e3o&#8230;<\/strong><br \/><em><b>Resposta:<\/b><\/em>&nbsp; B \u2013 foi cometido o crime&#8230;<\/p>\n<p><!-- \/wp:paragraph --><!-- wp:paragraph --><\/p>\n<p><strong>Quest\u00e3o 47:&nbsp;<\/strong>Quanto \u00e0 intima\u00e7\u00e3o da senten\u00e7a&#8230;<br \/><em><strong>Resposta:<\/strong><\/em> E \u2013 ser\u00e1 pessoal, no caso&#8230;<\/p>\n<p><strong>Quest\u00e3o 48:&nbsp;<\/strong>Oficial de Justi\u00e7a que&#8230;<br \/><em><strong>Resposta:<\/strong><\/em> E- prevarica\u00e7\u00e3o&#8230;<\/p>\n<p><strong>Quest\u00e3o 49: <\/strong>Sobre os recursos em processo penal&#8230;<strong><br \/><em>Resposta:<\/em><\/strong> C \u2013 o recurso cab\u00edvel para a decis\u00e3o&#8230;<\/p>\n<p><strong>Quest\u00e3o 50:&nbsp;<\/strong>Sobre a imposi\u00e7\u00e3o das medidas de seguran\u00e7a&#8230;<br \/><em><strong>Resposta:<\/strong><\/em>&nbsp; B- a execu\u00e7\u00e3o \u00e9 de compet\u00eancia&#8230;<\/p>\n<p><strong>Quest\u00e3o 51:&nbsp;<\/strong>Rodrigo e Joaquim foram acusados de praticar&#8230;<br \/><em><strong>Resposta: <\/strong><\/em>&nbsp;C \u2013pode n\u00e3o beneficiar&#8230;<\/p>\n<p><strong>Quest\u00e3o 52:&nbsp;<\/strong>Roberto cumpre pena privativa&#8230;<strong><br \/><em>Resposta:<\/em><\/strong> E- a op\u00e7\u00e3o \u00e9 v\u00e1lida&#8230;<\/p>\n<p><strong>Quest\u00e3o 53:&nbsp;<\/strong>Ao receber den\u00fancia oferecida contra carlos&#8230;<br \/><em><strong>Resposta:<\/strong><\/em> &nbsp;A- cabe ao Juiz determinar&#8230;<\/p>\n<p><strong>Quest\u00e3o 54:&nbsp;<\/strong>A respeito dos crimes praticados&#8230;<br \/><em><strong>Resposta:<\/strong><\/em> &nbsp;E- no crime de inser\u00e7\u00e3o de dados&#8230;<\/p>\n<p><strong>Quest\u00e3o 55:<\/strong>&nbsp;Joaquim responde pelo&#8230;<br \/><em><strong>Resposta:<\/strong><\/em> &nbsp;B- recurso em sentido estrito..<\/p>\n<p><strong>Quest\u00e3o 56:<\/strong>&nbsp;Jo\u00e3o, Oficial de Justi\u00e7a, solicita o pagamento&#8230;<br \/><em><strong>Resposta:<\/strong><\/em>&nbsp;D \u2013 corrup\u00e7\u00e3o&#8230;<\/p>\n<p><strong>Quest\u00e3o 57: <\/strong><strong>Jo\u00e3o, servidor p\u00fablico do Tribunal de Justi\u00e7a do Rio Grande do Sul&#8230;<\/strong><br \/><em><strong>Resposta:<\/strong><\/em> &nbsp;B- meio eletr\u00f4nico encaminhado&#8230;<\/p>\n<p><strong>Quest\u00e3o 58:&nbsp;<\/strong><strong>Em mat\u00e9ria de plant\u00e3o..<\/strong><strong><br \/><em>Resposta:<\/em><\/strong> &nbsp;D- criminal c\u00edvel&#8230;<\/p>\n<p><strong>Quest\u00e3o 59:&nbsp;<\/strong><strong>O Conselho Tutelar \u00e9 \u00f3rg\u00e3o permanente&#8230;<\/strong><br \/><em><strong>Resposta:<\/strong><\/em> &nbsp;E- n\u00e3o jurisdicional&#8230;<\/p>\n<p><strong>Quest\u00e3o 60: <\/strong><strong>Maria celebrou com Jo\u00e3o contrato..<\/strong><br \/><em><strong>Resposta:<\/strong><\/em> &nbsp;B- efetuado o despejo&#8230;<\/p>\n<p><strong>Quest\u00e3o 61:&nbsp;<\/strong><strong>No Juizados Especiais, o processo&#8230;<\/strong><br \/><em><strong>Resposta: <\/strong><\/em><em>A- a cita\u00e7\u00e3o n\u00e3o se far\u00e1&#8230;<\/em><\/p>\n<p><strong>Quest\u00e3o 62:&nbsp;<\/strong><strong>Determinada parte em processo judicial&#8230; <\/strong><br \/><em><strong>Resposta:<\/strong><\/em> &nbsp;A- pela c\u00e2mara da fun\u00e7\u00e3o&#8230;<\/p>\n<p><strong>Quest\u00e3o 63:&nbsp;<\/strong><strong>Jo\u00e3o de forma livre e consciente&#8230;<\/strong><br \/><em><strong>Resposta:<\/strong><\/em> &nbsp;D \u2013 previsto no estatuto da pessoa com defici\u00eancia&#8230;&nbsp;<\/p>\n<p><strong>Quest\u00e3o 64: Jo\u00e3o, servidor p\u00fablico civil est\u00e1vel ocupante&#8230;<\/strong><br \/><em><strong>Resposta:<\/strong><\/em> &nbsp;D- faz jus \u00e0 licen\u00e7a&#8230;<\/p>\n<p><strong>Quest\u00e3o 65:&nbsp;<\/strong><strong>Jo\u00e3o \u00e9 servidor p\u00fablico estadual est\u00e1vel&#8230;<\/strong><br \/><em><strong>Resposta:<\/strong><\/em> &nbsp;C- expressamente defeso&#8230;<\/p>\n<p><strong>Quest\u00e3o 66:&nbsp; <\/strong><strong>Na.. de a\u00e7\u00e3o penal p\u00fablica incondicionada&#8230;<\/strong><strong><br \/><em>Resposta:<\/em><\/strong>&nbsp; C- proceder \u00e0 leitura do mandado&#8230;<\/p>\n<p><strong>Quest\u00e3o 67:&nbsp;<\/strong><strong>Jo\u00e3o, Oficial de Justi\u00e7a do TJ RS, compareceu no endere\u00e7o&#8230;<\/strong><br \/><em><strong>Resposta:<\/strong><\/em> &nbsp;D- deve certificar, em mandado&#8230;<\/p>\n<p><strong>Quest\u00e3o 71:&nbsp;Em dezembro de 2019, Ana fez uma&#8230;<\/strong><br \/><em><strong>Resposta: <\/strong><\/em>&nbsp;E \u2013 eliminou automaticamente a&#8230;<\/p>\n<p><strong>Quest\u00e3o 72:&nbsp;No contexto da inser\u00e7\u00e3o e edi\u00e7\u00e3o&#8230;<\/strong><br \/><em><strong>Resposta:<\/strong><\/em> &nbsp;B-I e IV<\/p>\n<p><strong>Quest\u00e3o 73:&nbsp;No contexto do MS PowerPoint&#8230;<\/strong><br \/><em><strong>Resposta:<\/strong><\/em> E- estabelece alguns padr\u00f5es&#8230;<\/p>\n<p><strong>Quest\u00e3o 74: No Windows 10, \u00e9 vedado&#8230;<\/strong><br \/><em><strong>Resposta:<\/strong><\/em> &nbsp;E- ABC.*<\/p>\n<p><strong>Quest\u00e3o 75:&nbsp;Certificados Eletr\u00f4nicos, no Brasil&#8230;<\/strong><br \/><em><strong>Resposta:<\/strong><\/em> &nbsp;A- por autoridades certificadoras&#8230;<\/p>\n<p><strong>Quest\u00e3o 76:&nbsp;Ao pesquisar sobre op\u00e7\u00f5es de recupera\u00e7\u00e3o&#8230;<\/strong><br \/><em><strong>Resposta:<\/strong><\/em>&nbsp; B- poderia usar o mecanismo de recupera\u00e7\u00e3o&#8230;<\/p>\n<p><strong>Quest\u00e3o 77:&nbsp;No contexto da seguran\u00e7a em redes&#8230;<\/strong><br \/><em><strong>Resposta:<\/strong><\/em> E- filtro, que restringe o&#8230;<\/p>\n<p><strong>Quest\u00e3o 78:&nbsp;No contexto da utiliza\u00e7\u00e3o da internet por meio&#8230;<\/strong><br \/><em><strong>Resposta:<\/strong><\/em> &nbsp;B- um Cookie&#8230;<\/p>\n<p><strong>Quest\u00e3o 79:&nbsp;No LibreOffice Writer&#8230;<\/strong><br \/><em><strong>Resposta:<\/strong><\/em> B- um&#8230;<\/p>\n<p><strong>Quest\u00e3o 80:&nbsp;Observe o trecho de uma planilha&#8230;<\/strong><br \/><em><strong>Resposta:<\/strong><\/em> &nbsp;A- A3 +A3 +C4<\/p>\n<p><!-- \/wp:paragraph --><!-- wp:paragraph --><!--EndFragment--><\/p>\n<p><\/p>\n<p><!-- wp:heading --><\/p>\n<h2>Ranking Estrat\u00e9gico TJ RS<\/h2>\n<p><!-- \/wp:heading --><\/p>\n<p><!-- wp:paragraph {\"align\":\"center\",\"backgroundColor\":\"very-light-gray\",\"fontSize\":\"medium\"} --><\/p>\n<p class=\"has-background has-text-align-center has-medium-font-size has-very-light-gray-background-color\"><strong><a href=\"https:\/\/docs.google.com\/forms\/d\/e\/1FAIpQLSfDRB4_f2BXceJSXn7D435TvTU845i5Z8vf0Qk5XbTnZb19gQ\/viewform\">Preencha AQUI seu gabarito<\/a><\/strong><\/p>\n<p><!-- \/wp:paragraph --><\/p>\n<p><!-- wp:paragraph {\"align\":\"center\",\"backgroundColor\":\"very-light-gray\",\"fontSize\":\"medium\"} --><\/p>\n<p class=\"has-background has-text-align-center has-medium-font-size has-very-light-gray-background-color\"><strong><a href=\"https:\/\/docs.google.com\/spreadsheets\/d\/1ojyF1aZzgjjvS142lIAS1CnuECP1iaedy9ZwIuduvj0\/edit#gid=1944221617\">Ranking TJ RS<\/a><\/strong><\/p>\n<p><!-- \/wp:paragraph --><\/p>\n<p><!-- wp:separator --><\/p>\n<hr class=\"wp-block-separator\"\/>\n<!-- \/wp:separator --><p><\/p>\n<p><!-- wp:paragraph {\"align\":\"center\"} --><\/p>\n<p class=\"has-text-align-center\"><em><strong>Fique por dentro de todos os concursos<\/strong><\/em>:<\/p>\n<p><!-- \/wp:paragraph --><\/p>\n<p><!-- wp:paragraph {\"align\":\"center\",\"backgroundColor\":\"pale-cyan-blue\",\"fontSize\":\"medium\"} --><\/p>\n<p class=\"has-background has-text-align-center has-medium-font-size has-pale-cyan-blue-background-color\"><strong><a href=\"https:\/\/www.estrategiaconcursos.com.br\/blog\/concursos-abertos\/\" target=\"_blank\" rel=\"noreferrer noopener\">Concursos abertos<\/a><\/strong><\/p>\n<p><!-- \/wp:paragraph --><\/p>\n<p><!-- wp:paragraph {\"align\":\"center\",\"backgroundColor\":\"pale-cyan-blue\",\"fontSize\":\"medium\"} --><\/p>\n<p class=\"has-background has-text-align-center has-medium-font-size has-pale-cyan-blue-background-color\"><a rel=\"noreferrer noopener\" href=\"https:\/\/www.estrategiaconcursos.com.br\/blog\/concursos-2020\/\" target=\"_blank\"><strong>Concursos 2020<\/strong><\/a><\/p>\n<p><!-- \/wp:paragraph --><\/p>\n<p><!-- wp:paragraph {\"align\":\"center\",\"backgroundColor\":\"pale-cyan-blue\",\"fontSize\":\"medium\"} --><\/p>\n<p class=\"has-background has-text-align-center has-medium-font-size has-pale-cyan-blue-background-color\"><strong><a href=\"https:\/\/www.estrategiaconcursos.com.br\/blog\/concursos-tribunais-2020\/\" target=\"_blank\" rel=\"noreferrer noopener\" aria-label=\"Concursos Tribunais (abre numa nova aba)\">Concursos Tribunais<\/a><\/strong><\/p>\n<p><!-- \/wp:paragraph --><\/p>","protected":false},"excerpt":{"rendered":"<p>3 vagas imediatas mais CR para Oficial de Justi\u00e7a &#8211; Classe O Aconteceu neste domingo, a primeira etapa do concurso p\u00fablico do Tribunal de Justi\u00e7a do Rio Grande do Sul para o cargo de Oficial de Justi\u00e7a \u2013 Classe O. Com in\u00edcio \u00e0s 9:00h, os candidatos tiveram 4 horas para responder 80 quest\u00f5es de m\u00faltipla [&hellip;]<\/p>\n","protected":false},"author":1,"featured_media":482141,"comment_status":"open","ping_status":"closed","sticky":false,"template":"","format":"standard","meta":{"post_tipo":"news","footnotes":""},"categories":[1],"tags":[],"tax_estado":[],"class_list":["post-482098","post","type-post","status-publish","format-standard","has-post-thumbnail","hentry","category-cursos-e-concursos"],"acf":[],"yoast_head":"<!-- This site is optimized with the Yoast SEO Premium plugin v27.2 (Yoast SEO v27.2) - https:\/\/yoast.com\/product\/yoast-seo-premium-wordpress\/ -->\n<title>Gabarito TJ RS: gabarito extraoficial e corre\u00e7\u00e3o AO VIVO<\/title>\n<meta name=\"robots\" content=\"index, follow, max-snippet:-1, max-image-preview:large, max-video-preview:-1\" \/>\n<link rel=\"canonical\" href=\"https:\/\/www.estrategiaconcursos.com.br\/blog\/gabarito-tj-rs-oficial-de-justica-o\/\" \/>\n<meta property=\"og:locale\" content=\"pt_BR\" \/>\n<meta property=\"og:type\" content=\"article\" \/>\n<meta property=\"og:title\" content=\"Gabarito TJ RS: gabarito extraoficial e corre\u00e7\u00e3o AO VIVO\" \/>\n<meta property=\"og:description\" content=\"3 vagas imediatas mais CR para Oficial de Justi\u00e7a &#8211; Classe O Aconteceu neste domingo, a primeira etapa do concurso p\u00fablico do Tribunal de Justi\u00e7a do Rio Grande do Sul para o cargo de Oficial de Justi\u00e7a \u2013 Classe O. Com in\u00edcio \u00e0s 9:00h, os candidatos tiveram 4 horas para responder 80 quest\u00f5es de m\u00faltipla [&hellip;]\" \/>\n<meta property=\"og:url\" content=\"https:\/\/www.estrategiaconcursos.com.br\/blog\/gabarito-tj-rs-oficial-de-justica-o\/\" \/>\n<meta property=\"og:site_name\" content=\"Estrat\u00e9gia Concursos\" \/>\n<meta property=\"article:author\" content=\"https:\/\/www.facebook.com\/EstrategiaConcursos\" \/>\n<meta property=\"article:published_time\" content=\"2020-02-16T03:00:00+00:00\" \/>\n<meta property=\"article:modified_time\" content=\"2022-09-08T13:42:01+00:00\" \/>\n<meta property=\"og:image\" content=\"https:\/\/dhg1h5j42swfq.cloudfront.net\/2020\/02\/14172743\/YTB_GABARITO-TJ-RS.jpg\" \/>\n\t<meta property=\"og:image:width\" content=\"1280\" \/>\n\t<meta property=\"og:image:height\" content=\"720\" \/>\n\t<meta property=\"og:image:type\" content=\"image\/jpeg\" \/>\n<meta name=\"author\" content=\"Coordena\u00e7\u00e3o\" \/>\n<meta name=\"twitter:card\" content=\"summary_large_image\" \/>\n<meta name=\"twitter:creator\" content=\"@EstratConcursos\" \/>\n<meta name=\"twitter:site\" content=\"@EstratConcursos\" \/>\n<meta name=\"twitter:label1\" content=\"Escrito por\" \/>\n\t<meta name=\"twitter:data1\" content=\"Coordena\u00e7\u00e3o\" \/>\n\t<meta name=\"twitter:label2\" content=\"Est. tempo de leitura\" \/>\n\t<meta name=\"twitter:data2\" content=\"8 minutos\" \/>\n<script type=\"application\/ld+json\" class=\"yoast-schema-graph\">{\"@context\":\"https:\/\/schema.org\",\"@graph\":[{\"@type\":\"NewsArticle\",\"@id\":\"https:\/\/www.estrategiaconcursos.com.br\/blog\/gabarito-tj-rs-oficial-de-justica-o\/#article\",\"isPartOf\":{\"@id\":\"https:\/\/www.estrategiaconcursos.com.br\/blog\/gabarito-tj-rs-oficial-de-justica-o\/\"},\"author\":{\"name\":\"Coordena\u00e7\u00e3o\",\"@id\":\"https:\/\/www.estrategiaconcursos.com.br\/blog\/#\/schema\/person\/b4a388c97673c5f483d72185668afa1f\"},\"headline\":\"Gabarito TJ RS: gabarito extraoficial e corre\u00e7\u00e3o AO VIVO\",\"datePublished\":\"2020-02-16T03:00:00+00:00\",\"dateModified\":\"2022-09-08T13:42:01+00:00\",\"mainEntityOfPage\":{\"@id\":\"https:\/\/www.estrategiaconcursos.com.br\/blog\/gabarito-tj-rs-oficial-de-justica-o\/\"},\"wordCount\":1629,\"commentCount\":0,\"publisher\":{\"@id\":\"https:\/\/www.estrategiaconcursos.com.br\/blog\/#organization\"},\"image\":{\"@id\":\"https:\/\/www.estrategiaconcursos.com.br\/blog\/gabarito-tj-rs-oficial-de-justica-o\/#primaryimage\"},\"thumbnailUrl\":\"https:\/\/dhg1h5j42swfq.cloudfront.net\/2020\/02\/14172743\/YTB_GABARITO-TJ-RS.jpg\",\"articleSection\":[\"Concursos P\u00fablicos\"],\"inLanguage\":\"pt-BR\",\"potentialAction\":[{\"@type\":\"CommentAction\",\"name\":\"Comment\",\"target\":[\"https:\/\/www.estrategiaconcursos.com.br\/blog\/gabarito-tj-rs-oficial-de-justica-o\/#respond\"]}],\"copyrightYear\":\"2020\",\"copyrightHolder\":{\"@id\":\"https:\/\/www.estrategiaconcursos.com.br\/blog\/#organization\"}},{\"@type\":\"WebPage\",\"@id\":\"https:\/\/www.estrategiaconcursos.com.br\/blog\/gabarito-tj-rs-oficial-de-justica-o\/\",\"url\":\"https:\/\/www.estrategiaconcursos.com.br\/blog\/gabarito-tj-rs-oficial-de-justica-o\/\",\"name\":\"Gabarito TJ RS: gabarito extraoficial e corre\u00e7\u00e3o AO VIVO\",\"isPartOf\":{\"@id\":\"https:\/\/www.estrategiaconcursos.com.br\/blog\/#website\"},\"primaryImageOfPage\":{\"@id\":\"https:\/\/www.estrategiaconcursos.com.br\/blog\/gabarito-tj-rs-oficial-de-justica-o\/#primaryimage\"},\"image\":{\"@id\":\"https:\/\/www.estrategiaconcursos.com.br\/blog\/gabarito-tj-rs-oficial-de-justica-o\/#primaryimage\"},\"thumbnailUrl\":\"https:\/\/dhg1h5j42swfq.cloudfront.net\/2020\/02\/14172743\/YTB_GABARITO-TJ-RS.jpg\",\"datePublished\":\"2020-02-16T03:00:00+00:00\",\"dateModified\":\"2022-09-08T13:42:01+00:00\",\"breadcrumb\":{\"@id\":\"https:\/\/www.estrategiaconcursos.com.br\/blog\/gabarito-tj-rs-oficial-de-justica-o\/#breadcrumb\"},\"inLanguage\":\"pt-BR\",\"potentialAction\":[{\"@type\":\"ReadAction\",\"target\":[\"https:\/\/www.estrategiaconcursos.com.br\/blog\/gabarito-tj-rs-oficial-de-justica-o\/\"]}]},{\"@type\":\"ImageObject\",\"inLanguage\":\"pt-BR\",\"@id\":\"https:\/\/www.estrategiaconcursos.com.br\/blog\/gabarito-tj-rs-oficial-de-justica-o\/#primaryimage\",\"url\":\"https:\/\/dhg1h5j42swfq.cloudfront.net\/2020\/02\/14172743\/YTB_GABARITO-TJ-RS.jpg\",\"contentUrl\":\"https:\/\/dhg1h5j42swfq.cloudfront.net\/2020\/02\/14172743\/YTB_GABARITO-TJ-RS.jpg\",\"width\":1280,\"height\":720},{\"@type\":\"BreadcrumbList\",\"@id\":\"https:\/\/www.estrategiaconcursos.com.br\/blog\/gabarito-tj-rs-oficial-de-justica-o\/#breadcrumb\",\"itemListElement\":[{\"@type\":\"ListItem\",\"position\":1,\"name\":\"In\u00edcio\",\"item\":\"https:\/\/www.estrategiaconcursos.com.br\/blog\/\"},{\"@type\":\"ListItem\",\"position\":2,\"name\":\"Gabarito TJ RS: gabarito extraoficial e corre\u00e7\u00e3o AO VIVO\"}]},{\"@type\":\"WebSite\",\"@id\":\"https:\/\/www.estrategiaconcursos.com.br\/blog\/#website\",\"url\":\"https:\/\/www.estrategiaconcursos.com.br\/blog\/\",\"name\":\"Estrat\u00e9gia Concursos\",\"description\":\"O blog da Estrat\u00e9gia Concursos traz not\u00edcias sobre concursos e artigos de professores oferecendo cursos para concursos (pdf + videaulas) no site.\",\"publisher\":{\"@id\":\"https:\/\/www.estrategiaconcursos.com.br\/blog\/#organization\"},\"potentialAction\":[{\"@type\":\"SearchAction\",\"target\":{\"@type\":\"EntryPoint\",\"urlTemplate\":\"https:\/\/www.estrategiaconcursos.com.br\/blog\/?s={search_term_string}\"},\"query-input\":{\"@type\":\"PropertyValueSpecification\",\"valueRequired\":true,\"valueName\":\"search_term_string\"}}],\"inLanguage\":\"pt-BR\"},{\"@type\":\"Organization\",\"@id\":\"https:\/\/www.estrategiaconcursos.com.br\/blog\/#organization\",\"name\":\"Estrat\u00e9gia Concursos\",\"url\":\"https:\/\/www.estrategiaconcursos.com.br\/blog\/\",\"logo\":{\"@type\":\"ImageObject\",\"inLanguage\":\"pt-BR\",\"@id\":\"https:\/\/www.estrategiaconcursos.com.br\/blog\/#\/schema\/logo\/image\/\",\"url\":\"https:\/\/dhg1h5j42swfq.cloudfront.net\/2025\/06\/03203428\/logo_concursos-1.jpg\",\"contentUrl\":\"https:\/\/dhg1h5j42swfq.cloudfront.net\/2025\/06\/03203428\/logo_concursos-1.jpg\",\"width\":230,\"height\":60,\"caption\":\"Estrat\u00e9gia Concursos\"},\"image\":{\"@id\":\"https:\/\/www.estrategiaconcursos.com.br\/blog\/#\/schema\/logo\/image\/\"},\"sameAs\":[\"https:\/\/x.com\/EstratConcursos\"]},{\"@type\":\"Person\",\"@id\":\"https:\/\/www.estrategiaconcursos.com.br\/blog\/#\/schema\/person\/b4a388c97673c5f483d72185668afa1f\",\"name\":\"Coordena\u00e7\u00e3o\",\"image\":{\"@type\":\"ImageObject\",\"inLanguage\":\"pt-BR\",\"@id\":\"https:\/\/secure.gravatar.com\/avatar\/b720319e4c9a967eb58678d110f4fe35452fc5d5f97b202bac7b8acceb18c6ad?s=96&d=mm&r=g\",\"url\":\"https:\/\/secure.gravatar.com\/avatar\/b720319e4c9a967eb58678d110f4fe35452fc5d5f97b202bac7b8acceb18c6ad?s=96&d=mm&r=g\",\"contentUrl\":\"https:\/\/secure.gravatar.com\/avatar\/b720319e4c9a967eb58678d110f4fe35452fc5d5f97b202bac7b8acceb18c6ad?s=96&d=mm&r=g\",\"caption\":\"Coordena\u00e7\u00e3o\"},\"sameAs\":[\"https:\/\/www.facebook.com\/EstrategiaConcursos\",\"https:\/\/x.com\/EstratConcursos\"],\"url\":\"https:\/\/www.estrategiaconcursos.com.br\/blog\/author\/estrategia2013\/\"}]}<\/script>\n<!-- \/ Yoast SEO Premium plugin. -->","yoast_head_json":{"title":"Gabarito TJ RS: gabarito extraoficial e corre\u00e7\u00e3o AO VIVO","robots":{"index":"index","follow":"follow","max-snippet":"max-snippet:-1","max-image-preview":"max-image-preview:large","max-video-preview":"max-video-preview:-1"},"canonical":"https:\/\/www.estrategiaconcursos.com.br\/blog\/gabarito-tj-rs-oficial-de-justica-o\/","og_locale":"pt_BR","og_type":"article","og_title":"Gabarito TJ RS: gabarito extraoficial e corre\u00e7\u00e3o AO VIVO","og_description":"3 vagas imediatas mais CR para Oficial de Justi\u00e7a &#8211; Classe O Aconteceu neste domingo, a primeira etapa do concurso p\u00fablico do Tribunal de Justi\u00e7a do Rio Grande do Sul para o cargo de Oficial de Justi\u00e7a \u2013 Classe O. Com in\u00edcio \u00e0s 9:00h, os candidatos tiveram 4 horas para responder 80 quest\u00f5es de m\u00faltipla [&hellip;]","og_url":"https:\/\/www.estrategiaconcursos.com.br\/blog\/gabarito-tj-rs-oficial-de-justica-o\/","og_site_name":"Estrat\u00e9gia Concursos","article_author":"https:\/\/www.facebook.com\/EstrategiaConcursos","article_published_time":"2020-02-16T03:00:00+00:00","article_modified_time":"2022-09-08T13:42:01+00:00","og_image":[{"width":1280,"height":720,"url":"https:\/\/dhg1h5j42swfq.cloudfront.net\/2020\/02\/14172743\/YTB_GABARITO-TJ-RS.jpg","type":"image\/jpeg"}],"author":"Coordena\u00e7\u00e3o","twitter_card":"summary_large_image","twitter_creator":"@EstratConcursos","twitter_site":"@EstratConcursos","twitter_misc":{"Escrito por":"Coordena\u00e7\u00e3o","Est. tempo de leitura":"8 minutos"},"schema":{"@context":"https:\/\/schema.org","@graph":[{"@type":"NewsArticle","@id":"https:\/\/www.estrategiaconcursos.com.br\/blog\/gabarito-tj-rs-oficial-de-justica-o\/#article","isPartOf":{"@id":"https:\/\/www.estrategiaconcursos.com.br\/blog\/gabarito-tj-rs-oficial-de-justica-o\/"},"author":{"name":"Coordena\u00e7\u00e3o","@id":"https:\/\/www.estrategiaconcursos.com.br\/blog\/#\/schema\/person\/b4a388c97673c5f483d72185668afa1f"},"headline":"Gabarito TJ RS: gabarito extraoficial e corre\u00e7\u00e3o AO VIVO","datePublished":"2020-02-16T03:00:00+00:00","dateModified":"2022-09-08T13:42:01+00:00","mainEntityOfPage":{"@id":"https:\/\/www.estrategiaconcursos.com.br\/blog\/gabarito-tj-rs-oficial-de-justica-o\/"},"wordCount":1629,"commentCount":0,"publisher":{"@id":"https:\/\/www.estrategiaconcursos.com.br\/blog\/#organization"},"image":{"@id":"https:\/\/www.estrategiaconcursos.com.br\/blog\/gabarito-tj-rs-oficial-de-justica-o\/#primaryimage"},"thumbnailUrl":"https:\/\/dhg1h5j42swfq.cloudfront.net\/2020\/02\/14172743\/YTB_GABARITO-TJ-RS.jpg","articleSection":["Concursos P\u00fablicos"],"inLanguage":"pt-BR","potentialAction":[{"@type":"CommentAction","name":"Comment","target":["https:\/\/www.estrategiaconcursos.com.br\/blog\/gabarito-tj-rs-oficial-de-justica-o\/#respond"]}],"copyrightYear":"2020","copyrightHolder":{"@id":"https:\/\/www.estrategiaconcursos.com.br\/blog\/#organization"}},{"@type":"WebPage","@id":"https:\/\/www.estrategiaconcursos.com.br\/blog\/gabarito-tj-rs-oficial-de-justica-o\/","url":"https:\/\/www.estrategiaconcursos.com.br\/blog\/gabarito-tj-rs-oficial-de-justica-o\/","name":"Gabarito TJ RS: gabarito extraoficial e corre\u00e7\u00e3o AO VIVO","isPartOf":{"@id":"https:\/\/www.estrategiaconcursos.com.br\/blog\/#website"},"primaryImageOfPage":{"@id":"https:\/\/www.estrategiaconcursos.com.br\/blog\/gabarito-tj-rs-oficial-de-justica-o\/#primaryimage"},"image":{"@id":"https:\/\/www.estrategiaconcursos.com.br\/blog\/gabarito-tj-rs-oficial-de-justica-o\/#primaryimage"},"thumbnailUrl":"https:\/\/dhg1h5j42swfq.cloudfront.net\/2020\/02\/14172743\/YTB_GABARITO-TJ-RS.jpg","datePublished":"2020-02-16T03:00:00+00:00","dateModified":"2022-09-08T13:42:01+00:00","breadcrumb":{"@id":"https:\/\/www.estrategiaconcursos.com.br\/blog\/gabarito-tj-rs-oficial-de-justica-o\/#breadcrumb"},"inLanguage":"pt-BR","potentialAction":[{"@type":"ReadAction","target":["https:\/\/www.estrategiaconcursos.com.br\/blog\/gabarito-tj-rs-oficial-de-justica-o\/"]}]},{"@type":"ImageObject","inLanguage":"pt-BR","@id":"https:\/\/www.estrategiaconcursos.com.br\/blog\/gabarito-tj-rs-oficial-de-justica-o\/#primaryimage","url":"https:\/\/dhg1h5j42swfq.cloudfront.net\/2020\/02\/14172743\/YTB_GABARITO-TJ-RS.jpg","contentUrl":"https:\/\/dhg1h5j42swfq.cloudfront.net\/2020\/02\/14172743\/YTB_GABARITO-TJ-RS.jpg","width":1280,"height":720},{"@type":"BreadcrumbList","@id":"https:\/\/www.estrategiaconcursos.com.br\/blog\/gabarito-tj-rs-oficial-de-justica-o\/#breadcrumb","itemListElement":[{"@type":"ListItem","position":1,"name":"In\u00edcio","item":"https:\/\/www.estrategiaconcursos.com.br\/blog\/"},{"@type":"ListItem","position":2,"name":"Gabarito TJ RS: gabarito extraoficial e corre\u00e7\u00e3o AO VIVO"}]},{"@type":"WebSite","@id":"https:\/\/www.estrategiaconcursos.com.br\/blog\/#website","url":"https:\/\/www.estrategiaconcursos.com.br\/blog\/","name":"Estrat\u00e9gia Concursos","description":"O blog da Estrat\u00e9gia Concursos traz not\u00edcias sobre concursos e artigos de professores oferecendo cursos para concursos (pdf + videaulas) no site.","publisher":{"@id":"https:\/\/www.estrategiaconcursos.com.br\/blog\/#organization"},"potentialAction":[{"@type":"SearchAction","target":{"@type":"EntryPoint","urlTemplate":"https:\/\/www.estrategiaconcursos.com.br\/blog\/?s={search_term_string}"},"query-input":{"@type":"PropertyValueSpecification","valueRequired":true,"valueName":"search_term_string"}}],"inLanguage":"pt-BR"},{"@type":"Organization","@id":"https:\/\/www.estrategiaconcursos.com.br\/blog\/#organization","name":"Estrat\u00e9gia Concursos","url":"https:\/\/www.estrategiaconcursos.com.br\/blog\/","logo":{"@type":"ImageObject","inLanguage":"pt-BR","@id":"https:\/\/www.estrategiaconcursos.com.br\/blog\/#\/schema\/logo\/image\/","url":"https:\/\/dhg1h5j42swfq.cloudfront.net\/2025\/06\/03203428\/logo_concursos-1.jpg","contentUrl":"https:\/\/dhg1h5j42swfq.cloudfront.net\/2025\/06\/03203428\/logo_concursos-1.jpg","width":230,"height":60,"caption":"Estrat\u00e9gia Concursos"},"image":{"@id":"https:\/\/www.estrategiaconcursos.com.br\/blog\/#\/schema\/logo\/image\/"},"sameAs":["https:\/\/x.com\/EstratConcursos"]},{"@type":"Person","@id":"https:\/\/www.estrategiaconcursos.com.br\/blog\/#\/schema\/person\/b4a388c97673c5f483d72185668afa1f","name":"Coordena\u00e7\u00e3o","image":{"@type":"ImageObject","inLanguage":"pt-BR","@id":"https:\/\/secure.gravatar.com\/avatar\/b720319e4c9a967eb58678d110f4fe35452fc5d5f97b202bac7b8acceb18c6ad?s=96&d=mm&r=g","url":"https:\/\/secure.gravatar.com\/avatar\/b720319e4c9a967eb58678d110f4fe35452fc5d5f97b202bac7b8acceb18c6ad?s=96&d=mm&r=g","contentUrl":"https:\/\/secure.gravatar.com\/avatar\/b720319e4c9a967eb58678d110f4fe35452fc5d5f97b202bac7b8acceb18c6ad?s=96&d=mm&r=g","caption":"Coordena\u00e7\u00e3o"},"sameAs":["https:\/\/www.facebook.com\/EstrategiaConcursos","https:\/\/x.com\/EstratConcursos"],"url":"https:\/\/www.estrategiaconcursos.com.br\/blog\/author\/estrategia2013\/"}]}},"_links":{"self":[{"href":"https:\/\/www.estrategiaconcursos.com.br\/blog\/wp-json\/wp\/v2\/posts\/482098","targetHints":{"allow":["GET"]}}],"collection":[{"href":"https:\/\/www.estrategiaconcursos.com.br\/blog\/wp-json\/wp\/v2\/posts"}],"about":[{"href":"https:\/\/www.estrategiaconcursos.com.br\/blog\/wp-json\/wp\/v2\/types\/post"}],"author":[{"embeddable":true,"href":"https:\/\/www.estrategiaconcursos.com.br\/blog\/wp-json\/wp\/v2\/users\/1"}],"replies":[{"embeddable":true,"href":"https:\/\/www.estrategiaconcursos.com.br\/blog\/wp-json\/wp\/v2\/comments?post=482098"}],"version-history":[{"count":23,"href":"https:\/\/www.estrategiaconcursos.com.br\/blog\/wp-json\/wp\/v2\/posts\/482098\/revisions"}],"predecessor-version":[{"id":1091219,"href":"https:\/\/www.estrategiaconcursos.com.br\/blog\/wp-json\/wp\/v2\/posts\/482098\/revisions\/1091219"}],"wp:featuredmedia":[{"embeddable":true,"href":"https:\/\/www.estrategiaconcursos.com.br\/blog\/wp-json\/wp\/v2\/media\/482141"}],"wp:attachment":[{"href":"https:\/\/www.estrategiaconcursos.com.br\/blog\/wp-json\/wp\/v2\/media?parent=482098"}],"wp:term":[{"taxonomy":"category","embeddable":true,"href":"https:\/\/www.estrategiaconcursos.com.br\/blog\/wp-json\/wp\/v2\/categories?post=482098"},{"taxonomy":"post_tag","embeddable":true,"href":"https:\/\/www.estrategiaconcursos.com.br\/blog\/wp-json\/wp\/v2\/tags?post=482098"},{"taxonomy":"tax_estado","embeddable":true,"href":"https:\/\/www.estrategiaconcursos.com.br\/blog\/wp-json\/wp\/v2\/tax_estado?post=482098"}],"curies":[{"name":"wp","href":"https:\/\/api.w.org\/{rel}","templated":true}]}}