{"id":481967,"date":"2020-02-27T01:00:00","date_gmt":"2020-02-27T04:00:00","guid":{"rendered":"https:\/\/www.estrategiaconcursos.com.br\/blog\/?p=481967"},"modified":"2020-03-27T08:49:51","modified_gmt":"2020-03-27T11:49:51","slug":"edital-iap-pr","status":"publish","type":"post","link":"https:\/\/www.estrategiaconcursos.com.br\/blog\/edital-iap-pr\/","title":{"rendered":"Edital IAP PR: inscri\u00e7\u00f5es encerradas com oferta de 130 vagas"},"content":{"rendered":"\n<p>As inscri\u00e7\u00f5es do concurso p\u00fablico do Instituto Ambiental do Paran\u00e1 (IAP PR) est\u00e3o encerradas. Ao todo s\u00e3o ofertadas <strong>130 vagas <\/strong>imediatas para os cargos de Agente Profissional e Agente de Execu\u00e7\u00e3o, ambos em diversas \u00e1reas. <\/p>\n\n\n\n<p>Todo o processo de inscri\u00e7\u00e3o ocorreu no site da<strong> banca organizadora,<\/strong><em> o Instituto Brasileiro de Forma\u00e7\u00e3o e Capacita\u00e7\u00e3o (IBFC).<\/em> <\/p>\n\n\n\n<p>Al\u00e9m disso, \u00e9 necess\u00e1rio efetuar o pagamento das taxas fixadas de acordo com o grau de escolaridade e cargo pretendido, sendo nos valores de:<\/p>\n\n\n\n<ul class=\"wp-block-list\"><li><strong>N\u00edvel m\u00e9dio\/t\u00e9cnico:<\/strong>&nbsp;R$ 70,00 <\/li><li><strong>N\u00edvel superior:&nbsp;<\/strong>R$ 100,00 <\/li><\/ul>\n\n\n\n<p>Os candidatos que desejarem a isen\u00e7\u00e3o da taxa de inscri\u00e7\u00e3o, devem solicitar atrav\u00e9s do site do <strong>IBFC <\/strong>entre os dias<strong> 26 a 29 de fevereiro.<\/strong><\/p>\n\n\n\n<h2 class=\"wp-block-heading\">Principais datas<\/h2>\n\n\n\n<p class=\"has-background has-very-light-gray-background-color\"><strong>Inscri\u00e7\u00f5es<\/strong>: 26 de fevereiro ao dia 27 de mar\u00e7o de 2020 <br \/><strong>Isen\u00e7\u00e3o da taxa<\/strong>: 26 a 29 de fevereiro de 2020<br \/><strong>Prova objetiva:<\/strong> 03 de maio de 2020 <\/p>\n\n\n\n<h2 class=\"wp-block-heading\">Cargos, vagas e remunera\u00e7\u00e3o do&nbsp;<strong>edital<\/strong> IAP PR<\/h2>\n\n\n\n<p>O concurso IAP PR oferta 130 vagas para cargos de n\u00edvel m\u00e9dio\/ t\u00e9cnico. Confira abaixo os detalhes dos cargos, vagas e remunera\u00e7\u00e3o:<\/p>\n\n\n\n<ul class=\"wp-block-list\"><li><em>AGENTE DE EXECU\u00c7\u00c3O (T\u00e9cnico de Manejo e Meio Ambiente) (26 vagas)<\/em><\/li><li><em> AGENTE PROFISSIONAL (Engenheiro Qu\u00edmico) (19 vagas)<\/em><\/li><li><em> AGENTE PROFISSIONAL (Engenheiro Florestal) (16 vagas)<\/em><\/li><li><em> AGENTE PROFISSIONAL (Engenheiro Agr\u00f4nomo) (16 vagas)<\/em><\/li><li><em> AGENTE PROFISSIONAL (Ge\u00f3logo) (8 vagas)<\/em><\/li><li><em> AGENTE PROFISSIONAL (Bi\u00f3logo) (8 vagas)<\/em><\/li><li><em> AGENTE PROFISSIONAL (Qu\u00edmico) (8 vagas)<\/em><\/li><li><em> AGENTE PROFISSIONAL (Engenheiro Civil) (17 vagas)<\/em><\/li><li><em> AGENTE PROFISSIONAL (Soci\u00f3logo) (1 vaga)<\/em><\/li><li><em> AGENTE PROFISSIONAL (Ge\u00f3grafo) (3 vagas)<\/em><\/li><li><em> AGENTE PROFISSIONAL (Engenheiro Cartogr\u00e1fico) (4 vagas)<\/em><\/li><li><em> AGENTE PROFISSIONAL (M\u00e9dico Veterin\u00e1rio) (1 vaga)<\/em><\/li><\/ul>\n\n\n\n<h3 class=\"wp-block-heading\">Sal\u00e1rios do&nbsp;<strong>edital<\/strong> IAP PR <\/h3>\n\n\n\n<p>Os sal\u00e1rios iniciais dos cargos ofertados no concurso do Instituto Ambiental do Paran\u00e1 podem variar conforme o cargo. Confira na tabela abaixo os valores que cada cargo recebe: <\/p>\n\n\n\n<figure class=\"wp-block-table is-style-stripes\"><table class=\"has-subtle-pale-blue-background-color has-fixed-layout has-background\"><tbody><tr><td><strong>Cargos<\/strong><\/td><td><strong>Remunera\u00e7\u00e3o<\/strong><\/td><\/tr><tr><td>Agente de Execu\u00e7\u00e3o\/T\u00e9cnico de Manejo e Meio Ambiente<\/td><td>R$ 1.554,33*<\/td><\/tr><tr><td>Agente Profissional\/Arquiteto, Bi\u00f3logo, Engenheiro Agr\u00f4nomo, Engenheiro Cartogr\u00e1fico, Engenheiro Civil, Engenheiro Florestal, Engenheiro Qu\u00edmico, Ge\u00f3grafo, Ge\u00f3logo, Qu\u00edmico, Soci\u00f3logo e M\u00e9dico Veterin\u00e1rio.<\/td><td>R$ 3.730,42*<\/td><\/tr><\/tbody><\/table><\/figure>\n\n\n\n<h2 class=\"wp-block-heading\" id=\"etapas\">Etapas do edital IAP PR<\/h2>\n\n\n\n<p>As provas Objetiva e Discursiva devem ocorrer no dia <strong>26 de abril de 2020<\/strong>.    As etapas do concurso, com exce\u00e7\u00e3o da Visita T\u00e9cnica e Prova de T\u00edtulos, ser\u00e3o realizadas nas cidades de&nbsp;<strong>Cascavel<\/strong>,&nbsp;<strong>Curitiba&nbsp;<\/strong>e&nbsp;<strong>Maring\u00e1<\/strong>, no Estado do Paran\u00e1.<\/p>\n\n\n\n<ol class=\"wp-block-list\"><li>Prova Objetiva (eliminat\u00f3rio e classificat\u00f3rio)<\/li><li>Avalia\u00e7\u00e3o M\u00e9dica (eliminat\u00f3rio)<\/li><\/ol>\n\n\n\n<h3 class=\"wp-block-heading\" id=\"prova-objetiva\">Prova Objetiva <\/h3>\n\n\n\n<p>A Prova Objetiva ser\u00e1 composta por 40 quest\u00f5es de m\u00faltipla escolha,com cinco alternativas cada, distribu\u00eddas da seguinte forma para ambos os cargos:<\/p>\n\n\n\n<ul class=\"wp-block-list\"><li>L\u00edngua Portuguesa \u2013 5 quest\u00f5es, peso 0,25<\/li><li>Racioc\u00ednio L\u00f3gico \u2013 5 quest\u00f5es, peso 0,25<\/li><li>Conhecimentos Gerais \u2013 10 quest\u00f5es, peso 0,25<\/li><li>Conhecimentos Espec\u00edficos \u2013 20 quest\u00f5es, peso 0,25<\/li><\/ul>\n\n\n\n<p>Ser\u00e1 considerado habilitado o candidato que atingir as seguintes pontua\u00e7\u00f5es minimas:<\/p>\n\n\n\n<ul class=\"wp-block-list\"><li>1 acerto na \u00e1rea de L\u00edngua Portuguesa (0,25 pontos);<\/li><li>1 acerto na \u00e1rea de Racioc\u00ednio L\u00f3gico (0,25 pontos);<\/li><li>5 acertos na \u00e1rea de Conhecimentos Gerais (1,25 pontos);<\/li><li>12 acertos na \u00e1rea de Conhecimentos Espec\u00edficos (3 pontos); e<\/li><li>24 acertos no total da Prova Objetiva (6 pontos).<\/li><\/ul>\n\n\n\n<p><strong><em>Quer saber mais informa\u00e7\u00f5es a respeito do concurso IAP PR? Acesse o link abaixo e confira tudo na \u00edntegra!!<\/em><\/strong><\/p>\n\n\n\n<p class=\"has-background has-text-align-center has-medium-font-size has-very-light-gray-background-color\"><strong><em>Mais informa\u00e7\u00f5es: <a rel=\"noreferrer noopener\" aria-label=\"Concurso IAP PR (abre numa nova aba)\" href=\"https:\/\/www.estrategiaconcursos.com.br\/blog\/concurso-iap-pr\/\" target=\"_blank\">Concurso IAP PR<\/a><\/em><\/strong><\/p>\n\n\n\n<h2 class=\"has-text-align-center wp-block-heading\" id=\"cursos-assinatura\">Quer estudar para o concurso IAP PR?<\/h2>\n\n\n\n<p class=\"has-text-align-center\"><em>Gostou desta oportunidade e deseja come\u00e7ar se preparar agora mesmo? Ent\u00e3o, confira os nossos cursos e comece a estudar:<\/em><\/p>\n\n\n\n<p class=\"has-background has-text-align-center has-medium-font-size has-luminous-vivid-amber-background-color\"><strong><a href=\"https:\/\/www.estrategiaconcursos.com.br\/cursos\/concurso\/\" target=\"_blank\" rel=\"noreferrer noopener\" aria-label=\"CURSO IAP PR (abre numa nova aba)\">CURSO IAP PR<\/a><\/strong><\/p>\n\n\n\n<p class=\"has-text-align-center\"><em><strong>Assinatura Anual Ilimitada*<\/strong><\/em><\/p>\n\n\n\n<p class=\"has-text-align-center\"><em>Prepare-se com o melhor material e com quem mais aprova em Concursos P\u00fablicos em todo o pa\u00eds. Assine agora a nossa Assinatura Anual e tenha acesso ilimitado* a todos os nossos cursos.<\/em><\/p>\n\n\n\n<p class=\"has-background has-text-align-center has-medium-font-size has-light-green-cyan-background-color\"><strong>ASSINE AGORA<\/strong>&nbsp;\u2013&nbsp;<strong><a rel=\"noreferrer noopener\" href=\"https:\/\/www.estrategiaconcursos.com.br\/assinaturas\" target=\"_blank\">Assinatura Ilimitada<\/a><\/strong><\/p>\n\n\n\n<p class=\"has-text-align-center\"><strong><em>Fique por dentro de todos os concursos<\/em><\/strong><\/p>\n\n\n\n<p class=\"has-background has-text-align-center has-medium-font-size has-pale-cyan-blue-background-color\"><a rel=\"noreferrer noopener\" href=\"https:\/\/www.estrategiaconcursos.com.br\/blog\/concursos-abertos\/\" target=\"_blank\"><strong>CONCURSOS ABERTOS<\/strong><\/a><\/p>\n\n\n\n<p class=\"has-background has-text-align-center has-medium-font-size has-pale-cyan-blue-background-color\"><a href=\"https:\/\/www.estrategiaconcursos.com.br\/blog\/concursos-2020\/\" target=\"_blank\" rel=\"noreferrer noopener\"><strong>CONCURSOS&nbsp;2020<\/strong><\/a><\/p>\n\n\n\n<figure class=\"wp-block-image\"><img loading=\"lazy\" decoding=\"async\" width=\"300\" height=\"102\" src=\"https:\/\/dhg1h5j42swfq.cloudfront.net\/2017\/03\/28152500\/coruja-ficha-tecnica-300x102.png\" alt=\"\" class=\"wp-image-68542\"\/><\/figure>\n\n\n\n<h3 class=\"wp-block-heading\" id=\"ficha\"><strong>Informa\u00e7\u00f5es sobre o edital do <\/strong>IAP PR<\/h3>\n\n\n\n<p>\u25ba<strong>Data<\/strong>: 03\/05\/2020 <br \/>\u25ba<strong>Vagas<\/strong>: 130<br \/>\u25ba<strong>Cargos<\/strong>: Agente Profissional e Agente de Execu\u00e7\u00e3o<br \/>\u25ba<strong>Banca<\/strong>: IBFC<br \/>\u25ba<strong>Escolaridade<\/strong>: N\u00edvel m\u00e9dio\/t\u00e9cnico e superior<br \/>\u25ba<strong>Edital<\/strong>:&nbsp;<a rel=\"noreferrer noopener\" href=\"https:\/\/dhg1h5j42swfq.cloudfront.net\/2020\/02\/14095451\/Geral-1.pdf\" target=\"_blank\">Edital IAP PR<\/a> <\/p>\n\n\n\n<p><br \/><em>Ascom Estrat\u00e9gia<\/em><br \/>ascomestrategia@gmail.com<\/p>\n","protected":false},"excerpt":{"rendered":"<p>As inscri\u00e7\u00f5es do concurso p\u00fablico do Instituto Ambiental do Paran\u00e1 (IAP PR) est\u00e3o encerradas. Ao todo s\u00e3o ofertadas 130 vagas imediatas para os cargos de Agente Profissional e Agente de Execu\u00e7\u00e3o, ambos em diversas \u00e1reas. Todo o processo de inscri\u00e7\u00e3o ocorreu no site da banca organizadora, o Instituto Brasileiro de Forma\u00e7\u00e3o e Capacita\u00e7\u00e3o (IBFC). Al\u00e9m [&hellip;]<\/p>\n","protected":false},"author":657,"featured_media":444278,"comment_status":"open","ping_status":"closed","sticky":false,"template":"","format":"standard","meta":{"post_tipo":"article","footnotes":""},"categories":[1],"tags":[],"tax_estado":[],"class_list":["post-481967","post","type-post","status-publish","format-standard","has-post-thumbnail","hentry","category-cursos-e-concursos"],"acf":[],"yoast_head":"<!-- This site is optimized with the Yoast SEO Premium plugin v27.2 (Yoast SEO v27.2) - https:\/\/yoast.com\/product\/yoast-seo-premium-wordpress\/ -->\n<title>Edital IAP PR: inscri\u00e7\u00f5es encerradas com oferta de 130 vagas<\/title>\n<meta name=\"description\" content=\"Edital IAP PR: inscri\u00e7\u00f5es encerradas com oferta de 130 vagas imediatas para os cargos de Agente Profissional e Agente de Execu\u00e7\u00e3o, ambos em diversas \u00e1reas.\" \/>\n<meta name=\"robots\" content=\"index, follow, max-snippet:-1, max-image-preview:large, max-video-preview:-1\" \/>\n<link rel=\"canonical\" href=\"https:\/\/www.estrategiaconcursos.com.br\/blog\/edital-iap-pr\/\" \/>\n<meta property=\"og:locale\" content=\"pt_BR\" \/>\n<meta property=\"og:type\" content=\"article\" \/>\n<meta property=\"og:title\" content=\"Edital IAP PR: inscri\u00e7\u00f5es encerradas com oferta de 130 vagas\" \/>\n<meta property=\"og:description\" content=\"Edital IAP PR: inscri\u00e7\u00f5es encerradas com oferta de 130 vagas imediatas para os cargos de Agente Profissional e Agente de Execu\u00e7\u00e3o, ambos em diversas \u00e1reas.\" \/>\n<meta property=\"og:url\" content=\"https:\/\/www.estrategiaconcursos.com.br\/blog\/edital-iap-pr\/\" \/>\n<meta property=\"og:site_name\" content=\"Estrat\u00e9gia Concursos\" \/>\n<meta property=\"article:published_time\" content=\"2020-02-27T04:00:00+00:00\" \/>\n<meta property=\"article:modified_time\" content=\"2020-03-27T11:49:51+00:00\" \/>\n<meta property=\"og:image\" content=\"https:\/\/dhg1h5j42swfq.cloudfront.net\/2019\/11\/05113900\/SAIU-EDITAL1.jpg\" \/>\n\t<meta property=\"og:image:width\" content=\"1200\" \/>\n\t<meta property=\"og:image:height\" content=\"628\" \/>\n\t<meta property=\"og:image:type\" content=\"image\/jpeg\" \/>\n<meta name=\"author\" content=\"Nat\u00e1lia Scarano\" \/>\n<meta name=\"twitter:card\" content=\"summary_large_image\" \/>\n<meta name=\"twitter:creator\" content=\"@EstratConcursos\" \/>\n<meta name=\"twitter:site\" content=\"@EstratConcursos\" \/>\n<meta name=\"twitter:label1\" content=\"Escrito por\" \/>\n\t<meta name=\"twitter:data1\" content=\"Nat\u00e1lia Scarano\" \/>\n\t<meta name=\"twitter:label2\" content=\"Est. tempo de leitura\" \/>\n\t<meta name=\"twitter:data2\" content=\"3 minutos\" \/>\n<script type=\"application\/ld+json\" class=\"yoast-schema-graph\">{\"@context\":\"https:\/\/schema.org\",\"@graph\":[{\"@type\":\"NewsArticle\",\"@id\":\"https:\/\/www.estrategiaconcursos.com.br\/blog\/edital-iap-pr\/#article\",\"isPartOf\":{\"@id\":\"https:\/\/www.estrategiaconcursos.com.br\/blog\/edital-iap-pr\/\"},\"author\":{\"name\":\"Nat\u00e1lia Scarano\",\"@id\":\"https:\/\/www.estrategiaconcursos.com.br\/blog\/#\/schema\/person\/751aedf909a9d10cb23ce6ac527ce0f2\"},\"headline\":\"Edital IAP PR: inscri\u00e7\u00f5es encerradas com oferta de 130 vagas\",\"datePublished\":\"2020-02-27T04:00:00+00:00\",\"dateModified\":\"2020-03-27T11:49:51+00:00\",\"mainEntityOfPage\":{\"@id\":\"https:\/\/www.estrategiaconcursos.com.br\/blog\/edital-iap-pr\/\"},\"wordCount\":668,\"commentCount\":6,\"publisher\":{\"@id\":\"https:\/\/www.estrategiaconcursos.com.br\/blog\/#organization\"},\"image\":{\"@id\":\"https:\/\/www.estrategiaconcursos.com.br\/blog\/edital-iap-pr\/#primaryimage\"},\"thumbnailUrl\":\"https:\/\/dhg1h5j42swfq.cloudfront.net\/2019\/11\/05113900\/SAIU-EDITAL1.jpg\",\"articleSection\":[\"Concursos P\u00fablicos\"],\"inLanguage\":\"pt-BR\",\"potentialAction\":[{\"@type\":\"CommentAction\",\"name\":\"Comment\",\"target\":[\"https:\/\/www.estrategiaconcursos.com.br\/blog\/edital-iap-pr\/#respond\"]}],\"copyrightYear\":\"2020\",\"copyrightHolder\":{\"@id\":\"https:\/\/www.estrategiaconcursos.com.br\/blog\/#organization\"}},{\"@type\":\"WebPage\",\"@id\":\"https:\/\/www.estrategiaconcursos.com.br\/blog\/edital-iap-pr\/\",\"url\":\"https:\/\/www.estrategiaconcursos.com.br\/blog\/edital-iap-pr\/\",\"name\":\"Edital IAP PR: inscri\u00e7\u00f5es encerradas com oferta de 130 vagas\",\"isPartOf\":{\"@id\":\"https:\/\/www.estrategiaconcursos.com.br\/blog\/#website\"},\"primaryImageOfPage\":{\"@id\":\"https:\/\/www.estrategiaconcursos.com.br\/blog\/edital-iap-pr\/#primaryimage\"},\"image\":{\"@id\":\"https:\/\/www.estrategiaconcursos.com.br\/blog\/edital-iap-pr\/#primaryimage\"},\"thumbnailUrl\":\"https:\/\/dhg1h5j42swfq.cloudfront.net\/2019\/11\/05113900\/SAIU-EDITAL1.jpg\",\"datePublished\":\"2020-02-27T04:00:00+00:00\",\"dateModified\":\"2020-03-27T11:49:51+00:00\",\"description\":\"Edital IAP PR: inscri\u00e7\u00f5es encerradas com oferta de 130 vagas imediatas para os cargos de Agente Profissional e Agente de Execu\u00e7\u00e3o, ambos em diversas \u00e1reas.\",\"breadcrumb\":{\"@id\":\"https:\/\/www.estrategiaconcursos.com.br\/blog\/edital-iap-pr\/#breadcrumb\"},\"inLanguage\":\"pt-BR\",\"potentialAction\":[{\"@type\":\"ReadAction\",\"target\":[\"https:\/\/www.estrategiaconcursos.com.br\/blog\/edital-iap-pr\/\"]}]},{\"@type\":\"ImageObject\",\"inLanguage\":\"pt-BR\",\"@id\":\"https:\/\/www.estrategiaconcursos.com.br\/blog\/edital-iap-pr\/#primaryimage\",\"url\":\"https:\/\/dhg1h5j42swfq.cloudfront.net\/2019\/11\/05113900\/SAIU-EDITAL1.jpg\",\"contentUrl\":\"https:\/\/dhg1h5j42swfq.cloudfront.net\/2019\/11\/05113900\/SAIU-EDITAL1.jpg\",\"width\":1200,\"height\":628,\"caption\":\"Concurso PGM Barra do Bugres\"},{\"@type\":\"BreadcrumbList\",\"@id\":\"https:\/\/www.estrategiaconcursos.com.br\/blog\/edital-iap-pr\/#breadcrumb\",\"itemListElement\":[{\"@type\":\"ListItem\",\"position\":1,\"name\":\"In\u00edcio\",\"item\":\"https:\/\/www.estrategiaconcursos.com.br\/blog\/\"},{\"@type\":\"ListItem\",\"position\":2,\"name\":\"Edital IAP PR: inscri\u00e7\u00f5es encerradas com oferta de 130 vagas\"}]},{\"@type\":\"WebSite\",\"@id\":\"https:\/\/www.estrategiaconcursos.com.br\/blog\/#website\",\"url\":\"https:\/\/www.estrategiaconcursos.com.br\/blog\/\",\"name\":\"Estrat\u00e9gia Concursos\",\"description\":\"O blog da Estrat\u00e9gia Concursos traz not\u00edcias sobre concursos e artigos de professores oferecendo cursos para concursos (pdf + videaulas) no site.\",\"publisher\":{\"@id\":\"https:\/\/www.estrategiaconcursos.com.br\/blog\/#organization\"},\"potentialAction\":[{\"@type\":\"SearchAction\",\"target\":{\"@type\":\"EntryPoint\",\"urlTemplate\":\"https:\/\/www.estrategiaconcursos.com.br\/blog\/?s={search_term_string}\"},\"query-input\":{\"@type\":\"PropertyValueSpecification\",\"valueRequired\":true,\"valueName\":\"search_term_string\"}}],\"inLanguage\":\"pt-BR\"},{\"@type\":\"Organization\",\"@id\":\"https:\/\/www.estrategiaconcursos.com.br\/blog\/#organization\",\"name\":\"Estrat\u00e9gia Concursos\",\"url\":\"https:\/\/www.estrategiaconcursos.com.br\/blog\/\",\"logo\":{\"@type\":\"ImageObject\",\"inLanguage\":\"pt-BR\",\"@id\":\"https:\/\/www.estrategiaconcursos.com.br\/blog\/#\/schema\/logo\/image\/\",\"url\":\"https:\/\/dhg1h5j42swfq.cloudfront.net\/2025\/06\/03203428\/logo_concursos-1.jpg\",\"contentUrl\":\"https:\/\/dhg1h5j42swfq.cloudfront.net\/2025\/06\/03203428\/logo_concursos-1.jpg\",\"width\":230,\"height\":60,\"caption\":\"Estrat\u00e9gia Concursos\"},\"image\":{\"@id\":\"https:\/\/www.estrategiaconcursos.com.br\/blog\/#\/schema\/logo\/image\/\"},\"sameAs\":[\"https:\/\/x.com\/EstratConcursos\"]},{\"@type\":\"Person\",\"@id\":\"https:\/\/www.estrategiaconcursos.com.br\/blog\/#\/schema\/person\/751aedf909a9d10cb23ce6ac527ce0f2\",\"name\":\"Nat\u00e1lia Scarano\",\"image\":{\"@type\":\"ImageObject\",\"inLanguage\":\"pt-BR\",\"@id\":\"https:\/\/secure.gravatar.com\/avatar\/8a889b8db3dbd227a1a78627357ec8fe64f5e99189d1889a270127828ab372ac?s=96&d=mm&r=g\",\"url\":\"https:\/\/secure.gravatar.com\/avatar\/8a889b8db3dbd227a1a78627357ec8fe64f5e99189d1889a270127828ab372ac?s=96&d=mm&r=g\",\"contentUrl\":\"https:\/\/secure.gravatar.com\/avatar\/8a889b8db3dbd227a1a78627357ec8fe64f5e99189d1889a270127828ab372ac?s=96&d=mm&r=g\",\"caption\":\"Nat\u00e1lia Scarano\"},\"description\":\"Jornalista, formada e p\u00f3s graduada pelo IESB, faz parte do time de jornalistas do Estrat\u00e9gia desde 2017. Possui familiaridade com as \u00e1reas de Tribunais, Defensorias, Procuradorias, Minist\u00e9rios P\u00fablicos, Conselhos, Educa\u00e7\u00e3o, \u00c1rea de Seguran\u00e7a, concursos de Carreiras Jur\u00eddicas e OAB. Experi\u00eancia em marketing digital, assessoria de comunica\u00e7\u00e3o e institucional na \u00e1rea privada e p\u00fablica, com atua\u00e7\u00e3o em \u00f3rg\u00e3os como CGU, Cofen e CNM.\",\"url\":\"https:\/\/www.estrategiaconcursos.com.br\/blog\/author\/natalia-scaranoestrategiaconcursos-com-br\/\"}]}<\/script>\n<!-- \/ Yoast SEO Premium plugin. -->","yoast_head_json":{"title":"Edital IAP PR: inscri\u00e7\u00f5es encerradas com oferta de 130 vagas","description":"Edital IAP PR: inscri\u00e7\u00f5es encerradas com oferta de 130 vagas imediatas para os cargos de Agente Profissional e Agente de Execu\u00e7\u00e3o, ambos em diversas \u00e1reas.","robots":{"index":"index","follow":"follow","max-snippet":"max-snippet:-1","max-image-preview":"max-image-preview:large","max-video-preview":"max-video-preview:-1"},"canonical":"https:\/\/www.estrategiaconcursos.com.br\/blog\/edital-iap-pr\/","og_locale":"pt_BR","og_type":"article","og_title":"Edital IAP PR: inscri\u00e7\u00f5es encerradas com oferta de 130 vagas","og_description":"Edital IAP PR: inscri\u00e7\u00f5es encerradas com oferta de 130 vagas imediatas para os cargos de Agente Profissional e Agente de Execu\u00e7\u00e3o, ambos em diversas \u00e1reas.","og_url":"https:\/\/www.estrategiaconcursos.com.br\/blog\/edital-iap-pr\/","og_site_name":"Estrat\u00e9gia Concursos","article_published_time":"2020-02-27T04:00:00+00:00","article_modified_time":"2020-03-27T11:49:51+00:00","og_image":[{"width":1200,"height":628,"url":"https:\/\/dhg1h5j42swfq.cloudfront.net\/2019\/11\/05113900\/SAIU-EDITAL1.jpg","type":"image\/jpeg"}],"author":"Nat\u00e1lia Scarano","twitter_card":"summary_large_image","twitter_creator":"@EstratConcursos","twitter_site":"@EstratConcursos","twitter_misc":{"Escrito por":"Nat\u00e1lia Scarano","Est. tempo de leitura":"3 minutos"},"schema":{"@context":"https:\/\/schema.org","@graph":[{"@type":"NewsArticle","@id":"https:\/\/www.estrategiaconcursos.com.br\/blog\/edital-iap-pr\/#article","isPartOf":{"@id":"https:\/\/www.estrategiaconcursos.com.br\/blog\/edital-iap-pr\/"},"author":{"name":"Nat\u00e1lia Scarano","@id":"https:\/\/www.estrategiaconcursos.com.br\/blog\/#\/schema\/person\/751aedf909a9d10cb23ce6ac527ce0f2"},"headline":"Edital IAP PR: inscri\u00e7\u00f5es encerradas com oferta de 130 vagas","datePublished":"2020-02-27T04:00:00+00:00","dateModified":"2020-03-27T11:49:51+00:00","mainEntityOfPage":{"@id":"https:\/\/www.estrategiaconcursos.com.br\/blog\/edital-iap-pr\/"},"wordCount":668,"commentCount":6,"publisher":{"@id":"https:\/\/www.estrategiaconcursos.com.br\/blog\/#organization"},"image":{"@id":"https:\/\/www.estrategiaconcursos.com.br\/blog\/edital-iap-pr\/#primaryimage"},"thumbnailUrl":"https:\/\/dhg1h5j42swfq.cloudfront.net\/2019\/11\/05113900\/SAIU-EDITAL1.jpg","articleSection":["Concursos P\u00fablicos"],"inLanguage":"pt-BR","potentialAction":[{"@type":"CommentAction","name":"Comment","target":["https:\/\/www.estrategiaconcursos.com.br\/blog\/edital-iap-pr\/#respond"]}],"copyrightYear":"2020","copyrightHolder":{"@id":"https:\/\/www.estrategiaconcursos.com.br\/blog\/#organization"}},{"@type":"WebPage","@id":"https:\/\/www.estrategiaconcursos.com.br\/blog\/edital-iap-pr\/","url":"https:\/\/www.estrategiaconcursos.com.br\/blog\/edital-iap-pr\/","name":"Edital IAP PR: inscri\u00e7\u00f5es encerradas com oferta de 130 vagas","isPartOf":{"@id":"https:\/\/www.estrategiaconcursos.com.br\/blog\/#website"},"primaryImageOfPage":{"@id":"https:\/\/www.estrategiaconcursos.com.br\/blog\/edital-iap-pr\/#primaryimage"},"image":{"@id":"https:\/\/www.estrategiaconcursos.com.br\/blog\/edital-iap-pr\/#primaryimage"},"thumbnailUrl":"https:\/\/dhg1h5j42swfq.cloudfront.net\/2019\/11\/05113900\/SAIU-EDITAL1.jpg","datePublished":"2020-02-27T04:00:00+00:00","dateModified":"2020-03-27T11:49:51+00:00","description":"Edital IAP PR: inscri\u00e7\u00f5es encerradas com oferta de 130 vagas imediatas para os cargos de Agente Profissional e Agente de Execu\u00e7\u00e3o, ambos em diversas \u00e1reas.","breadcrumb":{"@id":"https:\/\/www.estrategiaconcursos.com.br\/blog\/edital-iap-pr\/#breadcrumb"},"inLanguage":"pt-BR","potentialAction":[{"@type":"ReadAction","target":["https:\/\/www.estrategiaconcursos.com.br\/blog\/edital-iap-pr\/"]}]},{"@type":"ImageObject","inLanguage":"pt-BR","@id":"https:\/\/www.estrategiaconcursos.com.br\/blog\/edital-iap-pr\/#primaryimage","url":"https:\/\/dhg1h5j42swfq.cloudfront.net\/2019\/11\/05113900\/SAIU-EDITAL1.jpg","contentUrl":"https:\/\/dhg1h5j42swfq.cloudfront.net\/2019\/11\/05113900\/SAIU-EDITAL1.jpg","width":1200,"height":628,"caption":"Concurso PGM Barra do Bugres"},{"@type":"BreadcrumbList","@id":"https:\/\/www.estrategiaconcursos.com.br\/blog\/edital-iap-pr\/#breadcrumb","itemListElement":[{"@type":"ListItem","position":1,"name":"In\u00edcio","item":"https:\/\/www.estrategiaconcursos.com.br\/blog\/"},{"@type":"ListItem","position":2,"name":"Edital IAP PR: inscri\u00e7\u00f5es encerradas com oferta de 130 vagas"}]},{"@type":"WebSite","@id":"https:\/\/www.estrategiaconcursos.com.br\/blog\/#website","url":"https:\/\/www.estrategiaconcursos.com.br\/blog\/","name":"Estrat\u00e9gia Concursos","description":"O blog da Estrat\u00e9gia Concursos traz not\u00edcias sobre concursos e artigos de professores oferecendo cursos para concursos (pdf + videaulas) no site.","publisher":{"@id":"https:\/\/www.estrategiaconcursos.com.br\/blog\/#organization"},"potentialAction":[{"@type":"SearchAction","target":{"@type":"EntryPoint","urlTemplate":"https:\/\/www.estrategiaconcursos.com.br\/blog\/?s={search_term_string}"},"query-input":{"@type":"PropertyValueSpecification","valueRequired":true,"valueName":"search_term_string"}}],"inLanguage":"pt-BR"},{"@type":"Organization","@id":"https:\/\/www.estrategiaconcursos.com.br\/blog\/#organization","name":"Estrat\u00e9gia Concursos","url":"https:\/\/www.estrategiaconcursos.com.br\/blog\/","logo":{"@type":"ImageObject","inLanguage":"pt-BR","@id":"https:\/\/www.estrategiaconcursos.com.br\/blog\/#\/schema\/logo\/image\/","url":"https:\/\/dhg1h5j42swfq.cloudfront.net\/2025\/06\/03203428\/logo_concursos-1.jpg","contentUrl":"https:\/\/dhg1h5j42swfq.cloudfront.net\/2025\/06\/03203428\/logo_concursos-1.jpg","width":230,"height":60,"caption":"Estrat\u00e9gia Concursos"},"image":{"@id":"https:\/\/www.estrategiaconcursos.com.br\/blog\/#\/schema\/logo\/image\/"},"sameAs":["https:\/\/x.com\/EstratConcursos"]},{"@type":"Person","@id":"https:\/\/www.estrategiaconcursos.com.br\/blog\/#\/schema\/person\/751aedf909a9d10cb23ce6ac527ce0f2","name":"Nat\u00e1lia Scarano","image":{"@type":"ImageObject","inLanguage":"pt-BR","@id":"https:\/\/secure.gravatar.com\/avatar\/8a889b8db3dbd227a1a78627357ec8fe64f5e99189d1889a270127828ab372ac?s=96&d=mm&r=g","url":"https:\/\/secure.gravatar.com\/avatar\/8a889b8db3dbd227a1a78627357ec8fe64f5e99189d1889a270127828ab372ac?s=96&d=mm&r=g","contentUrl":"https:\/\/secure.gravatar.com\/avatar\/8a889b8db3dbd227a1a78627357ec8fe64f5e99189d1889a270127828ab372ac?s=96&d=mm&r=g","caption":"Nat\u00e1lia Scarano"},"description":"Jornalista, formada e p\u00f3s graduada pelo IESB, faz parte do time de jornalistas do Estrat\u00e9gia desde 2017. Possui familiaridade com as \u00e1reas de Tribunais, Defensorias, Procuradorias, Minist\u00e9rios P\u00fablicos, Conselhos, Educa\u00e7\u00e3o, \u00c1rea de Seguran\u00e7a, concursos de Carreiras Jur\u00eddicas e OAB. Experi\u00eancia em marketing digital, assessoria de comunica\u00e7\u00e3o e institucional na \u00e1rea privada e p\u00fablica, com atua\u00e7\u00e3o em \u00f3rg\u00e3os como CGU, Cofen e CNM.","url":"https:\/\/www.estrategiaconcursos.com.br\/blog\/author\/natalia-scaranoestrategiaconcursos-com-br\/"}]}},"_links":{"self":[{"href":"https:\/\/www.estrategiaconcursos.com.br\/blog\/wp-json\/wp\/v2\/posts\/481967","targetHints":{"allow":["GET"]}}],"collection":[{"href":"https:\/\/www.estrategiaconcursos.com.br\/blog\/wp-json\/wp\/v2\/posts"}],"about":[{"href":"https:\/\/www.estrategiaconcursos.com.br\/blog\/wp-json\/wp\/v2\/types\/post"}],"author":[{"embeddable":true,"href":"https:\/\/www.estrategiaconcursos.com.br\/blog\/wp-json\/wp\/v2\/users\/657"}],"replies":[{"embeddable":true,"href":"https:\/\/www.estrategiaconcursos.com.br\/blog\/wp-json\/wp\/v2\/comments?post=481967"}],"version-history":[{"count":12,"href":"https:\/\/www.estrategiaconcursos.com.br\/blog\/wp-json\/wp\/v2\/posts\/481967\/revisions"}],"predecessor-version":[{"id":496995,"href":"https:\/\/www.estrategiaconcursos.com.br\/blog\/wp-json\/wp\/v2\/posts\/481967\/revisions\/496995"}],"wp:featuredmedia":[{"embeddable":true,"href":"https:\/\/www.estrategiaconcursos.com.br\/blog\/wp-json\/wp\/v2\/media\/444278"}],"wp:attachment":[{"href":"https:\/\/www.estrategiaconcursos.com.br\/blog\/wp-json\/wp\/v2\/media?parent=481967"}],"wp:term":[{"taxonomy":"category","embeddable":true,"href":"https:\/\/www.estrategiaconcursos.com.br\/blog\/wp-json\/wp\/v2\/categories?post=481967"},{"taxonomy":"post_tag","embeddable":true,"href":"https:\/\/www.estrategiaconcursos.com.br\/blog\/wp-json\/wp\/v2\/tags?post=481967"},{"taxonomy":"tax_estado","embeddable":true,"href":"https:\/\/www.estrategiaconcursos.com.br\/blog\/wp-json\/wp\/v2\/tax_estado?post=481967"}],"curies":[{"name":"wp","href":"https:\/\/api.w.org\/{rel}","templated":true}]}}