{"id":481883,"date":"2020-03-23T00:12:00","date_gmt":"2020-03-23T03:12:00","guid":{"rendered":"https:\/\/www.estrategiaconcursos.com.br\/blog\/?p=481883"},"modified":"2023-06-15T10:36:13","modified_gmt":"2023-06-15T13:36:13","slug":"concurso-iss-abreu-e-lima","status":"publish","type":"post","link":"https:\/\/www.estrategiaconcursos.com.br\/blog\/concurso-iss-abreu-e-lima\/","title":{"rendered":"Concurso ISS Abreu e Lima: provas s\u00e3o suspensas!"},"content":{"rendered":"\n<p>O edital do concurso ISS Abreu e Lima, munic\u00edpio do Estado do Pernambuco, foi temporariamente suspenso por conta do surto do novo Coronav\u00edrus em todo o pa\u00eds. Com isso, ainda n\u00e3o h\u00e1 uma data para retomada do certame. Novas informa\u00e7\u00f5es ser\u00e3o divulgadas no portal da Prefeitura e da organizadora.<\/p>\n\n\n\n<p>O edital da Prefeitura oferta 02 vagas imediatas mais 06 para forma\u00e7\u00e3o de cadastro reserva. As oportunidades s\u00e3o para os cargos de Auditor Fiscal e T\u00e9cnico Tribut\u00e1rio, ambos com exig\u00eancia de forma\u00e7\u00e3o em n\u00edvel superior.<\/p>\n\n\n\n<p>Os interessados em participar da sele\u00e7\u00e3o puderam realizar as inscri\u00e7\u00f5es at\u00e9 o dia 23 de mar\u00e7o, no site da banca organizadora, a Funda\u00e7\u00e3o Get\u00falio Vargas &#8211; FGV. <\/p>\n\n\n\n<h2 class=\"wp-block-heading\" id=\"datas\">Principais datas<\/h2>\n\n\n\n<p class=\"has-very-light-gray-background-color has-background\"><strong>Inscri\u00e7\u00f5es<\/strong>: <s>18 de fevereiro a 23 de mar\u00e7o<\/s><br \/><strong>Isen\u00e7\u00e3o da taxa<\/strong>: <s>18 a 10 de fevereiro<\/s><br \/><strong>\u00daltimo dia para pagamento<\/strong>: <s>24 de mar\u00e7o<\/s><br \/><strong>Prova<\/strong>: <s>31 de maio<\/s> SUSPENSA<\/p>\n\n\n\n<h2 class=\"wp-block-heading\" id=\"cargos-vagas\">Cargos e vagas do concurso ISS Abreu e Lima <\/h2>\n\n\n\n<p class=\"has-medium-font-size\"><strong>Auditor Fiscal<\/strong><\/p>\n\n\n\n<ul class=\"wp-block-list\">\n<li><strong>Vagas<\/strong>: 02 + 02 CR<\/li>\n\n\n\n<li><strong>Carga hor\u00e1ria<\/strong>: 40 horas semanais <\/li>\n\n\n\n<li><strong>Sal\u00e1rio<\/strong>: R$ 2.585,69 <\/li>\n\n\n\n<li><strong>Requisitos<\/strong>: N\u00edvel Superior <\/li>\n<\/ul>\n\n\n\n<p class=\"has-medium-font-size\"><strong>T\u00e9cnico Tribut\u00e1rio<\/strong><\/p>\n\n\n\n<ul class=\"wp-block-list\">\n<li><strong>Vagas<\/strong>: 6 CR <\/li>\n\n\n\n<li><strong>Carga hor\u00e1ria<\/strong>: 40 horas semanais <\/li>\n\n\n\n<li><strong>Sal\u00e1rio<\/strong>: R$ 2.585,69 <\/li>\n\n\n\n<li><strong>Requisitos<\/strong>: Diploma, devidamente registrado, de conclus\u00e3o de curso de gradua\u00e7\u00e3o de n\u00edvel superior em qualquer \u00e1rea de forma\u00e7\u00e3o, fornecido por institui\u00e7\u00e3o de ensino superior reconhecida pelo MEC. <\/li>\n<\/ul>\n\n\n\n<h2 class=\"wp-block-heading\">Prova Objetiva<\/h2>\n\n\n\n<p>A Prova Escrita Objetiva, de car\u00e1ter eliminat\u00f3rio e classificat\u00f3rio ser\u00e1 realizada, preferencialmente, na cidade de Abreu e Lima. Sua aplica\u00e7\u00e3o era prevista para o dia 31 de maio, no turno da manh\u00e3, \u00e0s 08h.<\/p>\n\n\n\n<p><strong>Auditor Fiscal:<\/strong><\/p>\n\n\n\n<ul class=\"wp-block-list\">\n<li><em>L\u00edngua Portuguesa \u2013 10<\/em><\/li>\n\n\n\n<li><em>Racioc\u00ednio L\u00f3gico \u2013 08<\/em><\/li>\n\n\n\n<li><em>Matem\u00e1tica Financeira \u2013 06<\/em><\/li>\n\n\n\n<li><em>Direito Administrativo \u2013 06<\/em><\/li>\n\n\n\n<li><em>Direito Civil \u2013 06<\/em><\/li>\n\n\n\n<li><em>Direito Constitucional \u2013 06<\/em><\/li>\n\n\n\n<li><em>Direito Tribut\u00e1rio \u2013 08<\/em><\/li>\n\n\n\n<li><em>Contabilidade Geral e Auditoria \u2013 20<\/em><\/li>\n<\/ul>\n\n\n\n<p><strong>T\u00e9cnico Tribut\u00e1rio:<\/strong><\/p>\n\n\n\n<ul class=\"wp-block-list\">\n<li><em>L\u00edngua Portuguesa \u2013 10<\/em><\/li>\n\n\n\n<li><em>Racioc\u00ednio L\u00f3gico \u2013 10<\/em><\/li>\n\n\n\n<li><em>Direito Administrativo \u2013 06<\/em><\/li>\n\n\n\n<li><em>Direito Civil \u2013 06<\/em><\/li>\n\n\n\n<li><em>Direito Constitucional \u2013 06<\/em><\/li>\n\n\n\n<li><em>Direito Tribut\u00e1rio \u2013 08<\/em><\/li>\n\n\n\n<li><em>Contabilidade Geral e Auditoria \u2013 14<\/em><\/li>\n\n\n\n<li><em>Contabilidade de Custos \u2013 10<\/em><\/li>\n<\/ul>\n\n\n\n<p class=\"has-text-align-center has-normal-font-size\"><strong><em>N\u00e3o deixe de conferir tamb\u00e9m nosso artigo com informa\u00e7\u00f5es completas e detalhadas sobre o concurso da Prefeitura Municipal de Abreu e Lima.<\/em><\/strong><\/p>\n\n\n\n<p class=\"has-text-align-center has-very-light-gray-background-color has-background has-medium-font-size\"><strong>Saiba mais: <a rel=\"noreferrer noopener\" aria-label=\"Concurso Prefeitura de Abreu e Lima (abre numa nova aba)\" href=\"https:\/\/www.estrategiaconcursos.com.br\/blog\/concurso-prefeitura-de-abreu-e-lima\/\" target=\"_blank\">Concurso Prefeitura de Abreu e Lima<\/a><\/strong><\/p>\n\n\n\n<hr class=\"wp-block-separator has-css-opacity\"\/>\n\n\n\n<h2 class=\"wp-block-heading has-text-align-center\" id=\"cursos-assinatura\">Quer estudar para o concurso ISS Abreu e Lima?<\/h2>\n\n\n\n<p class=\"has-text-align-center\"><em>Gostou desta oportunidade e deseja come\u00e7ar se preparar agora mesmo? Ent\u00e3o, confira os nossos cursos e comece a estudar:<\/em><\/p>\n\n\n\n<p class=\"has-text-align-center has-light-green-cyan-background-color has-background\" style=\"font-size:clamp(14.642px, 0.915rem + ((1vw - 3.2px) * 0.721), 22px);px\"><strong><a href=\"https:\/\/www.estrategiaconcursos.com.br\/cursosPorConcurso\/prefeitura-municipal-de-abreu-e-lima-pe\/\" target=\"_blank\" rel=\"noreferrer noopener\" aria-label=\"Cursos ISS Abreu e Lima (abre numa nova aba)\">Cursos ISS Abreu e Lima<\/a><\/strong><\/p>\n\n\n\n<p class=\"has-text-align-center has-medium-font-size\"><em><strong>Assinatura Anual Ilimitada*<\/strong><\/em><\/p>\n\n\n\n<p class=\"has-text-align-center\"><em>Prepare-se com o melhor material e com quem mais aprova em Concursos P\u00fablicos em todo o pa\u00eds. Assine agora a nossa Assinatura Anual e tenha acesso ilimitado* a todos os nossos cursos.<\/em><\/p>\n\n\n\n<p class=\"has-text-align-center has-luminous-vivid-amber-background-color has-background\" style=\"font-size:clamp(14.642px, 0.915rem + ((1vw - 3.2px) * 0.721), 22px);px\"><strong>ASSINE AGORA<\/strong>&nbsp;\u2013&nbsp;<strong><a rel=\"noreferrer noopener\" href=\"https:\/\/www.estrategiaconcursos.com.br\/assinaturas\" target=\"_blank\">Assinatura Ilimitada<\/a><\/strong><\/p>\n\n\n\n<p class=\"has-text-align-center has-medium-font-size\"><strong><em><strong>Sistema de Quest\u00f5es<\/strong><\/em><\/strong><\/p>\n\n\n\n<p class=\"has-text-align-center\"><em>Estrat\u00e9gia Quest\u00f5es nasceu maior do que todos os concorrentes, com mais quest\u00f5es cadastradas e mais solu\u00e7\u00f5es por professores. Clique no link e aproveite os descontos e b\u00f4nus imperd\u00edveis!<\/em><\/p>\n\n\n\n<p class=\"has-text-align-center has-vivid-green-cyan-background-color has-background\" style=\"font-size:clamp(14.642px, 0.915rem + ((1vw - 3.2px) * 0.721), 22px);px\"><strong>ASSINE AGORA \u2013&nbsp;<a href=\"https:\/\/www.estrategiaconcursos.com.br\/cursosPorConcurso\/sistema-de-questoes\/#\/\" target=\"_blank\" rel=\"noreferrer noopener\">Sistema de Quest\u00f5es<\/a><\/strong><\/p>\n\n\n\n<p class=\"has-text-align-center has-medium-font-size\"><strong><em>Fique por dentro de todos os concursos<\/em><\/strong><\/p>\n\n\n\n<p class=\"has-text-align-center has-pale-cyan-blue-background-color has-background\" style=\"font-size:clamp(14.642px, 0.915rem + ((1vw - 3.2px) * 0.721), 22px);px\"><a href=\"https:\/\/www.estrategiaconcursos.com.br\/blog\/concursos-abertos\/\" target=\"_blank\" rel=\"noreferrer noopener\"><strong>CONCURSOS ABERTOS<\/strong><\/a><\/p>\n\n\n\n<figure class=\"wp-block-image\"><img loading=\"lazy\" decoding=\"async\" width=\"300\" height=\"102\" src=\"https:\/\/dhg1h5j42swfq.cloudfront.net\/2017\/03\/28152500\/coruja-ficha-tecnica-300x102.png\" alt=\"Ficha t\u00e9cnica concurso iss abreu e lima\" class=\"wp-image-68542\"\/><\/figure>\n\n\n\n<h3 class=\"wp-block-heading\" id=\"ficha-tecnica\"><strong>Informa\u00e7\u00f5es do c<\/strong>oncurso ISS Abreu e Lima<\/h3>\n\n\n\n<p>\u25ba<strong>Provas<\/strong>: SUSPENSAS<br \/>\u25ba<strong>Vagas<\/strong>: 02 + 08 CR<br \/>\u25ba<strong>Cargos<\/strong>: Auditor Fiscal e T\u00e9cnico Tribut\u00e1rio<br \/>\u25ba<strong>Banca<\/strong>: FGV<br \/>\u25ba<strong>Escolaridade<\/strong>: N\u00edvel superior<br \/>\u25ba<strong>Edital<\/strong>:&nbsp;<a rel=\"noreferrer noopener\" href=\"https:\/\/dhg1h5j42swfq.cloudfront.net\/2020\/02\/14111021\/Edital_de_abertura_PAL__SUPERIOR_-FINAL.pdf.pdf\" target=\"_blank\">Edital ISS Abreu e Lima<\/a>&nbsp;| <a rel=\"noreferrer noopener\" aria-label=\"Retifica\u00e7\u00e3o (abre numa nova aba)\" href=\"https:\/\/dhg1h5j42swfq.cloudfront.net\/2020\/02\/19092417\/1a_retificacao_Edital_Abreu_Lima_S.pdf\" target=\"_blank\">Retifica\u00e7\u00e3o<\/a><\/p>\n\n\n\n<p><br \/><em>Ascom Estrat\u00e9gia<\/em><br \/>ascomestrategia@gmail.com<\/p>\n","protected":false},"excerpt":{"rendered":"<p>O edital do concurso ISS Abreu e Lima, munic\u00edpio do Estado do Pernambuco, foi temporariamente suspenso por conta do surto do novo Coronav\u00edrus em todo o pa\u00eds. Com isso, ainda n\u00e3o h\u00e1 uma data para retomada do certame. Novas informa\u00e7\u00f5es ser\u00e3o divulgadas no portal da Prefeitura e da organizadora. O edital da Prefeitura oferta 02 [&hellip;]<\/p>\n","protected":false},"author":1276,"featured_media":483748,"comment_status":"open","ping_status":"closed","sticky":false,"template":"","format":"standard","meta":{"post_tipo":"article","footnotes":""},"categories":[1],"tags":[],"tax_estado":[],"class_list":["post-481883","post","type-post","status-publish","format-standard","has-post-thumbnail","hentry","category-cursos-e-concursos"],"acf":[],"yoast_head":"<!-- This site is optimized with the Yoast SEO Premium plugin v27.2 (Yoast SEO v27.2) - https:\/\/yoast.com\/product\/yoast-seo-premium-wordpress\/ -->\n<title>Concurso ISS Abreu e Lima: provas s\u00e3o suspensas!<\/title>\n<meta name=\"description\" content=\"Concurso ISS Abreu e Lima - PE: certame tem provas suspensas por conta da COVID-19. Vagas imediatas e CR para n\u00edvel superior. Confira!\" \/>\n<meta name=\"robots\" content=\"index, follow, max-snippet:-1, max-image-preview:large, max-video-preview:-1\" \/>\n<link rel=\"canonical\" href=\"https:\/\/www.estrategiaconcursos.com.br\/blog\/concurso-iss-abreu-e-lima\/\" \/>\n<meta property=\"og:locale\" content=\"pt_BR\" \/>\n<meta property=\"og:type\" content=\"article\" \/>\n<meta property=\"og:title\" content=\"Concurso ISS Abreu e Lima: provas s\u00e3o suspensas!\" \/>\n<meta property=\"og:description\" content=\"Concurso ISS Abreu e Lima - PE: certame tem provas suspensas por conta da COVID-19. Vagas imediatas e CR para n\u00edvel superior. Confira!\" \/>\n<meta property=\"og:url\" content=\"https:\/\/www.estrategiaconcursos.com.br\/blog\/concurso-iss-abreu-e-lima\/\" \/>\n<meta property=\"og:site_name\" content=\"Estrat\u00e9gia Concursos\" \/>\n<meta property=\"article:published_time\" content=\"2020-03-23T03:12:00+00:00\" \/>\n<meta property=\"article:modified_time\" content=\"2023-06-15T13:36:13+00:00\" \/>\n<meta property=\"og:image\" content=\"https:\/\/dhg1h5j42swfq.cloudfront.net\/2020\/02\/19114442\/ISS_Abreu_e_Lima.jpg\" \/>\n\t<meta property=\"og:image:width\" content=\"1200\" \/>\n\t<meta property=\"og:image:height\" content=\"628\" \/>\n\t<meta property=\"og:image:type\" content=\"image\/jpeg\" \/>\n<meta name=\"author\" content=\"Victor Shinichi Tanaka\" \/>\n<meta name=\"twitter:card\" content=\"summary_large_image\" \/>\n<meta name=\"twitter:creator\" content=\"@EstratConcursos\" \/>\n<meta name=\"twitter:site\" content=\"@EstratConcursos\" \/>\n<meta name=\"twitter:label1\" content=\"Escrito por\" \/>\n\t<meta name=\"twitter:data1\" content=\"Victor Shinichi Tanaka\" \/>\n\t<meta name=\"twitter:label2\" content=\"Est. tempo de leitura\" \/>\n\t<meta name=\"twitter:data2\" content=\"3 minutos\" \/>\n<script type=\"application\/ld+json\" class=\"yoast-schema-graph\">{\"@context\":\"https:\/\/schema.org\",\"@graph\":[{\"@type\":\"NewsArticle\",\"@id\":\"https:\/\/www.estrategiaconcursos.com.br\/blog\/concurso-iss-abreu-e-lima\/#article\",\"isPartOf\":{\"@id\":\"https:\/\/www.estrategiaconcursos.com.br\/blog\/concurso-iss-abreu-e-lima\/\"},\"author\":{\"name\":\"Victor Shinichi Tanaka\",\"@id\":\"https:\/\/www.estrategiaconcursos.com.br\/blog\/#\/schema\/person\/602a4eaf2bed921c107675da3a65b0e0\"},\"headline\":\"Concurso ISS Abreu e Lima: provas s\u00e3o suspensas!\",\"datePublished\":\"2020-03-23T03:12:00+00:00\",\"dateModified\":\"2023-06-15T13:36:13+00:00\",\"mainEntityOfPage\":{\"@id\":\"https:\/\/www.estrategiaconcursos.com.br\/blog\/concurso-iss-abreu-e-lima\/\"},\"wordCount\":532,\"commentCount\":0,\"publisher\":{\"@id\":\"https:\/\/www.estrategiaconcursos.com.br\/blog\/#organization\"},\"image\":{\"@id\":\"https:\/\/www.estrategiaconcursos.com.br\/blog\/concurso-iss-abreu-e-lima\/#primaryimage\"},\"thumbnailUrl\":\"https:\/\/dhg1h5j42swfq.cloudfront.net\/2020\/02\/19114442\/ISS_Abreu_e_Lima.jpg\",\"articleSection\":[\"Concursos P\u00fablicos\"],\"inLanguage\":\"pt-BR\",\"potentialAction\":[{\"@type\":\"CommentAction\",\"name\":\"Comment\",\"target\":[\"https:\/\/www.estrategiaconcursos.com.br\/blog\/concurso-iss-abreu-e-lima\/#respond\"]}],\"copyrightYear\":\"2020\",\"copyrightHolder\":{\"@id\":\"https:\/\/www.estrategiaconcursos.com.br\/blog\/#organization\"}},{\"@type\":\"WebPage\",\"@id\":\"https:\/\/www.estrategiaconcursos.com.br\/blog\/concurso-iss-abreu-e-lima\/\",\"url\":\"https:\/\/www.estrategiaconcursos.com.br\/blog\/concurso-iss-abreu-e-lima\/\",\"name\":\"Concurso ISS Abreu e Lima: provas s\u00e3o suspensas!\",\"isPartOf\":{\"@id\":\"https:\/\/www.estrategiaconcursos.com.br\/blog\/#website\"},\"primaryImageOfPage\":{\"@id\":\"https:\/\/www.estrategiaconcursos.com.br\/blog\/concurso-iss-abreu-e-lima\/#primaryimage\"},\"image\":{\"@id\":\"https:\/\/www.estrategiaconcursos.com.br\/blog\/concurso-iss-abreu-e-lima\/#primaryimage\"},\"thumbnailUrl\":\"https:\/\/dhg1h5j42swfq.cloudfront.net\/2020\/02\/19114442\/ISS_Abreu_e_Lima.jpg\",\"datePublished\":\"2020-03-23T03:12:00+00:00\",\"dateModified\":\"2023-06-15T13:36:13+00:00\",\"description\":\"Concurso ISS Abreu e Lima - PE: certame tem provas suspensas por conta da COVID-19. Vagas imediatas e CR para n\u00edvel superior. Confira!\",\"breadcrumb\":{\"@id\":\"https:\/\/www.estrategiaconcursos.com.br\/blog\/concurso-iss-abreu-e-lima\/#breadcrumb\"},\"inLanguage\":\"pt-BR\",\"potentialAction\":[{\"@type\":\"ReadAction\",\"target\":[\"https:\/\/www.estrategiaconcursos.com.br\/blog\/concurso-iss-abreu-e-lima\/\"]}]},{\"@type\":\"ImageObject\",\"inLanguage\":\"pt-BR\",\"@id\":\"https:\/\/www.estrategiaconcursos.com.br\/blog\/concurso-iss-abreu-e-lima\/#primaryimage\",\"url\":\"https:\/\/dhg1h5j42swfq.cloudfront.net\/2020\/02\/19114442\/ISS_Abreu_e_Lima.jpg\",\"contentUrl\":\"https:\/\/dhg1h5j42swfq.cloudfront.net\/2020\/02\/19114442\/ISS_Abreu_e_Lima.jpg\",\"width\":1200,\"height\":628},{\"@type\":\"BreadcrumbList\",\"@id\":\"https:\/\/www.estrategiaconcursos.com.br\/blog\/concurso-iss-abreu-e-lima\/#breadcrumb\",\"itemListElement\":[{\"@type\":\"ListItem\",\"position\":1,\"name\":\"In\u00edcio\",\"item\":\"https:\/\/www.estrategiaconcursos.com.br\/blog\/\"},{\"@type\":\"ListItem\",\"position\":2,\"name\":\"Concurso ISS Abreu e Lima: provas s\u00e3o suspensas!\"}]},{\"@type\":\"WebSite\",\"@id\":\"https:\/\/www.estrategiaconcursos.com.br\/blog\/#website\",\"url\":\"https:\/\/www.estrategiaconcursos.com.br\/blog\/\",\"name\":\"Estrat\u00e9gia Concursos\",\"description\":\"O blog da Estrat\u00e9gia Concursos traz not\u00edcias sobre concursos e artigos de professores oferecendo cursos para concursos (pdf + videaulas) no site.\",\"publisher\":{\"@id\":\"https:\/\/www.estrategiaconcursos.com.br\/blog\/#organization\"},\"potentialAction\":[{\"@type\":\"SearchAction\",\"target\":{\"@type\":\"EntryPoint\",\"urlTemplate\":\"https:\/\/www.estrategiaconcursos.com.br\/blog\/?s={search_term_string}\"},\"query-input\":{\"@type\":\"PropertyValueSpecification\",\"valueRequired\":true,\"valueName\":\"search_term_string\"}}],\"inLanguage\":\"pt-BR\"},{\"@type\":\"Organization\",\"@id\":\"https:\/\/www.estrategiaconcursos.com.br\/blog\/#organization\",\"name\":\"Estrat\u00e9gia Concursos\",\"url\":\"https:\/\/www.estrategiaconcursos.com.br\/blog\/\",\"logo\":{\"@type\":\"ImageObject\",\"inLanguage\":\"pt-BR\",\"@id\":\"https:\/\/www.estrategiaconcursos.com.br\/blog\/#\/schema\/logo\/image\/\",\"url\":\"https:\/\/dhg1h5j42swfq.cloudfront.net\/2025\/06\/03203428\/logo_concursos-1.jpg\",\"contentUrl\":\"https:\/\/dhg1h5j42swfq.cloudfront.net\/2025\/06\/03203428\/logo_concursos-1.jpg\",\"width\":230,\"height\":60,\"caption\":\"Estrat\u00e9gia Concursos\"},\"image\":{\"@id\":\"https:\/\/www.estrategiaconcursos.com.br\/blog\/#\/schema\/logo\/image\/\"},\"sameAs\":[\"https:\/\/x.com\/EstratConcursos\"]},{\"@type\":\"Person\",\"@id\":\"https:\/\/www.estrategiaconcursos.com.br\/blog\/#\/schema\/person\/602a4eaf2bed921c107675da3a65b0e0\",\"name\":\"Victor Shinichi Tanaka\",\"image\":{\"@type\":\"ImageObject\",\"inLanguage\":\"pt-BR\",\"@id\":\"https:\/\/secure.gravatar.com\/avatar\/3772723eea77b2e6a2231e357d6339c6c129c6fb65cda4d02d0f3ca700221333?s=96&d=mm&r=g\",\"url\":\"https:\/\/secure.gravatar.com\/avatar\/3772723eea77b2e6a2231e357d6339c6c129c6fb65cda4d02d0f3ca700221333?s=96&d=mm&r=g\",\"contentUrl\":\"https:\/\/secure.gravatar.com\/avatar\/3772723eea77b2e6a2231e357d6339c6c129c6fb65cda4d02d0f3ca700221333?s=96&d=mm&r=g\",\"caption\":\"Victor Shinichi Tanaka\"},\"url\":\"https:\/\/www.estrategiaconcursos.com.br\/blog\/author\/victorstanakagmail-com\/\"}]}<\/script>\n<!-- \/ Yoast SEO Premium plugin. -->","yoast_head_json":{"title":"Concurso ISS Abreu e Lima: provas s\u00e3o suspensas!","description":"Concurso ISS Abreu e Lima - PE: certame tem provas suspensas por conta da COVID-19. Vagas imediatas e CR para n\u00edvel superior. Confira!","robots":{"index":"index","follow":"follow","max-snippet":"max-snippet:-1","max-image-preview":"max-image-preview:large","max-video-preview":"max-video-preview:-1"},"canonical":"https:\/\/www.estrategiaconcursos.com.br\/blog\/concurso-iss-abreu-e-lima\/","og_locale":"pt_BR","og_type":"article","og_title":"Concurso ISS Abreu e Lima: provas s\u00e3o suspensas!","og_description":"Concurso ISS Abreu e Lima - PE: certame tem provas suspensas por conta da COVID-19. Vagas imediatas e CR para n\u00edvel superior. Confira!","og_url":"https:\/\/www.estrategiaconcursos.com.br\/blog\/concurso-iss-abreu-e-lima\/","og_site_name":"Estrat\u00e9gia Concursos","article_published_time":"2020-03-23T03:12:00+00:00","article_modified_time":"2023-06-15T13:36:13+00:00","og_image":[{"width":1200,"height":628,"url":"https:\/\/dhg1h5j42swfq.cloudfront.net\/2020\/02\/19114442\/ISS_Abreu_e_Lima.jpg","type":"image\/jpeg"}],"author":"Victor Shinichi Tanaka","twitter_card":"summary_large_image","twitter_creator":"@EstratConcursos","twitter_site":"@EstratConcursos","twitter_misc":{"Escrito por":"Victor Shinichi Tanaka","Est. tempo de leitura":"3 minutos"},"schema":{"@context":"https:\/\/schema.org","@graph":[{"@type":"NewsArticle","@id":"https:\/\/www.estrategiaconcursos.com.br\/blog\/concurso-iss-abreu-e-lima\/#article","isPartOf":{"@id":"https:\/\/www.estrategiaconcursos.com.br\/blog\/concurso-iss-abreu-e-lima\/"},"author":{"name":"Victor Shinichi Tanaka","@id":"https:\/\/www.estrategiaconcursos.com.br\/blog\/#\/schema\/person\/602a4eaf2bed921c107675da3a65b0e0"},"headline":"Concurso ISS Abreu e Lima: provas s\u00e3o suspensas!","datePublished":"2020-03-23T03:12:00+00:00","dateModified":"2023-06-15T13:36:13+00:00","mainEntityOfPage":{"@id":"https:\/\/www.estrategiaconcursos.com.br\/blog\/concurso-iss-abreu-e-lima\/"},"wordCount":532,"commentCount":0,"publisher":{"@id":"https:\/\/www.estrategiaconcursos.com.br\/blog\/#organization"},"image":{"@id":"https:\/\/www.estrategiaconcursos.com.br\/blog\/concurso-iss-abreu-e-lima\/#primaryimage"},"thumbnailUrl":"https:\/\/dhg1h5j42swfq.cloudfront.net\/2020\/02\/19114442\/ISS_Abreu_e_Lima.jpg","articleSection":["Concursos P\u00fablicos"],"inLanguage":"pt-BR","potentialAction":[{"@type":"CommentAction","name":"Comment","target":["https:\/\/www.estrategiaconcursos.com.br\/blog\/concurso-iss-abreu-e-lima\/#respond"]}],"copyrightYear":"2020","copyrightHolder":{"@id":"https:\/\/www.estrategiaconcursos.com.br\/blog\/#organization"}},{"@type":"WebPage","@id":"https:\/\/www.estrategiaconcursos.com.br\/blog\/concurso-iss-abreu-e-lima\/","url":"https:\/\/www.estrategiaconcursos.com.br\/blog\/concurso-iss-abreu-e-lima\/","name":"Concurso ISS Abreu e Lima: provas s\u00e3o suspensas!","isPartOf":{"@id":"https:\/\/www.estrategiaconcursos.com.br\/blog\/#website"},"primaryImageOfPage":{"@id":"https:\/\/www.estrategiaconcursos.com.br\/blog\/concurso-iss-abreu-e-lima\/#primaryimage"},"image":{"@id":"https:\/\/www.estrategiaconcursos.com.br\/blog\/concurso-iss-abreu-e-lima\/#primaryimage"},"thumbnailUrl":"https:\/\/dhg1h5j42swfq.cloudfront.net\/2020\/02\/19114442\/ISS_Abreu_e_Lima.jpg","datePublished":"2020-03-23T03:12:00+00:00","dateModified":"2023-06-15T13:36:13+00:00","description":"Concurso ISS Abreu e Lima - PE: certame tem provas suspensas por conta da COVID-19. Vagas imediatas e CR para n\u00edvel superior. Confira!","breadcrumb":{"@id":"https:\/\/www.estrategiaconcursos.com.br\/blog\/concurso-iss-abreu-e-lima\/#breadcrumb"},"inLanguage":"pt-BR","potentialAction":[{"@type":"ReadAction","target":["https:\/\/www.estrategiaconcursos.com.br\/blog\/concurso-iss-abreu-e-lima\/"]}]},{"@type":"ImageObject","inLanguage":"pt-BR","@id":"https:\/\/www.estrategiaconcursos.com.br\/blog\/concurso-iss-abreu-e-lima\/#primaryimage","url":"https:\/\/dhg1h5j42swfq.cloudfront.net\/2020\/02\/19114442\/ISS_Abreu_e_Lima.jpg","contentUrl":"https:\/\/dhg1h5j42swfq.cloudfront.net\/2020\/02\/19114442\/ISS_Abreu_e_Lima.jpg","width":1200,"height":628},{"@type":"BreadcrumbList","@id":"https:\/\/www.estrategiaconcursos.com.br\/blog\/concurso-iss-abreu-e-lima\/#breadcrumb","itemListElement":[{"@type":"ListItem","position":1,"name":"In\u00edcio","item":"https:\/\/www.estrategiaconcursos.com.br\/blog\/"},{"@type":"ListItem","position":2,"name":"Concurso ISS Abreu e Lima: provas s\u00e3o suspensas!"}]},{"@type":"WebSite","@id":"https:\/\/www.estrategiaconcursos.com.br\/blog\/#website","url":"https:\/\/www.estrategiaconcursos.com.br\/blog\/","name":"Estrat\u00e9gia Concursos","description":"O blog da Estrat\u00e9gia Concursos traz not\u00edcias sobre concursos e artigos de professores oferecendo cursos para concursos (pdf + videaulas) no site.","publisher":{"@id":"https:\/\/www.estrategiaconcursos.com.br\/blog\/#organization"},"potentialAction":[{"@type":"SearchAction","target":{"@type":"EntryPoint","urlTemplate":"https:\/\/www.estrategiaconcursos.com.br\/blog\/?s={search_term_string}"},"query-input":{"@type":"PropertyValueSpecification","valueRequired":true,"valueName":"search_term_string"}}],"inLanguage":"pt-BR"},{"@type":"Organization","@id":"https:\/\/www.estrategiaconcursos.com.br\/blog\/#organization","name":"Estrat\u00e9gia Concursos","url":"https:\/\/www.estrategiaconcursos.com.br\/blog\/","logo":{"@type":"ImageObject","inLanguage":"pt-BR","@id":"https:\/\/www.estrategiaconcursos.com.br\/blog\/#\/schema\/logo\/image\/","url":"https:\/\/dhg1h5j42swfq.cloudfront.net\/2025\/06\/03203428\/logo_concursos-1.jpg","contentUrl":"https:\/\/dhg1h5j42swfq.cloudfront.net\/2025\/06\/03203428\/logo_concursos-1.jpg","width":230,"height":60,"caption":"Estrat\u00e9gia Concursos"},"image":{"@id":"https:\/\/www.estrategiaconcursos.com.br\/blog\/#\/schema\/logo\/image\/"},"sameAs":["https:\/\/x.com\/EstratConcursos"]},{"@type":"Person","@id":"https:\/\/www.estrategiaconcursos.com.br\/blog\/#\/schema\/person\/602a4eaf2bed921c107675da3a65b0e0","name":"Victor Shinichi Tanaka","image":{"@type":"ImageObject","inLanguage":"pt-BR","@id":"https:\/\/secure.gravatar.com\/avatar\/3772723eea77b2e6a2231e357d6339c6c129c6fb65cda4d02d0f3ca700221333?s=96&d=mm&r=g","url":"https:\/\/secure.gravatar.com\/avatar\/3772723eea77b2e6a2231e357d6339c6c129c6fb65cda4d02d0f3ca700221333?s=96&d=mm&r=g","contentUrl":"https:\/\/secure.gravatar.com\/avatar\/3772723eea77b2e6a2231e357d6339c6c129c6fb65cda4d02d0f3ca700221333?s=96&d=mm&r=g","caption":"Victor Shinichi Tanaka"},"url":"https:\/\/www.estrategiaconcursos.com.br\/blog\/author\/victorstanakagmail-com\/"}]}},"_links":{"self":[{"href":"https:\/\/www.estrategiaconcursos.com.br\/blog\/wp-json\/wp\/v2\/posts\/481883","targetHints":{"allow":["GET"]}}],"collection":[{"href":"https:\/\/www.estrategiaconcursos.com.br\/blog\/wp-json\/wp\/v2\/posts"}],"about":[{"href":"https:\/\/www.estrategiaconcursos.com.br\/blog\/wp-json\/wp\/v2\/types\/post"}],"author":[{"embeddable":true,"href":"https:\/\/www.estrategiaconcursos.com.br\/blog\/wp-json\/wp\/v2\/users\/1276"}],"replies":[{"embeddable":true,"href":"https:\/\/www.estrategiaconcursos.com.br\/blog\/wp-json\/wp\/v2\/comments?post=481883"}],"version-history":[{"count":15,"href":"https:\/\/www.estrategiaconcursos.com.br\/blog\/wp-json\/wp\/v2\/posts\/481883\/revisions"}],"predecessor-version":[{"id":1232690,"href":"https:\/\/www.estrategiaconcursos.com.br\/blog\/wp-json\/wp\/v2\/posts\/481883\/revisions\/1232690"}],"wp:featuredmedia":[{"embeddable":true,"href":"https:\/\/www.estrategiaconcursos.com.br\/blog\/wp-json\/wp\/v2\/media\/483748"}],"wp:attachment":[{"href":"https:\/\/www.estrategiaconcursos.com.br\/blog\/wp-json\/wp\/v2\/media?parent=481883"}],"wp:term":[{"taxonomy":"category","embeddable":true,"href":"https:\/\/www.estrategiaconcursos.com.br\/blog\/wp-json\/wp\/v2\/categories?post=481883"},{"taxonomy":"post_tag","embeddable":true,"href":"https:\/\/www.estrategiaconcursos.com.br\/blog\/wp-json\/wp\/v2\/tags?post=481883"},{"taxonomy":"tax_estado","embeddable":true,"href":"https:\/\/www.estrategiaconcursos.com.br\/blog\/wp-json\/wp\/v2\/tax_estado?post=481883"}],"curies":[{"name":"wp","href":"https:\/\/api.w.org\/{rel}","templated":true}]}}