{"id":481698,"date":"2020-04-08T01:00:38","date_gmt":"2020-04-08T04:00:38","guid":{"rendered":"https:\/\/www.estrategiaconcursos.com.br\/blog\/?p=481698"},"modified":"2023-06-26T16:31:40","modified_gmt":"2023-06-26T19:31:40","slug":"edital-secretaria-de-fazenda-de-contagem","status":"publish","type":"post","link":"https:\/\/www.estrategiaconcursos.com.br\/blog\/edital-secretaria-de-fazenda-de-contagem\/","title":{"rendered":"Edital Secretaria da Fazenda de Contagem: provas suspensas temporariamente"},"content":{"rendered":"\n<p>Est\u00e3o suspensas as provas do concurso&nbsp;p\u00fablico da <strong>Secretaria de Fazenda de Contagem<\/strong>, Estado de Minas Gerais. Segundo o documento publicado, a suspens\u00e3o foi decretada por conta das medidas tempor\u00e1rias de preven\u00e7\u00e3o do novo Coronav\u00edrus \u2013 COVID-19, no \u00e2mbito do Poder Executivo Municipal.<\/p>\n\n\n\n<p>Ao todo, o certame ofertadas 20 vagas para os cargos de <strong>Agente e Analista Fazend\u00e1rio<\/strong>, sendo 14 para ampla concorr\u00eancia, 2 para PcD e 4 para negros e pardos<strong>.<\/strong><\/p>\n\n\n\n<p>Os sal\u00e1rios podem variar conforme o cargo desejado, sendo inicial de R$ 1.986,42 para Agente e R$ 3.796,47 acrescido de Gratifica\u00e7\u00e3o de Incentivo \u00e0 Produtividade (GIP) para Analista.<\/p>\n\n\n\n<h2 class=\"wp-block-heading\"> Principais datas:<\/h2>\n\n\n\n<p class=\"has-very-light-gray-background-color has-background\"><strong>Inscri\u00e7\u00f5es<\/strong>: 08\/04 e 08\/05\/2020<br \/><strong>Prazo para pagar a taxa<\/strong>: at\u00e9 11\/05\/2020<br \/><strong>Provas<\/strong>: 24\/05\/2020 (SUSPENSAS)<\/p>\n\n\n\n<h2 class=\"wp-block-heading\">Etapas do edital Secretaria de Fazenda de Contagem<\/h2>\n\n\n\n<p>As Provas Objetivas de M\u00faltipla Escolha e Discursivas ser\u00e3o aplicadas na cidade de Contagem\/MG, na data prov\u00e1vel de 24 de maio. A dura\u00e7\u00e3o das provas ser\u00e1 de 6 horas.<\/p>\n\n\n\n<p>As Provas Objetivas de M\u00faltipla Escolha ter\u00e3o car\u00e1ter eliminat\u00f3rio e classificat\u00f3rio e ser\u00e3o constitu\u00eddas, da seguinte forma: <\/p>\n\n\n\n<figure class=\"wp-block-image aligncenter size-large is-resized\"><img loading=\"lazy\" decoding=\"async\" src=\"https:\/\/dhg1h5j42swfq.cloudfront.net\/2020\/02\/14093350\/image-67.png\" alt=\"\" class=\"wp-image-481729\" width=\"622\" height=\"430\" srcset=\"https:\/\/dhg1h5j42swfq.cloudfront.net\/2020\/02\/14093350\/image-67.png 746w, https:\/\/dhg1h5j42swfq.cloudfront.net\/2020\/02\/14093350\/image-67-300x208.png 300w, https:\/\/dhg1h5j42swfq.cloudfront.net\/2020\/02\/14093350\/image-67-610x422.png 610w\" sizes=\"auto, (max-width: 622px) 100vw, 622px\" \/><\/figure>\n\n\n\n<h2 class=\"wp-block-heading\">Reda\u00e7\u00e3o e Prova Discursiva <\/h2>\n\n\n\n<p>A Segunda Etapa consistir\u00e1 de Prova de Reda\u00e7\u00e3o e Prova Discursiva de car\u00e1ter eliminat\u00f3rio e classificat\u00f3rio, ser\u00e3o realizadas na mesma data de realiza\u00e7\u00e3o da primeira etapa. <\/p>\n\n\n\n<p>Ser\u00e3o convocados para as provas da segunda etapa somente os candidatos aprovados na Prova Objetiva de m\u00faltipla escolha e selecionados, em ordem decrescente de pontos obtidos, at\u00e9 15 vezes o n\u00famero de vagas ofertadas para cada cargo, conforme os quadros abaixo:<\/p>\n\n\n\n<p><strong>Crit\u00e9rios de avalia\u00e7\u00e3o da prova para o cargo Agente Fazend\u00e1rio <\/strong><\/p>\n\n\n\n<figure class=\"wp-block-image aligncenter size-large is-resized\"><img loading=\"lazy\" decoding=\"async\" src=\"https:\/\/dhg1h5j42swfq.cloudfront.net\/2020\/02\/14093829\/image-68.png\" alt=\"\" class=\"wp-image-481734\" width=\"640\" height=\"149\" srcset=\"https:\/\/dhg1h5j42swfq.cloudfront.net\/2020\/02\/14093829\/image-68.png 729w, https:\/\/dhg1h5j42swfq.cloudfront.net\/2020\/02\/14093829\/image-68-300x70.png 300w, https:\/\/dhg1h5j42swfq.cloudfront.net\/2020\/02\/14093829\/image-68-610x142.png 610w\" sizes=\"auto, (max-width: 640px) 100vw, 640px\" \/><\/figure>\n\n\n\n<p>Para o cargo de Analista Fazend\u00e1rio, a prova ser\u00e1 composta por 2 quest\u00f5es discursivas com valor de 50 pontos cada, podendo abranger os seguintes temas: Direito Tribut\u00e1rio, Legisla\u00e7\u00e3o Tribut\u00e1ria do Munic\u00edpio, Contabilidade Geral e P\u00fablica e Sistemas e Tecnologias de Informa\u00e7\u00e3o. <\/p>\n\n\n\n<p><strong>Crit\u00e9rios de avalia\u00e7\u00e3o da prova discursiva para o cargo Analista Fazend\u00e1rio<\/strong>:<\/p>\n\n\n\n<figure class=\"wp-block-image aligncenter size-large is-resized\"><img loading=\"lazy\" decoding=\"async\" src=\"https:\/\/dhg1h5j42swfq.cloudfront.net\/2020\/02\/14094018\/image-69.png\" alt=\"\" class=\"wp-image-481737\" width=\"656\" height=\"154\" srcset=\"https:\/\/dhg1h5j42swfq.cloudfront.net\/2020\/02\/14094018\/image-69.png 717w, https:\/\/dhg1h5j42swfq.cloudfront.net\/2020\/02\/14094018\/image-69-300x71.png 300w, https:\/\/dhg1h5j42swfq.cloudfront.net\/2020\/02\/14094018\/image-69-610x144.png 610w\" sizes=\"auto, (max-width: 656px) 100vw, 656px\" \/><\/figure>\n\n\n\n<p>O valor das provas da segunda etapa ser\u00e1 de 100 pontos, devendo o candidato obter a pontua\u00e7\u00e3o m\u00ednima de 60% para aprova\u00e7\u00e3o, sendo eliminado o candidato que obtiver nota zero em qualquer das quest\u00f5es ou reda\u00e7\u00e3o. <\/p>\n\n\n\n<h2 class=\"wp-block-heading has-text-align-center\" id=\"cursos-assinatura\">Quer estudar para o concurso Secretaria de Fazenda de Contagem?<\/h2>\n\n\n\n<p class=\"has-text-align-center has-luminous-vivid-amber-background-color has-background\" style=\"font-size:clamp(14.642px, 0.915rem + ((1vw - 3.2px) * 0.721), 22px);px\"><strong><a href=\"https:\/\/www.estrategiaconcursos.com.br\/cursos\/concurso\/\" target=\"_blank\" rel=\"noreferrer noopener\">CURSOS SECRETARIA DE FAZENDA DE CONTAGEM<\/a><\/strong><\/p>\n\n\n\n<p class=\"has-text-align-center\"><em><strong>Assinatura Anual Ilimitada*<\/strong><\/em><\/p>\n\n\n\n<p class=\"has-text-align-center\"><em>Prepare-se com o melhor material e com quem mais aprova em Concursos P\u00fablicos em todo o pa\u00eds. Assine agora a nossa Assinatura Anual e tenha acesso ilimitado* a todos os nossos cursos.<\/em><\/p>\n\n\n\n<p class=\"has-text-align-center has-light-green-cyan-background-color has-background\" style=\"font-size:clamp(14.642px, 0.915rem + ((1vw - 3.2px) * 0.721), 22px);px\"><strong>ASSINE AGORA&nbsp;\u2013&nbsp;<\/strong><a rel=\"noreferrer noopener\" href=\"https:\/\/www.estrategiaconcursos.com.br\/assinaturas\" target=\"_blank\"><strong>Assinatura Ilimitada<\/strong><\/a><\/p>\n\n\n\n<p class=\"has-text-align-center\"><em><strong>Fique por dentro de todos os concursos<\/strong><\/em>:<\/p>\n\n\n\n<p class=\"has-text-align-center has-pale-cyan-blue-background-color has-background\" style=\"font-size:clamp(14.642px, 0.915rem + ((1vw - 3.2px) * 0.721), 22px);px\"><a href=\"https:\/\/www.estrategiaconcursos.com.br\/blog\/concursos-abertos\/\" target=\"_blank\" rel=\"noreferrer noopener\"><strong>Concursos abertos<\/strong><\/a><\/p>\n\n\n\n<figure class=\"wp-block-image\"><img loading=\"lazy\" decoding=\"async\" width=\"300\" height=\"102\" src=\"https:\/\/dhg1h5j42swfq.cloudfront.net\/2017\/03\/28152500\/coruja-ficha-tecnica-300x102.png\" alt=\"Ficha t\u00e9cnica do concurso secretaria de fazenda de contagem\" class=\"wp-image-68542\"\/><\/figure>\n\n\n\n<h3 class=\"wp-block-heading\" id=\"ficha\"><strong>Informa\u00e7\u00f5es sobre o&nbsp;<\/strong>edital Secretaria de Fazenda de Contagem<\/h3>\n\n\n\n<p>\u25ba<strong>Data prevista:<\/strong>&nbsp;2020<br \/>\u25ba<strong>Vagas<\/strong>: 20<br \/>\u25ba<strong>Cargos<\/strong>: Analista Fazend\u00e1rio e Agente Fazend\u00e1rio<br \/>\u25ba<strong>Banca<\/strong>: Funda\u00e7\u00e3o Cefetminas<br \/>\u25ba<strong>Escolaridade<\/strong>: N\u00edvel m\u00e9dio e superior<br \/>\u25ba<strong><a rel=\"noreferrer noopener\" aria-label=\"Edital Secretaria de Fazenda de Contagem (abre numa nova aba)\" href=\"https:\/\/dhg1h5j42swfq.cloudfront.net\/2020\/02\/14094307\/Edital_Contagem.pdf\" target=\"_blank\">Edital Secretaria de Fazenda de Contagem<\/a><\/strong> <\/p>\n","protected":false},"excerpt":{"rendered":"<p>Est\u00e3o suspensas as provas do concurso&nbsp;p\u00fablico da Secretaria de Fazenda de Contagem, Estado de Minas Gerais. Segundo o documento publicado, a suspens\u00e3o foi decretada por conta das medidas tempor\u00e1rias de preven\u00e7\u00e3o do novo Coronav\u00edrus \u2013 COVID-19, no \u00e2mbito do Poder Executivo Municipal. Ao todo, o certame ofertadas 20 vagas para os cargos de Agente e [&hellip;]<\/p>\n","protected":false},"author":1170,"featured_media":444278,"comment_status":"open","ping_status":"closed","sticky":false,"template":"","format":"standard","meta":{"post_tipo":"article","footnotes":""},"categories":[1],"tags":[],"tax_estado":[],"class_list":["post-481698","post","type-post","status-publish","format-standard","has-post-thumbnail","hentry","category-cursos-e-concursos"],"acf":[],"yoast_head":"<!-- This site is optimized with the Yoast SEO Premium plugin v27.2 (Yoast SEO v27.2) - https:\/\/yoast.com\/product\/yoast-seo-premium-wordpress\/ -->\n<title>Edital Secretaria da Fazenda de Contagem: provas suspensas temporariamente<\/title>\n<meta name=\"description\" content=\"Edital Secretaria de Fazenda de Contagem: provas suspensas temporariamente. Certame oferta vagas para Analista Fazend\u00e1rio e Agente Fazend\u00e1rio. Saiba mais!!\" \/>\n<meta name=\"robots\" content=\"index, follow, max-snippet:-1, max-image-preview:large, max-video-preview:-1\" \/>\n<link rel=\"canonical\" href=\"https:\/\/www.estrategiaconcursos.com.br\/blog\/edital-secretaria-de-fazenda-de-contagem\/\" \/>\n<meta property=\"og:locale\" content=\"pt_BR\" \/>\n<meta property=\"og:type\" content=\"article\" \/>\n<meta property=\"og:title\" content=\"Edital Secretaria da Fazenda de Contagem: provas suspensas temporariamente\" \/>\n<meta property=\"og:description\" content=\"Edital Secretaria de Fazenda de Contagem: provas suspensas temporariamente. Certame oferta vagas para Analista Fazend\u00e1rio e Agente Fazend\u00e1rio. Saiba mais!!\" \/>\n<meta property=\"og:url\" content=\"https:\/\/www.estrategiaconcursos.com.br\/blog\/edital-secretaria-de-fazenda-de-contagem\/\" \/>\n<meta property=\"og:site_name\" content=\"Estrat\u00e9gia Concursos\" \/>\n<meta property=\"article:published_time\" content=\"2020-04-08T04:00:38+00:00\" \/>\n<meta property=\"article:modified_time\" content=\"2023-06-26T19:31:40+00:00\" \/>\n<meta property=\"og:image\" content=\"https:\/\/dhg1h5j42swfq.cloudfront.net\/2019\/11\/05113900\/SAIU-EDITAL1.jpg\" \/>\n\t<meta property=\"og:image:width\" content=\"1200\" \/>\n\t<meta property=\"og:image:height\" content=\"628\" \/>\n\t<meta property=\"og:image:type\" content=\"image\/jpeg\" \/>\n<meta name=\"author\" content=\"Fabiano Pereira\" \/>\n<meta name=\"twitter:card\" content=\"summary_large_image\" \/>\n<meta name=\"twitter:creator\" content=\"@EstratConcursos\" \/>\n<meta name=\"twitter:site\" content=\"@EstratConcursos\" \/>\n<meta name=\"twitter:label1\" content=\"Escrito por\" \/>\n\t<meta name=\"twitter:data1\" content=\"Fabiano Pereira\" \/>\n\t<meta name=\"twitter:label2\" content=\"Est. tempo de leitura\" \/>\n\t<meta name=\"twitter:data2\" content=\"2 minutos\" \/>\n<script type=\"application\/ld+json\" class=\"yoast-schema-graph\">{\"@context\":\"https:\/\/schema.org\",\"@graph\":[{\"@type\":\"NewsArticle\",\"@id\":\"https:\/\/www.estrategiaconcursos.com.br\/blog\/edital-secretaria-de-fazenda-de-contagem\/#article\",\"isPartOf\":{\"@id\":\"https:\/\/www.estrategiaconcursos.com.br\/blog\/edital-secretaria-de-fazenda-de-contagem\/\"},\"author\":{\"name\":\"Fabiano Pereira\",\"@id\":\"https:\/\/www.estrategiaconcursos.com.br\/blog\/#\/schema\/person\/73a0097d005d0e0410a58869a4ff0dad\"},\"headline\":\"Edital Secretaria da Fazenda de Contagem: provas suspensas temporariamente\",\"datePublished\":\"2020-04-08T04:00:38+00:00\",\"dateModified\":\"2023-06-26T19:31:40+00:00\",\"mainEntityOfPage\":{\"@id\":\"https:\/\/www.estrategiaconcursos.com.br\/blog\/edital-secretaria-de-fazenda-de-contagem\/\"},\"wordCount\":490,\"commentCount\":1,\"publisher\":{\"@id\":\"https:\/\/www.estrategiaconcursos.com.br\/blog\/#organization\"},\"image\":{\"@id\":\"https:\/\/www.estrategiaconcursos.com.br\/blog\/edital-secretaria-de-fazenda-de-contagem\/#primaryimage\"},\"thumbnailUrl\":\"https:\/\/dhg1h5j42swfq.cloudfront.net\/2019\/11\/05113900\/SAIU-EDITAL1.jpg\",\"articleSection\":[\"Concursos P\u00fablicos\"],\"inLanguage\":\"pt-BR\",\"potentialAction\":[{\"@type\":\"CommentAction\",\"name\":\"Comment\",\"target\":[\"https:\/\/www.estrategiaconcursos.com.br\/blog\/edital-secretaria-de-fazenda-de-contagem\/#respond\"]}],\"copyrightYear\":\"2020\",\"copyrightHolder\":{\"@id\":\"https:\/\/www.estrategiaconcursos.com.br\/blog\/#organization\"}},{\"@type\":\"WebPage\",\"@id\":\"https:\/\/www.estrategiaconcursos.com.br\/blog\/edital-secretaria-de-fazenda-de-contagem\/\",\"url\":\"https:\/\/www.estrategiaconcursos.com.br\/blog\/edital-secretaria-de-fazenda-de-contagem\/\",\"name\":\"Edital Secretaria da Fazenda de Contagem: provas suspensas temporariamente\",\"isPartOf\":{\"@id\":\"https:\/\/www.estrategiaconcursos.com.br\/blog\/#website\"},\"primaryImageOfPage\":{\"@id\":\"https:\/\/www.estrategiaconcursos.com.br\/blog\/edital-secretaria-de-fazenda-de-contagem\/#primaryimage\"},\"image\":{\"@id\":\"https:\/\/www.estrategiaconcursos.com.br\/blog\/edital-secretaria-de-fazenda-de-contagem\/#primaryimage\"},\"thumbnailUrl\":\"https:\/\/dhg1h5j42swfq.cloudfront.net\/2019\/11\/05113900\/SAIU-EDITAL1.jpg\",\"datePublished\":\"2020-04-08T04:00:38+00:00\",\"dateModified\":\"2023-06-26T19:31:40+00:00\",\"description\":\"Edital Secretaria de Fazenda de Contagem: provas suspensas temporariamente. Certame oferta vagas para Analista Fazend\u00e1rio e Agente Fazend\u00e1rio. Saiba mais!!\",\"breadcrumb\":{\"@id\":\"https:\/\/www.estrategiaconcursos.com.br\/blog\/edital-secretaria-de-fazenda-de-contagem\/#breadcrumb\"},\"inLanguage\":\"pt-BR\",\"potentialAction\":[{\"@type\":\"ReadAction\",\"target\":[\"https:\/\/www.estrategiaconcursos.com.br\/blog\/edital-secretaria-de-fazenda-de-contagem\/\"]}]},{\"@type\":\"ImageObject\",\"inLanguage\":\"pt-BR\",\"@id\":\"https:\/\/www.estrategiaconcursos.com.br\/blog\/edital-secretaria-de-fazenda-de-contagem\/#primaryimage\",\"url\":\"https:\/\/dhg1h5j42swfq.cloudfront.net\/2019\/11\/05113900\/SAIU-EDITAL1.jpg\",\"contentUrl\":\"https:\/\/dhg1h5j42swfq.cloudfront.net\/2019\/11\/05113900\/SAIU-EDITAL1.jpg\",\"width\":1200,\"height\":628,\"caption\":\"Concurso PGM Barra do Bugres\"},{\"@type\":\"BreadcrumbList\",\"@id\":\"https:\/\/www.estrategiaconcursos.com.br\/blog\/edital-secretaria-de-fazenda-de-contagem\/#breadcrumb\",\"itemListElement\":[{\"@type\":\"ListItem\",\"position\":1,\"name\":\"In\u00edcio\",\"item\":\"https:\/\/www.estrategiaconcursos.com.br\/blog\/\"},{\"@type\":\"ListItem\",\"position\":2,\"name\":\"Edital Secretaria da Fazenda de Contagem: provas suspensas temporariamente\"}]},{\"@type\":\"WebSite\",\"@id\":\"https:\/\/www.estrategiaconcursos.com.br\/blog\/#website\",\"url\":\"https:\/\/www.estrategiaconcursos.com.br\/blog\/\",\"name\":\"Estrat\u00e9gia Concursos\",\"description\":\"O blog da Estrat\u00e9gia Concursos traz not\u00edcias sobre concursos e artigos de professores oferecendo cursos para concursos (pdf + videaulas) no site.\",\"publisher\":{\"@id\":\"https:\/\/www.estrategiaconcursos.com.br\/blog\/#organization\"},\"potentialAction\":[{\"@type\":\"SearchAction\",\"target\":{\"@type\":\"EntryPoint\",\"urlTemplate\":\"https:\/\/www.estrategiaconcursos.com.br\/blog\/?s={search_term_string}\"},\"query-input\":{\"@type\":\"PropertyValueSpecification\",\"valueRequired\":true,\"valueName\":\"search_term_string\"}}],\"inLanguage\":\"pt-BR\"},{\"@type\":\"Organization\",\"@id\":\"https:\/\/www.estrategiaconcursos.com.br\/blog\/#organization\",\"name\":\"Estrat\u00e9gia Concursos\",\"url\":\"https:\/\/www.estrategiaconcursos.com.br\/blog\/\",\"logo\":{\"@type\":\"ImageObject\",\"inLanguage\":\"pt-BR\",\"@id\":\"https:\/\/www.estrategiaconcursos.com.br\/blog\/#\/schema\/logo\/image\/\",\"url\":\"https:\/\/dhg1h5j42swfq.cloudfront.net\/2025\/06\/03203428\/logo_concursos-1.jpg\",\"contentUrl\":\"https:\/\/dhg1h5j42swfq.cloudfront.net\/2025\/06\/03203428\/logo_concursos-1.jpg\",\"width\":230,\"height\":60,\"caption\":\"Estrat\u00e9gia Concursos\"},\"image\":{\"@id\":\"https:\/\/www.estrategiaconcursos.com.br\/blog\/#\/schema\/logo\/image\/\"},\"sameAs\":[\"https:\/\/x.com\/EstratConcursos\"]},{\"@type\":\"Person\",\"@id\":\"https:\/\/www.estrategiaconcursos.com.br\/blog\/#\/schema\/person\/73a0097d005d0e0410a58869a4ff0dad\",\"name\":\"Fabiano Pereira\",\"image\":{\"@type\":\"ImageObject\",\"inLanguage\":\"pt-BR\",\"@id\":\"https:\/\/secure.gravatar.com\/avatar\/2d50d79dc60f78c8adffae60393ee45fd6d79c9cb3bd6c1abc9a574ca4f1ff0a?s=96&d=mm&r=g\",\"url\":\"https:\/\/secure.gravatar.com\/avatar\/2d50d79dc60f78c8adffae60393ee45fd6d79c9cb3bd6c1abc9a574ca4f1ff0a?s=96&d=mm&r=g\",\"contentUrl\":\"https:\/\/secure.gravatar.com\/avatar\/2d50d79dc60f78c8adffae60393ee45fd6d79c9cb3bd6c1abc9a574ca4f1ff0a?s=96&d=mm&r=g\",\"caption\":\"Fabiano Pereira\"},\"url\":\"https:\/\/www.estrategiaconcursos.com.br\/blog\/author\/professorfabianopereirayahoo-com-br\/\"}]}<\/script>\n<!-- \/ Yoast SEO Premium plugin. -->","yoast_head_json":{"title":"Edital Secretaria da Fazenda de Contagem: provas suspensas temporariamente","description":"Edital Secretaria de Fazenda de Contagem: provas suspensas temporariamente. Certame oferta vagas para Analista Fazend\u00e1rio e Agente Fazend\u00e1rio. Saiba mais!!","robots":{"index":"index","follow":"follow","max-snippet":"max-snippet:-1","max-image-preview":"max-image-preview:large","max-video-preview":"max-video-preview:-1"},"canonical":"https:\/\/www.estrategiaconcursos.com.br\/blog\/edital-secretaria-de-fazenda-de-contagem\/","og_locale":"pt_BR","og_type":"article","og_title":"Edital Secretaria da Fazenda de Contagem: provas suspensas temporariamente","og_description":"Edital Secretaria de Fazenda de Contagem: provas suspensas temporariamente. Certame oferta vagas para Analista Fazend\u00e1rio e Agente Fazend\u00e1rio. Saiba mais!!","og_url":"https:\/\/www.estrategiaconcursos.com.br\/blog\/edital-secretaria-de-fazenda-de-contagem\/","og_site_name":"Estrat\u00e9gia Concursos","article_published_time":"2020-04-08T04:00:38+00:00","article_modified_time":"2023-06-26T19:31:40+00:00","og_image":[{"width":1200,"height":628,"url":"https:\/\/dhg1h5j42swfq.cloudfront.net\/2019\/11\/05113900\/SAIU-EDITAL1.jpg","type":"image\/jpeg"}],"author":"Fabiano Pereira","twitter_card":"summary_large_image","twitter_creator":"@EstratConcursos","twitter_site":"@EstratConcursos","twitter_misc":{"Escrito por":"Fabiano Pereira","Est. tempo de leitura":"2 minutos"},"schema":{"@context":"https:\/\/schema.org","@graph":[{"@type":"NewsArticle","@id":"https:\/\/www.estrategiaconcursos.com.br\/blog\/edital-secretaria-de-fazenda-de-contagem\/#article","isPartOf":{"@id":"https:\/\/www.estrategiaconcursos.com.br\/blog\/edital-secretaria-de-fazenda-de-contagem\/"},"author":{"name":"Fabiano Pereira","@id":"https:\/\/www.estrategiaconcursos.com.br\/blog\/#\/schema\/person\/73a0097d005d0e0410a58869a4ff0dad"},"headline":"Edital Secretaria da Fazenda de Contagem: provas suspensas temporariamente","datePublished":"2020-04-08T04:00:38+00:00","dateModified":"2023-06-26T19:31:40+00:00","mainEntityOfPage":{"@id":"https:\/\/www.estrategiaconcursos.com.br\/blog\/edital-secretaria-de-fazenda-de-contagem\/"},"wordCount":490,"commentCount":1,"publisher":{"@id":"https:\/\/www.estrategiaconcursos.com.br\/blog\/#organization"},"image":{"@id":"https:\/\/www.estrategiaconcursos.com.br\/blog\/edital-secretaria-de-fazenda-de-contagem\/#primaryimage"},"thumbnailUrl":"https:\/\/dhg1h5j42swfq.cloudfront.net\/2019\/11\/05113900\/SAIU-EDITAL1.jpg","articleSection":["Concursos P\u00fablicos"],"inLanguage":"pt-BR","potentialAction":[{"@type":"CommentAction","name":"Comment","target":["https:\/\/www.estrategiaconcursos.com.br\/blog\/edital-secretaria-de-fazenda-de-contagem\/#respond"]}],"copyrightYear":"2020","copyrightHolder":{"@id":"https:\/\/www.estrategiaconcursos.com.br\/blog\/#organization"}},{"@type":"WebPage","@id":"https:\/\/www.estrategiaconcursos.com.br\/blog\/edital-secretaria-de-fazenda-de-contagem\/","url":"https:\/\/www.estrategiaconcursos.com.br\/blog\/edital-secretaria-de-fazenda-de-contagem\/","name":"Edital Secretaria da Fazenda de Contagem: provas suspensas temporariamente","isPartOf":{"@id":"https:\/\/www.estrategiaconcursos.com.br\/blog\/#website"},"primaryImageOfPage":{"@id":"https:\/\/www.estrategiaconcursos.com.br\/blog\/edital-secretaria-de-fazenda-de-contagem\/#primaryimage"},"image":{"@id":"https:\/\/www.estrategiaconcursos.com.br\/blog\/edital-secretaria-de-fazenda-de-contagem\/#primaryimage"},"thumbnailUrl":"https:\/\/dhg1h5j42swfq.cloudfront.net\/2019\/11\/05113900\/SAIU-EDITAL1.jpg","datePublished":"2020-04-08T04:00:38+00:00","dateModified":"2023-06-26T19:31:40+00:00","description":"Edital Secretaria de Fazenda de Contagem: provas suspensas temporariamente. Certame oferta vagas para Analista Fazend\u00e1rio e Agente Fazend\u00e1rio. Saiba mais!!","breadcrumb":{"@id":"https:\/\/www.estrategiaconcursos.com.br\/blog\/edital-secretaria-de-fazenda-de-contagem\/#breadcrumb"},"inLanguage":"pt-BR","potentialAction":[{"@type":"ReadAction","target":["https:\/\/www.estrategiaconcursos.com.br\/blog\/edital-secretaria-de-fazenda-de-contagem\/"]}]},{"@type":"ImageObject","inLanguage":"pt-BR","@id":"https:\/\/www.estrategiaconcursos.com.br\/blog\/edital-secretaria-de-fazenda-de-contagem\/#primaryimage","url":"https:\/\/dhg1h5j42swfq.cloudfront.net\/2019\/11\/05113900\/SAIU-EDITAL1.jpg","contentUrl":"https:\/\/dhg1h5j42swfq.cloudfront.net\/2019\/11\/05113900\/SAIU-EDITAL1.jpg","width":1200,"height":628,"caption":"Concurso PGM Barra do Bugres"},{"@type":"BreadcrumbList","@id":"https:\/\/www.estrategiaconcursos.com.br\/blog\/edital-secretaria-de-fazenda-de-contagem\/#breadcrumb","itemListElement":[{"@type":"ListItem","position":1,"name":"In\u00edcio","item":"https:\/\/www.estrategiaconcursos.com.br\/blog\/"},{"@type":"ListItem","position":2,"name":"Edital Secretaria da Fazenda de Contagem: provas suspensas temporariamente"}]},{"@type":"WebSite","@id":"https:\/\/www.estrategiaconcursos.com.br\/blog\/#website","url":"https:\/\/www.estrategiaconcursos.com.br\/blog\/","name":"Estrat\u00e9gia Concursos","description":"O blog da Estrat\u00e9gia Concursos traz not\u00edcias sobre concursos e artigos de professores oferecendo cursos para concursos (pdf + videaulas) no site.","publisher":{"@id":"https:\/\/www.estrategiaconcursos.com.br\/blog\/#organization"},"potentialAction":[{"@type":"SearchAction","target":{"@type":"EntryPoint","urlTemplate":"https:\/\/www.estrategiaconcursos.com.br\/blog\/?s={search_term_string}"},"query-input":{"@type":"PropertyValueSpecification","valueRequired":true,"valueName":"search_term_string"}}],"inLanguage":"pt-BR"},{"@type":"Organization","@id":"https:\/\/www.estrategiaconcursos.com.br\/blog\/#organization","name":"Estrat\u00e9gia Concursos","url":"https:\/\/www.estrategiaconcursos.com.br\/blog\/","logo":{"@type":"ImageObject","inLanguage":"pt-BR","@id":"https:\/\/www.estrategiaconcursos.com.br\/blog\/#\/schema\/logo\/image\/","url":"https:\/\/dhg1h5j42swfq.cloudfront.net\/2025\/06\/03203428\/logo_concursos-1.jpg","contentUrl":"https:\/\/dhg1h5j42swfq.cloudfront.net\/2025\/06\/03203428\/logo_concursos-1.jpg","width":230,"height":60,"caption":"Estrat\u00e9gia Concursos"},"image":{"@id":"https:\/\/www.estrategiaconcursos.com.br\/blog\/#\/schema\/logo\/image\/"},"sameAs":["https:\/\/x.com\/EstratConcursos"]},{"@type":"Person","@id":"https:\/\/www.estrategiaconcursos.com.br\/blog\/#\/schema\/person\/73a0097d005d0e0410a58869a4ff0dad","name":"Fabiano Pereira","image":{"@type":"ImageObject","inLanguage":"pt-BR","@id":"https:\/\/secure.gravatar.com\/avatar\/2d50d79dc60f78c8adffae60393ee45fd6d79c9cb3bd6c1abc9a574ca4f1ff0a?s=96&d=mm&r=g","url":"https:\/\/secure.gravatar.com\/avatar\/2d50d79dc60f78c8adffae60393ee45fd6d79c9cb3bd6c1abc9a574ca4f1ff0a?s=96&d=mm&r=g","contentUrl":"https:\/\/secure.gravatar.com\/avatar\/2d50d79dc60f78c8adffae60393ee45fd6d79c9cb3bd6c1abc9a574ca4f1ff0a?s=96&d=mm&r=g","caption":"Fabiano Pereira"},"url":"https:\/\/www.estrategiaconcursos.com.br\/blog\/author\/professorfabianopereirayahoo-com-br\/"}]}},"_links":{"self":[{"href":"https:\/\/www.estrategiaconcursos.com.br\/blog\/wp-json\/wp\/v2\/posts\/481698","targetHints":{"allow":["GET"]}}],"collection":[{"href":"https:\/\/www.estrategiaconcursos.com.br\/blog\/wp-json\/wp\/v2\/posts"}],"about":[{"href":"https:\/\/www.estrategiaconcursos.com.br\/blog\/wp-json\/wp\/v2\/types\/post"}],"author":[{"embeddable":true,"href":"https:\/\/www.estrategiaconcursos.com.br\/blog\/wp-json\/wp\/v2\/users\/1170"}],"replies":[{"embeddable":true,"href":"https:\/\/www.estrategiaconcursos.com.br\/blog\/wp-json\/wp\/v2\/comments?post=481698"}],"version-history":[{"count":8,"href":"https:\/\/www.estrategiaconcursos.com.br\/blog\/wp-json\/wp\/v2\/posts\/481698\/revisions"}],"predecessor-version":[{"id":1239089,"href":"https:\/\/www.estrategiaconcursos.com.br\/blog\/wp-json\/wp\/v2\/posts\/481698\/revisions\/1239089"}],"wp:featuredmedia":[{"embeddable":true,"href":"https:\/\/www.estrategiaconcursos.com.br\/blog\/wp-json\/wp\/v2\/media\/444278"}],"wp:attachment":[{"href":"https:\/\/www.estrategiaconcursos.com.br\/blog\/wp-json\/wp\/v2\/media?parent=481698"}],"wp:term":[{"taxonomy":"category","embeddable":true,"href":"https:\/\/www.estrategiaconcursos.com.br\/blog\/wp-json\/wp\/v2\/categories?post=481698"},{"taxonomy":"post_tag","embeddable":true,"href":"https:\/\/www.estrategiaconcursos.com.br\/blog\/wp-json\/wp\/v2\/tags?post=481698"},{"taxonomy":"tax_estado","embeddable":true,"href":"https:\/\/www.estrategiaconcursos.com.br\/blog\/wp-json\/wp\/v2\/tax_estado?post=481698"}],"curies":[{"name":"wp","href":"https:\/\/api.w.org\/{rel}","templated":true}]}}