{"id":480674,"date":"2020-02-12T00:34:27","date_gmt":"2020-02-12T03:34:27","guid":{"rendered":"https:\/\/www.estrategiaconcursos.com.br\/blog\/?p=480674"},"modified":"2020-02-12T00:39:19","modified_gmt":"2020-02-12T03:39:19","slug":"recurso-sefaz-al-raciocinio-logico","status":"publish","type":"post","link":"https:\/\/www.estrategiaconcursos.com.br\/blog\/recurso-sefaz-al-raciocinio-logico\/","title":{"rendered":"Recurso SEFAZ\/AL &#8211; Racioc\u00ednio L\u00f3gico"},"content":{"rendered":"\n<p>Fala, pessoal!!<\/p>\n\n\n\n<p>Tudo bem?<\/p>\n\n\n\n<p>Tivemos uma diverg\u00eancia entre o meu gabarito extraoficial e o gabarito preliminar da banca CEBRASPE para o concurso da SEFAZ\/AL (Auditor Fiscal e Auditor de Finan\u00e7as e Controle).<\/p>\n\n\n\n<p>Sugiro aqui um recurso para a quest\u00e3o de n\u00famero 100 (prova para Auditor Fiscal) e quest\u00e3o n\u00famero 93 (prova para Auditor de Finan\u00e7as e Controle).<\/p>\n\n\n\n<p><strong>(CEBRASPE 2020\/SEFAZ-AL)<\/strong><\/p>\n\n\n\n<p>No argumento seguinte, as proposi\u00e7\u00f5es P1, P2, P3 e P4 s\u00e3o as\npremissas, e C \u00e9 a conclus\u00e3o.<\/p>\n\n\n\n<ul class=\"wp-block-list\"><li>P1: \u201cSe h\u00e1 car\u00eancia de recursos tecnol\u00f3gicos no\nsetor Alfa, ent\u00e3o o trabalho dos servidores p\u00fablicos que atuam nesse setor pode\nficar prejudicado\u201d.<\/li><li>P2: \u201cSe h\u00e1 car\u00eancia de recursos tecnol\u00f3gicos no\nsetor Alfa, ent\u00e3o os benefici\u00e1rios dos servi\u00e7os prestados por esse setor podem\nser mal atendidos\u201d.<\/li><li>P3: \u201cSe o trabalho dos servidores p\u00fablicos que\natuam no setor Alfa fica prejudicado, ent\u00e3o os servidores p\u00fablicos que atuam\nnesse setor padecem\u201d.<\/li><li>P4: \u201cSe os benefici\u00e1rios dos servi\u00e7os prestados\npelo setor Alfa s\u00e3o mal atendidos, ent\u00e3o os benefici\u00e1rios dos servi\u00e7os\nprestados por esse setor padecem\u201d.<\/li><li>C: Se h\u00e1 car\u00eancia de recursos tecnol\u00f3gicos no\nsetor Alfa, ent\u00e3o os servidores p\u00fablicos que atuam nesse setor padecem e os\nbenefici\u00e1rios dos servi\u00e7os prestados por esse setor padecem\u201d.<\/li><\/ul>\n\n\n\n<p>Considerando esse argumento, julgue os itens seguintes.<\/p>\n\n\n\n<p>100. O argumento em quest\u00e3o \u00e9 v\u00e1lido.<\/p>\n\n\n\n<p><strong>Resolu\u00e7\u00e3o<\/strong><\/p>\n\n\n\n<p><strong>Resolu\u00e7\u00e3o<\/strong><\/p>\n\n\n\n<p>Para simplificar a resolu\u00e7\u00e3o, vamos representar as\nproposi\u00e7\u00f5es simples atrav\u00e9s de s\u00edmbolos.<\/p>\n\n\n\n<p>p: H\u00e1 car\u00eancia de recursos tecnol\u00f3gicos no setor Alfa.<\/p>\n\n\n\n<p>q: O trabalho dos servidores p\u00fablicos que atuam nesse setor\npode ficar prejudicado.<\/p>\n\n\n\n<p>r: Os benefici\u00e1rios dos servi\u00e7os prestados por esse setor\npodem ser mal atendidos.<\/p>\n\n\n\n<p>s: Os servidores p\u00fablicos que atuam nesse setor padecem.<\/p>\n\n\n\n<p>t: Os benefici\u00e1rios dos servi\u00e7os prestados por esse setor\npadecem.<\/p>\n\n\n\n<p>Assim, o argumento tem a seguinte estrutura simb\u00f3lica.<\/p>\n\n\n\n<ul class=\"wp-block-list\"><li>P1: p &#8211;&gt; q<\/li><li>P2: p &#8211;&gt; r<\/li><li>P3: q &#8211;&gt; s<\/li><li>P4: r &#8211;&gt; t<\/li><li>C: p &#8211;&gt; (s ^ t) <\/li><\/ul>\n\n\n\n<p>\u00c9 importante lembrar da regra de infer\u00eancia conhecida como\n\u201csilogismo hipot\u00e9tico\u201d.<\/p>\n\n\n\n<p><strong>Se A, ent\u00e3o B.<br \/>Se B, ent\u00e3o C.<br \/>Portanto, Se A, ent\u00e3o C.<\/strong><\/p>\n\n\n\n<p>Assim, juntando as proposi\u00e7\u00f5es P1 e P3 usando o silogismo hipot\u00e9tico, temos:<\/p>\n\n\n\n<ul class=\"wp-block-list\"><li>P1: p &#8211;&gt; q                                             <\/li><li>P3: q &#8211;&gt; s<\/li><li>Portanto, p &#8211;&gt; s.<\/li><\/ul>\n\n\n\n<p>Juntando agora as proposi\u00e7\u00f5es P2 e P4 usando o silogismo\nhipot\u00e9tico, temos:<\/p>\n\n\n\n<ul class=\"wp-block-list\"><li>P2: p &#8211;&gt; r                                              <\/li><li>P4: r &#8211;&gt; t<\/li><li>Portanto, p &#8211;&gt; t.<\/li><\/ul>\n\n\n\n<p>Assim, at\u00e9 agora conclu\u00edmos duas proposi\u00e7\u00f5es:<\/p>\n\n\n\n<p class=\"has-text-align-center\">p &#8211;&gt; s<\/p>\n\n\n\n<p class=\"has-text-align-center\">p &#8211;&gt; t<\/p>\n\n\n\n<p>\u00c9 importante notar a seguinte equival\u00eancia:<\/p>\n\n\n\n<div class=\"wp-block-image\"><figure class=\"aligncenter size-large\"><img decoding=\"async\" src=\"https:\/\/dhg1h5j42swfq.cloudfront.net\/2020\/02\/12003300\/Captura-de-Tela-2020-02-11-%C3%A0s-22.32.35.png\" alt=\"\" class=\"wp-image-480675\" \/><\/figure><\/div>\n\n\n\n<p>Em outras palavras, se temos duas proposi\u00e7\u00f5es condicionais com o\nmesmo antecedente p, podemos junt\u00e1-las colocando apenas um consequente composto\npelo conectivo \u201ce\u201d.<\/p>\n\n\n\n<p>Assim, podemos juntar as proposi\u00e7\u00f5es p &#8211;&gt; s\u00a0e p &#8211;&gt; t\u00a0para obter a proposi\u00e7\u00e3o p &#8211;&gt; (s ^ t) , que \u00e9 justamente a conclus\u00e3o do argumento dado. Logo, o argumento \u00e9 v\u00e1lido.<\/p>\n\n\n\n<p><strong>O item est\u00e1 certo.<\/strong><\/p>\n\n\n\n<p>Para a minha surpresa, o CEBRASPE considerou, em seu gabarito\npreliminar, inv\u00e1lido o argumento.<\/p>\n\n\n\n<p>Eu acredito que a banca tenha adotado essa posi\u00e7\u00e3o pela poss\u00edvel\ndiferen\u00e7a de interpreta\u00e7\u00e3o nas express\u00f5es \u201cpode ficar prejudicado\u201d e \u201cfica\nprejudicado\u201d. H\u00e1 tamb\u00e9m possibilidade de diferen\u00e7a de sentido nas express\u00f5es \u201cpodem\nser mal atendidos\u201d e \u201cs\u00e3o mal atendidos\u201d.<\/p>\n\n\n\n<p>A l\u00edngua portuguesa \u00e9 muito rica e, muitas vezes, a L\u00f3gica\nSimb\u00f3lica n\u00e3o consegue captar as nuances da l\u00edngua.<\/p>\n\n\n\n<p>Por que fiquei surpreso com o gabarito do CEBRASPE? Ora, em\nmuitas outras ocasi\u00f5es, a banca foi leniente com as nuances da l\u00edngua\nportuguesa.<\/p>\n\n\n\n<p>Veja alguns exemplos.<\/p>\n\n\n\n<p><strong>(CEBRASPE 2015\/MPOG &#8211; Administrador)<\/strong><\/p>\n\n\n\n<p><strong>Considerando a\nproposi\u00e7\u00e3o P: \u201cSe Jo\u00e3o se esfor\u00e7ar o bastante, ent\u00e3o Jo\u00e3o conseguir\u00e1 o que\ndesejar\u201d, julgue o item a seguir.<\/strong><\/p>\n\n\n\n<p><strong>A proposi\u00e7\u00e3o \u201cSe\nJo\u00e3o n\u00e3o conseguiu o que desejava, ent\u00e3o Jo\u00e3o n\u00e3o se esfor\u00e7ou o bastante\u201d \u00e9\nlogicamente equivalente \u00e0 proposi\u00e7\u00e3o P.<\/strong><\/p>\n\n\n\n<p>O gabarito oficial\nda banca foi CERTO. <\/p>\n\n\n\n<p>Ora, a proposi\u00e7\u00e3o P\nindica que se Jo\u00e3o se esfor\u00e7ar o bastante, ent\u00e3o Jo\u00e3o conseguir\u00e1 o que desejar.\nEm outras palavras, a proposi\u00e7\u00e3o P indica que algo acontecer\u00e1 <strong><em>no futuro<\/em><\/strong>\nse Jo\u00e3o se esfor\u00e7ar o bastante. N\u00e3o podemos garantir que essa condicional era v\u00e1lida\n<strong><em>no passado<\/em><\/strong>.<\/p>\n\n\n\n<p>Assim, a rigor, a\nquest\u00e3o acima est\u00e1 errada, pois as proposi\u00e7\u00f5es n\u00e3o s\u00e3o equivalentes. \u00c9 poss\u00edvel\nque algo seja verdadeiro no tempo futuro, mas que seja falso em um tempo\npassado.<\/p>\n\n\n\n<p>Vejamos outro\nexemplo:<\/p>\n\n\n\n<p><\/p>\n\n\n\n<p><strong>(CEBRASPE 2008\/Banco do Brasil)<\/strong><\/p>\n\n\n\n<p><strong>A proposi\u00e7\u00e3o \u201cSe as reservas\ninternacionais em moeda forte aumentam, ent\u00e3o o pa\u00eds fica protegido de ataques\nespeculativos\u201d pode tamb\u00e9m ser corretamente expressa por \u201cO pa\u00eds ficar\nprotegido de ataques especulativos \u00e9 condi\u00e7\u00e3o necess\u00e1ria para que as reservas\ninternacionais aumentem\u201d.<\/strong><strong><\/strong><\/p>\n\n\n\n<p>O gabarito oficial da banca foi\nCERTO.<\/p>\n\n\n\n<p>Ora, na segunda frase, n\u00e3o sabemos\nque tipo de reservas internacionais aumentam. S\u00e3o reservas internacionais de moeda\nforte? S\u00e3o reservas internacionais de ouro? S\u00e3o reservas internacionais de que\nexatamente?<\/p>\n\n\n\n<p>Assim, as proposi\u00e7\u00f5es n\u00e3o s\u00e3o\nequivalentes e a quest\u00e3o deveria ter alterado o seu gabarito para ERRADO.<\/p>\n\n\n\n<p><\/p>\n\n\n\n<p>Refor\u00e7o que a l\u00edngua portuguesa \u00e9 muito rica e que a l\u00f3gica simb\u00f3lica n\u00e3o \u00e9 capaz de captar as nuances e m\u00faltiplas fun\u00e7\u00f5es da l\u00edngua. <\/p>\n\n\n\n<p><strong>A banca CEBRASPE em diversas ocasi\u00f5es, como mostrado acima, foi leniente, mas decidiu adotar o maior rigor poss\u00edvel no concurso da SEFAZ\/AL. <\/strong><\/p>\n\n\n\n<p>Esse tipo de atitude prejudica o candidato\nbem preparado, pois o candidato perde o foco do Racioc\u00ednio L\u00f3gico e entra em um\ndilema para descobrir se a banca quer fazer uma pegadinha ou se est\u00e1 sendo\nleniente mais uma vez.<\/p>\n\n\n\n<p>N\u00e3o \u00e9 a primeira vez que a banca\nCEBRASPE altera sua maneira de pensar. Tivemos um caso parecido no \u00faltimo\nconcurso da Pol\u00edcia Federal (2018).<\/p>\n\n\n\n<figure class=\"wp-block-embed-wordpress wp-block-embed is-type-wp-embed is-provider-estrategia-concursos\"><div class=\"wp-block-embed__wrapper\">\n<blockquote class=\"wp-embedded-content\" data-secret=\"bbTPgssBmp\"><a href=\"https:\/\/www.estrategiaconcursos.com.br\/blog\/cespe-anula-questao-polemica-de-raciocinio-logico-no-concurso-da-pf\/\">CESPE anula quest\u00e3o pol\u00eamica de Racioc\u00ednio L\u00f3gico no concurso da PF<\/a><\/blockquote><iframe loading=\"lazy\" class=\"wp-embedded-content\" sandbox=\"allow-scripts\" security=\"restricted\" style=\"position: absolute; clip: rect(1px, 1px, 1px, 1px);\" title=\"&#8220;CESPE anula quest\u00e3o pol\u00eamica de Racioc\u00ednio L\u00f3gico no concurso da PF&#8221; &#8212; Estrat\u00e9gia Concursos\" src=\"https:\/\/www.estrategiaconcursos.com.br\/blog\/cespe-anula-questao-polemica-de-raciocinio-logico-no-concurso-da-pf\/embed\/#?secret=islwkGsydz#?secret=bbTPgssBmp\" data-secret=\"bbTPgssBmp\" width=\"500\" height=\"282\" frameborder=\"0\" marginwidth=\"0\" marginheight=\"0\" scrolling=\"no\"><\/iframe>\n<\/div><\/figure>\n\n\n\n<p><strong>Diante do hist\u00f3rico da banca CEBRASPE, defendo que o gabarito da quest\u00e3o 100 tenha seu gabarito alterado para CERTO.<\/strong><\/p>\n\n\n\n<p>Abra\u00e7os,<\/p>\n\n\n\n<p>Guilherme Neves<strong><\/strong><\/p>\n","protected":false},"excerpt":{"rendered":"<p>Fala, pessoal!! Tudo bem? Tivemos uma diverg\u00eancia entre o meu gabarito extraoficial e o gabarito preliminar da banca CEBRASPE para o concurso da SEFAZ\/AL (Auditor Fiscal e Auditor de Finan\u00e7as e Controle). Sugiro aqui um recurso para a quest\u00e3o de n\u00famero 100 (prova para Auditor Fiscal) e quest\u00e3o n\u00famero 93 (prova para Auditor de Finan\u00e7as [&hellip;]<\/p>\n","protected":false},"author":739,"featured_media":0,"comment_status":"open","ping_status":"closed","sticky":false,"template":"","format":"standard","meta":{"post_tipo":"article","footnotes":""},"categories":[1],"tags":[],"tax_estado":[],"class_list":["post-480674","post","type-post","status-publish","format-standard","hentry","category-cursos-e-concursos"],"acf":[],"yoast_head":"<!-- This site is optimized with the Yoast SEO Premium plugin v27.2 (Yoast SEO v27.2) - https:\/\/yoast.com\/product\/yoast-seo-premium-wordpress\/ -->\n<title>Recurso SEFAZ\/AL - Racioc\u00ednio L\u00f3gico<\/title>\n<meta name=\"robots\" content=\"index, follow, max-snippet:-1, max-image-preview:large, max-video-preview:-1\" \/>\n<link rel=\"canonical\" href=\"https:\/\/www.estrategiaconcursos.com.br\/blog\/recurso-sefaz-al-raciocinio-logico\/\" \/>\n<meta property=\"og:locale\" content=\"pt_BR\" \/>\n<meta property=\"og:type\" content=\"article\" \/>\n<meta property=\"og:title\" content=\"Recurso SEFAZ\/AL - Racioc\u00ednio L\u00f3gico\" \/>\n<meta property=\"og:description\" content=\"Fala, pessoal!! Tudo bem? Tivemos uma diverg\u00eancia entre o meu gabarito extraoficial e o gabarito preliminar da banca CEBRASPE para o concurso da SEFAZ\/AL (Auditor Fiscal e Auditor de Finan\u00e7as e Controle). Sugiro aqui um recurso para a quest\u00e3o de n\u00famero 100 (prova para Auditor Fiscal) e quest\u00e3o n\u00famero 93 (prova para Auditor de Finan\u00e7as [&hellip;]\" \/>\n<meta property=\"og:url\" content=\"https:\/\/www.estrategiaconcursos.com.br\/blog\/recurso-sefaz-al-raciocinio-logico\/\" \/>\n<meta property=\"og:site_name\" content=\"Estrat\u00e9gia Concursos\" \/>\n<meta property=\"article:published_time\" content=\"2020-02-12T03:34:27+00:00\" \/>\n<meta property=\"article:modified_time\" content=\"2020-02-12T03:39:19+00:00\" \/>\n<meta name=\"author\" content=\"Guilherme Neves\" \/>\n<meta name=\"twitter:card\" content=\"summary_large_image\" \/>\n<meta name=\"twitter:creator\" content=\"@EstratConcursos\" \/>\n<meta name=\"twitter:site\" content=\"@EstratConcursos\" \/>\n<meta name=\"twitter:label1\" content=\"Escrito por\" \/>\n\t<meta name=\"twitter:data1\" content=\"Guilherme Neves\" \/>\n\t<meta name=\"twitter:label2\" content=\"Est. tempo de leitura\" \/>\n\t<meta name=\"twitter:data2\" content=\"5 minutos\" \/>\n<script type=\"application\/ld+json\" class=\"yoast-schema-graph\">{\"@context\":\"https:\/\/schema.org\",\"@graph\":[{\"@type\":\"NewsArticle\",\"@id\":\"https:\/\/www.estrategiaconcursos.com.br\/blog\/recurso-sefaz-al-raciocinio-logico\/#article\",\"isPartOf\":{\"@id\":\"https:\/\/www.estrategiaconcursos.com.br\/blog\/recurso-sefaz-al-raciocinio-logico\/\"},\"author\":{\"name\":\"Guilherme Neves\",\"@id\":\"https:\/\/www.estrategiaconcursos.com.br\/blog\/#\/schema\/person\/6f1394c8fffbe6cfa67201ece56aed6e\"},\"headline\":\"Recurso SEFAZ\/AL &#8211; Racioc\u00ednio L\u00f3gico\",\"datePublished\":\"2020-02-12T03:34:27+00:00\",\"dateModified\":\"2020-02-12T03:39:19+00:00\",\"mainEntityOfPage\":{\"@id\":\"https:\/\/www.estrategiaconcursos.com.br\/blog\/recurso-sefaz-al-raciocinio-logico\/\"},\"wordCount\":1083,\"commentCount\":6,\"publisher\":{\"@id\":\"https:\/\/www.estrategiaconcursos.com.br\/blog\/#organization\"},\"articleSection\":[\"Concursos P\u00fablicos\"],\"inLanguage\":\"pt-BR\",\"potentialAction\":[{\"@type\":\"CommentAction\",\"name\":\"Comment\",\"target\":[\"https:\/\/www.estrategiaconcursos.com.br\/blog\/recurso-sefaz-al-raciocinio-logico\/#respond\"]}],\"copyrightYear\":\"2020\",\"copyrightHolder\":{\"@id\":\"https:\/\/www.estrategiaconcursos.com.br\/blog\/#organization\"}},{\"@type\":\"WebPage\",\"@id\":\"https:\/\/www.estrategiaconcursos.com.br\/blog\/recurso-sefaz-al-raciocinio-logico\/\",\"url\":\"https:\/\/www.estrategiaconcursos.com.br\/blog\/recurso-sefaz-al-raciocinio-logico\/\",\"name\":\"Recurso SEFAZ\/AL - Racioc\u00ednio L\u00f3gico\",\"isPartOf\":{\"@id\":\"https:\/\/www.estrategiaconcursos.com.br\/blog\/#website\"},\"datePublished\":\"2020-02-12T03:34:27+00:00\",\"dateModified\":\"2020-02-12T03:39:19+00:00\",\"breadcrumb\":{\"@id\":\"https:\/\/www.estrategiaconcursos.com.br\/blog\/recurso-sefaz-al-raciocinio-logico\/#breadcrumb\"},\"inLanguage\":\"pt-BR\",\"potentialAction\":[{\"@type\":\"ReadAction\",\"target\":[\"https:\/\/www.estrategiaconcursos.com.br\/blog\/recurso-sefaz-al-raciocinio-logico\/\"]}]},{\"@type\":\"BreadcrumbList\",\"@id\":\"https:\/\/www.estrategiaconcursos.com.br\/blog\/recurso-sefaz-al-raciocinio-logico\/#breadcrumb\",\"itemListElement\":[{\"@type\":\"ListItem\",\"position\":1,\"name\":\"In\u00edcio\",\"item\":\"https:\/\/www.estrategiaconcursos.com.br\/blog\/\"},{\"@type\":\"ListItem\",\"position\":2,\"name\":\"Recurso SEFAZ\/AL &#8211; Racioc\u00ednio L\u00f3gico\"}]},{\"@type\":\"WebSite\",\"@id\":\"https:\/\/www.estrategiaconcursos.com.br\/blog\/#website\",\"url\":\"https:\/\/www.estrategiaconcursos.com.br\/blog\/\",\"name\":\"Estrat\u00e9gia Concursos\",\"description\":\"O blog da Estrat\u00e9gia Concursos traz not\u00edcias sobre concursos e artigos de professores oferecendo cursos para concursos (pdf + videaulas) no site.\",\"publisher\":{\"@id\":\"https:\/\/www.estrategiaconcursos.com.br\/blog\/#organization\"},\"potentialAction\":[{\"@type\":\"SearchAction\",\"target\":{\"@type\":\"EntryPoint\",\"urlTemplate\":\"https:\/\/www.estrategiaconcursos.com.br\/blog\/?s={search_term_string}\"},\"query-input\":{\"@type\":\"PropertyValueSpecification\",\"valueRequired\":true,\"valueName\":\"search_term_string\"}}],\"inLanguage\":\"pt-BR\"},{\"@type\":\"Organization\",\"@id\":\"https:\/\/www.estrategiaconcursos.com.br\/blog\/#organization\",\"name\":\"Estrat\u00e9gia Concursos\",\"url\":\"https:\/\/www.estrategiaconcursos.com.br\/blog\/\",\"logo\":{\"@type\":\"ImageObject\",\"inLanguage\":\"pt-BR\",\"@id\":\"https:\/\/www.estrategiaconcursos.com.br\/blog\/#\/schema\/logo\/image\/\",\"url\":\"https:\/\/dhg1h5j42swfq.cloudfront.net\/2025\/06\/03203428\/logo_concursos-1.jpg\",\"contentUrl\":\"https:\/\/dhg1h5j42swfq.cloudfront.net\/2025\/06\/03203428\/logo_concursos-1.jpg\",\"width\":230,\"height\":60,\"caption\":\"Estrat\u00e9gia Concursos\"},\"image\":{\"@id\":\"https:\/\/www.estrategiaconcursos.com.br\/blog\/#\/schema\/logo\/image\/\"},\"sameAs\":[\"https:\/\/x.com\/EstratConcursos\"]},{\"@type\":\"Person\",\"@id\":\"https:\/\/www.estrategiaconcursos.com.br\/blog\/#\/schema\/person\/6f1394c8fffbe6cfa67201ece56aed6e\",\"name\":\"Guilherme Neves\",\"image\":{\"@type\":\"ImageObject\",\"inLanguage\":\"pt-BR\",\"@id\":\"https:\/\/secure.gravatar.com\/avatar\/c6e634c175758bc81974a6dbecf7f3de844f8c8435193c5549709cbb19dd8cab?s=96&d=mm&r=g\",\"url\":\"https:\/\/secure.gravatar.com\/avatar\/c6e634c175758bc81974a6dbecf7f3de844f8c8435193c5549709cbb19dd8cab?s=96&d=mm&r=g\",\"contentUrl\":\"https:\/\/secure.gravatar.com\/avatar\/c6e634c175758bc81974a6dbecf7f3de844f8c8435193c5549709cbb19dd8cab?s=96&d=mm&r=g\",\"caption\":\"Guilherme Neves\"},\"url\":\"https:\/\/www.estrategiaconcursos.com.br\/blog\/author\/guilhermenevesestrategiaconcursos-com-br\/\"}]}<\/script>\n<!-- \/ Yoast SEO Premium plugin. -->","yoast_head_json":{"title":"Recurso SEFAZ\/AL - Racioc\u00ednio L\u00f3gico","robots":{"index":"index","follow":"follow","max-snippet":"max-snippet:-1","max-image-preview":"max-image-preview:large","max-video-preview":"max-video-preview:-1"},"canonical":"https:\/\/www.estrategiaconcursos.com.br\/blog\/recurso-sefaz-al-raciocinio-logico\/","og_locale":"pt_BR","og_type":"article","og_title":"Recurso SEFAZ\/AL - Racioc\u00ednio L\u00f3gico","og_description":"Fala, pessoal!! Tudo bem? Tivemos uma diverg\u00eancia entre o meu gabarito extraoficial e o gabarito preliminar da banca CEBRASPE para o concurso da SEFAZ\/AL (Auditor Fiscal e Auditor de Finan\u00e7as e Controle). Sugiro aqui um recurso para a quest\u00e3o de n\u00famero 100 (prova para Auditor Fiscal) e quest\u00e3o n\u00famero 93 (prova para Auditor de Finan\u00e7as [&hellip;]","og_url":"https:\/\/www.estrategiaconcursos.com.br\/blog\/recurso-sefaz-al-raciocinio-logico\/","og_site_name":"Estrat\u00e9gia Concursos","article_published_time":"2020-02-12T03:34:27+00:00","article_modified_time":"2020-02-12T03:39:19+00:00","author":"Guilherme Neves","twitter_card":"summary_large_image","twitter_creator":"@EstratConcursos","twitter_site":"@EstratConcursos","twitter_misc":{"Escrito por":"Guilherme Neves","Est. tempo de leitura":"5 minutos"},"schema":{"@context":"https:\/\/schema.org","@graph":[{"@type":"NewsArticle","@id":"https:\/\/www.estrategiaconcursos.com.br\/blog\/recurso-sefaz-al-raciocinio-logico\/#article","isPartOf":{"@id":"https:\/\/www.estrategiaconcursos.com.br\/blog\/recurso-sefaz-al-raciocinio-logico\/"},"author":{"name":"Guilherme Neves","@id":"https:\/\/www.estrategiaconcursos.com.br\/blog\/#\/schema\/person\/6f1394c8fffbe6cfa67201ece56aed6e"},"headline":"Recurso SEFAZ\/AL &#8211; Racioc\u00ednio L\u00f3gico","datePublished":"2020-02-12T03:34:27+00:00","dateModified":"2020-02-12T03:39:19+00:00","mainEntityOfPage":{"@id":"https:\/\/www.estrategiaconcursos.com.br\/blog\/recurso-sefaz-al-raciocinio-logico\/"},"wordCount":1083,"commentCount":6,"publisher":{"@id":"https:\/\/www.estrategiaconcursos.com.br\/blog\/#organization"},"articleSection":["Concursos P\u00fablicos"],"inLanguage":"pt-BR","potentialAction":[{"@type":"CommentAction","name":"Comment","target":["https:\/\/www.estrategiaconcursos.com.br\/blog\/recurso-sefaz-al-raciocinio-logico\/#respond"]}],"copyrightYear":"2020","copyrightHolder":{"@id":"https:\/\/www.estrategiaconcursos.com.br\/blog\/#organization"}},{"@type":"WebPage","@id":"https:\/\/www.estrategiaconcursos.com.br\/blog\/recurso-sefaz-al-raciocinio-logico\/","url":"https:\/\/www.estrategiaconcursos.com.br\/blog\/recurso-sefaz-al-raciocinio-logico\/","name":"Recurso SEFAZ\/AL - Racioc\u00ednio L\u00f3gico","isPartOf":{"@id":"https:\/\/www.estrategiaconcursos.com.br\/blog\/#website"},"datePublished":"2020-02-12T03:34:27+00:00","dateModified":"2020-02-12T03:39:19+00:00","breadcrumb":{"@id":"https:\/\/www.estrategiaconcursos.com.br\/blog\/recurso-sefaz-al-raciocinio-logico\/#breadcrumb"},"inLanguage":"pt-BR","potentialAction":[{"@type":"ReadAction","target":["https:\/\/www.estrategiaconcursos.com.br\/blog\/recurso-sefaz-al-raciocinio-logico\/"]}]},{"@type":"BreadcrumbList","@id":"https:\/\/www.estrategiaconcursos.com.br\/blog\/recurso-sefaz-al-raciocinio-logico\/#breadcrumb","itemListElement":[{"@type":"ListItem","position":1,"name":"In\u00edcio","item":"https:\/\/www.estrategiaconcursos.com.br\/blog\/"},{"@type":"ListItem","position":2,"name":"Recurso SEFAZ\/AL &#8211; Racioc\u00ednio L\u00f3gico"}]},{"@type":"WebSite","@id":"https:\/\/www.estrategiaconcursos.com.br\/blog\/#website","url":"https:\/\/www.estrategiaconcursos.com.br\/blog\/","name":"Estrat\u00e9gia Concursos","description":"O blog da Estrat\u00e9gia Concursos traz not\u00edcias sobre concursos e artigos de professores oferecendo cursos para concursos (pdf + videaulas) no site.","publisher":{"@id":"https:\/\/www.estrategiaconcursos.com.br\/blog\/#organization"},"potentialAction":[{"@type":"SearchAction","target":{"@type":"EntryPoint","urlTemplate":"https:\/\/www.estrategiaconcursos.com.br\/blog\/?s={search_term_string}"},"query-input":{"@type":"PropertyValueSpecification","valueRequired":true,"valueName":"search_term_string"}}],"inLanguage":"pt-BR"},{"@type":"Organization","@id":"https:\/\/www.estrategiaconcursos.com.br\/blog\/#organization","name":"Estrat\u00e9gia Concursos","url":"https:\/\/www.estrategiaconcursos.com.br\/blog\/","logo":{"@type":"ImageObject","inLanguage":"pt-BR","@id":"https:\/\/www.estrategiaconcursos.com.br\/blog\/#\/schema\/logo\/image\/","url":"https:\/\/dhg1h5j42swfq.cloudfront.net\/2025\/06\/03203428\/logo_concursos-1.jpg","contentUrl":"https:\/\/dhg1h5j42swfq.cloudfront.net\/2025\/06\/03203428\/logo_concursos-1.jpg","width":230,"height":60,"caption":"Estrat\u00e9gia Concursos"},"image":{"@id":"https:\/\/www.estrategiaconcursos.com.br\/blog\/#\/schema\/logo\/image\/"},"sameAs":["https:\/\/x.com\/EstratConcursos"]},{"@type":"Person","@id":"https:\/\/www.estrategiaconcursos.com.br\/blog\/#\/schema\/person\/6f1394c8fffbe6cfa67201ece56aed6e","name":"Guilherme Neves","image":{"@type":"ImageObject","inLanguage":"pt-BR","@id":"https:\/\/secure.gravatar.com\/avatar\/c6e634c175758bc81974a6dbecf7f3de844f8c8435193c5549709cbb19dd8cab?s=96&d=mm&r=g","url":"https:\/\/secure.gravatar.com\/avatar\/c6e634c175758bc81974a6dbecf7f3de844f8c8435193c5549709cbb19dd8cab?s=96&d=mm&r=g","contentUrl":"https:\/\/secure.gravatar.com\/avatar\/c6e634c175758bc81974a6dbecf7f3de844f8c8435193c5549709cbb19dd8cab?s=96&d=mm&r=g","caption":"Guilherme Neves"},"url":"https:\/\/www.estrategiaconcursos.com.br\/blog\/author\/guilhermenevesestrategiaconcursos-com-br\/"}]}},"_links":{"self":[{"href":"https:\/\/www.estrategiaconcursos.com.br\/blog\/wp-json\/wp\/v2\/posts\/480674","targetHints":{"allow":["GET"]}}],"collection":[{"href":"https:\/\/www.estrategiaconcursos.com.br\/blog\/wp-json\/wp\/v2\/posts"}],"about":[{"href":"https:\/\/www.estrategiaconcursos.com.br\/blog\/wp-json\/wp\/v2\/types\/post"}],"author":[{"embeddable":true,"href":"https:\/\/www.estrategiaconcursos.com.br\/blog\/wp-json\/wp\/v2\/users\/739"}],"replies":[{"embeddable":true,"href":"https:\/\/www.estrategiaconcursos.com.br\/blog\/wp-json\/wp\/v2\/comments?post=480674"}],"version-history":[{"count":3,"href":"https:\/\/www.estrategiaconcursos.com.br\/blog\/wp-json\/wp\/v2\/posts\/480674\/revisions"}],"predecessor-version":[{"id":480678,"href":"https:\/\/www.estrategiaconcursos.com.br\/blog\/wp-json\/wp\/v2\/posts\/480674\/revisions\/480678"}],"wp:attachment":[{"href":"https:\/\/www.estrategiaconcursos.com.br\/blog\/wp-json\/wp\/v2\/media?parent=480674"}],"wp:term":[{"taxonomy":"category","embeddable":true,"href":"https:\/\/www.estrategiaconcursos.com.br\/blog\/wp-json\/wp\/v2\/categories?post=480674"},{"taxonomy":"post_tag","embeddable":true,"href":"https:\/\/www.estrategiaconcursos.com.br\/blog\/wp-json\/wp\/v2\/tags?post=480674"},{"taxonomy":"tax_estado","embeddable":true,"href":"https:\/\/www.estrategiaconcursos.com.br\/blog\/wp-json\/wp\/v2\/tax_estado?post=480674"}],"curies":[{"name":"wp","href":"https:\/\/api.w.org\/{rel}","templated":true}]}}