{"id":480634,"date":"2020-02-11T22:00:11","date_gmt":"2020-02-12T01:00:11","guid":{"rendered":"https:\/\/www.estrategiaconcursos.com.br\/blog\/?p=480634"},"modified":"2020-05-06T14:26:14","modified_gmt":"2020-05-06T17:26:14","slug":"concurso-pcdf-escrivao-tema-de-redacao-68","status":"publish","type":"post","link":"https:\/\/www.estrategiaconcursos.com.br\/blog\/concurso-pcdf-escrivao-tema-de-redacao-68\/","title":{"rendered":"Concurso PCDF Escriv\u00e3o: Tema de Reda\u00e7\u00e3o 68"},"content":{"rendered":"\n<p>Oi, oi, oi! As enchentes ganharam o cen\u00e1rio brasileiro nos \u00faltimos tempos em decorr\u00eancia dos diversos transtornos ocasionados em cidades como S\u00e3o Paulo e Belo Horizonte. Portanto, vamos de tema de reda\u00e7\u00e3o para o Concurso PCDF Escriv\u00e3o. <\/p>\n\n\n\n<p class=\"has-text-align-center\"><strong>Proposta de Reda\u00e7\u00e3o 68<\/strong><\/p>\n\n\n\n<p>A\nchuva que atingiu o estado de S\u00e3o Paulo, nesta segunda-feira (10), provocou transtornos\naos moradores da capital paulista, que se estenderam at\u00e9 a manh\u00e3 desta\nter\u00e7a-feira (11). Segundo o Centro de Gerenciamento de Emerg\u00eancias (CGE), S\u00e3o\nPaulo teve o dia mais chuvoso desde 1995.<\/p>\n\n\n\n<p>A\nchuva forte tamb\u00e9m atingiu o interior do estado, que registrou quatro mortes.\nEm J\u00falio Mesquita, um carro e um caminh\u00e3o foram engolidos por uma cratera que\nse abriu na rodovia Leonor Mendes de Barros (SP-333). O motorista do carro\nmorreu.<\/p>\n\n\n\n<p>Em\ntodo o Estado, at\u00e9 o momento, foram contabilizados 142 desabrigados e 516\ndesalojados. A Defesa Civil ainda aguarda informa\u00e7\u00f5es do munic\u00edpio de Osasco <\/p>\n\n\n\n<p>Na\nGrande S\u00e3o Paulo, a Prefeitura de Osasco decretou estado de calamidade e\nregistrou o maior volume de chuva dos \u00faltimos sete anos. J\u00e1 em Pirapora do Bom\nJesus, o n\u00edvel do Rio Tiet\u00ea continua elevado e a cidade est\u00e1 em estado de\nemerg\u00eancia.<\/p>\n\n\n\n<p>De\nacordo com o Corpo de Bombeiros, em 24 horas, foram registrados 1.043 pontos de\nalagamento, 193 desabamentos e 219 quedas de \u00e1rvores. Ao todo, a corpora\u00e7\u00e3o\natendeu 2.345 ocorr\u00eancias e recebeu 10.371 liga\u00e7\u00f5es.<\/p>\n\n\n\n<p>Fonte: <a href=\"https:\/\/g1.globo.com\/sp\/sao-paulo\/noticia\/2020\/02\/11\/chuva-acumulada-em-fevereiro-em-sp-ja-e-maior-do-que-o-esperado-para-o-mes-inteiro-diz-inmet.ghtml\">https:\/\/g1.globo.com\/sp\/sao-paulo\/noticia\/2020\/02\/11\/chuva-acumulada-em-fevereiro-em-sp-ja-e-maior-do-que-o-esperado-para-o-mes-inteiro-diz-inmet.ghtml<\/a>\n<\/p>\n\n\n\n<p>Tendo\no texto acima apenas como motivador, desenvolva uma disserta\u00e7\u00e3o sobre o tema: <\/p>\n\n\n\n<p class=\"has-text-align-center\"><strong>As fortes chuvas no\npa\u00eds e seu reflexo nos centros urbanos<\/strong><\/p>\n\n\n\n<p>Para\no seu texto, aborde, obrigatoriamente, os seguintes aspectos: <\/p>\n\n\n\n<ol class=\"wp-block-list\"><li>Comente sobre as principais causas de alagamentos e deslizamentos ocorridos em grandes centros urbanos e regi\u00f5es metropolitanas [9,00]<\/li><li>Discorra acerca das consequ\u00eancias das fortes chuvas nas metr\u00f3poles [10,00]<\/li><li>Explane sobre medidas que podem reduzir as consequ\u00eancias causadas por chuvas e\/ou deslizamentos [10,00] <\/li><\/ol>\n\n\n\n<p>Venha conhecer nosso curso das discursivas para o Concurso PCDF Escriv\u00e3o em <a href=\"https:\/\/www.estrategiaconcursos.com.br\/curso\/correcao-analitica-de-discursivas-p-pc-df-escrivao-3-correcoes-por-aluno-pos-edital\/\">https:\/\/www.estrategiaconcursos.com.br\/curso\/correcao-analitica-de-discursivas-p-pc-df-escrivao-3-correcoes-por-aluno-pos-edital\/<\/a><\/p>\n\n\n\n<p>Abra\u00e7os,<\/p>\n\n\n\n<p>Janaina Arruda (@profa.janaina.arruda) <\/p>\n","protected":false},"excerpt":{"rendered":"<p>Oi, oi, oi! As enchentes ganharam o cen\u00e1rio brasileiro nos \u00faltimos tempos em decorr\u00eancia dos diversos transtornos ocasionados em cidades como S\u00e3o Paulo e Belo Horizonte. Portanto, vamos de tema de reda\u00e7\u00e3o para o Concurso PCDF Escriv\u00e3o. Proposta de Reda\u00e7\u00e3o 68 A chuva que atingiu o estado de S\u00e3o Paulo, nesta segunda-feira (10), provocou transtornos [&hellip;]<\/p>\n","protected":false},"author":1430,"featured_media":0,"comment_status":"open","ping_status":"closed","sticky":false,"template":"","format":"standard","meta":{"post_tipo":"article","footnotes":""},"categories":[1],"tags":[],"tax_estado":[],"class_list":["post-480634","post","type-post","status-publish","format-standard","hentry","category-cursos-e-concursos"],"acf":[],"yoast_head":"<!-- This site is optimized with the Yoast SEO Premium plugin v27.2 (Yoast SEO v27.2) - https:\/\/yoast.com\/product\/yoast-seo-premium-wordpress\/ -->\n<title>Concurso PCDF Escriv\u00e3o: Tema de Reda\u00e7\u00e3o 68 Concurso PCDF escriv\u00e3o<\/title>\n<meta name=\"description\" content=\"As enchentes ganharam o cen\u00e1rio brasileiro nos \u00faltimos tempos em decorr\u00eancia dos diversos transtornos ocasionados em cidades como S\u00e3o Paulo e Belo Horizonte. Portanto, vamos de tema de reda\u00e7\u00e3o para o Concurso PCDF Escriv\u00e3o.\" \/>\n<meta name=\"robots\" content=\"index, follow, max-snippet:-1, max-image-preview:large, max-video-preview:-1\" \/>\n<link rel=\"canonical\" href=\"https:\/\/www.estrategiaconcursos.com.br\/blog\/concurso-pcdf-escrivao-tema-de-redacao-68\/\" \/>\n<meta property=\"og:locale\" content=\"pt_BR\" \/>\n<meta property=\"og:type\" content=\"article\" \/>\n<meta property=\"og:title\" content=\"Concurso PCDF Escriv\u00e3o: Tema de Reda\u00e7\u00e3o 68\" \/>\n<meta property=\"og:description\" content=\"As enchentes ganharam o cen\u00e1rio brasileiro nos \u00faltimos tempos em decorr\u00eancia dos diversos transtornos ocasionados em cidades como S\u00e3o Paulo e Belo Horizonte. Portanto, vamos de tema de reda\u00e7\u00e3o para o Concurso PCDF Escriv\u00e3o.\" \/>\n<meta property=\"og:url\" content=\"https:\/\/www.estrategiaconcursos.com.br\/blog\/concurso-pcdf-escrivao-tema-de-redacao-68\/\" \/>\n<meta property=\"og:site_name\" content=\"Estrat\u00e9gia Concursos\" \/>\n<meta property=\"article:published_time\" content=\"2020-02-12T01:00:11+00:00\" \/>\n<meta property=\"article:modified_time\" content=\"2020-05-06T17:26:14+00:00\" \/>\n<meta name=\"author\" content=\"Janaina Arruda\" \/>\n<meta name=\"twitter:card\" content=\"summary_large_image\" \/>\n<meta name=\"twitter:creator\" content=\"@EstratConcursos\" \/>\n<meta name=\"twitter:site\" content=\"@EstratConcursos\" \/>\n<meta name=\"twitter:label1\" content=\"Escrito por\" \/>\n\t<meta name=\"twitter:data1\" content=\"Janaina Arruda\" \/>\n\t<meta name=\"twitter:label2\" content=\"Est. tempo de leitura\" \/>\n\t<meta name=\"twitter:data2\" content=\"2 minutos\" \/>\n<script type=\"application\/ld+json\" class=\"yoast-schema-graph\">{\"@context\":\"https:\/\/schema.org\",\"@graph\":[{\"@type\":\"NewsArticle\",\"@id\":\"https:\/\/www.estrategiaconcursos.com.br\/blog\/concurso-pcdf-escrivao-tema-de-redacao-68\/#article\",\"isPartOf\":{\"@id\":\"https:\/\/www.estrategiaconcursos.com.br\/blog\/concurso-pcdf-escrivao-tema-de-redacao-68\/\"},\"author\":{\"name\":\"Janaina Arruda\",\"@id\":\"https:\/\/www.estrategiaconcursos.com.br\/blog\/#\/schema\/person\/f2fb305e65e771b216148107c0d96d68\"},\"headline\":\"Concurso PCDF Escriv\u00e3o: Tema de Reda\u00e7\u00e3o 68\",\"datePublished\":\"2020-02-12T01:00:11+00:00\",\"dateModified\":\"2020-05-06T17:26:14+00:00\",\"mainEntityOfPage\":{\"@id\":\"https:\/\/www.estrategiaconcursos.com.br\/blog\/concurso-pcdf-escrivao-tema-de-redacao-68\/\"},\"wordCount\":363,\"commentCount\":0,\"publisher\":{\"@id\":\"https:\/\/www.estrategiaconcursos.com.br\/blog\/#organization\"},\"articleSection\":[\"Concursos P\u00fablicos\"],\"inLanguage\":\"pt-BR\",\"potentialAction\":[{\"@type\":\"CommentAction\",\"name\":\"Comment\",\"target\":[\"https:\/\/www.estrategiaconcursos.com.br\/blog\/concurso-pcdf-escrivao-tema-de-redacao-68\/#respond\"]}],\"copyrightYear\":\"2020\",\"copyrightHolder\":{\"@id\":\"https:\/\/www.estrategiaconcursos.com.br\/blog\/#organization\"}},{\"@type\":\"WebPage\",\"@id\":\"https:\/\/www.estrategiaconcursos.com.br\/blog\/concurso-pcdf-escrivao-tema-de-redacao-68\/\",\"url\":\"https:\/\/www.estrategiaconcursos.com.br\/blog\/concurso-pcdf-escrivao-tema-de-redacao-68\/\",\"name\":\"Concurso PCDF Escriv\u00e3o: Tema de Reda\u00e7\u00e3o 68 Concurso PCDF escriv\u00e3o\",\"isPartOf\":{\"@id\":\"https:\/\/www.estrategiaconcursos.com.br\/blog\/#website\"},\"datePublished\":\"2020-02-12T01:00:11+00:00\",\"dateModified\":\"2020-05-06T17:26:14+00:00\",\"description\":\"As enchentes ganharam o cen\u00e1rio brasileiro nos \u00faltimos tempos em decorr\u00eancia dos diversos transtornos ocasionados em cidades como S\u00e3o Paulo e Belo Horizonte. Portanto, vamos de tema de reda\u00e7\u00e3o para o Concurso PCDF Escriv\u00e3o.\",\"breadcrumb\":{\"@id\":\"https:\/\/www.estrategiaconcursos.com.br\/blog\/concurso-pcdf-escrivao-tema-de-redacao-68\/#breadcrumb\"},\"inLanguage\":\"pt-BR\",\"potentialAction\":[{\"@type\":\"ReadAction\",\"target\":[\"https:\/\/www.estrategiaconcursos.com.br\/blog\/concurso-pcdf-escrivao-tema-de-redacao-68\/\"]}]},{\"@type\":\"BreadcrumbList\",\"@id\":\"https:\/\/www.estrategiaconcursos.com.br\/blog\/concurso-pcdf-escrivao-tema-de-redacao-68\/#breadcrumb\",\"itemListElement\":[{\"@type\":\"ListItem\",\"position\":1,\"name\":\"In\u00edcio\",\"item\":\"https:\/\/www.estrategiaconcursos.com.br\/blog\/\"},{\"@type\":\"ListItem\",\"position\":2,\"name\":\"Concurso PCDF Escriv\u00e3o: Tema de Reda\u00e7\u00e3o 68\"}]},{\"@type\":\"WebSite\",\"@id\":\"https:\/\/www.estrategiaconcursos.com.br\/blog\/#website\",\"url\":\"https:\/\/www.estrategiaconcursos.com.br\/blog\/\",\"name\":\"Estrat\u00e9gia Concursos\",\"description\":\"O blog da Estrat\u00e9gia Concursos traz not\u00edcias sobre concursos e artigos de professores oferecendo cursos para concursos (pdf + videaulas) no site.\",\"publisher\":{\"@id\":\"https:\/\/www.estrategiaconcursos.com.br\/blog\/#organization\"},\"potentialAction\":[{\"@type\":\"SearchAction\",\"target\":{\"@type\":\"EntryPoint\",\"urlTemplate\":\"https:\/\/www.estrategiaconcursos.com.br\/blog\/?s={search_term_string}\"},\"query-input\":{\"@type\":\"PropertyValueSpecification\",\"valueRequired\":true,\"valueName\":\"search_term_string\"}}],\"inLanguage\":\"pt-BR\"},{\"@type\":\"Organization\",\"@id\":\"https:\/\/www.estrategiaconcursos.com.br\/blog\/#organization\",\"name\":\"Estrat\u00e9gia Concursos\",\"url\":\"https:\/\/www.estrategiaconcursos.com.br\/blog\/\",\"logo\":{\"@type\":\"ImageObject\",\"inLanguage\":\"pt-BR\",\"@id\":\"https:\/\/www.estrategiaconcursos.com.br\/blog\/#\/schema\/logo\/image\/\",\"url\":\"https:\/\/dhg1h5j42swfq.cloudfront.net\/2025\/06\/03203428\/logo_concursos-1.jpg\",\"contentUrl\":\"https:\/\/dhg1h5j42swfq.cloudfront.net\/2025\/06\/03203428\/logo_concursos-1.jpg\",\"width\":230,\"height\":60,\"caption\":\"Estrat\u00e9gia Concursos\"},\"image\":{\"@id\":\"https:\/\/www.estrategiaconcursos.com.br\/blog\/#\/schema\/logo\/image\/\"},\"sameAs\":[\"https:\/\/x.com\/EstratConcursos\"]},{\"@type\":\"Person\",\"@id\":\"https:\/\/www.estrategiaconcursos.com.br\/blog\/#\/schema\/person\/f2fb305e65e771b216148107c0d96d68\",\"name\":\"Janaina Arruda\",\"image\":{\"@type\":\"ImageObject\",\"inLanguage\":\"pt-BR\",\"@id\":\"https:\/\/secure.gravatar.com\/avatar\/9377d341617569b19a8eb58b32e54c10304cac645ab0cef38c66bfa34f77bdc6?s=96&d=mm&r=g\",\"url\":\"https:\/\/secure.gravatar.com\/avatar\/9377d341617569b19a8eb58b32e54c10304cac645ab0cef38c66bfa34f77bdc6?s=96&d=mm&r=g\",\"contentUrl\":\"https:\/\/secure.gravatar.com\/avatar\/9377d341617569b19a8eb58b32e54c10304cac645ab0cef38c66bfa34f77bdc6?s=96&d=mm&r=g\",\"caption\":\"Janaina Arruda\"},\"url\":\"https:\/\/www.estrategiaconcursos.com.br\/blog\/author\/arruda-janhotmail-com\/\"}]}<\/script>\n<!-- \/ Yoast SEO Premium plugin. -->","yoast_head_json":{"title":"Concurso PCDF Escriv\u00e3o: Tema de Reda\u00e7\u00e3o 68 Concurso PCDF escriv\u00e3o","description":"As enchentes ganharam o cen\u00e1rio brasileiro nos \u00faltimos tempos em decorr\u00eancia dos diversos transtornos ocasionados em cidades como S\u00e3o Paulo e Belo Horizonte. Portanto, vamos de tema de reda\u00e7\u00e3o para o Concurso PCDF Escriv\u00e3o.","robots":{"index":"index","follow":"follow","max-snippet":"max-snippet:-1","max-image-preview":"max-image-preview:large","max-video-preview":"max-video-preview:-1"},"canonical":"https:\/\/www.estrategiaconcursos.com.br\/blog\/concurso-pcdf-escrivao-tema-de-redacao-68\/","og_locale":"pt_BR","og_type":"article","og_title":"Concurso PCDF Escriv\u00e3o: Tema de Reda\u00e7\u00e3o 68","og_description":"As enchentes ganharam o cen\u00e1rio brasileiro nos \u00faltimos tempos em decorr\u00eancia dos diversos transtornos ocasionados em cidades como S\u00e3o Paulo e Belo Horizonte. Portanto, vamos de tema de reda\u00e7\u00e3o para o Concurso PCDF Escriv\u00e3o.","og_url":"https:\/\/www.estrategiaconcursos.com.br\/blog\/concurso-pcdf-escrivao-tema-de-redacao-68\/","og_site_name":"Estrat\u00e9gia Concursos","article_published_time":"2020-02-12T01:00:11+00:00","article_modified_time":"2020-05-06T17:26:14+00:00","author":"Janaina Arruda","twitter_card":"summary_large_image","twitter_creator":"@EstratConcursos","twitter_site":"@EstratConcursos","twitter_misc":{"Escrito por":"Janaina Arruda","Est. tempo de leitura":"2 minutos"},"schema":{"@context":"https:\/\/schema.org","@graph":[{"@type":"NewsArticle","@id":"https:\/\/www.estrategiaconcursos.com.br\/blog\/concurso-pcdf-escrivao-tema-de-redacao-68\/#article","isPartOf":{"@id":"https:\/\/www.estrategiaconcursos.com.br\/blog\/concurso-pcdf-escrivao-tema-de-redacao-68\/"},"author":{"name":"Janaina Arruda","@id":"https:\/\/www.estrategiaconcursos.com.br\/blog\/#\/schema\/person\/f2fb305e65e771b216148107c0d96d68"},"headline":"Concurso PCDF Escriv\u00e3o: Tema de Reda\u00e7\u00e3o 68","datePublished":"2020-02-12T01:00:11+00:00","dateModified":"2020-05-06T17:26:14+00:00","mainEntityOfPage":{"@id":"https:\/\/www.estrategiaconcursos.com.br\/blog\/concurso-pcdf-escrivao-tema-de-redacao-68\/"},"wordCount":363,"commentCount":0,"publisher":{"@id":"https:\/\/www.estrategiaconcursos.com.br\/blog\/#organization"},"articleSection":["Concursos P\u00fablicos"],"inLanguage":"pt-BR","potentialAction":[{"@type":"CommentAction","name":"Comment","target":["https:\/\/www.estrategiaconcursos.com.br\/blog\/concurso-pcdf-escrivao-tema-de-redacao-68\/#respond"]}],"copyrightYear":"2020","copyrightHolder":{"@id":"https:\/\/www.estrategiaconcursos.com.br\/blog\/#organization"}},{"@type":"WebPage","@id":"https:\/\/www.estrategiaconcursos.com.br\/blog\/concurso-pcdf-escrivao-tema-de-redacao-68\/","url":"https:\/\/www.estrategiaconcursos.com.br\/blog\/concurso-pcdf-escrivao-tema-de-redacao-68\/","name":"Concurso PCDF Escriv\u00e3o: Tema de Reda\u00e7\u00e3o 68 Concurso PCDF escriv\u00e3o","isPartOf":{"@id":"https:\/\/www.estrategiaconcursos.com.br\/blog\/#website"},"datePublished":"2020-02-12T01:00:11+00:00","dateModified":"2020-05-06T17:26:14+00:00","description":"As enchentes ganharam o cen\u00e1rio brasileiro nos \u00faltimos tempos em decorr\u00eancia dos diversos transtornos ocasionados em cidades como S\u00e3o Paulo e Belo Horizonte. Portanto, vamos de tema de reda\u00e7\u00e3o para o Concurso PCDF Escriv\u00e3o.","breadcrumb":{"@id":"https:\/\/www.estrategiaconcursos.com.br\/blog\/concurso-pcdf-escrivao-tema-de-redacao-68\/#breadcrumb"},"inLanguage":"pt-BR","potentialAction":[{"@type":"ReadAction","target":["https:\/\/www.estrategiaconcursos.com.br\/blog\/concurso-pcdf-escrivao-tema-de-redacao-68\/"]}]},{"@type":"BreadcrumbList","@id":"https:\/\/www.estrategiaconcursos.com.br\/blog\/concurso-pcdf-escrivao-tema-de-redacao-68\/#breadcrumb","itemListElement":[{"@type":"ListItem","position":1,"name":"In\u00edcio","item":"https:\/\/www.estrategiaconcursos.com.br\/blog\/"},{"@type":"ListItem","position":2,"name":"Concurso PCDF Escriv\u00e3o: Tema de Reda\u00e7\u00e3o 68"}]},{"@type":"WebSite","@id":"https:\/\/www.estrategiaconcursos.com.br\/blog\/#website","url":"https:\/\/www.estrategiaconcursos.com.br\/blog\/","name":"Estrat\u00e9gia Concursos","description":"O blog da Estrat\u00e9gia Concursos traz not\u00edcias sobre concursos e artigos de professores oferecendo cursos para concursos (pdf + videaulas) no site.","publisher":{"@id":"https:\/\/www.estrategiaconcursos.com.br\/blog\/#organization"},"potentialAction":[{"@type":"SearchAction","target":{"@type":"EntryPoint","urlTemplate":"https:\/\/www.estrategiaconcursos.com.br\/blog\/?s={search_term_string}"},"query-input":{"@type":"PropertyValueSpecification","valueRequired":true,"valueName":"search_term_string"}}],"inLanguage":"pt-BR"},{"@type":"Organization","@id":"https:\/\/www.estrategiaconcursos.com.br\/blog\/#organization","name":"Estrat\u00e9gia Concursos","url":"https:\/\/www.estrategiaconcursos.com.br\/blog\/","logo":{"@type":"ImageObject","inLanguage":"pt-BR","@id":"https:\/\/www.estrategiaconcursos.com.br\/blog\/#\/schema\/logo\/image\/","url":"https:\/\/dhg1h5j42swfq.cloudfront.net\/2025\/06\/03203428\/logo_concursos-1.jpg","contentUrl":"https:\/\/dhg1h5j42swfq.cloudfront.net\/2025\/06\/03203428\/logo_concursos-1.jpg","width":230,"height":60,"caption":"Estrat\u00e9gia Concursos"},"image":{"@id":"https:\/\/www.estrategiaconcursos.com.br\/blog\/#\/schema\/logo\/image\/"},"sameAs":["https:\/\/x.com\/EstratConcursos"]},{"@type":"Person","@id":"https:\/\/www.estrategiaconcursos.com.br\/blog\/#\/schema\/person\/f2fb305e65e771b216148107c0d96d68","name":"Janaina Arruda","image":{"@type":"ImageObject","inLanguage":"pt-BR","@id":"https:\/\/secure.gravatar.com\/avatar\/9377d341617569b19a8eb58b32e54c10304cac645ab0cef38c66bfa34f77bdc6?s=96&d=mm&r=g","url":"https:\/\/secure.gravatar.com\/avatar\/9377d341617569b19a8eb58b32e54c10304cac645ab0cef38c66bfa34f77bdc6?s=96&d=mm&r=g","contentUrl":"https:\/\/secure.gravatar.com\/avatar\/9377d341617569b19a8eb58b32e54c10304cac645ab0cef38c66bfa34f77bdc6?s=96&d=mm&r=g","caption":"Janaina Arruda"},"url":"https:\/\/www.estrategiaconcursos.com.br\/blog\/author\/arruda-janhotmail-com\/"}]}},"_links":{"self":[{"href":"https:\/\/www.estrategiaconcursos.com.br\/blog\/wp-json\/wp\/v2\/posts\/480634","targetHints":{"allow":["GET"]}}],"collection":[{"href":"https:\/\/www.estrategiaconcursos.com.br\/blog\/wp-json\/wp\/v2\/posts"}],"about":[{"href":"https:\/\/www.estrategiaconcursos.com.br\/blog\/wp-json\/wp\/v2\/types\/post"}],"author":[{"embeddable":true,"href":"https:\/\/www.estrategiaconcursos.com.br\/blog\/wp-json\/wp\/v2\/users\/1430"}],"replies":[{"embeddable":true,"href":"https:\/\/www.estrategiaconcursos.com.br\/blog\/wp-json\/wp\/v2\/comments?post=480634"}],"version-history":[{"count":1,"href":"https:\/\/www.estrategiaconcursos.com.br\/blog\/wp-json\/wp\/v2\/posts\/480634\/revisions"}],"predecessor-version":[{"id":480635,"href":"https:\/\/www.estrategiaconcursos.com.br\/blog\/wp-json\/wp\/v2\/posts\/480634\/revisions\/480635"}],"wp:attachment":[{"href":"https:\/\/www.estrategiaconcursos.com.br\/blog\/wp-json\/wp\/v2\/media?parent=480634"}],"wp:term":[{"taxonomy":"category","embeddable":true,"href":"https:\/\/www.estrategiaconcursos.com.br\/blog\/wp-json\/wp\/v2\/categories?post=480634"},{"taxonomy":"post_tag","embeddable":true,"href":"https:\/\/www.estrategiaconcursos.com.br\/blog\/wp-json\/wp\/v2\/tags?post=480634"},{"taxonomy":"tax_estado","embeddable":true,"href":"https:\/\/www.estrategiaconcursos.com.br\/blog\/wp-json\/wp\/v2\/tax_estado?post=480634"}],"curies":[{"name":"wp","href":"https:\/\/api.w.org\/{rel}","templated":true}]}}