{"id":480447,"date":"2020-02-11T15:29:02","date_gmt":"2020-02-11T18:29:02","guid":{"rendered":"https:\/\/www.estrategiaconcursos.com.br\/blog\/?p=480447"},"modified":"2020-12-08T10:55:33","modified_gmt":"2020-12-08T13:55:33","slug":"udesc-isencao-da-taxa","status":"publish","type":"post","link":"https:\/\/www.estrategiaconcursos.com.br\/blog\/udesc-isencao-da-taxa\/","title":{"rendered":"Udesc recebe pedidos de isen\u00e7\u00e3o da taxa do Vestibular de Inverno"},"content":{"rendered":"\n<p>Est\u00e3o abertas at\u00e9 o dia 2 de mar\u00e7o, o per\u00edodo para que os candidatos solicitem isen\u00e7\u00e3o da taxa de inscri\u00e7\u00e3o no Vestibular de Inverno da Universidade do Estado de Santa Catarina, a <a rel=\"noreferrer noopener\" aria-label=\"UDESC (abre numa nova aba)\" href=\"https:\/\/www.estrategiavestibulares.com.br\/vestibulares\/udesc\/\" target=\"_blank\">UDESC<\/a>. Os pedidos s\u00e3o para candidatos que se enquadrem no crit\u00e9rio socioecon\u00f4mico.<\/p>\n\n\n\n<ul class=\"wp-block-list\"><li><a rel=\"noreferrer noopener\" aria-label=\"Curso UDESC 2020.2 (abre numa nova aba)\" href=\"https:\/\/www.estrategiavestibulares.com.br\/vestibulares\/udesc\/\" target=\"_blank\">Curso UDESC 2020.2<\/a><\/li><\/ul>\n\n\n\n<p>O prazo \u00e9 diferente para quem se enquadre no crit\u00e9rio de doador de sangue e\/ou medula. Os candidatos que est\u00e3o nesta regra t\u00eam at\u00e9 o dia 27 de mar\u00e7o para solicitar isen\u00e7\u00e3o da taxa. Para concorrer \u00e0 isen\u00e7\u00e3o da taxa do Vestibular de Inverno 2020\/2 da <a href=\"https:\/\/blog.estrategiavestibulares.com.br\/vestibulares\/vestibular-udesc\/\" target=\"_blank\" rel=\"noreferrer noopener\">UDESC<\/a> precisar\u00e1 ter conclu\u00eddo ou estar em fase de conclus\u00e3o do Ensino M\u00e9dio devendo:<\/p>\n\n\n\n<ul class=\"wp-block-list\"><li><em>a) acessar o site da Unesc, aba \u201cingresso\u201d link Vestibular de Inverno 2020\/2;<\/em><\/li><li><em>b) preencher o formul\u00e1rio;<\/em><\/li><li><em>c) anexar ao formul\u00e1rio os documentos comprobat\u00f3rios em formato PDF e n\u00e3o poder\u00e3o exceder a 1.024Kb;<\/em><\/li><li><em>d) ap\u00f3s preenchido o formul\u00e1rio e anexado os documentos, clicar em \u201cn\u00e3o sou um rob\u00f4\u201d e na sequ\u00eancia clicar no bot\u00e3o \u201cenviar\u201d;<\/em><\/li><li><em>e) ser\u00e1 encaminhada automaticamente, para o e-mail informado, mensagem de confirma\u00e7\u00e3o de recebimento do formul\u00e1rio pela COVEST\/UDESC.<\/em><\/li><\/ul>\n\n\n\n<p>A lista com o nome dos candidatos que foram beneficiados ser\u00e1 divulgada no site da <a href=\"https:\/\/www.estrategiavestibulares.com.br\/vestibulares\/udesc\/\" target=\"_blank\" rel=\"noreferrer noopener\" aria-label=\"Udesc (abre numa nova aba)\">Udesc<\/a> a partir do dia 27 de mar\u00e7o de 2020. Isso n\u00e3o garante a inscri\u00e7\u00e3o definitiva dos candidatos beneficiados.<\/p>\n\n\n\n<p>Os requerentes que obtiverem a isen\u00e7\u00e3o do pagamento da taxa de inscri\u00e7\u00e3o dever\u00e1 acessar o site da <a href=\"https:\/\/www.estrategiavestibulares.com.br\/vestibulares\/udesc\/\" target=\"_blank\" rel=\"noreferrer noopener\" aria-label=\"Udesc (abre numa nova aba)\">Udesc<\/a> e realizar inscri\u00e7\u00e3o entre os dias 01 de abril e 04 de maio de 2020. Quem n\u00e3o confirmar a sua inscri\u00e7\u00e3o dentro do segundo prazo estar\u00e3o fora do vestibular.<\/p>\n\n\n\n<p class=\"has-text-align-center has-pale-cyan-blue-background-color has-background has-medium-font-size\"><a rel=\"noreferrer noopener\" aria-label=\"CURSO UDESC 2020.2 (abre numa nova aba)\" href=\"https:\/\/www.estrategiavestibulares.com.br\/vestibulares\/udesc\/\" target=\"_blank\">CURSO UDESC 2020.2<\/a><\/p>\n\n\n\n<h2 class=\"wp-block-heading\">Prov\u00e3o de Bolsas<\/h2>\n\n\n\n<figure class=\"wp-block-image\"><a href=\"https:\/\/docs.google.com\/forms\/d\/e\/1FAIpQLSf-NrIy7yhv_NDdc3fVFWsf34SnbPe0R6flsbyktvBKq5o6Zg\/viewform\" target=\"_blank\" rel=\"noreferrer noopener\"><img loading=\"lazy\" decoding=\"async\" width=\"1024\" height=\"256\" src=\"https:\/\/dhg1h5j42swfq.cloudfront.net\/2020\/02\/10134037\/provao-vesitbulares-1024x256.jpg\" alt=\"\" class=\"wp-image-479950\" srcset=\"https:\/\/dhg1h5j42swfq.cloudfront.net\/2020\/02\/10134037\/provao-vesitbulares-1024x256.jpg 1024w, https:\/\/dhg1h5j42swfq.cloudfront.net\/2020\/02\/10134037\/provao-vesitbulares-300x75.jpg 300w, https:\/\/dhg1h5j42swfq.cloudfront.net\/2020\/02\/10134037\/provao-vesitbulares-768x192.jpg 768w, https:\/\/dhg1h5j42swfq.cloudfront.net\/2020\/02\/10134037\/provao-vesitbulares-1536x384.jpg 1536w, https:\/\/dhg1h5j42swfq.cloudfront.net\/2020\/02\/10134037\/provao-vesitbulares-610x153.jpg 610w, https:\/\/dhg1h5j42swfq.cloudfront.net\/2020\/02\/10134037\/provao-vesitbulares.jpg 1920w\" sizes=\"auto, (max-width: 1024px) 100vw, 1024px\" \/><\/a><\/figure>\n\n\n\n<p>Acontece no pr\u00f3ximo s\u00e1bado dia 16 de feveiro, o 2\u00ba Prov\u00e3o de Bolsas do&nbsp;<em><a rel=\"noreferrer noopener\" href=\"https:\/\/estrategiavestibulares.com.br\/\" target=\"_blank\">Estrat\u00e9gia Vestibulares<\/a><\/em>. Ser\u00e3o ofertadas mais 500 bolsas de estudos aos melhores classificados no teste, 100 para cada regi\u00e3o do pa\u00eds. Quem tamb\u00e9m realiza prov\u00e3o no s\u00e1bado \u00e9 o&nbsp;<em><a rel=\"noreferrer noopener\" href=\"https:\/\/estrategiamilitares.com.br\/\" target=\"_blank\">Estrat\u00e9gia Militares<\/a><\/em>. O 2\u00ba Prov\u00e3o de Bolsas das Carreiras Militares oferta 700 bolsas de estudos.<\/p>\n\n\n\n<figure class=\"wp-block-image\"><a href=\"https:\/\/docs.google.com\/forms\/d\/e\/1FAIpQLSdeBHOcMVt-m7MPO9Hi438iHRJWpsP8DknK4NH0zX3WvCqfPA\/viewform\" target=\"_blank\" rel=\"noreferrer noopener\"><img loading=\"lazy\" decoding=\"async\" width=\"1024\" height=\"256\" src=\"https:\/\/dhg1h5j42swfq.cloudfront.net\/2020\/02\/11122054\/provao-militares-1-1024x256.jpg\" alt=\"\" class=\"wp-image-480329\" srcset=\"https:\/\/dhg1h5j42swfq.cloudfront.net\/2020\/02\/11122054\/provao-militares-1-1024x256.jpg 1024w, https:\/\/dhg1h5j42swfq.cloudfront.net\/2020\/02\/11122054\/provao-militares-1-300x75.jpg 300w, https:\/\/dhg1h5j42swfq.cloudfront.net\/2020\/02\/11122054\/provao-militares-1-768x192.jpg 768w, https:\/\/dhg1h5j42swfq.cloudfront.net\/2020\/02\/11122054\/provao-militares-1-1536x384.jpg 1536w, https:\/\/dhg1h5j42swfq.cloudfront.net\/2020\/02\/11122054\/provao-militares-1-610x153.jpg 610w, https:\/\/dhg1h5j42swfq.cloudfront.net\/2020\/02\/11122054\/provao-militares-1.jpg 1920w\" sizes=\"auto, (max-width: 1024px) 100vw, 1024px\" \/><\/a><\/figure>\n","protected":false},"excerpt":{"rendered":"<p>Est\u00e3o abertas at\u00e9 o dia 2 de mar\u00e7o, o per\u00edodo para que os candidatos solicitem isen\u00e7\u00e3o da taxa de inscri\u00e7\u00e3o no Vestibular de Inverno da Universidade do Estado de Santa Catarina, a UDESC. Os pedidos s\u00e3o para candidatos que se enquadrem no crit\u00e9rio socioecon\u00f4mico. Curso UDESC 2020.2 O prazo \u00e9 diferente para quem se enquadre [&hellip;]<\/p>\n","protected":false},"author":1,"featured_media":480453,"comment_status":"open","ping_status":"closed","sticky":false,"template":"","format":"standard","meta":{"post_tipo":"news","footnotes":""},"categories":[1],"tags":[],"tax_estado":[],"class_list":["post-480447","post","type-post","status-publish","format-standard","has-post-thumbnail","hentry","category-cursos-e-concursos"],"acf":[],"yoast_head":"<!-- This site is optimized with the Yoast SEO Premium plugin v27.2 (Yoast SEO v27.2) - https:\/\/yoast.com\/product\/yoast-seo-premium-wordpress\/ -->\n<title>Udesc recebe pedidos de isen\u00e7\u00e3o da taxa do Vestibular de Inverno<\/title>\n<meta name=\"robots\" content=\"index, follow, max-snippet:-1, max-image-preview:large, max-video-preview:-1\" \/>\n<link rel=\"canonical\" href=\"https:\/\/www.estrategiaconcursos.com.br\/blog\/udesc-isencao-da-taxa\/\" \/>\n<meta property=\"og:locale\" content=\"pt_BR\" \/>\n<meta property=\"og:type\" content=\"article\" \/>\n<meta property=\"og:title\" content=\"Udesc recebe pedidos de isen\u00e7\u00e3o da taxa do Vestibular de Inverno\" \/>\n<meta property=\"og:description\" content=\"Est\u00e3o abertas at\u00e9 o dia 2 de mar\u00e7o, o per\u00edodo para que os candidatos solicitem isen\u00e7\u00e3o da taxa de inscri\u00e7\u00e3o no Vestibular de Inverno da Universidade do Estado de Santa Catarina, a UDESC. Os pedidos s\u00e3o para candidatos que se enquadrem no crit\u00e9rio socioecon\u00f4mico. Curso UDESC 2020.2 O prazo \u00e9 diferente para quem se enquadre [&hellip;]\" \/>\n<meta property=\"og:url\" content=\"https:\/\/www.estrategiaconcursos.com.br\/blog\/udesc-isencao-da-taxa\/\" \/>\n<meta property=\"og:site_name\" content=\"Estrat\u00e9gia Concursos\" \/>\n<meta property=\"article:author\" content=\"https:\/\/www.facebook.com\/EstrategiaConcursos\" \/>\n<meta property=\"article:published_time\" content=\"2020-02-11T18:29:02+00:00\" \/>\n<meta property=\"article:modified_time\" content=\"2020-12-08T13:55:33+00:00\" \/>\n<meta property=\"og:image\" content=\"https:\/\/dhg1h5j42swfq.cloudfront.net\/2020\/02\/11152730\/vestibular-udesc.png\" \/>\n\t<meta property=\"og:image:width\" content=\"500\" \/>\n\t<meta property=\"og:image:height\" content=\"334\" \/>\n\t<meta property=\"og:image:type\" content=\"image\/png\" \/>\n<meta name=\"author\" content=\"Coordena\u00e7\u00e3o\" \/>\n<meta name=\"twitter:card\" content=\"summary_large_image\" \/>\n<meta name=\"twitter:creator\" content=\"@EstratConcursos\" \/>\n<meta name=\"twitter:site\" content=\"@EstratConcursos\" \/>\n<meta name=\"twitter:label1\" content=\"Escrito por\" \/>\n\t<meta name=\"twitter:data1\" content=\"Coordena\u00e7\u00e3o\" \/>\n\t<meta name=\"twitter:label2\" content=\"Est. tempo de leitura\" \/>\n\t<meta name=\"twitter:data2\" content=\"2 minutos\" \/>\n<script type=\"application\/ld+json\" class=\"yoast-schema-graph\">{\"@context\":\"https:\/\/schema.org\",\"@graph\":[{\"@type\":\"NewsArticle\",\"@id\":\"https:\/\/www.estrategiaconcursos.com.br\/blog\/udesc-isencao-da-taxa\/#article\",\"isPartOf\":{\"@id\":\"https:\/\/www.estrategiaconcursos.com.br\/blog\/udesc-isencao-da-taxa\/\"},\"author\":{\"name\":\"Coordena\u00e7\u00e3o\",\"@id\":\"https:\/\/www.estrategiaconcursos.com.br\/blog\/#\/schema\/person\/b4a388c97673c5f483d72185668afa1f\"},\"headline\":\"Udesc recebe pedidos de isen\u00e7\u00e3o da taxa do Vestibular de Inverno\",\"datePublished\":\"2020-02-11T18:29:02+00:00\",\"dateModified\":\"2020-12-08T13:55:33+00:00\",\"mainEntityOfPage\":{\"@id\":\"https:\/\/www.estrategiaconcursos.com.br\/blog\/udesc-isencao-da-taxa\/\"},\"wordCount\":370,\"commentCount\":0,\"publisher\":{\"@id\":\"https:\/\/www.estrategiaconcursos.com.br\/blog\/#organization\"},\"image\":{\"@id\":\"https:\/\/www.estrategiaconcursos.com.br\/blog\/udesc-isencao-da-taxa\/#primaryimage\"},\"thumbnailUrl\":\"https:\/\/dhg1h5j42swfq.cloudfront.net\/2020\/02\/11152730\/vestibular-udesc.png\",\"articleSection\":[\"Concursos P\u00fablicos\"],\"inLanguage\":\"pt-BR\",\"potentialAction\":[{\"@type\":\"CommentAction\",\"name\":\"Comment\",\"target\":[\"https:\/\/www.estrategiaconcursos.com.br\/blog\/udesc-isencao-da-taxa\/#respond\"]}],\"copyrightYear\":\"2020\",\"copyrightHolder\":{\"@id\":\"https:\/\/www.estrategiaconcursos.com.br\/blog\/#organization\"}},{\"@type\":\"WebPage\",\"@id\":\"https:\/\/www.estrategiaconcursos.com.br\/blog\/udesc-isencao-da-taxa\/\",\"url\":\"https:\/\/www.estrategiaconcursos.com.br\/blog\/udesc-isencao-da-taxa\/\",\"name\":\"Udesc recebe pedidos de isen\u00e7\u00e3o da taxa do Vestibular de Inverno\",\"isPartOf\":{\"@id\":\"https:\/\/www.estrategiaconcursos.com.br\/blog\/#website\"},\"primaryImageOfPage\":{\"@id\":\"https:\/\/www.estrategiaconcursos.com.br\/blog\/udesc-isencao-da-taxa\/#primaryimage\"},\"image\":{\"@id\":\"https:\/\/www.estrategiaconcursos.com.br\/blog\/udesc-isencao-da-taxa\/#primaryimage\"},\"thumbnailUrl\":\"https:\/\/dhg1h5j42swfq.cloudfront.net\/2020\/02\/11152730\/vestibular-udesc.png\",\"datePublished\":\"2020-02-11T18:29:02+00:00\",\"dateModified\":\"2020-12-08T13:55:33+00:00\",\"breadcrumb\":{\"@id\":\"https:\/\/www.estrategiaconcursos.com.br\/blog\/udesc-isencao-da-taxa\/#breadcrumb\"},\"inLanguage\":\"pt-BR\",\"potentialAction\":[{\"@type\":\"ReadAction\",\"target\":[\"https:\/\/www.estrategiaconcursos.com.br\/blog\/udesc-isencao-da-taxa\/\"]}]},{\"@type\":\"ImageObject\",\"inLanguage\":\"pt-BR\",\"@id\":\"https:\/\/www.estrategiaconcursos.com.br\/blog\/udesc-isencao-da-taxa\/#primaryimage\",\"url\":\"https:\/\/dhg1h5j42swfq.cloudfront.net\/2020\/02\/11152730\/vestibular-udesc.png\",\"contentUrl\":\"https:\/\/dhg1h5j42swfq.cloudfront.net\/2020\/02\/11152730\/vestibular-udesc.png\",\"width\":500,\"height\":334,\"caption\":\"vestibular udesc\"},{\"@type\":\"BreadcrumbList\",\"@id\":\"https:\/\/www.estrategiaconcursos.com.br\/blog\/udesc-isencao-da-taxa\/#breadcrumb\",\"itemListElement\":[{\"@type\":\"ListItem\",\"position\":1,\"name\":\"In\u00edcio\",\"item\":\"https:\/\/www.estrategiaconcursos.com.br\/blog\/\"},{\"@type\":\"ListItem\",\"position\":2,\"name\":\"Udesc recebe pedidos de isen\u00e7\u00e3o da taxa do Vestibular de Inverno\"}]},{\"@type\":\"WebSite\",\"@id\":\"https:\/\/www.estrategiaconcursos.com.br\/blog\/#website\",\"url\":\"https:\/\/www.estrategiaconcursos.com.br\/blog\/\",\"name\":\"Estrat\u00e9gia Concursos\",\"description\":\"O blog da Estrat\u00e9gia Concursos traz not\u00edcias sobre concursos e artigos de professores oferecendo cursos para concursos (pdf + videaulas) no site.\",\"publisher\":{\"@id\":\"https:\/\/www.estrategiaconcursos.com.br\/blog\/#organization\"},\"potentialAction\":[{\"@type\":\"SearchAction\",\"target\":{\"@type\":\"EntryPoint\",\"urlTemplate\":\"https:\/\/www.estrategiaconcursos.com.br\/blog\/?s={search_term_string}\"},\"query-input\":{\"@type\":\"PropertyValueSpecification\",\"valueRequired\":true,\"valueName\":\"search_term_string\"}}],\"inLanguage\":\"pt-BR\"},{\"@type\":\"Organization\",\"@id\":\"https:\/\/www.estrategiaconcursos.com.br\/blog\/#organization\",\"name\":\"Estrat\u00e9gia Concursos\",\"url\":\"https:\/\/www.estrategiaconcursos.com.br\/blog\/\",\"logo\":{\"@type\":\"ImageObject\",\"inLanguage\":\"pt-BR\",\"@id\":\"https:\/\/www.estrategiaconcursos.com.br\/blog\/#\/schema\/logo\/image\/\",\"url\":\"https:\/\/dhg1h5j42swfq.cloudfront.net\/2025\/06\/03203428\/logo_concursos-1.jpg\",\"contentUrl\":\"https:\/\/dhg1h5j42swfq.cloudfront.net\/2025\/06\/03203428\/logo_concursos-1.jpg\",\"width\":230,\"height\":60,\"caption\":\"Estrat\u00e9gia Concursos\"},\"image\":{\"@id\":\"https:\/\/www.estrategiaconcursos.com.br\/blog\/#\/schema\/logo\/image\/\"},\"sameAs\":[\"https:\/\/x.com\/EstratConcursos\"]},{\"@type\":\"Person\",\"@id\":\"https:\/\/www.estrategiaconcursos.com.br\/blog\/#\/schema\/person\/b4a388c97673c5f483d72185668afa1f\",\"name\":\"Coordena\u00e7\u00e3o\",\"image\":{\"@type\":\"ImageObject\",\"inLanguage\":\"pt-BR\",\"@id\":\"https:\/\/secure.gravatar.com\/avatar\/b720319e4c9a967eb58678d110f4fe35452fc5d5f97b202bac7b8acceb18c6ad?s=96&d=mm&r=g\",\"url\":\"https:\/\/secure.gravatar.com\/avatar\/b720319e4c9a967eb58678d110f4fe35452fc5d5f97b202bac7b8acceb18c6ad?s=96&d=mm&r=g\",\"contentUrl\":\"https:\/\/secure.gravatar.com\/avatar\/b720319e4c9a967eb58678d110f4fe35452fc5d5f97b202bac7b8acceb18c6ad?s=96&d=mm&r=g\",\"caption\":\"Coordena\u00e7\u00e3o\"},\"sameAs\":[\"https:\/\/www.facebook.com\/EstrategiaConcursos\",\"https:\/\/x.com\/EstratConcursos\"],\"url\":\"https:\/\/www.estrategiaconcursos.com.br\/blog\/author\/estrategia2013\/\"}]}<\/script>\n<!-- \/ Yoast SEO Premium plugin. -->","yoast_head_json":{"title":"Udesc recebe pedidos de isen\u00e7\u00e3o da taxa do Vestibular de Inverno","robots":{"index":"index","follow":"follow","max-snippet":"max-snippet:-1","max-image-preview":"max-image-preview:large","max-video-preview":"max-video-preview:-1"},"canonical":"https:\/\/www.estrategiaconcursos.com.br\/blog\/udesc-isencao-da-taxa\/","og_locale":"pt_BR","og_type":"article","og_title":"Udesc recebe pedidos de isen\u00e7\u00e3o da taxa do Vestibular de Inverno","og_description":"Est\u00e3o abertas at\u00e9 o dia 2 de mar\u00e7o, o per\u00edodo para que os candidatos solicitem isen\u00e7\u00e3o da taxa de inscri\u00e7\u00e3o no Vestibular de Inverno da Universidade do Estado de Santa Catarina, a UDESC. Os pedidos s\u00e3o para candidatos que se enquadrem no crit\u00e9rio socioecon\u00f4mico. Curso UDESC 2020.2 O prazo \u00e9 diferente para quem se enquadre [&hellip;]","og_url":"https:\/\/www.estrategiaconcursos.com.br\/blog\/udesc-isencao-da-taxa\/","og_site_name":"Estrat\u00e9gia Concursos","article_author":"https:\/\/www.facebook.com\/EstrategiaConcursos","article_published_time":"2020-02-11T18:29:02+00:00","article_modified_time":"2020-12-08T13:55:33+00:00","og_image":[{"width":500,"height":334,"url":"https:\/\/dhg1h5j42swfq.cloudfront.net\/2020\/02\/11152730\/vestibular-udesc.png","type":"image\/png"}],"author":"Coordena\u00e7\u00e3o","twitter_card":"summary_large_image","twitter_creator":"@EstratConcursos","twitter_site":"@EstratConcursos","twitter_misc":{"Escrito por":"Coordena\u00e7\u00e3o","Est. tempo de leitura":"2 minutos"},"schema":{"@context":"https:\/\/schema.org","@graph":[{"@type":"NewsArticle","@id":"https:\/\/www.estrategiaconcursos.com.br\/blog\/udesc-isencao-da-taxa\/#article","isPartOf":{"@id":"https:\/\/www.estrategiaconcursos.com.br\/blog\/udesc-isencao-da-taxa\/"},"author":{"name":"Coordena\u00e7\u00e3o","@id":"https:\/\/www.estrategiaconcursos.com.br\/blog\/#\/schema\/person\/b4a388c97673c5f483d72185668afa1f"},"headline":"Udesc recebe pedidos de isen\u00e7\u00e3o da taxa do Vestibular de Inverno","datePublished":"2020-02-11T18:29:02+00:00","dateModified":"2020-12-08T13:55:33+00:00","mainEntityOfPage":{"@id":"https:\/\/www.estrategiaconcursos.com.br\/blog\/udesc-isencao-da-taxa\/"},"wordCount":370,"commentCount":0,"publisher":{"@id":"https:\/\/www.estrategiaconcursos.com.br\/blog\/#organization"},"image":{"@id":"https:\/\/www.estrategiaconcursos.com.br\/blog\/udesc-isencao-da-taxa\/#primaryimage"},"thumbnailUrl":"https:\/\/dhg1h5j42swfq.cloudfront.net\/2020\/02\/11152730\/vestibular-udesc.png","articleSection":["Concursos P\u00fablicos"],"inLanguage":"pt-BR","potentialAction":[{"@type":"CommentAction","name":"Comment","target":["https:\/\/www.estrategiaconcursos.com.br\/blog\/udesc-isencao-da-taxa\/#respond"]}],"copyrightYear":"2020","copyrightHolder":{"@id":"https:\/\/www.estrategiaconcursos.com.br\/blog\/#organization"}},{"@type":"WebPage","@id":"https:\/\/www.estrategiaconcursos.com.br\/blog\/udesc-isencao-da-taxa\/","url":"https:\/\/www.estrategiaconcursos.com.br\/blog\/udesc-isencao-da-taxa\/","name":"Udesc recebe pedidos de isen\u00e7\u00e3o da taxa do Vestibular de Inverno","isPartOf":{"@id":"https:\/\/www.estrategiaconcursos.com.br\/blog\/#website"},"primaryImageOfPage":{"@id":"https:\/\/www.estrategiaconcursos.com.br\/blog\/udesc-isencao-da-taxa\/#primaryimage"},"image":{"@id":"https:\/\/www.estrategiaconcursos.com.br\/blog\/udesc-isencao-da-taxa\/#primaryimage"},"thumbnailUrl":"https:\/\/dhg1h5j42swfq.cloudfront.net\/2020\/02\/11152730\/vestibular-udesc.png","datePublished":"2020-02-11T18:29:02+00:00","dateModified":"2020-12-08T13:55:33+00:00","breadcrumb":{"@id":"https:\/\/www.estrategiaconcursos.com.br\/blog\/udesc-isencao-da-taxa\/#breadcrumb"},"inLanguage":"pt-BR","potentialAction":[{"@type":"ReadAction","target":["https:\/\/www.estrategiaconcursos.com.br\/blog\/udesc-isencao-da-taxa\/"]}]},{"@type":"ImageObject","inLanguage":"pt-BR","@id":"https:\/\/www.estrategiaconcursos.com.br\/blog\/udesc-isencao-da-taxa\/#primaryimage","url":"https:\/\/dhg1h5j42swfq.cloudfront.net\/2020\/02\/11152730\/vestibular-udesc.png","contentUrl":"https:\/\/dhg1h5j42swfq.cloudfront.net\/2020\/02\/11152730\/vestibular-udesc.png","width":500,"height":334,"caption":"vestibular udesc"},{"@type":"BreadcrumbList","@id":"https:\/\/www.estrategiaconcursos.com.br\/blog\/udesc-isencao-da-taxa\/#breadcrumb","itemListElement":[{"@type":"ListItem","position":1,"name":"In\u00edcio","item":"https:\/\/www.estrategiaconcursos.com.br\/blog\/"},{"@type":"ListItem","position":2,"name":"Udesc recebe pedidos de isen\u00e7\u00e3o da taxa do Vestibular de Inverno"}]},{"@type":"WebSite","@id":"https:\/\/www.estrategiaconcursos.com.br\/blog\/#website","url":"https:\/\/www.estrategiaconcursos.com.br\/blog\/","name":"Estrat\u00e9gia Concursos","description":"O blog da Estrat\u00e9gia Concursos traz not\u00edcias sobre concursos e artigos de professores oferecendo cursos para concursos (pdf + videaulas) no site.","publisher":{"@id":"https:\/\/www.estrategiaconcursos.com.br\/blog\/#organization"},"potentialAction":[{"@type":"SearchAction","target":{"@type":"EntryPoint","urlTemplate":"https:\/\/www.estrategiaconcursos.com.br\/blog\/?s={search_term_string}"},"query-input":{"@type":"PropertyValueSpecification","valueRequired":true,"valueName":"search_term_string"}}],"inLanguage":"pt-BR"},{"@type":"Organization","@id":"https:\/\/www.estrategiaconcursos.com.br\/blog\/#organization","name":"Estrat\u00e9gia Concursos","url":"https:\/\/www.estrategiaconcursos.com.br\/blog\/","logo":{"@type":"ImageObject","inLanguage":"pt-BR","@id":"https:\/\/www.estrategiaconcursos.com.br\/blog\/#\/schema\/logo\/image\/","url":"https:\/\/dhg1h5j42swfq.cloudfront.net\/2025\/06\/03203428\/logo_concursos-1.jpg","contentUrl":"https:\/\/dhg1h5j42swfq.cloudfront.net\/2025\/06\/03203428\/logo_concursos-1.jpg","width":230,"height":60,"caption":"Estrat\u00e9gia Concursos"},"image":{"@id":"https:\/\/www.estrategiaconcursos.com.br\/blog\/#\/schema\/logo\/image\/"},"sameAs":["https:\/\/x.com\/EstratConcursos"]},{"@type":"Person","@id":"https:\/\/www.estrategiaconcursos.com.br\/blog\/#\/schema\/person\/b4a388c97673c5f483d72185668afa1f","name":"Coordena\u00e7\u00e3o","image":{"@type":"ImageObject","inLanguage":"pt-BR","@id":"https:\/\/secure.gravatar.com\/avatar\/b720319e4c9a967eb58678d110f4fe35452fc5d5f97b202bac7b8acceb18c6ad?s=96&d=mm&r=g","url":"https:\/\/secure.gravatar.com\/avatar\/b720319e4c9a967eb58678d110f4fe35452fc5d5f97b202bac7b8acceb18c6ad?s=96&d=mm&r=g","contentUrl":"https:\/\/secure.gravatar.com\/avatar\/b720319e4c9a967eb58678d110f4fe35452fc5d5f97b202bac7b8acceb18c6ad?s=96&d=mm&r=g","caption":"Coordena\u00e7\u00e3o"},"sameAs":["https:\/\/www.facebook.com\/EstrategiaConcursos","https:\/\/x.com\/EstratConcursos"],"url":"https:\/\/www.estrategiaconcursos.com.br\/blog\/author\/estrategia2013\/"}]}},"_links":{"self":[{"href":"https:\/\/www.estrategiaconcursos.com.br\/blog\/wp-json\/wp\/v2\/posts\/480447","targetHints":{"allow":["GET"]}}],"collection":[{"href":"https:\/\/www.estrategiaconcursos.com.br\/blog\/wp-json\/wp\/v2\/posts"}],"about":[{"href":"https:\/\/www.estrategiaconcursos.com.br\/blog\/wp-json\/wp\/v2\/types\/post"}],"author":[{"embeddable":true,"href":"https:\/\/www.estrategiaconcursos.com.br\/blog\/wp-json\/wp\/v2\/users\/1"}],"replies":[{"embeddable":true,"href":"https:\/\/www.estrategiaconcursos.com.br\/blog\/wp-json\/wp\/v2\/comments?post=480447"}],"version-history":[{"count":4,"href":"https:\/\/www.estrategiaconcursos.com.br\/blog\/wp-json\/wp\/v2\/posts\/480447\/revisions"}],"predecessor-version":[{"id":624984,"href":"https:\/\/www.estrategiaconcursos.com.br\/blog\/wp-json\/wp\/v2\/posts\/480447\/revisions\/624984"}],"wp:featuredmedia":[{"embeddable":true,"href":"https:\/\/www.estrategiaconcursos.com.br\/blog\/wp-json\/wp\/v2\/media\/480453"}],"wp:attachment":[{"href":"https:\/\/www.estrategiaconcursos.com.br\/blog\/wp-json\/wp\/v2\/media?parent=480447"}],"wp:term":[{"taxonomy":"category","embeddable":true,"href":"https:\/\/www.estrategiaconcursos.com.br\/blog\/wp-json\/wp\/v2\/categories?post=480447"},{"taxonomy":"post_tag","embeddable":true,"href":"https:\/\/www.estrategiaconcursos.com.br\/blog\/wp-json\/wp\/v2\/tags?post=480447"},{"taxonomy":"tax_estado","embeddable":true,"href":"https:\/\/www.estrategiaconcursos.com.br\/blog\/wp-json\/wp\/v2\/tax_estado?post=480447"}],"curies":[{"name":"wp","href":"https:\/\/api.w.org\/{rel}","templated":true}]}}