{"id":480203,"date":"2020-02-11T10:11:57","date_gmt":"2020-02-11T13:11:57","guid":{"rendered":"https:\/\/www.estrategiaconcursos.com.br\/blog\/?p=480203"},"modified":"2020-12-05T08:47:30","modified_gmt":"2020-12-05T11:47:30","slug":"questoes-de-direito-da-crianca-e-do-adolescente-aplicadas-no-xxxi-exame-de-ordem","status":"publish","type":"post","link":"https:\/\/www.estrategiaconcursos.com.br\/blog\/questoes-de-direito-da-crianca-e-do-adolescente-aplicadas-no-xxxi-exame-de-ordem\/","title":{"rendered":"Quest\u00f5es de Direito da Crian\u00e7a e do Adolescente aplicadas no XXXI Exame de Ordem"},"content":{"rendered":"\n<p>Ol\u00e1! Analisamos as quest\u00f5es de Direito da Crian\u00e7a e do Adolescente aplicadas na prova do XXXI Exame de Ordem. S\u00e3o quest\u00f5es da FGV fresquinhas para voc\u00ea treinar. <\/p>\n\n\n\n<p>Caso voc\u00ea fique em d\u00favida, por\nfavor, no contate:<\/p>\n\n\n\n<p>INSTAGRAM:&nbsp;<a href=\"https:\/\/www.instagram.com\/proftorques\/\">https:\/\/www.instagram.com\/proftorques\/<\/a><\/p>\n\n\n\n<p>E-MAIL:&nbsp;<a href=\"mailto:rst.estrategia@gmail.com\">rst.estrategia@gmail.com<\/a><\/p>\n\n\n\n<p>Vamos \u00e0s quest\u00f5es?!<\/p>\n\n\n\n<p>&#8212;<\/p>\n\n\n\n<p><strong>42.<\/strong> O adolescente Jo\u00e3o, com 16 anos completos, foi\napreendido em flagrante quando praticava ato infracional an\u00e1logo ao crime de\nfurto. Devidamente conduzido o processo, de forma h\u00edgida, ele foi sentenciado\nao cumprimento de medida socioeducativa de 1 ano, em regime de semiliberdade. <\/p>\n\n\n\n<p>Sobre as medidas socioeducativas aplicadas a Jo\u00e3o, assinale\na afirmativa correta. <\/p>\n\n\n\n<p>A) A medida de liberdade assistida ser\u00e1 fixada pelo prazo\nm\u00e1ximo de 6 meses, sendo que, ao final de tal per\u00edodo, caso Jo\u00e3o n\u00e3o se revele\nsuficientemente ressocializado, a medida ser\u00e1 convolada em interna\u00e7\u00e3o. <\/p>\n\n\n\n<p>B) A medida aplicada foi equivocada, pois deveria ter sido,\nnecessariamente, determinada a interna\u00e7\u00e3o de Jo\u00e3o. <\/p>\n\n\n\n<p>C) No regime de semiliberdade, Jo\u00e3o poderia sair da\ninstitui\u00e7\u00e3o para ocupa\u00e7\u00f5es rotineiras de trabalho e estudo, sem necessidade de\nautoriza\u00e7\u00e3o judicial. <\/p>\n\n\n\n<p>D) A medida aplicada foi equivocada, pois n\u00e3o poderia, pelo\nfato an\u00e1logo ao furto, ter a si aplicada medida diversa da liberdade assistida.<\/p>\n\n\n\n<p><strong>Coment\u00e1rios<\/strong><\/p>\n\n\n\n<p>Gabarito: C.<\/p>\n\n\n\n<p>Aplica\u00e7\u00e3o direta do art. 120, ECA. Trata-se de medida que,\ncomo o nome prev\u00ea, confere ao adolescente liberdade durante o dia (para estudar\ne trabalhar) e recolhimento na unidade \u00e0 noite. N\u00e3o depende, portanto, de\nautoriza\u00e7\u00e3o judicial. \u00c9 imanente ao pr\u00f3prio regime. Como se trata de furto, n\u00e3o\npode ser aplicada medida socioeducativa de interna\u00e7\u00e3o. Em rela\u00e7\u00e3o \u00e0s demais, o\nju\u00edzo tem liberdade em face da gravidade, capacidade e grau de envolvimento do\nadolescente.<\/p>\n\n\n\n<blockquote class=\"wp-block-quote is-layout-flow wp-block-quote-is-layout-flow\"><p>Art. 120. O regime de semi-liberdade pode ser determinado desde o in\u00edcio, ou como forma de transi\u00e7\u00e3o para o meio aberto, possibilitada a realiza\u00e7\u00e3o de atividades externas, independentemente de autoriza\u00e7\u00e3o judicial.<\/p><p>\u00a7 1\u00ba S\u00e3o obrigat\u00f3rias a escolariza\u00e7\u00e3o e a profissionaliza\u00e7\u00e3o, devendo, sempre que poss\u00edvel, ser utilizados os recursos existentes na comunidade.<\/p><p>\u00a7 2\u00ba A medida n\u00e3o comporta prazo determinado aplicando-se, no que couber, as disposi\u00e7\u00f5es relativas \u00e0 interna\u00e7\u00e3o.<\/p><\/blockquote>\n\n\n\n<p>&#8212;<\/p>\n\n\n\n<p><strong>43.<\/strong> Maria chega \u00e0 maternidade j\u00e1 em trabalho de parto,\nsendo atendida emergencialmente. Felizmente, o parto ocorre sem problemas e\nMaria d\u00e1 \u00e0 luz, Fernanda. <\/p>\n\n\n\n<p>No mesmo dia do parto, a enfermeira Cl\u00e1udia escuta a\nconversa entre Maria e uma amiga que a visitava, na qual Maria oferecia\nFernanda a essa amiga em ado\u00e7\u00e3o, por n\u00e3o se sentir preparada para a\nmaternidade. <\/p>\n\n\n\n<p>Preocupada com a conversa, Cl\u00e1udia a relata ao m\u00e9dico\nobstetra de plant\u00e3o, Paulo, o qual, por sua vez, noticia o ocorrido a Carlos,\ndiretor-geral do hospital. <\/p>\n\n\n\n<p>Naquela noite, j\u00e1 recuperada, Maria e a mesma amiga v\u00e3o\nembora da maternidade, sem que nada tenha ocorrido e nenhuma provid\u00eancia tenha\nsido tomada por qualquer dos personagens envolvidos \u2013 Cl\u00e1udia, Paulo ou Carlos.\n<\/p>\n\n\n\n<p>Diante dos fatos acima, assinale a afirmativa correta. <\/p>\n\n\n\n<p>A) N\u00e3o foi cometida qualquer infra\u00e7\u00e3o, porque a ado\u00e7\u00e3o\nirregular n\u00e3o se consumou no \u00e2mbito da maternidade. <\/p>\n\n\n\n<p>B) Carlos cometeu infra\u00e7\u00e3o administrativa, consubstanciada\nno n\u00e3o encaminhamento do caso \u00e0 autoridade judici\u00e1ria, porque somente o diretor\ndo hospital pode faz\u00ea-lo. <\/p>\n\n\n\n<p>C) Carlos e Paulo n\u00e3o cometeram infra\u00e7\u00e3o administrativa ao\nn\u00e3o encaminharem o caso \u00e0 autoridade judici\u00e1ria, porque n\u00e3o cabe ao corpo\nm\u00e9dico tal atribui\u00e7\u00e3o. <\/p>\n\n\n\n<p>D) Carlos, Paulo e Cl\u00e1udia cometeram infra\u00e7\u00e3o administrativa\npor n\u00e3o encaminharem o caso de que tinham conhecimento para a autoridade\njudici\u00e1ria.<\/p>\n\n\n\n<p><strong>Coment\u00e1rios<\/strong><\/p>\n\n\n\n<p>Gabarito: D.<\/p>\n\n\n\n<p>Aplica\u00e7\u00e3o direta do art. 258-B, ECA. Veja que o examinador\ntentou dificultar ao mencionar que a enfermeira, o m\u00e9dico e o diretor geral\ntomaram conhecimento da pretens\u00e3o de a genitora entregar a crian\u00e7a. Quem comete\ninfra\u00e7\u00e3o? TODOS!<\/p>\n\n\n\n<blockquote class=\"wp-block-quote is-layout-flow wp-block-quote-is-layout-flow\"><p>Art. 258-B.&nbsp; Deixar o m\u00e9dico, enfermeiro ou dirigente de estabelecimento de aten\u00e7\u00e3o \u00e0 sa\u00fade de gestante de efetuar imediato encaminhamento \u00e0 autoridade judici\u00e1ria de caso de que tenha conhecimento de m\u00e3e ou gestante interessada em entregar seu filho para ado\u00e7\u00e3o: <\/p><p>Pena &#8211; multa de R$ 1.000,00 (mil reais) a R$ 3.000,00 (tr\u00eas mil reais).<\/p><\/blockquote>\n\n\n\n<p>&#8212;<\/p>\n\n\n\n<p>\u00c9 isso. <\/p>\n\n\n\n<p>Bons estudos!<\/p>\n","protected":false},"excerpt":{"rendered":"<p>Ol\u00e1! Analisamos as quest\u00f5es de Direito da Crian\u00e7a e do Adolescente aplicadas na prova do XXXI Exame de Ordem. S\u00e3o quest\u00f5es da FGV fresquinhas para voc\u00ea treinar. Caso voc\u00ea fique em d\u00favida, por favor, no contate: INSTAGRAM:&nbsp;https:\/\/www.instagram.com\/proftorques\/ E-MAIL:&nbsp;rst.estrategia@gmail.com Vamos \u00e0s quest\u00f5es?! &#8212; 42. O adolescente Jo\u00e3o, com 16 anos completos, foi apreendido em flagrante quando [&hellip;]<\/p>\n","protected":false},"author":180,"featured_media":0,"comment_status":"open","ping_status":"closed","sticky":false,"template":"","format":"standard","meta":{"post_tipo":"article","footnotes":""},"categories":[1],"tags":[1119,3552,71],"tax_estado":[219963],"class_list":["post-480203","post","type-post","status-publish","format-standard","hentry","category-cursos-e-concursos","tag-eca","tag-exame-de-ordem-oab","tag-oab","tax_estado-concursos-federais"],"acf":[],"yoast_head":"<!-- This site is optimized with the Yoast SEO Premium plugin v27.2 (Yoast SEO v27.2) - https:\/\/yoast.com\/product\/yoast-seo-premium-wordpress\/ -->\n<title>Quest\u00f5es de Direito da Crian\u00e7a e do Adolescente aplicadas no XXXI Exame de Ordem<\/title>\n<meta name=\"robots\" content=\"index, follow, max-snippet:-1, max-image-preview:large, max-video-preview:-1\" \/>\n<link rel=\"canonical\" href=\"https:\/\/www.estrategiaconcursos.com.br\/blog\/questoes-de-direito-da-crianca-e-do-adolescente-aplicadas-no-xxxi-exame-de-ordem\/\" \/>\n<meta property=\"og:locale\" content=\"pt_BR\" \/>\n<meta property=\"og:type\" content=\"article\" \/>\n<meta property=\"og:title\" content=\"Quest\u00f5es de Direito da Crian\u00e7a e do Adolescente aplicadas no XXXI Exame de Ordem\" \/>\n<meta property=\"og:description\" content=\"Ol\u00e1! Analisamos as quest\u00f5es de Direito da Crian\u00e7a e do Adolescente aplicadas na prova do XXXI Exame de Ordem. S\u00e3o quest\u00f5es da FGV fresquinhas para voc\u00ea treinar. Caso voc\u00ea fique em d\u00favida, por favor, no contate: INSTAGRAM:&nbsp;https:\/\/www.instagram.com\/proftorques\/ E-MAIL:&nbsp;rst.estrategia@gmail.com Vamos \u00e0s quest\u00f5es?! &#8212; 42. O adolescente Jo\u00e3o, com 16 anos completos, foi apreendido em flagrante quando [&hellip;]\" \/>\n<meta property=\"og:url\" content=\"https:\/\/www.estrategiaconcursos.com.br\/blog\/questoes-de-direito-da-crianca-e-do-adolescente-aplicadas-no-xxxi-exame-de-ordem\/\" \/>\n<meta property=\"og:site_name\" content=\"Estrat\u00e9gia Concursos\" \/>\n<meta property=\"article:author\" content=\"https:\/\/www.facebook.com\/ricardo.s.torques\" \/>\n<meta property=\"article:published_time\" content=\"2020-02-11T13:11:57+00:00\" \/>\n<meta property=\"article:modified_time\" content=\"2020-12-05T11:47:30+00:00\" \/>\n<meta name=\"author\" content=\"Ricardo Torques\" \/>\n<meta name=\"twitter:card\" content=\"summary_large_image\" \/>\n<meta name=\"twitter:creator\" content=\"@EstratConcursos\" \/>\n<meta name=\"twitter:site\" content=\"@EstratConcursos\" \/>\n<meta name=\"twitter:label1\" content=\"Escrito por\" \/>\n\t<meta name=\"twitter:data1\" content=\"Ricardo Torques\" \/>\n\t<meta name=\"twitter:label2\" content=\"Est. tempo de leitura\" \/>\n\t<meta name=\"twitter:data2\" content=\"4 minutos\" \/>\n<script type=\"application\/ld+json\" class=\"yoast-schema-graph\">{\"@context\":\"https:\/\/schema.org\",\"@graph\":[{\"@type\":\"NewsArticle\",\"@id\":\"https:\/\/www.estrategiaconcursos.com.br\/blog\/questoes-de-direito-da-crianca-e-do-adolescente-aplicadas-no-xxxi-exame-de-ordem\/#article\",\"isPartOf\":{\"@id\":\"https:\/\/www.estrategiaconcursos.com.br\/blog\/questoes-de-direito-da-crianca-e-do-adolescente-aplicadas-no-xxxi-exame-de-ordem\/\"},\"author\":{\"name\":\"Ricardo Torques\",\"@id\":\"https:\/\/www.estrategiaconcursos.com.br\/blog\/#\/schema\/person\/aa39cf5ddb518e5bdce27c35788405e2\"},\"headline\":\"Quest\u00f5es de Direito da Crian\u00e7a e do Adolescente aplicadas no XXXI Exame de Ordem\",\"datePublished\":\"2020-02-11T13:11:57+00:00\",\"dateModified\":\"2020-12-05T11:47:30+00:00\",\"mainEntityOfPage\":{\"@id\":\"https:\/\/www.estrategiaconcursos.com.br\/blog\/questoes-de-direito-da-crianca-e-do-adolescente-aplicadas-no-xxxi-exame-de-ordem\/\"},\"wordCount\":739,\"commentCount\":0,\"publisher\":{\"@id\":\"https:\/\/www.estrategiaconcursos.com.br\/blog\/#organization\"},\"keywords\":[\"ECA\",\"Exame de Ordem OAB\",\"OAB\"],\"articleSection\":[\"Concursos P\u00fablicos\"],\"inLanguage\":\"pt-BR\",\"potentialAction\":[{\"@type\":\"CommentAction\",\"name\":\"Comment\",\"target\":[\"https:\/\/www.estrategiaconcursos.com.br\/blog\/questoes-de-direito-da-crianca-e-do-adolescente-aplicadas-no-xxxi-exame-de-ordem\/#respond\"]}],\"copyrightYear\":\"2020\",\"copyrightHolder\":{\"@id\":\"https:\/\/www.estrategiaconcursos.com.br\/blog\/#organization\"}},{\"@type\":\"WebPage\",\"@id\":\"https:\/\/www.estrategiaconcursos.com.br\/blog\/questoes-de-direito-da-crianca-e-do-adolescente-aplicadas-no-xxxi-exame-de-ordem\/\",\"url\":\"https:\/\/www.estrategiaconcursos.com.br\/blog\/questoes-de-direito-da-crianca-e-do-adolescente-aplicadas-no-xxxi-exame-de-ordem\/\",\"name\":\"Quest\u00f5es de Direito da Crian\u00e7a e do Adolescente aplicadas no XXXI Exame de Ordem\",\"isPartOf\":{\"@id\":\"https:\/\/www.estrategiaconcursos.com.br\/blog\/#website\"},\"datePublished\":\"2020-02-11T13:11:57+00:00\",\"dateModified\":\"2020-12-05T11:47:30+00:00\",\"breadcrumb\":{\"@id\":\"https:\/\/www.estrategiaconcursos.com.br\/blog\/questoes-de-direito-da-crianca-e-do-adolescente-aplicadas-no-xxxi-exame-de-ordem\/#breadcrumb\"},\"inLanguage\":\"pt-BR\",\"potentialAction\":[{\"@type\":\"ReadAction\",\"target\":[\"https:\/\/www.estrategiaconcursos.com.br\/blog\/questoes-de-direito-da-crianca-e-do-adolescente-aplicadas-no-xxxi-exame-de-ordem\/\"]}]},{\"@type\":\"BreadcrumbList\",\"@id\":\"https:\/\/www.estrategiaconcursos.com.br\/blog\/questoes-de-direito-da-crianca-e-do-adolescente-aplicadas-no-xxxi-exame-de-ordem\/#breadcrumb\",\"itemListElement\":[{\"@type\":\"ListItem\",\"position\":1,\"name\":\"In\u00edcio\",\"item\":\"https:\/\/www.estrategiaconcursos.com.br\/blog\/\"},{\"@type\":\"ListItem\",\"position\":2,\"name\":\"Quest\u00f5es de Direito da Crian\u00e7a e do Adolescente aplicadas no XXXI Exame de Ordem\"}]},{\"@type\":\"WebSite\",\"@id\":\"https:\/\/www.estrategiaconcursos.com.br\/blog\/#website\",\"url\":\"https:\/\/www.estrategiaconcursos.com.br\/blog\/\",\"name\":\"Estrat\u00e9gia Concursos\",\"description\":\"O blog da Estrat\u00e9gia Concursos traz not\u00edcias sobre concursos e artigos de professores oferecendo cursos para concursos (pdf + videaulas) no site.\",\"publisher\":{\"@id\":\"https:\/\/www.estrategiaconcursos.com.br\/blog\/#organization\"},\"potentialAction\":[{\"@type\":\"SearchAction\",\"target\":{\"@type\":\"EntryPoint\",\"urlTemplate\":\"https:\/\/www.estrategiaconcursos.com.br\/blog\/?s={search_term_string}\"},\"query-input\":{\"@type\":\"PropertyValueSpecification\",\"valueRequired\":true,\"valueName\":\"search_term_string\"}}],\"inLanguage\":\"pt-BR\"},{\"@type\":\"Organization\",\"@id\":\"https:\/\/www.estrategiaconcursos.com.br\/blog\/#organization\",\"name\":\"Estrat\u00e9gia Concursos\",\"url\":\"https:\/\/www.estrategiaconcursos.com.br\/blog\/\",\"logo\":{\"@type\":\"ImageObject\",\"inLanguage\":\"pt-BR\",\"@id\":\"https:\/\/www.estrategiaconcursos.com.br\/blog\/#\/schema\/logo\/image\/\",\"url\":\"https:\/\/dhg1h5j42swfq.cloudfront.net\/2025\/06\/03203428\/logo_concursos-1.jpg\",\"contentUrl\":\"https:\/\/dhg1h5j42swfq.cloudfront.net\/2025\/06\/03203428\/logo_concursos-1.jpg\",\"width\":230,\"height\":60,\"caption\":\"Estrat\u00e9gia Concursos\"},\"image\":{\"@id\":\"https:\/\/www.estrategiaconcursos.com.br\/blog\/#\/schema\/logo\/image\/\"},\"sameAs\":[\"https:\/\/x.com\/EstratConcursos\"]},{\"@type\":\"Person\",\"@id\":\"https:\/\/www.estrategiaconcursos.com.br\/blog\/#\/schema\/person\/aa39cf5ddb518e5bdce27c35788405e2\",\"name\":\"Ricardo Torques\",\"image\":{\"@type\":\"ImageObject\",\"inLanguage\":\"pt-BR\",\"@id\":\"https:\/\/secure.gravatar.com\/avatar\/ce9ac6c3cff25fe86d15ed568ebc64d1724baf5c0693133bcb1f6073f712f92a?s=96&d=mm&r=g\",\"url\":\"https:\/\/secure.gravatar.com\/avatar\/ce9ac6c3cff25fe86d15ed568ebc64d1724baf5c0693133bcb1f6073f712f92a?s=96&d=mm&r=g\",\"contentUrl\":\"https:\/\/secure.gravatar.com\/avatar\/ce9ac6c3cff25fe86d15ed568ebc64d1724baf5c0693133bcb1f6073f712f92a?s=96&d=mm&r=g\",\"caption\":\"Ricardo Torques\"},\"sameAs\":[\"https:\/\/www.facebook.com\/ricardo.s.torques\"],\"url\":\"https:\/\/www.estrategiaconcursos.com.br\/blog\/author\/ricardotorquesestrategiaconcursos-com-br\/\"}]}<\/script>\n<!-- \/ Yoast SEO Premium plugin. -->","yoast_head_json":{"title":"Quest\u00f5es de Direito da Crian\u00e7a e do Adolescente aplicadas no XXXI Exame de Ordem","robots":{"index":"index","follow":"follow","max-snippet":"max-snippet:-1","max-image-preview":"max-image-preview:large","max-video-preview":"max-video-preview:-1"},"canonical":"https:\/\/www.estrategiaconcursos.com.br\/blog\/questoes-de-direito-da-crianca-e-do-adolescente-aplicadas-no-xxxi-exame-de-ordem\/","og_locale":"pt_BR","og_type":"article","og_title":"Quest\u00f5es de Direito da Crian\u00e7a e do Adolescente aplicadas no XXXI Exame de Ordem","og_description":"Ol\u00e1! Analisamos as quest\u00f5es de Direito da Crian\u00e7a e do Adolescente aplicadas na prova do XXXI Exame de Ordem. S\u00e3o quest\u00f5es da FGV fresquinhas para voc\u00ea treinar. Caso voc\u00ea fique em d\u00favida, por favor, no contate: INSTAGRAM:&nbsp;https:\/\/www.instagram.com\/proftorques\/ E-MAIL:&nbsp;rst.estrategia@gmail.com Vamos \u00e0s quest\u00f5es?! &#8212; 42. O adolescente Jo\u00e3o, com 16 anos completos, foi apreendido em flagrante quando [&hellip;]","og_url":"https:\/\/www.estrategiaconcursos.com.br\/blog\/questoes-de-direito-da-crianca-e-do-adolescente-aplicadas-no-xxxi-exame-de-ordem\/","og_site_name":"Estrat\u00e9gia Concursos","article_author":"https:\/\/www.facebook.com\/ricardo.s.torques","article_published_time":"2020-02-11T13:11:57+00:00","article_modified_time":"2020-12-05T11:47:30+00:00","author":"Ricardo Torques","twitter_card":"summary_large_image","twitter_creator":"@EstratConcursos","twitter_site":"@EstratConcursos","twitter_misc":{"Escrito por":"Ricardo Torques","Est. tempo de leitura":"4 minutos"},"schema":{"@context":"https:\/\/schema.org","@graph":[{"@type":"NewsArticle","@id":"https:\/\/www.estrategiaconcursos.com.br\/blog\/questoes-de-direito-da-crianca-e-do-adolescente-aplicadas-no-xxxi-exame-de-ordem\/#article","isPartOf":{"@id":"https:\/\/www.estrategiaconcursos.com.br\/blog\/questoes-de-direito-da-crianca-e-do-adolescente-aplicadas-no-xxxi-exame-de-ordem\/"},"author":{"name":"Ricardo Torques","@id":"https:\/\/www.estrategiaconcursos.com.br\/blog\/#\/schema\/person\/aa39cf5ddb518e5bdce27c35788405e2"},"headline":"Quest\u00f5es de Direito da Crian\u00e7a e do Adolescente aplicadas no XXXI Exame de Ordem","datePublished":"2020-02-11T13:11:57+00:00","dateModified":"2020-12-05T11:47:30+00:00","mainEntityOfPage":{"@id":"https:\/\/www.estrategiaconcursos.com.br\/blog\/questoes-de-direito-da-crianca-e-do-adolescente-aplicadas-no-xxxi-exame-de-ordem\/"},"wordCount":739,"commentCount":0,"publisher":{"@id":"https:\/\/www.estrategiaconcursos.com.br\/blog\/#organization"},"keywords":["ECA","Exame de Ordem OAB","OAB"],"articleSection":["Concursos P\u00fablicos"],"inLanguage":"pt-BR","potentialAction":[{"@type":"CommentAction","name":"Comment","target":["https:\/\/www.estrategiaconcursos.com.br\/blog\/questoes-de-direito-da-crianca-e-do-adolescente-aplicadas-no-xxxi-exame-de-ordem\/#respond"]}],"copyrightYear":"2020","copyrightHolder":{"@id":"https:\/\/www.estrategiaconcursos.com.br\/blog\/#organization"}},{"@type":"WebPage","@id":"https:\/\/www.estrategiaconcursos.com.br\/blog\/questoes-de-direito-da-crianca-e-do-adolescente-aplicadas-no-xxxi-exame-de-ordem\/","url":"https:\/\/www.estrategiaconcursos.com.br\/blog\/questoes-de-direito-da-crianca-e-do-adolescente-aplicadas-no-xxxi-exame-de-ordem\/","name":"Quest\u00f5es de Direito da Crian\u00e7a e do Adolescente aplicadas no XXXI Exame de Ordem","isPartOf":{"@id":"https:\/\/www.estrategiaconcursos.com.br\/blog\/#website"},"datePublished":"2020-02-11T13:11:57+00:00","dateModified":"2020-12-05T11:47:30+00:00","breadcrumb":{"@id":"https:\/\/www.estrategiaconcursos.com.br\/blog\/questoes-de-direito-da-crianca-e-do-adolescente-aplicadas-no-xxxi-exame-de-ordem\/#breadcrumb"},"inLanguage":"pt-BR","potentialAction":[{"@type":"ReadAction","target":["https:\/\/www.estrategiaconcursos.com.br\/blog\/questoes-de-direito-da-crianca-e-do-adolescente-aplicadas-no-xxxi-exame-de-ordem\/"]}]},{"@type":"BreadcrumbList","@id":"https:\/\/www.estrategiaconcursos.com.br\/blog\/questoes-de-direito-da-crianca-e-do-adolescente-aplicadas-no-xxxi-exame-de-ordem\/#breadcrumb","itemListElement":[{"@type":"ListItem","position":1,"name":"In\u00edcio","item":"https:\/\/www.estrategiaconcursos.com.br\/blog\/"},{"@type":"ListItem","position":2,"name":"Quest\u00f5es de Direito da Crian\u00e7a e do Adolescente aplicadas no XXXI Exame de Ordem"}]},{"@type":"WebSite","@id":"https:\/\/www.estrategiaconcursos.com.br\/blog\/#website","url":"https:\/\/www.estrategiaconcursos.com.br\/blog\/","name":"Estrat\u00e9gia Concursos","description":"O blog da Estrat\u00e9gia Concursos traz not\u00edcias sobre concursos e artigos de professores oferecendo cursos para concursos (pdf + videaulas) no site.","publisher":{"@id":"https:\/\/www.estrategiaconcursos.com.br\/blog\/#organization"},"potentialAction":[{"@type":"SearchAction","target":{"@type":"EntryPoint","urlTemplate":"https:\/\/www.estrategiaconcursos.com.br\/blog\/?s={search_term_string}"},"query-input":{"@type":"PropertyValueSpecification","valueRequired":true,"valueName":"search_term_string"}}],"inLanguage":"pt-BR"},{"@type":"Organization","@id":"https:\/\/www.estrategiaconcursos.com.br\/blog\/#organization","name":"Estrat\u00e9gia Concursos","url":"https:\/\/www.estrategiaconcursos.com.br\/blog\/","logo":{"@type":"ImageObject","inLanguage":"pt-BR","@id":"https:\/\/www.estrategiaconcursos.com.br\/blog\/#\/schema\/logo\/image\/","url":"https:\/\/dhg1h5j42swfq.cloudfront.net\/2025\/06\/03203428\/logo_concursos-1.jpg","contentUrl":"https:\/\/dhg1h5j42swfq.cloudfront.net\/2025\/06\/03203428\/logo_concursos-1.jpg","width":230,"height":60,"caption":"Estrat\u00e9gia Concursos"},"image":{"@id":"https:\/\/www.estrategiaconcursos.com.br\/blog\/#\/schema\/logo\/image\/"},"sameAs":["https:\/\/x.com\/EstratConcursos"]},{"@type":"Person","@id":"https:\/\/www.estrategiaconcursos.com.br\/blog\/#\/schema\/person\/aa39cf5ddb518e5bdce27c35788405e2","name":"Ricardo Torques","image":{"@type":"ImageObject","inLanguage":"pt-BR","@id":"https:\/\/secure.gravatar.com\/avatar\/ce9ac6c3cff25fe86d15ed568ebc64d1724baf5c0693133bcb1f6073f712f92a?s=96&d=mm&r=g","url":"https:\/\/secure.gravatar.com\/avatar\/ce9ac6c3cff25fe86d15ed568ebc64d1724baf5c0693133bcb1f6073f712f92a?s=96&d=mm&r=g","contentUrl":"https:\/\/secure.gravatar.com\/avatar\/ce9ac6c3cff25fe86d15ed568ebc64d1724baf5c0693133bcb1f6073f712f92a?s=96&d=mm&r=g","caption":"Ricardo Torques"},"sameAs":["https:\/\/www.facebook.com\/ricardo.s.torques"],"url":"https:\/\/www.estrategiaconcursos.com.br\/blog\/author\/ricardotorquesestrategiaconcursos-com-br\/"}]}},"_links":{"self":[{"href":"https:\/\/www.estrategiaconcursos.com.br\/blog\/wp-json\/wp\/v2\/posts\/480203","targetHints":{"allow":["GET"]}}],"collection":[{"href":"https:\/\/www.estrategiaconcursos.com.br\/blog\/wp-json\/wp\/v2\/posts"}],"about":[{"href":"https:\/\/www.estrategiaconcursos.com.br\/blog\/wp-json\/wp\/v2\/types\/post"}],"author":[{"embeddable":true,"href":"https:\/\/www.estrategiaconcursos.com.br\/blog\/wp-json\/wp\/v2\/users\/180"}],"replies":[{"embeddable":true,"href":"https:\/\/www.estrategiaconcursos.com.br\/blog\/wp-json\/wp\/v2\/comments?post=480203"}],"version-history":[{"count":2,"href":"https:\/\/www.estrategiaconcursos.com.br\/blog\/wp-json\/wp\/v2\/posts\/480203\/revisions"}],"predecessor-version":[{"id":480213,"href":"https:\/\/www.estrategiaconcursos.com.br\/blog\/wp-json\/wp\/v2\/posts\/480203\/revisions\/480213"}],"wp:attachment":[{"href":"https:\/\/www.estrategiaconcursos.com.br\/blog\/wp-json\/wp\/v2\/media?parent=480203"}],"wp:term":[{"taxonomy":"category","embeddable":true,"href":"https:\/\/www.estrategiaconcursos.com.br\/blog\/wp-json\/wp\/v2\/categories?post=480203"},{"taxonomy":"post_tag","embeddable":true,"href":"https:\/\/www.estrategiaconcursos.com.br\/blog\/wp-json\/wp\/v2\/tags?post=480203"},{"taxonomy":"tax_estado","embeddable":true,"href":"https:\/\/www.estrategiaconcursos.com.br\/blog\/wp-json\/wp\/v2\/tax_estado?post=480203"}],"curies":[{"name":"wp","href":"https:\/\/api.w.org\/{rel}","templated":true}]}}