{"id":480197,"date":"2020-02-11T10:09:27","date_gmt":"2020-02-11T13:09:27","guid":{"rendered":"https:\/\/www.estrategiaconcursos.com.br\/blog\/?p=480197"},"modified":"2020-12-05T08:47:09","modified_gmt":"2020-12-05T11:47:09","slug":"comentarios-as-questoes-de-direitos-humanos-do-xxxi-exame-de-ordem","status":"publish","type":"post","link":"https:\/\/www.estrategiaconcursos.com.br\/blog\/comentarios-as-questoes-de-direitos-humanos-do-xxxi-exame-de-ordem\/","title":{"rendered":"Coment\u00e1rios \u00e0s Quest\u00f5es de Direitos Humanos aplicadas no XXXI Exame de Ordem"},"content":{"rendered":"\n<p>Ol\u00e1! Analisamos as quest\u00f5es de Direitos Humanos aplicadas na prova do XXXI Exame de Ordem. S\u00e3o quest\u00f5es da FGV fresquinhas para voc\u00ea treinar. <\/p>\n\n\n\n<p>Caso voc\u00ea fique em d\u00favida, por\nfavor, no contate:<\/p>\n\n\n\n<p>INSTAGRAM:&nbsp;<a href=\"https:\/\/www.instagram.com\/proftorques\/\">https:\/\/www.instagram.com\/proftorques\/<\/a><\/p>\n\n\n\n<p>E-MAIL:&nbsp;<a href=\"mailto:rst.estrategia@gmail.com\">rst.estrategia@gmail.com<\/a><\/p>\n\n\n\n<p>Vamos \u00e0s quest\u00f5es?!<\/p>\n\n\n\n<p>&#8212;<\/p>\n\n\n\n<p><strong>18.<\/strong> Recentemente assumiu a presid\u00eancia da C\u00e2mara dos\nDeputados um parlamentar que afirma que o Brasil \u00e9 um pa\u00eds soberano e n\u00e3o deve\nter nenhum compromisso com os Direitos Humanos na ordem internacional. Afirma\nque, apesar de ter sido internamente ratificado, o Pacto Internacional dos\nDireitos Civis e Pol\u00edticos n\u00e3o se caracteriza como norma vigente, e os direitos\nali previstos podem ser suspensos ou n\u00e3o precisam ser aplicados. <\/p>\n\n\n\n<p>Por ser atuante na \u00e1rea dos Direitos Humanos, voc\u00ea foi\nconvidado(a) pela Comiss\u00e3o de Direitos Humanos da C\u00e2mara dos Deputados para\nprestar mais esclarecimentos sobre o assunto. Com base no que disp\u00f5e o pr\u00f3prio\nPacto Internacional dos Direitos Civis e Pol\u00edticos &#8211; PIDCP, assinale a op\u00e7\u00e3o\nque apresenta o esclarecimento dado \u00e0 Comiss\u00e3o. <\/p>\n\n\n\n<p>A) Caso situa\u00e7\u00f5es excepcionais ameacem a exist\u00eancia da na\u00e7\u00e3o\ne sejam proclamadas oficialmente, os Estadospartes podem adotar, na estrita\nmedida exigida pela situa\u00e7\u00e3o, medidas que suspendam as obriga\u00e7\u00f5es decorrentes\ndo PIDCP, desde que tais medidas n\u00e3o acarretem discrimina\u00e7\u00e3o por motivo de\nra\u00e7a, cor, sexo, l\u00edngua, religi\u00e3o ou origem social. <\/p>\n\n\n\n<p>B) \u00c9 admiss\u00edvel a suspens\u00e3o das obriga\u00e7\u00f5es decorrentes do\nPIDCP quando houver, no \u00e2mbito do Estado- parte, um ato formal do Poder\nLegislativo e do Poder Executivo declarando o efeito suspensivo, desde que tal\nato declare um prazo para essa suspens\u00e3o, que, em nenhuma hip\u00f3tese, pode\nexceder o per\u00edodo de 2 anos. <\/p>\n\n\n\n<p>C) Em nenhuma hip\u00f3tese ou situa\u00e7\u00e3o os Estados-partes do\nPIDCP podem adotar medidas que suspendam as obriga\u00e7\u00f5es decorrentes do Pacto,\numa vez que, ratificado o Pacto, todos os seus direitos vigoram de forma\nefetiva, n\u00e3o sendo admitida nenhuma possibilidade de suspens\u00e3o ou exce\u00e7\u00e3o. <\/p>\n\n\n\n<p>D) Mesmo ratificado, o Pacto Internacional dos Direitos\nCivis e Pol\u00edticos e os direitos nele contidos n\u00e3o podem ser caracterizados como\nnormas vigentes, uma vez que se trata de direitos em sentido fraco, de forma\nque apenas os direitos fundamentais, previstos na Constitui\u00e7\u00e3o, s\u00e3o direitos em\nsentido forte.<\/p>\n\n\n\n<p><strong>Coment\u00e1rios<\/strong><\/p>\n\n\n\n<p>Gabarito: A. <\/p>\n\n\n\n<p>H\u00e1 possibilidade de o Brasil suspender as obriga\u00e7\u00f5es do\nPacto Internacional dos Direitos Civis e Pol\u00edticos (o PIDCP) desde que em\nsitua\u00e7\u00f5es excepcionais que ameace a exist\u00eancia do Estado. Essa suspens\u00e3o,\ncontudo, n\u00e3o pode impor discrimina\u00e7\u00f5es. \u00c9 o que prev\u00ea o art. 4\u00ba, do PIDCP.<\/p>\n\n\n\n<blockquote class=\"wp-block-quote is-layout-flow wp-block-quote-is-layout-flow\"><p>ARTIGO 4<\/p><p>1. Quando situa\u00e7\u00f5es excepcionais ameacem a exist\u00eancia da na\u00e7\u00e3o e sejam proclamadas oficialmente, os Estados Partes do presente Pacto podem adotar, na estrita medida exigida pela situa\u00e7\u00e3o, medidas que suspendam as obriga\u00e7\u00f5es decorrentes do presente Pacto, desde que tais medidas n\u00e3o sejam incompat\u00edveis com as demais obriga\u00e7\u00f5es que lhes sejam impostas pelo Direito Internacional e n\u00e3o acarretem discrimina\u00e7\u00e3o alguma apenas por motivo de ra\u00e7a, cor, sexo, l\u00edngua, religi\u00e3o ou origem social.<\/p><p>2. A disposi\u00e7\u00e3o precedente n\u00e3o autoriza qualquer suspens\u00e3o dos artigos 6, 7, 8 (par\u00e1grafos 1 e 2) 11, 15, 16, e 18.<\/p><p>3. Os Estados Partes do presente Pacto que fizerem uso do direito de suspens\u00e3o devem comunicar imediatamente aos outros Estados Partes do presente Pacto, por interm\u00e9dio do Secret\u00e1rio-Geral da Organiza\u00e7\u00e3o das Na\u00e7\u00f5es Unidas, as disposi\u00e7\u00f5es que tenham suspendido, bem como os motivos de tal suspens\u00e3o. Os Estados partes dever\u00e3o fazer uma nova comunica\u00e7\u00e3o, igualmente por interm\u00e9dio do Secret\u00e1rio-Geral da Organiza\u00e7\u00e3o das Na\u00e7\u00f5es Unidas, na data em que terminar tal suspens\u00e3o.<\/p><\/blockquote>\n\n\n\n<p>&#8212;<\/p>\n\n\n\n<p><strong>19.<\/strong> Recentemente houve grande pol\u00eamica na cidade de\nPiraporanga, porque o Prefeito proibiu o museu local de realizar uma exposi\u00e7\u00e3o,\nsob a alega\u00e7\u00e3o de que as obras de arte misturavam temas religiosos com\nconte\u00fados sexuais, al\u00e9m de haver quadros e esculturas obscenas. <\/p>\n\n\n\n<p>Voc\u00ea \u00e9 contratada(o) para atuar no caso pelos autores das\nobras de arte e por intelectuais. Com base na Conven\u00e7\u00e3o Americana de Direitos\nHumanos e na Constitui\u00e7\u00e3o Federal de 1988, assinale a op\u00e7\u00e3o que apresenta o\nargumento que voc\u00ea, como advogada(o), deveria adotar. <\/p>\n\n\n\n<p>A) A censura pr\u00e9via por autoridades administrativas\ncompetentes, como mecanismo eficaz para assegurar o respeito \u00e0 reputa\u00e7\u00e3o de\npessoas e como forma de garantir a moralidade p\u00fablica, deve ser admitida. <\/p>\n\n\n\n<p>B) O exerc\u00edcio da liberdade de express\u00e3o e o da cria\u00e7\u00e3o\nart\u00edstica est\u00e3o sujeitos \u00e0 censura pr\u00e9via, mas apenas por for\u00e7a de lei\ndevidamente justificada, como forma de prote\u00e7\u00e3o da honra individual e da moral\np\u00fablica. <\/p>\n\n\n\n<p>C) A liberdade de express\u00e3o e de cria\u00e7\u00e3o art\u00edstica est\u00e3o\nsujeitas \u00e0 censura pr\u00e9via pelas autoridades competentes quando elas ocorrem por\nmeio de exposi\u00e7\u00f5es em museus, tendo em vista a prote\u00e7\u00e3o da mem\u00f3ria nacional e\nda ordem p\u00fablica. <\/p>\n\n\n\n<p>D) A lei pode regular o acesso a divers\u00f5es e espet\u00e1culos\np\u00fablicos, tendo em vista a prote\u00e7\u00e3o moral da inf\u00e2ncia e da adolesc\u00eancia, sendo\nvedada, por\u00e9m, toda e qualquer censura pr\u00e9via de natureza pol\u00edtica, ideol\u00f3gica\ne art\u00edstica.<\/p>\n\n\n\n<p><strong>Coment\u00e1rios<\/strong><\/p>\n\n\n\n<p>Gabarito: D.<\/p>\n\n\n\n<p>Note que todas as alternativas, \u00e0 exce\u00e7\u00e3o da D, falam em\ncensura pr\u00e9via, o que n\u00e3o \u00e9 admitido. <\/p>\n\n\n\n<p>Ademais, o art. 13, do Pacto de San Jose, prev\u00ea a pondera\u00e7\u00e3o\nentre a liberdade de express\u00e3o cultural e a prote\u00e7\u00e3o \u00e0 moralidade da inf\u00e2ncia e\njuventude. <\/p>\n\n\n\n<blockquote class=\"wp-block-quote is-layout-flow wp-block-quote-is-layout-flow\"><p>Artigo 13 &#8211; Liberdade de pensamento e de express\u00e3o<\/p><\/blockquote>\n\n\n\n<blockquote class=\"wp-block-quote is-layout-flow wp-block-quote-is-layout-flow\"><p>1. Toda pessoa tem o direito \u00e0 liberdade de pensamento e de express\u00e3o. Esse direito inclui a liberdade de procurar, receber e difundir informa\u00e7\u00f5es e id\u00e9ias de qualquer natureza, sem considera\u00e7\u00f5es de fronteiras, verbalmente ou por escrito, ou em forma impressa ou art\u00edstica, ou por qualquer meio de sua escolha.<\/p><\/blockquote>\n\n\n\n<p>&#8212;<\/p>\n\n\n\n<p>\u00c9 isso. <\/p>\n\n\n\n<p>Bons estudos!<\/p>\n","protected":false},"excerpt":{"rendered":"<p>Ol\u00e1! Analisamos as quest\u00f5es de Direitos Humanos aplicadas na prova do XXXI Exame de Ordem. S\u00e3o quest\u00f5es da FGV fresquinhas para voc\u00ea treinar. Caso voc\u00ea fique em d\u00favida, por favor, no contate: INSTAGRAM:&nbsp;https:\/\/www.instagram.com\/proftorques\/ E-MAIL:&nbsp;rst.estrategia@gmail.com Vamos \u00e0s quest\u00f5es?! &#8212; 18. Recentemente assumiu a presid\u00eancia da C\u00e2mara dos Deputados um parlamentar que afirma que o Brasil \u00e9 [&hellip;]<\/p>\n","protected":false},"author":180,"featured_media":0,"comment_status":"open","ping_status":"closed","sticky":false,"template":"","format":"standard","meta":{"post_tipo":"article","footnotes":""},"categories":[1],"tags":[525,71,162177],"tax_estado":[219963],"class_list":["post-480197","post","type-post","status-publish","format-standard","hentry","category-cursos-e-concursos","tag-direitos-humanos","tag-oab","tag-xxxi-exame-de-ordem","tax_estado-concursos-federais"],"acf":[],"yoast_head":"<!-- This site is optimized with the Yoast SEO Premium plugin v27.2 (Yoast SEO v27.2) - https:\/\/yoast.com\/product\/yoast-seo-premium-wordpress\/ -->\n<title>Coment\u00e1rios \u00e0s Quest\u00f5es de Direitos Humanos aplicadas no XXXI Exame de Ordem<\/title>\n<meta name=\"robots\" content=\"index, follow, max-snippet:-1, max-image-preview:large, max-video-preview:-1\" \/>\n<link rel=\"canonical\" href=\"https:\/\/www.estrategiaconcursos.com.br\/blog\/comentarios-as-questoes-de-direitos-humanos-do-xxxi-exame-de-ordem\/\" \/>\n<meta property=\"og:locale\" content=\"pt_BR\" \/>\n<meta property=\"og:type\" content=\"article\" \/>\n<meta property=\"og:title\" content=\"Coment\u00e1rios \u00e0s Quest\u00f5es de Direitos Humanos aplicadas no XXXI Exame de Ordem\" \/>\n<meta property=\"og:description\" content=\"Ol\u00e1! Analisamos as quest\u00f5es de Direitos Humanos aplicadas na prova do XXXI Exame de Ordem. S\u00e3o quest\u00f5es da FGV fresquinhas para voc\u00ea treinar. Caso voc\u00ea fique em d\u00favida, por favor, no contate: INSTAGRAM:&nbsp;https:\/\/www.instagram.com\/proftorques\/ E-MAIL:&nbsp;rst.estrategia@gmail.com Vamos \u00e0s quest\u00f5es?! &#8212; 18. Recentemente assumiu a presid\u00eancia da C\u00e2mara dos Deputados um parlamentar que afirma que o Brasil \u00e9 [&hellip;]\" \/>\n<meta property=\"og:url\" content=\"https:\/\/www.estrategiaconcursos.com.br\/blog\/comentarios-as-questoes-de-direitos-humanos-do-xxxi-exame-de-ordem\/\" \/>\n<meta property=\"og:site_name\" content=\"Estrat\u00e9gia Concursos\" \/>\n<meta property=\"article:author\" content=\"https:\/\/www.facebook.com\/ricardo.s.torques\" \/>\n<meta property=\"article:published_time\" content=\"2020-02-11T13:09:27+00:00\" \/>\n<meta property=\"article:modified_time\" content=\"2020-12-05T11:47:09+00:00\" \/>\n<meta name=\"author\" content=\"Ricardo Torques\" \/>\n<meta name=\"twitter:card\" content=\"summary_large_image\" \/>\n<meta name=\"twitter:creator\" content=\"@EstratConcursos\" \/>\n<meta name=\"twitter:site\" content=\"@EstratConcursos\" \/>\n<meta name=\"twitter:label1\" content=\"Escrito por\" \/>\n\t<meta name=\"twitter:data1\" content=\"Ricardo Torques\" \/>\n\t<meta name=\"twitter:label2\" content=\"Est. tempo de leitura\" \/>\n\t<meta name=\"twitter:data2\" content=\"5 minutos\" \/>\n<script type=\"application\/ld+json\" class=\"yoast-schema-graph\">{\"@context\":\"https:\/\/schema.org\",\"@graph\":[{\"@type\":\"NewsArticle\",\"@id\":\"https:\/\/www.estrategiaconcursos.com.br\/blog\/comentarios-as-questoes-de-direitos-humanos-do-xxxi-exame-de-ordem\/#article\",\"isPartOf\":{\"@id\":\"https:\/\/www.estrategiaconcursos.com.br\/blog\/comentarios-as-questoes-de-direitos-humanos-do-xxxi-exame-de-ordem\/\"},\"author\":{\"name\":\"Ricardo Torques\",\"@id\":\"https:\/\/www.estrategiaconcursos.com.br\/blog\/#\/schema\/person\/aa39cf5ddb518e5bdce27c35788405e2\"},\"headline\":\"Coment\u00e1rios \u00e0s Quest\u00f5es de Direitos Humanos aplicadas no XXXI Exame de Ordem\",\"datePublished\":\"2020-02-11T13:09:27+00:00\",\"dateModified\":\"2020-12-05T11:47:09+00:00\",\"mainEntityOfPage\":{\"@id\":\"https:\/\/www.estrategiaconcursos.com.br\/blog\/comentarios-as-questoes-de-direitos-humanos-do-xxxi-exame-de-ordem\/\"},\"wordCount\":1035,\"commentCount\":0,\"publisher\":{\"@id\":\"https:\/\/www.estrategiaconcursos.com.br\/blog\/#organization\"},\"keywords\":[\"Direitos Humanos\",\"OAB\",\"XXXI Exame de Ordem\"],\"articleSection\":[\"Concursos P\u00fablicos\"],\"inLanguage\":\"pt-BR\",\"potentialAction\":[{\"@type\":\"CommentAction\",\"name\":\"Comment\",\"target\":[\"https:\/\/www.estrategiaconcursos.com.br\/blog\/comentarios-as-questoes-de-direitos-humanos-do-xxxi-exame-de-ordem\/#respond\"]}],\"copyrightYear\":\"2020\",\"copyrightHolder\":{\"@id\":\"https:\/\/www.estrategiaconcursos.com.br\/blog\/#organization\"}},{\"@type\":\"WebPage\",\"@id\":\"https:\/\/www.estrategiaconcursos.com.br\/blog\/comentarios-as-questoes-de-direitos-humanos-do-xxxi-exame-de-ordem\/\",\"url\":\"https:\/\/www.estrategiaconcursos.com.br\/blog\/comentarios-as-questoes-de-direitos-humanos-do-xxxi-exame-de-ordem\/\",\"name\":\"Coment\u00e1rios \u00e0s Quest\u00f5es de Direitos Humanos aplicadas no XXXI Exame de Ordem\",\"isPartOf\":{\"@id\":\"https:\/\/www.estrategiaconcursos.com.br\/blog\/#website\"},\"datePublished\":\"2020-02-11T13:09:27+00:00\",\"dateModified\":\"2020-12-05T11:47:09+00:00\",\"breadcrumb\":{\"@id\":\"https:\/\/www.estrategiaconcursos.com.br\/blog\/comentarios-as-questoes-de-direitos-humanos-do-xxxi-exame-de-ordem\/#breadcrumb\"},\"inLanguage\":\"pt-BR\",\"potentialAction\":[{\"@type\":\"ReadAction\",\"target\":[\"https:\/\/www.estrategiaconcursos.com.br\/blog\/comentarios-as-questoes-de-direitos-humanos-do-xxxi-exame-de-ordem\/\"]}]},{\"@type\":\"BreadcrumbList\",\"@id\":\"https:\/\/www.estrategiaconcursos.com.br\/blog\/comentarios-as-questoes-de-direitos-humanos-do-xxxi-exame-de-ordem\/#breadcrumb\",\"itemListElement\":[{\"@type\":\"ListItem\",\"position\":1,\"name\":\"In\u00edcio\",\"item\":\"https:\/\/www.estrategiaconcursos.com.br\/blog\/\"},{\"@type\":\"ListItem\",\"position\":2,\"name\":\"Coment\u00e1rios \u00e0s Quest\u00f5es de Direitos Humanos aplicadas no XXXI Exame de Ordem\"}]},{\"@type\":\"WebSite\",\"@id\":\"https:\/\/www.estrategiaconcursos.com.br\/blog\/#website\",\"url\":\"https:\/\/www.estrategiaconcursos.com.br\/blog\/\",\"name\":\"Estrat\u00e9gia Concursos\",\"description\":\"O blog da Estrat\u00e9gia Concursos traz not\u00edcias sobre concursos e artigos de professores oferecendo cursos para concursos (pdf + videaulas) no site.\",\"publisher\":{\"@id\":\"https:\/\/www.estrategiaconcursos.com.br\/blog\/#organization\"},\"potentialAction\":[{\"@type\":\"SearchAction\",\"target\":{\"@type\":\"EntryPoint\",\"urlTemplate\":\"https:\/\/www.estrategiaconcursos.com.br\/blog\/?s={search_term_string}\"},\"query-input\":{\"@type\":\"PropertyValueSpecification\",\"valueRequired\":true,\"valueName\":\"search_term_string\"}}],\"inLanguage\":\"pt-BR\"},{\"@type\":\"Organization\",\"@id\":\"https:\/\/www.estrategiaconcursos.com.br\/blog\/#organization\",\"name\":\"Estrat\u00e9gia Concursos\",\"url\":\"https:\/\/www.estrategiaconcursos.com.br\/blog\/\",\"logo\":{\"@type\":\"ImageObject\",\"inLanguage\":\"pt-BR\",\"@id\":\"https:\/\/www.estrategiaconcursos.com.br\/blog\/#\/schema\/logo\/image\/\",\"url\":\"https:\/\/dhg1h5j42swfq.cloudfront.net\/2025\/06\/03203428\/logo_concursos-1.jpg\",\"contentUrl\":\"https:\/\/dhg1h5j42swfq.cloudfront.net\/2025\/06\/03203428\/logo_concursos-1.jpg\",\"width\":230,\"height\":60,\"caption\":\"Estrat\u00e9gia Concursos\"},\"image\":{\"@id\":\"https:\/\/www.estrategiaconcursos.com.br\/blog\/#\/schema\/logo\/image\/\"},\"sameAs\":[\"https:\/\/x.com\/EstratConcursos\"]},{\"@type\":\"Person\",\"@id\":\"https:\/\/www.estrategiaconcursos.com.br\/blog\/#\/schema\/person\/aa39cf5ddb518e5bdce27c35788405e2\",\"name\":\"Ricardo Torques\",\"image\":{\"@type\":\"ImageObject\",\"inLanguage\":\"pt-BR\",\"@id\":\"https:\/\/secure.gravatar.com\/avatar\/ce9ac6c3cff25fe86d15ed568ebc64d1724baf5c0693133bcb1f6073f712f92a?s=96&d=mm&r=g\",\"url\":\"https:\/\/secure.gravatar.com\/avatar\/ce9ac6c3cff25fe86d15ed568ebc64d1724baf5c0693133bcb1f6073f712f92a?s=96&d=mm&r=g\",\"contentUrl\":\"https:\/\/secure.gravatar.com\/avatar\/ce9ac6c3cff25fe86d15ed568ebc64d1724baf5c0693133bcb1f6073f712f92a?s=96&d=mm&r=g\",\"caption\":\"Ricardo Torques\"},\"sameAs\":[\"https:\/\/www.facebook.com\/ricardo.s.torques\"],\"url\":\"https:\/\/www.estrategiaconcursos.com.br\/blog\/author\/ricardotorquesestrategiaconcursos-com-br\/\"}]}<\/script>\n<!-- \/ Yoast SEO Premium plugin. -->","yoast_head_json":{"title":"Coment\u00e1rios \u00e0s Quest\u00f5es de Direitos Humanos aplicadas no XXXI Exame de Ordem","robots":{"index":"index","follow":"follow","max-snippet":"max-snippet:-1","max-image-preview":"max-image-preview:large","max-video-preview":"max-video-preview:-1"},"canonical":"https:\/\/www.estrategiaconcursos.com.br\/blog\/comentarios-as-questoes-de-direitos-humanos-do-xxxi-exame-de-ordem\/","og_locale":"pt_BR","og_type":"article","og_title":"Coment\u00e1rios \u00e0s Quest\u00f5es de Direitos Humanos aplicadas no XXXI Exame de Ordem","og_description":"Ol\u00e1! Analisamos as quest\u00f5es de Direitos Humanos aplicadas na prova do XXXI Exame de Ordem. S\u00e3o quest\u00f5es da FGV fresquinhas para voc\u00ea treinar. Caso voc\u00ea fique em d\u00favida, por favor, no contate: INSTAGRAM:&nbsp;https:\/\/www.instagram.com\/proftorques\/ E-MAIL:&nbsp;rst.estrategia@gmail.com Vamos \u00e0s quest\u00f5es?! &#8212; 18. Recentemente assumiu a presid\u00eancia da C\u00e2mara dos Deputados um parlamentar que afirma que o Brasil \u00e9 [&hellip;]","og_url":"https:\/\/www.estrategiaconcursos.com.br\/blog\/comentarios-as-questoes-de-direitos-humanos-do-xxxi-exame-de-ordem\/","og_site_name":"Estrat\u00e9gia Concursos","article_author":"https:\/\/www.facebook.com\/ricardo.s.torques","article_published_time":"2020-02-11T13:09:27+00:00","article_modified_time":"2020-12-05T11:47:09+00:00","author":"Ricardo Torques","twitter_card":"summary_large_image","twitter_creator":"@EstratConcursos","twitter_site":"@EstratConcursos","twitter_misc":{"Escrito por":"Ricardo Torques","Est. tempo de leitura":"5 minutos"},"schema":{"@context":"https:\/\/schema.org","@graph":[{"@type":"NewsArticle","@id":"https:\/\/www.estrategiaconcursos.com.br\/blog\/comentarios-as-questoes-de-direitos-humanos-do-xxxi-exame-de-ordem\/#article","isPartOf":{"@id":"https:\/\/www.estrategiaconcursos.com.br\/blog\/comentarios-as-questoes-de-direitos-humanos-do-xxxi-exame-de-ordem\/"},"author":{"name":"Ricardo Torques","@id":"https:\/\/www.estrategiaconcursos.com.br\/blog\/#\/schema\/person\/aa39cf5ddb518e5bdce27c35788405e2"},"headline":"Coment\u00e1rios \u00e0s Quest\u00f5es de Direitos Humanos aplicadas no XXXI Exame de Ordem","datePublished":"2020-02-11T13:09:27+00:00","dateModified":"2020-12-05T11:47:09+00:00","mainEntityOfPage":{"@id":"https:\/\/www.estrategiaconcursos.com.br\/blog\/comentarios-as-questoes-de-direitos-humanos-do-xxxi-exame-de-ordem\/"},"wordCount":1035,"commentCount":0,"publisher":{"@id":"https:\/\/www.estrategiaconcursos.com.br\/blog\/#organization"},"keywords":["Direitos Humanos","OAB","XXXI Exame de Ordem"],"articleSection":["Concursos P\u00fablicos"],"inLanguage":"pt-BR","potentialAction":[{"@type":"CommentAction","name":"Comment","target":["https:\/\/www.estrategiaconcursos.com.br\/blog\/comentarios-as-questoes-de-direitos-humanos-do-xxxi-exame-de-ordem\/#respond"]}],"copyrightYear":"2020","copyrightHolder":{"@id":"https:\/\/www.estrategiaconcursos.com.br\/blog\/#organization"}},{"@type":"WebPage","@id":"https:\/\/www.estrategiaconcursos.com.br\/blog\/comentarios-as-questoes-de-direitos-humanos-do-xxxi-exame-de-ordem\/","url":"https:\/\/www.estrategiaconcursos.com.br\/blog\/comentarios-as-questoes-de-direitos-humanos-do-xxxi-exame-de-ordem\/","name":"Coment\u00e1rios \u00e0s Quest\u00f5es de Direitos Humanos aplicadas no XXXI Exame de Ordem","isPartOf":{"@id":"https:\/\/www.estrategiaconcursos.com.br\/blog\/#website"},"datePublished":"2020-02-11T13:09:27+00:00","dateModified":"2020-12-05T11:47:09+00:00","breadcrumb":{"@id":"https:\/\/www.estrategiaconcursos.com.br\/blog\/comentarios-as-questoes-de-direitos-humanos-do-xxxi-exame-de-ordem\/#breadcrumb"},"inLanguage":"pt-BR","potentialAction":[{"@type":"ReadAction","target":["https:\/\/www.estrategiaconcursos.com.br\/blog\/comentarios-as-questoes-de-direitos-humanos-do-xxxi-exame-de-ordem\/"]}]},{"@type":"BreadcrumbList","@id":"https:\/\/www.estrategiaconcursos.com.br\/blog\/comentarios-as-questoes-de-direitos-humanos-do-xxxi-exame-de-ordem\/#breadcrumb","itemListElement":[{"@type":"ListItem","position":1,"name":"In\u00edcio","item":"https:\/\/www.estrategiaconcursos.com.br\/blog\/"},{"@type":"ListItem","position":2,"name":"Coment\u00e1rios \u00e0s Quest\u00f5es de Direitos Humanos aplicadas no XXXI Exame de Ordem"}]},{"@type":"WebSite","@id":"https:\/\/www.estrategiaconcursos.com.br\/blog\/#website","url":"https:\/\/www.estrategiaconcursos.com.br\/blog\/","name":"Estrat\u00e9gia Concursos","description":"O blog da Estrat\u00e9gia Concursos traz not\u00edcias sobre concursos e artigos de professores oferecendo cursos para concursos (pdf + videaulas) no site.","publisher":{"@id":"https:\/\/www.estrategiaconcursos.com.br\/blog\/#organization"},"potentialAction":[{"@type":"SearchAction","target":{"@type":"EntryPoint","urlTemplate":"https:\/\/www.estrategiaconcursos.com.br\/blog\/?s={search_term_string}"},"query-input":{"@type":"PropertyValueSpecification","valueRequired":true,"valueName":"search_term_string"}}],"inLanguage":"pt-BR"},{"@type":"Organization","@id":"https:\/\/www.estrategiaconcursos.com.br\/blog\/#organization","name":"Estrat\u00e9gia Concursos","url":"https:\/\/www.estrategiaconcursos.com.br\/blog\/","logo":{"@type":"ImageObject","inLanguage":"pt-BR","@id":"https:\/\/www.estrategiaconcursos.com.br\/blog\/#\/schema\/logo\/image\/","url":"https:\/\/dhg1h5j42swfq.cloudfront.net\/2025\/06\/03203428\/logo_concursos-1.jpg","contentUrl":"https:\/\/dhg1h5j42swfq.cloudfront.net\/2025\/06\/03203428\/logo_concursos-1.jpg","width":230,"height":60,"caption":"Estrat\u00e9gia Concursos"},"image":{"@id":"https:\/\/www.estrategiaconcursos.com.br\/blog\/#\/schema\/logo\/image\/"},"sameAs":["https:\/\/x.com\/EstratConcursos"]},{"@type":"Person","@id":"https:\/\/www.estrategiaconcursos.com.br\/blog\/#\/schema\/person\/aa39cf5ddb518e5bdce27c35788405e2","name":"Ricardo Torques","image":{"@type":"ImageObject","inLanguage":"pt-BR","@id":"https:\/\/secure.gravatar.com\/avatar\/ce9ac6c3cff25fe86d15ed568ebc64d1724baf5c0693133bcb1f6073f712f92a?s=96&d=mm&r=g","url":"https:\/\/secure.gravatar.com\/avatar\/ce9ac6c3cff25fe86d15ed568ebc64d1724baf5c0693133bcb1f6073f712f92a?s=96&d=mm&r=g","contentUrl":"https:\/\/secure.gravatar.com\/avatar\/ce9ac6c3cff25fe86d15ed568ebc64d1724baf5c0693133bcb1f6073f712f92a?s=96&d=mm&r=g","caption":"Ricardo Torques"},"sameAs":["https:\/\/www.facebook.com\/ricardo.s.torques"],"url":"https:\/\/www.estrategiaconcursos.com.br\/blog\/author\/ricardotorquesestrategiaconcursos-com-br\/"}]}},"_links":{"self":[{"href":"https:\/\/www.estrategiaconcursos.com.br\/blog\/wp-json\/wp\/v2\/posts\/480197","targetHints":{"allow":["GET"]}}],"collection":[{"href":"https:\/\/www.estrategiaconcursos.com.br\/blog\/wp-json\/wp\/v2\/posts"}],"about":[{"href":"https:\/\/www.estrategiaconcursos.com.br\/blog\/wp-json\/wp\/v2\/types\/post"}],"author":[{"embeddable":true,"href":"https:\/\/www.estrategiaconcursos.com.br\/blog\/wp-json\/wp\/v2\/users\/180"}],"replies":[{"embeddable":true,"href":"https:\/\/www.estrategiaconcursos.com.br\/blog\/wp-json\/wp\/v2\/comments?post=480197"}],"version-history":[{"count":2,"href":"https:\/\/www.estrategiaconcursos.com.br\/blog\/wp-json\/wp\/v2\/posts\/480197\/revisions"}],"predecessor-version":[{"id":480214,"href":"https:\/\/www.estrategiaconcursos.com.br\/blog\/wp-json\/wp\/v2\/posts\/480197\/revisions\/480214"}],"wp:attachment":[{"href":"https:\/\/www.estrategiaconcursos.com.br\/blog\/wp-json\/wp\/v2\/media?parent=480197"}],"wp:term":[{"taxonomy":"category","embeddable":true,"href":"https:\/\/www.estrategiaconcursos.com.br\/blog\/wp-json\/wp\/v2\/categories?post=480197"},{"taxonomy":"post_tag","embeddable":true,"href":"https:\/\/www.estrategiaconcursos.com.br\/blog\/wp-json\/wp\/v2\/tags?post=480197"},{"taxonomy":"tax_estado","embeddable":true,"href":"https:\/\/www.estrategiaconcursos.com.br\/blog\/wp-json\/wp\/v2\/tax_estado?post=480197"}],"curies":[{"name":"wp","href":"https:\/\/api.w.org\/{rel}","templated":true}]}}