{"id":480161,"date":"2020-02-10T22:48:37","date_gmt":"2020-02-11T01:48:37","guid":{"rendered":"https:\/\/www.estrategiaconcursos.com.br\/blog\/?p=480161"},"modified":"2020-02-10T22:48:39","modified_gmt":"2020-02-11T01:48:39","slug":"recurso-oab-xxxi-exame-questao-29-direito-administrativo","status":"publish","type":"post","link":"https:\/\/www.estrategiaconcursos.com.br\/blog\/recurso-oab-xxxi-exame-questao-29-direito-administrativo\/","title":{"rendered":"Recurso OAB XXXI Exame &#8211; Quest\u00e3o 29 &#8211; Direito Administrativo"},"content":{"rendered":"\n<p>Ol\u00e1 pessoal, tudo bem? <\/p>\n\n\n\n<p>Entendo que a quest\u00e3o 29 da prova de Direito Administrativo do XXXI Exame comporta recurso para anula\u00e7\u00e3o.<\/p>\n\n\n\n<p>Qualquer d\u00favida, estou \u00e0 disposi\u00e7\u00e3o no meu instagram:  <strong><a rel=\"noreferrer noopener\" href=\"http:\/\/www.instagram.com\/profigormaciel\" target=\"_blank\">Igor Maciel<\/a><\/strong>.<br \/>Vamos \u00e0s explica\u00e7\u00f5es!<\/p>\n\n\n\n<p>Eis o enunciado da quest\u00e3o:<\/p>\n\n\n\n<h4 class=\"wp-block-heading\">Quest\u00e3o 29<\/h4>\n\n\n\n<p>A autoridade competente, em \u00e2mbito\nfederal, no regular exerc\u00edcio do poder de pol\u00edcia, aplicou \u00e0 sociedade\nempres\u00e1ria Soneca S\/A multa em raz\u00e3o do descumprimento das normas administrativas\npertinentes. Inconformada, a sociedade Soneca S\/A apresentou recurso\nadministrativo, ao qual foi conferido efeito suspensivo, sendo certo que n\u00e3o\nsobreveio qualquer manifesta\u00e7\u00e3o do superior hier\u00e1rquico respons\u00e1vel pelo\njulgamento, ap\u00f3s o transcurso do prazo de oitenta dias.<\/p>\n\n\n\n<p>Considerando o contexto descrito,\nassinale a afirmativa correta.<\/p>\n\n\n\n<p>A) N\u00e3o se conceder\u00e1 Mandado de\nSeguran\u00e7a para invalidar a penalidade de multa aplicada a Soneca S\/A, submetida\na recurso administrativo provido de efeito suspensivo.<\/p>\n\n\n\n<p>B) O ajuizamento de qualquer medida\njudicial por Soneca S\/A depende do esgotamento da via administrativa.<\/p>\n\n\n\n<p>C) N\u00e3o h\u00e1 mora da autoridade\nsuperior hier\u00e1rquica, que, por determina\u00e7\u00e3o legal, disp\u00f5e do prazo de noventa\ndias para decidir.<\/p>\n\n\n\n<p>D) A omiss\u00e3o da autoridade\ncompetente em rela\u00e7\u00e3o ao seu dever de decidir, ainda que se prolongue por\nper\u00edodo mais extenso, n\u00e3o enseja a concess\u00e3o de mandado de Seguran\u00e7a.<\/p>\n\n\n\n<p><strong>Coment\u00e1rios<\/strong><\/p>\n\n\n\n<p>O gabarito apontado pela banca foi a letra A.<\/p>\n\n\n\n<p>De fato, trata-se da expressa disposi\u00e7\u00e3o do artigo 5o, inciso I, Lei 12.016\/2009:<\/p>\n\n\n\n<blockquote class=\"wp-block-quote is-layout-flow wp-block-quote-is-layout-flow\"><p>Art. 5<sup>o<\/sup>\u00a0 N\u00e3o se conceder\u00e1 mandado de seguran\u00e7a quando se tratar:\u00a0<\/p><p>I &#8211; de ato do qual caiba recurso administrativo com efeito suspensivo, independentemente de cau\u00e7\u00e3o;\u00a0<\/p><\/blockquote>\n\n\n\n<p><strong>Contudo, a quest\u00e3o merece ser anulada por comportar duas respostas corretas.<\/strong><\/p>\n\n\n\n<p>Isto porque a alternativa D est\u00e1 correta se correlacionada com o enunciado da quest\u00e3o.<\/p>\n\n\n\n<p>Eis o caso concreto: uma autoridade aplicou uma multa \u00e0 empresa Soneca S\/A. Foi protocolado recurso administrativo, tendo sido a esse <strong>atribu\u00eddo efeito suspensivo<\/strong>.<\/p>\n\n\n\n<p>O gabarito considerado correto \u00e9 a exata aplica\u00e7\u00e3o da letra da lei (art. 5\u00ba, inciso I, da lei 12.016), que, regra geral, est\u00e1 correto. <\/p>\n\n\n\n<p>A l\u00f3gica do gabarito \u00e9 exatamente essa: n\u00e3o h\u00e1 raz\u00e3o para que seja impetrado mandado de seguran\u00e7a sendo que \u00e9 poss\u00edvel ainda recorrer administrativamente e conseguir efeito suspensivo a ponto de \u201csuspender\u201d o risco ao direito l\u00edquido e certo do pretenso impetrante do <em>writ<\/em>.<\/p>\n\n\n\n<p>Por\u00e9m, deve-se atentar \u00e0 alternativa D que traz o n\u00facleo da s\u00famula 429 do STF, <em>in verbis<\/em>:<\/p>\n\n\n\n<blockquote class=\"wp-block-quote is-layout-flow wp-block-quote-is-layout-flow\"><p>S\u00famula 429 &#8211; A exist\u00eancia de recurso administrativo com efeito suspensivo n\u00e3o impede o uso do mandado de seguran\u00e7a contra omiss\u00e3o da autoridade.<\/p><\/blockquote>\n\n\n\n<p>A s\u00famula traz exatamente uma \u201cexce\u00e7\u00e3o\u201d \u00e0 regra do art. 5\u00ba, inciso I, da lei do mandado de seguran\u00e7a. <\/p>\n\n\n\n<p>Ou seja: \u00e9 poss\u00edvel\/cab\u00edvel a impetra\u00e7\u00e3o do mandado de seguran\u00e7a, ainda que exista recurso administrativo em que possa ser atribu\u00eddo efeito suspensivo, desde que a <strong>omiss\u00e3o<\/strong> daquele que deveria julgar perpetue a viola\u00e7\u00e3o ou o risco \u00e0 viola\u00e7\u00e3o de direito l\u00edquido e certo do pretenso impetrante.<\/p>\n\n\n\n<p>Explica-se: se a empresa entra com processo administrativo e, mesmo passado v\u00e1rios dias, n\u00e3o recebe qualquer resposta (ou seja, n\u00e3o tem efeito suspensivo atribu\u00eddo), ent\u00e3o caberia a aplica\u00e7\u00e3o da s\u00famula 429 do STF, visto que <strong>a omiss\u00e3o est\u00e1 prejudicando\/violando ou representa grande risco de viola\u00e7\u00e3o ao direito l\u00edquido e certo do impetrante.<\/strong><\/p>\n\n\n\n<p>Por\u00e9m, <strong>de acordo com o enunciado da quest\u00e3o (considerando o contexto no qual est\u00e3o inseridas as alternativas) a autoridade julgadora j\u00e1 concedeu efeito suspensivo ao recurso (ou seja, j\u00e1 \u00e9 poss\u00edvel afastar a situa\u00e7\u00e3o da \u201comiss\u00e3o\u201d que venha a prejudicar ou amea\u00e7ar direito l\u00edquido e certo do pretenso impetrante<\/strong>).<\/p>\n\n\n\n<p>Pergunta-se:\n<strong>na situa\u00e7\u00e3o do enunciado, qual o interesse da empresa em impetrar o\nmandado de seguran\u00e7a? <\/strong>&nbsp;N\u00e3o h\u00e1!<\/p>\n\n\n\n<p>A impetra\u00e7\u00e3o de mandado de seguran\u00e7a resultaria em ren\u00fancia do processo administrativo, consequ\u00eancia natural e esperada do art. 38 da Lei de Execu\u00e7\u00f5es Fiscais (utilizada no caso concreto, por estarmos diante de uma multa a ser inscrita em D\u00edvida Ativa):<\/p>\n\n\n\n<blockquote class=\"wp-block-quote is-layout-flow wp-block-quote-is-layout-flow\"><p>Art. 38 &#8211; A discuss\u00e3o judicial da D\u00edvida Ativa da Fazenda P\u00fablica s\u00f3 \u00e9 admiss\u00edvel em execu\u00e7\u00e3o, na forma desta Lei, salvo as hip\u00f3teses de mandado de seguran\u00e7a, a\u00e7\u00e3o de repeti\u00e7\u00e3o do ind\u00e9bito ou a\u00e7\u00e3o anulat\u00f3ria do ato declarativo da d\u00edvida, esta precedida do dep\u00f3sito preparat\u00f3rio do valor do d\u00e9bito, monetariamente corrigido e acrescido dos juros e multa de mora e demais encargos.<\/p><p>Par\u00e1grafo \u00danico &#8211; A propositura, pelo contribuinte, da a\u00e7\u00e3o prevista neste artigo importa em ren\u00fancia ao poder de recorrer na esfera administrativa e desist\u00eancia do recurso acaso interposto.<\/p><\/blockquote>\n\n\n\n<p>Logo, se existe uma multa sendo discutida administrativamente, a impetra\u00e7\u00e3o de Mandado de Seguran\u00e7a resulta necessariamente na  desist\u00eancia do respectivo processo administrativo.<\/p>\n\n\n\n<p>Aqui, ent\u00e3o, surge a segunda pergunta importante: <strong>qual a consequ\u00eancia disso<\/strong>?<\/p>\n\n\n\n<p>Consequ\u00eancia: o efeito suspensivo que inicialmente conseguido  no processo administrativo ser\u00e1 automaticamente extinto, juntamente com o processo administrativo, <strong>colocando a empresa Soneca S\/A em situa\u00e7\u00e3o de devedora<\/strong> e, por conseguinte, potencial Executada em A\u00e7\u00e3o de Execu\u00e7\u00e3o Fiscal.<\/p>\n\n\n\n<p>Considerando\nque o Exame de Ordem \u00e9 prova necess\u00e1ria \u00e0 forma\u00e7\u00e3o de advogados, <strong>n\u00e3o \u00e9\nrecomendado que passe como correto um ato visivelmente prejudicial ao cliente.<\/strong><\/p>\n\n\n\n<p>A\nalternativa D est\u00e1 <strong>correta<\/strong> exatamente porque, <strong>considerando\no contexto do enunciado<\/strong>, o efeito suspensivo \u00e9 exatamente a prova de\nque <strong>n\u00e3o h\u00e1 omiss\u00e3o, ou a suposta omiss\u00e3o no julgamento final do\nprocesso n\u00e3o est\u00e1 violando ou representando risco de violar direito l\u00edquido e\ncerto do pretenso impetrante.<\/strong><\/p>\n\n\n\n<p><strong>A\nalternativa D \u00e9 exatamente uma exce\u00e7\u00e3o \u00e0 s\u00famula n\u00ba 429 do STF, o que j\u00e1 foi\nreconhecido em alguns julgados, inclusive relevantemente semelhantes ao ora\ndebatido<\/strong>.<\/p>\n\n\n\n<p>Especificamente, um caso em que havia efeito suspensivo j\u00e1 concedido em processo administrativo, nossa Suprema Corte expressamente j\u00e1 se manifestou no sentido de descabimento do mandado de seguran\u00e7a contra ato administrativo cujos efeitos estejam suspensos por for\u00e7a de recurso administrativo (ex vi MS 24.511, MS 24.280, MS 26.178-1, dentre in\u00fameros).<\/p>\n\n\n\n<p>No MS 26.178-1, o Supremo Tribunal Federal, inclusive, reconheceu a aus\u00eancia de interesse de agir do Impetrante que, em caso an\u00e1logo, havia obtido a suspens\u00e3o da decis\u00e3o com um recurso administrativo.<\/p>\n\n\n\n<p class=\"has-text-align-center\"><strong>Vide:  <a href=\"http:\/\/redir.stf.jus.br\/paginadorpub\/paginador.jsp?docTP=AC&amp;docID=520051\" target=\"_blank\" rel=\"noreferrer noopener\" aria-label=\"http:\/\/redir.stf.jus.br\/paginadorpub\/paginador.jsp?docTP=AC&amp;docID=520051  (abre numa nova aba)\">http:\/\/redir.stf.jus.br\/paginadorpub\/paginador.jsp?docTP=AC&amp;docID=520051 <\/a><\/strong><\/p>\n\n\n\n<p>Por tais raz\u00f5es, uma vez que contem duas respostas a quest\u00e3o 29 da prova tipo azul (tanto as alternativas A como D respondem ao enunciado da quest\u00e3o), necess\u00e1ria a anula\u00e7\u00e3o da quest\u00e3o. \u00c9 o que se requer.<\/p>\n\n\n\n<p> &#8212; &#8212;&#8212;&#8212;&#8212;&#8212;&#8212;&#8212;&#8212;&#8212;-<\/p>\n\n\n\n<p>\u00c9 isto, meus amigos!<\/p>\n\n\n\n<p>Vamos firmes!<\/p>\n\n\n\n<p>Vai dar tudo certo,<\/p>\n\n\n\n<p>Grande abra\u00e7o,<\/p>\n\n\n\n<p class=\"has-text-align-center\"><strong><a href=\"http:\/\/www.instagram.com\/profigormaciel\" target=\"_blank\" rel=\"noreferrer noopener\" aria-label=\"Igor Maciel (abre numa nova aba)\">Igor Maciel<\/a><\/strong><\/p>\n","protected":false},"excerpt":{"rendered":"<p>Ol\u00e1 pessoal, tudo bem? Entendo que a quest\u00e3o 29 da prova de Direito Administrativo do XXXI Exame comporta recurso para anula\u00e7\u00e3o. Qualquer d\u00favida, estou \u00e0 disposi\u00e7\u00e3o no meu instagram: Igor Maciel.Vamos \u00e0s explica\u00e7\u00f5es! Eis o enunciado da quest\u00e3o: Quest\u00e3o 29 A autoridade competente, em \u00e2mbito federal, no regular exerc\u00edcio do poder de pol\u00edcia, aplicou \u00e0 [&hellip;]<\/p>\n","protected":false},"author":317,"featured_media":0,"comment_status":"open","ping_status":"closed","sticky":false,"template":"","format":"standard","meta":{"post_tipo":"article","footnotes":""},"categories":[1],"tags":[],"tax_estado":[],"class_list":["post-480161","post","type-post","status-publish","format-standard","hentry","category-cursos-e-concursos"],"acf":[],"yoast_head":"<!-- This site is optimized with the Yoast SEO Premium plugin v27.2 (Yoast SEO v27.2) - https:\/\/yoast.com\/product\/yoast-seo-premium-wordpress\/ -->\n<title>Recurso OAB XXXI Exame - Quest\u00e3o 29 - Direito Administrativo<\/title>\n<meta name=\"description\" content=\"Proposta de recurso quanto \u00e0 quest\u00e3o de n\u00famero 29 da prova da 1a fase do XXXI Exame da OAB. Quest\u00e3o de Direito Administrativo.\" \/>\n<meta name=\"robots\" content=\"index, follow, max-snippet:-1, max-image-preview:large, max-video-preview:-1\" \/>\n<link rel=\"canonical\" href=\"https:\/\/www.estrategiaconcursos.com.br\/blog\/recurso-oab-xxxi-exame-questao-29-direito-administrativo\/\" \/>\n<meta property=\"og:locale\" content=\"pt_BR\" \/>\n<meta property=\"og:type\" content=\"article\" \/>\n<meta property=\"og:title\" content=\"Recurso OAB XXXI Exame - Quest\u00e3o 29 - Direito Administrativo\" \/>\n<meta property=\"og:description\" content=\"Proposta de recurso quanto \u00e0 quest\u00e3o de n\u00famero 29 da prova da 1a fase do XXXI Exame da OAB. Quest\u00e3o de Direito Administrativo.\" \/>\n<meta property=\"og:url\" content=\"https:\/\/www.estrategiaconcursos.com.br\/blog\/recurso-oab-xxxi-exame-questao-29-direito-administrativo\/\" \/>\n<meta property=\"og:site_name\" content=\"Estrat\u00e9gia Concursos\" \/>\n<meta property=\"article:author\" content=\"https:\/\/www.facebook.com\/igor.maciel.1420\" \/>\n<meta property=\"article:published_time\" content=\"2020-02-11T01:48:37+00:00\" \/>\n<meta property=\"article:modified_time\" content=\"2020-02-11T01:48:39+00:00\" \/>\n<meta name=\"author\" content=\"Igor Maciel\" \/>\n<meta name=\"twitter:card\" content=\"summary_large_image\" \/>\n<meta name=\"twitter:creator\" content=\"@EstratConcursos\" \/>\n<meta name=\"twitter:site\" content=\"@EstratConcursos\" \/>\n<meta name=\"twitter:label1\" content=\"Escrito por\" \/>\n\t<meta name=\"twitter:data1\" content=\"Igor Maciel\" \/>\n\t<meta name=\"twitter:label2\" content=\"Est. tempo de leitura\" \/>\n\t<meta name=\"twitter:data2\" content=\"6 minutos\" \/>\n<script type=\"application\/ld+json\" class=\"yoast-schema-graph\">{\"@context\":\"https:\/\/schema.org\",\"@graph\":[{\"@type\":\"NewsArticle\",\"@id\":\"https:\/\/www.estrategiaconcursos.com.br\/blog\/recurso-oab-xxxi-exame-questao-29-direito-administrativo\/#article\",\"isPartOf\":{\"@id\":\"https:\/\/www.estrategiaconcursos.com.br\/blog\/recurso-oab-xxxi-exame-questao-29-direito-administrativo\/\"},\"author\":{\"name\":\"Igor Maciel\",\"@id\":\"https:\/\/www.estrategiaconcursos.com.br\/blog\/#\/schema\/person\/024d26d5efb06d95dfc04025d7301591\"},\"headline\":\"Recurso OAB XXXI Exame &#8211; Quest\u00e3o 29 &#8211; Direito Administrativo\",\"datePublished\":\"2020-02-11T01:48:37+00:00\",\"dateModified\":\"2020-02-11T01:48:39+00:00\",\"mainEntityOfPage\":{\"@id\":\"https:\/\/www.estrategiaconcursos.com.br\/blog\/recurso-oab-xxxi-exame-questao-29-direito-administrativo\/\"},\"wordCount\":1168,\"commentCount\":17,\"publisher\":{\"@id\":\"https:\/\/www.estrategiaconcursos.com.br\/blog\/#organization\"},\"articleSection\":[\"Concursos P\u00fablicos\"],\"inLanguage\":\"pt-BR\",\"potentialAction\":[{\"@type\":\"CommentAction\",\"name\":\"Comment\",\"target\":[\"https:\/\/www.estrategiaconcursos.com.br\/blog\/recurso-oab-xxxi-exame-questao-29-direito-administrativo\/#respond\"]}],\"copyrightYear\":\"2020\",\"copyrightHolder\":{\"@id\":\"https:\/\/www.estrategiaconcursos.com.br\/blog\/#organization\"}},{\"@type\":\"WebPage\",\"@id\":\"https:\/\/www.estrategiaconcursos.com.br\/blog\/recurso-oab-xxxi-exame-questao-29-direito-administrativo\/\",\"url\":\"https:\/\/www.estrategiaconcursos.com.br\/blog\/recurso-oab-xxxi-exame-questao-29-direito-administrativo\/\",\"name\":\"Recurso OAB XXXI Exame - Quest\u00e3o 29 - Direito Administrativo\",\"isPartOf\":{\"@id\":\"https:\/\/www.estrategiaconcursos.com.br\/blog\/#website\"},\"datePublished\":\"2020-02-11T01:48:37+00:00\",\"dateModified\":\"2020-02-11T01:48:39+00:00\",\"description\":\"Proposta de recurso quanto \u00e0 quest\u00e3o de n\u00famero 29 da prova da 1a fase do XXXI Exame da OAB. Quest\u00e3o de Direito Administrativo.\",\"breadcrumb\":{\"@id\":\"https:\/\/www.estrategiaconcursos.com.br\/blog\/recurso-oab-xxxi-exame-questao-29-direito-administrativo\/#breadcrumb\"},\"inLanguage\":\"pt-BR\",\"potentialAction\":[{\"@type\":\"ReadAction\",\"target\":[\"https:\/\/www.estrategiaconcursos.com.br\/blog\/recurso-oab-xxxi-exame-questao-29-direito-administrativo\/\"]}]},{\"@type\":\"BreadcrumbList\",\"@id\":\"https:\/\/www.estrategiaconcursos.com.br\/blog\/recurso-oab-xxxi-exame-questao-29-direito-administrativo\/#breadcrumb\",\"itemListElement\":[{\"@type\":\"ListItem\",\"position\":1,\"name\":\"In\u00edcio\",\"item\":\"https:\/\/www.estrategiaconcursos.com.br\/blog\/\"},{\"@type\":\"ListItem\",\"position\":2,\"name\":\"Recurso OAB XXXI Exame &#8211; Quest\u00e3o 29 &#8211; Direito Administrativo\"}]},{\"@type\":\"WebSite\",\"@id\":\"https:\/\/www.estrategiaconcursos.com.br\/blog\/#website\",\"url\":\"https:\/\/www.estrategiaconcursos.com.br\/blog\/\",\"name\":\"Estrat\u00e9gia Concursos\",\"description\":\"O blog da Estrat\u00e9gia Concursos traz not\u00edcias sobre concursos e artigos de professores oferecendo cursos para concursos (pdf + videaulas) no site.\",\"publisher\":{\"@id\":\"https:\/\/www.estrategiaconcursos.com.br\/blog\/#organization\"},\"potentialAction\":[{\"@type\":\"SearchAction\",\"target\":{\"@type\":\"EntryPoint\",\"urlTemplate\":\"https:\/\/www.estrategiaconcursos.com.br\/blog\/?s={search_term_string}\"},\"query-input\":{\"@type\":\"PropertyValueSpecification\",\"valueRequired\":true,\"valueName\":\"search_term_string\"}}],\"inLanguage\":\"pt-BR\"},{\"@type\":\"Organization\",\"@id\":\"https:\/\/www.estrategiaconcursos.com.br\/blog\/#organization\",\"name\":\"Estrat\u00e9gia Concursos\",\"url\":\"https:\/\/www.estrategiaconcursos.com.br\/blog\/\",\"logo\":{\"@type\":\"ImageObject\",\"inLanguage\":\"pt-BR\",\"@id\":\"https:\/\/www.estrategiaconcursos.com.br\/blog\/#\/schema\/logo\/image\/\",\"url\":\"https:\/\/dhg1h5j42swfq.cloudfront.net\/2025\/06\/03203428\/logo_concursos-1.jpg\",\"contentUrl\":\"https:\/\/dhg1h5j42swfq.cloudfront.net\/2025\/06\/03203428\/logo_concursos-1.jpg\",\"width\":230,\"height\":60,\"caption\":\"Estrat\u00e9gia Concursos\"},\"image\":{\"@id\":\"https:\/\/www.estrategiaconcursos.com.br\/blog\/#\/schema\/logo\/image\/\"},\"sameAs\":[\"https:\/\/x.com\/EstratConcursos\"]},{\"@type\":\"Person\",\"@id\":\"https:\/\/www.estrategiaconcursos.com.br\/blog\/#\/schema\/person\/024d26d5efb06d95dfc04025d7301591\",\"name\":\"Igor Maciel\",\"image\":{\"@type\":\"ImageObject\",\"inLanguage\":\"pt-BR\",\"@id\":\"https:\/\/secure.gravatar.com\/avatar\/e983a676af6facf4aebcb2989d49e3bf61b718712d5e7a4b3f355b7fe651bc2f?s=96&d=mm&r=g\",\"url\":\"https:\/\/secure.gravatar.com\/avatar\/e983a676af6facf4aebcb2989d49e3bf61b718712d5e7a4b3f355b7fe651bc2f?s=96&d=mm&r=g\",\"contentUrl\":\"https:\/\/secure.gravatar.com\/avatar\/e983a676af6facf4aebcb2989d49e3bf61b718712d5e7a4b3f355b7fe651bc2f?s=96&d=mm&r=g\",\"caption\":\"Igor Maciel\"},\"description\":\"Graduado na Universidade Federal de Pernambuco, com extens\u00e3o na Universidade de Coimbra\/Portugal. Especialista LLM em Direito Corporativo pelo IBMEC\/RJ. Mestrando em Direito e Pol\u00edticas P\u00fablicas pelo UNICEUB\/DF. Advogado com atua\u00e7\u00e3o profissional centrada no Direito Tribut\u00e1rio e no Direito Administrativo, especialmente na defesa de servidores p\u00fablicos.\",\"sameAs\":[\"http:\/\/www.imaciel.com.br\",\"https:\/\/www.facebook.com\/igor.maciel.1420\"],\"url\":\"https:\/\/www.estrategiaconcursos.com.br\/blog\/author\/contatoimaciel-com-br\/\"}]}<\/script>\n<!-- \/ Yoast SEO Premium plugin. -->","yoast_head_json":{"title":"Recurso OAB XXXI Exame - Quest\u00e3o 29 - Direito Administrativo","description":"Proposta de recurso quanto \u00e0 quest\u00e3o de n\u00famero 29 da prova da 1a fase do XXXI Exame da OAB. Quest\u00e3o de Direito Administrativo.","robots":{"index":"index","follow":"follow","max-snippet":"max-snippet:-1","max-image-preview":"max-image-preview:large","max-video-preview":"max-video-preview:-1"},"canonical":"https:\/\/www.estrategiaconcursos.com.br\/blog\/recurso-oab-xxxi-exame-questao-29-direito-administrativo\/","og_locale":"pt_BR","og_type":"article","og_title":"Recurso OAB XXXI Exame - Quest\u00e3o 29 - Direito Administrativo","og_description":"Proposta de recurso quanto \u00e0 quest\u00e3o de n\u00famero 29 da prova da 1a fase do XXXI Exame da OAB. Quest\u00e3o de Direito Administrativo.","og_url":"https:\/\/www.estrategiaconcursos.com.br\/blog\/recurso-oab-xxxi-exame-questao-29-direito-administrativo\/","og_site_name":"Estrat\u00e9gia Concursos","article_author":"https:\/\/www.facebook.com\/igor.maciel.1420","article_published_time":"2020-02-11T01:48:37+00:00","article_modified_time":"2020-02-11T01:48:39+00:00","author":"Igor Maciel","twitter_card":"summary_large_image","twitter_creator":"@EstratConcursos","twitter_site":"@EstratConcursos","twitter_misc":{"Escrito por":"Igor Maciel","Est. tempo de leitura":"6 minutos"},"schema":{"@context":"https:\/\/schema.org","@graph":[{"@type":"NewsArticle","@id":"https:\/\/www.estrategiaconcursos.com.br\/blog\/recurso-oab-xxxi-exame-questao-29-direito-administrativo\/#article","isPartOf":{"@id":"https:\/\/www.estrategiaconcursos.com.br\/blog\/recurso-oab-xxxi-exame-questao-29-direito-administrativo\/"},"author":{"name":"Igor Maciel","@id":"https:\/\/www.estrategiaconcursos.com.br\/blog\/#\/schema\/person\/024d26d5efb06d95dfc04025d7301591"},"headline":"Recurso OAB XXXI Exame &#8211; Quest\u00e3o 29 &#8211; Direito Administrativo","datePublished":"2020-02-11T01:48:37+00:00","dateModified":"2020-02-11T01:48:39+00:00","mainEntityOfPage":{"@id":"https:\/\/www.estrategiaconcursos.com.br\/blog\/recurso-oab-xxxi-exame-questao-29-direito-administrativo\/"},"wordCount":1168,"commentCount":17,"publisher":{"@id":"https:\/\/www.estrategiaconcursos.com.br\/blog\/#organization"},"articleSection":["Concursos P\u00fablicos"],"inLanguage":"pt-BR","potentialAction":[{"@type":"CommentAction","name":"Comment","target":["https:\/\/www.estrategiaconcursos.com.br\/blog\/recurso-oab-xxxi-exame-questao-29-direito-administrativo\/#respond"]}],"copyrightYear":"2020","copyrightHolder":{"@id":"https:\/\/www.estrategiaconcursos.com.br\/blog\/#organization"}},{"@type":"WebPage","@id":"https:\/\/www.estrategiaconcursos.com.br\/blog\/recurso-oab-xxxi-exame-questao-29-direito-administrativo\/","url":"https:\/\/www.estrategiaconcursos.com.br\/blog\/recurso-oab-xxxi-exame-questao-29-direito-administrativo\/","name":"Recurso OAB XXXI Exame - Quest\u00e3o 29 - Direito Administrativo","isPartOf":{"@id":"https:\/\/www.estrategiaconcursos.com.br\/blog\/#website"},"datePublished":"2020-02-11T01:48:37+00:00","dateModified":"2020-02-11T01:48:39+00:00","description":"Proposta de recurso quanto \u00e0 quest\u00e3o de n\u00famero 29 da prova da 1a fase do XXXI Exame da OAB. Quest\u00e3o de Direito Administrativo.","breadcrumb":{"@id":"https:\/\/www.estrategiaconcursos.com.br\/blog\/recurso-oab-xxxi-exame-questao-29-direito-administrativo\/#breadcrumb"},"inLanguage":"pt-BR","potentialAction":[{"@type":"ReadAction","target":["https:\/\/www.estrategiaconcursos.com.br\/blog\/recurso-oab-xxxi-exame-questao-29-direito-administrativo\/"]}]},{"@type":"BreadcrumbList","@id":"https:\/\/www.estrategiaconcursos.com.br\/blog\/recurso-oab-xxxi-exame-questao-29-direito-administrativo\/#breadcrumb","itemListElement":[{"@type":"ListItem","position":1,"name":"In\u00edcio","item":"https:\/\/www.estrategiaconcursos.com.br\/blog\/"},{"@type":"ListItem","position":2,"name":"Recurso OAB XXXI Exame &#8211; Quest\u00e3o 29 &#8211; Direito Administrativo"}]},{"@type":"WebSite","@id":"https:\/\/www.estrategiaconcursos.com.br\/blog\/#website","url":"https:\/\/www.estrategiaconcursos.com.br\/blog\/","name":"Estrat\u00e9gia Concursos","description":"O blog da Estrat\u00e9gia Concursos traz not\u00edcias sobre concursos e artigos de professores oferecendo cursos para concursos (pdf + videaulas) no site.","publisher":{"@id":"https:\/\/www.estrategiaconcursos.com.br\/blog\/#organization"},"potentialAction":[{"@type":"SearchAction","target":{"@type":"EntryPoint","urlTemplate":"https:\/\/www.estrategiaconcursos.com.br\/blog\/?s={search_term_string}"},"query-input":{"@type":"PropertyValueSpecification","valueRequired":true,"valueName":"search_term_string"}}],"inLanguage":"pt-BR"},{"@type":"Organization","@id":"https:\/\/www.estrategiaconcursos.com.br\/blog\/#organization","name":"Estrat\u00e9gia Concursos","url":"https:\/\/www.estrategiaconcursos.com.br\/blog\/","logo":{"@type":"ImageObject","inLanguage":"pt-BR","@id":"https:\/\/www.estrategiaconcursos.com.br\/blog\/#\/schema\/logo\/image\/","url":"https:\/\/dhg1h5j42swfq.cloudfront.net\/2025\/06\/03203428\/logo_concursos-1.jpg","contentUrl":"https:\/\/dhg1h5j42swfq.cloudfront.net\/2025\/06\/03203428\/logo_concursos-1.jpg","width":230,"height":60,"caption":"Estrat\u00e9gia Concursos"},"image":{"@id":"https:\/\/www.estrategiaconcursos.com.br\/blog\/#\/schema\/logo\/image\/"},"sameAs":["https:\/\/x.com\/EstratConcursos"]},{"@type":"Person","@id":"https:\/\/www.estrategiaconcursos.com.br\/blog\/#\/schema\/person\/024d26d5efb06d95dfc04025d7301591","name":"Igor Maciel","image":{"@type":"ImageObject","inLanguage":"pt-BR","@id":"https:\/\/secure.gravatar.com\/avatar\/e983a676af6facf4aebcb2989d49e3bf61b718712d5e7a4b3f355b7fe651bc2f?s=96&d=mm&r=g","url":"https:\/\/secure.gravatar.com\/avatar\/e983a676af6facf4aebcb2989d49e3bf61b718712d5e7a4b3f355b7fe651bc2f?s=96&d=mm&r=g","contentUrl":"https:\/\/secure.gravatar.com\/avatar\/e983a676af6facf4aebcb2989d49e3bf61b718712d5e7a4b3f355b7fe651bc2f?s=96&d=mm&r=g","caption":"Igor Maciel"},"description":"Graduado na Universidade Federal de Pernambuco, com extens\u00e3o na Universidade de Coimbra\/Portugal. Especialista LLM em Direito Corporativo pelo IBMEC\/RJ. Mestrando em Direito e Pol\u00edticas P\u00fablicas pelo UNICEUB\/DF. Advogado com atua\u00e7\u00e3o profissional centrada no Direito Tribut\u00e1rio e no Direito Administrativo, especialmente na defesa de servidores p\u00fablicos.","sameAs":["http:\/\/www.imaciel.com.br","https:\/\/www.facebook.com\/igor.maciel.1420"],"url":"https:\/\/www.estrategiaconcursos.com.br\/blog\/author\/contatoimaciel-com-br\/"}]}},"_links":{"self":[{"href":"https:\/\/www.estrategiaconcursos.com.br\/blog\/wp-json\/wp\/v2\/posts\/480161","targetHints":{"allow":["GET"]}}],"collection":[{"href":"https:\/\/www.estrategiaconcursos.com.br\/blog\/wp-json\/wp\/v2\/posts"}],"about":[{"href":"https:\/\/www.estrategiaconcursos.com.br\/blog\/wp-json\/wp\/v2\/types\/post"}],"author":[{"embeddable":true,"href":"https:\/\/www.estrategiaconcursos.com.br\/blog\/wp-json\/wp\/v2\/users\/317"}],"replies":[{"embeddable":true,"href":"https:\/\/www.estrategiaconcursos.com.br\/blog\/wp-json\/wp\/v2\/comments?post=480161"}],"version-history":[{"count":2,"href":"https:\/\/www.estrategiaconcursos.com.br\/blog\/wp-json\/wp\/v2\/posts\/480161\/revisions"}],"predecessor-version":[{"id":480163,"href":"https:\/\/www.estrategiaconcursos.com.br\/blog\/wp-json\/wp\/v2\/posts\/480161\/revisions\/480163"}],"wp:attachment":[{"href":"https:\/\/www.estrategiaconcursos.com.br\/blog\/wp-json\/wp\/v2\/media?parent=480161"}],"wp:term":[{"taxonomy":"category","embeddable":true,"href":"https:\/\/www.estrategiaconcursos.com.br\/blog\/wp-json\/wp\/v2\/categories?post=480161"},{"taxonomy":"post_tag","embeddable":true,"href":"https:\/\/www.estrategiaconcursos.com.br\/blog\/wp-json\/wp\/v2\/tags?post=480161"},{"taxonomy":"tax_estado","embeddable":true,"href":"https:\/\/www.estrategiaconcursos.com.br\/blog\/wp-json\/wp\/v2\/tax_estado?post=480161"}],"curies":[{"name":"wp","href":"https:\/\/api.w.org\/{rel}","templated":true}]}}