{"id":480115,"date":"2020-02-10T17:17:28","date_gmt":"2020-02-10T20:17:28","guid":{"rendered":"https:\/\/www.estrategiaconcursos.com.br\/blog\/?p=480115"},"modified":"2020-02-10T17:17:30","modified_gmt":"2020-02-10T20:17:30","slug":"argumentos-de-recurso-1a-fase-exame-xxxi-da-oab-processo-penal","status":"publish","type":"post","link":"https:\/\/www.estrategiaconcursos.com.br\/blog\/argumentos-de-recurso-1a-fase-exame-xxxi-da-oab-processo-penal\/","title":{"rendered":"Argumentos de recurso &#8211; 1a fase Exame XXXI da OAB &#8211; Processo Penal"},"content":{"rendered":"\n<p>Caros alunos,<\/p>\n\n\n\n<p>Foi aplicada a prova\nobjetiva do XXXI Exame de Ordem nesse domingo (09.02.2020).<\/p>\n\n\n\n<p>Ao corrigir as quest\u00f5es\nde processo penal, deparei-me com uma quest\u00e3o que possui duas alternativas\ncorretas e, portanto, merece ser anulada.<\/p>\n\n\n\n<p>Abaixo transcrevo a quest\u00e3o,\na resposta do gabarito preliminar da OAB e os argumentos pelos quais a quest\u00e3o\ndeve ser anulada.<\/p>\n\n\n\n<p>Espero que te ajude a\nconseguir a pontua\u00e7\u00e3o para a 2\u00aa fase.<\/p>\n\n\n\n<p><strong>QUEST\u00c3O DE PROCESSO PENAL<\/strong><\/p>\n\n\n\n<p><em>Ricardo foi pronunciado\npela suposta pr\u00e1tica do crime de homic\u00eddio qualificado. No dia anterior \u00e0\nsess\u00e3o plen\u00e1ria do Tribunal do J\u00fari, o defensor p\u00fablico que assistia Ricardo\nat\u00e9 aquele momento acostou ao processo a folha de antecedentes criminais da\nv\u00edtima, mat\u00e9rias jornal\u00edsticas e fotografias que poderiam ser favor\u00e1veis \u00e0\ndefesa do acusado. O Minist\u00e9rio P\u00fablico, em sess\u00e3o plen\u00e1ria, foi surpreendido\npor aquele material do qual n\u00e3o tinha tido ci\u00eancia, mas o juiz presidente manteve\no julgamento para a data agendada e, ap\u00f3s o defensor p\u00fablico mencionar a\ndocumenta\u00e7\u00e3o acostada, Ricardo foi absolvido pelos jurados, em 23\/10\/2018\n(ter\u00e7a-feira). No dia 29\/10\/2018, o Minist\u00e9rio P\u00fablico apresentou recurso de\napela\u00e7\u00e3o, acompanhado das raz\u00f5es recursais, requerendo a realiza\u00e7\u00e3o de novo\nj\u00fari, pois a decis\u00e3o dos jurados havia sido manifestamente contr\u00e1ria \u00e0 prova\ndos autos. O Tribunal de Justi\u00e7a conheceu do recurso interposto e anulou o\njulgamento realizado, determinando nova sess\u00e3o plen\u00e1ria,<\/em><\/p>\n\n\n\n<p><em>sob o fundamento de que a\ndefesa se utilizou em plen\u00e1rio de documentos acostados fora do prazo permitido\npela lei. A fam\u00edlia de Ricardo procura voc\u00ea, como advogado(a), para patrocinar\nos interesses do r\u00e9u.<\/em><\/p>\n\n\n\n<p><em>Considerando as\ninforma\u00e7\u00f5es narradas, voc\u00ea, como advogado(a) de Ricardo, dever\u00e1 questionar a\ndecis\u00e3o do<\/em><\/p>\n\n\n\n<p><em>Tribunal, sob o\nfundamento de que<\/em><\/p>\n\n\n\n<p><em>A) respeitando-se o\nprinc\u00edpio da amplitude de defesa, n\u00e3o existe veda\u00e7\u00e3o legal na juntada e\nutiliza\u00e7\u00e3o em plen\u00e1rio de documenta\u00e7\u00e3o pela defesa no prazo mencionado.<\/em><\/p>\n\n\n\n<p><em>B) diante da nulidade\nreconhecida, caberia ao Tribunal de Justi\u00e7a realizar, diretamente, novo\njulgamento, e n\u00e3o<\/em><\/p>\n\n\n\n<p><em>submeter o r\u00e9u a novo\njulgamento pelo Tribunal do J\u00fari.<\/em><\/p>\n\n\n\n<p><em>C) n\u00e3o poderia o Tribunal\nanular o julgamento com base em nulidade n\u00e3o arguida, mas t\u00e3o s\u00f3 reconhecer, se\nfosse o caso, que a decis\u00e3o dos jurados era manifestamente contr\u00e1ria \u00e0 prova\ndos autos.<\/em><\/p>\n\n\n\n<p><em>D) o recurso foi\napresentado de maneira intempestiva, de modo que sequer deveria ter sido\nconhecido.<\/em><\/p>\n\n\n\n<p><strong>GABARITO DA OAB \u2013 LETRA C<\/strong><\/p>\n\n\n\n<p>Entendemos que essa\nquest\u00e3o merece ser <strong>anulada<\/strong>.<\/p>\n\n\n\n<p>O examinador, ao\nconstruir a alternativa A, para induzir o candidato a erro, utilizou uma\nexpress\u00e3o que acabou por validar a alternativa.<\/p>\n\n\n\n<p>Se a alternativa A\ntivesse como reda\u00e7\u00e3o, <strong>apenas<\/strong> \u201c<em>n\u00e3o existe veda\u00e7\u00e3o legal na juntada e\nutiliza\u00e7\u00e3o em plen\u00e1rio de documenta\u00e7\u00e3o pela defesa no prazo mencionado<\/em>\u201d,\nestaria falsa por violar o prazo de 3 dias \u00fateis antes da sess\u00e3o plen\u00e1ria para\na juntada de documentos (artigo 479 do CPP). <\/p>\n\n\n\n<p>Por\u00e9m, ao iniciar a\nalternativa com \u201crespeitando-se o princ\u00edpio da amplitude de defesa\u201d, ele afasta\na proibi\u00e7\u00e3o legal e coloca o candidato no plano dos princ\u00edpios. E, nesse plano,\nem especial no rito especial do Tribunal do J\u00fari, admite-se a juntada de provas\nno momento da sess\u00e3o, afastando-se a proibi\u00e7\u00e3o legal, em nome da defesa do\nacusado diante do Tribunal Popular. <\/p>\n\n\n\n<p>O advogado, na pr\u00e1tica,\ndiz: \u201cem nome da defesa do acusado diante dos jurados, requer-se a relativiza\u00e7\u00e3o\nda proibi\u00e7\u00e3o da lei usando o princ\u00edpio\u201d.<\/p>\n\n\n\n<p>Trocar plenitude de\ndefesa por amplitude de defesa n\u00e3o torna a alternativa impec\u00e1vel, pois no plano\ndos princ\u00edpios, o que vale \u00e9 a ideia por tr\u00e1s da plena defesa, e n\u00e3o a mera\nterminologia PLENAxAMPLA.<\/p>\n\n\n\n<p>Al\u00e9m do fato de estarmos\nefetivamente em um julgamento na Plen\u00e1ria do J\u00fari, onde vigora o princ\u00edpio da\nplenitude da defesa, mostrando-se ing\u00eanuo e com pouca experi\u00eancia pr\u00e1tica a\npessoa que elaborou a alternativa.<\/p>\n\n\n\n<p>A plenitude ou amplitude\ndefensiva, terminologia indiferente pois estamos no rito do j\u00fari, existe\njustamente para RELATIVIZAR as regras e prazos em favor da defesa.<\/p>\n\n\n\n<p>Assim, em nome da defesa\nno rito do J\u00fari, o prazo de 3 dias pode ser afastado permitindo-se a exibi\u00e7\u00e3o\ndo material para o Conselho de Senten\u00e7a. <\/p>\n\n\n\n<p>Por essa raz\u00e3o,\nentendemos que a quest\u00e3o possui duas respostas certas, devendo ser anulada.<\/p>\n\n\n\n<p>QUEST\u00c3O: 69 da prova azul.<\/p>\n\n\n\n<p>Forte abra\u00e7o, pessoal.<\/p>\n\n\n\n<p>Prof. Ivan Marques<\/p>\n\n\n\n<p>@prof.ivanmarques<\/p>\n","protected":false},"excerpt":{"rendered":"<p>Caros alunos, Foi aplicada a prova objetiva do XXXI Exame de Ordem nesse domingo (09.02.2020). Ao corrigir as quest\u00f5es de processo penal, deparei-me com uma quest\u00e3o que possui duas alternativas corretas e, portanto, merece ser anulada. Abaixo transcrevo a quest\u00e3o, a resposta do gabarito preliminar da OAB e os argumentos pelos quais a quest\u00e3o deve [&hellip;]<\/p>\n","protected":false},"author":1035,"featured_media":0,"comment_status":"open","ping_status":"closed","sticky":false,"template":"","format":"standard","meta":{"post_tipo":"article","footnotes":""},"categories":[1],"tags":[],"tax_estado":[],"class_list":["post-480115","post","type-post","status-publish","format-standard","hentry","category-cursos-e-concursos"],"acf":[],"yoast_head":"<!-- This site is optimized with the Yoast SEO Premium plugin v27.2 (Yoast SEO v27.2) - https:\/\/yoast.com\/product\/yoast-seo-premium-wordpress\/ -->\n<title>Argumentos de recurso - 1a fase Exame XXXI da OAB - Processo Penal<\/title>\n<meta name=\"robots\" content=\"index, follow, max-snippet:-1, max-image-preview:large, max-video-preview:-1\" \/>\n<link rel=\"canonical\" href=\"https:\/\/www.estrategiaconcursos.com.br\/blog\/argumentos-de-recurso-1a-fase-exame-xxxi-da-oab-processo-penal\/\" \/>\n<meta property=\"og:locale\" content=\"pt_BR\" \/>\n<meta property=\"og:type\" content=\"article\" \/>\n<meta property=\"og:title\" content=\"Argumentos de recurso - 1a fase Exame XXXI da OAB - Processo Penal\" \/>\n<meta property=\"og:description\" content=\"Caros alunos, Foi aplicada a prova objetiva do XXXI Exame de Ordem nesse domingo (09.02.2020). Ao corrigir as quest\u00f5es de processo penal, deparei-me com uma quest\u00e3o que possui duas alternativas corretas e, portanto, merece ser anulada. Abaixo transcrevo a quest\u00e3o, a resposta do gabarito preliminar da OAB e os argumentos pelos quais a quest\u00e3o deve [&hellip;]\" \/>\n<meta property=\"og:url\" content=\"https:\/\/www.estrategiaconcursos.com.br\/blog\/argumentos-de-recurso-1a-fase-exame-xxxi-da-oab-processo-penal\/\" \/>\n<meta property=\"og:site_name\" content=\"Estrat\u00e9gia Concursos\" \/>\n<meta property=\"article:published_time\" content=\"2020-02-10T20:17:28+00:00\" \/>\n<meta property=\"article:modified_time\" content=\"2020-02-10T20:17:30+00:00\" \/>\n<meta name=\"author\" content=\"Ivan Lu\u00eds Marques da Silva\" \/>\n<meta name=\"twitter:card\" content=\"summary_large_image\" \/>\n<meta name=\"twitter:creator\" content=\"@EstratConcursos\" \/>\n<meta name=\"twitter:site\" content=\"@EstratConcursos\" \/>\n<meta name=\"twitter:label1\" content=\"Escrito por\" \/>\n\t<meta name=\"twitter:data1\" content=\"Ivan Lu\u00eds Marques da Silva\" \/>\n\t<meta name=\"twitter:label2\" content=\"Est. tempo de leitura\" \/>\n\t<meta name=\"twitter:data2\" content=\"4 minutos\" \/>\n<script type=\"application\/ld+json\" class=\"yoast-schema-graph\">{\"@context\":\"https:\/\/schema.org\",\"@graph\":[{\"@type\":\"NewsArticle\",\"@id\":\"https:\/\/www.estrategiaconcursos.com.br\/blog\/argumentos-de-recurso-1a-fase-exame-xxxi-da-oab-processo-penal\/#article\",\"isPartOf\":{\"@id\":\"https:\/\/www.estrategiaconcursos.com.br\/blog\/argumentos-de-recurso-1a-fase-exame-xxxi-da-oab-processo-penal\/\"},\"author\":{\"name\":\"Ivan Lu\u00eds Marques da Silva\",\"@id\":\"https:\/\/www.estrategiaconcursos.com.br\/blog\/#\/schema\/person\/c65a6625b6df0db05365b719045715a3\"},\"headline\":\"Argumentos de recurso &#8211; 1a fase Exame XXXI da OAB &#8211; Processo Penal\",\"datePublished\":\"2020-02-10T20:17:28+00:00\",\"dateModified\":\"2020-02-10T20:17:30+00:00\",\"mainEntityOfPage\":{\"@id\":\"https:\/\/www.estrategiaconcursos.com.br\/blog\/argumentos-de-recurso-1a-fase-exame-xxxi-da-oab-processo-penal\/\"},\"wordCount\":790,\"commentCount\":3,\"publisher\":{\"@id\":\"https:\/\/www.estrategiaconcursos.com.br\/blog\/#organization\"},\"articleSection\":[\"Concursos P\u00fablicos\"],\"inLanguage\":\"pt-BR\",\"potentialAction\":[{\"@type\":\"CommentAction\",\"name\":\"Comment\",\"target\":[\"https:\/\/www.estrategiaconcursos.com.br\/blog\/argumentos-de-recurso-1a-fase-exame-xxxi-da-oab-processo-penal\/#respond\"]}],\"copyrightYear\":\"2020\",\"copyrightHolder\":{\"@id\":\"https:\/\/www.estrategiaconcursos.com.br\/blog\/#organization\"}},{\"@type\":\"WebPage\",\"@id\":\"https:\/\/www.estrategiaconcursos.com.br\/blog\/argumentos-de-recurso-1a-fase-exame-xxxi-da-oab-processo-penal\/\",\"url\":\"https:\/\/www.estrategiaconcursos.com.br\/blog\/argumentos-de-recurso-1a-fase-exame-xxxi-da-oab-processo-penal\/\",\"name\":\"Argumentos de recurso - 1a fase Exame XXXI da OAB - Processo Penal\",\"isPartOf\":{\"@id\":\"https:\/\/www.estrategiaconcursos.com.br\/blog\/#website\"},\"datePublished\":\"2020-02-10T20:17:28+00:00\",\"dateModified\":\"2020-02-10T20:17:30+00:00\",\"breadcrumb\":{\"@id\":\"https:\/\/www.estrategiaconcursos.com.br\/blog\/argumentos-de-recurso-1a-fase-exame-xxxi-da-oab-processo-penal\/#breadcrumb\"},\"inLanguage\":\"pt-BR\",\"potentialAction\":[{\"@type\":\"ReadAction\",\"target\":[\"https:\/\/www.estrategiaconcursos.com.br\/blog\/argumentos-de-recurso-1a-fase-exame-xxxi-da-oab-processo-penal\/\"]}]},{\"@type\":\"BreadcrumbList\",\"@id\":\"https:\/\/www.estrategiaconcursos.com.br\/blog\/argumentos-de-recurso-1a-fase-exame-xxxi-da-oab-processo-penal\/#breadcrumb\",\"itemListElement\":[{\"@type\":\"ListItem\",\"position\":1,\"name\":\"In\u00edcio\",\"item\":\"https:\/\/www.estrategiaconcursos.com.br\/blog\/\"},{\"@type\":\"ListItem\",\"position\":2,\"name\":\"Argumentos de recurso &#8211; 1a fase Exame XXXI da OAB &#8211; Processo Penal\"}]},{\"@type\":\"WebSite\",\"@id\":\"https:\/\/www.estrategiaconcursos.com.br\/blog\/#website\",\"url\":\"https:\/\/www.estrategiaconcursos.com.br\/blog\/\",\"name\":\"Estrat\u00e9gia Concursos\",\"description\":\"O blog da Estrat\u00e9gia Concursos traz not\u00edcias sobre concursos e artigos de professores oferecendo cursos para concursos (pdf + videaulas) no site.\",\"publisher\":{\"@id\":\"https:\/\/www.estrategiaconcursos.com.br\/blog\/#organization\"},\"potentialAction\":[{\"@type\":\"SearchAction\",\"target\":{\"@type\":\"EntryPoint\",\"urlTemplate\":\"https:\/\/www.estrategiaconcursos.com.br\/blog\/?s={search_term_string}\"},\"query-input\":{\"@type\":\"PropertyValueSpecification\",\"valueRequired\":true,\"valueName\":\"search_term_string\"}}],\"inLanguage\":\"pt-BR\"},{\"@type\":\"Organization\",\"@id\":\"https:\/\/www.estrategiaconcursos.com.br\/blog\/#organization\",\"name\":\"Estrat\u00e9gia Concursos\",\"url\":\"https:\/\/www.estrategiaconcursos.com.br\/blog\/\",\"logo\":{\"@type\":\"ImageObject\",\"inLanguage\":\"pt-BR\",\"@id\":\"https:\/\/www.estrategiaconcursos.com.br\/blog\/#\/schema\/logo\/image\/\",\"url\":\"https:\/\/dhg1h5j42swfq.cloudfront.net\/2025\/06\/03203428\/logo_concursos-1.jpg\",\"contentUrl\":\"https:\/\/dhg1h5j42swfq.cloudfront.net\/2025\/06\/03203428\/logo_concursos-1.jpg\",\"width\":230,\"height\":60,\"caption\":\"Estrat\u00e9gia Concursos\"},\"image\":{\"@id\":\"https:\/\/www.estrategiaconcursos.com.br\/blog\/#\/schema\/logo\/image\/\"},\"sameAs\":[\"https:\/\/x.com\/EstratConcursos\"]},{\"@type\":\"Person\",\"@id\":\"https:\/\/www.estrategiaconcursos.com.br\/blog\/#\/schema\/person\/c65a6625b6df0db05365b719045715a3\",\"name\":\"Ivan Lu\u00eds Marques da Silva\",\"image\":{\"@type\":\"ImageObject\",\"inLanguage\":\"pt-BR\",\"@id\":\"https:\/\/secure.gravatar.com\/avatar\/c44f276cb087f44329bd8340ed85d975fc5cffe441f72623a58b69ca663ab37b?s=96&d=mm&r=g\",\"url\":\"https:\/\/secure.gravatar.com\/avatar\/c44f276cb087f44329bd8340ed85d975fc5cffe441f72623a58b69ca663ab37b?s=96&d=mm&r=g\",\"contentUrl\":\"https:\/\/secure.gravatar.com\/avatar\/c44f276cb087f44329bd8340ed85d975fc5cffe441f72623a58b69ca663ab37b?s=96&d=mm&r=g\",\"caption\":\"Ivan Lu\u00eds Marques da Silva\"},\"url\":\"https:\/\/www.estrategiaconcursos.com.br\/blog\/author\/ivanlmarquesgmail-com\/\"}]}<\/script>\n<!-- \/ Yoast SEO Premium plugin. -->","yoast_head_json":{"title":"Argumentos de recurso - 1a fase Exame XXXI da OAB - Processo Penal","robots":{"index":"index","follow":"follow","max-snippet":"max-snippet:-1","max-image-preview":"max-image-preview:large","max-video-preview":"max-video-preview:-1"},"canonical":"https:\/\/www.estrategiaconcursos.com.br\/blog\/argumentos-de-recurso-1a-fase-exame-xxxi-da-oab-processo-penal\/","og_locale":"pt_BR","og_type":"article","og_title":"Argumentos de recurso - 1a fase Exame XXXI da OAB - Processo Penal","og_description":"Caros alunos, Foi aplicada a prova objetiva do XXXI Exame de Ordem nesse domingo (09.02.2020). Ao corrigir as quest\u00f5es de processo penal, deparei-me com uma quest\u00e3o que possui duas alternativas corretas e, portanto, merece ser anulada. Abaixo transcrevo a quest\u00e3o, a resposta do gabarito preliminar da OAB e os argumentos pelos quais a quest\u00e3o deve [&hellip;]","og_url":"https:\/\/www.estrategiaconcursos.com.br\/blog\/argumentos-de-recurso-1a-fase-exame-xxxi-da-oab-processo-penal\/","og_site_name":"Estrat\u00e9gia Concursos","article_published_time":"2020-02-10T20:17:28+00:00","article_modified_time":"2020-02-10T20:17:30+00:00","author":"Ivan Lu\u00eds Marques da Silva","twitter_card":"summary_large_image","twitter_creator":"@EstratConcursos","twitter_site":"@EstratConcursos","twitter_misc":{"Escrito por":"Ivan Lu\u00eds Marques da Silva","Est. tempo de leitura":"4 minutos"},"schema":{"@context":"https:\/\/schema.org","@graph":[{"@type":"NewsArticle","@id":"https:\/\/www.estrategiaconcursos.com.br\/blog\/argumentos-de-recurso-1a-fase-exame-xxxi-da-oab-processo-penal\/#article","isPartOf":{"@id":"https:\/\/www.estrategiaconcursos.com.br\/blog\/argumentos-de-recurso-1a-fase-exame-xxxi-da-oab-processo-penal\/"},"author":{"name":"Ivan Lu\u00eds Marques da Silva","@id":"https:\/\/www.estrategiaconcursos.com.br\/blog\/#\/schema\/person\/c65a6625b6df0db05365b719045715a3"},"headline":"Argumentos de recurso &#8211; 1a fase Exame XXXI da OAB &#8211; Processo Penal","datePublished":"2020-02-10T20:17:28+00:00","dateModified":"2020-02-10T20:17:30+00:00","mainEntityOfPage":{"@id":"https:\/\/www.estrategiaconcursos.com.br\/blog\/argumentos-de-recurso-1a-fase-exame-xxxi-da-oab-processo-penal\/"},"wordCount":790,"commentCount":3,"publisher":{"@id":"https:\/\/www.estrategiaconcursos.com.br\/blog\/#organization"},"articleSection":["Concursos P\u00fablicos"],"inLanguage":"pt-BR","potentialAction":[{"@type":"CommentAction","name":"Comment","target":["https:\/\/www.estrategiaconcursos.com.br\/blog\/argumentos-de-recurso-1a-fase-exame-xxxi-da-oab-processo-penal\/#respond"]}],"copyrightYear":"2020","copyrightHolder":{"@id":"https:\/\/www.estrategiaconcursos.com.br\/blog\/#organization"}},{"@type":"WebPage","@id":"https:\/\/www.estrategiaconcursos.com.br\/blog\/argumentos-de-recurso-1a-fase-exame-xxxi-da-oab-processo-penal\/","url":"https:\/\/www.estrategiaconcursos.com.br\/blog\/argumentos-de-recurso-1a-fase-exame-xxxi-da-oab-processo-penal\/","name":"Argumentos de recurso - 1a fase Exame XXXI da OAB - Processo Penal","isPartOf":{"@id":"https:\/\/www.estrategiaconcursos.com.br\/blog\/#website"},"datePublished":"2020-02-10T20:17:28+00:00","dateModified":"2020-02-10T20:17:30+00:00","breadcrumb":{"@id":"https:\/\/www.estrategiaconcursos.com.br\/blog\/argumentos-de-recurso-1a-fase-exame-xxxi-da-oab-processo-penal\/#breadcrumb"},"inLanguage":"pt-BR","potentialAction":[{"@type":"ReadAction","target":["https:\/\/www.estrategiaconcursos.com.br\/blog\/argumentos-de-recurso-1a-fase-exame-xxxi-da-oab-processo-penal\/"]}]},{"@type":"BreadcrumbList","@id":"https:\/\/www.estrategiaconcursos.com.br\/blog\/argumentos-de-recurso-1a-fase-exame-xxxi-da-oab-processo-penal\/#breadcrumb","itemListElement":[{"@type":"ListItem","position":1,"name":"In\u00edcio","item":"https:\/\/www.estrategiaconcursos.com.br\/blog\/"},{"@type":"ListItem","position":2,"name":"Argumentos de recurso &#8211; 1a fase Exame XXXI da OAB &#8211; Processo Penal"}]},{"@type":"WebSite","@id":"https:\/\/www.estrategiaconcursos.com.br\/blog\/#website","url":"https:\/\/www.estrategiaconcursos.com.br\/blog\/","name":"Estrat\u00e9gia Concursos","description":"O blog da Estrat\u00e9gia Concursos traz not\u00edcias sobre concursos e artigos de professores oferecendo cursos para concursos (pdf + videaulas) no site.","publisher":{"@id":"https:\/\/www.estrategiaconcursos.com.br\/blog\/#organization"},"potentialAction":[{"@type":"SearchAction","target":{"@type":"EntryPoint","urlTemplate":"https:\/\/www.estrategiaconcursos.com.br\/blog\/?s={search_term_string}"},"query-input":{"@type":"PropertyValueSpecification","valueRequired":true,"valueName":"search_term_string"}}],"inLanguage":"pt-BR"},{"@type":"Organization","@id":"https:\/\/www.estrategiaconcursos.com.br\/blog\/#organization","name":"Estrat\u00e9gia Concursos","url":"https:\/\/www.estrategiaconcursos.com.br\/blog\/","logo":{"@type":"ImageObject","inLanguage":"pt-BR","@id":"https:\/\/www.estrategiaconcursos.com.br\/blog\/#\/schema\/logo\/image\/","url":"https:\/\/dhg1h5j42swfq.cloudfront.net\/2025\/06\/03203428\/logo_concursos-1.jpg","contentUrl":"https:\/\/dhg1h5j42swfq.cloudfront.net\/2025\/06\/03203428\/logo_concursos-1.jpg","width":230,"height":60,"caption":"Estrat\u00e9gia Concursos"},"image":{"@id":"https:\/\/www.estrategiaconcursos.com.br\/blog\/#\/schema\/logo\/image\/"},"sameAs":["https:\/\/x.com\/EstratConcursos"]},{"@type":"Person","@id":"https:\/\/www.estrategiaconcursos.com.br\/blog\/#\/schema\/person\/c65a6625b6df0db05365b719045715a3","name":"Ivan Lu\u00eds Marques da Silva","image":{"@type":"ImageObject","inLanguage":"pt-BR","@id":"https:\/\/secure.gravatar.com\/avatar\/c44f276cb087f44329bd8340ed85d975fc5cffe441f72623a58b69ca663ab37b?s=96&d=mm&r=g","url":"https:\/\/secure.gravatar.com\/avatar\/c44f276cb087f44329bd8340ed85d975fc5cffe441f72623a58b69ca663ab37b?s=96&d=mm&r=g","contentUrl":"https:\/\/secure.gravatar.com\/avatar\/c44f276cb087f44329bd8340ed85d975fc5cffe441f72623a58b69ca663ab37b?s=96&d=mm&r=g","caption":"Ivan Lu\u00eds Marques da Silva"},"url":"https:\/\/www.estrategiaconcursos.com.br\/blog\/author\/ivanlmarquesgmail-com\/"}]}},"_links":{"self":[{"href":"https:\/\/www.estrategiaconcursos.com.br\/blog\/wp-json\/wp\/v2\/posts\/480115","targetHints":{"allow":["GET"]}}],"collection":[{"href":"https:\/\/www.estrategiaconcursos.com.br\/blog\/wp-json\/wp\/v2\/posts"}],"about":[{"href":"https:\/\/www.estrategiaconcursos.com.br\/blog\/wp-json\/wp\/v2\/types\/post"}],"author":[{"embeddable":true,"href":"https:\/\/www.estrategiaconcursos.com.br\/blog\/wp-json\/wp\/v2\/users\/1035"}],"replies":[{"embeddable":true,"href":"https:\/\/www.estrategiaconcursos.com.br\/blog\/wp-json\/wp\/v2\/comments?post=480115"}],"version-history":[{"count":1,"href":"https:\/\/www.estrategiaconcursos.com.br\/blog\/wp-json\/wp\/v2\/posts\/480115\/revisions"}],"predecessor-version":[{"id":480117,"href":"https:\/\/www.estrategiaconcursos.com.br\/blog\/wp-json\/wp\/v2\/posts\/480115\/revisions\/480117"}],"wp:attachment":[{"href":"https:\/\/www.estrategiaconcursos.com.br\/blog\/wp-json\/wp\/v2\/media?parent=480115"}],"wp:term":[{"taxonomy":"category","embeddable":true,"href":"https:\/\/www.estrategiaconcursos.com.br\/blog\/wp-json\/wp\/v2\/categories?post=480115"},{"taxonomy":"post_tag","embeddable":true,"href":"https:\/\/www.estrategiaconcursos.com.br\/blog\/wp-json\/wp\/v2\/tags?post=480115"},{"taxonomy":"tax_estado","embeddable":true,"href":"https:\/\/www.estrategiaconcursos.com.br\/blog\/wp-json\/wp\/v2\/tax_estado?post=480115"}],"curies":[{"name":"wp","href":"https:\/\/api.w.org\/{rel}","templated":true}]}}