{"id":480088,"date":"2020-02-14T16:00:00","date_gmt":"2020-02-14T19:00:00","guid":{"rendered":"https:\/\/www.estrategiaconcursos.com.br\/blog\/?p=480088"},"modified":"2023-07-06T13:32:38","modified_gmt":"2023-07-06T16:32:38","slug":"revisao-de-vespera-do-concurso-iss-governador-valadares","status":"publish","type":"post","link":"https:\/\/www.estrategiaconcursos.com.br\/blog\/revisao-de-vespera-do-concurso-iss-governador-valadares\/","title":{"rendered":"Revis\u00e3o de V\u00e9spera do concurso ISS Governador Valadares"},"content":{"rendered":"\n<p>Neste domingo, 16 de fevereiro, acontecem as provas objetivas do concurso p\u00fablico do ISS Governador Valadares. Mesmo sem conseguirmos realizar um aul\u00e3o presencial para revis\u00e3o dos estudos, n\u00e3o poder\u00edamos deixar de preparar um evento especial para esse t\u00e3o aguardado certame. <\/p>\n\n\n\n<p>Conforme dados extra\u00eddos do Portal da Transpar\u00eancia da Prefeitura de Governador Valadares, as remunera\u00e7\u00f5es pagas, atualmente, aos servidores do cargo de Auditor Fiscal, giram em torno de R$ 15.000,00 (m\u00ednimo) e R$<br \/> 30.000,00 (m\u00e1ximo).<\/p>\n\n\n\n<p>Para conquistar uma remunera\u00e7\u00e3o assim, certamente o concurso ser\u00e1 muito disputado. Sabendo disso, n\u00e3o poder\u00edamos deixar de realizar uma verdadeira Revis\u00e3o de V\u00e9spera com todos os detalhes para esse importante concurso para o cargo de Auditor Fiscal do Munic\u00edpio de Governador Valadares.<\/p>\n\n\n\n<p>Na v\u00e9spera de uma prova, ainda mais quando a vaga pode significar a sua independ\u00eancia financeira, muitos candidatos deixam de revisar pontos valiosos que podem custar a aprova\u00e7\u00e3o. N\u00e3o podemos deixar isso acontecer com voc\u00eas!<\/p>\n\n\n\n<p>Aproveite todas as dicas dos nossos professores, focando no modelo de prova da banca MSM Consultoria e Projetos. Neste <strong>s\u00e1bado, 15 de fevereiro, a partir das 8h<\/strong> (hor\u00e1rio de Bras\u00edlia), voc\u00eas est\u00e3o convidados a participar de um dia inteiro com muitas dicas e macetes para arrebentarem na prova do ISS Governador Valadares.<\/p>\n\n\n\n<h3 class=\"wp-block-heading\" id=\"h-confira-abaixo-o-cronograma-completo-das-aulas\">Confira abaixo o cronograma completo das aulas:<\/h3>\n\n\n\n<figure class=\"wp-block-table is-style-stripes\"><table class=\"has-background has-fixed-layout\" style=\"background-color:#e7f5fe\"><tbody><tr><td><strong>Professor&nbsp;<\/strong><\/td><td><strong>Disciplina&nbsp;<\/strong><\/td><td><strong>Hor\u00e1rio&nbsp;<\/strong><\/td><\/tr><tr><td>Adriana Figueiredo<\/td><td>Portugu\u00eas<\/td><td>08h \u00e0s 09h<\/td><\/tr><tr><td>Renato da Costa<\/td><td>Inform\u00e1tica<\/td><td>09h \u00e0s 10h<\/td><\/tr><tr><td>F\u00e1bio Dutra<\/td><td>Direito Tribut\u00e1rio<\/td><td>10h \u00e0s 10h50<\/td><\/tr><tr><td>Wagner Damazio<\/td><td>Legisla\u00e7\u00e3o Tribut\u00e1ria<\/td><td>10h50 \u00e0s 11h40<\/td><\/tr><tr><td>Gilmar Possati<\/td><td>Contabilidade Geral<\/td><td>11h40 \u00e0s 12h30<\/td><\/tr><tr><td><strong>\u2014\u2014\u2014\u2014\u2014\u2014\u2014<\/strong><\/td><td><strong>INTERVALO<\/strong><\/td><td><strong>\u2014\u2014\u2014\u2014\u2014\u2014\u2014<\/strong><\/td><\/tr><tr><td>Gilmar Possati<\/td><td>Contabilidade P\u00fablica<\/td><td>13h30 \u00e0s 14h30<\/td><\/tr><tr><td>Tonyvan Carvalho<\/td><td>Auditoria<\/td><td>14h30 \u00e0s 15h30<\/td><\/tr><tr><td>Celso Natale<\/td><td>Economia e Finan\u00e7as P\u00fablicas<\/td><td>15h30 \u00e0s 16h30<\/td><\/tr><tr><td>Paulo Sousa<\/td><td>Direito Civil<\/td><td>16h30 \u00e0s 17h<\/td><\/tr><tr><td>Cadu Carrilho<\/td><td>Direito Empresarial<\/td><td>17h \u00e0s 17h30<\/td><\/tr><tr><td>Rodrigo Renn\u00f3<\/td><td>Administra\u00e7\u00e3o<\/td><td>17h30 \u00e0s 18h<\/td><\/tr><\/tbody><\/table><\/figure>\n\n\n\n<p class=\"has-text-align-center has-very-light-gray-background-color has-background\" style=\"font-size:clamp(14.082px, 0.88rem + ((1vw - 3.2px) * 0.678), 21px);px\"><strong>Saiba mais: <a href=\"https:\/\/www.estrategiaconcursos.com.br\/blog\/concurso-iss-governador-valadares\/\" target=\"_blank\" rel=\"noreferrer noopener\" aria-label=\"Concurso ISS Governador Valadares (abre numa nova aba)\">Concurso ISS Governador Valadares<\/a><\/strong><\/p>\n\n\n\n<hr class=\"wp-block-separator has-css-opacity\"\/>\n\n\n\n<p class=\"has-text-align-center has-medium-font-size\"><em><strong>Assinatura Anual Ilimitada*<\/strong><\/em><\/p>\n\n\n\n<p class=\"has-text-align-center\"><em>Prepare-se com o melhor material e com quem mais aprova em Concursos P\u00fablicos em todo o pa\u00eds. Assine agora a nossa Assinatura Anual e tenha acesso ilimitado* a todos os nossos cursos.<\/em><\/p>\n\n\n\n<p class=\"has-text-align-center has-luminous-vivid-amber-background-color has-background\" style=\"font-size:clamp(14.642px, 0.915rem + ((1vw - 3.2px) * 0.721), 22px);px\"><strong>ASSINE AGORA<\/strong>&nbsp;\u2013&nbsp;<strong><a rel=\"noreferrer noopener\" href=\"https:\/\/www.estrategiaconcursos.com.br\/assinaturas\" target=\"_blank\">Assinatura Ilimitada<\/a><\/strong><\/p>\n\n\n\n<p class=\"has-text-align-center has-medium-font-size\"><strong><em>Fique por dentro de todos os concursos<\/em><\/strong><\/p>\n\n\n\n<p class=\"has-text-align-center has-pale-cyan-blue-background-color has-background\" style=\"font-size:clamp(14.642px, 0.915rem + ((1vw - 3.2px) * 0.721), 22px);px\"><a href=\"https:\/\/www.estrategiaconcursos.com.br\/blog\/concursos-abertos\/\" target=\"_blank\" rel=\"noreferrer noopener\"><strong>CONCURSOS ABERTOS<\/strong><\/a><\/p>\n","protected":false},"excerpt":{"rendered":"<p>Neste domingo, 16 de fevereiro, acontecem as provas objetivas do concurso p\u00fablico do ISS Governador Valadares. Mesmo sem conseguirmos realizar um aul\u00e3o presencial para revis\u00e3o dos estudos, n\u00e3o poder\u00edamos deixar de preparar um evento especial para esse t\u00e3o aguardado certame. Conforme dados extra\u00eddos do Portal da Transpar\u00eancia da Prefeitura de Governador Valadares, as remunera\u00e7\u00f5es pagas, [&hellip;]<\/p>\n","protected":false},"author":1186,"featured_media":480842,"comment_status":"open","ping_status":"closed","sticky":false,"template":"","format":"standard","meta":{"post_tipo":"article","footnotes":""},"categories":[1],"tags":[],"tax_estado":[],"class_list":["post-480088","post","type-post","status-publish","format-standard","has-post-thumbnail","hentry","category-cursos-e-concursos"],"acf":[],"yoast_head":"<!-- This site is optimized with the Yoast SEO Premium plugin v27.2 (Yoast SEO v27.2) - https:\/\/yoast.com\/product\/yoast-seo-premium-wordpress\/ -->\n<title>Revis\u00e3o de V\u00e9spera do concurso ISS Governador Valadares<\/title>\n<meta name=\"robots\" content=\"index, follow, max-snippet:-1, max-image-preview:large, max-video-preview:-1\" \/>\n<link rel=\"canonical\" href=\"https:\/\/www.estrategiaconcursos.com.br\/blog\/revisao-de-vespera-do-concurso-iss-governador-valadares\/\" \/>\n<meta property=\"og:locale\" content=\"pt_BR\" \/>\n<meta property=\"og:type\" content=\"article\" \/>\n<meta property=\"og:title\" content=\"Revis\u00e3o de V\u00e9spera do concurso ISS Governador Valadares\" \/>\n<meta property=\"og:description\" content=\"Neste domingo, 16 de fevereiro, acontecem as provas objetivas do concurso p\u00fablico do ISS Governador Valadares. Mesmo sem conseguirmos realizar um aul\u00e3o presencial para revis\u00e3o dos estudos, n\u00e3o poder\u00edamos deixar de preparar um evento especial para esse t\u00e3o aguardado certame. Conforme dados extra\u00eddos do Portal da Transpar\u00eancia da Prefeitura de Governador Valadares, as remunera\u00e7\u00f5es pagas, [&hellip;]\" \/>\n<meta property=\"og:url\" content=\"https:\/\/www.estrategiaconcursos.com.br\/blog\/revisao-de-vespera-do-concurso-iss-governador-valadares\/\" \/>\n<meta property=\"og:site_name\" content=\"Estrat\u00e9gia Concursos\" \/>\n<meta property=\"article:published_time\" content=\"2020-02-14T19:00:00+00:00\" \/>\n<meta property=\"article:modified_time\" content=\"2023-07-06T16:32:38+00:00\" \/>\n<meta property=\"og:image\" content=\"https:\/\/dhg1h5j42swfq.cloudfront.net\/2020\/02\/12120108\/YTB_ISS-GOV.-VALADARES.jpg\" \/>\n\t<meta property=\"og:image:width\" content=\"1280\" \/>\n\t<meta property=\"og:image:height\" content=\"720\" \/>\n\t<meta property=\"og:image:type\" content=\"image\/jpeg\" \/>\n<meta name=\"author\" content=\"Celso Natale\" \/>\n<meta name=\"twitter:card\" content=\"summary_large_image\" \/>\n<meta name=\"twitter:creator\" content=\"@EstratConcursos\" \/>\n<meta name=\"twitter:site\" content=\"@EstratConcursos\" \/>\n<meta name=\"twitter:label1\" content=\"Escrito por\" \/>\n\t<meta name=\"twitter:data1\" content=\"Celso Natale\" \/>\n\t<meta name=\"twitter:label2\" content=\"Est. tempo de leitura\" \/>\n\t<meta name=\"twitter:data2\" content=\"2 minutos\" \/>\n<script type=\"application\/ld+json\" class=\"yoast-schema-graph\">{\"@context\":\"https:\/\/schema.org\",\"@graph\":[{\"@type\":\"NewsArticle\",\"@id\":\"https:\/\/www.estrategiaconcursos.com.br\/blog\/revisao-de-vespera-do-concurso-iss-governador-valadares\/#article\",\"isPartOf\":{\"@id\":\"https:\/\/www.estrategiaconcursos.com.br\/blog\/revisao-de-vespera-do-concurso-iss-governador-valadares\/\"},\"author\":{\"name\":\"Celso Natale\",\"@id\":\"https:\/\/www.estrategiaconcursos.com.br\/blog\/#\/schema\/person\/8d088d35995a851f83b2256633153f3b\"},\"headline\":\"Revis\u00e3o de V\u00e9spera do concurso ISS Governador Valadares\",\"datePublished\":\"2020-02-14T19:00:00+00:00\",\"dateModified\":\"2023-07-06T16:32:38+00:00\",\"mainEntityOfPage\":{\"@id\":\"https:\/\/www.estrategiaconcursos.com.br\/blog\/revisao-de-vespera-do-concurso-iss-governador-valadares\/\"},\"wordCount\":395,\"commentCount\":0,\"publisher\":{\"@id\":\"https:\/\/www.estrategiaconcursos.com.br\/blog\/#organization\"},\"image\":{\"@id\":\"https:\/\/www.estrategiaconcursos.com.br\/blog\/revisao-de-vespera-do-concurso-iss-governador-valadares\/#primaryimage\"},\"thumbnailUrl\":\"https:\/\/dhg1h5j42swfq.cloudfront.net\/2020\/02\/12120108\/YTB_ISS-GOV.-VALADARES.jpg\",\"articleSection\":[\"Concursos P\u00fablicos\"],\"inLanguage\":\"pt-BR\",\"potentialAction\":[{\"@type\":\"CommentAction\",\"name\":\"Comment\",\"target\":[\"https:\/\/www.estrategiaconcursos.com.br\/blog\/revisao-de-vespera-do-concurso-iss-governador-valadares\/#respond\"]}],\"copyrightYear\":\"2020\",\"copyrightHolder\":{\"@id\":\"https:\/\/www.estrategiaconcursos.com.br\/blog\/#organization\"}},{\"@type\":\"WebPage\",\"@id\":\"https:\/\/www.estrategiaconcursos.com.br\/blog\/revisao-de-vespera-do-concurso-iss-governador-valadares\/\",\"url\":\"https:\/\/www.estrategiaconcursos.com.br\/blog\/revisao-de-vespera-do-concurso-iss-governador-valadares\/\",\"name\":\"Revis\u00e3o de V\u00e9spera do concurso ISS Governador Valadares\",\"isPartOf\":{\"@id\":\"https:\/\/www.estrategiaconcursos.com.br\/blog\/#website\"},\"primaryImageOfPage\":{\"@id\":\"https:\/\/www.estrategiaconcursos.com.br\/blog\/revisao-de-vespera-do-concurso-iss-governador-valadares\/#primaryimage\"},\"image\":{\"@id\":\"https:\/\/www.estrategiaconcursos.com.br\/blog\/revisao-de-vespera-do-concurso-iss-governador-valadares\/#primaryimage\"},\"thumbnailUrl\":\"https:\/\/dhg1h5j42swfq.cloudfront.net\/2020\/02\/12120108\/YTB_ISS-GOV.-VALADARES.jpg\",\"datePublished\":\"2020-02-14T19:00:00+00:00\",\"dateModified\":\"2023-07-06T16:32:38+00:00\",\"breadcrumb\":{\"@id\":\"https:\/\/www.estrategiaconcursos.com.br\/blog\/revisao-de-vespera-do-concurso-iss-governador-valadares\/#breadcrumb\"},\"inLanguage\":\"pt-BR\",\"potentialAction\":[{\"@type\":\"ReadAction\",\"target\":[\"https:\/\/www.estrategiaconcursos.com.br\/blog\/revisao-de-vespera-do-concurso-iss-governador-valadares\/\"]}]},{\"@type\":\"ImageObject\",\"inLanguage\":\"pt-BR\",\"@id\":\"https:\/\/www.estrategiaconcursos.com.br\/blog\/revisao-de-vespera-do-concurso-iss-governador-valadares\/#primaryimage\",\"url\":\"https:\/\/dhg1h5j42swfq.cloudfront.net\/2020\/02\/12120108\/YTB_ISS-GOV.-VALADARES.jpg\",\"contentUrl\":\"https:\/\/dhg1h5j42swfq.cloudfront.net\/2020\/02\/12120108\/YTB_ISS-GOV.-VALADARES.jpg\",\"width\":1280,\"height\":720},{\"@type\":\"BreadcrumbList\",\"@id\":\"https:\/\/www.estrategiaconcursos.com.br\/blog\/revisao-de-vespera-do-concurso-iss-governador-valadares\/#breadcrumb\",\"itemListElement\":[{\"@type\":\"ListItem\",\"position\":1,\"name\":\"In\u00edcio\",\"item\":\"https:\/\/www.estrategiaconcursos.com.br\/blog\/\"},{\"@type\":\"ListItem\",\"position\":2,\"name\":\"Revis\u00e3o de V\u00e9spera do concurso ISS Governador Valadares\"}]},{\"@type\":\"WebSite\",\"@id\":\"https:\/\/www.estrategiaconcursos.com.br\/blog\/#website\",\"url\":\"https:\/\/www.estrategiaconcursos.com.br\/blog\/\",\"name\":\"Estrat\u00e9gia Concursos\",\"description\":\"O blog da Estrat\u00e9gia Concursos traz not\u00edcias sobre concursos e artigos de professores oferecendo cursos para concursos (pdf + videaulas) no site.\",\"publisher\":{\"@id\":\"https:\/\/www.estrategiaconcursos.com.br\/blog\/#organization\"},\"potentialAction\":[{\"@type\":\"SearchAction\",\"target\":{\"@type\":\"EntryPoint\",\"urlTemplate\":\"https:\/\/www.estrategiaconcursos.com.br\/blog\/?s={search_term_string}\"},\"query-input\":{\"@type\":\"PropertyValueSpecification\",\"valueRequired\":true,\"valueName\":\"search_term_string\"}}],\"inLanguage\":\"pt-BR\"},{\"@type\":\"Organization\",\"@id\":\"https:\/\/www.estrategiaconcursos.com.br\/blog\/#organization\",\"name\":\"Estrat\u00e9gia Concursos\",\"url\":\"https:\/\/www.estrategiaconcursos.com.br\/blog\/\",\"logo\":{\"@type\":\"ImageObject\",\"inLanguage\":\"pt-BR\",\"@id\":\"https:\/\/www.estrategiaconcursos.com.br\/blog\/#\/schema\/logo\/image\/\",\"url\":\"https:\/\/dhg1h5j42swfq.cloudfront.net\/2025\/06\/03203428\/logo_concursos-1.jpg\",\"contentUrl\":\"https:\/\/dhg1h5j42swfq.cloudfront.net\/2025\/06\/03203428\/logo_concursos-1.jpg\",\"width\":230,\"height\":60,\"caption\":\"Estrat\u00e9gia Concursos\"},\"image\":{\"@id\":\"https:\/\/www.estrategiaconcursos.com.br\/blog\/#\/schema\/logo\/image\/\"},\"sameAs\":[\"https:\/\/x.com\/EstratConcursos\"]},{\"@type\":\"Person\",\"@id\":\"https:\/\/www.estrategiaconcursos.com.br\/blog\/#\/schema\/person\/8d088d35995a851f83b2256633153f3b\",\"name\":\"Celso Natale\",\"image\":{\"@type\":\"ImageObject\",\"inLanguage\":\"pt-BR\",\"@id\":\"https:\/\/secure.gravatar.com\/avatar\/c8fbdcaa043a22980f0e38d9de732508e2163cd4ee3835f9403347be9a456cc8?s=96&d=mm&r=g\",\"url\":\"https:\/\/secure.gravatar.com\/avatar\/c8fbdcaa043a22980f0e38d9de732508e2163cd4ee3835f9403347be9a456cc8?s=96&d=mm&r=g\",\"contentUrl\":\"https:\/\/secure.gravatar.com\/avatar\/c8fbdcaa043a22980f0e38d9de732508e2163cd4ee3835f9403347be9a456cc8?s=96&d=mm&r=g\",\"caption\":\"Celso Natale\"},\"url\":\"https:\/\/www.estrategiaconcursos.com.br\/blog\/author\/celsonatalegmail-com\/\"}]}<\/script>\n<!-- \/ Yoast SEO Premium plugin. -->","yoast_head_json":{"title":"Revis\u00e3o de V\u00e9spera do concurso ISS Governador Valadares","robots":{"index":"index","follow":"follow","max-snippet":"max-snippet:-1","max-image-preview":"max-image-preview:large","max-video-preview":"max-video-preview:-1"},"canonical":"https:\/\/www.estrategiaconcursos.com.br\/blog\/revisao-de-vespera-do-concurso-iss-governador-valadares\/","og_locale":"pt_BR","og_type":"article","og_title":"Revis\u00e3o de V\u00e9spera do concurso ISS Governador Valadares","og_description":"Neste domingo, 16 de fevereiro, acontecem as provas objetivas do concurso p\u00fablico do ISS Governador Valadares. Mesmo sem conseguirmos realizar um aul\u00e3o presencial para revis\u00e3o dos estudos, n\u00e3o poder\u00edamos deixar de preparar um evento especial para esse t\u00e3o aguardado certame. Conforme dados extra\u00eddos do Portal da Transpar\u00eancia da Prefeitura de Governador Valadares, as remunera\u00e7\u00f5es pagas, [&hellip;]","og_url":"https:\/\/www.estrategiaconcursos.com.br\/blog\/revisao-de-vespera-do-concurso-iss-governador-valadares\/","og_site_name":"Estrat\u00e9gia Concursos","article_published_time":"2020-02-14T19:00:00+00:00","article_modified_time":"2023-07-06T16:32:38+00:00","og_image":[{"width":1280,"height":720,"url":"https:\/\/dhg1h5j42swfq.cloudfront.net\/2020\/02\/12120108\/YTB_ISS-GOV.-VALADARES.jpg","type":"image\/jpeg"}],"author":"Celso Natale","twitter_card":"summary_large_image","twitter_creator":"@EstratConcursos","twitter_site":"@EstratConcursos","twitter_misc":{"Escrito por":"Celso Natale","Est. tempo de leitura":"2 minutos"},"schema":{"@context":"https:\/\/schema.org","@graph":[{"@type":"NewsArticle","@id":"https:\/\/www.estrategiaconcursos.com.br\/blog\/revisao-de-vespera-do-concurso-iss-governador-valadares\/#article","isPartOf":{"@id":"https:\/\/www.estrategiaconcursos.com.br\/blog\/revisao-de-vespera-do-concurso-iss-governador-valadares\/"},"author":{"name":"Celso Natale","@id":"https:\/\/www.estrategiaconcursos.com.br\/blog\/#\/schema\/person\/8d088d35995a851f83b2256633153f3b"},"headline":"Revis\u00e3o de V\u00e9spera do concurso ISS Governador Valadares","datePublished":"2020-02-14T19:00:00+00:00","dateModified":"2023-07-06T16:32:38+00:00","mainEntityOfPage":{"@id":"https:\/\/www.estrategiaconcursos.com.br\/blog\/revisao-de-vespera-do-concurso-iss-governador-valadares\/"},"wordCount":395,"commentCount":0,"publisher":{"@id":"https:\/\/www.estrategiaconcursos.com.br\/blog\/#organization"},"image":{"@id":"https:\/\/www.estrategiaconcursos.com.br\/blog\/revisao-de-vespera-do-concurso-iss-governador-valadares\/#primaryimage"},"thumbnailUrl":"https:\/\/dhg1h5j42swfq.cloudfront.net\/2020\/02\/12120108\/YTB_ISS-GOV.-VALADARES.jpg","articleSection":["Concursos P\u00fablicos"],"inLanguage":"pt-BR","potentialAction":[{"@type":"CommentAction","name":"Comment","target":["https:\/\/www.estrategiaconcursos.com.br\/blog\/revisao-de-vespera-do-concurso-iss-governador-valadares\/#respond"]}],"copyrightYear":"2020","copyrightHolder":{"@id":"https:\/\/www.estrategiaconcursos.com.br\/blog\/#organization"}},{"@type":"WebPage","@id":"https:\/\/www.estrategiaconcursos.com.br\/blog\/revisao-de-vespera-do-concurso-iss-governador-valadares\/","url":"https:\/\/www.estrategiaconcursos.com.br\/blog\/revisao-de-vespera-do-concurso-iss-governador-valadares\/","name":"Revis\u00e3o de V\u00e9spera do concurso ISS Governador Valadares","isPartOf":{"@id":"https:\/\/www.estrategiaconcursos.com.br\/blog\/#website"},"primaryImageOfPage":{"@id":"https:\/\/www.estrategiaconcursos.com.br\/blog\/revisao-de-vespera-do-concurso-iss-governador-valadares\/#primaryimage"},"image":{"@id":"https:\/\/www.estrategiaconcursos.com.br\/blog\/revisao-de-vespera-do-concurso-iss-governador-valadares\/#primaryimage"},"thumbnailUrl":"https:\/\/dhg1h5j42swfq.cloudfront.net\/2020\/02\/12120108\/YTB_ISS-GOV.-VALADARES.jpg","datePublished":"2020-02-14T19:00:00+00:00","dateModified":"2023-07-06T16:32:38+00:00","breadcrumb":{"@id":"https:\/\/www.estrategiaconcursos.com.br\/blog\/revisao-de-vespera-do-concurso-iss-governador-valadares\/#breadcrumb"},"inLanguage":"pt-BR","potentialAction":[{"@type":"ReadAction","target":["https:\/\/www.estrategiaconcursos.com.br\/blog\/revisao-de-vespera-do-concurso-iss-governador-valadares\/"]}]},{"@type":"ImageObject","inLanguage":"pt-BR","@id":"https:\/\/www.estrategiaconcursos.com.br\/blog\/revisao-de-vespera-do-concurso-iss-governador-valadares\/#primaryimage","url":"https:\/\/dhg1h5j42swfq.cloudfront.net\/2020\/02\/12120108\/YTB_ISS-GOV.-VALADARES.jpg","contentUrl":"https:\/\/dhg1h5j42swfq.cloudfront.net\/2020\/02\/12120108\/YTB_ISS-GOV.-VALADARES.jpg","width":1280,"height":720},{"@type":"BreadcrumbList","@id":"https:\/\/www.estrategiaconcursos.com.br\/blog\/revisao-de-vespera-do-concurso-iss-governador-valadares\/#breadcrumb","itemListElement":[{"@type":"ListItem","position":1,"name":"In\u00edcio","item":"https:\/\/www.estrategiaconcursos.com.br\/blog\/"},{"@type":"ListItem","position":2,"name":"Revis\u00e3o de V\u00e9spera do concurso ISS Governador Valadares"}]},{"@type":"WebSite","@id":"https:\/\/www.estrategiaconcursos.com.br\/blog\/#website","url":"https:\/\/www.estrategiaconcursos.com.br\/blog\/","name":"Estrat\u00e9gia Concursos","description":"O blog da Estrat\u00e9gia Concursos traz not\u00edcias sobre concursos e artigos de professores oferecendo cursos para concursos (pdf + videaulas) no site.","publisher":{"@id":"https:\/\/www.estrategiaconcursos.com.br\/blog\/#organization"},"potentialAction":[{"@type":"SearchAction","target":{"@type":"EntryPoint","urlTemplate":"https:\/\/www.estrategiaconcursos.com.br\/blog\/?s={search_term_string}"},"query-input":{"@type":"PropertyValueSpecification","valueRequired":true,"valueName":"search_term_string"}}],"inLanguage":"pt-BR"},{"@type":"Organization","@id":"https:\/\/www.estrategiaconcursos.com.br\/blog\/#organization","name":"Estrat\u00e9gia Concursos","url":"https:\/\/www.estrategiaconcursos.com.br\/blog\/","logo":{"@type":"ImageObject","inLanguage":"pt-BR","@id":"https:\/\/www.estrategiaconcursos.com.br\/blog\/#\/schema\/logo\/image\/","url":"https:\/\/dhg1h5j42swfq.cloudfront.net\/2025\/06\/03203428\/logo_concursos-1.jpg","contentUrl":"https:\/\/dhg1h5j42swfq.cloudfront.net\/2025\/06\/03203428\/logo_concursos-1.jpg","width":230,"height":60,"caption":"Estrat\u00e9gia Concursos"},"image":{"@id":"https:\/\/www.estrategiaconcursos.com.br\/blog\/#\/schema\/logo\/image\/"},"sameAs":["https:\/\/x.com\/EstratConcursos"]},{"@type":"Person","@id":"https:\/\/www.estrategiaconcursos.com.br\/blog\/#\/schema\/person\/8d088d35995a851f83b2256633153f3b","name":"Celso Natale","image":{"@type":"ImageObject","inLanguage":"pt-BR","@id":"https:\/\/secure.gravatar.com\/avatar\/c8fbdcaa043a22980f0e38d9de732508e2163cd4ee3835f9403347be9a456cc8?s=96&d=mm&r=g","url":"https:\/\/secure.gravatar.com\/avatar\/c8fbdcaa043a22980f0e38d9de732508e2163cd4ee3835f9403347be9a456cc8?s=96&d=mm&r=g","contentUrl":"https:\/\/secure.gravatar.com\/avatar\/c8fbdcaa043a22980f0e38d9de732508e2163cd4ee3835f9403347be9a456cc8?s=96&d=mm&r=g","caption":"Celso Natale"},"url":"https:\/\/www.estrategiaconcursos.com.br\/blog\/author\/celsonatalegmail-com\/"}]}},"_links":{"self":[{"href":"https:\/\/www.estrategiaconcursos.com.br\/blog\/wp-json\/wp\/v2\/posts\/480088","targetHints":{"allow":["GET"]}}],"collection":[{"href":"https:\/\/www.estrategiaconcursos.com.br\/blog\/wp-json\/wp\/v2\/posts"}],"about":[{"href":"https:\/\/www.estrategiaconcursos.com.br\/blog\/wp-json\/wp\/v2\/types\/post"}],"author":[{"embeddable":true,"href":"https:\/\/www.estrategiaconcursos.com.br\/blog\/wp-json\/wp\/v2\/users\/1186"}],"replies":[{"embeddable":true,"href":"https:\/\/www.estrategiaconcursos.com.br\/blog\/wp-json\/wp\/v2\/comments?post=480088"}],"version-history":[{"count":5,"href":"https:\/\/www.estrategiaconcursos.com.br\/blog\/wp-json\/wp\/v2\/posts\/480088\/revisions"}],"predecessor-version":[{"id":1244374,"href":"https:\/\/www.estrategiaconcursos.com.br\/blog\/wp-json\/wp\/v2\/posts\/480088\/revisions\/1244374"}],"wp:featuredmedia":[{"embeddable":true,"href":"https:\/\/www.estrategiaconcursos.com.br\/blog\/wp-json\/wp\/v2\/media\/480842"}],"wp:attachment":[{"href":"https:\/\/www.estrategiaconcursos.com.br\/blog\/wp-json\/wp\/v2\/media?parent=480088"}],"wp:term":[{"taxonomy":"category","embeddable":true,"href":"https:\/\/www.estrategiaconcursos.com.br\/blog\/wp-json\/wp\/v2\/categories?post=480088"},{"taxonomy":"post_tag","embeddable":true,"href":"https:\/\/www.estrategiaconcursos.com.br\/blog\/wp-json\/wp\/v2\/tags?post=480088"},{"taxonomy":"tax_estado","embeddable":true,"href":"https:\/\/www.estrategiaconcursos.com.br\/blog\/wp-json\/wp\/v2\/tax_estado?post=480088"}],"curies":[{"name":"wp","href":"https:\/\/api.w.org\/{rel}","templated":true}]}}